{"id":273991,"date":"2023-04-30T13:15:08","date_gmt":"2023-04-30T09:15:08","guid":{"rendered":"https:\/\/www.meydan.tv\/?p=273991"},"modified":"2023-04-30T13:17:11","modified_gmt":"2023-04-30T09:17:11","slug":"bir-agentliyin-tarixcesi","status":"publish","type":"post","link":"https:\/\/www.meydan.tv\/az\/article\/bir-agentliyin-tarixcesi\/","title":{"rendered":"Bir agentliyin tarix\u00e7\u0259si&#8230;"},"content":{"rendered":"\n<p><\/p>\n\n\n\n<p><strong>R\u00f6v\u015f\u0259n Hac\u0131b\u0259yli<\/strong><\/p>\n\n\n\n<p><strong><em>Avtobusda yox, milyonlar\u0131n \u00fcst\u00fcnd\u0259 i\u015f\u0259 gedib-g\u0259lirik<\/em><\/strong><\/p>\n\n\n\n<p>26 oktyabr 2007-ci il. N\u0259qliyyat sah\u0259sind\u0259 xaos d\u00f6vr\u00fc davam edirdi. N\u0259d\u0259ns\u0259 bu xaosu hakimiyy\u0259t he\u00e7 vaxt \u201cAXC-M\u00fcsavat c\u00fctl\u00fcy\u00fc\u201dn\u00fcn ad\u0131na yazmad\u0131. S\u0259b\u0259bi h\u0259l\u0259 d\u0259 bilinmir. M\u00fcxt\u0259lif adlar alt\u0131nda apar\u0131lan \u201cislahatlar\u201d da n\u0259tic\u0259 vermirdi. N\u0259qliyyat sah\u0259sinin \u201cbilicisi\u201d Ziya M\u0259mm\u0259dovun 2002-ci ild\u0259n nazir v\u0259zif\u0259sin\u0259 g\u0259tirilm\u0259si d\u0259 v\u0259ziyy\u0259ti d\u0259yi\u015fm\u0259di. H\u0259r\u0259si bir nazir\u0259, komit\u0259 s\u0259drin\u0259, v\u0259zif\u0259 adam\u0131na ba\u011fl\u0131 olan avtobus x\u0259tl\u0259rind\u0259 \u00f6zba\u015f\u0131nal\u0131q vard\u0131. G\u00f6r\u00fcn\u00fcr, bunu n\u0259z\u0259r\u0259 al\u0131b m\u0259hz Bak\u0131 \u015f\u0259h\u0259rind\u0259 n\u0259qliyyat \u0259m\u0259liyyatlar\u0131n\u0131n intellektual idar\u0259 edilm\u0259si sisteminin yarad\u0131lmas\u0131 haqq\u0131nda s\u0259r\u0259ncam imzaland\u0131:<\/p>\n\n\n\n<p>\u201c<em>Bak\u0131 \u015f\u0259h\u0259rind\u0259 m\u00f6vcud olan n\u0259qliyyat probleml\u0259rinin h\u0259ll edilm\u0259si, o c\u00fcml\u0259d\u0259n yollar\u0131n burax\u0131l\u0131\u015f qabiliyy\u0259tinin art\u0131r\u0131lmas\u0131, yol h\u0259r\u0259k\u0259tind\u0259ki g\u0259rginliyin, x\u00fcsusil\u0259 pik saatlar\u0131nda \u015f\u0259h\u0259rin g\u00fcnd\u0259lik h\u0259yat ah\u0259ngin\u0259 m\u0259nfi t\u0259sir g\u00f6st\u0259r\u0259n t\u0131xaclar\u0131n aradan qald\u0131r\u0131lmas\u0131&#8230;\u201d <\/em>niyy\u0259ti il\u0259. 2008-ci ild\u0259 Bak\u0131da n\u0259qliyyat\u0131 intellektual idar\u0259etm\u0259 sisteminin t\u0259tbiqi il\u0259 ba\u011fl\u0131 Koreya Respublikas\u0131n\u0131n \u201cSK C&amp;C\u201d \u015firk\u0259ti il\u0259 raz\u0131l\u0131q \u0259ld\u0259 olundu, yeni sistemin layih\u0259si haz\u0131rland\u0131 v\u0259 icras\u0131na ba\u015fland\u0131. 2009-cu il aprelin 6-da prezident \u0130lham \u018fliyevin i\u015ftirak\u0131 il\u0259 m\u0259rk\u0259zin t\u0259m\u0259lqoyma m\u0259rasimi ke\u00e7irildi.<\/p>\n\n\n<div class=\"wp-block-image\">\n<figure class=\"aligncenter size-full\"><img decoding=\"async\" width=\"1200\" height=\"608\" data-src=\"https:\/\/www.meydan.tv\/wp-content\/uploads\/img_2183_720.jpg\" alt=\"\" class=\"wp-image-273965 lazyload\" src=\"data:image\/svg+xml;base64,PHN2ZyB3aWR0aD0iMSIgaGVpZ2h0PSIxIiB4bWxucz0iaHR0cDovL3d3dy53My5vcmcvMjAwMC9zdmciPjwvc3ZnPg==\" style=\"--smush-placeholder-width: 1200px; --smush-placeholder-aspect-ratio: 1200\/608;\" \/><figcaption class=\"wp-element-caption\">Foto: Az\u0259rtac<\/figcaption><\/figure>\n<\/div>\n\n\n<p>2011-ci il oktyabr\u0131n 4-d\u0259 is\u0259 \u0130lham \u018fliyev m\u0259rk\u0259zd\u0259 g\u00f6r\u00fcl\u0259n i\u015fl\u0259rl\u0259 tan\u0131\u015f oldu. 29 dekabr 2011-ci ild\u0259 N\u0259qliyyat\u0131 \u0130ntellektual \u0130dar\u0259etm\u0259 M\u0259rk\u0259zinin 5 m\u0259rt\u0259b\u0259li binas\u0131n\u0131n a\u00e7\u0131l\u0131\u015f\u0131nda q\u0131rm\u0131z\u0131 lenti d\u0259 k\u0259sdi, binan\u0131n foyesind\u0259 qoyulmu\u015f Heyd\u0259r \u018fliyevin b\u00fcst\u00fcn\u00fcn qar\u015f\u0131s\u0131ndan ke\u00e7ib intellektual idar\u0259etm\u0259 zal\u0131na da, 664 dayanacaqda qura\u015fd\u0131r\u0131lacaq informasiya terminal\u0131na da baxd\u0131. He\u00e7 \u015f\u00fcbh\u0259 yoxdur ki, sonda t\u00f6vsiy\u0259 v\u0259 tap\u015f\u0131r\u0131qlar\u0131n\u0131 da verdi. Oxucular\u0131m\u0131za xat\u0131rladaq ki, ke\u00e7mi\u015f n\u0259qliyyat naziri Ziya M\u0259mm\u0259dovun vaxt\u0131nda ger\u00e7\u0259kl\u0259\u015f\u0259n bu intellektual layih\u0259y\u0259 b\u00fcdc\u0259d\u0259n 100 milyon manatdan \u00e7ox v\u0259sait x\u0259rcl\u0259nmi\u015fdi. \u0130ndi Ziya M\u0259mm\u0259dovun v\u0259 \u0130ntellektual \u0130dar\u0259etm\u0259 M\u0259rk\u0259zinin ad\u0131 g\u0259lm\u0259s\u0259 d\u0259, b\u0259zi dayanacaqlarda intellektual idar\u0259etm\u0259nin ni\u015fan\u0259si \u2013 informasiya terminallar\u0131 h\u0259l\u0259 d\u0259 qal\u0131r; informasiya olmasa da&#8230; Buna baxmayaraq, n\u0259qliyyat sah\u0259sind\u0259 \u201cislahatlar\u201d davam edirdi&#8230;<\/p>\n\n\n\n<p><em>\u201cBak\u0131 \u015f\u0259h\u0259rind\u0259 n\u0259qliyyat sah\u0259sind\u0259 islahatlar\u0131n ke\u00e7irilm\u0259sin\u0259 dair \u0259lav\u0259 t\u0259dbirl\u0259r haqq\u0131nda<\/em>\u201d Az\u0259rbaycan Respublikas\u0131 Prezidentinin 2015-ci il 21 dekabr tarixli F\u0259rman\u0131 il\u0259 Az\u0259rbaycan Respublikas\u0131n\u0131n Nazirl\u0259r Kabineti yan\u0131nda Bak\u0131 N\u0259qliyyat Agentliyi yarad\u0131ld\u0131. F\u0259rmanda yaz\u0131lm\u0131\u015fd\u0131: <em>\u201dBak\u0131 \u015f\u0259h\u0259rind\u0259 n\u0259qliyyat sah\u0259sind\u0259 idar\u0259etm\u0259 sisteminin t\u0259kmill\u0259\u015fdirilm\u0259si, s\u0259rni\u015finl\u0259r \u00fc\u00e7\u00fcn beyn\u0259lxalq standartlara uy\u011fun avtomobil n\u0259qliyyat\u0131 xidm\u0259tinin t\u0259\u015fkilinin geni\u015fl\u0259ndirilm\u0259si, avtomobil n\u0259qliyyat\u0131 il\u0259 s\u0259rni\u015fin da\u015f\u0131nmas\u0131 qaydalar\u0131na n\u0259zar\u0259tin g\u00fccl\u0259ndirilm\u0259si, n\u0259qliyyat\u0131n h\u0259r\u0259k\u0259tinin t\u0259nziml\u0259nm\u0259si v\u0259 bu sah\u0259d\u0259 islahatlar\u0131n davam etdirilm\u0259si m\u0259qs\u0259di il\u0259 Az\u0259rbaycan Respublikas\u0131n\u0131n Nazirl\u0259r Kabineti yan\u0131nda Bak\u0131 N\u0259qliyyat Agentliyi yarad\u0131ls\u0131n\u201d. <\/em><\/p>\n\n\n\n<p>Agentliyin \u00fcmumi i\u015f\u00e7i say\u0131 160 n\u0259f\u0259r m\u00fc\u0259yy\u0259nl\u0259\u015fdirildi.<\/p>\n\n\n\n<p>Bundan bir il sonra \u201cAz\u0259rbaycan Respublikas\u0131nda d\u00f6vl\u0259t idar\u0259\u00e7iliyinin t\u0259kmill\u0259\u015fdirilm\u0259si il\u0259 ba\u011fl\u0131 b\u0259zi t\u0259dbirl\u0259r haqq\u0131nda\u201d Az\u0259rbaycan Respublikas\u0131 Prezidentinin 2016-c\u0131 il 24 noyabr tarixli F\u0259rman\u0131 il\u0259 \u201c\u0130cra hakimiyy\u0259ti orqan\u0131\u201d h\u00fcquqi statusu olan Az\u0259rbaycan Respublikas\u0131n\u0131n Nazirl\u0259r Kabineti yan\u0131nda Bak\u0131 N\u0259qliyyat Agentliyi \u0259sas\u0131nda \u201cBak\u0131 N\u0259qliyyat Agentliyi\u201d publik h\u00fcquqi \u015f\u0259xs yarad\u0131ld\u0131. \u0130ki il sonra \u2013 \u201cBak\u0131 N\u0259qliyyat Agentliyinin f\u0259aliyy\u0259tinin t\u0259min edilm\u0259si haqq\u0131nda\u201d Az\u0259rbaycan Respublikas\u0131 Prezidentinin 2018-ci il 2 aprel tarixli F\u0259rman\u0131na \u0259sas\u0259n, Bak\u0131 N\u0259qliyyat Agentliyinin Nizamnam\u0259si t\u0259sdiql\u0259ndi.<\/p>\n\n\n<div class=\"wp-block-image\">\n<figure class=\"aligncenter size-full\"><img decoding=\"async\" width=\"813\" height=\"799\" data-src=\"https:\/\/www.meydan.tv\/wp-content\/uploads\/img_2185-1.jpg\" alt=\"\" class=\"wp-image-273971 lazyload\" src=\"data:image\/svg+xml;base64,PHN2ZyB3aWR0aD0iMSIgaGVpZ2h0PSIxIiB4bWxucz0iaHR0cDovL3d3dy53My5vcmcvMjAwMC9zdmciPjwvc3ZnPg==\" style=\"--smush-placeholder-width: 813px; --smush-placeholder-aspect-ratio: 813\/799;\" \/><\/figure>\n<\/div>\n\n\n<p>Prezidentin 13 noyabr 2018-ci il tarixli 399 n\u00f6mr\u0259li F\u0259rman\u0131na \u0259sas\u0259n, Agentliyin nizamnam\u0259 kapital\u0131 1 milyon manatdan 49 milyon 067 min 691 manata \u00e7atd\u0131r\u0131ld\u0131.<\/p>\n\n\n\n<p>2018-ci ild\u0259 d\u00f6vl\u0259t b\u00fcdc\u0259sind\u0259n ayr\u0131lan investisiya 93 milyon 227 min 127 manat, \u0259v\u0259zsiz al\u0131nm\u0131\u015f \u0259sas v\u0259saitl\u0259rs\u0259 22 milyon 460 min 386 manat olub.<\/p>\n\n\n\n<p>2019-ci ild\u0259 d\u00f6vl\u0259t b\u00fcdc\u0259sind\u0259n ayr\u0131lan investisiya 164 milyon 709 min 948 manat, \u0259v\u0259zsiz al\u0131nm\u0131\u015f \u0259sas v\u0259saitl\u0259rs\u0259 241 milyon 848 min 921 manat olub.<\/p>\n\n\n<div class=\"wp-block-image\">\n<figure class=\"aligncenter size-large\"><img decoding=\"async\" width=\"698\" height=\"821\" data-src=\"https:\/\/www.meydan.tv\/wp-content\/uploads\/img_2182-698x821.jpg\" alt=\"\" class=\"wp-image-273974 lazyload\" src=\"data:image\/svg+xml;base64,PHN2ZyB3aWR0aD0iMSIgaGVpZ2h0PSIxIiB4bWxucz0iaHR0cDovL3d3dy53My5vcmcvMjAwMC9zdmciPjwvc3ZnPg==\" style=\"--smush-placeholder-width: 698px; --smush-placeholder-aspect-ratio: 698\/821;\" \/><\/figure>\n<\/div>\n\n\n<p>2020-ci ild\u0259 d\u00f6vl\u0259t investisiyalar\u0131 705 milyon 343 min 314 manat <a href=\"https:\/\/bna.az\/assets\/upload\/files\/Scan-18-02-2022-33_compressed%282%29.pdf\" target=\"_blank\" rel=\"noreferrer noopener\">olub<\/a>.<\/p>\n\n\n\n<p>2022-ci il fevral\u0131n 7-d\u0259 \u0130lham \u018fliyev yeni f\u0259rmanla BNA-n\u0131 Bak\u0131 \u015e\u0259h\u0259r \u0130cra Hakimiyy\u0259ti ba\u015f\u00e7\u0131s\u0131n\u0131n tabeliyin\u0259 verdi. Yen\u0259 s\u0259b\u0259b eyni idi: <em>\u201cBak\u0131 \u015f\u0259h\u0259rinin inzibati \u0259razisind\u0259 yol h\u0259r\u0259k\u0259tinin t\u0259\u015fkili, \u00fcmumi istifad\u0259d\u0259 olan n\u0259qliyyat vasit\u0259l\u0259ri il\u0259 m\u00fcnt\u0259z\u0259m s\u0259rni\u015finda\u015f\u0131ma v\u0259 taksi minik avtomobill\u0259ri il\u0259 s\u0259rni\u015finda\u015f\u0131ma sah\u0259sind\u0259 g\u00f6st\u0259ril\u0259n xidm\u0259tl\u0259rin keyfiyy\u0259tinin y\u00fcks\u0259ldilm\u0259si, habel\u0259 bu sah\u0259d\u0259 idar\u0259etm\u0259nin t\u0259kmill\u0259\u015fdirilm\u0259si il\u0259 ba\u011fl\u0131 h\u0259yata ke\u00e7iril\u0259n t\u0259dbirl\u0259rin davam etdirilm\u0259si m\u0259qs\u0259dil\u0259 Bak\u0131 N\u0259qliyyat Agentliyi (BNA) publik h\u00fcquqi \u015f\u0259xs statusu il\u0259 Bak\u0131 \u015e\u0259h\u0259r \u0130cra Hakimiyy\u0259ti ba\u015f\u00e7\u0131s\u0131n\u0131n tabeliyin\u0259 verilsin\u201d<\/em> &#8211; Prezident \u0130lham \u018fliyevin \u201cBak\u0131 \u015f\u0259h\u0259rinin inzibati \u0259razisind\u0259 n\u0259qliyyat sah\u0259sind\u0259 idar\u0259etm\u0259nin t\u0259kmill\u0259\u015fdirilm\u0259si haqq\u0131nda\u201d imzalad\u0131\u011f\u0131 F\u0259rmanda bel\u0259 yaz\u0131l\u0131b.<\/p>\n\n\n<div class=\"wp-block-image\">\n<figure class=\"aligncenter size-full\"><img decoding=\"async\" width=\"789\" height=\"815\" data-src=\"https:\/\/www.meydan.tv\/wp-content\/uploads\/img_2191.jpg\" alt=\"\" class=\"wp-image-273992 lazyload\" src=\"data:image\/svg+xml;base64,PHN2ZyB3aWR0aD0iMSIgaGVpZ2h0PSIxIiB4bWxucz0iaHR0cDovL3d3dy53My5vcmcvMjAwMC9zdmciPjwvc3ZnPg==\" style=\"--smush-placeholder-width: 789px; --smush-placeholder-aspect-ratio: 789\/815;\" \/><\/figure>\n<\/div>\n\n\n<p>Ad v\u0259 sahib d\u0259yi\u015fm\u0259sin\u0259 baxmay\u0131n, t\u0259kmill\u0259\u015fm\u0259 i\u015fl\u0259ri tam g\u00fcc\u00fcyl\u0259 v\u0259 qaydas\u0131nda gedirdi. D\u00fczd\u00fcr, m\u00f6vcud oldu\u011fu bu ill\u0259r \u0259rzind\u0259 &#8211; d\u0259f\u0259l\u0259rl\u0259 v\u0259d vers\u0259 d\u0259 &#8211; Bak\u0131 N\u0259qliyyat Agentliyi dayanacaqlardak\u0131 o terminallar\u0131 i\u015f\u0259 sala bilm\u0259di. He\u00e7 paytaxtdak\u0131 b\u00fct\u00fcn avtobuslar\u0131 da kart sistemin\u0259 ke\u00e7irm\u0259k h\u0259l\u0259 d\u0259 m\u00fcmk\u00fcn olmay\u0131b. \u00dcst\u0259lik, h\u0259r ili d\u0259 z\u0259r\u0259rl\u0259 ba\u015fa vurur. BNA-n\u0131n t\u0259qdim etdiyi illik hesabatlara <a href=\"http:\/\/bna.az\/uploads\/files\/first-review.pdf\" target=\"_blank\" rel=\"noreferrer noopener\">baxaq<\/a>.<\/p>\n\n\n\n<p><em>2018-ci ild\u0259 y\u0131\u011f\u0131lm\u0131\u015f z\u0259r\u0259r &#8211; 44 milyon 181 min 901 manat.<\/em><br><em>2019-cu ild\u0259 y\u0131\u011f\u0131lm\u0131\u015f z\u0259r\u0259r \u2013 120 milyon 629 min 610 manat.<br>2020-ci ild\u0259 y\u0131\u011f\u0131lm\u0131\u015f z\u0259r\u0259r \u2013 219 milyon 353 min 720 manat.<\/em><\/p>\n\n\n\n<p>Yuxar\u0131dak\u0131 r\u0259q\u0259ml\u0259rd\u0259n \u0259lav\u0259 d\u00f6vl\u0259t b\u00fcdc\u0259sind\u0259 ill\u0259r \u00fczr\u0259 a\u015fa\u011f\u0131dak\u0131 x\u0259rcl\u0259r d\u0259 var:<\/p>\n\n\n\n<p><em>2017-ci ild\u0259 Bak\u0131 N\u0259qliyyat Agentliyin\u0259 d\u00f6vl\u0259t b\u00fcdc\u0259sind\u0259n 48 milyon 92 min 117 manat,<br>2018-ci ild\u0259 48 milyon 120 min manat,<br>2019-cu ild\u0259 yen\u0259 48 milyon 120 min manat.<\/em><\/p>\n\n\n<div class=\"wp-block-image\">\n<figure class=\"aligncenter size-full\"><img decoding=\"async\" width=\"785\" height=\"755\" data-src=\"https:\/\/www.meydan.tv\/wp-content\/uploads\/img_2188-1.jpg\" alt=\"\" class=\"wp-image-273977 lazyload\" src=\"data:image\/svg+xml;base64,PHN2ZyB3aWR0aD0iMSIgaGVpZ2h0PSIxIiB4bWxucz0iaHR0cDovL3d3dy53My5vcmcvMjAwMC9zdmciPjwvc3ZnPg==\" style=\"--smush-placeholder-width: 785px; --smush-placeholder-aspect-ratio: 785\/755;\" \/><\/figure>\n<\/div>\n\n\n<p>2018-ci il avqustun 8-d\u0259 prezident Bak\u0131da avtobus park\u0131n\u0131n yenil\u0259nm\u0259si \u00fc\u00e7\u00fcn d\u00f6vl\u0259t b\u00fcdc\u0259sind\u0259n daha 47 milyon 924 min manat\u0131 ilkin olaraq Bak\u0131 N\u0259qliyyat Agentliyin\u0259 ay\u0131r\u0131b, bu is\u0259 3 ild\u0259 192 milyon 256 min 117 manat v\u0259sait dem\u0259kdir. Sonra n\u0259 q\u0259d\u0259r ay\u0131rd\u0131\u011f\u0131 b\u0259lli deyil.<\/p>\n\n\n\n<p>Avtobus x\u0259tl\u0259ri m\u00fcxt\u0259lif sahibkarlarda olanda onlar bu i\u015fd\u0259n b\u00f6y\u00fck qazanc g\u00f6t\u00fcr\u00fcrd\u00fcl\u0259r. D\u00f6vl\u0259t h\u0259r \u015feyi bir \u0259ld\u0259 &#8211; BNA-da c\u0259ml\u0259y\u0259nd\u0259n sonra is\u0259 bu sah\u0259 z\u0259r\u0259rl\u0259 <a href=\"http:\/\/www.bna.az\/uploads\/files\/Scan.pdf\" target=\"_blank\" rel=\"noreferrer noopener\">i\u015fl\u0259yir<\/a>.<\/p>\n\n\n\n<p>2007-d\u0259, 2015-d\u0259, 2016-da, 2022-d\u0259 oldu\u011fu kimi, yen\u0259 \u201cBak\u0131 \u015f\u0259h\u0259rinin inzibati \u0259razisind\u0259 avtomobil n\u0259qliyyat\u0131, o c\u00fcml\u0259d\u0259n yol h\u0259r\u0259k\u0259tinin t\u0259\u015fkili sah\u0259sind\u0259 t\u0259nziml\u0259m\u0259 v\u0259 idar\u0259etm\u0259 mexanizml\u0259rinin t\u0259kmill\u0259\u015fdirilm\u0259si, \u00fcmumi istifad\u0259d\u0259 olan avtomobil n\u0259qliyyat\u0131 vasit\u0259l\u0259ri il\u0259 m\u00fcnt\u0259z\u0259m s\u0259rni\u015finda\u015f\u0131ma v\u0259 taksi minik avtomobill\u0259ri il\u0259 s\u0259rni\u015finda\u015f\u0131ma sah\u0259sind\u0259 r\u0259qab\u0259tin, o c\u00fcml\u0259d\u0259n g\u00f6st\u0259ril\u0259n xidm\u0259tl\u0259rin t\u0259hl\u00fck\u0259sizliyinin v\u0259 keyfiyy\u0259tinin y\u00fcks\u0259ldilm\u0259si m\u0259qs\u0259dil\u0259&#8230;\u201d \u0130lham \u018fliyev f\u0259rman v\u0259 s\u0259r\u0259ncam verib. BNA bu d\u0259f\u0259 R\u0259q\u0259msal \u0130nki\u015faf v\u0259 N\u0259qliyyat Nazirliyin\u0259 verilib. Daha do\u011frusu, onun Yer\u00fcst\u00fc N\u0259qliyyat Agentliyin\u0259. Yen\u0259 n\u00f6vb\u0259ti evcik-evcik oyunu. Bilirsinizmi, ad d\u0259yi\u015fm\u0259si d\u0259 b\u00fcdc\u0259d\u0259n xeyli pul apar\u0131r: h\u0259r d\u0259f\u0259 blanklar, m\u00f6h\u00fcrl\u0259r, \u015ftamplar v\u0259 ba\u015fqa s\u0259n\u0259dl\u0259r yenil\u0259nm\u0259lidir&#8230;<\/p>\n\n\n<div class=\"wp-block-image\">\n<figure class=\"aligncenter size-full\"><img decoding=\"async\" width=\"1200\" height=\"608\" data-src=\"https:\/\/www.meydan.tv\/wp-content\/uploads\/img_2184_720.jpg\" alt=\"\" class=\"wp-image-273968 lazyload\" src=\"data:image\/svg+xml;base64,PHN2ZyB3aWR0aD0iMSIgaGVpZ2h0PSIxIiB4bWxucz0iaHR0cDovL3d3dy53My5vcmcvMjAwMC9zdmciPjwvc3ZnPg==\" style=\"--smush-placeholder-width: 1200px; --smush-placeholder-aspect-ratio: 1200\/608;\" \/><figcaption class=\"wp-element-caption\">Foto: Az\u0259rtac<\/figcaption><\/figure>\n<\/div>\n\n\n<p>Bu d\u0259f\u0259 \u00fcst\u0259lik, N\u0259qliyyat\u0131 \u018flaq\u0259l\u0259ndirm\u0259 \u015euras\u0131 da yarad\u0131l\u0131b. \u015euran\u0131n s\u0259dri R\u0259q\u0259msal \u0130nki\u015faf v\u0259 N\u0259qliyyat naziridir. D\u00f6vl\u0259tin m\u00fcxt\u0259lif qurumlar\u0131ndan da 9 \u00fczv\u00fc var. Onlardan biri yeralt\u0131 n\u0259qliyyat \u2013 metrodur, y\u0259ni yeralt\u0131 v\u0259 yer\u00fcst\u00fc n\u0259qliyyat\u0131n i\u015fi bundan sonra \u0259laq\u0259l\u0259ndiril\u0259c\u0259k, daha avtobuslar yolu s\u0259hv sal\u0131b metro tunel\u0259 girm\u0259y\u0259c\u0259k, metro qatarlar\u0131 da avtobuslar\u0131n yoluna \u00e7\u0131xmayacaq. Maraql\u0131d\u0131r ki, son ill\u0259r h\u0259r sah\u0259d\u0259 \u015euralar yarad\u0131l\u0131r, t\u0259ki bunlar sonda bizi \u015eura h\u00f6kum\u0259tin\u0259 aparmas\u0131n.<\/p>\n\n\n\n<p>Yeni qurum yarad\u0131lanad\u0259k yolunuz a\u00e7\u0131q olsun, h\u00f6rm\u0259tli s\u0259rni\u015finl\u0259r, oxucular!<\/p>\n\n\n\n<p><strong>P.S.<\/strong><em>\u201cH\u0259r bir v\u0259t\u0259nda\u015f Az\u0259rbaycan\u0131n taleyi il\u0259 ya\u015famal\u0131d\u0131r\u201d (Heyd\u0259r \u018fliyev) \u2013 bu, BNA-n\u0131n sayt\u0131 \u00fc\u00e7\u00fcn se\u00e7ilmi\u015f \u015f\u00fcard\u0131r. M\u0259n\u0259 el\u0259 g\u0259lir, h\u0259rf s\u0259hvi olub, \u0259slind\u0259, bel\u0259 oxunmal\u0131d\u0131r: \u201cH\u0259r bir v\u0259t\u0259nda\u015f Az\u0259rbaycan\u0131n taleyini ya\u015famal\u0131d\u0131r\u201d.<\/em><\/p>\n","protected":false},"excerpt":{"rendered":"<p>R\u00f6v\u015f\u0259n Hac\u0131b\u0259yli Avtobusda yox, milyonlar\u0131n \u00fcst\u00fcnd\u0259 i\u015f\u0259 gedib-g\u0259lirik 26 oktyabr &#8230; <\/p>\n<p class=\"read-more-container\"><a title=\"Bir agentliyin tarix\u00e7\u0259si&#8230;\" class=\"read-more button\" href=\"https:\/\/www.meydan.tv\/az\/article\/bir-agentliyin-tarixcesi\/#more-273991\" aria-label=\"Read more about Bir agentliyin tarix\u00e7\u0259si&#8230;\">Davam\u0131<\/a><\/p>\n","protected":false},"author":8,"featured_media":273988,"comment_status":"closed","ping_status":"closed","sticky":false,"template":"","format":"standard","meta":{"_acf_changed":false,"_sitemap_exclude":false,"_sitemap_priority":"","_sitemap_frequency":"","footnotes":""},"categories":[57,79,56],"tags":[],"class_list":["post-273991","post","type-post","status-publish","format-standard","has-post-thumbnail","hentry","category-menim-fikrimce","category-featured","category-xeberler","infinite-scroll-item","generate-columns","tablet-grid-50","mobile-grid-100","grid-parent","grid-33","no-featured-image-padding"],"acf":[],"yoast_head":"<!-- This site is optimized with the Yoast SEO plugin v27.4 - https:\/\/yoast.com\/product\/yoast-seo-wordpress\/ -->\n<title>Bir agentliyin tarix\u00e7\u0259si... - MEYDAN.TV<\/title>\n<meta name=\"robots\" content=\"index, follow, max-snippet:-1, max-image-preview:large, max-video-preview:-1\" \/>\n<link rel=\"canonical\" href=\"https:\/\/www.meydan.tv\/az\/article\/bir-agentliyin-tarixcesi\/\" \/>\n<meta property=\"og:locale\" content=\"az_AZ\" \/>\n<meta property=\"og:type\" content=\"article\" \/>\n<meta property=\"og:title\" content=\"Bir agentliyin tarix\u00e7\u0259si... - MEYDAN.TV\" \/>\n<meta property=\"og:description\" content=\"R\u00f6v\u015f\u0259n Hac\u0131b\u0259yli Avtobusda yox, milyonlar\u0131n \u00fcst\u00fcnd\u0259 i\u015f\u0259 gedib-g\u0259lirik 26 oktyabr ... Davam\u0131\" \/>\n<meta property=\"og:url\" content=\"https:\/\/www.meydan.tv\/az\/article\/bir-agentliyin-tarixcesi\/\" \/>\n<meta property=\"og:site_name\" content=\"MEYDAN.TV\" \/>\n<meta property=\"article:published_time\" content=\"2023-04-30T09:15:08+00:00\" \/>\n<meta property=\"article:modified_time\" content=\"2023-04-30T09:17:11+00:00\" \/>\n<meta property=\"og:image\" content=\"https:\/\/www.meydan.tv\/wp-content\/uploads\/ilham_aliyev_and_first_lady_mehriban_aliyeva_inaugurated_koroglu_transport_exchange_center_of_baku_transport_agency_10-e1682846090774.jpg\" \/>\n\t<meta property=\"og:image:width\" content=\"1200\" \/>\n\t<meta property=\"og:image:height\" content=\"522\" \/>\n\t<meta property=\"og:image:type\" content=\"image\/jpeg\" \/>\n<meta name=\"author\" content=\"elli\" \/>\n<meta name=\"twitter:card\" content=\"summary_large_image\" \/>\n<meta name=\"twitter:creator\" content=\"@elli\" \/>\n<script type=\"application\/ld+json\" class=\"yoast-schema-graph\">{\"@context\":\"https:\\\/\\\/schema.org\",\"@graph\":[{\"@type\":\"Article\",\"@id\":\"https:\\\/\\\/www.meydan.tv\\\/az\\\/article\\\/bir-agentliyin-tarixcesi\\\/#article\",\"isPartOf\":{\"@id\":\"https:\\\/\\\/www.meydan.tv\\\/az\\\/article\\\/bir-agentliyin-tarixcesi\\\/\"},\"author\":{\"name\":\"elli\",\"@id\":\"https:\\\/\\\/www.meydan.tv\\\/az\\\/#\\\/schema\\\/person\\\/9cdbecf90d17180ce1dfbd95b08dcf47\"},\"headline\":\"Bir agentliyin tarix\u00e7\u0259si&#8230;\",\"datePublished\":\"2023-04-30T09:15:08+00:00\",\"dateModified\":\"2023-04-30T09:17:11+00:00\",\"mainEntityOfPage\":{\"@id\":\"https:\\\/\\\/www.meydan.tv\\\/az\\\/article\\\/bir-agentliyin-tarixcesi\\\/\"},\"wordCount\":1627,\"publisher\":{\"@id\":\"https:\\\/\\\/www.meydan.tv\\\/az\\\/#organization\"},\"image\":{\"@id\":\"https:\\\/\\\/www.meydan.tv\\\/az\\\/article\\\/bir-agentliyin-tarixcesi\\\/#primaryimage\"},\"thumbnailUrl\":\"https:\\\/\\\/www.meydan.tv\\\/wp-content\\\/uploads\\\/ilham_aliyev_and_first_lady_mehriban_aliyeva_inaugurated_koroglu_transport_exchange_center_of_baku_transport_agency_10-e1682846090774.jpg\",\"articleSection\":[\"M\u0259nim Fikrimc\u0259\",\"T\u00f6vsiy\u0259\",\"X\u0259b\u0259rl\u0259r\"],\"inLanguage\":\"az\"},{\"@type\":\"WebPage\",\"@id\":\"https:\\\/\\\/www.meydan.tv\\\/az\\\/article\\\/bir-agentliyin-tarixcesi\\\/\",\"url\":\"https:\\\/\\\/www.meydan.tv\\\/az\\\/article\\\/bir-agentliyin-tarixcesi\\\/\",\"name\":\"Bir agentliyin tarix\u00e7\u0259si... - MEYDAN.TV\",\"isPartOf\":{\"@id\":\"https:\\\/\\\/www.meydan.tv\\\/az\\\/#website\"},\"primaryImageOfPage\":{\"@id\":\"https:\\\/\\\/www.meydan.tv\\\/az\\\/article\\\/bir-agentliyin-tarixcesi\\\/#primaryimage\"},\"image\":{\"@id\":\"https:\\\/\\\/www.meydan.tv\\\/az\\\/article\\\/bir-agentliyin-tarixcesi\\\/#primaryimage\"},\"thumbnailUrl\":\"https:\\\/\\\/www.meydan.tv\\\/wp-content\\\/uploads\\\/ilham_aliyev_and_first_lady_mehriban_aliyeva_inaugurated_koroglu_transport_exchange_center_of_baku_transport_agency_10-e1682846090774.jpg\",\"datePublished\":\"2023-04-30T09:15:08+00:00\",\"dateModified\":\"2023-04-30T09:17:11+00:00\",\"breadcrumb\":{\"@id\":\"https:\\\/\\\/www.meydan.tv\\\/az\\\/article\\\/bir-agentliyin-tarixcesi\\\/#breadcrumb\"},\"inLanguage\":\"az\",\"potentialAction\":[{\"@type\":\"ReadAction\",\"target\":[\"https:\\\/\\\/www.meydan.tv\\\/az\\\/article\\\/bir-agentliyin-tarixcesi\\\/\"]}]},{\"@type\":\"ImageObject\",\"inLanguage\":\"az\",\"@id\":\"https:\\\/\\\/www.meydan.tv\\\/az\\\/article\\\/bir-agentliyin-tarixcesi\\\/#primaryimage\",\"url\":\"https:\\\/\\\/www.meydan.tv\\\/wp-content\\\/uploads\\\/ilham_aliyev_and_first_lady_mehriban_aliyeva_inaugurated_koroglu_transport_exchange_center_of_baku_transport_agency_10-e1682846090774.jpg\",\"contentUrl\":\"https:\\\/\\\/www.meydan.tv\\\/wp-content\\\/uploads\\\/ilham_aliyev_and_first_lady_mehriban_aliyeva_inaugurated_koroglu_transport_exchange_center_of_baku_transport_agency_10-e1682846090774.jpg\",\"width\":1200,\"height\":522,\"caption\":\"Foto: BNA\"},{\"@type\":\"BreadcrumbList\",\"@id\":\"https:\\\/\\\/www.meydan.tv\\\/az\\\/article\\\/bir-agentliyin-tarixcesi\\\/#breadcrumb\",\"itemListElement\":[{\"@type\":\"ListItem\",\"position\":1,\"name\":\"Ana s\u0259hif\u0259\",\"item\":\"https:\\\/\\\/www.meydan.tv\\\/az\\\/\"},{\"@type\":\"ListItem\",\"position\":2,\"name\":\"X\u0259b\u0259rl\u0259r\",\"item\":\"https:\\\/\\\/www.meydan.tv\\\/az\\\/section\\\/xeberler\\\/\"},{\"@type\":\"ListItem\",\"position\":3,\"name\":\"Bir agentliyin tarix\u00e7\u0259si&#8230;\"}]},{\"@type\":\"WebSite\",\"@id\":\"https:\\\/\\\/www.meydan.tv\\\/az\\\/#website\",\"url\":\"https:\\\/\\\/www.meydan.tv\\\/az\\\/\",\"name\":\"MEYDAN.TV\",\"description\":\"Meydan TV Az\u0259rbaycan\u0131n media m\u0259kan\u0131ndak\u0131 alternativ s\u0259sidir\",\"publisher\":{\"@id\":\"https:\\\/\\\/www.meydan.tv\\\/az\\\/#organization\"},\"potentialAction\":[{\"@type\":\"SearchAction\",\"target\":{\"@type\":\"EntryPoint\",\"urlTemplate\":\"https:\\\/\\\/www.meydan.tv\\\/az\\\/?s={search_term_string}\"},\"query-input\":{\"@type\":\"PropertyValueSpecification\",\"valueRequired\":true,\"valueName\":\"search_term_string\"}}],\"inLanguage\":\"az\"},{\"@type\":\"Organization\",\"@id\":\"https:\\\/\\\/www.meydan.tv\\\/az\\\/#organization\",\"name\":\"Meydan TV\",\"url\":\"https:\\\/\\\/www.meydan.tv\\\/az\\\/\",\"logo\":{\"@type\":\"ImageObject\",\"inLanguage\":\"az\",\"@id\":\"https:\\\/\\\/www.meydan.tv\\\/az\\\/#\\\/schema\\\/logo\\\/image\\\/\",\"url\":\"https:\\\/\\\/www.meydan.tv\\\/wp-content\\\/uploads\\\/2021\\\/07\\\/meydan-logo.svg\",\"contentUrl\":\"https:\\\/\\\/www.meydan.tv\\\/wp-content\\\/uploads\\\/2021\\\/07\\\/meydan-logo.svg\",\"width\":195,\"height\":46,\"caption\":\"Meydan TV\"},\"image\":{\"@id\":\"https:\\\/\\\/www.meydan.tv\\\/az\\\/#\\\/schema\\\/logo\\\/image\\\/\"}},{\"@type\":\"Person\",\"@id\":\"https:\\\/\\\/www.meydan.tv\\\/az\\\/#\\\/schema\\\/person\\\/9cdbecf90d17180ce1dfbd95b08dcf47\",\"name\":\"elli\",\"sameAs\":[\"https:\\\/\\\/x.com\\\/elli\"]}]}<\/script>\n<!-- \/ Yoast SEO plugin. -->","yoast_head_json":{"title":"Bir agentliyin tarix\u00e7\u0259si... - MEYDAN.TV","robots":{"index":"index","follow":"follow","max-snippet":"max-snippet:-1","max-image-preview":"max-image-preview:large","max-video-preview":"max-video-preview:-1"},"canonical":"https:\/\/www.meydan.tv\/az\/article\/bir-agentliyin-tarixcesi\/","og_locale":"az_AZ","og_type":"article","og_title":"Bir agentliyin tarix\u00e7\u0259si... - MEYDAN.TV","og_description":"R\u00f6v\u015f\u0259n Hac\u0131b\u0259yli Avtobusda yox, milyonlar\u0131n \u00fcst\u00fcnd\u0259 i\u015f\u0259 gedib-g\u0259lirik 26 oktyabr ... Davam\u0131","og_url":"https:\/\/www.meydan.tv\/az\/article\/bir-agentliyin-tarixcesi\/","og_site_name":"MEYDAN.TV","article_published_time":"2023-04-30T09:15:08+00:00","article_modified_time":"2023-04-30T09:17:11+00:00","og_image":[{"width":1200,"height":522,"url":"https:\/\/www.meydan.tv\/wp-content\/uploads\/ilham_aliyev_and_first_lady_mehriban_aliyeva_inaugurated_koroglu_transport_exchange_center_of_baku_transport_agency_10-e1682846090774.jpg","type":"image\/jpeg"}],"author":"elli","twitter_card":"summary_large_image","twitter_creator":"@elli","schema":{"@context":"https:\/\/schema.org","@graph":[{"@type":"Article","@id":"https:\/\/www.meydan.tv\/az\/article\/bir-agentliyin-tarixcesi\/#article","isPartOf":{"@id":"https:\/\/www.meydan.tv\/az\/article\/bir-agentliyin-tarixcesi\/"},"author":{"name":"elli","@id":"https:\/\/www.meydan.tv\/az\/#\/schema\/person\/9cdbecf90d17180ce1dfbd95b08dcf47"},"headline":"Bir agentliyin tarix\u00e7\u0259si&#8230;","datePublished":"2023-04-30T09:15:08+00:00","dateModified":"2023-04-30T09:17:11+00:00","mainEntityOfPage":{"@id":"https:\/\/www.meydan.tv\/az\/article\/bir-agentliyin-tarixcesi\/"},"wordCount":1627,"publisher":{"@id":"https:\/\/www.meydan.tv\/az\/#organization"},"image":{"@id":"https:\/\/www.meydan.tv\/az\/article\/bir-agentliyin-tarixcesi\/#primaryimage"},"thumbnailUrl":"https:\/\/www.meydan.tv\/wp-content\/uploads\/ilham_aliyev_and_first_lady_mehriban_aliyeva_inaugurated_koroglu_transport_exchange_center_of_baku_transport_agency_10-e1682846090774.jpg","articleSection":["M\u0259nim Fikrimc\u0259","T\u00f6vsiy\u0259","X\u0259b\u0259rl\u0259r"],"inLanguage":"az"},{"@type":"WebPage","@id":"https:\/\/www.meydan.tv\/az\/article\/bir-agentliyin-tarixcesi\/","url":"https:\/\/www.meydan.tv\/az\/article\/bir-agentliyin-tarixcesi\/","name":"Bir agentliyin tarix\u00e7\u0259si... - MEYDAN.TV","isPartOf":{"@id":"https:\/\/www.meydan.tv\/az\/#website"},"primaryImageOfPage":{"@id":"https:\/\/www.meydan.tv\/az\/article\/bir-agentliyin-tarixcesi\/#primaryimage"},"image":{"@id":"https:\/\/www.meydan.tv\/az\/article\/bir-agentliyin-tarixcesi\/#primaryimage"},"thumbnailUrl":"https:\/\/www.meydan.tv\/wp-content\/uploads\/ilham_aliyev_and_first_lady_mehriban_aliyeva_inaugurated_koroglu_transport_exchange_center_of_baku_transport_agency_10-e1682846090774.jpg","datePublished":"2023-04-30T09:15:08+00:00","dateModified":"2023-04-30T09:17:11+00:00","breadcrumb":{"@id":"https:\/\/www.meydan.tv\/az\/article\/bir-agentliyin-tarixcesi\/#breadcrumb"},"inLanguage":"az","potentialAction":[{"@type":"ReadAction","target":["https:\/\/www.meydan.tv\/az\/article\/bir-agentliyin-tarixcesi\/"]}]},{"@type":"ImageObject","inLanguage":"az","@id":"https:\/\/www.meydan.tv\/az\/article\/bir-agentliyin-tarixcesi\/#primaryimage","url":"https:\/\/www.meydan.tv\/wp-content\/uploads\/ilham_aliyev_and_first_lady_mehriban_aliyeva_inaugurated_koroglu_transport_exchange_center_of_baku_transport_agency_10-e1682846090774.jpg","contentUrl":"https:\/\/www.meydan.tv\/wp-content\/uploads\/ilham_aliyev_and_first_lady_mehriban_aliyeva_inaugurated_koroglu_transport_exchange_center_of_baku_transport_agency_10-e1682846090774.jpg","width":1200,"height":522,"caption":"Foto: BNA"},{"@type":"BreadcrumbList","@id":"https:\/\/www.meydan.tv\/az\/article\/bir-agentliyin-tarixcesi\/#breadcrumb","itemListElement":[{"@type":"ListItem","position":1,"name":"Ana s\u0259hif\u0259","item":"https:\/\/www.meydan.tv\/az\/"},{"@type":"ListItem","position":2,"name":"X\u0259b\u0259rl\u0259r","item":"https:\/\/www.meydan.tv\/az\/section\/xeberler\/"},{"@type":"ListItem","position":3,"name":"Bir agentliyin tarix\u00e7\u0259si&#8230;"}]},{"@type":"WebSite","@id":"https:\/\/www.meydan.tv\/az\/#website","url":"https:\/\/www.meydan.tv\/az\/","name":"MEYDAN.TV","description":"Meydan TV Az\u0259rbaycan\u0131n media m\u0259kan\u0131ndak\u0131 alternativ s\u0259sidir","publisher":{"@id":"https:\/\/www.meydan.tv\/az\/#organization"},"potentialAction":[{"@type":"SearchAction","target":{"@type":"EntryPoint","urlTemplate":"https:\/\/www.meydan.tv\/az\/?s={search_term_string}"},"query-input":{"@type":"PropertyValueSpecification","valueRequired":true,"valueName":"search_term_string"}}],"inLanguage":"az"},{"@type":"Organization","@id":"https:\/\/www.meydan.tv\/az\/#organization","name":"Meydan TV","url":"https:\/\/www.meydan.tv\/az\/","logo":{"@type":"ImageObject","inLanguage":"az","@id":"https:\/\/www.meydan.tv\/az\/#\/schema\/logo\/image\/","url":"https:\/\/www.meydan.tv\/wp-content\/uploads\/2021\/07\/meydan-logo.svg","contentUrl":"https:\/\/www.meydan.tv\/wp-content\/uploads\/2021\/07\/meydan-logo.svg","width":195,"height":46,"caption":"Meydan TV"},"image":{"@id":"https:\/\/www.meydan.tv\/az\/#\/schema\/logo\/image\/"}},{"@type":"Person","@id":"https:\/\/www.meydan.tv\/az\/#\/schema\/person\/9cdbecf90d17180ce1dfbd95b08dcf47","name":"elli","sameAs":["https:\/\/x.com\/elli"]}]}},"_links":{"self":[{"href":"https:\/\/www.meydan.tv\/az\/wp-json\/wp\/v2\/posts\/273991","targetHints":{"allow":["GET"]}}],"collection":[{"href":"https:\/\/www.meydan.tv\/az\/wp-json\/wp\/v2\/posts"}],"about":[{"href":"https:\/\/www.meydan.tv\/az\/wp-json\/wp\/v2\/types\/post"}],"author":[{"embeddable":true,"href":"https:\/\/www.meydan.tv\/az\/wp-json\/wp\/v2\/users\/8"}],"replies":[{"embeddable":true,"href":"https:\/\/www.meydan.tv\/az\/wp-json\/wp\/v2\/comments?post=273991"}],"version-history":[{"count":1,"href":"https:\/\/www.meydan.tv\/az\/wp-json\/wp\/v2\/posts\/273991\/revisions"}],"predecessor-version":[{"id":273995,"href":"https:\/\/www.meydan.tv\/az\/wp-json\/wp\/v2\/posts\/273991\/revisions\/273995"}],"wp:featuredmedia":[{"embeddable":true,"href":"https:\/\/www.meydan.tv\/az\/wp-json\/wp\/v2\/media\/273988"}],"wp:attachment":[{"href":"https:\/\/www.meydan.tv\/az\/wp-json\/wp\/v2\/media?parent=273991"}],"wp:term":[{"taxonomy":"category","embeddable":true,"href":"https:\/\/www.meydan.tv\/az\/wp-json\/wp\/v2\/categories?post=273991"},{"taxonomy":"post_tag","embeddable":true,"href":"https:\/\/www.meydan.tv\/az\/wp-json\/wp\/v2\/tags?post=273991"}],"curies":[{"name":"wp","href":"https:\/\/api.w.org\/{rel}","templated":true}]}}