{"id":273951,"date":"2023-04-30T07:30:40","date_gmt":"2023-04-30T03:30:40","guid":{"rendered":"https:\/\/www.meydan.tv\/?p=273951"},"modified":"2023-04-30T07:30:42","modified_gmt":"2023-04-30T03:30:42","slug":"erimin-olumuyle-bagli-prokurorluqda-yeterli-faktlar-var-amma","status":"publish","type":"post","link":"https:\/\/www.meydan.tv\/az\/article\/erimin-olumuyle-bagli-prokurorluqda-yeterli-faktlar-var-amma\/","title":{"rendered":"\u201c\u018frimin \u00f6l\u00fcm\u00fcyl\u0259 ba\u011fl\u0131 prokurorluqda yet\u0259rli faktlar var, amma\u2026\u201d"},"content":{"rendered":"\n<p><\/p>\n\n\n\n<p><em><strong>Z\u0259min\u0259 \u018fhm\u0259dova: \u201cBiz adam deyilik? Bizi \u00f6ld\u00fcr\u00fcb, qan\u0131m\u0131z\u0131 bat\u0131rmaq olar?!\u201d<\/strong><\/em><\/p>\n\n\n\n<p>\u015e\u0259mkir sakini Z\u0259min\u0259 \u018fhm\u0259dova deyir ki, bir h\u0259ft\u0259 sonra h\u0259yat yolda\u015f\u0131n\u0131n \u00f6l\u00fcm\u00fcn\u00fcn ili tamam olacaq. Lakin h\u0259l\u0259 d\u0259 onun \u00f6l\u00fcm\u00fcnd\u0259 t\u0259qsiri olan \u015f\u0259xsl\u0259r cinay\u0259t m\u0259suliyy\u0259tin\u0259 c\u0259lb olunmay\u0131b. Z\u0259min\u0259 \u018fhm\u0259dova h\u0259yat yolda\u015f\u0131n\u0131n \u00f6l\u00fcm\u00fcn\u0259 g\u00f6r\u0259 polis \u0259m\u0259kda\u015flar\u0131n\u0131 ittiham ets\u0259 d\u0259, t\u0259qsirli sayd\u0131\u011f\u0131 \u015f\u0259xsl\u0259rin c\u0259zas\u0131z qalmas\u0131nda prokurorlu\u011fu g\u00fcnahland\u0131r\u0131r.<\/p>\n\n\n\n<p><strong>\u201cProkurorlu\u011fun \u0259lind\u0259 ba\u015fqa s\u00fcbutlar da var, ara\u015fd\u0131rm\u0131r\u201d<\/strong><\/p>\n\n\n\n<p>\u015e\u0259mkird\u0259 i\u015f adam\u0131 Arzu Cabbarovun \u00f6l\u00fcm\u00fcyl\u0259 ba\u011fl\u0131 ara\u015fd\u0131rmalar bir il\u0259 yax\u0131nd\u0131r ki, Ba\u015f Prokurorlu\u011fun \u0130stintaq \u0130dar\u0259sind\u0259 gedir. \u0130stintaq Cinay\u0259t M\u0259c\u0259ll\u0259sinin 125-ci (\u00f6z\u00fcn\u00fc \u00f6ld\u00fcrm\u0259 h\u0259ddin\u0259 \u00e7atd\u0131rma) madd\u0259sil\u0259 apar\u0131l\u0131r. Amma ail\u0259si \u0259mindir ki, o, intihar etm\u0259yib. H\u0259yat yolda\u015f\u0131n\u0131n s\u00f6zl\u0259rin\u0259 g\u00f6r\u0259, \u00f6l\u00fcm\u00fcnd\u0259n \u00f6nc\u0259 x\u0259st\u0259xanaya apar\u0131lark\u0259n Arzu Cabbarovun \u00f6z\u00fcn\u00fcn g\u00f6nd\u0259rdiyi s\u0259sli mesaj da bunu dem\u0259y\u0259 \u0259sas verir.<br>Z\u0259min\u0259 \u018fhm\u0259dova Meydan TV-y\u0259 bildirib ki, h\u0259yat yolda\u015f\u0131na qar\u015f\u0131 t\u00f6r\u0259dil\u0259n cinay\u0259tin \u00fcst\u00fcn\u00fcn a\u00e7\u0131lmas\u0131, onun \u00f6l\u00fcm\u00fcnd\u0259 rolu olan \u015f\u0259xsl\u0259rin c\u0259zas\u0131n\u0131 almas\u0131 \u00fc\u00e7\u00fcn \u00e7oxsayl\u0131 s\u00fcbutlar\u0131 prokurorlu\u011fa t\u0259qdim edibl\u0259r. Lakin ortada n\u0259tic\u0259 yoxdur.<\/p>\n\n\n\n<p>\u201c<em>Arzu Cabbarovu x\u0259st\u0259xanaya aparanda g\u00f6nd\u0259rdiyi s\u0259s yaz\u0131s\u0131ndan m\u0259lum olur ki, \u00f6z\u00fcn\u00fcn damarlar\u0131n\u0131 k\u0259sm\u0259si haqda deyil\u0259nl\u0259r yaland\u0131r, polisl\u0259r ona x\u0259sar\u0259t yetirib o v\u0259ziyy\u0259t\u0259 sal\u0131b. Prokurorlu\u011fun \u0259lind\u0259 ba\u015fqa s\u00fcbutlar da var. Hadis\u0259nin ba\u015f verdiyi evin yan\u0131ndak\u0131 iki qon\u015fudan kamera g\u00f6r\u00fcnt\u00fcl\u0259ri g\u00f6t\u00fcr\u00fcl\u00fcb. Saat 5-d\u0259n sonrak\u0131 g\u00f6r\u00fcnt\u00fcl\u0259r g\u00f6t\u00fcr\u00fcl\u00fcb. Niy\u0259? \u00c7\u00fcnki saat 5-d\u0259 q\u0259d\u0259rki g\u00f6r\u00fcnt\u00fcl\u0259rd\u0259 polis \u0259m\u0259kda\u015f\u0131 Firuz \u0130brahimovun \u0259vv\u0259ld\u0259n g\u0259lib o ev\u0259 girdiyi, yolda\u015f\u0131ma t\u0259l\u0259 quruldu\u011fu g\u00f6r\u00fcn\u00fcr. Prokurorluq niy\u0259 bunu ara\u015fd\u0131rm\u0131r? Hadis\u0259d\u0259n d\u0259rhal sonra evd\u0259ki qan l\u0259k\u0259l\u0259rinin \u00fcst\u00fcn\u00fc boyay\u0131blar. Prokurorluq yeni boya m\u0259s\u0259l\u0259sin\u0259 d\u0259 \u0259h\u0259miyy\u0259t verm\u0259yib\u201d,<\/em> &#8211; Z\u0259min\u0259 \u018fhm\u0259dova naraz\u0131 qald\u0131\u011f\u0131 m\u0259qamlar\u0131 sadalay\u0131r.<\/p>\n\n\n\n<p><strong>\u201cAnten m\u0259lumatlar\u0131 niy\u0259 \u00e7\u0131xar\u0131lm\u0131r?\u201d<\/strong><\/p>\n\n\n\n<p>Onun s\u00f6zl\u0259rin\u0259 g\u00f6r\u0259, i\u015f \u00fc\u00e7\u00fcn vacib olan ba\u015fqa m\u0259s\u0259l\u0259l\u0259r d\u0259 var ki, ara\u015fd\u0131r\u0131lmay\u0131b. M\u0259s\u0259l\u0259n, hadis\u0259 vaxt\u0131 h\u0259min evd\u0259 olmu\u015f Yegan\u0259 Yusifova adl\u0131 qad\u0131n\u0131n sonradan bir h\u0259ft\u0259 \u015e\u0259mkir rayon Polis \u015e\u00f6b\u0259sind\u0259 polisl\u0259rin n\u0259zar\u0259ti alt\u0131nda saxlanmas\u0131 iddias\u0131. \u015eikay\u0259ti deyir ki, bu m\u0259s\u0259l\u0259nin ara\u015fd\u0131r\u0131lmas\u0131 \u00fc\u00e7\u00fcn v\u0259kili prokurorlu\u011fa v\u0259sat\u0259t verib, Yegan\u0259 Yusifovan\u0131n telefon anten m\u0259lumatlar\u0131yla ba\u011fl\u0131 m\u0259lumatlar\u0131n al\u0131nmas\u0131n\u0131 ist\u0259yib:<\/p>\n\n\n\n<p><em>\u201cYegan\u0259 Yusifova \u015f\u00fcbh\u0259li v\u0259 ya t\u0259qsirl\u0259ndiril\u0259n \u015f\u0259xs deyil, hans\u0131 h\u00fcquqi \u0259sasla onu polis \u015f\u00f6b\u0259sind\u0259 7 g\u00fcn saxlay\u0131blar? Prokurorluq niy\u0259 bu m\u0259s\u0259l\u0259ni ara\u015fd\u0131rm\u0131r? V\u0259kilimiz v\u0259sat\u0259t verib ki, anten m\u0259lumatlar\u0131 \u00e7\u0131xar\u0131ls\u0131n, lakin \u00e7\u0131xar\u0131lm\u0131r. Niy\u0259? Biz adam deyilik? Bizi \u00f6ld\u00fcrm\u0259k, qan\u0131m\u0131z\u0131 da bat\u0131rmaq olar? Yegan\u0259 \u00f6z\u00fc d\u0259 m\u0259tbuata m\u00fcsahib\u0259sind\u0259 bunu t\u0259sdiql\u0259mi\u015fdi. Onun valideynl\u0259ri d\u0259 t\u0259sdiql\u0259yibl\u0259r ki, hadis\u0259d\u0259n sonra q\u0131zlar\u0131 ev\u0259 g\u0259lmi\u015fdi. Ax\u015fam saat 21 rad\u0259l\u0259rind\u0259 polis \u0259m\u0259kda\u015flar\u0131 Firuz v\u0259 dig\u0259rl\u0259ri g\u0259lib onu evd\u0259n apar\u0131blar. Bir ne\u00e7\u0259 g\u00fcn sonra ev\u0259 yuyunma\u011fa g\u0259l\u0259nd\u0259 \u00fcst\u00fcnd\u0259 x\u0259sar\u0259tl\u0259r olub. Soru\u015fublar ki, bu n\u0259di? Deyib ki, polisl\u0259r d\u00f6y\u00fcb ki, ekspertizadan \u00fcz\u0259rind\u0259 x\u0259sar\u0259tl\u0259r olmas\u0131 haqda r\u0259y al\u0131ns\u0131n. Sonra da r\u0259smil\u0259\u015fdirsinl\u0259r ki, guya Arzu d\u00f6y\u00fcbm\u00fc\u015f onu. Hadis\u0259d\u0259n sonra Yegan\u0259 Yusifovan\u0131 bir m\u00fcdd\u0259t d\u0259 G\u0259nc\u0259d\u0259 gizl\u0259tm\u0259l\u0259ri bar\u0259d\u0259 s\u00fcbutlar var\u201d.<\/em><\/p>\n\n\n\n<figure class=\"wp-block-image size-full\"><img decoding=\"async\" width=\"1200\" height=\"800\" data-src=\"https:\/\/www.meydan.tv\/wp-content\/uploads\/untitled-design-123.jpg\" alt=\"\" class=\"wp-image-273945 lazyload\" src=\"data:image\/svg+xml;base64,PHN2ZyB3aWR0aD0iMSIgaGVpZ2h0PSIxIiB4bWxucz0iaHR0cDovL3d3dy53My5vcmcvMjAwMC9zdmciPjwvc3ZnPg==\" style=\"--smush-placeholder-width: 1200px; --smush-placeholder-aspect-ratio: 1200\/800;\" \/><figcaption class=\"wp-element-caption\">Z\u0259min\u0259 \u018fhm\u0259dova. Foto: Meydan TV<\/figcaption><\/figure>\n\n\n\n<p>\u015eikay\u0259t\u00e7inin s\u00f6zl\u0259rin\u0259 g\u00f6r\u0259, Yegan\u0259 Yusifova il\u0259 yana\u015f\u0131, polisl\u0259rin \u00f6zl\u0259rinin d\u0259 s\u0259s yaz\u0131lar\u0131 var. Lakin onlar\u0131 ara\u015fd\u0131ran, h\u00fcquqi qiym\u0259t ver\u0259n yoxdur.<\/p>\n\n\n\n<p>\u201c<strong>M\u0259ni \u015fantaj edirdil\u0259r ki, d\u0259rin\u0259 getm\u0259, u\u015faqlar\u0131n\u0131 saxla&#8230;\u201d<\/strong><\/p>\n\n\n\n<p>Z\u0259min\u0259 \u018fhm\u0259dova iddia edir ki, h\u0259l\u0259 hadis\u0259d\u0259n xeyli \u0259vv\u0259l \u015e\u0259mkir Rayon Polis \u015e\u00f6b\u0259sinin \u0259m\u0259kda\u015flar\u0131 onun \u0259rind\u0259n pul alma\u011fa \u00e7al\u0131\u015f\u0131rd\u0131lar. Hadis\u0259 g\u00fcn\u00fc Arzu Cabbarovun o ev\u0259 g\u0259tirilm\u0259sind\u0259 d\u0259 m\u0259qs\u0259d bu olub. Onun s\u00f6zl\u0259rin\u0259 g\u00f6r\u0259, \u00f6nc\u0259d\u0259n haz\u0131rlanan plana \u0259sas\u0259n, t\u0259l\u0259 qurulub, Arzu Cabbarov Yegan\u0259 Yusifova vasit\u0259sil\u0259 \u00e7a\u011f\u0131r\u0131laraq g\u0259tirilib:<\/p>\n\n\n\n<p><em>\u201cEvi n\u0259zar\u0259td\u0259 saxlayan polisl\u0259r d\u0259 g\u00f6zl\u0259yibl\u0259r, uy\u011fun vaxtda i\u00e7\u0259ri daxil olublar. T\u0259bii ki, aralar\u0131nda m\u00fcbahis\u0259 yaran\u0131b. Yolda\u015f\u0131m\u0131 d\u00f6y\u00fcbl\u0259r, daha sonra ona x\u0259sar\u0259t yetiribl\u0259r. H\u0259l\u0259 x\u0259st\u0259xanaya \u00e7atd\u0131r\u0131landan sonra ba\u015f ver\u0259nl\u0259rl\u0259 ba\u011fl\u0131 da m\u00fc\u0259mmalar var. \u00d6z\u00fc x\u0259st\u0259xanaya rahat \u015f\u0259kild\u0259 daxil olan adam az sonra nec\u0259 olur \u00f6l\u00fcr, q\u0259rib\u0259dir. \u00d6z\u00fc d\u0259 deyir ki, \u201cm\u0259ni s\u0131nd\u0131rmaq ist\u0259dil\u0259r, s\u0131nd\u0131ra bilm\u0259dil\u0259r\u201d. N\u0259 dem\u0259kdir bu? Sonradan m\u0259nim \u00f6z\u00fcm\u00fc d\u0259 \u015fantaj edirdil\u0259r ki, \u201cbu i\u015fl\u0259 ba\u011fl\u0131 \u00e7ox d\u0259rin\u0259 getm\u0259, u\u015faqlar\u0131n\u0131 saxla\u201d.<\/em><\/p>\n\n\n\n<p>Z\u0259min\u0259 \u018fhm\u0259dova h\u0259yat yolda\u015f\u0131n\u0131n \u00f6l\u00fcm\u00fcnd\u0259n ke\u00e7\u0259n bir il \u0259rzind\u0259 m\u00fcxt\u0259lif d\u00f6vl\u0259t orqanlar\u0131na onlarla m\u0259ktublar yaz\u0131b g\u00f6nd\u0259rib, d\u0259f\u0259l\u0259rl\u0259 m\u0259murlar\u0131n q\u0259buluna gedib. Deyir ki, daxili i\u015fl\u0259r naziri Vilay\u0259t Eyvazovun Q\u0259rb zonas\u0131na s\u0259f\u0259rl\u0259ri zaman\u0131 bir ne\u00e7\u0259 d\u0259f\u0259 onun q\u0259bulunda olub:<\/p>\n\n\n\n<p><em>\u201cAx\u0131r\u0131nc\u0131 d\u0259f\u0259 he\u00e7 ax\u0131ra q\u0259d\u0259r dinl\u0259m\u0259d\u0259n, bir q\u0259d\u0259r d\u0259 ac\u0131 \u015f\u0259kild\u0259 dedi ki, bu m\u0259s\u0259l\u0259 ara\u015fd\u0131r\u0131l\u0131b, polisl\u0259rin t\u0259qsiri yoxdur, \u00f6z\u00fc \u00f6z\u00fcn\u00fc \u00f6ld\u00fcr\u00fcb, bu m\u0259s\u0259l\u0259 qapan\u0131b. M\u0259n durub otaqdan \u00e7\u0131xd\u0131m, sonradan bir \u0259m\u0259kda\u015f arxamca g\u0259ldi. N\u0259di ara\u015fd\u0131r\u0131lan, m\u0259n\u0259 desinl\u0259r g\u00f6r\u0259k? \u015e\u0259mkir polisinin Yegan\u0259 Yusifova il\u0259 \u0259laq\u0259l\u0259ri ara\u015fd\u0131r\u0131l\u0131bm\u0131, Vilay\u0259t Eyvazov? Ara\u015fd\u0131r\u0131l\u0131bsa, n\u0259 ortaya \u00e7\u0131x\u0131b? M\u0259n demir\u0259m, adam\u0131n \u00f6z\u00fc, valideynl\u0259ri deyirdi bunlar\u0131\u201d.<\/em><\/p>\n\n\n\n<p>Z\u0259min\u0259 \u018fhm\u0259dova Ba\u015f Prokurorlu\u011fun r\u0259hb\u0259rliyinin d\u0259 q\u0259bulunda olub. Onun s\u00f6zl\u0259rin\u0259 g\u00f6r\u0259, martda Ba\u015f prokurorun m\u00fcavini onu q\u0259bul edib:<\/p>\n\n\n\n<p><em>\u00a0\u201cM\u0259n\u0259 dedil\u0259r ki, istintaq davam edir, n\u0259tic\u0259ni g\u00f6zl\u0259yin. Art\u0131q bir il olur, n\u0259 vaxta q\u0259d\u0259r? Bu cinay\u0259tin \u00fcst\u00fcn\u00fc a\u00e7maq, t\u0259qsirkarlar\u0131 c\u0259zaland\u0131rmaq \u00fc\u00e7\u00fcn prokurorlu\u011fun \u0259lind\u0259 yet\u0259rinc\u0259 faktlar var. Amma i\u015fd\u0259 ad\u0131 ke\u00e7\u0259nl\u0259r polisl\u0259rdir dey\u0259, uzad\u0131rlar\u201d.<\/em><\/p>\n\n\n\n<figure class=\"wp-block-image size-large is-resized\"><img decoding=\"async\" data-src=\"https:\/\/www.meydan.tv\/wp-content\/uploads\/photo-2023-04-29-14-48-13-472x821.jpg\" alt=\"\" class=\"wp-image-273948 lazyload\" width=\"799\" height=\"1390\" src=\"data:image\/svg+xml;base64,PHN2ZyB3aWR0aD0iMSIgaGVpZ2h0PSIxIiB4bWxucz0iaHR0cDovL3d3dy53My5vcmcvMjAwMC9zdmciPjwvc3ZnPg==\" style=\"--smush-placeholder-width: 799px; --smush-placeholder-aspect-ratio: 799\/1390;\" \/><\/figure>\n\n\n\n<p><strong>Prokurorluq v\u0259 D\u0130N n\u0259 deyir?<\/strong><\/p>\n\n\n\n<p>Prokurorluqdan Meydan TV-y\u0259 bildirilib ki, Arzu Cabbarovun \u00f6l\u00fcm fakt\u0131 \u00fczr\u0259 Cinay\u0259t M\u0259c\u0259ll\u0259sinin 125-ci madd\u0259sil\u0259 istintaq h\u0259r\u0259k\u0259tl\u0259ri davam etdirilir.<\/p>\n\n\n\n<p>Daxili \u0130\u015fl\u0259r Nazirliyind\u0259n is\u0259 bildirilib ki, Z\u0259min\u0259 \u018fhm\u0259dovan\u0131n h\u0259yat yolda\u015f\u0131n\u0131n \u00f6l\u00fcm\u00fcnd\u0259 polis \u0259m\u0259kda\u015flar\u0131n\u0131n i\u015ftirak\u0131yla ba\u011fl\u0131 \u015fikay\u0259ti \u00fczr\u0259 ara\u015fd\u0131rma apar\u0131l\u0131b, onun iddialar\u0131 t\u0259sdiqini tapmay\u0131b.<\/p>\n\n\n\n<p>Hadis\u0259d\u0259n sonra Daxili \u0130\u015fl\u0259r Nazirliyinin Regional M\u0259tbuat xidm\u0259tinin yayd\u0131\u011f\u0131 m\u0259lumatda bildirilirdi ki, 2022-ci il may\u0131n 7-d\u0259 saat 17:50 rad\u0259l\u0259rind\u0259 Yegan\u0259 Yusifova Polis \u015e\u00f6b\u0259sin\u0259 m\u00fcraci\u0259t ed\u0259r\u0259k, tan\u0131\u015f\u0131 Arzu Cabbarov t\u0259r\u0259find\u0259n t\u0259hqir olunaraq d\u00f6yd\u00fcy\u00fcn\u00fc bildirib v\u0259 k\u00f6m\u0259k ist\u0259yib. M\u00fcraci\u0259tl\u0259 \u0259laq\u0259dar polis \u0259m\u0259kda\u015flar\u0131 hadis\u0259 yerin\u0259 ged\u0259rk\u0259n, h\u0259min qad\u0131nla onun \u015fikay\u0259t\u00e7i oldu\u011fu \u015f\u0259xsin m\u00fcbahis\u0259ni davam etdirdiyini g\u00f6r\u00fcb:<\/p>\n\n\n\n<p><em>\u201cPolis \u0259m\u0259kda\u015flar\u0131 v\u0259t\u0259nda\u015f Arzu Cabbarovla profilaktiki s\u00f6hb\u0259tl\u0259r apararaq, onu sakitl\u0259\u015fdirm\u0259y\u0259 \u00e7al\u0131\u015f\u0131blar. Lakin Arzu Cabbarov \u00f6z aqressiv h\u0259r\u0259k\u0259tl\u0259rini davam etdir\u0259r\u0259k, polisin qanuni t\u0259l\u0259bl\u0259rin\u0259 tabe olmay\u0131b, evin qap\u0131s\u0131ndak\u0131 p\u0259nc\u0259r\u0259nin \u015f\u00fc\u015f\u0259sini s\u0131nd\u0131raraq h\u0259min \u015f\u00fc\u015f\u0259 il\u0259 sol qolunun dirs\u0259k b\u00fck\u00fcm\u00fcn\u00fc k\u0259sib. Polis \u0259m\u0259kda\u015flar\u0131 d\u0259rhal ona ilkin tibbi yard\u0131m g\u00f6st\u0259r\u0259r\u0259k \u015e\u0259mkir rayon M\u0259rk\u0259zi X\u0259st\u0259xanas\u0131na \u00e7atd\u0131r\u0131b. Arzu Cabbarov d\u0259rhal \u0259m\u0259liyyat edils\u0259 d\u0259, \u0259m\u0259liyyatdan az sonra v\u0259fat edib. Haz\u0131rda fakt Daxili \u0130\u015fl\u0259r Nazirliyinin v\u0259 Respublika Ba\u015f Prokurorlu\u011funun diqq\u0259tind\u0259rir, ara\u015fd\u0131rmalar davam etdirilir\u201d.<\/em><\/p>\n","protected":false},"excerpt":{"rendered":"<p>Z\u0259min\u0259 \u018fhm\u0259dova: \u201cBiz adam deyilik? Bizi \u00f6ld\u00fcr\u00fcb, qan\u0131m\u0131z\u0131 bat\u0131rmaq olar?!\u201d &#8230; <\/p>\n<p class=\"read-more-container\"><a title=\"\u201c\u018frimin \u00f6l\u00fcm\u00fcyl\u0259 ba\u011fl\u0131 prokurorluqda yet\u0259rli faktlar var, amma\u2026\u201d\" class=\"read-more button\" href=\"https:\/\/www.meydan.tv\/az\/article\/erimin-olumuyle-bagli-prokurorluqda-yeterli-faktlar-var-amma\/#more-273951\" aria-label=\"Read more about \u201c\u018frimin \u00f6l\u00fcm\u00fcyl\u0259 ba\u011fl\u0131 prokurorluqda yet\u0259rli faktlar var, amma\u2026\u201d\">Davam\u0131<\/a><\/p>\n","protected":false},"author":8,"featured_media":252941,"comment_status":"closed","ping_status":"closed","sticky":false,"template":"","format":"standard","meta":{"_acf_changed":false,"_sitemap_exclude":false,"_sitemap_priority":"","_sitemap_frequency":"","footnotes":""},"categories":[60,56],"tags":[],"class_list":["post-273951","post","type-post","status-publish","format-standard","has-post-thumbnail","hentry","category-bolge","category-xeberler","infinite-scroll-item","generate-columns","tablet-grid-50","mobile-grid-100","grid-parent","grid-33","no-featured-image-padding"],"acf":[],"yoast_head":"<!-- This site is optimized with the Yoast SEO plugin v27.5 - https:\/\/yoast.com\/product\/yoast-seo-wordpress\/ -->\n<title>\u201c\u018frimin \u00f6l\u00fcm\u00fcyl\u0259 ba\u011fl\u0131 prokurorluqda yet\u0259rli faktlar var, amma\u2026\u201d - MEYDAN.TV<\/title>\n<meta name=\"robots\" content=\"index, follow, max-snippet:-1, max-image-preview:large, max-video-preview:-1\" \/>\n<link rel=\"canonical\" href=\"https:\/\/www.meydan.tv\/az\/article\/erimin-olumuyle-bagli-prokurorluqda-yeterli-faktlar-var-amma\/\" \/>\n<meta property=\"og:locale\" content=\"az_AZ\" \/>\n<meta property=\"og:type\" content=\"article\" \/>\n<meta property=\"og:title\" content=\"\u201c\u018frimin \u00f6l\u00fcm\u00fcyl\u0259 ba\u011fl\u0131 prokurorluqda yet\u0259rli faktlar var, amma\u2026\u201d - MEYDAN.TV\" \/>\n<meta property=\"og:description\" content=\"Z\u0259min\u0259 \u018fhm\u0259dova: \u201cBiz adam deyilik? Bizi \u00f6ld\u00fcr\u00fcb, qan\u0131m\u0131z\u0131 bat\u0131rmaq olar?!\u201d ... Davam\u0131\" \/>\n<meta property=\"og:url\" content=\"https:\/\/www.meydan.tv\/az\/article\/erimin-olumuyle-bagli-prokurorluqda-yeterli-faktlar-var-amma\/\" \/>\n<meta property=\"og:site_name\" content=\"MEYDAN.TV\" \/>\n<meta property=\"article:published_time\" content=\"2023-04-30T03:30:40+00:00\" \/>\n<meta property=\"article:modified_time\" content=\"2023-04-30T03:30:42+00:00\" \/>\n<meta property=\"og:image\" content=\"https:\/\/www.meydan.tv\/wp-content\/uploads\/screenshot-at-aug-10-14-51-49-1200x668.png\" \/>\n\t<meta property=\"og:image:width\" content=\"1200\" \/>\n\t<meta property=\"og:image:height\" content=\"668\" \/>\n\t<meta property=\"og:image:type\" content=\"image\/png\" \/>\n<meta name=\"author\" content=\"elli\" \/>\n<meta name=\"twitter:card\" content=\"summary_large_image\" \/>\n<meta name=\"twitter:creator\" content=\"@elli\" \/>\n<script type=\"application\/ld+json\" class=\"yoast-schema-graph\">{\"@context\":\"https:\\\/\\\/schema.org\",\"@graph\":[{\"@type\":\"Article\",\"@id\":\"https:\\\/\\\/www.meydan.tv\\\/az\\\/article\\\/erimin-olumuyle-bagli-prokurorluqda-yeterli-faktlar-var-amma\\\/#article\",\"isPartOf\":{\"@id\":\"https:\\\/\\\/www.meydan.tv\\\/az\\\/article\\\/erimin-olumuyle-bagli-prokurorluqda-yeterli-faktlar-var-amma\\\/\"},\"author\":{\"name\":\"elli\",\"@id\":\"https:\\\/\\\/www.meydan.tv\\\/az\\\/#\\\/schema\\\/person\\\/9cdbecf90d17180ce1dfbd95b08dcf47\"},\"headline\":\"\u201c\u018frimin \u00f6l\u00fcm\u00fcyl\u0259 ba\u011fl\u0131 prokurorluqda yet\u0259rli faktlar var, amma\u2026\u201d\",\"datePublished\":\"2023-04-30T03:30:40+00:00\",\"dateModified\":\"2023-04-30T03:30:42+00:00\",\"mainEntityOfPage\":{\"@id\":\"https:\\\/\\\/www.meydan.tv\\\/az\\\/article\\\/erimin-olumuyle-bagli-prokurorluqda-yeterli-faktlar-var-amma\\\/\"},\"wordCount\":1579,\"publisher\":{\"@id\":\"https:\\\/\\\/www.meydan.tv\\\/az\\\/#organization\"},\"image\":{\"@id\":\"https:\\\/\\\/www.meydan.tv\\\/az\\\/article\\\/erimin-olumuyle-bagli-prokurorluqda-yeterli-faktlar-var-amma\\\/#primaryimage\"},\"thumbnailUrl\":\"https:\\\/\\\/www.meydan.tv\\\/wp-content\\\/uploads\\\/screenshot-at-aug-10-14-51-49.png\",\"articleSection\":[\"B\u00f6lg\u0259\",\"X\u0259b\u0259rl\u0259r\"],\"inLanguage\":\"az\"},{\"@type\":\"WebPage\",\"@id\":\"https:\\\/\\\/www.meydan.tv\\\/az\\\/article\\\/erimin-olumuyle-bagli-prokurorluqda-yeterli-faktlar-var-amma\\\/\",\"url\":\"https:\\\/\\\/www.meydan.tv\\\/az\\\/article\\\/erimin-olumuyle-bagli-prokurorluqda-yeterli-faktlar-var-amma\\\/\",\"name\":\"\u201c\u018frimin \u00f6l\u00fcm\u00fcyl\u0259 ba\u011fl\u0131 prokurorluqda yet\u0259rli faktlar var, amma\u2026\u201d - MEYDAN.TV\",\"isPartOf\":{\"@id\":\"https:\\\/\\\/www.meydan.tv\\\/az\\\/#website\"},\"primaryImageOfPage\":{\"@id\":\"https:\\\/\\\/www.meydan.tv\\\/az\\\/article\\\/erimin-olumuyle-bagli-prokurorluqda-yeterli-faktlar-var-amma\\\/#primaryimage\"},\"image\":{\"@id\":\"https:\\\/\\\/www.meydan.tv\\\/az\\\/article\\\/erimin-olumuyle-bagli-prokurorluqda-yeterli-faktlar-var-amma\\\/#primaryimage\"},\"thumbnailUrl\":\"https:\\\/\\\/www.meydan.tv\\\/wp-content\\\/uploads\\\/screenshot-at-aug-10-14-51-49.png\",\"datePublished\":\"2023-04-30T03:30:40+00:00\",\"dateModified\":\"2023-04-30T03:30:42+00:00\",\"breadcrumb\":{\"@id\":\"https:\\\/\\\/www.meydan.tv\\\/az\\\/article\\\/erimin-olumuyle-bagli-prokurorluqda-yeterli-faktlar-var-amma\\\/#breadcrumb\"},\"inLanguage\":\"az\",\"potentialAction\":[{\"@type\":\"ReadAction\",\"target\":[\"https:\\\/\\\/www.meydan.tv\\\/az\\\/article\\\/erimin-olumuyle-bagli-prokurorluqda-yeterli-faktlar-var-amma\\\/\"]}]},{\"@type\":\"ImageObject\",\"inLanguage\":\"az\",\"@id\":\"https:\\\/\\\/www.meydan.tv\\\/az\\\/article\\\/erimin-olumuyle-bagli-prokurorluqda-yeterli-faktlar-var-amma\\\/#primaryimage\",\"url\":\"https:\\\/\\\/www.meydan.tv\\\/wp-content\\\/uploads\\\/screenshot-at-aug-10-14-51-49.png\",\"contentUrl\":\"https:\\\/\\\/www.meydan.tv\\\/wp-content\\\/uploads\\\/screenshot-at-aug-10-14-51-49.png\",\"width\":1510,\"height\":840,\"caption\":\"Ba\u015f Prokurorluq. Foto: Meydan TV\"},{\"@type\":\"BreadcrumbList\",\"@id\":\"https:\\\/\\\/www.meydan.tv\\\/az\\\/article\\\/erimin-olumuyle-bagli-prokurorluqda-yeterli-faktlar-var-amma\\\/#breadcrumb\",\"itemListElement\":[{\"@type\":\"ListItem\",\"position\":1,\"name\":\"Ana s\u0259hif\u0259\",\"item\":\"https:\\\/\\\/www.meydan.tv\\\/az\\\/\"},{\"@type\":\"ListItem\",\"position\":2,\"name\":\"B\u00f6lg\u0259\",\"item\":\"https:\\\/\\\/www.meydan.tv\\\/az\\\/section\\\/bolge\\\/\"},{\"@type\":\"ListItem\",\"position\":3,\"name\":\"\u201c\u018frimin \u00f6l\u00fcm\u00fcyl\u0259 ba\u011fl\u0131 prokurorluqda yet\u0259rli faktlar var, amma\u2026\u201d\"}]},{\"@type\":\"WebSite\",\"@id\":\"https:\\\/\\\/www.meydan.tv\\\/az\\\/#website\",\"url\":\"https:\\\/\\\/www.meydan.tv\\\/az\\\/\",\"name\":\"MEYDAN.TV\",\"description\":\"Meydan TV Az\u0259rbaycan\u0131n media m\u0259kan\u0131ndak\u0131 alternativ s\u0259sidir\",\"publisher\":{\"@id\":\"https:\\\/\\\/www.meydan.tv\\\/az\\\/#organization\"},\"potentialAction\":[{\"@type\":\"SearchAction\",\"target\":{\"@type\":\"EntryPoint\",\"urlTemplate\":\"https:\\\/\\\/www.meydan.tv\\\/az\\\/?s={search_term_string}\"},\"query-input\":{\"@type\":\"PropertyValueSpecification\",\"valueRequired\":true,\"valueName\":\"search_term_string\"}}],\"inLanguage\":\"az\"},{\"@type\":\"Organization\",\"@id\":\"https:\\\/\\\/www.meydan.tv\\\/az\\\/#organization\",\"name\":\"Meydan TV\",\"url\":\"https:\\\/\\\/www.meydan.tv\\\/az\\\/\",\"logo\":{\"@type\":\"ImageObject\",\"inLanguage\":\"az\",\"@id\":\"https:\\\/\\\/www.meydan.tv\\\/az\\\/#\\\/schema\\\/logo\\\/image\\\/\",\"url\":\"https:\\\/\\\/www.meydan.tv\\\/wp-content\\\/uploads\\\/2021\\\/07\\\/meydan-logo.svg\",\"contentUrl\":\"https:\\\/\\\/www.meydan.tv\\\/wp-content\\\/uploads\\\/2021\\\/07\\\/meydan-logo.svg\",\"width\":195,\"height\":46,\"caption\":\"Meydan TV\"},\"image\":{\"@id\":\"https:\\\/\\\/www.meydan.tv\\\/az\\\/#\\\/schema\\\/logo\\\/image\\\/\"}},{\"@type\":\"Person\",\"@id\":\"https:\\\/\\\/www.meydan.tv\\\/az\\\/#\\\/schema\\\/person\\\/9cdbecf90d17180ce1dfbd95b08dcf47\",\"name\":\"elli\",\"sameAs\":[\"https:\\\/\\\/x.com\\\/elli\"]}]}<\/script>\n<!-- \/ Yoast SEO plugin. -->","yoast_head_json":{"title":"\u201c\u018frimin \u00f6l\u00fcm\u00fcyl\u0259 ba\u011fl\u0131 prokurorluqda yet\u0259rli faktlar var, amma\u2026\u201d - MEYDAN.TV","robots":{"index":"index","follow":"follow","max-snippet":"max-snippet:-1","max-image-preview":"max-image-preview:large","max-video-preview":"max-video-preview:-1"},"canonical":"https:\/\/www.meydan.tv\/az\/article\/erimin-olumuyle-bagli-prokurorluqda-yeterli-faktlar-var-amma\/","og_locale":"az_AZ","og_type":"article","og_title":"\u201c\u018frimin \u00f6l\u00fcm\u00fcyl\u0259 ba\u011fl\u0131 prokurorluqda yet\u0259rli faktlar var, amma\u2026\u201d - MEYDAN.TV","og_description":"Z\u0259min\u0259 \u018fhm\u0259dova: \u201cBiz adam deyilik? Bizi \u00f6ld\u00fcr\u00fcb, qan\u0131m\u0131z\u0131 bat\u0131rmaq olar?!\u201d ... Davam\u0131","og_url":"https:\/\/www.meydan.tv\/az\/article\/erimin-olumuyle-bagli-prokurorluqda-yeterli-faktlar-var-amma\/","og_site_name":"MEYDAN.TV","article_published_time":"2023-04-30T03:30:40+00:00","article_modified_time":"2023-04-30T03:30:42+00:00","og_image":[{"width":1200,"height":668,"url":"https:\/\/www.meydan.tv\/wp-content\/uploads\/screenshot-at-aug-10-14-51-49-1200x668.png","type":"image\/png"}],"author":"elli","twitter_card":"summary_large_image","twitter_creator":"@elli","schema":{"@context":"https:\/\/schema.org","@graph":[{"@type":"Article","@id":"https:\/\/www.meydan.tv\/az\/article\/erimin-olumuyle-bagli-prokurorluqda-yeterli-faktlar-var-amma\/#article","isPartOf":{"@id":"https:\/\/www.meydan.tv\/az\/article\/erimin-olumuyle-bagli-prokurorluqda-yeterli-faktlar-var-amma\/"},"author":{"name":"elli","@id":"https:\/\/www.meydan.tv\/az\/#\/schema\/person\/9cdbecf90d17180ce1dfbd95b08dcf47"},"headline":"\u201c\u018frimin \u00f6l\u00fcm\u00fcyl\u0259 ba\u011fl\u0131 prokurorluqda yet\u0259rli faktlar var, amma\u2026\u201d","datePublished":"2023-04-30T03:30:40+00:00","dateModified":"2023-04-30T03:30:42+00:00","mainEntityOfPage":{"@id":"https:\/\/www.meydan.tv\/az\/article\/erimin-olumuyle-bagli-prokurorluqda-yeterli-faktlar-var-amma\/"},"wordCount":1579,"publisher":{"@id":"https:\/\/www.meydan.tv\/az\/#organization"},"image":{"@id":"https:\/\/www.meydan.tv\/az\/article\/erimin-olumuyle-bagli-prokurorluqda-yeterli-faktlar-var-amma\/#primaryimage"},"thumbnailUrl":"https:\/\/www.meydan.tv\/wp-content\/uploads\/screenshot-at-aug-10-14-51-49.png","articleSection":["B\u00f6lg\u0259","X\u0259b\u0259rl\u0259r"],"inLanguage":"az"},{"@type":"WebPage","@id":"https:\/\/www.meydan.tv\/az\/article\/erimin-olumuyle-bagli-prokurorluqda-yeterli-faktlar-var-amma\/","url":"https:\/\/www.meydan.tv\/az\/article\/erimin-olumuyle-bagli-prokurorluqda-yeterli-faktlar-var-amma\/","name":"\u201c\u018frimin \u00f6l\u00fcm\u00fcyl\u0259 ba\u011fl\u0131 prokurorluqda yet\u0259rli faktlar var, amma\u2026\u201d - MEYDAN.TV","isPartOf":{"@id":"https:\/\/www.meydan.tv\/az\/#website"},"primaryImageOfPage":{"@id":"https:\/\/www.meydan.tv\/az\/article\/erimin-olumuyle-bagli-prokurorluqda-yeterli-faktlar-var-amma\/#primaryimage"},"image":{"@id":"https:\/\/www.meydan.tv\/az\/article\/erimin-olumuyle-bagli-prokurorluqda-yeterli-faktlar-var-amma\/#primaryimage"},"thumbnailUrl":"https:\/\/www.meydan.tv\/wp-content\/uploads\/screenshot-at-aug-10-14-51-49.png","datePublished":"2023-04-30T03:30:40+00:00","dateModified":"2023-04-30T03:30:42+00:00","breadcrumb":{"@id":"https:\/\/www.meydan.tv\/az\/article\/erimin-olumuyle-bagli-prokurorluqda-yeterli-faktlar-var-amma\/#breadcrumb"},"inLanguage":"az","potentialAction":[{"@type":"ReadAction","target":["https:\/\/www.meydan.tv\/az\/article\/erimin-olumuyle-bagli-prokurorluqda-yeterli-faktlar-var-amma\/"]}]},{"@type":"ImageObject","inLanguage":"az","@id":"https:\/\/www.meydan.tv\/az\/article\/erimin-olumuyle-bagli-prokurorluqda-yeterli-faktlar-var-amma\/#primaryimage","url":"https:\/\/www.meydan.tv\/wp-content\/uploads\/screenshot-at-aug-10-14-51-49.png","contentUrl":"https:\/\/www.meydan.tv\/wp-content\/uploads\/screenshot-at-aug-10-14-51-49.png","width":1510,"height":840,"caption":"Ba\u015f Prokurorluq. Foto: Meydan TV"},{"@type":"BreadcrumbList","@id":"https:\/\/www.meydan.tv\/az\/article\/erimin-olumuyle-bagli-prokurorluqda-yeterli-faktlar-var-amma\/#breadcrumb","itemListElement":[{"@type":"ListItem","position":1,"name":"Ana s\u0259hif\u0259","item":"https:\/\/www.meydan.tv\/az\/"},{"@type":"ListItem","position":2,"name":"B\u00f6lg\u0259","item":"https:\/\/www.meydan.tv\/az\/section\/bolge\/"},{"@type":"ListItem","position":3,"name":"\u201c\u018frimin \u00f6l\u00fcm\u00fcyl\u0259 ba\u011fl\u0131 prokurorluqda yet\u0259rli faktlar var, amma\u2026\u201d"}]},{"@type":"WebSite","@id":"https:\/\/www.meydan.tv\/az\/#website","url":"https:\/\/www.meydan.tv\/az\/","name":"MEYDAN.TV","description":"Meydan TV Az\u0259rbaycan\u0131n media m\u0259kan\u0131ndak\u0131 alternativ s\u0259sidir","publisher":{"@id":"https:\/\/www.meydan.tv\/az\/#organization"},"potentialAction":[{"@type":"SearchAction","target":{"@type":"EntryPoint","urlTemplate":"https:\/\/www.meydan.tv\/az\/?s={search_term_string}"},"query-input":{"@type":"PropertyValueSpecification","valueRequired":true,"valueName":"search_term_string"}}],"inLanguage":"az"},{"@type":"Organization","@id":"https:\/\/www.meydan.tv\/az\/#organization","name":"Meydan TV","url":"https:\/\/www.meydan.tv\/az\/","logo":{"@type":"ImageObject","inLanguage":"az","@id":"https:\/\/www.meydan.tv\/az\/#\/schema\/logo\/image\/","url":"https:\/\/www.meydan.tv\/wp-content\/uploads\/2021\/07\/meydan-logo.svg","contentUrl":"https:\/\/www.meydan.tv\/wp-content\/uploads\/2021\/07\/meydan-logo.svg","width":195,"height":46,"caption":"Meydan TV"},"image":{"@id":"https:\/\/www.meydan.tv\/az\/#\/schema\/logo\/image\/"}},{"@type":"Person","@id":"https:\/\/www.meydan.tv\/az\/#\/schema\/person\/9cdbecf90d17180ce1dfbd95b08dcf47","name":"elli","sameAs":["https:\/\/x.com\/elli"]}]}},"_links":{"self":[{"href":"https:\/\/www.meydan.tv\/az\/wp-json\/wp\/v2\/posts\/273951","targetHints":{"allow":["GET"]}}],"collection":[{"href":"https:\/\/www.meydan.tv\/az\/wp-json\/wp\/v2\/posts"}],"about":[{"href":"https:\/\/www.meydan.tv\/az\/wp-json\/wp\/v2\/types\/post"}],"author":[{"embeddable":true,"href":"https:\/\/www.meydan.tv\/az\/wp-json\/wp\/v2\/users\/8"}],"replies":[{"embeddable":true,"href":"https:\/\/www.meydan.tv\/az\/wp-json\/wp\/v2\/comments?post=273951"}],"version-history":[{"count":1,"href":"https:\/\/www.meydan.tv\/az\/wp-json\/wp\/v2\/posts\/273951\/revisions"}],"predecessor-version":[{"id":273952,"href":"https:\/\/www.meydan.tv\/az\/wp-json\/wp\/v2\/posts\/273951\/revisions\/273952"}],"wp:featuredmedia":[{"embeddable":true,"href":"https:\/\/www.meydan.tv\/az\/wp-json\/wp\/v2\/media\/252941"}],"wp:attachment":[{"href":"https:\/\/www.meydan.tv\/az\/wp-json\/wp\/v2\/media?parent=273951"}],"wp:term":[{"taxonomy":"category","embeddable":true,"href":"https:\/\/www.meydan.tv\/az\/wp-json\/wp\/v2\/categories?post=273951"},{"taxonomy":"post_tag","embeddable":true,"href":"https:\/\/www.meydan.tv\/az\/wp-json\/wp\/v2\/tags?post=273951"}],"curies":[{"name":"wp","href":"https:\/\/api.w.org\/{rel}","templated":true}]}}