{"id":273943,"date":"2023-04-30T00:40:25","date_gmt":"2023-04-29T20:40:25","guid":{"rendered":"https:\/\/www.meydan.tv\/?p=273943"},"modified":"2023-04-30T00:40:28","modified_gmt":"2023-04-29T20:40:28","slug":"celilabadda-mekteb-direktoru-teyinatiyla-bagli-naraziliq","status":"publish","type":"post","link":"https:\/\/www.meydan.tv\/az\/article\/celilabadda-mekteb-direktoru-teyinatiyla-bagli-naraziliq\/","title":{"rendered":"C\u0259lilabadda m\u0259kt\u0259b direktoru t\u0259yinat\u0131yla ba\u011fl\u0131 naraz\u0131l\u0131q"},"content":{"rendered":"\n<p><\/p>\n\n\n\n<p><strong><em>Direktor m\u00fcavini haqq\u0131n\u0131n tapdand\u0131\u011f\u0131n\u0131 iddia edir: \u201cRegion \u00fczr\u0259 \u0259n y\u00fcks\u0259k n\u0259tic\u0259ni g\u00f6st\u0259rdim, m\u0259ni ehtiyat kadra atd\u0131lar\u201d<\/em><\/strong><\/p>\n\n\n\n<p>C\u0259lilabad \u015f\u0259h\u0259rind\u0259ki 9 sayl\u0131 m\u0259kt\u0259bin direktor m\u00fcavini Rauf M\u0259likov direktor v\u0259zif\u0259sin\u0259 i\u015f\u0259 q\u0259bulun n\u0259tic\u0259l\u0259rind\u0259n naraz\u0131d\u0131r. O hesab edir ki, n\u0259tic\u0259l\u0259r t\u0259sdiql\u0259n\u0259nd\u0259 obyektivlik qorunmay\u0131b, haqs\u0131zl\u0131\u011fa yol verilib.<\/p>\n\n\n\n<p><strong>\u201c\u0130kinci m\u00fcavin d\u0259 imtahana qat\u0131ld\u0131, c\u0259mi 6 bal y\u0131\u011fd\u0131\u201d<\/strong><\/p>\n\n\n\n<p>16 il m\u00fc\u0259llimlik t\u0259cr\u00fcb\u0259si oldu\u011funu dey\u0259n Rauf M\u0259likov iddia edir ki, \u015f\u0259xs\u0259n onun \u00f6z\u00fcn\u0259 m\u00fcnasib\u0259td\u0259 \u0259dal\u0259tsiz davran\u0131blar. Onun s\u00f6zl\u0259rin\u0259 g\u00f6r\u0259, m\u00fcsabiq\u0259d\u0259 haz\u0131rda \u00e7al\u0131\u015fd\u0131\u011f\u0131 9 sayl\u0131 m\u0259kt\u0259b\u0259 direktor t\u0259yin olunan \u015f\u0259xsl\u0259 m\u00fcqayis\u0259d\u0259 5 d\u0259f\u0259 y\u00fcks\u0259k bal toplam\u0131\u015fd\u0131. Amma son n\u0259tic\u0259d\u0259 onu yox, h\u0259min \u015f\u0259xsi direktor t\u0259yin edibl\u0259r. H\u0259min \u015f\u0259xs d\u0259 Rauf M\u0259likov kimi, 9 sayl\u0131 m\u0259kt\u0259bd\u0259 direktor m\u00fcavini i\u015fl\u0259yirmi\u015f:<\/p>\n\n\n\n<p>\u201c<em>2021-ci ild\u0259 direktorlar\u0131n i\u015f\u0259 q\u0259bulu \u00fczr\u0259 m\u00fcsabiq\u0259d\u0259 m\u0259n 33 bal toplad\u0131m. Vakansiyada el\u0259 \u00f6z \u00e7al\u0131\u015fd\u0131\u011f\u0131m m\u0259kt\u0259bi se\u00e7dim. M\u00fcsahib\u0259d\u0259 d\u0259 region \u00fcz\u0259 \u0259n y\u00fcks\u0259k n\u0259tic\u0259ni toplad\u0131m. M\u0259niml\u0259 yana\u015f\u0131 ikinci m\u00fcavin d\u0259 imtahana qat\u0131ld\u0131. Lakin o 60 baldan c\u0259mi 6 bal toplad\u0131\u201d.<\/em><\/p>\n\n\n\n<p><strong>\u201cBu, regional idar\u0259nin g\u00fcnah\u0131d\u0131r\u201d<\/strong><\/p>\n\n\n\n<p>9 sayl\u0131 m\u0259kt\u0259bin c\u0259mi iki ildir f\u0259aliyy\u0259t g\u00f6st\u0259rdiyini dey\u0259n Rauf M\u0259likovun s\u00f6zl\u0259rin\u0259 g\u00f6r\u0259, onu ehtiyat kadrlar siyah\u0131s\u0131na daxil edibl\u0259r. S\u0259b\u0259b kimi is\u0259 bunu g\u00f6st\u0259ribl\u0259r ki, o, 500-\u0259 q\u0259d\u0259r \u015fagirdi olan m\u0259kt\u0259b\u0259 direktor q\u0259bulu \u00fc\u00e7\u00fcn imtahan verib. 9 sayl\u0131 m\u0259kt\u0259b is\u0259 500-d\u0259n \u00e7ox \u015fagirdi olanlar siyah\u0131s\u0131ndad\u0131r. Bu \u00fczd\u0259n o, h\u0259min m\u0259kt\u0259bd\u0259 direktor i\u015fl\u0259y\u0259 bilm\u0259z.<\/p>\n\n\n\n<p>Lakin Rauf M\u0259likov bu arqumenti \u0259sass\u0131z say\u0131r.<\/p>\n\n\n\n<p><em>\u201cM\u0259n vakansiyan\u0131 aprel ay\u0131nda se\u00e7mi\u015f\u0259m. Bu regional idar\u0259nin g\u00fcnah\u0131d\u0131r. Niy\u0259 yanvar ay\u0131n\u0131n hesabat\u0131nda 500-d\u0259n yuxar\u0131 \u015fagirdi olan m\u0259kt\u0259bi aprel ay\u0131nda 500-d\u0259n a\u015fa\u011f\u0131 \u015fagirdi olan m\u0259kt\u0259bl\u0259r siyah\u0131s\u0131na sal\u0131blar? Ona g\u00f6r\u0259 d\u0259 m\u0259n bu m\u0259kt\u0259bi se\u00e7mi\u015f\u0259m. M\u0259ni ehtiyat kadra at\u0131blar, 6 bal toplayan dig\u0259r m\u00fcavini is\u0259 m\u00fcv\u0259qq\u0259ti \u0259m\u0259k m\u00fcqavil\u0259si ba\u011flay\u0131b, ona direktor v\u0259zif\u0259sini veribl\u0259r\u201d.<\/em><\/p>\n\n\n<div class=\"wp-block-image\">\n<figure class=\"aligncenter size-large\"><img decoding=\"async\" width=\"1091\" height=\"821\" data-src=\"https:\/\/www.meydan.tv\/wp-content\/uploads\/photo-2023-04-27-15-50-37_720-1091x821.jpg\" alt=\"\" class=\"wp-image-273937 lazyload\" src=\"data:image\/svg+xml;base64,PHN2ZyB3aWR0aD0iMSIgaGVpZ2h0PSIxIiB4bWxucz0iaHR0cDovL3d3dy53My5vcmcvMjAwMC9zdmciPjwvc3ZnPg==\" style=\"--smush-placeholder-width: 1091px; --smush-placeholder-aspect-ratio: 1091\/821;\" \/><\/figure>\n<\/div>\n\n\n<p><strong>T\u0259hsil \u0130dar\u0259si: \u201cOna vakant yerl\u0259r t\u0259klif olunub, imtina edib\u201d<\/strong><\/p>\n\n\n\n<p>L\u0259nk\u0259ran-Astara Regional T\u0259hsil \u0130dar\u0259sind\u0259n is\u0259 Rauf M\u0259likovun iddialar\u0131na cavab olaraq bildirilib ki, C\u0259lilabad \u015f\u0259h\u0259r 9 sayl\u0131 m\u0259kt\u0259b\u0259 r\u0259hb\u0259rlik direktor t\u0259yin olunana q\u0259d\u0259r m\u0259kt\u0259bd\u0259nk\u0259nar v\u0259 sinifd\u0259nxaric i\u015fl\u0259r \u00fczr\u0259 t\u0259\u015fkilat\u00e7\u0131 Abdul Rzayev\u0259 m\u00fcv\u0259qq\u0259ti h\u0259val\u0259 edilib.<\/p>\n\n\n\n<p>\u0130dar\u0259d\u0259n onu da bildiribl\u0259r ki, Abdul Rzayev direktor v\u0259zif\u0259sin\u0259 i\u015f\u0259 q\u0259bul imtahan\u0131nda 6 yox, 19 bal toplay\u0131b: <\/p>\n\n\n\n<p><em>\u201cKe\u00e7id bal\u0131n\u0131 toplamad\u0131\u011f\u0131 v\u0259 m\u00fcsahib\u0259d\u0259 i\u015ftirak etm\u0259diyi \u00fc\u00e7\u00fcn direktor v\u0259zif\u0259sin\u0259 t\u0259yin edilm\u0259yib\u201d.<\/em><\/p>\n\n\n\n<p>Rauf M\u0259likova da g\u0259linc\u0259, Regional T\u0259hsil \u0130dar\u0259sind\u0259n deyilib ki, o, \u015fagird say\u0131 500-d\u0259n az olan m\u00fc\u0259ssis\u0259l\u0259r \u00fczr\u0259 imtahanda i\u015ftirak edib, u\u011furlu n\u0259tic\u0259 g\u00f6st\u0259rib. Ona vakant yerl\u0259r (\u015fagird say\u0131 500-d\u0259n az olan m\u00fc\u0259ssis\u0259l\u0259r) t\u0259klif olunsa da, imtina edib. Bu s\u0259b\u0259bd\u0259n ehtiyat kadrlar siyah\u0131s\u0131na daxil edilib:<\/p>\n\n\n\n<p><em>\u201cC\u0259lilabad \u015f\u0259h\u0259r 9 n\u00f6mr\u0259li tam orta m\u0259kt\u0259bd\u0259 haz\u0131rda 600-d\u0259n \u00e7ox \u015fagird t\u0259hsil al\u0131r. Bu kateqoriyadan olan m\u00fc\u0259ssis\u0259l\u0259r \u00fc\u00e7\u00fcn m\u00fcsabiq\u0259 n\u00f6vb\u0259ti aylar \u0259rzind\u0259 t\u0259\u015fkil edil\u0259c\u0259k\u201d.<\/em><\/p>\n","protected":false},"excerpt":{"rendered":"<p>Direktor m\u00fcavini haqq\u0131n\u0131n tapdand\u0131\u011f\u0131n\u0131 iddia edir: \u201cRegion \u00fczr\u0259 \u0259n y\u00fcks\u0259k &#8230; <\/p>\n<p class=\"read-more-container\"><a title=\"C\u0259lilabadda m\u0259kt\u0259b direktoru t\u0259yinat\u0131yla ba\u011fl\u0131 naraz\u0131l\u0131q\" class=\"read-more button\" href=\"https:\/\/www.meydan.tv\/az\/article\/celilabadda-mekteb-direktoru-teyinatiyla-bagli-naraziliq\/#more-273943\" aria-label=\"Read more about C\u0259lilabadda m\u0259kt\u0259b direktoru t\u0259yinat\u0131yla ba\u011fl\u0131 naraz\u0131l\u0131q\">Davam\u0131<\/a><\/p>\n","protected":false},"author":8,"featured_media":273940,"comment_status":"closed","ping_status":"closed","sticky":false,"template":"","format":"standard","meta":{"_acf_changed":false,"_sitemap_exclude":false,"_sitemap_priority":"","_sitemap_frequency":"","footnotes":""},"categories":[60,56],"tags":[],"class_list":["post-273943","post","type-post","status-publish","format-standard","has-post-thumbnail","hentry","category-bolge","category-xeberler","infinite-scroll-item","generate-columns","tablet-grid-50","mobile-grid-100","grid-parent","grid-33","no-featured-image-padding"],"acf":[],"yoast_head":"<!-- This site is optimized with the Yoast SEO plugin v27.5 - https:\/\/yoast.com\/product\/yoast-seo-wordpress\/ -->\n<title>C\u0259lilabadda m\u0259kt\u0259b direktoru t\u0259yinat\u0131yla ba\u011fl\u0131 naraz\u0131l\u0131q - MEYDAN.TV<\/title>\n<meta name=\"robots\" content=\"index, follow, max-snippet:-1, max-image-preview:large, max-video-preview:-1\" \/>\n<link rel=\"canonical\" href=\"https:\/\/www.meydan.tv\/az\/article\/celilabadda-mekteb-direktoru-teyinatiyla-bagli-naraziliq\/\" \/>\n<meta property=\"og:locale\" content=\"az_AZ\" \/>\n<meta property=\"og:type\" content=\"article\" \/>\n<meta property=\"og:title\" content=\"C\u0259lilabadda m\u0259kt\u0259b direktoru t\u0259yinat\u0131yla ba\u011fl\u0131 naraz\u0131l\u0131q - MEYDAN.TV\" \/>\n<meta property=\"og:description\" content=\"Direktor m\u00fcavini haqq\u0131n\u0131n tapdand\u0131\u011f\u0131n\u0131 iddia edir: \u201cRegion \u00fczr\u0259 \u0259n y\u00fcks\u0259k ... Davam\u0131\" \/>\n<meta property=\"og:url\" content=\"https:\/\/www.meydan.tv\/az\/article\/celilabadda-mekteb-direktoru-teyinatiyla-bagli-naraziliq\/\" \/>\n<meta property=\"og:site_name\" content=\"MEYDAN.TV\" \/>\n<meta property=\"article:published_time\" content=\"2023-04-29T20:40:25+00:00\" \/>\n<meta property=\"article:modified_time\" content=\"2023-04-29T20:40:28+00:00\" \/>\n<meta property=\"og:image\" content=\"https:\/\/www.meydan.tv\/wp-content\/uploads\/photo-2023-04-27-15-50-37_720-1.jpg\" \/>\n\t<meta property=\"og:image:width\" content=\"1200\" \/>\n\t<meta property=\"og:image:height\" content=\"903\" \/>\n\t<meta property=\"og:image:type\" content=\"image\/jpeg\" \/>\n<meta name=\"author\" content=\"elli\" \/>\n<meta name=\"twitter:card\" content=\"summary_large_image\" \/>\n<meta name=\"twitter:creator\" content=\"@elli\" \/>\n<script type=\"application\/ld+json\" class=\"yoast-schema-graph\">{\"@context\":\"https:\\\/\\\/schema.org\",\"@graph\":[{\"@type\":\"Article\",\"@id\":\"https:\\\/\\\/www.meydan.tv\\\/az\\\/article\\\/celilabadda-mekteb-direktoru-teyinatiyla-bagli-naraziliq\\\/#article\",\"isPartOf\":{\"@id\":\"https:\\\/\\\/www.meydan.tv\\\/az\\\/article\\\/celilabadda-mekteb-direktoru-teyinatiyla-bagli-naraziliq\\\/\"},\"author\":{\"name\":\"elli\",\"@id\":\"https:\\\/\\\/www.meydan.tv\\\/az\\\/#\\\/schema\\\/person\\\/9cdbecf90d17180ce1dfbd95b08dcf47\"},\"headline\":\"C\u0259lilabadda m\u0259kt\u0259b direktoru t\u0259yinat\u0131yla ba\u011fl\u0131 naraz\u0131l\u0131q\",\"datePublished\":\"2023-04-29T20:40:25+00:00\",\"dateModified\":\"2023-04-29T20:40:28+00:00\",\"mainEntityOfPage\":{\"@id\":\"https:\\\/\\\/www.meydan.tv\\\/az\\\/article\\\/celilabadda-mekteb-direktoru-teyinatiyla-bagli-naraziliq\\\/\"},\"wordCount\":689,\"publisher\":{\"@id\":\"https:\\\/\\\/www.meydan.tv\\\/az\\\/#organization\"},\"image\":{\"@id\":\"https:\\\/\\\/www.meydan.tv\\\/az\\\/article\\\/celilabadda-mekteb-direktoru-teyinatiyla-bagli-naraziliq\\\/#primaryimage\"},\"thumbnailUrl\":\"https:\\\/\\\/www.meydan.tv\\\/wp-content\\\/uploads\\\/photo-2023-04-27-15-50-37_720-1.jpg\",\"articleSection\":[\"B\u00f6lg\u0259\",\"X\u0259b\u0259rl\u0259r\"],\"inLanguage\":\"az\"},{\"@type\":\"WebPage\",\"@id\":\"https:\\\/\\\/www.meydan.tv\\\/az\\\/article\\\/celilabadda-mekteb-direktoru-teyinatiyla-bagli-naraziliq\\\/\",\"url\":\"https:\\\/\\\/www.meydan.tv\\\/az\\\/article\\\/celilabadda-mekteb-direktoru-teyinatiyla-bagli-naraziliq\\\/\",\"name\":\"C\u0259lilabadda m\u0259kt\u0259b direktoru t\u0259yinat\u0131yla ba\u011fl\u0131 naraz\u0131l\u0131q - MEYDAN.TV\",\"isPartOf\":{\"@id\":\"https:\\\/\\\/www.meydan.tv\\\/az\\\/#website\"},\"primaryImageOfPage\":{\"@id\":\"https:\\\/\\\/www.meydan.tv\\\/az\\\/article\\\/celilabadda-mekteb-direktoru-teyinatiyla-bagli-naraziliq\\\/#primaryimage\"},\"image\":{\"@id\":\"https:\\\/\\\/www.meydan.tv\\\/az\\\/article\\\/celilabadda-mekteb-direktoru-teyinatiyla-bagli-naraziliq\\\/#primaryimage\"},\"thumbnailUrl\":\"https:\\\/\\\/www.meydan.tv\\\/wp-content\\\/uploads\\\/photo-2023-04-27-15-50-37_720-1.jpg\",\"datePublished\":\"2023-04-29T20:40:25+00:00\",\"dateModified\":\"2023-04-29T20:40:28+00:00\",\"breadcrumb\":{\"@id\":\"https:\\\/\\\/www.meydan.tv\\\/az\\\/article\\\/celilabadda-mekteb-direktoru-teyinatiyla-bagli-naraziliq\\\/#breadcrumb\"},\"inLanguage\":\"az\",\"potentialAction\":[{\"@type\":\"ReadAction\",\"target\":[\"https:\\\/\\\/www.meydan.tv\\\/az\\\/article\\\/celilabadda-mekteb-direktoru-teyinatiyla-bagli-naraziliq\\\/\"]}]},{\"@type\":\"ImageObject\",\"inLanguage\":\"az\",\"@id\":\"https:\\\/\\\/www.meydan.tv\\\/az\\\/article\\\/celilabadda-mekteb-direktoru-teyinatiyla-bagli-naraziliq\\\/#primaryimage\",\"url\":\"https:\\\/\\\/www.meydan.tv\\\/wp-content\\\/uploads\\\/photo-2023-04-27-15-50-37_720-1.jpg\",\"contentUrl\":\"https:\\\/\\\/www.meydan.tv\\\/wp-content\\\/uploads\\\/photo-2023-04-27-15-50-37_720-1.jpg\",\"width\":1200,\"height\":903,\"caption\":\"Fotolar: Meydan TV\"},{\"@type\":\"BreadcrumbList\",\"@id\":\"https:\\\/\\\/www.meydan.tv\\\/az\\\/article\\\/celilabadda-mekteb-direktoru-teyinatiyla-bagli-naraziliq\\\/#breadcrumb\",\"itemListElement\":[{\"@type\":\"ListItem\",\"position\":1,\"name\":\"Ana s\u0259hif\u0259\",\"item\":\"https:\\\/\\\/www.meydan.tv\\\/az\\\/\"},{\"@type\":\"ListItem\",\"position\":2,\"name\":\"B\u00f6lg\u0259\",\"item\":\"https:\\\/\\\/www.meydan.tv\\\/az\\\/section\\\/bolge\\\/\"},{\"@type\":\"ListItem\",\"position\":3,\"name\":\"C\u0259lilabadda m\u0259kt\u0259b direktoru t\u0259yinat\u0131yla ba\u011fl\u0131 naraz\u0131l\u0131q\"}]},{\"@type\":\"WebSite\",\"@id\":\"https:\\\/\\\/www.meydan.tv\\\/az\\\/#website\",\"url\":\"https:\\\/\\\/www.meydan.tv\\\/az\\\/\",\"name\":\"MEYDAN.TV\",\"description\":\"Meydan TV Az\u0259rbaycan\u0131n media m\u0259kan\u0131ndak\u0131 alternativ s\u0259sidir\",\"publisher\":{\"@id\":\"https:\\\/\\\/www.meydan.tv\\\/az\\\/#organization\"},\"potentialAction\":[{\"@type\":\"SearchAction\",\"target\":{\"@type\":\"EntryPoint\",\"urlTemplate\":\"https:\\\/\\\/www.meydan.tv\\\/az\\\/?s={search_term_string}\"},\"query-input\":{\"@type\":\"PropertyValueSpecification\",\"valueRequired\":true,\"valueName\":\"search_term_string\"}}],\"inLanguage\":\"az\"},{\"@type\":\"Organization\",\"@id\":\"https:\\\/\\\/www.meydan.tv\\\/az\\\/#organization\",\"name\":\"Meydan TV\",\"url\":\"https:\\\/\\\/www.meydan.tv\\\/az\\\/\",\"logo\":{\"@type\":\"ImageObject\",\"inLanguage\":\"az\",\"@id\":\"https:\\\/\\\/www.meydan.tv\\\/az\\\/#\\\/schema\\\/logo\\\/image\\\/\",\"url\":\"https:\\\/\\\/www.meydan.tv\\\/wp-content\\\/uploads\\\/2021\\\/07\\\/meydan-logo.svg\",\"contentUrl\":\"https:\\\/\\\/www.meydan.tv\\\/wp-content\\\/uploads\\\/2021\\\/07\\\/meydan-logo.svg\",\"width\":195,\"height\":46,\"caption\":\"Meydan TV\"},\"image\":{\"@id\":\"https:\\\/\\\/www.meydan.tv\\\/az\\\/#\\\/schema\\\/logo\\\/image\\\/\"}},{\"@type\":\"Person\",\"@id\":\"https:\\\/\\\/www.meydan.tv\\\/az\\\/#\\\/schema\\\/person\\\/9cdbecf90d17180ce1dfbd95b08dcf47\",\"name\":\"elli\",\"sameAs\":[\"https:\\\/\\\/x.com\\\/elli\"]}]}<\/script>\n<!-- \/ Yoast SEO plugin. -->","yoast_head_json":{"title":"C\u0259lilabadda m\u0259kt\u0259b direktoru t\u0259yinat\u0131yla ba\u011fl\u0131 naraz\u0131l\u0131q - MEYDAN.TV","robots":{"index":"index","follow":"follow","max-snippet":"max-snippet:-1","max-image-preview":"max-image-preview:large","max-video-preview":"max-video-preview:-1"},"canonical":"https:\/\/www.meydan.tv\/az\/article\/celilabadda-mekteb-direktoru-teyinatiyla-bagli-naraziliq\/","og_locale":"az_AZ","og_type":"article","og_title":"C\u0259lilabadda m\u0259kt\u0259b direktoru t\u0259yinat\u0131yla ba\u011fl\u0131 naraz\u0131l\u0131q - MEYDAN.TV","og_description":"Direktor m\u00fcavini haqq\u0131n\u0131n tapdand\u0131\u011f\u0131n\u0131 iddia edir: \u201cRegion \u00fczr\u0259 \u0259n y\u00fcks\u0259k ... Davam\u0131","og_url":"https:\/\/www.meydan.tv\/az\/article\/celilabadda-mekteb-direktoru-teyinatiyla-bagli-naraziliq\/","og_site_name":"MEYDAN.TV","article_published_time":"2023-04-29T20:40:25+00:00","article_modified_time":"2023-04-29T20:40:28+00:00","og_image":[{"width":1200,"height":903,"url":"https:\/\/www.meydan.tv\/wp-content\/uploads\/photo-2023-04-27-15-50-37_720-1.jpg","type":"image\/jpeg"}],"author":"elli","twitter_card":"summary_large_image","twitter_creator":"@elli","schema":{"@context":"https:\/\/schema.org","@graph":[{"@type":"Article","@id":"https:\/\/www.meydan.tv\/az\/article\/celilabadda-mekteb-direktoru-teyinatiyla-bagli-naraziliq\/#article","isPartOf":{"@id":"https:\/\/www.meydan.tv\/az\/article\/celilabadda-mekteb-direktoru-teyinatiyla-bagli-naraziliq\/"},"author":{"name":"elli","@id":"https:\/\/www.meydan.tv\/az\/#\/schema\/person\/9cdbecf90d17180ce1dfbd95b08dcf47"},"headline":"C\u0259lilabadda m\u0259kt\u0259b direktoru t\u0259yinat\u0131yla ba\u011fl\u0131 naraz\u0131l\u0131q","datePublished":"2023-04-29T20:40:25+00:00","dateModified":"2023-04-29T20:40:28+00:00","mainEntityOfPage":{"@id":"https:\/\/www.meydan.tv\/az\/article\/celilabadda-mekteb-direktoru-teyinatiyla-bagli-naraziliq\/"},"wordCount":689,"publisher":{"@id":"https:\/\/www.meydan.tv\/az\/#organization"},"image":{"@id":"https:\/\/www.meydan.tv\/az\/article\/celilabadda-mekteb-direktoru-teyinatiyla-bagli-naraziliq\/#primaryimage"},"thumbnailUrl":"https:\/\/www.meydan.tv\/wp-content\/uploads\/photo-2023-04-27-15-50-37_720-1.jpg","articleSection":["B\u00f6lg\u0259","X\u0259b\u0259rl\u0259r"],"inLanguage":"az"},{"@type":"WebPage","@id":"https:\/\/www.meydan.tv\/az\/article\/celilabadda-mekteb-direktoru-teyinatiyla-bagli-naraziliq\/","url":"https:\/\/www.meydan.tv\/az\/article\/celilabadda-mekteb-direktoru-teyinatiyla-bagli-naraziliq\/","name":"C\u0259lilabadda m\u0259kt\u0259b direktoru t\u0259yinat\u0131yla ba\u011fl\u0131 naraz\u0131l\u0131q - MEYDAN.TV","isPartOf":{"@id":"https:\/\/www.meydan.tv\/az\/#website"},"primaryImageOfPage":{"@id":"https:\/\/www.meydan.tv\/az\/article\/celilabadda-mekteb-direktoru-teyinatiyla-bagli-naraziliq\/#primaryimage"},"image":{"@id":"https:\/\/www.meydan.tv\/az\/article\/celilabadda-mekteb-direktoru-teyinatiyla-bagli-naraziliq\/#primaryimage"},"thumbnailUrl":"https:\/\/www.meydan.tv\/wp-content\/uploads\/photo-2023-04-27-15-50-37_720-1.jpg","datePublished":"2023-04-29T20:40:25+00:00","dateModified":"2023-04-29T20:40:28+00:00","breadcrumb":{"@id":"https:\/\/www.meydan.tv\/az\/article\/celilabadda-mekteb-direktoru-teyinatiyla-bagli-naraziliq\/#breadcrumb"},"inLanguage":"az","potentialAction":[{"@type":"ReadAction","target":["https:\/\/www.meydan.tv\/az\/article\/celilabadda-mekteb-direktoru-teyinatiyla-bagli-naraziliq\/"]}]},{"@type":"ImageObject","inLanguage":"az","@id":"https:\/\/www.meydan.tv\/az\/article\/celilabadda-mekteb-direktoru-teyinatiyla-bagli-naraziliq\/#primaryimage","url":"https:\/\/www.meydan.tv\/wp-content\/uploads\/photo-2023-04-27-15-50-37_720-1.jpg","contentUrl":"https:\/\/www.meydan.tv\/wp-content\/uploads\/photo-2023-04-27-15-50-37_720-1.jpg","width":1200,"height":903,"caption":"Fotolar: Meydan TV"},{"@type":"BreadcrumbList","@id":"https:\/\/www.meydan.tv\/az\/article\/celilabadda-mekteb-direktoru-teyinatiyla-bagli-naraziliq\/#breadcrumb","itemListElement":[{"@type":"ListItem","position":1,"name":"Ana s\u0259hif\u0259","item":"https:\/\/www.meydan.tv\/az\/"},{"@type":"ListItem","position":2,"name":"B\u00f6lg\u0259","item":"https:\/\/www.meydan.tv\/az\/section\/bolge\/"},{"@type":"ListItem","position":3,"name":"C\u0259lilabadda m\u0259kt\u0259b direktoru t\u0259yinat\u0131yla ba\u011fl\u0131 naraz\u0131l\u0131q"}]},{"@type":"WebSite","@id":"https:\/\/www.meydan.tv\/az\/#website","url":"https:\/\/www.meydan.tv\/az\/","name":"MEYDAN.TV","description":"Meydan TV Az\u0259rbaycan\u0131n media m\u0259kan\u0131ndak\u0131 alternativ s\u0259sidir","publisher":{"@id":"https:\/\/www.meydan.tv\/az\/#organization"},"potentialAction":[{"@type":"SearchAction","target":{"@type":"EntryPoint","urlTemplate":"https:\/\/www.meydan.tv\/az\/?s={search_term_string}"},"query-input":{"@type":"PropertyValueSpecification","valueRequired":true,"valueName":"search_term_string"}}],"inLanguage":"az"},{"@type":"Organization","@id":"https:\/\/www.meydan.tv\/az\/#organization","name":"Meydan TV","url":"https:\/\/www.meydan.tv\/az\/","logo":{"@type":"ImageObject","inLanguage":"az","@id":"https:\/\/www.meydan.tv\/az\/#\/schema\/logo\/image\/","url":"https:\/\/www.meydan.tv\/wp-content\/uploads\/2021\/07\/meydan-logo.svg","contentUrl":"https:\/\/www.meydan.tv\/wp-content\/uploads\/2021\/07\/meydan-logo.svg","width":195,"height":46,"caption":"Meydan TV"},"image":{"@id":"https:\/\/www.meydan.tv\/az\/#\/schema\/logo\/image\/"}},{"@type":"Person","@id":"https:\/\/www.meydan.tv\/az\/#\/schema\/person\/9cdbecf90d17180ce1dfbd95b08dcf47","name":"elli","sameAs":["https:\/\/x.com\/elli"]}]}},"_links":{"self":[{"href":"https:\/\/www.meydan.tv\/az\/wp-json\/wp\/v2\/posts\/273943","targetHints":{"allow":["GET"]}}],"collection":[{"href":"https:\/\/www.meydan.tv\/az\/wp-json\/wp\/v2\/posts"}],"about":[{"href":"https:\/\/www.meydan.tv\/az\/wp-json\/wp\/v2\/types\/post"}],"author":[{"embeddable":true,"href":"https:\/\/www.meydan.tv\/az\/wp-json\/wp\/v2\/users\/8"}],"replies":[{"embeddable":true,"href":"https:\/\/www.meydan.tv\/az\/wp-json\/wp\/v2\/comments?post=273943"}],"version-history":[{"count":1,"href":"https:\/\/www.meydan.tv\/az\/wp-json\/wp\/v2\/posts\/273943\/revisions"}],"predecessor-version":[{"id":273944,"href":"https:\/\/www.meydan.tv\/az\/wp-json\/wp\/v2\/posts\/273943\/revisions\/273944"}],"wp:featuredmedia":[{"embeddable":true,"href":"https:\/\/www.meydan.tv\/az\/wp-json\/wp\/v2\/media\/273940"}],"wp:attachment":[{"href":"https:\/\/www.meydan.tv\/az\/wp-json\/wp\/v2\/media?parent=273943"}],"wp:term":[{"taxonomy":"category","embeddable":true,"href":"https:\/\/www.meydan.tv\/az\/wp-json\/wp\/v2\/categories?post=273943"},{"taxonomy":"post_tag","embeddable":true,"href":"https:\/\/www.meydan.tv\/az\/wp-json\/wp\/v2\/tags?post=273943"}],"curies":[{"name":"wp","href":"https:\/\/api.w.org\/{rel}","templated":true}]}}