{"id":273924,"date":"2023-04-29T12:27:52","date_gmt":"2023-04-29T08:27:52","guid":{"rendered":"https:\/\/www.meydan.tv\/?p=273924"},"modified":"2023-04-29T19:19:10","modified_gmt":"2023-04-29T15:19:10","slug":"xalq-artisti-vefat-etdi-2","status":"publish","type":"post","link":"https:\/\/www.meydan.tv\/az\/article\/xalq-artisti-vefat-etdi-2\/","title":{"rendered":"Xalq artisti v\u0259fat etdi"},"content":{"rendered":"\n<p><br><em><strong>Aftandil \u0130srafilov<\/strong> <strong>uzun m\u00fcdd\u0259t m\u00fcalic\u0259 al\u0131rm\u0131\u015f<\/strong><\/em><\/p>\n\n\n\n<p>Xalq artisti, qarmon ifa\u00e7\u0131s\u0131 Aftandil \u0130srafilovun v\u0259fat etdiyi bildirilir.<\/p>\n\n\n\n<p>M\u0259lumat\u0131 M\u0259d\u0259niyy\u0259t Nazirliyi <a href=\"https:\/\/www.facebook.com\/photo\/?fbid=568951061992666&amp;set=a.260882952799480\">yay\u0131b<\/a>.<a href=\"\"><\/a><\/p>\n\n\n\n<p>Aftandil \u0130srafilov 2022-ci ilin noyabr\u0131nda x\u0259st\u0259xanaya yerl\u0259\u015fdirilmi\u015fdi.<\/p>\n\n\n\n<p>Daha sonra ev\u0259 burax\u0131lan musiqi\u00e7inin dekabrda yenid\u0259n v\u0259ziyy\u0259ti a\u011f\u0131rla\u015fd\u0131\u011f\u0131 \u00fc\u00e7\u00fcn t\u0259krar x\u0259st\u0259xanaya apar\u0131lm\u0131\u015fd\u0131. S\u0259n\u0259t\u00e7i uzun m\u00fcdd\u0259t m\u00fcalic\u0259 ald\u0131qdan sonra ev\u0259 burax\u0131lm\u0131\u015fd\u0131.<\/p>\n\n\n\n<p>Aftandil \u0130srafilovun q\u0131z\u0131 2023-c\u00fc ilin mart\u0131nda atas\u0131n\u0131n v\u0259ziyy\u0259til\u0259 \u0259laq\u0259dar dan\u0131\u015fark\u0259n, s\u0259hh\u0259tind\u0259 bir \u00e7ox problemin oldu\u011funu demi\u015fdi:<\/p>\n\n\n\n<p>\u201c<em>\u00dcr\u0259yinin i\u015femik x\u0259st\u0259liyi, m\u0259d\u0259-ba\u011f\u0131rsaq qanaxmas\u0131 var, ayaqlar\u0131 \u015fi\u015fib. B\u00fct\u00fcn bunlar b\u00f6yr\u0259y\u0259 d\u0259 t\u0259sir edib. Eyni zamanda \u00fcr\u0259k \u00e7at\u0131\u015fmazl\u0131\u011f\u0131ndan \u0259ziyy\u0259t \u00e7\u0259kir. H\u0259kiml\u0259r x\u0259st\u0259xanada qalmas\u0131n\u0131 m\u0259sl\u0259h\u0259t g\u00f6rd\u00fcl\u0259r. Haz\u0131rda m\u00fcalic\u0259 al\u0131r\u201d.<\/em><\/p>\n\n\n\n<p>Aftandil \u0130srafilov 1941-ci il yanvar\u0131n 24-d\u0259 Bak\u0131da do\u011fulub.<\/p>\n\n\n\n<p>O, Az\u0259rbaycanla yana\u015f\u0131, h\u0259m d\u0259 Da\u011f\u0131stan\u0131n Xalq artistidir. \u201cZemfira\u201d, \u201cK\u0259mal\u0259\u201d, \u201cNazil\u0259\u201d, \u201cAynur\u0259\u201d, \u201cJal\u0259\u201d, \u201cBasqal\u0131\u201d kimi 100-\u0259 q\u0259d\u0259r musiqi havas\u0131n\u0131n m\u00fc\u0259llifidir.<\/p>\n","protected":false},"excerpt":{"rendered":"<p>Aftandil \u0130srafilov uzun m\u00fcdd\u0259t m\u00fcalic\u0259 al\u0131rm\u0131\u015f Xalq artisti, qarmon ifa\u00e7\u0131s\u0131 &#8230; <\/p>\n<p class=\"read-more-container\"><a title=\"Xalq artisti v\u0259fat etdi\" class=\"read-more button\" href=\"https:\/\/www.meydan.tv\/az\/article\/xalq-artisti-vefat-etdi-2\/#more-273924\" aria-label=\"Read more about Xalq artisti v\u0259fat etdi\">Davam\u0131<\/a><\/p>\n","protected":false},"author":18,"featured_media":273928,"comment_status":"closed","ping_status":"closed","sticky":false,"template":"","format":"standard","meta":{"_acf_changed":false,"_sitemap_exclude":false,"_sitemap_priority":"","_sitemap_frequency":"","footnotes":""},"categories":[52,56],"tags":[],"class_list":["post-273924","post","type-post","status-publish","format-standard","has-post-thumbnail","hentry","category-medeniyyet","category-xeberler","infinite-scroll-item","generate-columns","tablet-grid-50","mobile-grid-100","grid-parent","grid-33","no-featured-image-padding"],"acf":[],"yoast_head":"<!-- This site is optimized with the Yoast SEO plugin v27.4 - https:\/\/yoast.com\/product\/yoast-seo-wordpress\/ -->\n<title>Xalq artisti v\u0259fat etdi - MEYDAN.TV<\/title>\n<meta name=\"robots\" content=\"index, follow, max-snippet:-1, max-image-preview:large, max-video-preview:-1\" \/>\n<link rel=\"canonical\" href=\"https:\/\/www.meydan.tv\/az\/article\/xalq-artisti-vefat-etdi-2\/\" \/>\n<meta property=\"og:locale\" content=\"az_AZ\" \/>\n<meta property=\"og:type\" content=\"article\" \/>\n<meta property=\"og:title\" content=\"Xalq artisti v\u0259fat etdi - MEYDAN.TV\" \/>\n<meta property=\"og:description\" content=\"Aftandil \u0130srafilov uzun m\u00fcdd\u0259t m\u00fcalic\u0259 al\u0131rm\u0131\u015f Xalq artisti, qarmon ifa\u00e7\u0131s\u0131 ... Davam\u0131\" \/>\n<meta property=\"og:url\" content=\"https:\/\/www.meydan.tv\/az\/article\/xalq-artisti-vefat-etdi-2\/\" \/>\n<meta property=\"og:site_name\" content=\"MEYDAN.TV\" \/>\n<meta property=\"article:published_time\" content=\"2023-04-29T08:27:52+00:00\" \/>\n<meta property=\"article:modified_time\" content=\"2023-04-29T15:19:10+00:00\" \/>\n<meta property=\"og:image\" content=\"https:\/\/www.meydan.tv\/wp-content\/uploads\/maxresdefault-3-1-e1682781539771.jpg\" \/>\n\t<meta property=\"og:image:width\" content=\"1280\" \/>\n\t<meta property=\"og:image:height\" content=\"508\" \/>\n\t<meta property=\"og:image:type\" content=\"image\/jpeg\" \/>\n<meta name=\"author\" content=\"miron\" \/>\n<meta name=\"twitter:card\" content=\"summary_large_image\" \/>\n<script type=\"application\/ld+json\" class=\"yoast-schema-graph\">{\"@context\":\"https:\\\/\\\/schema.org\",\"@graph\":[{\"@type\":\"Article\",\"@id\":\"https:\\\/\\\/www.meydan.tv\\\/az\\\/article\\\/xalq-artisti-vefat-etdi-2\\\/#article\",\"isPartOf\":{\"@id\":\"https:\\\/\\\/www.meydan.tv\\\/az\\\/article\\\/xalq-artisti-vefat-etdi-2\\\/\"},\"author\":{\"name\":\"miron\",\"@id\":\"https:\\\/\\\/www.meydan.tv\\\/az\\\/#\\\/schema\\\/person\\\/981b0b284aeaa9ad0cbf814cd4a9d67c\"},\"headline\":\"Xalq artisti v\u0259fat etdi\",\"datePublished\":\"2023-04-29T08:27:52+00:00\",\"dateModified\":\"2023-04-29T15:19:10+00:00\",\"mainEntityOfPage\":{\"@id\":\"https:\\\/\\\/www.meydan.tv\\\/az\\\/article\\\/xalq-artisti-vefat-etdi-2\\\/\"},\"wordCount\":218,\"publisher\":{\"@id\":\"https:\\\/\\\/www.meydan.tv\\\/az\\\/#organization\"},\"image\":{\"@id\":\"https:\\\/\\\/www.meydan.tv\\\/az\\\/article\\\/xalq-artisti-vefat-etdi-2\\\/#primaryimage\"},\"thumbnailUrl\":\"https:\\\/\\\/www.meydan.tv\\\/wp-content\\\/uploads\\\/maxresdefault-3-1-e1682781539771.jpg\",\"articleSection\":[\"M\u0259d\u0259niyy\u0259t\",\"X\u0259b\u0259rl\u0259r\"],\"inLanguage\":\"az\"},{\"@type\":\"WebPage\",\"@id\":\"https:\\\/\\\/www.meydan.tv\\\/az\\\/article\\\/xalq-artisti-vefat-etdi-2\\\/\",\"url\":\"https:\\\/\\\/www.meydan.tv\\\/az\\\/article\\\/xalq-artisti-vefat-etdi-2\\\/\",\"name\":\"Xalq artisti v\u0259fat etdi - MEYDAN.TV\",\"isPartOf\":{\"@id\":\"https:\\\/\\\/www.meydan.tv\\\/az\\\/#website\"},\"primaryImageOfPage\":{\"@id\":\"https:\\\/\\\/www.meydan.tv\\\/az\\\/article\\\/xalq-artisti-vefat-etdi-2\\\/#primaryimage\"},\"image\":{\"@id\":\"https:\\\/\\\/www.meydan.tv\\\/az\\\/article\\\/xalq-artisti-vefat-etdi-2\\\/#primaryimage\"},\"thumbnailUrl\":\"https:\\\/\\\/www.meydan.tv\\\/wp-content\\\/uploads\\\/maxresdefault-3-1-e1682781539771.jpg\",\"datePublished\":\"2023-04-29T08:27:52+00:00\",\"dateModified\":\"2023-04-29T15:19:10+00:00\",\"breadcrumb\":{\"@id\":\"https:\\\/\\\/www.meydan.tv\\\/az\\\/article\\\/xalq-artisti-vefat-etdi-2\\\/#breadcrumb\"},\"inLanguage\":\"az\",\"potentialAction\":[{\"@type\":\"ReadAction\",\"target\":[\"https:\\\/\\\/www.meydan.tv\\\/az\\\/article\\\/xalq-artisti-vefat-etdi-2\\\/\"]}]},{\"@type\":\"ImageObject\",\"inLanguage\":\"az\",\"@id\":\"https:\\\/\\\/www.meydan.tv\\\/az\\\/article\\\/xalq-artisti-vefat-etdi-2\\\/#primaryimage\",\"url\":\"https:\\\/\\\/www.meydan.tv\\\/wp-content\\\/uploads\\\/maxresdefault-3-1-e1682781539771.jpg\",\"contentUrl\":\"https:\\\/\\\/www.meydan.tv\\\/wp-content\\\/uploads\\\/maxresdefault-3-1-e1682781539771.jpg\",\"width\":1280,\"height\":508,\"caption\":\"Screenshot\\\\ youtube\"},{\"@type\":\"BreadcrumbList\",\"@id\":\"https:\\\/\\\/www.meydan.tv\\\/az\\\/article\\\/xalq-artisti-vefat-etdi-2\\\/#breadcrumb\",\"itemListElement\":[{\"@type\":\"ListItem\",\"position\":1,\"name\":\"Ana s\u0259hif\u0259\",\"item\":\"https:\\\/\\\/www.meydan.tv\\\/az\\\/\"},{\"@type\":\"ListItem\",\"position\":2,\"name\":\"X\u0259b\u0259rl\u0259r\",\"item\":\"https:\\\/\\\/www.meydan.tv\\\/az\\\/section\\\/xeberler\\\/\"},{\"@type\":\"ListItem\",\"position\":3,\"name\":\"Xalq artisti v\u0259fat etdi\"}]},{\"@type\":\"WebSite\",\"@id\":\"https:\\\/\\\/www.meydan.tv\\\/az\\\/#website\",\"url\":\"https:\\\/\\\/www.meydan.tv\\\/az\\\/\",\"name\":\"MEYDAN.TV\",\"description\":\"Meydan TV Az\u0259rbaycan\u0131n media m\u0259kan\u0131ndak\u0131 alternativ s\u0259sidir\",\"publisher\":{\"@id\":\"https:\\\/\\\/www.meydan.tv\\\/az\\\/#organization\"},\"potentialAction\":[{\"@type\":\"SearchAction\",\"target\":{\"@type\":\"EntryPoint\",\"urlTemplate\":\"https:\\\/\\\/www.meydan.tv\\\/az\\\/?s={search_term_string}\"},\"query-input\":{\"@type\":\"PropertyValueSpecification\",\"valueRequired\":true,\"valueName\":\"search_term_string\"}}],\"inLanguage\":\"az\"},{\"@type\":\"Organization\",\"@id\":\"https:\\\/\\\/www.meydan.tv\\\/az\\\/#organization\",\"name\":\"Meydan TV\",\"url\":\"https:\\\/\\\/www.meydan.tv\\\/az\\\/\",\"logo\":{\"@type\":\"ImageObject\",\"inLanguage\":\"az\",\"@id\":\"https:\\\/\\\/www.meydan.tv\\\/az\\\/#\\\/schema\\\/logo\\\/image\\\/\",\"url\":\"https:\\\/\\\/www.meydan.tv\\\/wp-content\\\/uploads\\\/2021\\\/07\\\/meydan-logo.svg\",\"contentUrl\":\"https:\\\/\\\/www.meydan.tv\\\/wp-content\\\/uploads\\\/2021\\\/07\\\/meydan-logo.svg\",\"width\":195,\"height\":46,\"caption\":\"Meydan TV\"},\"image\":{\"@id\":\"https:\\\/\\\/www.meydan.tv\\\/az\\\/#\\\/schema\\\/logo\\\/image\\\/\"}},{\"@type\":\"Person\",\"@id\":\"https:\\\/\\\/www.meydan.tv\\\/az\\\/#\\\/schema\\\/person\\\/981b0b284aeaa9ad0cbf814cd4a9d67c\",\"name\":\"miron\"}]}<\/script>\n<!-- \/ Yoast SEO plugin. -->","yoast_head_json":{"title":"Xalq artisti v\u0259fat etdi - MEYDAN.TV","robots":{"index":"index","follow":"follow","max-snippet":"max-snippet:-1","max-image-preview":"max-image-preview:large","max-video-preview":"max-video-preview:-1"},"canonical":"https:\/\/www.meydan.tv\/az\/article\/xalq-artisti-vefat-etdi-2\/","og_locale":"az_AZ","og_type":"article","og_title":"Xalq artisti v\u0259fat etdi - MEYDAN.TV","og_description":"Aftandil \u0130srafilov uzun m\u00fcdd\u0259t m\u00fcalic\u0259 al\u0131rm\u0131\u015f Xalq artisti, qarmon ifa\u00e7\u0131s\u0131 ... Davam\u0131","og_url":"https:\/\/www.meydan.tv\/az\/article\/xalq-artisti-vefat-etdi-2\/","og_site_name":"MEYDAN.TV","article_published_time":"2023-04-29T08:27:52+00:00","article_modified_time":"2023-04-29T15:19:10+00:00","og_image":[{"width":1280,"height":508,"url":"https:\/\/www.meydan.tv\/wp-content\/uploads\/maxresdefault-3-1-e1682781539771.jpg","type":"image\/jpeg"}],"author":"miron","twitter_card":"summary_large_image","schema":{"@context":"https:\/\/schema.org","@graph":[{"@type":"Article","@id":"https:\/\/www.meydan.tv\/az\/article\/xalq-artisti-vefat-etdi-2\/#article","isPartOf":{"@id":"https:\/\/www.meydan.tv\/az\/article\/xalq-artisti-vefat-etdi-2\/"},"author":{"name":"miron","@id":"https:\/\/www.meydan.tv\/az\/#\/schema\/person\/981b0b284aeaa9ad0cbf814cd4a9d67c"},"headline":"Xalq artisti v\u0259fat etdi","datePublished":"2023-04-29T08:27:52+00:00","dateModified":"2023-04-29T15:19:10+00:00","mainEntityOfPage":{"@id":"https:\/\/www.meydan.tv\/az\/article\/xalq-artisti-vefat-etdi-2\/"},"wordCount":218,"publisher":{"@id":"https:\/\/www.meydan.tv\/az\/#organization"},"image":{"@id":"https:\/\/www.meydan.tv\/az\/article\/xalq-artisti-vefat-etdi-2\/#primaryimage"},"thumbnailUrl":"https:\/\/www.meydan.tv\/wp-content\/uploads\/maxresdefault-3-1-e1682781539771.jpg","articleSection":["M\u0259d\u0259niyy\u0259t","X\u0259b\u0259rl\u0259r"],"inLanguage":"az"},{"@type":"WebPage","@id":"https:\/\/www.meydan.tv\/az\/article\/xalq-artisti-vefat-etdi-2\/","url":"https:\/\/www.meydan.tv\/az\/article\/xalq-artisti-vefat-etdi-2\/","name":"Xalq artisti v\u0259fat etdi - MEYDAN.TV","isPartOf":{"@id":"https:\/\/www.meydan.tv\/az\/#website"},"primaryImageOfPage":{"@id":"https:\/\/www.meydan.tv\/az\/article\/xalq-artisti-vefat-etdi-2\/#primaryimage"},"image":{"@id":"https:\/\/www.meydan.tv\/az\/article\/xalq-artisti-vefat-etdi-2\/#primaryimage"},"thumbnailUrl":"https:\/\/www.meydan.tv\/wp-content\/uploads\/maxresdefault-3-1-e1682781539771.jpg","datePublished":"2023-04-29T08:27:52+00:00","dateModified":"2023-04-29T15:19:10+00:00","breadcrumb":{"@id":"https:\/\/www.meydan.tv\/az\/article\/xalq-artisti-vefat-etdi-2\/#breadcrumb"},"inLanguage":"az","potentialAction":[{"@type":"ReadAction","target":["https:\/\/www.meydan.tv\/az\/article\/xalq-artisti-vefat-etdi-2\/"]}]},{"@type":"ImageObject","inLanguage":"az","@id":"https:\/\/www.meydan.tv\/az\/article\/xalq-artisti-vefat-etdi-2\/#primaryimage","url":"https:\/\/www.meydan.tv\/wp-content\/uploads\/maxresdefault-3-1-e1682781539771.jpg","contentUrl":"https:\/\/www.meydan.tv\/wp-content\/uploads\/maxresdefault-3-1-e1682781539771.jpg","width":1280,"height":508,"caption":"Screenshot\\ youtube"},{"@type":"BreadcrumbList","@id":"https:\/\/www.meydan.tv\/az\/article\/xalq-artisti-vefat-etdi-2\/#breadcrumb","itemListElement":[{"@type":"ListItem","position":1,"name":"Ana s\u0259hif\u0259","item":"https:\/\/www.meydan.tv\/az\/"},{"@type":"ListItem","position":2,"name":"X\u0259b\u0259rl\u0259r","item":"https:\/\/www.meydan.tv\/az\/section\/xeberler\/"},{"@type":"ListItem","position":3,"name":"Xalq artisti v\u0259fat etdi"}]},{"@type":"WebSite","@id":"https:\/\/www.meydan.tv\/az\/#website","url":"https:\/\/www.meydan.tv\/az\/","name":"MEYDAN.TV","description":"Meydan TV Az\u0259rbaycan\u0131n media m\u0259kan\u0131ndak\u0131 alternativ s\u0259sidir","publisher":{"@id":"https:\/\/www.meydan.tv\/az\/#organization"},"potentialAction":[{"@type":"SearchAction","target":{"@type":"EntryPoint","urlTemplate":"https:\/\/www.meydan.tv\/az\/?s={search_term_string}"},"query-input":{"@type":"PropertyValueSpecification","valueRequired":true,"valueName":"search_term_string"}}],"inLanguage":"az"},{"@type":"Organization","@id":"https:\/\/www.meydan.tv\/az\/#organization","name":"Meydan TV","url":"https:\/\/www.meydan.tv\/az\/","logo":{"@type":"ImageObject","inLanguage":"az","@id":"https:\/\/www.meydan.tv\/az\/#\/schema\/logo\/image\/","url":"https:\/\/www.meydan.tv\/wp-content\/uploads\/2021\/07\/meydan-logo.svg","contentUrl":"https:\/\/www.meydan.tv\/wp-content\/uploads\/2021\/07\/meydan-logo.svg","width":195,"height":46,"caption":"Meydan TV"},"image":{"@id":"https:\/\/www.meydan.tv\/az\/#\/schema\/logo\/image\/"}},{"@type":"Person","@id":"https:\/\/www.meydan.tv\/az\/#\/schema\/person\/981b0b284aeaa9ad0cbf814cd4a9d67c","name":"miron"}]}},"_links":{"self":[{"href":"https:\/\/www.meydan.tv\/az\/wp-json\/wp\/v2\/posts\/273924","targetHints":{"allow":["GET"]}}],"collection":[{"href":"https:\/\/www.meydan.tv\/az\/wp-json\/wp\/v2\/posts"}],"about":[{"href":"https:\/\/www.meydan.tv\/az\/wp-json\/wp\/v2\/types\/post"}],"author":[{"embeddable":true,"href":"https:\/\/www.meydan.tv\/az\/wp-json\/wp\/v2\/users\/18"}],"replies":[{"embeddable":true,"href":"https:\/\/www.meydan.tv\/az\/wp-json\/wp\/v2\/comments?post=273924"}],"version-history":[{"count":2,"href":"https:\/\/www.meydan.tv\/az\/wp-json\/wp\/v2\/posts\/273924\/revisions"}],"predecessor-version":[{"id":273935,"href":"https:\/\/www.meydan.tv\/az\/wp-json\/wp\/v2\/posts\/273924\/revisions\/273935"}],"wp:featuredmedia":[{"embeddable":true,"href":"https:\/\/www.meydan.tv\/az\/wp-json\/wp\/v2\/media\/273928"}],"wp:attachment":[{"href":"https:\/\/www.meydan.tv\/az\/wp-json\/wp\/v2\/media?parent=273924"}],"wp:term":[{"taxonomy":"category","embeddable":true,"href":"https:\/\/www.meydan.tv\/az\/wp-json\/wp\/v2\/categories?post=273924"},{"taxonomy":"post_tag","embeddable":true,"href":"https:\/\/www.meydan.tv\/az\/wp-json\/wp\/v2\/tags?post=273924"}],"curies":[{"name":"wp","href":"https:\/\/api.w.org\/{rel}","templated":true}]}}