{"id":273897,"date":"2023-04-28T17:23:22","date_gmt":"2023-04-28T13:23:22","guid":{"rendered":"https:\/\/www.meydan.tv\/?p=273897"},"modified":"2023-04-28T17:23:24","modified_gmt":"2023-04-28T13:23:24","slug":"azeriqazin-bolgelerde-abonentleri-kutlevi-cerimelediyi-deyilir","status":"publish","type":"post","link":"https:\/\/www.meydan.tv\/az\/article\/azeriqazin-bolgelerde-abonentleri-kutlevi-cerimelediyi-deyilir\/","title":{"rendered":"\u201cAz\u0259riqaz\u201d\u0131n b\u00f6lg\u0259l\u0259rd\u0259 abonentl\u0259ri k\u00fctl\u0259vi c\u0259rim\u0259l\u0259diyi deyilir"},"content":{"rendered":"\n<p><\/p>\n\n\n\n<p><strong><em>Qurum \u015fikay\u0259t\u00e7il\u0259rin dedikl\u0259ri il\u0259 raz\u0131la\u015fm\u0131r<\/em><\/strong><\/p>\n\n\n\n<p>Astara sakini qaz say\u011fac\u0131na k\u0259nar m\u00fcdaxil\u0259 iddias\u0131 il\u0259 c\u0259rim\u0259 olunmas\u0131ndan naraz\u0131d\u0131r.<\/p>\n\n\n\n<p>Bu bar\u0259d\u0259 Meydan TV-y\u0259 dan\u0131\u015fan Astara rayon sakini Murad M\u0259mm\u0259dov deyir ki, qurum r\u0259smil\u0259ri ona m\u0259hk\u0259m\u0259y\u0259 m\u00fcraci\u0259t etm\u0259yi m\u0259sl\u0259h\u0259t g\u00f6r\u00fcbl\u0259r. \u015eikay\u0259t\u00e7inin s\u00f6zl\u0259rin\u0259 g\u00f6r\u0259, m\u0259hk\u0259m\u0259y\u0259 m\u00fcraci\u0259t etm\u0259k ist\u0259yir, amma aylarla s\u00fcr\u0259n m\u0259hk\u0259m\u0259 iclaslar\u0131 v\u0259 \u0259lav\u0259 x\u0259rcl\u0259r\u0259 g\u00f6r\u0259 t\u0259r\u0259dd\u00fcd edir.<\/p>\n\n\n\n<p>Astarada mart ay\u0131nda 300-\u0259 yax\u0131n abonentin say\u011faca k\u0259nar m\u00fcdaxil\u0259 ad\u0131 il\u0259 c\u0259rim\u0259l\u0259ndiyi bildirilir. El\u0259c\u0259 d\u0259 A\u011fda\u015f, Zaqatala, Ucar, \u015e\u0259ki v\u0259 dig\u0259r b\u00f6lg\u0259l\u0259rd\u0259n d\u0259 abonentl\u0259rin k\u00fctl\u0259vi c\u0259rim\u0259l\u0259nm\u0259si il\u0259 ba\u011fl\u0131 x\u0259b\u0259rl\u0259r yay\u0131l\u0131b.<\/p>\n\n\n\n<p>Neft\u00e7il\u0259rin H\u00fcquqlar\u0131n\u0131 M\u00fcdafi\u0259 Komit\u0259sinin s\u0259dri Mirvari Q\u0259hr\u0259manl\u0131 bildirib ki, bununla ba\u011fl\u0131 t\u0259\u015fkilata onlarla \u015fikay\u0259t daxil olub. Qarada\u011f rayonu L\u00f6kbatan q\u0259s\u0259b\u0259sind\u0259n abonent Samir Quliyev, o c\u00fcml\u0259d\u0259n dig\u0259r rayonlardan Rahim Nasirov, Elm\u0259ddin Rzayev v\u0259 daha onlarla \u015f\u0259xs bildiri\u015fl\u0259rl\u0259 birg\u0259 m\u00fcraci\u0259t edibl\u0259r. Bununla ba\u011fl\u0131 m\u0259hk\u0259m\u0259 prosesl\u0259ri d\u0259 var v\u0259 \u00e7ox zaman abonentl\u0259rin xeyrin\u0259 q\u0259rar verilir.<\/p>\n\n\n\n<p>\u201c<em>M\u0259lumatlara g\u00f6r\u0259 \u201cxususi qrup\u201d yarad\u0131l\u0131b v\u0259 say\u011faclar k\u00fctl\u0259vi yoxlan\u0131l\u0131r. H\u0259tta bayramda g\u00fccl\u0259nmi\u015f i\u015f rejimind\u0259 \u00e7al\u0131\u015f\u0131blar. M\u0259qs\u0259d guya ki, regionlarda qurumun n\u0259tic\u0259l\u0259rini y\u00fcks\u0259ltm\u0259kdir\u201d,<\/em>&#8211; h\u00fcquq m\u00fcdafi\u0259\u00e7isi deyib.<\/p>\n\n\n\n<p>Mirvari Q\u0259hr\u0259manl\u0131 bildirib ki, abonentl\u0259r bununla ba\u011fl\u0131 m\u0259hk\u0259m\u0259y\u0259 m\u00fcraci\u0259t etm\u0259lidirl\u0259r:<\/p>\n\n\n\n<p><em>\u201cAld\u0131\u011f\u0131m m\u0259lumata g\u00f6r\u0259, \u201cqaz itkisi\u201d il\u0259 ba\u011fl\u0131 g\u00f6st\u0259ricil\u0259rin a\u015fa\u011f\u0131 sal\u0131nmas\u0131 m\u0259qs\u0259dil\u0259 qurumun Metrologiya v\u0259 N\u0259zar\u0259t \u015e\u00f6b\u0259sinin tap\u015f\u0131r\u0131\u011f\u0131 il\u0259 regionlara g\u00f6nd\u0259ril\u0259n qruplar\u0131n \u00fcz\u0259rin\u0259 m\u00fc\u0259yy\u0259n \u00f6hd\u0259likl\u0259r qoyulub. H\u0259tta bayram g\u00fcnl\u0259rind\u0259 i\u015f\u0259 c\u0259lb olunduqlar\u0131na g\u00f6r\u0259 ikiqat \u0259m\u0259khaqq\u0131 v\u0259 52 g\u00fcn ezamiyy\u0259t x\u0259rci \u00f6d\u0259nil\u0259c\u0259k\u201d.<\/em><\/p>\n\n\n\n<p>Q\u0259hr\u0259manl\u0131 s\u00f6yl\u0259yib ki, m\u00fclki geyimd\u0259 olan \u015f\u0259xsl\u0259r qaz say\u011fac\u0131na toxuna, yoxlaya, m\u00fcvafiq s\u0259n\u0259tl\u0259\u015fm\u0259 apara bilm\u0259zl\u0259r.<\/p>\n\n\n\n<p>\u201cAz\u0259riqaz\u201d \u0130stehsalat Birliyinin m\u0259tbuat katibi Eld\u0259niz V\u0259liyev Meydan TV-y\u0259 bildirib ki, qurumun abonentl\u0259ri c\u0259rim\u0259l\u0259m\u0259k s\u0259lahiyy\u0259ti yoxdur.&nbsp; Onlar\u0131n \u0259m\u0259kda\u015flar\u0131 sad\u0259c\u0259 olaraq d\u0259ymi\u015f z\u0259r\u0259ri hesablay\u0131b abonent\u0259 t\u0259qdim edir. Abonent ya raz\u0131la\u015f\u0131b \u00f6d\u0259yir, ya da raz\u0131la\u015fm\u0131r, m\u0259s\u0259l\u0259 h\u0259tta m\u0259hk\u0259m\u0259y\u0259 q\u0259d\u0259r gedib \u00e7\u0131xa bilir:<\/p>\n\n\n\n<p><em>\u201cSay\u011faclar\u0131n yoxlanmas\u0131 \u00fc\u00e7\u00fcn xususi komissiya yaratma\u011fa ehtiyac yoxdur. Qurumun Metrologiya Departamenti var. Avropan\u0131n \u0259n apar\u0131c\u0131 \u015firk\u0259tl\u0259rinin istehsal etdiyi avadanl\u0131qlarla t\u0259chiz olunub. \u0130stehsal\u00e7\u0131 \u015firk\u0259tl\u0259r ild\u0259 bir d\u0259f\u0259 g\u0259lib h\u0259min avadanl\u0131qlar\u0131 yoxlay\u0131rlar\u201d.<\/em><\/p>\n\n\n\n<p>Eld\u0259niz V\u0259liyev qeyd edib ki, ist\u0259s\u0259l\u0259r bel\u0259 h\u0259min avadanl\u0131qlara m\u00fcdaxil\u0259 etm\u0259k imkan\u0131 yoxdur. Abonentin evind\u0259n \u00e7\u0131xar\u0131lm\u0131\u015f, istehsal m\u00fcdd\u0259ti tamamlanm\u0131\u015f say\u011faclar orada yoxlan\u0131l\u0131r. Abonentl\u0259r\u0259 d\u0259 \u00e7atd\u0131r\u0131l\u0131r ki, say\u011faclar\u0131n t\u0259fti\u015find\u0259 i\u015ftirak etsinl\u0259r ki, sonradan m\u0259s\u0259l\u0259 m\u00fcbahis\u0259 predmentin\u0259 \u00e7evrilm\u0259sin.<\/p>\n\n\n\n<p>\u201c<em>Elanlar da vermi\u015fik, bildirmi\u015fik ki, kimin say\u011facla ba\u011fl\u0131 \u015f\u00fcbh\u0259si varsa, biz\u0259 m\u00fcraci\u0259t etsin. Abonentl\u0259r ist\u0259yirl\u0259rs\u0259 yoxlama prosesin\u0259 \u00f6zl\u0259ri m\u00fct\u0259x\u0259ssisl\u0259r d\u0259 c\u0259lb ed\u0259 bil\u0259rl\u0259r. Say\u011faclar\u0131n\u0131 g\u00f6t\u00fcr\u0259k, plomblanm\u0131\u015f qutulara qoyaq, Metrologiya Departamentin\u0259 aparaq v\u0259 \u00f6zl\u0259ri d\u0259 h\u0259min yoxlama prosesind\u0259 i\u015ftirak etsinl\u0259r. Elan veril\u0259nd\u0259n sonra c\u0259mi 10-dan \u00e7ox abonent qat\u0131ld\u0131\u201d,<\/em> &#8211; Eld\u0259niz V\u0259liyev bildirib.<\/p>\n\n\n\n<p>M\u0259tbuat katibi deyib ki, abonentl\u0259rin \u00f6zl\u0259ri d\u0259 \u0259yani olaraq mexaniki say\u011faclar\u0131n smart say\u011faclardan art\u0131q yazd\u0131\u011f\u0131n\u0131n \u015fahidi olmay\u0131blar:<\/p>\n\n\n\n<p>\u201c<em>Y\u0259ni ki, komissiya yaratma\u011fa ehtiyac yoxdur. Departamentd\u0259 yoxlama prosesind\u0259 ist\u0259nil\u0259n abonent i\u015ftirak ed\u0259 bil\u0259r\u201d.<\/em><\/p>\n","protected":false},"excerpt":{"rendered":"<p>Qurum \u015fikay\u0259t\u00e7il\u0259rin dedikl\u0259ri il\u0259 raz\u0131la\u015fm\u0131r Astara sakini qaz say\u011fac\u0131na k\u0259nar &#8230; <\/p>\n<p class=\"read-more-container\"><a title=\"\u201cAz\u0259riqaz\u201d\u0131n b\u00f6lg\u0259l\u0259rd\u0259 abonentl\u0259ri k\u00fctl\u0259vi c\u0259rim\u0259l\u0259diyi deyilir\" class=\"read-more button\" href=\"https:\/\/www.meydan.tv\/az\/article\/azeriqazin-bolgelerde-abonentleri-kutlevi-cerimelediyi-deyilir\/#more-273897\" aria-label=\"Read more about \u201cAz\u0259riqaz\u201d\u0131n b\u00f6lg\u0259l\u0259rd\u0259 abonentl\u0259ri k\u00fctl\u0259vi c\u0259rim\u0259l\u0259diyi deyilir\">Davam\u0131<\/a><\/p>\n","protected":false},"author":8,"featured_media":246000,"comment_status":"closed","ping_status":"closed","sticky":false,"template":"","format":"standard","meta":{"_acf_changed":false,"_sitemap_exclude":false,"_sitemap_priority":"","_sitemap_frequency":"","footnotes":""},"categories":[60,56],"tags":[],"class_list":["post-273897","post","type-post","status-publish","format-standard","has-post-thumbnail","hentry","category-bolge","category-xeberler","infinite-scroll-item","generate-columns","tablet-grid-50","mobile-grid-100","grid-parent","grid-33","no-featured-image-padding"],"acf":[],"yoast_head":"<!-- This site is optimized with the Yoast SEO plugin v27.5 - https:\/\/yoast.com\/product\/yoast-seo-wordpress\/ -->\n<title>\u201cAz\u0259riqaz\u201d\u0131n b\u00f6lg\u0259l\u0259rd\u0259 abonentl\u0259ri k\u00fctl\u0259vi c\u0259rim\u0259l\u0259diyi deyilir - MEYDAN.TV<\/title>\n<meta name=\"robots\" content=\"index, follow, max-snippet:-1, max-image-preview:large, max-video-preview:-1\" \/>\n<link rel=\"canonical\" href=\"https:\/\/www.meydan.tv\/az\/article\/azeriqazin-bolgelerde-abonentleri-kutlevi-cerimelediyi-deyilir\/\" \/>\n<meta property=\"og:locale\" content=\"az_AZ\" \/>\n<meta property=\"og:type\" content=\"article\" \/>\n<meta property=\"og:title\" content=\"\u201cAz\u0259riqaz\u201d\u0131n b\u00f6lg\u0259l\u0259rd\u0259 abonentl\u0259ri k\u00fctl\u0259vi c\u0259rim\u0259l\u0259diyi deyilir - MEYDAN.TV\" \/>\n<meta property=\"og:description\" content=\"Qurum \u015fikay\u0259t\u00e7il\u0259rin dedikl\u0259ri il\u0259 raz\u0131la\u015fm\u0131r Astara sakini qaz say\u011fac\u0131na k\u0259nar ... Davam\u0131\" \/>\n<meta property=\"og:url\" content=\"https:\/\/www.meydan.tv\/az\/article\/azeriqazin-bolgelerde-abonentleri-kutlevi-cerimelediyi-deyilir\/\" \/>\n<meta property=\"og:site_name\" content=\"MEYDAN.TV\" \/>\n<meta property=\"article:published_time\" content=\"2023-04-28T13:23:22+00:00\" \/>\n<meta property=\"article:modified_time\" content=\"2023-04-28T13:23:24+00:00\" \/>\n<meta property=\"og:image\" content=\"https:\/\/www.meydan.tv\/wp-content\/uploads\/azeriqaz-1-e1682688193130.jpg\" \/>\n\t<meta property=\"og:image:width\" content=\"1200\" \/>\n\t<meta property=\"og:image:height\" content=\"639\" \/>\n\t<meta property=\"og:image:type\" content=\"image\/jpeg\" \/>\n<meta name=\"author\" content=\"elli\" \/>\n<meta name=\"twitter:card\" content=\"summary_large_image\" \/>\n<meta name=\"twitter:creator\" content=\"@elli\" \/>\n<script type=\"application\/ld+json\" class=\"yoast-schema-graph\">{\"@context\":\"https:\\\/\\\/schema.org\",\"@graph\":[{\"@type\":\"Article\",\"@id\":\"https:\\\/\\\/www.meydan.tv\\\/az\\\/article\\\/azeriqazin-bolgelerde-abonentleri-kutlevi-cerimelediyi-deyilir\\\/#article\",\"isPartOf\":{\"@id\":\"https:\\\/\\\/www.meydan.tv\\\/az\\\/article\\\/azeriqazin-bolgelerde-abonentleri-kutlevi-cerimelediyi-deyilir\\\/\"},\"author\":{\"name\":\"elli\",\"@id\":\"https:\\\/\\\/www.meydan.tv\\\/az\\\/#\\\/schema\\\/person\\\/9cdbecf90d17180ce1dfbd95b08dcf47\"},\"headline\":\"\u201cAz\u0259riqaz\u201d\u0131n b\u00f6lg\u0259l\u0259rd\u0259 abonentl\u0259ri k\u00fctl\u0259vi c\u0259rim\u0259l\u0259diyi deyilir\",\"datePublished\":\"2023-04-28T13:23:22+00:00\",\"dateModified\":\"2023-04-28T13:23:24+00:00\",\"mainEntityOfPage\":{\"@id\":\"https:\\\/\\\/www.meydan.tv\\\/az\\\/article\\\/azeriqazin-bolgelerde-abonentleri-kutlevi-cerimelediyi-deyilir\\\/\"},\"wordCount\":763,\"publisher\":{\"@id\":\"https:\\\/\\\/www.meydan.tv\\\/az\\\/#organization\"},\"image\":{\"@id\":\"https:\\\/\\\/www.meydan.tv\\\/az\\\/article\\\/azeriqazin-bolgelerde-abonentleri-kutlevi-cerimelediyi-deyilir\\\/#primaryimage\"},\"thumbnailUrl\":\"https:\\\/\\\/www.meydan.tv\\\/wp-content\\\/uploads\\\/azeriqaz-1-e1682688193130.jpg\",\"articleSection\":[\"B\u00f6lg\u0259\",\"X\u0259b\u0259rl\u0259r\"],\"inLanguage\":\"az\"},{\"@type\":\"WebPage\",\"@id\":\"https:\\\/\\\/www.meydan.tv\\\/az\\\/article\\\/azeriqazin-bolgelerde-abonentleri-kutlevi-cerimelediyi-deyilir\\\/\",\"url\":\"https:\\\/\\\/www.meydan.tv\\\/az\\\/article\\\/azeriqazin-bolgelerde-abonentleri-kutlevi-cerimelediyi-deyilir\\\/\",\"name\":\"\u201cAz\u0259riqaz\u201d\u0131n b\u00f6lg\u0259l\u0259rd\u0259 abonentl\u0259ri k\u00fctl\u0259vi c\u0259rim\u0259l\u0259diyi deyilir - MEYDAN.TV\",\"isPartOf\":{\"@id\":\"https:\\\/\\\/www.meydan.tv\\\/az\\\/#website\"},\"primaryImageOfPage\":{\"@id\":\"https:\\\/\\\/www.meydan.tv\\\/az\\\/article\\\/azeriqazin-bolgelerde-abonentleri-kutlevi-cerimelediyi-deyilir\\\/#primaryimage\"},\"image\":{\"@id\":\"https:\\\/\\\/www.meydan.tv\\\/az\\\/article\\\/azeriqazin-bolgelerde-abonentleri-kutlevi-cerimelediyi-deyilir\\\/#primaryimage\"},\"thumbnailUrl\":\"https:\\\/\\\/www.meydan.tv\\\/wp-content\\\/uploads\\\/azeriqaz-1-e1682688193130.jpg\",\"datePublished\":\"2023-04-28T13:23:22+00:00\",\"dateModified\":\"2023-04-28T13:23:24+00:00\",\"breadcrumb\":{\"@id\":\"https:\\\/\\\/www.meydan.tv\\\/az\\\/article\\\/azeriqazin-bolgelerde-abonentleri-kutlevi-cerimelediyi-deyilir\\\/#breadcrumb\"},\"inLanguage\":\"az\",\"potentialAction\":[{\"@type\":\"ReadAction\",\"target\":[\"https:\\\/\\\/www.meydan.tv\\\/az\\\/article\\\/azeriqazin-bolgelerde-abonentleri-kutlevi-cerimelediyi-deyilir\\\/\"]}]},{\"@type\":\"ImageObject\",\"inLanguage\":\"az\",\"@id\":\"https:\\\/\\\/www.meydan.tv\\\/az\\\/article\\\/azeriqazin-bolgelerde-abonentleri-kutlevi-cerimelediyi-deyilir\\\/#primaryimage\",\"url\":\"https:\\\/\\\/www.meydan.tv\\\/wp-content\\\/uploads\\\/azeriqaz-1-e1682688193130.jpg\",\"contentUrl\":\"https:\\\/\\\/www.meydan.tv\\\/wp-content\\\/uploads\\\/azeriqaz-1-e1682688193130.jpg\",\"width\":1200,\"height\":639,\"caption\":\"M\u0259nb\u0259: \\\"Az\u0259riqaz\\\"\"},{\"@type\":\"BreadcrumbList\",\"@id\":\"https:\\\/\\\/www.meydan.tv\\\/az\\\/article\\\/azeriqazin-bolgelerde-abonentleri-kutlevi-cerimelediyi-deyilir\\\/#breadcrumb\",\"itemListElement\":[{\"@type\":\"ListItem\",\"position\":1,\"name\":\"Ana s\u0259hif\u0259\",\"item\":\"https:\\\/\\\/www.meydan.tv\\\/az\\\/\"},{\"@type\":\"ListItem\",\"position\":2,\"name\":\"B\u00f6lg\u0259\",\"item\":\"https:\\\/\\\/www.meydan.tv\\\/az\\\/section\\\/bolge\\\/\"},{\"@type\":\"ListItem\",\"position\":3,\"name\":\"\u201cAz\u0259riqaz\u201d\u0131n b\u00f6lg\u0259l\u0259rd\u0259 abonentl\u0259ri k\u00fctl\u0259vi c\u0259rim\u0259l\u0259diyi deyilir\"}]},{\"@type\":\"WebSite\",\"@id\":\"https:\\\/\\\/www.meydan.tv\\\/az\\\/#website\",\"url\":\"https:\\\/\\\/www.meydan.tv\\\/az\\\/\",\"name\":\"MEYDAN.TV\",\"description\":\"Meydan TV Az\u0259rbaycan\u0131n media m\u0259kan\u0131ndak\u0131 alternativ s\u0259sidir\",\"publisher\":{\"@id\":\"https:\\\/\\\/www.meydan.tv\\\/az\\\/#organization\"},\"potentialAction\":[{\"@type\":\"SearchAction\",\"target\":{\"@type\":\"EntryPoint\",\"urlTemplate\":\"https:\\\/\\\/www.meydan.tv\\\/az\\\/?s={search_term_string}\"},\"query-input\":{\"@type\":\"PropertyValueSpecification\",\"valueRequired\":true,\"valueName\":\"search_term_string\"}}],\"inLanguage\":\"az\"},{\"@type\":\"Organization\",\"@id\":\"https:\\\/\\\/www.meydan.tv\\\/az\\\/#organization\",\"name\":\"Meydan TV\",\"url\":\"https:\\\/\\\/www.meydan.tv\\\/az\\\/\",\"logo\":{\"@type\":\"ImageObject\",\"inLanguage\":\"az\",\"@id\":\"https:\\\/\\\/www.meydan.tv\\\/az\\\/#\\\/schema\\\/logo\\\/image\\\/\",\"url\":\"https:\\\/\\\/www.meydan.tv\\\/wp-content\\\/uploads\\\/2021\\\/07\\\/meydan-logo.svg\",\"contentUrl\":\"https:\\\/\\\/www.meydan.tv\\\/wp-content\\\/uploads\\\/2021\\\/07\\\/meydan-logo.svg\",\"width\":195,\"height\":46,\"caption\":\"Meydan TV\"},\"image\":{\"@id\":\"https:\\\/\\\/www.meydan.tv\\\/az\\\/#\\\/schema\\\/logo\\\/image\\\/\"}},{\"@type\":\"Person\",\"@id\":\"https:\\\/\\\/www.meydan.tv\\\/az\\\/#\\\/schema\\\/person\\\/9cdbecf90d17180ce1dfbd95b08dcf47\",\"name\":\"elli\",\"sameAs\":[\"https:\\\/\\\/x.com\\\/elli\"]}]}<\/script>\n<!-- \/ Yoast SEO plugin. -->","yoast_head_json":{"title":"\u201cAz\u0259riqaz\u201d\u0131n b\u00f6lg\u0259l\u0259rd\u0259 abonentl\u0259ri k\u00fctl\u0259vi c\u0259rim\u0259l\u0259diyi deyilir - MEYDAN.TV","robots":{"index":"index","follow":"follow","max-snippet":"max-snippet:-1","max-image-preview":"max-image-preview:large","max-video-preview":"max-video-preview:-1"},"canonical":"https:\/\/www.meydan.tv\/az\/article\/azeriqazin-bolgelerde-abonentleri-kutlevi-cerimelediyi-deyilir\/","og_locale":"az_AZ","og_type":"article","og_title":"\u201cAz\u0259riqaz\u201d\u0131n b\u00f6lg\u0259l\u0259rd\u0259 abonentl\u0259ri k\u00fctl\u0259vi c\u0259rim\u0259l\u0259diyi deyilir - MEYDAN.TV","og_description":"Qurum \u015fikay\u0259t\u00e7il\u0259rin dedikl\u0259ri il\u0259 raz\u0131la\u015fm\u0131r Astara sakini qaz say\u011fac\u0131na k\u0259nar ... Davam\u0131","og_url":"https:\/\/www.meydan.tv\/az\/article\/azeriqazin-bolgelerde-abonentleri-kutlevi-cerimelediyi-deyilir\/","og_site_name":"MEYDAN.TV","article_published_time":"2023-04-28T13:23:22+00:00","article_modified_time":"2023-04-28T13:23:24+00:00","og_image":[{"width":1200,"height":639,"url":"https:\/\/www.meydan.tv\/wp-content\/uploads\/azeriqaz-1-e1682688193130.jpg","type":"image\/jpeg"}],"author":"elli","twitter_card":"summary_large_image","twitter_creator":"@elli","schema":{"@context":"https:\/\/schema.org","@graph":[{"@type":"Article","@id":"https:\/\/www.meydan.tv\/az\/article\/azeriqazin-bolgelerde-abonentleri-kutlevi-cerimelediyi-deyilir\/#article","isPartOf":{"@id":"https:\/\/www.meydan.tv\/az\/article\/azeriqazin-bolgelerde-abonentleri-kutlevi-cerimelediyi-deyilir\/"},"author":{"name":"elli","@id":"https:\/\/www.meydan.tv\/az\/#\/schema\/person\/9cdbecf90d17180ce1dfbd95b08dcf47"},"headline":"\u201cAz\u0259riqaz\u201d\u0131n b\u00f6lg\u0259l\u0259rd\u0259 abonentl\u0259ri k\u00fctl\u0259vi c\u0259rim\u0259l\u0259diyi deyilir","datePublished":"2023-04-28T13:23:22+00:00","dateModified":"2023-04-28T13:23:24+00:00","mainEntityOfPage":{"@id":"https:\/\/www.meydan.tv\/az\/article\/azeriqazin-bolgelerde-abonentleri-kutlevi-cerimelediyi-deyilir\/"},"wordCount":763,"publisher":{"@id":"https:\/\/www.meydan.tv\/az\/#organization"},"image":{"@id":"https:\/\/www.meydan.tv\/az\/article\/azeriqazin-bolgelerde-abonentleri-kutlevi-cerimelediyi-deyilir\/#primaryimage"},"thumbnailUrl":"https:\/\/www.meydan.tv\/wp-content\/uploads\/azeriqaz-1-e1682688193130.jpg","articleSection":["B\u00f6lg\u0259","X\u0259b\u0259rl\u0259r"],"inLanguage":"az"},{"@type":"WebPage","@id":"https:\/\/www.meydan.tv\/az\/article\/azeriqazin-bolgelerde-abonentleri-kutlevi-cerimelediyi-deyilir\/","url":"https:\/\/www.meydan.tv\/az\/article\/azeriqazin-bolgelerde-abonentleri-kutlevi-cerimelediyi-deyilir\/","name":"\u201cAz\u0259riqaz\u201d\u0131n b\u00f6lg\u0259l\u0259rd\u0259 abonentl\u0259ri k\u00fctl\u0259vi c\u0259rim\u0259l\u0259diyi deyilir - MEYDAN.TV","isPartOf":{"@id":"https:\/\/www.meydan.tv\/az\/#website"},"primaryImageOfPage":{"@id":"https:\/\/www.meydan.tv\/az\/article\/azeriqazin-bolgelerde-abonentleri-kutlevi-cerimelediyi-deyilir\/#primaryimage"},"image":{"@id":"https:\/\/www.meydan.tv\/az\/article\/azeriqazin-bolgelerde-abonentleri-kutlevi-cerimelediyi-deyilir\/#primaryimage"},"thumbnailUrl":"https:\/\/www.meydan.tv\/wp-content\/uploads\/azeriqaz-1-e1682688193130.jpg","datePublished":"2023-04-28T13:23:22+00:00","dateModified":"2023-04-28T13:23:24+00:00","breadcrumb":{"@id":"https:\/\/www.meydan.tv\/az\/article\/azeriqazin-bolgelerde-abonentleri-kutlevi-cerimelediyi-deyilir\/#breadcrumb"},"inLanguage":"az","potentialAction":[{"@type":"ReadAction","target":["https:\/\/www.meydan.tv\/az\/article\/azeriqazin-bolgelerde-abonentleri-kutlevi-cerimelediyi-deyilir\/"]}]},{"@type":"ImageObject","inLanguage":"az","@id":"https:\/\/www.meydan.tv\/az\/article\/azeriqazin-bolgelerde-abonentleri-kutlevi-cerimelediyi-deyilir\/#primaryimage","url":"https:\/\/www.meydan.tv\/wp-content\/uploads\/azeriqaz-1-e1682688193130.jpg","contentUrl":"https:\/\/www.meydan.tv\/wp-content\/uploads\/azeriqaz-1-e1682688193130.jpg","width":1200,"height":639,"caption":"M\u0259nb\u0259: \"Az\u0259riqaz\""},{"@type":"BreadcrumbList","@id":"https:\/\/www.meydan.tv\/az\/article\/azeriqazin-bolgelerde-abonentleri-kutlevi-cerimelediyi-deyilir\/#breadcrumb","itemListElement":[{"@type":"ListItem","position":1,"name":"Ana s\u0259hif\u0259","item":"https:\/\/www.meydan.tv\/az\/"},{"@type":"ListItem","position":2,"name":"B\u00f6lg\u0259","item":"https:\/\/www.meydan.tv\/az\/section\/bolge\/"},{"@type":"ListItem","position":3,"name":"\u201cAz\u0259riqaz\u201d\u0131n b\u00f6lg\u0259l\u0259rd\u0259 abonentl\u0259ri k\u00fctl\u0259vi c\u0259rim\u0259l\u0259diyi deyilir"}]},{"@type":"WebSite","@id":"https:\/\/www.meydan.tv\/az\/#website","url":"https:\/\/www.meydan.tv\/az\/","name":"MEYDAN.TV","description":"Meydan TV Az\u0259rbaycan\u0131n media m\u0259kan\u0131ndak\u0131 alternativ s\u0259sidir","publisher":{"@id":"https:\/\/www.meydan.tv\/az\/#organization"},"potentialAction":[{"@type":"SearchAction","target":{"@type":"EntryPoint","urlTemplate":"https:\/\/www.meydan.tv\/az\/?s={search_term_string}"},"query-input":{"@type":"PropertyValueSpecification","valueRequired":true,"valueName":"search_term_string"}}],"inLanguage":"az"},{"@type":"Organization","@id":"https:\/\/www.meydan.tv\/az\/#organization","name":"Meydan TV","url":"https:\/\/www.meydan.tv\/az\/","logo":{"@type":"ImageObject","inLanguage":"az","@id":"https:\/\/www.meydan.tv\/az\/#\/schema\/logo\/image\/","url":"https:\/\/www.meydan.tv\/wp-content\/uploads\/2021\/07\/meydan-logo.svg","contentUrl":"https:\/\/www.meydan.tv\/wp-content\/uploads\/2021\/07\/meydan-logo.svg","width":195,"height":46,"caption":"Meydan TV"},"image":{"@id":"https:\/\/www.meydan.tv\/az\/#\/schema\/logo\/image\/"}},{"@type":"Person","@id":"https:\/\/www.meydan.tv\/az\/#\/schema\/person\/9cdbecf90d17180ce1dfbd95b08dcf47","name":"elli","sameAs":["https:\/\/x.com\/elli"]}]}},"_links":{"self":[{"href":"https:\/\/www.meydan.tv\/az\/wp-json\/wp\/v2\/posts\/273897","targetHints":{"allow":["GET"]}}],"collection":[{"href":"https:\/\/www.meydan.tv\/az\/wp-json\/wp\/v2\/posts"}],"about":[{"href":"https:\/\/www.meydan.tv\/az\/wp-json\/wp\/v2\/types\/post"}],"author":[{"embeddable":true,"href":"https:\/\/www.meydan.tv\/az\/wp-json\/wp\/v2\/users\/8"}],"replies":[{"embeddable":true,"href":"https:\/\/www.meydan.tv\/az\/wp-json\/wp\/v2\/comments?post=273897"}],"version-history":[{"count":1,"href":"https:\/\/www.meydan.tv\/az\/wp-json\/wp\/v2\/posts\/273897\/revisions"}],"predecessor-version":[{"id":273898,"href":"https:\/\/www.meydan.tv\/az\/wp-json\/wp\/v2\/posts\/273897\/revisions\/273898"}],"wp:featuredmedia":[{"embeddable":true,"href":"https:\/\/www.meydan.tv\/az\/wp-json\/wp\/v2\/media\/246000"}],"wp:attachment":[{"href":"https:\/\/www.meydan.tv\/az\/wp-json\/wp\/v2\/media?parent=273897"}],"wp:term":[{"taxonomy":"category","embeddable":true,"href":"https:\/\/www.meydan.tv\/az\/wp-json\/wp\/v2\/categories?post=273897"},{"taxonomy":"post_tag","embeddable":true,"href":"https:\/\/www.meydan.tv\/az\/wp-json\/wp\/v2\/tags?post=273897"}],"curies":[{"name":"wp","href":"https:\/\/api.w.org\/{rel}","templated":true}]}}