{"id":273845,"date":"2023-04-28T12:08:43","date_gmt":"2023-04-28T08:08:43","guid":{"rendered":"https:\/\/www.meydan.tv\/?p=273845"},"modified":"2023-04-28T14:30:57","modified_gmt":"2023-04-28T10:30:57","slug":"yaponiya-sefirliyinin-sekiye-su-ile-bagli-ayirdigi-pullar-teyinati-uzre-xerclenmedi","status":"publish","type":"post","link":"https:\/\/www.meydan.tv\/az\/article\/yaponiya-sefirliyinin-sekiye-su-ile-bagli-ayirdigi-pullar-teyinati-uzre-xerclenmedi\/","title":{"rendered":"&#8220;Yaponiya s\u0259firliyinin \u015e\u0259kiy\u0259 su il\u0259 ba\u011fl\u0131 ay\u0131rd\u0131\u011f\u0131 pullar t\u0259yinat\u0131 \u00fczr\u0259 x\u0259rcl\u0259nm\u0259di&#8221;"},"content":{"rendered":"\n<p><\/p>\n\n\n\n<p><strong><em>Sakinl\u0259r \u201cAz\u0259rsu\u201d ASC-nin ay\u0131rd\u0131\u011f\u0131 v\u0259saitin d\u0259 m\u0259nims\u0259nildiyini iddia edirl\u0259r<\/em><\/strong><\/p>\n\n\n\n<p>\u015e\u0259kinin Bollud\u0259r\u0259 k\u0259nd sakinl\u0259ri i\u00e7m\u0259li su problemi ya\u015fad\u0131qlar\u0131n\u0131 deyirl\u0259r.<\/p>\n\n\n\n<p>Sakinl\u0259rin Meydan TV-y\u0259 bildirdiyin\u0259 g\u00f6r\u0259, x\u00fcsusil\u0259 yaz-yay aylar\u0131nda su \u00fcz\u00fcn\u0259 h\u0259sr\u0259t qal\u0131rlar.<\/p>\n\n\n\n<p>Haz\u0131rda Bollud\u0259r\u0259 k\u0259ndind\u0259 130 ev var v\u0259 orada 500 n\u0259f\u0259rd\u0259n art\u0131q sakin ya\u015fay\u0131r.<\/p>\n\n\n\n<p>1992-ci il\u0259d\u0259k k\u0259ndin su t\u0259l\u0259bat\u0131 \u018flican\u00e7aydan g\u00f6t\u00fcr\u00fcl\u0259r\u0259k x\u00fcsusi nasoslarla anbarlara vurularaq Bollud\u0259r\u0259 v\u0259 Qaratorpaq k\u0259ndl\u0259rin\u0259 paylan\u0131l\u0131rd\u0131.<\/p>\n\n\n\n<p>Sakinl\u0259r bildiribl\u0259r ki, sonradan h\u0259min nasoslar s\u0131radan \u00e7\u0131x\u0131b v\u0259 8,5 km m\u0259saf\u0259d\u0259 yerl\u0259\u015f\u0259n Sar\u0131ca k\u0259ndind\u0259n ba\u015fqa nasoslarla bu ya\u015fay\u0131\u015f m\u0259nt\u0259q\u0259sin\u0259 su vurulma\u011fa ba\u015flan\u0131l\u0131b.<br>Daha sonra h\u0259min boru da tutularaq yarars\u0131z v\u0259ziyy\u0259t\u0259 d\u00fc\u015fd\u00fcy\u00fcnd\u0259n, sakinl\u0259r k\u0259ndd\u0259n xeyli aral\u0131da x\u00fcsusi avadanl\u0131qlar vasit\u0259si il\u0259 su m\u0259nb\u0259yi yaratmal\u0131 olublar.<\/p>\n\n\n\n<p>Bollud\u0259r\u0259 camaat\u0131 suya olan ehtiyac\u0131 \u00f6d\u0259m\u0259k \u00fc\u00e7\u00fcn suda\u015f\u0131yan x\u00fcsusi ma\u015f\u0131nlardan istifad\u0259 edir. Suyun azl\u0131\u011f\u0131 is\u0259 onlar\u0131n g\u00fcnl\u0259rl\u0259 n\u00f6vb\u0259 g\u00f6zl\u0259m\u0259sin\u0259 s\u0259b\u0259b olur.<\/p>\n\n\n\n<p><em>\u201cK\u0259ndin su t\u0259l\u0259bat\u0131 bu ma\u015f\u0131nlarla \u00f6d\u0259nilir. Su \u00e7ox azd\u0131r, dem\u0259k olar ki, yox d\u0259r\u0259c\u0259sind\u0259dir. Saatlarla burada n\u00f6vb\u0259 g\u00f6zl\u0259yirik. Gec\u0259 saat 4-d\u0259 ma\u015f\u0131n\u0131 burada saxlay\u0131b, s\u0259h\u0259r saat 10-11-d\u0259 su g\u00f6t\u00fcr\u0259 bilirik. B\u0259z\u0259n d\u0259 n\u00f6vb\u0259 g\u00fcnl\u0259rl\u0259 uzan\u0131r\u201d, &#8211;<\/em> \u015fikay\u0259t\u00e7il\u0259r deyir.<\/p>\n\n\n\n<p>Yaranm\u0131\u015f v\u0259ziyy\u0259tl\u0259 \u0259laq\u0259dar, dem\u0259k olar ki, haz\u0131rda bu k\u0259ndd\u0259ki \u0259ks\u0259r sakinl\u0259rin su da\u015f\u0131maq \u00fc\u00e7\u00fcn ma\u015f\u0131n\u0131 var. Bu c\u00fcr n\u0259qliyyat vasit\u0259si olmayanlar is\u0259 suyu pulla almal\u0131 olurlar.<\/p>\n\n\n\n<p>Ona g\u00f6r\u0259 d\u0259 3.6 ton suya 15-20 manat \u00f6d\u0259m\u0259k m\u0259cburiyy\u0259tind\u0259dirl\u0259r.<\/p>\n\n\n\n<p>Dedikl\u0259rin\u0259 g\u00f6r\u0259, bu su onlar\u0131n ehtiyac\u0131n\u0131 ancaq 2-3 g\u00fcn qar\u015f\u0131laya bilir.<\/p>\n\n\n\n<p>Qon\u015fu Qaratorpaq k\u0259ndinin sakini Rasim H\u0259s\u0259n is\u0259 Meydan TV-y\u0259 deyib ki, 2010-cu ild\u0259 Yaponiya s\u0259firliyi t\u0259r\u0259find\u0259n Qaratorpaq v\u0259 Bollud\u0259r\u0259 k\u0259ndl\u0259rin\u0259 i\u00e7m\u0259li su \u00e7\u0259kilm\u0259si \u00fc\u00e7\u00fcn maliyy\u0259 ayr\u0131lsa da, v\u0259sait t\u0259yinat\u0131 \u00fczr\u0259 x\u0259rcl\u0259nm\u0259yib:<\/p>\n\n\n\n<p><em>\u201cYaponiya s\u0259firliyi k\u00f6hn\u0259 borular\u0131n, su nasosunun v\u0259 anbar\u0131n\u0131n yenil\u0259nm\u0259si \u00fc\u00e7\u00fcn maliyy\u0259 ay\u0131rd\u0131. Sonra k\u00f6hn\u0259 su anbar\u0131n\u0131n v\u0259 borular\u0131n \u00fcst\u00fcn\u00fc boyad\u0131lar. T\u0131xand\u0131\u011f\u0131 \u00fc\u00e7\u00fcn d\u0259 m\u00fc\u0259yy\u0259n m\u0259saf\u0259d\u0259n g\u00f6zl\u0259 g\u00f6r\u00fcnm\u0259y\u0259c\u0259k yerd\u0259n borunun \u00f6n\u00fcn\u00fc k\u0259sib, suyu sah\u0259y\u0259 axacaq \u015f\u0259kild\u0259 m\u00fcv\u0259qq\u0259ti bir su nasosu qoyublar. Sonra da iki-\u00fc\u00e7 k\u0259ndd\u0259n camaat\u0131 toplay\u0131b, a\u00e7\u0131l\u0131\u015f etdil\u0259r. Ayr\u0131lan pullar da el\u0259 getdi. N\u0259tic\u0259 etibaril\u0259 Bollud\u0259r\u0259 v\u0259 Qaratorpaq k\u0259ndl\u0259rin\u0259 g\u0259lm\u0259li olan su borusu alt\u0131 ildir Qaratorpaq k\u0259ndinin k\u0259nar\u0131nda a\u00e7\u0131q v\u0259ziyy\u0259td\u0259 yer\u0259 ax\u0131r\u201d<\/em>.<\/p>\n\n\n<div class=\"wp-block-image\">\n<figure class=\"aligncenter size-full\"><img decoding=\"async\" width=\"1200\" height=\"800\" data-src=\"https:\/\/www.meydan.tv\/wp-content\/uploads\/untitled-design-5-50.jpg\" alt=\"\" class=\"wp-image-273824 lazyload\" src=\"data:image\/svg+xml;base64,PHN2ZyB3aWR0aD0iMSIgaGVpZ2h0PSIxIiB4bWxucz0iaHR0cDovL3d3dy53My5vcmcvMjAwMC9zdmciPjwvc3ZnPg==\" style=\"--smush-placeholder-width: 1200px; --smush-placeholder-aspect-ratio: 1200\/800;\" \/><figcaption class=\"wp-element-caption\">Qaratorpaq k\u0259ndind\u0259 a\u00e7\u0131q v\u0259ziyy\u0259td\u0259 sah\u0259y\u0259 axan i\u00e7m\u0259li su. Foto: Meydan TV\n\n <\/figcaption><\/figure>\n<\/div>\n\n\n<p><em>\u201cBir ne\u00e7\u0259 il sonra \u201cAz\u0259rsu\u201d \u015e\u0259ki Su Kanal \u0130dar\u0259sin\u0259 k\u0259ndimiz\u0259 su \u00e7\u0259kilm\u0259si \u00fc\u00e7\u00fcn v\u0259sait ay\u0131rd\u0131. \u201cAz\u0259rsu\u201dnun m\u00fch\u0259ndisl\u0259ri O\u011fuz rayonuna su \u00e7\u0259k\u0259nd\u0259, Qaratorpaq v\u0259 Bollud\u0259r\u0259 k\u0259ndl\u0259rini d\u0259 h\u0259min x\u0259tt\u0259 calam\u0131\u015fd\u0131. Lakin g\u00f6r\u00fcn\u0259n odur ki, pullar m\u0259nims\u0259nildi. N\u0259tic\u0259d\u0259 evl\u0259r\u0259 g\u0259lm\u0259li olan g\u00fcnl\u00fck 500 tondan \u00e7ox su yer\u0259 ax\u0131r. Bollud\u0259r\u0259 k\u0259ndinin camaat\u0131 da susuzluqdan \u0259ziyy\u0259t \u00e7\u0259kir. 2015-ci ild\u0259n b\u0259ri i\u015f yar\u0131m\u00e7\u0131q qal\u0131b. Borular\u0131 bura q\u0259d\u0259r g\u0259tirib, yar\u0131m\u00e7\u0131q saxlay\u0131blar\u201d, <\/em>&#8211; dey\u0259 o bildirib.<\/p>\n\n\n\n<p>Meydan TV \u015e\u0259ki Rayon \u0130cra Hakimiyy\u0259tind\u0259n \u015fikay\u0259tl\u0259 ba\u011fl\u0131 m\u00f6vqe \u00f6yr\u0259nm\u0259y\u0259 \u00e7al\u0131\u015f\u0131b.<\/p>\n\n\n\n<p>\u0130cra ba\u015f\u00e7\u0131s\u0131n\u0131n k\u00f6m\u0259k\u00e7isi Aqil Allahverdiyev \u0259vv\u0259lc\u0259 deyib ki, bu m\u0259s\u0259l\u0259 il\u0259 ba\u011fl\u0131 &#8220;Az\u0259rsu&#8221; il\u0259 \u0259laq\u0259 saxlamaq laz\u0131md\u0131r.<\/p>\n\n\n\n<p>Daha sonra is\u0259 bildirib ki, aidiyy\u0259ti \u015f\u00f6b\u0259d\u0259 m\u0259s\u0259l\u0259 il\u0259 ba\u011fl\u0131 ara\u015fd\u0131rma gedir. Ancaq ara\u015fd\u0131rman\u0131n detallar\u0131 bar\u0259d\u0259 dan\u0131\u015fmaq ist\u0259m\u0259yib.<\/p>\n\n\n\n<p>\u201cAz\u0259rsu\u201d ASC-nin sayt\u0131nda is\u0259 bildirilir ki, 2013-c\u00fc ild\u0259 O\u011fuz rayonunun B\u00f6y\u00fck S\u00f6y\u00fcdl\u00fc k\u0259ndind\u0259n yax\u0131nl\u0131qdak\u0131 Qaratorpaq k\u0259ndin\u0259 su x\u0259tti <a href=\"https:\/\/www.azersu.az\/az\/blog\/1629\" target=\"_blank\" rel=\"noreferrer noopener\">\u00e7\u0259kilib.<\/a><\/p>\n\n\n\n<p>M\u0259lumatda layih\u0259nin davam\u0131 olaraq n\u00f6vb\u0259ti m\u0259rh\u0259l\u0259d\u0259 rayonun Bollud\u0259r\u0259 k\u0259ndin\u0259 polietilen borularla 7 km uzunlu\u011funda magistral su x\u0259tti \u00e7\u0259kilm\u0259si n\u0259z\u0259rd\u0259 tutuldu\u011fu bildirilib.<\/p>\n\n\n\n<p>Ancaq buna baxmayaraq, Meydan TV layih\u0259nin aqib\u0259ti il\u0259 \u0259laq\u0259dar qurumdan m\u00f6vqe \u00f6yr\u0259n\u0259 bilm\u0259yib.<\/p>\n\n\n\n<p>Yaponiya s\u0259firliyind\u0259n 2010-cu ild\u0259 layih\u0259ni ger\u00e7\u0259kl\u0259\u015fdirdikl\u0259rini t\u0259sdiql\u0259yibl\u0259r.&nbsp;<\/p>\n","protected":false},"excerpt":{"rendered":"<p>Sakinl\u0259r \u201cAz\u0259rsu\u201d ASC-nin ay\u0131rd\u0131\u011f\u0131 v\u0259saitin d\u0259 m\u0259nims\u0259nildiyini iddia edirl\u0259r \u015e\u0259kinin &#8230; <\/p>\n<p class=\"read-more-container\"><a title=\"&#8220;Yaponiya s\u0259firliyinin \u015e\u0259kiy\u0259 su il\u0259 ba\u011fl\u0131 ay\u0131rd\u0131\u011f\u0131 pullar t\u0259yinat\u0131 \u00fczr\u0259 x\u0259rcl\u0259nm\u0259di&#8221;\" class=\"read-more button\" href=\"https:\/\/www.meydan.tv\/az\/article\/yaponiya-sefirliyinin-sekiye-su-ile-bagli-ayirdigi-pullar-teyinati-uzre-xerclenmedi\/#more-273845\" aria-label=\"Read more about &#8220;Yaponiya s\u0259firliyinin \u015e\u0259kiy\u0259 su il\u0259 ba\u011fl\u0131 ay\u0131rd\u0131\u011f\u0131 pullar t\u0259yinat\u0131 \u00fczr\u0259 x\u0259rcl\u0259nm\u0259di&#8221;\">Davam\u0131<\/a><\/p>\n","protected":false},"author":8,"featured_media":273828,"comment_status":"closed","ping_status":"closed","sticky":false,"template":"","format":"standard","meta":{"_acf_changed":false,"_sitemap_exclude":false,"_sitemap_priority":"","_sitemap_frequency":"","footnotes":""},"categories":[60,56],"tags":[],"class_list":["post-273845","post","type-post","status-publish","format-standard","has-post-thumbnail","hentry","category-bolge","category-xeberler","infinite-scroll-item","generate-columns","tablet-grid-50","mobile-grid-100","grid-parent","grid-33","no-featured-image-padding"],"acf":[],"yoast_head":"<!-- This site is optimized with the Yoast SEO plugin v27.5 - https:\/\/yoast.com\/product\/yoast-seo-wordpress\/ -->\n<title>&quot;Yaponiya s\u0259firliyinin \u015e\u0259kiy\u0259 su il\u0259 ba\u011fl\u0131 ay\u0131rd\u0131\u011f\u0131 pullar t\u0259yinat\u0131 \u00fczr\u0259 x\u0259rcl\u0259nm\u0259di&quot; - MEYDAN.TV<\/title>\n<meta name=\"robots\" content=\"index, follow, max-snippet:-1, max-image-preview:large, max-video-preview:-1\" \/>\n<link rel=\"canonical\" href=\"https:\/\/www.meydan.tv\/az\/article\/yaponiya-sefirliyinin-sekiye-su-ile-bagli-ayirdigi-pullar-teyinati-uzre-xerclenmedi\/\" \/>\n<meta property=\"og:locale\" content=\"az_AZ\" \/>\n<meta property=\"og:type\" content=\"article\" \/>\n<meta property=\"og:title\" content=\"&quot;Yaponiya s\u0259firliyinin \u015e\u0259kiy\u0259 su il\u0259 ba\u011fl\u0131 ay\u0131rd\u0131\u011f\u0131 pullar t\u0259yinat\u0131 \u00fczr\u0259 x\u0259rcl\u0259nm\u0259di&quot; - MEYDAN.TV\" \/>\n<meta property=\"og:description\" content=\"Sakinl\u0259r \u201cAz\u0259rsu\u201d ASC-nin ay\u0131rd\u0131\u011f\u0131 v\u0259saitin d\u0259 m\u0259nims\u0259nildiyini iddia edirl\u0259r \u015e\u0259kinin ... Davam\u0131\" \/>\n<meta property=\"og:url\" content=\"https:\/\/www.meydan.tv\/az\/article\/yaponiya-sefirliyinin-sekiye-su-ile-bagli-ayirdigi-pullar-teyinati-uzre-xerclenmedi\/\" \/>\n<meta property=\"og:site_name\" content=\"MEYDAN.TV\" \/>\n<meta property=\"article:published_time\" content=\"2023-04-28T08:08:43+00:00\" \/>\n<meta property=\"article:modified_time\" content=\"2023-04-28T10:30:57+00:00\" \/>\n<meta property=\"og:image\" content=\"https:\/\/www.meydan.tv\/wp-content\/uploads\/untitled-design-6-34.jpg\" \/>\n\t<meta property=\"og:image:width\" content=\"1200\" \/>\n\t<meta property=\"og:image:height\" content=\"800\" \/>\n\t<meta property=\"og:image:type\" content=\"image\/jpeg\" \/>\n<meta name=\"author\" content=\"elli\" \/>\n<meta name=\"twitter:card\" content=\"summary_large_image\" \/>\n<meta name=\"twitter:creator\" content=\"@elli\" \/>\n<script type=\"application\/ld+json\" class=\"yoast-schema-graph\">{\"@context\":\"https:\\\/\\\/schema.org\",\"@graph\":[{\"@type\":\"Article\",\"@id\":\"https:\\\/\\\/www.meydan.tv\\\/az\\\/article\\\/yaponiya-sefirliyinin-sekiye-su-ile-bagli-ayirdigi-pullar-teyinati-uzre-xerclenmedi\\\/#article\",\"isPartOf\":{\"@id\":\"https:\\\/\\\/www.meydan.tv\\\/az\\\/article\\\/yaponiya-sefirliyinin-sekiye-su-ile-bagli-ayirdigi-pullar-teyinati-uzre-xerclenmedi\\\/\"},\"author\":{\"name\":\"elli\",\"@id\":\"https:\\\/\\\/www.meydan.tv\\\/az\\\/#\\\/schema\\\/person\\\/9cdbecf90d17180ce1dfbd95b08dcf47\"},\"headline\":\"&#8220;Yaponiya s\u0259firliyinin \u015e\u0259kiy\u0259 su il\u0259 ba\u011fl\u0131 ay\u0131rd\u0131\u011f\u0131 pullar t\u0259yinat\u0131 \u00fczr\u0259 x\u0259rcl\u0259nm\u0259di&#8221;\",\"datePublished\":\"2023-04-28T08:08:43+00:00\",\"dateModified\":\"2023-04-28T10:30:57+00:00\",\"mainEntityOfPage\":{\"@id\":\"https:\\\/\\\/www.meydan.tv\\\/az\\\/article\\\/yaponiya-sefirliyinin-sekiye-su-ile-bagli-ayirdigi-pullar-teyinati-uzre-xerclenmedi\\\/\"},\"wordCount\":873,\"publisher\":{\"@id\":\"https:\\\/\\\/www.meydan.tv\\\/az\\\/#organization\"},\"image\":{\"@id\":\"https:\\\/\\\/www.meydan.tv\\\/az\\\/article\\\/yaponiya-sefirliyinin-sekiye-su-ile-bagli-ayirdigi-pullar-teyinati-uzre-xerclenmedi\\\/#primaryimage\"},\"thumbnailUrl\":\"https:\\\/\\\/www.meydan.tv\\\/wp-content\\\/uploads\\\/untitled-design-6-34.jpg\",\"articleSection\":[\"B\u00f6lg\u0259\",\"X\u0259b\u0259rl\u0259r\"],\"inLanguage\":\"az\"},{\"@type\":\"WebPage\",\"@id\":\"https:\\\/\\\/www.meydan.tv\\\/az\\\/article\\\/yaponiya-sefirliyinin-sekiye-su-ile-bagli-ayirdigi-pullar-teyinati-uzre-xerclenmedi\\\/\",\"url\":\"https:\\\/\\\/www.meydan.tv\\\/az\\\/article\\\/yaponiya-sefirliyinin-sekiye-su-ile-bagli-ayirdigi-pullar-teyinati-uzre-xerclenmedi\\\/\",\"name\":\"\\\"Yaponiya s\u0259firliyinin \u015e\u0259kiy\u0259 su il\u0259 ba\u011fl\u0131 ay\u0131rd\u0131\u011f\u0131 pullar t\u0259yinat\u0131 \u00fczr\u0259 x\u0259rcl\u0259nm\u0259di\\\" - MEYDAN.TV\",\"isPartOf\":{\"@id\":\"https:\\\/\\\/www.meydan.tv\\\/az\\\/#website\"},\"primaryImageOfPage\":{\"@id\":\"https:\\\/\\\/www.meydan.tv\\\/az\\\/article\\\/yaponiya-sefirliyinin-sekiye-su-ile-bagli-ayirdigi-pullar-teyinati-uzre-xerclenmedi\\\/#primaryimage\"},\"image\":{\"@id\":\"https:\\\/\\\/www.meydan.tv\\\/az\\\/article\\\/yaponiya-sefirliyinin-sekiye-su-ile-bagli-ayirdigi-pullar-teyinati-uzre-xerclenmedi\\\/#primaryimage\"},\"thumbnailUrl\":\"https:\\\/\\\/www.meydan.tv\\\/wp-content\\\/uploads\\\/untitled-design-6-34.jpg\",\"datePublished\":\"2023-04-28T08:08:43+00:00\",\"dateModified\":\"2023-04-28T10:30:57+00:00\",\"breadcrumb\":{\"@id\":\"https:\\\/\\\/www.meydan.tv\\\/az\\\/article\\\/yaponiya-sefirliyinin-sekiye-su-ile-bagli-ayirdigi-pullar-teyinati-uzre-xerclenmedi\\\/#breadcrumb\"},\"inLanguage\":\"az\",\"potentialAction\":[{\"@type\":\"ReadAction\",\"target\":[\"https:\\\/\\\/www.meydan.tv\\\/az\\\/article\\\/yaponiya-sefirliyinin-sekiye-su-ile-bagli-ayirdigi-pullar-teyinati-uzre-xerclenmedi\\\/\"]}]},{\"@type\":\"ImageObject\",\"inLanguage\":\"az\",\"@id\":\"https:\\\/\\\/www.meydan.tv\\\/az\\\/article\\\/yaponiya-sefirliyinin-sekiye-su-ile-bagli-ayirdigi-pullar-teyinati-uzre-xerclenmedi\\\/#primaryimage\",\"url\":\"https:\\\/\\\/www.meydan.tv\\\/wp-content\\\/uploads\\\/untitled-design-6-34.jpg\",\"contentUrl\":\"https:\\\/\\\/www.meydan.tv\\\/wp-content\\\/uploads\\\/untitled-design-6-34.jpg\",\"width\":1200,\"height\":800,\"caption\":\"Bollud\u0259r\u0259 k\u0259ndinin sakinl\u0259ri su n\u00f6vb\u0259sind\u0259. Foto: Meydan TV\"},{\"@type\":\"BreadcrumbList\",\"@id\":\"https:\\\/\\\/www.meydan.tv\\\/az\\\/article\\\/yaponiya-sefirliyinin-sekiye-su-ile-bagli-ayirdigi-pullar-teyinati-uzre-xerclenmedi\\\/#breadcrumb\",\"itemListElement\":[{\"@type\":\"ListItem\",\"position\":1,\"name\":\"Ana s\u0259hif\u0259\",\"item\":\"https:\\\/\\\/www.meydan.tv\\\/az\\\/\"},{\"@type\":\"ListItem\",\"position\":2,\"name\":\"B\u00f6lg\u0259\",\"item\":\"https:\\\/\\\/www.meydan.tv\\\/az\\\/section\\\/bolge\\\/\"},{\"@type\":\"ListItem\",\"position\":3,\"name\":\"&#8220;Yaponiya s\u0259firliyinin \u015e\u0259kiy\u0259 su il\u0259 ba\u011fl\u0131 ay\u0131rd\u0131\u011f\u0131 pullar t\u0259yinat\u0131 \u00fczr\u0259 x\u0259rcl\u0259nm\u0259di&#8221;\"}]},{\"@type\":\"WebSite\",\"@id\":\"https:\\\/\\\/www.meydan.tv\\\/az\\\/#website\",\"url\":\"https:\\\/\\\/www.meydan.tv\\\/az\\\/\",\"name\":\"MEYDAN.TV\",\"description\":\"Meydan TV Az\u0259rbaycan\u0131n media m\u0259kan\u0131ndak\u0131 alternativ s\u0259sidir\",\"publisher\":{\"@id\":\"https:\\\/\\\/www.meydan.tv\\\/az\\\/#organization\"},\"potentialAction\":[{\"@type\":\"SearchAction\",\"target\":{\"@type\":\"EntryPoint\",\"urlTemplate\":\"https:\\\/\\\/www.meydan.tv\\\/az\\\/?s={search_term_string}\"},\"query-input\":{\"@type\":\"PropertyValueSpecification\",\"valueRequired\":true,\"valueName\":\"search_term_string\"}}],\"inLanguage\":\"az\"},{\"@type\":\"Organization\",\"@id\":\"https:\\\/\\\/www.meydan.tv\\\/az\\\/#organization\",\"name\":\"Meydan TV\",\"url\":\"https:\\\/\\\/www.meydan.tv\\\/az\\\/\",\"logo\":{\"@type\":\"ImageObject\",\"inLanguage\":\"az\",\"@id\":\"https:\\\/\\\/www.meydan.tv\\\/az\\\/#\\\/schema\\\/logo\\\/image\\\/\",\"url\":\"https:\\\/\\\/www.meydan.tv\\\/wp-content\\\/uploads\\\/2021\\\/07\\\/meydan-logo.svg\",\"contentUrl\":\"https:\\\/\\\/www.meydan.tv\\\/wp-content\\\/uploads\\\/2021\\\/07\\\/meydan-logo.svg\",\"width\":195,\"height\":46,\"caption\":\"Meydan TV\"},\"image\":{\"@id\":\"https:\\\/\\\/www.meydan.tv\\\/az\\\/#\\\/schema\\\/logo\\\/image\\\/\"}},{\"@type\":\"Person\",\"@id\":\"https:\\\/\\\/www.meydan.tv\\\/az\\\/#\\\/schema\\\/person\\\/9cdbecf90d17180ce1dfbd95b08dcf47\",\"name\":\"elli\",\"sameAs\":[\"https:\\\/\\\/x.com\\\/elli\"]}]}<\/script>\n<!-- \/ Yoast SEO plugin. -->","yoast_head_json":{"title":"\"Yaponiya s\u0259firliyinin \u015e\u0259kiy\u0259 su il\u0259 ba\u011fl\u0131 ay\u0131rd\u0131\u011f\u0131 pullar t\u0259yinat\u0131 \u00fczr\u0259 x\u0259rcl\u0259nm\u0259di\" - MEYDAN.TV","robots":{"index":"index","follow":"follow","max-snippet":"max-snippet:-1","max-image-preview":"max-image-preview:large","max-video-preview":"max-video-preview:-1"},"canonical":"https:\/\/www.meydan.tv\/az\/article\/yaponiya-sefirliyinin-sekiye-su-ile-bagli-ayirdigi-pullar-teyinati-uzre-xerclenmedi\/","og_locale":"az_AZ","og_type":"article","og_title":"\"Yaponiya s\u0259firliyinin \u015e\u0259kiy\u0259 su il\u0259 ba\u011fl\u0131 ay\u0131rd\u0131\u011f\u0131 pullar t\u0259yinat\u0131 \u00fczr\u0259 x\u0259rcl\u0259nm\u0259di\" - MEYDAN.TV","og_description":"Sakinl\u0259r \u201cAz\u0259rsu\u201d ASC-nin ay\u0131rd\u0131\u011f\u0131 v\u0259saitin d\u0259 m\u0259nims\u0259nildiyini iddia edirl\u0259r \u015e\u0259kinin ... Davam\u0131","og_url":"https:\/\/www.meydan.tv\/az\/article\/yaponiya-sefirliyinin-sekiye-su-ile-bagli-ayirdigi-pullar-teyinati-uzre-xerclenmedi\/","og_site_name":"MEYDAN.TV","article_published_time":"2023-04-28T08:08:43+00:00","article_modified_time":"2023-04-28T10:30:57+00:00","og_image":[{"width":1200,"height":800,"url":"https:\/\/www.meydan.tv\/wp-content\/uploads\/untitled-design-6-34.jpg","type":"image\/jpeg"}],"author":"elli","twitter_card":"summary_large_image","twitter_creator":"@elli","schema":{"@context":"https:\/\/schema.org","@graph":[{"@type":"Article","@id":"https:\/\/www.meydan.tv\/az\/article\/yaponiya-sefirliyinin-sekiye-su-ile-bagli-ayirdigi-pullar-teyinati-uzre-xerclenmedi\/#article","isPartOf":{"@id":"https:\/\/www.meydan.tv\/az\/article\/yaponiya-sefirliyinin-sekiye-su-ile-bagli-ayirdigi-pullar-teyinati-uzre-xerclenmedi\/"},"author":{"name":"elli","@id":"https:\/\/www.meydan.tv\/az\/#\/schema\/person\/9cdbecf90d17180ce1dfbd95b08dcf47"},"headline":"&#8220;Yaponiya s\u0259firliyinin \u015e\u0259kiy\u0259 su il\u0259 ba\u011fl\u0131 ay\u0131rd\u0131\u011f\u0131 pullar t\u0259yinat\u0131 \u00fczr\u0259 x\u0259rcl\u0259nm\u0259di&#8221;","datePublished":"2023-04-28T08:08:43+00:00","dateModified":"2023-04-28T10:30:57+00:00","mainEntityOfPage":{"@id":"https:\/\/www.meydan.tv\/az\/article\/yaponiya-sefirliyinin-sekiye-su-ile-bagli-ayirdigi-pullar-teyinati-uzre-xerclenmedi\/"},"wordCount":873,"publisher":{"@id":"https:\/\/www.meydan.tv\/az\/#organization"},"image":{"@id":"https:\/\/www.meydan.tv\/az\/article\/yaponiya-sefirliyinin-sekiye-su-ile-bagli-ayirdigi-pullar-teyinati-uzre-xerclenmedi\/#primaryimage"},"thumbnailUrl":"https:\/\/www.meydan.tv\/wp-content\/uploads\/untitled-design-6-34.jpg","articleSection":["B\u00f6lg\u0259","X\u0259b\u0259rl\u0259r"],"inLanguage":"az"},{"@type":"WebPage","@id":"https:\/\/www.meydan.tv\/az\/article\/yaponiya-sefirliyinin-sekiye-su-ile-bagli-ayirdigi-pullar-teyinati-uzre-xerclenmedi\/","url":"https:\/\/www.meydan.tv\/az\/article\/yaponiya-sefirliyinin-sekiye-su-ile-bagli-ayirdigi-pullar-teyinati-uzre-xerclenmedi\/","name":"\"Yaponiya s\u0259firliyinin \u015e\u0259kiy\u0259 su il\u0259 ba\u011fl\u0131 ay\u0131rd\u0131\u011f\u0131 pullar t\u0259yinat\u0131 \u00fczr\u0259 x\u0259rcl\u0259nm\u0259di\" - MEYDAN.TV","isPartOf":{"@id":"https:\/\/www.meydan.tv\/az\/#website"},"primaryImageOfPage":{"@id":"https:\/\/www.meydan.tv\/az\/article\/yaponiya-sefirliyinin-sekiye-su-ile-bagli-ayirdigi-pullar-teyinati-uzre-xerclenmedi\/#primaryimage"},"image":{"@id":"https:\/\/www.meydan.tv\/az\/article\/yaponiya-sefirliyinin-sekiye-su-ile-bagli-ayirdigi-pullar-teyinati-uzre-xerclenmedi\/#primaryimage"},"thumbnailUrl":"https:\/\/www.meydan.tv\/wp-content\/uploads\/untitled-design-6-34.jpg","datePublished":"2023-04-28T08:08:43+00:00","dateModified":"2023-04-28T10:30:57+00:00","breadcrumb":{"@id":"https:\/\/www.meydan.tv\/az\/article\/yaponiya-sefirliyinin-sekiye-su-ile-bagli-ayirdigi-pullar-teyinati-uzre-xerclenmedi\/#breadcrumb"},"inLanguage":"az","potentialAction":[{"@type":"ReadAction","target":["https:\/\/www.meydan.tv\/az\/article\/yaponiya-sefirliyinin-sekiye-su-ile-bagli-ayirdigi-pullar-teyinati-uzre-xerclenmedi\/"]}]},{"@type":"ImageObject","inLanguage":"az","@id":"https:\/\/www.meydan.tv\/az\/article\/yaponiya-sefirliyinin-sekiye-su-ile-bagli-ayirdigi-pullar-teyinati-uzre-xerclenmedi\/#primaryimage","url":"https:\/\/www.meydan.tv\/wp-content\/uploads\/untitled-design-6-34.jpg","contentUrl":"https:\/\/www.meydan.tv\/wp-content\/uploads\/untitled-design-6-34.jpg","width":1200,"height":800,"caption":"Bollud\u0259r\u0259 k\u0259ndinin sakinl\u0259ri su n\u00f6vb\u0259sind\u0259. Foto: Meydan TV"},{"@type":"BreadcrumbList","@id":"https:\/\/www.meydan.tv\/az\/article\/yaponiya-sefirliyinin-sekiye-su-ile-bagli-ayirdigi-pullar-teyinati-uzre-xerclenmedi\/#breadcrumb","itemListElement":[{"@type":"ListItem","position":1,"name":"Ana s\u0259hif\u0259","item":"https:\/\/www.meydan.tv\/az\/"},{"@type":"ListItem","position":2,"name":"B\u00f6lg\u0259","item":"https:\/\/www.meydan.tv\/az\/section\/bolge\/"},{"@type":"ListItem","position":3,"name":"&#8220;Yaponiya s\u0259firliyinin \u015e\u0259kiy\u0259 su il\u0259 ba\u011fl\u0131 ay\u0131rd\u0131\u011f\u0131 pullar t\u0259yinat\u0131 \u00fczr\u0259 x\u0259rcl\u0259nm\u0259di&#8221;"}]},{"@type":"WebSite","@id":"https:\/\/www.meydan.tv\/az\/#website","url":"https:\/\/www.meydan.tv\/az\/","name":"MEYDAN.TV","description":"Meydan TV Az\u0259rbaycan\u0131n media m\u0259kan\u0131ndak\u0131 alternativ s\u0259sidir","publisher":{"@id":"https:\/\/www.meydan.tv\/az\/#organization"},"potentialAction":[{"@type":"SearchAction","target":{"@type":"EntryPoint","urlTemplate":"https:\/\/www.meydan.tv\/az\/?s={search_term_string}"},"query-input":{"@type":"PropertyValueSpecification","valueRequired":true,"valueName":"search_term_string"}}],"inLanguage":"az"},{"@type":"Organization","@id":"https:\/\/www.meydan.tv\/az\/#organization","name":"Meydan TV","url":"https:\/\/www.meydan.tv\/az\/","logo":{"@type":"ImageObject","inLanguage":"az","@id":"https:\/\/www.meydan.tv\/az\/#\/schema\/logo\/image\/","url":"https:\/\/www.meydan.tv\/wp-content\/uploads\/2021\/07\/meydan-logo.svg","contentUrl":"https:\/\/www.meydan.tv\/wp-content\/uploads\/2021\/07\/meydan-logo.svg","width":195,"height":46,"caption":"Meydan TV"},"image":{"@id":"https:\/\/www.meydan.tv\/az\/#\/schema\/logo\/image\/"}},{"@type":"Person","@id":"https:\/\/www.meydan.tv\/az\/#\/schema\/person\/9cdbecf90d17180ce1dfbd95b08dcf47","name":"elli","sameAs":["https:\/\/x.com\/elli"]}]}},"_links":{"self":[{"href":"https:\/\/www.meydan.tv\/az\/wp-json\/wp\/v2\/posts\/273845","targetHints":{"allow":["GET"]}}],"collection":[{"href":"https:\/\/www.meydan.tv\/az\/wp-json\/wp\/v2\/posts"}],"about":[{"href":"https:\/\/www.meydan.tv\/az\/wp-json\/wp\/v2\/types\/post"}],"author":[{"embeddable":true,"href":"https:\/\/www.meydan.tv\/az\/wp-json\/wp\/v2\/users\/8"}],"replies":[{"embeddable":true,"href":"https:\/\/www.meydan.tv\/az\/wp-json\/wp\/v2\/comments?post=273845"}],"version-history":[{"count":5,"href":"https:\/\/www.meydan.tv\/az\/wp-json\/wp\/v2\/posts\/273845\/revisions"}],"predecessor-version":[{"id":273867,"href":"https:\/\/www.meydan.tv\/az\/wp-json\/wp\/v2\/posts\/273845\/revisions\/273867"}],"wp:featuredmedia":[{"embeddable":true,"href":"https:\/\/www.meydan.tv\/az\/wp-json\/wp\/v2\/media\/273828"}],"wp:attachment":[{"href":"https:\/\/www.meydan.tv\/az\/wp-json\/wp\/v2\/media?parent=273845"}],"wp:term":[{"taxonomy":"category","embeddable":true,"href":"https:\/\/www.meydan.tv\/az\/wp-json\/wp\/v2\/categories?post=273845"},{"taxonomy":"post_tag","embeddable":true,"href":"https:\/\/www.meydan.tv\/az\/wp-json\/wp\/v2\/tags?post=273845"}],"curies":[{"name":"wp","href":"https:\/\/api.w.org\/{rel}","templated":true}]}}