{"id":273757,"date":"2023-04-26T19:13:29","date_gmt":"2023-04-26T15:13:29","guid":{"rendered":"https:\/\/www.meydan.tv\/?p=273757"},"modified":"2023-04-27T13:56:03","modified_gmt":"2023-04-27T09:56:03","slug":"nermin-isi-uzre-mehkeme-istintaqi-tamamlandi-vekiller-narazi-qaldi","status":"publish","type":"post","link":"https:\/\/www.meydan.tv\/az\/article\/nermin-isi-uzre-mehkeme-istintaqi-tamamlandi-vekiller-narazi-qaldi\/","title":{"rendered":"\u201cN\u0259rmin i\u015fi\u201d \u00fczr\u0259 m\u0259hk\u0259m\u0259 istintaq\u0131 tamamland\u0131, v\u0259kill\u0259r naraz\u0131 qald\u0131"},"content":{"rendered":"\n<p><strong><em>N\u0259rmin Quliyevan\u0131n n\u0259n\u0259si prezident\u0259 \u0130lkin S\u00fcleymanovun qatil olmamas\u0131 haqda m\u0259ktub yazmas\u0131n\u0131n s\u0259b\u0259bl\u0259rind\u0259n dan\u0131\u015fd\u0131<\/em><\/strong><\/p>\n\n\n\n<p>Tovuz rayonunun Dondar Qu\u015f\u00e7u k\u0259ndind\u0259 10 ya\u015fl\u0131 N\u0259rmin Quliyevan\u0131n itkin d\u00fc\u015fm\u0259si, 47 g\u00fcn sonra k\u0259ndd\u0259 yand\u0131r\u0131lm\u0131\u015f meyitin tap\u0131lmas\u0131yla ba\u011fl\u0131 iki il\u0259 yax\u0131nd\u0131r G\u0259nc\u0259 A\u011f\u0131r Cinay\u0259tl\u0259r M\u0259hk\u0259m\u0259sind\u0259 davam ed\u0259n m\u0259hk\u0259m\u0259 prosesi yekunla\u015f\u0131r. Aprelin 26-da hakiml\u0259r bu i\u015f \u00fczr\u0259 m\u0259hk\u0259m\u0259 istintaq\u0131n\u0131n ba\u015fa \u00e7atd\u0131\u011f\u0131n\u0131 elan edib. H\u0259r\u00e7\u0259nd, azya\u015fl\u0131n\u0131 o\u011furlay\u0131b \u00f6ld\u00fcrm\u0259kd\u0259 ittiham olunan \u0130lkin S\u00fcleymanov da, onun v\u0259kill\u0259ri d\u0259 bu q\u0259rara etiraz edib. Onlar bildirib ki, m\u0259hk\u0259m\u0259d\u0259 ara\u015fd\u0131r\u0131las\u0131 m\u0259s\u0259l\u0259l\u0259r qal\u0131b, hakiml\u0259rin \u00f6z\u00fcn\u00fcn t\u0259min etdikl\u0259ri v\u0259sat\u0259tl\u0259r icra olunmay\u0131b.<\/p>\n\n\n\n<p>Aprelin 26-da ke\u00e7iril\u0259n m\u0259hk\u0259m\u0259 iclas\u0131nda h\u0259l\u0259 \u0259vv\u0259ld\u0259n hakiml\u0259r m\u0259hk\u0259m\u0259 prosesin\u0259 s\u0259drlik ed\u0259n hakim Dada\u015f \u0130manova yaz\u0131l\u0131 \u015f\u0259kild\u0259 etiraz verib. V\u0259kill\u0259r etirazlar\u0131nda g\u00f6st\u0259rib ki, ad\u0131\u00e7\u0259kil\u0259n hakim prosesi q\u0259r\u0259zli idar\u0259 edir, m\u00fcdafi\u0259 t\u0259r\u0259finin v\u0259sat\u0259tl\u0259ri i\u015f \u00fc\u00e7\u00fcn \u0259h\u0259miyy\u0259tli olan v\u0259sat\u0259tl\u0259ri he\u00e7 bir \u0259sas g\u00f6st\u0259rilm\u0259d\u0259n t\u0259min olunmur v\u0259 s.<\/p>\n\n\n\n<p>Lakin bu etiraz bax\u0131lmam\u0131\u015f saxlan\u0131l\u0131b.<\/p>\n\n\n\n<p>Bundan sonra v\u0259kill\u0259r Dada\u015f \u0130manovla yana\u015f\u0131, m\u0259hk\u0259m\u0259 t\u0259rkibin\u0259 daxil olan dig\u0259r iki hakim\u0259 &#8211; Faiq Mahmudov v\u0259 Nural \u018fliyev\u0259 d\u0259 etiraz verib. Etirazlar\u0131n\u0131 bel\u0259 \u0259sasland\u0131r\u0131blar ki, qanunun t\u0259l\u0259bin\u0259 g\u00f6r\u0259, adlar\u0131 \u00e7\u0259kil\u0259n hakiml\u0259r Dada\u015f \u0130manova verilmi\u015f etiraza ikisi bax\u0131b q\u0259rar verm\u0259liydil\u0259r.<\/p>\n\n\n\n<p><em>\u201cBizim g\u00f6z\u00fcm\u00fcz\u00fcn qar\u015f\u0131s\u0131nda qanunvericiliyin t\u0259l\u0259bl\u0259ri pozuldu. Etiraza \u00fc\u00e7 n\u0259f\u0259r birlikd\u0259 gedib bax\u0131b q\u0259rar verdi. Biz\u0259 d\u0259 q\u0259rar\u0131 Dada\u015f \u0130manov \u00f6z\u00fc elan etdi. Halbuki, biz ona etiraz edirdik\u201d, <\/em>&#8211; v\u0259kil \u018flibaba Rzayev bildirib.<\/p>\n\n\n\n<p>H\u0259r \u00fc\u00e7 hakim\u0259 verilmi\u015f etiraz da bax\u0131lmam\u0131\u015f saxlan\u0131l\u0131b.<\/p>\n\n\n\n<p>M\u0259hk\u0259m\u0259d\u0259 \u018fdliyy\u0259 v\u0259 S\u0259hiyy\u0259 Nazirliyinin \u00fc\u00e7 eksperti \u0259lav\u0259 \u015fahid qismind\u0259 dindirilib.<\/p>\n\n\n\n<p>\u018fdliyy\u0259 Nazirliyinin eksperti Zemfira M\u0259mm\u0259dovan\u0131n \u00e7a\u011f\u0131r\u0131lmas\u0131n\u0131n s\u0259b\u0259bi bu i\u015fd\u0259ki m\u00fc\u0259mmal\u0131 cins \u015falvar m\u0259s\u0259l\u0259sil\u0259 ba\u011fl\u0131d\u0131r. M\u0259s\u0259l\u0259 buras\u0131ndad\u0131r ki, hadis\u0259 yerind\u0259n tap\u0131lmayan, oradak\u0131 geyim v\u0259 \u0259\u015fyalarla ba\u011fl\u0131 protokolda olmayan cins \u015falvar\u0131n ekspertizaya nec\u0259 gedib \u00e7\u0131xd\u0131\u011f\u0131 m\u0259lum deyil. M\u0259hk\u0259m\u0259d\u0259 bundan \u00f6nc\u0259 dindirilmi\u015f Aysel Cavadova adl\u0131 ekspert r\u0259y verib ki, u\u015fa\u011fa aid cins \u015falvar par\u00e7as\u0131n\u0131n \u00fcz\u0259rind\u0259n \u0130lkin S\u00fcleymanovun g\u00f6d\u0259k\u00e7\u0259sinin lifi tap\u0131l\u0131b. Ekspert iddia edib ki, meyit yananda o \u015falvar da \u00fcst\u00fcnd\u0259 olub.<\/p>\n\n\n\n<p>Aysel Cavadovan\u0131n r\u0259yin\u0259 \u0259sas\u0259n, o, t\u0259qdim edil\u0259n 5 n\u00f6mr\u0259li ba\u011flaman\u0131 a\u00e7anda onun i\u00e7ind\u0259n s\u00f6z\u00fcged\u0259n cins \u015falvar par\u00e7as\u0131n\u0131 tap\u0131b.<\/p>\n\n\n\n<p>Lakin h\u0259min ba\u011flama il\u0259 ba\u011fl\u0131 Zemfira M\u0259mm\u0259dova da r\u0259y verib. O is\u0259 r\u0259yind\u0259 cins \u015falvar tap\u0131lmas\u0131n\u0131 g\u00f6st\u0259rm\u0259yib. M\u0259hk\u0259m\u0259d\u0259 d\u0259 ona bu haqda sual veril\u0259nd\u0259 deyib ki, 5 n\u00f6mr\u0259li ba\u011flamada cins \u015falvar, q\u0131rm\u0131z\u0131 \u0259ski par\u00e7as\u0131 v\u0259 s. g\u00f6rm\u0259yib. N\u0259 g\u00f6r\u00fcbs\u0259, onu da r\u0259yind\u0259 yaz\u0131b.<\/p>\n\n\n\n<p>S\u0259hiyy\u0259 Nazirliyinin eksperti El\u015f\u0259n M\u0259mm\u0259dovdan is\u0259 v\u0259kill\u0259r N\u0259rmin Quliyeva il\u0259 ba\u011fl\u0131 qan\u0131n n\u0259tic\u0259l\u0259rinin n\u0259 vaxt haz\u0131r oldu\u011funu soru\u015fublar. O bildirib ki, 2020-ci il yanvar\u0131n 27-d\u0259. Ondan h\u0259m d\u0259 soru\u015fulub ki, bundan \u00f6nc\u0259 h\u0259min r\u0259yi ba\u015fqalar\u0131n\u0131n, o c\u00fcml\u0259d\u0259n prokurorluqdak\u0131 s\u0259lahiyy\u0259tli \u015f\u0259xsl\u0259rin \u0259ld\u0259 etm\u0259si m\u00fcmk\u00fcn idimi? O, \u201cxeyr\u201d cavab\u0131n\u0131 verib.<\/p>\n\n\n\n<p>M\u0259s\u0259l\u0259 buras\u0131ndad\u0131r ki, o vaxtk\u0131 Ba\u015f Prokuror Zakir Qaralov ekspert r\u0259yi 2020-ci il yanvar\u0131n 27-d\u0259 haz\u0131r oldu\u011fu v\u0259 fevral\u0131n 21-d\u0259 prokurorlu\u011fa g\u00f6nd\u0259rildiyi halda, Zakir Qaralov yanvar\u0131n 22-d\u0259 Ombudsmana bu m\u0259s\u0259l\u0259 haqda yazd\u0131\u011f\u0131 m\u0259ktubunda art\u0131q h\u0259min r\u0259y\u0259 istinad edib.<\/p>\n\n\n\n<p>M\u0259hk\u0259m\u0259d\u0259 N\u0259rmin Quliyevan\u0131n ana n\u0259n\u0259si Minay\u0259 \u0130smay\u0131lova da dindirilib. V\u0259kill\u0259rin ona veril\u0259c\u0259k \u00e7oxsayl\u0131 suallar\u0131 olsa da, hakim Dada\u015f \u0130manov suallar\u0131n \u00e7\u0259r\u00e7iv\u0259sini m\u0259hdudla\u015fd\u0131r\u0131b. H\u0259tta buna g\u00f6r\u0259 v\u0259kill\u0259rl\u0259 hakim aras\u0131nda buna g\u00f6r\u0259 m\u00fcbahis\u0259 d\u0259 yaran\u0131b.<\/p>\n\n\n\n<p><em>\u201cNiy\u0259 imkan vermirsiz dindir\u0259k? Onun dan\u0131\u015fmas\u0131n\u0131n qar\u015f\u0131s\u0131n\u0131 al\u0131rs\u0131z&#8230;\u201d, &#8211;<\/em> v\u0259kil \u018flibaba Rzayev etiraz edib.<\/p>\n\n\n\n<p>Hakim is\u0259 bildirib ki, hans\u0131 m\u0259s\u0259l\u0259 il\u0259 \u0259laq\u0259dar \u0259lav\u0259 \u015fahid qismind\u0259 \u00e7a\u011f\u0131r\u0131l\u0131bsa, o m\u00f6vzuda da suallar verilm\u0259lidir. V\u0259kill\u0259r is\u0259 etiraz edib ki, bel\u0259 bir t\u0259l\u0259b qoyula bilm\u0259z.<\/p>\n\n\n\n<p>Minay\u0259 \u0130smay\u0131lovan\u0131n prezident\u0259, Ba\u015f prokurora bir ne\u00e7\u0259 m\u0259ktubu var ki, orada \u0130lkin S\u00fcleymanovun qatil olmad\u0131\u011f\u0131n\u0131 g\u00f6st\u0259rir, \u0259sl qatilin tap\u0131lmas\u0131n\u0131 ist\u0259yir. O, bu haqda suala bel\u0259 cavab verib:<\/p>\n\n\n<div class=\"wp-block-image\">\n<figure class=\"alignright size-full is-resized\"><img decoding=\"async\" data-src=\"https:\/\/www.meydan.tv\/wp-content\/uploads\/photo-2023-04-26-16-58-37_720.jpg\" alt=\"\" class=\"wp-image-273759 lazyload\" width=\"330\" height=\"391\" src=\"data:image\/svg+xml;base64,PHN2ZyB3aWR0aD0iMSIgaGVpZ2h0PSIxIiB4bWxucz0iaHR0cDovL3d3dy53My5vcmcvMjAwMC9zdmciPjwvc3ZnPg==\" style=\"--smush-placeholder-width: 330px; --smush-placeholder-aspect-ratio: 330\/391;\" \/><figcaption class=\"wp-element-caption\">Minay\u0259 \u0130smay\u0131lova. Foto: Meydan TV<\/figcaption><\/figure>\n<\/div>\n\n\n<p>\u201c<em>M\u0259n demi\u015f\u0259m ki, \u0130lkin deyils\u0259 d\u0259, kimdirs\u0259, tap\u0131n\u201d.<\/em><\/p>\n\n\n\n<p>Lakin onun n\u0259z\u0259rin\u0259 \u00e7atd\u0131r\u0131l\u0131b ki, m\u0259ktubunda \u201cqatil \u0130lkin deyil\u201d yaz\u0131b. O, bu haqda suallara konkret cavab verm\u0259yib.<\/p>\n\n\n\n<p>V\u0259kill\u0259r ona xat\u0131rlad\u0131b ki, hadis\u0259d\u0259n sonra telekanallardak\u0131 \u00e7\u0131x\u0131\u015flar\u0131nda, mediaya m\u00fcsahib\u0259l\u0259rind\u0259 q\u0131z\u0131n\u0131 v\u0259 k\u00fcr\u0259k\u0259nini, h\u0259m\u00e7inin u\u015fa\u011f\u0131n \u0259misini ittiham edirdi. O, cavab\u0131nda deyib ki, h\u0259min d\u00f6vrd\u0259 h\u0259r k\u0259sd\u0259n \u015f\u00fcbh\u0259l\u0259nirdi.<\/p>\n\n\n\n<p>M\u0259hk\u0259m\u0259d\u0259 o da m\u0259lum olub ki, N\u0259rmin Quliyeva itkin d\u00fc\u015fm\u0259mi\u015fd\u0259n az \u00f6nc\u0259 onun atas\u0131 anas\u0131n\u0131n i\u015f yerin\u0259 gedib, orada aralar\u0131nda dava olub. N\u0259tic\u0259d\u0259 \u015e\u0259rif Quliyev h\u0259yat yolda\u015f\u0131 Aynur\u0259 \u0130smay\u0131lovan\u0131 b\u0131\u00e7aqlamaq ist\u0259yib. Bununla \u0259laq\u0259dar Minay\u0259 \u0130smay\u0131lova v\u0259 q\u0131z\u0131 Aynur\u0259 \u0130smay\u0131lovan\u0131n polis\u0259 \u015fikay\u0259ti olub.<\/p>\n\n\n\n<p>V\u0259kill\u0259r hadis\u0259d\u0259n \u0259vv\u0259lki bu davan\u0131n s\u0259b\u0259bini soru\u015fublar.<\/p>\n\n\n\n<p><em>\u201cHam\u0131n\u0131n evind\u0259 olur d\u0259\u201d, <\/em>\u2013 Minay\u0259 \u0130smay\u0131lovan\u0131n bu cavab\u0131ndan sonra hakim davam etdirm\u0259y\u0259 imkan verm\u0259yib v\u0259 bu m\u0259s\u0259l\u0259l\u0259rin i\u015f\u0259 aidiyy\u0259ti olmad\u0131\u011f\u0131n\u0131 bildirib.<\/p>\n\n\n\n<p>V\u0259kill\u0259r is\u0259 deyib ki, cinay\u0259t i\u015finin materiallar\u0131nda Minay\u0259 \u0130smay\u0131lovan\u0131n 5 ifad\u0259si var. B\u0131\u00e7aqlanma c\u0259hdi haqda deyil\u0259nl\u0259r d\u0259 h\u0259min ifad\u0259l\u0259rd\u0259n birind\u0259 \u00f6z \u0259ksini tap\u0131b.<\/p>\n\n\n\n<p>Bundan sonra m\u0259hk\u0259m\u0259 istintaq\u0131n\u0131n tamamlanmas\u0131 m\u0259s\u0259l\u0259sini Dada\u015f \u0130manov m\u00fczakir\u0259y\u0259 \u00e7\u0131xar\u0131b. V\u0259kill\u0259r etiraz edib.<\/p>\n\n\n\n<p>\u201c<em>Biz \u0130lkin S\u00fcleymanovgilin evind\u0259 olan u\u015faqlar\u0131n dindirilm\u0259si bar\u0259d\u0259 v\u0259sat\u0259t qald\u0131rm\u0131\u015fd\u0131q, siz d\u0259 t\u0259min el\u0259mi\u015fdiz. Niy\u0259 onlar\u0131 dindirmirsiz? T\u0259min el\u0259misiniz ax\u0131. Telefon z\u0259ngl\u0259ril\u0259 ba\u011fl\u0131 s\u0259n\u0259dl\u0259ri niy\u0259 t\u0259dqiq el\u0259mirsiz? \u0130\u015fin i\u00e7ind\u0259ki disk\u0259 bax\u0131\u015f ke\u00e7irilm\u0259si haqda v\u0259sat\u0259ti t\u0259min el\u0259misiz, amma bax\u0131\u015f ke\u00e7irm\u0259misiz. Bel\u0259 m\u0259hk\u0259m\u0259 olar?\u201d<\/em>, &#8211; Zabil S\u00fcleymanov etiraz edib.<\/p>\n\n\n\n<p>Etirazlara baxmayaraq, m\u0259hk\u0259m\u0259 istintaq\u0131n\u0131n tamamlanmas\u0131na q\u0259rar verilib.<\/p>\n\n\n\n<p>Prokuror \u00e7\u0131x\u0131\u015fa haz\u0131rla\u015fmaq \u00fc\u00e7\u00fcn vaxt ist\u0259yib. Ona may\u0131n 3-n\u0259 q\u0259d\u0259r vaxt verilib.<\/p>\n\n\n\n<p>1973-c\u00fc il t\u0259v\u0259ll\u00fcdl\u00fc \u0130lkin S\u00fcleymanov Cinay\u0259t M\u0259c\u0259ll\u0259sinin 120.2.4 (x\u00fcsusi amans\u0131zl\u0131qla q\u0259sd\u0259n adam \u00f6ld\u00fcrm\u0259), 120.2.9 (t\u0259qsirkar \u015f\u0259xs \u00fc\u00e7\u00fcn a\u015fkar sur\u0259td\u0259 k\u00f6m\u0259ksiz v\u0259ziyy\u0259td\u0259 olan adam\u0131 q\u0259sd\u0259n \u00f6ld\u00fcrm\u0259), 133.2.1 (o\u011furlanm\u0131\u015f \u015f\u0259xs\u0259 \u0259zab verm\u0259), 133.2.4 (yetkinlik ya\u015f\u0131na \u00e7atmayan, k\u00f6m\u0259ksiz v\u0259ziyy\u0259td\u0259 olan \u015f\u0259xs\u0259 \u0259zab verm\u0259), 144-c\u00fc (adam o\u011furlu\u011fu) madd\u0259l\u0259ril\u0259 ittiham olunur.<\/p>\n\n\n\n<p>\u0130ttihama \u0259sas\u0259n, o, sinif yolda\u015f\u0131 \u015e\u0259rif Quliyevin ail\u0259si, u\u015faqlar\u0131 oldu\u011funa g\u00f6r\u0259 onu q\u0131sqan\u0131b, buna g\u00f6r\u0259 d\u0259 onun q\u0131z\u0131 N\u0259rmini o\u011furlayaraq, 47 g\u00fcn sonra q\u0259tl\u0259 yetirib.<\/p>\n\n\n\n<p>\u0130lkin S\u00fcleymanov is\u0259 azya\u015fl\u0131n\u0131n \u00f6l\u00fcm\u00fcn\u0259 aidiyy\u0259ti olmad\u0131\u011f\u0131n\u0131 deyir. \u0130lkin ifad\u0259sind\u0259ki etirafa g\u0259linc\u0259, o bildirib ki, 2020-ci il yanvar\u0131n 6-dan 10-na q\u0259d\u0259r Tovuz rayon Polis \u015e\u00f6b\u0259sind\u0259 i\u015fg\u0259nc\u0259y\u0259 m\u0259ruz qal\u0131b. D\u00f6rd g\u00fcn sonra i\u015fg\u0259nc\u0259l\u0259r\u0259 d\u00f6zm\u0259y\u0259r\u0259k, etiraf ifad\u0259sin\u0259 imza atma\u011fa m\u0259cbur olub.<\/p>\n\n\n\n<p>Ba\u015f Prokurorluq is\u0259 i\u015fg\u0259nc\u0259 iddialar\u0131n\u0131 t\u0259kzib edib.<\/p>\n","protected":false},"excerpt":{"rendered":"<p>N\u0259rmin Quliyevan\u0131n n\u0259n\u0259si prezident\u0259 \u0130lkin S\u00fcleymanovun qatil olmamas\u0131 haqda m\u0259ktub &#8230; <\/p>\n<p class=\"read-more-container\"><a title=\"\u201cN\u0259rmin i\u015fi\u201d \u00fczr\u0259 m\u0259hk\u0259m\u0259 istintaq\u0131 tamamland\u0131, v\u0259kill\u0259r naraz\u0131 qald\u0131\" class=\"read-more button\" href=\"https:\/\/www.meydan.tv\/az\/article\/nermin-isi-uzre-mehkeme-istintaqi-tamamlandi-vekiller-narazi-qaldi\/#more-273757\" aria-label=\"Read more about \u201cN\u0259rmin i\u015fi\u201d \u00fczr\u0259 m\u0259hk\u0259m\u0259 istintaq\u0131 tamamland\u0131, v\u0259kill\u0259r naraz\u0131 qald\u0131\">Davam\u0131<\/a><\/p>\n","protected":false},"author":14,"featured_media":273763,"comment_status":"closed","ping_status":"closed","sticky":false,"template":"","format":"standard","meta":{"_acf_changed":false,"_sitemap_exclude":false,"_sitemap_priority":"","_sitemap_frequency":"","footnotes":""},"categories":[60,79,56],"tags":[],"class_list":["post-273757","post","type-post","status-publish","format-standard","has-post-thumbnail","hentry","category-bolge","category-featured","category-xeberler","infinite-scroll-item","generate-columns","tablet-grid-50","mobile-grid-100","grid-parent","grid-33","no-featured-image-padding"],"acf":[],"yoast_head":"<!-- This site is optimized with the Yoast SEO plugin v27.5 - https:\/\/yoast.com\/product\/yoast-seo-wordpress\/ -->\n<title>\u201cN\u0259rmin i\u015fi\u201d \u00fczr\u0259 m\u0259hk\u0259m\u0259 istintaq\u0131 tamamland\u0131, v\u0259kill\u0259r naraz\u0131 qald\u0131 - MEYDAN.TV<\/title>\n<meta name=\"robots\" content=\"index, follow, max-snippet:-1, max-image-preview:large, max-video-preview:-1\" \/>\n<link rel=\"canonical\" href=\"https:\/\/www.meydan.tv\/az\/article\/nermin-isi-uzre-mehkeme-istintaqi-tamamlandi-vekiller-narazi-qaldi\/\" \/>\n<meta property=\"og:locale\" content=\"az_AZ\" \/>\n<meta property=\"og:type\" content=\"article\" \/>\n<meta property=\"og:title\" content=\"\u201cN\u0259rmin i\u015fi\u201d \u00fczr\u0259 m\u0259hk\u0259m\u0259 istintaq\u0131 tamamland\u0131, v\u0259kill\u0259r naraz\u0131 qald\u0131 - MEYDAN.TV\" \/>\n<meta property=\"og:description\" content=\"N\u0259rmin Quliyevan\u0131n n\u0259n\u0259si prezident\u0259 \u0130lkin S\u00fcleymanovun qatil olmamas\u0131 haqda m\u0259ktub ... Davam\u0131\" \/>\n<meta property=\"og:url\" content=\"https:\/\/www.meydan.tv\/az\/article\/nermin-isi-uzre-mehkeme-istintaqi-tamamlandi-vekiller-narazi-qaldi\/\" \/>\n<meta property=\"og:site_name\" content=\"MEYDAN.TV\" \/>\n<meta property=\"article:published_time\" content=\"2023-04-26T15:13:29+00:00\" \/>\n<meta property=\"article:modified_time\" content=\"2023-04-27T09:56:03+00:00\" \/>\n<meta property=\"og:image\" content=\"https:\/\/www.meydan.tv\/wp-content\/uploads\/278248893_729482484890211_8506415010268804436_n_720-3.jpg\" \/>\n\t<meta property=\"og:image:width\" content=\"1200\" \/>\n\t<meta property=\"og:image:height\" content=\"901\" \/>\n\t<meta property=\"og:image:type\" content=\"image\/jpeg\" \/>\n<meta name=\"author\" content=\"roma\" \/>\n<meta name=\"twitter:card\" content=\"summary_large_image\" \/>\n<script type=\"application\/ld+json\" class=\"yoast-schema-graph\">{\"@context\":\"https:\\\/\\\/schema.org\",\"@graph\":[{\"@type\":\"Article\",\"@id\":\"https:\\\/\\\/www.meydan.tv\\\/az\\\/article\\\/nermin-isi-uzre-mehkeme-istintaqi-tamamlandi-vekiller-narazi-qaldi\\\/#article\",\"isPartOf\":{\"@id\":\"https:\\\/\\\/www.meydan.tv\\\/az\\\/article\\\/nermin-isi-uzre-mehkeme-istintaqi-tamamlandi-vekiller-narazi-qaldi\\\/\"},\"author\":{\"name\":\"roma\",\"@id\":\"https:\\\/\\\/www.meydan.tv\\\/az\\\/#\\\/schema\\\/person\\\/8f23e01c4de63326c13c319fb65ee65d\"},\"headline\":\"\u201cN\u0259rmin i\u015fi\u201d \u00fczr\u0259 m\u0259hk\u0259m\u0259 istintaq\u0131 tamamland\u0131, v\u0259kill\u0259r naraz\u0131 qald\u0131\",\"datePublished\":\"2023-04-26T15:13:29+00:00\",\"dateModified\":\"2023-04-27T09:56:03+00:00\",\"mainEntityOfPage\":{\"@id\":\"https:\\\/\\\/www.meydan.tv\\\/az\\\/article\\\/nermin-isi-uzre-mehkeme-istintaqi-tamamlandi-vekiller-narazi-qaldi\\\/\"},\"wordCount\":1502,\"publisher\":{\"@id\":\"https:\\\/\\\/www.meydan.tv\\\/az\\\/#organization\"},\"image\":{\"@id\":\"https:\\\/\\\/www.meydan.tv\\\/az\\\/article\\\/nermin-isi-uzre-mehkeme-istintaqi-tamamlandi-vekiller-narazi-qaldi\\\/#primaryimage\"},\"thumbnailUrl\":\"https:\\\/\\\/www.meydan.tv\\\/wp-content\\\/uploads\\\/278248893_729482484890211_8506415010268804436_n_720-3.jpg\",\"articleSection\":[\"B\u00f6lg\u0259\",\"T\u00f6vsiy\u0259\",\"X\u0259b\u0259rl\u0259r\"],\"inLanguage\":\"az\"},{\"@type\":\"WebPage\",\"@id\":\"https:\\\/\\\/www.meydan.tv\\\/az\\\/article\\\/nermin-isi-uzre-mehkeme-istintaqi-tamamlandi-vekiller-narazi-qaldi\\\/\",\"url\":\"https:\\\/\\\/www.meydan.tv\\\/az\\\/article\\\/nermin-isi-uzre-mehkeme-istintaqi-tamamlandi-vekiller-narazi-qaldi\\\/\",\"name\":\"\u201cN\u0259rmin i\u015fi\u201d \u00fczr\u0259 m\u0259hk\u0259m\u0259 istintaq\u0131 tamamland\u0131, v\u0259kill\u0259r naraz\u0131 qald\u0131 - MEYDAN.TV\",\"isPartOf\":{\"@id\":\"https:\\\/\\\/www.meydan.tv\\\/az\\\/#website\"},\"primaryImageOfPage\":{\"@id\":\"https:\\\/\\\/www.meydan.tv\\\/az\\\/article\\\/nermin-isi-uzre-mehkeme-istintaqi-tamamlandi-vekiller-narazi-qaldi\\\/#primaryimage\"},\"image\":{\"@id\":\"https:\\\/\\\/www.meydan.tv\\\/az\\\/article\\\/nermin-isi-uzre-mehkeme-istintaqi-tamamlandi-vekiller-narazi-qaldi\\\/#primaryimage\"},\"thumbnailUrl\":\"https:\\\/\\\/www.meydan.tv\\\/wp-content\\\/uploads\\\/278248893_729482484890211_8506415010268804436_n_720-3.jpg\",\"datePublished\":\"2023-04-26T15:13:29+00:00\",\"dateModified\":\"2023-04-27T09:56:03+00:00\",\"breadcrumb\":{\"@id\":\"https:\\\/\\\/www.meydan.tv\\\/az\\\/article\\\/nermin-isi-uzre-mehkeme-istintaqi-tamamlandi-vekiller-narazi-qaldi\\\/#breadcrumb\"},\"inLanguage\":\"az\",\"potentialAction\":[{\"@type\":\"ReadAction\",\"target\":[\"https:\\\/\\\/www.meydan.tv\\\/az\\\/article\\\/nermin-isi-uzre-mehkeme-istintaqi-tamamlandi-vekiller-narazi-qaldi\\\/\"]}]},{\"@type\":\"ImageObject\",\"inLanguage\":\"az\",\"@id\":\"https:\\\/\\\/www.meydan.tv\\\/az\\\/article\\\/nermin-isi-uzre-mehkeme-istintaqi-tamamlandi-vekiller-narazi-qaldi\\\/#primaryimage\",\"url\":\"https:\\\/\\\/www.meydan.tv\\\/wp-content\\\/uploads\\\/278248893_729482484890211_8506415010268804436_n_720-3.jpg\",\"contentUrl\":\"https:\\\/\\\/www.meydan.tv\\\/wp-content\\\/uploads\\\/278248893_729482484890211_8506415010268804436_n_720-3.jpg\",\"width\":1200,\"height\":901,\"caption\":\"\u0130lkin S\u00fcleymanov v\u0259 v\u0259kill\u0259ri. Foto: Meydan TV\"},{\"@type\":\"BreadcrumbList\",\"@id\":\"https:\\\/\\\/www.meydan.tv\\\/az\\\/article\\\/nermin-isi-uzre-mehkeme-istintaqi-tamamlandi-vekiller-narazi-qaldi\\\/#breadcrumb\",\"itemListElement\":[{\"@type\":\"ListItem\",\"position\":1,\"name\":\"Ana s\u0259hif\u0259\",\"item\":\"https:\\\/\\\/www.meydan.tv\\\/az\\\/\"},{\"@type\":\"ListItem\",\"position\":2,\"name\":\"B\u00f6lg\u0259\",\"item\":\"https:\\\/\\\/www.meydan.tv\\\/az\\\/section\\\/bolge\\\/\"},{\"@type\":\"ListItem\",\"position\":3,\"name\":\"\u201cN\u0259rmin i\u015fi\u201d \u00fczr\u0259 m\u0259hk\u0259m\u0259 istintaq\u0131 tamamland\u0131, v\u0259kill\u0259r naraz\u0131 qald\u0131\"}]},{\"@type\":\"WebSite\",\"@id\":\"https:\\\/\\\/www.meydan.tv\\\/az\\\/#website\",\"url\":\"https:\\\/\\\/www.meydan.tv\\\/az\\\/\",\"name\":\"MEYDAN.TV\",\"description\":\"Meydan TV Az\u0259rbaycan\u0131n media m\u0259kan\u0131ndak\u0131 alternativ s\u0259sidir\",\"publisher\":{\"@id\":\"https:\\\/\\\/www.meydan.tv\\\/az\\\/#organization\"},\"potentialAction\":[{\"@type\":\"SearchAction\",\"target\":{\"@type\":\"EntryPoint\",\"urlTemplate\":\"https:\\\/\\\/www.meydan.tv\\\/az\\\/?s={search_term_string}\"},\"query-input\":{\"@type\":\"PropertyValueSpecification\",\"valueRequired\":true,\"valueName\":\"search_term_string\"}}],\"inLanguage\":\"az\"},{\"@type\":\"Organization\",\"@id\":\"https:\\\/\\\/www.meydan.tv\\\/az\\\/#organization\",\"name\":\"Meydan TV\",\"url\":\"https:\\\/\\\/www.meydan.tv\\\/az\\\/\",\"logo\":{\"@type\":\"ImageObject\",\"inLanguage\":\"az\",\"@id\":\"https:\\\/\\\/www.meydan.tv\\\/az\\\/#\\\/schema\\\/logo\\\/image\\\/\",\"url\":\"https:\\\/\\\/www.meydan.tv\\\/wp-content\\\/uploads\\\/2021\\\/07\\\/meydan-logo.svg\",\"contentUrl\":\"https:\\\/\\\/www.meydan.tv\\\/wp-content\\\/uploads\\\/2021\\\/07\\\/meydan-logo.svg\",\"width\":195,\"height\":46,\"caption\":\"Meydan TV\"},\"image\":{\"@id\":\"https:\\\/\\\/www.meydan.tv\\\/az\\\/#\\\/schema\\\/logo\\\/image\\\/\"}},{\"@type\":\"Person\",\"@id\":\"https:\\\/\\\/www.meydan.tv\\\/az\\\/#\\\/schema\\\/person\\\/8f23e01c4de63326c13c319fb65ee65d\",\"name\":\"roma\"}]}<\/script>\n<!-- \/ Yoast SEO plugin. -->","yoast_head_json":{"title":"\u201cN\u0259rmin i\u015fi\u201d \u00fczr\u0259 m\u0259hk\u0259m\u0259 istintaq\u0131 tamamland\u0131, v\u0259kill\u0259r naraz\u0131 qald\u0131 - MEYDAN.TV","robots":{"index":"index","follow":"follow","max-snippet":"max-snippet:-1","max-image-preview":"max-image-preview:large","max-video-preview":"max-video-preview:-1"},"canonical":"https:\/\/www.meydan.tv\/az\/article\/nermin-isi-uzre-mehkeme-istintaqi-tamamlandi-vekiller-narazi-qaldi\/","og_locale":"az_AZ","og_type":"article","og_title":"\u201cN\u0259rmin i\u015fi\u201d \u00fczr\u0259 m\u0259hk\u0259m\u0259 istintaq\u0131 tamamland\u0131, v\u0259kill\u0259r naraz\u0131 qald\u0131 - MEYDAN.TV","og_description":"N\u0259rmin Quliyevan\u0131n n\u0259n\u0259si prezident\u0259 \u0130lkin S\u00fcleymanovun qatil olmamas\u0131 haqda m\u0259ktub ... Davam\u0131","og_url":"https:\/\/www.meydan.tv\/az\/article\/nermin-isi-uzre-mehkeme-istintaqi-tamamlandi-vekiller-narazi-qaldi\/","og_site_name":"MEYDAN.TV","article_published_time":"2023-04-26T15:13:29+00:00","article_modified_time":"2023-04-27T09:56:03+00:00","og_image":[{"width":1200,"height":901,"url":"https:\/\/www.meydan.tv\/wp-content\/uploads\/278248893_729482484890211_8506415010268804436_n_720-3.jpg","type":"image\/jpeg"}],"author":"roma","twitter_card":"summary_large_image","schema":{"@context":"https:\/\/schema.org","@graph":[{"@type":"Article","@id":"https:\/\/www.meydan.tv\/az\/article\/nermin-isi-uzre-mehkeme-istintaqi-tamamlandi-vekiller-narazi-qaldi\/#article","isPartOf":{"@id":"https:\/\/www.meydan.tv\/az\/article\/nermin-isi-uzre-mehkeme-istintaqi-tamamlandi-vekiller-narazi-qaldi\/"},"author":{"name":"roma","@id":"https:\/\/www.meydan.tv\/az\/#\/schema\/person\/8f23e01c4de63326c13c319fb65ee65d"},"headline":"\u201cN\u0259rmin i\u015fi\u201d \u00fczr\u0259 m\u0259hk\u0259m\u0259 istintaq\u0131 tamamland\u0131, v\u0259kill\u0259r naraz\u0131 qald\u0131","datePublished":"2023-04-26T15:13:29+00:00","dateModified":"2023-04-27T09:56:03+00:00","mainEntityOfPage":{"@id":"https:\/\/www.meydan.tv\/az\/article\/nermin-isi-uzre-mehkeme-istintaqi-tamamlandi-vekiller-narazi-qaldi\/"},"wordCount":1502,"publisher":{"@id":"https:\/\/www.meydan.tv\/az\/#organization"},"image":{"@id":"https:\/\/www.meydan.tv\/az\/article\/nermin-isi-uzre-mehkeme-istintaqi-tamamlandi-vekiller-narazi-qaldi\/#primaryimage"},"thumbnailUrl":"https:\/\/www.meydan.tv\/wp-content\/uploads\/278248893_729482484890211_8506415010268804436_n_720-3.jpg","articleSection":["B\u00f6lg\u0259","T\u00f6vsiy\u0259","X\u0259b\u0259rl\u0259r"],"inLanguage":"az"},{"@type":"WebPage","@id":"https:\/\/www.meydan.tv\/az\/article\/nermin-isi-uzre-mehkeme-istintaqi-tamamlandi-vekiller-narazi-qaldi\/","url":"https:\/\/www.meydan.tv\/az\/article\/nermin-isi-uzre-mehkeme-istintaqi-tamamlandi-vekiller-narazi-qaldi\/","name":"\u201cN\u0259rmin i\u015fi\u201d \u00fczr\u0259 m\u0259hk\u0259m\u0259 istintaq\u0131 tamamland\u0131, v\u0259kill\u0259r naraz\u0131 qald\u0131 - MEYDAN.TV","isPartOf":{"@id":"https:\/\/www.meydan.tv\/az\/#website"},"primaryImageOfPage":{"@id":"https:\/\/www.meydan.tv\/az\/article\/nermin-isi-uzre-mehkeme-istintaqi-tamamlandi-vekiller-narazi-qaldi\/#primaryimage"},"image":{"@id":"https:\/\/www.meydan.tv\/az\/article\/nermin-isi-uzre-mehkeme-istintaqi-tamamlandi-vekiller-narazi-qaldi\/#primaryimage"},"thumbnailUrl":"https:\/\/www.meydan.tv\/wp-content\/uploads\/278248893_729482484890211_8506415010268804436_n_720-3.jpg","datePublished":"2023-04-26T15:13:29+00:00","dateModified":"2023-04-27T09:56:03+00:00","breadcrumb":{"@id":"https:\/\/www.meydan.tv\/az\/article\/nermin-isi-uzre-mehkeme-istintaqi-tamamlandi-vekiller-narazi-qaldi\/#breadcrumb"},"inLanguage":"az","potentialAction":[{"@type":"ReadAction","target":["https:\/\/www.meydan.tv\/az\/article\/nermin-isi-uzre-mehkeme-istintaqi-tamamlandi-vekiller-narazi-qaldi\/"]}]},{"@type":"ImageObject","inLanguage":"az","@id":"https:\/\/www.meydan.tv\/az\/article\/nermin-isi-uzre-mehkeme-istintaqi-tamamlandi-vekiller-narazi-qaldi\/#primaryimage","url":"https:\/\/www.meydan.tv\/wp-content\/uploads\/278248893_729482484890211_8506415010268804436_n_720-3.jpg","contentUrl":"https:\/\/www.meydan.tv\/wp-content\/uploads\/278248893_729482484890211_8506415010268804436_n_720-3.jpg","width":1200,"height":901,"caption":"\u0130lkin S\u00fcleymanov v\u0259 v\u0259kill\u0259ri. Foto: Meydan TV"},{"@type":"BreadcrumbList","@id":"https:\/\/www.meydan.tv\/az\/article\/nermin-isi-uzre-mehkeme-istintaqi-tamamlandi-vekiller-narazi-qaldi\/#breadcrumb","itemListElement":[{"@type":"ListItem","position":1,"name":"Ana s\u0259hif\u0259","item":"https:\/\/www.meydan.tv\/az\/"},{"@type":"ListItem","position":2,"name":"B\u00f6lg\u0259","item":"https:\/\/www.meydan.tv\/az\/section\/bolge\/"},{"@type":"ListItem","position":3,"name":"\u201cN\u0259rmin i\u015fi\u201d \u00fczr\u0259 m\u0259hk\u0259m\u0259 istintaq\u0131 tamamland\u0131, v\u0259kill\u0259r naraz\u0131 qald\u0131"}]},{"@type":"WebSite","@id":"https:\/\/www.meydan.tv\/az\/#website","url":"https:\/\/www.meydan.tv\/az\/","name":"MEYDAN.TV","description":"Meydan TV Az\u0259rbaycan\u0131n media m\u0259kan\u0131ndak\u0131 alternativ s\u0259sidir","publisher":{"@id":"https:\/\/www.meydan.tv\/az\/#organization"},"potentialAction":[{"@type":"SearchAction","target":{"@type":"EntryPoint","urlTemplate":"https:\/\/www.meydan.tv\/az\/?s={search_term_string}"},"query-input":{"@type":"PropertyValueSpecification","valueRequired":true,"valueName":"search_term_string"}}],"inLanguage":"az"},{"@type":"Organization","@id":"https:\/\/www.meydan.tv\/az\/#organization","name":"Meydan TV","url":"https:\/\/www.meydan.tv\/az\/","logo":{"@type":"ImageObject","inLanguage":"az","@id":"https:\/\/www.meydan.tv\/az\/#\/schema\/logo\/image\/","url":"https:\/\/www.meydan.tv\/wp-content\/uploads\/2021\/07\/meydan-logo.svg","contentUrl":"https:\/\/www.meydan.tv\/wp-content\/uploads\/2021\/07\/meydan-logo.svg","width":195,"height":46,"caption":"Meydan TV"},"image":{"@id":"https:\/\/www.meydan.tv\/az\/#\/schema\/logo\/image\/"}},{"@type":"Person","@id":"https:\/\/www.meydan.tv\/az\/#\/schema\/person\/8f23e01c4de63326c13c319fb65ee65d","name":"roma"}]}},"_links":{"self":[{"href":"https:\/\/www.meydan.tv\/az\/wp-json\/wp\/v2\/posts\/273757","targetHints":{"allow":["GET"]}}],"collection":[{"href":"https:\/\/www.meydan.tv\/az\/wp-json\/wp\/v2\/posts"}],"about":[{"href":"https:\/\/www.meydan.tv\/az\/wp-json\/wp\/v2\/types\/post"}],"author":[{"embeddable":true,"href":"https:\/\/www.meydan.tv\/az\/wp-json\/wp\/v2\/users\/14"}],"replies":[{"embeddable":true,"href":"https:\/\/www.meydan.tv\/az\/wp-json\/wp\/v2\/comments?post=273757"}],"version-history":[{"count":2,"href":"https:\/\/www.meydan.tv\/az\/wp-json\/wp\/v2\/posts\/273757\/revisions"}],"predecessor-version":[{"id":273766,"href":"https:\/\/www.meydan.tv\/az\/wp-json\/wp\/v2\/posts\/273757\/revisions\/273766"}],"wp:featuredmedia":[{"embeddable":true,"href":"https:\/\/www.meydan.tv\/az\/wp-json\/wp\/v2\/media\/273763"}],"wp:attachment":[{"href":"https:\/\/www.meydan.tv\/az\/wp-json\/wp\/v2\/media?parent=273757"}],"wp:term":[{"taxonomy":"category","embeddable":true,"href":"https:\/\/www.meydan.tv\/az\/wp-json\/wp\/v2\/categories?post=273757"},{"taxonomy":"post_tag","embeddable":true,"href":"https:\/\/www.meydan.tv\/az\/wp-json\/wp\/v2\/tags?post=273757"}],"curies":[{"name":"wp","href":"https:\/\/api.w.org\/{rel}","templated":true}]}}