{"id":273735,"date":"2023-04-26T17:35:18","date_gmt":"2023-04-26T13:35:18","guid":{"rendered":"https:\/\/www.meydan.tv\/?p=273735"},"modified":"2023-04-26T17:35:23","modified_gmt":"2023-04-26T13:35:23","slug":"iv-sevil-beynelxalq-film-festivalinin-kecirileceyi-tarix-acilanib","status":"publish","type":"post","link":"https:\/\/www.meydan.tv\/az\/article\/iv-sevil-beynelxalq-film-festivalinin-kecirileceyi-tarix-acilanib\/","title":{"rendered":"IV Sevil Beyn\u0259lxalq Film Festival\u0131n\u0131n ke\u00e7iril\u0259c\u0259yi tarix a\u00e7\u0131qlan\u0131b"},"content":{"rendered":"\n<p><\/p>\n\n\n\n<p><strong><em>Festival eyni anda Bak\u0131, \u015e\u0259ki, L\u0259nk\u0259ran \u015f\u0259h\u0259rl\u0259rind\u0259 realla\u015facaq<\/em><\/strong><\/p>\n\n\n\n<p>IV Sevil Beyn\u0259lxalq Qad\u0131n S\u0259n\u0259dli Film Festival\u0131n\u0131n ke\u00e7iril\u0259c\u0259yi tarixl\u0259r m\u0259lum olub.<\/p>\n\n\n\n<p>T\u0259\u015fkilat\u00e7\u0131lar\u0131n verdiyi m\u0259lumata g\u00f6r\u0259, festival sentyabr\u0131n 15-d\u0259n 22-d\u0259k eyni anda Bak\u0131, \u015e\u0259ki, L\u0259nk\u0259ran \u015f\u0259h\u0259rl\u0259rind\u0259 realla\u015facaq.<\/p>\n\n\n\n<p>Festivala film q\u0259bulu davam <a href=\"https:\/\/www.meydan.tv\/az\/article\/sevil-beynelxalq-qadin-senedli-film-festivalina-qebul-baslanib\/\" target=\"_blank\" rel=\"noreferrer noopener\">edir.<\/a><\/p>\n\n\n\n<p>Xarici rejissorlar \u00fc\u00e7\u00fcn film q\u0259bulu yekunla\u015fsa da, yerli rejissorlar m\u00fc\u0259llifi olduqlar\u0131 filml\u0259ri 30 iyun tarixin\u0259 q\u0259d\u0259r <a href=\"https:\/\/filmfreeway.com\/Sevilfilmfest\" target=\"_blank\" rel=\"noreferrer noopener\">&#8220;FilmFreeway&#8221;<\/a> vasit\u0259sil\u0259 g\u00f6nd\u0259r\u0259 bil\u0259rl\u0259r.<\/p>\n\n\n\n<p>Se\u00e7ki komissiyas\u0131 t\u0259r\u0259find\u0259n se\u00e7il\u0259c\u0259k filml\u0259r festival\u0131n m\u00fcsabiq\u0259 m\u0259rh\u0259l\u0259sind\u0259 i\u015ftirak haqq\u0131 qazanacaq.<\/p>\n\n\n\n<p>Qalibl\u0259r festival\u0131n ba\u011flan\u0131\u015f m\u0259rasimind\u0259 elan edil\u0259c\u0259k.<\/p>\n\n\n\n<p>\u201cSevilfest\u201din 2022-ci il proqram\u0131 \u00e7\u0259r\u00e7iv\u0259sind\u0259 Almaniyan\u0131n \u201cgoEast\u201d film festival\u0131 il\u0259 \u0259m\u0259kda\u015fl\u0131\u011f\u0131 n\u0259tic\u0259sind\u0259 festival\u0131n \u00f6t\u0259nilki qalibi \u201cgoEast\u201d festival\u0131 n\u0259zdind\u0259 ke\u00e7iril\u0259n \u201cEast-West Talent Lab\u201d-da i\u015ftirak haqq\u0131 qazan\u0131b.<\/p>\n\n\n\n<p>Festival\u0131n builki yerli qalibini d\u0259 x\u00fcsusi m\u00fckafat g\u00f6zl\u0259yir.<\/p>\n\n\n\n<p>Ad\u0131n\u0131 C\u0259f\u0259r Cabbarl\u0131n\u0131n \u201cSevil\u201d pyesind\u0259n g\u00f6t\u00fcrm\u00fc\u015f Sevil Beyn\u0259lxalq Qad\u0131n S\u0259n\u0259dli Film Festival\u0131 2020-ci ilin sentyabr\u0131nda f\u0259aliyy\u0259t\u0259 ba\u015flay\u0131b.<\/p>\n\n\n\n<p>Festival m\u00fcst\u0259qil yerli s\u0259n\u0259dli film sah\u0259sinin inki\u015faf\u0131na t\u00f6hf\u0259 verm\u0259k, s\u0259n\u0259dli film \u00fczr\u0259 yerli v\u0259 xarici pe\u015f\u0259karlar aras\u0131nda t\u0259cr\u00fcb\u0259 m\u00fcbadil\u0259si \u00fc\u00e7\u00fcn platforma yaratmaq, yeni yerli s\u0259n\u0259dli filml\u0259rin, el\u0259c\u0259 d\u0259 beyn\u0259lxalq m\u00fc\u015ft\u0259r\u0259k m\u0259hsullar\u0131n yarad\u0131lmas\u0131n\u0131 t\u0259\u015fviq etm\u0259k, eyni zamanda, s\u0259n\u0259dli filml\u0259r vasit\u0259sil\u0259 gender m\u0259s\u0259l\u0259l\u0259rin\u0259 diqq\u0259t \u00e7\u0259km\u0259k m\u0259qs\u0259di il\u0259 yarad\u0131l\u0131b.<\/p>\n","protected":false},"excerpt":{"rendered":"<p>Festival eyni anda Bak\u0131, \u015e\u0259ki, L\u0259nk\u0259ran \u015f\u0259h\u0259rl\u0259rind\u0259 realla\u015facaq IV Sevil &#8230; <\/p>\n<p class=\"read-more-container\"><a title=\"IV Sevil Beyn\u0259lxalq Film Festival\u0131n\u0131n ke\u00e7iril\u0259c\u0259yi tarix a\u00e7\u0131qlan\u0131b\" class=\"read-more button\" href=\"https:\/\/www.meydan.tv\/az\/article\/iv-sevil-beynelxalq-film-festivalinin-kecirileceyi-tarix-acilanib\/#more-273735\" aria-label=\"Read more about IV Sevil Beyn\u0259lxalq Film Festival\u0131n\u0131n ke\u00e7iril\u0259c\u0259yi tarix a\u00e7\u0131qlan\u0131b\">Davam\u0131<\/a><\/p>\n","protected":false},"author":8,"featured_media":273732,"comment_status":"closed","ping_status":"closed","sticky":false,"template":"","format":"standard","meta":{"_acf_changed":false,"_sitemap_exclude":false,"_sitemap_priority":"","_sitemap_frequency":"","footnotes":""},"categories":[52,56],"tags":[],"class_list":["post-273735","post","type-post","status-publish","format-standard","has-post-thumbnail","hentry","category-medeniyyet","category-xeberler","infinite-scroll-item","generate-columns","tablet-grid-50","mobile-grid-100","grid-parent","grid-33","no-featured-image-padding"],"acf":[],"yoast_head":"<!-- This site is optimized with the Yoast SEO plugin v27.4 - https:\/\/yoast.com\/product\/yoast-seo-wordpress\/ -->\n<title>IV Sevil Beyn\u0259lxalq Film Festival\u0131n\u0131n ke\u00e7iril\u0259c\u0259yi tarix a\u00e7\u0131qlan\u0131b - MEYDAN.TV<\/title>\n<meta name=\"robots\" content=\"index, follow, max-snippet:-1, max-image-preview:large, max-video-preview:-1\" \/>\n<link rel=\"canonical\" href=\"https:\/\/www.meydan.tv\/az\/article\/iv-sevil-beynelxalq-film-festivalinin-kecirileceyi-tarix-acilanib\/\" \/>\n<meta property=\"og:locale\" content=\"az_AZ\" \/>\n<meta property=\"og:type\" content=\"article\" \/>\n<meta property=\"og:title\" content=\"IV Sevil Beyn\u0259lxalq Film Festival\u0131n\u0131n ke\u00e7iril\u0259c\u0259yi tarix a\u00e7\u0131qlan\u0131b - MEYDAN.TV\" \/>\n<meta property=\"og:description\" content=\"Festival eyni anda Bak\u0131, \u015e\u0259ki, L\u0259nk\u0259ran \u015f\u0259h\u0259rl\u0259rind\u0259 realla\u015facaq IV Sevil ... Davam\u0131\" \/>\n<meta property=\"og:url\" content=\"https:\/\/www.meydan.tv\/az\/article\/iv-sevil-beynelxalq-film-festivalinin-kecirileceyi-tarix-acilanib\/\" \/>\n<meta property=\"og:site_name\" content=\"MEYDAN.TV\" \/>\n<meta property=\"article:published_time\" content=\"2023-04-26T13:35:18+00:00\" \/>\n<meta property=\"article:modified_time\" content=\"2023-04-26T13:35:23+00:00\" \/>\n<meta property=\"og:image\" content=\"https:\/\/www.meydan.tv\/wp-content\/uploads\/untitled-design-2-92-e1682516058528.jpg\" \/>\n\t<meta property=\"og:image:width\" content=\"1200\" \/>\n\t<meta property=\"og:image:height\" content=\"705\" \/>\n\t<meta property=\"og:image:type\" content=\"image\/jpeg\" \/>\n<meta name=\"author\" content=\"elli\" \/>\n<meta name=\"twitter:card\" content=\"summary_large_image\" \/>\n<meta name=\"twitter:creator\" content=\"@elli\" \/>\n<script type=\"application\/ld+json\" class=\"yoast-schema-graph\">{\"@context\":\"https:\\\/\\\/schema.org\",\"@graph\":[{\"@type\":\"Article\",\"@id\":\"https:\\\/\\\/www.meydan.tv\\\/az\\\/article\\\/iv-sevil-beynelxalq-film-festivalinin-kecirileceyi-tarix-acilanib\\\/#article\",\"isPartOf\":{\"@id\":\"https:\\\/\\\/www.meydan.tv\\\/az\\\/article\\\/iv-sevil-beynelxalq-film-festivalinin-kecirileceyi-tarix-acilanib\\\/\"},\"author\":{\"name\":\"elli\",\"@id\":\"https:\\\/\\\/www.meydan.tv\\\/az\\\/#\\\/schema\\\/person\\\/9cdbecf90d17180ce1dfbd95b08dcf47\"},\"headline\":\"IV Sevil Beyn\u0259lxalq Film Festival\u0131n\u0131n ke\u00e7iril\u0259c\u0259yi tarix a\u00e7\u0131qlan\u0131b\",\"datePublished\":\"2023-04-26T13:35:18+00:00\",\"dateModified\":\"2023-04-26T13:35:23+00:00\",\"mainEntityOfPage\":{\"@id\":\"https:\\\/\\\/www.meydan.tv\\\/az\\\/article\\\/iv-sevil-beynelxalq-film-festivalinin-kecirileceyi-tarix-acilanib\\\/\"},\"wordCount\":331,\"publisher\":{\"@id\":\"https:\\\/\\\/www.meydan.tv\\\/az\\\/#organization\"},\"image\":{\"@id\":\"https:\\\/\\\/www.meydan.tv\\\/az\\\/article\\\/iv-sevil-beynelxalq-film-festivalinin-kecirileceyi-tarix-acilanib\\\/#primaryimage\"},\"thumbnailUrl\":\"https:\\\/\\\/www.meydan.tv\\\/wp-content\\\/uploads\\\/untitled-design-2-92-e1682516058528.jpg\",\"articleSection\":[\"M\u0259d\u0259niyy\u0259t\",\"X\u0259b\u0259rl\u0259r\"],\"inLanguage\":\"az\"},{\"@type\":\"WebPage\",\"@id\":\"https:\\\/\\\/www.meydan.tv\\\/az\\\/article\\\/iv-sevil-beynelxalq-film-festivalinin-kecirileceyi-tarix-acilanib\\\/\",\"url\":\"https:\\\/\\\/www.meydan.tv\\\/az\\\/article\\\/iv-sevil-beynelxalq-film-festivalinin-kecirileceyi-tarix-acilanib\\\/\",\"name\":\"IV Sevil Beyn\u0259lxalq Film Festival\u0131n\u0131n ke\u00e7iril\u0259c\u0259yi tarix a\u00e7\u0131qlan\u0131b - MEYDAN.TV\",\"isPartOf\":{\"@id\":\"https:\\\/\\\/www.meydan.tv\\\/az\\\/#website\"},\"primaryImageOfPage\":{\"@id\":\"https:\\\/\\\/www.meydan.tv\\\/az\\\/article\\\/iv-sevil-beynelxalq-film-festivalinin-kecirileceyi-tarix-acilanib\\\/#primaryimage\"},\"image\":{\"@id\":\"https:\\\/\\\/www.meydan.tv\\\/az\\\/article\\\/iv-sevil-beynelxalq-film-festivalinin-kecirileceyi-tarix-acilanib\\\/#primaryimage\"},\"thumbnailUrl\":\"https:\\\/\\\/www.meydan.tv\\\/wp-content\\\/uploads\\\/untitled-design-2-92-e1682516058528.jpg\",\"datePublished\":\"2023-04-26T13:35:18+00:00\",\"dateModified\":\"2023-04-26T13:35:23+00:00\",\"breadcrumb\":{\"@id\":\"https:\\\/\\\/www.meydan.tv\\\/az\\\/article\\\/iv-sevil-beynelxalq-film-festivalinin-kecirileceyi-tarix-acilanib\\\/#breadcrumb\"},\"inLanguage\":\"az\",\"potentialAction\":[{\"@type\":\"ReadAction\",\"target\":[\"https:\\\/\\\/www.meydan.tv\\\/az\\\/article\\\/iv-sevil-beynelxalq-film-festivalinin-kecirileceyi-tarix-acilanib\\\/\"]}]},{\"@type\":\"ImageObject\",\"inLanguage\":\"az\",\"@id\":\"https:\\\/\\\/www.meydan.tv\\\/az\\\/article\\\/iv-sevil-beynelxalq-film-festivalinin-kecirileceyi-tarix-acilanib\\\/#primaryimage\",\"url\":\"https:\\\/\\\/www.meydan.tv\\\/wp-content\\\/uploads\\\/untitled-design-2-92-e1682516058528.jpg\",\"contentUrl\":\"https:\\\/\\\/www.meydan.tv\\\/wp-content\\\/uploads\\\/untitled-design-2-92-e1682516058528.jpg\",\"width\":1200,\"height\":705,\"caption\":\"IV Sevil Beyn\u0259lxalq Film Festival\u0131\"},{\"@type\":\"BreadcrumbList\",\"@id\":\"https:\\\/\\\/www.meydan.tv\\\/az\\\/article\\\/iv-sevil-beynelxalq-film-festivalinin-kecirileceyi-tarix-acilanib\\\/#breadcrumb\",\"itemListElement\":[{\"@type\":\"ListItem\",\"position\":1,\"name\":\"Ana s\u0259hif\u0259\",\"item\":\"https:\\\/\\\/www.meydan.tv\\\/az\\\/\"},{\"@type\":\"ListItem\",\"position\":2,\"name\":\"M\u0259d\u0259niyy\u0259t\",\"item\":\"https:\\\/\\\/www.meydan.tv\\\/az\\\/section\\\/medeniyyet\\\/\"},{\"@type\":\"ListItem\",\"position\":3,\"name\":\"IV Sevil Beyn\u0259lxalq Film Festival\u0131n\u0131n ke\u00e7iril\u0259c\u0259yi tarix a\u00e7\u0131qlan\u0131b\"}]},{\"@type\":\"WebSite\",\"@id\":\"https:\\\/\\\/www.meydan.tv\\\/az\\\/#website\",\"url\":\"https:\\\/\\\/www.meydan.tv\\\/az\\\/\",\"name\":\"MEYDAN.TV\",\"description\":\"Meydan TV Az\u0259rbaycan\u0131n media m\u0259kan\u0131ndak\u0131 alternativ s\u0259sidir\",\"publisher\":{\"@id\":\"https:\\\/\\\/www.meydan.tv\\\/az\\\/#organization\"},\"potentialAction\":[{\"@type\":\"SearchAction\",\"target\":{\"@type\":\"EntryPoint\",\"urlTemplate\":\"https:\\\/\\\/www.meydan.tv\\\/az\\\/?s={search_term_string}\"},\"query-input\":{\"@type\":\"PropertyValueSpecification\",\"valueRequired\":true,\"valueName\":\"search_term_string\"}}],\"inLanguage\":\"az\"},{\"@type\":\"Organization\",\"@id\":\"https:\\\/\\\/www.meydan.tv\\\/az\\\/#organization\",\"name\":\"Meydan TV\",\"url\":\"https:\\\/\\\/www.meydan.tv\\\/az\\\/\",\"logo\":{\"@type\":\"ImageObject\",\"inLanguage\":\"az\",\"@id\":\"https:\\\/\\\/www.meydan.tv\\\/az\\\/#\\\/schema\\\/logo\\\/image\\\/\",\"url\":\"https:\\\/\\\/www.meydan.tv\\\/wp-content\\\/uploads\\\/2021\\\/07\\\/meydan-logo.svg\",\"contentUrl\":\"https:\\\/\\\/www.meydan.tv\\\/wp-content\\\/uploads\\\/2021\\\/07\\\/meydan-logo.svg\",\"width\":195,\"height\":46,\"caption\":\"Meydan TV\"},\"image\":{\"@id\":\"https:\\\/\\\/www.meydan.tv\\\/az\\\/#\\\/schema\\\/logo\\\/image\\\/\"}},{\"@type\":\"Person\",\"@id\":\"https:\\\/\\\/www.meydan.tv\\\/az\\\/#\\\/schema\\\/person\\\/9cdbecf90d17180ce1dfbd95b08dcf47\",\"name\":\"elli\",\"sameAs\":[\"https:\\\/\\\/x.com\\\/elli\"]}]}<\/script>\n<!-- \/ Yoast SEO plugin. -->","yoast_head_json":{"title":"IV Sevil Beyn\u0259lxalq Film Festival\u0131n\u0131n ke\u00e7iril\u0259c\u0259yi tarix a\u00e7\u0131qlan\u0131b - MEYDAN.TV","robots":{"index":"index","follow":"follow","max-snippet":"max-snippet:-1","max-image-preview":"max-image-preview:large","max-video-preview":"max-video-preview:-1"},"canonical":"https:\/\/www.meydan.tv\/az\/article\/iv-sevil-beynelxalq-film-festivalinin-kecirileceyi-tarix-acilanib\/","og_locale":"az_AZ","og_type":"article","og_title":"IV Sevil Beyn\u0259lxalq Film Festival\u0131n\u0131n ke\u00e7iril\u0259c\u0259yi tarix a\u00e7\u0131qlan\u0131b - MEYDAN.TV","og_description":"Festival eyni anda Bak\u0131, \u015e\u0259ki, L\u0259nk\u0259ran \u015f\u0259h\u0259rl\u0259rind\u0259 realla\u015facaq IV Sevil ... Davam\u0131","og_url":"https:\/\/www.meydan.tv\/az\/article\/iv-sevil-beynelxalq-film-festivalinin-kecirileceyi-tarix-acilanib\/","og_site_name":"MEYDAN.TV","article_published_time":"2023-04-26T13:35:18+00:00","article_modified_time":"2023-04-26T13:35:23+00:00","og_image":[{"width":1200,"height":705,"url":"https:\/\/www.meydan.tv\/wp-content\/uploads\/untitled-design-2-92-e1682516058528.jpg","type":"image\/jpeg"}],"author":"elli","twitter_card":"summary_large_image","twitter_creator":"@elli","schema":{"@context":"https:\/\/schema.org","@graph":[{"@type":"Article","@id":"https:\/\/www.meydan.tv\/az\/article\/iv-sevil-beynelxalq-film-festivalinin-kecirileceyi-tarix-acilanib\/#article","isPartOf":{"@id":"https:\/\/www.meydan.tv\/az\/article\/iv-sevil-beynelxalq-film-festivalinin-kecirileceyi-tarix-acilanib\/"},"author":{"name":"elli","@id":"https:\/\/www.meydan.tv\/az\/#\/schema\/person\/9cdbecf90d17180ce1dfbd95b08dcf47"},"headline":"IV Sevil Beyn\u0259lxalq Film Festival\u0131n\u0131n ke\u00e7iril\u0259c\u0259yi tarix a\u00e7\u0131qlan\u0131b","datePublished":"2023-04-26T13:35:18+00:00","dateModified":"2023-04-26T13:35:23+00:00","mainEntityOfPage":{"@id":"https:\/\/www.meydan.tv\/az\/article\/iv-sevil-beynelxalq-film-festivalinin-kecirileceyi-tarix-acilanib\/"},"wordCount":331,"publisher":{"@id":"https:\/\/www.meydan.tv\/az\/#organization"},"image":{"@id":"https:\/\/www.meydan.tv\/az\/article\/iv-sevil-beynelxalq-film-festivalinin-kecirileceyi-tarix-acilanib\/#primaryimage"},"thumbnailUrl":"https:\/\/www.meydan.tv\/wp-content\/uploads\/untitled-design-2-92-e1682516058528.jpg","articleSection":["M\u0259d\u0259niyy\u0259t","X\u0259b\u0259rl\u0259r"],"inLanguage":"az"},{"@type":"WebPage","@id":"https:\/\/www.meydan.tv\/az\/article\/iv-sevil-beynelxalq-film-festivalinin-kecirileceyi-tarix-acilanib\/","url":"https:\/\/www.meydan.tv\/az\/article\/iv-sevil-beynelxalq-film-festivalinin-kecirileceyi-tarix-acilanib\/","name":"IV Sevil Beyn\u0259lxalq Film Festival\u0131n\u0131n ke\u00e7iril\u0259c\u0259yi tarix a\u00e7\u0131qlan\u0131b - MEYDAN.TV","isPartOf":{"@id":"https:\/\/www.meydan.tv\/az\/#website"},"primaryImageOfPage":{"@id":"https:\/\/www.meydan.tv\/az\/article\/iv-sevil-beynelxalq-film-festivalinin-kecirileceyi-tarix-acilanib\/#primaryimage"},"image":{"@id":"https:\/\/www.meydan.tv\/az\/article\/iv-sevil-beynelxalq-film-festivalinin-kecirileceyi-tarix-acilanib\/#primaryimage"},"thumbnailUrl":"https:\/\/www.meydan.tv\/wp-content\/uploads\/untitled-design-2-92-e1682516058528.jpg","datePublished":"2023-04-26T13:35:18+00:00","dateModified":"2023-04-26T13:35:23+00:00","breadcrumb":{"@id":"https:\/\/www.meydan.tv\/az\/article\/iv-sevil-beynelxalq-film-festivalinin-kecirileceyi-tarix-acilanib\/#breadcrumb"},"inLanguage":"az","potentialAction":[{"@type":"ReadAction","target":["https:\/\/www.meydan.tv\/az\/article\/iv-sevil-beynelxalq-film-festivalinin-kecirileceyi-tarix-acilanib\/"]}]},{"@type":"ImageObject","inLanguage":"az","@id":"https:\/\/www.meydan.tv\/az\/article\/iv-sevil-beynelxalq-film-festivalinin-kecirileceyi-tarix-acilanib\/#primaryimage","url":"https:\/\/www.meydan.tv\/wp-content\/uploads\/untitled-design-2-92-e1682516058528.jpg","contentUrl":"https:\/\/www.meydan.tv\/wp-content\/uploads\/untitled-design-2-92-e1682516058528.jpg","width":1200,"height":705,"caption":"IV Sevil Beyn\u0259lxalq Film Festival\u0131"},{"@type":"BreadcrumbList","@id":"https:\/\/www.meydan.tv\/az\/article\/iv-sevil-beynelxalq-film-festivalinin-kecirileceyi-tarix-acilanib\/#breadcrumb","itemListElement":[{"@type":"ListItem","position":1,"name":"Ana s\u0259hif\u0259","item":"https:\/\/www.meydan.tv\/az\/"},{"@type":"ListItem","position":2,"name":"M\u0259d\u0259niyy\u0259t","item":"https:\/\/www.meydan.tv\/az\/section\/medeniyyet\/"},{"@type":"ListItem","position":3,"name":"IV Sevil Beyn\u0259lxalq Film Festival\u0131n\u0131n ke\u00e7iril\u0259c\u0259yi tarix a\u00e7\u0131qlan\u0131b"}]},{"@type":"WebSite","@id":"https:\/\/www.meydan.tv\/az\/#website","url":"https:\/\/www.meydan.tv\/az\/","name":"MEYDAN.TV","description":"Meydan TV Az\u0259rbaycan\u0131n media m\u0259kan\u0131ndak\u0131 alternativ s\u0259sidir","publisher":{"@id":"https:\/\/www.meydan.tv\/az\/#organization"},"potentialAction":[{"@type":"SearchAction","target":{"@type":"EntryPoint","urlTemplate":"https:\/\/www.meydan.tv\/az\/?s={search_term_string}"},"query-input":{"@type":"PropertyValueSpecification","valueRequired":true,"valueName":"search_term_string"}}],"inLanguage":"az"},{"@type":"Organization","@id":"https:\/\/www.meydan.tv\/az\/#organization","name":"Meydan TV","url":"https:\/\/www.meydan.tv\/az\/","logo":{"@type":"ImageObject","inLanguage":"az","@id":"https:\/\/www.meydan.tv\/az\/#\/schema\/logo\/image\/","url":"https:\/\/www.meydan.tv\/wp-content\/uploads\/2021\/07\/meydan-logo.svg","contentUrl":"https:\/\/www.meydan.tv\/wp-content\/uploads\/2021\/07\/meydan-logo.svg","width":195,"height":46,"caption":"Meydan TV"},"image":{"@id":"https:\/\/www.meydan.tv\/az\/#\/schema\/logo\/image\/"}},{"@type":"Person","@id":"https:\/\/www.meydan.tv\/az\/#\/schema\/person\/9cdbecf90d17180ce1dfbd95b08dcf47","name":"elli","sameAs":["https:\/\/x.com\/elli"]}]}},"_links":{"self":[{"href":"https:\/\/www.meydan.tv\/az\/wp-json\/wp\/v2\/posts\/273735","targetHints":{"allow":["GET"]}}],"collection":[{"href":"https:\/\/www.meydan.tv\/az\/wp-json\/wp\/v2\/posts"}],"about":[{"href":"https:\/\/www.meydan.tv\/az\/wp-json\/wp\/v2\/types\/post"}],"author":[{"embeddable":true,"href":"https:\/\/www.meydan.tv\/az\/wp-json\/wp\/v2\/users\/8"}],"replies":[{"embeddable":true,"href":"https:\/\/www.meydan.tv\/az\/wp-json\/wp\/v2\/comments?post=273735"}],"version-history":[{"count":3,"href":"https:\/\/www.meydan.tv\/az\/wp-json\/wp\/v2\/posts\/273735\/revisions"}],"predecessor-version":[{"id":273740,"href":"https:\/\/www.meydan.tv\/az\/wp-json\/wp\/v2\/posts\/273735\/revisions\/273740"}],"wp:featuredmedia":[{"embeddable":true,"href":"https:\/\/www.meydan.tv\/az\/wp-json\/wp\/v2\/media\/273732"}],"wp:attachment":[{"href":"https:\/\/www.meydan.tv\/az\/wp-json\/wp\/v2\/media?parent=273735"}],"wp:term":[{"taxonomy":"category","embeddable":true,"href":"https:\/\/www.meydan.tv\/az\/wp-json\/wp\/v2\/categories?post=273735"},{"taxonomy":"post_tag","embeddable":true,"href":"https:\/\/www.meydan.tv\/az\/wp-json\/wp\/v2\/tags?post=273735"}],"curies":[{"name":"wp","href":"https:\/\/api.w.org\/{rel}","templated":true}]}}