{"id":273677,"date":"2023-04-26T12:17:29","date_gmt":"2023-04-26T08:17:29","guid":{"rendered":"https:\/\/www.meydan.tv\/?p=273677"},"modified":"2023-04-26T12:17:31","modified_gmt":"2023-04-26T08:17:31","slug":"azerisiqin-emekdasi-prezidente-sikayet-yazdigim-ucun-isde-psixoloji-tezyiq-gorurem","status":"publish","type":"post","link":"https:\/\/www.meydan.tv\/az\/article\/azerisiqin-emekdasi-prezidente-sikayet-yazdigim-ucun-isde-psixoloji-tezyiq-gorurem\/","title":{"rendered":"\u201cAz\u0259ri\u015f\u0131q\u201d\u0131n \u0259m\u0259kda\u015f\u0131: \u201cPrezident\u0259 \u015fikay\u0259t yazd\u0131\u011f\u0131m \u00fc\u00e7\u00fcn i\u015fd\u0259 psixoloji t\u0259zyiq g\u00f6r\u00fcr\u0259m\u201d"},"content":{"rendered":"\n<p><\/p>\n\n\n\n<p><strong><em>Jal\u0259 Cavadova i\u015fd\u0259n \u00e7\u0131xar\u0131lmaq t\u0259hl\u00fck\u0259si il\u0259 \u00fczl\u0259\u015fdiyini s\u00f6yl\u0259yir<\/em><\/strong><\/p>\n\n\n\n<p>\u201cAz\u0259ri\u015f\u0131q\u201d\u0131n Sumqay\u0131t Enerji T\u0259chizat\u0131 v\u0259 Sat\u0131\u015f\u0131 \u0130dar\u0259sinin (RETS\u0130) texnik-opreatoru Jal\u0259 \u018fli q\u0131z\u0131 Cavadova i\u015fd\u0259 ona qar\u015f\u0131 t\u0259zyiql\u0259r oldu\u011funu deyir.<\/p>\n\n\n\n<p>V\u0259t\u0259nda\u015f Meydan TV-y\u0259 bildirib ki, bu ilin \u0259vv\u0259lind\u0259 qanunsuz olaraq i\u015fd\u0259n \u00e7\u0131xar\u0131lmaq t\u0259hl\u00fck\u0259si il\u0259 \u00fczl\u0259\u015fib.<br>Bununla \u0259laq\u0259dar Prezident \u0130lham \u018fliyev\u0259 \u015fikay\u0259t m\u0259ktubu yaz\u0131b.<\/p>\n\n\n\n<p>Dediyin\u0259 g\u00f6r\u0259, onu i\u015find\u0259 saxlasalar da, psixoloji t\u0259zyiq g\u00f6st\u0259rirl\u0259r ki, k\u00f6n\u00fcll\u00fc \u0259riz\u0259 yazaraq i\u015fd\u0259n \u00e7\u0131xs\u0131n:<\/p>\n\n\n\n<p><em>\u201c2022-ci ilin noyabr\u0131nda \u201c\u015eimal\u201d RETS\u0130 l\u0259\u011fv olundu. \u0130dar\u0259 daxilind\u0259 \u201cSumqay\u0131t\u201d RETS\u0130 v\u0259 \u201cXa\u00e7maz\u201d RETS\u0130 yarad\u0131ld\u0131. Bununla da \u201c\u015eimal\u201d RETS\u0130-nin \u015ftat\u0131 b\u00f6l\u00fcnd\u00fc v\u0259 \u201cXa\u00e7maz\u201d RETS\u0130-nin n\u0259zdind\u0259 \u015ftatlar yarad\u0131ld\u0131. 2023-c\u00fc il fevral\u0131n 3-d\u0259 son i\u015f h\u0259ft\u0259si g\u00fcn\u00fc- c\u00fcm\u0259 g\u00fcn\u00fc saat 16 rad\u0259l\u0259rind\u0259 g\u00f6zl\u0259nilm\u0259d\u0259n istismar idar\u0259sinin binas\u0131nda \u201cAz\u0259ri\u015f\u0131\u011f\u201d\u0131n he\u00e7 bir r\u0259hb\u0259r n\u00fcmay\u0259nd\u0259si olmadan qondarma iclas ke\u00e7irildi. Elan edildi ki, idar\u0259nin 123 n\u0259f\u0259r i\u015f\u00e7isi Xa\u00e7maz RETS\u0130-nd\u0259 \u00e7al\u0131\u015facaqlar\u201d.<\/em><\/p>\n\n\n\n<p>\u015eikay\u0259t\u00e7i deyir ki, onlardan t\u0259cili \u0259riz\u0259 yazmaq t\u0259l\u0259b olunub:<\/p>\n\n\n\n<p><em>\u201cBizd\u0259n t\u0259l\u0259m-t\u0259l\u0259sik \u0259riz\u0259 yazma\u011f\u0131 t\u0259l\u0259b etdil\u0259r. Siyah\u0131da 123 n\u0259f\u0259r Sumqay\u0131tda ya\u015fayan i\u015f\u00e7i vard\u0131. Xa\u00e7maz RETS\u0130-nin r\u0259hb\u0259ri Taleh S\u0259f\u0259rov da biz\u0259 dedi ki, m\u0259n r\u0259is oldu\u011fum m\u00fcdd\u0259td\u0259 siz\u0259 toxunulmayacaq. El\u0259 ya\u015fad\u0131\u011f\u0131n\u0131z Sumqay\u0131t \u015f\u0259h\u0259rind\u0259n \u201cXa\u00e7maz\u201d RETS\u0130-nin i\u015fl\u0259rini onlayn idar\u0259 ed\u0259c\u0259ksiniz. \u018friz\u0259 yazmaqdan imtina etdikd\u0259, kadrlar\u0131n apar\u0131c\u0131 m\u00fct\u0259x\u0259ssisi G\u00fclbac\u0131 Dada\u015fova bizi i\u015fd\u0259n \u00e7\u0131xarmaqla h\u0259d\u0259l\u0259di. \u015e\u0259rt qoydular ki, ya \u201cXa\u00e7maz\u201d RETS\u0130-n\u0259 ke\u00e7in, ya da ixtisar olunacaqs\u0131n\u0131z\u201d.<\/em><\/p>\n\n\n\n<p>\u015eikay\u0259t\u00e7i deyir ki, idar\u0259 r\u0259hb\u0259rliyi bunu i\u015f\u00e7il\u0259ri ixtisara salmaq \u00fc\u00e7\u00fcn planl\u0131 olaraq edib:<\/p>\n\n\n\n<p><em>\u201cBu yolla biz\u0259 i\u015fd\u0259n \u00e7\u0131xmaq haqq\u0131nda \u0259riz\u0259 yazd\u0131rma\u011fa c\u0259hd etdil\u0259r. H\u0259min i\u015f\u00e7il\u0259rin d\u0259 ham\u0131s\u0131 y\u00fcks\u0259k i\u015f t\u0259cr\u00fcb\u0259si olan adamlard\u0131r. \u018fn az staj\u0131 olan m\u0259n\u0259m, i\u015f t\u0259cr\u00fcb\u0259m 16 ildir. M\u0259s\u0259l\u0259 il\u0259 \u0259laq\u0259dar \u015fikay\u0259t m\u0259ktubu yazmaq q\u0259rar\u0131na g\u0259ldim. \u0130dar\u0259d\u0259 i\u015fl\u0259y\u0259n s\u0259kkiz n\u0259f\u0259r z\u0259r\u0259r\u00e7\u0259k\u0259n qad\u0131n da m\u0259n\u0259 qo\u015fuldu. M\u0259ktubu Prezident \u0130lham \u018fliyev\u0259, Birinci vitse-prezident Mehriban \u018fliyevaya, Nazirl\u0259r Kabinetin\u0259, Ba\u015f nazir \u018fli \u018fs\u0259dova, Daxili \u0130\u015fl\u0259r Nazirliyin\u0259, Milli T\u0259hl\u00fck\u0259sizlik Nazirliyin\u0259, \u0130nsan H\u00fcquqlar\u0131 \u00fczr\u0259 M\u00fcv\u0259kkilin\u0259 (Ombudsman), \u018fm\u0259k M\u00fcf\u0259tti\u015fliyi Xidm\u0259tin\u0259, Sumqay\u0131t \u015e\u0259h\u0259r \u0130cra Hakimiyy\u0259tin\u0259, bir s\u00fcr\u0259tini is\u0259 \u201cAz\u0259ri\u015f\u0131q\u201d\u0131n s\u0259dri V\u00fcqar \u018fhm\u0259dova g\u00f6nd\u0259rdik\u201d.<\/em><\/p>\n\n\n\n<p>Jal\u0259 Cavadovan\u0131n s\u00f6zl\u0259rin\u0259 g\u00f6r\u0259, \u015fikay\u0259t m\u0259ktublar\u0131ndan sonra onlar\u0131 V\u00fcqar \u018fhm\u0259dov q\u0259bul ed\u0259r\u0259k, \u015fikay\u0259tl\u0259rini dinl\u0259yib:<\/p>\n\n\n\n<p><em>\u201cR\u0259hb\u0259rlik t\u0259r\u0259find\u0259n biz\u0259 irad tutuldu ki, niy\u0259 naraz\u0131l\u0131\u011f\u0131n\u0131z\u0131 yuxar\u0131lara q\u0259d\u0259r qald\u0131rm\u0131s\u0131n\u0131z? G\u0259r\u0259k, s\u0259drin \u00f6z\u00fcn\u0259 yazard\u0131n\u0131z. Halbuki, bizi Xa\u00e7maz b\u0259han\u0259sil\u0259 i\u015fd\u0259n k\u0259narla\u015fd\u0131rma\u011fa c\u0259hd ed\u0259nd\u0259, demi\u015fdil\u0259r ki, r\u0259hb\u0259rliyin g\u00f6st\u0259ri\u015fidir.\u00a0 Onu da deyim ki, m\u0259ktubumda bizi ixtisara salmaqlar\u0131 il\u0259 yana\u015f\u0131, idar\u0259d\u0259ki dig\u0259r \u00f6zba\u015f\u0131nal\u0131q hallar\u0131, qanunsuzluqlarla \u0259laq\u0259dar da m\u0259lumat vermi\u015fdim. G\u00f6r\u00fcn\u00fcr, bu da r\u0259hb\u0259rliyin xo\u015funa g\u0259lm\u0259mi\u015fdi. V\u00fcqar \u018fhm\u0259dovun q\u0259bulunda olanda dedi ki, biz bir ail\u0259yik. Ail\u0259nin s\u00f6z\u00fcn\u00fc k\u0259nara \u00e7\u0131xarmay\u0131n. M\u0259n d\u0259 dedim ki, \u0259g\u0259r biz bir ail\u0259yiks\u0259, niy\u0259 bu ail\u0259d\u0259 h\u0259r \u015fey p\u0259rak\u0259nd\u0259dir? D\u00fcn\u0259n g\u0259l\u0259n i\u015f\u00e7i 1500 manat maa\u015f al\u0131r. M\u0259n 16 ilin i\u015f\u00e7isiy\u0259m. Bu ill\u0259r \u0259rzind\u0259 niy\u0259 maa\u015f\u0131m art\u0131r\u0131lm\u0131r?\u201d.<\/em><\/p>\n\n\n\n<p>\u201c<em>V\u00fcqar \u018fhm\u0259dov bizi \u00e7a\u011f\u0131rd\u0131, \u015fikay\u0259tl\u0259rimizi dinl\u0259di. D\u00fczd\u00fcr, q\u0259buldan sonra Xa\u00e7maza k\u00f6\u00e7\u00fcr\u00fclm\u0259k s\u00f6hb\u0259ti l\u0259\u011fv olundu, biz i\u015f yerl\u0259rimizd\u0259 qald\u0131q. R\u0259hb\u0259rliyi d\u0259yi\u015fdil\u0259r. Lakin prezident\u0259 \u015fikay\u0259t m\u0259ktubu yazd\u0131\u011f\u0131ma g\u00f6r\u0259 i\u015fd\u0259 yeni r\u0259hb\u0259rlik m\u0259ni s\u0131x\u0131\u015fd\u0131rma\u011fa, t\u0259zyiql\u0259r g\u00f6st\u0259rm\u0259y\u0259 ba\u015flad\u0131\u201d<\/em>, &#8211; dey\u0259 Cavadova \u0259lav\u0259 etdi.<br><\/p>\n\n\n\n<p>Jal\u0259 Cavadova h\u0259r g\u00fcn i\u015f yerind\u0259 psixoloji t\u0259zyiq\u0259 m\u0259ruz qald\u0131\u011f\u0131n\u0131 deyir:<\/p>\n\n\n\n<p><em>\u201c\u0130\u015fd\u0259n \u00e7\u0131xar\u0131lma t\u0259hl\u00fck\u0259m yarand\u0131\u011f\u0131 \u00fc\u00e7\u00fcn \u015fikay\u0259t m\u0259ktubu yazm\u0131\u015fam, haqq\u0131m\u0131 t\u0259l\u0259b etmi\u015f\u0259m. \u0130\u015fd\u0259 saxlasalar da, birinci n\u00f6vb\u0259d\u0259 g\u00f6rd\u00fcy\u00fcm i\u015fl\u0259ri \u0259limd\u0259n ald\u0131lar. \u0130dar\u0259d\u0259 istifad\u0259md\u0259 olan l\u0259vazimatlar xarab olsa da, yenil\u0259mirl\u0259r. Bunu bil\u0259r\u0259kd\u0259n edirl\u0259r v\u0259 sonra da g\u0259lib m\u0259nd\u0259n i\u015f t\u0259l\u0259b edirl\u0259r. \u0130dar\u0259d\u0259 \u0259n a\u015fa\u011f\u0131 v\u0259zif\u0259d\u0259 olan v\u0259 az maa\u015f alan m\u0259n\u0259m. \u00dc\u00e7 ay \u0259vv\u0259l idar\u0259y\u0259 yeni i\u015f\u00e7i g\u00f6t\u00fcr\u00fcbl\u0259r. Kimins\u0259 adam\u0131d\u0131r dey\u0259 onu m\u0259nd\u0259n \u00fc\u00e7qat art\u0131q v\u0259zif\u0259y\u0259 g\u00f6t\u00fcr\u00fcbl\u0259r. H\u0259min adam min manat \u0259m\u0259khaqq\u0131, maa\u015f\u0131n\u0131n yar\u0131s\u0131 q\u0259d\u0259r d\u0259 m\u00fckafat al\u0131r. Y\u0259ni 1500 manat maa\u015f al\u0131r. Amma ona i\u015fi d\u0259 m\u0259n \u00f6yr\u0259dir\u0259m. On alt\u0131 ilin i\u015f\u00e7isi oldu\u011fum halda bu ill\u0259r \u0259rzind\u0259 maa\u015f\u0131m bir d\u0259f\u0259 d\u0259 olsun art\u0131r\u0131lmay\u0131b\u201d.<\/em><\/p>\n\n\n\n<p>\u201c<em>V\u0259zif\u0259min v\u0259 maa\u015f\u0131m\u0131n art\u0131r\u0131lmas\u0131n\u0131 ist\u0259dyim \u00fc\u00e7\u00fcn h\u0259r g\u00fcn i\u015fimi yoxlay\u0131rlar, h\u0259tta bunun \u00fc\u00e7\u00fcn komissiya da t\u0259\u015fkil olunub. Komissiya \u00fczvl\u0259ri Sat\u0131\u015f \u00fczr\u0259 m\u00fcavin Namiz M\u0259h\u0259rr\u0259mov, Balans v\u0259 itkil\u0259rin ara\u015fd\u0131r\u0131lmas\u0131 \u015f\u00f6b\u0259sinin b\u00f6lm\u0259 r\u0259hb\u0259ri R\u0259\u015fid Cavadov, M\u00fchasibatl\u0131q \u015f\u00f6b\u0259sinin ba\u015f m\u00fchasibi Anar Hac\u0131yev Kadrlar \u015f\u00f6b\u0259sinin Regionlar \u00fczr\u0259 m\u00fct\u0259x\u0259ssisi N\u00fcbar M\u0259mm\u0259dova, Xidm\u0259tl\u0259r \u015f\u00f6b\u0259sinin xidm\u0259t r\u0259isi \u018fyyar Qas\u0131mov, H\u0259mkarlar ittifaq\u0131n Komit\u0259sinin s\u0259dri Bayram Pa\u015fayev, H\u00fcquq idar\u0259sinin apar\u0131c\u0131 h\u00fcquq\u015f\u00fcnas\u0131 Amid Musayevdir\u201d, <\/em>&#8211; \u015fikay\u0259t\u00e7i deyir.<\/p>\n\n\n\n<p>\u201c<em>Bu adamlar s\u0259h\u0259r tezd\u0259n g\u0259lirl\u0259r ki, n\u0259 i\u015f g\u00f6rm\u00fcs\u0259n? Ham\u0131s\u0131n\u0131 d\u0259qiq\u0259sin\u0259, saat\u0131na q\u0259d\u0259r yaz. G\u0259lirl\u0259r ki, n\u0259 i\u015f g\u00f6r\u00fcrs\u00fcn\u00fcz ki, h\u0259l\u0259 bir art\u0131q maa\u015f da ist\u0259yirsiniz. H\u0259l\u0259 bir v\u0259zif\u0259 d\u0259 ist\u0259yirsiniz. H\u0259l\u0259 bir r\u0259is\u0259 ba\u015f qald\u0131r\u0131rs\u0131n\u0131z. \u0130dar\u0259nin r\u0259hb\u0259ri H\u0259bib \u018fzizov v\u0259 m\u00fcavini Namiz M\u0259h\u0259rr\u0259mov ba\u015f\u0131ma oyun a\u00e7\u0131rlar. Deyirl\u0259r ki, bizlik deyil. G\u00f6st\u0259ri\u015f bel\u0259dir\u201d,<\/em> &#8211; Cavadova dan\u0131\u015f\u0131r.<\/p>\n\n\n\n<p>\u0130\u015fini itirm\u0259k qorxusu ya\u015fayan Jal\u0259 Cavadova aidiyy\u0259ti qurumun m\u0259s\u0259l\u0259y\u0259 m\u00fcdaxil\u0259 ed\u0259c\u0259yin\u0259 \u00fcmid edir:<\/p>\n\n\n\n<p><em>\u201cKomissiya h\u0259r g\u00fcn g\u0259lib m\u0259ni yoxlay\u0131r. Bir h\u0259ft\u0259 \u00f6nc\u0259 buna g\u00f6r\u0259 idar\u0259y\u0259 polis \u00e7a\u011f\u0131rd\u0131m. H\u0259r d\u0259qiq\u0259, h\u0259r saat i\u015fi niy\u0259 yoxlay\u0131rsan? Bu i\u015fi siz qurmusunuz, i\u015f\u00e7ini d\u0259 siz g\u00f6t\u00fcrm\u00fcs\u00fcn\u00fcz. \u0130\u015f\u00e7inin d\u0259 i\u015fini siz b\u00f6lm\u00fcs\u00fcn\u00fcz. \u018fg\u0259r hans\u0131sa g\u00fcn i\u015f\u00e7inin i\u015fi azd\u0131rsa, v\u0259zif\u0259sin\u0259 g\u00f6r\u0259dir. Bu q\u0259r\u0259z ancaq m\u0259n\u0259 qar\u015f\u0131d\u0131r. M\u0259n polis \u00e7a\u011f\u0131randan sonra ba\u015flad\u0131lar ki, guya ba\u015fqa i\u015f\u00e7il\u0259ri d\u0259 yoxlay\u0131r\u0131q. Sanki \u201cgestapo\u201d rejimind\u0259 i\u015fl\u0259yirik\u201d.<\/em><br>\u201cSumqay\u0131t\u201d RETS\u0130-nd\u0259n z\u0259ngl\u0259r\u0259 cavab verilm\u0259yib.<br>\u201cAz\u0259ri\u015f\u0131q\u201d ASC is\u0259 Meydan TV-nin sor\u011fusunu cavabland\u0131rmay\u0131b.<\/p>\n","protected":false},"excerpt":{"rendered":"<p>Jal\u0259 Cavadova i\u015fd\u0259n \u00e7\u0131xar\u0131lmaq t\u0259hl\u00fck\u0259si il\u0259 \u00fczl\u0259\u015fdiyini s\u00f6yl\u0259yir \u201cAz\u0259ri\u015f\u0131q\u201d\u0131n Sumqay\u0131t &#8230; <\/p>\n<p class=\"read-more-container\"><a title=\"\u201cAz\u0259ri\u015f\u0131q\u201d\u0131n \u0259m\u0259kda\u015f\u0131: \u201cPrezident\u0259 \u015fikay\u0259t yazd\u0131\u011f\u0131m \u00fc\u00e7\u00fcn i\u015fd\u0259 psixoloji t\u0259zyiq g\u00f6r\u00fcr\u0259m\u201d\" class=\"read-more button\" href=\"https:\/\/www.meydan.tv\/az\/article\/azerisiqin-emekdasi-prezidente-sikayet-yazdigim-ucun-isde-psixoloji-tezyiq-gorurem\/#more-273677\" aria-label=\"Read more about \u201cAz\u0259ri\u015f\u0131q\u201d\u0131n \u0259m\u0259kda\u015f\u0131: \u201cPrezident\u0259 \u015fikay\u0259t yazd\u0131\u011f\u0131m \u00fc\u00e7\u00fcn i\u015fd\u0259 psixoloji t\u0259zyiq g\u00f6r\u00fcr\u0259m\u201d\">Davam\u0131<\/a><\/p>\n","protected":false},"author":8,"featured_media":245982,"comment_status":"closed","ping_status":"closed","sticky":false,"template":"","format":"standard","meta":{"_acf_changed":false,"_sitemap_exclude":false,"_sitemap_priority":"","_sitemap_frequency":"","footnotes":""},"categories":[60,56],"tags":[],"class_list":["post-273677","post","type-post","status-publish","format-standard","has-post-thumbnail","hentry","category-bolge","category-xeberler","infinite-scroll-item","generate-columns","tablet-grid-50","mobile-grid-100","grid-parent","grid-33","no-featured-image-padding"],"acf":[],"yoast_head":"<!-- This site is optimized with the Yoast SEO plugin v27.5 - https:\/\/yoast.com\/product\/yoast-seo-wordpress\/ -->\n<title>\u201cAz\u0259ri\u015f\u0131q\u201d\u0131n \u0259m\u0259kda\u015f\u0131: \u201cPrezident\u0259 \u015fikay\u0259t yazd\u0131\u011f\u0131m \u00fc\u00e7\u00fcn i\u015fd\u0259 psixoloji t\u0259zyiq g\u00f6r\u00fcr\u0259m\u201d - MEYDAN.TV<\/title>\n<meta name=\"robots\" content=\"index, follow, max-snippet:-1, max-image-preview:large, max-video-preview:-1\" \/>\n<link rel=\"canonical\" href=\"https:\/\/www.meydan.tv\/az\/article\/azerisiqin-emekdasi-prezidente-sikayet-yazdigim-ucun-isde-psixoloji-tezyiq-gorurem\/\" \/>\n<meta property=\"og:locale\" content=\"az_AZ\" \/>\n<meta property=\"og:type\" content=\"article\" \/>\n<meta property=\"og:title\" content=\"\u201cAz\u0259ri\u015f\u0131q\u201d\u0131n \u0259m\u0259kda\u015f\u0131: \u201cPrezident\u0259 \u015fikay\u0259t yazd\u0131\u011f\u0131m \u00fc\u00e7\u00fcn i\u015fd\u0259 psixoloji t\u0259zyiq g\u00f6r\u00fcr\u0259m\u201d - MEYDAN.TV\" \/>\n<meta property=\"og:description\" content=\"Jal\u0259 Cavadova i\u015fd\u0259n \u00e7\u0131xar\u0131lmaq t\u0259hl\u00fck\u0259si il\u0259 \u00fczl\u0259\u015fdiyini s\u00f6yl\u0259yir \u201cAz\u0259ri\u015f\u0131q\u201d\u0131n Sumqay\u0131t ... Davam\u0131\" \/>\n<meta property=\"og:url\" content=\"https:\/\/www.meydan.tv\/az\/article\/azerisiqin-emekdasi-prezidente-sikayet-yazdigim-ucun-isde-psixoloji-tezyiq-gorurem\/\" \/>\n<meta property=\"og:site_name\" content=\"MEYDAN.TV\" \/>\n<meta property=\"article:published_time\" content=\"2023-04-26T08:17:29+00:00\" \/>\n<meta property=\"article:modified_time\" content=\"2023-04-26T08:17:31+00:00\" \/>\n<meta property=\"og:image\" content=\"https:\/\/www.meydan.tv\/wp-content\/uploads\/15701857195267434427_1000x669.jpg\" \/>\n\t<meta property=\"og:image:width\" content=\"1200\" \/>\n\t<meta property=\"og:image:height\" content=\"674\" \/>\n\t<meta property=\"og:image:type\" content=\"image\/jpeg\" \/>\n<meta name=\"author\" content=\"elli\" \/>\n<meta name=\"twitter:card\" content=\"summary_large_image\" \/>\n<meta name=\"twitter:creator\" content=\"@elli\" \/>\n<script type=\"application\/ld+json\" class=\"yoast-schema-graph\">{\"@context\":\"https:\\\/\\\/schema.org\",\"@graph\":[{\"@type\":\"Article\",\"@id\":\"https:\\\/\\\/www.meydan.tv\\\/az\\\/article\\\/azerisiqin-emekdasi-prezidente-sikayet-yazdigim-ucun-isde-psixoloji-tezyiq-gorurem\\\/#article\",\"isPartOf\":{\"@id\":\"https:\\\/\\\/www.meydan.tv\\\/az\\\/article\\\/azerisiqin-emekdasi-prezidente-sikayet-yazdigim-ucun-isde-psixoloji-tezyiq-gorurem\\\/\"},\"author\":{\"name\":\"elli\",\"@id\":\"https:\\\/\\\/www.meydan.tv\\\/az\\\/#\\\/schema\\\/person\\\/9cdbecf90d17180ce1dfbd95b08dcf47\"},\"headline\":\"\u201cAz\u0259ri\u015f\u0131q\u201d\u0131n \u0259m\u0259kda\u015f\u0131: \u201cPrezident\u0259 \u015fikay\u0259t yazd\u0131\u011f\u0131m \u00fc\u00e7\u00fcn i\u015fd\u0259 psixoloji t\u0259zyiq g\u00f6r\u00fcr\u0259m\u201d\",\"datePublished\":\"2023-04-26T08:17:29+00:00\",\"dateModified\":\"2023-04-26T08:17:31+00:00\",\"mainEntityOfPage\":{\"@id\":\"https:\\\/\\\/www.meydan.tv\\\/az\\\/article\\\/azerisiqin-emekdasi-prezidente-sikayet-yazdigim-ucun-isde-psixoloji-tezyiq-gorurem\\\/\"},\"wordCount\":1417,\"publisher\":{\"@id\":\"https:\\\/\\\/www.meydan.tv\\\/az\\\/#organization\"},\"image\":{\"@id\":\"https:\\\/\\\/www.meydan.tv\\\/az\\\/article\\\/azerisiqin-emekdasi-prezidente-sikayet-yazdigim-ucun-isde-psixoloji-tezyiq-gorurem\\\/#primaryimage\"},\"thumbnailUrl\":\"https:\\\/\\\/www.meydan.tv\\\/wp-content\\\/uploads\\\/15701857195267434427_1000x669.jpg\",\"articleSection\":[\"B\u00f6lg\u0259\",\"X\u0259b\u0259rl\u0259r\"],\"inLanguage\":\"az\"},{\"@type\":\"WebPage\",\"@id\":\"https:\\\/\\\/www.meydan.tv\\\/az\\\/article\\\/azerisiqin-emekdasi-prezidente-sikayet-yazdigim-ucun-isde-psixoloji-tezyiq-gorurem\\\/\",\"url\":\"https:\\\/\\\/www.meydan.tv\\\/az\\\/article\\\/azerisiqin-emekdasi-prezidente-sikayet-yazdigim-ucun-isde-psixoloji-tezyiq-gorurem\\\/\",\"name\":\"\u201cAz\u0259ri\u015f\u0131q\u201d\u0131n \u0259m\u0259kda\u015f\u0131: \u201cPrezident\u0259 \u015fikay\u0259t yazd\u0131\u011f\u0131m \u00fc\u00e7\u00fcn i\u015fd\u0259 psixoloji t\u0259zyiq g\u00f6r\u00fcr\u0259m\u201d - MEYDAN.TV\",\"isPartOf\":{\"@id\":\"https:\\\/\\\/www.meydan.tv\\\/az\\\/#website\"},\"primaryImageOfPage\":{\"@id\":\"https:\\\/\\\/www.meydan.tv\\\/az\\\/article\\\/azerisiqin-emekdasi-prezidente-sikayet-yazdigim-ucun-isde-psixoloji-tezyiq-gorurem\\\/#primaryimage\"},\"image\":{\"@id\":\"https:\\\/\\\/www.meydan.tv\\\/az\\\/article\\\/azerisiqin-emekdasi-prezidente-sikayet-yazdigim-ucun-isde-psixoloji-tezyiq-gorurem\\\/#primaryimage\"},\"thumbnailUrl\":\"https:\\\/\\\/www.meydan.tv\\\/wp-content\\\/uploads\\\/15701857195267434427_1000x669.jpg\",\"datePublished\":\"2023-04-26T08:17:29+00:00\",\"dateModified\":\"2023-04-26T08:17:31+00:00\",\"breadcrumb\":{\"@id\":\"https:\\\/\\\/www.meydan.tv\\\/az\\\/article\\\/azerisiqin-emekdasi-prezidente-sikayet-yazdigim-ucun-isde-psixoloji-tezyiq-gorurem\\\/#breadcrumb\"},\"inLanguage\":\"az\",\"potentialAction\":[{\"@type\":\"ReadAction\",\"target\":[\"https:\\\/\\\/www.meydan.tv\\\/az\\\/article\\\/azerisiqin-emekdasi-prezidente-sikayet-yazdigim-ucun-isde-psixoloji-tezyiq-gorurem\\\/\"]}]},{\"@type\":\"ImageObject\",\"inLanguage\":\"az\",\"@id\":\"https:\\\/\\\/www.meydan.tv\\\/az\\\/article\\\/azerisiqin-emekdasi-prezidente-sikayet-yazdigim-ucun-isde-psixoloji-tezyiq-gorurem\\\/#primaryimage\",\"url\":\"https:\\\/\\\/www.meydan.tv\\\/wp-content\\\/uploads\\\/15701857195267434427_1000x669.jpg\",\"contentUrl\":\"https:\\\/\\\/www.meydan.tv\\\/wp-content\\\/uploads\\\/15701857195267434427_1000x669.jpg\",\"width\":1200,\"height\":674,\"caption\":\"\u201cAz\u0259ri\u015f\u0131q\u201d ASC. Foto: Az\u0259rtac\"},{\"@type\":\"BreadcrumbList\",\"@id\":\"https:\\\/\\\/www.meydan.tv\\\/az\\\/article\\\/azerisiqin-emekdasi-prezidente-sikayet-yazdigim-ucun-isde-psixoloji-tezyiq-gorurem\\\/#breadcrumb\",\"itemListElement\":[{\"@type\":\"ListItem\",\"position\":1,\"name\":\"Ana s\u0259hif\u0259\",\"item\":\"https:\\\/\\\/www.meydan.tv\\\/az\\\/\"},{\"@type\":\"ListItem\",\"position\":2,\"name\":\"B\u00f6lg\u0259\",\"item\":\"https:\\\/\\\/www.meydan.tv\\\/az\\\/section\\\/bolge\\\/\"},{\"@type\":\"ListItem\",\"position\":3,\"name\":\"\u201cAz\u0259ri\u015f\u0131q\u201d\u0131n \u0259m\u0259kda\u015f\u0131: \u201cPrezident\u0259 \u015fikay\u0259t yazd\u0131\u011f\u0131m \u00fc\u00e7\u00fcn i\u015fd\u0259 psixoloji t\u0259zyiq g\u00f6r\u00fcr\u0259m\u201d\"}]},{\"@type\":\"WebSite\",\"@id\":\"https:\\\/\\\/www.meydan.tv\\\/az\\\/#website\",\"url\":\"https:\\\/\\\/www.meydan.tv\\\/az\\\/\",\"name\":\"MEYDAN.TV\",\"description\":\"Meydan TV Az\u0259rbaycan\u0131n media m\u0259kan\u0131ndak\u0131 alternativ s\u0259sidir\",\"publisher\":{\"@id\":\"https:\\\/\\\/www.meydan.tv\\\/az\\\/#organization\"},\"potentialAction\":[{\"@type\":\"SearchAction\",\"target\":{\"@type\":\"EntryPoint\",\"urlTemplate\":\"https:\\\/\\\/www.meydan.tv\\\/az\\\/?s={search_term_string}\"},\"query-input\":{\"@type\":\"PropertyValueSpecification\",\"valueRequired\":true,\"valueName\":\"search_term_string\"}}],\"inLanguage\":\"az\"},{\"@type\":\"Organization\",\"@id\":\"https:\\\/\\\/www.meydan.tv\\\/az\\\/#organization\",\"name\":\"Meydan TV\",\"url\":\"https:\\\/\\\/www.meydan.tv\\\/az\\\/\",\"logo\":{\"@type\":\"ImageObject\",\"inLanguage\":\"az\",\"@id\":\"https:\\\/\\\/www.meydan.tv\\\/az\\\/#\\\/schema\\\/logo\\\/image\\\/\",\"url\":\"https:\\\/\\\/www.meydan.tv\\\/wp-content\\\/uploads\\\/2021\\\/07\\\/meydan-logo.svg\",\"contentUrl\":\"https:\\\/\\\/www.meydan.tv\\\/wp-content\\\/uploads\\\/2021\\\/07\\\/meydan-logo.svg\",\"width\":195,\"height\":46,\"caption\":\"Meydan TV\"},\"image\":{\"@id\":\"https:\\\/\\\/www.meydan.tv\\\/az\\\/#\\\/schema\\\/logo\\\/image\\\/\"}},{\"@type\":\"Person\",\"@id\":\"https:\\\/\\\/www.meydan.tv\\\/az\\\/#\\\/schema\\\/person\\\/9cdbecf90d17180ce1dfbd95b08dcf47\",\"name\":\"elli\",\"sameAs\":[\"https:\\\/\\\/x.com\\\/elli\"]}]}<\/script>\n<!-- \/ Yoast SEO plugin. -->","yoast_head_json":{"title":"\u201cAz\u0259ri\u015f\u0131q\u201d\u0131n \u0259m\u0259kda\u015f\u0131: \u201cPrezident\u0259 \u015fikay\u0259t yazd\u0131\u011f\u0131m \u00fc\u00e7\u00fcn i\u015fd\u0259 psixoloji t\u0259zyiq g\u00f6r\u00fcr\u0259m\u201d - MEYDAN.TV","robots":{"index":"index","follow":"follow","max-snippet":"max-snippet:-1","max-image-preview":"max-image-preview:large","max-video-preview":"max-video-preview:-1"},"canonical":"https:\/\/www.meydan.tv\/az\/article\/azerisiqin-emekdasi-prezidente-sikayet-yazdigim-ucun-isde-psixoloji-tezyiq-gorurem\/","og_locale":"az_AZ","og_type":"article","og_title":"\u201cAz\u0259ri\u015f\u0131q\u201d\u0131n \u0259m\u0259kda\u015f\u0131: \u201cPrezident\u0259 \u015fikay\u0259t yazd\u0131\u011f\u0131m \u00fc\u00e7\u00fcn i\u015fd\u0259 psixoloji t\u0259zyiq g\u00f6r\u00fcr\u0259m\u201d - MEYDAN.TV","og_description":"Jal\u0259 Cavadova i\u015fd\u0259n \u00e7\u0131xar\u0131lmaq t\u0259hl\u00fck\u0259si il\u0259 \u00fczl\u0259\u015fdiyini s\u00f6yl\u0259yir \u201cAz\u0259ri\u015f\u0131q\u201d\u0131n Sumqay\u0131t ... Davam\u0131","og_url":"https:\/\/www.meydan.tv\/az\/article\/azerisiqin-emekdasi-prezidente-sikayet-yazdigim-ucun-isde-psixoloji-tezyiq-gorurem\/","og_site_name":"MEYDAN.TV","article_published_time":"2023-04-26T08:17:29+00:00","article_modified_time":"2023-04-26T08:17:31+00:00","og_image":[{"width":1200,"height":674,"url":"https:\/\/www.meydan.tv\/wp-content\/uploads\/15701857195267434427_1000x669.jpg","type":"image\/jpeg"}],"author":"elli","twitter_card":"summary_large_image","twitter_creator":"@elli","schema":{"@context":"https:\/\/schema.org","@graph":[{"@type":"Article","@id":"https:\/\/www.meydan.tv\/az\/article\/azerisiqin-emekdasi-prezidente-sikayet-yazdigim-ucun-isde-psixoloji-tezyiq-gorurem\/#article","isPartOf":{"@id":"https:\/\/www.meydan.tv\/az\/article\/azerisiqin-emekdasi-prezidente-sikayet-yazdigim-ucun-isde-psixoloji-tezyiq-gorurem\/"},"author":{"name":"elli","@id":"https:\/\/www.meydan.tv\/az\/#\/schema\/person\/9cdbecf90d17180ce1dfbd95b08dcf47"},"headline":"\u201cAz\u0259ri\u015f\u0131q\u201d\u0131n \u0259m\u0259kda\u015f\u0131: \u201cPrezident\u0259 \u015fikay\u0259t yazd\u0131\u011f\u0131m \u00fc\u00e7\u00fcn i\u015fd\u0259 psixoloji t\u0259zyiq g\u00f6r\u00fcr\u0259m\u201d","datePublished":"2023-04-26T08:17:29+00:00","dateModified":"2023-04-26T08:17:31+00:00","mainEntityOfPage":{"@id":"https:\/\/www.meydan.tv\/az\/article\/azerisiqin-emekdasi-prezidente-sikayet-yazdigim-ucun-isde-psixoloji-tezyiq-gorurem\/"},"wordCount":1417,"publisher":{"@id":"https:\/\/www.meydan.tv\/az\/#organization"},"image":{"@id":"https:\/\/www.meydan.tv\/az\/article\/azerisiqin-emekdasi-prezidente-sikayet-yazdigim-ucun-isde-psixoloji-tezyiq-gorurem\/#primaryimage"},"thumbnailUrl":"https:\/\/www.meydan.tv\/wp-content\/uploads\/15701857195267434427_1000x669.jpg","articleSection":["B\u00f6lg\u0259","X\u0259b\u0259rl\u0259r"],"inLanguage":"az"},{"@type":"WebPage","@id":"https:\/\/www.meydan.tv\/az\/article\/azerisiqin-emekdasi-prezidente-sikayet-yazdigim-ucun-isde-psixoloji-tezyiq-gorurem\/","url":"https:\/\/www.meydan.tv\/az\/article\/azerisiqin-emekdasi-prezidente-sikayet-yazdigim-ucun-isde-psixoloji-tezyiq-gorurem\/","name":"\u201cAz\u0259ri\u015f\u0131q\u201d\u0131n \u0259m\u0259kda\u015f\u0131: \u201cPrezident\u0259 \u015fikay\u0259t yazd\u0131\u011f\u0131m \u00fc\u00e7\u00fcn i\u015fd\u0259 psixoloji t\u0259zyiq g\u00f6r\u00fcr\u0259m\u201d - MEYDAN.TV","isPartOf":{"@id":"https:\/\/www.meydan.tv\/az\/#website"},"primaryImageOfPage":{"@id":"https:\/\/www.meydan.tv\/az\/article\/azerisiqin-emekdasi-prezidente-sikayet-yazdigim-ucun-isde-psixoloji-tezyiq-gorurem\/#primaryimage"},"image":{"@id":"https:\/\/www.meydan.tv\/az\/article\/azerisiqin-emekdasi-prezidente-sikayet-yazdigim-ucun-isde-psixoloji-tezyiq-gorurem\/#primaryimage"},"thumbnailUrl":"https:\/\/www.meydan.tv\/wp-content\/uploads\/15701857195267434427_1000x669.jpg","datePublished":"2023-04-26T08:17:29+00:00","dateModified":"2023-04-26T08:17:31+00:00","breadcrumb":{"@id":"https:\/\/www.meydan.tv\/az\/article\/azerisiqin-emekdasi-prezidente-sikayet-yazdigim-ucun-isde-psixoloji-tezyiq-gorurem\/#breadcrumb"},"inLanguage":"az","potentialAction":[{"@type":"ReadAction","target":["https:\/\/www.meydan.tv\/az\/article\/azerisiqin-emekdasi-prezidente-sikayet-yazdigim-ucun-isde-psixoloji-tezyiq-gorurem\/"]}]},{"@type":"ImageObject","inLanguage":"az","@id":"https:\/\/www.meydan.tv\/az\/article\/azerisiqin-emekdasi-prezidente-sikayet-yazdigim-ucun-isde-psixoloji-tezyiq-gorurem\/#primaryimage","url":"https:\/\/www.meydan.tv\/wp-content\/uploads\/15701857195267434427_1000x669.jpg","contentUrl":"https:\/\/www.meydan.tv\/wp-content\/uploads\/15701857195267434427_1000x669.jpg","width":1200,"height":674,"caption":"\u201cAz\u0259ri\u015f\u0131q\u201d ASC. Foto: Az\u0259rtac"},{"@type":"BreadcrumbList","@id":"https:\/\/www.meydan.tv\/az\/article\/azerisiqin-emekdasi-prezidente-sikayet-yazdigim-ucun-isde-psixoloji-tezyiq-gorurem\/#breadcrumb","itemListElement":[{"@type":"ListItem","position":1,"name":"Ana s\u0259hif\u0259","item":"https:\/\/www.meydan.tv\/az\/"},{"@type":"ListItem","position":2,"name":"B\u00f6lg\u0259","item":"https:\/\/www.meydan.tv\/az\/section\/bolge\/"},{"@type":"ListItem","position":3,"name":"\u201cAz\u0259ri\u015f\u0131q\u201d\u0131n \u0259m\u0259kda\u015f\u0131: \u201cPrezident\u0259 \u015fikay\u0259t yazd\u0131\u011f\u0131m \u00fc\u00e7\u00fcn i\u015fd\u0259 psixoloji t\u0259zyiq g\u00f6r\u00fcr\u0259m\u201d"}]},{"@type":"WebSite","@id":"https:\/\/www.meydan.tv\/az\/#website","url":"https:\/\/www.meydan.tv\/az\/","name":"MEYDAN.TV","description":"Meydan TV Az\u0259rbaycan\u0131n media m\u0259kan\u0131ndak\u0131 alternativ s\u0259sidir","publisher":{"@id":"https:\/\/www.meydan.tv\/az\/#organization"},"potentialAction":[{"@type":"SearchAction","target":{"@type":"EntryPoint","urlTemplate":"https:\/\/www.meydan.tv\/az\/?s={search_term_string}"},"query-input":{"@type":"PropertyValueSpecification","valueRequired":true,"valueName":"search_term_string"}}],"inLanguage":"az"},{"@type":"Organization","@id":"https:\/\/www.meydan.tv\/az\/#organization","name":"Meydan TV","url":"https:\/\/www.meydan.tv\/az\/","logo":{"@type":"ImageObject","inLanguage":"az","@id":"https:\/\/www.meydan.tv\/az\/#\/schema\/logo\/image\/","url":"https:\/\/www.meydan.tv\/wp-content\/uploads\/2021\/07\/meydan-logo.svg","contentUrl":"https:\/\/www.meydan.tv\/wp-content\/uploads\/2021\/07\/meydan-logo.svg","width":195,"height":46,"caption":"Meydan TV"},"image":{"@id":"https:\/\/www.meydan.tv\/az\/#\/schema\/logo\/image\/"}},{"@type":"Person","@id":"https:\/\/www.meydan.tv\/az\/#\/schema\/person\/9cdbecf90d17180ce1dfbd95b08dcf47","name":"elli","sameAs":["https:\/\/x.com\/elli"]}]}},"_links":{"self":[{"href":"https:\/\/www.meydan.tv\/az\/wp-json\/wp\/v2\/posts\/273677","targetHints":{"allow":["GET"]}}],"collection":[{"href":"https:\/\/www.meydan.tv\/az\/wp-json\/wp\/v2\/posts"}],"about":[{"href":"https:\/\/www.meydan.tv\/az\/wp-json\/wp\/v2\/types\/post"}],"author":[{"embeddable":true,"href":"https:\/\/www.meydan.tv\/az\/wp-json\/wp\/v2\/users\/8"}],"replies":[{"embeddable":true,"href":"https:\/\/www.meydan.tv\/az\/wp-json\/wp\/v2\/comments?post=273677"}],"version-history":[{"count":1,"href":"https:\/\/www.meydan.tv\/az\/wp-json\/wp\/v2\/posts\/273677\/revisions"}],"predecessor-version":[{"id":273678,"href":"https:\/\/www.meydan.tv\/az\/wp-json\/wp\/v2\/posts\/273677\/revisions\/273678"}],"wp:featuredmedia":[{"embeddable":true,"href":"https:\/\/www.meydan.tv\/az\/wp-json\/wp\/v2\/media\/245982"}],"wp:attachment":[{"href":"https:\/\/www.meydan.tv\/az\/wp-json\/wp\/v2\/media?parent=273677"}],"wp:term":[{"taxonomy":"category","embeddable":true,"href":"https:\/\/www.meydan.tv\/az\/wp-json\/wp\/v2\/categories?post=273677"},{"taxonomy":"post_tag","embeddable":true,"href":"https:\/\/www.meydan.tv\/az\/wp-json\/wp\/v2\/tags?post=273677"}],"curies":[{"name":"wp","href":"https:\/\/api.w.org\/{rel}","templated":true}]}}