{"id":273645,"date":"2023-04-25T14:31:20","date_gmt":"2023-04-25T10:31:20","guid":{"rendered":"https:\/\/www.meydan.tv\/?p=273645"},"modified":"2023-04-25T14:31:26","modified_gmt":"2023-04-25T10:31:26","slug":"sahibkar-huquq-muhafize-orqanlarindan-narazidir-sanki-qapilarina-borca-gelmisem","status":"publish","type":"post","link":"https:\/\/www.meydan.tv\/az\/article\/sahibkar-huquq-muhafize-orqanlarindan-narazidir-sanki-qapilarina-borca-gelmisem\/","title":{"rendered":"Sahibkar h\u00fcquq-m\u00fchafiz\u0259 orqanlar\u0131ndan naraz\u0131d\u0131r: \u201cSanki qap\u0131lar\u0131na borca g\u0259lmi\u015f\u0259m\u201d"},"content":{"rendered":"\n<p><\/p>\n\n\n\n<p><strong><em>Ramil H\u00fcseynov: \u201cS\u00f6z\u00fc dem\u0259yin d\u0259 qaydas\u0131 var, \u015f\u0259hid ail\u0259sin\u0259 budurmu h\u00f6rm\u0259t?\u201d<\/em><\/strong><\/p>\n\n\n\n<p>Bil\u0259suvarda fermer t\u0259s\u0259rr\u00fcfat\u0131yla m\u0259\u015f\u011ful olan sahibkar Ramil H\u00fcseynov bu rayondak\u0131 h\u00fcquq-m\u00fchafiz\u0259 orqanlar\u0131n\u0131n f\u0259aliyy\u0259tind\u0259n naraz\u0131d\u0131r.<\/p>\n\n\n\n<p>O iddia edir ki, 2019-cu ild\u0259 \u0259mlak\u0131 talan\u0131b, ona k\u00fclli miqdarda ziyan d\u0259yib, lakin m\u00fcvafiq qurumlar bu cinay\u0259tin \u00fcst\u00fcn\u00fc a\u00e7m\u0131r.<\/p>\n\n\n\n<p><strong>\u201c\u00d6l\u00fcbl\u0259rs\u0259, c\u0259s\u0259dl\u0259rini niy\u0259 g\u00f6st\u0259rmirdi?\u201d<\/strong><\/p>\n\n\n\n<p>Ramil H\u00fcseynov Meydan TV-y\u0259 dan\u0131\u015f\u0131r ki, ferma Bil\u0259suvar rayonunun Arazbar\u0131 k\u0259ndind\u0259 yerl\u0259\u015fir. Onun s\u00f6zl\u0259rin\u0259 g\u00f6r\u0259, fermadak\u0131 mal-qaraya F\u0259xr\u0259ddin Quliyev bax\u0131rd\u0131. Aralar\u0131ndak\u0131 qeyri-r\u0259smi raz\u0131la\u015fma \u0259sas\u0131nda ona 271 ba\u015f x\u0131rdabuynuzlu heyvan t\u0259hvil verib:<\/p>\n\n\n\n<p><em>\u201cBu heyvanlara baxma\u011fa g\u00f6r\u0259 m\u0259nd\u0259n ayl\u0131q 300 manat pul v\u0259 bir kis\u0259 un al\u0131rd\u0131 \u2013 bel\u0259 raz\u0131la\u015fm\u0131\u015fd\u0131q. Bunu F\u0259xr\u0259ddin Quliyevin \u00f6z\u00fc d\u0259 izahat\u0131nda t\u0259sdiql\u0259yib\u201d.<\/em><\/p>\n\n\n\n<p>Sahibkar\u0131n iddias\u0131na g\u00f6r\u0259, bir m\u00fcdd\u0259t sonra 120 ba\u015f heyvan yoxa \u00e7\u0131x\u0131b. F\u0259xr\u0259ddin Quliyev heyvanlar\u0131n x\u0259st\u0259likd\u0259n k\u00fctl\u0259vi \u015f\u0259kild\u0259 \u00f6ld\u00fcy\u00fcn\u00fc bildirib. Lakin Ramil H\u00fcseynov iddia edir ki, \u00e7oban yalan dan\u0131\u015f\u0131r, heyvanlar\u0131 \u0259l\u0259 ke\u00e7irilib.<\/p>\n\n\n\n<figure class=\"wp-block-image size-large is-resized\"><img decoding=\"async\" data-src=\"https:\/\/www.meydan.tv\/wp-content\/uploads\/photo-2023-04-25-08-32-58-1-616x821.jpg\" alt=\"\" class=\"wp-image-273639 lazyload\" width=\"800\" height=\"1066\" src=\"data:image\/svg+xml;base64,PHN2ZyB3aWR0aD0iMSIgaGVpZ2h0PSIxIiB4bWxucz0iaHR0cDovL3d3dy53My5vcmcvMjAwMC9zdmciPjwvc3ZnPg==\" style=\"--smush-placeholder-width: 800px; --smush-placeholder-aspect-ratio: 800\/1066;\" \/><\/figure>\n\n\n\n<p><em>\u201c\u00d6l\u00fcbl\u0259rs\u0259, ham\u0131s\u0131n\u0131n c\u0259s\u0259dini niy\u0259 g\u00f6st\u0259rmirdi? \u00c7\u00fcnki o heyvanlar \u00f6lm\u0259yib, \u0259l\u0259 ke\u00e7irilib. \u00c7ox t\u0259\u0259ss\u00fcf ki, h\u00fcquq-m\u00fchafiz\u0259 orqanlar\u0131 m\u0259s\u0259l\u0259y\u0259 s\u0259hl\u0259nkar yana\u015f\u0131r. Bil\u0259suvar Rayon Prokurorlu\u011funda 2019-cu ild\u0259n bir ne\u00e7\u0259 d\u0259f\u0259 izahat vermi\u015f\u0259m. Rayonun prokuroru Camal Ba\u011f\u0131rov hans\u0131sa maraqlardan el\u0259 q\u0259rarlar \u00e7\u0131xar\u0131r\u201d, &#8211;<\/em> Ramil H\u00fcseynovun s\u00f6zl\u0259ridir.<\/p>\n\n\n\n<p>O, d\u0259f\u0259l\u0259rl\u0259 Ba\u015f Prokurorluq, Ombudsman Aparat\u0131 da daxil olmaqla, m\u00fcxt\u0259lif d\u00f6vl\u0259t strukturlar\u0131na xeyli \u015fikay\u0259tl\u0259r g\u00f6nd\u0259rib. H\u0259tta Ba\u015f prokurorun da q\u0259bulunda oldu\u011funu dey\u0259n Ramil H\u00fcseynov vur\u011fulay\u0131b ki, \u0259lind\u0259ki s\u00fcbutlar\u0131 ona t\u0259qdim edib.<\/p>\n\n\n\n<p><em>\u201cM\u0259nim qarda\u015f\u0131m Qaraba\u011f d\u00f6y\u00fc\u015fl\u0259rind\u0259 \u015f\u0259hid olub. \u015e\u0259hid ail\u0259sin\u0259 budurmu h\u00f6rm\u0259t? S\u00f6z\u00fc dem\u0259yin d\u0259 qaydas\u0131 var. B\u0259z\u0259n el\u0259 dan\u0131\u015f\u0131rlar, sanki d\u00f6vl\u0259t idar\u0259si deyil, qap\u0131lar\u0131na borca g\u0259lmi\u015f\u0259m&#8230;\u201d.<\/em><\/p>\n\n\n\n<p>\u201c<strong>\u018ftrafl\u0131 ara\u015fd\u0131rma apar\u0131l\u0131b, cinay\u0259t t\u0259rkibi yoxdur\u201d<\/strong><\/p>\n\n\n\n<p>Bil\u0259suvar rayonunun prokuroru Camal Ba\u011f\u0131rov bildirib ki, Ramil H\u00fcseynovun ona m\u0259xsus qoyunlar\u0131n o\u011furlanmas\u0131, lakin bu cinay\u0259tin ara\u015fd\u0131r\u0131lmamas\u0131 haqda iddialar\u0131 \u0259sass\u0131zd\u0131r.<\/p>\n\n\n\n<p><em>\u201cBil\u0259suvar Rayon Polis \u015e\u00f6b\u0259sinin \u0130stintaq B\u00f6lm\u0259sind\u0259 ara\u015fd\u0131rma apar\u0131l\u0131b. M\u00fcst\u0259ntiq \u0259m\u0259ld\u0259 cinay\u0259t t\u0259rkibinin olmamas\u0131 \u0259sas\u0131yla 28 iyun 2022-ci ild\u0259 cinay\u0259t i\u015fi ba\u015flanmas\u0131n\u0131n r\u0259dd edilm\u0259si bar\u0259d\u0259 q\u0259rar q\u0259bul edib. Bu q\u0259rar\u0131n l\u0259\u011fvi \u00fc\u00e7\u00fcn d\u0259 \u0259sas yoxdur. Ona g\u00f6r\u0259 d\u0259 m\u0259hk\u0259m\u0259y\u0259 m\u00fcraci\u0259t ed\u0259 bil\u0259rsiniz\u201d<\/em>, &#8211; prokuror m\u0259ktubunda bel\u0259 yaz\u0131b.<\/p>\n\n\n\n<figure class=\"wp-block-image size-large\"><img decoding=\"async\" width=\"851\" height=\"821\" data-src=\"https:\/\/www.meydan.tv\/wp-content\/uploads\/photo-2023-04-25-08-32-58-851x821.jpg\" alt=\"\" class=\"wp-image-273642 lazyload\" src=\"data:image\/svg+xml;base64,PHN2ZyB3aWR0aD0iMSIgaGVpZ2h0PSIxIiB4bWxucz0iaHR0cDovL3d3dy53My5vcmcvMjAwMC9zdmciPjwvc3ZnPg==\" style=\"--smush-placeholder-width: 851px; --smush-placeholder-aspect-ratio: 851\/821;\" \/><\/figure>\n","protected":false},"excerpt":{"rendered":"<p>Ramil H\u00fcseynov: \u201cS\u00f6z\u00fc dem\u0259yin d\u0259 qaydas\u0131 var, \u015f\u0259hid ail\u0259sin\u0259 budurmu &#8230; <\/p>\n<p class=\"read-more-container\"><a title=\"Sahibkar h\u00fcquq-m\u00fchafiz\u0259 orqanlar\u0131ndan naraz\u0131d\u0131r: \u201cSanki qap\u0131lar\u0131na borca g\u0259lmi\u015f\u0259m\u201d\" class=\"read-more button\" href=\"https:\/\/www.meydan.tv\/az\/article\/sahibkar-huquq-muhafize-orqanlarindan-narazidir-sanki-qapilarina-borca-gelmisem\/#more-273645\" aria-label=\"Read more about Sahibkar h\u00fcquq-m\u00fchafiz\u0259 orqanlar\u0131ndan naraz\u0131d\u0131r: \u201cSanki qap\u0131lar\u0131na borca g\u0259lmi\u015f\u0259m\u201d\">Davam\u0131<\/a><\/p>\n","protected":false},"author":8,"featured_media":273636,"comment_status":"closed","ping_status":"closed","sticky":false,"template":"","format":"standard","meta":{"_acf_changed":false,"_sitemap_exclude":false,"_sitemap_priority":"","_sitemap_frequency":"","footnotes":""},"categories":[60,56],"tags":[],"class_list":["post-273645","post","type-post","status-publish","format-standard","has-post-thumbnail","hentry","category-bolge","category-xeberler","infinite-scroll-item","generate-columns","tablet-grid-50","mobile-grid-100","grid-parent","grid-33","no-featured-image-padding"],"acf":[],"yoast_head":"<!-- This site is optimized with the Yoast SEO plugin v27.5 - https:\/\/yoast.com\/product\/yoast-seo-wordpress\/ -->\n<title>Sahibkar h\u00fcquq-m\u00fchafiz\u0259 orqanlar\u0131ndan naraz\u0131d\u0131r: \u201cSanki qap\u0131lar\u0131na borca g\u0259lmi\u015f\u0259m\u201d - MEYDAN.TV<\/title>\n<meta name=\"robots\" content=\"index, follow, max-snippet:-1, max-image-preview:large, max-video-preview:-1\" \/>\n<link rel=\"canonical\" href=\"https:\/\/www.meydan.tv\/az\/article\/sahibkar-huquq-muhafize-orqanlarindan-narazidir-sanki-qapilarina-borca-gelmisem\/\" \/>\n<meta property=\"og:locale\" content=\"az_AZ\" \/>\n<meta property=\"og:type\" content=\"article\" \/>\n<meta property=\"og:title\" content=\"Sahibkar h\u00fcquq-m\u00fchafiz\u0259 orqanlar\u0131ndan naraz\u0131d\u0131r: \u201cSanki qap\u0131lar\u0131na borca g\u0259lmi\u015f\u0259m\u201d - MEYDAN.TV\" \/>\n<meta property=\"og:description\" content=\"Ramil H\u00fcseynov: \u201cS\u00f6z\u00fc dem\u0259yin d\u0259 qaydas\u0131 var, \u015f\u0259hid ail\u0259sin\u0259 budurmu ... Davam\u0131\" \/>\n<meta property=\"og:url\" content=\"https:\/\/www.meydan.tv\/az\/article\/sahibkar-huquq-muhafize-orqanlarindan-narazidir-sanki-qapilarina-borca-gelmisem\/\" \/>\n<meta property=\"og:site_name\" content=\"MEYDAN.TV\" \/>\n<meta property=\"article:published_time\" content=\"2023-04-25T10:31:20+00:00\" \/>\n<meta property=\"article:modified_time\" content=\"2023-04-25T10:31:26+00:00\" \/>\n<meta property=\"og:image\" content=\"https:\/\/www.meydan.tv\/wp-content\/uploads\/untitled-design-1-73-e1682418629569.jpg\" \/>\n\t<meta property=\"og:image:width\" content=\"1200\" \/>\n\t<meta property=\"og:image:height\" content=\"606\" \/>\n\t<meta property=\"og:image:type\" content=\"image\/jpeg\" \/>\n<meta name=\"author\" content=\"elli\" \/>\n<meta name=\"twitter:card\" content=\"summary_large_image\" \/>\n<meta name=\"twitter:creator\" content=\"@elli\" \/>\n<script type=\"application\/ld+json\" class=\"yoast-schema-graph\">{\"@context\":\"https:\\\/\\\/schema.org\",\"@graph\":[{\"@type\":\"Article\",\"@id\":\"https:\\\/\\\/www.meydan.tv\\\/az\\\/article\\\/sahibkar-huquq-muhafize-orqanlarindan-narazidir-sanki-qapilarina-borca-gelmisem\\\/#article\",\"isPartOf\":{\"@id\":\"https:\\\/\\\/www.meydan.tv\\\/az\\\/article\\\/sahibkar-huquq-muhafize-orqanlarindan-narazidir-sanki-qapilarina-borca-gelmisem\\\/\"},\"author\":{\"name\":\"elli\",\"@id\":\"https:\\\/\\\/www.meydan.tv\\\/az\\\/#\\\/schema\\\/person\\\/9cdbecf90d17180ce1dfbd95b08dcf47\"},\"headline\":\"Sahibkar h\u00fcquq-m\u00fchafiz\u0259 orqanlar\u0131ndan naraz\u0131d\u0131r: \u201cSanki qap\u0131lar\u0131na borca g\u0259lmi\u015f\u0259m\u201d\",\"datePublished\":\"2023-04-25T10:31:20+00:00\",\"dateModified\":\"2023-04-25T10:31:26+00:00\",\"mainEntityOfPage\":{\"@id\":\"https:\\\/\\\/www.meydan.tv\\\/az\\\/article\\\/sahibkar-huquq-muhafize-orqanlarindan-narazidir-sanki-qapilarina-borca-gelmisem\\\/\"},\"wordCount\":535,\"publisher\":{\"@id\":\"https:\\\/\\\/www.meydan.tv\\\/az\\\/#organization\"},\"image\":{\"@id\":\"https:\\\/\\\/www.meydan.tv\\\/az\\\/article\\\/sahibkar-huquq-muhafize-orqanlarindan-narazidir-sanki-qapilarina-borca-gelmisem\\\/#primaryimage\"},\"thumbnailUrl\":\"https:\\\/\\\/www.meydan.tv\\\/wp-content\\\/uploads\\\/untitled-design-1-73-e1682418629569.jpg\",\"articleSection\":[\"B\u00f6lg\u0259\",\"X\u0259b\u0259rl\u0259r\"],\"inLanguage\":\"az\"},{\"@type\":\"WebPage\",\"@id\":\"https:\\\/\\\/www.meydan.tv\\\/az\\\/article\\\/sahibkar-huquq-muhafize-orqanlarindan-narazidir-sanki-qapilarina-borca-gelmisem\\\/\",\"url\":\"https:\\\/\\\/www.meydan.tv\\\/az\\\/article\\\/sahibkar-huquq-muhafize-orqanlarindan-narazidir-sanki-qapilarina-borca-gelmisem\\\/\",\"name\":\"Sahibkar h\u00fcquq-m\u00fchafiz\u0259 orqanlar\u0131ndan naraz\u0131d\u0131r: \u201cSanki qap\u0131lar\u0131na borca g\u0259lmi\u015f\u0259m\u201d - MEYDAN.TV\",\"isPartOf\":{\"@id\":\"https:\\\/\\\/www.meydan.tv\\\/az\\\/#website\"},\"primaryImageOfPage\":{\"@id\":\"https:\\\/\\\/www.meydan.tv\\\/az\\\/article\\\/sahibkar-huquq-muhafize-orqanlarindan-narazidir-sanki-qapilarina-borca-gelmisem\\\/#primaryimage\"},\"image\":{\"@id\":\"https:\\\/\\\/www.meydan.tv\\\/az\\\/article\\\/sahibkar-huquq-muhafize-orqanlarindan-narazidir-sanki-qapilarina-borca-gelmisem\\\/#primaryimage\"},\"thumbnailUrl\":\"https:\\\/\\\/www.meydan.tv\\\/wp-content\\\/uploads\\\/untitled-design-1-73-e1682418629569.jpg\",\"datePublished\":\"2023-04-25T10:31:20+00:00\",\"dateModified\":\"2023-04-25T10:31:26+00:00\",\"breadcrumb\":{\"@id\":\"https:\\\/\\\/www.meydan.tv\\\/az\\\/article\\\/sahibkar-huquq-muhafize-orqanlarindan-narazidir-sanki-qapilarina-borca-gelmisem\\\/#breadcrumb\"},\"inLanguage\":\"az\",\"potentialAction\":[{\"@type\":\"ReadAction\",\"target\":[\"https:\\\/\\\/www.meydan.tv\\\/az\\\/article\\\/sahibkar-huquq-muhafize-orqanlarindan-narazidir-sanki-qapilarina-borca-gelmisem\\\/\"]}]},{\"@type\":\"ImageObject\",\"inLanguage\":\"az\",\"@id\":\"https:\\\/\\\/www.meydan.tv\\\/az\\\/article\\\/sahibkar-huquq-muhafize-orqanlarindan-narazidir-sanki-qapilarina-borca-gelmisem\\\/#primaryimage\",\"url\":\"https:\\\/\\\/www.meydan.tv\\\/wp-content\\\/uploads\\\/untitled-design-1-73-e1682418629569.jpg\",\"contentUrl\":\"https:\\\/\\\/www.meydan.tv\\\/wp-content\\\/uploads\\\/untitled-design-1-73-e1682418629569.jpg\",\"width\":1200,\"height\":606,\"caption\":\"Ramil H\u00fcseynov. Fotolar: Meydan TV\"},{\"@type\":\"BreadcrumbList\",\"@id\":\"https:\\\/\\\/www.meydan.tv\\\/az\\\/article\\\/sahibkar-huquq-muhafize-orqanlarindan-narazidir-sanki-qapilarina-borca-gelmisem\\\/#breadcrumb\",\"itemListElement\":[{\"@type\":\"ListItem\",\"position\":1,\"name\":\"Ana s\u0259hif\u0259\",\"item\":\"https:\\\/\\\/www.meydan.tv\\\/az\\\/\"},{\"@type\":\"ListItem\",\"position\":2,\"name\":\"B\u00f6lg\u0259\",\"item\":\"https:\\\/\\\/www.meydan.tv\\\/az\\\/section\\\/bolge\\\/\"},{\"@type\":\"ListItem\",\"position\":3,\"name\":\"Sahibkar h\u00fcquq-m\u00fchafiz\u0259 orqanlar\u0131ndan naraz\u0131d\u0131r: \u201cSanki qap\u0131lar\u0131na borca g\u0259lmi\u015f\u0259m\u201d\"}]},{\"@type\":\"WebSite\",\"@id\":\"https:\\\/\\\/www.meydan.tv\\\/az\\\/#website\",\"url\":\"https:\\\/\\\/www.meydan.tv\\\/az\\\/\",\"name\":\"MEYDAN.TV\",\"description\":\"Meydan TV Az\u0259rbaycan\u0131n media m\u0259kan\u0131ndak\u0131 alternativ s\u0259sidir\",\"publisher\":{\"@id\":\"https:\\\/\\\/www.meydan.tv\\\/az\\\/#organization\"},\"potentialAction\":[{\"@type\":\"SearchAction\",\"target\":{\"@type\":\"EntryPoint\",\"urlTemplate\":\"https:\\\/\\\/www.meydan.tv\\\/az\\\/?s={search_term_string}\"},\"query-input\":{\"@type\":\"PropertyValueSpecification\",\"valueRequired\":true,\"valueName\":\"search_term_string\"}}],\"inLanguage\":\"az\"},{\"@type\":\"Organization\",\"@id\":\"https:\\\/\\\/www.meydan.tv\\\/az\\\/#organization\",\"name\":\"Meydan TV\",\"url\":\"https:\\\/\\\/www.meydan.tv\\\/az\\\/\",\"logo\":{\"@type\":\"ImageObject\",\"inLanguage\":\"az\",\"@id\":\"https:\\\/\\\/www.meydan.tv\\\/az\\\/#\\\/schema\\\/logo\\\/image\\\/\",\"url\":\"https:\\\/\\\/www.meydan.tv\\\/wp-content\\\/uploads\\\/2021\\\/07\\\/meydan-logo.svg\",\"contentUrl\":\"https:\\\/\\\/www.meydan.tv\\\/wp-content\\\/uploads\\\/2021\\\/07\\\/meydan-logo.svg\",\"width\":195,\"height\":46,\"caption\":\"Meydan TV\"},\"image\":{\"@id\":\"https:\\\/\\\/www.meydan.tv\\\/az\\\/#\\\/schema\\\/logo\\\/image\\\/\"}},{\"@type\":\"Person\",\"@id\":\"https:\\\/\\\/www.meydan.tv\\\/az\\\/#\\\/schema\\\/person\\\/9cdbecf90d17180ce1dfbd95b08dcf47\",\"name\":\"elli\",\"sameAs\":[\"https:\\\/\\\/x.com\\\/elli\"]}]}<\/script>\n<!-- \/ Yoast SEO plugin. -->","yoast_head_json":{"title":"Sahibkar h\u00fcquq-m\u00fchafiz\u0259 orqanlar\u0131ndan naraz\u0131d\u0131r: \u201cSanki qap\u0131lar\u0131na borca g\u0259lmi\u015f\u0259m\u201d - MEYDAN.TV","robots":{"index":"index","follow":"follow","max-snippet":"max-snippet:-1","max-image-preview":"max-image-preview:large","max-video-preview":"max-video-preview:-1"},"canonical":"https:\/\/www.meydan.tv\/az\/article\/sahibkar-huquq-muhafize-orqanlarindan-narazidir-sanki-qapilarina-borca-gelmisem\/","og_locale":"az_AZ","og_type":"article","og_title":"Sahibkar h\u00fcquq-m\u00fchafiz\u0259 orqanlar\u0131ndan naraz\u0131d\u0131r: \u201cSanki qap\u0131lar\u0131na borca g\u0259lmi\u015f\u0259m\u201d - MEYDAN.TV","og_description":"Ramil H\u00fcseynov: \u201cS\u00f6z\u00fc dem\u0259yin d\u0259 qaydas\u0131 var, \u015f\u0259hid ail\u0259sin\u0259 budurmu ... Davam\u0131","og_url":"https:\/\/www.meydan.tv\/az\/article\/sahibkar-huquq-muhafize-orqanlarindan-narazidir-sanki-qapilarina-borca-gelmisem\/","og_site_name":"MEYDAN.TV","article_published_time":"2023-04-25T10:31:20+00:00","article_modified_time":"2023-04-25T10:31:26+00:00","og_image":[{"width":1200,"height":606,"url":"https:\/\/www.meydan.tv\/wp-content\/uploads\/untitled-design-1-73-e1682418629569.jpg","type":"image\/jpeg"}],"author":"elli","twitter_card":"summary_large_image","twitter_creator":"@elli","schema":{"@context":"https:\/\/schema.org","@graph":[{"@type":"Article","@id":"https:\/\/www.meydan.tv\/az\/article\/sahibkar-huquq-muhafize-orqanlarindan-narazidir-sanki-qapilarina-borca-gelmisem\/#article","isPartOf":{"@id":"https:\/\/www.meydan.tv\/az\/article\/sahibkar-huquq-muhafize-orqanlarindan-narazidir-sanki-qapilarina-borca-gelmisem\/"},"author":{"name":"elli","@id":"https:\/\/www.meydan.tv\/az\/#\/schema\/person\/9cdbecf90d17180ce1dfbd95b08dcf47"},"headline":"Sahibkar h\u00fcquq-m\u00fchafiz\u0259 orqanlar\u0131ndan naraz\u0131d\u0131r: \u201cSanki qap\u0131lar\u0131na borca g\u0259lmi\u015f\u0259m\u201d","datePublished":"2023-04-25T10:31:20+00:00","dateModified":"2023-04-25T10:31:26+00:00","mainEntityOfPage":{"@id":"https:\/\/www.meydan.tv\/az\/article\/sahibkar-huquq-muhafize-orqanlarindan-narazidir-sanki-qapilarina-borca-gelmisem\/"},"wordCount":535,"publisher":{"@id":"https:\/\/www.meydan.tv\/az\/#organization"},"image":{"@id":"https:\/\/www.meydan.tv\/az\/article\/sahibkar-huquq-muhafize-orqanlarindan-narazidir-sanki-qapilarina-borca-gelmisem\/#primaryimage"},"thumbnailUrl":"https:\/\/www.meydan.tv\/wp-content\/uploads\/untitled-design-1-73-e1682418629569.jpg","articleSection":["B\u00f6lg\u0259","X\u0259b\u0259rl\u0259r"],"inLanguage":"az"},{"@type":"WebPage","@id":"https:\/\/www.meydan.tv\/az\/article\/sahibkar-huquq-muhafize-orqanlarindan-narazidir-sanki-qapilarina-borca-gelmisem\/","url":"https:\/\/www.meydan.tv\/az\/article\/sahibkar-huquq-muhafize-orqanlarindan-narazidir-sanki-qapilarina-borca-gelmisem\/","name":"Sahibkar h\u00fcquq-m\u00fchafiz\u0259 orqanlar\u0131ndan naraz\u0131d\u0131r: \u201cSanki qap\u0131lar\u0131na borca g\u0259lmi\u015f\u0259m\u201d - MEYDAN.TV","isPartOf":{"@id":"https:\/\/www.meydan.tv\/az\/#website"},"primaryImageOfPage":{"@id":"https:\/\/www.meydan.tv\/az\/article\/sahibkar-huquq-muhafize-orqanlarindan-narazidir-sanki-qapilarina-borca-gelmisem\/#primaryimage"},"image":{"@id":"https:\/\/www.meydan.tv\/az\/article\/sahibkar-huquq-muhafize-orqanlarindan-narazidir-sanki-qapilarina-borca-gelmisem\/#primaryimage"},"thumbnailUrl":"https:\/\/www.meydan.tv\/wp-content\/uploads\/untitled-design-1-73-e1682418629569.jpg","datePublished":"2023-04-25T10:31:20+00:00","dateModified":"2023-04-25T10:31:26+00:00","breadcrumb":{"@id":"https:\/\/www.meydan.tv\/az\/article\/sahibkar-huquq-muhafize-orqanlarindan-narazidir-sanki-qapilarina-borca-gelmisem\/#breadcrumb"},"inLanguage":"az","potentialAction":[{"@type":"ReadAction","target":["https:\/\/www.meydan.tv\/az\/article\/sahibkar-huquq-muhafize-orqanlarindan-narazidir-sanki-qapilarina-borca-gelmisem\/"]}]},{"@type":"ImageObject","inLanguage":"az","@id":"https:\/\/www.meydan.tv\/az\/article\/sahibkar-huquq-muhafize-orqanlarindan-narazidir-sanki-qapilarina-borca-gelmisem\/#primaryimage","url":"https:\/\/www.meydan.tv\/wp-content\/uploads\/untitled-design-1-73-e1682418629569.jpg","contentUrl":"https:\/\/www.meydan.tv\/wp-content\/uploads\/untitled-design-1-73-e1682418629569.jpg","width":1200,"height":606,"caption":"Ramil H\u00fcseynov. Fotolar: Meydan TV"},{"@type":"BreadcrumbList","@id":"https:\/\/www.meydan.tv\/az\/article\/sahibkar-huquq-muhafize-orqanlarindan-narazidir-sanki-qapilarina-borca-gelmisem\/#breadcrumb","itemListElement":[{"@type":"ListItem","position":1,"name":"Ana s\u0259hif\u0259","item":"https:\/\/www.meydan.tv\/az\/"},{"@type":"ListItem","position":2,"name":"B\u00f6lg\u0259","item":"https:\/\/www.meydan.tv\/az\/section\/bolge\/"},{"@type":"ListItem","position":3,"name":"Sahibkar h\u00fcquq-m\u00fchafiz\u0259 orqanlar\u0131ndan naraz\u0131d\u0131r: \u201cSanki qap\u0131lar\u0131na borca g\u0259lmi\u015f\u0259m\u201d"}]},{"@type":"WebSite","@id":"https:\/\/www.meydan.tv\/az\/#website","url":"https:\/\/www.meydan.tv\/az\/","name":"MEYDAN.TV","description":"Meydan TV Az\u0259rbaycan\u0131n media m\u0259kan\u0131ndak\u0131 alternativ s\u0259sidir","publisher":{"@id":"https:\/\/www.meydan.tv\/az\/#organization"},"potentialAction":[{"@type":"SearchAction","target":{"@type":"EntryPoint","urlTemplate":"https:\/\/www.meydan.tv\/az\/?s={search_term_string}"},"query-input":{"@type":"PropertyValueSpecification","valueRequired":true,"valueName":"search_term_string"}}],"inLanguage":"az"},{"@type":"Organization","@id":"https:\/\/www.meydan.tv\/az\/#organization","name":"Meydan TV","url":"https:\/\/www.meydan.tv\/az\/","logo":{"@type":"ImageObject","inLanguage":"az","@id":"https:\/\/www.meydan.tv\/az\/#\/schema\/logo\/image\/","url":"https:\/\/www.meydan.tv\/wp-content\/uploads\/2021\/07\/meydan-logo.svg","contentUrl":"https:\/\/www.meydan.tv\/wp-content\/uploads\/2021\/07\/meydan-logo.svg","width":195,"height":46,"caption":"Meydan TV"},"image":{"@id":"https:\/\/www.meydan.tv\/az\/#\/schema\/logo\/image\/"}},{"@type":"Person","@id":"https:\/\/www.meydan.tv\/az\/#\/schema\/person\/9cdbecf90d17180ce1dfbd95b08dcf47","name":"elli","sameAs":["https:\/\/x.com\/elli"]}]}},"_links":{"self":[{"href":"https:\/\/www.meydan.tv\/az\/wp-json\/wp\/v2\/posts\/273645","targetHints":{"allow":["GET"]}}],"collection":[{"href":"https:\/\/www.meydan.tv\/az\/wp-json\/wp\/v2\/posts"}],"about":[{"href":"https:\/\/www.meydan.tv\/az\/wp-json\/wp\/v2\/types\/post"}],"author":[{"embeddable":true,"href":"https:\/\/www.meydan.tv\/az\/wp-json\/wp\/v2\/users\/8"}],"replies":[{"embeddable":true,"href":"https:\/\/www.meydan.tv\/az\/wp-json\/wp\/v2\/comments?post=273645"}],"version-history":[{"count":1,"href":"https:\/\/www.meydan.tv\/az\/wp-json\/wp\/v2\/posts\/273645\/revisions"}],"predecessor-version":[{"id":273648,"href":"https:\/\/www.meydan.tv\/az\/wp-json\/wp\/v2\/posts\/273645\/revisions\/273648"}],"wp:featuredmedia":[{"embeddable":true,"href":"https:\/\/www.meydan.tv\/az\/wp-json\/wp\/v2\/media\/273636"}],"wp:attachment":[{"href":"https:\/\/www.meydan.tv\/az\/wp-json\/wp\/v2\/media?parent=273645"}],"wp:term":[{"taxonomy":"category","embeddable":true,"href":"https:\/\/www.meydan.tv\/az\/wp-json\/wp\/v2\/categories?post=273645"},{"taxonomy":"post_tag","embeddable":true,"href":"https:\/\/www.meydan.tv\/az\/wp-json\/wp\/v2\/tags?post=273645"}],"curies":[{"name":"wp","href":"https:\/\/api.w.org\/{rel}","templated":true}]}}