{"id":273614,"date":"2023-04-25T12:51:34","date_gmt":"2023-04-25T08:51:34","guid":{"rendered":"https:\/\/www.meydan.tv\/?p=273614"},"modified":"2023-04-25T14:13:04","modified_gmt":"2023-04-25T10:13:04","slug":"prokurorluq-sumqayit-xestexanalarinda-kulli-miqdarda-budce-vesaitleri-menimsenilib","status":"publish","type":"post","link":"https:\/\/www.meydan.tv\/az\/article\/prokurorluq-sumqayit-xestexanalarinda-kulli-miqdarda-budce-vesaitleri-menimsenilib\/","title":{"rendered":"Prokurorluq: \u201cSumqay\u0131t x\u0259st\u0259xanalar\u0131nda k\u00fclli miqdarda b\u00fcdc\u0259 v\u0259saitl\u0259ri m\u0259nims\u0259nilib\u201d"},"content":{"rendered":"\n<p><\/p>\n\n\n\n<p>&nbsp;<strong>\u201cSumqay\u0131t Tibb M\u0259rk\u0259zi\u201d Publik H\u00fcquqi \u015e\u0259xsl\u0259 ba\u011fl\u0131 istintaq getdiyi bildirilir<\/strong><\/p>\n\n\n\n<p>Sumqay\u0131t \u015f\u0259h\u0259rind\u0259ki d\u00f6vl\u0259t tibb m\u00fc\u0259ssis\u0259l\u0259rind\u0259 b\u00fcdc\u0259d\u0259n ayr\u0131lm\u0131\u015f v\u0259saitl\u0259rin m\u0259nims\u0259nildiyi iddia olunur. Bu bar\u0259d\u0259 Ba\u015f Prokurorlu\u011fun m\u0259tbuat xidm\u0259ti m\u0259lumat yay\u0131b. Haz\u0131rda bu m\u0259s\u0259l\u0259 il\u0259 \u0259laq\u0259dar Korrupsiyaya Qar\u015f\u0131 M\u00fcbariz\u0259 \u0130dar\u0259sind\u0259 ara\u015fd\u0131rma apar\u0131l\u0131r.<\/p>\n\n\n\n<p>Ehtimal olunur ki, m\u0259nims\u0259m\u0259 x\u00fcsus\u0259n t\u0259mir i\u015fl\u0259ri apar\u0131lark\u0259n ba\u015f verib.<\/p>\n\n\n\n<p>\u00d6nc\u0259 Hesablama Palatas\u0131 yoxlama apar\u0131b v\u0259 b\u00fcdc\u0259 v\u0259saitl\u0259rinin, d\u00f6vl\u0259t \u0259mlak\u0131n\u0131n idar\u0259 olunmas\u0131nda pozuntulara yol verildiyi q\u0259na\u0259tin\u0259 g\u0259lib. H\u0259min materiallar da Ba\u015f Prokurorlu\u011fa g\u00f6nd\u0259rilib. Hesablama Palatas\u0131ndan daxil olan material \u0259sas\u0131nda Korrupsiyaya Qar\u015f\u0131 M\u00fcbariz\u0259 \u0130dar\u0259sind\u0259 \u201cSumqay\u0131t Tibb M\u0259rk\u0259zi\u201d Publik H\u00fcquqi \u015e\u0259xsl\u0259 ba\u011fl\u0131 istintaq gedir.<\/p>\n\n\n\n<p>Ba\u015f Prokurorlu\u011fun m\u0259lumat\u0131na g\u00f6r\u0259, faktla ba\u011fl\u0131 Cinay\u0259t M\u0259c\u0259ll\u0259sinin 179.3.2 (k\u00fclli miqdarda m\u0259nims\u0259m\u0259), 308.1 (v\u0259zif\u0259 s\u0259lahiyy\u0259tl\u0259rind\u0259n sui-istifad\u0259) v\u0259 313-c\u00fc (v\u0259zif\u0259 saxtakarl\u0131\u011f\u0131) madd\u0259l\u0259ri il\u0259 cinay\u0259t i\u015fi ba\u015flan\u0131b.<\/p>\n","protected":false},"excerpt":{"rendered":"<p>&nbsp;\u201cSumqay\u0131t Tibb M\u0259rk\u0259zi\u201d Publik H\u00fcquqi \u015e\u0259xsl\u0259 ba\u011fl\u0131 istintaq getdiyi bildirilir &#8230; <\/p>\n<p class=\"read-more-container\"><a title=\"Prokurorluq: \u201cSumqay\u0131t x\u0259st\u0259xanalar\u0131nda k\u00fclli miqdarda b\u00fcdc\u0259 v\u0259saitl\u0259ri m\u0259nims\u0259nilib\u201d\" class=\"read-more button\" href=\"https:\/\/www.meydan.tv\/az\/article\/prokurorluq-sumqayit-xestexanalarinda-kulli-miqdarda-budce-vesaitleri-menimsenilib\/#more-273614\" aria-label=\"Read more about Prokurorluq: \u201cSumqay\u0131t x\u0259st\u0259xanalar\u0131nda k\u00fclli miqdarda b\u00fcdc\u0259 v\u0259saitl\u0259ri m\u0259nims\u0259nilib\u201d\">Davam\u0131<\/a><\/p>\n","protected":false},"author":8,"featured_media":273615,"comment_status":"closed","ping_status":"closed","sticky":false,"template":"","format":"standard","meta":{"_acf_changed":false,"_sitemap_exclude":false,"_sitemap_priority":"","_sitemap_frequency":"","footnotes":""},"categories":[60,79,56],"tags":[],"class_list":["post-273614","post","type-post","status-publish","format-standard","has-post-thumbnail","hentry","category-bolge","category-featured","category-xeberler","infinite-scroll-item","generate-columns","tablet-grid-50","mobile-grid-100","grid-parent","grid-33","no-featured-image-padding"],"acf":[],"yoast_head":"<!-- This site is optimized with the Yoast SEO plugin v27.5 - https:\/\/yoast.com\/product\/yoast-seo-wordpress\/ -->\n<title>Prokurorluq: \u201cSumqay\u0131t x\u0259st\u0259xanalar\u0131nda k\u00fclli miqdarda b\u00fcdc\u0259 v\u0259saitl\u0259ri m\u0259nims\u0259nilib\u201d - MEYDAN.TV<\/title>\n<meta name=\"robots\" content=\"index, follow, max-snippet:-1, max-image-preview:large, max-video-preview:-1\" \/>\n<link rel=\"canonical\" href=\"https:\/\/www.meydan.tv\/az\/article\/prokurorluq-sumqayit-xestexanalarinda-kulli-miqdarda-budce-vesaitleri-menimsenilib\/\" \/>\n<meta property=\"og:locale\" content=\"az_AZ\" \/>\n<meta property=\"og:type\" content=\"article\" \/>\n<meta property=\"og:title\" content=\"Prokurorluq: \u201cSumqay\u0131t x\u0259st\u0259xanalar\u0131nda k\u00fclli miqdarda b\u00fcdc\u0259 v\u0259saitl\u0259ri m\u0259nims\u0259nilib\u201d - MEYDAN.TV\" \/>\n<meta property=\"og:description\" content=\"&nbsp;\u201cSumqay\u0131t Tibb M\u0259rk\u0259zi\u201d Publik H\u00fcquqi \u015e\u0259xsl\u0259 ba\u011fl\u0131 istintaq getdiyi bildirilir ... Davam\u0131\" \/>\n<meta property=\"og:url\" content=\"https:\/\/www.meydan.tv\/az\/article\/prokurorluq-sumqayit-xestexanalarinda-kulli-miqdarda-budce-vesaitleri-menimsenilib\/\" \/>\n<meta property=\"og:site_name\" content=\"MEYDAN.TV\" \/>\n<meta property=\"article:published_time\" content=\"2023-04-25T08:51:34+00:00\" \/>\n<meta property=\"article:modified_time\" content=\"2023-04-25T10:13:04+00:00\" \/>\n<meta property=\"og:image\" content=\"https:\/\/www.meydan.tv\/wp-content\/uploads\/1654084254652881677_1200x630.jpg\" \/>\n\t<meta property=\"og:image:width\" content=\"1200\" \/>\n\t<meta property=\"og:image:height\" content=\"819\" \/>\n\t<meta property=\"og:image:type\" content=\"image\/jpeg\" \/>\n<meta name=\"author\" content=\"elli\" \/>\n<meta name=\"twitter:card\" content=\"summary_large_image\" \/>\n<meta name=\"twitter:creator\" content=\"@elli\" \/>\n<script type=\"application\/ld+json\" class=\"yoast-schema-graph\">{\"@context\":\"https:\\\/\\\/schema.org\",\"@graph\":[{\"@type\":\"Article\",\"@id\":\"https:\\\/\\\/www.meydan.tv\\\/az\\\/article\\\/prokurorluq-sumqayit-xestexanalarinda-kulli-miqdarda-budce-vesaitleri-menimsenilib\\\/#article\",\"isPartOf\":{\"@id\":\"https:\\\/\\\/www.meydan.tv\\\/az\\\/article\\\/prokurorluq-sumqayit-xestexanalarinda-kulli-miqdarda-budce-vesaitleri-menimsenilib\\\/\"},\"author\":{\"name\":\"elli\",\"@id\":\"https:\\\/\\\/www.meydan.tv\\\/az\\\/#\\\/schema\\\/person\\\/9cdbecf90d17180ce1dfbd95b08dcf47\"},\"headline\":\"Prokurorluq: \u201cSumqay\u0131t x\u0259st\u0259xanalar\u0131nda k\u00fclli miqdarda b\u00fcdc\u0259 v\u0259saitl\u0259ri m\u0259nims\u0259nilib\u201d\",\"datePublished\":\"2023-04-25T08:51:34+00:00\",\"dateModified\":\"2023-04-25T10:13:04+00:00\",\"mainEntityOfPage\":{\"@id\":\"https:\\\/\\\/www.meydan.tv\\\/az\\\/article\\\/prokurorluq-sumqayit-xestexanalarinda-kulli-miqdarda-budce-vesaitleri-menimsenilib\\\/\"},\"wordCount\":229,\"publisher\":{\"@id\":\"https:\\\/\\\/www.meydan.tv\\\/az\\\/#organization\"},\"image\":{\"@id\":\"https:\\\/\\\/www.meydan.tv\\\/az\\\/article\\\/prokurorluq-sumqayit-xestexanalarinda-kulli-miqdarda-budce-vesaitleri-menimsenilib\\\/#primaryimage\"},\"thumbnailUrl\":\"https:\\\/\\\/www.meydan.tv\\\/wp-content\\\/uploads\\\/1654084254652881677_1200x630.jpg\",\"articleSection\":[\"B\u00f6lg\u0259\",\"T\u00f6vsiy\u0259\",\"X\u0259b\u0259rl\u0259r\"],\"inLanguage\":\"az\"},{\"@type\":\"WebPage\",\"@id\":\"https:\\\/\\\/www.meydan.tv\\\/az\\\/article\\\/prokurorluq-sumqayit-xestexanalarinda-kulli-miqdarda-budce-vesaitleri-menimsenilib\\\/\",\"url\":\"https:\\\/\\\/www.meydan.tv\\\/az\\\/article\\\/prokurorluq-sumqayit-xestexanalarinda-kulli-miqdarda-budce-vesaitleri-menimsenilib\\\/\",\"name\":\"Prokurorluq: \u201cSumqay\u0131t x\u0259st\u0259xanalar\u0131nda k\u00fclli miqdarda b\u00fcdc\u0259 v\u0259saitl\u0259ri m\u0259nims\u0259nilib\u201d - MEYDAN.TV\",\"isPartOf\":{\"@id\":\"https:\\\/\\\/www.meydan.tv\\\/az\\\/#website\"},\"primaryImageOfPage\":{\"@id\":\"https:\\\/\\\/www.meydan.tv\\\/az\\\/article\\\/prokurorluq-sumqayit-xestexanalarinda-kulli-miqdarda-budce-vesaitleri-menimsenilib\\\/#primaryimage\"},\"image\":{\"@id\":\"https:\\\/\\\/www.meydan.tv\\\/az\\\/article\\\/prokurorluq-sumqayit-xestexanalarinda-kulli-miqdarda-budce-vesaitleri-menimsenilib\\\/#primaryimage\"},\"thumbnailUrl\":\"https:\\\/\\\/www.meydan.tv\\\/wp-content\\\/uploads\\\/1654084254652881677_1200x630.jpg\",\"datePublished\":\"2023-04-25T08:51:34+00:00\",\"dateModified\":\"2023-04-25T10:13:04+00:00\",\"breadcrumb\":{\"@id\":\"https:\\\/\\\/www.meydan.tv\\\/az\\\/article\\\/prokurorluq-sumqayit-xestexanalarinda-kulli-miqdarda-budce-vesaitleri-menimsenilib\\\/#breadcrumb\"},\"inLanguage\":\"az\",\"potentialAction\":[{\"@type\":\"ReadAction\",\"target\":[\"https:\\\/\\\/www.meydan.tv\\\/az\\\/article\\\/prokurorluq-sumqayit-xestexanalarinda-kulli-miqdarda-budce-vesaitleri-menimsenilib\\\/\"]}]},{\"@type\":\"ImageObject\",\"inLanguage\":\"az\",\"@id\":\"https:\\\/\\\/www.meydan.tv\\\/az\\\/article\\\/prokurorluq-sumqayit-xestexanalarinda-kulli-miqdarda-budce-vesaitleri-menimsenilib\\\/#primaryimage\",\"url\":\"https:\\\/\\\/www.meydan.tv\\\/wp-content\\\/uploads\\\/1654084254652881677_1200x630.jpg\",\"contentUrl\":\"https:\\\/\\\/www.meydan.tv\\\/wp-content\\\/uploads\\\/1654084254652881677_1200x630.jpg\",\"width\":1200,\"height\":819,\"caption\":\"\u201cSumqay\u0131t Tibb M\u0259rk\u0259zi\u201d. Foto: \\\"Az\u0259rtac\\\"\"},{\"@type\":\"BreadcrumbList\",\"@id\":\"https:\\\/\\\/www.meydan.tv\\\/az\\\/article\\\/prokurorluq-sumqayit-xestexanalarinda-kulli-miqdarda-budce-vesaitleri-menimsenilib\\\/#breadcrumb\",\"itemListElement\":[{\"@type\":\"ListItem\",\"position\":1,\"name\":\"Ana s\u0259hif\u0259\",\"item\":\"https:\\\/\\\/www.meydan.tv\\\/az\\\/\"},{\"@type\":\"ListItem\",\"position\":2,\"name\":\"B\u00f6lg\u0259\",\"item\":\"https:\\\/\\\/www.meydan.tv\\\/az\\\/section\\\/bolge\\\/\"},{\"@type\":\"ListItem\",\"position\":3,\"name\":\"Prokurorluq: \u201cSumqay\u0131t x\u0259st\u0259xanalar\u0131nda k\u00fclli miqdarda b\u00fcdc\u0259 v\u0259saitl\u0259ri m\u0259nims\u0259nilib\u201d\"}]},{\"@type\":\"WebSite\",\"@id\":\"https:\\\/\\\/www.meydan.tv\\\/az\\\/#website\",\"url\":\"https:\\\/\\\/www.meydan.tv\\\/az\\\/\",\"name\":\"MEYDAN.TV\",\"description\":\"Meydan TV Az\u0259rbaycan\u0131n media m\u0259kan\u0131ndak\u0131 alternativ s\u0259sidir\",\"publisher\":{\"@id\":\"https:\\\/\\\/www.meydan.tv\\\/az\\\/#organization\"},\"potentialAction\":[{\"@type\":\"SearchAction\",\"target\":{\"@type\":\"EntryPoint\",\"urlTemplate\":\"https:\\\/\\\/www.meydan.tv\\\/az\\\/?s={search_term_string}\"},\"query-input\":{\"@type\":\"PropertyValueSpecification\",\"valueRequired\":true,\"valueName\":\"search_term_string\"}}],\"inLanguage\":\"az\"},{\"@type\":\"Organization\",\"@id\":\"https:\\\/\\\/www.meydan.tv\\\/az\\\/#organization\",\"name\":\"Meydan TV\",\"url\":\"https:\\\/\\\/www.meydan.tv\\\/az\\\/\",\"logo\":{\"@type\":\"ImageObject\",\"inLanguage\":\"az\",\"@id\":\"https:\\\/\\\/www.meydan.tv\\\/az\\\/#\\\/schema\\\/logo\\\/image\\\/\",\"url\":\"https:\\\/\\\/www.meydan.tv\\\/wp-content\\\/uploads\\\/2021\\\/07\\\/meydan-logo.svg\",\"contentUrl\":\"https:\\\/\\\/www.meydan.tv\\\/wp-content\\\/uploads\\\/2021\\\/07\\\/meydan-logo.svg\",\"width\":195,\"height\":46,\"caption\":\"Meydan TV\"},\"image\":{\"@id\":\"https:\\\/\\\/www.meydan.tv\\\/az\\\/#\\\/schema\\\/logo\\\/image\\\/\"}},{\"@type\":\"Person\",\"@id\":\"https:\\\/\\\/www.meydan.tv\\\/az\\\/#\\\/schema\\\/person\\\/9cdbecf90d17180ce1dfbd95b08dcf47\",\"name\":\"elli\",\"sameAs\":[\"https:\\\/\\\/x.com\\\/elli\"]}]}<\/script>\n<!-- \/ Yoast SEO plugin. -->","yoast_head_json":{"title":"Prokurorluq: \u201cSumqay\u0131t x\u0259st\u0259xanalar\u0131nda k\u00fclli miqdarda b\u00fcdc\u0259 v\u0259saitl\u0259ri m\u0259nims\u0259nilib\u201d - MEYDAN.TV","robots":{"index":"index","follow":"follow","max-snippet":"max-snippet:-1","max-image-preview":"max-image-preview:large","max-video-preview":"max-video-preview:-1"},"canonical":"https:\/\/www.meydan.tv\/az\/article\/prokurorluq-sumqayit-xestexanalarinda-kulli-miqdarda-budce-vesaitleri-menimsenilib\/","og_locale":"az_AZ","og_type":"article","og_title":"Prokurorluq: \u201cSumqay\u0131t x\u0259st\u0259xanalar\u0131nda k\u00fclli miqdarda b\u00fcdc\u0259 v\u0259saitl\u0259ri m\u0259nims\u0259nilib\u201d - MEYDAN.TV","og_description":"&nbsp;\u201cSumqay\u0131t Tibb M\u0259rk\u0259zi\u201d Publik H\u00fcquqi \u015e\u0259xsl\u0259 ba\u011fl\u0131 istintaq getdiyi bildirilir ... Davam\u0131","og_url":"https:\/\/www.meydan.tv\/az\/article\/prokurorluq-sumqayit-xestexanalarinda-kulli-miqdarda-budce-vesaitleri-menimsenilib\/","og_site_name":"MEYDAN.TV","article_published_time":"2023-04-25T08:51:34+00:00","article_modified_time":"2023-04-25T10:13:04+00:00","og_image":[{"width":1200,"height":819,"url":"https:\/\/www.meydan.tv\/wp-content\/uploads\/1654084254652881677_1200x630.jpg","type":"image\/jpeg"}],"author":"elli","twitter_card":"summary_large_image","twitter_creator":"@elli","schema":{"@context":"https:\/\/schema.org","@graph":[{"@type":"Article","@id":"https:\/\/www.meydan.tv\/az\/article\/prokurorluq-sumqayit-xestexanalarinda-kulli-miqdarda-budce-vesaitleri-menimsenilib\/#article","isPartOf":{"@id":"https:\/\/www.meydan.tv\/az\/article\/prokurorluq-sumqayit-xestexanalarinda-kulli-miqdarda-budce-vesaitleri-menimsenilib\/"},"author":{"name":"elli","@id":"https:\/\/www.meydan.tv\/az\/#\/schema\/person\/9cdbecf90d17180ce1dfbd95b08dcf47"},"headline":"Prokurorluq: \u201cSumqay\u0131t x\u0259st\u0259xanalar\u0131nda k\u00fclli miqdarda b\u00fcdc\u0259 v\u0259saitl\u0259ri m\u0259nims\u0259nilib\u201d","datePublished":"2023-04-25T08:51:34+00:00","dateModified":"2023-04-25T10:13:04+00:00","mainEntityOfPage":{"@id":"https:\/\/www.meydan.tv\/az\/article\/prokurorluq-sumqayit-xestexanalarinda-kulli-miqdarda-budce-vesaitleri-menimsenilib\/"},"wordCount":229,"publisher":{"@id":"https:\/\/www.meydan.tv\/az\/#organization"},"image":{"@id":"https:\/\/www.meydan.tv\/az\/article\/prokurorluq-sumqayit-xestexanalarinda-kulli-miqdarda-budce-vesaitleri-menimsenilib\/#primaryimage"},"thumbnailUrl":"https:\/\/www.meydan.tv\/wp-content\/uploads\/1654084254652881677_1200x630.jpg","articleSection":["B\u00f6lg\u0259","T\u00f6vsiy\u0259","X\u0259b\u0259rl\u0259r"],"inLanguage":"az"},{"@type":"WebPage","@id":"https:\/\/www.meydan.tv\/az\/article\/prokurorluq-sumqayit-xestexanalarinda-kulli-miqdarda-budce-vesaitleri-menimsenilib\/","url":"https:\/\/www.meydan.tv\/az\/article\/prokurorluq-sumqayit-xestexanalarinda-kulli-miqdarda-budce-vesaitleri-menimsenilib\/","name":"Prokurorluq: \u201cSumqay\u0131t x\u0259st\u0259xanalar\u0131nda k\u00fclli miqdarda b\u00fcdc\u0259 v\u0259saitl\u0259ri m\u0259nims\u0259nilib\u201d - MEYDAN.TV","isPartOf":{"@id":"https:\/\/www.meydan.tv\/az\/#website"},"primaryImageOfPage":{"@id":"https:\/\/www.meydan.tv\/az\/article\/prokurorluq-sumqayit-xestexanalarinda-kulli-miqdarda-budce-vesaitleri-menimsenilib\/#primaryimage"},"image":{"@id":"https:\/\/www.meydan.tv\/az\/article\/prokurorluq-sumqayit-xestexanalarinda-kulli-miqdarda-budce-vesaitleri-menimsenilib\/#primaryimage"},"thumbnailUrl":"https:\/\/www.meydan.tv\/wp-content\/uploads\/1654084254652881677_1200x630.jpg","datePublished":"2023-04-25T08:51:34+00:00","dateModified":"2023-04-25T10:13:04+00:00","breadcrumb":{"@id":"https:\/\/www.meydan.tv\/az\/article\/prokurorluq-sumqayit-xestexanalarinda-kulli-miqdarda-budce-vesaitleri-menimsenilib\/#breadcrumb"},"inLanguage":"az","potentialAction":[{"@type":"ReadAction","target":["https:\/\/www.meydan.tv\/az\/article\/prokurorluq-sumqayit-xestexanalarinda-kulli-miqdarda-budce-vesaitleri-menimsenilib\/"]}]},{"@type":"ImageObject","inLanguage":"az","@id":"https:\/\/www.meydan.tv\/az\/article\/prokurorluq-sumqayit-xestexanalarinda-kulli-miqdarda-budce-vesaitleri-menimsenilib\/#primaryimage","url":"https:\/\/www.meydan.tv\/wp-content\/uploads\/1654084254652881677_1200x630.jpg","contentUrl":"https:\/\/www.meydan.tv\/wp-content\/uploads\/1654084254652881677_1200x630.jpg","width":1200,"height":819,"caption":"\u201cSumqay\u0131t Tibb M\u0259rk\u0259zi\u201d. Foto: \"Az\u0259rtac\""},{"@type":"BreadcrumbList","@id":"https:\/\/www.meydan.tv\/az\/article\/prokurorluq-sumqayit-xestexanalarinda-kulli-miqdarda-budce-vesaitleri-menimsenilib\/#breadcrumb","itemListElement":[{"@type":"ListItem","position":1,"name":"Ana s\u0259hif\u0259","item":"https:\/\/www.meydan.tv\/az\/"},{"@type":"ListItem","position":2,"name":"B\u00f6lg\u0259","item":"https:\/\/www.meydan.tv\/az\/section\/bolge\/"},{"@type":"ListItem","position":3,"name":"Prokurorluq: \u201cSumqay\u0131t x\u0259st\u0259xanalar\u0131nda k\u00fclli miqdarda b\u00fcdc\u0259 v\u0259saitl\u0259ri m\u0259nims\u0259nilib\u201d"}]},{"@type":"WebSite","@id":"https:\/\/www.meydan.tv\/az\/#website","url":"https:\/\/www.meydan.tv\/az\/","name":"MEYDAN.TV","description":"Meydan TV Az\u0259rbaycan\u0131n media m\u0259kan\u0131ndak\u0131 alternativ s\u0259sidir","publisher":{"@id":"https:\/\/www.meydan.tv\/az\/#organization"},"potentialAction":[{"@type":"SearchAction","target":{"@type":"EntryPoint","urlTemplate":"https:\/\/www.meydan.tv\/az\/?s={search_term_string}"},"query-input":{"@type":"PropertyValueSpecification","valueRequired":true,"valueName":"search_term_string"}}],"inLanguage":"az"},{"@type":"Organization","@id":"https:\/\/www.meydan.tv\/az\/#organization","name":"Meydan TV","url":"https:\/\/www.meydan.tv\/az\/","logo":{"@type":"ImageObject","inLanguage":"az","@id":"https:\/\/www.meydan.tv\/az\/#\/schema\/logo\/image\/","url":"https:\/\/www.meydan.tv\/wp-content\/uploads\/2021\/07\/meydan-logo.svg","contentUrl":"https:\/\/www.meydan.tv\/wp-content\/uploads\/2021\/07\/meydan-logo.svg","width":195,"height":46,"caption":"Meydan TV"},"image":{"@id":"https:\/\/www.meydan.tv\/az\/#\/schema\/logo\/image\/"}},{"@type":"Person","@id":"https:\/\/www.meydan.tv\/az\/#\/schema\/person\/9cdbecf90d17180ce1dfbd95b08dcf47","name":"elli","sameAs":["https:\/\/x.com\/elli"]}]}},"_links":{"self":[{"href":"https:\/\/www.meydan.tv\/az\/wp-json\/wp\/v2\/posts\/273614","targetHints":{"allow":["GET"]}}],"collection":[{"href":"https:\/\/www.meydan.tv\/az\/wp-json\/wp\/v2\/posts"}],"about":[{"href":"https:\/\/www.meydan.tv\/az\/wp-json\/wp\/v2\/types\/post"}],"author":[{"embeddable":true,"href":"https:\/\/www.meydan.tv\/az\/wp-json\/wp\/v2\/users\/8"}],"replies":[{"embeddable":true,"href":"https:\/\/www.meydan.tv\/az\/wp-json\/wp\/v2\/comments?post=273614"}],"version-history":[{"count":2,"href":"https:\/\/www.meydan.tv\/az\/wp-json\/wp\/v2\/posts\/273614\/revisions"}],"predecessor-version":[{"id":273635,"href":"https:\/\/www.meydan.tv\/az\/wp-json\/wp\/v2\/posts\/273614\/revisions\/273635"}],"wp:featuredmedia":[{"embeddable":true,"href":"https:\/\/www.meydan.tv\/az\/wp-json\/wp\/v2\/media\/273615"}],"wp:attachment":[{"href":"https:\/\/www.meydan.tv\/az\/wp-json\/wp\/v2\/media?parent=273614"}],"wp:term":[{"taxonomy":"category","embeddable":true,"href":"https:\/\/www.meydan.tv\/az\/wp-json\/wp\/v2\/categories?post=273614"},{"taxonomy":"post_tag","embeddable":true,"href":"https:\/\/www.meydan.tv\/az\/wp-json\/wp\/v2\/tags?post=273614"}],"curies":[{"name":"wp","href":"https:\/\/api.w.org\/{rel}","templated":true}]}}