{"id":273552,"date":"2023-04-24T14:52:26","date_gmt":"2023-04-24T10:52:26","guid":{"rendered":"https:\/\/www.meydan.tv\/?p=273552"},"modified":"2023-04-24T21:09:39","modified_gmt":"2023-04-24T17:09:39","slug":"abs-dan-azerbaycanin-lacinda-buraxilis-menteqesi-yaratmasina-reaksiya","status":"publish","type":"post","link":"https:\/\/www.meydan.tv\/az\/article\/abs-dan-azerbaycanin-lacinda-buraxilis-menteqesi-yaratmasina-reaksiya\/","title":{"rendered":"AB\u015e-dan Az\u0259rbaycan\u0131n La\u00e7\u0131nda burax\u0131l\u0131\u015f m\u0259nt\u0259q\u0259si yaratmas\u0131na reaksiya (yenil\u0259nib)"},"content":{"rendered":"\n<p><\/p>\n\n\n\n<p><\/p>\n\n\n\n<p><\/p>\n\n\n\n<p><strong>Az\u0259rbaycan Xarici \u0130\u015fl\u0259r Nazirliyi r\u0259smi Paris\u0259 cavab <a href=\"https:\/\/www.mfa.gov.az\/az\/news\/no22223\" target=\"_blank\" rel=\"noreferrer noopener\">verib<\/a>.<\/strong><\/p>\n\n\n\n<p><\/p>\n\n\n\n<p><strong>Nazirliyin m\u0259tbuat xidm\u0259tinin m\u0259lumat\u0131nda bildirilib ki, Az\u0259rbaycan t\u0259r\u0259find\u0259n \u00f6z suveren \u0259razisind\u0259 s\u0259rh\u0259dd\u0259 n\u0259zar\u0259t-burax\u0131l\u0131\u015f m\u0259nt\u0259q\u0259si t\u0259sis etm\u0259si \u00f6lk\u0259nin suveren v\u0259 legitim h\u00fcququdur:<\/strong><\/p>\n\n\n\n<p><em>&#8220;Bu add\u0131m\u0131n \u00dc\u00e7t\u0259r\u0259fli b\u0259yanata, h\u0259r hans\u0131 bir beyn\u0259lxalq s\u0259n\u0259d\u0259 v\u0259 ya m\u0259hk\u0259m\u0259 q\u0259rar\u0131na zidd oldu\u011fu iddias\u0131n\u0131n he\u00e7 bir \u0259sas\u0131 yoxdur. Az\u0259rbaycan h\u0259r zaman oldu\u011fu kimi, \u00f6z \u00f6hd\u0259likl\u0259ri \u00e7\u0259r\u00e7iv\u0259sind\u0259 La\u00e7\u0131n-Xank\u0259ndi yolunda h\u0259r\u0259k\u0259t ed\u0259n v\u0259t\u0259nda\u015flar\u0131n, n\u0259qliyyat vasit\u0259l\u0259ri v\u0259 y\u00fckl\u0259rin t\u0259hl\u00fck\u0259sizliyin\u0259 z\u0259man\u0259t verir v\u0259 bu istiqam\u0259td\u0259 m\u00fcvafiq t\u0259dbirl\u0259ri davam etdir\u0259c\u0259k&#8221;.<\/em><\/p>\n\n\n\n<p><\/p>\n\n\n\n<p><\/p>\n\n\n\n<p><\/p>\n\n\n\n<p><\/p>\n\n\n\n<hr class=\"wp-block-separator has-alpha-channel-opacity\"\/>\n\n\n\n<p><strong><em>Rusiya t\u0259r\u0259fl\u0259r\u0259 x\u0259b\u0259rdarl\u0131q edir, Fransa \u00f6hd\u0259likl\u0259r\u0259 \u0259m\u0259l etm\u0259y\u0259 \u00e7a\u011f\u0131r\u0131r<\/em><\/strong><\/p>\n\n\n\n<p>AB\u015e D\u00f6vl\u0259t Departamenti Az\u0259rbaycan\u0131n La\u00e7\u0131n d\u0259hlizind\u0259 n\u0259zar\u0259t-burax\u0131l\u0131\u015f m\u0259nt\u0259q\u0259si yaratmas\u0131na m\u00fcnasib\u0259t bildirib.<\/p>\n\n\n\n<p>D\u00f6vl\u0259t Departamenti bu add\u0131m\u0131n s\u00fclh prosesin\u0259 etimad\u0131 sars\u0131da bil\u0259c\u0259yind\u0259n narahatd\u0131r.<\/p>\n\n\n\n<p>Bu bar\u0259d\u0259 aprelin 23-d\u0259 D\u00f6vl\u0259t Departamentinin m\u0259tbuat katibinin birinci m\u00fcavini Vedant Patel a\u00e7\u0131qlama verib.<\/p>\n\n\n\n<p>M\u0259lumat\u0131 AB\u015e-\u0131n \u00f6lk\u0259mizd\u0259ki s\u0259firliyi <a href=\"https:\/\/www.facebook.com\/baku.usembassy\/posts\/pfbid01PXZSVV2PFLf1PrVH2K2GusgMLgc5KrEHZPRcyY9VNAXXExCovD5PhGyMFYTt29Tl\" target=\"_blank\" rel=\"noreferrer noopener\">yay\u0131b.<\/a><\/p>\n\n\n\n<p>&#8220;<em>Bir daha bildiririk ki, La\u00e7\u0131n d\u0259hlizind\u0259 insanlar\u0131n v\u0259 ticar\u0259tin s\u0259rb\u0259st v\u0259 a\u00e7\u0131q h\u0259r\u0259k\u0259ti olmal\u0131d\u0131r. T\u0259r\u0259fl\u0259ri s\u00fclh dan\u0131\u015f\u0131qlar\u0131n\u0131 b\u0259rpa etm\u0259y\u0259, s\u0259rh\u0259dd\u0259 t\u0259xribatlardan v\u0259 d\u00fc\u015fm\u0259n\u00e7ilik h\u0259r\u0259k\u0259tl\u0259rind\u0259n \u00e7\u0259kinm\u0259y\u0259 \u00e7a\u011f\u0131r\u0131r\u0131q&#8221;, &#8211;<\/em> dey\u0259 Patel \u0259lav\u0259 edib.<\/p>\n\n\n\n<p>Rusiya Xarici \u0130\u015fl\u0259r Nazirliyi aprelin 24-d\u0259 yayd\u0131\u011f\u0131 b\u0259yanatda Az\u0259rbaycan v\u0259 Erm\u0259nistan\u0131 d\u0259rhal m\u00f6vcud raz\u0131la\u015fmalara qay\u0131tma\u011fa \u00e7a\u011f\u0131r\u0131r:<\/p>\n\n\n\n<p>&#8220;<em>H\u0259dsiz narahatl\u0131qla at\u0259\u015fk\u0259s rejiminin pozulmas\u0131 hallar\u0131n\u0131n artmas\u0131n\u0131 qeyd edirik. Biz t\u0259r\u0259fl\u0259ri d\u0259rhal m\u00f6vcud raz\u0131la\u015fmalara qay\u0131tma\u011fa \u00e7a\u011f\u0131r\u0131r\u0131q&#8221;.<\/em><\/p>\n\n\n\n<p>&#8220;<em>Biz h\u0259m\u00e7inin xarici Q\u0259rb oyun\u00e7ular\u0131n\u0131 v\u0259 \u00f6z f\u00fcrs\u0259t\u00e7i g\u00fcnd\u0259ml\u0259ri \u00fcz\u0259rind\u0259 i\u015fl\u0259y\u0259n yerli rusofob elementl\u0259ri Rusiyaya qar\u015f\u0131 qarayaxma kampaniyas\u0131 da daxil olmaqla, v\u0259ziyy\u0259ti q\u0131z\u0131\u015fd\u0131rmaq c\u0259hdl\u0259rin\u0259 qar\u015f\u0131 x\u0259b\u0259rdarl\u0131q edirik&#8221;, &#8211;<\/em> dey\u0259 Rusiya Xarici \u0130\u015fl\u0259r Nazirliyi <a href=\"https:\/\/www.mid.ru\/ru\/foreign_policy\/news\/1865114\/\" target=\"_blank\" rel=\"noreferrer noopener\">vur\u011fulay\u0131b<\/a>.<\/p>\n\n\n<div class=\"wp-block-image\">\n<figure class=\"aligncenter size-full\"><img decoding=\"async\" width=\"1200\" height=\"648\" data-src=\"https:\/\/www.meydan.tv\/wp-content\/uploads\/shutterstock_2210368179.jpg\" alt=\"\" class=\"wp-image-273557 lazyload\" src=\"data:image\/svg+xml;base64,PHN2ZyB3aWR0aD0iMSIgaGVpZ2h0PSIxIiB4bWxucz0iaHR0cDovL3d3dy53My5vcmcvMjAwMC9zdmciPjwvc3ZnPg==\" style=\"--smush-placeholder-width: 1200px; --smush-placeholder-aspect-ratio: 1200\/648;\" \/><figcaption class=\"wp-element-caption\">AB\u015e, Rusiya v\u0259 Fransa. Foto: OnePixelStudio\/shutterstock<\/figcaption><\/figure>\n<\/div>\n\n\n<p>Fransa Xarici \u0130\u015fl\u0259r Nazirliyinin b\u0259yanat\u0131nda is\u0259 qeyd olunub ki, bu add\u0131m at\u0259\u015fk\u0259s sazi\u015fl\u0259ri \u00fczr\u0259 g\u00f6t\u00fcr\u00fclm\u00fc\u015f \u00f6hd\u0259likl\u0259r\u0259 ziddir v\u0259 dan\u0131\u015f\u0131qlar prosesin\u0259 ziyan vurur.<\/p>\n\n\n\n<p>&#8220;<em>Fransa Az\u0259rbaycan\u0131 beyn\u0259lxalq \u00f6hd\u0259likl\u0259rin\u0259 riay\u0259t etm\u0259y\u0259, x\u00fcsus\u0259n Beyn\u0259lxalq M\u0259hk\u0259m\u0259nin 22 fevral tarixli q\u0259rar\u0131nda qeyd edilmi\u015f, m\u0259cburi olan m\u00fcv\u0259qq\u0259ti t\u0259dbirl\u0259ri h\u0259yata ke\u00e7irm\u0259y\u0259 \u00e7a\u011f\u0131r\u0131r&#8221;<\/em>, &#8211; dey\u0259 X\u0130N <a href=\"https:\/\/www.facebook.com\/france.azerbaidjan\/posts\/pfbid02VLRWzVzyesWxqpwJhhwoFnEfaH3vvcM3VugYc9XvqnEvN13sjHekg4RKLYfUcz1ml\" target=\"_blank\" rel=\"noreferrer noopener\">bildirib<\/a>.<\/p>\n\n\n\n<p>Aprelin 23-d\u0259 Az\u0259rbaycan birt\u0259r\u0259fli olaraq \u00f6z \u0259razisind\u0259, Erm\u0259nistan il\u0259 s\u0259rh\u0259dd\u0259, La\u00e7\u0131n-Xank\u0259ndi yolunun ba\u015flan\u011f\u0131c\u0131nda s\u0259rh\u0259d-burax\u0131l\u0131\u015f m\u0259nt\u0259q\u0259si qurub.<\/p>\n\n\n\n<p>D\u00f6vl\u0259t S\u0259rh\u0259d Xidm\u0259tinin yayd\u0131\u011f\u0131 m\u0259lumata g\u00f6r\u0259, m\u0259qs\u0259d Erm\u0259nistandan Az\u0259rbaycan \u0259razisind\u0259ki qeyri-qanuni erm\u0259ni silahl\u0131 d\u0259st\u0259l\u0259ri \u00fc\u00e7\u00fcn canl\u0131 q\u00fcvv\u0259, silah-sursat, mina, el\u0259c\u0259 d\u0259 dig\u0259r h\u0259rbi t\u0259yinatl\u0131 vasit\u0259l\u0259rin da\u015f\u0131nmas\u0131n\u0131n qar\u015f\u0131s\u0131n\u0131n <a href=\"https:\/\/storage.googleapis.com\/qurium\/www.meydan.tv\/az-article-azerbaycan-ermenistanla-yeni-serhed-buraxilis-menteqesi-qurub.html\" target=\"_blank\" rel=\"noreferrer noopener\">almaqd\u0131r<\/a>.<\/p>\n\n\n\n<p><strong>Xat\u0131rlatma<\/strong><\/p>\n\n\n\n<p>2020-ci ilin sentyabr\u0131nda Az\u0259rbaycan v\u0259 Erm\u0259nistan silahl\u0131 q\u00fcvv\u0259l\u0259ri aras\u0131nda qar\u015f\u0131durma ba\u015flay\u0131b.<\/p>\n\n\n\n<p>\u00dcmumilikd\u0259 44 g\u00fcn s\u00fcr\u0259n v\u0259 \u0130kinci Qaraba\u011f m\u00fcharib\u0259si adland\u0131r\u0131lan m\u00fcnaqi\u015f\u0259d\u0259 h\u0259r iki t\u0259r\u0259fd\u0259n 6 mind\u0259n art\u0131q h\u0259rb\u00e7i h\u0259lak olub.<\/p>\n\n\n\n<p>Az\u0259rbaycan Da\u011fl\u0131q Qaraba\u011f b\u00f6lg\u0259sinin bir hiss\u0259sin\u0259 v\u0259 \u0259traf 7 rayona n\u0259zar\u0259ti b\u0259rpa edib.<\/p>\n\n\n\n<p>H\u0259min ilin 10 noyabr b\u0259yanat\u0131na (Az\u0259rbaycan, Erm\u0259nistan v\u0259 Rusiya aras\u0131nda imzalan\u0131b) \u0259sas\u0259n, d\u00f6y\u00fc\u015fl\u0259r dayand\u0131r\u0131l\u0131b.<\/p>\n\n\n\n<p>Bundan sonra La\u00e7\u0131n d\u0259hlizind\u0259 v\u0259 Qaraba\u011fda Rusiya s\u00fclhm\u0259raml\u0131lar\u0131 yerl\u0259\u015fdirilib.<\/p>\n\n\n\n<p>\u0130kinci Qaraba\u011f m\u00fcharib\u0259sind\u0259n \u00f6nc\u0259, 1994-c\u00fc ild\u0259 ger\u00e7\u0259kl\u0259\u015f\u0259n at\u0259\u015fk\u0259s raz\u0131la\u015fmas\u0131na q\u0259d\u0259r Az\u0259rbaycan\u0131n Da\u011fl\u0131q Qaraba\u011f b\u00f6lg\u0259si v\u0259 ona biti\u015fik 7 rayonu i\u015f\u011fal edilib.<\/p>\n\n\n\n<p>M\u00fcnaqi\u015f\u0259 SSR\u0130 d\u00f6n\u0259mind\u0259n Erm\u0259nistan\u0131n Az\u0259rbaycana qar\u015f\u0131 \u0259razi iddialar\u0131 il\u0259 ba\u015flay\u0131b.<\/p>\n","protected":false},"excerpt":{"rendered":"<p>Az\u0259rbaycan Xarici \u0130\u015fl\u0259r Nazirliyi r\u0259smi Paris\u0259 cavab verib. Nazirliyin m\u0259tbuat &#8230; <\/p>\n<p class=\"read-more-container\"><a title=\"AB\u015e-dan Az\u0259rbaycan\u0131n La\u00e7\u0131nda burax\u0131l\u0131\u015f m\u0259nt\u0259q\u0259si yaratmas\u0131na reaksiya (yenil\u0259nib)\" class=\"read-more button\" href=\"https:\/\/www.meydan.tv\/az\/article\/abs-dan-azerbaycanin-lacinda-buraxilis-menteqesi-yaratmasina-reaksiya\/#more-273552\" aria-label=\"Read more about AB\u015e-dan Az\u0259rbaycan\u0131n La\u00e7\u0131nda burax\u0131l\u0131\u015f m\u0259nt\u0259q\u0259si yaratmas\u0131na reaksiya (yenil\u0259nib)\">Davam\u0131<\/a><\/p>\n","protected":false},"author":8,"featured_media":273526,"comment_status":"closed","ping_status":"closed","sticky":false,"template":"","format":"standard","meta":{"_acf_changed":false,"_sitemap_exclude":false,"_sitemap_priority":"","_sitemap_frequency":"","footnotes":""},"categories":[59,79,56],"tags":[],"class_list":["post-273552","post","type-post","status-publish","format-standard","has-post-thumbnail","hentry","category-siyaset","category-featured","category-xeberler","infinite-scroll-item","generate-columns","tablet-grid-50","mobile-grid-100","grid-parent","grid-33","no-featured-image-padding"],"acf":[],"yoast_head":"<!-- This site is optimized with the Yoast SEO plugin v27.4 - https:\/\/yoast.com\/product\/yoast-seo-wordpress\/ -->\n<title>AB\u015e-dan Az\u0259rbaycan\u0131n La\u00e7\u0131nda burax\u0131l\u0131\u015f m\u0259nt\u0259q\u0259si yaratmas\u0131na reaksiya (yenil\u0259nib) - MEYDAN.TV<\/title>\n<meta name=\"robots\" content=\"index, follow, max-snippet:-1, max-image-preview:large, max-video-preview:-1\" \/>\n<link rel=\"canonical\" href=\"https:\/\/www.meydan.tv\/az\/article\/abs-dan-azerbaycanin-lacinda-buraxilis-menteqesi-yaratmasina-reaksiya\/\" \/>\n<meta property=\"og:locale\" content=\"az_AZ\" \/>\n<meta property=\"og:type\" content=\"article\" \/>\n<meta property=\"og:title\" content=\"AB\u015e-dan Az\u0259rbaycan\u0131n La\u00e7\u0131nda burax\u0131l\u0131\u015f m\u0259nt\u0259q\u0259si yaratmas\u0131na reaksiya (yenil\u0259nib) - MEYDAN.TV\" \/>\n<meta property=\"og:description\" content=\"Az\u0259rbaycan Xarici \u0130\u015fl\u0259r Nazirliyi r\u0259smi Paris\u0259 cavab verib. Nazirliyin m\u0259tbuat ... Davam\u0131\" \/>\n<meta property=\"og:url\" content=\"https:\/\/www.meydan.tv\/az\/article\/abs-dan-azerbaycanin-lacinda-buraxilis-menteqesi-yaratmasina-reaksiya\/\" \/>\n<meta property=\"og:site_name\" content=\"MEYDAN.TV\" \/>\n<meta property=\"article:published_time\" content=\"2023-04-24T10:52:26+00:00\" \/>\n<meta property=\"article:modified_time\" content=\"2023-04-24T17:09:39+00:00\" \/>\n<meta property=\"og:image\" content=\"https:\/\/www.meydan.tv\/wp-content\/uploads\/2023-04-23_13_38_36-transformed.jpeg\" \/>\n\t<meta property=\"og:image:width\" content=\"1280\" \/>\n\t<meta property=\"og:image:height\" content=\"960\" \/>\n\t<meta property=\"og:image:type\" content=\"image\/jpeg\" \/>\n<meta name=\"author\" content=\"elli\" \/>\n<meta name=\"twitter:card\" content=\"summary_large_image\" \/>\n<meta name=\"twitter:creator\" content=\"@elli\" \/>\n<script type=\"application\/ld+json\" class=\"yoast-schema-graph\">{\"@context\":\"https:\\\/\\\/schema.org\",\"@graph\":[{\"@type\":\"Article\",\"@id\":\"https:\\\/\\\/www.meydan.tv\\\/az\\\/article\\\/abs-dan-azerbaycanin-lacinda-buraxilis-menteqesi-yaratmasina-reaksiya\\\/#article\",\"isPartOf\":{\"@id\":\"https:\\\/\\\/www.meydan.tv\\\/az\\\/article\\\/abs-dan-azerbaycanin-lacinda-buraxilis-menteqesi-yaratmasina-reaksiya\\\/\"},\"author\":{\"name\":\"elli\",\"@id\":\"https:\\\/\\\/www.meydan.tv\\\/az\\\/#\\\/schema\\\/person\\\/9cdbecf90d17180ce1dfbd95b08dcf47\"},\"headline\":\"AB\u015e-dan Az\u0259rbaycan\u0131n La\u00e7\u0131nda burax\u0131l\u0131\u015f m\u0259nt\u0259q\u0259si yaratmas\u0131na reaksiya (yenil\u0259nib)\",\"datePublished\":\"2023-04-24T10:52:26+00:00\",\"dateModified\":\"2023-04-24T17:09:39+00:00\",\"mainEntityOfPage\":{\"@id\":\"https:\\\/\\\/www.meydan.tv\\\/az\\\/article\\\/abs-dan-azerbaycanin-lacinda-buraxilis-menteqesi-yaratmasina-reaksiya\\\/\"},\"wordCount\":823,\"publisher\":{\"@id\":\"https:\\\/\\\/www.meydan.tv\\\/az\\\/#organization\"},\"image\":{\"@id\":\"https:\\\/\\\/www.meydan.tv\\\/az\\\/article\\\/abs-dan-azerbaycanin-lacinda-buraxilis-menteqesi-yaratmasina-reaksiya\\\/#primaryimage\"},\"thumbnailUrl\":\"https:\\\/\\\/www.meydan.tv\\\/wp-content\\\/uploads\\\/2023-04-23_13_38_36-transformed.jpeg\",\"articleSection\":[\"Siyas\u0259t\",\"T\u00f6vsiy\u0259\",\"X\u0259b\u0259rl\u0259r\"],\"inLanguage\":\"az\"},{\"@type\":\"WebPage\",\"@id\":\"https:\\\/\\\/www.meydan.tv\\\/az\\\/article\\\/abs-dan-azerbaycanin-lacinda-buraxilis-menteqesi-yaratmasina-reaksiya\\\/\",\"url\":\"https:\\\/\\\/www.meydan.tv\\\/az\\\/article\\\/abs-dan-azerbaycanin-lacinda-buraxilis-menteqesi-yaratmasina-reaksiya\\\/\",\"name\":\"AB\u015e-dan Az\u0259rbaycan\u0131n La\u00e7\u0131nda burax\u0131l\u0131\u015f m\u0259nt\u0259q\u0259si yaratmas\u0131na reaksiya (yenil\u0259nib) - MEYDAN.TV\",\"isPartOf\":{\"@id\":\"https:\\\/\\\/www.meydan.tv\\\/az\\\/#website\"},\"primaryImageOfPage\":{\"@id\":\"https:\\\/\\\/www.meydan.tv\\\/az\\\/article\\\/abs-dan-azerbaycanin-lacinda-buraxilis-menteqesi-yaratmasina-reaksiya\\\/#primaryimage\"},\"image\":{\"@id\":\"https:\\\/\\\/www.meydan.tv\\\/az\\\/article\\\/abs-dan-azerbaycanin-lacinda-buraxilis-menteqesi-yaratmasina-reaksiya\\\/#primaryimage\"},\"thumbnailUrl\":\"https:\\\/\\\/www.meydan.tv\\\/wp-content\\\/uploads\\\/2023-04-23_13_38_36-transformed.jpeg\",\"datePublished\":\"2023-04-24T10:52:26+00:00\",\"dateModified\":\"2023-04-24T17:09:39+00:00\",\"breadcrumb\":{\"@id\":\"https:\\\/\\\/www.meydan.tv\\\/az\\\/article\\\/abs-dan-azerbaycanin-lacinda-buraxilis-menteqesi-yaratmasina-reaksiya\\\/#breadcrumb\"},\"inLanguage\":\"az\",\"potentialAction\":[{\"@type\":\"ReadAction\",\"target\":[\"https:\\\/\\\/www.meydan.tv\\\/az\\\/article\\\/abs-dan-azerbaycanin-lacinda-buraxilis-menteqesi-yaratmasina-reaksiya\\\/\"]}]},{\"@type\":\"ImageObject\",\"inLanguage\":\"az\",\"@id\":\"https:\\\/\\\/www.meydan.tv\\\/az\\\/article\\\/abs-dan-azerbaycanin-lacinda-buraxilis-menteqesi-yaratmasina-reaksiya\\\/#primaryimage\",\"url\":\"https:\\\/\\\/www.meydan.tv\\\/wp-content\\\/uploads\\\/2023-04-23_13_38_36-transformed.jpeg\",\"contentUrl\":\"https:\\\/\\\/www.meydan.tv\\\/wp-content\\\/uploads\\\/2023-04-23_13_38_36-transformed.jpeg\",\"width\":1280,\"height\":960,\"caption\":\"La\u00e7\u0131n yolu. Foto: DSX\"},{\"@type\":\"BreadcrumbList\",\"@id\":\"https:\\\/\\\/www.meydan.tv\\\/az\\\/article\\\/abs-dan-azerbaycanin-lacinda-buraxilis-menteqesi-yaratmasina-reaksiya\\\/#breadcrumb\",\"itemListElement\":[{\"@type\":\"ListItem\",\"position\":1,\"name\":\"Ana s\u0259hif\u0259\",\"item\":\"https:\\\/\\\/www.meydan.tv\\\/az\\\/\"},{\"@type\":\"ListItem\",\"position\":2,\"name\":\"Siyas\u0259t\",\"item\":\"https:\\\/\\\/www.meydan.tv\\\/az\\\/section\\\/siyaset\\\/\"},{\"@type\":\"ListItem\",\"position\":3,\"name\":\"AB\u015e-dan Az\u0259rbaycan\u0131n La\u00e7\u0131nda burax\u0131l\u0131\u015f m\u0259nt\u0259q\u0259si yaratmas\u0131na reaksiya (yenil\u0259nib)\"}]},{\"@type\":\"WebSite\",\"@id\":\"https:\\\/\\\/www.meydan.tv\\\/az\\\/#website\",\"url\":\"https:\\\/\\\/www.meydan.tv\\\/az\\\/\",\"name\":\"MEYDAN.TV\",\"description\":\"Meydan TV Az\u0259rbaycan\u0131n media m\u0259kan\u0131ndak\u0131 alternativ s\u0259sidir\",\"publisher\":{\"@id\":\"https:\\\/\\\/www.meydan.tv\\\/az\\\/#organization\"},\"potentialAction\":[{\"@type\":\"SearchAction\",\"target\":{\"@type\":\"EntryPoint\",\"urlTemplate\":\"https:\\\/\\\/www.meydan.tv\\\/az\\\/?s={search_term_string}\"},\"query-input\":{\"@type\":\"PropertyValueSpecification\",\"valueRequired\":true,\"valueName\":\"search_term_string\"}}],\"inLanguage\":\"az\"},{\"@type\":\"Organization\",\"@id\":\"https:\\\/\\\/www.meydan.tv\\\/az\\\/#organization\",\"name\":\"Meydan TV\",\"url\":\"https:\\\/\\\/www.meydan.tv\\\/az\\\/\",\"logo\":{\"@type\":\"ImageObject\",\"inLanguage\":\"az\",\"@id\":\"https:\\\/\\\/www.meydan.tv\\\/az\\\/#\\\/schema\\\/logo\\\/image\\\/\",\"url\":\"https:\\\/\\\/www.meydan.tv\\\/wp-content\\\/uploads\\\/2021\\\/07\\\/meydan-logo.svg\",\"contentUrl\":\"https:\\\/\\\/www.meydan.tv\\\/wp-content\\\/uploads\\\/2021\\\/07\\\/meydan-logo.svg\",\"width\":195,\"height\":46,\"caption\":\"Meydan TV\"},\"image\":{\"@id\":\"https:\\\/\\\/www.meydan.tv\\\/az\\\/#\\\/schema\\\/logo\\\/image\\\/\"}},{\"@type\":\"Person\",\"@id\":\"https:\\\/\\\/www.meydan.tv\\\/az\\\/#\\\/schema\\\/person\\\/9cdbecf90d17180ce1dfbd95b08dcf47\",\"name\":\"elli\",\"sameAs\":[\"https:\\\/\\\/x.com\\\/elli\"]}]}<\/script>\n<!-- \/ Yoast SEO plugin. -->","yoast_head_json":{"title":"AB\u015e-dan Az\u0259rbaycan\u0131n La\u00e7\u0131nda burax\u0131l\u0131\u015f m\u0259nt\u0259q\u0259si yaratmas\u0131na reaksiya (yenil\u0259nib) - MEYDAN.TV","robots":{"index":"index","follow":"follow","max-snippet":"max-snippet:-1","max-image-preview":"max-image-preview:large","max-video-preview":"max-video-preview:-1"},"canonical":"https:\/\/www.meydan.tv\/az\/article\/abs-dan-azerbaycanin-lacinda-buraxilis-menteqesi-yaratmasina-reaksiya\/","og_locale":"az_AZ","og_type":"article","og_title":"AB\u015e-dan Az\u0259rbaycan\u0131n La\u00e7\u0131nda burax\u0131l\u0131\u015f m\u0259nt\u0259q\u0259si yaratmas\u0131na reaksiya (yenil\u0259nib) - MEYDAN.TV","og_description":"Az\u0259rbaycan Xarici \u0130\u015fl\u0259r Nazirliyi r\u0259smi Paris\u0259 cavab verib. Nazirliyin m\u0259tbuat ... Davam\u0131","og_url":"https:\/\/www.meydan.tv\/az\/article\/abs-dan-azerbaycanin-lacinda-buraxilis-menteqesi-yaratmasina-reaksiya\/","og_site_name":"MEYDAN.TV","article_published_time":"2023-04-24T10:52:26+00:00","article_modified_time":"2023-04-24T17:09:39+00:00","og_image":[{"width":1280,"height":960,"url":"https:\/\/www.meydan.tv\/wp-content\/uploads\/2023-04-23_13_38_36-transformed.jpeg","type":"image\/jpeg"}],"author":"elli","twitter_card":"summary_large_image","twitter_creator":"@elli","schema":{"@context":"https:\/\/schema.org","@graph":[{"@type":"Article","@id":"https:\/\/www.meydan.tv\/az\/article\/abs-dan-azerbaycanin-lacinda-buraxilis-menteqesi-yaratmasina-reaksiya\/#article","isPartOf":{"@id":"https:\/\/www.meydan.tv\/az\/article\/abs-dan-azerbaycanin-lacinda-buraxilis-menteqesi-yaratmasina-reaksiya\/"},"author":{"name":"elli","@id":"https:\/\/www.meydan.tv\/az\/#\/schema\/person\/9cdbecf90d17180ce1dfbd95b08dcf47"},"headline":"AB\u015e-dan Az\u0259rbaycan\u0131n La\u00e7\u0131nda burax\u0131l\u0131\u015f m\u0259nt\u0259q\u0259si yaratmas\u0131na reaksiya (yenil\u0259nib)","datePublished":"2023-04-24T10:52:26+00:00","dateModified":"2023-04-24T17:09:39+00:00","mainEntityOfPage":{"@id":"https:\/\/www.meydan.tv\/az\/article\/abs-dan-azerbaycanin-lacinda-buraxilis-menteqesi-yaratmasina-reaksiya\/"},"wordCount":823,"publisher":{"@id":"https:\/\/www.meydan.tv\/az\/#organization"},"image":{"@id":"https:\/\/www.meydan.tv\/az\/article\/abs-dan-azerbaycanin-lacinda-buraxilis-menteqesi-yaratmasina-reaksiya\/#primaryimage"},"thumbnailUrl":"https:\/\/www.meydan.tv\/wp-content\/uploads\/2023-04-23_13_38_36-transformed.jpeg","articleSection":["Siyas\u0259t","T\u00f6vsiy\u0259","X\u0259b\u0259rl\u0259r"],"inLanguage":"az"},{"@type":"WebPage","@id":"https:\/\/www.meydan.tv\/az\/article\/abs-dan-azerbaycanin-lacinda-buraxilis-menteqesi-yaratmasina-reaksiya\/","url":"https:\/\/www.meydan.tv\/az\/article\/abs-dan-azerbaycanin-lacinda-buraxilis-menteqesi-yaratmasina-reaksiya\/","name":"AB\u015e-dan Az\u0259rbaycan\u0131n La\u00e7\u0131nda burax\u0131l\u0131\u015f m\u0259nt\u0259q\u0259si yaratmas\u0131na reaksiya (yenil\u0259nib) - MEYDAN.TV","isPartOf":{"@id":"https:\/\/www.meydan.tv\/az\/#website"},"primaryImageOfPage":{"@id":"https:\/\/www.meydan.tv\/az\/article\/abs-dan-azerbaycanin-lacinda-buraxilis-menteqesi-yaratmasina-reaksiya\/#primaryimage"},"image":{"@id":"https:\/\/www.meydan.tv\/az\/article\/abs-dan-azerbaycanin-lacinda-buraxilis-menteqesi-yaratmasina-reaksiya\/#primaryimage"},"thumbnailUrl":"https:\/\/www.meydan.tv\/wp-content\/uploads\/2023-04-23_13_38_36-transformed.jpeg","datePublished":"2023-04-24T10:52:26+00:00","dateModified":"2023-04-24T17:09:39+00:00","breadcrumb":{"@id":"https:\/\/www.meydan.tv\/az\/article\/abs-dan-azerbaycanin-lacinda-buraxilis-menteqesi-yaratmasina-reaksiya\/#breadcrumb"},"inLanguage":"az","potentialAction":[{"@type":"ReadAction","target":["https:\/\/www.meydan.tv\/az\/article\/abs-dan-azerbaycanin-lacinda-buraxilis-menteqesi-yaratmasina-reaksiya\/"]}]},{"@type":"ImageObject","inLanguage":"az","@id":"https:\/\/www.meydan.tv\/az\/article\/abs-dan-azerbaycanin-lacinda-buraxilis-menteqesi-yaratmasina-reaksiya\/#primaryimage","url":"https:\/\/www.meydan.tv\/wp-content\/uploads\/2023-04-23_13_38_36-transformed.jpeg","contentUrl":"https:\/\/www.meydan.tv\/wp-content\/uploads\/2023-04-23_13_38_36-transformed.jpeg","width":1280,"height":960,"caption":"La\u00e7\u0131n yolu. Foto: DSX"},{"@type":"BreadcrumbList","@id":"https:\/\/www.meydan.tv\/az\/article\/abs-dan-azerbaycanin-lacinda-buraxilis-menteqesi-yaratmasina-reaksiya\/#breadcrumb","itemListElement":[{"@type":"ListItem","position":1,"name":"Ana s\u0259hif\u0259","item":"https:\/\/www.meydan.tv\/az\/"},{"@type":"ListItem","position":2,"name":"Siyas\u0259t","item":"https:\/\/www.meydan.tv\/az\/section\/siyaset\/"},{"@type":"ListItem","position":3,"name":"AB\u015e-dan Az\u0259rbaycan\u0131n La\u00e7\u0131nda burax\u0131l\u0131\u015f m\u0259nt\u0259q\u0259si yaratmas\u0131na reaksiya (yenil\u0259nib)"}]},{"@type":"WebSite","@id":"https:\/\/www.meydan.tv\/az\/#website","url":"https:\/\/www.meydan.tv\/az\/","name":"MEYDAN.TV","description":"Meydan TV Az\u0259rbaycan\u0131n media m\u0259kan\u0131ndak\u0131 alternativ s\u0259sidir","publisher":{"@id":"https:\/\/www.meydan.tv\/az\/#organization"},"potentialAction":[{"@type":"SearchAction","target":{"@type":"EntryPoint","urlTemplate":"https:\/\/www.meydan.tv\/az\/?s={search_term_string}"},"query-input":{"@type":"PropertyValueSpecification","valueRequired":true,"valueName":"search_term_string"}}],"inLanguage":"az"},{"@type":"Organization","@id":"https:\/\/www.meydan.tv\/az\/#organization","name":"Meydan TV","url":"https:\/\/www.meydan.tv\/az\/","logo":{"@type":"ImageObject","inLanguage":"az","@id":"https:\/\/www.meydan.tv\/az\/#\/schema\/logo\/image\/","url":"https:\/\/www.meydan.tv\/wp-content\/uploads\/2021\/07\/meydan-logo.svg","contentUrl":"https:\/\/www.meydan.tv\/wp-content\/uploads\/2021\/07\/meydan-logo.svg","width":195,"height":46,"caption":"Meydan TV"},"image":{"@id":"https:\/\/www.meydan.tv\/az\/#\/schema\/logo\/image\/"}},{"@type":"Person","@id":"https:\/\/www.meydan.tv\/az\/#\/schema\/person\/9cdbecf90d17180ce1dfbd95b08dcf47","name":"elli","sameAs":["https:\/\/x.com\/elli"]}]}},"_links":{"self":[{"href":"https:\/\/www.meydan.tv\/az\/wp-json\/wp\/v2\/posts\/273552","targetHints":{"allow":["GET"]}}],"collection":[{"href":"https:\/\/www.meydan.tv\/az\/wp-json\/wp\/v2\/posts"}],"about":[{"href":"https:\/\/www.meydan.tv\/az\/wp-json\/wp\/v2\/types\/post"}],"author":[{"embeddable":true,"href":"https:\/\/www.meydan.tv\/az\/wp-json\/wp\/v2\/users\/8"}],"replies":[{"embeddable":true,"href":"https:\/\/www.meydan.tv\/az\/wp-json\/wp\/v2\/comments?post=273552"}],"version-history":[{"count":4,"href":"https:\/\/www.meydan.tv\/az\/wp-json\/wp\/v2\/posts\/273552\/revisions"}],"predecessor-version":[{"id":273578,"href":"https:\/\/www.meydan.tv\/az\/wp-json\/wp\/v2\/posts\/273552\/revisions\/273578"}],"wp:featuredmedia":[{"embeddable":true,"href":"https:\/\/www.meydan.tv\/az\/wp-json\/wp\/v2\/media\/273526"}],"wp:attachment":[{"href":"https:\/\/www.meydan.tv\/az\/wp-json\/wp\/v2\/media?parent=273552"}],"wp:term":[{"taxonomy":"category","embeddable":true,"href":"https:\/\/www.meydan.tv\/az\/wp-json\/wp\/v2\/categories?post=273552"},{"taxonomy":"post_tag","embeddable":true,"href":"https:\/\/www.meydan.tv\/az\/wp-json\/wp\/v2\/tags?post=273552"}],"curies":[{"name":"wp","href":"https:\/\/api.w.org\/{rel}","templated":true}]}}