{"id":273522,"date":"2023-04-23T14:39:26","date_gmt":"2023-04-23T10:39:26","guid":{"rendered":"https:\/\/www.meydan.tv\/?p=273522"},"modified":"2023-04-23T14:39:26","modified_gmt":"2023-04-23T10:39:26","slug":"lerikde-bir-ailenin-4-uzvunun-elektrik-cereyani-vurmasi-neticesinde-olduyu-bildirilir","status":"publish","type":"post","link":"https:\/\/www.meydan.tv\/az\/article\/lerikde-bir-ailenin-4-uzvunun-elektrik-cereyani-vurmasi-neticesinde-olduyu-bildirilir\/","title":{"rendered":"Lerikd\u0259 bir ail\u0259nin 4 \u00fczv\u00fcn\u00fcn elektrik c\u0259r\u0259yan\u0131 vurmas\u0131 n\u0259tic\u0259sind\u0259 \u00f6ld\u00fcy\u00fc bildirilir"},"content":{"rendered":"\n<p><\/p>\n\n\n\n<p><strong><em>Hadis\u0259 il\u0259 ba\u011fl\u0131 rayon prokurorlu\u011funda cinay\u0259t i\u015fi a\u00e7\u0131l\u0131b<\/em><\/strong><\/p>\n\n\n\n<p>Lerik rayonun Tik\u0259band k\u0259ndind\u0259 bir ail\u0259nin 4 \u00fczv\u00fcn\u00fcn elektrik c\u0259r\u0259yan\u0131 vurarmas\u0131 n\u0259tic\u0259sind\u0259 \u00f6ld\u00fcy\u00fc bildirilir.<\/p>\n\n\n\n<p>Bu bar\u0259d\u0259 m\u0259lumat\u0131 rayon prokurorlu\u011fu yay\u0131b.<\/p>\n\n\n\n<p>M\u0259lumata g\u00f6r\u0259, ilkin ara\u015fd\u0131rma zaman\u0131 eyni ail\u0259nin 4 \u00fczv\u00fcn\u00fcn elektrik c\u0259r\u0259yan\u0131 vurmas\u0131 n\u0259tic\u0259sind\u0259 \u00f6lm\u0259sin\u0259 \u0259sasl\u0131 \u015f\u00fcbh\u0259l\u0259r m\u00fc\u0259yy\u0259n edilib.<\/p>\n\n\n\n<p>Fakta g\u00f6r\u0259 Lerik Rayon Prokurorlu\u011funda Cinay\u0259t M\u0259c\u0259ll\u0259sinin 314.3-c\u00fc (iki v\u0259 daha \u00e7ox \u015f\u0259xsin \u00f6l\u00fcm\u00fcn\u0259 s\u0259b\u0259b olan s\u0259hl\u0259nkarl\u0131q) madd\u0259sil\u0259 cinay\u0259t i\u015fi ba\u015flan\u0131l\u0131b.<\/p>\n\n\n\n<p>Lerik Rayon \u0130cra Hakimiyy\u0259tininin \u015f\u00f6b\u0259 m\u00fcdiri Habil M\u0259likov m\u0259lumat\u0131 Meydan TV-y\u0259 t\u0259sdiql\u0259yib.<\/p>\n\n\n\n<p>Bildirilir ki, hadis\u0259 il\u0259 ba\u011fl\u0131 rayon prokurorlu\u011funda ibtidai istintaq apar\u0131l\u0131r.<\/p>\n","protected":false},"excerpt":{"rendered":"<p>Hadis\u0259 il\u0259 ba\u011fl\u0131 rayon prokurorlu\u011funda cinay\u0259t i\u015fi a\u00e7\u0131l\u0131b Lerik rayonun &#8230; <\/p>\n<p class=\"read-more-container\"><a title=\"Lerikd\u0259 bir ail\u0259nin 4 \u00fczv\u00fcn\u00fcn elektrik c\u0259r\u0259yan\u0131 vurmas\u0131 n\u0259tic\u0259sind\u0259 \u00f6ld\u00fcy\u00fc bildirilir\" class=\"read-more button\" href=\"https:\/\/www.meydan.tv\/az\/article\/lerikde-bir-ailenin-4-uzvunun-elektrik-cereyani-vurmasi-neticesinde-olduyu-bildirilir\/#more-273522\" aria-label=\"Read more about Lerikd\u0259 bir ail\u0259nin 4 \u00fczv\u00fcn\u00fcn elektrik c\u0259r\u0259yan\u0131 vurmas\u0131 n\u0259tic\u0259sind\u0259 \u00f6ld\u00fcy\u00fc bildirilir\">Davam\u0131<\/a><\/p>\n","protected":false},"author":8,"featured_media":273519,"comment_status":"closed","ping_status":"","sticky":false,"template":"","format":"standard","meta":{"_acf_changed":false,"_sitemap_exclude":false,"_sitemap_priority":"","_sitemap_frequency":"","footnotes":""},"categories":[60,79,56],"tags":[],"class_list":["post-273522","post","type-post","status-publish","format-standard","has-post-thumbnail","hentry","category-bolge","category-featured","category-xeberler","infinite-scroll-item","generate-columns","tablet-grid-50","mobile-grid-100","grid-parent","grid-33","no-featured-image-padding"],"acf":[],"yoast_head":"<!-- This site is optimized with the Yoast SEO plugin v27.5 - https:\/\/yoast.com\/product\/yoast-seo-wordpress\/ -->\n<title>Lerikd\u0259 bir ail\u0259nin 4 \u00fczv\u00fcn\u00fcn elektrik c\u0259r\u0259yan\u0131 vurmas\u0131 n\u0259tic\u0259sind\u0259 \u00f6ld\u00fcy\u00fc bildirilir - MEYDAN.TV<\/title>\n<meta name=\"robots\" content=\"index, follow, max-snippet:-1, max-image-preview:large, max-video-preview:-1\" \/>\n<link rel=\"canonical\" href=\"https:\/\/www.meydan.tv\/az\/article\/lerikde-bir-ailenin-4-uzvunun-elektrik-cereyani-vurmasi-neticesinde-olduyu-bildirilir\/\" \/>\n<meta property=\"og:locale\" content=\"az_AZ\" \/>\n<meta property=\"og:type\" content=\"article\" \/>\n<meta property=\"og:title\" content=\"Lerikd\u0259 bir ail\u0259nin 4 \u00fczv\u00fcn\u00fcn elektrik c\u0259r\u0259yan\u0131 vurmas\u0131 n\u0259tic\u0259sind\u0259 \u00f6ld\u00fcy\u00fc bildirilir - MEYDAN.TV\" \/>\n<meta property=\"og:description\" content=\"Hadis\u0259 il\u0259 ba\u011fl\u0131 rayon prokurorlu\u011funda cinay\u0259t i\u015fi a\u00e7\u0131l\u0131b Lerik rayonun ... Davam\u0131\" \/>\n<meta property=\"og:url\" content=\"https:\/\/www.meydan.tv\/az\/article\/lerikde-bir-ailenin-4-uzvunun-elektrik-cereyani-vurmasi-neticesinde-olduyu-bildirilir\/\" \/>\n<meta property=\"og:site_name\" content=\"MEYDAN.TV\" \/>\n<meta property=\"article:published_time\" content=\"2023-04-23T10:39:26+00:00\" \/>\n<meta name=\"author\" content=\"elli\" \/>\n<meta name=\"twitter:card\" content=\"summary_large_image\" \/>\n<meta name=\"twitter:creator\" content=\"@elli\" \/>\n<script type=\"application\/ld+json\" class=\"yoast-schema-graph\">{\"@context\":\"https:\\\/\\\/schema.org\",\"@graph\":[{\"@type\":\"Article\",\"@id\":\"https:\\\/\\\/www.meydan.tv\\\/az\\\/article\\\/lerikde-bir-ailenin-4-uzvunun-elektrik-cereyani-vurmasi-neticesinde-olduyu-bildirilir\\\/#article\",\"isPartOf\":{\"@id\":\"https:\\\/\\\/www.meydan.tv\\\/az\\\/article\\\/lerikde-bir-ailenin-4-uzvunun-elektrik-cereyani-vurmasi-neticesinde-olduyu-bildirilir\\\/\"},\"author\":{\"name\":\"elli\",\"@id\":\"https:\\\/\\\/www.meydan.tv\\\/az\\\/#\\\/schema\\\/person\\\/9cdbecf90d17180ce1dfbd95b08dcf47\"},\"headline\":\"Lerikd\u0259 bir ail\u0259nin 4 \u00fczv\u00fcn\u00fcn elektrik c\u0259r\u0259yan\u0131 vurmas\u0131 n\u0259tic\u0259sind\u0259 \u00f6ld\u00fcy\u00fc bildirilir\",\"datePublished\":\"2023-04-23T10:39:26+00:00\",\"mainEntityOfPage\":{\"@id\":\"https:\\\/\\\/www.meydan.tv\\\/az\\\/article\\\/lerikde-bir-ailenin-4-uzvunun-elektrik-cereyani-vurmasi-neticesinde-olduyu-bildirilir\\\/\"},\"wordCount\":170,\"publisher\":{\"@id\":\"https:\\\/\\\/www.meydan.tv\\\/az\\\/#organization\"},\"image\":{\"@id\":\"https:\\\/\\\/www.meydan.tv\\\/az\\\/article\\\/lerikde-bir-ailenin-4-uzvunun-elektrik-cereyani-vurmasi-neticesinde-olduyu-bildirilir\\\/#primaryimage\"},\"thumbnailUrl\":\"https:\\\/\\\/www.meydan.tv\\\/wp-content\\\/uploads\\\/shutterstock_2027793308.jpg\",\"articleSection\":[\"B\u00f6lg\u0259\",\"T\u00f6vsiy\u0259\",\"X\u0259b\u0259rl\u0259r\"],\"inLanguage\":\"az\"},{\"@type\":\"WebPage\",\"@id\":\"https:\\\/\\\/www.meydan.tv\\\/az\\\/article\\\/lerikde-bir-ailenin-4-uzvunun-elektrik-cereyani-vurmasi-neticesinde-olduyu-bildirilir\\\/\",\"url\":\"https:\\\/\\\/www.meydan.tv\\\/az\\\/article\\\/lerikde-bir-ailenin-4-uzvunun-elektrik-cereyani-vurmasi-neticesinde-olduyu-bildirilir\\\/\",\"name\":\"Lerikd\u0259 bir ail\u0259nin 4 \u00fczv\u00fcn\u00fcn elektrik c\u0259r\u0259yan\u0131 vurmas\u0131 n\u0259tic\u0259sind\u0259 \u00f6ld\u00fcy\u00fc bildirilir - MEYDAN.TV\",\"isPartOf\":{\"@id\":\"https:\\\/\\\/www.meydan.tv\\\/az\\\/#website\"},\"primaryImageOfPage\":{\"@id\":\"https:\\\/\\\/www.meydan.tv\\\/az\\\/article\\\/lerikde-bir-ailenin-4-uzvunun-elektrik-cereyani-vurmasi-neticesinde-olduyu-bildirilir\\\/#primaryimage\"},\"image\":{\"@id\":\"https:\\\/\\\/www.meydan.tv\\\/az\\\/article\\\/lerikde-bir-ailenin-4-uzvunun-elektrik-cereyani-vurmasi-neticesinde-olduyu-bildirilir\\\/#primaryimage\"},\"thumbnailUrl\":\"https:\\\/\\\/www.meydan.tv\\\/wp-content\\\/uploads\\\/shutterstock_2027793308.jpg\",\"datePublished\":\"2023-04-23T10:39:26+00:00\",\"breadcrumb\":{\"@id\":\"https:\\\/\\\/www.meydan.tv\\\/az\\\/article\\\/lerikde-bir-ailenin-4-uzvunun-elektrik-cereyani-vurmasi-neticesinde-olduyu-bildirilir\\\/#breadcrumb\"},\"inLanguage\":\"az\",\"potentialAction\":[{\"@type\":\"ReadAction\",\"target\":[\"https:\\\/\\\/www.meydan.tv\\\/az\\\/article\\\/lerikde-bir-ailenin-4-uzvunun-elektrik-cereyani-vurmasi-neticesinde-olduyu-bildirilir\\\/\"]}]},{\"@type\":\"ImageObject\",\"inLanguage\":\"az\",\"@id\":\"https:\\\/\\\/www.meydan.tv\\\/az\\\/article\\\/lerikde-bir-ailenin-4-uzvunun-elektrik-cereyani-vurmasi-neticesinde-olduyu-bildirilir\\\/#primaryimage\",\"url\":\"https:\\\/\\\/www.meydan.tv\\\/wp-content\\\/uploads\\\/shutterstock_2027793308.jpg\",\"contentUrl\":\"https:\\\/\\\/www.meydan.tv\\\/wp-content\\\/uploads\\\/shutterstock_2027793308.jpg\",\"width\":1200,\"height\":900,\"caption\":\"Elektrik c\u0259r\u0259yan\u0131. Foto: Chaiyawat Sri-Napom\\\/shutterstock\"},{\"@type\":\"BreadcrumbList\",\"@id\":\"https:\\\/\\\/www.meydan.tv\\\/az\\\/article\\\/lerikde-bir-ailenin-4-uzvunun-elektrik-cereyani-vurmasi-neticesinde-olduyu-bildirilir\\\/#breadcrumb\",\"itemListElement\":[{\"@type\":\"ListItem\",\"position\":1,\"name\":\"Ana s\u0259hif\u0259\",\"item\":\"https:\\\/\\\/www.meydan.tv\\\/az\\\/\"},{\"@type\":\"ListItem\",\"position\":2,\"name\":\"Uncategorized @az\",\"item\":\"https:\\\/\\\/www.meydan.tv\\\/az\\\/section\\\/uncategorized-az\\\/\"},{\"@type\":\"ListItem\",\"position\":3,\"name\":\"Lerikd\u0259 bir ail\u0259nin 4 \u00fczv\u00fcn\u00fcn elektrik c\u0259r\u0259yan\u0131 vurmas\u0131 n\u0259tic\u0259sind\u0259 \u00f6ld\u00fcy\u00fc bildirilir\"}]},{\"@type\":\"WebSite\",\"@id\":\"https:\\\/\\\/www.meydan.tv\\\/az\\\/#website\",\"url\":\"https:\\\/\\\/www.meydan.tv\\\/az\\\/\",\"name\":\"MEYDAN.TV\",\"description\":\"Meydan TV Az\u0259rbaycan\u0131n media m\u0259kan\u0131ndak\u0131 alternativ s\u0259sidir\",\"publisher\":{\"@id\":\"https:\\\/\\\/www.meydan.tv\\\/az\\\/#organization\"},\"potentialAction\":[{\"@type\":\"SearchAction\",\"target\":{\"@type\":\"EntryPoint\",\"urlTemplate\":\"https:\\\/\\\/www.meydan.tv\\\/az\\\/?s={search_term_string}\"},\"query-input\":{\"@type\":\"PropertyValueSpecification\",\"valueRequired\":true,\"valueName\":\"search_term_string\"}}],\"inLanguage\":\"az\"},{\"@type\":\"Organization\",\"@id\":\"https:\\\/\\\/www.meydan.tv\\\/az\\\/#organization\",\"name\":\"Meydan TV\",\"url\":\"https:\\\/\\\/www.meydan.tv\\\/az\\\/\",\"logo\":{\"@type\":\"ImageObject\",\"inLanguage\":\"az\",\"@id\":\"https:\\\/\\\/www.meydan.tv\\\/az\\\/#\\\/schema\\\/logo\\\/image\\\/\",\"url\":\"https:\\\/\\\/www.meydan.tv\\\/wp-content\\\/uploads\\\/2021\\\/07\\\/meydan-logo.svg\",\"contentUrl\":\"https:\\\/\\\/www.meydan.tv\\\/wp-content\\\/uploads\\\/2021\\\/07\\\/meydan-logo.svg\",\"width\":195,\"height\":46,\"caption\":\"Meydan TV\"},\"image\":{\"@id\":\"https:\\\/\\\/www.meydan.tv\\\/az\\\/#\\\/schema\\\/logo\\\/image\\\/\"}},{\"@type\":\"Person\",\"@id\":\"https:\\\/\\\/www.meydan.tv\\\/az\\\/#\\\/schema\\\/person\\\/9cdbecf90d17180ce1dfbd95b08dcf47\",\"name\":\"elli\",\"sameAs\":[\"https:\\\/\\\/x.com\\\/elli\"]}]}<\/script>\n<!-- \/ Yoast SEO plugin. -->","yoast_head_json":{"title":"Lerikd\u0259 bir ail\u0259nin 4 \u00fczv\u00fcn\u00fcn elektrik c\u0259r\u0259yan\u0131 vurmas\u0131 n\u0259tic\u0259sind\u0259 \u00f6ld\u00fcy\u00fc bildirilir - MEYDAN.TV","robots":{"index":"index","follow":"follow","max-snippet":"max-snippet:-1","max-image-preview":"max-image-preview:large","max-video-preview":"max-video-preview:-1"},"canonical":"https:\/\/www.meydan.tv\/az\/article\/lerikde-bir-ailenin-4-uzvunun-elektrik-cereyani-vurmasi-neticesinde-olduyu-bildirilir\/","og_locale":"az_AZ","og_type":"article","og_title":"Lerikd\u0259 bir ail\u0259nin 4 \u00fczv\u00fcn\u00fcn elektrik c\u0259r\u0259yan\u0131 vurmas\u0131 n\u0259tic\u0259sind\u0259 \u00f6ld\u00fcy\u00fc bildirilir - MEYDAN.TV","og_description":"Hadis\u0259 il\u0259 ba\u011fl\u0131 rayon prokurorlu\u011funda cinay\u0259t i\u015fi a\u00e7\u0131l\u0131b Lerik rayonun ... Davam\u0131","og_url":"https:\/\/www.meydan.tv\/az\/article\/lerikde-bir-ailenin-4-uzvunun-elektrik-cereyani-vurmasi-neticesinde-olduyu-bildirilir\/","og_site_name":"MEYDAN.TV","article_published_time":"2023-04-23T10:39:26+00:00","author":"elli","twitter_card":"summary_large_image","twitter_creator":"@elli","schema":{"@context":"https:\/\/schema.org","@graph":[{"@type":"Article","@id":"https:\/\/www.meydan.tv\/az\/article\/lerikde-bir-ailenin-4-uzvunun-elektrik-cereyani-vurmasi-neticesinde-olduyu-bildirilir\/#article","isPartOf":{"@id":"https:\/\/www.meydan.tv\/az\/article\/lerikde-bir-ailenin-4-uzvunun-elektrik-cereyani-vurmasi-neticesinde-olduyu-bildirilir\/"},"author":{"name":"elli","@id":"https:\/\/www.meydan.tv\/az\/#\/schema\/person\/9cdbecf90d17180ce1dfbd95b08dcf47"},"headline":"Lerikd\u0259 bir ail\u0259nin 4 \u00fczv\u00fcn\u00fcn elektrik c\u0259r\u0259yan\u0131 vurmas\u0131 n\u0259tic\u0259sind\u0259 \u00f6ld\u00fcy\u00fc bildirilir","datePublished":"2023-04-23T10:39:26+00:00","mainEntityOfPage":{"@id":"https:\/\/www.meydan.tv\/az\/article\/lerikde-bir-ailenin-4-uzvunun-elektrik-cereyani-vurmasi-neticesinde-olduyu-bildirilir\/"},"wordCount":170,"publisher":{"@id":"https:\/\/www.meydan.tv\/az\/#organization"},"image":{"@id":"https:\/\/www.meydan.tv\/az\/article\/lerikde-bir-ailenin-4-uzvunun-elektrik-cereyani-vurmasi-neticesinde-olduyu-bildirilir\/#primaryimage"},"thumbnailUrl":"https:\/\/www.meydan.tv\/wp-content\/uploads\/shutterstock_2027793308.jpg","articleSection":["B\u00f6lg\u0259","T\u00f6vsiy\u0259","X\u0259b\u0259rl\u0259r"],"inLanguage":"az"},{"@type":"WebPage","@id":"https:\/\/www.meydan.tv\/az\/article\/lerikde-bir-ailenin-4-uzvunun-elektrik-cereyani-vurmasi-neticesinde-olduyu-bildirilir\/","url":"https:\/\/www.meydan.tv\/az\/article\/lerikde-bir-ailenin-4-uzvunun-elektrik-cereyani-vurmasi-neticesinde-olduyu-bildirilir\/","name":"Lerikd\u0259 bir ail\u0259nin 4 \u00fczv\u00fcn\u00fcn elektrik c\u0259r\u0259yan\u0131 vurmas\u0131 n\u0259tic\u0259sind\u0259 \u00f6ld\u00fcy\u00fc bildirilir - MEYDAN.TV","isPartOf":{"@id":"https:\/\/www.meydan.tv\/az\/#website"},"primaryImageOfPage":{"@id":"https:\/\/www.meydan.tv\/az\/article\/lerikde-bir-ailenin-4-uzvunun-elektrik-cereyani-vurmasi-neticesinde-olduyu-bildirilir\/#primaryimage"},"image":{"@id":"https:\/\/www.meydan.tv\/az\/article\/lerikde-bir-ailenin-4-uzvunun-elektrik-cereyani-vurmasi-neticesinde-olduyu-bildirilir\/#primaryimage"},"thumbnailUrl":"https:\/\/www.meydan.tv\/wp-content\/uploads\/shutterstock_2027793308.jpg","datePublished":"2023-04-23T10:39:26+00:00","breadcrumb":{"@id":"https:\/\/www.meydan.tv\/az\/article\/lerikde-bir-ailenin-4-uzvunun-elektrik-cereyani-vurmasi-neticesinde-olduyu-bildirilir\/#breadcrumb"},"inLanguage":"az","potentialAction":[{"@type":"ReadAction","target":["https:\/\/www.meydan.tv\/az\/article\/lerikde-bir-ailenin-4-uzvunun-elektrik-cereyani-vurmasi-neticesinde-olduyu-bildirilir\/"]}]},{"@type":"ImageObject","inLanguage":"az","@id":"https:\/\/www.meydan.tv\/az\/article\/lerikde-bir-ailenin-4-uzvunun-elektrik-cereyani-vurmasi-neticesinde-olduyu-bildirilir\/#primaryimage","url":"https:\/\/www.meydan.tv\/wp-content\/uploads\/shutterstock_2027793308.jpg","contentUrl":"https:\/\/www.meydan.tv\/wp-content\/uploads\/shutterstock_2027793308.jpg","width":1200,"height":900,"caption":"Elektrik c\u0259r\u0259yan\u0131. Foto: Chaiyawat Sri-Napom\/shutterstock"},{"@type":"BreadcrumbList","@id":"https:\/\/www.meydan.tv\/az\/article\/lerikde-bir-ailenin-4-uzvunun-elektrik-cereyani-vurmasi-neticesinde-olduyu-bildirilir\/#breadcrumb","itemListElement":[{"@type":"ListItem","position":1,"name":"Ana s\u0259hif\u0259","item":"https:\/\/www.meydan.tv\/az\/"},{"@type":"ListItem","position":2,"name":"Uncategorized @az","item":"https:\/\/www.meydan.tv\/az\/section\/uncategorized-az\/"},{"@type":"ListItem","position":3,"name":"Lerikd\u0259 bir ail\u0259nin 4 \u00fczv\u00fcn\u00fcn elektrik c\u0259r\u0259yan\u0131 vurmas\u0131 n\u0259tic\u0259sind\u0259 \u00f6ld\u00fcy\u00fc bildirilir"}]},{"@type":"WebSite","@id":"https:\/\/www.meydan.tv\/az\/#website","url":"https:\/\/www.meydan.tv\/az\/","name":"MEYDAN.TV","description":"Meydan TV Az\u0259rbaycan\u0131n media m\u0259kan\u0131ndak\u0131 alternativ s\u0259sidir","publisher":{"@id":"https:\/\/www.meydan.tv\/az\/#organization"},"potentialAction":[{"@type":"SearchAction","target":{"@type":"EntryPoint","urlTemplate":"https:\/\/www.meydan.tv\/az\/?s={search_term_string}"},"query-input":{"@type":"PropertyValueSpecification","valueRequired":true,"valueName":"search_term_string"}}],"inLanguage":"az"},{"@type":"Organization","@id":"https:\/\/www.meydan.tv\/az\/#organization","name":"Meydan TV","url":"https:\/\/www.meydan.tv\/az\/","logo":{"@type":"ImageObject","inLanguage":"az","@id":"https:\/\/www.meydan.tv\/az\/#\/schema\/logo\/image\/","url":"https:\/\/www.meydan.tv\/wp-content\/uploads\/2021\/07\/meydan-logo.svg","contentUrl":"https:\/\/www.meydan.tv\/wp-content\/uploads\/2021\/07\/meydan-logo.svg","width":195,"height":46,"caption":"Meydan TV"},"image":{"@id":"https:\/\/www.meydan.tv\/az\/#\/schema\/logo\/image\/"}},{"@type":"Person","@id":"https:\/\/www.meydan.tv\/az\/#\/schema\/person\/9cdbecf90d17180ce1dfbd95b08dcf47","name":"elli","sameAs":["https:\/\/x.com\/elli"]}]}},"_links":{"self":[{"href":"https:\/\/www.meydan.tv\/az\/wp-json\/wp\/v2\/posts\/273522","targetHints":{"allow":["GET"]}}],"collection":[{"href":"https:\/\/www.meydan.tv\/az\/wp-json\/wp\/v2\/posts"}],"about":[{"href":"https:\/\/www.meydan.tv\/az\/wp-json\/wp\/v2\/types\/post"}],"author":[{"embeddable":true,"href":"https:\/\/www.meydan.tv\/az\/wp-json\/wp\/v2\/users\/8"}],"replies":[{"embeddable":true,"href":"https:\/\/www.meydan.tv\/az\/wp-json\/wp\/v2\/comments?post=273522"}],"version-history":[{"count":1,"href":"https:\/\/www.meydan.tv\/az\/wp-json\/wp\/v2\/posts\/273522\/revisions"}],"predecessor-version":[{"id":273523,"href":"https:\/\/www.meydan.tv\/az\/wp-json\/wp\/v2\/posts\/273522\/revisions\/273523"}],"wp:featuredmedia":[{"embeddable":true,"href":"https:\/\/www.meydan.tv\/az\/wp-json\/wp\/v2\/media\/273519"}],"wp:attachment":[{"href":"https:\/\/www.meydan.tv\/az\/wp-json\/wp\/v2\/media?parent=273522"}],"wp:term":[{"taxonomy":"category","embeddable":true,"href":"https:\/\/www.meydan.tv\/az\/wp-json\/wp\/v2\/categories?post=273522"},{"taxonomy":"post_tag","embeddable":true,"href":"https:\/\/www.meydan.tv\/az\/wp-json\/wp\/v2\/tags?post=273522"}],"curies":[{"name":"wp","href":"https:\/\/api.w.org\/{rel}","templated":true}]}}