{"id":273501,"date":"2023-04-21T21:58:35","date_gmt":"2023-04-21T17:58:35","guid":{"rendered":"https:\/\/www.meydan.tv\/?p=273501"},"modified":"2023-04-21T21:58:37","modified_gmt":"2023-04-21T17:58:37","slug":"nermin-isi-ile-bagli-qalmaqal-hakim-vezifeli-sexsleri-mehkemeye-cagirmaqdan-imtina-etdi","status":"publish","type":"post","link":"https:\/\/www.meydan.tv\/az\/article\/nermin-isi-ile-bagli-qalmaqal-hakim-vezifeli-sexsleri-mehkemeye-cagirmaqdan-imtina-etdi\/","title":{"rendered":"\u201cN\u0259rmin i\u015fi\u201d il\u0259 ba\u011fl\u0131 qalmaqal: hakim v\u0259zif\u0259li \u015f\u0259xsl\u0259ri m\u0259hk\u0259m\u0259y\u0259 \u00e7a\u011f\u0131rmaqdan imtina etdi"},"content":{"rendered":"\n<p><\/p>\n\n\n\n<p><strong><em>\u00a0Hakim t\u0259min etdiyi v\u0259sat\u0259tin icra olunmas\u0131n\u0131 laz\u0131m bilmir<\/em><\/strong><\/p>\n\n\n\n<p>Tovuz rayonunun Dondar Qu\u015f\u00e7u k\u0259ndind\u0259 azya\u015fl\u0131 N\u0259rmin Quliyevan\u0131n o\u011furlanmas\u0131, 47 g\u00fcn sonra k\u0259ndd\u0259 yand\u0131r\u0131lm\u0131\u015f meyitin tap\u0131lmas\u0131yla ba\u011fl\u0131 m\u0259hk\u0259m\u0259 ara\u015fd\u0131rmalar\u0131 davam edir. Bu cinay\u0259t i\u015fin\u0259 iki il\u0259 yax\u0131nd\u0131r ki, G\u0259nc\u0259 A\u011f\u0131r Cinay\u0259tl\u0259r M\u0259hk\u0259m\u0259sind\u0259 bax\u0131l\u0131r. Azya\u015fl\u0131n\u0131 o\u011furlay\u0131b \u00f6ld\u00fcrm\u0259kd\u0259 ittiham olunan \u0130lkin S\u00fcleymanovun v\u0259kill\u0259ri m\u0259hk\u0259m\u0259 prosesin\u0259 s\u0259drlik ed\u0259n hakim Dada\u015f \u0130manovun h\u0259r\u0259k\u0259tl\u0259rind\u0259n naraz\u0131 qal\u0131b. Son m\u0259hk\u0259m\u0259 iclas\u0131nda da bildiribl\u0259r ki, onun bu i\u015f \u00fczr\u0259 obyektiv v\u0259 \u0259dal\u0259tli h\u00f6km \u00e7\u0131xaraca\u011f\u0131na \u015f\u00fcbh\u0259 il\u0259 yana\u015f\u0131rlar. Bu s\u0259b\u0259bd\u0259n ona yaz\u0131l\u0131 \u015f\u0259kild\u0259 etiraz verm\u0259k niyy\u0259tind\u0259dirl\u0259r. Hakimd\u0259n d\u0259 etirazlar\u0131n\u0131 haz\u0131rlamaq \u00fc\u00e7\u00fcn vaxt ist\u0259yibl\u0259r. Buna s\u0259b\u0259b is\u0259 m\u0259hk\u0259m\u0259d\u0259 qald\u0131rd\u0131qlar\u0131 20-y\u0259 yax\u0131n v\u0259sat\u0259tin \u0259ks\u0259riyy\u0259tinin t\u0259min edilm\u0259m\u0259si olub.<\/p>\n\n\n\n<p><strong>M\u0259hk\u0259m\u0259d\u0259 dindirilm\u0259si t\u0259l\u0259b olunan generallar<\/strong><\/p>\n\n\n\n<p>Qald\u0131r\u0131lan v\u0259sat\u0259tl\u0259r \u0259sas\u0259n m\u00fcxt\u0259lif \u015f\u0259xsl\u0259rin dindirilm\u0259si haqda idi. Onlar\u0131n aras\u0131nda bir s\u0131ra y\u00fcks\u0259k v\u0259zif\u0259li \u015f\u0259xsl\u0259r d\u0259 var. \u0130lkin S\u00fcleymanovun v\u0259kill\u0259ri hesab edir ki, h\u0259min \u015f\u0259xsl\u0259rin m\u0259hk\u0259m\u0259d\u0259 dindirilm\u0259si \u00e7ox vacibdir. \u00c7\u00fcnki bu cinay\u0259t i\u015finin istintaq\u0131nda onlar\u0131n m\u00fcxt\u0259lif formada i\u015ftirak\u0131 olub.<\/p>\n\n\n\n<p>V\u0259kill\u0259r Ba\u015f Prokurorlu\u011fun Xidm\u0259ti Ara\u015fd\u0131rmalar \u0130dar\u0259sinin r\u0259isi Kamal Q\u0131l\u0131covun, Daxili \u0130\u015fl\u0259r Nazirliyinin Ba\u015f Cinay\u0259t-Axtar\u0131\u015f \u0130dar\u0259sinin r\u0259isi Arzu Da\u015fd\u0259mirovun, Ba\u015f Prokurorlu\u011fun \u0130stintaq \u0130dar\u0259sind\u0259 \u0130lkin S\u00fcleymanovun i\u015fi \u00fczr\u0259 istintaq\u0131 aparm\u0131\u015f m\u00fcst\u0259ntiq Nadir Mirz\u0259yevin, Tovuz rayon Polis \u0130dar\u0259sinin o d\u00f6vrd\u0259 r\u0259isi olmu\u015f \u015eirzad \u018fsg\u0259rovun m\u0259hk\u0259m\u0259d\u0259 dindirilm\u0259si bar\u0259d\u0259 v\u0259sat\u0259t qald\u0131r\u0131blar.<\/p>\n\n\n\n<p><em>\u201cCinay\u0259t i\u015finin materiallar\u0131nda m\u00fcst\u0259ntiqin m\u0259ktubu var ki, telefon t\u0259dqiq olunmas\u0131 \u00fc\u00e7\u00fcn Daxili \u0130\u015fl\u0259r Nazirliyinin Ba\u015f Cinay\u0259t Axtar\u0131\u015f \u0130dar\u0259sinin r\u0259isi Arzu Da\u015fd\u0259mirova t\u0259qdim olunur. Hans\u0131 h\u00fcquqi \u0259sasla? O, hans\u0131 t\u0259dqiqat\u0131 apar\u0131b v\u0259 n\u0259tic\u0259si n\u0259 olub? Arzu Da\u015fd\u0259mirov bu sah\u0259 \u00fczr\u0259 m\u00fct\u0259x\u0259ssisdirmi? O telefon ona niy\u0259 verilm\u0259liydi?<\/em><\/p>\n\n\n\n<p><em>M\u0259hk\u0259m\u0259d\u0259 ekspert dindirildi, m\u0259lum oldu ki, \u0130lkin S\u00fcleymanovun telefonuna m\u00fcdaxil\u0259 olunub. H\u0259r\u00e7\u0259nd, ondan \u0259vv\u0259l d\u0259 m\u0259lum idi. \u00c7\u00fcnki yanvar\u0131n 8-d\u0259 \u0130lkin S\u00fcleymanov m\u00fcst\u0259ntiqin yan\u0131nda \u015fahid qismind\u0259 dindirildiyi d\u0259qiq\u0259l\u0259rd\u0259 onun telefonundan hans\u0131sa g\u00f6r\u00fcnt\u00fcl\u0259r\u0259 bax\u0131lmas\u0131na dair r\u0259y var. Kim bax\u0131b o g\u00f6r\u00fcnt\u00fcl\u0259r\u0259? Dem\u0259li, telefona kiml\u0259r m\u00fcdaxil\u0259 edibs\u0259, o adamlar<\/em>.<\/p>\n\n\n\n<p><em>Kamal Q\u0131l\u0131cova g\u0259linc\u0259, N\u0259rmin Quliyevan\u0131n valideynl\u0259rind\u0259n tutmu\u015f, k\u0259nd sakinl\u0259rin\u0259 q\u0259d\u0259r bir \u00e7oxunun ifad\u0259l\u0259rind\u0259 onun ad\u0131 \u00e7\u0259kildi. M\u0259lum oldu ki, \u0130lkin S\u00fcleymanovun \u0259leyhin\u0259 insanlar\u0131 y\u00f6nl\u0259ndirirmi\u015f v\u0259 s. Bundan ba\u015fqa, m\u0259hk\u0259m\u0259d\u0259 \u0130lkin S\u00fcleymanovun hadis\u0259 yerin\u0259 g\u0259tirilib, ifad\u0259 al\u0131nark\u0259n \u00e7\u0259kil\u0259n g\u00f6r\u00fcnt\u00fcl\u0259rind\u0259 d\u0259 Kamal Q\u0131l\u0131cov g\u00f6r\u00fcn\u00fcr. Orada yax\u0131nla\u015f\u0131b m\u00fcst\u0259ntiq\u0259 n\u0259s\u0259 deyir, sonra m\u00fcst\u0259ntiq hans\u0131sa add\u0131m at\u0131r. Kamal Q\u0131l\u0131cov istintaq qrupunun \u00fczv\u00fc deyil, hans\u0131 statusla bunu el\u0259yir, t\u0259zyiq g\u00f6st\u0259rir?\u201d,<\/em> &#8211; v\u0259kill\u0259r adlar\u0131 \u00e7\u0259kil\u0259n \u015f\u0259xsl\u0259rin \u00e7a\u011f\u0131r\u0131lmas\u0131yla ba\u011fl\u0131 t\u0259l\u0259bl\u0259rini bel\u0259 \u0259sasland\u0131r\u0131rlar.<\/p>\n\n\n\n<p>M\u00fcst\u0259ntiq Nadir Mirz\u0259yev\u0259 g\u0259linc\u0259, v\u0259kill\u0259r deyir ki, istintaq cinay\u0259t i\u015finin materiallar\u0131nda \u00e7oxsayl\u0131 ziddiyy\u0259tl\u0259r var. M\u00fcdafi\u0259 t\u0259r\u0259fi hadis\u0259 yerind\u0259n tap\u0131lmayan paltarlar\u0131n ekspertin \u0259lin\u0259 nec\u0259 gedib \u00e7\u0131xmas\u0131yla ba\u011fl\u0131 suallar\u0131n a\u00e7\u0131q qald\u0131\u011f\u0131n\u0131 deyir. Onlar bildirir ki, meyitin \u00fcst\u00fcnd\u0259 olmayan, hadis\u0259 yerinin m\u00fcayin\u0259 protokolunda \u0259ksini tapmayan cins \u015falvarla ba\u011fl\u0131 ekspert r\u0259y verib. H\u0259min ekspert g\u0259lib m\u0259hk\u0259m\u0259d\u0259 d\u0259 deyib ki, m\u00fcst\u0259ntiqin ona t\u0259qdim etdiyi torbadan o \u015falvar par\u00e7as\u0131 \u00e7\u0131x\u0131b:<\/p>\n\n\n\n<p><em>\u201cO kis\u0259nin fotosu i\u015f materiallar\u0131nda var, i\u00e7ind\u0259 he\u00e7 n\u0259 yoxdur. Hadis\u0259 yerinin protokolunda da o \u015falvar haqda he\u00e7 n\u0259 yaz\u0131lmay\u0131b. M\u00fcst\u0259ntiq g\u0259lm\u0259lidir, g\u00f6r\u0259k ki, par\u00e7an\u0131 ekspert\u0259 h\u0259qiq\u0259t\u0259nmi o verib? Yaxud da cavab versin g\u00f6r\u0259k ki, telefonu Da\u015fd\u0259mirova niy\u0259 g\u00f6nd\u0259rib?\u201d<\/em><\/p>\n\n\n\n<p>N\u0259rmin Quliyevan\u0131n anas\u0131 Aynur\u0259 \u0130smay\u0131lova m\u0259hk\u0259m\u0259d\u0259 dindiril\u0259nd\u0259 bildirmi\u015fdi ki, yanm\u0131\u015f meyit tap\u0131lmam\u0131\u015fdan bir g\u00fcn \u0259vv\u0259l \u015eirzad \u018fsg\u0259rov onlara g\u0259lib. Onun s\u00f6zl\u0259rin\u0259 g\u00f6r\u0259, soru\u015fub ki, \u0259g\u0259r \u00f6vladlar\u0131 tan\u0131nmaz halda tap\u0131larsa, hans\u0131 \u0259lam\u0259tl\u0259rind\u0259n tan\u0131ya bil\u0259rl\u0259r?<\/p>\n\n\n\n<p>V\u0259kill\u0259r \u015eirzad \u018fsg\u0259rovun dindirilm\u0259sini h\u0259m d\u0259 ona g\u00f6r\u0259 ist\u0259yir ki, yand\u0131r\u0131lm\u0131\u015f meyit haqda \u0130lkin S\u00fcleymanovun \u0259misi o\u011flu polis\u0259 m\u0259lumat ver\u0259n kimi hadis\u0259 yerin\u0259 q\u0131sa m\u00fcdd\u0259t sonra o g\u0259lib. K\u0259nd sakinl\u0259rinin, h\u0259tta N\u0259rmin Quliyevan\u0131n valideynl\u0259rinin d\u0259 dediyin\u0259 g\u00f6r\u0259 d\u0259rhal da oradan \u0130lkin S\u00fcleymanovu g\u00f6t\u00fcr\u00fcb apar\u0131blar v\u0259 bir daha buraxmay\u0131blar. Lakin cinay\u0259t i\u015finin materiallar\u0131nda yaz\u0131l\u0131b ki, \u0130lkin S\u00fcleymanov 4 g\u00fcn sonra \u2013 yanvar\u0131n 10-da tutulub. \u0130lkin S\u00fcleymanov ifad\u0259sind\u0259 h\u0259m\u00e7inin polis r\u0259isi t\u0259r\u0259find\u0259n t\u0259zyiq v\u0259 t\u0259hqirl\u0259r\u0259 m\u0259ruz qald\u0131\u011f\u0131n\u0131 bildirib. Bundan ba\u015fqa, yanvar\u0131n 8-d\u0259n 9-na ke\u00e7\u0259n gec\u0259 saat 5 rad\u0259l\u0259rind\u0259 polis r\u0259isi v\u0259 bir ne\u00e7\u0259 ba\u015fqa polisin gizli \u015f\u0259kild\u0259 S\u00fcleymanovlar\u0131n h\u0259y\u0259tin\u0259 girdiyi, ert\u0259si g\u00fcn h\u0259y\u0259td\u0259n qan l\u0259k\u0259si tap\u0131ld\u0131\u011f\u0131 iddia olunur. B\u00fct\u00fcn bu hallarla \u0259laq\u0259dar sabiq polis r\u0259isinin dindirilm\u0259si haqda v\u0259sat\u0259t qald\u0131r\u0131l\u0131b.<\/p>\n\n\n\n<p>Lakin Dada\u015f \u0130manovun s\u0259drlik etdiyi, Nural \u018fliyev v\u0259 Faiq Mahmudovdan ibar\u0259t hakiml\u0259r kollegiyas\u0131 bu v\u0259sat\u0259tl\u0259rin he\u00e7 birini t\u0259min etm\u0259yib.<\/p>\n\n\n\n<p><strong>\u201cM\u0259hk\u0259m\u0259 \u00f6z q\u0259rar\u0131na h\u00f6rm\u0259t etm\u0259lidir\u201d<\/strong><\/p>\n\n\n\n<p>M\u0259hk\u0259m\u0259d\u0259 v\u0259kill\u0259rl\u0259 hakim Dada\u015f \u0130manov aras\u0131nda telefon anten m\u0259lumatlar\u0131n\u0131n mobil operatorlardan al\u0131nmas\u0131 m\u0259s\u0259l\u0259sil\u0259 \u0259laq\u0259dar m\u00fcbahis\u0259 yaran\u0131b. V\u0259kill\u0259r bildirib ki, bu m\u0259lumatlar\u0131n al\u0131nmas\u0131 haqda v\u0259sat\u0259t qald\u0131r\u0131blar, hakim d\u0259 onu t\u0259min edib. Lakin indi m\u0259hk\u0259m\u0259 \u00f6z\u00fc \u00f6z q\u0259rar\u0131na h\u00f6rm\u0259t edib, onu icra etm\u0259k ist\u0259mir.<\/p>\n\n\n\n<p>Hakim is\u0259 v\u0259kill\u0259r\u0259 bel\u0259 cavab verib:<\/p>\n\n\n\n<p><em>\u201cSiz h\u0259min m\u0259lumatlar\u0131 almaqla n\u0259yi s\u00fcbut el\u0259m\u0259k ist\u0259yirsiz? \u0130lkin S\u00fcleymanovun yanvar\u0131n 10-da yox, 6-da saxlanmas\u0131n\u0131? Onu t\u0259kzib el\u0259y\u0259n n\u0259 var?\u201d<\/em><\/p>\n\n\n\n<p>V\u0259kill\u0259r bildirib ki, \u0259g\u0259r m\u0259hk\u0259m\u0259 d\u0259 \u0130lkin S\u00fcleymanovun yanvar\u0131n 10-da yox, 6-da tutuldu\u011funu, faktiki 4 g\u00fcn qanunsuz \u015f\u0259kild\u0259 saxland\u0131\u011f\u0131n\u0131 q\u0259bul edirs\u0259, o halda, h\u0259min g\u00fcnl\u0259rd\u0259 onun mobil telefonuyla ba\u011fl\u0131 ara\u015fd\u0131rmaya ehtiyac qalmaz.<\/p>\n\n\n<div class=\"wp-block-image\">\n<figure class=\"aligncenter size-large\"><img decoding=\"async\" width=\"1093\" height=\"821\" data-src=\"https:\/\/www.meydan.tv\/wp-content\/uploads\/278248893_729482484890211_8506415010268804436_n_720-2-1093x821.jpg\" alt=\"\" class=\"wp-image-273502 lazyload\" src=\"data:image\/svg+xml;base64,PHN2ZyB3aWR0aD0iMSIgaGVpZ2h0PSIxIiB4bWxucz0iaHR0cDovL3d3dy53My5vcmcvMjAwMC9zdmciPjwvc3ZnPg==\" style=\"--smush-placeholder-width: 1093px; --smush-placeholder-aspect-ratio: 1093\/821;\" \/><figcaption class=\"wp-element-caption\">\u0130lkin S\u00fcleymanov v\u0259 v\u0259k\u0259lill\u0259ri. Foto: Meydan TV <\/figcaption><\/figure>\n<\/div>\n\n\n<p>\u201c<em>Xeyr, m\u0259hk\u0259m\u0259 bel\u0259 fikir bildirmir\u201d<\/em>, &#8211; hakim v\u0259kill\u0259r\u0259 cavab verir.<\/p>\n\n\n\n<p><em>\u201cO zaman m\u0259hk\u0259m\u0259 \u00f6z q\u0259rar\u0131na h\u00f6rm\u0259t el\u0259sin, q\u0259bul etdiyi v\u0259sat\u0259ti icra el\u0259sin. \u00d6z\u00fcn\u00fcz demisiniz ki, t\u0259min olunub\u201d, &#8211;<\/em> v\u0259kill\u0259r bel\u0259 deyib.<\/p>\n\n\n\n<p>Lakin Dada\u015f \u0130manov deyib ki, anten m\u0259lumatlar\u0131yla ba\u011fl\u0131 m\u0259s\u0259l\u0259 ara\u015fd\u0131r\u0131lmayacaq.<\/p>\n\n\n\n<p>V\u0259kill\u0259r Tovuz Rayon Polis \u015e\u00f6b\u0259sinin Post-Patrul B\u00f6l\u00fcy\u00fcn\u00fcn r\u0259isi V\u00fcqar H\u00fcseynovun m\u0259hk\u0259m\u0259d\u0259 dindirilm\u0259si haqda v\u0259sat\u0259t qald\u0131r\u0131blar. \u00c7\u00fcnki yand\u0131r\u0131lm\u0131\u015f meyiti g\u00f6r\u0259nd\u0259n sonra \u0130lkin S\u00fcleymanovun \u0259misi o\u011flu \u00f6z r\u0259hb\u0259ri olaraq, d\u0259rhal ona z\u0259ng edib. Lakin o, Bak\u0131ya getdiyini bildirib v\u0259 hadis\u0259 yerin\u0259 g\u0259lm\u0259yib:<\/p>\n\n\n\n<p>\u201cBizd\u0259 o \u015f\u0259xsin yalan dan\u0131\u015fmas\u0131 haqda m\u0259lumat var. Xahi\u015f edirik, o \u015f\u0259xs \u00e7a\u011f\u0131r\u0131l\u0131b dindirilsin, anten m\u0259lumatlar\u0131 da ara\u015fd\u0131r\u0131ls\u0131n ki, h\u0259qiq\u0259t\u0259n Bak\u0131ya gedib h\u0259min vaxt, yoxsa yox\u201d.<\/p>\n\n\n\n<p>Bu v\u0259sat\u0259t d\u0259 t\u0259min olunmay\u0131b.<\/p>\n\n\n\n<p><strong>N\u0259rminin g\u00fcnd\u0259liyi&#8230;<\/strong><\/p>\n\n\n\n<p>M\u00fcdafi\u0259 t\u0259r\u0259finin m\u0259hk\u0259m\u0259d\u0259 dindirm\u0259k ist\u0259diyi daha bir n\u0259f\u0259r is\u0259 N\u0259rmin Quliyevan\u0131n \u0259misi o\u011flu Ruslan Quliyev idi. Ruslan Quliyev istintaqda dindirils\u0259 d\u0259, prokurorluq onun ad\u0131n\u0131 m\u0259hk\u0259m\u0259y\u0259 \u00e7a\u011f\u0131r\u0131lacaq \u015fahidl\u0259r siyah\u0131s\u0131na daxil etm\u0259yib.<\/p>\n\n\n\n<p>Hakiml\u0259r bu v\u0259sat\u0259ti d\u0259 t\u0259min etm\u0259yib.<\/p>\n\n\n\n<p>\u0130lkin S\u00fcleymanov h\u0259bs olundu\u011fu ilk g\u00fcnl\u0259rd\u0259 ona d\u00f6vl\u0259t hesab\u0131na v\u0259kil t\u0259yin olunmu\u015f Araz \u018fhm\u0259dovun da m\u0259hk\u0259m\u0259d\u0259 \u0259lav\u0259 \u015fahid qismind\u0259 dindirilm\u0259si haqda v\u0259sat\u0259t qald\u0131r\u0131l\u0131b. \u0130lkin S\u00fcleymanovun s\u00f6zl\u0259rin\u0259 g\u00f6r\u0259, Araz \u018fhm\u0259dov faktiki ona v\u0259killik etm\u0259yib. \u018fksin\u0259, Araz \u018fhm\u0259dovun h\u0259r\u0259k\u0259tl\u0259ri ona z\u0259rb\u0259 vurub.<\/p>\n\n\n\n<p>M\u0259hk\u0259m\u0259d\u0259 Araz \u018fhm\u0259dovun dindirilm\u0259si haqda v\u0259sat\u0259ti d\u0259 r\u0259dd edib.<\/p>\n\n\n\n<p>V\u0259kill\u0259rin s\u00f6zl\u0259rin\u0259 g\u00f6r\u0259, onlar \u0130lkin S\u00fcleymanovun m\u00fcdafi\u0259sin\u0259 qo\u015fulanda onun haqq\u0131nda art\u0131q h\u0259bs q\u0259timkan t\u0259dbiri se\u00e7ilmi\u015fdi. Onlar \u0130lkin S\u00fcleymanovu ilk d\u0259f\u0259 apelyasiya m\u0259hk\u0259m\u0259sind\u0259 g\u00f6r\u00fcbl\u0259r. H\u0259min vaxt onun \u00fcz\u0259rind\u0259 \u00e7oxsayl\u0131 x\u0259sar\u0259t izl\u0259ri a\u015fkar g\u00f6r\u00fcn\u00fcrd\u00fc. \u0130lkin S\u00fcleymanov \u00f6z\u00fc d\u0259 apelyasiya m\u0259hk\u0259m\u0259sind\u0259 \u00e7\u0131x\u0131\u015f\u0131nda bildirib ki, Tovuz Rayon Polis \u015e\u00f6b\u0259sind\u0259 d\u00f6z\u00fclm\u0259z i\u015fg\u0259nc\u0259l\u0259r\u0259 m\u0259ruz qal\u0131b, bu \u00fczd\u0259n cinay\u0259ti \u00fcz\u0259rin\u0259 g\u00f6t\u00fcrm\u0259y\u0259 m\u0259cbur olub.<\/p>\n\n\n\n<p>V\u0259kill\u0259r deyir ki, bundan sonra onlar \u0130lkin S\u00fcleymanovun saxland\u0131\u011f\u0131 Bak\u0131 \u0130stintaq T\u0259cridxanas\u0131na sor\u011fu g\u00f6nd\u0259ribl\u0259r. O, t\u0259cridxanaya daxil olark\u0259n m\u00fcayin\u0259nin n\u0259tic\u0259si haqda cavab ist\u0259yibl\u0259r. Lakin t\u0259cridxanan\u0131n r\u0259isi sor\u011fuya konkret cavab verm\u0259kd\u0259n imtina edib.<\/p>\n\n\n\n<p>Hakim bildirib ki, \u00f6z\u00fc t\u0259cridxanaya sor\u011fu g\u00f6nd\u0259r\u0259c\u0259k.<\/p>\n\n\n\n<p>Rusiyal\u0131 ekspert Ponov s\u0259n\u0259dl\u0259r \u0259sas\u0131nda bu i\u015fiyl\u0259 ba\u011fl\u0131 r\u0259y verib. M\u0259s\u0259l\u0259n, istintaq bel\u0259 n\u0259tic\u0259y\u0259 g\u0259lib ki, meyit 5 d\u0259qiq\u0259 40 saniy\u0259 yan\u0131b. Lakin Ponovun g\u0259ldiyi q\u0259na\u0259t\u0259 g\u00f6r\u0259, o m\u00fcdd\u0259td\u0259 meyit o c\u00fcr k\u00f6m\u00fcrl\u0259\u015fm\u0259 h\u0259ddind\u0259 yana bilm\u0259zdi v\u0259 s. H\u0259min r\u0259yi istintaq q\u0259bul edib v\u0259 i\u015f materiallar\u0131na \u0259lav\u0259 olunub.<\/p>\n\n\n\n<p>V\u0259kill\u0259r s\u00f6z\u00fcged\u0259n r\u0259yinin m\u0259hk\u0259m\u0259d\u0259 elan olunmas\u0131n\u0131 v\u0259 t\u0259dqiq edilm\u0259sini ist\u0259yib. Lakin hakim bundan imtina edib:<\/p>\n\n\n\n<p>\u201c<em>M\u0259n h\u0259r yoldan ke\u00e7\u0259nin fikrini burada ara\u015fd\u0131ra bilm\u0259r\u0259m ki&#8230;\u201d.<\/em><\/p>\n\n\n\n<p>M\u00fcdafi\u0259 t\u0259r\u0259fi buna etiraz edib. Onlar bildirib ki, Ponov yoldan ke\u00e7\u0259n deyil, n\u00fcfuzlu ekspertdir. Dig\u0259r t\u0259r\u0259fd\u0259n d\u0259 istintaq onu q\u0259bul edib, cinay\u0259t i\u015finin materiallar\u0131na \u0259lav\u0259 edibs\u0259, dem\u0259li, m\u0259hk\u0259m\u0259 d\u0259 t\u0259dqiq el\u0259m\u0259lidir.<\/p>\n\n\n\n<p>Etirazlara baxmayaraq, hakiml\u0259r onu t\u0259dqiq etm\u0259k ist\u0259m\u0259yib.<\/p>\n\n\n\n<p>V\u0259kill\u0259r bildirib ki, \u00fcmumiyy\u0259tl\u0259, m\u0259hk\u0259m\u0259 \u00e7oxsayl\u0131 vacib s\u0259n\u0259dl\u0259ri t\u0259dqiq etm\u0259yib. M\u0259s\u0259l\u0259n, N\u0259rmin Quliyevan\u0131n g\u00fcnd\u0259liyi (azya\u015fl\u0131 orada atas\u0131n\u0131n onu ist\u0259m\u0259m\u0259sind\u0259n yaz\u0131b-red.), telefon z\u0259ngl\u0259ri v\u0259 s.<\/p>\n\n\n\n<p>M\u00fcdafi\u0259 t\u0259r\u0259finin qald\u0131rd\u0131\u011f\u0131 v\u0259sat\u0259tl\u0259rd\u0259n yaln\u0131z N\u0259rmin Quliyevan\u0131n n\u0259n\u0259si Minay\u0259 \u0130smay\u0131lova v\u0259 qanla ba\u011fl\u0131 r\u0259y vermi\u015f ekspert El\u015f\u0259n M\u0259mm\u0259dovun dindirilm\u0259si t\u0259min olunub.<\/p>\n\n\n\n<p>M\u0259hk\u0259m\u0259 prosesi aprelin 26-na q\u0259d\u0259r t\u0259xir\u0259 sal\u0131n\u0131b.<\/p>\n\n\n\n<p>1973-c\u00fc il t\u0259v\u0259ll\u00fcdl\u00fc \u0130lkin S\u00fcleymanov Cinay\u0259t M\u0259c\u0259ll\u0259sinin 120.2.4 (x\u00fcsusi amans\u0131zl\u0131qla q\u0259sd\u0259n adam \u00f6ld\u00fcrm\u0259), 120.2.9 (t\u0259qsirkar \u015f\u0259xs \u00fc\u00e7\u00fcn a\u015fkar sur\u0259td\u0259 k\u00f6m\u0259ksiz v\u0259ziyy\u0259td\u0259 olan adam\u0131 q\u0259sd\u0259n \u00f6ld\u00fcrm\u0259), 133.2.1 (o\u011furlanm\u0131\u015f \u015f\u0259xs\u0259 \u0259zab verm\u0259), 133.2.4 (yetkinlik ya\u015f\u0131na \u00e7atmayan, k\u00f6m\u0259ksiz v\u0259ziyy\u0259td\u0259 olan \u015f\u0259xs\u0259 \u0259zab verm\u0259), 144-c\u00fc (adam o\u011furlu\u011fu) madd\u0259l\u0259ril\u0259 ittiham olunur.<\/p>\n\n\n\n<p>\u0130ttihama \u0259sas\u0259n, o, sinif yolda\u015f\u0131 \u015e\u0259rif Quliyevin ail\u0259si, u\u015faqlar\u0131 oldu\u011funa g\u00f6r\u0259 onu q\u0131sqan\u0131b, buna g\u00f6r\u0259 d\u0259 onun q\u0131z\u0131 N\u0259rmini o\u011furlayaraq, 47 g\u00fcn sonra q\u0259tl\u0259 yetirib.<\/p>\n\n\n\n<p>\u0130lkin S\u00fcleymanov is\u0259 azya\u015fl\u0131n\u0131n \u00f6l\u00fcm\u00fcn\u0259 aidiyy\u0259ti olmad\u0131\u011f\u0131n\u0131 deyir. \u0130lkin ifad\u0259sind\u0259ki etirafa g\u0259linc\u0259, o bildirib ki, 2020-ci il yanvar\u0131n 6-dan 10-na q\u0259d\u0259r Tovuz rayon Polis \u015e\u00f6b\u0259sind\u0259 i\u015fg\u0259nc\u0259y\u0259 m\u0259ruz qal\u0131b. D\u00f6rd g\u00fcn sonra i\u015fg\u0259nc\u0259l\u0259r\u0259 d\u00f6zm\u0259y\u0259r\u0259k, etiraf ifad\u0259sin\u0259 imza atma\u011fa m\u0259cbur olub.<\/p>\n\n\n\n<p>Ba\u015f Prokurorluq is\u0259 i\u015fg\u0259nc\u0259 iddialar\u0131n\u0131 t\u0259kzib edib.<\/p>\n","protected":false},"excerpt":{"rendered":"<p>\u00a0Hakim t\u0259min etdiyi v\u0259sat\u0259tin icra olunmas\u0131n\u0131 laz\u0131m bilmir Tovuz rayonunun &#8230; <\/p>\n<p class=\"read-more-container\"><a title=\"\u201cN\u0259rmin i\u015fi\u201d il\u0259 ba\u011fl\u0131 qalmaqal: hakim v\u0259zif\u0259li \u015f\u0259xsl\u0259ri m\u0259hk\u0259m\u0259y\u0259 \u00e7a\u011f\u0131rmaqdan imtina etdi\" class=\"read-more button\" href=\"https:\/\/www.meydan.tv\/az\/article\/nermin-isi-ile-bagli-qalmaqal-hakim-vezifeli-sexsleri-mehkemeye-cagirmaqdan-imtina-etdi\/#more-273501\" aria-label=\"Read more about \u201cN\u0259rmin i\u015fi\u201d il\u0259 ba\u011fl\u0131 qalmaqal: hakim v\u0259zif\u0259li \u015f\u0259xsl\u0259ri m\u0259hk\u0259m\u0259y\u0259 \u00e7a\u011f\u0131rmaqdan imtina etdi\">Davam\u0131<\/a><\/p>\n","protected":false},"author":8,"featured_media":241424,"comment_status":"closed","ping_status":"closed","sticky":false,"template":"","format":"standard","meta":{"_acf_changed":false,"_sitemap_exclude":false,"_sitemap_priority":"","_sitemap_frequency":"","footnotes":""},"categories":[60,88,56],"tags":[],"class_list":["post-273501","post","type-post","status-publish","format-standard","has-post-thumbnail","hentry","category-bolge","category-redaktor-secimi","category-xeberler","infinite-scroll-item","generate-columns","tablet-grid-50","mobile-grid-100","grid-parent","grid-33","no-featured-image-padding"],"acf":[],"yoast_head":"<!-- This site is optimized with the Yoast SEO plugin v27.5 - https:\/\/yoast.com\/product\/yoast-seo-wordpress\/ -->\n<title>\u201cN\u0259rmin i\u015fi\u201d il\u0259 ba\u011fl\u0131 qalmaqal: hakim v\u0259zif\u0259li \u015f\u0259xsl\u0259ri m\u0259hk\u0259m\u0259y\u0259 \u00e7a\u011f\u0131rmaqdan imtina etdi - MEYDAN.TV<\/title>\n<meta name=\"robots\" content=\"index, follow, max-snippet:-1, max-image-preview:large, max-video-preview:-1\" \/>\n<link rel=\"canonical\" href=\"https:\/\/www.meydan.tv\/az\/article\/nermin-isi-ile-bagli-qalmaqal-hakim-vezifeli-sexsleri-mehkemeye-cagirmaqdan-imtina-etdi\/\" \/>\n<meta property=\"og:locale\" content=\"az_AZ\" \/>\n<meta property=\"og:type\" content=\"article\" \/>\n<meta property=\"og:title\" content=\"\u201cN\u0259rmin i\u015fi\u201d il\u0259 ba\u011fl\u0131 qalmaqal: hakim v\u0259zif\u0259li \u015f\u0259xsl\u0259ri m\u0259hk\u0259m\u0259y\u0259 \u00e7a\u011f\u0131rmaqdan imtina etdi - MEYDAN.TV\" \/>\n<meta property=\"og:description\" content=\"\u00a0Hakim t\u0259min etdiyi v\u0259sat\u0259tin icra olunmas\u0131n\u0131 laz\u0131m bilmir Tovuz rayonunun ... Davam\u0131\" \/>\n<meta property=\"og:url\" content=\"https:\/\/www.meydan.tv\/az\/article\/nermin-isi-ile-bagli-qalmaqal-hakim-vezifeli-sexsleri-mehkemeye-cagirmaqdan-imtina-etdi\/\" \/>\n<meta property=\"og:site_name\" content=\"MEYDAN.TV\" \/>\n<meta property=\"article:published_time\" content=\"2023-04-21T17:58:35+00:00\" \/>\n<meta property=\"article:modified_time\" content=\"2023-04-21T17:58:37+00:00\" \/>\n<meta property=\"og:image\" content=\"https:\/\/www.meydan.tv\/wp-content\/uploads\/photo-2022-04-11-16-04-01-e1649746574597.jpg\" \/>\n\t<meta property=\"og:image:width\" content=\"1200\" \/>\n\t<meta property=\"og:image:height\" content=\"711\" \/>\n\t<meta property=\"og:image:type\" content=\"image\/jpeg\" \/>\n<meta name=\"author\" content=\"elli\" \/>\n<meta name=\"twitter:card\" content=\"summary_large_image\" \/>\n<meta name=\"twitter:creator\" content=\"@elli\" \/>\n<script type=\"application\/ld+json\" class=\"yoast-schema-graph\">{\"@context\":\"https:\\\/\\\/schema.org\",\"@graph\":[{\"@type\":\"Article\",\"@id\":\"https:\\\/\\\/www.meydan.tv\\\/az\\\/article\\\/nermin-isi-ile-bagli-qalmaqal-hakim-vezifeli-sexsleri-mehkemeye-cagirmaqdan-imtina-etdi\\\/#article\",\"isPartOf\":{\"@id\":\"https:\\\/\\\/www.meydan.tv\\\/az\\\/article\\\/nermin-isi-ile-bagli-qalmaqal-hakim-vezifeli-sexsleri-mehkemeye-cagirmaqdan-imtina-etdi\\\/\"},\"author\":{\"name\":\"elli\",\"@id\":\"https:\\\/\\\/www.meydan.tv\\\/az\\\/#\\\/schema\\\/person\\\/9cdbecf90d17180ce1dfbd95b08dcf47\"},\"headline\":\"\u201cN\u0259rmin i\u015fi\u201d il\u0259 ba\u011fl\u0131 qalmaqal: hakim v\u0259zif\u0259li \u015f\u0259xsl\u0259ri m\u0259hk\u0259m\u0259y\u0259 \u00e7a\u011f\u0131rmaqdan imtina etdi\",\"datePublished\":\"2023-04-21T17:58:35+00:00\",\"dateModified\":\"2023-04-21T17:58:37+00:00\",\"mainEntityOfPage\":{\"@id\":\"https:\\\/\\\/www.meydan.tv\\\/az\\\/article\\\/nermin-isi-ile-bagli-qalmaqal-hakim-vezifeli-sexsleri-mehkemeye-cagirmaqdan-imtina-etdi\\\/\"},\"wordCount\":2316,\"publisher\":{\"@id\":\"https:\\\/\\\/www.meydan.tv\\\/az\\\/#organization\"},\"image\":{\"@id\":\"https:\\\/\\\/www.meydan.tv\\\/az\\\/article\\\/nermin-isi-ile-bagli-qalmaqal-hakim-vezifeli-sexsleri-mehkemeye-cagirmaqdan-imtina-etdi\\\/#primaryimage\"},\"thumbnailUrl\":\"https:\\\/\\\/www.meydan.tv\\\/wp-content\\\/uploads\\\/photo-2022-04-11-16-04-01-e1685950918665.jpg\",\"articleSection\":[\"B\u00f6lg\u0259\",\"Redaktor se\u00e7imi\",\"X\u0259b\u0259rl\u0259r\"],\"inLanguage\":\"az\"},{\"@type\":\"WebPage\",\"@id\":\"https:\\\/\\\/www.meydan.tv\\\/az\\\/article\\\/nermin-isi-ile-bagli-qalmaqal-hakim-vezifeli-sexsleri-mehkemeye-cagirmaqdan-imtina-etdi\\\/\",\"url\":\"https:\\\/\\\/www.meydan.tv\\\/az\\\/article\\\/nermin-isi-ile-bagli-qalmaqal-hakim-vezifeli-sexsleri-mehkemeye-cagirmaqdan-imtina-etdi\\\/\",\"name\":\"\u201cN\u0259rmin i\u015fi\u201d il\u0259 ba\u011fl\u0131 qalmaqal: hakim v\u0259zif\u0259li \u015f\u0259xsl\u0259ri m\u0259hk\u0259m\u0259y\u0259 \u00e7a\u011f\u0131rmaqdan imtina etdi - MEYDAN.TV\",\"isPartOf\":{\"@id\":\"https:\\\/\\\/www.meydan.tv\\\/az\\\/#website\"},\"primaryImageOfPage\":{\"@id\":\"https:\\\/\\\/www.meydan.tv\\\/az\\\/article\\\/nermin-isi-ile-bagli-qalmaqal-hakim-vezifeli-sexsleri-mehkemeye-cagirmaqdan-imtina-etdi\\\/#primaryimage\"},\"image\":{\"@id\":\"https:\\\/\\\/www.meydan.tv\\\/az\\\/article\\\/nermin-isi-ile-bagli-qalmaqal-hakim-vezifeli-sexsleri-mehkemeye-cagirmaqdan-imtina-etdi\\\/#primaryimage\"},\"thumbnailUrl\":\"https:\\\/\\\/www.meydan.tv\\\/wp-content\\\/uploads\\\/photo-2022-04-11-16-04-01-e1685950918665.jpg\",\"datePublished\":\"2023-04-21T17:58:35+00:00\",\"dateModified\":\"2023-04-21T17:58:37+00:00\",\"breadcrumb\":{\"@id\":\"https:\\\/\\\/www.meydan.tv\\\/az\\\/article\\\/nermin-isi-ile-bagli-qalmaqal-hakim-vezifeli-sexsleri-mehkemeye-cagirmaqdan-imtina-etdi\\\/#breadcrumb\"},\"inLanguage\":\"az\",\"potentialAction\":[{\"@type\":\"ReadAction\",\"target\":[\"https:\\\/\\\/www.meydan.tv\\\/az\\\/article\\\/nermin-isi-ile-bagli-qalmaqal-hakim-vezifeli-sexsleri-mehkemeye-cagirmaqdan-imtina-etdi\\\/\"]}]},{\"@type\":\"ImageObject\",\"inLanguage\":\"az\",\"@id\":\"https:\\\/\\\/www.meydan.tv\\\/az\\\/article\\\/nermin-isi-ile-bagli-qalmaqal-hakim-vezifeli-sexsleri-mehkemeye-cagirmaqdan-imtina-etdi\\\/#primaryimage\",\"url\":\"https:\\\/\\\/www.meydan.tv\\\/wp-content\\\/uploads\\\/photo-2022-04-11-16-04-01-e1685950918665.jpg\",\"contentUrl\":\"https:\\\/\\\/www.meydan.tv\\\/wp-content\\\/uploads\\\/photo-2022-04-11-16-04-01-e1685950918665.jpg\",\"width\":1200,\"height\":450,\"caption\":\"\u0130lkin S\u00fcleymanov. Foto: Meydan TV\"},{\"@type\":\"BreadcrumbList\",\"@id\":\"https:\\\/\\\/www.meydan.tv\\\/az\\\/article\\\/nermin-isi-ile-bagli-qalmaqal-hakim-vezifeli-sexsleri-mehkemeye-cagirmaqdan-imtina-etdi\\\/#breadcrumb\",\"itemListElement\":[{\"@type\":\"ListItem\",\"position\":1,\"name\":\"Ana s\u0259hif\u0259\",\"item\":\"https:\\\/\\\/www.meydan.tv\\\/az\\\/\"},{\"@type\":\"ListItem\",\"position\":2,\"name\":\"B\u00f6lg\u0259\",\"item\":\"https:\\\/\\\/www.meydan.tv\\\/az\\\/section\\\/bolge\\\/\"},{\"@type\":\"ListItem\",\"position\":3,\"name\":\"\u201cN\u0259rmin i\u015fi\u201d il\u0259 ba\u011fl\u0131 qalmaqal: hakim v\u0259zif\u0259li \u015f\u0259xsl\u0259ri m\u0259hk\u0259m\u0259y\u0259 \u00e7a\u011f\u0131rmaqdan imtina etdi\"}]},{\"@type\":\"WebSite\",\"@id\":\"https:\\\/\\\/www.meydan.tv\\\/az\\\/#website\",\"url\":\"https:\\\/\\\/www.meydan.tv\\\/az\\\/\",\"name\":\"MEYDAN.TV\",\"description\":\"Meydan TV Az\u0259rbaycan\u0131n media m\u0259kan\u0131ndak\u0131 alternativ s\u0259sidir\",\"publisher\":{\"@id\":\"https:\\\/\\\/www.meydan.tv\\\/az\\\/#organization\"},\"potentialAction\":[{\"@type\":\"SearchAction\",\"target\":{\"@type\":\"EntryPoint\",\"urlTemplate\":\"https:\\\/\\\/www.meydan.tv\\\/az\\\/?s={search_term_string}\"},\"query-input\":{\"@type\":\"PropertyValueSpecification\",\"valueRequired\":true,\"valueName\":\"search_term_string\"}}],\"inLanguage\":\"az\"},{\"@type\":\"Organization\",\"@id\":\"https:\\\/\\\/www.meydan.tv\\\/az\\\/#organization\",\"name\":\"Meydan TV\",\"url\":\"https:\\\/\\\/www.meydan.tv\\\/az\\\/\",\"logo\":{\"@type\":\"ImageObject\",\"inLanguage\":\"az\",\"@id\":\"https:\\\/\\\/www.meydan.tv\\\/az\\\/#\\\/schema\\\/logo\\\/image\\\/\",\"url\":\"https:\\\/\\\/www.meydan.tv\\\/wp-content\\\/uploads\\\/2021\\\/07\\\/meydan-logo.svg\",\"contentUrl\":\"https:\\\/\\\/www.meydan.tv\\\/wp-content\\\/uploads\\\/2021\\\/07\\\/meydan-logo.svg\",\"width\":195,\"height\":46,\"caption\":\"Meydan TV\"},\"image\":{\"@id\":\"https:\\\/\\\/www.meydan.tv\\\/az\\\/#\\\/schema\\\/logo\\\/image\\\/\"}},{\"@type\":\"Person\",\"@id\":\"https:\\\/\\\/www.meydan.tv\\\/az\\\/#\\\/schema\\\/person\\\/9cdbecf90d17180ce1dfbd95b08dcf47\",\"name\":\"elli\",\"sameAs\":[\"https:\\\/\\\/x.com\\\/elli\"]}]}<\/script>\n<!-- \/ Yoast SEO plugin. -->","yoast_head_json":{"title":"\u201cN\u0259rmin i\u015fi\u201d il\u0259 ba\u011fl\u0131 qalmaqal: hakim v\u0259zif\u0259li \u015f\u0259xsl\u0259ri m\u0259hk\u0259m\u0259y\u0259 \u00e7a\u011f\u0131rmaqdan imtina etdi - MEYDAN.TV","robots":{"index":"index","follow":"follow","max-snippet":"max-snippet:-1","max-image-preview":"max-image-preview:large","max-video-preview":"max-video-preview:-1"},"canonical":"https:\/\/www.meydan.tv\/az\/article\/nermin-isi-ile-bagli-qalmaqal-hakim-vezifeli-sexsleri-mehkemeye-cagirmaqdan-imtina-etdi\/","og_locale":"az_AZ","og_type":"article","og_title":"\u201cN\u0259rmin i\u015fi\u201d il\u0259 ba\u011fl\u0131 qalmaqal: hakim v\u0259zif\u0259li \u015f\u0259xsl\u0259ri m\u0259hk\u0259m\u0259y\u0259 \u00e7a\u011f\u0131rmaqdan imtina etdi - MEYDAN.TV","og_description":"\u00a0Hakim t\u0259min etdiyi v\u0259sat\u0259tin icra olunmas\u0131n\u0131 laz\u0131m bilmir Tovuz rayonunun ... Davam\u0131","og_url":"https:\/\/www.meydan.tv\/az\/article\/nermin-isi-ile-bagli-qalmaqal-hakim-vezifeli-sexsleri-mehkemeye-cagirmaqdan-imtina-etdi\/","og_site_name":"MEYDAN.TV","article_published_time":"2023-04-21T17:58:35+00:00","article_modified_time":"2023-04-21T17:58:37+00:00","og_image":[{"width":1200,"height":711,"url":"https:\/\/www.meydan.tv\/wp-content\/uploads\/photo-2022-04-11-16-04-01-e1649746574597.jpg","type":"image\/jpeg"}],"author":"elli","twitter_card":"summary_large_image","twitter_creator":"@elli","schema":{"@context":"https:\/\/schema.org","@graph":[{"@type":"Article","@id":"https:\/\/www.meydan.tv\/az\/article\/nermin-isi-ile-bagli-qalmaqal-hakim-vezifeli-sexsleri-mehkemeye-cagirmaqdan-imtina-etdi\/#article","isPartOf":{"@id":"https:\/\/www.meydan.tv\/az\/article\/nermin-isi-ile-bagli-qalmaqal-hakim-vezifeli-sexsleri-mehkemeye-cagirmaqdan-imtina-etdi\/"},"author":{"name":"elli","@id":"https:\/\/www.meydan.tv\/az\/#\/schema\/person\/9cdbecf90d17180ce1dfbd95b08dcf47"},"headline":"\u201cN\u0259rmin i\u015fi\u201d il\u0259 ba\u011fl\u0131 qalmaqal: hakim v\u0259zif\u0259li \u015f\u0259xsl\u0259ri m\u0259hk\u0259m\u0259y\u0259 \u00e7a\u011f\u0131rmaqdan imtina etdi","datePublished":"2023-04-21T17:58:35+00:00","dateModified":"2023-04-21T17:58:37+00:00","mainEntityOfPage":{"@id":"https:\/\/www.meydan.tv\/az\/article\/nermin-isi-ile-bagli-qalmaqal-hakim-vezifeli-sexsleri-mehkemeye-cagirmaqdan-imtina-etdi\/"},"wordCount":2316,"publisher":{"@id":"https:\/\/www.meydan.tv\/az\/#organization"},"image":{"@id":"https:\/\/www.meydan.tv\/az\/article\/nermin-isi-ile-bagli-qalmaqal-hakim-vezifeli-sexsleri-mehkemeye-cagirmaqdan-imtina-etdi\/#primaryimage"},"thumbnailUrl":"https:\/\/www.meydan.tv\/wp-content\/uploads\/photo-2022-04-11-16-04-01-e1685950918665.jpg","articleSection":["B\u00f6lg\u0259","Redaktor se\u00e7imi","X\u0259b\u0259rl\u0259r"],"inLanguage":"az"},{"@type":"WebPage","@id":"https:\/\/www.meydan.tv\/az\/article\/nermin-isi-ile-bagli-qalmaqal-hakim-vezifeli-sexsleri-mehkemeye-cagirmaqdan-imtina-etdi\/","url":"https:\/\/www.meydan.tv\/az\/article\/nermin-isi-ile-bagli-qalmaqal-hakim-vezifeli-sexsleri-mehkemeye-cagirmaqdan-imtina-etdi\/","name":"\u201cN\u0259rmin i\u015fi\u201d il\u0259 ba\u011fl\u0131 qalmaqal: hakim v\u0259zif\u0259li \u015f\u0259xsl\u0259ri m\u0259hk\u0259m\u0259y\u0259 \u00e7a\u011f\u0131rmaqdan imtina etdi - MEYDAN.TV","isPartOf":{"@id":"https:\/\/www.meydan.tv\/az\/#website"},"primaryImageOfPage":{"@id":"https:\/\/www.meydan.tv\/az\/article\/nermin-isi-ile-bagli-qalmaqal-hakim-vezifeli-sexsleri-mehkemeye-cagirmaqdan-imtina-etdi\/#primaryimage"},"image":{"@id":"https:\/\/www.meydan.tv\/az\/article\/nermin-isi-ile-bagli-qalmaqal-hakim-vezifeli-sexsleri-mehkemeye-cagirmaqdan-imtina-etdi\/#primaryimage"},"thumbnailUrl":"https:\/\/www.meydan.tv\/wp-content\/uploads\/photo-2022-04-11-16-04-01-e1685950918665.jpg","datePublished":"2023-04-21T17:58:35+00:00","dateModified":"2023-04-21T17:58:37+00:00","breadcrumb":{"@id":"https:\/\/www.meydan.tv\/az\/article\/nermin-isi-ile-bagli-qalmaqal-hakim-vezifeli-sexsleri-mehkemeye-cagirmaqdan-imtina-etdi\/#breadcrumb"},"inLanguage":"az","potentialAction":[{"@type":"ReadAction","target":["https:\/\/www.meydan.tv\/az\/article\/nermin-isi-ile-bagli-qalmaqal-hakim-vezifeli-sexsleri-mehkemeye-cagirmaqdan-imtina-etdi\/"]}]},{"@type":"ImageObject","inLanguage":"az","@id":"https:\/\/www.meydan.tv\/az\/article\/nermin-isi-ile-bagli-qalmaqal-hakim-vezifeli-sexsleri-mehkemeye-cagirmaqdan-imtina-etdi\/#primaryimage","url":"https:\/\/www.meydan.tv\/wp-content\/uploads\/photo-2022-04-11-16-04-01-e1685950918665.jpg","contentUrl":"https:\/\/www.meydan.tv\/wp-content\/uploads\/photo-2022-04-11-16-04-01-e1685950918665.jpg","width":1200,"height":450,"caption":"\u0130lkin S\u00fcleymanov. Foto: Meydan TV"},{"@type":"BreadcrumbList","@id":"https:\/\/www.meydan.tv\/az\/article\/nermin-isi-ile-bagli-qalmaqal-hakim-vezifeli-sexsleri-mehkemeye-cagirmaqdan-imtina-etdi\/#breadcrumb","itemListElement":[{"@type":"ListItem","position":1,"name":"Ana s\u0259hif\u0259","item":"https:\/\/www.meydan.tv\/az\/"},{"@type":"ListItem","position":2,"name":"B\u00f6lg\u0259","item":"https:\/\/www.meydan.tv\/az\/section\/bolge\/"},{"@type":"ListItem","position":3,"name":"\u201cN\u0259rmin i\u015fi\u201d il\u0259 ba\u011fl\u0131 qalmaqal: hakim v\u0259zif\u0259li \u015f\u0259xsl\u0259ri m\u0259hk\u0259m\u0259y\u0259 \u00e7a\u011f\u0131rmaqdan imtina etdi"}]},{"@type":"WebSite","@id":"https:\/\/www.meydan.tv\/az\/#website","url":"https:\/\/www.meydan.tv\/az\/","name":"MEYDAN.TV","description":"Meydan TV Az\u0259rbaycan\u0131n media m\u0259kan\u0131ndak\u0131 alternativ s\u0259sidir","publisher":{"@id":"https:\/\/www.meydan.tv\/az\/#organization"},"potentialAction":[{"@type":"SearchAction","target":{"@type":"EntryPoint","urlTemplate":"https:\/\/www.meydan.tv\/az\/?s={search_term_string}"},"query-input":{"@type":"PropertyValueSpecification","valueRequired":true,"valueName":"search_term_string"}}],"inLanguage":"az"},{"@type":"Organization","@id":"https:\/\/www.meydan.tv\/az\/#organization","name":"Meydan TV","url":"https:\/\/www.meydan.tv\/az\/","logo":{"@type":"ImageObject","inLanguage":"az","@id":"https:\/\/www.meydan.tv\/az\/#\/schema\/logo\/image\/","url":"https:\/\/www.meydan.tv\/wp-content\/uploads\/2021\/07\/meydan-logo.svg","contentUrl":"https:\/\/www.meydan.tv\/wp-content\/uploads\/2021\/07\/meydan-logo.svg","width":195,"height":46,"caption":"Meydan TV"},"image":{"@id":"https:\/\/www.meydan.tv\/az\/#\/schema\/logo\/image\/"}},{"@type":"Person","@id":"https:\/\/www.meydan.tv\/az\/#\/schema\/person\/9cdbecf90d17180ce1dfbd95b08dcf47","name":"elli","sameAs":["https:\/\/x.com\/elli"]}]}},"_links":{"self":[{"href":"https:\/\/www.meydan.tv\/az\/wp-json\/wp\/v2\/posts\/273501","targetHints":{"allow":["GET"]}}],"collection":[{"href":"https:\/\/www.meydan.tv\/az\/wp-json\/wp\/v2\/posts"}],"about":[{"href":"https:\/\/www.meydan.tv\/az\/wp-json\/wp\/v2\/types\/post"}],"author":[{"embeddable":true,"href":"https:\/\/www.meydan.tv\/az\/wp-json\/wp\/v2\/users\/8"}],"replies":[{"embeddable":true,"href":"https:\/\/www.meydan.tv\/az\/wp-json\/wp\/v2\/comments?post=273501"}],"version-history":[{"count":1,"href":"https:\/\/www.meydan.tv\/az\/wp-json\/wp\/v2\/posts\/273501\/revisions"}],"predecessor-version":[{"id":273505,"href":"https:\/\/www.meydan.tv\/az\/wp-json\/wp\/v2\/posts\/273501\/revisions\/273505"}],"wp:featuredmedia":[{"embeddable":true,"href":"https:\/\/www.meydan.tv\/az\/wp-json\/wp\/v2\/media\/241424"}],"wp:attachment":[{"href":"https:\/\/www.meydan.tv\/az\/wp-json\/wp\/v2\/media?parent=273501"}],"wp:term":[{"taxonomy":"category","embeddable":true,"href":"https:\/\/www.meydan.tv\/az\/wp-json\/wp\/v2\/categories?post=273501"},{"taxonomy":"post_tag","embeddable":true,"href":"https:\/\/www.meydan.tv\/az\/wp-json\/wp\/v2\/tags?post=273501"}],"curies":[{"name":"wp","href":"https:\/\/api.w.org\/{rel}","templated":true}]}}