{"id":273474,"date":"2023-04-21T13:42:13","date_gmt":"2023-04-21T09:42:13","guid":{"rendered":"https:\/\/www.meydan.tv\/?p=273474"},"modified":"2023-04-23T01:53:21","modified_gmt":"2023-04-22T21:53:21","slug":"temizleme","status":"publish","type":"post","link":"https:\/\/www.meydan.tv\/az\/article\/temizleme\/","title":{"rendered":"T\u0259mizl\u0259m\u0259"},"content":{"rendered":"\n<p><strong>Z\u0259rd\u00fc\u015ft \u018flizad\u0259<\/strong><\/p>\n\n\n\n<p><strong><em>H\u0259r \u015fey Xalq C\u0259bh\u0259sind\u0259n ba\u015flad\u0131&#8230;<\/em><\/strong><\/p>\n\n\n\n<p>T\u0259mizl\u0259m\u0259 s\u00f6z\u00fcn\u00fc ad\u0259t\u0259n \u201cQuru t\u0259mizl\u0259m\u0259\u201d, \u201cKimy\u0259vi t\u0259mizl\u0259m\u0259\u201d, \u201cEtnik t\u0259mizl\u0259m\u0259\u201d, ke\u00e7\u0259n \u0259srin 30-cu ill\u0259rin\u0259 aid edil\u0259n \u201cSiyasi t\u0259mizl\u0259m\u0259\u201d&nbsp; t\u0259rkibind\u0259 e\u015fitm\u0259y\u0259 ad\u0259t etmi\u015fik.<\/p>\n\n\n\n<p>\u018fhvalat vaqe olur indiki Az\u0259rbaycanda, el\u0259 bizim ya\u015fad\u0131\u011f\u0131m\u0131z z\u0259man\u0259d\u0259. Bu \u0259hvalat n\u0259d\u0259n ibar\u0259tdir? Kims\u0259 deyir ki, faci\u0259dir, kims\u0259 deyir ki, \u015f\u0259b\u0259d\u0259dir. Babal\u0131 dey\u0259nin boynuna. Az\u0259rbaycanda siyasi partiyalar m\u0259kan\u0131nda t\u0259mizl\u0259m\u0259 \u0259m\u0259liyyat\u0131 apar\u0131l\u0131r.<\/p>\n\n\n\n<p>H\u0259r \u015fey Xalq C\u0259bh\u0259sind\u0259n ba\u015flad\u0131. Odur g\u00fcnahkar. Mill\u0259t g\u00fcl kimi ya\u015fay\u0131rd\u0131, bilmirdi siyas\u0259t n\u0259dir. Birc\u0259 partiya var idi,&nbsp; ona b\u0259zil\u0259ri \u00e7\u00f6r\u0259k a\u011fac\u0131, b\u0259zil\u0259ri \u201cdinm\u0259-ver\u201d kimi bax\u0131rd\u0131. Ad\u0131 Kommunist Partiyas\u0131 olan bu siyasi qurumun \u00fczvl\u0259rinin o zamank\u0131 Az\u0259rbaycanda h\u00fcquqlar\u0131 indiki Az\u0259rbaycanda YAP \u00fczvl\u0259rinin olan (olmayan) h\u00fcquqlar\u0131ndan art\u0131q deyildi.<\/p>\n\n\n\n<p>O partiyan\u0131n b\u00f6y\u00fcy\u00fcn\u00fcn ad\u0131 \u018fliyev idi, YAP-\u0131n b\u00f6y\u00fcy\u00fcn\u00fcn d\u0259 ad\u0131 \u018fliyevdir.<\/p>\n\n\n\n<p>D\u0259rd ondad\u0131r ki,&nbsp; Xalq C\u0259bh\u0259sinin d\u0259 b\u00f6y\u00fcy\u00fcn\u00fcn ad\u0131 \u018fliyev idi v\u0259 bu s\u0259b\u0259bd\u0259n AXC adl\u0131 qurumun \u00fczvl\u0259rini h\u00fcququ, t\u0259bii ki, Sov.\u0130KP v\u0259 YAP \u00fczvl\u0259rinin h\u00fcquqlar\u0131ndan f\u0259rql\u0259nmirdi. Y\u0259ni he\u00e7! \u018flb\u0259tt\u0259 ki, dan\u0131\u015fa bil\u0259rdil\u0259r, f\u0259q\u0259t onlara, ma\u015fallah, he\u00e7 k\u0259s qulaq asm\u0131rd\u0131.<\/p>\n\n\n\n<p>Bu partiya deyil\u0259n \u015fey n\u0259dirs\u0259, ham\u0131 onu ulaq say\u0131b minm\u0259k ist\u0259yir. Partokratlar can at\u0131rd\u0131 Kommunist Partiyas\u0131n\u0131n s\u0259dri, ya da Birinci katibi olsunlar, AXC f\u0259allar\u0131 da s\u0259dr olmaq ist\u0259yirdil\u0259r.<\/p>\n\n\n\n<p>Niy\u0259? \u00c7\u00fcnki bax\u0131b g\u00f6r\u00fcrd\u00fcl\u0259r ki, s\u0259dr m\u0259qam\u0131nda \u0259yl\u0259\u015f\u0259n v\u00fccudun qabiliyy\u0259ti onlar\u0131n \u00f6zl\u0259rind\u0259 hiss etdikl\u0259ri qab\u0131liyy\u0259td\u0259n \u0259sla art\u0131q deyil. Amma \u0259skik d\u0259 deyil. Y\u0259ni onlar da partiya s\u0259dri ola bil\u0259rl\u0259r.<\/p>\n\n\n\n<p>B\u0259li, \u015fanl\u0131 milli-azadl\u0131q m\u00fcbariz\u0259si \u018fliyevl\u0259rin n\u0259q\u015f\u0259sin\u0259 uy\u011fun \u015f\u0259kild\u0259 tamamlanandan sonra, y\u0259ni hakimiyy\u0259t t\u0259sad\u00fcfi adamlardan al\u0131n\u0131b \u018fliyevl\u0259r\u0259 qaytar\u0131ld\u0131qdan sonra, mill\u0259t\u0259 yuxar\u0131dan g\u00f6st\u0259ri\u015f g\u0259ldi: <em>\u201cU\u015faqlar, da\u011f\u0131l\u0131\u015f\u0131n evl\u0259riniz\u0259, m\u0259qs\u0259d\u0259 \u00e7atm\u0131\u015f\u0131q, neft, qaz, v\u0259zif\u0259, b\u00fcdc\u0259, torpaq, polis, m\u0259hk\u0259m\u0259, prokurorluq art\u0131q bizd\u0259dir, tayfa qar\u015f\u0131s\u0131nda xidm\u0259ti olanlara v\u0259zif\u0259 v\u0259 mandatlar paylan\u0131b, daha \u00f6z\u00fcn\u00fcz\u0259 nahaq \u0259ziyy\u0259t verm\u0259yin\u201d.<\/em><\/p>\n\n\n\n<p>Kim\u0259 deyirs\u0259n? Milli-azadl\u0131q vurhavurunda n\u0259 q\u0259d\u0259r adam\u0131n ba\u015f\u0131 havalanm\u0131\u015fd\u0131, n\u0259 q\u0259d\u0259r adam siyas\u0259t n\u0259\u015f\u0259sin\u0259 alud\u0259 olmu\u015fdu! Onlar d\u0259xi evl\u0259rin\u0259 qay\u0131d\u0131b adic\u0259 zind\u0259ganl\u0131q ed\u0259 bilm\u0259zdil\u0259r. Onlar\u0131 i\u00e7\u0259rid\u0259n s\u0259dr olmaq \u015f\u0259hv\u0259ti g\u0259mirirdi.<\/p>\n\n\n\n<p>Partiyalar haqq\u0131nda k\u00f6hn\u0259 qanun onlara bu \u015f\u0259hv\u0259ti s\u00f6nd\u00fcrm\u0259k \u00fc\u00e7\u00fcn g\u00f6z\u0259l gir\u0259v\u0259 verirdi. Odur ki, q\u0131sa bir zamanda Az\u0259rbaycanda 57 partiya qeydiyyatdan ke\u00e7di v\u0259 57 v\u00fccud qoltu\u011funda qovluq arams\u0131z ke\u00e7iril\u0259n d\u0259yirmi v\u0259 d\u00f6rdk\u00fcnc masalarda topla\u015f\u0131b \u201cFilan partisi olaraq biz hesab edirik ki\u201d c\u00fcml\u0259si il\u0259 ba\u015flayan m\u0259zmunsuz \u00e7\u0131x\u0131\u015flar etm\u0259y\u0259 ba\u015flad\u0131lar.<\/p>\n\n\n\n<p>Partiyalar\u0131n adlar\u0131na g\u0259ldikd\u0259, burada d\u00f6rd \u0259sas s\u00fctun var idi. Birinci s\u00fctun: Az\u0259rbaycan. Partiyan\u0131n ad\u0131nda bu s\u00f6z\u00fcn i\u015fl\u0259dilm\u0259si yaln\u0131z partiyan\u0131n yerl\u0259\u015fdiyi co\u011frafi m\u0259kan\u0131 deyil (m\u0259s\u0259l\u0259n, Az\u0259rbaycan Sosial-Demokrat Partiyas\u0131), \u0259ks\u0259r hallarda \u015f\u0259ksiz v\u0259t\u0259np\u0259rv\u0259rliyini v\u0259 siyasi m\u0259qs\u0259dini (m\u0259s\u0259l\u0259n, B\u00fct\u00f6v Az\u0259rbaycan, Vahid Az\u0259rbaycan) s\u00fcbut edirdi. \u0130kinci s\u00fctun: islam (\u0130slam h\u0259r\u0259kat\u0131, demokratik islam v\u0259 sair\u0259). \u00dc\u00e7\u00fcnc\u00fc s\u00fctun: istiqlal. (Milli istiqlal, Demokratik istiqlal v\u0259 sair\u0259). D\u00f6rd\u00fcnc\u00fc s\u00fctun: m\u0259nas\u0131 geni\u015f k\u00fctl\u0259y\u0259 yax\u015f\u0131 b\u0259lli olmayan \u0259r\u0259b s\u00f6zl\u0259ri ( m\u0259s\u0259l\u0259n,Musavat, M\u00fcasir Musavat, T\u0259kam\u00fcl, \u0130drak v\u0259 sair\u0259).<\/p>\n\n\n\n<p>\u0130nsaf xatirin\u0259 etiraf ed\u0259k ki, bu qurumlar\u0131n bir ne\u00e7\u0259si partiya ad\u0131na layiq oldu\u011funu s\u00fcbut etm\u0259k ist\u0259di, mill\u0259t v\u0259kili v\u0259 h\u0259tta prezident m\u0259qam\u0131 u\u011frunda m\u00fcbariz\u0259y\u0259 giri\u015fdi. B\u0259zil\u0259rinin b\u0259xti h\u0259tta g\u0259tirdi, Prezident Aparat\u0131 onlar\u0131n adlar\u0131n\u0131 prezidentliy\u0259 v\u0259 deputatl\u0131\u011fa namiz\u0259d&nbsp; siyah\u0131s\u0131na sald\u0131, prezidentliy\u0259 namiz\u0259dl\u0259r\u0259 se\u00e7ki kampaniyas\u0131nda televiziya il\u0259 be\u015f d\u0259qiq\u0259 dan\u0131\u015fma\u011fa izn verildi, b\u0259zil\u0259rin\u0259 h\u0259tta mill\u0259t v\u0259kili mandat\u0131 b\u0259x\u015f edildi.<\/p>\n\n\n\n<p>Lakin ba\u015f\u0131 azca i\u015fl\u0259y\u0259n h\u0259r k\u0259s anlay\u0131rd\u0131 ki, bu partiyalar Prezident Aparat\u0131n\u0131n \u00f6lk\u0259d\u0259 oynad\u0131\u011f\u0131 siyasi k\u0259l\u0259kl\u0259rd\u0259 al\u0259td\u0259n savay\u0131 bir \u015fey deyill\u0259r. Zira Az\u0259rbaycanda siyas\u0259t deyil\u0259n t\u0259zah\u00fcr\u0259, (DTK-n\u0131n qoluna sa\u011fl\u0131q) 1989-cu ilin iyul ay\u0131n\u0131n 19-da bilm\u0259rr\u0259 son qoyulmu\u015fdur.<\/p>\n\n\n\n<p>Preziden Aparat\u0131 zahir\u0259n demokratik say\u0131lan, \u0259slind\u0259 is\u0259 demokratiyan\u0131 \u0259l\u0259 salan bu partiya bollu\u011fundan nec\u0259 faydalan\u0131rd\u0131? Se\u00e7ki haqq\u0131nda qanun el\u0259 t\u0259rtib edilirdi ki, elan edil\u0259c\u0259k n\u0259tic\u0259 M\u0259rk\u0259zi Se\u00e7ki Komissiyas\u0131na (MSK) Prezident Aparat\u0131n\u0131n sifari\u015fini z\u0259rg\u0259r d\u0259qiqliyi il\u0259 yerin\u0259 yetirm\u0259y\u0259 rahat \u015f\u0259rait yarats\u0131n. 57 partiya aras\u0131ndan se\u00e7kid\u0259 i\u015ftirak etm\u0259y\u0259 hal\u0131 olan 10 partiyadan bu se\u00e7ki qanununu t\u0259hlil edib onun h\u0259qiqi m\u0259qs\u0259dini anlama\u011fa z\u0259ka q\u00fcdr\u0259ti \u00e7atan 3 pariya s\u0259s-k\u00fcy sal\u0131b deyirdi ki, <em>\u201cBel\u0259 se\u00e7ki qanunu il\u0259 se\u00e7kiy\u0259 getm\u0259yin he\u00e7 bir m\u0259nas\u0131 yoxdur, g\u0259lin bu f\u0131r\u0131ldaq se\u00e7kil\u0259ri boykot ed\u0259k, he\u00e7 bir partiya bu r\u0259zal\u0259t\u0259 qo\u015fulmas\u0131n\u201d<\/em>. Bu zaman Prezident Aparat\u0131nda m\u00fcbar\u0259k bir barmaq yuxar\u0131 qovzan\u0131b a\u015fa\u011f\u0131, sehirli bir d\u00fcym\u0259nin \u00fcst\u00fcn\u0259 enirdi v\u0259 \u00f6mr\u00fcnd\u0259 he\u00e7 bir se\u00e7kid\u0259 i\u015ftirak etm\u0259mi\u015f guya ki partiya s\u0259drl\u0259ri ba\u011f\u0131r\u0131rd\u0131lar ki, <em>\u201cbiz i\u015ftirak etm\u0259y\u0259 haz\u0131r\u0131q\u201d. <\/em>T\u0259bii ki, onlar bunun \u0259v\u0259zind\u0259 s\u0259dr h\u0259zr\u0259tl\u0259ri \u00fc\u00e7\u00fcn bir d\u0259n\u0259 deputat mandat\u0131 almaq ehtiras\u0131 il\u0259 yan\u0131b-yax\u0131l\u0131rd\u0131lar.<\/p>\n\n\n\n<p>Lakin art\u0131q ayd\u0131nd\u0131r ki, hakimiyy\u0259t oyun \u015f\u0259rtl\u0259rini d\u0259yi\u015fdirm\u0259k q\u0259rar\u0131na g\u0259lib. Bu t\u0259z\u0259 \u015f\u0259rtl\u0259r n\u0259 ola bil\u0259r?<\/p>\n\n\n\n<p>T\u0259bii ki, ehtimal \u00fc\u00e7\u00fcn h\u0259qir b\u0259nd\u0259nizin h\u0259r hans\u0131 d\u0259qiq m\u0259lumat m\u0259nb\u0259yi yoxdur. Lakin Az\u0259rbaycan adlanan siyasi m\u0259kan\u0131n d\u0259yi\u015fm\u0259z, az qala \u0259b\u0259di qanunlar\u0131 var v\u0259 onlar\u0131 t\u0259s\u0259vv\u00fcr\u00fcm\u00fcz\u0259 g\u0259tirs\u0259k, n\u0259yi is\u0259 t\u0259xmin ed\u0259 bil\u0259rik. N\u0259dir bu qanunlar?<\/p>\n\n\n\n<p><strong>1<\/strong>.<em> Az\u0259rbaycan Respublikas\u0131n\u0131n prezidenti m\u00fctl\u0259q \u018fliyev olmal\u0131d\u0131r.<\/em><\/p>\n\n\n\n<p><strong>2.<\/strong><em>Siyas\u0259t m\u00fch\u0259rrikinin yanaca\u011f\u0131 say\u0131lan maliyy\u0259 v\u0259saitinin 99%-i \u018fliyevl\u0259rin tam n\u0259zar\u0259tind\u0259 olmal\u0131d\u0131r<\/em>.<\/p>\n\n\n\n<p><strong>3.<\/strong><em>\u00d6lk\u0259 \u0259halisinin 10%-n\u0259 \u018fliyevl\u0259rin sayeyi-m\u0259rh\u0259m\u0259tind\u0259n \u00f6lk\u0259 s\u0259rv\u0259tind\u0259n nu\u015f etm\u0259k h\u00fcququ verilir. Bu&nbsp; 10%, \u00fcst\u0259g\u0259l 20% b\u00fcdc\u0259d\u0259n maliyy\u0259l\u0259\u015f\u0259nl\u0259r se\u00e7kinin taleyini h\u0259ll edirl\u0259r.<\/em><\/p>\n\n\n\n<p><strong>4.<\/strong><em>\u018fhalinin 60%-i d\u0259rind\u0259n inanmal\u0131d\u0131r ki, ondan he\u00e7 n\u0259 as\u0131l\u0131 deyil v\u0259 se\u00e7kid\u0259 i\u015ftirak s\u0259fehliyin zirv\u0259sidir.<\/em><\/p>\n\n\n\n<p><strong>5.<\/strong><em>Az\u0259rbaycan Konstitusiyas\u0131n\u0131n Birinci madd\u0259sin\u0259 sad\u0259l\u00f6vhc\u0259sin\u0259 inanm\u0131\u015f b\u0259zi v\u0259t\u0259nda\u015flar\u0131 \u00f6lk\u0259nin h\u00fcquq-m\u00fchafiz\u0259 qurumlar\u0131 \u0259zib tapdanm\u0131\u015f \u0259ncir\u0259 d\u00f6nd\u0259rir<\/em>.<\/p>\n\n\n\n<p><strong>6<\/strong><em><strong>.<\/strong>Siyasi t\u0259mizl\u0259m\u0259 \u0259m\u0259liyyat\u0131ndan sa\u011f \u00e7\u0131xm\u0131\u015f 3-5 siyasi partiyan\u0131n h\u0259r\u0259sin\u0259 Milli M\u0259clisd\u0259 2-3 deputat mandat\u0131 b\u0259x\u015f edilir.<\/em><\/p>\n\n\n\n<p><strong>7.<\/strong><em>M\u0259rk\u0259zi Se\u00e7ki Komissiyas\u0131na tap\u015f\u0131r\u0131l\u0131r ki, se\u00e7ki k\u0259l\u0259kl\u0259rini daha y\u00fcks\u0259k pe\u015f\u0259karl\u0131qla v\u0259 daha inc\u0259 h\u0259yata ke\u00e7irsin.<\/em><\/p>\n\n\n\n<p>D\u0259xi bundan sonra Az\u0259rbaycanda 57 partiyaya ehtiyac qalm\u0131r. H\u0259qiq\u0259t\u0259n, siyasi alverd\u0259 \u0259l-aya\u011fa dola\u015f\u0131b z\u0259hl\u0259 t\u00f6k\u0259n \u0259ks\u0259r\u0259n s\u0259viyy\u0259siz m\u0259xluqata g\u0259l\u0259c\u0259k Az\u0259rbaycanda he\u00e7 bir ehtiyac yoxdur.<\/p>\n","protected":false},"excerpt":{"rendered":"<p>Z\u0259rd\u00fc\u015ft \u018flizad\u0259 H\u0259r \u015fey Xalq C\u0259bh\u0259sind\u0259n ba\u015flad\u0131&#8230; T\u0259mizl\u0259m\u0259 s\u00f6z\u00fcn\u00fc ad\u0259t\u0259n &#8230; <\/p>\n<p class=\"read-more-container\"><a title=\"T\u0259mizl\u0259m\u0259\" class=\"read-more button\" href=\"https:\/\/www.meydan.tv\/az\/article\/temizleme\/#more-273474\" aria-label=\"Read more about T\u0259mizl\u0259m\u0259\">Davam\u0131<\/a><\/p>\n","protected":false},"author":8,"featured_media":126823,"comment_status":"closed","ping_status":"closed","sticky":false,"template":"","format":"standard","meta":{"_acf_changed":false,"_sitemap_exclude":false,"_sitemap_priority":"","_sitemap_frequency":"","footnotes":""},"categories":[57],"tags":[],"class_list":["post-273474","post","type-post","status-publish","format-standard","has-post-thumbnail","hentry","category-menim-fikrimce","infinite-scroll-item","generate-columns","tablet-grid-50","mobile-grid-100","grid-parent","grid-33","no-featured-image-padding"],"acf":[],"yoast_head":"<!-- This site is optimized with the Yoast SEO plugin v27.4 - https:\/\/yoast.com\/product\/yoast-seo-wordpress\/ -->\n<title>T\u0259mizl\u0259m\u0259 - MEYDAN.TV<\/title>\n<meta name=\"robots\" content=\"index, follow, max-snippet:-1, max-image-preview:large, max-video-preview:-1\" \/>\n<link rel=\"canonical\" href=\"https:\/\/www.meydan.tv\/az\/article\/temizleme\/\" \/>\n<meta property=\"og:locale\" content=\"az_AZ\" \/>\n<meta property=\"og:type\" content=\"article\" \/>\n<meta property=\"og:title\" content=\"T\u0259mizl\u0259m\u0259 - MEYDAN.TV\" \/>\n<meta property=\"og:description\" content=\"Z\u0259rd\u00fc\u015ft \u018flizad\u0259 H\u0259r \u015fey Xalq C\u0259bh\u0259sind\u0259n ba\u015flad\u0131&#8230; T\u0259mizl\u0259m\u0259 s\u00f6z\u00fcn\u00fc ad\u0259t\u0259n ... Davam\u0131\" \/>\n<meta property=\"og:url\" content=\"https:\/\/www.meydan.tv\/az\/article\/temizleme\/\" \/>\n<meta property=\"og:site_name\" content=\"MEYDAN.TV\" \/>\n<meta property=\"article:published_time\" content=\"2023-04-21T09:42:13+00:00\" \/>\n<meta property=\"article:modified_time\" content=\"2023-04-22T21:53:21+00:00\" \/>\n<meta property=\"og:image\" content=\"https:\/\/www.meydan.tv\/wp-content\/uploads\/image_from_ios_2_p52ittc.original.original-scaled-e1682070233838.jpg\" \/>\n\t<meta property=\"og:image:width\" content=\"2560\" \/>\n\t<meta property=\"og:image:height\" content=\"1158\" \/>\n\t<meta property=\"og:image:type\" content=\"image\/jpeg\" \/>\n<meta name=\"author\" content=\"elli\" \/>\n<meta name=\"twitter:card\" content=\"summary_large_image\" \/>\n<meta name=\"twitter:creator\" content=\"@elli\" \/>\n<script type=\"application\/ld+json\" class=\"yoast-schema-graph\">{\"@context\":\"https:\\\/\\\/schema.org\",\"@graph\":[{\"@type\":\"Article\",\"@id\":\"https:\\\/\\\/www.meydan.tv\\\/az\\\/article\\\/temizleme\\\/#article\",\"isPartOf\":{\"@id\":\"https:\\\/\\\/www.meydan.tv\\\/az\\\/article\\\/temizleme\\\/\"},\"author\":{\"name\":\"elli\",\"@id\":\"https:\\\/\\\/www.meydan.tv\\\/az\\\/#\\\/schema\\\/person\\\/9cdbecf90d17180ce1dfbd95b08dcf47\"},\"headline\":\"T\u0259mizl\u0259m\u0259\",\"datePublished\":\"2023-04-21T09:42:13+00:00\",\"dateModified\":\"2023-04-22T21:53:21+00:00\",\"mainEntityOfPage\":{\"@id\":\"https:\\\/\\\/www.meydan.tv\\\/az\\\/article\\\/temizleme\\\/\"},\"wordCount\":1434,\"publisher\":{\"@id\":\"https:\\\/\\\/www.meydan.tv\\\/az\\\/#organization\"},\"image\":{\"@id\":\"https:\\\/\\\/www.meydan.tv\\\/az\\\/article\\\/temizleme\\\/#primaryimage\"},\"thumbnailUrl\":\"https:\\\/\\\/www.meydan.tv\\\/wp-content\\\/uploads\\\/image_from_ios_2_p52ittc.original.original-scaled-e1682070233838.jpg\",\"articleSection\":[\"M\u0259nim Fikrimc\u0259\"],\"inLanguage\":\"az\"},{\"@type\":\"WebPage\",\"@id\":\"https:\\\/\\\/www.meydan.tv\\\/az\\\/article\\\/temizleme\\\/\",\"url\":\"https:\\\/\\\/www.meydan.tv\\\/az\\\/article\\\/temizleme\\\/\",\"name\":\"T\u0259mizl\u0259m\u0259 - MEYDAN.TV\",\"isPartOf\":{\"@id\":\"https:\\\/\\\/www.meydan.tv\\\/az\\\/#website\"},\"primaryImageOfPage\":{\"@id\":\"https:\\\/\\\/www.meydan.tv\\\/az\\\/article\\\/temizleme\\\/#primaryimage\"},\"image\":{\"@id\":\"https:\\\/\\\/www.meydan.tv\\\/az\\\/article\\\/temizleme\\\/#primaryimage\"},\"thumbnailUrl\":\"https:\\\/\\\/www.meydan.tv\\\/wp-content\\\/uploads\\\/image_from_ios_2_p52ittc.original.original-scaled-e1682070233838.jpg\",\"datePublished\":\"2023-04-21T09:42:13+00:00\",\"dateModified\":\"2023-04-22T21:53:21+00:00\",\"breadcrumb\":{\"@id\":\"https:\\\/\\\/www.meydan.tv\\\/az\\\/article\\\/temizleme\\\/#breadcrumb\"},\"inLanguage\":\"az\",\"potentialAction\":[{\"@type\":\"ReadAction\",\"target\":[\"https:\\\/\\\/www.meydan.tv\\\/az\\\/article\\\/temizleme\\\/\"]}]},{\"@type\":\"ImageObject\",\"inLanguage\":\"az\",\"@id\":\"https:\\\/\\\/www.meydan.tv\\\/az\\\/article\\\/temizleme\\\/#primaryimage\",\"url\":\"https:\\\/\\\/www.meydan.tv\\\/wp-content\\\/uploads\\\/image_from_ios_2_p52ittc.original.original-scaled-e1682070233838.jpg\",\"contentUrl\":\"https:\\\/\\\/www.meydan.tv\\\/wp-content\\\/uploads\\\/image_from_ios_2_p52ittc.original.original-scaled-e1682070233838.jpg\",\"width\":2560,\"height\":1158,\"caption\":\"Foto: Meydan TV\"},{\"@type\":\"BreadcrumbList\",\"@id\":\"https:\\\/\\\/www.meydan.tv\\\/az\\\/article\\\/temizleme\\\/#breadcrumb\",\"itemListElement\":[{\"@type\":\"ListItem\",\"position\":1,\"name\":\"Ana s\u0259hif\u0259\",\"item\":\"https:\\\/\\\/www.meydan.tv\\\/az\\\/\"},{\"@type\":\"ListItem\",\"position\":2,\"name\":\"M\u0259nim Fikrimc\u0259\",\"item\":\"https:\\\/\\\/www.meydan.tv\\\/az\\\/section\\\/menim-fikrimce\\\/\"},{\"@type\":\"ListItem\",\"position\":3,\"name\":\"T\u0259mizl\u0259m\u0259\"}]},{\"@type\":\"WebSite\",\"@id\":\"https:\\\/\\\/www.meydan.tv\\\/az\\\/#website\",\"url\":\"https:\\\/\\\/www.meydan.tv\\\/az\\\/\",\"name\":\"MEYDAN.TV\",\"description\":\"Meydan TV Az\u0259rbaycan\u0131n media m\u0259kan\u0131ndak\u0131 alternativ s\u0259sidir\",\"publisher\":{\"@id\":\"https:\\\/\\\/www.meydan.tv\\\/az\\\/#organization\"},\"potentialAction\":[{\"@type\":\"SearchAction\",\"target\":{\"@type\":\"EntryPoint\",\"urlTemplate\":\"https:\\\/\\\/www.meydan.tv\\\/az\\\/?s={search_term_string}\"},\"query-input\":{\"@type\":\"PropertyValueSpecification\",\"valueRequired\":true,\"valueName\":\"search_term_string\"}}],\"inLanguage\":\"az\"},{\"@type\":\"Organization\",\"@id\":\"https:\\\/\\\/www.meydan.tv\\\/az\\\/#organization\",\"name\":\"Meydan TV\",\"url\":\"https:\\\/\\\/www.meydan.tv\\\/az\\\/\",\"logo\":{\"@type\":\"ImageObject\",\"inLanguage\":\"az\",\"@id\":\"https:\\\/\\\/www.meydan.tv\\\/az\\\/#\\\/schema\\\/logo\\\/image\\\/\",\"url\":\"https:\\\/\\\/www.meydan.tv\\\/wp-content\\\/uploads\\\/2021\\\/07\\\/meydan-logo.svg\",\"contentUrl\":\"https:\\\/\\\/www.meydan.tv\\\/wp-content\\\/uploads\\\/2021\\\/07\\\/meydan-logo.svg\",\"width\":195,\"height\":46,\"caption\":\"Meydan TV\"},\"image\":{\"@id\":\"https:\\\/\\\/www.meydan.tv\\\/az\\\/#\\\/schema\\\/logo\\\/image\\\/\"}},{\"@type\":\"Person\",\"@id\":\"https:\\\/\\\/www.meydan.tv\\\/az\\\/#\\\/schema\\\/person\\\/9cdbecf90d17180ce1dfbd95b08dcf47\",\"name\":\"elli\",\"sameAs\":[\"https:\\\/\\\/x.com\\\/elli\"]}]}<\/script>\n<!-- \/ Yoast SEO plugin. -->","yoast_head_json":{"title":"T\u0259mizl\u0259m\u0259 - MEYDAN.TV","robots":{"index":"index","follow":"follow","max-snippet":"max-snippet:-1","max-image-preview":"max-image-preview:large","max-video-preview":"max-video-preview:-1"},"canonical":"https:\/\/www.meydan.tv\/az\/article\/temizleme\/","og_locale":"az_AZ","og_type":"article","og_title":"T\u0259mizl\u0259m\u0259 - MEYDAN.TV","og_description":"Z\u0259rd\u00fc\u015ft \u018flizad\u0259 H\u0259r \u015fey Xalq C\u0259bh\u0259sind\u0259n ba\u015flad\u0131&#8230; T\u0259mizl\u0259m\u0259 s\u00f6z\u00fcn\u00fc ad\u0259t\u0259n ... Davam\u0131","og_url":"https:\/\/www.meydan.tv\/az\/article\/temizleme\/","og_site_name":"MEYDAN.TV","article_published_time":"2023-04-21T09:42:13+00:00","article_modified_time":"2023-04-22T21:53:21+00:00","og_image":[{"width":2560,"height":1158,"url":"https:\/\/www.meydan.tv\/wp-content\/uploads\/image_from_ios_2_p52ittc.original.original-scaled-e1682070233838.jpg","type":"image\/jpeg"}],"author":"elli","twitter_card":"summary_large_image","twitter_creator":"@elli","schema":{"@context":"https:\/\/schema.org","@graph":[{"@type":"Article","@id":"https:\/\/www.meydan.tv\/az\/article\/temizleme\/#article","isPartOf":{"@id":"https:\/\/www.meydan.tv\/az\/article\/temizleme\/"},"author":{"name":"elli","@id":"https:\/\/www.meydan.tv\/az\/#\/schema\/person\/9cdbecf90d17180ce1dfbd95b08dcf47"},"headline":"T\u0259mizl\u0259m\u0259","datePublished":"2023-04-21T09:42:13+00:00","dateModified":"2023-04-22T21:53:21+00:00","mainEntityOfPage":{"@id":"https:\/\/www.meydan.tv\/az\/article\/temizleme\/"},"wordCount":1434,"publisher":{"@id":"https:\/\/www.meydan.tv\/az\/#organization"},"image":{"@id":"https:\/\/www.meydan.tv\/az\/article\/temizleme\/#primaryimage"},"thumbnailUrl":"https:\/\/www.meydan.tv\/wp-content\/uploads\/image_from_ios_2_p52ittc.original.original-scaled-e1682070233838.jpg","articleSection":["M\u0259nim Fikrimc\u0259"],"inLanguage":"az"},{"@type":"WebPage","@id":"https:\/\/www.meydan.tv\/az\/article\/temizleme\/","url":"https:\/\/www.meydan.tv\/az\/article\/temizleme\/","name":"T\u0259mizl\u0259m\u0259 - MEYDAN.TV","isPartOf":{"@id":"https:\/\/www.meydan.tv\/az\/#website"},"primaryImageOfPage":{"@id":"https:\/\/www.meydan.tv\/az\/article\/temizleme\/#primaryimage"},"image":{"@id":"https:\/\/www.meydan.tv\/az\/article\/temizleme\/#primaryimage"},"thumbnailUrl":"https:\/\/www.meydan.tv\/wp-content\/uploads\/image_from_ios_2_p52ittc.original.original-scaled-e1682070233838.jpg","datePublished":"2023-04-21T09:42:13+00:00","dateModified":"2023-04-22T21:53:21+00:00","breadcrumb":{"@id":"https:\/\/www.meydan.tv\/az\/article\/temizleme\/#breadcrumb"},"inLanguage":"az","potentialAction":[{"@type":"ReadAction","target":["https:\/\/www.meydan.tv\/az\/article\/temizleme\/"]}]},{"@type":"ImageObject","inLanguage":"az","@id":"https:\/\/www.meydan.tv\/az\/article\/temizleme\/#primaryimage","url":"https:\/\/www.meydan.tv\/wp-content\/uploads\/image_from_ios_2_p52ittc.original.original-scaled-e1682070233838.jpg","contentUrl":"https:\/\/www.meydan.tv\/wp-content\/uploads\/image_from_ios_2_p52ittc.original.original-scaled-e1682070233838.jpg","width":2560,"height":1158,"caption":"Foto: Meydan TV"},{"@type":"BreadcrumbList","@id":"https:\/\/www.meydan.tv\/az\/article\/temizleme\/#breadcrumb","itemListElement":[{"@type":"ListItem","position":1,"name":"Ana s\u0259hif\u0259","item":"https:\/\/www.meydan.tv\/az\/"},{"@type":"ListItem","position":2,"name":"M\u0259nim Fikrimc\u0259","item":"https:\/\/www.meydan.tv\/az\/section\/menim-fikrimce\/"},{"@type":"ListItem","position":3,"name":"T\u0259mizl\u0259m\u0259"}]},{"@type":"WebSite","@id":"https:\/\/www.meydan.tv\/az\/#website","url":"https:\/\/www.meydan.tv\/az\/","name":"MEYDAN.TV","description":"Meydan TV Az\u0259rbaycan\u0131n media m\u0259kan\u0131ndak\u0131 alternativ s\u0259sidir","publisher":{"@id":"https:\/\/www.meydan.tv\/az\/#organization"},"potentialAction":[{"@type":"SearchAction","target":{"@type":"EntryPoint","urlTemplate":"https:\/\/www.meydan.tv\/az\/?s={search_term_string}"},"query-input":{"@type":"PropertyValueSpecification","valueRequired":true,"valueName":"search_term_string"}}],"inLanguage":"az"},{"@type":"Organization","@id":"https:\/\/www.meydan.tv\/az\/#organization","name":"Meydan TV","url":"https:\/\/www.meydan.tv\/az\/","logo":{"@type":"ImageObject","inLanguage":"az","@id":"https:\/\/www.meydan.tv\/az\/#\/schema\/logo\/image\/","url":"https:\/\/www.meydan.tv\/wp-content\/uploads\/2021\/07\/meydan-logo.svg","contentUrl":"https:\/\/www.meydan.tv\/wp-content\/uploads\/2021\/07\/meydan-logo.svg","width":195,"height":46,"caption":"Meydan TV"},"image":{"@id":"https:\/\/www.meydan.tv\/az\/#\/schema\/logo\/image\/"}},{"@type":"Person","@id":"https:\/\/www.meydan.tv\/az\/#\/schema\/person\/9cdbecf90d17180ce1dfbd95b08dcf47","name":"elli","sameAs":["https:\/\/x.com\/elli"]}]}},"_links":{"self":[{"href":"https:\/\/www.meydan.tv\/az\/wp-json\/wp\/v2\/posts\/273474","targetHints":{"allow":["GET"]}}],"collection":[{"href":"https:\/\/www.meydan.tv\/az\/wp-json\/wp\/v2\/posts"}],"about":[{"href":"https:\/\/www.meydan.tv\/az\/wp-json\/wp\/v2\/types\/post"}],"author":[{"embeddable":true,"href":"https:\/\/www.meydan.tv\/az\/wp-json\/wp\/v2\/users\/8"}],"replies":[{"embeddable":true,"href":"https:\/\/www.meydan.tv\/az\/wp-json\/wp\/v2\/comments?post=273474"}],"version-history":[{"count":3,"href":"https:\/\/www.meydan.tv\/az\/wp-json\/wp\/v2\/posts\/273474\/revisions"}],"predecessor-version":[{"id":273511,"href":"https:\/\/www.meydan.tv\/az\/wp-json\/wp\/v2\/posts\/273474\/revisions\/273511"}],"wp:featuredmedia":[{"embeddable":true,"href":"https:\/\/www.meydan.tv\/az\/wp-json\/wp\/v2\/media\/126823"}],"wp:attachment":[{"href":"https:\/\/www.meydan.tv\/az\/wp-json\/wp\/v2\/media?parent=273474"}],"wp:term":[{"taxonomy":"category","embeddable":true,"href":"https:\/\/www.meydan.tv\/az\/wp-json\/wp\/v2\/categories?post=273474"},{"taxonomy":"post_tag","embeddable":true,"href":"https:\/\/www.meydan.tv\/az\/wp-json\/wp\/v2\/tags?post=273474"}],"curies":[{"name":"wp","href":"https:\/\/api.w.org\/{rel}","templated":true}]}}