{"id":273448,"date":"2023-04-20T15:55:30","date_gmt":"2023-04-20T11:55:30","guid":{"rendered":"https:\/\/www.meydan.tv\/?p=273448"},"modified":"2023-04-20T15:55:34","modified_gmt":"2023-04-20T11:55:34","slug":"hec-kim-yollara-gore-kende-gelmek-istemir","status":"publish","type":"post","link":"https:\/\/www.meydan.tv\/az\/article\/hec-kim-yollara-gore-kende-gelmek-istemir\/","title":{"rendered":"\u201cHe\u00e7 kim yollara g\u00f6r\u0259 k\u0259nd\u0259 g\u0259lm\u0259k ist\u0259mir\u201d"},"content":{"rendered":"\n<p><\/p>\n\n\n\n<p><strong><em>Mololon sakinl\u0259ri \u015fikay\u0259tl\u0259rinin e\u015fidilm\u0259diyini deyir<\/em><\/strong><br><\/p>\n\n\n\n<p>Masall\u0131 rayonunun Mololon k\u0259nd sakinl\u0259ri yolun v\u0259ziyy\u0259tind\u0259n \u015fikay\u0259t\u00e7idir.<\/p>\n\n\n\n<p>Meydan TV-y\u0259 \u00fcz tutan bir qrup sakin deyir ki, k\u0259ndin yollar\u0131 at\u0131q uzun m\u00fcdd\u0259tdir ki, b\u0259rbad v\u0259ziyy\u0259td\u0259dir. Bununla ba\u011fl\u0131 d\u00f6ym\u0259dikl\u0259ri qap\u0131, \u015fikay\u0259t etm\u0259dikl\u0259ri qurum qalmay\u0131b, amma baxan yoxdur.<\/p>\n\n\n\n<p><em>\u201c\u018fkin sah\u0259l\u0259rin\u0259 ged\u0259 bilmirik\u201d, <\/em>&#8211; sakinl\u0259r deyir.<\/p>\n\n\n\n<figure class=\"wp-block-image size-full\"><img decoding=\"async\" width=\"1200\" height=\"670\" data-src=\"https:\/\/www.meydan.tv\/wp-content\/uploads\/momolon.jpg\" alt=\"\" class=\"wp-image-273445 lazyload\" src=\"data:image\/svg+xml;base64,PHN2ZyB3aWR0aD0iMSIgaGVpZ2h0PSIxIiB4bWxucz0iaHR0cDovL3d3dy53My5vcmcvMjAwMC9zdmciPjwvc3ZnPg==\" style=\"--smush-placeholder-width: 1200px; --smush-placeholder-aspect-ratio: 1200\/670;\" \/><\/figure>\n\n\n\n<p>K\u0259ndin 500-d\u0259n \u00e7ox sakini var. \u015eikay\u0259t\u00e7il\u0259rin s\u00f6zl\u0259rin\u0259 g\u00f6r\u0259, k\u0259l\u0259-k\u00f6t\u00fcr yollar avtomobill\u0259rini tez-tez s\u0131radan \u00e7\u0131x\u0131r, x\u0259rc\u0259 d\u00fc\u015f\u00fcrl\u0259r:<\/p>\n\n\n\n<p><em>\u201cK\u0259nd\u0259 bir d\u0259f\u0259 g\u0259l\u0259n yollara g\u00f6r\u0259 daha g\u0259lm\u0259k ist\u0259mir. Taksil\u0259r d\u0259 m\u0259hz yola g\u00f6r\u0259 qiym\u0259tl\u0259ri art\u0131r\u0131blar. Masall\u0131dan Bak\u0131ya getm\u0259k daha s\u0259rf\u0259lidir\u201d.<\/em><\/p>\n\n\n\n<p><em>\u201cDig\u0259r probleml\u0259ri birt\u0259h\u0259r yoluna qoya bilirik. Amma yollara g\u00fcc\u00fcm\u00fcz \u00e7atm\u0131r, d\u0259f\u0259l\u0259rl\u0259 deyilib, telekanallar da i\u015f\u0131qland\u0131r\u0131blar. Amma n\u0259tic\u0259si olmay\u0131b. N\u0259 ay bitir, n\u0259 d\u0259 onlar\u0131n v\u0259dl\u0259ri\u201d<\/em>,- k\u0259nd sakini Musa Quliyev deyib.<\/p>\n\n\n\n<figure class=\"wp-block-image size-full\"><img decoding=\"async\" width=\"1200\" height=\"664\" data-src=\"https:\/\/www.meydan.tv\/wp-content\/uploads\/molo.jpg\" alt=\"\" class=\"wp-image-273442 lazyload\" src=\"data:image\/svg+xml;base64,PHN2ZyB3aWR0aD0iMSIgaGVpZ2h0PSIxIiB4bWxucz0iaHR0cDovL3d3dy53My5vcmcvMjAwMC9zdmciPjwvc3ZnPg==\" style=\"--smush-placeholder-width: 1200px; --smush-placeholder-aspect-ratio: 1200\/664;\" \/><\/figure>\n\n\n\n<p>K\u0259nd b\u0259l\u0259diyy\u0259sind\u0259n Meydan TV-y\u0259 bildiribl\u0259r ki, h\u0259min yol b\u0259l\u0259diyy\u0259nin deyil, d\u00f6vl\u0259tin n\u0259zar\u0259tind\u0259dir:<\/p>\n\n\n\n<p><em>\u201cProblemi olan k\u0259ndi\u00e7i yollar deyil, Mahmudovar \u00e7\u00f6l yoludur. \u018fvv\u0259l yax\u015f\u0131 v\u0259ziyy\u0259td\u0259 idi, \u0130p\u0259k yolu \u00e7\u0259kil\u0259nd\u0259n sonra yol s\u0131radan \u00e7\u0131xd\u0131, ona g\u00f6r\u0259 d\u0259 t\u0259mir\u0259 ehtiyac yaran\u0131b\u201d.<\/em><\/p>\n\n\n\n<p>B\u0259l\u0259diyy\u0259d\u0259n onu da deyibl\u0259r ki, k\u0259nd qazla\u015fd\u0131r\u0131l\u0131b, daxili yollar b\u0259l\u0259diyy\u0259nin hesab\u0131na t\u0259mir edilir. Bu yol is\u0259 d\u00f6vl\u0259t t\u0259r\u0259find\u0259n t\u0259mir olunmal\u0131d\u0131r.<\/p>\n\n\n\n<p>B\u0259l\u0259diyy\u0259d\u0259n <em>\u201cyolun yax\u0131n vaxtlarda t\u0259mir edil\u0259c\u0259yi g\u00f6zl\u0259nilir\u201d<\/em> deyils\u0259 d\u0259, d\u0259qiq tarix s\u00f6yl\u0259m\u0259yibl\u0259r.<\/p>\n","protected":false},"excerpt":{"rendered":"<p>Mololon sakinl\u0259ri \u015fikay\u0259tl\u0259rinin e\u015fidilm\u0259diyini deyir Masall\u0131 rayonunun Mololon k\u0259nd sakinl\u0259ri &#8230; <\/p>\n<p class=\"read-more-container\"><a title=\"\u201cHe\u00e7 kim yollara g\u00f6r\u0259 k\u0259nd\u0259 g\u0259lm\u0259k ist\u0259mir\u201d\" class=\"read-more button\" href=\"https:\/\/www.meydan.tv\/az\/article\/hec-kim-yollara-gore-kende-gelmek-istemir\/#more-273448\" aria-label=\"Read more about \u201cHe\u00e7 kim yollara g\u00f6r\u0259 k\u0259nd\u0259 g\u0259lm\u0259k ist\u0259mir\u201d\">Davam\u0131<\/a><\/p>\n","protected":false},"author":8,"featured_media":273439,"comment_status":"closed","ping_status":"closed","sticky":false,"template":"","format":"standard","meta":{"_acf_changed":false,"_sitemap_exclude":false,"_sitemap_priority":"","_sitemap_frequency":"","footnotes":""},"categories":[60,56],"tags":[],"class_list":["post-273448","post","type-post","status-publish","format-standard","has-post-thumbnail","hentry","category-bolge","category-xeberler","infinite-scroll-item","generate-columns","tablet-grid-50","mobile-grid-100","grid-parent","grid-33","no-featured-image-padding"],"acf":[],"yoast_head":"<!-- This site is optimized with the Yoast SEO plugin v27.5 - https:\/\/yoast.com\/product\/yoast-seo-wordpress\/ -->\n<title>\u201cHe\u00e7 kim yollara g\u00f6r\u0259 k\u0259nd\u0259 g\u0259lm\u0259k ist\u0259mir\u201d - MEYDAN.TV<\/title>\n<meta name=\"robots\" content=\"index, follow, max-snippet:-1, max-image-preview:large, max-video-preview:-1\" \/>\n<link rel=\"canonical\" href=\"https:\/\/www.meydan.tv\/az\/article\/hec-kim-yollara-gore-kende-gelmek-istemir\/\" \/>\n<meta property=\"og:locale\" content=\"az_AZ\" \/>\n<meta property=\"og:type\" content=\"article\" \/>\n<meta property=\"og:title\" content=\"\u201cHe\u00e7 kim yollara g\u00f6r\u0259 k\u0259nd\u0259 g\u0259lm\u0259k ist\u0259mir\u201d - MEYDAN.TV\" \/>\n<meta property=\"og:description\" content=\"Mololon sakinl\u0259ri \u015fikay\u0259tl\u0259rinin e\u015fidilm\u0259diyini deyir Masall\u0131 rayonunun Mololon k\u0259nd sakinl\u0259ri ... Davam\u0131\" \/>\n<meta property=\"og:url\" content=\"https:\/\/www.meydan.tv\/az\/article\/hec-kim-yollara-gore-kende-gelmek-istemir\/\" \/>\n<meta property=\"og:site_name\" content=\"MEYDAN.TV\" \/>\n<meta property=\"article:published_time\" content=\"2023-04-20T11:55:30+00:00\" \/>\n<meta property=\"article:modified_time\" content=\"2023-04-20T11:55:34+00:00\" \/>\n<meta property=\"og:image\" content=\"https:\/\/www.meydan.tv\/wp-content\/uploads\/mol.jpg\" \/>\n\t<meta property=\"og:image:width\" content=\"907\" \/>\n\t<meta property=\"og:image:height\" content=\"511\" \/>\n\t<meta property=\"og:image:type\" content=\"image\/jpeg\" \/>\n<meta name=\"author\" content=\"elli\" \/>\n<meta name=\"twitter:card\" content=\"summary_large_image\" \/>\n<meta name=\"twitter:creator\" content=\"@elli\" \/>\n<script type=\"application\/ld+json\" class=\"yoast-schema-graph\">{\"@context\":\"https:\\\/\\\/schema.org\",\"@graph\":[{\"@type\":\"Article\",\"@id\":\"https:\\\/\\\/www.meydan.tv\\\/az\\\/article\\\/hec-kim-yollara-gore-kende-gelmek-istemir\\\/#article\",\"isPartOf\":{\"@id\":\"https:\\\/\\\/www.meydan.tv\\\/az\\\/article\\\/hec-kim-yollara-gore-kende-gelmek-istemir\\\/\"},\"author\":{\"name\":\"elli\",\"@id\":\"https:\\\/\\\/www.meydan.tv\\\/az\\\/#\\\/schema\\\/person\\\/9cdbecf90d17180ce1dfbd95b08dcf47\"},\"headline\":\"\u201cHe\u00e7 kim yollara g\u00f6r\u0259 k\u0259nd\u0259 g\u0259lm\u0259k ist\u0259mir\u201d\",\"datePublished\":\"2023-04-20T11:55:30+00:00\",\"dateModified\":\"2023-04-20T11:55:34+00:00\",\"mainEntityOfPage\":{\"@id\":\"https:\\\/\\\/www.meydan.tv\\\/az\\\/article\\\/hec-kim-yollara-gore-kende-gelmek-istemir\\\/\"},\"wordCount\":352,\"publisher\":{\"@id\":\"https:\\\/\\\/www.meydan.tv\\\/az\\\/#organization\"},\"image\":{\"@id\":\"https:\\\/\\\/www.meydan.tv\\\/az\\\/article\\\/hec-kim-yollara-gore-kende-gelmek-istemir\\\/#primaryimage\"},\"thumbnailUrl\":\"https:\\\/\\\/www.meydan.tv\\\/wp-content\\\/uploads\\\/mol.jpg\",\"articleSection\":[\"B\u00f6lg\u0259\",\"X\u0259b\u0259rl\u0259r\"],\"inLanguage\":\"az\"},{\"@type\":\"WebPage\",\"@id\":\"https:\\\/\\\/www.meydan.tv\\\/az\\\/article\\\/hec-kim-yollara-gore-kende-gelmek-istemir\\\/\",\"url\":\"https:\\\/\\\/www.meydan.tv\\\/az\\\/article\\\/hec-kim-yollara-gore-kende-gelmek-istemir\\\/\",\"name\":\"\u201cHe\u00e7 kim yollara g\u00f6r\u0259 k\u0259nd\u0259 g\u0259lm\u0259k ist\u0259mir\u201d - MEYDAN.TV\",\"isPartOf\":{\"@id\":\"https:\\\/\\\/www.meydan.tv\\\/az\\\/#website\"},\"primaryImageOfPage\":{\"@id\":\"https:\\\/\\\/www.meydan.tv\\\/az\\\/article\\\/hec-kim-yollara-gore-kende-gelmek-istemir\\\/#primaryimage\"},\"image\":{\"@id\":\"https:\\\/\\\/www.meydan.tv\\\/az\\\/article\\\/hec-kim-yollara-gore-kende-gelmek-istemir\\\/#primaryimage\"},\"thumbnailUrl\":\"https:\\\/\\\/www.meydan.tv\\\/wp-content\\\/uploads\\\/mol.jpg\",\"datePublished\":\"2023-04-20T11:55:30+00:00\",\"dateModified\":\"2023-04-20T11:55:34+00:00\",\"breadcrumb\":{\"@id\":\"https:\\\/\\\/www.meydan.tv\\\/az\\\/article\\\/hec-kim-yollara-gore-kende-gelmek-istemir\\\/#breadcrumb\"},\"inLanguage\":\"az\",\"potentialAction\":[{\"@type\":\"ReadAction\",\"target\":[\"https:\\\/\\\/www.meydan.tv\\\/az\\\/article\\\/hec-kim-yollara-gore-kende-gelmek-istemir\\\/\"]}]},{\"@type\":\"ImageObject\",\"inLanguage\":\"az\",\"@id\":\"https:\\\/\\\/www.meydan.tv\\\/az\\\/article\\\/hec-kim-yollara-gore-kende-gelmek-istemir\\\/#primaryimage\",\"url\":\"https:\\\/\\\/www.meydan.tv\\\/wp-content\\\/uploads\\\/mol.jpg\",\"contentUrl\":\"https:\\\/\\\/www.meydan.tv\\\/wp-content\\\/uploads\\\/mol.jpg\",\"width\":907,\"height\":511,\"caption\":\"Mololon k\u0259ndinin yolu. Fotolar: Meydan TV\"},{\"@type\":\"BreadcrumbList\",\"@id\":\"https:\\\/\\\/www.meydan.tv\\\/az\\\/article\\\/hec-kim-yollara-gore-kende-gelmek-istemir\\\/#breadcrumb\",\"itemListElement\":[{\"@type\":\"ListItem\",\"position\":1,\"name\":\"Ana s\u0259hif\u0259\",\"item\":\"https:\\\/\\\/www.meydan.tv\\\/az\\\/\"},{\"@type\":\"ListItem\",\"position\":2,\"name\":\"B\u00f6lg\u0259\",\"item\":\"https:\\\/\\\/www.meydan.tv\\\/az\\\/section\\\/bolge\\\/\"},{\"@type\":\"ListItem\",\"position\":3,\"name\":\"\u201cHe\u00e7 kim yollara g\u00f6r\u0259 k\u0259nd\u0259 g\u0259lm\u0259k ist\u0259mir\u201d\"}]},{\"@type\":\"WebSite\",\"@id\":\"https:\\\/\\\/www.meydan.tv\\\/az\\\/#website\",\"url\":\"https:\\\/\\\/www.meydan.tv\\\/az\\\/\",\"name\":\"MEYDAN.TV\",\"description\":\"Meydan TV Az\u0259rbaycan\u0131n media m\u0259kan\u0131ndak\u0131 alternativ s\u0259sidir\",\"publisher\":{\"@id\":\"https:\\\/\\\/www.meydan.tv\\\/az\\\/#organization\"},\"potentialAction\":[{\"@type\":\"SearchAction\",\"target\":{\"@type\":\"EntryPoint\",\"urlTemplate\":\"https:\\\/\\\/www.meydan.tv\\\/az\\\/?s={search_term_string}\"},\"query-input\":{\"@type\":\"PropertyValueSpecification\",\"valueRequired\":true,\"valueName\":\"search_term_string\"}}],\"inLanguage\":\"az\"},{\"@type\":\"Organization\",\"@id\":\"https:\\\/\\\/www.meydan.tv\\\/az\\\/#organization\",\"name\":\"Meydan TV\",\"url\":\"https:\\\/\\\/www.meydan.tv\\\/az\\\/\",\"logo\":{\"@type\":\"ImageObject\",\"inLanguage\":\"az\",\"@id\":\"https:\\\/\\\/www.meydan.tv\\\/az\\\/#\\\/schema\\\/logo\\\/image\\\/\",\"url\":\"https:\\\/\\\/www.meydan.tv\\\/wp-content\\\/uploads\\\/2021\\\/07\\\/meydan-logo.svg\",\"contentUrl\":\"https:\\\/\\\/www.meydan.tv\\\/wp-content\\\/uploads\\\/2021\\\/07\\\/meydan-logo.svg\",\"width\":195,\"height\":46,\"caption\":\"Meydan TV\"},\"image\":{\"@id\":\"https:\\\/\\\/www.meydan.tv\\\/az\\\/#\\\/schema\\\/logo\\\/image\\\/\"}},{\"@type\":\"Person\",\"@id\":\"https:\\\/\\\/www.meydan.tv\\\/az\\\/#\\\/schema\\\/person\\\/9cdbecf90d17180ce1dfbd95b08dcf47\",\"name\":\"elli\",\"sameAs\":[\"https:\\\/\\\/x.com\\\/elli\"]}]}<\/script>\n<!-- \/ Yoast SEO plugin. -->","yoast_head_json":{"title":"\u201cHe\u00e7 kim yollara g\u00f6r\u0259 k\u0259nd\u0259 g\u0259lm\u0259k ist\u0259mir\u201d - MEYDAN.TV","robots":{"index":"index","follow":"follow","max-snippet":"max-snippet:-1","max-image-preview":"max-image-preview:large","max-video-preview":"max-video-preview:-1"},"canonical":"https:\/\/www.meydan.tv\/az\/article\/hec-kim-yollara-gore-kende-gelmek-istemir\/","og_locale":"az_AZ","og_type":"article","og_title":"\u201cHe\u00e7 kim yollara g\u00f6r\u0259 k\u0259nd\u0259 g\u0259lm\u0259k ist\u0259mir\u201d - MEYDAN.TV","og_description":"Mololon sakinl\u0259ri \u015fikay\u0259tl\u0259rinin e\u015fidilm\u0259diyini deyir Masall\u0131 rayonunun Mololon k\u0259nd sakinl\u0259ri ... Davam\u0131","og_url":"https:\/\/www.meydan.tv\/az\/article\/hec-kim-yollara-gore-kende-gelmek-istemir\/","og_site_name":"MEYDAN.TV","article_published_time":"2023-04-20T11:55:30+00:00","article_modified_time":"2023-04-20T11:55:34+00:00","og_image":[{"width":907,"height":511,"url":"https:\/\/www.meydan.tv\/wp-content\/uploads\/mol.jpg","type":"image\/jpeg"}],"author":"elli","twitter_card":"summary_large_image","twitter_creator":"@elli","schema":{"@context":"https:\/\/schema.org","@graph":[{"@type":"Article","@id":"https:\/\/www.meydan.tv\/az\/article\/hec-kim-yollara-gore-kende-gelmek-istemir\/#article","isPartOf":{"@id":"https:\/\/www.meydan.tv\/az\/article\/hec-kim-yollara-gore-kende-gelmek-istemir\/"},"author":{"name":"elli","@id":"https:\/\/www.meydan.tv\/az\/#\/schema\/person\/9cdbecf90d17180ce1dfbd95b08dcf47"},"headline":"\u201cHe\u00e7 kim yollara g\u00f6r\u0259 k\u0259nd\u0259 g\u0259lm\u0259k ist\u0259mir\u201d","datePublished":"2023-04-20T11:55:30+00:00","dateModified":"2023-04-20T11:55:34+00:00","mainEntityOfPage":{"@id":"https:\/\/www.meydan.tv\/az\/article\/hec-kim-yollara-gore-kende-gelmek-istemir\/"},"wordCount":352,"publisher":{"@id":"https:\/\/www.meydan.tv\/az\/#organization"},"image":{"@id":"https:\/\/www.meydan.tv\/az\/article\/hec-kim-yollara-gore-kende-gelmek-istemir\/#primaryimage"},"thumbnailUrl":"https:\/\/www.meydan.tv\/wp-content\/uploads\/mol.jpg","articleSection":["B\u00f6lg\u0259","X\u0259b\u0259rl\u0259r"],"inLanguage":"az"},{"@type":"WebPage","@id":"https:\/\/www.meydan.tv\/az\/article\/hec-kim-yollara-gore-kende-gelmek-istemir\/","url":"https:\/\/www.meydan.tv\/az\/article\/hec-kim-yollara-gore-kende-gelmek-istemir\/","name":"\u201cHe\u00e7 kim yollara g\u00f6r\u0259 k\u0259nd\u0259 g\u0259lm\u0259k ist\u0259mir\u201d - MEYDAN.TV","isPartOf":{"@id":"https:\/\/www.meydan.tv\/az\/#website"},"primaryImageOfPage":{"@id":"https:\/\/www.meydan.tv\/az\/article\/hec-kim-yollara-gore-kende-gelmek-istemir\/#primaryimage"},"image":{"@id":"https:\/\/www.meydan.tv\/az\/article\/hec-kim-yollara-gore-kende-gelmek-istemir\/#primaryimage"},"thumbnailUrl":"https:\/\/www.meydan.tv\/wp-content\/uploads\/mol.jpg","datePublished":"2023-04-20T11:55:30+00:00","dateModified":"2023-04-20T11:55:34+00:00","breadcrumb":{"@id":"https:\/\/www.meydan.tv\/az\/article\/hec-kim-yollara-gore-kende-gelmek-istemir\/#breadcrumb"},"inLanguage":"az","potentialAction":[{"@type":"ReadAction","target":["https:\/\/www.meydan.tv\/az\/article\/hec-kim-yollara-gore-kende-gelmek-istemir\/"]}]},{"@type":"ImageObject","inLanguage":"az","@id":"https:\/\/www.meydan.tv\/az\/article\/hec-kim-yollara-gore-kende-gelmek-istemir\/#primaryimage","url":"https:\/\/www.meydan.tv\/wp-content\/uploads\/mol.jpg","contentUrl":"https:\/\/www.meydan.tv\/wp-content\/uploads\/mol.jpg","width":907,"height":511,"caption":"Mololon k\u0259ndinin yolu. Fotolar: Meydan TV"},{"@type":"BreadcrumbList","@id":"https:\/\/www.meydan.tv\/az\/article\/hec-kim-yollara-gore-kende-gelmek-istemir\/#breadcrumb","itemListElement":[{"@type":"ListItem","position":1,"name":"Ana s\u0259hif\u0259","item":"https:\/\/www.meydan.tv\/az\/"},{"@type":"ListItem","position":2,"name":"B\u00f6lg\u0259","item":"https:\/\/www.meydan.tv\/az\/section\/bolge\/"},{"@type":"ListItem","position":3,"name":"\u201cHe\u00e7 kim yollara g\u00f6r\u0259 k\u0259nd\u0259 g\u0259lm\u0259k ist\u0259mir\u201d"}]},{"@type":"WebSite","@id":"https:\/\/www.meydan.tv\/az\/#website","url":"https:\/\/www.meydan.tv\/az\/","name":"MEYDAN.TV","description":"Meydan TV Az\u0259rbaycan\u0131n media m\u0259kan\u0131ndak\u0131 alternativ s\u0259sidir","publisher":{"@id":"https:\/\/www.meydan.tv\/az\/#organization"},"potentialAction":[{"@type":"SearchAction","target":{"@type":"EntryPoint","urlTemplate":"https:\/\/www.meydan.tv\/az\/?s={search_term_string}"},"query-input":{"@type":"PropertyValueSpecification","valueRequired":true,"valueName":"search_term_string"}}],"inLanguage":"az"},{"@type":"Organization","@id":"https:\/\/www.meydan.tv\/az\/#organization","name":"Meydan TV","url":"https:\/\/www.meydan.tv\/az\/","logo":{"@type":"ImageObject","inLanguage":"az","@id":"https:\/\/www.meydan.tv\/az\/#\/schema\/logo\/image\/","url":"https:\/\/www.meydan.tv\/wp-content\/uploads\/2021\/07\/meydan-logo.svg","contentUrl":"https:\/\/www.meydan.tv\/wp-content\/uploads\/2021\/07\/meydan-logo.svg","width":195,"height":46,"caption":"Meydan TV"},"image":{"@id":"https:\/\/www.meydan.tv\/az\/#\/schema\/logo\/image\/"}},{"@type":"Person","@id":"https:\/\/www.meydan.tv\/az\/#\/schema\/person\/9cdbecf90d17180ce1dfbd95b08dcf47","name":"elli","sameAs":["https:\/\/x.com\/elli"]}]}},"_links":{"self":[{"href":"https:\/\/www.meydan.tv\/az\/wp-json\/wp\/v2\/posts\/273448","targetHints":{"allow":["GET"]}}],"collection":[{"href":"https:\/\/www.meydan.tv\/az\/wp-json\/wp\/v2\/posts"}],"about":[{"href":"https:\/\/www.meydan.tv\/az\/wp-json\/wp\/v2\/types\/post"}],"author":[{"embeddable":true,"href":"https:\/\/www.meydan.tv\/az\/wp-json\/wp\/v2\/users\/8"}],"replies":[{"embeddable":true,"href":"https:\/\/www.meydan.tv\/az\/wp-json\/wp\/v2\/comments?post=273448"}],"version-history":[{"count":1,"href":"https:\/\/www.meydan.tv\/az\/wp-json\/wp\/v2\/posts\/273448\/revisions"}],"predecessor-version":[{"id":273450,"href":"https:\/\/www.meydan.tv\/az\/wp-json\/wp\/v2\/posts\/273448\/revisions\/273450"}],"wp:featuredmedia":[{"embeddable":true,"href":"https:\/\/www.meydan.tv\/az\/wp-json\/wp\/v2\/media\/273439"}],"wp:attachment":[{"href":"https:\/\/www.meydan.tv\/az\/wp-json\/wp\/v2\/media?parent=273448"}],"wp:term":[{"taxonomy":"category","embeddable":true,"href":"https:\/\/www.meydan.tv\/az\/wp-json\/wp\/v2\/categories?post=273448"},{"taxonomy":"post_tag","embeddable":true,"href":"https:\/\/www.meydan.tv\/az\/wp-json\/wp\/v2\/tags?post=273448"}],"curies":[{"name":"wp","href":"https:\/\/api.w.org\/{rel}","templated":true}]}}