{"id":273420,"date":"2023-04-20T15:19:09","date_gmt":"2023-04-20T11:19:09","guid":{"rendered":"https:\/\/www.meydan.tv\/?p=273420"},"modified":"2023-04-20T15:19:11","modified_gmt":"2023-04-20T11:19:11","slug":"siyekeranlilar-kendde-yasayis-seraitinin-ne-vaxtsa-duzeleceyine-umidimiz-qalmayib","status":"publish","type":"post","link":"https:\/\/www.meydan.tv\/az\/article\/siyekeranlilar-kendde-yasayis-seraitinin-ne-vaxtsa-duzeleceyine-umidimiz-qalmayib\/","title":{"rendered":"\u015eiy\u0259k\u0259ranl\u0131lar: \u201cK\u0259ndd\u0259 ya\u015fay\u0131\u015f \u015f\u0259raitinin n\u0259 vaxtsa d\u00fcz\u0259l\u0259c\u0259yin\u0259 \u00fcmidimiz qalmay\u0131b\u201d"},"content":{"rendered":"\n<p><\/p>\n\n\n\n<p><strong><em>K\u0259ndlil\u0259r deyir ki, bir az k\u00fcl\u0259k \u0259s\u0259n kimi i\u015f\u0131q s\u00f6n\u00fcr, telefon i\u015fl\u0259mir<\/em><\/strong><\/p>\n\n\n\n<p>\u201c<em>Televizorda Bak\u0131n\u0131n, rayonlar\u0131n inki\u015faf\u0131 il\u0259 ba\u011fl\u0131 x\u0259b\u0259rl\u0259ri izl\u0259yirik. G\u00f6r\u0259s\u0259n, bizim k\u0259ndd\u0259ki v\u0259ziyy\u0259td\u0259n telekanallar\u0131n x\u0259b\u0259ri varm\u0131? Probleml\u0259rimizl\u0259 ba\u011fl\u0131 ara-s\u0131ra m\u0259tbuata \u015fikay\u0259t edirik, s\u00f6z verirl\u0259r, sonra unudulur\u201d.<\/em><\/p>\n\n\n\n<p>Bunu Meydan TV-y\u0259 Astaran\u0131n \u015eiy\u0259k\u0259ran k\u0259ndinin sakinl\u0259ri bildiribl\u0259r. Onlar\u0131n s\u00f6zl\u0259rin\u0259 g\u00f6r\u0259, k\u0259ndd\u0259 ya\u015fay\u0131\u015f \u015f\u0259raitinin n\u0259 vaxtsa d\u00fcz\u0259l\u0259c\u0259yin\u0259 \u00fcmidl\u0259ri qalmay\u0131b. Bir q\u0259d\u0259r imkan\u0131 olanlar k\u0259ndd\u0259n k\u00f6\u00e7\u00fcbl\u0259r. \u0130mkans\u0131z ail\u0259l\u0259r is\u0259 probleml\u0259rin i\u00e7\u0259risind\u0259 \u00f6m\u00fcr s\u00fcr\u00fcrl\u0259r.<\/p>\n\n\n\n<p><em>\u201cYollar b\u0259rbad v\u0259ziyy\u0259td\u0259dir, i\u015f\u0131q dir\u0259kl\u0259ri q\u0259zal\u0131d\u0131r. Bir balaca k\u00fcl\u0259k \u0259s\u0259n kimi i\u015f\u0131q s\u00f6n\u00fcr, telefon i\u015fl\u0259mir. Hava pisl\u0259\u015f\u0259n kimi ma\u011fazalarda \u0259rzaq qalm\u0131r, \u00e7\u00fcnki ham\u0131 al\u0131b ehtiyat saxlay\u0131r\u201d,-<\/em>k\u0259nd sakinl\u0259rind\u0259n Azad M\u0259mm\u0259dov deyib.<\/p>\n\n\n\n<p>Azad M\u0259mm\u0259dov bildirib ki, o da \u00e7oxu kimi dolan\u0131\u015f\u0131q \u00fcz\u00fcnd\u0259n Bak\u0131ya kiray\u0259y\u0259 k\u00f6\u00e7\u00fcb. K\u0259ndd\u0259 ya\u015fayan do\u011fmalar\u0131 il\u0259 tez-tez \u0259laq\u0259 yarada bilmir.<\/p>\n\n\n\n<p><em>\u201cK\u0259nd\u0259 ged\u0259nd\u0259 \u015fam, d\u0259rman, bir az da \u0259rzaq al\u0131b apar\u0131ram. Dolan\u0131\u015f\u0131q \u00e7\u0259tindir. Do\u011frudur, Bak\u0131da da \u00e7\u0259tinlik \u00e7\u0259kirik, amma he\u00e7 olmasa d\u0259rman, \u015fam tap\u0131l\u0131r, mill\u0259t yola, telefonlara g\u00f6r\u0259 \u0259ziyy\u0259t \u00e7\u0259kmir\u201d,-<\/em>Azad deyib.<\/p>\n\n\n\n<figure class=\"wp-block-image size-large\"><img decoding=\"async\" width=\"1200\" height=\"356\" data-src=\"https:\/\/www.meydan.tv\/wp-content\/uploads\/889611e5-f2da-4a64-bc51-94db7b8022e7-1200x356.jpg\" alt=\"\" class=\"wp-image-273375 lazyload\" src=\"data:image\/svg+xml;base64,PHN2ZyB3aWR0aD0iMSIgaGVpZ2h0PSIxIiB4bWxucz0iaHR0cDovL3d3dy53My5vcmcvMjAwMC9zdmciPjwvc3ZnPg==\" style=\"--smush-placeholder-width: 1200px; --smush-placeholder-aspect-ratio: 1200\/356;\" \/><\/figure>\n\n\n\n<p>K\u0259nd sakinl\u0259ri deyirl\u0259r ki, ya\u011f\u0131\u015fl\u0131 havalarda yollar ke\u00e7ilm\u0259z olur, yayda is\u0259 toz-torpaqdan h\u0259r\u0259k\u0259t ed\u0259 bilmirl\u0259r:<\/p>\n\n\n\n<p><em>\u201cYa\u015fl\u0131 valideynl\u0259rim k\u0259ndd\u0259dir, n\u0259 yan\u0131ma g\u0259tir\u0259 bilir\u0259m, n\u0259 d\u0259 gedib k\u0259ndd\u0259 \u00e7al\u0131\u015fma\u011fa i\u015f yoxdur. \u018fkin-bi\u00e7ind\u0259n d\u0259 pul \u00e7\u0131xm\u0131r. K\u0259ndl\u0259r bat\u0131r, t\u0259dbir g\u00f6r\u0259n d\u0259 yoxdur\u201d.<\/em><\/p>\n\n\n\n<p>Dig\u0259r k\u0259nd sakinl\u0259ri deyibl\u0259r ki, probleml\u0259ri o q\u0259d\u0259r \u00e7oxdur, hans\u0131n\u0131 sadalayacaqlar\u0131n\u0131 bilmirl\u0259r. K\u0259ndl\u0259rd\u0259 v\u0259ziyy\u0259t \u00e7\u0259tindir, \u0259kinl\u0259 m\u0259\u015f\u011ful olanlar da g\u00fccl\u0259 dolana bilirl\u0259r. Halbuki, k\u0259ndin t\u0259bi\u0259ti g\u00f6z\u0259ldir, turist c\u0259lb etm\u0259k olar.<\/p>\n\n\n\n<p>\u00d6t\u0259n il k\u0259nd sakinl\u0259ri orta m\u0259kt\u0259bin yar\u0131m\u00e7\u0131q qalm\u0131\u015f t\u0259mir i\u015fl\u0259rind\u0259n \u015fikay\u0259t\u00e7i <a href=\"https:\/\/www.meydan.tv\/az\/article\/astara-sakinleri-kend-mekteblerinin-temiri-yarimciq-qalib\/\" target=\"_blank\" rel=\"noreferrer noopener\">idil\u0259r<\/a>.<br>R\u0259smi m\u0259nb\u0259l\u0259r\u0259 g\u00f6r\u0259, k\u0259ndin 5 min \u0259halisi var. K\u0259nd \u00e7\u0259ltik\u00e7ilikl\u0259 m\u0259\u015fhurdur. Amma sakinl\u0259r deyirl\u0259r ki, d\u00fcy\u00fcd\u0259n d\u0259 qazanmaq \u00e7\u0259tinl\u0259\u015fib.<\/p>\n\n\n\n<p>Astara Rayon \u0130cra Hakimiyy\u0259tind\u0259n is\u0259 bildiribl\u0259r ki, yollarla ba\u011fl\u0131 m\u0259lumatl\u0131d\u0131rlar. K\u0259ndin \u00c7\u0259ton m\u0259h\u0259ll\u0259sind\u0259, o c\u00fcml\u0259d\u0259n dig\u0259r \u0259razil\u0259rd\u0259ki yollarda \u00e7ox yax\u0131n zamanda t\u0259mir i\u015fl\u0259rin\u0259 ba\u015flan\u0131lacaq.<\/p>\n","protected":false},"excerpt":{"rendered":"<p>K\u0259ndlil\u0259r deyir ki, bir az k\u00fcl\u0259k \u0259s\u0259n kimi i\u015f\u0131q s\u00f6n\u00fcr, &#8230; <\/p>\n<p class=\"read-more-container\"><a title=\"\u015eiy\u0259k\u0259ranl\u0131lar: \u201cK\u0259ndd\u0259 ya\u015fay\u0131\u015f \u015f\u0259raitinin n\u0259 vaxtsa d\u00fcz\u0259l\u0259c\u0259yin\u0259 \u00fcmidimiz qalmay\u0131b\u201d\" class=\"read-more button\" href=\"https:\/\/www.meydan.tv\/az\/article\/siyekeranlilar-kendde-yasayis-seraitinin-ne-vaxtsa-duzeleceyine-umidimiz-qalmayib\/#more-273420\" aria-label=\"Read more about \u015eiy\u0259k\u0259ranl\u0131lar: \u201cK\u0259ndd\u0259 ya\u015fay\u0131\u015f \u015f\u0259raitinin n\u0259 vaxtsa d\u00fcz\u0259l\u0259c\u0259yin\u0259 \u00fcmidimiz qalmay\u0131b\u201d\">Davam\u0131<\/a><\/p>\n","protected":false},"author":8,"featured_media":273372,"comment_status":"closed","ping_status":"closed","sticky":false,"template":"","format":"standard","meta":{"_acf_changed":false,"_sitemap_exclude":false,"_sitemap_priority":"","_sitemap_frequency":"","footnotes":""},"categories":[60,56],"tags":[],"class_list":["post-273420","post","type-post","status-publish","format-standard","has-post-thumbnail","hentry","category-bolge","category-xeberler","infinite-scroll-item","generate-columns","tablet-grid-50","mobile-grid-100","grid-parent","grid-33","no-featured-image-padding"],"acf":[],"yoast_head":"<!-- This site is optimized with the Yoast SEO plugin v27.5 - https:\/\/yoast.com\/product\/yoast-seo-wordpress\/ -->\n<title>\u015eiy\u0259k\u0259ranl\u0131lar: \u201cK\u0259ndd\u0259 ya\u015fay\u0131\u015f \u015f\u0259raitinin n\u0259 vaxtsa d\u00fcz\u0259l\u0259c\u0259yin\u0259 \u00fcmidimiz qalmay\u0131b\u201d - MEYDAN.TV<\/title>\n<meta name=\"robots\" content=\"index, follow, max-snippet:-1, max-image-preview:large, max-video-preview:-1\" \/>\n<link rel=\"canonical\" href=\"https:\/\/www.meydan.tv\/az\/article\/siyekeranlilar-kendde-yasayis-seraitinin-ne-vaxtsa-duzeleceyine-umidimiz-qalmayib\/\" \/>\n<meta property=\"og:locale\" content=\"az_AZ\" \/>\n<meta property=\"og:type\" content=\"article\" \/>\n<meta property=\"og:title\" content=\"\u015eiy\u0259k\u0259ranl\u0131lar: \u201cK\u0259ndd\u0259 ya\u015fay\u0131\u015f \u015f\u0259raitinin n\u0259 vaxtsa d\u00fcz\u0259l\u0259c\u0259yin\u0259 \u00fcmidimiz qalmay\u0131b\u201d - MEYDAN.TV\" \/>\n<meta property=\"og:description\" content=\"K\u0259ndlil\u0259r deyir ki, bir az k\u00fcl\u0259k \u0259s\u0259n kimi i\u015f\u0131q s\u00f6n\u00fcr, ... Davam\u0131\" \/>\n<meta property=\"og:url\" content=\"https:\/\/www.meydan.tv\/az\/article\/siyekeranlilar-kendde-yasayis-seraitinin-ne-vaxtsa-duzeleceyine-umidimiz-qalmayib\/\" \/>\n<meta property=\"og:site_name\" content=\"MEYDAN.TV\" \/>\n<meta property=\"article:published_time\" content=\"2023-04-20T11:19:09+00:00\" \/>\n<meta property=\"article:modified_time\" content=\"2023-04-20T11:19:11+00:00\" \/>\n<meta property=\"og:image\" content=\"https:\/\/www.meydan.tv\/wp-content\/uploads\/df212f72-d4fc-4fff-bfd2-9a26c124e9e7.jpg\" \/>\n\t<meta property=\"og:image:width\" content=\"1280\" \/>\n\t<meta property=\"og:image:height\" content=\"523\" \/>\n\t<meta property=\"og:image:type\" content=\"image\/jpeg\" \/>\n<meta name=\"author\" content=\"elli\" \/>\n<meta name=\"twitter:card\" content=\"summary_large_image\" \/>\n<meta name=\"twitter:creator\" content=\"@elli\" \/>\n<script type=\"application\/ld+json\" class=\"yoast-schema-graph\">{\"@context\":\"https:\\\/\\\/schema.org\",\"@graph\":[{\"@type\":\"Article\",\"@id\":\"https:\\\/\\\/www.meydan.tv\\\/az\\\/article\\\/siyekeranlilar-kendde-yasayis-seraitinin-ne-vaxtsa-duzeleceyine-umidimiz-qalmayib\\\/#article\",\"isPartOf\":{\"@id\":\"https:\\\/\\\/www.meydan.tv\\\/az\\\/article\\\/siyekeranlilar-kendde-yasayis-seraitinin-ne-vaxtsa-duzeleceyine-umidimiz-qalmayib\\\/\"},\"author\":{\"name\":\"elli\",\"@id\":\"https:\\\/\\\/www.meydan.tv\\\/az\\\/#\\\/schema\\\/person\\\/9cdbecf90d17180ce1dfbd95b08dcf47\"},\"headline\":\"\u015eiy\u0259k\u0259ranl\u0131lar: \u201cK\u0259ndd\u0259 ya\u015fay\u0131\u015f \u015f\u0259raitinin n\u0259 vaxtsa d\u00fcz\u0259l\u0259c\u0259yin\u0259 \u00fcmidimiz qalmay\u0131b\u201d\",\"datePublished\":\"2023-04-20T11:19:09+00:00\",\"dateModified\":\"2023-04-20T11:19:11+00:00\",\"mainEntityOfPage\":{\"@id\":\"https:\\\/\\\/www.meydan.tv\\\/az\\\/article\\\/siyekeranlilar-kendde-yasayis-seraitinin-ne-vaxtsa-duzeleceyine-umidimiz-qalmayib\\\/\"},\"wordCount\":522,\"publisher\":{\"@id\":\"https:\\\/\\\/www.meydan.tv\\\/az\\\/#organization\"},\"image\":{\"@id\":\"https:\\\/\\\/www.meydan.tv\\\/az\\\/article\\\/siyekeranlilar-kendde-yasayis-seraitinin-ne-vaxtsa-duzeleceyine-umidimiz-qalmayib\\\/#primaryimage\"},\"thumbnailUrl\":\"https:\\\/\\\/www.meydan.tv\\\/wp-content\\\/uploads\\\/df212f72-d4fc-4fff-bfd2-9a26c124e9e7.jpg\",\"articleSection\":[\"B\u00f6lg\u0259\",\"X\u0259b\u0259rl\u0259r\"],\"inLanguage\":\"az\"},{\"@type\":\"WebPage\",\"@id\":\"https:\\\/\\\/www.meydan.tv\\\/az\\\/article\\\/siyekeranlilar-kendde-yasayis-seraitinin-ne-vaxtsa-duzeleceyine-umidimiz-qalmayib\\\/\",\"url\":\"https:\\\/\\\/www.meydan.tv\\\/az\\\/article\\\/siyekeranlilar-kendde-yasayis-seraitinin-ne-vaxtsa-duzeleceyine-umidimiz-qalmayib\\\/\",\"name\":\"\u015eiy\u0259k\u0259ranl\u0131lar: \u201cK\u0259ndd\u0259 ya\u015fay\u0131\u015f \u015f\u0259raitinin n\u0259 vaxtsa d\u00fcz\u0259l\u0259c\u0259yin\u0259 \u00fcmidimiz qalmay\u0131b\u201d - MEYDAN.TV\",\"isPartOf\":{\"@id\":\"https:\\\/\\\/www.meydan.tv\\\/az\\\/#website\"},\"primaryImageOfPage\":{\"@id\":\"https:\\\/\\\/www.meydan.tv\\\/az\\\/article\\\/siyekeranlilar-kendde-yasayis-seraitinin-ne-vaxtsa-duzeleceyine-umidimiz-qalmayib\\\/#primaryimage\"},\"image\":{\"@id\":\"https:\\\/\\\/www.meydan.tv\\\/az\\\/article\\\/siyekeranlilar-kendde-yasayis-seraitinin-ne-vaxtsa-duzeleceyine-umidimiz-qalmayib\\\/#primaryimage\"},\"thumbnailUrl\":\"https:\\\/\\\/www.meydan.tv\\\/wp-content\\\/uploads\\\/df212f72-d4fc-4fff-bfd2-9a26c124e9e7.jpg\",\"datePublished\":\"2023-04-20T11:19:09+00:00\",\"dateModified\":\"2023-04-20T11:19:11+00:00\",\"breadcrumb\":{\"@id\":\"https:\\\/\\\/www.meydan.tv\\\/az\\\/article\\\/siyekeranlilar-kendde-yasayis-seraitinin-ne-vaxtsa-duzeleceyine-umidimiz-qalmayib\\\/#breadcrumb\"},\"inLanguage\":\"az\",\"potentialAction\":[{\"@type\":\"ReadAction\",\"target\":[\"https:\\\/\\\/www.meydan.tv\\\/az\\\/article\\\/siyekeranlilar-kendde-yasayis-seraitinin-ne-vaxtsa-duzeleceyine-umidimiz-qalmayib\\\/\"]}]},{\"@type\":\"ImageObject\",\"inLanguage\":\"az\",\"@id\":\"https:\\\/\\\/www.meydan.tv\\\/az\\\/article\\\/siyekeranlilar-kendde-yasayis-seraitinin-ne-vaxtsa-duzeleceyine-umidimiz-qalmayib\\\/#primaryimage\",\"url\":\"https:\\\/\\\/www.meydan.tv\\\/wp-content\\\/uploads\\\/df212f72-d4fc-4fff-bfd2-9a26c124e9e7.jpg\",\"contentUrl\":\"https:\\\/\\\/www.meydan.tv\\\/wp-content\\\/uploads\\\/df212f72-d4fc-4fff-bfd2-9a26c124e9e7.jpg\",\"width\":1280,\"height\":523,\"caption\":\"\u015eiy\u0259k\u0259ran k\u0259ndi. Fotolar: Meydan TV\"},{\"@type\":\"BreadcrumbList\",\"@id\":\"https:\\\/\\\/www.meydan.tv\\\/az\\\/article\\\/siyekeranlilar-kendde-yasayis-seraitinin-ne-vaxtsa-duzeleceyine-umidimiz-qalmayib\\\/#breadcrumb\",\"itemListElement\":[{\"@type\":\"ListItem\",\"position\":1,\"name\":\"Ana s\u0259hif\u0259\",\"item\":\"https:\\\/\\\/www.meydan.tv\\\/az\\\/\"},{\"@type\":\"ListItem\",\"position\":2,\"name\":\"B\u00f6lg\u0259\",\"item\":\"https:\\\/\\\/www.meydan.tv\\\/az\\\/section\\\/bolge\\\/\"},{\"@type\":\"ListItem\",\"position\":3,\"name\":\"\u015eiy\u0259k\u0259ranl\u0131lar: \u201cK\u0259ndd\u0259 ya\u015fay\u0131\u015f \u015f\u0259raitinin n\u0259 vaxtsa d\u00fcz\u0259l\u0259c\u0259yin\u0259 \u00fcmidimiz qalmay\u0131b\u201d\"}]},{\"@type\":\"WebSite\",\"@id\":\"https:\\\/\\\/www.meydan.tv\\\/az\\\/#website\",\"url\":\"https:\\\/\\\/www.meydan.tv\\\/az\\\/\",\"name\":\"MEYDAN.TV\",\"description\":\"Meydan TV Az\u0259rbaycan\u0131n media m\u0259kan\u0131ndak\u0131 alternativ s\u0259sidir\",\"publisher\":{\"@id\":\"https:\\\/\\\/www.meydan.tv\\\/az\\\/#organization\"},\"potentialAction\":[{\"@type\":\"SearchAction\",\"target\":{\"@type\":\"EntryPoint\",\"urlTemplate\":\"https:\\\/\\\/www.meydan.tv\\\/az\\\/?s={search_term_string}\"},\"query-input\":{\"@type\":\"PropertyValueSpecification\",\"valueRequired\":true,\"valueName\":\"search_term_string\"}}],\"inLanguage\":\"az\"},{\"@type\":\"Organization\",\"@id\":\"https:\\\/\\\/www.meydan.tv\\\/az\\\/#organization\",\"name\":\"Meydan TV\",\"url\":\"https:\\\/\\\/www.meydan.tv\\\/az\\\/\",\"logo\":{\"@type\":\"ImageObject\",\"inLanguage\":\"az\",\"@id\":\"https:\\\/\\\/www.meydan.tv\\\/az\\\/#\\\/schema\\\/logo\\\/image\\\/\",\"url\":\"https:\\\/\\\/www.meydan.tv\\\/wp-content\\\/uploads\\\/2021\\\/07\\\/meydan-logo.svg\",\"contentUrl\":\"https:\\\/\\\/www.meydan.tv\\\/wp-content\\\/uploads\\\/2021\\\/07\\\/meydan-logo.svg\",\"width\":195,\"height\":46,\"caption\":\"Meydan TV\"},\"image\":{\"@id\":\"https:\\\/\\\/www.meydan.tv\\\/az\\\/#\\\/schema\\\/logo\\\/image\\\/\"}},{\"@type\":\"Person\",\"@id\":\"https:\\\/\\\/www.meydan.tv\\\/az\\\/#\\\/schema\\\/person\\\/9cdbecf90d17180ce1dfbd95b08dcf47\",\"name\":\"elli\",\"sameAs\":[\"https:\\\/\\\/x.com\\\/elli\"]}]}<\/script>\n<!-- \/ Yoast SEO plugin. -->","yoast_head_json":{"title":"\u015eiy\u0259k\u0259ranl\u0131lar: \u201cK\u0259ndd\u0259 ya\u015fay\u0131\u015f \u015f\u0259raitinin n\u0259 vaxtsa d\u00fcz\u0259l\u0259c\u0259yin\u0259 \u00fcmidimiz qalmay\u0131b\u201d - MEYDAN.TV","robots":{"index":"index","follow":"follow","max-snippet":"max-snippet:-1","max-image-preview":"max-image-preview:large","max-video-preview":"max-video-preview:-1"},"canonical":"https:\/\/www.meydan.tv\/az\/article\/siyekeranlilar-kendde-yasayis-seraitinin-ne-vaxtsa-duzeleceyine-umidimiz-qalmayib\/","og_locale":"az_AZ","og_type":"article","og_title":"\u015eiy\u0259k\u0259ranl\u0131lar: \u201cK\u0259ndd\u0259 ya\u015fay\u0131\u015f \u015f\u0259raitinin n\u0259 vaxtsa d\u00fcz\u0259l\u0259c\u0259yin\u0259 \u00fcmidimiz qalmay\u0131b\u201d - MEYDAN.TV","og_description":"K\u0259ndlil\u0259r deyir ki, bir az k\u00fcl\u0259k \u0259s\u0259n kimi i\u015f\u0131q s\u00f6n\u00fcr, ... Davam\u0131","og_url":"https:\/\/www.meydan.tv\/az\/article\/siyekeranlilar-kendde-yasayis-seraitinin-ne-vaxtsa-duzeleceyine-umidimiz-qalmayib\/","og_site_name":"MEYDAN.TV","article_published_time":"2023-04-20T11:19:09+00:00","article_modified_time":"2023-04-20T11:19:11+00:00","og_image":[{"width":1280,"height":523,"url":"https:\/\/www.meydan.tv\/wp-content\/uploads\/df212f72-d4fc-4fff-bfd2-9a26c124e9e7.jpg","type":"image\/jpeg"}],"author":"elli","twitter_card":"summary_large_image","twitter_creator":"@elli","schema":{"@context":"https:\/\/schema.org","@graph":[{"@type":"Article","@id":"https:\/\/www.meydan.tv\/az\/article\/siyekeranlilar-kendde-yasayis-seraitinin-ne-vaxtsa-duzeleceyine-umidimiz-qalmayib\/#article","isPartOf":{"@id":"https:\/\/www.meydan.tv\/az\/article\/siyekeranlilar-kendde-yasayis-seraitinin-ne-vaxtsa-duzeleceyine-umidimiz-qalmayib\/"},"author":{"name":"elli","@id":"https:\/\/www.meydan.tv\/az\/#\/schema\/person\/9cdbecf90d17180ce1dfbd95b08dcf47"},"headline":"\u015eiy\u0259k\u0259ranl\u0131lar: \u201cK\u0259ndd\u0259 ya\u015fay\u0131\u015f \u015f\u0259raitinin n\u0259 vaxtsa d\u00fcz\u0259l\u0259c\u0259yin\u0259 \u00fcmidimiz qalmay\u0131b\u201d","datePublished":"2023-04-20T11:19:09+00:00","dateModified":"2023-04-20T11:19:11+00:00","mainEntityOfPage":{"@id":"https:\/\/www.meydan.tv\/az\/article\/siyekeranlilar-kendde-yasayis-seraitinin-ne-vaxtsa-duzeleceyine-umidimiz-qalmayib\/"},"wordCount":522,"publisher":{"@id":"https:\/\/www.meydan.tv\/az\/#organization"},"image":{"@id":"https:\/\/www.meydan.tv\/az\/article\/siyekeranlilar-kendde-yasayis-seraitinin-ne-vaxtsa-duzeleceyine-umidimiz-qalmayib\/#primaryimage"},"thumbnailUrl":"https:\/\/www.meydan.tv\/wp-content\/uploads\/df212f72-d4fc-4fff-bfd2-9a26c124e9e7.jpg","articleSection":["B\u00f6lg\u0259","X\u0259b\u0259rl\u0259r"],"inLanguage":"az"},{"@type":"WebPage","@id":"https:\/\/www.meydan.tv\/az\/article\/siyekeranlilar-kendde-yasayis-seraitinin-ne-vaxtsa-duzeleceyine-umidimiz-qalmayib\/","url":"https:\/\/www.meydan.tv\/az\/article\/siyekeranlilar-kendde-yasayis-seraitinin-ne-vaxtsa-duzeleceyine-umidimiz-qalmayib\/","name":"\u015eiy\u0259k\u0259ranl\u0131lar: \u201cK\u0259ndd\u0259 ya\u015fay\u0131\u015f \u015f\u0259raitinin n\u0259 vaxtsa d\u00fcz\u0259l\u0259c\u0259yin\u0259 \u00fcmidimiz qalmay\u0131b\u201d - MEYDAN.TV","isPartOf":{"@id":"https:\/\/www.meydan.tv\/az\/#website"},"primaryImageOfPage":{"@id":"https:\/\/www.meydan.tv\/az\/article\/siyekeranlilar-kendde-yasayis-seraitinin-ne-vaxtsa-duzeleceyine-umidimiz-qalmayib\/#primaryimage"},"image":{"@id":"https:\/\/www.meydan.tv\/az\/article\/siyekeranlilar-kendde-yasayis-seraitinin-ne-vaxtsa-duzeleceyine-umidimiz-qalmayib\/#primaryimage"},"thumbnailUrl":"https:\/\/www.meydan.tv\/wp-content\/uploads\/df212f72-d4fc-4fff-bfd2-9a26c124e9e7.jpg","datePublished":"2023-04-20T11:19:09+00:00","dateModified":"2023-04-20T11:19:11+00:00","breadcrumb":{"@id":"https:\/\/www.meydan.tv\/az\/article\/siyekeranlilar-kendde-yasayis-seraitinin-ne-vaxtsa-duzeleceyine-umidimiz-qalmayib\/#breadcrumb"},"inLanguage":"az","potentialAction":[{"@type":"ReadAction","target":["https:\/\/www.meydan.tv\/az\/article\/siyekeranlilar-kendde-yasayis-seraitinin-ne-vaxtsa-duzeleceyine-umidimiz-qalmayib\/"]}]},{"@type":"ImageObject","inLanguage":"az","@id":"https:\/\/www.meydan.tv\/az\/article\/siyekeranlilar-kendde-yasayis-seraitinin-ne-vaxtsa-duzeleceyine-umidimiz-qalmayib\/#primaryimage","url":"https:\/\/www.meydan.tv\/wp-content\/uploads\/df212f72-d4fc-4fff-bfd2-9a26c124e9e7.jpg","contentUrl":"https:\/\/www.meydan.tv\/wp-content\/uploads\/df212f72-d4fc-4fff-bfd2-9a26c124e9e7.jpg","width":1280,"height":523,"caption":"\u015eiy\u0259k\u0259ran k\u0259ndi. Fotolar: Meydan TV"},{"@type":"BreadcrumbList","@id":"https:\/\/www.meydan.tv\/az\/article\/siyekeranlilar-kendde-yasayis-seraitinin-ne-vaxtsa-duzeleceyine-umidimiz-qalmayib\/#breadcrumb","itemListElement":[{"@type":"ListItem","position":1,"name":"Ana s\u0259hif\u0259","item":"https:\/\/www.meydan.tv\/az\/"},{"@type":"ListItem","position":2,"name":"B\u00f6lg\u0259","item":"https:\/\/www.meydan.tv\/az\/section\/bolge\/"},{"@type":"ListItem","position":3,"name":"\u015eiy\u0259k\u0259ranl\u0131lar: \u201cK\u0259ndd\u0259 ya\u015fay\u0131\u015f \u015f\u0259raitinin n\u0259 vaxtsa d\u00fcz\u0259l\u0259c\u0259yin\u0259 \u00fcmidimiz qalmay\u0131b\u201d"}]},{"@type":"WebSite","@id":"https:\/\/www.meydan.tv\/az\/#website","url":"https:\/\/www.meydan.tv\/az\/","name":"MEYDAN.TV","description":"Meydan TV Az\u0259rbaycan\u0131n media m\u0259kan\u0131ndak\u0131 alternativ s\u0259sidir","publisher":{"@id":"https:\/\/www.meydan.tv\/az\/#organization"},"potentialAction":[{"@type":"SearchAction","target":{"@type":"EntryPoint","urlTemplate":"https:\/\/www.meydan.tv\/az\/?s={search_term_string}"},"query-input":{"@type":"PropertyValueSpecification","valueRequired":true,"valueName":"search_term_string"}}],"inLanguage":"az"},{"@type":"Organization","@id":"https:\/\/www.meydan.tv\/az\/#organization","name":"Meydan TV","url":"https:\/\/www.meydan.tv\/az\/","logo":{"@type":"ImageObject","inLanguage":"az","@id":"https:\/\/www.meydan.tv\/az\/#\/schema\/logo\/image\/","url":"https:\/\/www.meydan.tv\/wp-content\/uploads\/2021\/07\/meydan-logo.svg","contentUrl":"https:\/\/www.meydan.tv\/wp-content\/uploads\/2021\/07\/meydan-logo.svg","width":195,"height":46,"caption":"Meydan TV"},"image":{"@id":"https:\/\/www.meydan.tv\/az\/#\/schema\/logo\/image\/"}},{"@type":"Person","@id":"https:\/\/www.meydan.tv\/az\/#\/schema\/person\/9cdbecf90d17180ce1dfbd95b08dcf47","name":"elli","sameAs":["https:\/\/x.com\/elli"]}]}},"_links":{"self":[{"href":"https:\/\/www.meydan.tv\/az\/wp-json\/wp\/v2\/posts\/273420","targetHints":{"allow":["GET"]}}],"collection":[{"href":"https:\/\/www.meydan.tv\/az\/wp-json\/wp\/v2\/posts"}],"about":[{"href":"https:\/\/www.meydan.tv\/az\/wp-json\/wp\/v2\/types\/post"}],"author":[{"embeddable":true,"href":"https:\/\/www.meydan.tv\/az\/wp-json\/wp\/v2\/users\/8"}],"replies":[{"embeddable":true,"href":"https:\/\/www.meydan.tv\/az\/wp-json\/wp\/v2\/comments?post=273420"}],"version-history":[{"count":1,"href":"https:\/\/www.meydan.tv\/az\/wp-json\/wp\/v2\/posts\/273420\/revisions"}],"predecessor-version":[{"id":273422,"href":"https:\/\/www.meydan.tv\/az\/wp-json\/wp\/v2\/posts\/273420\/revisions\/273422"}],"wp:featuredmedia":[{"embeddable":true,"href":"https:\/\/www.meydan.tv\/az\/wp-json\/wp\/v2\/media\/273372"}],"wp:attachment":[{"href":"https:\/\/www.meydan.tv\/az\/wp-json\/wp\/v2\/media?parent=273420"}],"wp:term":[{"taxonomy":"category","embeddable":true,"href":"https:\/\/www.meydan.tv\/az\/wp-json\/wp\/v2\/categories?post=273420"},{"taxonomy":"post_tag","embeddable":true,"href":"https:\/\/www.meydan.tv\/az\/wp-json\/wp\/v2\/tags?post=273420"}],"curies":[{"name":"wp","href":"https:\/\/api.w.org\/{rel}","templated":true}]}}