{"id":273405,"date":"2023-04-20T15:05:47","date_gmt":"2023-04-20T11:05:47","guid":{"rendered":"https:\/\/www.meydan.tv\/?p=273405"},"modified":"2023-04-20T15:05:51","modified_gmt":"2023-04-20T11:05:51","slug":"vaqif-mustafayev-nazir-qarabagla-bagli-cekdiyimiz-filme-gulurdu","status":"publish","type":"post","link":"https:\/\/www.meydan.tv\/az\/article\/vaqif-mustafayev-nazir-qarabagla-bagli-cekdiyimiz-filme-gulurdu\/","title":{"rendered":"Vaqif Mustafayev: \u201cNazir Qaraba\u011fla ba\u011fl\u0131 \u00e7\u0259kdiyimiz film\u0259 g\u00fcl\u00fcrd\u00fc\u201d"},"content":{"rendered":"\n<p><\/p>\n\n\n\n<p><strong><em>Xalq artisti b\u00fct\u00fcn bunlar\u0131 ideologiyan\u0131n olmamas\u0131n\u0131n n\u0259tic\u0259si say\u0131r<\/em><\/strong><\/p>\n\n\n\n<p><em>\u201cM\u0259n vaxtil\u0259 \u201cH\u0259r \u015fey yax\u015f\u0131l\u0131\u011fa do\u011fru\u201d filmini \u00e7\u0259k\u0259nd\u0259, ham\u0131 deyirdi ki, m\u00fcharib\u0259ni uduzan xalq \u00fc\u00e7\u00fcn bel\u0259 g\u00fclm\u0259li film laz\u0131m deyil.<br>\u201cH\u0259yat, dey\u0259s\u0259n, g\u00f6z\u0259ldir\u201d filmini \u015fanl\u0131 q\u0259l\u0259b\u0259d\u0259n sonra \u00e7\u0259kdik. Ordak\u0131 g\u00fclm\u0259li elementl\u0259r\u0259 g\u00f6r\u0259 yen\u0259 biz\u0259 irad tutdular\u201d.<\/em><\/p>\n\n\n\n<p>Bunu Xalq artisti, kinorejissor Vaqif Mustafayev \u201cAz\u0259rbaycan Kinosu &#8211; 125: Reall\u0131q, \u00c7a\u011f\u0131r\u0131\u015flar v\u0259 H\u0259d\u0259fl\u0259r\u201d m\u00f6vzusunda ke\u00e7iril\u0259n Kino forumunda deyib.<\/p>\n\n\n\n<p>Kinorejissor \u201cH\u0259yat, dey\u0259s\u0259n, g\u00f6z\u0259ldir\u201d filminin \u0259rs\u0259y\u0259 g\u0259lm\u0259 prosesind\u0259 \u00fczl\u0259\u015fdiyi probleml\u0259rd\u0259n dan\u0131\u015f\u0131b:<\/p>\n\n\n\n<p><em>\u201cBel\u0259 \u00e7\u0131x\u0131r ki, q\u0259l\u0259b\u0259 qazananda da bizim g\u00fclm\u0259li film \u00e7\u0259km\u0259y\u0259 ixtiyar\u0131m\u0131z yoxdur. \u201cH\u0259yat dey\u0259s\u0259n, g\u00f6z\u0259ldir\u201d filmin\u0259 \u00e7ox mane\u0259l\u0259r yaratd\u0131lar. Kino \u015f\u00f6b\u0259sinin c\u0259hdl\u0259ri he\u00e7 bir n\u0259tic\u0259 verm\u0259di. Nazir (ke\u00e7mi\u015f nazir Anar K\u0259rimov n\u0259z\u0259rd\u0259 tutulur) film\u0259 bax\u0131rd\u0131, g\u00fcl\u00fcrd\u00fc, amma deyirdi ki, k\u0259sin. Filmin 27 d\u0259qiq\u0259sini k\u0259sdil\u0259r\u201d.<\/em><\/p>\n\n\n\n<p><em>\u201cFilmi T\u00fcrkiy\u0259y\u0259 \u201cD\u0259d\u0259 Qorqud\u201d festival\u0131na apard\u0131q v\u0259 orada \u201c\u018fn yax\u015f\u0131 rejissor i\u015fin\u0259 g\u00f6r\u0259\u201d m\u00fckafat\u0131n\u0131 ald\u0131. B\u00fct\u00fcn bunlar ideologiyan\u0131n olmamas\u0131n\u0131n n\u0259tic\u0259sidir. \u0130deologiya n\u0259dir? U\u015faql\u0131qdan g\u00f6rd\u00fcy\u00fcm a\u011facd\u0131r, ail\u0259mdir, namusumdur, qeyr\u0259timdir. Hans\u0131sa festivalda u\u011fur qazanmaq ad\u0131na \u00e7\u0259kdiyim filml\u0259rd\u0259 atam\u0131z\u0131, anam\u0131z\u0131 satma\u011f\u0131m\u0131z d\u00fczg\u00fcn deyil\u201d, <\/em>&#8211; dey\u0259 o bildirib.<\/p>\n\n\n\n<p>\u201cH\u0259yat, dey\u0259s\u0259n, g\u00f6z\u0259ldir\u201d tammetrajl\u0131 b\u0259dii filmi \u0130kinci Qaraba\u011f m\u00fcharib\u0259sin\u0259 h\u0259sr olunub.<\/p>\n\n\n\n<p>\u0130lkin i\u015f\u00e7i ad\u0131 \u201cF\u0259ryad II\u201d olan filmin, ssenari m\u00fc\u0259llifi v\u0259 rejissoru Vaqif Mustafayev, t\u0259svir rejissoru Orxan Abbasov, r\u0259ssam\u0131 Quram Navroza\u015fvili, geyim r\u0259ssam\u0131 Keti Kalandadze, b\u0259st\u0259kar\u0131 Tural M\u0259mm\u0259dli, prod\u00fcseri is\u0259 Fariz \u018fhm\u0259dovdur.<\/p>\n\n\n\n<p>Ba\u015f rolda Hikm\u0259t R\u0259himov, rollarda Sevinc \u018fliyeva, Nino Qomarteli, Dmitri Samxaradze, Giorgi Celiya v\u0259 Aftandil Maxaradze \u00e7\u0259kilibl\u0259r.<\/p>\n\n\n\n<p>Film M\u0259d\u0259niyy\u0259t Nazirliyinin sifari\u015fi il\u0259 \u201cAz\u0259rbaycanfilm\u201d Kinostudiyas\u0131n\u0131n istehsal\u0131d\u0131r.&nbsp;<\/p>\n","protected":false},"excerpt":{"rendered":"<p>Xalq artisti b\u00fct\u00fcn bunlar\u0131 ideologiyan\u0131n olmamas\u0131n\u0131n n\u0259tic\u0259si say\u0131r \u201cM\u0259n vaxtil\u0259 &#8230; <\/p>\n<p class=\"read-more-container\"><a title=\"Vaqif Mustafayev: \u201cNazir Qaraba\u011fla ba\u011fl\u0131 \u00e7\u0259kdiyimiz film\u0259 g\u00fcl\u00fcrd\u00fc\u201d\" class=\"read-more button\" href=\"https:\/\/www.meydan.tv\/az\/article\/vaqif-mustafayev-nazir-qarabagla-bagli-cekdiyimiz-filme-gulurdu\/#more-273405\" aria-label=\"Read more about Vaqif Mustafayev: \u201cNazir Qaraba\u011fla ba\u011fl\u0131 \u00e7\u0259kdiyimiz film\u0259 g\u00fcl\u00fcrd\u00fc\u201d\">Davam\u0131<\/a><\/p>\n","protected":false},"author":8,"featured_media":273406,"comment_status":"closed","ping_status":"closed","sticky":false,"template":"","format":"standard","meta":{"_acf_changed":false,"_sitemap_exclude":false,"_sitemap_priority":"","_sitemap_frequency":"","footnotes":""},"categories":[52,56],"tags":[],"class_list":["post-273405","post","type-post","status-publish","format-standard","has-post-thumbnail","hentry","category-medeniyyet","category-xeberler","infinite-scroll-item","generate-columns","tablet-grid-50","mobile-grid-100","grid-parent","grid-33","no-featured-image-padding"],"acf":[],"yoast_head":"<!-- This site is optimized with the Yoast SEO plugin v27.4 - https:\/\/yoast.com\/product\/yoast-seo-wordpress\/ -->\n<title>Vaqif Mustafayev: \u201cNazir Qaraba\u011fla ba\u011fl\u0131 \u00e7\u0259kdiyimiz film\u0259 g\u00fcl\u00fcrd\u00fc\u201d - MEYDAN.TV<\/title>\n<meta name=\"robots\" content=\"index, follow, max-snippet:-1, max-image-preview:large, max-video-preview:-1\" \/>\n<link rel=\"canonical\" href=\"https:\/\/www.meydan.tv\/az\/article\/vaqif-mustafayev-nazir-qarabagla-bagli-cekdiyimiz-filme-gulurdu\/\" \/>\n<meta property=\"og:locale\" content=\"az_AZ\" \/>\n<meta property=\"og:type\" content=\"article\" \/>\n<meta property=\"og:title\" content=\"Vaqif Mustafayev: \u201cNazir Qaraba\u011fla ba\u011fl\u0131 \u00e7\u0259kdiyimiz film\u0259 g\u00fcl\u00fcrd\u00fc\u201d - MEYDAN.TV\" \/>\n<meta property=\"og:description\" content=\"Xalq artisti b\u00fct\u00fcn bunlar\u0131 ideologiyan\u0131n olmamas\u0131n\u0131n n\u0259tic\u0259si say\u0131r \u201cM\u0259n vaxtil\u0259 ... Davam\u0131\" \/>\n<meta property=\"og:url\" content=\"https:\/\/www.meydan.tv\/az\/article\/vaqif-mustafayev-nazir-qarabagla-bagli-cekdiyimiz-filme-gulurdu\/\" \/>\n<meta property=\"og:site_name\" content=\"MEYDAN.TV\" \/>\n<meta property=\"article:published_time\" content=\"2023-04-20T11:05:47+00:00\" \/>\n<meta property=\"article:modified_time\" content=\"2023-04-20T11:05:51+00:00\" \/>\n<meta property=\"og:image\" content=\"https:\/\/www.meydan.tv\/wp-content\/uploads\/resize-2-e1681987847883.jpg\" \/>\n\t<meta property=\"og:image:width\" content=\"1200\" \/>\n\t<meta property=\"og:image:height\" content=\"549\" \/>\n\t<meta property=\"og:image:type\" content=\"image\/jpeg\" \/>\n<meta name=\"author\" content=\"elli\" \/>\n<meta name=\"twitter:card\" content=\"summary_large_image\" \/>\n<meta name=\"twitter:creator\" content=\"@elli\" \/>\n<script type=\"application\/ld+json\" class=\"yoast-schema-graph\">{\"@context\":\"https:\\\/\\\/schema.org\",\"@graph\":[{\"@type\":\"Article\",\"@id\":\"https:\\\/\\\/www.meydan.tv\\\/az\\\/article\\\/vaqif-mustafayev-nazir-qarabagla-bagli-cekdiyimiz-filme-gulurdu\\\/#article\",\"isPartOf\":{\"@id\":\"https:\\\/\\\/www.meydan.tv\\\/az\\\/article\\\/vaqif-mustafayev-nazir-qarabagla-bagli-cekdiyimiz-filme-gulurdu\\\/\"},\"author\":{\"name\":\"elli\",\"@id\":\"https:\\\/\\\/www.meydan.tv\\\/az\\\/#\\\/schema\\\/person\\\/9cdbecf90d17180ce1dfbd95b08dcf47\"},\"headline\":\"Vaqif Mustafayev: \u201cNazir Qaraba\u011fla ba\u011fl\u0131 \u00e7\u0259kdiyimiz film\u0259 g\u00fcl\u00fcrd\u00fc\u201d\",\"datePublished\":\"2023-04-20T11:05:47+00:00\",\"dateModified\":\"2023-04-20T11:05:51+00:00\",\"mainEntityOfPage\":{\"@id\":\"https:\\\/\\\/www.meydan.tv\\\/az\\\/article\\\/vaqif-mustafayev-nazir-qarabagla-bagli-cekdiyimiz-filme-gulurdu\\\/\"},\"wordCount\":396,\"publisher\":{\"@id\":\"https:\\\/\\\/www.meydan.tv\\\/az\\\/#organization\"},\"image\":{\"@id\":\"https:\\\/\\\/www.meydan.tv\\\/az\\\/article\\\/vaqif-mustafayev-nazir-qarabagla-bagli-cekdiyimiz-filme-gulurdu\\\/#primaryimage\"},\"thumbnailUrl\":\"https:\\\/\\\/www.meydan.tv\\\/wp-content\\\/uploads\\\/resize-2-e1681987847883.jpg\",\"articleSection\":[\"M\u0259d\u0259niyy\u0259t\",\"X\u0259b\u0259rl\u0259r\"],\"inLanguage\":\"az\"},{\"@type\":\"WebPage\",\"@id\":\"https:\\\/\\\/www.meydan.tv\\\/az\\\/article\\\/vaqif-mustafayev-nazir-qarabagla-bagli-cekdiyimiz-filme-gulurdu\\\/\",\"url\":\"https:\\\/\\\/www.meydan.tv\\\/az\\\/article\\\/vaqif-mustafayev-nazir-qarabagla-bagli-cekdiyimiz-filme-gulurdu\\\/\",\"name\":\"Vaqif Mustafayev: \u201cNazir Qaraba\u011fla ba\u011fl\u0131 \u00e7\u0259kdiyimiz film\u0259 g\u00fcl\u00fcrd\u00fc\u201d - MEYDAN.TV\",\"isPartOf\":{\"@id\":\"https:\\\/\\\/www.meydan.tv\\\/az\\\/#website\"},\"primaryImageOfPage\":{\"@id\":\"https:\\\/\\\/www.meydan.tv\\\/az\\\/article\\\/vaqif-mustafayev-nazir-qarabagla-bagli-cekdiyimiz-filme-gulurdu\\\/#primaryimage\"},\"image\":{\"@id\":\"https:\\\/\\\/www.meydan.tv\\\/az\\\/article\\\/vaqif-mustafayev-nazir-qarabagla-bagli-cekdiyimiz-filme-gulurdu\\\/#primaryimage\"},\"thumbnailUrl\":\"https:\\\/\\\/www.meydan.tv\\\/wp-content\\\/uploads\\\/resize-2-e1681987847883.jpg\",\"datePublished\":\"2023-04-20T11:05:47+00:00\",\"dateModified\":\"2023-04-20T11:05:51+00:00\",\"breadcrumb\":{\"@id\":\"https:\\\/\\\/www.meydan.tv\\\/az\\\/article\\\/vaqif-mustafayev-nazir-qarabagla-bagli-cekdiyimiz-filme-gulurdu\\\/#breadcrumb\"},\"inLanguage\":\"az\",\"potentialAction\":[{\"@type\":\"ReadAction\",\"target\":[\"https:\\\/\\\/www.meydan.tv\\\/az\\\/article\\\/vaqif-mustafayev-nazir-qarabagla-bagli-cekdiyimiz-filme-gulurdu\\\/\"]}]},{\"@type\":\"ImageObject\",\"inLanguage\":\"az\",\"@id\":\"https:\\\/\\\/www.meydan.tv\\\/az\\\/article\\\/vaqif-mustafayev-nazir-qarabagla-bagli-cekdiyimiz-filme-gulurdu\\\/#primaryimage\",\"url\":\"https:\\\/\\\/www.meydan.tv\\\/wp-content\\\/uploads\\\/resize-2-e1681987847883.jpg\",\"contentUrl\":\"https:\\\/\\\/www.meydan.tv\\\/wp-content\\\/uploads\\\/resize-2-e1681987847883.jpg\",\"width\":1200,\"height\":549,\"caption\":\"Vaqif Mustafayev. Foto: sosial \u015f\u0259b\u0259k\u0259\"},{\"@type\":\"BreadcrumbList\",\"@id\":\"https:\\\/\\\/www.meydan.tv\\\/az\\\/article\\\/vaqif-mustafayev-nazir-qarabagla-bagli-cekdiyimiz-filme-gulurdu\\\/#breadcrumb\",\"itemListElement\":[{\"@type\":\"ListItem\",\"position\":1,\"name\":\"Ana s\u0259hif\u0259\",\"item\":\"https:\\\/\\\/www.meydan.tv\\\/az\\\/\"},{\"@type\":\"ListItem\",\"position\":2,\"name\":\"M\u0259d\u0259niyy\u0259t\",\"item\":\"https:\\\/\\\/www.meydan.tv\\\/az\\\/section\\\/medeniyyet\\\/\"},{\"@type\":\"ListItem\",\"position\":3,\"name\":\"Vaqif Mustafayev: \u201cNazir Qaraba\u011fla ba\u011fl\u0131 \u00e7\u0259kdiyimiz film\u0259 g\u00fcl\u00fcrd\u00fc\u201d\"}]},{\"@type\":\"WebSite\",\"@id\":\"https:\\\/\\\/www.meydan.tv\\\/az\\\/#website\",\"url\":\"https:\\\/\\\/www.meydan.tv\\\/az\\\/\",\"name\":\"MEYDAN.TV\",\"description\":\"Meydan TV Az\u0259rbaycan\u0131n media m\u0259kan\u0131ndak\u0131 alternativ s\u0259sidir\",\"publisher\":{\"@id\":\"https:\\\/\\\/www.meydan.tv\\\/az\\\/#organization\"},\"potentialAction\":[{\"@type\":\"SearchAction\",\"target\":{\"@type\":\"EntryPoint\",\"urlTemplate\":\"https:\\\/\\\/www.meydan.tv\\\/az\\\/?s={search_term_string}\"},\"query-input\":{\"@type\":\"PropertyValueSpecification\",\"valueRequired\":true,\"valueName\":\"search_term_string\"}}],\"inLanguage\":\"az\"},{\"@type\":\"Organization\",\"@id\":\"https:\\\/\\\/www.meydan.tv\\\/az\\\/#organization\",\"name\":\"Meydan TV\",\"url\":\"https:\\\/\\\/www.meydan.tv\\\/az\\\/\",\"logo\":{\"@type\":\"ImageObject\",\"inLanguage\":\"az\",\"@id\":\"https:\\\/\\\/www.meydan.tv\\\/az\\\/#\\\/schema\\\/logo\\\/image\\\/\",\"url\":\"https:\\\/\\\/www.meydan.tv\\\/wp-content\\\/uploads\\\/2021\\\/07\\\/meydan-logo.svg\",\"contentUrl\":\"https:\\\/\\\/www.meydan.tv\\\/wp-content\\\/uploads\\\/2021\\\/07\\\/meydan-logo.svg\",\"width\":195,\"height\":46,\"caption\":\"Meydan TV\"},\"image\":{\"@id\":\"https:\\\/\\\/www.meydan.tv\\\/az\\\/#\\\/schema\\\/logo\\\/image\\\/\"}},{\"@type\":\"Person\",\"@id\":\"https:\\\/\\\/www.meydan.tv\\\/az\\\/#\\\/schema\\\/person\\\/9cdbecf90d17180ce1dfbd95b08dcf47\",\"name\":\"elli\",\"sameAs\":[\"https:\\\/\\\/x.com\\\/elli\"]}]}<\/script>\n<!-- \/ Yoast SEO plugin. -->","yoast_head_json":{"title":"Vaqif Mustafayev: \u201cNazir Qaraba\u011fla ba\u011fl\u0131 \u00e7\u0259kdiyimiz film\u0259 g\u00fcl\u00fcrd\u00fc\u201d - MEYDAN.TV","robots":{"index":"index","follow":"follow","max-snippet":"max-snippet:-1","max-image-preview":"max-image-preview:large","max-video-preview":"max-video-preview:-1"},"canonical":"https:\/\/www.meydan.tv\/az\/article\/vaqif-mustafayev-nazir-qarabagla-bagli-cekdiyimiz-filme-gulurdu\/","og_locale":"az_AZ","og_type":"article","og_title":"Vaqif Mustafayev: \u201cNazir Qaraba\u011fla ba\u011fl\u0131 \u00e7\u0259kdiyimiz film\u0259 g\u00fcl\u00fcrd\u00fc\u201d - MEYDAN.TV","og_description":"Xalq artisti b\u00fct\u00fcn bunlar\u0131 ideologiyan\u0131n olmamas\u0131n\u0131n n\u0259tic\u0259si say\u0131r \u201cM\u0259n vaxtil\u0259 ... Davam\u0131","og_url":"https:\/\/www.meydan.tv\/az\/article\/vaqif-mustafayev-nazir-qarabagla-bagli-cekdiyimiz-filme-gulurdu\/","og_site_name":"MEYDAN.TV","article_published_time":"2023-04-20T11:05:47+00:00","article_modified_time":"2023-04-20T11:05:51+00:00","og_image":[{"width":1200,"height":549,"url":"https:\/\/www.meydan.tv\/wp-content\/uploads\/resize-2-e1681987847883.jpg","type":"image\/jpeg"}],"author":"elli","twitter_card":"summary_large_image","twitter_creator":"@elli","schema":{"@context":"https:\/\/schema.org","@graph":[{"@type":"Article","@id":"https:\/\/www.meydan.tv\/az\/article\/vaqif-mustafayev-nazir-qarabagla-bagli-cekdiyimiz-filme-gulurdu\/#article","isPartOf":{"@id":"https:\/\/www.meydan.tv\/az\/article\/vaqif-mustafayev-nazir-qarabagla-bagli-cekdiyimiz-filme-gulurdu\/"},"author":{"name":"elli","@id":"https:\/\/www.meydan.tv\/az\/#\/schema\/person\/9cdbecf90d17180ce1dfbd95b08dcf47"},"headline":"Vaqif Mustafayev: \u201cNazir Qaraba\u011fla ba\u011fl\u0131 \u00e7\u0259kdiyimiz film\u0259 g\u00fcl\u00fcrd\u00fc\u201d","datePublished":"2023-04-20T11:05:47+00:00","dateModified":"2023-04-20T11:05:51+00:00","mainEntityOfPage":{"@id":"https:\/\/www.meydan.tv\/az\/article\/vaqif-mustafayev-nazir-qarabagla-bagli-cekdiyimiz-filme-gulurdu\/"},"wordCount":396,"publisher":{"@id":"https:\/\/www.meydan.tv\/az\/#organization"},"image":{"@id":"https:\/\/www.meydan.tv\/az\/article\/vaqif-mustafayev-nazir-qarabagla-bagli-cekdiyimiz-filme-gulurdu\/#primaryimage"},"thumbnailUrl":"https:\/\/www.meydan.tv\/wp-content\/uploads\/resize-2-e1681987847883.jpg","articleSection":["M\u0259d\u0259niyy\u0259t","X\u0259b\u0259rl\u0259r"],"inLanguage":"az"},{"@type":"WebPage","@id":"https:\/\/www.meydan.tv\/az\/article\/vaqif-mustafayev-nazir-qarabagla-bagli-cekdiyimiz-filme-gulurdu\/","url":"https:\/\/www.meydan.tv\/az\/article\/vaqif-mustafayev-nazir-qarabagla-bagli-cekdiyimiz-filme-gulurdu\/","name":"Vaqif Mustafayev: \u201cNazir Qaraba\u011fla ba\u011fl\u0131 \u00e7\u0259kdiyimiz film\u0259 g\u00fcl\u00fcrd\u00fc\u201d - MEYDAN.TV","isPartOf":{"@id":"https:\/\/www.meydan.tv\/az\/#website"},"primaryImageOfPage":{"@id":"https:\/\/www.meydan.tv\/az\/article\/vaqif-mustafayev-nazir-qarabagla-bagli-cekdiyimiz-filme-gulurdu\/#primaryimage"},"image":{"@id":"https:\/\/www.meydan.tv\/az\/article\/vaqif-mustafayev-nazir-qarabagla-bagli-cekdiyimiz-filme-gulurdu\/#primaryimage"},"thumbnailUrl":"https:\/\/www.meydan.tv\/wp-content\/uploads\/resize-2-e1681987847883.jpg","datePublished":"2023-04-20T11:05:47+00:00","dateModified":"2023-04-20T11:05:51+00:00","breadcrumb":{"@id":"https:\/\/www.meydan.tv\/az\/article\/vaqif-mustafayev-nazir-qarabagla-bagli-cekdiyimiz-filme-gulurdu\/#breadcrumb"},"inLanguage":"az","potentialAction":[{"@type":"ReadAction","target":["https:\/\/www.meydan.tv\/az\/article\/vaqif-mustafayev-nazir-qarabagla-bagli-cekdiyimiz-filme-gulurdu\/"]}]},{"@type":"ImageObject","inLanguage":"az","@id":"https:\/\/www.meydan.tv\/az\/article\/vaqif-mustafayev-nazir-qarabagla-bagli-cekdiyimiz-filme-gulurdu\/#primaryimage","url":"https:\/\/www.meydan.tv\/wp-content\/uploads\/resize-2-e1681987847883.jpg","contentUrl":"https:\/\/www.meydan.tv\/wp-content\/uploads\/resize-2-e1681987847883.jpg","width":1200,"height":549,"caption":"Vaqif Mustafayev. Foto: sosial \u015f\u0259b\u0259k\u0259"},{"@type":"BreadcrumbList","@id":"https:\/\/www.meydan.tv\/az\/article\/vaqif-mustafayev-nazir-qarabagla-bagli-cekdiyimiz-filme-gulurdu\/#breadcrumb","itemListElement":[{"@type":"ListItem","position":1,"name":"Ana s\u0259hif\u0259","item":"https:\/\/www.meydan.tv\/az\/"},{"@type":"ListItem","position":2,"name":"M\u0259d\u0259niyy\u0259t","item":"https:\/\/www.meydan.tv\/az\/section\/medeniyyet\/"},{"@type":"ListItem","position":3,"name":"Vaqif Mustafayev: \u201cNazir Qaraba\u011fla ba\u011fl\u0131 \u00e7\u0259kdiyimiz film\u0259 g\u00fcl\u00fcrd\u00fc\u201d"}]},{"@type":"WebSite","@id":"https:\/\/www.meydan.tv\/az\/#website","url":"https:\/\/www.meydan.tv\/az\/","name":"MEYDAN.TV","description":"Meydan TV Az\u0259rbaycan\u0131n media m\u0259kan\u0131ndak\u0131 alternativ s\u0259sidir","publisher":{"@id":"https:\/\/www.meydan.tv\/az\/#organization"},"potentialAction":[{"@type":"SearchAction","target":{"@type":"EntryPoint","urlTemplate":"https:\/\/www.meydan.tv\/az\/?s={search_term_string}"},"query-input":{"@type":"PropertyValueSpecification","valueRequired":true,"valueName":"search_term_string"}}],"inLanguage":"az"},{"@type":"Organization","@id":"https:\/\/www.meydan.tv\/az\/#organization","name":"Meydan TV","url":"https:\/\/www.meydan.tv\/az\/","logo":{"@type":"ImageObject","inLanguage":"az","@id":"https:\/\/www.meydan.tv\/az\/#\/schema\/logo\/image\/","url":"https:\/\/www.meydan.tv\/wp-content\/uploads\/2021\/07\/meydan-logo.svg","contentUrl":"https:\/\/www.meydan.tv\/wp-content\/uploads\/2021\/07\/meydan-logo.svg","width":195,"height":46,"caption":"Meydan TV"},"image":{"@id":"https:\/\/www.meydan.tv\/az\/#\/schema\/logo\/image\/"}},{"@type":"Person","@id":"https:\/\/www.meydan.tv\/az\/#\/schema\/person\/9cdbecf90d17180ce1dfbd95b08dcf47","name":"elli","sameAs":["https:\/\/x.com\/elli"]}]}},"_links":{"self":[{"href":"https:\/\/www.meydan.tv\/az\/wp-json\/wp\/v2\/posts\/273405","targetHints":{"allow":["GET"]}}],"collection":[{"href":"https:\/\/www.meydan.tv\/az\/wp-json\/wp\/v2\/posts"}],"about":[{"href":"https:\/\/www.meydan.tv\/az\/wp-json\/wp\/v2\/types\/post"}],"author":[{"embeddable":true,"href":"https:\/\/www.meydan.tv\/az\/wp-json\/wp\/v2\/users\/8"}],"replies":[{"embeddable":true,"href":"https:\/\/www.meydan.tv\/az\/wp-json\/wp\/v2\/comments?post=273405"}],"version-history":[{"count":2,"href":"https:\/\/www.meydan.tv\/az\/wp-json\/wp\/v2\/posts\/273405\/revisions"}],"predecessor-version":[{"id":273410,"href":"https:\/\/www.meydan.tv\/az\/wp-json\/wp\/v2\/posts\/273405\/revisions\/273410"}],"wp:featuredmedia":[{"embeddable":true,"href":"https:\/\/www.meydan.tv\/az\/wp-json\/wp\/v2\/media\/273406"}],"wp:attachment":[{"href":"https:\/\/www.meydan.tv\/az\/wp-json\/wp\/v2\/media?parent=273405"}],"wp:term":[{"taxonomy":"category","embeddable":true,"href":"https:\/\/www.meydan.tv\/az\/wp-json\/wp\/v2\/categories?post=273405"},{"taxonomy":"post_tag","embeddable":true,"href":"https:\/\/www.meydan.tv\/az\/wp-json\/wp\/v2\/tags?post=273405"}],"curies":[{"name":"wp","href":"https:\/\/api.w.org\/{rel}","templated":true}]}}