{"id":273390,"date":"2023-04-20T14:10:07","date_gmt":"2023-04-20T10:10:07","guid":{"rendered":"https:\/\/www.meydan.tv\/?p=273390"},"modified":"2023-04-20T14:10:11","modified_gmt":"2023-04-20T10:10:11","slug":"xalq-artisti-bezi-filmler-deyerlere-xeyanetdir","status":"publish","type":"post","link":"https:\/\/www.meydan.tv\/az\/article\/xalq-artisti-bezi-filmler-deyerlere-xeyanetdir\/","title":{"rendered":"Xalq artisti: \u201cB\u0259zi filml\u0259r d\u0259y\u0259rl\u0259r\u0259 x\u0259yan\u0259tdir\u201d"},"content":{"rendered":"\n<p><\/p>\n\n\n\n<p><strong><em>Aktyor is\u0259 s\u0259yyar kinoteatrlar\u0131n yarad\u0131lmas\u0131n\u0131 t\u0259klif edir<\/em><\/strong><\/p>\n\n\n\n<p>\u201c<em>\u00d6lk\u0259d\u0259ki kinoteatrlarda, o c\u00fcml\u0259d\u0259n \u201cNizami\u201d Kino m\u0259rk\u0259zind\u0259 mill\u0259tin z\u00f6vq\u00fcn\u00fc korlayan primitiv filml\u0259r g\u00f6st\u0259rilir<\/em>\u201d.<\/p>\n\n\n\n<p>Bunu Az\u0259rbaycan Kinosu &#8211; 125: Reall\u0131q, \u00c7a\u011f\u0131r\u0131\u015flar v\u0259 H\u0259d\u0259fl\u0259r\u201d m\u00f6vzusunda Kino forumunda Xalq artisti, kinorejissor Oqtay Mirqas\u0131mov deyib.<\/p>\n\n\n\n<p><em>\u201cB\u0259zi filml\u0259rd\u0259 Az\u0259rbaycan c\u0259miyy\u0259ti el\u0259 t\u0259qdim olunur ki, x\u0259cal\u0259t \u00e7\u0259kirs\u0259n. Q\u0259z\u0259b v\u0259 qorxu hissi ke\u00e7irir\u0259m. Bel\u0259 filml\u0259rin n\u00fcmayi\u015f olunmas\u0131n\u0131 ist\u0259mir\u0259m. Salondan \u00e7\u0131x\u0131b d\u00fc\u015f\u00fcn\u00fcrs\u0259n ki, bu ki x\u0259yan\u0259tdir. Bu, d\u0259y\u0259rl\u0259r\u0259 x\u0259yan\u0259tdir. Biz kinematoqraf\u00e7\u0131lar d\u00f6vr\u00fcn t\u0259l\u0259bl\u0259rini n\u0259z\u0259rd\u0259 saxlamal\u0131, amma camaat\u0131n da z\u00f6vq\u00fcn\u00fc korlamamal\u0131y\u0131q\u201d, &#8211;<\/em> rejissor bildirib.<\/p>\n\n\n\n<p>\u018fm\u0259kdar inc\u0259s\u0259n\u0259t xadimi, kinorejissor, aktyor Elxan C\u0259f\u0259rov is\u0259 \u00e7\u0131x\u0131\u015f\u0131 zaman\u0131 Az\u0259rbaycanda s\u0259yyar kinoteatrlar\u0131n yarad\u0131lmas\u0131n\u0131 t\u0259klif edib:<\/p>\n\n\n\n<p>\u201c<em>Bu g\u00fcn \u00f6lk\u0259d\u0259 f\u0259aliyy\u0259t g\u00f6st\u0259r\u0259n kinoteatrlar\u0131n say\u0131 azd\u0131r.\u00a0 T\u0259klif ed\u0259rdim ki, \u00f6lk\u0259 \u00fczr\u0259 10 s\u0259yyar kinoteatr yarad\u0131ls\u0131n. Bununla da k\u0259nd v\u0259 q\u0259s\u0259b\u0259l\u0259rd\u0259 kinolar\u0131m\u0131z\u0131 n\u00fcmayi\u015f etdir\u0259, daxili bazarda tama\u015fa\u00e7\u0131 k\u00fctl\u0259sini \u00e7oxalda bil\u0259rik. \u018fn az\u0131ndan xarici bazara \u00e7\u0131xmaq \u00fc\u00e7\u00fcn mexanizml\u0259r olmasa da, he\u00e7 olmasa daxili bazar\u0131 \u0259l\u0259 alma\u011fa \u00e7al\u0131\u015fmaq laz\u0131md\u0131r. \u00dcmumi probleml\u0259r \u00e7oxdur. Ona g\u00f6r\u0259 d\u0259 konkret v\u0259 lokal add\u0131mlar atmaq laz\u0131md\u0131r<\/em>\u201d.<\/p>\n\n\n\n<p>Vaxtil\u0259 paytaxt Bak\u0131da 16 kinoteatr f\u0259aliyy\u0259t g\u00f6st\u0259rib.<\/p>\n\n\n\n<p>Onlar \u00fcmumilikd\u0259 70 kinozaldan ibar\u0259t olub.<\/p>\n\n\n\n<p>2006-c\u0131 ild\u0259n kinoteatrlar \u00f6z\u0259ll\u0259\u015fdirilm\u0259y\u0259 verildikd\u0259n sonra onlar\u0131n \u0259ks\u0259riyy\u0259ti ke\u00e7mi\u015f M\u0259d\u0259niyy\u0259t v\u0259 Turizm Nazirliyinin balans\u0131ndan \u00e7\u0131xar\u0131laraq, sahibkarlar t\u0259r\u0259find\u0259n \u00f6z\u0259ll\u0259\u015fdirilib.<\/p>\n\n\n\n<p>Sahibkarlar is\u0259 h\u0259min kinoteatrlar\u0131 t\u0259mir etm\u0259k \u0259v\u0259zin\u0259, onlardan biznes v\u0259 ba\u015fqa t\u0259yinatl\u0131 obyektl\u0259r kimi istifad\u0259 edibl\u0259r.<\/p>\n\n\n\n<p>Avropa standartlar\u0131 10 milyon \u0259hali \u00fc\u00e7\u00fcn 500 kinozal\u0131 n\u0259z\u0259rd\u0259 tutur.<\/p>\n\n\n\n<p>Bu bax\u0131mdan \u00f6lk\u0259d\u0259ki kinozallar\u0131n say etibaril\u0259 Avropa standartlar\u0131ndan geri qal\u0131r.<\/p>\n\n\n\n<p>Haz\u0131rda Bak\u0131da d\u00f6vl\u0259t balans\u0131nda yaln\u0131z bir kinoteatr var, o da \u201cNizami\u201d Kino M\u0259rk\u0259zidir.<\/p>\n\n\n\n<p>Dig\u0259rl\u0259ri \u2013 \u201cPark Cinema\u201d v\u0259 \u201cCinemaPlus\u201d \u015firk\u0259tl\u0259ri \u00f6z\u0259l \u015f\u0259b\u0259k\u0259l\u0259rdir.<\/p>\n\n\n\n<p>\u201cAz\u0259rbaycan kinosunun 2008-2018-ci ill\u0259r \u00fczr\u0259 inki\u015faf\u0131na dair D\u00f6vl\u0259t Proqram\u0131\u201dnda g\u00f6st\u0259rilib ki, d\u00f6vl\u0259t \u015f\u0259b\u0259k\u0259sind\u0259 saxlan\u0131lan kinoteatr binalar\u0131 b\u0259rpa olunmal\u0131, m\u00fcasir t\u0259l\u0259bl\u0259r\u0259 cavab ver\u0259n n\u00fcmayi\u015f v\u0259 s\u0259s avadanl\u0131\u011f\u0131 il\u0259 t\u0259chiz edilm\u0259lidir.<\/p>\n\n\n\n<p>Qanundan ir\u0259li g\u0259l\u0259n t\u0259l\u0259bl\u0259r is\u0259 yerin\u0259 yetirilm\u0259yib.<\/p>\n\n\n\n<p>Hesablama Palatas\u0131n\u0131n 2022-ci ilin oktyabr\u0131nda yayd\u0131\u011f\u0131 hesabat\u0131nda bildirilirdi ki, d\u00f6vl\u0259t sifari\u015fi il\u0259 \u00e7\u0259kil\u0259n 39 film kinoteatr n\u00fcmayi\u015find\u0259n c\u0259mi 905 manat g\u0259lir g\u0259tirib.<\/p>\n","protected":false},"excerpt":{"rendered":"<p>Aktyor is\u0259 s\u0259yyar kinoteatrlar\u0131n yarad\u0131lmas\u0131n\u0131 t\u0259klif edir \u201c\u00d6lk\u0259d\u0259ki kinoteatrlarda, o &#8230; <\/p>\n<p class=\"read-more-container\"><a title=\"Xalq artisti: \u201cB\u0259zi filml\u0259r d\u0259y\u0259rl\u0259r\u0259 x\u0259yan\u0259tdir\u201d\" class=\"read-more button\" href=\"https:\/\/www.meydan.tv\/az\/article\/xalq-artisti-bezi-filmler-deyerlere-xeyanetdir\/#more-273390\" aria-label=\"Read more about Xalq artisti: \u201cB\u0259zi filml\u0259r d\u0259y\u0259rl\u0259r\u0259 x\u0259yan\u0259tdir\u201d\">Davam\u0131<\/a><\/p>\n","protected":false},"author":8,"featured_media":273391,"comment_status":"closed","ping_status":"closed","sticky":false,"template":"","format":"standard","meta":{"_acf_changed":false,"_sitemap_exclude":false,"_sitemap_priority":"","_sitemap_frequency":"","footnotes":""},"categories":[52,56],"tags":[],"class_list":["post-273390","post","type-post","status-publish","format-standard","has-post-thumbnail","hentry","category-medeniyyet","category-xeberler","infinite-scroll-item","generate-columns","tablet-grid-50","mobile-grid-100","grid-parent","grid-33","no-featured-image-padding"],"acf":[],"yoast_head":"<!-- This site is optimized with the Yoast SEO plugin v27.4 - https:\/\/yoast.com\/product\/yoast-seo-wordpress\/ -->\n<title>Xalq artisti: \u201cB\u0259zi filml\u0259r d\u0259y\u0259rl\u0259r\u0259 x\u0259yan\u0259tdir\u201d - MEYDAN.TV<\/title>\n<meta name=\"robots\" content=\"index, follow, max-snippet:-1, max-image-preview:large, max-video-preview:-1\" \/>\n<link rel=\"canonical\" href=\"https:\/\/www.meydan.tv\/az\/article\/xalq-artisti-bezi-filmler-deyerlere-xeyanetdir\/\" \/>\n<meta property=\"og:locale\" content=\"az_AZ\" \/>\n<meta property=\"og:type\" content=\"article\" \/>\n<meta property=\"og:title\" content=\"Xalq artisti: \u201cB\u0259zi filml\u0259r d\u0259y\u0259rl\u0259r\u0259 x\u0259yan\u0259tdir\u201d - MEYDAN.TV\" \/>\n<meta property=\"og:description\" content=\"Aktyor is\u0259 s\u0259yyar kinoteatrlar\u0131n yarad\u0131lmas\u0131n\u0131 t\u0259klif edir \u201c\u00d6lk\u0259d\u0259ki kinoteatrlarda, o ... Davam\u0131\" \/>\n<meta property=\"og:url\" content=\"https:\/\/www.meydan.tv\/az\/article\/xalq-artisti-bezi-filmler-deyerlere-xeyanetdir\/\" \/>\n<meta property=\"og:site_name\" content=\"MEYDAN.TV\" \/>\n<meta property=\"article:published_time\" content=\"2023-04-20T10:10:07+00:00\" \/>\n<meta property=\"article:modified_time\" content=\"2023-04-20T10:10:11+00:00\" \/>\n<meta property=\"og:image\" content=\"https:\/\/www.meydan.tv\/wp-content\/uploads\/resize-1.jpg\" \/>\n\t<meta property=\"og:image:width\" content=\"1200\" \/>\n\t<meta property=\"og:image:height\" content=\"675\" \/>\n\t<meta property=\"og:image:type\" content=\"image\/jpeg\" \/>\n<meta name=\"author\" content=\"elli\" \/>\n<meta name=\"twitter:card\" content=\"summary_large_image\" \/>\n<meta name=\"twitter:creator\" content=\"@elli\" \/>\n<script type=\"application\/ld+json\" class=\"yoast-schema-graph\">{\"@context\":\"https:\\\/\\\/schema.org\",\"@graph\":[{\"@type\":\"Article\",\"@id\":\"https:\\\/\\\/www.meydan.tv\\\/az\\\/article\\\/xalq-artisti-bezi-filmler-deyerlere-xeyanetdir\\\/#article\",\"isPartOf\":{\"@id\":\"https:\\\/\\\/www.meydan.tv\\\/az\\\/article\\\/xalq-artisti-bezi-filmler-deyerlere-xeyanetdir\\\/\"},\"author\":{\"name\":\"elli\",\"@id\":\"https:\\\/\\\/www.meydan.tv\\\/az\\\/#\\\/schema\\\/person\\\/9cdbecf90d17180ce1dfbd95b08dcf47\"},\"headline\":\"Xalq artisti: \u201cB\u0259zi filml\u0259r d\u0259y\u0259rl\u0259r\u0259 x\u0259yan\u0259tdir\u201d\",\"datePublished\":\"2023-04-20T10:10:07+00:00\",\"dateModified\":\"2023-04-20T10:10:11+00:00\",\"mainEntityOfPage\":{\"@id\":\"https:\\\/\\\/www.meydan.tv\\\/az\\\/article\\\/xalq-artisti-bezi-filmler-deyerlere-xeyanetdir\\\/\"},\"wordCount\":530,\"publisher\":{\"@id\":\"https:\\\/\\\/www.meydan.tv\\\/az\\\/#organization\"},\"image\":{\"@id\":\"https:\\\/\\\/www.meydan.tv\\\/az\\\/article\\\/xalq-artisti-bezi-filmler-deyerlere-xeyanetdir\\\/#primaryimage\"},\"thumbnailUrl\":\"https:\\\/\\\/www.meydan.tv\\\/wp-content\\\/uploads\\\/resize-1.jpg\",\"articleSection\":[\"M\u0259d\u0259niyy\u0259t\",\"X\u0259b\u0259rl\u0259r\"],\"inLanguage\":\"az\"},{\"@type\":\"WebPage\",\"@id\":\"https:\\\/\\\/www.meydan.tv\\\/az\\\/article\\\/xalq-artisti-bezi-filmler-deyerlere-xeyanetdir\\\/\",\"url\":\"https:\\\/\\\/www.meydan.tv\\\/az\\\/article\\\/xalq-artisti-bezi-filmler-deyerlere-xeyanetdir\\\/\",\"name\":\"Xalq artisti: \u201cB\u0259zi filml\u0259r d\u0259y\u0259rl\u0259r\u0259 x\u0259yan\u0259tdir\u201d - MEYDAN.TV\",\"isPartOf\":{\"@id\":\"https:\\\/\\\/www.meydan.tv\\\/az\\\/#website\"},\"primaryImageOfPage\":{\"@id\":\"https:\\\/\\\/www.meydan.tv\\\/az\\\/article\\\/xalq-artisti-bezi-filmler-deyerlere-xeyanetdir\\\/#primaryimage\"},\"image\":{\"@id\":\"https:\\\/\\\/www.meydan.tv\\\/az\\\/article\\\/xalq-artisti-bezi-filmler-deyerlere-xeyanetdir\\\/#primaryimage\"},\"thumbnailUrl\":\"https:\\\/\\\/www.meydan.tv\\\/wp-content\\\/uploads\\\/resize-1.jpg\",\"datePublished\":\"2023-04-20T10:10:07+00:00\",\"dateModified\":\"2023-04-20T10:10:11+00:00\",\"breadcrumb\":{\"@id\":\"https:\\\/\\\/www.meydan.tv\\\/az\\\/article\\\/xalq-artisti-bezi-filmler-deyerlere-xeyanetdir\\\/#breadcrumb\"},\"inLanguage\":\"az\",\"potentialAction\":[{\"@type\":\"ReadAction\",\"target\":[\"https:\\\/\\\/www.meydan.tv\\\/az\\\/article\\\/xalq-artisti-bezi-filmler-deyerlere-xeyanetdir\\\/\"]}]},{\"@type\":\"ImageObject\",\"inLanguage\":\"az\",\"@id\":\"https:\\\/\\\/www.meydan.tv\\\/az\\\/article\\\/xalq-artisti-bezi-filmler-deyerlere-xeyanetdir\\\/#primaryimage\",\"url\":\"https:\\\/\\\/www.meydan.tv\\\/wp-content\\\/uploads\\\/resize-1.jpg\",\"contentUrl\":\"https:\\\/\\\/www.meydan.tv\\\/wp-content\\\/uploads\\\/resize-1.jpg\",\"width\":1200,\"height\":675,\"caption\":\"Oqtay Mirqas\u0131mov. Foto: yenisabah.az\"},{\"@type\":\"BreadcrumbList\",\"@id\":\"https:\\\/\\\/www.meydan.tv\\\/az\\\/article\\\/xalq-artisti-bezi-filmler-deyerlere-xeyanetdir\\\/#breadcrumb\",\"itemListElement\":[{\"@type\":\"ListItem\",\"position\":1,\"name\":\"Ana s\u0259hif\u0259\",\"item\":\"https:\\\/\\\/www.meydan.tv\\\/az\\\/\"},{\"@type\":\"ListItem\",\"position\":2,\"name\":\"M\u0259d\u0259niyy\u0259t\",\"item\":\"https:\\\/\\\/www.meydan.tv\\\/az\\\/section\\\/medeniyyet\\\/\"},{\"@type\":\"ListItem\",\"position\":3,\"name\":\"Xalq artisti: \u201cB\u0259zi filml\u0259r d\u0259y\u0259rl\u0259r\u0259 x\u0259yan\u0259tdir\u201d\"}]},{\"@type\":\"WebSite\",\"@id\":\"https:\\\/\\\/www.meydan.tv\\\/az\\\/#website\",\"url\":\"https:\\\/\\\/www.meydan.tv\\\/az\\\/\",\"name\":\"MEYDAN.TV\",\"description\":\"Meydan TV Az\u0259rbaycan\u0131n media m\u0259kan\u0131ndak\u0131 alternativ s\u0259sidir\",\"publisher\":{\"@id\":\"https:\\\/\\\/www.meydan.tv\\\/az\\\/#organization\"},\"potentialAction\":[{\"@type\":\"SearchAction\",\"target\":{\"@type\":\"EntryPoint\",\"urlTemplate\":\"https:\\\/\\\/www.meydan.tv\\\/az\\\/?s={search_term_string}\"},\"query-input\":{\"@type\":\"PropertyValueSpecification\",\"valueRequired\":true,\"valueName\":\"search_term_string\"}}],\"inLanguage\":\"az\"},{\"@type\":\"Organization\",\"@id\":\"https:\\\/\\\/www.meydan.tv\\\/az\\\/#organization\",\"name\":\"Meydan TV\",\"url\":\"https:\\\/\\\/www.meydan.tv\\\/az\\\/\",\"logo\":{\"@type\":\"ImageObject\",\"inLanguage\":\"az\",\"@id\":\"https:\\\/\\\/www.meydan.tv\\\/az\\\/#\\\/schema\\\/logo\\\/image\\\/\",\"url\":\"https:\\\/\\\/www.meydan.tv\\\/wp-content\\\/uploads\\\/2021\\\/07\\\/meydan-logo.svg\",\"contentUrl\":\"https:\\\/\\\/www.meydan.tv\\\/wp-content\\\/uploads\\\/2021\\\/07\\\/meydan-logo.svg\",\"width\":195,\"height\":46,\"caption\":\"Meydan TV\"},\"image\":{\"@id\":\"https:\\\/\\\/www.meydan.tv\\\/az\\\/#\\\/schema\\\/logo\\\/image\\\/\"}},{\"@type\":\"Person\",\"@id\":\"https:\\\/\\\/www.meydan.tv\\\/az\\\/#\\\/schema\\\/person\\\/9cdbecf90d17180ce1dfbd95b08dcf47\",\"name\":\"elli\",\"sameAs\":[\"https:\\\/\\\/x.com\\\/elli\"]}]}<\/script>\n<!-- \/ Yoast SEO plugin. -->","yoast_head_json":{"title":"Xalq artisti: \u201cB\u0259zi filml\u0259r d\u0259y\u0259rl\u0259r\u0259 x\u0259yan\u0259tdir\u201d - MEYDAN.TV","robots":{"index":"index","follow":"follow","max-snippet":"max-snippet:-1","max-image-preview":"max-image-preview:large","max-video-preview":"max-video-preview:-1"},"canonical":"https:\/\/www.meydan.tv\/az\/article\/xalq-artisti-bezi-filmler-deyerlere-xeyanetdir\/","og_locale":"az_AZ","og_type":"article","og_title":"Xalq artisti: \u201cB\u0259zi filml\u0259r d\u0259y\u0259rl\u0259r\u0259 x\u0259yan\u0259tdir\u201d - MEYDAN.TV","og_description":"Aktyor is\u0259 s\u0259yyar kinoteatrlar\u0131n yarad\u0131lmas\u0131n\u0131 t\u0259klif edir \u201c\u00d6lk\u0259d\u0259ki kinoteatrlarda, o ... Davam\u0131","og_url":"https:\/\/www.meydan.tv\/az\/article\/xalq-artisti-bezi-filmler-deyerlere-xeyanetdir\/","og_site_name":"MEYDAN.TV","article_published_time":"2023-04-20T10:10:07+00:00","article_modified_time":"2023-04-20T10:10:11+00:00","og_image":[{"width":1200,"height":675,"url":"https:\/\/www.meydan.tv\/wp-content\/uploads\/resize-1.jpg","type":"image\/jpeg"}],"author":"elli","twitter_card":"summary_large_image","twitter_creator":"@elli","schema":{"@context":"https:\/\/schema.org","@graph":[{"@type":"Article","@id":"https:\/\/www.meydan.tv\/az\/article\/xalq-artisti-bezi-filmler-deyerlere-xeyanetdir\/#article","isPartOf":{"@id":"https:\/\/www.meydan.tv\/az\/article\/xalq-artisti-bezi-filmler-deyerlere-xeyanetdir\/"},"author":{"name":"elli","@id":"https:\/\/www.meydan.tv\/az\/#\/schema\/person\/9cdbecf90d17180ce1dfbd95b08dcf47"},"headline":"Xalq artisti: \u201cB\u0259zi filml\u0259r d\u0259y\u0259rl\u0259r\u0259 x\u0259yan\u0259tdir\u201d","datePublished":"2023-04-20T10:10:07+00:00","dateModified":"2023-04-20T10:10:11+00:00","mainEntityOfPage":{"@id":"https:\/\/www.meydan.tv\/az\/article\/xalq-artisti-bezi-filmler-deyerlere-xeyanetdir\/"},"wordCount":530,"publisher":{"@id":"https:\/\/www.meydan.tv\/az\/#organization"},"image":{"@id":"https:\/\/www.meydan.tv\/az\/article\/xalq-artisti-bezi-filmler-deyerlere-xeyanetdir\/#primaryimage"},"thumbnailUrl":"https:\/\/www.meydan.tv\/wp-content\/uploads\/resize-1.jpg","articleSection":["M\u0259d\u0259niyy\u0259t","X\u0259b\u0259rl\u0259r"],"inLanguage":"az"},{"@type":"WebPage","@id":"https:\/\/www.meydan.tv\/az\/article\/xalq-artisti-bezi-filmler-deyerlere-xeyanetdir\/","url":"https:\/\/www.meydan.tv\/az\/article\/xalq-artisti-bezi-filmler-deyerlere-xeyanetdir\/","name":"Xalq artisti: \u201cB\u0259zi filml\u0259r d\u0259y\u0259rl\u0259r\u0259 x\u0259yan\u0259tdir\u201d - MEYDAN.TV","isPartOf":{"@id":"https:\/\/www.meydan.tv\/az\/#website"},"primaryImageOfPage":{"@id":"https:\/\/www.meydan.tv\/az\/article\/xalq-artisti-bezi-filmler-deyerlere-xeyanetdir\/#primaryimage"},"image":{"@id":"https:\/\/www.meydan.tv\/az\/article\/xalq-artisti-bezi-filmler-deyerlere-xeyanetdir\/#primaryimage"},"thumbnailUrl":"https:\/\/www.meydan.tv\/wp-content\/uploads\/resize-1.jpg","datePublished":"2023-04-20T10:10:07+00:00","dateModified":"2023-04-20T10:10:11+00:00","breadcrumb":{"@id":"https:\/\/www.meydan.tv\/az\/article\/xalq-artisti-bezi-filmler-deyerlere-xeyanetdir\/#breadcrumb"},"inLanguage":"az","potentialAction":[{"@type":"ReadAction","target":["https:\/\/www.meydan.tv\/az\/article\/xalq-artisti-bezi-filmler-deyerlere-xeyanetdir\/"]}]},{"@type":"ImageObject","inLanguage":"az","@id":"https:\/\/www.meydan.tv\/az\/article\/xalq-artisti-bezi-filmler-deyerlere-xeyanetdir\/#primaryimage","url":"https:\/\/www.meydan.tv\/wp-content\/uploads\/resize-1.jpg","contentUrl":"https:\/\/www.meydan.tv\/wp-content\/uploads\/resize-1.jpg","width":1200,"height":675,"caption":"Oqtay Mirqas\u0131mov. Foto: yenisabah.az"},{"@type":"BreadcrumbList","@id":"https:\/\/www.meydan.tv\/az\/article\/xalq-artisti-bezi-filmler-deyerlere-xeyanetdir\/#breadcrumb","itemListElement":[{"@type":"ListItem","position":1,"name":"Ana s\u0259hif\u0259","item":"https:\/\/www.meydan.tv\/az\/"},{"@type":"ListItem","position":2,"name":"M\u0259d\u0259niyy\u0259t","item":"https:\/\/www.meydan.tv\/az\/section\/medeniyyet\/"},{"@type":"ListItem","position":3,"name":"Xalq artisti: \u201cB\u0259zi filml\u0259r d\u0259y\u0259rl\u0259r\u0259 x\u0259yan\u0259tdir\u201d"}]},{"@type":"WebSite","@id":"https:\/\/www.meydan.tv\/az\/#website","url":"https:\/\/www.meydan.tv\/az\/","name":"MEYDAN.TV","description":"Meydan TV Az\u0259rbaycan\u0131n media m\u0259kan\u0131ndak\u0131 alternativ s\u0259sidir","publisher":{"@id":"https:\/\/www.meydan.tv\/az\/#organization"},"potentialAction":[{"@type":"SearchAction","target":{"@type":"EntryPoint","urlTemplate":"https:\/\/www.meydan.tv\/az\/?s={search_term_string}"},"query-input":{"@type":"PropertyValueSpecification","valueRequired":true,"valueName":"search_term_string"}}],"inLanguage":"az"},{"@type":"Organization","@id":"https:\/\/www.meydan.tv\/az\/#organization","name":"Meydan TV","url":"https:\/\/www.meydan.tv\/az\/","logo":{"@type":"ImageObject","inLanguage":"az","@id":"https:\/\/www.meydan.tv\/az\/#\/schema\/logo\/image\/","url":"https:\/\/www.meydan.tv\/wp-content\/uploads\/2021\/07\/meydan-logo.svg","contentUrl":"https:\/\/www.meydan.tv\/wp-content\/uploads\/2021\/07\/meydan-logo.svg","width":195,"height":46,"caption":"Meydan TV"},"image":{"@id":"https:\/\/www.meydan.tv\/az\/#\/schema\/logo\/image\/"}},{"@type":"Person","@id":"https:\/\/www.meydan.tv\/az\/#\/schema\/person\/9cdbecf90d17180ce1dfbd95b08dcf47","name":"elli","sameAs":["https:\/\/x.com\/elli"]}]}},"_links":{"self":[{"href":"https:\/\/www.meydan.tv\/az\/wp-json\/wp\/v2\/posts\/273390","targetHints":{"allow":["GET"]}}],"collection":[{"href":"https:\/\/www.meydan.tv\/az\/wp-json\/wp\/v2\/posts"}],"about":[{"href":"https:\/\/www.meydan.tv\/az\/wp-json\/wp\/v2\/types\/post"}],"author":[{"embeddable":true,"href":"https:\/\/www.meydan.tv\/az\/wp-json\/wp\/v2\/users\/8"}],"replies":[{"embeddable":true,"href":"https:\/\/www.meydan.tv\/az\/wp-json\/wp\/v2\/comments?post=273390"}],"version-history":[{"count":2,"href":"https:\/\/www.meydan.tv\/az\/wp-json\/wp\/v2\/posts\/273390\/revisions"}],"predecessor-version":[{"id":273400,"href":"https:\/\/www.meydan.tv\/az\/wp-json\/wp\/v2\/posts\/273390\/revisions\/273400"}],"wp:featuredmedia":[{"embeddable":true,"href":"https:\/\/www.meydan.tv\/az\/wp-json\/wp\/v2\/media\/273391"}],"wp:attachment":[{"href":"https:\/\/www.meydan.tv\/az\/wp-json\/wp\/v2\/media?parent=273390"}],"wp:term":[{"taxonomy":"category","embeddable":true,"href":"https:\/\/www.meydan.tv\/az\/wp-json\/wp\/v2\/categories?post=273390"},{"taxonomy":"post_tag","embeddable":true,"href":"https:\/\/www.meydan.tv\/az\/wp-json\/wp\/v2\/tags?post=273390"}],"curies":[{"name":"wp","href":"https:\/\/api.w.org\/{rel}","templated":true}]}}