{"id":273371,"date":"2023-04-20T13:51:42","date_gmt":"2023-04-20T09:51:42","guid":{"rendered":"https:\/\/www.meydan.tv\/?p=273371"},"modified":"2023-04-20T13:51:48","modified_gmt":"2023-04-20T09:51:48","slug":"ssenarist-kinematoqrafiya-haqqinda-qanuna-deyisiklikler-teklif-edir","status":"publish","type":"post","link":"https:\/\/www.meydan.tv\/az\/article\/ssenarist-kinematoqrafiya-haqqinda-qanuna-deyisiklikler-teklif-edir\/","title":{"rendered":"Ssenarist \u201cKinematoqrafiya haqq\u0131nda\u201d Qanuna d\u0259yi\u015fiklikl\u0259r t\u0259klif edir"},"content":{"rendered":"\n<p><\/p>\n\n\n\n<p><em><strong>\u201cKinematoqrafiya, sad\u0259c\u0259, yarad\u0131c\u0131l\u0131q deyil, h\u0259m d\u0259 istehsalatd\u0131r\u201d<\/strong><\/em><\/p>\n\n\n\n<p>Ssenarist, \u018fm\u0259kdar inc\u0259s\u0259n\u0259t xadimi Orxan Fikr\u0259to\u011flu \u201cKinematoqrafiya haqq\u0131nda\u201d Qanuna d\u0259yi\u015fiklik edilm\u0259sini t\u0259klif edib.<\/p>\n\n\n\n<p>O, bu t\u0259klifl\u0259 \u201cAz\u0259rbaycan Kinosu &#8211; 125: Reall\u0131q, \u00c7a\u011f\u0131r\u0131\u015flar v\u0259 H\u0259d\u0259fl\u0259r\u201d m\u00f6vzusunda Kino forumunda \u00e7\u0131x\u0131\u015f edib.<\/p>\n\n\n\n<p><em>\u201cKinematoqraf\u00e7\u0131l\u0131\u011f\u0131n inki\u015faf\u0131 \u00fc\u00e7\u00fcn m\u00fctl\u0259q qanunvericilik d\u0259yi\u015fm\u0259lidir. Kinematoqrafiya, sad\u0259c\u0259, yarad\u0131c\u0131l\u0131q deyil, h\u0259m d\u0259 istehsalatd\u0131r. \u0130stehsalat is\u0259 bu g\u00fcn Az\u0259rbaycandak\u0131 bazar m\u00fchiti il\u0259 ba\u011fl\u0131d\u0131r. Kinematoqraf\u00e7\u0131lar \u00fc\u00e7\u00fcn birinci olan is\u0259 t\u0259bii ki, b\u0259dii prosesdir. Bunlar\u0131 is\u0259 t\u0259\u015fkilat\u00e7\u0131l\u0131q, idar\u0259\u00e7ilik m\u0259s\u0259l\u0259l\u0259ri il\u0259 uzla\u015fd\u0131ra bil\u0259r\u201d,<\/em> &#8211; Orxan Fikr\u0259to\u011flu deyib.<\/p>\n\n\n\n<p>\u201cKinematoqrafiya haqq\u0131nda\u201d Qanun 1998-ci ild\u0259 q\u0259bul olunub.<\/p>\n\n\n\n<p>Haz\u0131rda Bak\u0131da \u201cAz\u0259rbaycan Kinosu &#8211; 125: Reall\u0131q, \u00c7a\u011f\u0131r\u0131\u015flar v\u0259 H\u0259d\u0259fl\u0259r\u201d m\u00f6vzusunda Kino Forumu ke\u00e7irilir.<\/p>\n\n\n\n<p>Foruma m\u0259d\u0259niyy\u0259t naziri Adil K\u0259rimli v\u0259 inc\u0259s\u0259n\u0259t xadiml\u0259ri qat\u0131l\u0131blar.<\/p>\n","protected":false},"excerpt":{"rendered":"<p>\u201cKinematoqrafiya, sad\u0259c\u0259, yarad\u0131c\u0131l\u0131q deyil, h\u0259m d\u0259 istehsalatd\u0131r\u201d Ssenarist, \u018fm\u0259kdar inc\u0259s\u0259n\u0259t &#8230; <\/p>\n<p class=\"read-more-container\"><a title=\"Ssenarist \u201cKinematoqrafiya haqq\u0131nda\u201d Qanuna d\u0259yi\u015fiklikl\u0259r t\u0259klif edir\" class=\"read-more button\" href=\"https:\/\/www.meydan.tv\/az\/article\/ssenarist-kinematoqrafiya-haqqinda-qanuna-deyisiklikler-teklif-edir\/#more-273371\" aria-label=\"Read more about Ssenarist \u201cKinematoqrafiya haqq\u0131nda\u201d Qanuna d\u0259yi\u015fiklikl\u0259r t\u0259klif edir\">Davam\u0131<\/a><\/p>\n","protected":false},"author":8,"featured_media":273380,"comment_status":"closed","ping_status":"closed","sticky":false,"template":"","format":"standard","meta":{"_acf_changed":false,"_sitemap_exclude":false,"_sitemap_priority":"","_sitemap_frequency":"","footnotes":""},"categories":[52,56],"tags":[],"class_list":["post-273371","post","type-post","status-publish","format-standard","has-post-thumbnail","hentry","category-medeniyyet","category-xeberler","infinite-scroll-item","generate-columns","tablet-grid-50","mobile-grid-100","grid-parent","grid-33","no-featured-image-padding"],"acf":[],"yoast_head":"<!-- This site is optimized with the Yoast SEO plugin v27.4 - https:\/\/yoast.com\/product\/yoast-seo-wordpress\/ -->\n<title>Ssenarist \u201cKinematoqrafiya haqq\u0131nda\u201d Qanuna d\u0259yi\u015fiklikl\u0259r t\u0259klif edir - MEYDAN.TV<\/title>\n<meta name=\"robots\" content=\"index, follow, max-snippet:-1, max-image-preview:large, max-video-preview:-1\" \/>\n<link rel=\"canonical\" href=\"https:\/\/www.meydan.tv\/az\/article\/ssenarist-kinematoqrafiya-haqqinda-qanuna-deyisiklikler-teklif-edir\/\" \/>\n<meta property=\"og:locale\" content=\"az_AZ\" \/>\n<meta property=\"og:type\" content=\"article\" \/>\n<meta property=\"og:title\" content=\"Ssenarist \u201cKinematoqrafiya haqq\u0131nda\u201d Qanuna d\u0259yi\u015fiklikl\u0259r t\u0259klif edir - MEYDAN.TV\" \/>\n<meta property=\"og:description\" content=\"\u201cKinematoqrafiya, sad\u0259c\u0259, yarad\u0131c\u0131l\u0131q deyil, h\u0259m d\u0259 istehsalatd\u0131r\u201d Ssenarist, \u018fm\u0259kdar inc\u0259s\u0259n\u0259t ... Davam\u0131\" \/>\n<meta property=\"og:url\" content=\"https:\/\/www.meydan.tv\/az\/article\/ssenarist-kinematoqrafiya-haqqinda-qanuna-deyisiklikler-teklif-edir\/\" \/>\n<meta property=\"og:site_name\" content=\"MEYDAN.TV\" \/>\n<meta property=\"article:published_time\" content=\"2023-04-20T09:51:42+00:00\" \/>\n<meta property=\"article:modified_time\" content=\"2023-04-20T09:51:48+00:00\" \/>\n<meta property=\"og:image\" content=\"https:\/\/www.meydan.tv\/wp-content\/uploads\/cvvntjzs3ohqhhxksayn-e1681984040692.jpg\" \/>\n\t<meta property=\"og:image:width\" content=\"1200\" \/>\n\t<meta property=\"og:image:height\" content=\"537\" \/>\n\t<meta property=\"og:image:type\" content=\"image\/jpeg\" \/>\n<meta name=\"author\" content=\"elli\" \/>\n<meta name=\"twitter:card\" content=\"summary_large_image\" \/>\n<meta name=\"twitter:creator\" content=\"@elli\" \/>\n<script type=\"application\/ld+json\" class=\"yoast-schema-graph\">{\"@context\":\"https:\\\/\\\/schema.org\",\"@graph\":[{\"@type\":\"Article\",\"@id\":\"https:\\\/\\\/www.meydan.tv\\\/az\\\/article\\\/ssenarist-kinematoqrafiya-haqqinda-qanuna-deyisiklikler-teklif-edir\\\/#article\",\"isPartOf\":{\"@id\":\"https:\\\/\\\/www.meydan.tv\\\/az\\\/article\\\/ssenarist-kinematoqrafiya-haqqinda-qanuna-deyisiklikler-teklif-edir\\\/\"},\"author\":{\"name\":\"elli\",\"@id\":\"https:\\\/\\\/www.meydan.tv\\\/az\\\/#\\\/schema\\\/person\\\/9cdbecf90d17180ce1dfbd95b08dcf47\"},\"headline\":\"Ssenarist \u201cKinematoqrafiya haqq\u0131nda\u201d Qanuna d\u0259yi\u015fiklikl\u0259r t\u0259klif edir\",\"datePublished\":\"2023-04-20T09:51:42+00:00\",\"dateModified\":\"2023-04-20T09:51:48+00:00\",\"mainEntityOfPage\":{\"@id\":\"https:\\\/\\\/www.meydan.tv\\\/az\\\/article\\\/ssenarist-kinematoqrafiya-haqqinda-qanuna-deyisiklikler-teklif-edir\\\/\"},\"wordCount\":204,\"publisher\":{\"@id\":\"https:\\\/\\\/www.meydan.tv\\\/az\\\/#organization\"},\"image\":{\"@id\":\"https:\\\/\\\/www.meydan.tv\\\/az\\\/article\\\/ssenarist-kinematoqrafiya-haqqinda-qanuna-deyisiklikler-teklif-edir\\\/#primaryimage\"},\"thumbnailUrl\":\"https:\\\/\\\/www.meydan.tv\\\/wp-content\\\/uploads\\\/cvvntjzs3ohqhhxksayn-e1681984040692.jpg\",\"articleSection\":[\"M\u0259d\u0259niyy\u0259t\",\"X\u0259b\u0259rl\u0259r\"],\"inLanguage\":\"az\"},{\"@type\":\"WebPage\",\"@id\":\"https:\\\/\\\/www.meydan.tv\\\/az\\\/article\\\/ssenarist-kinematoqrafiya-haqqinda-qanuna-deyisiklikler-teklif-edir\\\/\",\"url\":\"https:\\\/\\\/www.meydan.tv\\\/az\\\/article\\\/ssenarist-kinematoqrafiya-haqqinda-qanuna-deyisiklikler-teklif-edir\\\/\",\"name\":\"Ssenarist \u201cKinematoqrafiya haqq\u0131nda\u201d Qanuna d\u0259yi\u015fiklikl\u0259r t\u0259klif edir - MEYDAN.TV\",\"isPartOf\":{\"@id\":\"https:\\\/\\\/www.meydan.tv\\\/az\\\/#website\"},\"primaryImageOfPage\":{\"@id\":\"https:\\\/\\\/www.meydan.tv\\\/az\\\/article\\\/ssenarist-kinematoqrafiya-haqqinda-qanuna-deyisiklikler-teklif-edir\\\/#primaryimage\"},\"image\":{\"@id\":\"https:\\\/\\\/www.meydan.tv\\\/az\\\/article\\\/ssenarist-kinematoqrafiya-haqqinda-qanuna-deyisiklikler-teklif-edir\\\/#primaryimage\"},\"thumbnailUrl\":\"https:\\\/\\\/www.meydan.tv\\\/wp-content\\\/uploads\\\/cvvntjzs3ohqhhxksayn-e1681984040692.jpg\",\"datePublished\":\"2023-04-20T09:51:42+00:00\",\"dateModified\":\"2023-04-20T09:51:48+00:00\",\"breadcrumb\":{\"@id\":\"https:\\\/\\\/www.meydan.tv\\\/az\\\/article\\\/ssenarist-kinematoqrafiya-haqqinda-qanuna-deyisiklikler-teklif-edir\\\/#breadcrumb\"},\"inLanguage\":\"az\",\"potentialAction\":[{\"@type\":\"ReadAction\",\"target\":[\"https:\\\/\\\/www.meydan.tv\\\/az\\\/article\\\/ssenarist-kinematoqrafiya-haqqinda-qanuna-deyisiklikler-teklif-edir\\\/\"]}]},{\"@type\":\"ImageObject\",\"inLanguage\":\"az\",\"@id\":\"https:\\\/\\\/www.meydan.tv\\\/az\\\/article\\\/ssenarist-kinematoqrafiya-haqqinda-qanuna-deyisiklikler-teklif-edir\\\/#primaryimage\",\"url\":\"https:\\\/\\\/www.meydan.tv\\\/wp-content\\\/uploads\\\/cvvntjzs3ohqhhxksayn-e1681984040692.jpg\",\"contentUrl\":\"https:\\\/\\\/www.meydan.tv\\\/wp-content\\\/uploads\\\/cvvntjzs3ohqhhxksayn-e1681984040692.jpg\",\"width\":1200,\"height\":537,\"caption\":\"O.Fikr\u0259to\u011flu. Foto: \\\"sherg.az\\\"\"},{\"@type\":\"BreadcrumbList\",\"@id\":\"https:\\\/\\\/www.meydan.tv\\\/az\\\/article\\\/ssenarist-kinematoqrafiya-haqqinda-qanuna-deyisiklikler-teklif-edir\\\/#breadcrumb\",\"itemListElement\":[{\"@type\":\"ListItem\",\"position\":1,\"name\":\"Ana s\u0259hif\u0259\",\"item\":\"https:\\\/\\\/www.meydan.tv\\\/az\\\/\"},{\"@type\":\"ListItem\",\"position\":2,\"name\":\"M\u0259d\u0259niyy\u0259t\",\"item\":\"https:\\\/\\\/www.meydan.tv\\\/az\\\/section\\\/medeniyyet\\\/\"},{\"@type\":\"ListItem\",\"position\":3,\"name\":\"Ssenarist \u201cKinematoqrafiya haqq\u0131nda\u201d Qanuna d\u0259yi\u015fiklikl\u0259r t\u0259klif edir\"}]},{\"@type\":\"WebSite\",\"@id\":\"https:\\\/\\\/www.meydan.tv\\\/az\\\/#website\",\"url\":\"https:\\\/\\\/www.meydan.tv\\\/az\\\/\",\"name\":\"MEYDAN.TV\",\"description\":\"Meydan TV Az\u0259rbaycan\u0131n media m\u0259kan\u0131ndak\u0131 alternativ s\u0259sidir\",\"publisher\":{\"@id\":\"https:\\\/\\\/www.meydan.tv\\\/az\\\/#organization\"},\"potentialAction\":[{\"@type\":\"SearchAction\",\"target\":{\"@type\":\"EntryPoint\",\"urlTemplate\":\"https:\\\/\\\/www.meydan.tv\\\/az\\\/?s={search_term_string}\"},\"query-input\":{\"@type\":\"PropertyValueSpecification\",\"valueRequired\":true,\"valueName\":\"search_term_string\"}}],\"inLanguage\":\"az\"},{\"@type\":\"Organization\",\"@id\":\"https:\\\/\\\/www.meydan.tv\\\/az\\\/#organization\",\"name\":\"Meydan TV\",\"url\":\"https:\\\/\\\/www.meydan.tv\\\/az\\\/\",\"logo\":{\"@type\":\"ImageObject\",\"inLanguage\":\"az\",\"@id\":\"https:\\\/\\\/www.meydan.tv\\\/az\\\/#\\\/schema\\\/logo\\\/image\\\/\",\"url\":\"https:\\\/\\\/www.meydan.tv\\\/wp-content\\\/uploads\\\/2021\\\/07\\\/meydan-logo.svg\",\"contentUrl\":\"https:\\\/\\\/www.meydan.tv\\\/wp-content\\\/uploads\\\/2021\\\/07\\\/meydan-logo.svg\",\"width\":195,\"height\":46,\"caption\":\"Meydan TV\"},\"image\":{\"@id\":\"https:\\\/\\\/www.meydan.tv\\\/az\\\/#\\\/schema\\\/logo\\\/image\\\/\"}},{\"@type\":\"Person\",\"@id\":\"https:\\\/\\\/www.meydan.tv\\\/az\\\/#\\\/schema\\\/person\\\/9cdbecf90d17180ce1dfbd95b08dcf47\",\"name\":\"elli\",\"sameAs\":[\"https:\\\/\\\/x.com\\\/elli\"]}]}<\/script>\n<!-- \/ Yoast SEO plugin. -->","yoast_head_json":{"title":"Ssenarist \u201cKinematoqrafiya haqq\u0131nda\u201d Qanuna d\u0259yi\u015fiklikl\u0259r t\u0259klif edir - MEYDAN.TV","robots":{"index":"index","follow":"follow","max-snippet":"max-snippet:-1","max-image-preview":"max-image-preview:large","max-video-preview":"max-video-preview:-1"},"canonical":"https:\/\/www.meydan.tv\/az\/article\/ssenarist-kinematoqrafiya-haqqinda-qanuna-deyisiklikler-teklif-edir\/","og_locale":"az_AZ","og_type":"article","og_title":"Ssenarist \u201cKinematoqrafiya haqq\u0131nda\u201d Qanuna d\u0259yi\u015fiklikl\u0259r t\u0259klif edir - MEYDAN.TV","og_description":"\u201cKinematoqrafiya, sad\u0259c\u0259, yarad\u0131c\u0131l\u0131q deyil, h\u0259m d\u0259 istehsalatd\u0131r\u201d Ssenarist, \u018fm\u0259kdar inc\u0259s\u0259n\u0259t ... Davam\u0131","og_url":"https:\/\/www.meydan.tv\/az\/article\/ssenarist-kinematoqrafiya-haqqinda-qanuna-deyisiklikler-teklif-edir\/","og_site_name":"MEYDAN.TV","article_published_time":"2023-04-20T09:51:42+00:00","article_modified_time":"2023-04-20T09:51:48+00:00","og_image":[{"width":1200,"height":537,"url":"https:\/\/www.meydan.tv\/wp-content\/uploads\/cvvntjzs3ohqhhxksayn-e1681984040692.jpg","type":"image\/jpeg"}],"author":"elli","twitter_card":"summary_large_image","twitter_creator":"@elli","schema":{"@context":"https:\/\/schema.org","@graph":[{"@type":"Article","@id":"https:\/\/www.meydan.tv\/az\/article\/ssenarist-kinematoqrafiya-haqqinda-qanuna-deyisiklikler-teklif-edir\/#article","isPartOf":{"@id":"https:\/\/www.meydan.tv\/az\/article\/ssenarist-kinematoqrafiya-haqqinda-qanuna-deyisiklikler-teklif-edir\/"},"author":{"name":"elli","@id":"https:\/\/www.meydan.tv\/az\/#\/schema\/person\/9cdbecf90d17180ce1dfbd95b08dcf47"},"headline":"Ssenarist \u201cKinematoqrafiya haqq\u0131nda\u201d Qanuna d\u0259yi\u015fiklikl\u0259r t\u0259klif edir","datePublished":"2023-04-20T09:51:42+00:00","dateModified":"2023-04-20T09:51:48+00:00","mainEntityOfPage":{"@id":"https:\/\/www.meydan.tv\/az\/article\/ssenarist-kinematoqrafiya-haqqinda-qanuna-deyisiklikler-teklif-edir\/"},"wordCount":204,"publisher":{"@id":"https:\/\/www.meydan.tv\/az\/#organization"},"image":{"@id":"https:\/\/www.meydan.tv\/az\/article\/ssenarist-kinematoqrafiya-haqqinda-qanuna-deyisiklikler-teklif-edir\/#primaryimage"},"thumbnailUrl":"https:\/\/www.meydan.tv\/wp-content\/uploads\/cvvntjzs3ohqhhxksayn-e1681984040692.jpg","articleSection":["M\u0259d\u0259niyy\u0259t","X\u0259b\u0259rl\u0259r"],"inLanguage":"az"},{"@type":"WebPage","@id":"https:\/\/www.meydan.tv\/az\/article\/ssenarist-kinematoqrafiya-haqqinda-qanuna-deyisiklikler-teklif-edir\/","url":"https:\/\/www.meydan.tv\/az\/article\/ssenarist-kinematoqrafiya-haqqinda-qanuna-deyisiklikler-teklif-edir\/","name":"Ssenarist \u201cKinematoqrafiya haqq\u0131nda\u201d Qanuna d\u0259yi\u015fiklikl\u0259r t\u0259klif edir - MEYDAN.TV","isPartOf":{"@id":"https:\/\/www.meydan.tv\/az\/#website"},"primaryImageOfPage":{"@id":"https:\/\/www.meydan.tv\/az\/article\/ssenarist-kinematoqrafiya-haqqinda-qanuna-deyisiklikler-teklif-edir\/#primaryimage"},"image":{"@id":"https:\/\/www.meydan.tv\/az\/article\/ssenarist-kinematoqrafiya-haqqinda-qanuna-deyisiklikler-teklif-edir\/#primaryimage"},"thumbnailUrl":"https:\/\/www.meydan.tv\/wp-content\/uploads\/cvvntjzs3ohqhhxksayn-e1681984040692.jpg","datePublished":"2023-04-20T09:51:42+00:00","dateModified":"2023-04-20T09:51:48+00:00","breadcrumb":{"@id":"https:\/\/www.meydan.tv\/az\/article\/ssenarist-kinematoqrafiya-haqqinda-qanuna-deyisiklikler-teklif-edir\/#breadcrumb"},"inLanguage":"az","potentialAction":[{"@type":"ReadAction","target":["https:\/\/www.meydan.tv\/az\/article\/ssenarist-kinematoqrafiya-haqqinda-qanuna-deyisiklikler-teklif-edir\/"]}]},{"@type":"ImageObject","inLanguage":"az","@id":"https:\/\/www.meydan.tv\/az\/article\/ssenarist-kinematoqrafiya-haqqinda-qanuna-deyisiklikler-teklif-edir\/#primaryimage","url":"https:\/\/www.meydan.tv\/wp-content\/uploads\/cvvntjzs3ohqhhxksayn-e1681984040692.jpg","contentUrl":"https:\/\/www.meydan.tv\/wp-content\/uploads\/cvvntjzs3ohqhhxksayn-e1681984040692.jpg","width":1200,"height":537,"caption":"O.Fikr\u0259to\u011flu. Foto: \"sherg.az\""},{"@type":"BreadcrumbList","@id":"https:\/\/www.meydan.tv\/az\/article\/ssenarist-kinematoqrafiya-haqqinda-qanuna-deyisiklikler-teklif-edir\/#breadcrumb","itemListElement":[{"@type":"ListItem","position":1,"name":"Ana s\u0259hif\u0259","item":"https:\/\/www.meydan.tv\/az\/"},{"@type":"ListItem","position":2,"name":"M\u0259d\u0259niyy\u0259t","item":"https:\/\/www.meydan.tv\/az\/section\/medeniyyet\/"},{"@type":"ListItem","position":3,"name":"Ssenarist \u201cKinematoqrafiya haqq\u0131nda\u201d Qanuna d\u0259yi\u015fiklikl\u0259r t\u0259klif edir"}]},{"@type":"WebSite","@id":"https:\/\/www.meydan.tv\/az\/#website","url":"https:\/\/www.meydan.tv\/az\/","name":"MEYDAN.TV","description":"Meydan TV Az\u0259rbaycan\u0131n media m\u0259kan\u0131ndak\u0131 alternativ s\u0259sidir","publisher":{"@id":"https:\/\/www.meydan.tv\/az\/#organization"},"potentialAction":[{"@type":"SearchAction","target":{"@type":"EntryPoint","urlTemplate":"https:\/\/www.meydan.tv\/az\/?s={search_term_string}"},"query-input":{"@type":"PropertyValueSpecification","valueRequired":true,"valueName":"search_term_string"}}],"inLanguage":"az"},{"@type":"Organization","@id":"https:\/\/www.meydan.tv\/az\/#organization","name":"Meydan TV","url":"https:\/\/www.meydan.tv\/az\/","logo":{"@type":"ImageObject","inLanguage":"az","@id":"https:\/\/www.meydan.tv\/az\/#\/schema\/logo\/image\/","url":"https:\/\/www.meydan.tv\/wp-content\/uploads\/2021\/07\/meydan-logo.svg","contentUrl":"https:\/\/www.meydan.tv\/wp-content\/uploads\/2021\/07\/meydan-logo.svg","width":195,"height":46,"caption":"Meydan TV"},"image":{"@id":"https:\/\/www.meydan.tv\/az\/#\/schema\/logo\/image\/"}},{"@type":"Person","@id":"https:\/\/www.meydan.tv\/az\/#\/schema\/person\/9cdbecf90d17180ce1dfbd95b08dcf47","name":"elli","sameAs":["https:\/\/x.com\/elli"]}]}},"_links":{"self":[{"href":"https:\/\/www.meydan.tv\/az\/wp-json\/wp\/v2\/posts\/273371","targetHints":{"allow":["GET"]}}],"collection":[{"href":"https:\/\/www.meydan.tv\/az\/wp-json\/wp\/v2\/posts"}],"about":[{"href":"https:\/\/www.meydan.tv\/az\/wp-json\/wp\/v2\/types\/post"}],"author":[{"embeddable":true,"href":"https:\/\/www.meydan.tv\/az\/wp-json\/wp\/v2\/users\/8"}],"replies":[{"embeddable":true,"href":"https:\/\/www.meydan.tv\/az\/wp-json\/wp\/v2\/comments?post=273371"}],"version-history":[{"count":1,"href":"https:\/\/www.meydan.tv\/az\/wp-json\/wp\/v2\/posts\/273371\/revisions"}],"predecessor-version":[{"id":273384,"href":"https:\/\/www.meydan.tv\/az\/wp-json\/wp\/v2\/posts\/273371\/revisions\/273384"}],"wp:featuredmedia":[{"embeddable":true,"href":"https:\/\/www.meydan.tv\/az\/wp-json\/wp\/v2\/media\/273380"}],"wp:attachment":[{"href":"https:\/\/www.meydan.tv\/az\/wp-json\/wp\/v2\/media?parent=273371"}],"wp:term":[{"taxonomy":"category","embeddable":true,"href":"https:\/\/www.meydan.tv\/az\/wp-json\/wp\/v2\/categories?post=273371"},{"taxonomy":"post_tag","embeddable":true,"href":"https:\/\/www.meydan.tv\/az\/wp-json\/wp\/v2\/tags?post=273371"}],"curies":[{"name":"wp","href":"https:\/\/api.w.org\/{rel}","templated":true}]}}