{"id":273357,"date":"2023-04-20T12:49:24","date_gmt":"2023-04-20T08:49:24","guid":{"rendered":"https:\/\/www.meydan.tv\/?p=273357"},"modified":"2023-04-20T13:47:10","modified_gmt":"2023-04-20T09:47:10","slug":"xahis-edirem-kino-agentliyine-olkesini-seven-adamlar-toplassin","status":"publish","type":"post","link":"https:\/\/www.meydan.tv\/az\/article\/xahis-edirem-kino-agentliyine-olkesini-seven-adamlar-toplassin\/","title":{"rendered":"\u201cXahi\u015f edir\u0259m, Kino Agentliyin\u0259 \u00f6lk\u0259sini sev\u0259n adamlar topla\u015fs\u0131n\u201d"},"content":{"rendered":"\n<p><\/p>\n\n\n\n<p><strong><em>Xalq artisti hesab edir ki, \u201cAz\u0259rbaycanfilm\u201d bir ne\u00e7\u0259 il d\u00f6vl\u0259t dotasiyas\u0131nda olmal\u0131d\u0131r<\/em><\/strong><\/p>\n\n\n\n<p>Az\u0259rbaycan Kinosu &#8211; 125: Reall\u0131q, \u00c7a\u011f\u0131r\u0131\u015flar v\u0259 H\u0259d\u0259fl\u0259r\u201d m\u00f6vzusunda Kino forumu ke\u00e7irilir.<\/p>\n\n\n\n<p>T\u0259dbird\u0259 kino ictimaiyy\u0259ti bu sah\u0259nin probleml\u0259ri il\u0259 \u0259laq\u0259dar \u00e7\u0131x\u0131\u015flar edirl\u0259r.<\/p>\n\n\n\n<p>Xalq artisti, Az\u0259rbaycan Kinematoqraf\u00e7\u0131lar \u0130ttifaq\u0131n\u0131n (AK\u0130) s\u0259dri Rasim Balayev \u00e7\u0131x\u0131\u015f\u0131 zaman\u0131 kino sah\u0259sind\u0259ki probleml\u0259rd\u0259n dan\u0131\u015f\u0131b.<\/p>\n\n\n\n<p>T\u0259klif edib ki, C\u0259f\u0259r Cabbarl\u0131 ad\u0131na \u201cAz\u0259rbaycanfilm\u201d kinostudiyas\u0131 kino bazar\u0131na daxil olana q\u0259d\u0259r d\u00f6vl\u0259t dotasiyas\u0131nda olsun.<\/p>\n\n\n\n<p><em>\u201cD\u00fc\u015f\u00fcn\u00fcr\u0259m ki, \u201cAz\u0259rbaycanfilm\u201d he\u00e7 olmasa, bir ne\u00e7\u0259 il d\u00f6vl\u0259t dotasiyas\u0131nda olmal\u0131d\u0131r. Sad\u0259c\u0259, \u00f6z\u00fcn\u0259 m\u00fc\u0259yy\u0259n yol tapana q\u0259d\u0259r maliyy\u0259 d\u0259st\u0259yi olmal\u0131d\u0131r ki, kino biznesin\u0259 qat\u0131ls\u0131n\u201d,<\/em> &#8211; Rasim Balayev deyib.<\/p>\n\n\n\n<p>Xalq artisti \u00e7\u0131x\u0131\u015f\u0131 zaman\u0131 keyfiyy\u0259tli filml\u0259rin \u0259rs\u0259y\u0259 g\u0259lm\u0259sind\u0259 dramaturgiyan\u0131n rolunu x\u00fcsusi vur\u011fulay\u0131b:<\/p>\n\n\n\n<p><em>\u201cM\u0259d\u0259niyy\u0259t Nazirliyind\u0259n xahi\u015f edir\u0259m ki, ild\u0259 \u00e7ox yox, he\u00e7 olmasa d\u00f6rd kino adam\u0131n\u0131 t\u0259hsil \u00fc\u00e7\u00fcn xarici \u00f6lk\u0259y\u0259 g\u00f6nd\u0259rsin\u201d.<\/em><\/p>\n\n\n\n<p>Yeni yarad\u0131lan Kino Agentliyi haqq\u0131nda dan\u0131\u015fan Rasim Balayev: <em>\u201c\u00c7ox xahi\u015f edir\u0259m, oraya \u00f6lk\u0259sini sev\u0259n, kinomuzu bil\u0259n adamlar topla\u015fs\u0131n\u201d<\/em>, &#8211; deyib.<\/p>\n\n\n\n<p>Prezident \u0130lham \u018fliyev 2022-ci il aprelin 20-d\u0259 Az\u0259rbaycan Respublikas\u0131n\u0131n Kino Agentliyinin (ARKA) yarad\u0131lmas\u0131 il\u0259 ba\u011fl\u0131 s\u0259r\u0259ncam imzalay\u0131b.<\/p>\n\n\n\n<p>2022-ci il oktyabr\u0131n 26-da Hesablama Palatas\u0131 d\u00f6vl\u0259t sifari\u015fi il\u0259 filml\u0259rin \u00e7\u0259kilm\u0259si zaman\u0131 ciddi maliyy\u0259 pozuntular\u0131n\u0131n a\u015fkarlanmas\u0131na dair hesabat yay\u0131mlay\u0131b.<\/p>\n\n\n\n<p>Palata t\u00f6vsiy\u0259 edirdi ki, n\u00f6qsana yol ver\u0259n m\u0259sul \u015f\u0259xsl\u0259r m\u0259suliyy\u0259t\u0259 c\u0259lb olunsunlar.<\/p>\n\n\n\n<p>2022-ci il noyabr\u0131n 1-d\u0259 is\u0259 D\u00f6vl\u0259t T\u0259hl\u00fck\u0259sizliyi Xidm\u0259ti (DTX) M\u0259d\u0259niyy\u0259t Nazirliyind\u0259 x\u00fcsusi \u0259m\u0259liyyat ke\u00e7irib.<\/p>\n\n\n\n<p>M\u0259d\u0259niyy\u0259t nazirinin sabiq birinci m\u00fcavini Elnur \u018fliyev v\u0259 nazirliyin T\u0259chizat v\u0259 \u018fmlak \u015e\u00f6b\u0259sinin m\u00fcdiri \u0130lkin N\u0259sibov m\u0259suliyy\u0259t\u0259 c\u0259lb olunub.<\/p>\n\n\n\n<p>Onlar Cinay\u0259t M\u0259c\u0259ll\u0259sinin 179.4 (x\u00fcsusil\u0259 k\u00fclli miqdarda m\u0259nims\u0259m\u0259), 308-ci (v\u0259zif\u0259 s\u0259lahiyy\u0259tl\u0259rind\u0259n sui istifad\u0259) madd\u0259l\u0259ril\u0259 ittiham olunur.<\/p>\n","protected":false},"excerpt":{"rendered":"<p>Xalq artisti hesab edir ki, \u201cAz\u0259rbaycanfilm\u201d bir ne\u00e7\u0259 il d\u00f6vl\u0259t &#8230; <\/p>\n<p class=\"read-more-container\"><a title=\"\u201cXahi\u015f edir\u0259m, Kino Agentliyin\u0259 \u00f6lk\u0259sini sev\u0259n adamlar topla\u015fs\u0131n\u201d\" class=\"read-more button\" href=\"https:\/\/www.meydan.tv\/az\/article\/xahis-edirem-kino-agentliyine-olkesini-seven-adamlar-toplassin\/#more-273357\" aria-label=\"Read more about \u201cXahi\u015f edir\u0259m, Kino Agentliyin\u0259 \u00f6lk\u0259sini sev\u0259n adamlar topla\u015fs\u0131n\u201d\">Davam\u0131<\/a><\/p>\n","protected":false},"author":8,"featured_media":245844,"comment_status":"closed","ping_status":"closed","sticky":false,"template":"","format":"standard","meta":{"_acf_changed":false,"_sitemap_exclude":false,"_sitemap_priority":"","_sitemap_frequency":"","footnotes":""},"categories":[52,56],"tags":[],"class_list":["post-273357","post","type-post","status-publish","format-standard","has-post-thumbnail","hentry","category-medeniyyet","category-xeberler","infinite-scroll-item","generate-columns","tablet-grid-50","mobile-grid-100","grid-parent","grid-33","no-featured-image-padding"],"acf":[],"yoast_head":"<!-- This site is optimized with the Yoast SEO plugin v27.4 - https:\/\/yoast.com\/product\/yoast-seo-wordpress\/ -->\n<title>\u201cXahi\u015f edir\u0259m, Kino Agentliyin\u0259 \u00f6lk\u0259sini sev\u0259n adamlar topla\u015fs\u0131n\u201d - MEYDAN.TV<\/title>\n<meta name=\"robots\" content=\"index, follow, max-snippet:-1, max-image-preview:large, max-video-preview:-1\" \/>\n<link rel=\"canonical\" href=\"https:\/\/www.meydan.tv\/az\/article\/xahis-edirem-kino-agentliyine-olkesini-seven-adamlar-toplassin\/\" \/>\n<meta property=\"og:locale\" content=\"az_AZ\" \/>\n<meta property=\"og:type\" content=\"article\" \/>\n<meta property=\"og:title\" content=\"\u201cXahi\u015f edir\u0259m, Kino Agentliyin\u0259 \u00f6lk\u0259sini sev\u0259n adamlar topla\u015fs\u0131n\u201d - MEYDAN.TV\" \/>\n<meta property=\"og:description\" content=\"Xalq artisti hesab edir ki, \u201cAz\u0259rbaycanfilm\u201d bir ne\u00e7\u0259 il d\u00f6vl\u0259t ... Davam\u0131\" \/>\n<meta property=\"og:url\" content=\"https:\/\/www.meydan.tv\/az\/article\/xahis-edirem-kino-agentliyine-olkesini-seven-adamlar-toplassin\/\" \/>\n<meta property=\"og:site_name\" content=\"MEYDAN.TV\" \/>\n<meta property=\"article:published_time\" content=\"2023-04-20T08:49:24+00:00\" \/>\n<meta property=\"article:modified_time\" content=\"2023-04-20T09:47:10+00:00\" \/>\n<meta property=\"og:image\" content=\"https:\/\/www.meydan.tv\/wp-content\/uploads\/15712240133693912945_1000x669.jpg\" \/>\n\t<meta property=\"og:image:width\" content=\"1200\" \/>\n\t<meta property=\"og:image:height\" content=\"735\" \/>\n\t<meta property=\"og:image:type\" content=\"image\/jpeg\" \/>\n<meta name=\"author\" content=\"elli\" \/>\n<meta name=\"twitter:card\" content=\"summary_large_image\" \/>\n<meta name=\"twitter:creator\" content=\"@elli\" \/>\n<script type=\"application\/ld+json\" class=\"yoast-schema-graph\">{\"@context\":\"https:\\\/\\\/schema.org\",\"@graph\":[{\"@type\":\"Article\",\"@id\":\"https:\\\/\\\/www.meydan.tv\\\/az\\\/article\\\/xahis-edirem-kino-agentliyine-olkesini-seven-adamlar-toplassin\\\/#article\",\"isPartOf\":{\"@id\":\"https:\\\/\\\/www.meydan.tv\\\/az\\\/article\\\/xahis-edirem-kino-agentliyine-olkesini-seven-adamlar-toplassin\\\/\"},\"author\":{\"name\":\"elli\",\"@id\":\"https:\\\/\\\/www.meydan.tv\\\/az\\\/#\\\/schema\\\/person\\\/9cdbecf90d17180ce1dfbd95b08dcf47\"},\"headline\":\"\u201cXahi\u015f edir\u0259m, Kino Agentliyin\u0259 \u00f6lk\u0259sini sev\u0259n adamlar topla\u015fs\u0131n\u201d\",\"datePublished\":\"2023-04-20T08:49:24+00:00\",\"dateModified\":\"2023-04-20T09:47:10+00:00\",\"mainEntityOfPage\":{\"@id\":\"https:\\\/\\\/www.meydan.tv\\\/az\\\/article\\\/xahis-edirem-kino-agentliyine-olkesini-seven-adamlar-toplassin\\\/\"},\"wordCount\":411,\"publisher\":{\"@id\":\"https:\\\/\\\/www.meydan.tv\\\/az\\\/#organization\"},\"image\":{\"@id\":\"https:\\\/\\\/www.meydan.tv\\\/az\\\/article\\\/xahis-edirem-kino-agentliyine-olkesini-seven-adamlar-toplassin\\\/#primaryimage\"},\"thumbnailUrl\":\"https:\\\/\\\/www.meydan.tv\\\/wp-content\\\/uploads\\\/15712240133693912945_1000x669-e1691405619455.jpg\",\"articleSection\":[\"M\u0259d\u0259niyy\u0259t\",\"X\u0259b\u0259rl\u0259r\"],\"inLanguage\":\"az\"},{\"@type\":\"WebPage\",\"@id\":\"https:\\\/\\\/www.meydan.tv\\\/az\\\/article\\\/xahis-edirem-kino-agentliyine-olkesini-seven-adamlar-toplassin\\\/\",\"url\":\"https:\\\/\\\/www.meydan.tv\\\/az\\\/article\\\/xahis-edirem-kino-agentliyine-olkesini-seven-adamlar-toplassin\\\/\",\"name\":\"\u201cXahi\u015f edir\u0259m, Kino Agentliyin\u0259 \u00f6lk\u0259sini sev\u0259n adamlar topla\u015fs\u0131n\u201d - MEYDAN.TV\",\"isPartOf\":{\"@id\":\"https:\\\/\\\/www.meydan.tv\\\/az\\\/#website\"},\"primaryImageOfPage\":{\"@id\":\"https:\\\/\\\/www.meydan.tv\\\/az\\\/article\\\/xahis-edirem-kino-agentliyine-olkesini-seven-adamlar-toplassin\\\/#primaryimage\"},\"image\":{\"@id\":\"https:\\\/\\\/www.meydan.tv\\\/az\\\/article\\\/xahis-edirem-kino-agentliyine-olkesini-seven-adamlar-toplassin\\\/#primaryimage\"},\"thumbnailUrl\":\"https:\\\/\\\/www.meydan.tv\\\/wp-content\\\/uploads\\\/15712240133693912945_1000x669-e1691405619455.jpg\",\"datePublished\":\"2023-04-20T08:49:24+00:00\",\"dateModified\":\"2023-04-20T09:47:10+00:00\",\"breadcrumb\":{\"@id\":\"https:\\\/\\\/www.meydan.tv\\\/az\\\/article\\\/xahis-edirem-kino-agentliyine-olkesini-seven-adamlar-toplassin\\\/#breadcrumb\"},\"inLanguage\":\"az\",\"potentialAction\":[{\"@type\":\"ReadAction\",\"target\":[\"https:\\\/\\\/www.meydan.tv\\\/az\\\/article\\\/xahis-edirem-kino-agentliyine-olkesini-seven-adamlar-toplassin\\\/\"]}]},{\"@type\":\"ImageObject\",\"inLanguage\":\"az\",\"@id\":\"https:\\\/\\\/www.meydan.tv\\\/az\\\/article\\\/xahis-edirem-kino-agentliyine-olkesini-seven-adamlar-toplassin\\\/#primaryimage\",\"url\":\"https:\\\/\\\/www.meydan.tv\\\/wp-content\\\/uploads\\\/15712240133693912945_1000x669-e1691405619455.jpg\",\"contentUrl\":\"https:\\\/\\\/www.meydan.tv\\\/wp-content\\\/uploads\\\/15712240133693912945_1000x669-e1691405619455.jpg\",\"width\":1200,\"height\":678,\"caption\":\"Rasim Balayev. Foto: \\\"azerbaycan24\\\"\"},{\"@type\":\"BreadcrumbList\",\"@id\":\"https:\\\/\\\/www.meydan.tv\\\/az\\\/article\\\/xahis-edirem-kino-agentliyine-olkesini-seven-adamlar-toplassin\\\/#breadcrumb\",\"itemListElement\":[{\"@type\":\"ListItem\",\"position\":1,\"name\":\"Ana s\u0259hif\u0259\",\"item\":\"https:\\\/\\\/www.meydan.tv\\\/az\\\/\"},{\"@type\":\"ListItem\",\"position\":2,\"name\":\"M\u0259d\u0259niyy\u0259t\",\"item\":\"https:\\\/\\\/www.meydan.tv\\\/az\\\/section\\\/medeniyyet\\\/\"},{\"@type\":\"ListItem\",\"position\":3,\"name\":\"\u201cXahi\u015f edir\u0259m, Kino Agentliyin\u0259 \u00f6lk\u0259sini sev\u0259n adamlar topla\u015fs\u0131n\u201d\"}]},{\"@type\":\"WebSite\",\"@id\":\"https:\\\/\\\/www.meydan.tv\\\/az\\\/#website\",\"url\":\"https:\\\/\\\/www.meydan.tv\\\/az\\\/\",\"name\":\"MEYDAN.TV\",\"description\":\"Meydan TV Az\u0259rbaycan\u0131n media m\u0259kan\u0131ndak\u0131 alternativ s\u0259sidir\",\"publisher\":{\"@id\":\"https:\\\/\\\/www.meydan.tv\\\/az\\\/#organization\"},\"potentialAction\":[{\"@type\":\"SearchAction\",\"target\":{\"@type\":\"EntryPoint\",\"urlTemplate\":\"https:\\\/\\\/www.meydan.tv\\\/az\\\/?s={search_term_string}\"},\"query-input\":{\"@type\":\"PropertyValueSpecification\",\"valueRequired\":true,\"valueName\":\"search_term_string\"}}],\"inLanguage\":\"az\"},{\"@type\":\"Organization\",\"@id\":\"https:\\\/\\\/www.meydan.tv\\\/az\\\/#organization\",\"name\":\"Meydan TV\",\"url\":\"https:\\\/\\\/www.meydan.tv\\\/az\\\/\",\"logo\":{\"@type\":\"ImageObject\",\"inLanguage\":\"az\",\"@id\":\"https:\\\/\\\/www.meydan.tv\\\/az\\\/#\\\/schema\\\/logo\\\/image\\\/\",\"url\":\"https:\\\/\\\/www.meydan.tv\\\/wp-content\\\/uploads\\\/2021\\\/07\\\/meydan-logo.svg\",\"contentUrl\":\"https:\\\/\\\/www.meydan.tv\\\/wp-content\\\/uploads\\\/2021\\\/07\\\/meydan-logo.svg\",\"width\":195,\"height\":46,\"caption\":\"Meydan TV\"},\"image\":{\"@id\":\"https:\\\/\\\/www.meydan.tv\\\/az\\\/#\\\/schema\\\/logo\\\/image\\\/\"}},{\"@type\":\"Person\",\"@id\":\"https:\\\/\\\/www.meydan.tv\\\/az\\\/#\\\/schema\\\/person\\\/9cdbecf90d17180ce1dfbd95b08dcf47\",\"name\":\"elli\",\"sameAs\":[\"https:\\\/\\\/x.com\\\/elli\"]}]}<\/script>\n<!-- \/ Yoast SEO plugin. -->","yoast_head_json":{"title":"\u201cXahi\u015f edir\u0259m, Kino Agentliyin\u0259 \u00f6lk\u0259sini sev\u0259n adamlar topla\u015fs\u0131n\u201d - MEYDAN.TV","robots":{"index":"index","follow":"follow","max-snippet":"max-snippet:-1","max-image-preview":"max-image-preview:large","max-video-preview":"max-video-preview:-1"},"canonical":"https:\/\/www.meydan.tv\/az\/article\/xahis-edirem-kino-agentliyine-olkesini-seven-adamlar-toplassin\/","og_locale":"az_AZ","og_type":"article","og_title":"\u201cXahi\u015f edir\u0259m, Kino Agentliyin\u0259 \u00f6lk\u0259sini sev\u0259n adamlar topla\u015fs\u0131n\u201d - MEYDAN.TV","og_description":"Xalq artisti hesab edir ki, \u201cAz\u0259rbaycanfilm\u201d bir ne\u00e7\u0259 il d\u00f6vl\u0259t ... Davam\u0131","og_url":"https:\/\/www.meydan.tv\/az\/article\/xahis-edirem-kino-agentliyine-olkesini-seven-adamlar-toplassin\/","og_site_name":"MEYDAN.TV","article_published_time":"2023-04-20T08:49:24+00:00","article_modified_time":"2023-04-20T09:47:10+00:00","og_image":[{"width":1200,"height":735,"url":"https:\/\/www.meydan.tv\/wp-content\/uploads\/15712240133693912945_1000x669.jpg","type":"image\/jpeg"}],"author":"elli","twitter_card":"summary_large_image","twitter_creator":"@elli","schema":{"@context":"https:\/\/schema.org","@graph":[{"@type":"Article","@id":"https:\/\/www.meydan.tv\/az\/article\/xahis-edirem-kino-agentliyine-olkesini-seven-adamlar-toplassin\/#article","isPartOf":{"@id":"https:\/\/www.meydan.tv\/az\/article\/xahis-edirem-kino-agentliyine-olkesini-seven-adamlar-toplassin\/"},"author":{"name":"elli","@id":"https:\/\/www.meydan.tv\/az\/#\/schema\/person\/9cdbecf90d17180ce1dfbd95b08dcf47"},"headline":"\u201cXahi\u015f edir\u0259m, Kino Agentliyin\u0259 \u00f6lk\u0259sini sev\u0259n adamlar topla\u015fs\u0131n\u201d","datePublished":"2023-04-20T08:49:24+00:00","dateModified":"2023-04-20T09:47:10+00:00","mainEntityOfPage":{"@id":"https:\/\/www.meydan.tv\/az\/article\/xahis-edirem-kino-agentliyine-olkesini-seven-adamlar-toplassin\/"},"wordCount":411,"publisher":{"@id":"https:\/\/www.meydan.tv\/az\/#organization"},"image":{"@id":"https:\/\/www.meydan.tv\/az\/article\/xahis-edirem-kino-agentliyine-olkesini-seven-adamlar-toplassin\/#primaryimage"},"thumbnailUrl":"https:\/\/www.meydan.tv\/wp-content\/uploads\/15712240133693912945_1000x669-e1691405619455.jpg","articleSection":["M\u0259d\u0259niyy\u0259t","X\u0259b\u0259rl\u0259r"],"inLanguage":"az"},{"@type":"WebPage","@id":"https:\/\/www.meydan.tv\/az\/article\/xahis-edirem-kino-agentliyine-olkesini-seven-adamlar-toplassin\/","url":"https:\/\/www.meydan.tv\/az\/article\/xahis-edirem-kino-agentliyine-olkesini-seven-adamlar-toplassin\/","name":"\u201cXahi\u015f edir\u0259m, Kino Agentliyin\u0259 \u00f6lk\u0259sini sev\u0259n adamlar topla\u015fs\u0131n\u201d - MEYDAN.TV","isPartOf":{"@id":"https:\/\/www.meydan.tv\/az\/#website"},"primaryImageOfPage":{"@id":"https:\/\/www.meydan.tv\/az\/article\/xahis-edirem-kino-agentliyine-olkesini-seven-adamlar-toplassin\/#primaryimage"},"image":{"@id":"https:\/\/www.meydan.tv\/az\/article\/xahis-edirem-kino-agentliyine-olkesini-seven-adamlar-toplassin\/#primaryimage"},"thumbnailUrl":"https:\/\/www.meydan.tv\/wp-content\/uploads\/15712240133693912945_1000x669-e1691405619455.jpg","datePublished":"2023-04-20T08:49:24+00:00","dateModified":"2023-04-20T09:47:10+00:00","breadcrumb":{"@id":"https:\/\/www.meydan.tv\/az\/article\/xahis-edirem-kino-agentliyine-olkesini-seven-adamlar-toplassin\/#breadcrumb"},"inLanguage":"az","potentialAction":[{"@type":"ReadAction","target":["https:\/\/www.meydan.tv\/az\/article\/xahis-edirem-kino-agentliyine-olkesini-seven-adamlar-toplassin\/"]}]},{"@type":"ImageObject","inLanguage":"az","@id":"https:\/\/www.meydan.tv\/az\/article\/xahis-edirem-kino-agentliyine-olkesini-seven-adamlar-toplassin\/#primaryimage","url":"https:\/\/www.meydan.tv\/wp-content\/uploads\/15712240133693912945_1000x669-e1691405619455.jpg","contentUrl":"https:\/\/www.meydan.tv\/wp-content\/uploads\/15712240133693912945_1000x669-e1691405619455.jpg","width":1200,"height":678,"caption":"Rasim Balayev. Foto: \"azerbaycan24\""},{"@type":"BreadcrumbList","@id":"https:\/\/www.meydan.tv\/az\/article\/xahis-edirem-kino-agentliyine-olkesini-seven-adamlar-toplassin\/#breadcrumb","itemListElement":[{"@type":"ListItem","position":1,"name":"Ana s\u0259hif\u0259","item":"https:\/\/www.meydan.tv\/az\/"},{"@type":"ListItem","position":2,"name":"M\u0259d\u0259niyy\u0259t","item":"https:\/\/www.meydan.tv\/az\/section\/medeniyyet\/"},{"@type":"ListItem","position":3,"name":"\u201cXahi\u015f edir\u0259m, Kino Agentliyin\u0259 \u00f6lk\u0259sini sev\u0259n adamlar topla\u015fs\u0131n\u201d"}]},{"@type":"WebSite","@id":"https:\/\/www.meydan.tv\/az\/#website","url":"https:\/\/www.meydan.tv\/az\/","name":"MEYDAN.TV","description":"Meydan TV Az\u0259rbaycan\u0131n media m\u0259kan\u0131ndak\u0131 alternativ s\u0259sidir","publisher":{"@id":"https:\/\/www.meydan.tv\/az\/#organization"},"potentialAction":[{"@type":"SearchAction","target":{"@type":"EntryPoint","urlTemplate":"https:\/\/www.meydan.tv\/az\/?s={search_term_string}"},"query-input":{"@type":"PropertyValueSpecification","valueRequired":true,"valueName":"search_term_string"}}],"inLanguage":"az"},{"@type":"Organization","@id":"https:\/\/www.meydan.tv\/az\/#organization","name":"Meydan TV","url":"https:\/\/www.meydan.tv\/az\/","logo":{"@type":"ImageObject","inLanguage":"az","@id":"https:\/\/www.meydan.tv\/az\/#\/schema\/logo\/image\/","url":"https:\/\/www.meydan.tv\/wp-content\/uploads\/2021\/07\/meydan-logo.svg","contentUrl":"https:\/\/www.meydan.tv\/wp-content\/uploads\/2021\/07\/meydan-logo.svg","width":195,"height":46,"caption":"Meydan TV"},"image":{"@id":"https:\/\/www.meydan.tv\/az\/#\/schema\/logo\/image\/"}},{"@type":"Person","@id":"https:\/\/www.meydan.tv\/az\/#\/schema\/person\/9cdbecf90d17180ce1dfbd95b08dcf47","name":"elli","sameAs":["https:\/\/x.com\/elli"]}]}},"_links":{"self":[{"href":"https:\/\/www.meydan.tv\/az\/wp-json\/wp\/v2\/posts\/273357","targetHints":{"allow":["GET"]}}],"collection":[{"href":"https:\/\/www.meydan.tv\/az\/wp-json\/wp\/v2\/posts"}],"about":[{"href":"https:\/\/www.meydan.tv\/az\/wp-json\/wp\/v2\/types\/post"}],"author":[{"embeddable":true,"href":"https:\/\/www.meydan.tv\/az\/wp-json\/wp\/v2\/users\/8"}],"replies":[{"embeddable":true,"href":"https:\/\/www.meydan.tv\/az\/wp-json\/wp\/v2\/comments?post=273357"}],"version-history":[{"count":2,"href":"https:\/\/www.meydan.tv\/az\/wp-json\/wp\/v2\/posts\/273357\/revisions"}],"predecessor-version":[{"id":273359,"href":"https:\/\/www.meydan.tv\/az\/wp-json\/wp\/v2\/posts\/273357\/revisions\/273359"}],"wp:featuredmedia":[{"embeddable":true,"href":"https:\/\/www.meydan.tv\/az\/wp-json\/wp\/v2\/media\/245844"}],"wp:attachment":[{"href":"https:\/\/www.meydan.tv\/az\/wp-json\/wp\/v2\/media?parent=273357"}],"wp:term":[{"taxonomy":"category","embeddable":true,"href":"https:\/\/www.meydan.tv\/az\/wp-json\/wp\/v2\/categories?post=273357"},{"taxonomy":"post_tag","embeddable":true,"href":"https:\/\/www.meydan.tv\/az\/wp-json\/wp\/v2\/tags?post=273357"}],"curies":[{"name":"wp","href":"https:\/\/api.w.org\/{rel}","templated":true}]}}