{"id":273253,"date":"2023-04-19T17:29:48","date_gmt":"2023-04-19T13:29:48","guid":{"rendered":"https:\/\/www.meydan.tv\/?p=273253"},"modified":"2023-04-19T17:44:07","modified_gmt":"2023-04-19T13:44:07","slug":"icra-bascisinin-anasi-yeni-sirket-acib","status":"publish","type":"post","link":"https:\/\/www.meydan.tv\/az\/article\/icra-bascisinin-anasi-yeni-sirket-acib\/","title":{"rendered":"\u0130cra ba\u015f\u00e7\u0131s\u0131n\u0131n anas\u0131 yeni \u015firk\u0259t a\u00e7\u0131b"},"content":{"rendered":"\n<p><\/p>\n\n\n\n<p><strong><em>DSMF-d\u0259 \u00e7al\u0131\u015fan Yegan\u0259 M\u00f6hbal\u0131yeva h\u0259m d\u0259 deputat bac\u0131s\u0131d\u0131r<\/em><\/strong><\/p>\n\n\n\n<p>A\u011fstafa Rayon \u0130cra Hakimiyy\u0259tinin ba\u015f\u00e7\u0131s\u0131 Seymur Orucovun anas\u0131 Yegan\u0259 M\u00f6hbal\u0131yeva \u201cR\u00fcbab\u0259\u201d MMC adl\u0131 yeni \u015firk\u0259t a\u00e7\u0131b. Bu ilin yanvar\u0131nda qeydiyyatdan ke\u00e7\u0259n \u015firk\u0259tin c\u0259mi 10 manat nizamnam\u0259 kapital\u0131 var.<\/p>\n\n\n\n<p>H\u0259l\u0259 hans\u0131 i\u015fi g\u00f6r\u0259c\u0259yi b\u0259lli olmayan \u015firk\u0259tin h\u00fcquqi \u00fcnvan\u0131 Seymur Orucovun v\u0259 anas\u0131n\u0131n qeydiyyatda oldu\u011fu Suraxan\u0131 rayonu, Zeynalov k\u00fc\u00e7\u0259si ev 35-d\u0259 yerl\u0259\u015fir.&nbsp;<\/p>\n\n\n\n<p>Yegan\u0259 M\u00f6hbal\u0131yeva t\u0259kc\u0259 icra ba\u015f\u00e7\u0131s\u0131n\u0131n anas\u0131 deyil, h\u0259m d\u0259 Az\u0259rbaycan H\u0259mkarlar \u0130ttifaq\u0131 Konfederasiyas\u0131n\u0131n s\u0259dri, mill\u0259t v\u0259kili S\u0259ttar M\u00f6hbal\u0131yevin bac\u0131s\u0131d\u0131r.&nbsp; O, eyni zamanda Sosial M\u00fcdafi\u0259 Fondunun (DSMF) 2 sayl\u0131 Xidm\u0259t N\u00fcmay\u0259nd\u0259liyinin (X\u0259tai rayonu) direktor m\u00fcavini v\u0259zif\u0259sind\u0259 \u00e7al\u0131\u015f\u0131r.<\/p>\n\n\n\n<p>S\u0259ttar M\u00f6hbal\u0131yevin xan\u0131m\u0131 B\u00f6y\u00fckxan\u0131m Mirz\u0259 q\u0131z\u0131 M\u00f6hbal\u0131yeva onun r\u0259hb\u0259rlik etdiyi qurumun beyn\u0259lxalq \u0259laq\u0259l\u0259r departamentinin \u0259m\u0259kda\u015f\u0131d\u0131r. Deputat\u0131n q\u0131z\u0131 Lal\u0259 M\u00f6hbal\u0131yeva is\u0259 H\u0259mkarlar \u0130ttifaqlar\u0131 Konfederasiyas\u0131n\u0131n G\u0259ncl\u0259r \u015euras\u0131n\u0131n \u00fczv\u00fcd\u00fcr.<\/p>\n\n\n\n<p>S\u0259ttar M\u00f6hbal\u0131yev h\u0259m d\u0259 prezidentin sabiq k\u00f6m\u0259k\u00e7isi \u018fli H\u0259s\u0259novun qudas\u0131d\u0131r.<\/p>\n\n\n\n<figure class=\"wp-block-image size-large\"><img decoding=\"async\" width=\"1200\" height=\"411\" data-src=\"https:\/\/www.meydan.tv\/wp-content\/uploads\/339054409_623672139192380_1435861083725966203_n-1200x411.jpg\" alt=\"\" class=\"wp-image-273266 lazyload\" src=\"data:image\/svg+xml;base64,PHN2ZyB3aWR0aD0iMSIgaGVpZ2h0PSIxIiB4bWxucz0iaHR0cDovL3d3dy53My5vcmcvMjAwMC9zdmciPjwvc3ZnPg==\" style=\"--smush-placeholder-width: 1200px; --smush-placeholder-aspect-ratio: 1200\/411;\" \/><\/figure>\n\n\n\n<figure class=\"wp-block-image size-large\"><img decoding=\"async\" width=\"1200\" height=\"673\" data-src=\"https:\/\/www.meydan.tv\/wp-content\/uploads\/330341469_2345213602322960_1487745616192946761_n-1200x673.jpg\" alt=\"\" class=\"wp-image-273260 lazyload\" src=\"data:image\/svg+xml;base64,PHN2ZyB3aWR0aD0iMSIgaGVpZ2h0PSIxIiB4bWxucz0iaHR0cDovL3d3dy53My5vcmcvMjAwMC9zdmciPjwvc3ZnPg==\" style=\"--smush-placeholder-width: 1200px; --smush-placeholder-aspect-ratio: 1200\/673;\" \/><\/figure>\n\n\n\n<figure class=\"wp-block-image size-full\"><img decoding=\"async\" width=\"968\" height=\"632\" data-src=\"https:\/\/www.meydan.tv\/wp-content\/uploads\/338929266_900992281127545_3810427967352676917_n.jpg\" alt=\"\" class=\"wp-image-273263 lazyload\" src=\"data:image\/svg+xml;base64,PHN2ZyB3aWR0aD0iMSIgaGVpZ2h0PSIxIiB4bWxucz0iaHR0cDovL3d3dy53My5vcmcvMjAwMC9zdmciPjwvc3ZnPg==\" style=\"--smush-placeholder-width: 968px; --smush-placeholder-aspect-ratio: 968\/632;\" \/><\/figure>\n","protected":false},"excerpt":{"rendered":"<p>DSMF-d\u0259 \u00e7al\u0131\u015fan Yegan\u0259 M\u00f6hbal\u0131yeva h\u0259m d\u0259 deputat bac\u0131s\u0131d\u0131r A\u011fstafa Rayon &#8230; <\/p>\n<p class=\"read-more-container\"><a title=\"\u0130cra ba\u015f\u00e7\u0131s\u0131n\u0131n anas\u0131 yeni \u015firk\u0259t a\u00e7\u0131b\" class=\"read-more button\" href=\"https:\/\/www.meydan.tv\/az\/article\/icra-bascisinin-anasi-yeni-sirket-acib\/#more-273253\" aria-label=\"Read more about \u0130cra ba\u015f\u00e7\u0131s\u0131n\u0131n anas\u0131 yeni \u015firk\u0259t a\u00e7\u0131b\">Davam\u0131<\/a><\/p>\n","protected":false},"author":14,"featured_media":273256,"comment_status":"closed","ping_status":"closed","sticky":false,"template":"","format":"standard","meta":{"_acf_changed":false,"_sitemap_exclude":false,"_sitemap_priority":"","_sitemap_frequency":"","footnotes":""},"categories":[60,79,56],"tags":[],"class_list":["post-273253","post","type-post","status-publish","format-standard","has-post-thumbnail","hentry","category-bolge","category-featured","category-xeberler","infinite-scroll-item","generate-columns","tablet-grid-50","mobile-grid-100","grid-parent","grid-33","no-featured-image-padding"],"acf":[],"yoast_head":"<!-- This site is optimized with the Yoast SEO plugin v27.5 - https:\/\/yoast.com\/product\/yoast-seo-wordpress\/ -->\n<title>\u0130cra ba\u015f\u00e7\u0131s\u0131n\u0131n anas\u0131 yeni \u015firk\u0259t a\u00e7\u0131b - MEYDAN.TV<\/title>\n<meta name=\"robots\" content=\"index, follow, max-snippet:-1, max-image-preview:large, max-video-preview:-1\" \/>\n<link rel=\"canonical\" href=\"https:\/\/www.meydan.tv\/az\/article\/icra-bascisinin-anasi-yeni-sirket-acib\/\" \/>\n<meta property=\"og:locale\" content=\"az_AZ\" \/>\n<meta property=\"og:type\" content=\"article\" \/>\n<meta property=\"og:title\" content=\"\u0130cra ba\u015f\u00e7\u0131s\u0131n\u0131n anas\u0131 yeni \u015firk\u0259t a\u00e7\u0131b - MEYDAN.TV\" \/>\n<meta property=\"og:description\" content=\"DSMF-d\u0259 \u00e7al\u0131\u015fan Yegan\u0259 M\u00f6hbal\u0131yeva h\u0259m d\u0259 deputat bac\u0131s\u0131d\u0131r A\u011fstafa Rayon ... Davam\u0131\" \/>\n<meta property=\"og:url\" content=\"https:\/\/www.meydan.tv\/az\/article\/icra-bascisinin-anasi-yeni-sirket-acib\/\" \/>\n<meta property=\"og:site_name\" content=\"MEYDAN.TV\" \/>\n<meta property=\"article:published_time\" content=\"2023-04-19T13:29:48+00:00\" \/>\n<meta property=\"article:modified_time\" content=\"2023-04-19T13:44:07+00:00\" \/>\n<meta property=\"og:image\" content=\"https:\/\/www.meydan.tv\/wp-content\/uploads\/copy-of-untitled-design-2-e1681911814262.png\" \/>\n\t<meta property=\"og:image:width\" content=\"1280\" \/>\n\t<meta property=\"og:image:height\" content=\"512\" \/>\n\t<meta property=\"og:image:type\" content=\"image\/png\" \/>\n<meta name=\"author\" content=\"roma\" \/>\n<meta name=\"twitter:card\" content=\"summary_large_image\" \/>\n<script type=\"application\/ld+json\" class=\"yoast-schema-graph\">{\"@context\":\"https:\\\/\\\/schema.org\",\"@graph\":[{\"@type\":\"Article\",\"@id\":\"https:\\\/\\\/www.meydan.tv\\\/az\\\/article\\\/icra-bascisinin-anasi-yeni-sirket-acib\\\/#article\",\"isPartOf\":{\"@id\":\"https:\\\/\\\/www.meydan.tv\\\/az\\\/article\\\/icra-bascisinin-anasi-yeni-sirket-acib\\\/\"},\"author\":{\"name\":\"roma\",\"@id\":\"https:\\\/\\\/www.meydan.tv\\\/az\\\/#\\\/schema\\\/person\\\/8f23e01c4de63326c13c319fb65ee65d\"},\"headline\":\"\u0130cra ba\u015f\u00e7\u0131s\u0131n\u0131n anas\u0131 yeni \u015firk\u0259t a\u00e7\u0131b\",\"datePublished\":\"2023-04-19T13:29:48+00:00\",\"dateModified\":\"2023-04-19T13:44:07+00:00\",\"mainEntityOfPage\":{\"@id\":\"https:\\\/\\\/www.meydan.tv\\\/az\\\/article\\\/icra-bascisinin-anasi-yeni-sirket-acib\\\/\"},\"wordCount\":245,\"publisher\":{\"@id\":\"https:\\\/\\\/www.meydan.tv\\\/az\\\/#organization\"},\"image\":{\"@id\":\"https:\\\/\\\/www.meydan.tv\\\/az\\\/article\\\/icra-bascisinin-anasi-yeni-sirket-acib\\\/#primaryimage\"},\"thumbnailUrl\":\"https:\\\/\\\/www.meydan.tv\\\/wp-content\\\/uploads\\\/copy-of-untitled-design-2-e1681911814262.png\",\"articleSection\":[\"B\u00f6lg\u0259\",\"T\u00f6vsiy\u0259\",\"X\u0259b\u0259rl\u0259r\"],\"inLanguage\":\"az\"},{\"@type\":\"WebPage\",\"@id\":\"https:\\\/\\\/www.meydan.tv\\\/az\\\/article\\\/icra-bascisinin-anasi-yeni-sirket-acib\\\/\",\"url\":\"https:\\\/\\\/www.meydan.tv\\\/az\\\/article\\\/icra-bascisinin-anasi-yeni-sirket-acib\\\/\",\"name\":\"\u0130cra ba\u015f\u00e7\u0131s\u0131n\u0131n anas\u0131 yeni \u015firk\u0259t a\u00e7\u0131b - MEYDAN.TV\",\"isPartOf\":{\"@id\":\"https:\\\/\\\/www.meydan.tv\\\/az\\\/#website\"},\"primaryImageOfPage\":{\"@id\":\"https:\\\/\\\/www.meydan.tv\\\/az\\\/article\\\/icra-bascisinin-anasi-yeni-sirket-acib\\\/#primaryimage\"},\"image\":{\"@id\":\"https:\\\/\\\/www.meydan.tv\\\/az\\\/article\\\/icra-bascisinin-anasi-yeni-sirket-acib\\\/#primaryimage\"},\"thumbnailUrl\":\"https:\\\/\\\/www.meydan.tv\\\/wp-content\\\/uploads\\\/copy-of-untitled-design-2-e1681911814262.png\",\"datePublished\":\"2023-04-19T13:29:48+00:00\",\"dateModified\":\"2023-04-19T13:44:07+00:00\",\"breadcrumb\":{\"@id\":\"https:\\\/\\\/www.meydan.tv\\\/az\\\/article\\\/icra-bascisinin-anasi-yeni-sirket-acib\\\/#breadcrumb\"},\"inLanguage\":\"az\",\"potentialAction\":[{\"@type\":\"ReadAction\",\"target\":[\"https:\\\/\\\/www.meydan.tv\\\/az\\\/article\\\/icra-bascisinin-anasi-yeni-sirket-acib\\\/\"]}]},{\"@type\":\"ImageObject\",\"inLanguage\":\"az\",\"@id\":\"https:\\\/\\\/www.meydan.tv\\\/az\\\/article\\\/icra-bascisinin-anasi-yeni-sirket-acib\\\/#primaryimage\",\"url\":\"https:\\\/\\\/www.meydan.tv\\\/wp-content\\\/uploads\\\/copy-of-untitled-design-2-e1681911814262.png\",\"contentUrl\":\"https:\\\/\\\/www.meydan.tv\\\/wp-content\\\/uploads\\\/copy-of-untitled-design-2-e1681911814262.png\",\"width\":1280,\"height\":512,\"caption\":\"A\u011fstafa Rayon \u0130cra Hakimiyy\u0259tinin ba\u015f\u00e7\u0131s\u0131 Seymur Orucov v\u0259 Az\u0259rbaycan H\u0259mkarlar \u0130ttifaq\u0131 Konfederasiyas\u0131n\u0131n s\u0259dri, mill\u0259t v\u0259kili S\u0259ttar M\u00f6hbal\u0131yev\"},{\"@type\":\"BreadcrumbList\",\"@id\":\"https:\\\/\\\/www.meydan.tv\\\/az\\\/article\\\/icra-bascisinin-anasi-yeni-sirket-acib\\\/#breadcrumb\",\"itemListElement\":[{\"@type\":\"ListItem\",\"position\":1,\"name\":\"Ana s\u0259hif\u0259\",\"item\":\"https:\\\/\\\/www.meydan.tv\\\/az\\\/\"},{\"@type\":\"ListItem\",\"position\":2,\"name\":\"B\u00f6lg\u0259\",\"item\":\"https:\\\/\\\/www.meydan.tv\\\/az\\\/section\\\/bolge\\\/\"},{\"@type\":\"ListItem\",\"position\":3,\"name\":\"\u0130cra ba\u015f\u00e7\u0131s\u0131n\u0131n anas\u0131 yeni \u015firk\u0259t a\u00e7\u0131b\"}]},{\"@type\":\"WebSite\",\"@id\":\"https:\\\/\\\/www.meydan.tv\\\/az\\\/#website\",\"url\":\"https:\\\/\\\/www.meydan.tv\\\/az\\\/\",\"name\":\"MEYDAN.TV\",\"description\":\"Meydan TV Az\u0259rbaycan\u0131n media m\u0259kan\u0131ndak\u0131 alternativ s\u0259sidir\",\"publisher\":{\"@id\":\"https:\\\/\\\/www.meydan.tv\\\/az\\\/#organization\"},\"potentialAction\":[{\"@type\":\"SearchAction\",\"target\":{\"@type\":\"EntryPoint\",\"urlTemplate\":\"https:\\\/\\\/www.meydan.tv\\\/az\\\/?s={search_term_string}\"},\"query-input\":{\"@type\":\"PropertyValueSpecification\",\"valueRequired\":true,\"valueName\":\"search_term_string\"}}],\"inLanguage\":\"az\"},{\"@type\":\"Organization\",\"@id\":\"https:\\\/\\\/www.meydan.tv\\\/az\\\/#organization\",\"name\":\"Meydan TV\",\"url\":\"https:\\\/\\\/www.meydan.tv\\\/az\\\/\",\"logo\":{\"@type\":\"ImageObject\",\"inLanguage\":\"az\",\"@id\":\"https:\\\/\\\/www.meydan.tv\\\/az\\\/#\\\/schema\\\/logo\\\/image\\\/\",\"url\":\"https:\\\/\\\/www.meydan.tv\\\/wp-content\\\/uploads\\\/2021\\\/07\\\/meydan-logo.svg\",\"contentUrl\":\"https:\\\/\\\/www.meydan.tv\\\/wp-content\\\/uploads\\\/2021\\\/07\\\/meydan-logo.svg\",\"width\":195,\"height\":46,\"caption\":\"Meydan TV\"},\"image\":{\"@id\":\"https:\\\/\\\/www.meydan.tv\\\/az\\\/#\\\/schema\\\/logo\\\/image\\\/\"}},{\"@type\":\"Person\",\"@id\":\"https:\\\/\\\/www.meydan.tv\\\/az\\\/#\\\/schema\\\/person\\\/8f23e01c4de63326c13c319fb65ee65d\",\"name\":\"roma\"}]}<\/script>\n<!-- \/ Yoast SEO plugin. -->","yoast_head_json":{"title":"\u0130cra ba\u015f\u00e7\u0131s\u0131n\u0131n anas\u0131 yeni \u015firk\u0259t a\u00e7\u0131b - MEYDAN.TV","robots":{"index":"index","follow":"follow","max-snippet":"max-snippet:-1","max-image-preview":"max-image-preview:large","max-video-preview":"max-video-preview:-1"},"canonical":"https:\/\/www.meydan.tv\/az\/article\/icra-bascisinin-anasi-yeni-sirket-acib\/","og_locale":"az_AZ","og_type":"article","og_title":"\u0130cra ba\u015f\u00e7\u0131s\u0131n\u0131n anas\u0131 yeni \u015firk\u0259t a\u00e7\u0131b - MEYDAN.TV","og_description":"DSMF-d\u0259 \u00e7al\u0131\u015fan Yegan\u0259 M\u00f6hbal\u0131yeva h\u0259m d\u0259 deputat bac\u0131s\u0131d\u0131r A\u011fstafa Rayon ... Davam\u0131","og_url":"https:\/\/www.meydan.tv\/az\/article\/icra-bascisinin-anasi-yeni-sirket-acib\/","og_site_name":"MEYDAN.TV","article_published_time":"2023-04-19T13:29:48+00:00","article_modified_time":"2023-04-19T13:44:07+00:00","og_image":[{"width":1280,"height":512,"url":"https:\/\/www.meydan.tv\/wp-content\/uploads\/copy-of-untitled-design-2-e1681911814262.png","type":"image\/png"}],"author":"roma","twitter_card":"summary_large_image","schema":{"@context":"https:\/\/schema.org","@graph":[{"@type":"Article","@id":"https:\/\/www.meydan.tv\/az\/article\/icra-bascisinin-anasi-yeni-sirket-acib\/#article","isPartOf":{"@id":"https:\/\/www.meydan.tv\/az\/article\/icra-bascisinin-anasi-yeni-sirket-acib\/"},"author":{"name":"roma","@id":"https:\/\/www.meydan.tv\/az\/#\/schema\/person\/8f23e01c4de63326c13c319fb65ee65d"},"headline":"\u0130cra ba\u015f\u00e7\u0131s\u0131n\u0131n anas\u0131 yeni \u015firk\u0259t a\u00e7\u0131b","datePublished":"2023-04-19T13:29:48+00:00","dateModified":"2023-04-19T13:44:07+00:00","mainEntityOfPage":{"@id":"https:\/\/www.meydan.tv\/az\/article\/icra-bascisinin-anasi-yeni-sirket-acib\/"},"wordCount":245,"publisher":{"@id":"https:\/\/www.meydan.tv\/az\/#organization"},"image":{"@id":"https:\/\/www.meydan.tv\/az\/article\/icra-bascisinin-anasi-yeni-sirket-acib\/#primaryimage"},"thumbnailUrl":"https:\/\/www.meydan.tv\/wp-content\/uploads\/copy-of-untitled-design-2-e1681911814262.png","articleSection":["B\u00f6lg\u0259","T\u00f6vsiy\u0259","X\u0259b\u0259rl\u0259r"],"inLanguage":"az"},{"@type":"WebPage","@id":"https:\/\/www.meydan.tv\/az\/article\/icra-bascisinin-anasi-yeni-sirket-acib\/","url":"https:\/\/www.meydan.tv\/az\/article\/icra-bascisinin-anasi-yeni-sirket-acib\/","name":"\u0130cra ba\u015f\u00e7\u0131s\u0131n\u0131n anas\u0131 yeni \u015firk\u0259t a\u00e7\u0131b - MEYDAN.TV","isPartOf":{"@id":"https:\/\/www.meydan.tv\/az\/#website"},"primaryImageOfPage":{"@id":"https:\/\/www.meydan.tv\/az\/article\/icra-bascisinin-anasi-yeni-sirket-acib\/#primaryimage"},"image":{"@id":"https:\/\/www.meydan.tv\/az\/article\/icra-bascisinin-anasi-yeni-sirket-acib\/#primaryimage"},"thumbnailUrl":"https:\/\/www.meydan.tv\/wp-content\/uploads\/copy-of-untitled-design-2-e1681911814262.png","datePublished":"2023-04-19T13:29:48+00:00","dateModified":"2023-04-19T13:44:07+00:00","breadcrumb":{"@id":"https:\/\/www.meydan.tv\/az\/article\/icra-bascisinin-anasi-yeni-sirket-acib\/#breadcrumb"},"inLanguage":"az","potentialAction":[{"@type":"ReadAction","target":["https:\/\/www.meydan.tv\/az\/article\/icra-bascisinin-anasi-yeni-sirket-acib\/"]}]},{"@type":"ImageObject","inLanguage":"az","@id":"https:\/\/www.meydan.tv\/az\/article\/icra-bascisinin-anasi-yeni-sirket-acib\/#primaryimage","url":"https:\/\/www.meydan.tv\/wp-content\/uploads\/copy-of-untitled-design-2-e1681911814262.png","contentUrl":"https:\/\/www.meydan.tv\/wp-content\/uploads\/copy-of-untitled-design-2-e1681911814262.png","width":1280,"height":512,"caption":"A\u011fstafa Rayon \u0130cra Hakimiyy\u0259tinin ba\u015f\u00e7\u0131s\u0131 Seymur Orucov v\u0259 Az\u0259rbaycan H\u0259mkarlar \u0130ttifaq\u0131 Konfederasiyas\u0131n\u0131n s\u0259dri, mill\u0259t v\u0259kili S\u0259ttar M\u00f6hbal\u0131yev"},{"@type":"BreadcrumbList","@id":"https:\/\/www.meydan.tv\/az\/article\/icra-bascisinin-anasi-yeni-sirket-acib\/#breadcrumb","itemListElement":[{"@type":"ListItem","position":1,"name":"Ana s\u0259hif\u0259","item":"https:\/\/www.meydan.tv\/az\/"},{"@type":"ListItem","position":2,"name":"B\u00f6lg\u0259","item":"https:\/\/www.meydan.tv\/az\/section\/bolge\/"},{"@type":"ListItem","position":3,"name":"\u0130cra ba\u015f\u00e7\u0131s\u0131n\u0131n anas\u0131 yeni \u015firk\u0259t a\u00e7\u0131b"}]},{"@type":"WebSite","@id":"https:\/\/www.meydan.tv\/az\/#website","url":"https:\/\/www.meydan.tv\/az\/","name":"MEYDAN.TV","description":"Meydan TV Az\u0259rbaycan\u0131n media m\u0259kan\u0131ndak\u0131 alternativ s\u0259sidir","publisher":{"@id":"https:\/\/www.meydan.tv\/az\/#organization"},"potentialAction":[{"@type":"SearchAction","target":{"@type":"EntryPoint","urlTemplate":"https:\/\/www.meydan.tv\/az\/?s={search_term_string}"},"query-input":{"@type":"PropertyValueSpecification","valueRequired":true,"valueName":"search_term_string"}}],"inLanguage":"az"},{"@type":"Organization","@id":"https:\/\/www.meydan.tv\/az\/#organization","name":"Meydan TV","url":"https:\/\/www.meydan.tv\/az\/","logo":{"@type":"ImageObject","inLanguage":"az","@id":"https:\/\/www.meydan.tv\/az\/#\/schema\/logo\/image\/","url":"https:\/\/www.meydan.tv\/wp-content\/uploads\/2021\/07\/meydan-logo.svg","contentUrl":"https:\/\/www.meydan.tv\/wp-content\/uploads\/2021\/07\/meydan-logo.svg","width":195,"height":46,"caption":"Meydan TV"},"image":{"@id":"https:\/\/www.meydan.tv\/az\/#\/schema\/logo\/image\/"}},{"@type":"Person","@id":"https:\/\/www.meydan.tv\/az\/#\/schema\/person\/8f23e01c4de63326c13c319fb65ee65d","name":"roma"}]}},"_links":{"self":[{"href":"https:\/\/www.meydan.tv\/az\/wp-json\/wp\/v2\/posts\/273253","targetHints":{"allow":["GET"]}}],"collection":[{"href":"https:\/\/www.meydan.tv\/az\/wp-json\/wp\/v2\/posts"}],"about":[{"href":"https:\/\/www.meydan.tv\/az\/wp-json\/wp\/v2\/types\/post"}],"author":[{"embeddable":true,"href":"https:\/\/www.meydan.tv\/az\/wp-json\/wp\/v2\/users\/14"}],"replies":[{"embeddable":true,"href":"https:\/\/www.meydan.tv\/az\/wp-json\/wp\/v2\/comments?post=273253"}],"version-history":[{"count":3,"href":"https:\/\/www.meydan.tv\/az\/wp-json\/wp\/v2\/posts\/273253\/revisions"}],"predecessor-version":[{"id":273278,"href":"https:\/\/www.meydan.tv\/az\/wp-json\/wp\/v2\/posts\/273253\/revisions\/273278"}],"wp:featuredmedia":[{"embeddable":true,"href":"https:\/\/www.meydan.tv\/az\/wp-json\/wp\/v2\/media\/273256"}],"wp:attachment":[{"href":"https:\/\/www.meydan.tv\/az\/wp-json\/wp\/v2\/media?parent=273253"}],"wp:term":[{"taxonomy":"category","embeddable":true,"href":"https:\/\/www.meydan.tv\/az\/wp-json\/wp\/v2\/categories?post=273253"},{"taxonomy":"post_tag","embeddable":true,"href":"https:\/\/www.meydan.tv\/az\/wp-json\/wp\/v2\/tags?post=273253"}],"curies":[{"name":"wp","href":"https:\/\/api.w.org\/{rel}","templated":true}]}}