{"id":273028,"date":"2023-04-17T13:03:57","date_gmt":"2023-04-17T09:03:57","guid":{"rendered":"https:\/\/www.meydan.tv\/?p=273028"},"modified":"2023-04-17T13:04:06","modified_gmt":"2023-04-17T09:04:06","slug":"fermerler-narahatdir-yerli-kartof-alma-sortlari-siradan-cixir","status":"publish","type":"post","link":"https:\/\/www.meydan.tv\/az\/article\/fermerler-narahatdir-yerli-kartof-alma-sortlari-siradan-cixir\/","title":{"rendered":"Fermerl\u0259r narahatd\u0131r: Yerli kartof, alma sortlar\u0131 s\u0131radan \u00e7\u0131x\u0131r"},"content":{"rendered":"\n<p><\/p>\n\n\n\n<p><em>\u201c<strong>Yax\u0131n bir ne\u00e7\u0259 ild\u0259 yerli \u201cA\u011f\u00e7i\u00e7\u0259k\u201d, \u201cTelman\u201d sortlar\u0131 olmayacaq\u201d<\/strong><\/em><\/p>\n\n\n\n<p>Yerli kartof sortlar\u0131n\u0131n s\u0131radan \u00e7\u0131xmas\u0131 t\u0259hl\u00fck\u0259si var. Bunu Meydan TV-y\u0259 kartof istehsal\u0131 il\u0259 m\u0259\u015f\u011ful olan fermerl\u0259r deyirl\u0259r.<\/p>\n\n\n\n<p>Onlardan biri, g\u0259d\u0259b\u0259yli fermer \u00c7ingiz M\u0259mm\u0259dovun s\u00f6zl\u0259rin\u0259 g\u00f6r\u0259, d\u0259d\u0259-babadan kartof\u00e7uluqla dolan\u0131blar. <\/p>\n\n\n\n<p>Yerli \u0259halinin t\u0259xmin\u0259n 80-85 faizi kartof\u00e7uluqla m\u0259\u015f\u011ful olub. Amma son ill\u0259r kartof istehsal\u0131 azal\u0131b:<\/p>\n\n\n\n<p><em>\u201cM\u00f6vs\u00fcmd\u0259 yerli bazarda kartofun kiloqram\u0131 1 manat-1 manat 20 q\u0259pikd\u0259n olub. \u00c7\u00fcnki x\u0259rcl\u0259r art\u0131b, t\u0259labat var, amma m\u0259hsul azd\u0131r. Bak\u0131 bazarlar\u0131nda \u00e7ox vaxt xaricd\u0259n idxal edil\u0259n kartoflar\u0131 yerli m\u0259hsul ad\u0131 il\u0259 sat\u0131\u015fa \u00e7\u0131xar\u0131rlar\u201d.<\/em><\/p>\n\n\n\n<p>Fermer deyir ki, yerli sortlar\u0131 yeti\u015fdirm\u0259k \u00e7\u0259tindir, g\u00fcbr\u0259 bahad\u0131r, x\u0259rcl\u0259r son bir ne\u00e7\u0259 ild\u0259 4-5 d\u0259f\u0259 bahala\u015f\u0131b.<br>G\u0259d\u0259b\u0259yli fermerl\u0259r bildiril\u0259r ki, yax\u0131n bir ne\u00e7\u0259 ild\u0259 yerli \u201cA\u011f\u00e7i\u00e7\u0259k\u201d, \u201cTelman\u201d sortlar\u0131 olmayacaq, onlar\u0131n yerini dig\u0259r sortlar tutacaq.<\/p>\n\n\n<div class=\"wp-block-image\">\n<figure class=\"aligncenter size-full\"><img decoding=\"async\" width=\"1200\" height=\"748\" data-src=\"https:\/\/www.meydan.tv\/wp-content\/uploads\/4c566cf0-83da-43d8-b9ab-3932a6cc8c47_850.jpg\" alt=\"\" class=\"wp-image-273032 lazyload\" src=\"data:image\/svg+xml;base64,PHN2ZyB3aWR0aD0iMSIgaGVpZ2h0PSIxIiB4bWxucz0iaHR0cDovL3d3dy53My5vcmcvMjAwMC9zdmciPjwvc3ZnPg==\" style=\"--smush-placeholder-width: 1200px; --smush-placeholder-aspect-ratio: 1200\/748;\" \/><\/figure>\n<\/div>\n\n\n<p>Qubal\u0131 fermerl\u0259r is\u0259 yerli alma sortlar\u0131n\u0131n s\u00fcr\u0259tl\u0259 xarici sortlarla \u0259v\u0259zl\u0259ndiyini deyirl\u0259r. Fermerl\u0259r bildirirl\u0259r ki, yerli sortlar s\u0259rf\u0259li deyil, xarici sortlar is\u0259 h\u0259m uzunm\u00fcdd\u0259t saxlamaq olur, h\u0259m d\u0259 g\u00f6rk\u0259mi yax\u015f\u0131d\u0131r.<\/p>\n\n\n\n<p><em>\u201cOnsuz da Rusiyada bazara \u00e7\u0131x\u0131\u015f imkanlar\u0131 get-ged\u0259 daral\u0131r, yerli bazarda is\u0259 almaya t\u0259l\u0259bat y\u00fcks\u0259k deyil. El\u0259 t\u0259s\u0259rr\u00fcfatlar var ki, m\u0259hsullar\u0131 zay oldu, \u0259lav\u0259 f\u0259hl\u0259 tutub, x\u0259rc \u00e7\u0259kib zibilliy\u0259 atd\u0131lar\u201d,-<\/em> qubal\u0131 fermer Salman S\u00fcleymanov s\u00f6yl\u0259yib.<\/p>\n\n\n\n<p>Az\u0259rbaycan Elml\u0259r Akademiyas\u0131n\u0131n \u0259m\u0259kda\u015f\u0131, aqrar elml\u0259r \u00fczr\u0259 f\u0259ls\u0259f\u0259 doktoru \u018fnv\u0259r \u018fliyev d\u0259 Meydan TV-y\u0259 bildirib ki, yerli sortlar s\u0131radan \u00e7\u0131x\u0131r v\u0259 bununla ba\u011fl\u0131 h\u0259l\u0259 10-15 il \u0259vv\u0259l fermerl\u0259r\u0259 x\u0259b\u0259rdarl\u0131q edib:<\/p>\n\n\n\n<p><em>\u201cBu almalar xalq seleksiyas\u0131n\u0131n yeti\u015fdirm\u0259l\u0259ridir v\u0259 tarixi q\u0259dimdir. Vaxt olacaq bu alma sortlar\u0131n\u0131 axtaracaqlar. M\u0259s\u0259l\u0259 buras\u0131ndad\u0131r ki, indi b\u00fct\u00fcn d\u00fcnyada kampaniya gedir, az\u0259rbaycanl\u0131lar da bu kampaniyalara birinci qo\u015fulanlardand\u0131r\u201d.<\/em><\/p>\n\n\n\n<p>Alim deyib ki, G\u0259d\u0259b\u0259yd\u0259 kartof\u00e7uluqda da v\u0259ziyy\u0259t eynidir.<\/p>\n\n\n\n<figure class=\"wp-block-image size-full\"><img decoding=\"async\" width=\"1200\" height=\"675\" data-src=\"https:\/\/www.meydan.tv\/wp-content\/uploads\/enver_720.jpg\" alt=\"\" class=\"wp-image-273035 lazyload\" src=\"data:image\/svg+xml;base64,PHN2ZyB3aWR0aD0iMSIgaGVpZ2h0PSIxIiB4bWxucz0iaHR0cDovL3d3dy53My5vcmcvMjAwMC9zdmciPjwvc3ZnPg==\" style=\"--smush-placeholder-width: 1200px; --smush-placeholder-aspect-ratio: 1200\/675;\" \/><figcaption class=\"wp-element-caption\">\u018fnv\u0259r \u018fliyev. Foto: Azadl\u0131q Radiosu<\/figcaption><\/figure>\n\n\n\n<p><em>\u201c\u201cA\u011f\u00e7i\u00e7\u0259k, \u201cTelman\u201d sortlar\u0131n\u0131n dad\u0131, \u0259tri f\u0259rqli, dig\u0259r sortlardan daha keyfiyy\u0259tlidir. \u0130ndi daha \u00e7ox hibrit sortlar \u0259kilir. Bu sortlar torpaqdan el\u0259 madd\u0259l\u0259r \u00e7\u0259kir ki, sonradan insan orqanizmind\u0259 z\u0259r\u0259rli madd\u0259l\u0259r\u0259 \u00e7evrilirl\u0259r. Bu probleml\u0259r elm\u0259 m\u0259lumdur. Fermerl\u0259rin sadalad\u0131\u011f\u0131 faktlar h\u0259qiq\u0259tdir\u201d,- \u018f.\u018fliyev s\u00f6yl\u0259yib.<\/em><\/p>\n\n\n\n<p>O qeyd edib ki, yerli sortlar\u0131n s\u0131radan \u00e7\u0131xmas\u0131 problemdir v\u0259 bunun s\u0259b\u0259bl\u0259rind\u0259n biri d\u0259 k\u0259nd t\u0259s\u0259rr\u00fcfat\u0131 strukturunun d\u00fczg\u00fcn i\u015fl\u0259m\u0259m\u0259sidir:<\/p>\n\n\n\n<p><em> \u201cNeyl\u0259y\u0259k? Kimd\u0259n kim\u0259 \u015fikay\u0259t ed\u0259k? K\u0259nd t\u0259s\u0259rr\u00fcfat\u0131n\u0131n strukturu, x\u00fcsusil\u0259 bitki\u00e7ilik sah\u0259sind\u0259 el\u0259 g\u00fcnd\u0259dir ki, ona ancaq oturub a\u011flamaq laz\u0131md\u0131r. Milyardlarla manat\u0131 bo\u015f-bo\u015funa itirdik. Quban\u0131n \u201cC\u0131rhac\u0131r\u201d alma sortu var, m\u0259d\u0259-ba\u011f\u0131rsa\u011f\u0131n, h\u0259zm sisteminin d\u0259rman\u0131d\u0131r, sat\u0131\u015fda tapmaq olmur. H\u0259m alma, h\u0259m kartof, h\u0259m d\u0259 dig\u0259r yerli sortlar keyfiyy\u0259tlidir, xarici sortlar onlar\u0131n yerini tuta bilmir. Nec\u0259 ba\u015fa salasan? Hesabatlar da vermi\u015f\u0259m ki, bel\u0259 bir problem var, amma baxan yoxdur, \u0259limizd\u0259n d\u0259 he\u00e7 n\u0259 g\u0259lmir\u201d.<\/em><\/p>\n","protected":false},"excerpt":{"rendered":"<p>\u201cYax\u0131n bir ne\u00e7\u0259 ild\u0259 yerli \u201cA\u011f\u00e7i\u00e7\u0259k\u201d, \u201cTelman\u201d sortlar\u0131 olmayacaq\u201d Yerli &#8230; <\/p>\n<p class=\"read-more-container\"><a title=\"Fermerl\u0259r narahatd\u0131r: Yerli kartof, alma sortlar\u0131 s\u0131radan \u00e7\u0131x\u0131r\" class=\"read-more button\" href=\"https:\/\/www.meydan.tv\/az\/article\/fermerler-narahatdir-yerli-kartof-alma-sortlari-siradan-cixir\/#more-273028\" aria-label=\"Read more about Fermerl\u0259r narahatd\u0131r: Yerli kartof, alma sortlar\u0131 s\u0131radan \u00e7\u0131x\u0131r\">Davam\u0131<\/a><\/p>\n","protected":false},"author":8,"featured_media":273029,"comment_status":"closed","ping_status":"closed","sticky":false,"template":"","format":"standard","meta":{"_acf_changed":false,"_sitemap_exclude":false,"_sitemap_priority":"","_sitemap_frequency":"","footnotes":""},"categories":[60,79,56],"tags":[],"class_list":["post-273028","post","type-post","status-publish","format-standard","has-post-thumbnail","hentry","category-bolge","category-featured","category-xeberler","infinite-scroll-item","generate-columns","tablet-grid-50","mobile-grid-100","grid-parent","grid-33","no-featured-image-padding"],"acf":[],"yoast_head":"<!-- This site is optimized with the Yoast SEO plugin v27.5 - https:\/\/yoast.com\/product\/yoast-seo-wordpress\/ -->\n<title>Fermerl\u0259r narahatd\u0131r: Yerli kartof, alma sortlar\u0131 s\u0131radan \u00e7\u0131x\u0131r - MEYDAN.TV<\/title>\n<meta name=\"robots\" content=\"index, follow, max-snippet:-1, max-image-preview:large, max-video-preview:-1\" \/>\n<link rel=\"canonical\" href=\"https:\/\/www.meydan.tv\/az\/article\/fermerler-narahatdir-yerli-kartof-alma-sortlari-siradan-cixir\/\" \/>\n<meta property=\"og:locale\" content=\"az_AZ\" \/>\n<meta property=\"og:type\" content=\"article\" \/>\n<meta property=\"og:title\" content=\"Fermerl\u0259r narahatd\u0131r: Yerli kartof, alma sortlar\u0131 s\u0131radan \u00e7\u0131x\u0131r - MEYDAN.TV\" \/>\n<meta property=\"og:description\" content=\"\u201cYax\u0131n bir ne\u00e7\u0259 ild\u0259 yerli \u201cA\u011f\u00e7i\u00e7\u0259k\u201d, \u201cTelman\u201d sortlar\u0131 olmayacaq\u201d Yerli ... Davam\u0131\" \/>\n<meta property=\"og:url\" content=\"https:\/\/www.meydan.tv\/az\/article\/fermerler-narahatdir-yerli-kartof-alma-sortlari-siradan-cixir\/\" \/>\n<meta property=\"og:site_name\" content=\"MEYDAN.TV\" \/>\n<meta property=\"article:published_time\" content=\"2023-04-17T09:03:57+00:00\" \/>\n<meta property=\"article:modified_time\" content=\"2023-04-17T09:04:06+00:00\" \/>\n<meta property=\"og:image\" content=\"https:\/\/www.meydan.tv\/wp-content\/uploads\/kartof-2.jpg\" \/>\n\t<meta property=\"og:image:width\" content=\"1200\" \/>\n\t<meta property=\"og:image:height\" content=\"753\" \/>\n\t<meta property=\"og:image:type\" content=\"image\/jpeg\" \/>\n<meta name=\"author\" content=\"elli\" \/>\n<meta name=\"twitter:card\" content=\"summary_large_image\" \/>\n<meta name=\"twitter:creator\" content=\"@elli\" \/>\n<script type=\"application\/ld+json\" class=\"yoast-schema-graph\">{\"@context\":\"https:\\\/\\\/schema.org\",\"@graph\":[{\"@type\":\"Article\",\"@id\":\"https:\\\/\\\/www.meydan.tv\\\/az\\\/article\\\/fermerler-narahatdir-yerli-kartof-alma-sortlari-siradan-cixir\\\/#article\",\"isPartOf\":{\"@id\":\"https:\\\/\\\/www.meydan.tv\\\/az\\\/article\\\/fermerler-narahatdir-yerli-kartof-alma-sortlari-siradan-cixir\\\/\"},\"author\":{\"name\":\"elli\",\"@id\":\"https:\\\/\\\/www.meydan.tv\\\/az\\\/#\\\/schema\\\/person\\\/9cdbecf90d17180ce1dfbd95b08dcf47\"},\"headline\":\"Fermerl\u0259r narahatd\u0131r: Yerli kartof, alma sortlar\u0131 s\u0131radan \u00e7\u0131x\u0131r\",\"datePublished\":\"2023-04-17T09:03:57+00:00\",\"dateModified\":\"2023-04-17T09:04:06+00:00\",\"mainEntityOfPage\":{\"@id\":\"https:\\\/\\\/www.meydan.tv\\\/az\\\/article\\\/fermerler-narahatdir-yerli-kartof-alma-sortlari-siradan-cixir\\\/\"},\"wordCount\":616,\"publisher\":{\"@id\":\"https:\\\/\\\/www.meydan.tv\\\/az\\\/#organization\"},\"image\":{\"@id\":\"https:\\\/\\\/www.meydan.tv\\\/az\\\/article\\\/fermerler-narahatdir-yerli-kartof-alma-sortlari-siradan-cixir\\\/#primaryimage\"},\"thumbnailUrl\":\"https:\\\/\\\/www.meydan.tv\\\/wp-content\\\/uploads\\\/kartof-2.jpg\",\"articleSection\":[\"B\u00f6lg\u0259\",\"T\u00f6vsiy\u0259\",\"X\u0259b\u0259rl\u0259r\"],\"inLanguage\":\"az\"},{\"@type\":\"WebPage\",\"@id\":\"https:\\\/\\\/www.meydan.tv\\\/az\\\/article\\\/fermerler-narahatdir-yerli-kartof-alma-sortlari-siradan-cixir\\\/\",\"url\":\"https:\\\/\\\/www.meydan.tv\\\/az\\\/article\\\/fermerler-narahatdir-yerli-kartof-alma-sortlari-siradan-cixir\\\/\",\"name\":\"Fermerl\u0259r narahatd\u0131r: Yerli kartof, alma sortlar\u0131 s\u0131radan \u00e7\u0131x\u0131r - MEYDAN.TV\",\"isPartOf\":{\"@id\":\"https:\\\/\\\/www.meydan.tv\\\/az\\\/#website\"},\"primaryImageOfPage\":{\"@id\":\"https:\\\/\\\/www.meydan.tv\\\/az\\\/article\\\/fermerler-narahatdir-yerli-kartof-alma-sortlari-siradan-cixir\\\/#primaryimage\"},\"image\":{\"@id\":\"https:\\\/\\\/www.meydan.tv\\\/az\\\/article\\\/fermerler-narahatdir-yerli-kartof-alma-sortlari-siradan-cixir\\\/#primaryimage\"},\"thumbnailUrl\":\"https:\\\/\\\/www.meydan.tv\\\/wp-content\\\/uploads\\\/kartof-2.jpg\",\"datePublished\":\"2023-04-17T09:03:57+00:00\",\"dateModified\":\"2023-04-17T09:04:06+00:00\",\"breadcrumb\":{\"@id\":\"https:\\\/\\\/www.meydan.tv\\\/az\\\/article\\\/fermerler-narahatdir-yerli-kartof-alma-sortlari-siradan-cixir\\\/#breadcrumb\"},\"inLanguage\":\"az\",\"potentialAction\":[{\"@type\":\"ReadAction\",\"target\":[\"https:\\\/\\\/www.meydan.tv\\\/az\\\/article\\\/fermerler-narahatdir-yerli-kartof-alma-sortlari-siradan-cixir\\\/\"]}]},{\"@type\":\"ImageObject\",\"inLanguage\":\"az\",\"@id\":\"https:\\\/\\\/www.meydan.tv\\\/az\\\/article\\\/fermerler-narahatdir-yerli-kartof-alma-sortlari-siradan-cixir\\\/#primaryimage\",\"url\":\"https:\\\/\\\/www.meydan.tv\\\/wp-content\\\/uploads\\\/kartof-2.jpg\",\"contentUrl\":\"https:\\\/\\\/www.meydan.tv\\\/wp-content\\\/uploads\\\/kartof-2.jpg\",\"width\":1200,\"height\":753,\"caption\":\"Foto: Meydan TV\"},{\"@type\":\"BreadcrumbList\",\"@id\":\"https:\\\/\\\/www.meydan.tv\\\/az\\\/article\\\/fermerler-narahatdir-yerli-kartof-alma-sortlari-siradan-cixir\\\/#breadcrumb\",\"itemListElement\":[{\"@type\":\"ListItem\",\"position\":1,\"name\":\"Ana s\u0259hif\u0259\",\"item\":\"https:\\\/\\\/www.meydan.tv\\\/az\\\/\"},{\"@type\":\"ListItem\",\"position\":2,\"name\":\"B\u00f6lg\u0259\",\"item\":\"https:\\\/\\\/www.meydan.tv\\\/az\\\/section\\\/bolge\\\/\"},{\"@type\":\"ListItem\",\"position\":3,\"name\":\"Fermerl\u0259r narahatd\u0131r: Yerli kartof, alma sortlar\u0131 s\u0131radan \u00e7\u0131x\u0131r\"}]},{\"@type\":\"WebSite\",\"@id\":\"https:\\\/\\\/www.meydan.tv\\\/az\\\/#website\",\"url\":\"https:\\\/\\\/www.meydan.tv\\\/az\\\/\",\"name\":\"MEYDAN.TV\",\"description\":\"Meydan TV Az\u0259rbaycan\u0131n media m\u0259kan\u0131ndak\u0131 alternativ s\u0259sidir\",\"publisher\":{\"@id\":\"https:\\\/\\\/www.meydan.tv\\\/az\\\/#organization\"},\"potentialAction\":[{\"@type\":\"SearchAction\",\"target\":{\"@type\":\"EntryPoint\",\"urlTemplate\":\"https:\\\/\\\/www.meydan.tv\\\/az\\\/?s={search_term_string}\"},\"query-input\":{\"@type\":\"PropertyValueSpecification\",\"valueRequired\":true,\"valueName\":\"search_term_string\"}}],\"inLanguage\":\"az\"},{\"@type\":\"Organization\",\"@id\":\"https:\\\/\\\/www.meydan.tv\\\/az\\\/#organization\",\"name\":\"Meydan TV\",\"url\":\"https:\\\/\\\/www.meydan.tv\\\/az\\\/\",\"logo\":{\"@type\":\"ImageObject\",\"inLanguage\":\"az\",\"@id\":\"https:\\\/\\\/www.meydan.tv\\\/az\\\/#\\\/schema\\\/logo\\\/image\\\/\",\"url\":\"https:\\\/\\\/www.meydan.tv\\\/wp-content\\\/uploads\\\/2021\\\/07\\\/meydan-logo.svg\",\"contentUrl\":\"https:\\\/\\\/www.meydan.tv\\\/wp-content\\\/uploads\\\/2021\\\/07\\\/meydan-logo.svg\",\"width\":195,\"height\":46,\"caption\":\"Meydan TV\"},\"image\":{\"@id\":\"https:\\\/\\\/www.meydan.tv\\\/az\\\/#\\\/schema\\\/logo\\\/image\\\/\"}},{\"@type\":\"Person\",\"@id\":\"https:\\\/\\\/www.meydan.tv\\\/az\\\/#\\\/schema\\\/person\\\/9cdbecf90d17180ce1dfbd95b08dcf47\",\"name\":\"elli\",\"sameAs\":[\"https:\\\/\\\/x.com\\\/elli\"]}]}<\/script>\n<!-- \/ Yoast SEO plugin. -->","yoast_head_json":{"title":"Fermerl\u0259r narahatd\u0131r: Yerli kartof, alma sortlar\u0131 s\u0131radan \u00e7\u0131x\u0131r - MEYDAN.TV","robots":{"index":"index","follow":"follow","max-snippet":"max-snippet:-1","max-image-preview":"max-image-preview:large","max-video-preview":"max-video-preview:-1"},"canonical":"https:\/\/www.meydan.tv\/az\/article\/fermerler-narahatdir-yerli-kartof-alma-sortlari-siradan-cixir\/","og_locale":"az_AZ","og_type":"article","og_title":"Fermerl\u0259r narahatd\u0131r: Yerli kartof, alma sortlar\u0131 s\u0131radan \u00e7\u0131x\u0131r - MEYDAN.TV","og_description":"\u201cYax\u0131n bir ne\u00e7\u0259 ild\u0259 yerli \u201cA\u011f\u00e7i\u00e7\u0259k\u201d, \u201cTelman\u201d sortlar\u0131 olmayacaq\u201d Yerli ... Davam\u0131","og_url":"https:\/\/www.meydan.tv\/az\/article\/fermerler-narahatdir-yerli-kartof-alma-sortlari-siradan-cixir\/","og_site_name":"MEYDAN.TV","article_published_time":"2023-04-17T09:03:57+00:00","article_modified_time":"2023-04-17T09:04:06+00:00","og_image":[{"width":1200,"height":753,"url":"https:\/\/www.meydan.tv\/wp-content\/uploads\/kartof-2.jpg","type":"image\/jpeg"}],"author":"elli","twitter_card":"summary_large_image","twitter_creator":"@elli","schema":{"@context":"https:\/\/schema.org","@graph":[{"@type":"Article","@id":"https:\/\/www.meydan.tv\/az\/article\/fermerler-narahatdir-yerli-kartof-alma-sortlari-siradan-cixir\/#article","isPartOf":{"@id":"https:\/\/www.meydan.tv\/az\/article\/fermerler-narahatdir-yerli-kartof-alma-sortlari-siradan-cixir\/"},"author":{"name":"elli","@id":"https:\/\/www.meydan.tv\/az\/#\/schema\/person\/9cdbecf90d17180ce1dfbd95b08dcf47"},"headline":"Fermerl\u0259r narahatd\u0131r: Yerli kartof, alma sortlar\u0131 s\u0131radan \u00e7\u0131x\u0131r","datePublished":"2023-04-17T09:03:57+00:00","dateModified":"2023-04-17T09:04:06+00:00","mainEntityOfPage":{"@id":"https:\/\/www.meydan.tv\/az\/article\/fermerler-narahatdir-yerli-kartof-alma-sortlari-siradan-cixir\/"},"wordCount":616,"publisher":{"@id":"https:\/\/www.meydan.tv\/az\/#organization"},"image":{"@id":"https:\/\/www.meydan.tv\/az\/article\/fermerler-narahatdir-yerli-kartof-alma-sortlari-siradan-cixir\/#primaryimage"},"thumbnailUrl":"https:\/\/www.meydan.tv\/wp-content\/uploads\/kartof-2.jpg","articleSection":["B\u00f6lg\u0259","T\u00f6vsiy\u0259","X\u0259b\u0259rl\u0259r"],"inLanguage":"az"},{"@type":"WebPage","@id":"https:\/\/www.meydan.tv\/az\/article\/fermerler-narahatdir-yerli-kartof-alma-sortlari-siradan-cixir\/","url":"https:\/\/www.meydan.tv\/az\/article\/fermerler-narahatdir-yerli-kartof-alma-sortlari-siradan-cixir\/","name":"Fermerl\u0259r narahatd\u0131r: Yerli kartof, alma sortlar\u0131 s\u0131radan \u00e7\u0131x\u0131r - MEYDAN.TV","isPartOf":{"@id":"https:\/\/www.meydan.tv\/az\/#website"},"primaryImageOfPage":{"@id":"https:\/\/www.meydan.tv\/az\/article\/fermerler-narahatdir-yerli-kartof-alma-sortlari-siradan-cixir\/#primaryimage"},"image":{"@id":"https:\/\/www.meydan.tv\/az\/article\/fermerler-narahatdir-yerli-kartof-alma-sortlari-siradan-cixir\/#primaryimage"},"thumbnailUrl":"https:\/\/www.meydan.tv\/wp-content\/uploads\/kartof-2.jpg","datePublished":"2023-04-17T09:03:57+00:00","dateModified":"2023-04-17T09:04:06+00:00","breadcrumb":{"@id":"https:\/\/www.meydan.tv\/az\/article\/fermerler-narahatdir-yerli-kartof-alma-sortlari-siradan-cixir\/#breadcrumb"},"inLanguage":"az","potentialAction":[{"@type":"ReadAction","target":["https:\/\/www.meydan.tv\/az\/article\/fermerler-narahatdir-yerli-kartof-alma-sortlari-siradan-cixir\/"]}]},{"@type":"ImageObject","inLanguage":"az","@id":"https:\/\/www.meydan.tv\/az\/article\/fermerler-narahatdir-yerli-kartof-alma-sortlari-siradan-cixir\/#primaryimage","url":"https:\/\/www.meydan.tv\/wp-content\/uploads\/kartof-2.jpg","contentUrl":"https:\/\/www.meydan.tv\/wp-content\/uploads\/kartof-2.jpg","width":1200,"height":753,"caption":"Foto: Meydan TV"},{"@type":"BreadcrumbList","@id":"https:\/\/www.meydan.tv\/az\/article\/fermerler-narahatdir-yerli-kartof-alma-sortlari-siradan-cixir\/#breadcrumb","itemListElement":[{"@type":"ListItem","position":1,"name":"Ana s\u0259hif\u0259","item":"https:\/\/www.meydan.tv\/az\/"},{"@type":"ListItem","position":2,"name":"B\u00f6lg\u0259","item":"https:\/\/www.meydan.tv\/az\/section\/bolge\/"},{"@type":"ListItem","position":3,"name":"Fermerl\u0259r narahatd\u0131r: Yerli kartof, alma sortlar\u0131 s\u0131radan \u00e7\u0131x\u0131r"}]},{"@type":"WebSite","@id":"https:\/\/www.meydan.tv\/az\/#website","url":"https:\/\/www.meydan.tv\/az\/","name":"MEYDAN.TV","description":"Meydan TV Az\u0259rbaycan\u0131n media m\u0259kan\u0131ndak\u0131 alternativ s\u0259sidir","publisher":{"@id":"https:\/\/www.meydan.tv\/az\/#organization"},"potentialAction":[{"@type":"SearchAction","target":{"@type":"EntryPoint","urlTemplate":"https:\/\/www.meydan.tv\/az\/?s={search_term_string}"},"query-input":{"@type":"PropertyValueSpecification","valueRequired":true,"valueName":"search_term_string"}}],"inLanguage":"az"},{"@type":"Organization","@id":"https:\/\/www.meydan.tv\/az\/#organization","name":"Meydan TV","url":"https:\/\/www.meydan.tv\/az\/","logo":{"@type":"ImageObject","inLanguage":"az","@id":"https:\/\/www.meydan.tv\/az\/#\/schema\/logo\/image\/","url":"https:\/\/www.meydan.tv\/wp-content\/uploads\/2021\/07\/meydan-logo.svg","contentUrl":"https:\/\/www.meydan.tv\/wp-content\/uploads\/2021\/07\/meydan-logo.svg","width":195,"height":46,"caption":"Meydan TV"},"image":{"@id":"https:\/\/www.meydan.tv\/az\/#\/schema\/logo\/image\/"}},{"@type":"Person","@id":"https:\/\/www.meydan.tv\/az\/#\/schema\/person\/9cdbecf90d17180ce1dfbd95b08dcf47","name":"elli","sameAs":["https:\/\/x.com\/elli"]}]}},"_links":{"self":[{"href":"https:\/\/www.meydan.tv\/az\/wp-json\/wp\/v2\/posts\/273028","targetHints":{"allow":["GET"]}}],"collection":[{"href":"https:\/\/www.meydan.tv\/az\/wp-json\/wp\/v2\/posts"}],"about":[{"href":"https:\/\/www.meydan.tv\/az\/wp-json\/wp\/v2\/types\/post"}],"author":[{"embeddable":true,"href":"https:\/\/www.meydan.tv\/az\/wp-json\/wp\/v2\/users\/8"}],"replies":[{"embeddable":true,"href":"https:\/\/www.meydan.tv\/az\/wp-json\/wp\/v2\/comments?post=273028"}],"version-history":[{"count":1,"href":"https:\/\/www.meydan.tv\/az\/wp-json\/wp\/v2\/posts\/273028\/revisions"}],"predecessor-version":[{"id":273038,"href":"https:\/\/www.meydan.tv\/az\/wp-json\/wp\/v2\/posts\/273028\/revisions\/273038"}],"wp:featuredmedia":[{"embeddable":true,"href":"https:\/\/www.meydan.tv\/az\/wp-json\/wp\/v2\/media\/273029"}],"wp:attachment":[{"href":"https:\/\/www.meydan.tv\/az\/wp-json\/wp\/v2\/media?parent=273028"}],"wp:term":[{"taxonomy":"category","embeddable":true,"href":"https:\/\/www.meydan.tv\/az\/wp-json\/wp\/v2\/categories?post=273028"},{"taxonomy":"post_tag","embeddable":true,"href":"https:\/\/www.meydan.tv\/az\/wp-json\/wp\/v2\/tags?post=273028"}],"curies":[{"name":"wp","href":"https:\/\/api.w.org\/{rel}","templated":true}]}}