{"id":273026,"date":"2023-04-17T12:55:05","date_gmt":"2023-04-17T08:55:05","guid":{"rendered":"https:\/\/www.meydan.tv\/?p=273026"},"modified":"2023-04-17T12:55:08","modified_gmt":"2023-04-17T08:55:08","slug":"sumqayitlilar-zibilin-iyinden-kuceden-kecmek-olmur","status":"publish","type":"post","link":"https:\/\/www.meydan.tv\/az\/article\/sumqayitlilar-zibilin-iyinden-kuceden-kecmek-olmur\/","title":{"rendered":"Sumqay\u0131tl\u0131lar: \u201cZibilin iyind\u0259n k\u00fc\u00e7\u0259d\u0259n ke\u00e7m\u0259k olmur\u201d"},"content":{"rendered":"\n<p><\/p>\n\n\n\n<p><strong><em>M\u0259h\u0259ll\u0259 sakinl\u0259ri deyir ki, fabrikin kanalizasiya sular\u0131 \u0259raziy\u0259 ax\u0131d\u0131l\u0131r<\/em><\/strong><br><\/p>\n\n\n\n<p>\u201cBu ya\u015fay\u0131\u015f massivi 2013-c\u00fc ild\u0259 sal\u0131n\u0131b. Sal\u0131nd\u0131\u011f\u0131 g\u00fcnd\u0259n bu yana da probleml\u0259r h\u00f6km s\u00fcr\u00fcr. N\u0259 normal zibil qutusu, n\u0259 d\u0259 t\u0259mizliyi var. Tullant\u0131lar\u0131n iyind\u0259n k\u00fc\u00e7\u0259d\u0259n ke\u00e7m\u0259k olmur\u201d.<\/p>\n\n\n\n<p>Bunu Meydan TV-y\u0259 Sumqay\u0131tda \u201cMero\u201d ad\u0131 il\u0259 tan\u0131nan \u0259razinin yax\u0131nl\u0131\u011f\u0131nda ya\u015fayan sakinl\u0259r bildiribl\u0259r. <\/p>\n\n\n\n<p>Sakinl\u0259rd\u0259n F\u0259rid Qafarov deyib ki, zibilin at\u0131lmas\u0131 \u00fc\u00e7\u00fcn x\u00fcsusi yer olmad\u0131\u011f\u0131ndan tullant\u0131lar el\u0259 yolun k\u0259nar\u0131na, k\u00fc\u00e7\u0259y\u0259 at\u0131l\u0131r. Ya\u011f\u0131\u015f ya\u011fan kimi g\u00f6lm\u0259\u00e7\u0259l\u0259r yaran\u0131r, tullant\u0131lar g\u00f6lm\u0259\u00e7\u0259l\u0259rin \u00fcz\u0259rind\u0259 iyr\u0259nc v\u0259ziyy\u0259t yarad\u0131r. Pis qoxudan evl\u0259rd\u0259 oturmaq olmur:<\/p>\n\n\n\n<p><em>\u201c\u018frazid\u0259 bir ne\u00e7\u0259 ildir fabrik f\u0259aliyy\u0259t\u0259 ba\u015flay\u0131b. Fabrikin kanalizasiya x\u0259tti d\u0259 \u0259raziy\u0259 ax\u0131d\u0131l\u0131r\u201d<\/em>, &#8211; sakin deyib.<\/p>\n\n\n\n<p>\u015eikay\u0259t\u00e7il\u0259r bildiribl\u0259r ki, son 2 ildir tullant\u0131larla ba\u011fl\u0131 d\u0259f\u0259l\u0259rl\u0259 \u015fikay\u0259t edibl\u0259r. 1-2 d\u0259f\u0259 \u0259razi t\u0259mizl\u0259ns\u0259 d\u0259, \u00e7ox ke\u00e7m\u0259yib ki, eyni v\u0259ziyy\u0259t yaran\u0131b:<\/p>\n\n\n\n<p><em>\u201cB\u0259z\u0259n kanalizasiya suyu ya\u011f\u0131\u015f suyuna qat\u0131laraq yax\u0131nl\u0131qdak\u0131 evl\u0259rin h\u0259y\u0259tin\u0259 dolur. Zibilin iyind\u0259n k\u00fc\u00e7\u0259d\u0259n ke\u00e7m\u0259k olmur. Qar\u015f\u0131dan yay g\u0259lir, h\u0259\u015f\u0259ratlar\u0131n, zibilliy\u0259 topla\u015fan sahibsiz heyvanlar\u0131n \u0259lind\u0259n evd\u0259 oturmaq m\u00fcmk\u00fcn olmayacaq. D\u0259rdimizi kim\u0259 dey\u0259c\u0259yimizi bilmirik\u201d.<\/em><\/p>\n\n\n\n<p>Sumqay\u0131t \u015e\u0259h\u0259r \u0130cra Hakimiyy\u0259tind\u0259n m\u0259s\u0259l\u0259y\u0259 m\u00fcnasib\u0259t \u00f6yr\u0259nm\u0259k m\u00fcmk\u00fcn olmay\u0131b. Sumqay\u0131t b\u0259l\u0259diyy\u0259sind\u0259n is\u0259 deyibl\u0259r ki, \u0259razinin onlar\u0131n balans\u0131nda olub-olmad\u0131\u011f\u0131n\u0131 m\u00fc\u0259yy\u0259nl\u0259\u015fdirm\u0259k \u00fc\u00e7\u00fcn x\u0259rit\u0259y\u0259 baxmal\u0131d\u0131rlar. Lakin g\u00fcn \u0259rzind\u0259 d\u0259f\u0259l\u0259rl\u0259 z\u0259ng vurulsa da, sual cavabland\u0131r\u0131lmay\u0131b. Bununla bel\u0259, Meydan TV \u0259m\u0259kda\u015f\u0131\u00a0 il\u0259 t\u0259krar \u0259laq\u0259 saxlayan sakinl\u0259r \u0259razinin bir ne\u00e7\u0259 g\u00fcn \u0259vv\u0259l yenid\u0259n t\u0259mizl\u0259ndiyini, lakin bu t\u0259mizliyin ne\u00e7\u0259 g\u00fcn \u00e7\u0259k\u0259c\u0259yini bilm\u0259dikl\u0259rini s\u00f6yl\u0259yibl\u0259r.<\/p>\n\n\n\n<p>Ekologiya v\u0259 T\u0259bii S\u0259rv\u0259tl\u0259r Nazirliyi is\u0259 Sumqay\u0131tda daha bir \u0259razind\u0259 nat\u0259mizlikl\u0259 il\u0259 ba\u011fl\u0131 m\u0259lumat yay\u0131b. Nazirliyin a\u00e7\u0131qlamas\u0131nda deyilir ki, Sumqay\u0131t \u015f\u0259h\u0259ri, 76-c\u0131 m\u0259h\u0259ll\u0259d\u0259 f\u0259aliyy\u0259t g\u00f6st\u0259r\u0259n qu\u015f\u00e7uluq m\u00fc\u0259ssis\u0259sind\u0259 formala\u015fan tullant\u0131lar\u0131n \u0259razid\u0259ki &#8220;Ac\u0131d\u0259r\u0259&#8221; adlanan kanala at\u0131lmas\u0131 il\u0259 ba\u011fl\u0131 D\u00f6vl\u0259t Ekoloji T\u0259hl\u00fck\u0259sizlik Xidm\u0259tin\u0259 daxil olan \u015fikay\u0259t ara\u015fd\u0131r\u0131l\u0131b v\u0259 fakt t\u0259sdiqini tap\u0131b.<\/p>\n\n\n\n<p>Xidm\u0259t r\u0259smisi Vaqif Cavadov bildirib ki, ara\u015fd\u0131rma zaman\u0131 kanala ax\u0131d\u0131lan tullant\u0131lar\u0131n yax\u0131nl\u0131qdak\u0131 &#8220;Murad Aqro&#8221; MMC qu\u015f\u00e7uluq t\u0259s\u0259rr\u00fcfat\u0131 m\u00fc\u0259ssis\u0259sin\u0259 aid oldu\u011fu m\u00fc\u0259yy\u0259n edilib:<br><em>\u201cFaktla ba\u011fl\u0131 akt, protokol t\u0259rtib edilib v\u0259 m\u00fc\u0259ssis\u0259nin direktoru Maqsud \u018flizad\u0259 v\u0259zif\u0259li \u015f\u0259xs qismind\u0259 c\u0259rim\u0259 olunub\u201d.<\/em><\/p>\n\n\n\n<p>Xidm\u0259t r\u0259smisinin s\u00f6zl\u0259rin\u0259 g\u00f6r\u0259, \u00e7at\u0131\u015fmazl\u0131qlar\u0131n aradan qald\u0131r\u0131lmas\u0131 v\u0259 istehsalat zaman\u0131 formala\u015fan tullant\u0131lar\u0131n d\u00fczg\u00fcn idar\u0259 olunmas\u0131 m\u0259qs\u0259dil\u0259 m\u00fc\u0259ssis\u0259 r\u0259hb\u0259rin\u0259 m\u0259cburi g\u00f6st\u0259ri\u015f verilib.<\/p>\n","protected":false},"excerpt":{"rendered":"<p>M\u0259h\u0259ll\u0259 sakinl\u0259ri deyir ki, fabrikin kanalizasiya sular\u0131 \u0259raziy\u0259 ax\u0131d\u0131l\u0131r \u201cBu &#8230; <\/p>\n<p class=\"read-more-container\"><a title=\"Sumqay\u0131tl\u0131lar: \u201cZibilin iyind\u0259n k\u00fc\u00e7\u0259d\u0259n ke\u00e7m\u0259k olmur\u201d\" class=\"read-more button\" href=\"https:\/\/www.meydan.tv\/az\/article\/sumqayitlilar-zibilin-iyinden-kuceden-kecmek-olmur\/#more-273026\" aria-label=\"Read more about Sumqay\u0131tl\u0131lar: \u201cZibilin iyind\u0259n k\u00fc\u00e7\u0259d\u0259n ke\u00e7m\u0259k olmur\u201d\">Davam\u0131<\/a><\/p>\n","protected":false},"author":8,"featured_media":273023,"comment_status":"closed","ping_status":"closed","sticky":false,"template":"","format":"standard","meta":{"_acf_changed":false,"_sitemap_exclude":false,"_sitemap_priority":"","_sitemap_frequency":"","footnotes":""},"categories":[60,56],"tags":[],"class_list":["post-273026","post","type-post","status-publish","format-standard","has-post-thumbnail","hentry","category-bolge","category-xeberler","infinite-scroll-item","generate-columns","tablet-grid-50","mobile-grid-100","grid-parent","grid-33","no-featured-image-padding"],"acf":[],"yoast_head":"<!-- This site is optimized with the Yoast SEO plugin v27.5 - https:\/\/yoast.com\/product\/yoast-seo-wordpress\/ -->\n<title>Sumqay\u0131tl\u0131lar: \u201cZibilin iyind\u0259n k\u00fc\u00e7\u0259d\u0259n ke\u00e7m\u0259k olmur\u201d - MEYDAN.TV<\/title>\n<meta name=\"robots\" content=\"index, follow, max-snippet:-1, max-image-preview:large, max-video-preview:-1\" \/>\n<link rel=\"canonical\" href=\"https:\/\/www.meydan.tv\/az\/article\/sumqayitlilar-zibilin-iyinden-kuceden-kecmek-olmur\/\" \/>\n<meta property=\"og:locale\" content=\"az_AZ\" \/>\n<meta property=\"og:type\" content=\"article\" \/>\n<meta property=\"og:title\" content=\"Sumqay\u0131tl\u0131lar: \u201cZibilin iyind\u0259n k\u00fc\u00e7\u0259d\u0259n ke\u00e7m\u0259k olmur\u201d - MEYDAN.TV\" \/>\n<meta property=\"og:description\" content=\"M\u0259h\u0259ll\u0259 sakinl\u0259ri deyir ki, fabrikin kanalizasiya sular\u0131 \u0259raziy\u0259 ax\u0131d\u0131l\u0131r \u201cBu ... Davam\u0131\" \/>\n<meta property=\"og:url\" content=\"https:\/\/www.meydan.tv\/az\/article\/sumqayitlilar-zibilin-iyinden-kuceden-kecmek-olmur\/\" \/>\n<meta property=\"og:site_name\" content=\"MEYDAN.TV\" \/>\n<meta property=\"article:published_time\" content=\"2023-04-17T08:55:05+00:00\" \/>\n<meta property=\"article:modified_time\" content=\"2023-04-17T08:55:08+00:00\" \/>\n<meta property=\"og:image\" content=\"https:\/\/www.meydan.tv\/wp-content\/uploads\/5c6df39a-b4d8-4ea8-96bb-1ceae3bdf1aa.jpg\" \/>\n\t<meta property=\"og:image:width\" content=\"1140\" \/>\n\t<meta property=\"og:image:height\" content=\"684\" \/>\n\t<meta property=\"og:image:type\" content=\"image\/jpeg\" \/>\n<meta name=\"author\" content=\"elli\" \/>\n<meta name=\"twitter:card\" content=\"summary_large_image\" \/>\n<meta name=\"twitter:creator\" content=\"@elli\" \/>\n<script type=\"application\/ld+json\" class=\"yoast-schema-graph\">{\"@context\":\"https:\\\/\\\/schema.org\",\"@graph\":[{\"@type\":\"Article\",\"@id\":\"https:\\\/\\\/www.meydan.tv\\\/az\\\/article\\\/sumqayitlilar-zibilin-iyinden-kuceden-kecmek-olmur\\\/#article\",\"isPartOf\":{\"@id\":\"https:\\\/\\\/www.meydan.tv\\\/az\\\/article\\\/sumqayitlilar-zibilin-iyinden-kuceden-kecmek-olmur\\\/\"},\"author\":{\"name\":\"elli\",\"@id\":\"https:\\\/\\\/www.meydan.tv\\\/az\\\/#\\\/schema\\\/person\\\/9cdbecf90d17180ce1dfbd95b08dcf47\"},\"headline\":\"Sumqay\u0131tl\u0131lar: \u201cZibilin iyind\u0259n k\u00fc\u00e7\u0259d\u0259n ke\u00e7m\u0259k olmur\u201d\",\"datePublished\":\"2023-04-17T08:55:05+00:00\",\"dateModified\":\"2023-04-17T08:55:08+00:00\",\"mainEntityOfPage\":{\"@id\":\"https:\\\/\\\/www.meydan.tv\\\/az\\\/article\\\/sumqayitlilar-zibilin-iyinden-kuceden-kecmek-olmur\\\/\"},\"wordCount\":587,\"publisher\":{\"@id\":\"https:\\\/\\\/www.meydan.tv\\\/az\\\/#organization\"},\"image\":{\"@id\":\"https:\\\/\\\/www.meydan.tv\\\/az\\\/article\\\/sumqayitlilar-zibilin-iyinden-kuceden-kecmek-olmur\\\/#primaryimage\"},\"thumbnailUrl\":\"https:\\\/\\\/www.meydan.tv\\\/wp-content\\\/uploads\\\/5c6df39a-b4d8-4ea8-96bb-1ceae3bdf1aa.jpg\",\"articleSection\":[\"B\u00f6lg\u0259\",\"X\u0259b\u0259rl\u0259r\"],\"inLanguage\":\"az\"},{\"@type\":\"WebPage\",\"@id\":\"https:\\\/\\\/www.meydan.tv\\\/az\\\/article\\\/sumqayitlilar-zibilin-iyinden-kuceden-kecmek-olmur\\\/\",\"url\":\"https:\\\/\\\/www.meydan.tv\\\/az\\\/article\\\/sumqayitlilar-zibilin-iyinden-kuceden-kecmek-olmur\\\/\",\"name\":\"Sumqay\u0131tl\u0131lar: \u201cZibilin iyind\u0259n k\u00fc\u00e7\u0259d\u0259n ke\u00e7m\u0259k olmur\u201d - MEYDAN.TV\",\"isPartOf\":{\"@id\":\"https:\\\/\\\/www.meydan.tv\\\/az\\\/#website\"},\"primaryImageOfPage\":{\"@id\":\"https:\\\/\\\/www.meydan.tv\\\/az\\\/article\\\/sumqayitlilar-zibilin-iyinden-kuceden-kecmek-olmur\\\/#primaryimage\"},\"image\":{\"@id\":\"https:\\\/\\\/www.meydan.tv\\\/az\\\/article\\\/sumqayitlilar-zibilin-iyinden-kuceden-kecmek-olmur\\\/#primaryimage\"},\"thumbnailUrl\":\"https:\\\/\\\/www.meydan.tv\\\/wp-content\\\/uploads\\\/5c6df39a-b4d8-4ea8-96bb-1ceae3bdf1aa.jpg\",\"datePublished\":\"2023-04-17T08:55:05+00:00\",\"dateModified\":\"2023-04-17T08:55:08+00:00\",\"breadcrumb\":{\"@id\":\"https:\\\/\\\/www.meydan.tv\\\/az\\\/article\\\/sumqayitlilar-zibilin-iyinden-kuceden-kecmek-olmur\\\/#breadcrumb\"},\"inLanguage\":\"az\",\"potentialAction\":[{\"@type\":\"ReadAction\",\"target\":[\"https:\\\/\\\/www.meydan.tv\\\/az\\\/article\\\/sumqayitlilar-zibilin-iyinden-kuceden-kecmek-olmur\\\/\"]}]},{\"@type\":\"ImageObject\",\"inLanguage\":\"az\",\"@id\":\"https:\\\/\\\/www.meydan.tv\\\/az\\\/article\\\/sumqayitlilar-zibilin-iyinden-kuceden-kecmek-olmur\\\/#primaryimage\",\"url\":\"https:\\\/\\\/www.meydan.tv\\\/wp-content\\\/uploads\\\/5c6df39a-b4d8-4ea8-96bb-1ceae3bdf1aa.jpg\",\"contentUrl\":\"https:\\\/\\\/www.meydan.tv\\\/wp-content\\\/uploads\\\/5c6df39a-b4d8-4ea8-96bb-1ceae3bdf1aa.jpg\",\"width\":1140,\"height\":684,\"caption\":\"Foto: Meydan TV\"},{\"@type\":\"BreadcrumbList\",\"@id\":\"https:\\\/\\\/www.meydan.tv\\\/az\\\/article\\\/sumqayitlilar-zibilin-iyinden-kuceden-kecmek-olmur\\\/#breadcrumb\",\"itemListElement\":[{\"@type\":\"ListItem\",\"position\":1,\"name\":\"Ana s\u0259hif\u0259\",\"item\":\"https:\\\/\\\/www.meydan.tv\\\/az\\\/\"},{\"@type\":\"ListItem\",\"position\":2,\"name\":\"B\u00f6lg\u0259\",\"item\":\"https:\\\/\\\/www.meydan.tv\\\/az\\\/section\\\/bolge\\\/\"},{\"@type\":\"ListItem\",\"position\":3,\"name\":\"Sumqay\u0131tl\u0131lar: \u201cZibilin iyind\u0259n k\u00fc\u00e7\u0259d\u0259n ke\u00e7m\u0259k olmur\u201d\"}]},{\"@type\":\"WebSite\",\"@id\":\"https:\\\/\\\/www.meydan.tv\\\/az\\\/#website\",\"url\":\"https:\\\/\\\/www.meydan.tv\\\/az\\\/\",\"name\":\"MEYDAN.TV\",\"description\":\"Meydan TV Az\u0259rbaycan\u0131n media m\u0259kan\u0131ndak\u0131 alternativ s\u0259sidir\",\"publisher\":{\"@id\":\"https:\\\/\\\/www.meydan.tv\\\/az\\\/#organization\"},\"potentialAction\":[{\"@type\":\"SearchAction\",\"target\":{\"@type\":\"EntryPoint\",\"urlTemplate\":\"https:\\\/\\\/www.meydan.tv\\\/az\\\/?s={search_term_string}\"},\"query-input\":{\"@type\":\"PropertyValueSpecification\",\"valueRequired\":true,\"valueName\":\"search_term_string\"}}],\"inLanguage\":\"az\"},{\"@type\":\"Organization\",\"@id\":\"https:\\\/\\\/www.meydan.tv\\\/az\\\/#organization\",\"name\":\"Meydan TV\",\"url\":\"https:\\\/\\\/www.meydan.tv\\\/az\\\/\",\"logo\":{\"@type\":\"ImageObject\",\"inLanguage\":\"az\",\"@id\":\"https:\\\/\\\/www.meydan.tv\\\/az\\\/#\\\/schema\\\/logo\\\/image\\\/\",\"url\":\"https:\\\/\\\/www.meydan.tv\\\/wp-content\\\/uploads\\\/2021\\\/07\\\/meydan-logo.svg\",\"contentUrl\":\"https:\\\/\\\/www.meydan.tv\\\/wp-content\\\/uploads\\\/2021\\\/07\\\/meydan-logo.svg\",\"width\":195,\"height\":46,\"caption\":\"Meydan TV\"},\"image\":{\"@id\":\"https:\\\/\\\/www.meydan.tv\\\/az\\\/#\\\/schema\\\/logo\\\/image\\\/\"}},{\"@type\":\"Person\",\"@id\":\"https:\\\/\\\/www.meydan.tv\\\/az\\\/#\\\/schema\\\/person\\\/9cdbecf90d17180ce1dfbd95b08dcf47\",\"name\":\"elli\",\"sameAs\":[\"https:\\\/\\\/x.com\\\/elli\"]}]}<\/script>\n<!-- \/ Yoast SEO plugin. -->","yoast_head_json":{"title":"Sumqay\u0131tl\u0131lar: \u201cZibilin iyind\u0259n k\u00fc\u00e7\u0259d\u0259n ke\u00e7m\u0259k olmur\u201d - MEYDAN.TV","robots":{"index":"index","follow":"follow","max-snippet":"max-snippet:-1","max-image-preview":"max-image-preview:large","max-video-preview":"max-video-preview:-1"},"canonical":"https:\/\/www.meydan.tv\/az\/article\/sumqayitlilar-zibilin-iyinden-kuceden-kecmek-olmur\/","og_locale":"az_AZ","og_type":"article","og_title":"Sumqay\u0131tl\u0131lar: \u201cZibilin iyind\u0259n k\u00fc\u00e7\u0259d\u0259n ke\u00e7m\u0259k olmur\u201d - MEYDAN.TV","og_description":"M\u0259h\u0259ll\u0259 sakinl\u0259ri deyir ki, fabrikin kanalizasiya sular\u0131 \u0259raziy\u0259 ax\u0131d\u0131l\u0131r \u201cBu ... Davam\u0131","og_url":"https:\/\/www.meydan.tv\/az\/article\/sumqayitlilar-zibilin-iyinden-kuceden-kecmek-olmur\/","og_site_name":"MEYDAN.TV","article_published_time":"2023-04-17T08:55:05+00:00","article_modified_time":"2023-04-17T08:55:08+00:00","og_image":[{"width":1140,"height":684,"url":"https:\/\/www.meydan.tv\/wp-content\/uploads\/5c6df39a-b4d8-4ea8-96bb-1ceae3bdf1aa.jpg","type":"image\/jpeg"}],"author":"elli","twitter_card":"summary_large_image","twitter_creator":"@elli","schema":{"@context":"https:\/\/schema.org","@graph":[{"@type":"Article","@id":"https:\/\/www.meydan.tv\/az\/article\/sumqayitlilar-zibilin-iyinden-kuceden-kecmek-olmur\/#article","isPartOf":{"@id":"https:\/\/www.meydan.tv\/az\/article\/sumqayitlilar-zibilin-iyinden-kuceden-kecmek-olmur\/"},"author":{"name":"elli","@id":"https:\/\/www.meydan.tv\/az\/#\/schema\/person\/9cdbecf90d17180ce1dfbd95b08dcf47"},"headline":"Sumqay\u0131tl\u0131lar: \u201cZibilin iyind\u0259n k\u00fc\u00e7\u0259d\u0259n ke\u00e7m\u0259k olmur\u201d","datePublished":"2023-04-17T08:55:05+00:00","dateModified":"2023-04-17T08:55:08+00:00","mainEntityOfPage":{"@id":"https:\/\/www.meydan.tv\/az\/article\/sumqayitlilar-zibilin-iyinden-kuceden-kecmek-olmur\/"},"wordCount":587,"publisher":{"@id":"https:\/\/www.meydan.tv\/az\/#organization"},"image":{"@id":"https:\/\/www.meydan.tv\/az\/article\/sumqayitlilar-zibilin-iyinden-kuceden-kecmek-olmur\/#primaryimage"},"thumbnailUrl":"https:\/\/www.meydan.tv\/wp-content\/uploads\/5c6df39a-b4d8-4ea8-96bb-1ceae3bdf1aa.jpg","articleSection":["B\u00f6lg\u0259","X\u0259b\u0259rl\u0259r"],"inLanguage":"az"},{"@type":"WebPage","@id":"https:\/\/www.meydan.tv\/az\/article\/sumqayitlilar-zibilin-iyinden-kuceden-kecmek-olmur\/","url":"https:\/\/www.meydan.tv\/az\/article\/sumqayitlilar-zibilin-iyinden-kuceden-kecmek-olmur\/","name":"Sumqay\u0131tl\u0131lar: \u201cZibilin iyind\u0259n k\u00fc\u00e7\u0259d\u0259n ke\u00e7m\u0259k olmur\u201d - MEYDAN.TV","isPartOf":{"@id":"https:\/\/www.meydan.tv\/az\/#website"},"primaryImageOfPage":{"@id":"https:\/\/www.meydan.tv\/az\/article\/sumqayitlilar-zibilin-iyinden-kuceden-kecmek-olmur\/#primaryimage"},"image":{"@id":"https:\/\/www.meydan.tv\/az\/article\/sumqayitlilar-zibilin-iyinden-kuceden-kecmek-olmur\/#primaryimage"},"thumbnailUrl":"https:\/\/www.meydan.tv\/wp-content\/uploads\/5c6df39a-b4d8-4ea8-96bb-1ceae3bdf1aa.jpg","datePublished":"2023-04-17T08:55:05+00:00","dateModified":"2023-04-17T08:55:08+00:00","breadcrumb":{"@id":"https:\/\/www.meydan.tv\/az\/article\/sumqayitlilar-zibilin-iyinden-kuceden-kecmek-olmur\/#breadcrumb"},"inLanguage":"az","potentialAction":[{"@type":"ReadAction","target":["https:\/\/www.meydan.tv\/az\/article\/sumqayitlilar-zibilin-iyinden-kuceden-kecmek-olmur\/"]}]},{"@type":"ImageObject","inLanguage":"az","@id":"https:\/\/www.meydan.tv\/az\/article\/sumqayitlilar-zibilin-iyinden-kuceden-kecmek-olmur\/#primaryimage","url":"https:\/\/www.meydan.tv\/wp-content\/uploads\/5c6df39a-b4d8-4ea8-96bb-1ceae3bdf1aa.jpg","contentUrl":"https:\/\/www.meydan.tv\/wp-content\/uploads\/5c6df39a-b4d8-4ea8-96bb-1ceae3bdf1aa.jpg","width":1140,"height":684,"caption":"Foto: Meydan TV"},{"@type":"BreadcrumbList","@id":"https:\/\/www.meydan.tv\/az\/article\/sumqayitlilar-zibilin-iyinden-kuceden-kecmek-olmur\/#breadcrumb","itemListElement":[{"@type":"ListItem","position":1,"name":"Ana s\u0259hif\u0259","item":"https:\/\/www.meydan.tv\/az\/"},{"@type":"ListItem","position":2,"name":"B\u00f6lg\u0259","item":"https:\/\/www.meydan.tv\/az\/section\/bolge\/"},{"@type":"ListItem","position":3,"name":"Sumqay\u0131tl\u0131lar: \u201cZibilin iyind\u0259n k\u00fc\u00e7\u0259d\u0259n ke\u00e7m\u0259k olmur\u201d"}]},{"@type":"WebSite","@id":"https:\/\/www.meydan.tv\/az\/#website","url":"https:\/\/www.meydan.tv\/az\/","name":"MEYDAN.TV","description":"Meydan TV Az\u0259rbaycan\u0131n media m\u0259kan\u0131ndak\u0131 alternativ s\u0259sidir","publisher":{"@id":"https:\/\/www.meydan.tv\/az\/#organization"},"potentialAction":[{"@type":"SearchAction","target":{"@type":"EntryPoint","urlTemplate":"https:\/\/www.meydan.tv\/az\/?s={search_term_string}"},"query-input":{"@type":"PropertyValueSpecification","valueRequired":true,"valueName":"search_term_string"}}],"inLanguage":"az"},{"@type":"Organization","@id":"https:\/\/www.meydan.tv\/az\/#organization","name":"Meydan TV","url":"https:\/\/www.meydan.tv\/az\/","logo":{"@type":"ImageObject","inLanguage":"az","@id":"https:\/\/www.meydan.tv\/az\/#\/schema\/logo\/image\/","url":"https:\/\/www.meydan.tv\/wp-content\/uploads\/2021\/07\/meydan-logo.svg","contentUrl":"https:\/\/www.meydan.tv\/wp-content\/uploads\/2021\/07\/meydan-logo.svg","width":195,"height":46,"caption":"Meydan TV"},"image":{"@id":"https:\/\/www.meydan.tv\/az\/#\/schema\/logo\/image\/"}},{"@type":"Person","@id":"https:\/\/www.meydan.tv\/az\/#\/schema\/person\/9cdbecf90d17180ce1dfbd95b08dcf47","name":"elli","sameAs":["https:\/\/x.com\/elli"]}]}},"_links":{"self":[{"href":"https:\/\/www.meydan.tv\/az\/wp-json\/wp\/v2\/posts\/273026","targetHints":{"allow":["GET"]}}],"collection":[{"href":"https:\/\/www.meydan.tv\/az\/wp-json\/wp\/v2\/posts"}],"about":[{"href":"https:\/\/www.meydan.tv\/az\/wp-json\/wp\/v2\/types\/post"}],"author":[{"embeddable":true,"href":"https:\/\/www.meydan.tv\/az\/wp-json\/wp\/v2\/users\/8"}],"replies":[{"embeddable":true,"href":"https:\/\/www.meydan.tv\/az\/wp-json\/wp\/v2\/comments?post=273026"}],"version-history":[{"count":1,"href":"https:\/\/www.meydan.tv\/az\/wp-json\/wp\/v2\/posts\/273026\/revisions"}],"predecessor-version":[{"id":273027,"href":"https:\/\/www.meydan.tv\/az\/wp-json\/wp\/v2\/posts\/273026\/revisions\/273027"}],"wp:featuredmedia":[{"embeddable":true,"href":"https:\/\/www.meydan.tv\/az\/wp-json\/wp\/v2\/media\/273023"}],"wp:attachment":[{"href":"https:\/\/www.meydan.tv\/az\/wp-json\/wp\/v2\/media?parent=273026"}],"wp:term":[{"taxonomy":"category","embeddable":true,"href":"https:\/\/www.meydan.tv\/az\/wp-json\/wp\/v2\/categories?post=273026"},{"taxonomy":"post_tag","embeddable":true,"href":"https:\/\/www.meydan.tv\/az\/wp-json\/wp\/v2\/tags?post=273026"}],"curies":[{"name":"wp","href":"https:\/\/api.w.org\/{rel}","templated":true}]}}