{"id":272959,"date":"2023-04-15T18:35:17","date_gmt":"2023-04-15T14:35:17","guid":{"rendered":"https:\/\/www.meydan.tv\/?p=272959"},"modified":"2023-04-15T18:35:20","modified_gmt":"2023-04-15T14:35:20","slug":"14-aprel-mektublari","status":"publish","type":"post","link":"https:\/\/www.meydan.tv\/az\/article\/14-aprel-mektublari\/","title":{"rendered":"14 aprel m\u0259ktublar\u0131&#8230;"},"content":{"rendered":"\n<p><\/p>\n\n\n\n<p><em><strong>Yaxud Leninin \u201cAprel tezisl\u0259ri\u201dn\u0259 s\u00f6zard\u0131<\/strong><\/em><\/p>\n\n\n\n<p><strong>R\u00f6v\u015f\u0259n Hac\u0131b\u0259yli<\/strong><\/p>\n\n\n\n<p>Aprel ay\u0131 \u201cproletariat\u0131n dahi r\u0259hb\u0259ri\u201d Leninin ad\u0131yla ba\u011fl\u0131d\u0131r: bu ayda do\u011fulub, bu ay\u0131n 3-d\u0259 m\u00fchacir\u0259td\u0259n Rusiyaya qay\u0131d\u0131b, 4-d\u0259 \u201cAprel tezisl\u0259ri\u201d ad\u0131 il\u0259 m\u0259\u015fhurla\u015fan \u00e7\u0131x\u0131\u015f\u0131n\u0131 edib. Bol\u015fevikl\u0259r \u2013 Leninin silahda\u015flar\u0131 da Az\u0259rbaycan\u0131 bu ayda i\u015f\u011fal edib. 32 il qabaq m\u00fcst\u0259qillik qazansaq da, Lenin v\u0259 silahda\u015flar\u0131n\u0131n qurdu\u011fu d\u00f6vl\u0259t tarixin arxivin\u0259 g\u00f6nd\u0259rils\u0259 d\u0259, onun b\u0259zi \u0259n\u0259n\u0259l\u0259ri Az\u0259rbaycanda h\u0259l\u0259 d\u0259 ya\u015fay\u0131r. Bu da s\u0259b\u0259bsiz deyil, bol\u015fevik t\u00f6r-t\u00f6k\u00fcnt\u00fcl\u0259rinin yadigarlar\u0131 bu g\u00fcn d\u0259 s\u0259lahiyy\u0259t yiy\u0259sidir&#8230;<\/p>\n\n\n\n<p>Geni\u015f m\u00fczakir\u0259 m\u00f6vzusuna \u00e7evril\u0259n N\u0259riman N\u0259rimanovun da bu ayda xat\u0131rlanmas\u0131, g\u00f6r\u00fcn\u00fcr, t\u0259sad\u00fcf deyil. Bil\u0259n d\u0259, bilm\u0259y\u0259n d\u0259 \u00f6z\u00fcn\u00fc qaba\u011fa verib bu m\u00fczakir\u0259l\u0259rl\u0259 ba\u011fl\u0131 s\u00f6z dem\u0259y\u0259 \u00e7al\u0131\u015f\u0131r. T\u0259hl\u00fck\u0259siz m\u00fczakir\u0259dir ax\u0131. Az\u0259rbaycanda tarixi \u015f\u0259xsiyy\u0259tl\u0259rl\u0259 ba\u011fl\u0131 zaman-zaman bel\u0259 m\u00fczakir\u0259l\u0259r olur, ba\u015fl\u0131cas\u0131 da burada m\u0259qs\u0259d yaln\u0131z bir n\u0259f\u0259ri \u00f6lk\u0259 tarixind\u0259 \u015f\u0259xsiyy\u0259t kimi ham\u0131dan qaba\u011fa \u00e7\u0131xarmaqd\u0131r. Bu il 100 illiyi il ba\u015flamam\u0131\u015fdan qeyd olunan Heyd\u0259r \u018fliyev \u00f6z\u00fc \u00e7\u0131x\u0131\u015flar\u0131n\u0131n birind\u0259 demi\u015fdi: \u201cKim olub M\u0259h\u0259mm\u0259d\u0259min?\u201d T\u0259kc\u0259 bu ki\u00e7ik sual\u0131 \u00f6z\u00fcn\u00fc b\u00f6y\u00fck tarix\u00e7i sayanlar o vaxt onlara \u00fcnvanlanm\u0131\u015f mesaj kimi d\u0259y\u0259rl\u0259ndirib an\u0131ndaca milli lider M\u0259h\u0259mm\u0259d\u0259min R\u0259sulzad\u0259y\u0259 h\u00fccuma ke\u00e7dil\u0259r. \u0130ndi, 100 illik \u0259r\u0259f\u0259sind\u0259, n\u00f6vb\u0259 N\u0259riman N\u0259rimanova \u00e7at\u0131b. G\u00f6r\u00fcn\u00fcr, M\u0259h\u0259mm\u0259d\u0259min R\u0259sulzad\u0259 il\u0259 ba\u011fl\u0131 m\u0259s\u0259l\u0259ni ya h\u0259ll etdikl\u0259rini d\u00fc\u015f\u00fcn\u00fcrl\u0259r, ya da \u00f6z\u00fcn\u0259 \u00fcr\u0259kl\u0259rd\u0259 abid\u0259 ucaltm\u0131\u015f ki\u015fi il\u0259 sava\u015f\u0131n yel d\u0259yirman\u0131 il\u0259 sava\u015f effekti verdiyini anlay\u0131blar&#8230;<\/p>\n\n\n\n<p>Bu g\u00fcnl\u0259rd\u0259 \u0130TV-nin \u201cSabaha saxlamayaq\u201d verili\u015fi d\u0259 N\u0259rimanov m\u00f6vzusuna h\u0259sr olunmu\u015fdu. Tarix\u00e7i deyil\u0259m, o d\u00f6vr\u00fc ara\u015fd\u0131rmam\u0131\u015fam, d\u00fc\u015f\u00fcn\u00fcr\u0259m ki, bu m\u0259s\u0259l\u0259d\u0259 Yaqub Mahmudov, Musa Qas\u0131ml\u0131 v\u0259 bu kimi hakimiyy\u0259tin t\u0259bli\u011fat\u0131n\u0131 pe\u015f\u0259 se\u00e7\u0259n tarix\u00e7il\u0259r yox, m\u00fcst\u0259qil, h\u0259qiq\u0259ti dem\u0259kd\u0259n \u00e7\u0259kinm\u0259y\u0259n tarix\u00e7il\u0259rin fikri dinl\u0259nilm\u0259li, m\u00fczakir\u0259 olunmal\u0131d\u0131r(ad\u0131n\u0131 \u00e7\u0259kdiyim tarix\u00e7il\u0259r o verili\u015fd\u0259 yox idi, ancaq onlar R\u0259sulzad\u0259 m\u0259s\u0259l\u0259sind\u0259 sin\u0259l\u0259rini qaba\u011fa vermi\u015fdil\u0259r). \u00c7ox da uzaq olmayan tarixd\u0259 &#8211; 2020-ci ild\u0259 ruslar\u0131 parlamentd\u0259n icaz\u0259siz Qaraba\u011fa g\u0259tir\u0259n d\u00f6vl\u0259t ba\u015f\u00e7\u0131s\u0131na bu g\u00fcn sual verm\u0259k c\u0259sar\u0259ti olmayanlar 100 il qabaq N\u0259rimanovun bol\u015fevikl\u0259r\u0259 qo\u015fulub Az\u0259rbaycanda sovet hakimiyy\u0259ti qurmas\u0131na g\u00f6r\u0259 ona divan tutur. Baxmayaraq ki, N\u0259rimanov aldad\u0131ld\u0131\u011f\u0131n\u0131 tez ba\u015fa d\u00fc\u015fm\u00fc\u015f, hakimiyy\u0259td\u0259 olanlara s\u00f6z\u00fcn\u00fc el\u0259 o vaxt demi\u015fdi&#8230;<\/p>\n\n\n\n<p>Tarixl\u0259 tarix\u00e7il\u0259r m\u0259\u015f\u011ful olsun, bizs\u0259 bug\u00fcn\u00fcm\u00fcz\u0259 &#8211; 100 il qaba\u011f\u0131n aprelind\u0259n XXI \u0259srin aprelin\u0259 qay\u0131daq.<\/p>\n\n\n\n<p><strong>Aprel t\u0259ltifl\u0259ri<\/strong><\/p>\n\n\n\n<p>Aprelin 11-d\u0259 &#8211; eyni g\u00fcnd\u0259 Prezident \u0130lham \u018fliyev 4 n\u0259f\u0259rl\u0259 ba\u011fl\u0131 s\u0259r\u0259ncam imzalay\u0131b, sa\u011f olsunlar, o 4 n\u0259f\u0259r d\u0259 s\u00f6zl\u0259\u015fibmi\u015f kimi el\u0259 eyni g\u00fcnd\u0259 &#8211; aprelin 14-d\u0259 prezident\u0259 t\u0259\u015f\u0259kk\u00fcr m\u0259ktubu yaz\u0131b. \u00c7oxuna b\u0259llidir ki, prezident sayt\u0131na yaz\u0131lan m\u0259ktublarda m\u0259tnin h\u0259ddi m\u00fc\u0259yy\u0259nl\u0259\u015fib, qabaqlar bu h\u0259dd 1500 i\u015far\u0259 idi, son ill\u0259r is\u0259 onu 500 i\u015far\u0259y\u0259 endiribl\u0259r. Ondan art\u0131q yazmaq m\u00fcmk\u00fcn deyil, art\u0131q 1 i\u015far\u0259 bel\u0259 q\u0259bul olunmur, ancaq maraql\u0131d\u0131r ki, bu h\u0259dd tan\u0131nm\u0131\u015f adamlara aid deyil, onlar \u00fc\u00e7\u00fcn i\u015far\u0259 limiti yoxdur.<\/p>\n\n\n\n<p>Sayt\u0131n o b\u00f6lm\u0259sini proqramla\u015fd\u0131ranlara ya\u011fl\u0131 bir \u201c\u018fHS\u018fN\u201d d\u00fc\u015f\u00fcr, nec\u0259 edibl\u0259rs\u0259, proqram sad\u0259, kas\u0131b v\u0259t\u0259nda\u015fla v\u0259zif\u0259li, imkanl\u0131 adam\u0131, deputat\u0131, h\u0259tta ke\u00e7mi\u015f naziri bel\u0259 se\u00e7ib ay\u0131ra bilir. M\u0259ktublardan g\u00f6r\u0259c\u0259ksiz:<\/p>\n\n\n\n<p>1-ci d\u0259r\u0259c\u0259li \u201cV\u0259t\u0259n\u0259 xidm\u0259t\u0259 g\u00f6r\u0259\u201d ordenli Aqil Abbas: \u201cM\u00f6ht\u0259r\u0259m c\u0259nab Prezident, m\u0259n bu m\u00fckafat\u0131 t\u0259k \u00f6z\u00fcm\u0259 deyil, b\u00fct\u00fcn qaraba\u011fl\u0131lara verilmi\u015f bir m\u00fckafat kimi qiym\u0259tl\u0259ndirir\u0259m\u201d.<\/p>\n\n\n\n<p>M\u0259ktubdan ki\u00e7ik sitat sizi \u00e7a\u015fd\u0131rmas\u0131n, ba\u015fqalar\u0131 \u00fc\u00e7\u00fcn prezidentin sayt\u0131nda limit 500 i\u015far\u0259dir, ancaq Aqil m\u00fc\u0259llimin \u00e7oxillik deputatl\u0131q f\u0259aliyy\u0259ti, yaz\u0131\u00e7\u0131-jurnalist, M\u0259mm\u0259d Araz ail\u0259sinin \u00fczv\u00fc olma\u011f\u0131 n\u0259z\u0259r\u0259 al\u0131n\u0131b, onun m\u0259ktubunun m\u0259tni 2565 i\u015far\u0259dir.<\/p>\n\n\n\n<p>H\u00f6rm\u0259tli qaraba\u011fl\u0131lar, arada ordeninizi al\u0131b d\u00f6\u015f\u00fcn\u00fcz\u0259 tax\u0131n, halal haqq\u0131n\u0131zd\u0131r!<\/p>\n\n\n\n<p>1-ci d\u0259r\u0259c\u0259li \u201cV\u0259t\u0259n\u0259 xidm\u0259t\u0259 g\u00f6r\u0259\u201d ordenli Novruz Aslan: \u201cF\u0259aliyy\u0259tim\u0259 veril\u0259n bu y\u00fcks\u0259k d\u00f6vl\u0259t m\u00fckafat\u0131, eyni zamanda, deputat olaraq t\u0259msil etdiyim \u0130smay\u0131ll\u0131 rayon sakinl\u0259rin\u0259 v\u0259 r\u0259hb\u0259rlik etdiyim Az\u0259rbaycan Q\u0131z\u0131l Aypara C\u0259miyy\u0259tinin on minl\u0259rl\u0259 \u00fczv\u00fcn\u0259 v\u0259 k\u00f6n\u00fcll\u00fcl\u0259rin\u0259 veril\u0259n d\u0259y\u0259r kimi q\u0259bul edilir\u201d.<\/p>\n\n\n\n<p>B\u00fct\u00fcn sah\u0259l\u0259rd\u0259 \u00f6z\u00fcn\u00fc s\u0131nayan Novruz Aslan ordeni d\u0259 o sah\u0259l\u0259rd\u0259 \u00e7al\u0131\u015fan adamlar\u0131n, se\u00e7icil\u0259rinin ad\u0131na ald\u0131\u011f\u0131n\u0131 deyir, ancaq bu hesabla ordeni yaxas\u0131na taxmaq Novruz m\u00fc\u0259llim\u0259 qism\u0259t olmayacaq, Q\u0131z\u0131l Ayparan\u0131n on minl\u0259rl\u0259 \u00fczv\u00fc, k\u00f6n\u00fcll\u00fcl\u0259r, 20 il\u0259 yax\u0131nd\u0131r deputat mandat\u0131n\u0131 ald\u0131\u011f\u0131 \u0130smay\u0131ll\u0131 sakinl\u0259ri&#8230; Onun da xidm\u0259t ill\u0259ri n\u0259z\u0259r\u0259 al\u0131n\u0131b, yazd\u0131\u011f\u0131 m\u0259ktubun m\u0259tni 3456 i\u015far\u0259dir.<\/p>\n\n\n\n<p>Q\u0131z\u0131l Aypara \u00fczvl\u0259ri, k\u00f6n\u00fcll\u00fcl\u0259r, \u0130smay\u0131ll\u0131 camaat\u0131, ordeniniz\u0259 sahib \u00e7\u0131x\u0131n.<\/p>\n\n\n\n<p>\u201c\u015e\u0259r\u0259f\u201d ordenli \u018fli H\u0259s\u0259nov: \u201cSiz vaxtil\u0259 10 milyondan da az \u0259halisi olan \u00f6lk\u0259d\u0259 1 milyonad\u0259k qa\u00e7q\u0131n v\u0259 ke\u00e7mi\u015f m\u0259cburi k\u00f6\u00e7k\u00fcnl\u0259rin idar\u0259 olunmas\u0131 v\u0259 onlar\u0131n sosial probleml\u0259rinin h\u0259llind\u0259 u\u011furlu nailiyy\u0259tl\u0259r \u0259ld\u0259 ed\u0259r\u0259k yeni Az\u0259rbaycan modelini v\u0259 \u0130lham \u018fliyev brendini d\u00fcnyaya t\u0259qdim etdiniz. Bu g\u00fcn bir \u00e7ox \u00f6lk\u0259l\u0259r bu sah\u0259d\u0259 Sizin t\u0259cr\u00fcb\u0259nizd\u0259n b\u0259hr\u0259l\u0259nir, hans\u0131 ki, 500 milyonluq Avropa \u00f6lk\u0259l\u0259rinin r\u0259hb\u0259rl\u0259ri bir milyon miqrant\u0131n idar\u0259 olunmas\u0131nda aciz qalm\u0131\u015fd\u0131lar\u201d.<\/p>\n\n\n\n<p>\u201cQa\u00e7q\u0131nkom\u201d Az\u0259rbaycan\u0131n \u0259n korrupsioner qurumlar\u0131ndan biridir, \u018fli H\u0259s\u0259nov bu komit\u0259y\u0259 20 il r\u0259hb\u0259rlik edib. Nec\u0259 r\u0259hb\u0259rlik etdiyi, bu qurumda korrupsiyan\u0131n hans\u0131 miqyasda oldu\u011fu \u0259n az\u0131 1 milyonad\u0259k qa\u00e7q\u0131na b\u0259llidir. \u201c\u015e\u0259r\u0259f\u201d ordeni bunu nec\u0259 ruhland\u0131r\u0131bsa, qa\u00e7q\u0131nlar\u0131n idar\u0259 olunmas\u0131n\u0131, sosial probleml\u0259rinin h\u0259llini \u201c\u0130lham \u018fliyev brendi\u201d adland\u0131r\u0131r, Avropaya \u00f6rn\u0259k g\u00f6st\u0259rir&#8230; 20 il g\u0259lirli bir komit\u0259nin s\u0259dri olmaq siz\u0259 zarafat g\u0259lm\u0259sin, orden alan 4 n\u0259f\u0259rin i\u00e7ind\u0259 \u0259n uzun m\u0259ktub ondan g\u0259lib, \u018fli H\u0259s\u0259novun m\u0259ktubunun m\u0259tni 5317 i\u015far\u0259dir. Limiti c\u0259mi 4817 i\u015far\u0259 a\u015f\u0131b&#8230;<\/p>\n\n\n\n<p>\u201c\u015e\u0259r\u0259f\u201d ordenli Cavan\u015fir Pa\u015fazad\u0259: \u201cSizi \u0259min edir\u0259m ki, r\u0259hb\u0259rlik etdiyiniz Yeni Az\u0259rbaycan Partiyas\u0131n\u0131n m\u0259n\u0259 etimad\u0131n\u0131 \u00f6z f\u0259aliyy\u0259timd\u0259 h\u0259r zaman layiqinc\u0259 do\u011fruldaca\u011fam. \u015e\u0259xsim, m\u0259nsub oldu\u011fum Pa\u015fazad\u0259l\u0259r ail\u0259si Ulu \u00d6nd\u0259r Heyd\u0259r \u018fliyevin Az\u0259rbaycan\u0131n m\u00fcst\u0259qilliyinin m\u00f6hk\u0259ml\u0259ndirilm\u0259si v\u0259 t\u0259r\u0259qqisi namin\u0259 siyasi kursunun v\u0259 Zati-alinizin Az\u0259rbaycan u\u011frunda \u015fanl\u0131 d\u00f6vl\u0259t\u00e7ilik yolunun s\u0259daq\u0259tli \u0259sg\u0259rl\u0259riyik\u201d.<\/p>\n\n\n\n<p>M\u0259ktubun m\u0259tni 2197 i\u015far\u0259dir.<\/p>\n\n\n\n<p>S\u0259f\u0259rb\u0259rlik v\u0259 H\u0259rbi Xidm\u0259t\u0259 \u00c7a\u011f\u0131r\u0131\u015f \u00fczr\u0259 D\u00f6vl\u0259t Xidm\u0259ti, \u0259sg\u0259rl\u0259rinizi uy\u011fun h\u0259rbi hiss\u0259l\u0259r\u0259 yerl\u0259\u015fdirin, ancaq h\u0259rbi hiss\u0259nin n\u00f6mr\u0259sini gizli saxlay\u0131n&#8230;<\/p>\n\n\n\n<p>Aprel h\u0259m d\u0259 h\u0259rbi xidm\u0259t\u0259 \u00e7a\u011f\u0131r\u0131\u015f ay\u0131d\u0131r&#8230;<\/p>\n\n\n\n<p><strong>P.S.<\/strong><em>Bu adamlar\u0131n apreld\u0259 t\u0259ltif olunmas\u0131 t\u0259sad\u00fcf deyil, onlar ham\u0131s\u0131 ke\u00e7mi\u015f kommunistl\u0259rdir.<\/em><\/p>\n\n\n\n<p><strong>P.P.S.<\/strong><em>N\u0259 hikm\u0259tdirs\u0259, \u0130lham \u018fliyevin n\u00f6vb\u0259d\u0259nk\u0259nar prezident se\u00e7kisi d\u0259 apreld\u0259 &#8211; 2018-ci il aprelin 11-d\u0259 olmu\u015fdu&#8230;<\/em><\/p>\n","protected":false},"excerpt":{"rendered":"<p>Yaxud Leninin \u201cAprel tezisl\u0259ri\u201dn\u0259 s\u00f6zard\u0131 R\u00f6v\u015f\u0259n Hac\u0131b\u0259yli Aprel ay\u0131 \u201cproletariat\u0131n &#8230; <\/p>\n<p class=\"read-more-container\"><a title=\"14 aprel m\u0259ktublar\u0131&#8230;\" class=\"read-more button\" href=\"https:\/\/www.meydan.tv\/az\/article\/14-aprel-mektublari\/#more-272959\" aria-label=\"Read more about 14 aprel m\u0259ktublar\u0131&#8230;\">Davam\u0131<\/a><\/p>\n","protected":false},"author":8,"featured_media":125837,"comment_status":"closed","ping_status":"closed","sticky":false,"template":"","format":"standard","meta":{"_acf_changed":false,"_sitemap_exclude":false,"_sitemap_priority":"","_sitemap_frequency":"","footnotes":""},"categories":[57],"tags":[],"class_list":["post-272959","post","type-post","status-publish","format-standard","has-post-thumbnail","hentry","category-menim-fikrimce","infinite-scroll-item","generate-columns","tablet-grid-50","mobile-grid-100","grid-parent","grid-33","no-featured-image-padding"],"acf":[],"yoast_head":"<!-- This site is optimized with the Yoast SEO plugin v27.4 - https:\/\/yoast.com\/product\/yoast-seo-wordpress\/ -->\n<title>14 aprel m\u0259ktublar\u0131... - MEYDAN.TV<\/title>\n<meta name=\"robots\" content=\"index, follow, max-snippet:-1, max-image-preview:large, max-video-preview:-1\" \/>\n<link rel=\"canonical\" href=\"https:\/\/www.meydan.tv\/az\/article\/14-aprel-mektublari\/\" \/>\n<meta property=\"og:locale\" content=\"az_AZ\" \/>\n<meta property=\"og:type\" content=\"article\" \/>\n<meta property=\"og:title\" content=\"14 aprel m\u0259ktublar\u0131... - MEYDAN.TV\" \/>\n<meta property=\"og:description\" content=\"Yaxud Leninin \u201cAprel tezisl\u0259ri\u201dn\u0259 s\u00f6zard\u0131 R\u00f6v\u015f\u0259n Hac\u0131b\u0259yli Aprel ay\u0131 \u201cproletariat\u0131n ... Davam\u0131\" \/>\n<meta property=\"og:url\" content=\"https:\/\/www.meydan.tv\/az\/article\/14-aprel-mektublari\/\" \/>\n<meta property=\"og:site_name\" content=\"MEYDAN.TV\" \/>\n<meta property=\"article:published_time\" content=\"2023-04-15T14:35:17+00:00\" \/>\n<meta property=\"article:modified_time\" content=\"2023-04-15T14:35:20+00:00\" \/>\n<meta property=\"og:image\" content=\"https:\/\/www.meydan.tv\/wp-content\/uploads\/image_from_ios_unrqckb.original-scaled.jpg\" \/>\n\t<meta property=\"og:image:width\" content=\"2560\" \/>\n\t<meta property=\"og:image:height\" content=\"1440\" \/>\n\t<meta property=\"og:image:type\" content=\"image\/jpeg\" \/>\n<meta name=\"author\" content=\"elli\" \/>\n<meta name=\"twitter:card\" content=\"summary_large_image\" \/>\n<meta name=\"twitter:creator\" content=\"@elli\" \/>\n<script type=\"application\/ld+json\" class=\"yoast-schema-graph\">{\"@context\":\"https:\\\/\\\/schema.org\",\"@graph\":[{\"@type\":\"Article\",\"@id\":\"https:\\\/\\\/www.meydan.tv\\\/az\\\/article\\\/14-aprel-mektublari\\\/#article\",\"isPartOf\":{\"@id\":\"https:\\\/\\\/www.meydan.tv\\\/az\\\/article\\\/14-aprel-mektublari\\\/\"},\"author\":{\"name\":\"elli\",\"@id\":\"https:\\\/\\\/www.meydan.tv\\\/az\\\/#\\\/schema\\\/person\\\/9cdbecf90d17180ce1dfbd95b08dcf47\"},\"headline\":\"14 aprel m\u0259ktublar\u0131&#8230;\",\"datePublished\":\"2023-04-15T14:35:17+00:00\",\"dateModified\":\"2023-04-15T14:35:20+00:00\",\"mainEntityOfPage\":{\"@id\":\"https:\\\/\\\/www.meydan.tv\\\/az\\\/article\\\/14-aprel-mektublari\\\/\"},\"wordCount\":1473,\"publisher\":{\"@id\":\"https:\\\/\\\/www.meydan.tv\\\/az\\\/#organization\"},\"image\":{\"@id\":\"https:\\\/\\\/www.meydan.tv\\\/az\\\/article\\\/14-aprel-mektublari\\\/#primaryimage\"},\"thumbnailUrl\":\"https:\\\/\\\/www.meydan.tv\\\/wp-content\\\/uploads\\\/image_from_ios_unrqckb.original-scaled-e1685106480202.jpg\",\"articleSection\":[\"M\u0259nim Fikrimc\u0259\"],\"inLanguage\":\"az\"},{\"@type\":\"WebPage\",\"@id\":\"https:\\\/\\\/www.meydan.tv\\\/az\\\/article\\\/14-aprel-mektublari\\\/\",\"url\":\"https:\\\/\\\/www.meydan.tv\\\/az\\\/article\\\/14-aprel-mektublari\\\/\",\"name\":\"14 aprel m\u0259ktublar\u0131... - MEYDAN.TV\",\"isPartOf\":{\"@id\":\"https:\\\/\\\/www.meydan.tv\\\/az\\\/#website\"},\"primaryImageOfPage\":{\"@id\":\"https:\\\/\\\/www.meydan.tv\\\/az\\\/article\\\/14-aprel-mektublari\\\/#primaryimage\"},\"image\":{\"@id\":\"https:\\\/\\\/www.meydan.tv\\\/az\\\/article\\\/14-aprel-mektublari\\\/#primaryimage\"},\"thumbnailUrl\":\"https:\\\/\\\/www.meydan.tv\\\/wp-content\\\/uploads\\\/image_from_ios_unrqckb.original-scaled-e1685106480202.jpg\",\"datePublished\":\"2023-04-15T14:35:17+00:00\",\"dateModified\":\"2023-04-15T14:35:20+00:00\",\"breadcrumb\":{\"@id\":\"https:\\\/\\\/www.meydan.tv\\\/az\\\/article\\\/14-aprel-mektublari\\\/#breadcrumb\"},\"inLanguage\":\"az\",\"potentialAction\":[{\"@type\":\"ReadAction\",\"target\":[\"https:\\\/\\\/www.meydan.tv\\\/az\\\/article\\\/14-aprel-mektublari\\\/\"]}]},{\"@type\":\"ImageObject\",\"inLanguage\":\"az\",\"@id\":\"https:\\\/\\\/www.meydan.tv\\\/az\\\/article\\\/14-aprel-mektublari\\\/#primaryimage\",\"url\":\"https:\\\/\\\/www.meydan.tv\\\/wp-content\\\/uploads\\\/image_from_ios_unrqckb.original-scaled-e1685106480202.jpg\",\"contentUrl\":\"https:\\\/\\\/www.meydan.tv\\\/wp-content\\\/uploads\\\/image_from_ios_unrqckb.original-scaled-e1685106480202.jpg\",\"width\":2560,\"height\":1228,\"caption\":\"M\u0259nb\u0259: Meydan TV\"},{\"@type\":\"BreadcrumbList\",\"@id\":\"https:\\\/\\\/www.meydan.tv\\\/az\\\/article\\\/14-aprel-mektublari\\\/#breadcrumb\",\"itemListElement\":[{\"@type\":\"ListItem\",\"position\":1,\"name\":\"Ana s\u0259hif\u0259\",\"item\":\"https:\\\/\\\/www.meydan.tv\\\/az\\\/\"},{\"@type\":\"ListItem\",\"position\":2,\"name\":\"M\u0259nim Fikrimc\u0259\",\"item\":\"https:\\\/\\\/www.meydan.tv\\\/az\\\/section\\\/menim-fikrimce\\\/\"},{\"@type\":\"ListItem\",\"position\":3,\"name\":\"14 aprel m\u0259ktublar\u0131&#8230;\"}]},{\"@type\":\"WebSite\",\"@id\":\"https:\\\/\\\/www.meydan.tv\\\/az\\\/#website\",\"url\":\"https:\\\/\\\/www.meydan.tv\\\/az\\\/\",\"name\":\"MEYDAN.TV\",\"description\":\"Meydan TV Az\u0259rbaycan\u0131n media m\u0259kan\u0131ndak\u0131 alternativ s\u0259sidir\",\"publisher\":{\"@id\":\"https:\\\/\\\/www.meydan.tv\\\/az\\\/#organization\"},\"potentialAction\":[{\"@type\":\"SearchAction\",\"target\":{\"@type\":\"EntryPoint\",\"urlTemplate\":\"https:\\\/\\\/www.meydan.tv\\\/az\\\/?s={search_term_string}\"},\"query-input\":{\"@type\":\"PropertyValueSpecification\",\"valueRequired\":true,\"valueName\":\"search_term_string\"}}],\"inLanguage\":\"az\"},{\"@type\":\"Organization\",\"@id\":\"https:\\\/\\\/www.meydan.tv\\\/az\\\/#organization\",\"name\":\"Meydan TV\",\"url\":\"https:\\\/\\\/www.meydan.tv\\\/az\\\/\",\"logo\":{\"@type\":\"ImageObject\",\"inLanguage\":\"az\",\"@id\":\"https:\\\/\\\/www.meydan.tv\\\/az\\\/#\\\/schema\\\/logo\\\/image\\\/\",\"url\":\"https:\\\/\\\/www.meydan.tv\\\/wp-content\\\/uploads\\\/2021\\\/07\\\/meydan-logo.svg\",\"contentUrl\":\"https:\\\/\\\/www.meydan.tv\\\/wp-content\\\/uploads\\\/2021\\\/07\\\/meydan-logo.svg\",\"width\":195,\"height\":46,\"caption\":\"Meydan TV\"},\"image\":{\"@id\":\"https:\\\/\\\/www.meydan.tv\\\/az\\\/#\\\/schema\\\/logo\\\/image\\\/\"}},{\"@type\":\"Person\",\"@id\":\"https:\\\/\\\/www.meydan.tv\\\/az\\\/#\\\/schema\\\/person\\\/9cdbecf90d17180ce1dfbd95b08dcf47\",\"name\":\"elli\",\"sameAs\":[\"https:\\\/\\\/x.com\\\/elli\"]}]}<\/script>\n<!-- \/ Yoast SEO plugin. -->","yoast_head_json":{"title":"14 aprel m\u0259ktublar\u0131... - MEYDAN.TV","robots":{"index":"index","follow":"follow","max-snippet":"max-snippet:-1","max-image-preview":"max-image-preview:large","max-video-preview":"max-video-preview:-1"},"canonical":"https:\/\/www.meydan.tv\/az\/article\/14-aprel-mektublari\/","og_locale":"az_AZ","og_type":"article","og_title":"14 aprel m\u0259ktublar\u0131... - MEYDAN.TV","og_description":"Yaxud Leninin \u201cAprel tezisl\u0259ri\u201dn\u0259 s\u00f6zard\u0131 R\u00f6v\u015f\u0259n Hac\u0131b\u0259yli Aprel ay\u0131 \u201cproletariat\u0131n ... Davam\u0131","og_url":"https:\/\/www.meydan.tv\/az\/article\/14-aprel-mektublari\/","og_site_name":"MEYDAN.TV","article_published_time":"2023-04-15T14:35:17+00:00","article_modified_time":"2023-04-15T14:35:20+00:00","og_image":[{"width":2560,"height":1440,"url":"https:\/\/www.meydan.tv\/wp-content\/uploads\/image_from_ios_unrqckb.original-scaled.jpg","type":"image\/jpeg"}],"author":"elli","twitter_card":"summary_large_image","twitter_creator":"@elli","schema":{"@context":"https:\/\/schema.org","@graph":[{"@type":"Article","@id":"https:\/\/www.meydan.tv\/az\/article\/14-aprel-mektublari\/#article","isPartOf":{"@id":"https:\/\/www.meydan.tv\/az\/article\/14-aprel-mektublari\/"},"author":{"name":"elli","@id":"https:\/\/www.meydan.tv\/az\/#\/schema\/person\/9cdbecf90d17180ce1dfbd95b08dcf47"},"headline":"14 aprel m\u0259ktublar\u0131&#8230;","datePublished":"2023-04-15T14:35:17+00:00","dateModified":"2023-04-15T14:35:20+00:00","mainEntityOfPage":{"@id":"https:\/\/www.meydan.tv\/az\/article\/14-aprel-mektublari\/"},"wordCount":1473,"publisher":{"@id":"https:\/\/www.meydan.tv\/az\/#organization"},"image":{"@id":"https:\/\/www.meydan.tv\/az\/article\/14-aprel-mektublari\/#primaryimage"},"thumbnailUrl":"https:\/\/www.meydan.tv\/wp-content\/uploads\/image_from_ios_unrqckb.original-scaled-e1685106480202.jpg","articleSection":["M\u0259nim Fikrimc\u0259"],"inLanguage":"az"},{"@type":"WebPage","@id":"https:\/\/www.meydan.tv\/az\/article\/14-aprel-mektublari\/","url":"https:\/\/www.meydan.tv\/az\/article\/14-aprel-mektublari\/","name":"14 aprel m\u0259ktublar\u0131... - MEYDAN.TV","isPartOf":{"@id":"https:\/\/www.meydan.tv\/az\/#website"},"primaryImageOfPage":{"@id":"https:\/\/www.meydan.tv\/az\/article\/14-aprel-mektublari\/#primaryimage"},"image":{"@id":"https:\/\/www.meydan.tv\/az\/article\/14-aprel-mektublari\/#primaryimage"},"thumbnailUrl":"https:\/\/www.meydan.tv\/wp-content\/uploads\/image_from_ios_unrqckb.original-scaled-e1685106480202.jpg","datePublished":"2023-04-15T14:35:17+00:00","dateModified":"2023-04-15T14:35:20+00:00","breadcrumb":{"@id":"https:\/\/www.meydan.tv\/az\/article\/14-aprel-mektublari\/#breadcrumb"},"inLanguage":"az","potentialAction":[{"@type":"ReadAction","target":["https:\/\/www.meydan.tv\/az\/article\/14-aprel-mektublari\/"]}]},{"@type":"ImageObject","inLanguage":"az","@id":"https:\/\/www.meydan.tv\/az\/article\/14-aprel-mektublari\/#primaryimage","url":"https:\/\/www.meydan.tv\/wp-content\/uploads\/image_from_ios_unrqckb.original-scaled-e1685106480202.jpg","contentUrl":"https:\/\/www.meydan.tv\/wp-content\/uploads\/image_from_ios_unrqckb.original-scaled-e1685106480202.jpg","width":2560,"height":1228,"caption":"M\u0259nb\u0259: Meydan TV"},{"@type":"BreadcrumbList","@id":"https:\/\/www.meydan.tv\/az\/article\/14-aprel-mektublari\/#breadcrumb","itemListElement":[{"@type":"ListItem","position":1,"name":"Ana s\u0259hif\u0259","item":"https:\/\/www.meydan.tv\/az\/"},{"@type":"ListItem","position":2,"name":"M\u0259nim Fikrimc\u0259","item":"https:\/\/www.meydan.tv\/az\/section\/menim-fikrimce\/"},{"@type":"ListItem","position":3,"name":"14 aprel m\u0259ktublar\u0131&#8230;"}]},{"@type":"WebSite","@id":"https:\/\/www.meydan.tv\/az\/#website","url":"https:\/\/www.meydan.tv\/az\/","name":"MEYDAN.TV","description":"Meydan TV Az\u0259rbaycan\u0131n media m\u0259kan\u0131ndak\u0131 alternativ s\u0259sidir","publisher":{"@id":"https:\/\/www.meydan.tv\/az\/#organization"},"potentialAction":[{"@type":"SearchAction","target":{"@type":"EntryPoint","urlTemplate":"https:\/\/www.meydan.tv\/az\/?s={search_term_string}"},"query-input":{"@type":"PropertyValueSpecification","valueRequired":true,"valueName":"search_term_string"}}],"inLanguage":"az"},{"@type":"Organization","@id":"https:\/\/www.meydan.tv\/az\/#organization","name":"Meydan TV","url":"https:\/\/www.meydan.tv\/az\/","logo":{"@type":"ImageObject","inLanguage":"az","@id":"https:\/\/www.meydan.tv\/az\/#\/schema\/logo\/image\/","url":"https:\/\/www.meydan.tv\/wp-content\/uploads\/2021\/07\/meydan-logo.svg","contentUrl":"https:\/\/www.meydan.tv\/wp-content\/uploads\/2021\/07\/meydan-logo.svg","width":195,"height":46,"caption":"Meydan TV"},"image":{"@id":"https:\/\/www.meydan.tv\/az\/#\/schema\/logo\/image\/"}},{"@type":"Person","@id":"https:\/\/www.meydan.tv\/az\/#\/schema\/person\/9cdbecf90d17180ce1dfbd95b08dcf47","name":"elli","sameAs":["https:\/\/x.com\/elli"]}]}},"_links":{"self":[{"href":"https:\/\/www.meydan.tv\/az\/wp-json\/wp\/v2\/posts\/272959","targetHints":{"allow":["GET"]}}],"collection":[{"href":"https:\/\/www.meydan.tv\/az\/wp-json\/wp\/v2\/posts"}],"about":[{"href":"https:\/\/www.meydan.tv\/az\/wp-json\/wp\/v2\/types\/post"}],"author":[{"embeddable":true,"href":"https:\/\/www.meydan.tv\/az\/wp-json\/wp\/v2\/users\/8"}],"replies":[{"embeddable":true,"href":"https:\/\/www.meydan.tv\/az\/wp-json\/wp\/v2\/comments?post=272959"}],"version-history":[{"count":1,"href":"https:\/\/www.meydan.tv\/az\/wp-json\/wp\/v2\/posts\/272959\/revisions"}],"predecessor-version":[{"id":272960,"href":"https:\/\/www.meydan.tv\/az\/wp-json\/wp\/v2\/posts\/272959\/revisions\/272960"}],"wp:featuredmedia":[{"embeddable":true,"href":"https:\/\/www.meydan.tv\/az\/wp-json\/wp\/v2\/media\/125837"}],"wp:attachment":[{"href":"https:\/\/www.meydan.tv\/az\/wp-json\/wp\/v2\/media?parent=272959"}],"wp:term":[{"taxonomy":"category","embeddable":true,"href":"https:\/\/www.meydan.tv\/az\/wp-json\/wp\/v2\/categories?post=272959"},{"taxonomy":"post_tag","embeddable":true,"href":"https:\/\/www.meydan.tv\/az\/wp-json\/wp\/v2\/tags?post=272959"}],"curies":[{"name":"wp","href":"https:\/\/api.w.org\/{rel}","templated":true}]}}