{"id":272850,"date":"2023-04-14T10:57:49","date_gmt":"2023-04-14T06:57:49","guid":{"rendered":"https:\/\/www.meydan.tv\/?p=272850"},"modified":"2023-04-14T10:57:57","modified_gmt":"2023-04-14T06:57:57","slug":"hebs-edilen-qarabag-qazisinin-isgence-ile-oldurulduyu-iddia-olunur","status":"publish","type":"post","link":"https:\/\/www.meydan.tv\/az\/article\/hebs-edilen-qarabag-qazisinin-isgence-ile-oldurulduyu-iddia-olunur\/","title":{"rendered":"H\u0259bs edil\u0259n Qaraba\u011f qazisinin i\u015fg\u0259nc\u0259 il\u0259 \u00f6ld\u00fcr\u00fcld\u00fcy\u00fc iddia olunur"},"content":{"rendered":"\n<p><\/p>\n\n\n\n<p><strong><em>&#8220;\u018fll\u0259rini v\u0259 ayaqlar\u0131n\u0131 ba\u011flayaraq amans\u0131zcas\u0131na d\u00f6y\u00fcbl\u0259r&#8221;<\/em><\/strong><\/p>\n\n\n\n<p>Lerikin B\u00fcrs\u00fcl\u00fcm k\u0259nd sakini F\u0259xr\u0259ddin A\u011fayev qarda\u015f\u0131 o\u011flu S\u00fcbhan A\u011fayevin Salyan rayonundak\u0131 5 sayl\u0131 c\u0259za\u00e7\u0259km\u0259 m\u00fc\u0259ssis\u0259sind\u0259 i\u015fg\u0259nc\u0259 veril\u0259r\u0259k \u00f6ld\u00fcr\u00fcld\u00fcy\u00fcn\u00fc iddia edir.<\/p>\n\n\n\n<p>O, Meydan TV-y\u0259 bildirib ki, S\u00fcbhan A\u011fayev 2022-ci ilin oktyabr\u0131nda m\u0259suliyy\u0259t\u0259 c\u0259lb olunub.<\/p>\n\n\n\n<p><em>\u201c2023-c\u00fc ilin yanvar\u0131nda o\u011furluq cinay\u0259tini t\u00f6r\u0259tm\u0259kd\u0259 t\u0259qsirli bilin\u0259r\u0259k X\u0259z\u0259r Rayon M\u0259hk\u0259m\u0259sinin q\u0259rar\u0131 il\u0259 3 il 6 ay m\u00fcdd\u0259tin\u0259 azal\u0131qdan m\u0259hrum edilmi\u015fdi. 2023-c\u00fc fevral\u0131n 25-d\u0259 Salyandak\u0131 5 sayl\u0131 c\u0259za\u00e7\u0259km\u0259 m\u00fc\u0259ssis\u0259sin\u0259 k\u00f6\u00e7\u00fcr\u00fcld\u00fc. Fevral\u0131n 28-d\u0259 u\u015fa\u011f\u0131n \u00f6l\u00fcm x\u0259b\u0259ri g\u0259ldi\u201d, <\/em>&#8211; m\u0259rhumun \u0259misi deyir.<\/p>\n\n\n\n<p>Onun s\u00f6zl\u0259rin\u0259 g\u00f6r\u0259, S\u00fcbhan Bak\u0131dan Salyana apar\u0131landa sa\u011f-salamat olub, b\u0259d\u0259nind\u0259 he\u00e7 bir x\u0259sar\u0259t izi yoxmu\u015f:<\/p>\n\n\n\n<figure class=\"wp-block-image size-large\"><img decoding=\"async\" width=\"1200\" height=\"675\" data-src=\"https:\/\/www.meydan.tv\/wp-content\/uploads\/img-20230413-wa0021-1200x675.jpg\" alt=\"\" class=\"wp-image-272847 lazyload\" src=\"data:image\/svg+xml;base64,PHN2ZyB3aWR0aD0iMSIgaGVpZ2h0PSIxIiB4bWxucz0iaHR0cDovL3d3dy53My5vcmcvMjAwMC9zdmciPjwvc3ZnPg==\" style=\"--smush-placeholder-width: 1200px; --smush-placeholder-aspect-ratio: 1200\/675;\" \/><\/figure>\n\n\n\n<p><em>\u201cMart\u0131n birind\u0259, d\u0259fnind\u0259n \u00f6nc\u0259 onun meyitini m\u0259n yumu\u015fam. B\u0259d\u0259ninin h\u0259r yerind\u0259 i\u015fg\u0259nc\u0259 izl\u0259ri vard\u0131. \u018fll\u0259rini v\u0259 ayaqlar\u0131n\u0131 ba\u011flayaraq amans\u0131zcas\u0131na d\u00f6y\u00fcbl\u0259r. \u0130lkin ara\u015fd\u0131rmalardan sonra r\u0259y verdil\u0259r ki, guya u\u015faqda k\u0259skin \u00fcr\u0259k \u00e7at\u0131\u015fmazl\u0131\u011f\u0131 olub. Veril\u0259n r\u0259yl\u0259 raz\u0131 deyilik. S\u00fcbhan 2017-ci ild\u0259 h\u0259rbi xidm\u0259td\u0259 olub. M\u00fcayin\u0259l\u0259r zaman\u0131 \u00fcr\u0259yind\u0259 problemi olmas\u0131 bar\u0259d\u0259 hans\u0131sa m\u0259lumat qeyd olunmay\u0131b. Top kimi sa\u011flam u\u015faq idi. K\u00f6n\u00fcll\u00fc olaraq \u0130kinci Qaraba\u011f m\u00fcharib\u0259sind\u0259 i\u015ftirak edib&#8221;.<\/em><\/p>\n\n\n\n<p>&#8220;O, \u201cXocav\u0259ndin azad olunmas\u0131na g\u00f6r\u0259\u201d, \u201cV\u0259t\u0259n m\u00fcharib\u0259si i\u015ftirak\u00e7\u0131s\u0131\u201d v\u0259 \u201cF\u00fczulinin azad olunmas\u0131na g\u00f6r\u0259\u201d medallar\u0131 il\u0259 t\u0259ltif olunmu\u015fdu. Anas\u0131 il\u0259 birg\u0259 Bin\u0259 q\u0259s\u0259b\u0259sind\u0259 Sovxoz adlanan yeni massivd\u0259 ya\u015fay\u0131rd\u0131\u201d, &#8211; dey\u0259 o bildirib.<\/p>\n\n\n\n<figure class=\"wp-block-image size-large\"><img decoding=\"async\" width=\"1095\" height=\"821\" data-src=\"https:\/\/www.meydan.tv\/wp-content\/uploads\/img-20230413-wa0018-1095x821.jpg\" alt=\"\" class=\"wp-image-272835 lazyload\" src=\"data:image\/svg+xml;base64,PHN2ZyB3aWR0aD0iMSIgaGVpZ2h0PSIxIiB4bWxucz0iaHR0cDovL3d3dy53My5vcmcvMjAwMC9zdmciPjwvc3ZnPg==\" style=\"--smush-placeholder-width: 1095px; --smush-placeholder-aspect-ratio: 1095\/821;\" \/><\/figure>\n\n\n\n<p>F\u0259xr\u0259ddin A\u011fayev i\u015fi aparan m\u00fcst\u0259ntiqd\u0259n d\u0259 \u015fikay\u0259t\u00e7idir:<\/p>\n\n\n\n<p><em>\u201c\u0130\u015fi aparan m\u00fcst\u0259ntiq el\u0259 dan\u0131\u015f\u0131r ki, sanki insan \u00f6lm\u0259yib. Bir adam, v\u0259t\u0259nda\u015f hans\u0131sa bir d\u00f6vl\u0259t t\u0259\u015fkilat\u0131na gedib, \u00f6z d\u0259rdini dey\u0259nd\u0259 onun \u00fcst\u00fcn\u0259 \u0259lli polis bird\u0259n d\u00fc\u015f\u00fcr. Bir n\u0259f\u0259r\u0259 bir \u015fill\u0259 vursam, polis g\u0259lib, m\u0259ni s\u00fcr\u00fcy\u0259-s\u00fcr\u00fcy\u0259 aparar. \u0130nsan \u00f6l\u00fcr, deyirl\u0259r ki, \u00fcr\u0259k tutmas\u0131ndan ke\u00e7inib. M\u0259g\u0259r qapal\u0131 m\u00fc\u0259ssis\u0259d\u0259 \u00f6l\u00fcm\u00fc ara\u015fd\u0131rmaq \u00e7\u0259tindir? M\u00fcst\u0259ntiq deyir ki, biz qanunla ara\u015fd\u0131r\u0131r\u0131q. Deyir\u0259m ki, bu qanun g\u0259r\u0259k kas\u0131b\u0131n, torpaq u\u011frunda vuru\u015fan\u0131n ba\u015f\u0131nda \u00e7atlas\u0131n? Qanun bir d\u0259f\u0259 d\u0259 m\u0259nim t\u0259r\u0259fimd\u0259 olsun. G\u0259r\u0259k m\u0259n qanuna tabe olum? Qanun bunun c\u0259zas\u0131n\u0131 vermi\u015fdi d\u0259, 3 il 6 ay azadl\u0131qdan m\u0259hrum etmi\u015fdi. Guya d\u00fckana girib, o\u011furluq edib. D\u00f6vl\u0259t \u00e7evrili\u015fi etm\u0259yib, narkotik satmay\u0131b, \u00fcst\u00fcnd\u0259 bomba metroya girm\u0259yib, o\u011fruluq edib&#8221;.<\/em><\/p>\n\n\n\n<p><em>&#8220;Niy\u0259 24 ya\u015f\u0131nda g\u0259nc o\u011furluq edib? Anas\u0131 il\u0259 ya\u015fad\u0131\u011f\u0131 evi g\u00f6rs\u0259niz, dey\u0259rsiniz ki, burada insan ya\u015famaz. M\u00fcharib\u0259 vaxt\u0131 d\u00f6rd ay quru torpa\u011f\u0131n \u00fcst\u00fcnd\u0259 yatd\u0131. Bu torpaqdan, mill\u0259td\u0259n \u00f6tr\u00fc d\u00f6y\u00fc\u015fd\u00fc. Onu \u015f\u0259rl\u0259y\u0259n \u015f\u0259r\u0259fsizd\u0259n \u00f6tr\u00fc d\u00f6y\u00fc\u015fd\u00fc. M\u00fcharib\u0259d\u0259n ev\u0259 2021-ci ilin yanvar\u0131n 12-d\u0259 buraxm\u0131\u015fd\u0131lar\u201d, <\/em>&#8211; F\u0259xr\u0259ddin A\u011fayev bel\u0259 deyir.<\/p>\n\n\n\n<figure class=\"wp-block-image size-large\"><img decoding=\"async\" width=\"1095\" height=\"821\" data-src=\"https:\/\/www.meydan.tv\/wp-content\/uploads\/img-20230413-wa0028_720-1095x821.jpg\" alt=\"\" class=\"wp-image-272841 lazyload\" src=\"data:image\/svg+xml;base64,PHN2ZyB3aWR0aD0iMSIgaGVpZ2h0PSIxIiB4bWxucz0iaHR0cDovL3d3dy53My5vcmcvMjAwMC9zdmciPjwvc3ZnPg==\" style=\"--smush-placeholder-width: 1095px; --smush-placeholder-aspect-ratio: 1095\/821;\" \/><\/figure>\n\n\n\n<p>Ba\u015f Prokurorlu\u011fun M\u0259tbuat xidm\u0259ti hadis\u0259 il\u0259 ba\u011fl\u0131 a\u00e7\u0131qlama yay\u0131b.<\/p>\n\n\n\n<p>Bildirilir ki, Salyanda yerl\u0259\u015f\u0259n 5 sayl\u0131 c\u0259za\u00e7\u0259km\u0259 m\u00fc\u0259ssis\u0259sind\u0259 c\u0259za \u00e7\u0259k\u0259n m\u0259hkum S\u00fcbhan A\u011fayevin bu il 28 fevralda \u00f6lm\u0259si fakt\u0131 il\u0259 ba\u011fl\u0131 Salyan Rayon Prokurorlu\u011funda Cinay\u0259t M\u0259c\u0259ll\u0259sinin 293.2-ci (Xidm\u0259ti v\u0259zif\u0259l\u0259rini yerin\u0259 yetirm\u0259si il\u0259 \u0259laq\u0259dar d\u00f6vl\u0259t orqan\u0131n\u0131n v\u0259zif\u0259li \u015f\u0259xsi v\u0259 ya bu qisimd\u0259 \u00e7\u0131x\u0131\u015f ed\u0259n dig\u0259r \u015f\u0259xs t\u0259r\u0259find\u0259n, yaxud onun t\u0259hriki v\u0259 ya raz\u0131l\u0131\u011f\u0131 il\u0259, yaxud o, x\u0259b\u0259rdar oldu\u011fu halda ba\u015fqa \u015f\u0259xsl\u0259r t\u0259r\u0259find\u0259n i\u015fg\u0259nc\u0259 verm\u0259) madd\u0259si il\u0259 cinay\u0259t i\u015fi ba\u015flan\u0131b.<\/p>\n\n\n\n<p>Haz\u0131rda i\u015f \u00fczr\u0259 ibtidai istintaq davam edir.<\/p>\n\n\n\n<figure class=\"wp-block-image size-large\"><img decoding=\"async\" width=\"1095\" height=\"821\" data-src=\"https:\/\/www.meydan.tv\/wp-content\/uploads\/img-20230413-wa0020-1095x821.jpg\" alt=\"\" class=\"wp-image-272838 lazyload\" src=\"data:image\/svg+xml;base64,PHN2ZyB3aWR0aD0iMSIgaGVpZ2h0PSIxIiB4bWxucz0iaHR0cDovL3d3dy53My5vcmcvMjAwMC9zdmciPjwvc3ZnPg==\" style=\"--smush-placeholder-width: 1095px; --smush-placeholder-aspect-ratio: 1095\/821;\" \/><\/figure>\n","protected":false},"excerpt":{"rendered":"<p>&#8220;\u018fll\u0259rini v\u0259 ayaqlar\u0131n\u0131 ba\u011flayaraq amans\u0131zcas\u0131na d\u00f6y\u00fcbl\u0259r&#8221; Lerikin B\u00fcrs\u00fcl\u00fcm k\u0259nd sakini &#8230; <\/p>\n<p class=\"read-more-container\"><a title=\"H\u0259bs edil\u0259n Qaraba\u011f qazisinin i\u015fg\u0259nc\u0259 il\u0259 \u00f6ld\u00fcr\u00fcld\u00fcy\u00fc iddia olunur\" class=\"read-more button\" href=\"https:\/\/www.meydan.tv\/az\/article\/hebs-edilen-qarabag-qazisinin-isgence-ile-oldurulduyu-iddia-olunur\/#more-272850\" aria-label=\"Read more about H\u0259bs edil\u0259n Qaraba\u011f qazisinin i\u015fg\u0259nc\u0259 il\u0259 \u00f6ld\u00fcr\u00fcld\u00fcy\u00fc iddia olunur\">Davam\u0131<\/a><\/p>\n","protected":false},"author":8,"featured_media":272844,"comment_status":"closed","ping_status":"closed","sticky":false,"template":"","format":"standard","meta":{"_acf_changed":false,"_sitemap_exclude":false,"_sitemap_priority":"","_sitemap_frequency":"","footnotes":""},"categories":[60,79,56],"tags":[],"class_list":["post-272850","post","type-post","status-publish","format-standard","has-post-thumbnail","hentry","category-bolge","category-featured","category-xeberler","infinite-scroll-item","generate-columns","tablet-grid-50","mobile-grid-100","grid-parent","grid-33","no-featured-image-padding"],"acf":[],"yoast_head":"<!-- This site is optimized with the Yoast SEO plugin v27.5 - https:\/\/yoast.com\/product\/yoast-seo-wordpress\/ -->\n<title>H\u0259bs edil\u0259n Qaraba\u011f qazisinin i\u015fg\u0259nc\u0259 il\u0259 \u00f6ld\u00fcr\u00fcld\u00fcy\u00fc iddia olunur - MEYDAN.TV<\/title>\n<meta name=\"robots\" content=\"index, follow, max-snippet:-1, max-image-preview:large, max-video-preview:-1\" \/>\n<link rel=\"canonical\" href=\"https:\/\/www.meydan.tv\/az\/article\/hebs-edilen-qarabag-qazisinin-isgence-ile-oldurulduyu-iddia-olunur\/\" \/>\n<meta property=\"og:locale\" content=\"az_AZ\" \/>\n<meta property=\"og:type\" content=\"article\" \/>\n<meta property=\"og:title\" content=\"H\u0259bs edil\u0259n Qaraba\u011f qazisinin i\u015fg\u0259nc\u0259 il\u0259 \u00f6ld\u00fcr\u00fcld\u00fcy\u00fc iddia olunur - MEYDAN.TV\" \/>\n<meta property=\"og:description\" content=\"&#8220;\u018fll\u0259rini v\u0259 ayaqlar\u0131n\u0131 ba\u011flayaraq amans\u0131zcas\u0131na d\u00f6y\u00fcbl\u0259r&#8221; Lerikin B\u00fcrs\u00fcl\u00fcm k\u0259nd sakini ... Davam\u0131\" \/>\n<meta property=\"og:url\" content=\"https:\/\/www.meydan.tv\/az\/article\/hebs-edilen-qarabag-qazisinin-isgence-ile-oldurulduyu-iddia-olunur\/\" \/>\n<meta property=\"og:site_name\" content=\"MEYDAN.TV\" \/>\n<meta property=\"article:published_time\" content=\"2023-04-14T06:57:49+00:00\" \/>\n<meta property=\"article:modified_time\" content=\"2023-04-14T06:57:57+00:00\" \/>\n<meta property=\"og:image\" content=\"https:\/\/www.meydan.tv\/wp-content\/uploads\/untitled-design-5-49-e1681454709279.jpg\" \/>\n\t<meta property=\"og:image:width\" content=\"1200\" \/>\n\t<meta property=\"og:image:height\" content=\"627\" \/>\n\t<meta property=\"og:image:type\" content=\"image\/jpeg\" \/>\n<meta name=\"author\" content=\"elli\" \/>\n<meta name=\"twitter:card\" content=\"summary_large_image\" \/>\n<meta name=\"twitter:creator\" content=\"@elli\" \/>\n<script type=\"application\/ld+json\" class=\"yoast-schema-graph\">{\"@context\":\"https:\\\/\\\/schema.org\",\"@graph\":[{\"@type\":\"Article\",\"@id\":\"https:\\\/\\\/www.meydan.tv\\\/az\\\/article\\\/hebs-edilen-qarabag-qazisinin-isgence-ile-oldurulduyu-iddia-olunur\\\/#article\",\"isPartOf\":{\"@id\":\"https:\\\/\\\/www.meydan.tv\\\/az\\\/article\\\/hebs-edilen-qarabag-qazisinin-isgence-ile-oldurulduyu-iddia-olunur\\\/\"},\"author\":{\"name\":\"elli\",\"@id\":\"https:\\\/\\\/www.meydan.tv\\\/az\\\/#\\\/schema\\\/person\\\/9cdbecf90d17180ce1dfbd95b08dcf47\"},\"headline\":\"H\u0259bs edil\u0259n Qaraba\u011f qazisinin i\u015fg\u0259nc\u0259 il\u0259 \u00f6ld\u00fcr\u00fcld\u00fcy\u00fc iddia olunur\",\"datePublished\":\"2023-04-14T06:57:49+00:00\",\"dateModified\":\"2023-04-14T06:57:57+00:00\",\"mainEntityOfPage\":{\"@id\":\"https:\\\/\\\/www.meydan.tv\\\/az\\\/article\\\/hebs-edilen-qarabag-qazisinin-isgence-ile-oldurulduyu-iddia-olunur\\\/\"},\"wordCount\":762,\"publisher\":{\"@id\":\"https:\\\/\\\/www.meydan.tv\\\/az\\\/#organization\"},\"image\":{\"@id\":\"https:\\\/\\\/www.meydan.tv\\\/az\\\/article\\\/hebs-edilen-qarabag-qazisinin-isgence-ile-oldurulduyu-iddia-olunur\\\/#primaryimage\"},\"thumbnailUrl\":\"https:\\\/\\\/www.meydan.tv\\\/wp-content\\\/uploads\\\/untitled-design-5-49-e1681454709279.jpg\",\"articleSection\":[\"B\u00f6lg\u0259\",\"T\u00f6vsiy\u0259\",\"X\u0259b\u0259rl\u0259r\"],\"inLanguage\":\"az\"},{\"@type\":\"WebPage\",\"@id\":\"https:\\\/\\\/www.meydan.tv\\\/az\\\/article\\\/hebs-edilen-qarabag-qazisinin-isgence-ile-oldurulduyu-iddia-olunur\\\/\",\"url\":\"https:\\\/\\\/www.meydan.tv\\\/az\\\/article\\\/hebs-edilen-qarabag-qazisinin-isgence-ile-oldurulduyu-iddia-olunur\\\/\",\"name\":\"H\u0259bs edil\u0259n Qaraba\u011f qazisinin i\u015fg\u0259nc\u0259 il\u0259 \u00f6ld\u00fcr\u00fcld\u00fcy\u00fc iddia olunur - MEYDAN.TV\",\"isPartOf\":{\"@id\":\"https:\\\/\\\/www.meydan.tv\\\/az\\\/#website\"},\"primaryImageOfPage\":{\"@id\":\"https:\\\/\\\/www.meydan.tv\\\/az\\\/article\\\/hebs-edilen-qarabag-qazisinin-isgence-ile-oldurulduyu-iddia-olunur\\\/#primaryimage\"},\"image\":{\"@id\":\"https:\\\/\\\/www.meydan.tv\\\/az\\\/article\\\/hebs-edilen-qarabag-qazisinin-isgence-ile-oldurulduyu-iddia-olunur\\\/#primaryimage\"},\"thumbnailUrl\":\"https:\\\/\\\/www.meydan.tv\\\/wp-content\\\/uploads\\\/untitled-design-5-49-e1681454709279.jpg\",\"datePublished\":\"2023-04-14T06:57:49+00:00\",\"dateModified\":\"2023-04-14T06:57:57+00:00\",\"breadcrumb\":{\"@id\":\"https:\\\/\\\/www.meydan.tv\\\/az\\\/article\\\/hebs-edilen-qarabag-qazisinin-isgence-ile-oldurulduyu-iddia-olunur\\\/#breadcrumb\"},\"inLanguage\":\"az\",\"potentialAction\":[{\"@type\":\"ReadAction\",\"target\":[\"https:\\\/\\\/www.meydan.tv\\\/az\\\/article\\\/hebs-edilen-qarabag-qazisinin-isgence-ile-oldurulduyu-iddia-olunur\\\/\"]}]},{\"@type\":\"ImageObject\",\"inLanguage\":\"az\",\"@id\":\"https:\\\/\\\/www.meydan.tv\\\/az\\\/article\\\/hebs-edilen-qarabag-qazisinin-isgence-ile-oldurulduyu-iddia-olunur\\\/#primaryimage\",\"url\":\"https:\\\/\\\/www.meydan.tv\\\/wp-content\\\/uploads\\\/untitled-design-5-49-e1681454709279.jpg\",\"contentUrl\":\"https:\\\/\\\/www.meydan.tv\\\/wp-content\\\/uploads\\\/untitled-design-5-49-e1681454709279.jpg\",\"width\":1200,\"height\":627,\"caption\":\"S\u00fcbhan A\u011fayev (solda) Fotolar: ail\u0259 albomundan.\"},{\"@type\":\"BreadcrumbList\",\"@id\":\"https:\\\/\\\/www.meydan.tv\\\/az\\\/article\\\/hebs-edilen-qarabag-qazisinin-isgence-ile-oldurulduyu-iddia-olunur\\\/#breadcrumb\",\"itemListElement\":[{\"@type\":\"ListItem\",\"position\":1,\"name\":\"Ana s\u0259hif\u0259\",\"item\":\"https:\\\/\\\/www.meydan.tv\\\/az\\\/\"},{\"@type\":\"ListItem\",\"position\":2,\"name\":\"B\u00f6lg\u0259\",\"item\":\"https:\\\/\\\/www.meydan.tv\\\/az\\\/section\\\/bolge\\\/\"},{\"@type\":\"ListItem\",\"position\":3,\"name\":\"H\u0259bs edil\u0259n Qaraba\u011f qazisinin i\u015fg\u0259nc\u0259 il\u0259 \u00f6ld\u00fcr\u00fcld\u00fcy\u00fc iddia olunur\"}]},{\"@type\":\"WebSite\",\"@id\":\"https:\\\/\\\/www.meydan.tv\\\/az\\\/#website\",\"url\":\"https:\\\/\\\/www.meydan.tv\\\/az\\\/\",\"name\":\"MEYDAN.TV\",\"description\":\"Meydan TV Az\u0259rbaycan\u0131n media m\u0259kan\u0131ndak\u0131 alternativ s\u0259sidir\",\"publisher\":{\"@id\":\"https:\\\/\\\/www.meydan.tv\\\/az\\\/#organization\"},\"potentialAction\":[{\"@type\":\"SearchAction\",\"target\":{\"@type\":\"EntryPoint\",\"urlTemplate\":\"https:\\\/\\\/www.meydan.tv\\\/az\\\/?s={search_term_string}\"},\"query-input\":{\"@type\":\"PropertyValueSpecification\",\"valueRequired\":true,\"valueName\":\"search_term_string\"}}],\"inLanguage\":\"az\"},{\"@type\":\"Organization\",\"@id\":\"https:\\\/\\\/www.meydan.tv\\\/az\\\/#organization\",\"name\":\"Meydan TV\",\"url\":\"https:\\\/\\\/www.meydan.tv\\\/az\\\/\",\"logo\":{\"@type\":\"ImageObject\",\"inLanguage\":\"az\",\"@id\":\"https:\\\/\\\/www.meydan.tv\\\/az\\\/#\\\/schema\\\/logo\\\/image\\\/\",\"url\":\"https:\\\/\\\/www.meydan.tv\\\/wp-content\\\/uploads\\\/2021\\\/07\\\/meydan-logo.svg\",\"contentUrl\":\"https:\\\/\\\/www.meydan.tv\\\/wp-content\\\/uploads\\\/2021\\\/07\\\/meydan-logo.svg\",\"width\":195,\"height\":46,\"caption\":\"Meydan TV\"},\"image\":{\"@id\":\"https:\\\/\\\/www.meydan.tv\\\/az\\\/#\\\/schema\\\/logo\\\/image\\\/\"}},{\"@type\":\"Person\",\"@id\":\"https:\\\/\\\/www.meydan.tv\\\/az\\\/#\\\/schema\\\/person\\\/9cdbecf90d17180ce1dfbd95b08dcf47\",\"name\":\"elli\",\"sameAs\":[\"https:\\\/\\\/x.com\\\/elli\"]}]}<\/script>\n<!-- \/ Yoast SEO plugin. -->","yoast_head_json":{"title":"H\u0259bs edil\u0259n Qaraba\u011f qazisinin i\u015fg\u0259nc\u0259 il\u0259 \u00f6ld\u00fcr\u00fcld\u00fcy\u00fc iddia olunur - MEYDAN.TV","robots":{"index":"index","follow":"follow","max-snippet":"max-snippet:-1","max-image-preview":"max-image-preview:large","max-video-preview":"max-video-preview:-1"},"canonical":"https:\/\/www.meydan.tv\/az\/article\/hebs-edilen-qarabag-qazisinin-isgence-ile-oldurulduyu-iddia-olunur\/","og_locale":"az_AZ","og_type":"article","og_title":"H\u0259bs edil\u0259n Qaraba\u011f qazisinin i\u015fg\u0259nc\u0259 il\u0259 \u00f6ld\u00fcr\u00fcld\u00fcy\u00fc iddia olunur - MEYDAN.TV","og_description":"&#8220;\u018fll\u0259rini v\u0259 ayaqlar\u0131n\u0131 ba\u011flayaraq amans\u0131zcas\u0131na d\u00f6y\u00fcbl\u0259r&#8221; Lerikin B\u00fcrs\u00fcl\u00fcm k\u0259nd sakini ... Davam\u0131","og_url":"https:\/\/www.meydan.tv\/az\/article\/hebs-edilen-qarabag-qazisinin-isgence-ile-oldurulduyu-iddia-olunur\/","og_site_name":"MEYDAN.TV","article_published_time":"2023-04-14T06:57:49+00:00","article_modified_time":"2023-04-14T06:57:57+00:00","og_image":[{"width":1200,"height":627,"url":"https:\/\/www.meydan.tv\/wp-content\/uploads\/untitled-design-5-49-e1681454709279.jpg","type":"image\/jpeg"}],"author":"elli","twitter_card":"summary_large_image","twitter_creator":"@elli","schema":{"@context":"https:\/\/schema.org","@graph":[{"@type":"Article","@id":"https:\/\/www.meydan.tv\/az\/article\/hebs-edilen-qarabag-qazisinin-isgence-ile-oldurulduyu-iddia-olunur\/#article","isPartOf":{"@id":"https:\/\/www.meydan.tv\/az\/article\/hebs-edilen-qarabag-qazisinin-isgence-ile-oldurulduyu-iddia-olunur\/"},"author":{"name":"elli","@id":"https:\/\/www.meydan.tv\/az\/#\/schema\/person\/9cdbecf90d17180ce1dfbd95b08dcf47"},"headline":"H\u0259bs edil\u0259n Qaraba\u011f qazisinin i\u015fg\u0259nc\u0259 il\u0259 \u00f6ld\u00fcr\u00fcld\u00fcy\u00fc iddia olunur","datePublished":"2023-04-14T06:57:49+00:00","dateModified":"2023-04-14T06:57:57+00:00","mainEntityOfPage":{"@id":"https:\/\/www.meydan.tv\/az\/article\/hebs-edilen-qarabag-qazisinin-isgence-ile-oldurulduyu-iddia-olunur\/"},"wordCount":762,"publisher":{"@id":"https:\/\/www.meydan.tv\/az\/#organization"},"image":{"@id":"https:\/\/www.meydan.tv\/az\/article\/hebs-edilen-qarabag-qazisinin-isgence-ile-oldurulduyu-iddia-olunur\/#primaryimage"},"thumbnailUrl":"https:\/\/www.meydan.tv\/wp-content\/uploads\/untitled-design-5-49-e1681454709279.jpg","articleSection":["B\u00f6lg\u0259","T\u00f6vsiy\u0259","X\u0259b\u0259rl\u0259r"],"inLanguage":"az"},{"@type":"WebPage","@id":"https:\/\/www.meydan.tv\/az\/article\/hebs-edilen-qarabag-qazisinin-isgence-ile-oldurulduyu-iddia-olunur\/","url":"https:\/\/www.meydan.tv\/az\/article\/hebs-edilen-qarabag-qazisinin-isgence-ile-oldurulduyu-iddia-olunur\/","name":"H\u0259bs edil\u0259n Qaraba\u011f qazisinin i\u015fg\u0259nc\u0259 il\u0259 \u00f6ld\u00fcr\u00fcld\u00fcy\u00fc iddia olunur - MEYDAN.TV","isPartOf":{"@id":"https:\/\/www.meydan.tv\/az\/#website"},"primaryImageOfPage":{"@id":"https:\/\/www.meydan.tv\/az\/article\/hebs-edilen-qarabag-qazisinin-isgence-ile-oldurulduyu-iddia-olunur\/#primaryimage"},"image":{"@id":"https:\/\/www.meydan.tv\/az\/article\/hebs-edilen-qarabag-qazisinin-isgence-ile-oldurulduyu-iddia-olunur\/#primaryimage"},"thumbnailUrl":"https:\/\/www.meydan.tv\/wp-content\/uploads\/untitled-design-5-49-e1681454709279.jpg","datePublished":"2023-04-14T06:57:49+00:00","dateModified":"2023-04-14T06:57:57+00:00","breadcrumb":{"@id":"https:\/\/www.meydan.tv\/az\/article\/hebs-edilen-qarabag-qazisinin-isgence-ile-oldurulduyu-iddia-olunur\/#breadcrumb"},"inLanguage":"az","potentialAction":[{"@type":"ReadAction","target":["https:\/\/www.meydan.tv\/az\/article\/hebs-edilen-qarabag-qazisinin-isgence-ile-oldurulduyu-iddia-olunur\/"]}]},{"@type":"ImageObject","inLanguage":"az","@id":"https:\/\/www.meydan.tv\/az\/article\/hebs-edilen-qarabag-qazisinin-isgence-ile-oldurulduyu-iddia-olunur\/#primaryimage","url":"https:\/\/www.meydan.tv\/wp-content\/uploads\/untitled-design-5-49-e1681454709279.jpg","contentUrl":"https:\/\/www.meydan.tv\/wp-content\/uploads\/untitled-design-5-49-e1681454709279.jpg","width":1200,"height":627,"caption":"S\u00fcbhan A\u011fayev (solda) Fotolar: ail\u0259 albomundan."},{"@type":"BreadcrumbList","@id":"https:\/\/www.meydan.tv\/az\/article\/hebs-edilen-qarabag-qazisinin-isgence-ile-oldurulduyu-iddia-olunur\/#breadcrumb","itemListElement":[{"@type":"ListItem","position":1,"name":"Ana s\u0259hif\u0259","item":"https:\/\/www.meydan.tv\/az\/"},{"@type":"ListItem","position":2,"name":"B\u00f6lg\u0259","item":"https:\/\/www.meydan.tv\/az\/section\/bolge\/"},{"@type":"ListItem","position":3,"name":"H\u0259bs edil\u0259n Qaraba\u011f qazisinin i\u015fg\u0259nc\u0259 il\u0259 \u00f6ld\u00fcr\u00fcld\u00fcy\u00fc iddia olunur"}]},{"@type":"WebSite","@id":"https:\/\/www.meydan.tv\/az\/#website","url":"https:\/\/www.meydan.tv\/az\/","name":"MEYDAN.TV","description":"Meydan TV Az\u0259rbaycan\u0131n media m\u0259kan\u0131ndak\u0131 alternativ s\u0259sidir","publisher":{"@id":"https:\/\/www.meydan.tv\/az\/#organization"},"potentialAction":[{"@type":"SearchAction","target":{"@type":"EntryPoint","urlTemplate":"https:\/\/www.meydan.tv\/az\/?s={search_term_string}"},"query-input":{"@type":"PropertyValueSpecification","valueRequired":true,"valueName":"search_term_string"}}],"inLanguage":"az"},{"@type":"Organization","@id":"https:\/\/www.meydan.tv\/az\/#organization","name":"Meydan TV","url":"https:\/\/www.meydan.tv\/az\/","logo":{"@type":"ImageObject","inLanguage":"az","@id":"https:\/\/www.meydan.tv\/az\/#\/schema\/logo\/image\/","url":"https:\/\/www.meydan.tv\/wp-content\/uploads\/2021\/07\/meydan-logo.svg","contentUrl":"https:\/\/www.meydan.tv\/wp-content\/uploads\/2021\/07\/meydan-logo.svg","width":195,"height":46,"caption":"Meydan TV"},"image":{"@id":"https:\/\/www.meydan.tv\/az\/#\/schema\/logo\/image\/"}},{"@type":"Person","@id":"https:\/\/www.meydan.tv\/az\/#\/schema\/person\/9cdbecf90d17180ce1dfbd95b08dcf47","name":"elli","sameAs":["https:\/\/x.com\/elli"]}]}},"_links":{"self":[{"href":"https:\/\/www.meydan.tv\/az\/wp-json\/wp\/v2\/posts\/272850","targetHints":{"allow":["GET"]}}],"collection":[{"href":"https:\/\/www.meydan.tv\/az\/wp-json\/wp\/v2\/posts"}],"about":[{"href":"https:\/\/www.meydan.tv\/az\/wp-json\/wp\/v2\/types\/post"}],"author":[{"embeddable":true,"href":"https:\/\/www.meydan.tv\/az\/wp-json\/wp\/v2\/users\/8"}],"replies":[{"embeddable":true,"href":"https:\/\/www.meydan.tv\/az\/wp-json\/wp\/v2\/comments?post=272850"}],"version-history":[{"count":1,"href":"https:\/\/www.meydan.tv\/az\/wp-json\/wp\/v2\/posts\/272850\/revisions"}],"predecessor-version":[{"id":272851,"href":"https:\/\/www.meydan.tv\/az\/wp-json\/wp\/v2\/posts\/272850\/revisions\/272851"}],"wp:featuredmedia":[{"embeddable":true,"href":"https:\/\/www.meydan.tv\/az\/wp-json\/wp\/v2\/media\/272844"}],"wp:attachment":[{"href":"https:\/\/www.meydan.tv\/az\/wp-json\/wp\/v2\/media?parent=272850"}],"wp:term":[{"taxonomy":"category","embeddable":true,"href":"https:\/\/www.meydan.tv\/az\/wp-json\/wp\/v2\/categories?post=272850"},{"taxonomy":"post_tag","embeddable":true,"href":"https:\/\/www.meydan.tv\/az\/wp-json\/wp\/v2\/tags?post=272850"}],"curies":[{"name":"wp","href":"https:\/\/api.w.org\/{rel}","templated":true}]}}