{"id":272805,"date":"2023-04-13T15:05:18","date_gmt":"2023-04-13T11:05:18","guid":{"rendered":"https:\/\/www.meydan.tv\/?p=272805"},"modified":"2023-04-13T15:05:22","modified_gmt":"2023-04-13T11:05:22","slug":"nermin-isi-usaq-itkin-dusenden-sonra-evin-yaxinligindan-tapilan-qanli-paltar-ve-sac-muemmasi","status":"publish","type":"post","link":"https:\/\/www.meydan.tv\/az\/article\/nermin-isi-usaq-itkin-dusenden-sonra-evin-yaxinligindan-tapilan-qanli-paltar-ve-sac-muemmasi\/","title":{"rendered":"\u201cN\u0259rmin i\u015fi\u201d: U\u015faq itkin d\u00fc\u015f\u0259nd\u0259n sonra evin yax\u0131nl\u0131\u011f\u0131ndan tap\u0131lan qanl\u0131 paltar v\u0259 sa\u00e7 m\u00fc\u0259mmas\u0131&#8230;"},"content":{"rendered":"\n<p><\/p>\n\n\n\n<p><strong><em>M\u0259hk\u0259m\u0259d\u0259 dindiril\u0259n k\u0259nd sakinl\u0259ri bu cinay\u0259t i\u015fiyl\u0259 ba\u011fl\u0131 yeni hallar a\u00e7\u0131qlad\u0131lar<\/em><\/strong><\/p>\n\n\n\n<p>Tovuz rayonunun Dondar Qu\u015f\u00e7u k\u0259ndind\u0259 2019-cu ilin noyabr\u0131nda 11 ya\u015fl\u0131 N\u0259rmin Quliyevan\u0131n itkin d\u00fc\u015fm\u0259si, 47 g\u00fcn sonra k\u0259ndd\u0259 yanm\u0131\u015f meyitin tap\u0131lmas\u0131yla ba\u011fl\u0131 m\u0259hk\u0259m\u0259 ara\u015fd\u0131rmalar\u0131 iki ildir ki, davam edir. Azya\u015fl\u0131n\u0131 o\u011furlay\u0131b \u00f6ld\u00fcrm\u0259kd\u0259, meyiti is\u0259 yand\u0131rmaqda t\u0259qsirl\u0259ndiril\u0259n k\u0259nd sakini \u0130lkin S\u00fcleymanovun i\u015fin\u0259 G\u0259nc\u0259 A\u011f\u0131r Cinay\u0259tl\u0259r M\u0259hk\u0259m\u0259sind\u0259 bax\u0131l\u0131r.<\/p>\n\n\n\n<p>\u0130lkin S\u00fcleymanovun v\u0259kill\u0259rin istintaq\u0131n obyektiv v\u0259 h\u0259rt\u0259r\u0259fli apar\u0131lmad\u0131\u011f\u0131n\u0131 \u0259sas g\u0259tirib, xeyli adamlar\u0131n \u0259lav\u0259 \u015fahid kimi dindirilm\u0259sini ist\u0259mi\u015fdil\u0259r. Onlar\u0131n aras\u0131nda Dondar Qu\u015f\u00e7u sakinl\u0259ri d\u0259 vard\u0131.<\/p>\n\n\n\n<p>Aprelin 12-d\u0259 m\u0259hk\u0259m\u0259d\u0259 \u00fc\u00e7 n\u0259f\u0259r k\u0259nd sakini dindirilib. Bunlardan Tofiq V\u0259liyev bildirib ki, yanm\u0131\u015f meyit tap\u0131lan yerd\u0259 7-8 kibrit \u00e7\u00f6p\u00fc vard\u0131. Bunu h\u00fcquq-m\u00fchafiz\u0259 orqanlar\u0131n\u0131n \u0259m\u0259kda\u015flar\u0131yla birlikd\u0259 hadis\u0259 yerin\u0259 v\u0259 meyit\u0259 bax\u0131\u015f ke\u00e7iril\u0259rk\u0259n g\u00f6r\u00fcb:<\/p>\n\n\n\n<p><em>\u201cMeyit tap\u0131lan g\u00fcn\u00fcn ert\u0259si idi \u2013 ay\u0131n 7-d\u0259. N\u0259rminin qohumlar\u0131n\u0131n yan\u0131nda idim. \u00c7\u00fcnki \u0259misi il\u0259 dostlu\u011fumuz var. H\u00fcquq-m\u00fchafiz\u0259 orqanlar\u0131n\u0131n i\u015f\u00e7il\u0259rind\u0259n g\u0259ldi, dedil\u0259r ki, meyit\u0259, hadis\u0259 yerin\u0259 bax\u0131\u015f ke\u00e7ir\u0259c\u0259yik, \u015fahid laz\u0131md\u0131r, amma qohum olmas\u0131n. K\u0259nar adam olmal\u0131d\u0131r. M\u0259n getdim. Orada q\u0131rm\u0131z\u0131 k\u00f6yn\u0259k g\u00f6rd\u00fcm, 7-8 kibrit \u00e7\u00f6p\u00fc g\u00f6rd\u00fcm. H\u0259tta dedim ki, bu \u00e7\u00f6pl\u0259r \u0259h\u0259miyy\u0259tli ola bil\u0259r. \u00c7\u00fcnki \u00fcst\u00fcnd\u0259 \u0259l izl\u0259ri ola bil\u0259r. Orada t\u0259xmin\u0259n 1.5 saat olduq\u201d.<\/em><\/p>\n\n\n\n<p>\u015eahidin s\u00f6zl\u0259rin\u0259 g\u00f6r\u0259, h\u0259min vaxt ona he\u00e7 bir s\u0259n\u0259d imzalatd\u0131r\u0131lmay\u0131b. Sonradan evd\u0259 olark\u0259n s\u0259n\u0259d g\u0259tiribl\u0259r. Lakin onu oxumadan imzalay\u0131b.<\/p>\n\n\n\n<p>Tofiq V\u0259liyev suallar\u0131 cavabland\u0131rark\u0259n onu da bildirib ki, g\u00f6rd\u00fcy\u00fc meyitin \u00f6l\u00e7\u00fcs\u00fc t\u0259xmin\u0259n 1 metr 65-1 metr 70 santimetr olard\u0131.<\/p>\n\n\n\n<p>V\u0259kill\u0259r deyir ki, hadis\u0259 yerin\u0259 bax\u0131\u015f protokolunda orada c\u0259mi 1 kibrit \u00e7\u00f6p\u00fcn\u00fcn tap\u0131ld\u0131\u011f\u0131 g\u00f6st\u0259rilib. Bundan ba\u015fqa, ittihamda iddia olunur ki, \u0130lkin S\u00fcleymanov meyiti al\u0131\u015fqanla yand\u0131r\u0131b.<\/p>\n\n\n\n<p><em>\u201cHadis\u0259 yerin\u0259 bax\u0131\u015f protokolunda oradan c\u0259mi bir kibrit \u00e7\u00f6p\u00fc tap\u0131ld\u0131\u011f\u0131 g\u00f6st\u0259rilib. Dig\u0259r kibrit \u00e7\u00f6pl\u0259ri niy\u0259 yaz\u0131lmay\u0131b? Niy\u0259 ara\u015fd\u0131r\u0131lmay\u0131b? Bu m\u0259s\u0259l\u0259 \u0130lkinin o meyiti al\u0131\u015fqanla yand\u0131rmas\u0131 haqda yaz\u0131lanlar\u0131n da yalan oldu\u011funu s\u00fcbut edir\u201d<\/em>, &#8211; v\u0259kill\u0259r bildirib.<\/p>\n\n\n\n<p>M\u0259hk\u0259m\u0259d\u0259 dindiril\u0259n daha iki n\u0259f\u0259r k\u0259nd sakini \u2013 R\u00fcst\u0259m S\u00fcleymanov v\u0259 G\u00fcnd\u00fcz \u018fliyev u\u015faq itkin d\u00fc\u015f\u0259nd\u0259n az sonra Quliyevl\u0259rin evin\u0259 v\u0259 onlar\u0131n evinin \u0259traf\u0131na polisl\u0259rin ke\u00e7irdiyi bax\u0131\u015f zaman\u0131 hal \u015fahidliyi edibl\u0259r. Onlar bildirib ki, Quliyevl\u0259rin h\u0259y\u0259tind\u0259n topa \u00e7\u0259klind\u0259 t\u00fck a\u015fkarlan\u0131b. N\u0259rminin atas\u0131 \u015e\u0259rif Quliyevd\u0259n soru\u015fanda o bildirib ki, q\u0131z\u0131 itkin d\u00fc\u015fm\u0259mi\u015fd\u0259n bir g\u00fcn \u0259vv\u0259l \u0259misi q\u0131z\u0131n\u0131n toyuna getm\u0259k \u00fc\u00e7\u00fcn sa\u00e7\u0131n\u0131 k\u0259smi\u015fdi. H\u0259min t\u00fckd\u00fcr.<\/p>\n\n\n\n<p>\u015eahidl\u0259rin s\u00f6zl\u0259rin\u0259 g\u00f6r\u0259, Qulievl\u0259rin evinin qar\u015f\u0131s\u0131nda, i\u00e7ind\u0259 su olmayan arx\u0131n k\u0259nar\u0131ndak\u0131 kollar\u0131n \u00fcst\u00fcnd\u0259n a\u011f r\u0259ngli u\u015faq alt paltar\u0131 tap\u0131l\u0131b. H\u0259min alt paltar\u0131 qanl\u0131 olub. Polisl\u0259r bunu tapandan sonra N\u0259rminin anas\u0131n\u0131 \u00e7a\u011f\u0131r\u0131blar. Lakin Aynur\u0259 \u0130smay\u0131lova alt paltar\u0131n\u0131n onun q\u0131z\u0131na m\u0259xsus olmad\u0131\u011f\u0131n\u0131 deyib.<\/p>\n\n\n\n<p>M\u0259hk\u0259m\u0259 iclas\u0131nda i\u015ftirak ed\u0259n \u015e\u0259rif Quliyev \u015fahidl\u0259rin ifad\u0259l\u0259rinin do\u011fru oldu\u011funu t\u0259sdiql\u0259yib.<\/p>\n\n\n\n<p>M\u0259hk\u0259m\u0259d\u0259 v\u0259kill\u0259rl\u0259 proses\u0259 s\u0259drlik ed\u0259n hakim Dada\u015f \u0130manov aras\u0131nda m\u00fcbahis\u0259 yaran\u0131b. Hakim bildirib ki, indiy\u0259d\u0259k dindirilmi\u015f ekspertl\u0259r kifay\u0259tdir. V\u0259kill\u0259r is\u0259 deyir ki, onlar dekabr ay\u0131nda \u0259lav\u0259 \u015fahidl\u0259rin dindirilm\u0259si haqda qald\u0131rd\u0131qlar\u0131 v\u0259sat\u0259td\u0259 r\u0259y vermi\u015f b\u00fct\u00fcn ekspertl\u0259rin dindirilm\u0259si m\u0259s\u0259l\u0259sini qoymu\u015fdular, Dada\u015f \u0130manov da o zaman t\u0259min etmi\u015fdi:<\/p>\n\n\n\n<p><em>\u201cBel\u0259 \u00e7\u0131x\u0131r ki, indi m\u0259hk\u0259m\u0259 \u00f6z\u00fc \u00f6z q\u0259rar\u0131n\u0131 icra el\u0259mir. \u00d6z\u00fcn\u00fcz o zaman q\u0259rar vermisiniz. Telefonla ba\u011fl\u0131 v\u0259sat\u0259ti t\u0259min el\u0259misiniz, h\u0259l\u0259 d\u0259 icra olunmay\u0131b&#8230;\u201d.<\/em><\/p>\n\n\n\n<p>Hakim Dada\u015f \u0130manov t\u0259klif edib ki, v\u0259sat\u0259tl\u0259ri yenid\u0259n versinl\u0259r, m\u0259hk\u0259m\u0259 bir daha bax\u0131b qiym\u0259t versin. V\u0259kill\u0259r raz\u0131la\u015fmay\u0131b, onlar bildirib ki, m\u0259hk\u0259m\u0259 prosesi audioyaz\u0131 il\u0259 apar\u0131l\u0131r v\u0259 orada v\u0259sat\u0259tl\u0259rinin t\u0259min olunmas\u0131 \u00f6z \u0259ksini tapmal\u0131d\u0131r:<\/p>\n\n\n\n<p><em>\u201cProtokollara bax\u0131n, audioyaz\u0131ya qulaq qas\u0131n. N\u0259hay\u0259t, biz\u0259 v\u0259sat\u0259timizin t\u0259min olunmas\u0131 haqda q\u0259rar\u0131 verin. Niy\u0259 biz yenid\u0259n eyni v\u0259sat\u0259ti verm\u0259liyik?\u201d.<\/em><\/p>\n\n\n\n<p>Bu cinay\u0259t i\u015find\u0259 x\u00fcsusil\u0259 ekspert r\u0259yl\u0259ril\u0259 ba\u011fl\u0131 \u00e7oxsayl\u0131 ziddiyy\u0259tl\u0259r var. Ona g\u00f6r\u0259 m\u00fcdafi\u0259 t\u0259r\u0259fi ekspertl\u0259rin dindirilm\u0259sind\u0259 israrl\u0131d\u0131r.<\/p>\n\n\n\n<p>M\u0259hk\u0259m\u0259 prosesi aprelin 19-da davam ed\u0259c\u0259k.<\/p>\n\n\n\n<p>\u0130lkin S\u00fcleymanovun qarda\u015f\u0131 Adil S\u00fcleymanov Meydan TV-y\u0259 bildirib ki, N\u0259rmin itkin d\u00fc\u015f\u0259nd\u0259n sonra Quliyevl\u0259rin evind\u0259n b\u0131\u00e7aq v\u0259 \u00fcst\u00fcnd\u0259 t\u00fck tap\u0131lmas\u0131 haqda r\u0259smi protokol var:<\/p>\n\n\n\n<p><em>\u201cHesab edirik ki, evin yan\u0131nda qanl\u0131 alt paltar\u0131 tap\u0131ld\u0131\u011f\u0131 halda, bunun r\u0259smil\u0259\u015fdirilm\u0259m\u0259si normal deyil. \u00c7ox da Aynur\u0259 \u0130smay\u0131lova deyir ki, m\u0259nim u\u015fa\u011f\u0131m\u0131n deyil. Bu m\u0259s\u0259l\u0259 ara\u015fd\u0131r\u0131lmal\u0131yd\u0131. Ba\u015fqa bir \u015f\u00fcbh\u0259li hal budur ki, m\u0259hk\u0259m\u0259d\u0259 dindiril\u0259n G\u00fcnd\u00fcz \u018fliyev v\u0259 G\u00fcnd\u00fcz S\u00fcleymanovun orada \u015fahidlik etdiyini \u015e\u0259rif Quliyev \u00f6z\u00fc d\u0259 t\u0259sdiql\u0259di. Onlar\u0131n d\u00fcz dan\u0131\u015fd\u0131\u011f\u0131n\u0131 bildirdi. Lakin onlar\u0131n hal \u015fahidliyini sonradan h\u00fcquq-m\u00fchafiz\u0259 orqanlar\u0131 protokol qaydas\u0131nda t\u0259sdiql\u0259m\u0259yib. Sual olunur niy\u0259? N\u0259 m\u0259qs\u0259d vard\u0131? Bu cinay\u0259t i\u015fiyl\u0259 ba\u011fl\u0131 o q\u0259d\u0259r \u015f\u00fcbh\u0259li hallar, o q\u0259d\u0259r cavabs\u0131z suallar var ki, bitm\u0259k bilmir\u201d.<\/em><\/p>\n\n\n\n<p>1973-c\u00fc il t\u0259v\u0259ll\u00fcdl\u00fc \u0130lkin S\u00fcleymanov Cinay\u0259t M\u0259c\u0259ll\u0259sinin 120.2.4 (x\u00fcsusi amans\u0131zl\u0131qla q\u0259sd\u0259n adam \u00f6ld\u00fcrm\u0259), 120.2.9 (t\u0259qsirkar \u015f\u0259xs \u00fc\u00e7\u00fcn a\u015fkar sur\u0259td\u0259 k\u00f6m\u0259ksiz v\u0259ziyy\u0259td\u0259 olan adam\u0131 q\u0259sd\u0259n \u00f6ld\u00fcrm\u0259), 133.2.1 (o\u011furlanm\u0131\u015f \u015f\u0259xs\u0259 \u0259zab verm\u0259), 133.2.4 (yetkinlik ya\u015f\u0131na \u00e7atmayan, k\u00f6m\u0259ksiz v\u0259ziyy\u0259td\u0259 olan \u015f\u0259xs\u0259 \u0259zab verm\u0259), 144-c\u00fc (adam o\u011furlu\u011fu) madd\u0259l\u0259ril\u0259 ittiham olunur.<\/p>\n\n\n\n<p>\u0130ttihama \u0259sas\u0259n, o, sinif yolda\u015f\u0131 \u015e\u0259rif Quliyevin ail\u0259si, u\u015faqlar\u0131 oldu\u011funa g\u00f6r\u0259 onu q\u0131sqan\u0131b, buna g\u00f6r\u0259 d\u0259 onun q\u0131z\u0131 N\u0259rmini o\u011furlayaraq, 47 g\u00fcn sonra q\u0259tl\u0259 yetirib.<\/p>\n\n\n\n<p>\u0130lkin S\u00fcleymanov is\u0259 azya\u015fl\u0131n\u0131n \u00f6l\u00fcm\u00fcn\u0259 aidiyy\u0259ti olmad\u0131\u011f\u0131n\u0131 deyir. \u0130lkin ifad\u0259sind\u0259ki etirafa g\u0259linc\u0259, o bildirib ki, 2020-ci il yanvar\u0131n 6-dan 10-na q\u0259d\u0259r Tovuz rayon Polis \u015e\u00f6b\u0259sind\u0259 i\u015fg\u0259nc\u0259y\u0259 m\u0259ruz qal\u0131b. D\u00f6rd g\u00fcn sonra i\u015fg\u0259nc\u0259l\u0259r\u0259 d\u00f6zm\u0259y\u0259r\u0259k, etiraf ifad\u0259sin\u0259 imza atma\u011fa m\u0259cbur olub.<br>Ba\u015f Prokurorluq is\u0259 i\u015fg\u0259nc\u0259 iddialar\u0131n\u0131 t\u0259kzib edib.<\/p>\n","protected":false},"excerpt":{"rendered":"<p>M\u0259hk\u0259m\u0259d\u0259 dindiril\u0259n k\u0259nd sakinl\u0259ri bu cinay\u0259t i\u015fiyl\u0259 ba\u011fl\u0131 yeni hallar &#8230; <\/p>\n<p class=\"read-more-container\"><a title=\"\u201cN\u0259rmin i\u015fi\u201d: U\u015faq itkin d\u00fc\u015f\u0259nd\u0259n sonra evin yax\u0131nl\u0131\u011f\u0131ndan tap\u0131lan qanl\u0131 paltar v\u0259 sa\u00e7 m\u00fc\u0259mmas\u0131&#8230;\" class=\"read-more button\" href=\"https:\/\/www.meydan.tv\/az\/article\/nermin-isi-usaq-itkin-dusenden-sonra-evin-yaxinligindan-tapilan-qanli-paltar-ve-sac-muemmasi\/#more-272805\" aria-label=\"Read more about \u201cN\u0259rmin i\u015fi\u201d: U\u015faq itkin d\u00fc\u015f\u0259nd\u0259n sonra evin yax\u0131nl\u0131\u011f\u0131ndan tap\u0131lan qanl\u0131 paltar v\u0259 sa\u00e7 m\u00fc\u0259mmas\u0131&#8230;\">Davam\u0131<\/a><\/p>\n","protected":false},"author":8,"featured_media":272806,"comment_status":"closed","ping_status":"closed","sticky":false,"template":"","format":"standard","meta":{"_acf_changed":false,"_sitemap_exclude":false,"_sitemap_priority":"","_sitemap_frequency":"","footnotes":""},"categories":[60,88,56],"tags":[],"class_list":["post-272805","post","type-post","status-publish","format-standard","has-post-thumbnail","hentry","category-bolge","category-redaktor-secimi","category-xeberler","infinite-scroll-item","generate-columns","tablet-grid-50","mobile-grid-100","grid-parent","grid-33","no-featured-image-padding"],"acf":[],"yoast_head":"<!-- This site is optimized with the Yoast SEO plugin v27.5 - https:\/\/yoast.com\/product\/yoast-seo-wordpress\/ -->\n<title>\u201cN\u0259rmin i\u015fi\u201d: U\u015faq itkin d\u00fc\u015f\u0259nd\u0259n sonra evin yax\u0131nl\u0131\u011f\u0131ndan tap\u0131lan qanl\u0131 paltar v\u0259 sa\u00e7 m\u00fc\u0259mmas\u0131... - MEYDAN.TV<\/title>\n<meta name=\"robots\" content=\"index, follow, max-snippet:-1, max-image-preview:large, max-video-preview:-1\" \/>\n<link rel=\"canonical\" href=\"https:\/\/www.meydan.tv\/az\/article\/nermin-isi-usaq-itkin-dusenden-sonra-evin-yaxinligindan-tapilan-qanli-paltar-ve-sac-muemmasi\/\" \/>\n<meta property=\"og:locale\" content=\"az_AZ\" \/>\n<meta property=\"og:type\" content=\"article\" \/>\n<meta property=\"og:title\" content=\"\u201cN\u0259rmin i\u015fi\u201d: U\u015faq itkin d\u00fc\u015f\u0259nd\u0259n sonra evin yax\u0131nl\u0131\u011f\u0131ndan tap\u0131lan qanl\u0131 paltar v\u0259 sa\u00e7 m\u00fc\u0259mmas\u0131... - MEYDAN.TV\" \/>\n<meta property=\"og:description\" content=\"M\u0259hk\u0259m\u0259d\u0259 dindiril\u0259n k\u0259nd sakinl\u0259ri bu cinay\u0259t i\u015fiyl\u0259 ba\u011fl\u0131 yeni hallar ... Davam\u0131\" \/>\n<meta property=\"og:url\" content=\"https:\/\/www.meydan.tv\/az\/article\/nermin-isi-usaq-itkin-dusenden-sonra-evin-yaxinligindan-tapilan-qanli-paltar-ve-sac-muemmasi\/\" \/>\n<meta property=\"og:site_name\" content=\"MEYDAN.TV\" \/>\n<meta property=\"article:published_time\" content=\"2023-04-13T11:05:18+00:00\" \/>\n<meta property=\"article:modified_time\" content=\"2023-04-13T11:05:22+00:00\" \/>\n<meta property=\"og:image\" content=\"https:\/\/www.meydan.tv\/wp-content\/uploads\/278248893_729482484890211_8506415010268804436_n_720-1.jpg\" \/>\n\t<meta property=\"og:image:width\" content=\"1200\" \/>\n\t<meta property=\"og:image:height\" content=\"901\" \/>\n\t<meta property=\"og:image:type\" content=\"image\/jpeg\" \/>\n<meta name=\"author\" content=\"elli\" \/>\n<meta name=\"twitter:card\" content=\"summary_large_image\" \/>\n<meta name=\"twitter:creator\" content=\"@elli\" \/>\n<script type=\"application\/ld+json\" class=\"yoast-schema-graph\">{\"@context\":\"https:\\\/\\\/schema.org\",\"@graph\":[{\"@type\":\"Article\",\"@id\":\"https:\\\/\\\/www.meydan.tv\\\/az\\\/article\\\/nermin-isi-usaq-itkin-dusenden-sonra-evin-yaxinligindan-tapilan-qanli-paltar-ve-sac-muemmasi\\\/#article\",\"isPartOf\":{\"@id\":\"https:\\\/\\\/www.meydan.tv\\\/az\\\/article\\\/nermin-isi-usaq-itkin-dusenden-sonra-evin-yaxinligindan-tapilan-qanli-paltar-ve-sac-muemmasi\\\/\"},\"author\":{\"name\":\"elli\",\"@id\":\"https:\\\/\\\/www.meydan.tv\\\/az\\\/#\\\/schema\\\/person\\\/9cdbecf90d17180ce1dfbd95b08dcf47\"},\"headline\":\"\u201cN\u0259rmin i\u015fi\u201d: U\u015faq itkin d\u00fc\u015f\u0259nd\u0259n sonra evin yax\u0131nl\u0131\u011f\u0131ndan tap\u0131lan qanl\u0131 paltar v\u0259 sa\u00e7 m\u00fc\u0259mmas\u0131&#8230;\",\"datePublished\":\"2023-04-13T11:05:18+00:00\",\"dateModified\":\"2023-04-13T11:05:22+00:00\",\"mainEntityOfPage\":{\"@id\":\"https:\\\/\\\/www.meydan.tv\\\/az\\\/article\\\/nermin-isi-usaq-itkin-dusenden-sonra-evin-yaxinligindan-tapilan-qanli-paltar-ve-sac-muemmasi\\\/\"},\"wordCount\":1311,\"publisher\":{\"@id\":\"https:\\\/\\\/www.meydan.tv\\\/az\\\/#organization\"},\"image\":{\"@id\":\"https:\\\/\\\/www.meydan.tv\\\/az\\\/article\\\/nermin-isi-usaq-itkin-dusenden-sonra-evin-yaxinligindan-tapilan-qanli-paltar-ve-sac-muemmasi\\\/#primaryimage\"},\"thumbnailUrl\":\"https:\\\/\\\/www.meydan.tv\\\/wp-content\\\/uploads\\\/278248893_729482484890211_8506415010268804436_n_720-1.jpg\",\"articleSection\":[\"B\u00f6lg\u0259\",\"Redaktor se\u00e7imi\",\"X\u0259b\u0259rl\u0259r\"],\"inLanguage\":\"az\"},{\"@type\":\"WebPage\",\"@id\":\"https:\\\/\\\/www.meydan.tv\\\/az\\\/article\\\/nermin-isi-usaq-itkin-dusenden-sonra-evin-yaxinligindan-tapilan-qanli-paltar-ve-sac-muemmasi\\\/\",\"url\":\"https:\\\/\\\/www.meydan.tv\\\/az\\\/article\\\/nermin-isi-usaq-itkin-dusenden-sonra-evin-yaxinligindan-tapilan-qanli-paltar-ve-sac-muemmasi\\\/\",\"name\":\"\u201cN\u0259rmin i\u015fi\u201d: U\u015faq itkin d\u00fc\u015f\u0259nd\u0259n sonra evin yax\u0131nl\u0131\u011f\u0131ndan tap\u0131lan qanl\u0131 paltar v\u0259 sa\u00e7 m\u00fc\u0259mmas\u0131... - MEYDAN.TV\",\"isPartOf\":{\"@id\":\"https:\\\/\\\/www.meydan.tv\\\/az\\\/#website\"},\"primaryImageOfPage\":{\"@id\":\"https:\\\/\\\/www.meydan.tv\\\/az\\\/article\\\/nermin-isi-usaq-itkin-dusenden-sonra-evin-yaxinligindan-tapilan-qanli-paltar-ve-sac-muemmasi\\\/#primaryimage\"},\"image\":{\"@id\":\"https:\\\/\\\/www.meydan.tv\\\/az\\\/article\\\/nermin-isi-usaq-itkin-dusenden-sonra-evin-yaxinligindan-tapilan-qanli-paltar-ve-sac-muemmasi\\\/#primaryimage\"},\"thumbnailUrl\":\"https:\\\/\\\/www.meydan.tv\\\/wp-content\\\/uploads\\\/278248893_729482484890211_8506415010268804436_n_720-1.jpg\",\"datePublished\":\"2023-04-13T11:05:18+00:00\",\"dateModified\":\"2023-04-13T11:05:22+00:00\",\"breadcrumb\":{\"@id\":\"https:\\\/\\\/www.meydan.tv\\\/az\\\/article\\\/nermin-isi-usaq-itkin-dusenden-sonra-evin-yaxinligindan-tapilan-qanli-paltar-ve-sac-muemmasi\\\/#breadcrumb\"},\"inLanguage\":\"az\",\"potentialAction\":[{\"@type\":\"ReadAction\",\"target\":[\"https:\\\/\\\/www.meydan.tv\\\/az\\\/article\\\/nermin-isi-usaq-itkin-dusenden-sonra-evin-yaxinligindan-tapilan-qanli-paltar-ve-sac-muemmasi\\\/\"]}]},{\"@type\":\"ImageObject\",\"inLanguage\":\"az\",\"@id\":\"https:\\\/\\\/www.meydan.tv\\\/az\\\/article\\\/nermin-isi-usaq-itkin-dusenden-sonra-evin-yaxinligindan-tapilan-qanli-paltar-ve-sac-muemmasi\\\/#primaryimage\",\"url\":\"https:\\\/\\\/www.meydan.tv\\\/wp-content\\\/uploads\\\/278248893_729482484890211_8506415010268804436_n_720-1.jpg\",\"contentUrl\":\"https:\\\/\\\/www.meydan.tv\\\/wp-content\\\/uploads\\\/278248893_729482484890211_8506415010268804436_n_720-1.jpg\",\"width\":1200,\"height\":901,\"caption\":\"Foto: Meydan TV\"},{\"@type\":\"BreadcrumbList\",\"@id\":\"https:\\\/\\\/www.meydan.tv\\\/az\\\/article\\\/nermin-isi-usaq-itkin-dusenden-sonra-evin-yaxinligindan-tapilan-qanli-paltar-ve-sac-muemmasi\\\/#breadcrumb\",\"itemListElement\":[{\"@type\":\"ListItem\",\"position\":1,\"name\":\"Ana s\u0259hif\u0259\",\"item\":\"https:\\\/\\\/www.meydan.tv\\\/az\\\/\"},{\"@type\":\"ListItem\",\"position\":2,\"name\":\"B\u00f6lg\u0259\",\"item\":\"https:\\\/\\\/www.meydan.tv\\\/az\\\/section\\\/bolge\\\/\"},{\"@type\":\"ListItem\",\"position\":3,\"name\":\"\u201cN\u0259rmin i\u015fi\u201d: U\u015faq itkin d\u00fc\u015f\u0259nd\u0259n sonra evin yax\u0131nl\u0131\u011f\u0131ndan tap\u0131lan qanl\u0131 paltar v\u0259 sa\u00e7 m\u00fc\u0259mmas\u0131&#8230;\"}]},{\"@type\":\"WebSite\",\"@id\":\"https:\\\/\\\/www.meydan.tv\\\/az\\\/#website\",\"url\":\"https:\\\/\\\/www.meydan.tv\\\/az\\\/\",\"name\":\"MEYDAN.TV\",\"description\":\"Meydan TV Az\u0259rbaycan\u0131n media m\u0259kan\u0131ndak\u0131 alternativ s\u0259sidir\",\"publisher\":{\"@id\":\"https:\\\/\\\/www.meydan.tv\\\/az\\\/#organization\"},\"potentialAction\":[{\"@type\":\"SearchAction\",\"target\":{\"@type\":\"EntryPoint\",\"urlTemplate\":\"https:\\\/\\\/www.meydan.tv\\\/az\\\/?s={search_term_string}\"},\"query-input\":{\"@type\":\"PropertyValueSpecification\",\"valueRequired\":true,\"valueName\":\"search_term_string\"}}],\"inLanguage\":\"az\"},{\"@type\":\"Organization\",\"@id\":\"https:\\\/\\\/www.meydan.tv\\\/az\\\/#organization\",\"name\":\"Meydan TV\",\"url\":\"https:\\\/\\\/www.meydan.tv\\\/az\\\/\",\"logo\":{\"@type\":\"ImageObject\",\"inLanguage\":\"az\",\"@id\":\"https:\\\/\\\/www.meydan.tv\\\/az\\\/#\\\/schema\\\/logo\\\/image\\\/\",\"url\":\"https:\\\/\\\/www.meydan.tv\\\/wp-content\\\/uploads\\\/2021\\\/07\\\/meydan-logo.svg\",\"contentUrl\":\"https:\\\/\\\/www.meydan.tv\\\/wp-content\\\/uploads\\\/2021\\\/07\\\/meydan-logo.svg\",\"width\":195,\"height\":46,\"caption\":\"Meydan TV\"},\"image\":{\"@id\":\"https:\\\/\\\/www.meydan.tv\\\/az\\\/#\\\/schema\\\/logo\\\/image\\\/\"}},{\"@type\":\"Person\",\"@id\":\"https:\\\/\\\/www.meydan.tv\\\/az\\\/#\\\/schema\\\/person\\\/9cdbecf90d17180ce1dfbd95b08dcf47\",\"name\":\"elli\",\"sameAs\":[\"https:\\\/\\\/x.com\\\/elli\"]}]}<\/script>\n<!-- \/ Yoast SEO plugin. -->","yoast_head_json":{"title":"\u201cN\u0259rmin i\u015fi\u201d: U\u015faq itkin d\u00fc\u015f\u0259nd\u0259n sonra evin yax\u0131nl\u0131\u011f\u0131ndan tap\u0131lan qanl\u0131 paltar v\u0259 sa\u00e7 m\u00fc\u0259mmas\u0131... - MEYDAN.TV","robots":{"index":"index","follow":"follow","max-snippet":"max-snippet:-1","max-image-preview":"max-image-preview:large","max-video-preview":"max-video-preview:-1"},"canonical":"https:\/\/www.meydan.tv\/az\/article\/nermin-isi-usaq-itkin-dusenden-sonra-evin-yaxinligindan-tapilan-qanli-paltar-ve-sac-muemmasi\/","og_locale":"az_AZ","og_type":"article","og_title":"\u201cN\u0259rmin i\u015fi\u201d: U\u015faq itkin d\u00fc\u015f\u0259nd\u0259n sonra evin yax\u0131nl\u0131\u011f\u0131ndan tap\u0131lan qanl\u0131 paltar v\u0259 sa\u00e7 m\u00fc\u0259mmas\u0131... - MEYDAN.TV","og_description":"M\u0259hk\u0259m\u0259d\u0259 dindiril\u0259n k\u0259nd sakinl\u0259ri bu cinay\u0259t i\u015fiyl\u0259 ba\u011fl\u0131 yeni hallar ... Davam\u0131","og_url":"https:\/\/www.meydan.tv\/az\/article\/nermin-isi-usaq-itkin-dusenden-sonra-evin-yaxinligindan-tapilan-qanli-paltar-ve-sac-muemmasi\/","og_site_name":"MEYDAN.TV","article_published_time":"2023-04-13T11:05:18+00:00","article_modified_time":"2023-04-13T11:05:22+00:00","og_image":[{"width":1200,"height":901,"url":"https:\/\/www.meydan.tv\/wp-content\/uploads\/278248893_729482484890211_8506415010268804436_n_720-1.jpg","type":"image\/jpeg"}],"author":"elli","twitter_card":"summary_large_image","twitter_creator":"@elli","schema":{"@context":"https:\/\/schema.org","@graph":[{"@type":"Article","@id":"https:\/\/www.meydan.tv\/az\/article\/nermin-isi-usaq-itkin-dusenden-sonra-evin-yaxinligindan-tapilan-qanli-paltar-ve-sac-muemmasi\/#article","isPartOf":{"@id":"https:\/\/www.meydan.tv\/az\/article\/nermin-isi-usaq-itkin-dusenden-sonra-evin-yaxinligindan-tapilan-qanli-paltar-ve-sac-muemmasi\/"},"author":{"name":"elli","@id":"https:\/\/www.meydan.tv\/az\/#\/schema\/person\/9cdbecf90d17180ce1dfbd95b08dcf47"},"headline":"\u201cN\u0259rmin i\u015fi\u201d: U\u015faq itkin d\u00fc\u015f\u0259nd\u0259n sonra evin yax\u0131nl\u0131\u011f\u0131ndan tap\u0131lan qanl\u0131 paltar v\u0259 sa\u00e7 m\u00fc\u0259mmas\u0131&#8230;","datePublished":"2023-04-13T11:05:18+00:00","dateModified":"2023-04-13T11:05:22+00:00","mainEntityOfPage":{"@id":"https:\/\/www.meydan.tv\/az\/article\/nermin-isi-usaq-itkin-dusenden-sonra-evin-yaxinligindan-tapilan-qanli-paltar-ve-sac-muemmasi\/"},"wordCount":1311,"publisher":{"@id":"https:\/\/www.meydan.tv\/az\/#organization"},"image":{"@id":"https:\/\/www.meydan.tv\/az\/article\/nermin-isi-usaq-itkin-dusenden-sonra-evin-yaxinligindan-tapilan-qanli-paltar-ve-sac-muemmasi\/#primaryimage"},"thumbnailUrl":"https:\/\/www.meydan.tv\/wp-content\/uploads\/278248893_729482484890211_8506415010268804436_n_720-1.jpg","articleSection":["B\u00f6lg\u0259","Redaktor se\u00e7imi","X\u0259b\u0259rl\u0259r"],"inLanguage":"az"},{"@type":"WebPage","@id":"https:\/\/www.meydan.tv\/az\/article\/nermin-isi-usaq-itkin-dusenden-sonra-evin-yaxinligindan-tapilan-qanli-paltar-ve-sac-muemmasi\/","url":"https:\/\/www.meydan.tv\/az\/article\/nermin-isi-usaq-itkin-dusenden-sonra-evin-yaxinligindan-tapilan-qanli-paltar-ve-sac-muemmasi\/","name":"\u201cN\u0259rmin i\u015fi\u201d: U\u015faq itkin d\u00fc\u015f\u0259nd\u0259n sonra evin yax\u0131nl\u0131\u011f\u0131ndan tap\u0131lan qanl\u0131 paltar v\u0259 sa\u00e7 m\u00fc\u0259mmas\u0131... - MEYDAN.TV","isPartOf":{"@id":"https:\/\/www.meydan.tv\/az\/#website"},"primaryImageOfPage":{"@id":"https:\/\/www.meydan.tv\/az\/article\/nermin-isi-usaq-itkin-dusenden-sonra-evin-yaxinligindan-tapilan-qanli-paltar-ve-sac-muemmasi\/#primaryimage"},"image":{"@id":"https:\/\/www.meydan.tv\/az\/article\/nermin-isi-usaq-itkin-dusenden-sonra-evin-yaxinligindan-tapilan-qanli-paltar-ve-sac-muemmasi\/#primaryimage"},"thumbnailUrl":"https:\/\/www.meydan.tv\/wp-content\/uploads\/278248893_729482484890211_8506415010268804436_n_720-1.jpg","datePublished":"2023-04-13T11:05:18+00:00","dateModified":"2023-04-13T11:05:22+00:00","breadcrumb":{"@id":"https:\/\/www.meydan.tv\/az\/article\/nermin-isi-usaq-itkin-dusenden-sonra-evin-yaxinligindan-tapilan-qanli-paltar-ve-sac-muemmasi\/#breadcrumb"},"inLanguage":"az","potentialAction":[{"@type":"ReadAction","target":["https:\/\/www.meydan.tv\/az\/article\/nermin-isi-usaq-itkin-dusenden-sonra-evin-yaxinligindan-tapilan-qanli-paltar-ve-sac-muemmasi\/"]}]},{"@type":"ImageObject","inLanguage":"az","@id":"https:\/\/www.meydan.tv\/az\/article\/nermin-isi-usaq-itkin-dusenden-sonra-evin-yaxinligindan-tapilan-qanli-paltar-ve-sac-muemmasi\/#primaryimage","url":"https:\/\/www.meydan.tv\/wp-content\/uploads\/278248893_729482484890211_8506415010268804436_n_720-1.jpg","contentUrl":"https:\/\/www.meydan.tv\/wp-content\/uploads\/278248893_729482484890211_8506415010268804436_n_720-1.jpg","width":1200,"height":901,"caption":"Foto: Meydan TV"},{"@type":"BreadcrumbList","@id":"https:\/\/www.meydan.tv\/az\/article\/nermin-isi-usaq-itkin-dusenden-sonra-evin-yaxinligindan-tapilan-qanli-paltar-ve-sac-muemmasi\/#breadcrumb","itemListElement":[{"@type":"ListItem","position":1,"name":"Ana s\u0259hif\u0259","item":"https:\/\/www.meydan.tv\/az\/"},{"@type":"ListItem","position":2,"name":"B\u00f6lg\u0259","item":"https:\/\/www.meydan.tv\/az\/section\/bolge\/"},{"@type":"ListItem","position":3,"name":"\u201cN\u0259rmin i\u015fi\u201d: U\u015faq itkin d\u00fc\u015f\u0259nd\u0259n sonra evin yax\u0131nl\u0131\u011f\u0131ndan tap\u0131lan qanl\u0131 paltar v\u0259 sa\u00e7 m\u00fc\u0259mmas\u0131&#8230;"}]},{"@type":"WebSite","@id":"https:\/\/www.meydan.tv\/az\/#website","url":"https:\/\/www.meydan.tv\/az\/","name":"MEYDAN.TV","description":"Meydan TV Az\u0259rbaycan\u0131n media m\u0259kan\u0131ndak\u0131 alternativ s\u0259sidir","publisher":{"@id":"https:\/\/www.meydan.tv\/az\/#organization"},"potentialAction":[{"@type":"SearchAction","target":{"@type":"EntryPoint","urlTemplate":"https:\/\/www.meydan.tv\/az\/?s={search_term_string}"},"query-input":{"@type":"PropertyValueSpecification","valueRequired":true,"valueName":"search_term_string"}}],"inLanguage":"az"},{"@type":"Organization","@id":"https:\/\/www.meydan.tv\/az\/#organization","name":"Meydan TV","url":"https:\/\/www.meydan.tv\/az\/","logo":{"@type":"ImageObject","inLanguage":"az","@id":"https:\/\/www.meydan.tv\/az\/#\/schema\/logo\/image\/","url":"https:\/\/www.meydan.tv\/wp-content\/uploads\/2021\/07\/meydan-logo.svg","contentUrl":"https:\/\/www.meydan.tv\/wp-content\/uploads\/2021\/07\/meydan-logo.svg","width":195,"height":46,"caption":"Meydan TV"},"image":{"@id":"https:\/\/www.meydan.tv\/az\/#\/schema\/logo\/image\/"}},{"@type":"Person","@id":"https:\/\/www.meydan.tv\/az\/#\/schema\/person\/9cdbecf90d17180ce1dfbd95b08dcf47","name":"elli","sameAs":["https:\/\/x.com\/elli"]}]}},"_links":{"self":[{"href":"https:\/\/www.meydan.tv\/az\/wp-json\/wp\/v2\/posts\/272805","targetHints":{"allow":["GET"]}}],"collection":[{"href":"https:\/\/www.meydan.tv\/az\/wp-json\/wp\/v2\/posts"}],"about":[{"href":"https:\/\/www.meydan.tv\/az\/wp-json\/wp\/v2\/types\/post"}],"author":[{"embeddable":true,"href":"https:\/\/www.meydan.tv\/az\/wp-json\/wp\/v2\/users\/8"}],"replies":[{"embeddable":true,"href":"https:\/\/www.meydan.tv\/az\/wp-json\/wp\/v2\/comments?post=272805"}],"version-history":[{"count":1,"href":"https:\/\/www.meydan.tv\/az\/wp-json\/wp\/v2\/posts\/272805\/revisions"}],"predecessor-version":[{"id":272809,"href":"https:\/\/www.meydan.tv\/az\/wp-json\/wp\/v2\/posts\/272805\/revisions\/272809"}],"wp:featuredmedia":[{"embeddable":true,"href":"https:\/\/www.meydan.tv\/az\/wp-json\/wp\/v2\/media\/272806"}],"wp:attachment":[{"href":"https:\/\/www.meydan.tv\/az\/wp-json\/wp\/v2\/media?parent=272805"}],"wp:term":[{"taxonomy":"category","embeddable":true,"href":"https:\/\/www.meydan.tv\/az\/wp-json\/wp\/v2\/categories?post=272805"},{"taxonomy":"post_tag","embeddable":true,"href":"https:\/\/www.meydan.tv\/az\/wp-json\/wp\/v2\/tags?post=272805"}],"curies":[{"name":"wp","href":"https:\/\/api.w.org\/{rel}","templated":true}]}}