{"id":272675,"date":"2023-04-12T15:48:50","date_gmt":"2023-04-12T11:48:50","guid":{"rendered":"https:\/\/www.meydan.tv\/?p=272675"},"modified":"2023-04-12T15:48:55","modified_gmt":"2023-04-12T11:48:55","slug":"sehid-ailesi-ilham-eliyevden-komek-isteyir","status":"publish","type":"post","link":"https:\/\/www.meydan.tv\/az\/article\/sehid-ailesi-ilham-eliyevden-komek-isteyir\/","title":{"rendered":"\u015e\u0259hid ail\u0259si \u0130lham \u018fliyevd\u0259n k\u00f6m\u0259k ist\u0259yir"},"content":{"rendered":"\n<p><\/p>\n\n\n\n<p><strong><em>O, maddi durumu il\u0259 ba\u011fl\u0131 imkanl\u0131 \u015f\u0259xsl\u0259r\u0259 d\u0259 m\u00fcraci\u0259t edib<\/em><\/strong><\/p>\n\n\n\n<p><em>\u201cKi\u00e7ik o\u011flum N\u0259cm\u0259ddin \u0130kinci Qaraba\u011f m\u00fcharib\u0259si zaman\u0131 \u015f\u0259hid olub. O, Agd\u0259r\u0259, T\u0259rt\u0259r, Suqovu\u015fan istiqam\u0259tind\u0259 ged\u0259n d\u00f6y\u00fc\u015fl\u0259rd\u0259 g\u00f6st\u0259rdiyi igidlikl\u0259r\u0259 g\u00f6r\u0259 medallarla t\u0259ltif edilib. Onun v\u0259fat\u0131ndan sonra t\u0259k v\u0259 k\u00f6m\u0259ksiz qalm\u0131\u015f\u0131q\u201d.<\/em><\/p>\n\n\n\n<p>Bunu Meydan TV-y\u0259 Balak\u0259nin \u015e\u0259rif k\u0259nd sakini \u018fli Sarkayev deyib.<\/p>\n\n\n\n<p>Valideyn \u015f\u0259hid ail\u0259si olaraq sosial t\u0259minat\u0131n\u0131n yax\u015f\u0131la\u015fd\u0131r\u0131lmas\u0131 m\u0259qs\u0259dil\u0259 imkanl\u0131 \u015f\u0259xsl\u0259rd\u0259n v\u0259 \u00f6lk\u0259 ba\u015f\u00e7\u0131s\u0131ndan k\u00f6m\u0259k ist\u0259yir.<\/p>\n\n\n\n<p><em>\u201cH\u0259yat yolda\u015f\u0131mla m\u0259n m\u00fcxt\u0259lif vaxtlarda a\u011f\u0131r \u00fcr\u0259k \u0259m\u0259liyyat\u0131 ke\u00e7irdik. Evimizd\u0259 n\u0259 vard\u0131sa, h\u0259tta mal-qaran\u0131 da sat\u0131b, sa\u011flaml\u0131\u011f\u0131m\u0131za s\u0259rf etdik. \u0130ki o\u011flumuz da xeyli borca girdi. H\u0259r ikisi normal i\u015f tapa bilm\u0259dikl\u0259rind\u0259n m\u00fchafiz\u0259 i\u015find\u0259 i\u015fl\u0259yirdil\u0259r. Ki\u00e7ik o\u011flum N\u0259cm\u0259ddin \u0130kinci Qaraba\u011f m\u00fcharib\u0259si zaman\u0131 ged\u0259n d\u00f6y\u00fc\u015fl\u0259rd\u0259 h\u0259lak olandan sonra t\u0259k qalm\u0131\u015f\u0131q\u201d, <\/em>&#8211; valideyn bildirir.<\/p>\n\n\n\n<p>\u018fli Sarkayev haz\u0131rda ail\u0259sinin v\u0259ziyy\u0259tinin a\u011f\u0131r oldu\u011funu deyir:<\/p>\n\n\n\n<p>\u201c<em>B\u00f6y\u00fck o\u011flum Abdulla haz\u0131rda Bak\u0131da kiray\u0259d\u0259 ya\u015fay\u0131r. M\u00fchafiz\u0259 i\u015find\u0259n ald\u0131\u011f\u0131 400 manatla \u00fc\u00e7 azya\u015fl\u0131 \u00f6vlad\u0131n\u0131 birt\u0259h\u0259r doland\u0131rma\u011fa \u00e7al\u0131\u015f\u0131r. H\u0259yat yolda\u015f\u0131mla m\u0259n k\u0259ndd\u0259 x\u0259st\u0259 v\u0259 k\u00f6m\u0259ksiz v\u0259ziyy\u0259td\u0259 qald\u0131\u011f\u0131m\u0131za g\u00f6r\u0259 Abdulla yan\u0131m\u0131za g\u0259lib, biziml\u0259 ya\u015famaq ist\u0259yir. Bilirsiniz ki, rayon yerind\u0259 d\u0259 i\u015f tapmaq \u00e7\u0259tin m\u0259s\u0259l\u0259dir. K\u0259ndd\u0259 ancaq t\u0259s\u0259rr\u00fcfatla m\u0259\u015f\u011ful olmaq adam\u0131 v\u0259ziyy\u0259td\u0259n \u00e7\u0131xar\u0131r. Biz d\u0259 h\u0259mi\u015f\u0259 t\u0259s\u0259rr\u00fcfatla m\u0259\u015f\u011ful olub, dirrik m\u0259hsullar\u0131 yeti\u015fdirmi\u015fik\u201d.<\/em><\/p>\n\n\n\n<p>\u018fli Sarkayev ail\u0259sin\u0259 m\u0259xsus be\u015f sot torpaqda istixana in\u015fa etm\u0259k ist\u0259yir:<\/p>\n\n\n\n<p>\u201c<em>Bunun \u00fc\u00e7\u00fcn is\u0259 xeyli pul t\u0259l\u0259b olunur. \u0130mkanl\u0131 \u015f\u0259xsl\u0259rd\u0259n, aidiyy\u0259ti qurumlardan, Prezident \u0130lham \u018fliyevd\u0259n xahi\u015f edirik ki, maddi v\u0259ziyy\u0259timizi yax\u015f\u0131la\u015fdr\u0131maq \u00fc\u00e7\u00fcn biz\u0259 yard\u0131m g\u00f6st\u0259rilsin\u201d.<\/em><\/p>\n\n\n\n<p>\u015e\u0259hid ail\u0259sinin imtiyaz v\u0259 sosial t\u0259minat h\u00fcquqlar\u0131 aras\u0131nda \u00f6z\u00fcn\u00fcm\u0259\u015f\u011fullu\u011fun t\u0259\u015fkili d\u0259 var.<\/p>\n\n\n\n<p>Bu proqram \u00e7\u0259r\u00e7iv\u0259sind\u0259 \u015f\u0259hid ail\u0259si \u00fczvl\u0259rinin \u00f6zl\u0259rinin ki\u00e7ik ail\u0259 t\u0259s\u0259rr\u00fcfat v\u0259 m\u00fc\u0259siss\u0259l\u0259rini yaratmalar\u0131 \u00fc\u00e7\u00fcn onlara mal v\u0259 materiallar formas\u0131nda aktivl\u0259r t\u0259qdim <a href=\"https:\/\/www.sosial.gov.az\/shehidailesihuquq\" target=\"_blank\" rel=\"noreferrer noopener\">edilir.<\/a><\/p>\n\n\n\n<p>Bu d\u0259st\u0259yi almaq \u00fc\u00e7\u00fcn \u015f\u0259xs i\u015fsizlik meyarlar\u0131na (aktiv \u0259m\u0259k m\u00fcqavil\u0259si, V\u00d6EN-i, torpaq pay m\u00fclkiyy\u0259t\u00e7isi, \u0259yani t\u0259l\u0259b\u0259 olmamal\u0131d\u0131r) uy\u011fun g\u0259lm\u0259lidir.<\/p>\n\n\n\n<p>&nbsp;\u015e\u0259xs onlayn qaydada \u201cM\u0259\u015f\u011fulluq Altsistemi\u201dn\u0259 (MAS), yerli \u0259razi m\u0259\u015f\u011fulluq v\u0259 ya DOST m\u0259rk\u0259zl\u0259rin\u0259 m\u00fcrac\u0259t etm\u0259lidir.<\/p>\n\n\n<div class=\"wp-block-image\">\n<figure class=\"aligncenter size-large\"><img decoding=\"async\" width=\"1006\" height=\"821\" data-src=\"https:\/\/www.meydan.tv\/wp-content\/uploads\/reyjpg-1628244569-1006x821.jpg\" alt=\"\" class=\"wp-image-247251 lazyload\" src=\"data:image\/svg+xml;base64,PHN2ZyB3aWR0aD0iMSIgaGVpZ2h0PSIxIiB4bWxucz0iaHR0cDovL3d3dy53My5vcmcvMjAwMC9zdmciPjwvc3ZnPg==\" style=\"--smush-placeholder-width: 1006px; --smush-placeholder-aspect-ratio: 1006\/821;\" \/><figcaption class=\"wp-element-caption\">Rey K\u0259rimo\u011flu. Foto: &#8220;adalet.az&#8221;<\/figcaption><\/figure>\n<\/div>\n\n\n<p>\u201cQaraba\u011f qazil\u0259ri\u201d \u0130ctimai Birliyinin m\u0259tbuat xidm\u0259tinin r\u0259hb\u0259ri, \u018fm\u0259k v\u0259 \u018fhalinin Sosial M\u00fcdafi\u0259si Nazirliyi yan\u0131nda \u0130ctimai \u015furan\u0131n \u00fczv\u00fc Rey K\u0259rimo\u011flu Meydan TV-y\u0259 \u015f\u0259hid ail\u0259sin\u0259 onlar t\u0259r\u0259find\u0259n yard\u0131m g\u00f6st\u0259ril\u0259c\u0259yini deyib:<\/p>\n\n\n\n<p><em>\u201cD\u00f6vl\u0259t M\u0259\u015f\u011fulluq Agentliyinin x\u0259tti il\u0259 \u015f\u0259hid ail\u0259l\u0259ri, m\u00fcharib\u0259 \u0259lill\u0259rin\u0259 i\u015fl\u0259 t\u0259min \u00fc\u00e7\u00fcn m\u0259\u015f\u011fulluq layih\u0259l\u0259ri realla\u015fd\u0131r\u0131r. D\u00f6vl\u0259t m\u00fcraci\u0259t ed\u0259nl\u0259rin ist\u0259kl\u0259rin\u0259 uy\u011fun avadanl\u0131q pulu ay\u0131r\u0131r. Bura t\u0259s\u0259rr\u00fcfat i\u015fl\u0259ri d\u0259 daxildir. \u018fm\u0259k v\u0259 \u018fhalinin Sosial M\u00fcdafi\u0259si Nazirliyi yan\u0131nda \u0130ctimai \u015furan\u0131n \u00fczv\u00fc olaraq h\u0259min \u015f\u0259hid ail\u0259sinin m\u00fcraci\u0259tinin h\u0259ll olunmas\u0131 m\u0259s\u0259l\u0259sin\u0259 \u00e7al\u0131\u015faca\u011fam\u201d.<\/em><\/p>\n\n\n\n<p><em>\u201cD\u00f6vl\u0259tin \u015f\u0259hid\u0259, qaziy\u0259, veterena diqq\u0259t qay\u011f\u0131 g\u00f6st\u0259m\u0259k borcudur. Dig\u0259r t\u0259r\u0259fd\u0259n is\u0259 hesab edir\u0259m ki, \u00f6z\u0259l sektor da bu m\u0259s\u0259l\u0259y\u0259 diqq\u0259t ay\u0131rmal\u0131d\u0131r. H\u0259r \u015feyi d\u0259 d\u00f6vl\u0259tin \u00fcz\u0259rin\u0259 y\u0131x\u0131b, arxay\u0131n olmaq olmaz. Az\u0259rbaycanda b\u00f6y\u00fck iqtisadi potensial var, pul qazan\u0131rlar. \u00d6z\u0259l sektorlara da m\u00fcraci\u0259t etm\u0259k laz\u0131md\u0131r\u201d, <\/em>&#8211; Rey K\u0259rimo\u011flu bildirib.<\/p>\n","protected":false},"excerpt":{"rendered":"<p>O, maddi durumu il\u0259 ba\u011fl\u0131 imkanl\u0131 \u015f\u0259xsl\u0259r\u0259 d\u0259 m\u00fcraci\u0259t edib &#8230; <\/p>\n<p class=\"read-more-container\"><a title=\"\u015e\u0259hid ail\u0259si \u0130lham \u018fliyevd\u0259n k\u00f6m\u0259k ist\u0259yir\" class=\"read-more button\" href=\"https:\/\/www.meydan.tv\/az\/article\/sehid-ailesi-ilham-eliyevden-komek-isteyir\/#more-272675\" aria-label=\"Read more about \u015e\u0259hid ail\u0259si \u0130lham \u018fliyevd\u0259n k\u00f6m\u0259k ist\u0259yir\">Davam\u0131<\/a><\/p>\n","protected":false},"author":8,"featured_media":272671,"comment_status":"closed","ping_status":"closed","sticky":false,"template":"","format":"standard","meta":{"_acf_changed":false,"_sitemap_exclude":false,"_sitemap_priority":"","_sitemap_frequency":"","footnotes":""},"categories":[60,56],"tags":[],"class_list":["post-272675","post","type-post","status-publish","format-standard","has-post-thumbnail","hentry","category-bolge","category-xeberler","infinite-scroll-item","generate-columns","tablet-grid-50","mobile-grid-100","grid-parent","grid-33","no-featured-image-padding"],"acf":[],"yoast_head":"<!-- This site is optimized with the Yoast SEO plugin v27.5 - https:\/\/yoast.com\/product\/yoast-seo-wordpress\/ -->\n<title>\u015e\u0259hid ail\u0259si \u0130lham \u018fliyevd\u0259n k\u00f6m\u0259k ist\u0259yir - MEYDAN.TV<\/title>\n<meta name=\"robots\" content=\"index, follow, max-snippet:-1, max-image-preview:large, max-video-preview:-1\" \/>\n<link rel=\"canonical\" href=\"https:\/\/www.meydan.tv\/az\/article\/sehid-ailesi-ilham-eliyevden-komek-isteyir\/\" \/>\n<meta property=\"og:locale\" content=\"az_AZ\" \/>\n<meta property=\"og:type\" content=\"article\" \/>\n<meta property=\"og:title\" content=\"\u015e\u0259hid ail\u0259si \u0130lham \u018fliyevd\u0259n k\u00f6m\u0259k ist\u0259yir - MEYDAN.TV\" \/>\n<meta property=\"og:description\" content=\"O, maddi durumu il\u0259 ba\u011fl\u0131 imkanl\u0131 \u015f\u0259xsl\u0259r\u0259 d\u0259 m\u00fcraci\u0259t edib ... Davam\u0131\" \/>\n<meta property=\"og:url\" content=\"https:\/\/www.meydan.tv\/az\/article\/sehid-ailesi-ilham-eliyevden-komek-isteyir\/\" \/>\n<meta property=\"og:site_name\" content=\"MEYDAN.TV\" \/>\n<meta property=\"article:published_time\" content=\"2023-04-12T11:48:50+00:00\" \/>\n<meta property=\"article:modified_time\" content=\"2023-04-12T11:48:55+00:00\" \/>\n<meta property=\"og:image\" content=\"https:\/\/www.meydan.tv\/wp-content\/uploads\/untitled-design-3-73-e1681298635543.jpg\" \/>\n\t<meta property=\"og:image:width\" content=\"1200\" \/>\n\t<meta property=\"og:image:height\" content=\"693\" \/>\n\t<meta property=\"og:image:type\" content=\"image\/jpeg\" \/>\n<meta name=\"author\" content=\"elli\" \/>\n<meta name=\"twitter:card\" content=\"summary_large_image\" \/>\n<meta name=\"twitter:creator\" content=\"@elli\" \/>\n<script type=\"application\/ld+json\" class=\"yoast-schema-graph\">{\"@context\":\"https:\\\/\\\/schema.org\",\"@graph\":[{\"@type\":\"Article\",\"@id\":\"https:\\\/\\\/www.meydan.tv\\\/az\\\/article\\\/sehid-ailesi-ilham-eliyevden-komek-isteyir\\\/#article\",\"isPartOf\":{\"@id\":\"https:\\\/\\\/www.meydan.tv\\\/az\\\/article\\\/sehid-ailesi-ilham-eliyevden-komek-isteyir\\\/\"},\"author\":{\"name\":\"elli\",\"@id\":\"https:\\\/\\\/www.meydan.tv\\\/az\\\/#\\\/schema\\\/person\\\/9cdbecf90d17180ce1dfbd95b08dcf47\"},\"headline\":\"\u015e\u0259hid ail\u0259si \u0130lham \u018fliyevd\u0259n k\u00f6m\u0259k ist\u0259yir\",\"datePublished\":\"2023-04-12T11:48:50+00:00\",\"dateModified\":\"2023-04-12T11:48:55+00:00\",\"mainEntityOfPage\":{\"@id\":\"https:\\\/\\\/www.meydan.tv\\\/az\\\/article\\\/sehid-ailesi-ilham-eliyevden-komek-isteyir\\\/\"},\"wordCount\":751,\"publisher\":{\"@id\":\"https:\\\/\\\/www.meydan.tv\\\/az\\\/#organization\"},\"image\":{\"@id\":\"https:\\\/\\\/www.meydan.tv\\\/az\\\/article\\\/sehid-ailesi-ilham-eliyevden-komek-isteyir\\\/#primaryimage\"},\"thumbnailUrl\":\"https:\\\/\\\/www.meydan.tv\\\/wp-content\\\/uploads\\\/untitled-design-3-73-e1681298635543.jpg\",\"articleSection\":[\"B\u00f6lg\u0259\",\"X\u0259b\u0259rl\u0259r\"],\"inLanguage\":\"az\"},{\"@type\":\"WebPage\",\"@id\":\"https:\\\/\\\/www.meydan.tv\\\/az\\\/article\\\/sehid-ailesi-ilham-eliyevden-komek-isteyir\\\/\",\"url\":\"https:\\\/\\\/www.meydan.tv\\\/az\\\/article\\\/sehid-ailesi-ilham-eliyevden-komek-isteyir\\\/\",\"name\":\"\u015e\u0259hid ail\u0259si \u0130lham \u018fliyevd\u0259n k\u00f6m\u0259k ist\u0259yir - MEYDAN.TV\",\"isPartOf\":{\"@id\":\"https:\\\/\\\/www.meydan.tv\\\/az\\\/#website\"},\"primaryImageOfPage\":{\"@id\":\"https:\\\/\\\/www.meydan.tv\\\/az\\\/article\\\/sehid-ailesi-ilham-eliyevden-komek-isteyir\\\/#primaryimage\"},\"image\":{\"@id\":\"https:\\\/\\\/www.meydan.tv\\\/az\\\/article\\\/sehid-ailesi-ilham-eliyevden-komek-isteyir\\\/#primaryimage\"},\"thumbnailUrl\":\"https:\\\/\\\/www.meydan.tv\\\/wp-content\\\/uploads\\\/untitled-design-3-73-e1681298635543.jpg\",\"datePublished\":\"2023-04-12T11:48:50+00:00\",\"dateModified\":\"2023-04-12T11:48:55+00:00\",\"breadcrumb\":{\"@id\":\"https:\\\/\\\/www.meydan.tv\\\/az\\\/article\\\/sehid-ailesi-ilham-eliyevden-komek-isteyir\\\/#breadcrumb\"},\"inLanguage\":\"az\",\"potentialAction\":[{\"@type\":\"ReadAction\",\"target\":[\"https:\\\/\\\/www.meydan.tv\\\/az\\\/article\\\/sehid-ailesi-ilham-eliyevden-komek-isteyir\\\/\"]}]},{\"@type\":\"ImageObject\",\"inLanguage\":\"az\",\"@id\":\"https:\\\/\\\/www.meydan.tv\\\/az\\\/article\\\/sehid-ailesi-ilham-eliyevden-komek-isteyir\\\/#primaryimage\",\"url\":\"https:\\\/\\\/www.meydan.tv\\\/wp-content\\\/uploads\\\/untitled-design-3-73-e1681298635543.jpg\",\"contentUrl\":\"https:\\\/\\\/www.meydan.tv\\\/wp-content\\\/uploads\\\/untitled-design-3-73-e1681298635543.jpg\",\"width\":1200,\"height\":693,\"caption\":\"N\u0259cm\u0259ddin Sarkayev. Foto: ail\u0259 albomundan\"},{\"@type\":\"BreadcrumbList\",\"@id\":\"https:\\\/\\\/www.meydan.tv\\\/az\\\/article\\\/sehid-ailesi-ilham-eliyevden-komek-isteyir\\\/#breadcrumb\",\"itemListElement\":[{\"@type\":\"ListItem\",\"position\":1,\"name\":\"Ana s\u0259hif\u0259\",\"item\":\"https:\\\/\\\/www.meydan.tv\\\/az\\\/\"},{\"@type\":\"ListItem\",\"position\":2,\"name\":\"B\u00f6lg\u0259\",\"item\":\"https:\\\/\\\/www.meydan.tv\\\/az\\\/section\\\/bolge\\\/\"},{\"@type\":\"ListItem\",\"position\":3,\"name\":\"\u015e\u0259hid ail\u0259si \u0130lham \u018fliyevd\u0259n k\u00f6m\u0259k ist\u0259yir\"}]},{\"@type\":\"WebSite\",\"@id\":\"https:\\\/\\\/www.meydan.tv\\\/az\\\/#website\",\"url\":\"https:\\\/\\\/www.meydan.tv\\\/az\\\/\",\"name\":\"MEYDAN.TV\",\"description\":\"Meydan TV Az\u0259rbaycan\u0131n media m\u0259kan\u0131ndak\u0131 alternativ s\u0259sidir\",\"publisher\":{\"@id\":\"https:\\\/\\\/www.meydan.tv\\\/az\\\/#organization\"},\"potentialAction\":[{\"@type\":\"SearchAction\",\"target\":{\"@type\":\"EntryPoint\",\"urlTemplate\":\"https:\\\/\\\/www.meydan.tv\\\/az\\\/?s={search_term_string}\"},\"query-input\":{\"@type\":\"PropertyValueSpecification\",\"valueRequired\":true,\"valueName\":\"search_term_string\"}}],\"inLanguage\":\"az\"},{\"@type\":\"Organization\",\"@id\":\"https:\\\/\\\/www.meydan.tv\\\/az\\\/#organization\",\"name\":\"Meydan TV\",\"url\":\"https:\\\/\\\/www.meydan.tv\\\/az\\\/\",\"logo\":{\"@type\":\"ImageObject\",\"inLanguage\":\"az\",\"@id\":\"https:\\\/\\\/www.meydan.tv\\\/az\\\/#\\\/schema\\\/logo\\\/image\\\/\",\"url\":\"https:\\\/\\\/www.meydan.tv\\\/wp-content\\\/uploads\\\/2021\\\/07\\\/meydan-logo.svg\",\"contentUrl\":\"https:\\\/\\\/www.meydan.tv\\\/wp-content\\\/uploads\\\/2021\\\/07\\\/meydan-logo.svg\",\"width\":195,\"height\":46,\"caption\":\"Meydan TV\"},\"image\":{\"@id\":\"https:\\\/\\\/www.meydan.tv\\\/az\\\/#\\\/schema\\\/logo\\\/image\\\/\"}},{\"@type\":\"Person\",\"@id\":\"https:\\\/\\\/www.meydan.tv\\\/az\\\/#\\\/schema\\\/person\\\/9cdbecf90d17180ce1dfbd95b08dcf47\",\"name\":\"elli\",\"sameAs\":[\"https:\\\/\\\/x.com\\\/elli\"]}]}<\/script>\n<!-- \/ Yoast SEO plugin. -->","yoast_head_json":{"title":"\u015e\u0259hid ail\u0259si \u0130lham \u018fliyevd\u0259n k\u00f6m\u0259k ist\u0259yir - MEYDAN.TV","robots":{"index":"index","follow":"follow","max-snippet":"max-snippet:-1","max-image-preview":"max-image-preview:large","max-video-preview":"max-video-preview:-1"},"canonical":"https:\/\/www.meydan.tv\/az\/article\/sehid-ailesi-ilham-eliyevden-komek-isteyir\/","og_locale":"az_AZ","og_type":"article","og_title":"\u015e\u0259hid ail\u0259si \u0130lham \u018fliyevd\u0259n k\u00f6m\u0259k ist\u0259yir - MEYDAN.TV","og_description":"O, maddi durumu il\u0259 ba\u011fl\u0131 imkanl\u0131 \u015f\u0259xsl\u0259r\u0259 d\u0259 m\u00fcraci\u0259t edib ... Davam\u0131","og_url":"https:\/\/www.meydan.tv\/az\/article\/sehid-ailesi-ilham-eliyevden-komek-isteyir\/","og_site_name":"MEYDAN.TV","article_published_time":"2023-04-12T11:48:50+00:00","article_modified_time":"2023-04-12T11:48:55+00:00","og_image":[{"width":1200,"height":693,"url":"https:\/\/www.meydan.tv\/wp-content\/uploads\/untitled-design-3-73-e1681298635543.jpg","type":"image\/jpeg"}],"author":"elli","twitter_card":"summary_large_image","twitter_creator":"@elli","schema":{"@context":"https:\/\/schema.org","@graph":[{"@type":"Article","@id":"https:\/\/www.meydan.tv\/az\/article\/sehid-ailesi-ilham-eliyevden-komek-isteyir\/#article","isPartOf":{"@id":"https:\/\/www.meydan.tv\/az\/article\/sehid-ailesi-ilham-eliyevden-komek-isteyir\/"},"author":{"name":"elli","@id":"https:\/\/www.meydan.tv\/az\/#\/schema\/person\/9cdbecf90d17180ce1dfbd95b08dcf47"},"headline":"\u015e\u0259hid ail\u0259si \u0130lham \u018fliyevd\u0259n k\u00f6m\u0259k ist\u0259yir","datePublished":"2023-04-12T11:48:50+00:00","dateModified":"2023-04-12T11:48:55+00:00","mainEntityOfPage":{"@id":"https:\/\/www.meydan.tv\/az\/article\/sehid-ailesi-ilham-eliyevden-komek-isteyir\/"},"wordCount":751,"publisher":{"@id":"https:\/\/www.meydan.tv\/az\/#organization"},"image":{"@id":"https:\/\/www.meydan.tv\/az\/article\/sehid-ailesi-ilham-eliyevden-komek-isteyir\/#primaryimage"},"thumbnailUrl":"https:\/\/www.meydan.tv\/wp-content\/uploads\/untitled-design-3-73-e1681298635543.jpg","articleSection":["B\u00f6lg\u0259","X\u0259b\u0259rl\u0259r"],"inLanguage":"az"},{"@type":"WebPage","@id":"https:\/\/www.meydan.tv\/az\/article\/sehid-ailesi-ilham-eliyevden-komek-isteyir\/","url":"https:\/\/www.meydan.tv\/az\/article\/sehid-ailesi-ilham-eliyevden-komek-isteyir\/","name":"\u015e\u0259hid ail\u0259si \u0130lham \u018fliyevd\u0259n k\u00f6m\u0259k ist\u0259yir - MEYDAN.TV","isPartOf":{"@id":"https:\/\/www.meydan.tv\/az\/#website"},"primaryImageOfPage":{"@id":"https:\/\/www.meydan.tv\/az\/article\/sehid-ailesi-ilham-eliyevden-komek-isteyir\/#primaryimage"},"image":{"@id":"https:\/\/www.meydan.tv\/az\/article\/sehid-ailesi-ilham-eliyevden-komek-isteyir\/#primaryimage"},"thumbnailUrl":"https:\/\/www.meydan.tv\/wp-content\/uploads\/untitled-design-3-73-e1681298635543.jpg","datePublished":"2023-04-12T11:48:50+00:00","dateModified":"2023-04-12T11:48:55+00:00","breadcrumb":{"@id":"https:\/\/www.meydan.tv\/az\/article\/sehid-ailesi-ilham-eliyevden-komek-isteyir\/#breadcrumb"},"inLanguage":"az","potentialAction":[{"@type":"ReadAction","target":["https:\/\/www.meydan.tv\/az\/article\/sehid-ailesi-ilham-eliyevden-komek-isteyir\/"]}]},{"@type":"ImageObject","inLanguage":"az","@id":"https:\/\/www.meydan.tv\/az\/article\/sehid-ailesi-ilham-eliyevden-komek-isteyir\/#primaryimage","url":"https:\/\/www.meydan.tv\/wp-content\/uploads\/untitled-design-3-73-e1681298635543.jpg","contentUrl":"https:\/\/www.meydan.tv\/wp-content\/uploads\/untitled-design-3-73-e1681298635543.jpg","width":1200,"height":693,"caption":"N\u0259cm\u0259ddin Sarkayev. Foto: ail\u0259 albomundan"},{"@type":"BreadcrumbList","@id":"https:\/\/www.meydan.tv\/az\/article\/sehid-ailesi-ilham-eliyevden-komek-isteyir\/#breadcrumb","itemListElement":[{"@type":"ListItem","position":1,"name":"Ana s\u0259hif\u0259","item":"https:\/\/www.meydan.tv\/az\/"},{"@type":"ListItem","position":2,"name":"B\u00f6lg\u0259","item":"https:\/\/www.meydan.tv\/az\/section\/bolge\/"},{"@type":"ListItem","position":3,"name":"\u015e\u0259hid ail\u0259si \u0130lham \u018fliyevd\u0259n k\u00f6m\u0259k ist\u0259yir"}]},{"@type":"WebSite","@id":"https:\/\/www.meydan.tv\/az\/#website","url":"https:\/\/www.meydan.tv\/az\/","name":"MEYDAN.TV","description":"Meydan TV Az\u0259rbaycan\u0131n media m\u0259kan\u0131ndak\u0131 alternativ s\u0259sidir","publisher":{"@id":"https:\/\/www.meydan.tv\/az\/#organization"},"potentialAction":[{"@type":"SearchAction","target":{"@type":"EntryPoint","urlTemplate":"https:\/\/www.meydan.tv\/az\/?s={search_term_string}"},"query-input":{"@type":"PropertyValueSpecification","valueRequired":true,"valueName":"search_term_string"}}],"inLanguage":"az"},{"@type":"Organization","@id":"https:\/\/www.meydan.tv\/az\/#organization","name":"Meydan TV","url":"https:\/\/www.meydan.tv\/az\/","logo":{"@type":"ImageObject","inLanguage":"az","@id":"https:\/\/www.meydan.tv\/az\/#\/schema\/logo\/image\/","url":"https:\/\/www.meydan.tv\/wp-content\/uploads\/2021\/07\/meydan-logo.svg","contentUrl":"https:\/\/www.meydan.tv\/wp-content\/uploads\/2021\/07\/meydan-logo.svg","width":195,"height":46,"caption":"Meydan TV"},"image":{"@id":"https:\/\/www.meydan.tv\/az\/#\/schema\/logo\/image\/"}},{"@type":"Person","@id":"https:\/\/www.meydan.tv\/az\/#\/schema\/person\/9cdbecf90d17180ce1dfbd95b08dcf47","name":"elli","sameAs":["https:\/\/x.com\/elli"]}]}},"_links":{"self":[{"href":"https:\/\/www.meydan.tv\/az\/wp-json\/wp\/v2\/posts\/272675","targetHints":{"allow":["GET"]}}],"collection":[{"href":"https:\/\/www.meydan.tv\/az\/wp-json\/wp\/v2\/posts"}],"about":[{"href":"https:\/\/www.meydan.tv\/az\/wp-json\/wp\/v2\/types\/post"}],"author":[{"embeddable":true,"href":"https:\/\/www.meydan.tv\/az\/wp-json\/wp\/v2\/users\/8"}],"replies":[{"embeddable":true,"href":"https:\/\/www.meydan.tv\/az\/wp-json\/wp\/v2\/comments?post=272675"}],"version-history":[{"count":2,"href":"https:\/\/www.meydan.tv\/az\/wp-json\/wp\/v2\/posts\/272675\/revisions"}],"predecessor-version":[{"id":272677,"href":"https:\/\/www.meydan.tv\/az\/wp-json\/wp\/v2\/posts\/272675\/revisions\/272677"}],"wp:featuredmedia":[{"embeddable":true,"href":"https:\/\/www.meydan.tv\/az\/wp-json\/wp\/v2\/media\/272671"}],"wp:attachment":[{"href":"https:\/\/www.meydan.tv\/az\/wp-json\/wp\/v2\/media?parent=272675"}],"wp:term":[{"taxonomy":"category","embeddable":true,"href":"https:\/\/www.meydan.tv\/az\/wp-json\/wp\/v2\/categories?post=272675"},{"taxonomy":"post_tag","embeddable":true,"href":"https:\/\/www.meydan.tv\/az\/wp-json\/wp\/v2\/tags?post=272675"}],"curies":[{"name":"wp","href":"https:\/\/api.w.org\/{rel}","templated":true}]}}