{"id":272669,"date":"2023-04-12T15:02:40","date_gmt":"2023-04-12T11:02:40","guid":{"rendered":"https:\/\/www.meydan.tv\/?p=272669"},"modified":"2023-04-12T16:59:40","modified_gmt":"2023-04-12T12:59:40","slug":"lacin-erazisinde-mal-qara-otaran-sexs-minaya-dusub","status":"publish","type":"post","link":"https:\/\/www.meydan.tv\/az\/article\/lacin-erazisinde-mal-qara-otaran-sexs-minaya-dusub\/","title":{"rendered":"La\u00e7\u0131n \u0259razisind\u0259 mal-qara otaran \u015f\u0259xs minaya d\u00fc\u015f\u00fcb"},"content":{"rendered":"\n<p><\/p>\n\n\n\n<p><strong><em>22 ya\u015fl\u0131 g\u0259nc aya\u011f\u0131ndan x\u0259sar\u0259t al\u0131b<\/em><\/strong><\/p>\n\n\n\n<p>La\u00e7\u0131n rayonu Sus k\u0259ndi \u0259razisind\u0259 mal-qara otaran \u00e7oban piyada \u0259leyhin\u0259 minaya d\u00fc\u015f\u00fcb. Bu bar\u0259d\u0259 Daxili \u0130\u015fl\u0259r Nazirliyinin (D\u0130N) M\u0259tbuat xidm\u0259ti m\u0259lumat yay\u0131b.<\/p>\n\n\n\n<p>Minaya d\u00fc\u015f\u0259n 2001-ci il t\u0259v\u0259ll\u00fcdl\u00fc Ramil \u018fzizovdur. Onun aya\u011f\u0131ndan x\u0259sar\u0259t ald\u0131\u011f\u0131 bildirilir.<\/p>\n\n\n\n<p><em>\u201cRamil \u018fzizov \u0259razid\u0259 xidm\u0259t aparan polis \u0259m\u0259kda\u015flar\u0131 t\u0259r\u0259find\u0259n x\u0259st\u0259xanaya \u00e7atd\u0131r\u0131l\u0131b. Ara\u015fd\u0131rma apar\u0131l\u0131r\u201d, <\/em>&#8211; D\u0130N-in m\u0259tbuat xidm\u0259tind\u0259n bildirilib.<\/p>\n\n\n\n<p>2020-ci il noyabr\u0131n 10-da m\u00fcharib\u0259nin dayand\u0131r\u0131lmas\u0131 haqda raz\u0131la\u015fman\u0131n imzalanmas\u0131ndan bu yana minalar\u0131n partlay\u0131\u015f\u0131 n\u0259tic\u0259sind\u0259 h\u0259rbi qulluq\u00e7u v\u0259 m\u00fclki \u015f\u0259xs olmaqla \u00fcmumilikd\u0259 51 n\u0259f\u0259r h\u0259lak olub, 239 n\u0259f\u0259r is\u0259 x\u0259sar\u0259t al\u0131b. <\/p>\n\n\n\n<p>Bu bar\u0259d\u0259 Meydan TV-y\u0259 Ba\u015f Prokurorlu\u011fun m\u0259tbuat xidm\u0259tind\u0259n m\u0259lumat verilib.<\/p>\n","protected":false},"excerpt":{"rendered":"<p>22 ya\u015fl\u0131 g\u0259nc aya\u011f\u0131ndan x\u0259sar\u0259t al\u0131b La\u00e7\u0131n rayonu Sus k\u0259ndi &#8230; <\/p>\n<p class=\"read-more-container\"><a title=\"La\u00e7\u0131n \u0259razisind\u0259 mal-qara otaran \u015f\u0259xs minaya d\u00fc\u015f\u00fcb\" class=\"read-more button\" href=\"https:\/\/www.meydan.tv\/az\/article\/lacin-erazisinde-mal-qara-otaran-sexs-minaya-dusub\/#more-272669\" aria-label=\"Read more about La\u00e7\u0131n \u0259razisind\u0259 mal-qara otaran \u015f\u0259xs minaya d\u00fc\u015f\u00fcb\">Davam\u0131<\/a><\/p>\n","protected":false},"author":8,"featured_media":260082,"comment_status":"closed","ping_status":"closed","sticky":false,"template":"","format":"standard","meta":{"_acf_changed":false,"_sitemap_exclude":false,"_sitemap_priority":"","_sitemap_frequency":"","footnotes":""},"categories":[60,56],"tags":[],"class_list":["post-272669","post","type-post","status-publish","format-standard","has-post-thumbnail","hentry","category-bolge","category-xeberler","infinite-scroll-item","generate-columns","tablet-grid-50","mobile-grid-100","grid-parent","grid-33","no-featured-image-padding"],"acf":[],"yoast_head":"<!-- This site is optimized with the Yoast SEO plugin v27.5 - https:\/\/yoast.com\/product\/yoast-seo-wordpress\/ -->\n<title>La\u00e7\u0131n \u0259razisind\u0259 mal-qara otaran \u015f\u0259xs minaya d\u00fc\u015f\u00fcb - MEYDAN.TV<\/title>\n<meta name=\"robots\" content=\"index, follow, max-snippet:-1, max-image-preview:large, max-video-preview:-1\" \/>\n<link rel=\"canonical\" href=\"https:\/\/www.meydan.tv\/az\/article\/lacin-erazisinde-mal-qara-otaran-sexs-minaya-dusub\/\" \/>\n<meta property=\"og:locale\" content=\"az_AZ\" \/>\n<meta property=\"og:type\" content=\"article\" \/>\n<meta property=\"og:title\" content=\"La\u00e7\u0131n \u0259razisind\u0259 mal-qara otaran \u015f\u0259xs minaya d\u00fc\u015f\u00fcb - MEYDAN.TV\" \/>\n<meta property=\"og:description\" content=\"22 ya\u015fl\u0131 g\u0259nc aya\u011f\u0131ndan x\u0259sar\u0259t al\u0131b La\u00e7\u0131n rayonu Sus k\u0259ndi ... Davam\u0131\" \/>\n<meta property=\"og:url\" content=\"https:\/\/www.meydan.tv\/az\/article\/lacin-erazisinde-mal-qara-otaran-sexs-minaya-dusub\/\" \/>\n<meta property=\"og:site_name\" content=\"MEYDAN.TV\" \/>\n<meta property=\"article:published_time\" content=\"2023-04-12T11:02:40+00:00\" \/>\n<meta property=\"article:modified_time\" content=\"2023-04-12T12:59:40+00:00\" \/>\n<meta property=\"og:image\" content=\"https:\/\/www.meydan.tv\/wp-content\/uploads\/1657803944_mina.jpg\" \/>\n\t<meta property=\"og:image:width\" content=\"1200\" \/>\n\t<meta property=\"og:image:height\" content=\"800\" \/>\n\t<meta property=\"og:image:type\" content=\"image\/jpeg\" \/>\n<meta name=\"author\" content=\"elli\" \/>\n<meta name=\"twitter:card\" content=\"summary_large_image\" \/>\n<meta name=\"twitter:creator\" content=\"@elli\" \/>\n<script type=\"application\/ld+json\" class=\"yoast-schema-graph\">{\"@context\":\"https:\\\/\\\/schema.org\",\"@graph\":[{\"@type\":\"Article\",\"@id\":\"https:\\\/\\\/www.meydan.tv\\\/az\\\/article\\\/lacin-erazisinde-mal-qara-otaran-sexs-minaya-dusub\\\/#article\",\"isPartOf\":{\"@id\":\"https:\\\/\\\/www.meydan.tv\\\/az\\\/article\\\/lacin-erazisinde-mal-qara-otaran-sexs-minaya-dusub\\\/\"},\"author\":{\"name\":\"elli\",\"@id\":\"https:\\\/\\\/www.meydan.tv\\\/az\\\/#\\\/schema\\\/person\\\/9cdbecf90d17180ce1dfbd95b08dcf47\"},\"headline\":\"La\u00e7\u0131n \u0259razisind\u0259 mal-qara otaran \u015f\u0259xs minaya d\u00fc\u015f\u00fcb\",\"datePublished\":\"2023-04-12T11:02:40+00:00\",\"dateModified\":\"2023-04-12T12:59:40+00:00\",\"mainEntityOfPage\":{\"@id\":\"https:\\\/\\\/www.meydan.tv\\\/az\\\/article\\\/lacin-erazisinde-mal-qara-otaran-sexs-minaya-dusub\\\/\"},\"wordCount\":174,\"publisher\":{\"@id\":\"https:\\\/\\\/www.meydan.tv\\\/az\\\/#organization\"},\"image\":{\"@id\":\"https:\\\/\\\/www.meydan.tv\\\/az\\\/article\\\/lacin-erazisinde-mal-qara-otaran-sexs-minaya-dusub\\\/#primaryimage\"},\"thumbnailUrl\":\"https:\\\/\\\/www.meydan.tv\\\/wp-content\\\/uploads\\\/1657803944_mina.jpg\",\"articleSection\":[\"B\u00f6lg\u0259\",\"X\u0259b\u0259rl\u0259r\"],\"inLanguage\":\"az\"},{\"@type\":\"WebPage\",\"@id\":\"https:\\\/\\\/www.meydan.tv\\\/az\\\/article\\\/lacin-erazisinde-mal-qara-otaran-sexs-minaya-dusub\\\/\",\"url\":\"https:\\\/\\\/www.meydan.tv\\\/az\\\/article\\\/lacin-erazisinde-mal-qara-otaran-sexs-minaya-dusub\\\/\",\"name\":\"La\u00e7\u0131n \u0259razisind\u0259 mal-qara otaran \u015f\u0259xs minaya d\u00fc\u015f\u00fcb - MEYDAN.TV\",\"isPartOf\":{\"@id\":\"https:\\\/\\\/www.meydan.tv\\\/az\\\/#website\"},\"primaryImageOfPage\":{\"@id\":\"https:\\\/\\\/www.meydan.tv\\\/az\\\/article\\\/lacin-erazisinde-mal-qara-otaran-sexs-minaya-dusub\\\/#primaryimage\"},\"image\":{\"@id\":\"https:\\\/\\\/www.meydan.tv\\\/az\\\/article\\\/lacin-erazisinde-mal-qara-otaran-sexs-minaya-dusub\\\/#primaryimage\"},\"thumbnailUrl\":\"https:\\\/\\\/www.meydan.tv\\\/wp-content\\\/uploads\\\/1657803944_mina.jpg\",\"datePublished\":\"2023-04-12T11:02:40+00:00\",\"dateModified\":\"2023-04-12T12:59:40+00:00\",\"breadcrumb\":{\"@id\":\"https:\\\/\\\/www.meydan.tv\\\/az\\\/article\\\/lacin-erazisinde-mal-qara-otaran-sexs-minaya-dusub\\\/#breadcrumb\"},\"inLanguage\":\"az\",\"potentialAction\":[{\"@type\":\"ReadAction\",\"target\":[\"https:\\\/\\\/www.meydan.tv\\\/az\\\/article\\\/lacin-erazisinde-mal-qara-otaran-sexs-minaya-dusub\\\/\"]}]},{\"@type\":\"ImageObject\",\"inLanguage\":\"az\",\"@id\":\"https:\\\/\\\/www.meydan.tv\\\/az\\\/article\\\/lacin-erazisinde-mal-qara-otaran-sexs-minaya-dusub\\\/#primaryimage\",\"url\":\"https:\\\/\\\/www.meydan.tv\\\/wp-content\\\/uploads\\\/1657803944_mina.jpg\",\"contentUrl\":\"https:\\\/\\\/www.meydan.tv\\\/wp-content\\\/uploads\\\/1657803944_mina.jpg\",\"width\":1200,\"height\":800,\"caption\":\"M\u0259nb\u0259: Trend.az\"},{\"@type\":\"BreadcrumbList\",\"@id\":\"https:\\\/\\\/www.meydan.tv\\\/az\\\/article\\\/lacin-erazisinde-mal-qara-otaran-sexs-minaya-dusub\\\/#breadcrumb\",\"itemListElement\":[{\"@type\":\"ListItem\",\"position\":1,\"name\":\"Ana s\u0259hif\u0259\",\"item\":\"https:\\\/\\\/www.meydan.tv\\\/az\\\/\"},{\"@type\":\"ListItem\",\"position\":2,\"name\":\"B\u00f6lg\u0259\",\"item\":\"https:\\\/\\\/www.meydan.tv\\\/az\\\/section\\\/bolge\\\/\"},{\"@type\":\"ListItem\",\"position\":3,\"name\":\"La\u00e7\u0131n \u0259razisind\u0259 mal-qara otaran \u015f\u0259xs minaya d\u00fc\u015f\u00fcb\"}]},{\"@type\":\"WebSite\",\"@id\":\"https:\\\/\\\/www.meydan.tv\\\/az\\\/#website\",\"url\":\"https:\\\/\\\/www.meydan.tv\\\/az\\\/\",\"name\":\"MEYDAN.TV\",\"description\":\"Meydan TV Az\u0259rbaycan\u0131n media m\u0259kan\u0131ndak\u0131 alternativ s\u0259sidir\",\"publisher\":{\"@id\":\"https:\\\/\\\/www.meydan.tv\\\/az\\\/#organization\"},\"potentialAction\":[{\"@type\":\"SearchAction\",\"target\":{\"@type\":\"EntryPoint\",\"urlTemplate\":\"https:\\\/\\\/www.meydan.tv\\\/az\\\/?s={search_term_string}\"},\"query-input\":{\"@type\":\"PropertyValueSpecification\",\"valueRequired\":true,\"valueName\":\"search_term_string\"}}],\"inLanguage\":\"az\"},{\"@type\":\"Organization\",\"@id\":\"https:\\\/\\\/www.meydan.tv\\\/az\\\/#organization\",\"name\":\"Meydan TV\",\"url\":\"https:\\\/\\\/www.meydan.tv\\\/az\\\/\",\"logo\":{\"@type\":\"ImageObject\",\"inLanguage\":\"az\",\"@id\":\"https:\\\/\\\/www.meydan.tv\\\/az\\\/#\\\/schema\\\/logo\\\/image\\\/\",\"url\":\"https:\\\/\\\/www.meydan.tv\\\/wp-content\\\/uploads\\\/2021\\\/07\\\/meydan-logo.svg\",\"contentUrl\":\"https:\\\/\\\/www.meydan.tv\\\/wp-content\\\/uploads\\\/2021\\\/07\\\/meydan-logo.svg\",\"width\":195,\"height\":46,\"caption\":\"Meydan TV\"},\"image\":{\"@id\":\"https:\\\/\\\/www.meydan.tv\\\/az\\\/#\\\/schema\\\/logo\\\/image\\\/\"}},{\"@type\":\"Person\",\"@id\":\"https:\\\/\\\/www.meydan.tv\\\/az\\\/#\\\/schema\\\/person\\\/9cdbecf90d17180ce1dfbd95b08dcf47\",\"name\":\"elli\",\"sameAs\":[\"https:\\\/\\\/x.com\\\/elli\"]}]}<\/script>\n<!-- \/ Yoast SEO plugin. -->","yoast_head_json":{"title":"La\u00e7\u0131n \u0259razisind\u0259 mal-qara otaran \u015f\u0259xs minaya d\u00fc\u015f\u00fcb - MEYDAN.TV","robots":{"index":"index","follow":"follow","max-snippet":"max-snippet:-1","max-image-preview":"max-image-preview:large","max-video-preview":"max-video-preview:-1"},"canonical":"https:\/\/www.meydan.tv\/az\/article\/lacin-erazisinde-mal-qara-otaran-sexs-minaya-dusub\/","og_locale":"az_AZ","og_type":"article","og_title":"La\u00e7\u0131n \u0259razisind\u0259 mal-qara otaran \u015f\u0259xs minaya d\u00fc\u015f\u00fcb - MEYDAN.TV","og_description":"22 ya\u015fl\u0131 g\u0259nc aya\u011f\u0131ndan x\u0259sar\u0259t al\u0131b La\u00e7\u0131n rayonu Sus k\u0259ndi ... Davam\u0131","og_url":"https:\/\/www.meydan.tv\/az\/article\/lacin-erazisinde-mal-qara-otaran-sexs-minaya-dusub\/","og_site_name":"MEYDAN.TV","article_published_time":"2023-04-12T11:02:40+00:00","article_modified_time":"2023-04-12T12:59:40+00:00","og_image":[{"width":1200,"height":800,"url":"https:\/\/www.meydan.tv\/wp-content\/uploads\/1657803944_mina.jpg","type":"image\/jpeg"}],"author":"elli","twitter_card":"summary_large_image","twitter_creator":"@elli","schema":{"@context":"https:\/\/schema.org","@graph":[{"@type":"Article","@id":"https:\/\/www.meydan.tv\/az\/article\/lacin-erazisinde-mal-qara-otaran-sexs-minaya-dusub\/#article","isPartOf":{"@id":"https:\/\/www.meydan.tv\/az\/article\/lacin-erazisinde-mal-qara-otaran-sexs-minaya-dusub\/"},"author":{"name":"elli","@id":"https:\/\/www.meydan.tv\/az\/#\/schema\/person\/9cdbecf90d17180ce1dfbd95b08dcf47"},"headline":"La\u00e7\u0131n \u0259razisind\u0259 mal-qara otaran \u015f\u0259xs minaya d\u00fc\u015f\u00fcb","datePublished":"2023-04-12T11:02:40+00:00","dateModified":"2023-04-12T12:59:40+00:00","mainEntityOfPage":{"@id":"https:\/\/www.meydan.tv\/az\/article\/lacin-erazisinde-mal-qara-otaran-sexs-minaya-dusub\/"},"wordCount":174,"publisher":{"@id":"https:\/\/www.meydan.tv\/az\/#organization"},"image":{"@id":"https:\/\/www.meydan.tv\/az\/article\/lacin-erazisinde-mal-qara-otaran-sexs-minaya-dusub\/#primaryimage"},"thumbnailUrl":"https:\/\/www.meydan.tv\/wp-content\/uploads\/1657803944_mina.jpg","articleSection":["B\u00f6lg\u0259","X\u0259b\u0259rl\u0259r"],"inLanguage":"az"},{"@type":"WebPage","@id":"https:\/\/www.meydan.tv\/az\/article\/lacin-erazisinde-mal-qara-otaran-sexs-minaya-dusub\/","url":"https:\/\/www.meydan.tv\/az\/article\/lacin-erazisinde-mal-qara-otaran-sexs-minaya-dusub\/","name":"La\u00e7\u0131n \u0259razisind\u0259 mal-qara otaran \u015f\u0259xs minaya d\u00fc\u015f\u00fcb - MEYDAN.TV","isPartOf":{"@id":"https:\/\/www.meydan.tv\/az\/#website"},"primaryImageOfPage":{"@id":"https:\/\/www.meydan.tv\/az\/article\/lacin-erazisinde-mal-qara-otaran-sexs-minaya-dusub\/#primaryimage"},"image":{"@id":"https:\/\/www.meydan.tv\/az\/article\/lacin-erazisinde-mal-qara-otaran-sexs-minaya-dusub\/#primaryimage"},"thumbnailUrl":"https:\/\/www.meydan.tv\/wp-content\/uploads\/1657803944_mina.jpg","datePublished":"2023-04-12T11:02:40+00:00","dateModified":"2023-04-12T12:59:40+00:00","breadcrumb":{"@id":"https:\/\/www.meydan.tv\/az\/article\/lacin-erazisinde-mal-qara-otaran-sexs-minaya-dusub\/#breadcrumb"},"inLanguage":"az","potentialAction":[{"@type":"ReadAction","target":["https:\/\/www.meydan.tv\/az\/article\/lacin-erazisinde-mal-qara-otaran-sexs-minaya-dusub\/"]}]},{"@type":"ImageObject","inLanguage":"az","@id":"https:\/\/www.meydan.tv\/az\/article\/lacin-erazisinde-mal-qara-otaran-sexs-minaya-dusub\/#primaryimage","url":"https:\/\/www.meydan.tv\/wp-content\/uploads\/1657803944_mina.jpg","contentUrl":"https:\/\/www.meydan.tv\/wp-content\/uploads\/1657803944_mina.jpg","width":1200,"height":800,"caption":"M\u0259nb\u0259: Trend.az"},{"@type":"BreadcrumbList","@id":"https:\/\/www.meydan.tv\/az\/article\/lacin-erazisinde-mal-qara-otaran-sexs-minaya-dusub\/#breadcrumb","itemListElement":[{"@type":"ListItem","position":1,"name":"Ana s\u0259hif\u0259","item":"https:\/\/www.meydan.tv\/az\/"},{"@type":"ListItem","position":2,"name":"B\u00f6lg\u0259","item":"https:\/\/www.meydan.tv\/az\/section\/bolge\/"},{"@type":"ListItem","position":3,"name":"La\u00e7\u0131n \u0259razisind\u0259 mal-qara otaran \u015f\u0259xs minaya d\u00fc\u015f\u00fcb"}]},{"@type":"WebSite","@id":"https:\/\/www.meydan.tv\/az\/#website","url":"https:\/\/www.meydan.tv\/az\/","name":"MEYDAN.TV","description":"Meydan TV Az\u0259rbaycan\u0131n media m\u0259kan\u0131ndak\u0131 alternativ s\u0259sidir","publisher":{"@id":"https:\/\/www.meydan.tv\/az\/#organization"},"potentialAction":[{"@type":"SearchAction","target":{"@type":"EntryPoint","urlTemplate":"https:\/\/www.meydan.tv\/az\/?s={search_term_string}"},"query-input":{"@type":"PropertyValueSpecification","valueRequired":true,"valueName":"search_term_string"}}],"inLanguage":"az"},{"@type":"Organization","@id":"https:\/\/www.meydan.tv\/az\/#organization","name":"Meydan TV","url":"https:\/\/www.meydan.tv\/az\/","logo":{"@type":"ImageObject","inLanguage":"az","@id":"https:\/\/www.meydan.tv\/az\/#\/schema\/logo\/image\/","url":"https:\/\/www.meydan.tv\/wp-content\/uploads\/2021\/07\/meydan-logo.svg","contentUrl":"https:\/\/www.meydan.tv\/wp-content\/uploads\/2021\/07\/meydan-logo.svg","width":195,"height":46,"caption":"Meydan TV"},"image":{"@id":"https:\/\/www.meydan.tv\/az\/#\/schema\/logo\/image\/"}},{"@type":"Person","@id":"https:\/\/www.meydan.tv\/az\/#\/schema\/person\/9cdbecf90d17180ce1dfbd95b08dcf47","name":"elli","sameAs":["https:\/\/x.com\/elli"]}]}},"_links":{"self":[{"href":"https:\/\/www.meydan.tv\/az\/wp-json\/wp\/v2\/posts\/272669","targetHints":{"allow":["GET"]}}],"collection":[{"href":"https:\/\/www.meydan.tv\/az\/wp-json\/wp\/v2\/posts"}],"about":[{"href":"https:\/\/www.meydan.tv\/az\/wp-json\/wp\/v2\/types\/post"}],"author":[{"embeddable":true,"href":"https:\/\/www.meydan.tv\/az\/wp-json\/wp\/v2\/users\/8"}],"replies":[{"embeddable":true,"href":"https:\/\/www.meydan.tv\/az\/wp-json\/wp\/v2\/comments?post=272669"}],"version-history":[{"count":2,"href":"https:\/\/www.meydan.tv\/az\/wp-json\/wp\/v2\/posts\/272669\/revisions"}],"predecessor-version":[{"id":272739,"href":"https:\/\/www.meydan.tv\/az\/wp-json\/wp\/v2\/posts\/272669\/revisions\/272739"}],"wp:featuredmedia":[{"embeddable":true,"href":"https:\/\/www.meydan.tv\/az\/wp-json\/wp\/v2\/media\/260082"}],"wp:attachment":[{"href":"https:\/\/www.meydan.tv\/az\/wp-json\/wp\/v2\/media?parent=272669"}],"wp:term":[{"taxonomy":"category","embeddable":true,"href":"https:\/\/www.meydan.tv\/az\/wp-json\/wp\/v2\/categories?post=272669"},{"taxonomy":"post_tag","embeddable":true,"href":"https:\/\/www.meydan.tv\/az\/wp-json\/wp\/v2\/tags?post=272669"}],"curies":[{"name":"wp","href":"https:\/\/api.w.org\/{rel}","templated":true}]}}