{"id":272657,"date":"2023-04-12T14:40:09","date_gmt":"2023-04-12T10:40:09","guid":{"rendered":"https:\/\/www.meydan.tv\/?p=272657"},"modified":"2023-04-12T14:40:13","modified_gmt":"2023-04-12T10:40:13","slug":"siyasi-partiyalarin-reyestri-axcp-ve-musavatdan-reaksiya","status":"publish","type":"post","link":"https:\/\/www.meydan.tv\/az\/article\/siyasi-partiyalarin-reyestri-axcp-ve-musavatdan-reaksiya\/","title":{"rendered":"Siyasi partiyalar\u0131n reyestri: AXCP v\u0259 M\u00fcsavatdan reaksiya"},"content":{"rendered":"\n<p><\/p>\n\n\n\n<p><strong><em>H\u0259r iki partiya qanunda d\u0259yi\u015fiklikl\u0259rin ola bil\u0259c\u0259yini ehtimal edir<\/em><\/strong><\/p>\n\n\n\n<p>\u0130yunda &#8220;Siyasi partiyalar haqq\u0131nda&#8221; Qanunun q\u0259bulunun 180 g\u00fcn\u00fc tamam olacaq. Ard\u0131nca partiyalar \u018fdliyy\u0259 Nazirliyin\u0259 t\u0259l\u0259b olunan s\u0259n\u0259dl\u0259rini v\u0259 4500 \u00fczv bar\u0259d\u0259 m\u0259lumat t\u0259qdim ed\u0259c\u0259k.<\/p>\n\n\n\n<p>Qanunla reyestrd\u0259n ke\u00e7m\u0259y\u0259n partiyalar\u0131n f\u0259aliyy\u0259ti m\u0259hk\u0259m\u0259 yolu il\u0259 dayand\u0131r\u0131lacaq.<\/p>\n\n\n\n<p>Bir m\u00fcdd\u0259t \u00f6nc\u0259 Meydan TV-y\u0259 dan\u0131\u015fan H\u00fcquq v\u0259 \u0130nki\u015faf Birliyi T\u0259\u015fkilat\u0131n\u0131n s\u0259dri Hafiz H\u0259s\u0259nov bildirmi\u015fdi ki, bel\u0259 olan t\u0259qdird\u0259 partiya s\u0259drl\u0259rinin siyasi t\u0259\u015fkilat ad\u0131ndan \u00e7\u0131x\u0131\u015f etm\u0259si d\u0259 qada\u011fan olunacaq.<\/p>\n\n\n\n<p><strong>B\u0259s m\u00fcxalif\u0259t partiyalar\u0131 n\u0259 d\u00fc\u015f\u00fcn\u00fcr, onlar reyestrd\u0259n ke\u00e7\u0259c\u0259kl\u0259rmi?<\/strong><\/p>\n\n\n\n<p>Az\u0259rbaycan Xalq C\u0259bh\u0259si Partiyas\u0131 (AXCP) \u00fcmid edir ki, beyn\u0259lxalq t\u0259\u015fkilatlar\u0131n t\u0259zyiqi n\u0259tic\u0259sind\u0259 qanunvericilik d\u0259yi\u015fdiril\u0259c\u0259k.<\/p>\n\n\n\n<p>M\u00fcsavat Partiyas\u0131 da bu q\u0259na\u0259ti b\u00f6l\u00fc\u015f\u00fcr v\u0259 reyestrl\u0259 ba\u011fl\u0131 h\u0259l\u0259 ki h\u0259r hans\u0131 bir q\u0259rar verilm\u0259diyini deyir.<\/p>\n\n\n\n<p>AXCP s\u0259dri \u018fli K\u0259rimli Meydan TV-y\u0259 bildirib ki, iyunda partiyalar t\u0259krar qeydiyyatdan ke\u00e7m\u0259y\u0259c\u0259kl\u0259r, sad\u0259c\u0259, reyestr \u00fc\u00e7\u00fcn \u00fczvl\u0259rinin say\u0131n\u0131 m\u00fcvafiq nazirliy\u0259 g\u00f6nd\u0259r\u0259c\u0259kl\u0259r.<\/p>\n\n\n\n<p>Ona g\u00f6r\u0259 \u018fli K\u0259rimli m\u0259s\u0259l\u0259yl\u0259 ba\u011fl\u0131 q\u0259rar verm\u0259y\u0259 t\u0259l\u0259sm\u0259dikl\u0259rini deyib:<\/p>\n\n\n\n<p><em>&#8220;\u00c7\u00fcnki qanun m\u00fcrt\u0259ce oldu\u011fundan Avropa Parlamenti, AB\u015e D\u00f6vl\u0259t Departamenti kifay\u0259t q\u0259d\u0259r s\u0259rt m\u00fcnasib\u0259t s\u0259rgil\u0259yib. \u018fn \u0259sas\u0131, Venesiya Komissiyas\u0131 qanunu t\u0259nqid edib, AT\u018fT-in Demokratik T\u0259sisatlar v\u0259 \u0130nsan H\u00fcquqlar\u0131 B\u00fcrosu qanunun d\u0259yi\u015fm\u0259sini t\u0259klif edib. Y\u0259ni bu co\u011frafiyada insan h\u00fcquqlar\u0131 bax\u0131m\u0131ndan s\u00f6z sahibi olan qurumlar\u0131n ham\u0131s\u0131 Az\u0259rbaycan h\u00f6kum\u0259tin\u0259 \u00e7a\u011f\u0131r\u0131\u015f edib ki, qanun faktiki \u00e7oxpartiyal\u0131\u011f\u0131 l\u0259\u011fv etm\u0259yi n\u0259z\u0259rd\u0259 tutur. AT\u018fT h\u00f6kum\u0259t\u0259 \u00e7a\u011f\u0131r\u0131\u015f edib ki, qanun m\u00fcxalif\u0259t partiyalar \u00fc\u00e7\u00fcn d\u0259 f\u0259aliyy\u0259t imkanlar\u0131 olmas\u0131 \u015f\u0259rtil\u0259 d\u0259yi\u015fdirilm\u0259lidir. Ona g\u00f6r\u0259 d\u0259 biz hakimiyy\u0259tin beyn\u0259lxlaq \u00e7a\u011f\u0131r\u0131\u015flar\u0131na hans\u0131sa formada cavab verm\u0259sini g\u00f6zl\u0259yirik. Bu m\u0259nada h\u0259l\u0259 q\u0259rar q\u0259bul etm\u0259mi\u015fik, \u00fcmidvar\u0131q ki, \u00e7a\u011f\u0131r\u0131\u015flar n\u0259z\u0259r\u0259 al\u0131nacaq&#8221;.<\/em><\/p>\n\n\n\n<p>Meydan TV-nin \u0259m\u0259kda\u015f\u0131 AXCP s\u0259drin\u0259 &#8220;Media haqqq\u0131nda&#8221; Qanunla ba\u011fl\u0131 ox\u015far beyn\u0259lxalq \u00e7a\u011f\u0131r\u0131\u015flar\u0131n oldu\u011funu, lakin n\u0259z\u0259r\u0259 al\u0131nmad\u0131\u011f\u0131n\u0131 xat\u0131rlay\u0131b.<\/p>\n\n\n\n<p>Bundan sonra \u018fli K\u0259rimli suala q\u0131sa olaraq bel\u0259 cavab verib:<\/p>\n\n\n\n<p><em>&#8220;\u018fg\u0259r dediyiniz b\u0259dbin ssenari davam ets\u0259, o zaman z\u0259ng ed\u0259rsiniz, q\u0259rar\u0131m\u0131 dey\u0259r\u0259m&#8221;.<\/em><\/p>\n\n\n\n<p>M\u00fcsavat Partiyas\u0131n\u0131n ba\u015fqan\u0131 Arif Hac\u0131l\u0131 aqanunun m\u00fcrt\u0259ce oldu\u011funu deyib.<\/p>\n\n\n\n<p>O bildirib ki, bu s\u0259n\u0259d hakimiyy\u0259tin siyasi partiyalara n\u0259zar\u0259tini g\u00fccl\u0259ndirir:<\/p>\n\n\n\n<p><em>&#8220;Avropa \u015euras\u0131 Venessiya Komissiyas\u0131 da d\u0259yi\u015fiklikl\u0259rin Az\u0259rbaycan\u0131n \u00fcz\u0259rin\u0259 g\u00f6t\u00fcrd\u00fcy\u00fc \u00f6hd\u0259likl\u0259r\u0259 zidd oldu\u011funu bildirib. Beyn\u0259lxalq t\u0259\u015fkilatlar hakimiyy\u0259t\u0259 qanun \u00fcz\u0259rind\u0259 yeni d\u0259yi\u015fiklikl\u0259r etm\u0259yi t\u0259klif edib. Ona g\u00f6r\u0259 d\u00fc\u015f\u00fcn\u00fcr\u00fck ki, iyuna q\u0259d\u0259r beyn\u0259lxalq t\u0259\u015fkilatlar\u0131n \u00e7a\u011f\u0131r\u0131\u015flar\u0131, \u00f6lk\u0259 daxilind\u0259ki naraz\u0131l\u0131qlar iqtidar\u0131 d\u0259yi\u015fiklikl\u0259r\u0259 getm\u0259y\u0259 m\u0259cbur ed\u0259c\u0259k&#8221;.<\/em><\/p>\n\n\n\n<p>Arif Hac\u0131l\u0131n\u0131n s\u00f6zl\u0259rin\u0259 g\u00f6r\u0259, partiyan\u0131n \u00fczvl\u0259rinin say\u0131 m\u00fcvafiq nazirliyin t\u0259l\u0259b etdiyind\u0259n d\u0259f\u0259l\u0259rl\u0259 \u00e7oxdur:<\/p>\n\n\n\n<p><em>&#8220;Hakimiyy\u0259tin sosial \u015f\u0259b\u0259k\u0259l\u0259r\u0259, mitinql\u0259r\u0259 total n\u0259zar\u0259tini n\u0259z\u0259r\u0259 alsaq, partiya \u00fczvl\u0259rinin \u015f\u0259xsi m\u0259lumat\u0131n\u0131n \u018fdliyy\u0259 Nazirliy\u0259 t\u0259qdim etm\u0259k onlar \u00fc\u00e7\u00fcn \u0259lav\u0259 probleml\u0259r yarada bil\u0259r. S\u0259n\u0259dl\u0259rl\u0259 ba\u011fl\u0131 h\u0259r hans\u0131 problem yoxdur, ham\u0131s\u0131 haz\u0131rd\u0131r. Ancaq s\u0259n\u0259dl\u0259rin hakimiyy\u0259t\u0259 t\u0259qdim olunub-olunmamas\u0131 partiyan\u0131n strukturlar\u0131nda m\u00fczakir\u0259 olunacaq, q\u0259bul edil\u0259c\u0259k q\u0259rara uy\u011fun add\u0131m at\u0131lacaq. H\u0259l\u0259 iyuna q\u0259d\u0259r vaxt\u0131m\u0131z var, ona q\u0259d\u0259r h\u0259min d\u00f6vr\u00fcn siyasi \u015f\u0259raitin\u0259 uy\u011fun q\u0259rar q\u0259bul ed\u0259c\u0259yik&#8221;.<\/em><\/p>\n\n\n\n<p>2022-ci ilin dekabr\u0131nda Milli M\u0259clisin \u201cSiyasi partiyalar haqq\u0131nda\u201d Qanunu III oxunu\u015fda q\u0259bul edib.<\/p>\n\n\n\n<p>Daxili v\u0259 xarici etirazlara r\u0259\u011fm\u0259n, Prezident \u0130lham \u018fliyev 2023-c\u00fc ilin yanvar\u0131nda qanunu t\u0259sdiql\u0259yib.<\/p>\n\n\n\n<p>Yeni qanunun naraz\u0131l\u0131q do\u011furan madd\u0259l\u0259ri s\u0131ras\u0131nda partiyalar\u0131n 5 min \u00fczv toplamas\u0131 v\u0259 onlar\u0131n h\u0259r birinin reyestrd\u0259n ke\u00e7irilm\u0259si x\u00fcsusi yer tutur.<\/p>\n","protected":false},"excerpt":{"rendered":"<p>H\u0259r iki partiya qanunda d\u0259yi\u015fiklikl\u0259rin ola bil\u0259c\u0259yini ehtimal edir \u0130yunda &#8230; <\/p>\n<p class=\"read-more-container\"><a title=\"Siyasi partiyalar\u0131n reyestri: AXCP v\u0259 M\u00fcsavatdan reaksiya\" class=\"read-more button\" href=\"https:\/\/www.meydan.tv\/az\/article\/siyasi-partiyalarin-reyestri-axcp-ve-musavatdan-reaksiya\/#more-272657\" aria-label=\"Read more about Siyasi partiyalar\u0131n reyestri: AXCP v\u0259 M\u00fcsavatdan reaksiya\">Davam\u0131<\/a><\/p>\n","protected":false},"author":8,"featured_media":272662,"comment_status":"closed","ping_status":"closed","sticky":false,"template":"","format":"standard","meta":{"_acf_changed":false,"_sitemap_exclude":false,"_sitemap_priority":"","_sitemap_frequency":"","footnotes":""},"categories":[59,56],"tags":[],"class_list":["post-272657","post","type-post","status-publish","format-standard","has-post-thumbnail","hentry","category-siyaset","category-xeberler","infinite-scroll-item","generate-columns","tablet-grid-50","mobile-grid-100","grid-parent","grid-33","no-featured-image-padding"],"acf":[],"yoast_head":"<!-- This site is optimized with the Yoast SEO plugin v27.4 - https:\/\/yoast.com\/product\/yoast-seo-wordpress\/ -->\n<title>Siyasi partiyalar\u0131n reyestri: AXCP v\u0259 M\u00fcsavatdan reaksiya - MEYDAN.TV<\/title>\n<meta name=\"robots\" content=\"index, follow, max-snippet:-1, max-image-preview:large, max-video-preview:-1\" \/>\n<link rel=\"canonical\" href=\"https:\/\/www.meydan.tv\/az\/article\/siyasi-partiyalarin-reyestri-axcp-ve-musavatdan-reaksiya\/\" \/>\n<meta property=\"og:locale\" content=\"az_AZ\" \/>\n<meta property=\"og:type\" content=\"article\" \/>\n<meta property=\"og:title\" content=\"Siyasi partiyalar\u0131n reyestri: AXCP v\u0259 M\u00fcsavatdan reaksiya - MEYDAN.TV\" \/>\n<meta property=\"og:description\" content=\"H\u0259r iki partiya qanunda d\u0259yi\u015fiklikl\u0259rin ola bil\u0259c\u0259yini ehtimal edir \u0130yunda ... Davam\u0131\" \/>\n<meta property=\"og:url\" content=\"https:\/\/www.meydan.tv\/az\/article\/siyasi-partiyalarin-reyestri-axcp-ve-musavatdan-reaksiya\/\" \/>\n<meta property=\"og:site_name\" content=\"MEYDAN.TV\" \/>\n<meta property=\"article:published_time\" content=\"2023-04-12T10:40:09+00:00\" \/>\n<meta property=\"article:modified_time\" content=\"2023-04-12T10:40:13+00:00\" \/>\n<meta property=\"og:image\" content=\"https:\/\/www.meydan.tv\/wp-content\/uploads\/untitled-design-2-90-e1681294953799.jpg\" \/>\n\t<meta property=\"og:image:width\" content=\"1200\" \/>\n\t<meta property=\"og:image:height\" content=\"675\" \/>\n\t<meta property=\"og:image:type\" content=\"image\/jpeg\" \/>\n<meta name=\"author\" content=\"elli\" \/>\n<meta name=\"twitter:card\" content=\"summary_large_image\" \/>\n<meta name=\"twitter:creator\" content=\"@elli\" \/>\n<script type=\"application\/ld+json\" class=\"yoast-schema-graph\">{\"@context\":\"https:\\\/\\\/schema.org\",\"@graph\":[{\"@type\":\"Article\",\"@id\":\"https:\\\/\\\/www.meydan.tv\\\/az\\\/article\\\/siyasi-partiyalarin-reyestri-axcp-ve-musavatdan-reaksiya\\\/#article\",\"isPartOf\":{\"@id\":\"https:\\\/\\\/www.meydan.tv\\\/az\\\/article\\\/siyasi-partiyalarin-reyestri-axcp-ve-musavatdan-reaksiya\\\/\"},\"author\":{\"name\":\"elli\",\"@id\":\"https:\\\/\\\/www.meydan.tv\\\/az\\\/#\\\/schema\\\/person\\\/9cdbecf90d17180ce1dfbd95b08dcf47\"},\"headline\":\"Siyasi partiyalar\u0131n reyestri: AXCP v\u0259 M\u00fcsavatdan reaksiya\",\"datePublished\":\"2023-04-12T10:40:09+00:00\",\"dateModified\":\"2023-04-12T10:40:13+00:00\",\"mainEntityOfPage\":{\"@id\":\"https:\\\/\\\/www.meydan.tv\\\/az\\\/article\\\/siyasi-partiyalarin-reyestri-axcp-ve-musavatdan-reaksiya\\\/\"},\"wordCount\":816,\"publisher\":{\"@id\":\"https:\\\/\\\/www.meydan.tv\\\/az\\\/#organization\"},\"image\":{\"@id\":\"https:\\\/\\\/www.meydan.tv\\\/az\\\/article\\\/siyasi-partiyalarin-reyestri-axcp-ve-musavatdan-reaksiya\\\/#primaryimage\"},\"thumbnailUrl\":\"https:\\\/\\\/www.meydan.tv\\\/wp-content\\\/uploads\\\/untitled-design-2-90-e1681294953799.jpg\",\"articleSection\":[\"Siyas\u0259t\",\"X\u0259b\u0259rl\u0259r\"],\"inLanguage\":\"az\"},{\"@type\":\"WebPage\",\"@id\":\"https:\\\/\\\/www.meydan.tv\\\/az\\\/article\\\/siyasi-partiyalarin-reyestri-axcp-ve-musavatdan-reaksiya\\\/\",\"url\":\"https:\\\/\\\/www.meydan.tv\\\/az\\\/article\\\/siyasi-partiyalarin-reyestri-axcp-ve-musavatdan-reaksiya\\\/\",\"name\":\"Siyasi partiyalar\u0131n reyestri: AXCP v\u0259 M\u00fcsavatdan reaksiya - MEYDAN.TV\",\"isPartOf\":{\"@id\":\"https:\\\/\\\/www.meydan.tv\\\/az\\\/#website\"},\"primaryImageOfPage\":{\"@id\":\"https:\\\/\\\/www.meydan.tv\\\/az\\\/article\\\/siyasi-partiyalarin-reyestri-axcp-ve-musavatdan-reaksiya\\\/#primaryimage\"},\"image\":{\"@id\":\"https:\\\/\\\/www.meydan.tv\\\/az\\\/article\\\/siyasi-partiyalarin-reyestri-axcp-ve-musavatdan-reaksiya\\\/#primaryimage\"},\"thumbnailUrl\":\"https:\\\/\\\/www.meydan.tv\\\/wp-content\\\/uploads\\\/untitled-design-2-90-e1681294953799.jpg\",\"datePublished\":\"2023-04-12T10:40:09+00:00\",\"dateModified\":\"2023-04-12T10:40:13+00:00\",\"breadcrumb\":{\"@id\":\"https:\\\/\\\/www.meydan.tv\\\/az\\\/article\\\/siyasi-partiyalarin-reyestri-axcp-ve-musavatdan-reaksiya\\\/#breadcrumb\"},\"inLanguage\":\"az\",\"potentialAction\":[{\"@type\":\"ReadAction\",\"target\":[\"https:\\\/\\\/www.meydan.tv\\\/az\\\/article\\\/siyasi-partiyalarin-reyestri-axcp-ve-musavatdan-reaksiya\\\/\"]}]},{\"@type\":\"ImageObject\",\"inLanguage\":\"az\",\"@id\":\"https:\\\/\\\/www.meydan.tv\\\/az\\\/article\\\/siyasi-partiyalarin-reyestri-axcp-ve-musavatdan-reaksiya\\\/#primaryimage\",\"url\":\"https:\\\/\\\/www.meydan.tv\\\/wp-content\\\/uploads\\\/untitled-design-2-90-e1681294953799.jpg\",\"contentUrl\":\"https:\\\/\\\/www.meydan.tv\\\/wp-content\\\/uploads\\\/untitled-design-2-90-e1681294953799.jpg\",\"width\":1200,\"height\":675,\"caption\":\"Arif Hac\u0131l\u0131 v\u0259 \u018fli K\u0259rimli. Foto: Meydan TV\"},{\"@type\":\"BreadcrumbList\",\"@id\":\"https:\\\/\\\/www.meydan.tv\\\/az\\\/article\\\/siyasi-partiyalarin-reyestri-axcp-ve-musavatdan-reaksiya\\\/#breadcrumb\",\"itemListElement\":[{\"@type\":\"ListItem\",\"position\":1,\"name\":\"Ana s\u0259hif\u0259\",\"item\":\"https:\\\/\\\/www.meydan.tv\\\/az\\\/\"},{\"@type\":\"ListItem\",\"position\":2,\"name\":\"Siyas\u0259t\",\"item\":\"https:\\\/\\\/www.meydan.tv\\\/az\\\/section\\\/siyaset\\\/\"},{\"@type\":\"ListItem\",\"position\":3,\"name\":\"Siyasi partiyalar\u0131n reyestri: AXCP v\u0259 M\u00fcsavatdan reaksiya\"}]},{\"@type\":\"WebSite\",\"@id\":\"https:\\\/\\\/www.meydan.tv\\\/az\\\/#website\",\"url\":\"https:\\\/\\\/www.meydan.tv\\\/az\\\/\",\"name\":\"MEYDAN.TV\",\"description\":\"Meydan TV Az\u0259rbaycan\u0131n media m\u0259kan\u0131ndak\u0131 alternativ s\u0259sidir\",\"publisher\":{\"@id\":\"https:\\\/\\\/www.meydan.tv\\\/az\\\/#organization\"},\"potentialAction\":[{\"@type\":\"SearchAction\",\"target\":{\"@type\":\"EntryPoint\",\"urlTemplate\":\"https:\\\/\\\/www.meydan.tv\\\/az\\\/?s={search_term_string}\"},\"query-input\":{\"@type\":\"PropertyValueSpecification\",\"valueRequired\":true,\"valueName\":\"search_term_string\"}}],\"inLanguage\":\"az\"},{\"@type\":\"Organization\",\"@id\":\"https:\\\/\\\/www.meydan.tv\\\/az\\\/#organization\",\"name\":\"Meydan TV\",\"url\":\"https:\\\/\\\/www.meydan.tv\\\/az\\\/\",\"logo\":{\"@type\":\"ImageObject\",\"inLanguage\":\"az\",\"@id\":\"https:\\\/\\\/www.meydan.tv\\\/az\\\/#\\\/schema\\\/logo\\\/image\\\/\",\"url\":\"https:\\\/\\\/www.meydan.tv\\\/wp-content\\\/uploads\\\/2021\\\/07\\\/meydan-logo.svg\",\"contentUrl\":\"https:\\\/\\\/www.meydan.tv\\\/wp-content\\\/uploads\\\/2021\\\/07\\\/meydan-logo.svg\",\"width\":195,\"height\":46,\"caption\":\"Meydan TV\"},\"image\":{\"@id\":\"https:\\\/\\\/www.meydan.tv\\\/az\\\/#\\\/schema\\\/logo\\\/image\\\/\"}},{\"@type\":\"Person\",\"@id\":\"https:\\\/\\\/www.meydan.tv\\\/az\\\/#\\\/schema\\\/person\\\/9cdbecf90d17180ce1dfbd95b08dcf47\",\"name\":\"elli\",\"sameAs\":[\"https:\\\/\\\/x.com\\\/elli\"]}]}<\/script>\n<!-- \/ Yoast SEO plugin. -->","yoast_head_json":{"title":"Siyasi partiyalar\u0131n reyestri: AXCP v\u0259 M\u00fcsavatdan reaksiya - MEYDAN.TV","robots":{"index":"index","follow":"follow","max-snippet":"max-snippet:-1","max-image-preview":"max-image-preview:large","max-video-preview":"max-video-preview:-1"},"canonical":"https:\/\/www.meydan.tv\/az\/article\/siyasi-partiyalarin-reyestri-axcp-ve-musavatdan-reaksiya\/","og_locale":"az_AZ","og_type":"article","og_title":"Siyasi partiyalar\u0131n reyestri: AXCP v\u0259 M\u00fcsavatdan reaksiya - MEYDAN.TV","og_description":"H\u0259r iki partiya qanunda d\u0259yi\u015fiklikl\u0259rin ola bil\u0259c\u0259yini ehtimal edir \u0130yunda ... Davam\u0131","og_url":"https:\/\/www.meydan.tv\/az\/article\/siyasi-partiyalarin-reyestri-axcp-ve-musavatdan-reaksiya\/","og_site_name":"MEYDAN.TV","article_published_time":"2023-04-12T10:40:09+00:00","article_modified_time":"2023-04-12T10:40:13+00:00","og_image":[{"width":1200,"height":675,"url":"https:\/\/www.meydan.tv\/wp-content\/uploads\/untitled-design-2-90-e1681294953799.jpg","type":"image\/jpeg"}],"author":"elli","twitter_card":"summary_large_image","twitter_creator":"@elli","schema":{"@context":"https:\/\/schema.org","@graph":[{"@type":"Article","@id":"https:\/\/www.meydan.tv\/az\/article\/siyasi-partiyalarin-reyestri-axcp-ve-musavatdan-reaksiya\/#article","isPartOf":{"@id":"https:\/\/www.meydan.tv\/az\/article\/siyasi-partiyalarin-reyestri-axcp-ve-musavatdan-reaksiya\/"},"author":{"name":"elli","@id":"https:\/\/www.meydan.tv\/az\/#\/schema\/person\/9cdbecf90d17180ce1dfbd95b08dcf47"},"headline":"Siyasi partiyalar\u0131n reyestri: AXCP v\u0259 M\u00fcsavatdan reaksiya","datePublished":"2023-04-12T10:40:09+00:00","dateModified":"2023-04-12T10:40:13+00:00","mainEntityOfPage":{"@id":"https:\/\/www.meydan.tv\/az\/article\/siyasi-partiyalarin-reyestri-axcp-ve-musavatdan-reaksiya\/"},"wordCount":816,"publisher":{"@id":"https:\/\/www.meydan.tv\/az\/#organization"},"image":{"@id":"https:\/\/www.meydan.tv\/az\/article\/siyasi-partiyalarin-reyestri-axcp-ve-musavatdan-reaksiya\/#primaryimage"},"thumbnailUrl":"https:\/\/www.meydan.tv\/wp-content\/uploads\/untitled-design-2-90-e1681294953799.jpg","articleSection":["Siyas\u0259t","X\u0259b\u0259rl\u0259r"],"inLanguage":"az"},{"@type":"WebPage","@id":"https:\/\/www.meydan.tv\/az\/article\/siyasi-partiyalarin-reyestri-axcp-ve-musavatdan-reaksiya\/","url":"https:\/\/www.meydan.tv\/az\/article\/siyasi-partiyalarin-reyestri-axcp-ve-musavatdan-reaksiya\/","name":"Siyasi partiyalar\u0131n reyestri: AXCP v\u0259 M\u00fcsavatdan reaksiya - MEYDAN.TV","isPartOf":{"@id":"https:\/\/www.meydan.tv\/az\/#website"},"primaryImageOfPage":{"@id":"https:\/\/www.meydan.tv\/az\/article\/siyasi-partiyalarin-reyestri-axcp-ve-musavatdan-reaksiya\/#primaryimage"},"image":{"@id":"https:\/\/www.meydan.tv\/az\/article\/siyasi-partiyalarin-reyestri-axcp-ve-musavatdan-reaksiya\/#primaryimage"},"thumbnailUrl":"https:\/\/www.meydan.tv\/wp-content\/uploads\/untitled-design-2-90-e1681294953799.jpg","datePublished":"2023-04-12T10:40:09+00:00","dateModified":"2023-04-12T10:40:13+00:00","breadcrumb":{"@id":"https:\/\/www.meydan.tv\/az\/article\/siyasi-partiyalarin-reyestri-axcp-ve-musavatdan-reaksiya\/#breadcrumb"},"inLanguage":"az","potentialAction":[{"@type":"ReadAction","target":["https:\/\/www.meydan.tv\/az\/article\/siyasi-partiyalarin-reyestri-axcp-ve-musavatdan-reaksiya\/"]}]},{"@type":"ImageObject","inLanguage":"az","@id":"https:\/\/www.meydan.tv\/az\/article\/siyasi-partiyalarin-reyestri-axcp-ve-musavatdan-reaksiya\/#primaryimage","url":"https:\/\/www.meydan.tv\/wp-content\/uploads\/untitled-design-2-90-e1681294953799.jpg","contentUrl":"https:\/\/www.meydan.tv\/wp-content\/uploads\/untitled-design-2-90-e1681294953799.jpg","width":1200,"height":675,"caption":"Arif Hac\u0131l\u0131 v\u0259 \u018fli K\u0259rimli. Foto: Meydan TV"},{"@type":"BreadcrumbList","@id":"https:\/\/www.meydan.tv\/az\/article\/siyasi-partiyalarin-reyestri-axcp-ve-musavatdan-reaksiya\/#breadcrumb","itemListElement":[{"@type":"ListItem","position":1,"name":"Ana s\u0259hif\u0259","item":"https:\/\/www.meydan.tv\/az\/"},{"@type":"ListItem","position":2,"name":"Siyas\u0259t","item":"https:\/\/www.meydan.tv\/az\/section\/siyaset\/"},{"@type":"ListItem","position":3,"name":"Siyasi partiyalar\u0131n reyestri: AXCP v\u0259 M\u00fcsavatdan reaksiya"}]},{"@type":"WebSite","@id":"https:\/\/www.meydan.tv\/az\/#website","url":"https:\/\/www.meydan.tv\/az\/","name":"MEYDAN.TV","description":"Meydan TV Az\u0259rbaycan\u0131n media m\u0259kan\u0131ndak\u0131 alternativ s\u0259sidir","publisher":{"@id":"https:\/\/www.meydan.tv\/az\/#organization"},"potentialAction":[{"@type":"SearchAction","target":{"@type":"EntryPoint","urlTemplate":"https:\/\/www.meydan.tv\/az\/?s={search_term_string}"},"query-input":{"@type":"PropertyValueSpecification","valueRequired":true,"valueName":"search_term_string"}}],"inLanguage":"az"},{"@type":"Organization","@id":"https:\/\/www.meydan.tv\/az\/#organization","name":"Meydan TV","url":"https:\/\/www.meydan.tv\/az\/","logo":{"@type":"ImageObject","inLanguage":"az","@id":"https:\/\/www.meydan.tv\/az\/#\/schema\/logo\/image\/","url":"https:\/\/www.meydan.tv\/wp-content\/uploads\/2021\/07\/meydan-logo.svg","contentUrl":"https:\/\/www.meydan.tv\/wp-content\/uploads\/2021\/07\/meydan-logo.svg","width":195,"height":46,"caption":"Meydan TV"},"image":{"@id":"https:\/\/www.meydan.tv\/az\/#\/schema\/logo\/image\/"}},{"@type":"Person","@id":"https:\/\/www.meydan.tv\/az\/#\/schema\/person\/9cdbecf90d17180ce1dfbd95b08dcf47","name":"elli","sameAs":["https:\/\/x.com\/elli"]}]}},"_links":{"self":[{"href":"https:\/\/www.meydan.tv\/az\/wp-json\/wp\/v2\/posts\/272657","targetHints":{"allow":["GET"]}}],"collection":[{"href":"https:\/\/www.meydan.tv\/az\/wp-json\/wp\/v2\/posts"}],"about":[{"href":"https:\/\/www.meydan.tv\/az\/wp-json\/wp\/v2\/types\/post"}],"author":[{"embeddable":true,"href":"https:\/\/www.meydan.tv\/az\/wp-json\/wp\/v2\/users\/8"}],"replies":[{"embeddable":true,"href":"https:\/\/www.meydan.tv\/az\/wp-json\/wp\/v2\/comments?post=272657"}],"version-history":[{"count":2,"href":"https:\/\/www.meydan.tv\/az\/wp-json\/wp\/v2\/posts\/272657\/revisions"}],"predecessor-version":[{"id":272666,"href":"https:\/\/www.meydan.tv\/az\/wp-json\/wp\/v2\/posts\/272657\/revisions\/272666"}],"wp:featuredmedia":[{"embeddable":true,"href":"https:\/\/www.meydan.tv\/az\/wp-json\/wp\/v2\/media\/272662"}],"wp:attachment":[{"href":"https:\/\/www.meydan.tv\/az\/wp-json\/wp\/v2\/media?parent=272657"}],"wp:term":[{"taxonomy":"category","embeddable":true,"href":"https:\/\/www.meydan.tv\/az\/wp-json\/wp\/v2\/categories?post=272657"},{"taxonomy":"post_tag","embeddable":true,"href":"https:\/\/www.meydan.tv\/az\/wp-json\/wp\/v2\/tags?post=272657"}],"curies":[{"name":"wp","href":"https:\/\/api.w.org\/{rel}","templated":true}]}}