{"id":272596,"date":"2023-04-11T16:47:26","date_gmt":"2023-04-11T12:47:26","guid":{"rendered":"https:\/\/www.meydan.tv\/?p=272596"},"modified":"2023-04-11T16:47:32","modified_gmt":"2023-04-11T12:47:32","slug":"azerbaycanda-artan-issizlik-formal-reqemler-ve-is-tapa-bilmeyen-vetendaslar","status":"publish","type":"post","link":"https:\/\/www.meydan.tv\/az\/article\/azerbaycanda-artan-issizlik-formal-reqemler-ve-is-tapa-bilmeyen-vetendaslar\/","title":{"rendered":"Az\u0259rbaycanda artan i\u015fsizlik, formal r\u0259q\u0259ml\u0259r v\u0259 i\u015f tapa bilm\u0259y\u0259n v\u0259t\u0259nda\u015flar"},"content":{"rendered":"\n<p><\/p>\n\n\n\n<p><strong><em>Nax\u00e7\u0131van sakini \u00fc\u00e7 ildir ki, d\u00f6vl\u0259t idar\u0259l\u0259rinin qap\u0131lar\u0131n\u0131 d\u00f6y\u00fcr<\/em><\/strong><\/p>\n\n\n\n<p><em>\u201cArt\u0131q \u00fc\u00e7 il\u0259 yax\u0131nd\u0131r ki, i\u015fsiz\u0259m. D\u0259f\u0259l\u0259rl\u0259 i\u015fl\u0259 t\u0259min olunmaq \u00fc\u00e7\u00fcn d\u00f6vl\u0259t idar\u0259l\u0259rin\u0259 \u0259riz\u0259 il\u0259 m\u00fcraci\u0259t etmi\u015f\u0259m. H\u0259r d\u0259f\u0259 deyirl\u0259r ki, get, i\u015f olanda \u00e7a\u011f\u0131raca\u011f\u0131q\u201d.<\/em><\/p>\n\n\n\n<p>Bunu Meydan TV-y\u0259 Nax\u00e7\u0131van sakini Tahir \u0130brahim o\u011flu Abbasov deyir:<\/p>\n\n\n\n<p>\u201c<em>Pis v\u0259ziyy\u0259td\u0259 qalm\u0131\u015fam, hara gedir\u0259m, \u015fikay\u0259tim\u0259 baxm\u0131rlar. Adam\u0131m yoxdur dey\u0259 i\u015fl\u0259 t\u0259min etmirl\u0259r. On ildir ki, bo\u015fanm\u0131\u015fam. \u0130kinci \u00f6vlad\u0131m\u0131n aya\u011f\u0131nda q\u00fcsur var, imkans\u0131zl\u0131qdan onlara da k\u00f6m\u0259k ed\u0259 bilmir\u0259m. \u0130\u015fsiz oldu\u011fum m\u00fcdd\u0259td\u0259 3200 manat aliment borcum y\u0131\u011f\u0131l\u0131b&#8221;.<\/em><\/p>\n\n\n\n<p><strong>&#8220;Bel\u0259 haqs\u0131zl\u0131q olmaz&#8230;&#8221;<\/strong><\/p>\n\n\n\n<p><em>&#8220;Bel\u0259 haqs\u0131zl\u0131q olmaz, xahi\u015f edir\u0259m ki, m\u0259n\u0259 i\u015f verilsin, ail\u0259mi, u\u015faqlar\u0131m\u0131 doland\u0131r\u0131m. \u0130\u015f yerim olmad\u0131\u011f\u0131 \u00fc\u00e7\u00fcn bankdan kredit d\u0259 vermirl\u0259r ki, ki\u00e7ik sahibkar kimi n\u0259s\u0259 i\u015f qura bilim\u201d,<\/em> &#8211; i\u015fsizlikd\u0259n \u015fikay\u0259tl\u0259n\u0259n v\u0259t\u0259nda\u015f bel\u0259 deyir.<\/p>\n\n\n\n<p>O, i\u015fl\u0259 \u0259laq\u0259dar konkret hans\u0131 idar\u0259l\u0259r\u0259 m\u00fcraci\u0259t etdiyini dem\u0259yib.<\/p>\n\n\n\n<p>Meydan TV Nax\u00e7\u0131van D\u00f6vl\u0259t M\u0259\u015f\u011fulluq Xidm\u0259ti il\u0259 \u0259laq\u0259 saxlay\u0131b, v\u0259t\u0259nda\u015f\u0131n i\u015fl\u0259 \u0259laq\u0259dar m\u00fcraci\u0259t edib-etm\u0259diyini \u00f6yr\u0259nm\u0259y\u0259 \u00e7al\u0131\u015f\u0131b.<\/p>\n\n\n\n<p>\u0130dar\u0259d\u0259n z\u0259ngl\u0259r\u0259 cavab verilm\u0259yib.<\/p>\n\n\n\n<p>Nax\u00e7\u0131van Statistika Komit\u0259sinin 2021-ci ilin sonuna olan r\u0259smi r\u0259q\u0259ml\u0259rin\u0259 g\u00f6r\u0259, 500 mind\u0259n \u00e7ox \u0259halisi olan Muxtar Respublikada i\u015fsizl\u0259rin say\u0131 300 n\u0259f\u0259rdir.<\/p>\n\n\n<div class=\"wp-block-image\">\n<figure class=\"aligncenter size-full\"><img decoding=\"async\" width=\"1200\" height=\"800\" data-src=\"https:\/\/www.meydan.tv\/wp-content\/uploads\/untitled-design-113.jpg\" alt=\"\" class=\"wp-image-272593 lazyload\" src=\"data:image\/svg+xml;base64,PHN2ZyB3aWR0aD0iMSIgaGVpZ2h0PSIxIiB4bWxucz0iaHR0cDovL3d3dy53My5vcmcvMjAwMC9zdmciPjwvc3ZnPg==\" style=\"--smush-placeholder-width: 1200px; --smush-placeholder-aspect-ratio: 1200\/800;\" \/><figcaption class=\"wp-element-caption\">Foto: Tahir Abbasovun arxivind\u0259n<\/figcaption><\/figure>\n<\/div>\n\n\n<p><strong>&#8220;T\u0259kc\u0259 Nax\u00e7\u0131vanda deyil, \u00f6lk\u0259nin b\u00fct\u00fcn b\u00f6lg\u0259l\u0259rind\u0259 v\u0259ziyy\u0259t bel\u0259dir&#8221;<\/strong><\/p>\n\n\n\n<p>\u0130qtisad\u00e7\u0131 To\u011frul Ma\u015fall\u0131 Meydan TV-y\u0259 deyir ki, n\u0259inki Nax\u00e7\u0131van, Az\u0259rbaycan\u0131n dig\u0259r b\u00f6lg\u0259l\u0259rind\u0259 i\u015f\u00e7i say\u0131 r\u0259smi r\u0259q\u0259ml\u0259rd\u0259n qat-qat \u00e7oxdur:<\/p>\n\n\n\n<p>\u201c<em>\u0130\u015fsizliyin s\u0259b\u0259bi d\u0259 b\u00f6lg\u0259d\u0259 d\u00fczg\u00fcn iqtisadiyyat\u0131n qurulmamas\u0131 il\u0259 \u0259laq\u0259dard\u0131r. B\u00f6lg\u0259l\u0259rd\u0259 g\u0259lir yeri k\u0259nd t\u0259s\u0259rr\u00fcfat\u0131ndand\u0131r. K\u0259nd t\u0259s\u0259rr\u00fcfat\u0131 il\u0259 m\u0259\u011f\u015ful olmaq, yaxud da k\u0259nd t\u0259s\u0259rr\u00fcfat\u0131&nbsp; m\u0259hsullar\u0131n\u0131n emal\u0131 m\u00f6vs\u00fcmi xarakter da\u015f\u0131y\u0131r v\u0259 v\u0259t\u0259nda\u015fa b\u00fct\u00fcn d\u00f6vr \u0259rzind\u0259 i\u015f vermir. Nax\u00e7\u0131vanda da eyni tendensiyad\u0131r. Statistika g\u00f6st\u0259rir ki, Muxtar Respublikada muzdlu&nbsp; i\u015fl\u0259y\u0259nl\u0259rin say\u0131 109 mindir. Sual yaran\u0131r: b\u0259s dig\u0259rl\u0259ri n\u0259 il\u0259 m\u0259\u015f\u011ful olur? Yerd\u0259 qalanlar, g\u00fcman ki, ad\u0259t\u0259n, t\u0259l\u0259b\u0259, ya da pay torpaqlar\u0131 olanlar kimi hesablan\u0131r. Onlar i\u015fsiz yox, iqtisadi f\u0259al say\u0131l\u0131rlar\u201d.<\/em><\/p>\n\n\n\n<p>\u0130qtisad\u00e7\u0131 qeyd edib ki, iqtisadi f\u0259al kimi qeydiyyata al\u0131nanlar da el\u0259 i\u015fsiz say\u0131l\u0131rlar:<\/p>\n\n\n<div class=\"wp-block-image\">\n<figure class=\"aligncenter size-full\"><img decoding=\"async\" width=\"1200\" height=\"720\" data-src=\"https:\/\/www.meydan.tv\/wp-content\/uploads\/togrul-masalli.jpg\" alt=\"To\u011frul Ma\u015fall\u0131\" class=\"wp-image-123130 lazyload\" src=\"data:image\/svg+xml;base64,PHN2ZyB3aWR0aD0iMSIgaGVpZ2h0PSIxIiB4bWxucz0iaHR0cDovL3d3dy53My5vcmcvMjAwMC9zdmciPjwvc3ZnPg==\" style=\"--smush-placeholder-width: 1200px; --smush-placeholder-aspect-ratio: 1200\/720;\" \/><figcaption class=\"wp-element-caption\">Foto: To\u011frul Ma\u015fall\u0131n\u0131n \u015f\u0259xsi arxivind\u0259n<\/figcaption><\/figure>\n<\/div>\n\n\n<p><em>\u201cBu q\u0259d\u0259r insan k\u0259nd t\u0259s\u0259rr\u00fcfat\u0131 il\u0259 effektiv m\u0259\u015f\u011ful ola bilm\u0259z. Bir hektar sah\u0259d\u0259 he\u00e7 n\u0259 etm\u0259k m\u00fcmk\u00fcn deyil. H\u0259min bir hektar \u0259razid\u0259n g\u0259l\u0259n \u00e7ox ki\u00e7ik g\u0259lir, bir ail\u0259 aras\u0131nda b\u00f6l\u00fcn\u00fcr. Bu da birba\u015fa i\u015fsizlikdir. Bu kimi s\u0259b\u0259bl\u0259r\u0259 g\u00f6r\u0259 qeydiyyat d\u00fczg\u00fcn apar\u0131lm\u0131r. Kifay\u0259t q\u0259d\u0259r insan i\u015fsiz ola-ola r\u0259smi olaraq i\u015fsiz say\u0131lm\u0131r. T\u0259kc\u0259 Nax\u00e7\u0131vanda deyil, \u00f6lk\u0259nin b\u00fct\u00fcn b\u00f6lg\u0259l\u0259rind\u0259 v\u0259ziyy\u0259t bel\u0259dir\u201d.<\/em><\/p>\n\n\n\n<p><strong>&#8220;Az\u0259rbaycanda r\u0259smi i\u015fsizlik s\u0259viyy\u0259si statistik g\u00f6st\u0259ricil\u0259r \u00fc\u00e7\u00fcnd\u00fcr&#8221;<\/strong><\/p>\n\n\n\n<p>\u0130qtisad\u00e7\u0131 Natiq C\u0259f\u0259rli is\u0259 Meydan TV-y\u0259 deyir ki, Az\u0259rbaycanda r\u0259smi i\u015fsizlik s\u0259viyy\u0259si ancaq formal v\u0259 statistik g\u00f6st\u0259ricil\u0259r \u00fc\u00e7\u00fcnd\u00fcr, reall\u0131\u011f\u0131 \u0259ks etdirmir:<\/p>\n\n\n\n<p>&#8220;<em>\u00c7\u00fcnki i\u015fsiz kimi qeydiyyat prosedurunu ke\u00e7m\u0259k \u00f6z\u00fc \u00e7\u0259tin bir i\u015f t\u0259l\u0259b edir. Az\u0259rbaycanda i\u015fsizlik statusu almaq \u00fc\u00e7\u00fcn x\u00fcsusi m\u00fcraci\u0259t etm\u0259lis\u0259n. M\u0259\u015f\u011fulluq idar\u0259sin\u0259 getm\u0259lis\u0259n, \u0259riz\u0259 yazamal\u0131san, i\u015fsiz olma\u011f\u0131n\u0131 s\u00fcbut etm\u0259lis\u0259n. Bizd\u0259 bu prosedur q\u0259liz oldu\u011fu \u00fc\u00e7\u00fcn r\u0259smi i\u015fsizl\u0259rin say\u0131 azd\u0131r. Az\u0259rbaycanda r\u0259smi i\u015fsizlik r\u0259q\u0259ml\u0259ri be\u015f faiz civar\u0131ndad\u0131r&#8221;.<\/em><\/p>\n\n\n\n<p><strong>&#8220;Avropa \u00f6lk\u0259l\u0259rind\u0259 i\u015fsizlikl\u0259 ba\u011fl\u0131 qaydalar avtomatla\u015fd\u0131r\u0131l\u0131b&#8221;<\/strong><\/p>\n\n\n\n<p><em>&#8220;Uzun ill\u0259rdir ki, bu r\u0259q\u0259m d\u0259yi\u015fmir. Bel\u0259 bir dinamika m\u00fcmk\u00fcn deyil ki, bu g\u00f6st\u0259rici uzun ill\u0259r eyni s\u0259viyy\u0259d\u0259 qalm\u0131r. Qeydiyyat proseduru \u00e7\u0259tin oldu\u011funa g\u00f6r\u0259 m\u00fc\u0259yy\u0259n probleml\u0259r yaratd\u0131\u011f\u0131na g\u00f6r\u0259 v\u0259t\u0259nda\u015flar \u00e7ox zaman m\u00fcraci\u0259t etmir. Bu statusun ona hans\u0131sa \u00fcst\u00fcnl\u00fck ver\u0259c\u0259yini d\u0259 d\u00fc\u015f\u00fcnm\u00fcr\u201d, <\/em>&#8211; dey\u0259 o bildirib.<\/p>\n\n\n\n<p>\u0130qtisad\u00e7\u0131 bildirib ki, Amerikada v\u0259 bir \u00e7ox Avropa \u00f6lk\u0259l\u0259rind\u0259 i\u015fsizlikl\u0259 ba\u011fl\u0131 qaydalar avtomatla\u015fd\u0131r\u0131l\u0131b:<\/p>\n\n\n\n<p>\u201c<em>\u0130\u015f yerl\u0259ri leqal oldu\u011fu \u00fc\u00e7\u00fcn kims\u0259 i\u015f yerini itir\u0259n kimi m\u0259rk\u0259zi sistemd\u0259 bu, avtomatik olaraq hesablan\u0131r. M\u0259s\u0259l\u0259n, Amerikada h\u0259r h\u0259ft\u0259 bu r\u0259q\u0259ml\u0259r \u00e7\u0131x\u0131r. Kimins\u0259 i\u015fd\u0259n \u00e7\u0131xmas\u0131, h\u0259min an m\u0259rk\u0259zi m\u0259lumatland\u0131rma sistemind\u0259 g\u00f6r\u00fcn\u00fcr. Xaricd\u0259 i\u015fsiz kimi qeydiyyata d\u00fc\u015fd\u00fcns\u0259, m\u00fc\u0259yy\u0259n m\u00fcdd\u0259t maddi yard\u0131m almaq h\u00fcququn da yaran\u0131r. Az\u0259rbaycan qanunvericiliyind\u0259 d\u0259 bununla ba\u011fl\u0131 m\u00fc\u0259yy\u0259n m\u00fcdd\u0259alar var. Lakin \u0259halinin 95 faizi bundan x\u0259b\u0259rsizdir\u201d.<\/em><\/p>\n\n\n<div class=\"wp-block-image\">\n<figure class=\"aligncenter size-large\"><img decoding=\"async\" width=\"1200\" height=\"800\" data-src=\"https:\/\/www.meydan.tv\/wp-content\/uploads\/natiq-jafarli-1-1200x800.jpg\" alt=\"\" class=\"wp-image-216079 lazyload\" src=\"data:image\/svg+xml;base64,PHN2ZyB3aWR0aD0iMSIgaGVpZ2h0PSIxIiB4bWxucz0iaHR0cDovL3d3dy53My5vcmcvMjAwMC9zdmciPjwvc3ZnPg==\" style=\"--smush-placeholder-width: 1200px; --smush-placeholder-aspect-ratio: 1200\/800;\" \/><figcaption class=\"wp-element-caption\">M\u0259nb\u0259: Meydan TV<\/figcaption><\/figure>\n<\/div>\n\n\n<p><strong>\u0130\u015fsizlik m\u00fcavin\u0259tini kiml\u0259r ala bil\u0259r?<\/strong><\/p>\n\n\n\n<p>\u0130\u015fsizlik m\u00fcavin\u0259ti almaq \u00fc\u00e7\u00fcn v\u0259t\u0259nda\u015f ya\u015fad\u0131\u011f\u0131 \u0259razi \u00fczr\u0259 M\u0259\u015f\u011fulluq \u0130dar\u0259sin\u0259 m\u00fcraci\u0259t etm\u0259lidir.<\/p>\n\n\n\n<p><strong>Bu zaman a\u015fa\u011f\u0131dak\u0131 s\u0259n\u0259dl\u0259r t\u0259qdim olunmal\u0131d\u0131r:<\/strong><\/p>\n\n\n\n<p><em>&#8211; \u015e\u0259xsiyy\u0259ti t\u0259sdiq ed\u0259n s\u0259n\u0259d<\/em><br><em>&#8211; \u018fm\u0259k kitab\u00e7as\u0131<\/em><br><em>&#8211; Pe\u015f\u0259 v\u0259 ya ixtisas\u0131n\u0131 t\u0259sdiq ed\u0259n s\u0259n\u0259d<\/em><\/p>\n\n\n\n<p>H\u0259min s\u0259n\u0259dl\u0259ri \u015f\u0259xs\u0259n t\u0259qdim etdikd\u0259n sonra v\u0259t\u0259nda\u015f i\u015faxtaran kimi qeydiyyata al\u0131n\u0131r.<\/p>\n\n\n\n<p>\u0130\u015faxtaran kimi qeydiyyata al\u0131nan v\u0259t\u0259nda\u015f sadalanan s\u0259n\u0259dl\u0259ri t\u0259qdim etdiyi andan ona m\u00fcnasib i\u015f t\u0259klif olunmad\u0131\u011f\u0131 halda, Ba\u015f M\u0259\u015f\u011fulluq \u0130dar\u0259si v\u0259 onun yerli orqanlar\u0131 11 g\u00fcn \u0259rzind\u0259 h\u0259min \u015f\u0259xs\u0259 i\u015fsiz statusu verilm\u0259si haqq\u0131nda q\u0259rar q\u0259bul edir.<\/p>\n\n\n\n<p><strong>V\u0259t\u0259nda\u015f qeyd edil\u0259n s\u0259n\u0259dl\u0259rd\u0259n \u0259lav\u0259 a\u015fa\u011f\u0131dak\u0131 s\u0259n\u0259dl\u0259ri d\u0259 t\u0259qdim etm\u0259lidir:<\/strong><\/p>\n\n\n\n<p><em>&#8211; Pensiya (ail\u0259 ba\u015f\u00e7\u0131s\u0131n\u0131 itirm\u0259y\u0259 g\u00f6r\u0259 u\u015faqlar \u00fc\u00e7\u00fcn t\u0259yin olunmu\u015f pensiya istisna olmaqla), ya\u015fa g\u00f6r\u0259 v\u0259 \u0259lilliy\u0259 g\u00f6r\u0259 sosial m\u00fcavin\u0259t almamas\u0131 haqq\u0131nda aray\u0131\u015f;<\/em><br><em>&#8211; Ya\u015fay\u0131\u015f yeri \u00fczr\u0259 vergi orqanlar\u0131ndan f\u0259rdi qaydada sahibkarl\u0131qla m\u0259\u015f\u011ful olmamas\u0131 haqq\u0131nda aray\u0131\u015f;<\/em><br><em>&#8211; Yerli icra hakimiyy\u0259tinin \u0259razi \u00fczr\u0259 n\u00fcmay\u0259nd\u0259liyind\u0259n m\u00fclkiyy\u0259tind\u0259 torpaq pay\u0131 olmamas\u0131 haqq\u0131nda aray\u0131\u015f;<\/em><br><em>&#8211; Himay\u0259sind\u0259 olan 18 ya\u015f\u0131na \u00e7atmam\u0131\u015f u\u015faqlar\u0131n do\u011fum haqq\u0131nda \u015f\u0259had\u0259tnam\u0259l\u0259rinin sur\u0259ti.<\/em><\/p>\n\n\n\n<p>Qeydiyyata al\u0131nd\u0131qdan \u0259vv\u0259lki 12 ay \u0259rzind\u0259 26 t\u0259qvim h\u0259ft\u0259sind\u0259n az olmayan m\u00fcdd\u0259td\u0259 haqq\u0131 \u00f6d\u0259nil\u0259n i\u015f\u0259 malik olanlar \u00fc\u00e7\u00fcn ax\u0131r\u0131nc\u0131 i\u015f yerind\u0259n son 12 ay \u00fczr\u0259 \u0259m\u0259khaqq\u0131 bar\u0259d\u0259 aray\u0131\u015f\u0131 da t\u0259qdim etm\u0259lidir.<\/p>\n\n\n\n<figure class=\"wp-block-image size-full\"><img decoding=\"async\" width=\"1200\" height=\"471\" data-src=\"https:\/\/www.meydan.tv\/wp-content\/uploads\/dovlet_mesgulluq_agentliyi_logo.png\" alt=\"\" class=\"wp-image-272597 lazyload\" src=\"data:image\/svg+xml;base64,PHN2ZyB3aWR0aD0iMSIgaGVpZ2h0PSIxIiB4bWxucz0iaHR0cDovL3d3dy53My5vcmcvMjAwMC9zdmciPjwvc3ZnPg==\" style=\"--smush-placeholder-width: 1200px; --smush-placeholder-aspect-ratio: 1200\/471;\" \/><figcaption class=\"wp-element-caption\">D\u00f6vl\u0259t M\u0259\u015f\u011fulluq Xidm\u0259ti<\/figcaption><\/figure>\n\n\n\n<p>Qanunvericiliy\u0259 g\u00f6r\u0259, i\u015fsizlik m\u00fcavin\u0259ti ax\u0131r\u0131nc\u0131 i\u015f yerind\u0259ki son 12 ay \u0259rzind\u0259 hesablanm\u0131\u015f orta ayl\u0131q \u0259m\u0259khaqq\u0131n\u0131n 70%-i m\u0259bl\u0259\u011find\u0259 m\u00fc\u0259yy\u0259n edilir.<\/p>\n\n\n\n<p>\u0130\u015fsizin himay\u0259sind\u0259 18 ya\u015f\u0131na \u00e7atmam\u0131\u015f u\u015fa\u011f\u0131 olduqda i\u015fsizlik m\u00fcavin\u0259tinin m\u0259bl\u0259\u011fi h\u0259r bir u\u015faq \u00fc\u00e7\u00fcn m\u00fcavin\u0259tin 10%-i m\u0259bl\u0259\u011find\u0259, lakin 50%-d\u0259n \u00e7ox olmamaq \u015f\u0259rti il\u0259 art\u0131r\u0131l\u0131r.<\/p>\n\n\n\n<p><strong>Kiml\u0259r m\u00fcavin\u0259t ala bilm\u0259z?<\/strong><\/p>\n\n\n\n<p>\u018fm\u0259k m\u00fcqavil\u0259si m\u00fcqabilind\u0259 i\u015f g\u00f6r\u0259n, habel\u0259 haqq\u0131 \u00f6d\u0259nil\u0259n ba\u015fqa i\u015fi (xidm\u0259ti) olanlar, sahibkarlar, f\u0259rdi \u0259m\u0259k f\u0259aliyy\u0259ti il\u0259 m\u0259\u015f\u011ful olanlar, m\u00fclkiyy\u0259tind\u0259 torpaq pay\u0131 olanlar haqq\u0131 \u00f6d\u0259nil\u0259n v\u0259zif\u0259y\u0259 se\u00e7il\u0259n, t\u0259yin v\u0259 ya t\u0259sdiq edil\u0259nl\u0259r, qanunvericiliy\u0259 uy\u011fun olaraq yarad\u0131lm\u0131\u015f ba\u015fqa silahl\u0131 birl\u0259\u015fm\u0259l\u0259rd\u0259 xidm\u0259t ed\u0259nl\u0259r i\u015fsiz say\u0131lm\u0131r.<\/p>\n\n\n\n<p>H\u0259m\u00e7inin \u0259m\u0259k qabiliyy\u0259tinin m\u00fcv\u0259qq\u0259ti itirilm\u0259si, m\u0259zuniyy\u0259t, ixtisasart\u0131rma, t\u0259til, istehsalat\u0131n dayand\u0131r\u0131lmas\u0131 v\u0259 ya ba\u015fqa s\u0259b\u0259bl\u0259rl\u0259 \u0259laq\u0259dar i\u015f yerind\u0259 m\u00fcv\u0259qq\u0259ti olmayanlar, \u00f6lk\u0259 \u0259razisind\u0259 qanuni \u0259saslarla haqq\u0131 \u00f6d\u0259nil\u0259n \u0259m\u0259k f\u0259aliyy\u0259ti il\u0259 m\u0259\u015f\u011ful olan \u0259cn\u0259bil\u0259r v\u0259 v\u0259t\u0259nda\u015fl\u0131\u011f\u0131 olmayan \u015f\u0259xsl\u0259r, \u00f6lk\u0259 h\u00fcdudlar\u0131ndan k\u0259narda qanuni \u0259saslarla \u0259m\u0259k f\u0259aliyy\u0259ti il\u0259 m\u0259\u015f\u011ful olan \u00f6lk\u0259 v\u0259t\u0259nda\u015flar\u0131 i\u015fsizlik m\u00fcavin\u0259ti ala bilm\u0259z.<\/p>\n","protected":false},"excerpt":{"rendered":"<p>Nax\u00e7\u0131van sakini \u00fc\u00e7 ildir ki, d\u00f6vl\u0259t idar\u0259l\u0259rinin qap\u0131lar\u0131n\u0131 d\u00f6y\u00fcr \u201cArt\u0131q &#8230; <\/p>\n<p class=\"read-more-container\"><a title=\"Az\u0259rbaycanda artan i\u015fsizlik, formal r\u0259q\u0259ml\u0259r v\u0259 i\u015f tapa bilm\u0259y\u0259n v\u0259t\u0259nda\u015flar\" class=\"read-more button\" href=\"https:\/\/www.meydan.tv\/az\/article\/azerbaycanda-artan-issizlik-formal-reqemler-ve-is-tapa-bilmeyen-vetendaslar\/#more-272596\" aria-label=\"Read more about Az\u0259rbaycanda artan i\u015fsizlik, formal r\u0259q\u0259ml\u0259r v\u0259 i\u015f tapa bilm\u0259y\u0259n v\u0259t\u0259nda\u015flar\">Davam\u0131<\/a><\/p>\n","protected":false},"author":8,"featured_media":266652,"comment_status":"closed","ping_status":"closed","sticky":false,"template":"","format":"standard","meta":{"_acf_changed":false,"_sitemap_exclude":false,"_sitemap_priority":"","_sitemap_frequency":"","footnotes":""},"categories":[60,56],"tags":[],"class_list":["post-272596","post","type-post","status-publish","format-standard","has-post-thumbnail","hentry","category-bolge","category-xeberler","infinite-scroll-item","generate-columns","tablet-grid-50","mobile-grid-100","grid-parent","grid-33","no-featured-image-padding"],"acf":[],"yoast_head":"<!-- This site is optimized with the Yoast SEO plugin v27.5 - https:\/\/yoast.com\/product\/yoast-seo-wordpress\/ -->\n<title>Az\u0259rbaycanda artan i\u015fsizlik, formal r\u0259q\u0259ml\u0259r v\u0259 i\u015f tapa bilm\u0259y\u0259n v\u0259t\u0259nda\u015flar - MEYDAN.TV<\/title>\n<meta name=\"robots\" content=\"index, follow, max-snippet:-1, max-image-preview:large, max-video-preview:-1\" \/>\n<link rel=\"canonical\" href=\"https:\/\/www.meydan.tv\/az\/article\/azerbaycanda-artan-issizlik-formal-reqemler-ve-is-tapa-bilmeyen-vetendaslar\/\" \/>\n<meta property=\"og:locale\" content=\"az_AZ\" \/>\n<meta property=\"og:type\" content=\"article\" \/>\n<meta property=\"og:title\" content=\"Az\u0259rbaycanda artan i\u015fsizlik, formal r\u0259q\u0259ml\u0259r v\u0259 i\u015f tapa bilm\u0259y\u0259n v\u0259t\u0259nda\u015flar - MEYDAN.TV\" \/>\n<meta property=\"og:description\" content=\"Nax\u00e7\u0131van sakini \u00fc\u00e7 ildir ki, d\u00f6vl\u0259t idar\u0259l\u0259rinin qap\u0131lar\u0131n\u0131 d\u00f6y\u00fcr \u201cArt\u0131q ... Davam\u0131\" \/>\n<meta property=\"og:url\" content=\"https:\/\/www.meydan.tv\/az\/article\/azerbaycanda-artan-issizlik-formal-reqemler-ve-is-tapa-bilmeyen-vetendaslar\/\" \/>\n<meta property=\"og:site_name\" content=\"MEYDAN.TV\" \/>\n<meta property=\"article:published_time\" content=\"2023-04-11T12:47:26+00:00\" \/>\n<meta property=\"article:modified_time\" content=\"2023-04-11T12:47:32+00:00\" \/>\n<meta property=\"og:image\" content=\"https:\/\/www.meydan.tv\/wp-content\/uploads\/naxci.jpg\" \/>\n\t<meta property=\"og:image:width\" content=\"1200\" \/>\n\t<meta property=\"og:image:height\" content=\"662\" \/>\n\t<meta property=\"og:image:type\" content=\"image\/jpeg\" \/>\n<meta name=\"author\" content=\"elli\" \/>\n<meta name=\"twitter:card\" content=\"summary_large_image\" \/>\n<meta name=\"twitter:creator\" content=\"@elli\" \/>\n<script type=\"application\/ld+json\" class=\"yoast-schema-graph\">{\"@context\":\"https:\\\/\\\/schema.org\",\"@graph\":[{\"@type\":\"Article\",\"@id\":\"https:\\\/\\\/www.meydan.tv\\\/az\\\/article\\\/azerbaycanda-artan-issizlik-formal-reqemler-ve-is-tapa-bilmeyen-vetendaslar\\\/#article\",\"isPartOf\":{\"@id\":\"https:\\\/\\\/www.meydan.tv\\\/az\\\/article\\\/azerbaycanda-artan-issizlik-formal-reqemler-ve-is-tapa-bilmeyen-vetendaslar\\\/\"},\"author\":{\"name\":\"elli\",\"@id\":\"https:\\\/\\\/www.meydan.tv\\\/az\\\/#\\\/schema\\\/person\\\/9cdbecf90d17180ce1dfbd95b08dcf47\"},\"headline\":\"Az\u0259rbaycanda artan i\u015fsizlik, formal r\u0259q\u0259ml\u0259r v\u0259 i\u015f tapa bilm\u0259y\u0259n v\u0259t\u0259nda\u015flar\",\"datePublished\":\"2023-04-11T12:47:26+00:00\",\"dateModified\":\"2023-04-11T12:47:32+00:00\",\"mainEntityOfPage\":{\"@id\":\"https:\\\/\\\/www.meydan.tv\\\/az\\\/article\\\/azerbaycanda-artan-issizlik-formal-reqemler-ve-is-tapa-bilmeyen-vetendaslar\\\/\"},\"wordCount\":1569,\"publisher\":{\"@id\":\"https:\\\/\\\/www.meydan.tv\\\/az\\\/#organization\"},\"image\":{\"@id\":\"https:\\\/\\\/www.meydan.tv\\\/az\\\/article\\\/azerbaycanda-artan-issizlik-formal-reqemler-ve-is-tapa-bilmeyen-vetendaslar\\\/#primaryimage\"},\"thumbnailUrl\":\"https:\\\/\\\/www.meydan.tv\\\/wp-content\\\/uploads\\\/naxci.jpg\",\"articleSection\":[\"B\u00f6lg\u0259\",\"X\u0259b\u0259rl\u0259r\"],\"inLanguage\":\"az\"},{\"@type\":\"WebPage\",\"@id\":\"https:\\\/\\\/www.meydan.tv\\\/az\\\/article\\\/azerbaycanda-artan-issizlik-formal-reqemler-ve-is-tapa-bilmeyen-vetendaslar\\\/\",\"url\":\"https:\\\/\\\/www.meydan.tv\\\/az\\\/article\\\/azerbaycanda-artan-issizlik-formal-reqemler-ve-is-tapa-bilmeyen-vetendaslar\\\/\",\"name\":\"Az\u0259rbaycanda artan i\u015fsizlik, formal r\u0259q\u0259ml\u0259r v\u0259 i\u015f tapa bilm\u0259y\u0259n v\u0259t\u0259nda\u015flar - MEYDAN.TV\",\"isPartOf\":{\"@id\":\"https:\\\/\\\/www.meydan.tv\\\/az\\\/#website\"},\"primaryImageOfPage\":{\"@id\":\"https:\\\/\\\/www.meydan.tv\\\/az\\\/article\\\/azerbaycanda-artan-issizlik-formal-reqemler-ve-is-tapa-bilmeyen-vetendaslar\\\/#primaryimage\"},\"image\":{\"@id\":\"https:\\\/\\\/www.meydan.tv\\\/az\\\/article\\\/azerbaycanda-artan-issizlik-formal-reqemler-ve-is-tapa-bilmeyen-vetendaslar\\\/#primaryimage\"},\"thumbnailUrl\":\"https:\\\/\\\/www.meydan.tv\\\/wp-content\\\/uploads\\\/naxci.jpg\",\"datePublished\":\"2023-04-11T12:47:26+00:00\",\"dateModified\":\"2023-04-11T12:47:32+00:00\",\"breadcrumb\":{\"@id\":\"https:\\\/\\\/www.meydan.tv\\\/az\\\/article\\\/azerbaycanda-artan-issizlik-formal-reqemler-ve-is-tapa-bilmeyen-vetendaslar\\\/#breadcrumb\"},\"inLanguage\":\"az\",\"potentialAction\":[{\"@type\":\"ReadAction\",\"target\":[\"https:\\\/\\\/www.meydan.tv\\\/az\\\/article\\\/azerbaycanda-artan-issizlik-formal-reqemler-ve-is-tapa-bilmeyen-vetendaslar\\\/\"]}]},{\"@type\":\"ImageObject\",\"inLanguage\":\"az\",\"@id\":\"https:\\\/\\\/www.meydan.tv\\\/az\\\/article\\\/azerbaycanda-artan-issizlik-formal-reqemler-ve-is-tapa-bilmeyen-vetendaslar\\\/#primaryimage\",\"url\":\"https:\\\/\\\/www.meydan.tv\\\/wp-content\\\/uploads\\\/naxci.jpg\",\"contentUrl\":\"https:\\\/\\\/www.meydan.tv\\\/wp-content\\\/uploads\\\/naxci.jpg\",\"width\":1200,\"height\":662,\"caption\":\"Nax\u00e7\u0131van. Foto: Meydan TV\"},{\"@type\":\"BreadcrumbList\",\"@id\":\"https:\\\/\\\/www.meydan.tv\\\/az\\\/article\\\/azerbaycanda-artan-issizlik-formal-reqemler-ve-is-tapa-bilmeyen-vetendaslar\\\/#breadcrumb\",\"itemListElement\":[{\"@type\":\"ListItem\",\"position\":1,\"name\":\"Ana s\u0259hif\u0259\",\"item\":\"https:\\\/\\\/www.meydan.tv\\\/az\\\/\"},{\"@type\":\"ListItem\",\"position\":2,\"name\":\"B\u00f6lg\u0259\",\"item\":\"https:\\\/\\\/www.meydan.tv\\\/az\\\/section\\\/bolge\\\/\"},{\"@type\":\"ListItem\",\"position\":3,\"name\":\"Az\u0259rbaycanda artan i\u015fsizlik, formal r\u0259q\u0259ml\u0259r v\u0259 i\u015f tapa bilm\u0259y\u0259n v\u0259t\u0259nda\u015flar\"}]},{\"@type\":\"WebSite\",\"@id\":\"https:\\\/\\\/www.meydan.tv\\\/az\\\/#website\",\"url\":\"https:\\\/\\\/www.meydan.tv\\\/az\\\/\",\"name\":\"MEYDAN.TV\",\"description\":\"Meydan TV Az\u0259rbaycan\u0131n media m\u0259kan\u0131ndak\u0131 alternativ s\u0259sidir\",\"publisher\":{\"@id\":\"https:\\\/\\\/www.meydan.tv\\\/az\\\/#organization\"},\"potentialAction\":[{\"@type\":\"SearchAction\",\"target\":{\"@type\":\"EntryPoint\",\"urlTemplate\":\"https:\\\/\\\/www.meydan.tv\\\/az\\\/?s={search_term_string}\"},\"query-input\":{\"@type\":\"PropertyValueSpecification\",\"valueRequired\":true,\"valueName\":\"search_term_string\"}}],\"inLanguage\":\"az\"},{\"@type\":\"Organization\",\"@id\":\"https:\\\/\\\/www.meydan.tv\\\/az\\\/#organization\",\"name\":\"Meydan TV\",\"url\":\"https:\\\/\\\/www.meydan.tv\\\/az\\\/\",\"logo\":{\"@type\":\"ImageObject\",\"inLanguage\":\"az\",\"@id\":\"https:\\\/\\\/www.meydan.tv\\\/az\\\/#\\\/schema\\\/logo\\\/image\\\/\",\"url\":\"https:\\\/\\\/www.meydan.tv\\\/wp-content\\\/uploads\\\/2021\\\/07\\\/meydan-logo.svg\",\"contentUrl\":\"https:\\\/\\\/www.meydan.tv\\\/wp-content\\\/uploads\\\/2021\\\/07\\\/meydan-logo.svg\",\"width\":195,\"height\":46,\"caption\":\"Meydan TV\"},\"image\":{\"@id\":\"https:\\\/\\\/www.meydan.tv\\\/az\\\/#\\\/schema\\\/logo\\\/image\\\/\"}},{\"@type\":\"Person\",\"@id\":\"https:\\\/\\\/www.meydan.tv\\\/az\\\/#\\\/schema\\\/person\\\/9cdbecf90d17180ce1dfbd95b08dcf47\",\"name\":\"elli\",\"sameAs\":[\"https:\\\/\\\/x.com\\\/elli\"]}]}<\/script>\n<!-- \/ Yoast SEO plugin. -->","yoast_head_json":{"title":"Az\u0259rbaycanda artan i\u015fsizlik, formal r\u0259q\u0259ml\u0259r v\u0259 i\u015f tapa bilm\u0259y\u0259n v\u0259t\u0259nda\u015flar - MEYDAN.TV","robots":{"index":"index","follow":"follow","max-snippet":"max-snippet:-1","max-image-preview":"max-image-preview:large","max-video-preview":"max-video-preview:-1"},"canonical":"https:\/\/www.meydan.tv\/az\/article\/azerbaycanda-artan-issizlik-formal-reqemler-ve-is-tapa-bilmeyen-vetendaslar\/","og_locale":"az_AZ","og_type":"article","og_title":"Az\u0259rbaycanda artan i\u015fsizlik, formal r\u0259q\u0259ml\u0259r v\u0259 i\u015f tapa bilm\u0259y\u0259n v\u0259t\u0259nda\u015flar - MEYDAN.TV","og_description":"Nax\u00e7\u0131van sakini \u00fc\u00e7 ildir ki, d\u00f6vl\u0259t idar\u0259l\u0259rinin qap\u0131lar\u0131n\u0131 d\u00f6y\u00fcr \u201cArt\u0131q ... Davam\u0131","og_url":"https:\/\/www.meydan.tv\/az\/article\/azerbaycanda-artan-issizlik-formal-reqemler-ve-is-tapa-bilmeyen-vetendaslar\/","og_site_name":"MEYDAN.TV","article_published_time":"2023-04-11T12:47:26+00:00","article_modified_time":"2023-04-11T12:47:32+00:00","og_image":[{"width":1200,"height":662,"url":"https:\/\/www.meydan.tv\/wp-content\/uploads\/naxci.jpg","type":"image\/jpeg"}],"author":"elli","twitter_card":"summary_large_image","twitter_creator":"@elli","schema":{"@context":"https:\/\/schema.org","@graph":[{"@type":"Article","@id":"https:\/\/www.meydan.tv\/az\/article\/azerbaycanda-artan-issizlik-formal-reqemler-ve-is-tapa-bilmeyen-vetendaslar\/#article","isPartOf":{"@id":"https:\/\/www.meydan.tv\/az\/article\/azerbaycanda-artan-issizlik-formal-reqemler-ve-is-tapa-bilmeyen-vetendaslar\/"},"author":{"name":"elli","@id":"https:\/\/www.meydan.tv\/az\/#\/schema\/person\/9cdbecf90d17180ce1dfbd95b08dcf47"},"headline":"Az\u0259rbaycanda artan i\u015fsizlik, formal r\u0259q\u0259ml\u0259r v\u0259 i\u015f tapa bilm\u0259y\u0259n v\u0259t\u0259nda\u015flar","datePublished":"2023-04-11T12:47:26+00:00","dateModified":"2023-04-11T12:47:32+00:00","mainEntityOfPage":{"@id":"https:\/\/www.meydan.tv\/az\/article\/azerbaycanda-artan-issizlik-formal-reqemler-ve-is-tapa-bilmeyen-vetendaslar\/"},"wordCount":1569,"publisher":{"@id":"https:\/\/www.meydan.tv\/az\/#organization"},"image":{"@id":"https:\/\/www.meydan.tv\/az\/article\/azerbaycanda-artan-issizlik-formal-reqemler-ve-is-tapa-bilmeyen-vetendaslar\/#primaryimage"},"thumbnailUrl":"https:\/\/www.meydan.tv\/wp-content\/uploads\/naxci.jpg","articleSection":["B\u00f6lg\u0259","X\u0259b\u0259rl\u0259r"],"inLanguage":"az"},{"@type":"WebPage","@id":"https:\/\/www.meydan.tv\/az\/article\/azerbaycanda-artan-issizlik-formal-reqemler-ve-is-tapa-bilmeyen-vetendaslar\/","url":"https:\/\/www.meydan.tv\/az\/article\/azerbaycanda-artan-issizlik-formal-reqemler-ve-is-tapa-bilmeyen-vetendaslar\/","name":"Az\u0259rbaycanda artan i\u015fsizlik, formal r\u0259q\u0259ml\u0259r v\u0259 i\u015f tapa bilm\u0259y\u0259n v\u0259t\u0259nda\u015flar - MEYDAN.TV","isPartOf":{"@id":"https:\/\/www.meydan.tv\/az\/#website"},"primaryImageOfPage":{"@id":"https:\/\/www.meydan.tv\/az\/article\/azerbaycanda-artan-issizlik-formal-reqemler-ve-is-tapa-bilmeyen-vetendaslar\/#primaryimage"},"image":{"@id":"https:\/\/www.meydan.tv\/az\/article\/azerbaycanda-artan-issizlik-formal-reqemler-ve-is-tapa-bilmeyen-vetendaslar\/#primaryimage"},"thumbnailUrl":"https:\/\/www.meydan.tv\/wp-content\/uploads\/naxci.jpg","datePublished":"2023-04-11T12:47:26+00:00","dateModified":"2023-04-11T12:47:32+00:00","breadcrumb":{"@id":"https:\/\/www.meydan.tv\/az\/article\/azerbaycanda-artan-issizlik-formal-reqemler-ve-is-tapa-bilmeyen-vetendaslar\/#breadcrumb"},"inLanguage":"az","potentialAction":[{"@type":"ReadAction","target":["https:\/\/www.meydan.tv\/az\/article\/azerbaycanda-artan-issizlik-formal-reqemler-ve-is-tapa-bilmeyen-vetendaslar\/"]}]},{"@type":"ImageObject","inLanguage":"az","@id":"https:\/\/www.meydan.tv\/az\/article\/azerbaycanda-artan-issizlik-formal-reqemler-ve-is-tapa-bilmeyen-vetendaslar\/#primaryimage","url":"https:\/\/www.meydan.tv\/wp-content\/uploads\/naxci.jpg","contentUrl":"https:\/\/www.meydan.tv\/wp-content\/uploads\/naxci.jpg","width":1200,"height":662,"caption":"Nax\u00e7\u0131van. Foto: Meydan TV"},{"@type":"BreadcrumbList","@id":"https:\/\/www.meydan.tv\/az\/article\/azerbaycanda-artan-issizlik-formal-reqemler-ve-is-tapa-bilmeyen-vetendaslar\/#breadcrumb","itemListElement":[{"@type":"ListItem","position":1,"name":"Ana s\u0259hif\u0259","item":"https:\/\/www.meydan.tv\/az\/"},{"@type":"ListItem","position":2,"name":"B\u00f6lg\u0259","item":"https:\/\/www.meydan.tv\/az\/section\/bolge\/"},{"@type":"ListItem","position":3,"name":"Az\u0259rbaycanda artan i\u015fsizlik, formal r\u0259q\u0259ml\u0259r v\u0259 i\u015f tapa bilm\u0259y\u0259n v\u0259t\u0259nda\u015flar"}]},{"@type":"WebSite","@id":"https:\/\/www.meydan.tv\/az\/#website","url":"https:\/\/www.meydan.tv\/az\/","name":"MEYDAN.TV","description":"Meydan TV Az\u0259rbaycan\u0131n media m\u0259kan\u0131ndak\u0131 alternativ s\u0259sidir","publisher":{"@id":"https:\/\/www.meydan.tv\/az\/#organization"},"potentialAction":[{"@type":"SearchAction","target":{"@type":"EntryPoint","urlTemplate":"https:\/\/www.meydan.tv\/az\/?s={search_term_string}"},"query-input":{"@type":"PropertyValueSpecification","valueRequired":true,"valueName":"search_term_string"}}],"inLanguage":"az"},{"@type":"Organization","@id":"https:\/\/www.meydan.tv\/az\/#organization","name":"Meydan TV","url":"https:\/\/www.meydan.tv\/az\/","logo":{"@type":"ImageObject","inLanguage":"az","@id":"https:\/\/www.meydan.tv\/az\/#\/schema\/logo\/image\/","url":"https:\/\/www.meydan.tv\/wp-content\/uploads\/2021\/07\/meydan-logo.svg","contentUrl":"https:\/\/www.meydan.tv\/wp-content\/uploads\/2021\/07\/meydan-logo.svg","width":195,"height":46,"caption":"Meydan TV"},"image":{"@id":"https:\/\/www.meydan.tv\/az\/#\/schema\/logo\/image\/"}},{"@type":"Person","@id":"https:\/\/www.meydan.tv\/az\/#\/schema\/person\/9cdbecf90d17180ce1dfbd95b08dcf47","name":"elli","sameAs":["https:\/\/x.com\/elli"]}]}},"_links":{"self":[{"href":"https:\/\/www.meydan.tv\/az\/wp-json\/wp\/v2\/posts\/272596","targetHints":{"allow":["GET"]}}],"collection":[{"href":"https:\/\/www.meydan.tv\/az\/wp-json\/wp\/v2\/posts"}],"about":[{"href":"https:\/\/www.meydan.tv\/az\/wp-json\/wp\/v2\/types\/post"}],"author":[{"embeddable":true,"href":"https:\/\/www.meydan.tv\/az\/wp-json\/wp\/v2\/users\/8"}],"replies":[{"embeddable":true,"href":"https:\/\/www.meydan.tv\/az\/wp-json\/wp\/v2\/comments?post=272596"}],"version-history":[{"count":2,"href":"https:\/\/www.meydan.tv\/az\/wp-json\/wp\/v2\/posts\/272596\/revisions"}],"predecessor-version":[{"id":272603,"href":"https:\/\/www.meydan.tv\/az\/wp-json\/wp\/v2\/posts\/272596\/revisions\/272603"}],"wp:featuredmedia":[{"embeddable":true,"href":"https:\/\/www.meydan.tv\/az\/wp-json\/wp\/v2\/media\/266652"}],"wp:attachment":[{"href":"https:\/\/www.meydan.tv\/az\/wp-json\/wp\/v2\/media?parent=272596"}],"wp:term":[{"taxonomy":"category","embeddable":true,"href":"https:\/\/www.meydan.tv\/az\/wp-json\/wp\/v2\/categories?post=272596"},{"taxonomy":"post_tag","embeddable":true,"href":"https:\/\/www.meydan.tv\/az\/wp-json\/wp\/v2\/tags?post=272596"}],"curies":[{"name":"wp","href":"https:\/\/api.w.org\/{rel}","templated":true}]}}