{"id":272527,"date":"2023-04-10T18:13:29","date_gmt":"2023-04-10T14:13:29","guid":{"rendered":"https:\/\/www.meydan.tv\/?p=272527"},"modified":"2023-04-10T18:13:29","modified_gmt":"2023-04-10T14:13:29","slug":"ebulfes-qarayev-fealiyyetim-donemindeki-pozuntulara-huquqi-qiymet-verilib","status":"publish","type":"post","link":"https:\/\/www.meydan.tv\/az\/article\/ebulfes-qarayev-fealiyyetim-donemindeki-pozuntulara-huquqi-qiymet-verilib\/","title":{"rendered":"\u018fb\u00fclf\u0259s Qarayev: &#8220;F\u0259aliyy\u0259tim d\u00f6n\u0259mind\u0259ki pozuntulara h\u00fcquqi qiym\u0259t verilib&#8221;"},"content":{"rendered":"\n<p><\/p>\n\n\n\n<p><strong><em>Sabiq nazir deyib ki, g\u00fcnahkarlar \u00f6z c\u0259zas\u0131n\u0131 \u00e7\u0259kibl\u0259r<\/em><\/strong><\/p>\n\n\n\n<p><em>\u201cF\u0259aliyy\u0259tim d\u00f6n\u0259mind\u0259ki qanun pozuntular\u0131 il\u0259 ba\u011fl\u0131 el\u0259 qanun \u00e7\u0259r\u00e7iv\u0259sind\u0259 qiym\u0259t verilib\u201d.<\/em><\/p>\n\n\n\n<p>\u201cReport\u201d x\u0259b\u0259r verir ki, bunu jurnalistl\u0259r\u0259 a\u00e7\u0131qlamas\u0131nda ke\u00e7mi\u015f m\u0259d\u0259niyy\u0259t naziri \u018fb\u00fclf\u0259s Qarayev f\u0259aliyy\u0259ti d\u00f6vr\u00fcnd\u0259ki n\u00f6qsanlarla ba\u011fl\u0131 sual\u0131 cavabland\u0131rark\u0259n <a href=\"https:\/\/report.az\/medeniyyet-siyaseti\/kecmis-nazir-fealiyyetim-donemindeki-pozuntularla-bagli-qanun-cercivesinde-qiymet-verilib\/\" target=\"_blank\" rel=\"noreferrer noopener\">deyib. <\/a><\/p>\n\n\n\n<p>O bildirib ki, g\u00fcnahkarlar \u00f6z c\u0259zas\u0131n\u0131 \u00e7\u0259kibl\u0259r: <\/p>\n\n\n\n<p>\u201c<em>Bu, t\u0259bii prosesdir. \u00d6lk\u0259d\u0259 bu c\u00fcr m\u0259s\u0259l\u0259l\u0259rl\u0259 ba\u011fl\u0131 m\u00fcbariz\u0259 gedir\u201d<\/em>.<\/p>\n\n\n\n<p>Ke\u00e7mi\u015f nazir d\u00fc\u015f\u00fcn\u00fcr ki, Az\u0259rbaycan m\u0259d\u0259niyy\u0259tinin d\u00fcnya miqyas\u0131nda tan\u0131nmas\u0131 \u00fc\u00e7\u00fcn i\u015fl\u0259r g\u00f6r\u00fclm\u0259lidir: <\/p>\n\n\n\n<p>\u201c<em>Prezident \u0130lham \u018fliyev v\u0259 Mehriban \u018fliyevan\u0131n diqq\u0259ti say\u0259sind\u0259 m\u0259d\u0259niyy\u0259t sah\u0259si daha da inki\u015faf ed\u0259c\u0259k\u201d.<\/em><\/p>\n\n\n\n<p><em>\u201c\u0130ndi m\u00fc\u0259llim kimi f\u0259aliyy\u0259t g\u00f6st\u0259rir\u0259m, ba\u015f ver\u0259n yenilikl\u0259ri d\u0259 izl\u0259yir\u0259m. \u018fmin\u0259m ki, yeni t\u0259yin olunmu\u015f \u015f\u0259xsl\u0259r buna layiqdirl\u0259r v\u0259 onlar var q\u00fcvv\u0259 il\u0259 \u00e7al\u0131\u015fmal\u0131d\u0131rlar. \u0130ndiki d\u00f6vrd\u0259 Az\u0259rbaycan m\u0259d\u0259niyy\u0259tinin d\u00fcnya miqyas\u0131nda tan\u0131nmas\u0131 \u00fc\u00e7\u00fcn i\u015fl\u0259r g\u00f6r\u00fclm\u0259lidir\u201d,<\/em> &#8211; eks nazir \u0259lav\u0259 edib.<\/p>\n\n\n\n<p>2020-ci il may\u0131n 8-d\u0259 D\u00f6vl\u0259t T\u0259hl\u00fck\u0259sizliyi Xidm\u0259ti (DTX) M\u0259d\u0259niyy\u0259t Nazirliyind\u0259 ke\u00e7irdiyi \u0259m\u0259liyyat n\u0259tic\u0259sind\u0259 nazirin m\u00fcavini Rafiq Bayramov v\u0259 M\u0259d\u0259ni \u0130rsin Qorunmas\u0131, \u0130nki\u015faf\u0131 v\u0259 B\u0259rpas\u0131 \u00fczr\u0259 D\u00f6vl\u0259t Xidm\u0259tinin r\u0259isi Zakir Sultanov h\u0259bs olunublar.<\/p>\n\n\n\n<p>Rafiq Bayramov v\u0259zif\u0259 s\u0259lahiyy\u0259tl\u0259rind\u0259n sui-istifad\u0259 etm\u0259, m\u0259nims\u0259m\u0259, v\u0259zif\u0259 saxtakarl\u0131\u011f\u0131, Zakir Sultanov is\u0259 v\u0259zif\u0259 s\u0259lahiyy\u0259tl\u0259rind\u0259n sui-istifad\u0259 etm\u0259 v\u0259 m\u0259nims\u0259m\u0259 faktlar\u0131na g\u00f6r\u0259 Cinay\u0259t M\u0259c\u0259ll\u0259sinin m\u00fcvafiq madd\u0259l\u0259ri il\u0259 t\u0259qsirl\u0259ndirilibl\u0259r.<\/p>\n\n\n\n<p>Bunun ard\u0131nca, may\u0131n 21-d\u0259 is\u0259 Prezident \u0130lham \u018fliyev \u018fb\u00fclf\u0259s Qarayevin m\u0259d\u0259niyy\u0259t naziri v\u0259zif\u0259sind\u0259n azad olunmas\u0131 haqq\u0131nda s\u0259r\u0259ncam <a href=\"https:\/\/www.meydan.tv\/az\/article\/ebulfes-qarayev-vezifesinden-azad-edildi\/\" target=\"_blank\" rel=\"noreferrer noopener\">imzalay\u0131b.<\/a><\/p>\n\n\n\n<p>1956-c\u0131 ild\u0259 Bak\u0131 \u015f\u0259h\u0259rind\u0259 do\u011fulan \u018fb\u00fclf\u0259s Qarayev 1994-2001-ci ill\u0259rd\u0259 g\u0259ncl\u0259r v\u0259 idman naziri, 2001-2006-c\u0131 ill\u0259rd\u0259 g\u0259ncl\u0259r, idman v\u0259 turizm naziri, 2006-2018-ci ill\u0259rd\u0259 m\u0259d\u0259niyy\u0259t v\u0259 turizm naziri v\u0259zif\u0259l\u0259rind\u0259 \u00e7al\u0131\u015f\u0131b.<\/p>\n\n\n\n<p>O, 2018-ci ild\u0259 m\u0259d\u0259niyy\u0259t naziri t\u0259yin edilib.<\/p>\n","protected":false},"excerpt":{"rendered":"<p>Sabiq nazir deyib ki, g\u00fcnahkarlar \u00f6z c\u0259zas\u0131n\u0131 \u00e7\u0259kibl\u0259r \u201cF\u0259aliyy\u0259tim d\u00f6n\u0259mind\u0259ki &#8230; <\/p>\n<p class=\"read-more-container\"><a title=\"\u018fb\u00fclf\u0259s Qarayev: &#8220;F\u0259aliyy\u0259tim d\u00f6n\u0259mind\u0259ki pozuntulara h\u00fcquqi qiym\u0259t verilib&#8221;\" class=\"read-more button\" href=\"https:\/\/www.meydan.tv\/az\/article\/ebulfes-qarayev-fealiyyetim-donemindeki-pozuntulara-huquqi-qiymet-verilib\/#more-272527\" aria-label=\"Read more about \u018fb\u00fclf\u0259s Qarayev: &#8220;F\u0259aliyy\u0259tim d\u00f6n\u0259mind\u0259ki pozuntulara h\u00fcquqi qiym\u0259t verilib&#8221;\">Davam\u0131<\/a><\/p>\n","protected":false},"author":8,"featured_media":94055,"comment_status":"closed","ping_status":"closed","sticky":false,"template":"","format":"standard","meta":{"_acf_changed":false,"_sitemap_exclude":false,"_sitemap_priority":"","_sitemap_frequency":"","footnotes":""},"categories":[52,56],"tags":[],"class_list":["post-272527","post","type-post","status-publish","format-standard","has-post-thumbnail","hentry","category-medeniyyet","category-xeberler","infinite-scroll-item","generate-columns","tablet-grid-50","mobile-grid-100","grid-parent","grid-33","no-featured-image-padding"],"acf":[],"yoast_head":"<!-- This site is optimized with the Yoast SEO plugin v27.4 - https:\/\/yoast.com\/product\/yoast-seo-wordpress\/ -->\n<title>\u018fb\u00fclf\u0259s Qarayev: &quot;F\u0259aliyy\u0259tim d\u00f6n\u0259mind\u0259ki pozuntulara h\u00fcquqi qiym\u0259t verilib&quot; - MEYDAN.TV<\/title>\n<meta name=\"robots\" content=\"index, follow, max-snippet:-1, max-image-preview:large, max-video-preview:-1\" \/>\n<link rel=\"canonical\" href=\"https:\/\/www.meydan.tv\/az\/article\/ebulfes-qarayev-fealiyyetim-donemindeki-pozuntulara-huquqi-qiymet-verilib\/\" \/>\n<meta property=\"og:locale\" content=\"az_AZ\" \/>\n<meta property=\"og:type\" content=\"article\" \/>\n<meta property=\"og:title\" content=\"\u018fb\u00fclf\u0259s Qarayev: &quot;F\u0259aliyy\u0259tim d\u00f6n\u0259mind\u0259ki pozuntulara h\u00fcquqi qiym\u0259t verilib&quot; - MEYDAN.TV\" \/>\n<meta property=\"og:description\" content=\"Sabiq nazir deyib ki, g\u00fcnahkarlar \u00f6z c\u0259zas\u0131n\u0131 \u00e7\u0259kibl\u0259r \u201cF\u0259aliyy\u0259tim d\u00f6n\u0259mind\u0259ki ... Davam\u0131\" \/>\n<meta property=\"og:url\" content=\"https:\/\/www.meydan.tv\/az\/article\/ebulfes-qarayev-fealiyyetim-donemindeki-pozuntulara-huquqi-qiymet-verilib\/\" \/>\n<meta property=\"og:site_name\" content=\"MEYDAN.TV\" \/>\n<meta property=\"article:published_time\" content=\"2023-04-10T14:13:29+00:00\" \/>\n<meta property=\"og:image\" content=\"https:\/\/www.meydan.tv\/wp-content\/uploads\/37138-e1681134304379.jpg\" \/>\n\t<meta property=\"og:image:width\" content=\"1200\" \/>\n\t<meta property=\"og:image:height\" content=\"684\" \/>\n\t<meta property=\"og:image:type\" content=\"image\/jpeg\" \/>\n<meta name=\"author\" content=\"elli\" \/>\n<meta name=\"twitter:card\" content=\"summary_large_image\" \/>\n<meta name=\"twitter:creator\" content=\"@elli\" \/>\n<script type=\"application\/ld+json\" class=\"yoast-schema-graph\">{\"@context\":\"https:\\\/\\\/schema.org\",\"@graph\":[{\"@type\":\"Article\",\"@id\":\"https:\\\/\\\/www.meydan.tv\\\/az\\\/article\\\/ebulfes-qarayev-fealiyyetim-donemindeki-pozuntulara-huquqi-qiymet-verilib\\\/#article\",\"isPartOf\":{\"@id\":\"https:\\\/\\\/www.meydan.tv\\\/az\\\/article\\\/ebulfes-qarayev-fealiyyetim-donemindeki-pozuntulara-huquqi-qiymet-verilib\\\/\"},\"author\":{\"name\":\"elli\",\"@id\":\"https:\\\/\\\/www.meydan.tv\\\/az\\\/#\\\/schema\\\/person\\\/9cdbecf90d17180ce1dfbd95b08dcf47\"},\"headline\":\"\u018fb\u00fclf\u0259s Qarayev: &#8220;F\u0259aliyy\u0259tim d\u00f6n\u0259mind\u0259ki pozuntulara h\u00fcquqi qiym\u0259t verilib&#8221;\",\"datePublished\":\"2023-04-10T14:13:29+00:00\",\"mainEntityOfPage\":{\"@id\":\"https:\\\/\\\/www.meydan.tv\\\/az\\\/article\\\/ebulfes-qarayev-fealiyyetim-donemindeki-pozuntulara-huquqi-qiymet-verilib\\\/\"},\"wordCount\":440,\"publisher\":{\"@id\":\"https:\\\/\\\/www.meydan.tv\\\/az\\\/#organization\"},\"image\":{\"@id\":\"https:\\\/\\\/www.meydan.tv\\\/az\\\/article\\\/ebulfes-qarayev-fealiyyetim-donemindeki-pozuntulara-huquqi-qiymet-verilib\\\/#primaryimage\"},\"thumbnailUrl\":\"https:\\\/\\\/www.meydan.tv\\\/wp-content\\\/uploads\\\/37138-e1681134304379.jpg\",\"articleSection\":[\"M\u0259d\u0259niyy\u0259t\",\"X\u0259b\u0259rl\u0259r\"],\"inLanguage\":\"az\"},{\"@type\":\"WebPage\",\"@id\":\"https:\\\/\\\/www.meydan.tv\\\/az\\\/article\\\/ebulfes-qarayev-fealiyyetim-donemindeki-pozuntulara-huquqi-qiymet-verilib\\\/\",\"url\":\"https:\\\/\\\/www.meydan.tv\\\/az\\\/article\\\/ebulfes-qarayev-fealiyyetim-donemindeki-pozuntulara-huquqi-qiymet-verilib\\\/\",\"name\":\"\u018fb\u00fclf\u0259s Qarayev: \\\"F\u0259aliyy\u0259tim d\u00f6n\u0259mind\u0259ki pozuntulara h\u00fcquqi qiym\u0259t verilib\\\" - MEYDAN.TV\",\"isPartOf\":{\"@id\":\"https:\\\/\\\/www.meydan.tv\\\/az\\\/#website\"},\"primaryImageOfPage\":{\"@id\":\"https:\\\/\\\/www.meydan.tv\\\/az\\\/article\\\/ebulfes-qarayev-fealiyyetim-donemindeki-pozuntulara-huquqi-qiymet-verilib\\\/#primaryimage\"},\"image\":{\"@id\":\"https:\\\/\\\/www.meydan.tv\\\/az\\\/article\\\/ebulfes-qarayev-fealiyyetim-donemindeki-pozuntulara-huquqi-qiymet-verilib\\\/#primaryimage\"},\"thumbnailUrl\":\"https:\\\/\\\/www.meydan.tv\\\/wp-content\\\/uploads\\\/37138-e1681134304379.jpg\",\"datePublished\":\"2023-04-10T14:13:29+00:00\",\"breadcrumb\":{\"@id\":\"https:\\\/\\\/www.meydan.tv\\\/az\\\/article\\\/ebulfes-qarayev-fealiyyetim-donemindeki-pozuntulara-huquqi-qiymet-verilib\\\/#breadcrumb\"},\"inLanguage\":\"az\",\"potentialAction\":[{\"@type\":\"ReadAction\",\"target\":[\"https:\\\/\\\/www.meydan.tv\\\/az\\\/article\\\/ebulfes-qarayev-fealiyyetim-donemindeki-pozuntulara-huquqi-qiymet-verilib\\\/\"]}]},{\"@type\":\"ImageObject\",\"inLanguage\":\"az\",\"@id\":\"https:\\\/\\\/www.meydan.tv\\\/az\\\/article\\\/ebulfes-qarayev-fealiyyetim-donemindeki-pozuntulara-huquqi-qiymet-verilib\\\/#primaryimage\",\"url\":\"https:\\\/\\\/www.meydan.tv\\\/wp-content\\\/uploads\\\/37138-e1681134304379.jpg\",\"contentUrl\":\"https:\\\/\\\/www.meydan.tv\\\/wp-content\\\/uploads\\\/37138-e1681134304379.jpg\",\"width\":1200,\"height\":684,\"caption\":\"Foto: arxiv\"},{\"@type\":\"BreadcrumbList\",\"@id\":\"https:\\\/\\\/www.meydan.tv\\\/az\\\/article\\\/ebulfes-qarayev-fealiyyetim-donemindeki-pozuntulara-huquqi-qiymet-verilib\\\/#breadcrumb\",\"itemListElement\":[{\"@type\":\"ListItem\",\"position\":1,\"name\":\"Ana s\u0259hif\u0259\",\"item\":\"https:\\\/\\\/www.meydan.tv\\\/az\\\/\"},{\"@type\":\"ListItem\",\"position\":2,\"name\":\"M\u0259d\u0259niyy\u0259t\",\"item\":\"https:\\\/\\\/www.meydan.tv\\\/az\\\/section\\\/medeniyyet\\\/\"},{\"@type\":\"ListItem\",\"position\":3,\"name\":\"\u018fb\u00fclf\u0259s Qarayev: &#8220;F\u0259aliyy\u0259tim d\u00f6n\u0259mind\u0259ki pozuntulara h\u00fcquqi qiym\u0259t verilib&#8221;\"}]},{\"@type\":\"WebSite\",\"@id\":\"https:\\\/\\\/www.meydan.tv\\\/az\\\/#website\",\"url\":\"https:\\\/\\\/www.meydan.tv\\\/az\\\/\",\"name\":\"MEYDAN.TV\",\"description\":\"Meydan TV Az\u0259rbaycan\u0131n media m\u0259kan\u0131ndak\u0131 alternativ s\u0259sidir\",\"publisher\":{\"@id\":\"https:\\\/\\\/www.meydan.tv\\\/az\\\/#organization\"},\"potentialAction\":[{\"@type\":\"SearchAction\",\"target\":{\"@type\":\"EntryPoint\",\"urlTemplate\":\"https:\\\/\\\/www.meydan.tv\\\/az\\\/?s={search_term_string}\"},\"query-input\":{\"@type\":\"PropertyValueSpecification\",\"valueRequired\":true,\"valueName\":\"search_term_string\"}}],\"inLanguage\":\"az\"},{\"@type\":\"Organization\",\"@id\":\"https:\\\/\\\/www.meydan.tv\\\/az\\\/#organization\",\"name\":\"Meydan TV\",\"url\":\"https:\\\/\\\/www.meydan.tv\\\/az\\\/\",\"logo\":{\"@type\":\"ImageObject\",\"inLanguage\":\"az\",\"@id\":\"https:\\\/\\\/www.meydan.tv\\\/az\\\/#\\\/schema\\\/logo\\\/image\\\/\",\"url\":\"https:\\\/\\\/www.meydan.tv\\\/wp-content\\\/uploads\\\/2021\\\/07\\\/meydan-logo.svg\",\"contentUrl\":\"https:\\\/\\\/www.meydan.tv\\\/wp-content\\\/uploads\\\/2021\\\/07\\\/meydan-logo.svg\",\"width\":195,\"height\":46,\"caption\":\"Meydan TV\"},\"image\":{\"@id\":\"https:\\\/\\\/www.meydan.tv\\\/az\\\/#\\\/schema\\\/logo\\\/image\\\/\"}},{\"@type\":\"Person\",\"@id\":\"https:\\\/\\\/www.meydan.tv\\\/az\\\/#\\\/schema\\\/person\\\/9cdbecf90d17180ce1dfbd95b08dcf47\",\"name\":\"elli\",\"sameAs\":[\"https:\\\/\\\/x.com\\\/elli\"]}]}<\/script>\n<!-- \/ Yoast SEO plugin. -->","yoast_head_json":{"title":"\u018fb\u00fclf\u0259s Qarayev: \"F\u0259aliyy\u0259tim d\u00f6n\u0259mind\u0259ki pozuntulara h\u00fcquqi qiym\u0259t verilib\" - MEYDAN.TV","robots":{"index":"index","follow":"follow","max-snippet":"max-snippet:-1","max-image-preview":"max-image-preview:large","max-video-preview":"max-video-preview:-1"},"canonical":"https:\/\/www.meydan.tv\/az\/article\/ebulfes-qarayev-fealiyyetim-donemindeki-pozuntulara-huquqi-qiymet-verilib\/","og_locale":"az_AZ","og_type":"article","og_title":"\u018fb\u00fclf\u0259s Qarayev: \"F\u0259aliyy\u0259tim d\u00f6n\u0259mind\u0259ki pozuntulara h\u00fcquqi qiym\u0259t verilib\" - MEYDAN.TV","og_description":"Sabiq nazir deyib ki, g\u00fcnahkarlar \u00f6z c\u0259zas\u0131n\u0131 \u00e7\u0259kibl\u0259r \u201cF\u0259aliyy\u0259tim d\u00f6n\u0259mind\u0259ki ... Davam\u0131","og_url":"https:\/\/www.meydan.tv\/az\/article\/ebulfes-qarayev-fealiyyetim-donemindeki-pozuntulara-huquqi-qiymet-verilib\/","og_site_name":"MEYDAN.TV","article_published_time":"2023-04-10T14:13:29+00:00","og_image":[{"width":1200,"height":684,"url":"https:\/\/www.meydan.tv\/wp-content\/uploads\/37138-e1681134304379.jpg","type":"image\/jpeg"}],"author":"elli","twitter_card":"summary_large_image","twitter_creator":"@elli","schema":{"@context":"https:\/\/schema.org","@graph":[{"@type":"Article","@id":"https:\/\/www.meydan.tv\/az\/article\/ebulfes-qarayev-fealiyyetim-donemindeki-pozuntulara-huquqi-qiymet-verilib\/#article","isPartOf":{"@id":"https:\/\/www.meydan.tv\/az\/article\/ebulfes-qarayev-fealiyyetim-donemindeki-pozuntulara-huquqi-qiymet-verilib\/"},"author":{"name":"elli","@id":"https:\/\/www.meydan.tv\/az\/#\/schema\/person\/9cdbecf90d17180ce1dfbd95b08dcf47"},"headline":"\u018fb\u00fclf\u0259s Qarayev: &#8220;F\u0259aliyy\u0259tim d\u00f6n\u0259mind\u0259ki pozuntulara h\u00fcquqi qiym\u0259t verilib&#8221;","datePublished":"2023-04-10T14:13:29+00:00","mainEntityOfPage":{"@id":"https:\/\/www.meydan.tv\/az\/article\/ebulfes-qarayev-fealiyyetim-donemindeki-pozuntulara-huquqi-qiymet-verilib\/"},"wordCount":440,"publisher":{"@id":"https:\/\/www.meydan.tv\/az\/#organization"},"image":{"@id":"https:\/\/www.meydan.tv\/az\/article\/ebulfes-qarayev-fealiyyetim-donemindeki-pozuntulara-huquqi-qiymet-verilib\/#primaryimage"},"thumbnailUrl":"https:\/\/www.meydan.tv\/wp-content\/uploads\/37138-e1681134304379.jpg","articleSection":["M\u0259d\u0259niyy\u0259t","X\u0259b\u0259rl\u0259r"],"inLanguage":"az"},{"@type":"WebPage","@id":"https:\/\/www.meydan.tv\/az\/article\/ebulfes-qarayev-fealiyyetim-donemindeki-pozuntulara-huquqi-qiymet-verilib\/","url":"https:\/\/www.meydan.tv\/az\/article\/ebulfes-qarayev-fealiyyetim-donemindeki-pozuntulara-huquqi-qiymet-verilib\/","name":"\u018fb\u00fclf\u0259s Qarayev: \"F\u0259aliyy\u0259tim d\u00f6n\u0259mind\u0259ki pozuntulara h\u00fcquqi qiym\u0259t verilib\" - MEYDAN.TV","isPartOf":{"@id":"https:\/\/www.meydan.tv\/az\/#website"},"primaryImageOfPage":{"@id":"https:\/\/www.meydan.tv\/az\/article\/ebulfes-qarayev-fealiyyetim-donemindeki-pozuntulara-huquqi-qiymet-verilib\/#primaryimage"},"image":{"@id":"https:\/\/www.meydan.tv\/az\/article\/ebulfes-qarayev-fealiyyetim-donemindeki-pozuntulara-huquqi-qiymet-verilib\/#primaryimage"},"thumbnailUrl":"https:\/\/www.meydan.tv\/wp-content\/uploads\/37138-e1681134304379.jpg","datePublished":"2023-04-10T14:13:29+00:00","breadcrumb":{"@id":"https:\/\/www.meydan.tv\/az\/article\/ebulfes-qarayev-fealiyyetim-donemindeki-pozuntulara-huquqi-qiymet-verilib\/#breadcrumb"},"inLanguage":"az","potentialAction":[{"@type":"ReadAction","target":["https:\/\/www.meydan.tv\/az\/article\/ebulfes-qarayev-fealiyyetim-donemindeki-pozuntulara-huquqi-qiymet-verilib\/"]}]},{"@type":"ImageObject","inLanguage":"az","@id":"https:\/\/www.meydan.tv\/az\/article\/ebulfes-qarayev-fealiyyetim-donemindeki-pozuntulara-huquqi-qiymet-verilib\/#primaryimage","url":"https:\/\/www.meydan.tv\/wp-content\/uploads\/37138-e1681134304379.jpg","contentUrl":"https:\/\/www.meydan.tv\/wp-content\/uploads\/37138-e1681134304379.jpg","width":1200,"height":684,"caption":"Foto: arxiv"},{"@type":"BreadcrumbList","@id":"https:\/\/www.meydan.tv\/az\/article\/ebulfes-qarayev-fealiyyetim-donemindeki-pozuntulara-huquqi-qiymet-verilib\/#breadcrumb","itemListElement":[{"@type":"ListItem","position":1,"name":"Ana s\u0259hif\u0259","item":"https:\/\/www.meydan.tv\/az\/"},{"@type":"ListItem","position":2,"name":"M\u0259d\u0259niyy\u0259t","item":"https:\/\/www.meydan.tv\/az\/section\/medeniyyet\/"},{"@type":"ListItem","position":3,"name":"\u018fb\u00fclf\u0259s Qarayev: &#8220;F\u0259aliyy\u0259tim d\u00f6n\u0259mind\u0259ki pozuntulara h\u00fcquqi qiym\u0259t verilib&#8221;"}]},{"@type":"WebSite","@id":"https:\/\/www.meydan.tv\/az\/#website","url":"https:\/\/www.meydan.tv\/az\/","name":"MEYDAN.TV","description":"Meydan TV Az\u0259rbaycan\u0131n media m\u0259kan\u0131ndak\u0131 alternativ s\u0259sidir","publisher":{"@id":"https:\/\/www.meydan.tv\/az\/#organization"},"potentialAction":[{"@type":"SearchAction","target":{"@type":"EntryPoint","urlTemplate":"https:\/\/www.meydan.tv\/az\/?s={search_term_string}"},"query-input":{"@type":"PropertyValueSpecification","valueRequired":true,"valueName":"search_term_string"}}],"inLanguage":"az"},{"@type":"Organization","@id":"https:\/\/www.meydan.tv\/az\/#organization","name":"Meydan TV","url":"https:\/\/www.meydan.tv\/az\/","logo":{"@type":"ImageObject","inLanguage":"az","@id":"https:\/\/www.meydan.tv\/az\/#\/schema\/logo\/image\/","url":"https:\/\/www.meydan.tv\/wp-content\/uploads\/2021\/07\/meydan-logo.svg","contentUrl":"https:\/\/www.meydan.tv\/wp-content\/uploads\/2021\/07\/meydan-logo.svg","width":195,"height":46,"caption":"Meydan TV"},"image":{"@id":"https:\/\/www.meydan.tv\/az\/#\/schema\/logo\/image\/"}},{"@type":"Person","@id":"https:\/\/www.meydan.tv\/az\/#\/schema\/person\/9cdbecf90d17180ce1dfbd95b08dcf47","name":"elli","sameAs":["https:\/\/x.com\/elli"]}]}},"_links":{"self":[{"href":"https:\/\/www.meydan.tv\/az\/wp-json\/wp\/v2\/posts\/272527","targetHints":{"allow":["GET"]}}],"collection":[{"href":"https:\/\/www.meydan.tv\/az\/wp-json\/wp\/v2\/posts"}],"about":[{"href":"https:\/\/www.meydan.tv\/az\/wp-json\/wp\/v2\/types\/post"}],"author":[{"embeddable":true,"href":"https:\/\/www.meydan.tv\/az\/wp-json\/wp\/v2\/users\/8"}],"replies":[{"embeddable":true,"href":"https:\/\/www.meydan.tv\/az\/wp-json\/wp\/v2\/comments?post=272527"}],"version-history":[{"count":2,"href":"https:\/\/www.meydan.tv\/az\/wp-json\/wp\/v2\/posts\/272527\/revisions"}],"predecessor-version":[{"id":272535,"href":"https:\/\/www.meydan.tv\/az\/wp-json\/wp\/v2\/posts\/272527\/revisions\/272535"}],"wp:featuredmedia":[{"embeddable":true,"href":"https:\/\/www.meydan.tv\/az\/wp-json\/wp\/v2\/media\/94055"}],"wp:attachment":[{"href":"https:\/\/www.meydan.tv\/az\/wp-json\/wp\/v2\/media?parent=272527"}],"wp:term":[{"taxonomy":"category","embeddable":true,"href":"https:\/\/www.meydan.tv\/az\/wp-json\/wp\/v2\/categories?post=272527"},{"taxonomy":"post_tag","embeddable":true,"href":"https:\/\/www.meydan.tv\/az\/wp-json\/wp\/v2\/tags?post=272527"}],"curies":[{"name":"wp","href":"https:\/\/api.w.org\/{rel}","templated":true}]}}