{"id":272516,"date":"2023-04-10T17:14:22","date_gmt":"2023-04-10T13:14:22","guid":{"rendered":"https:\/\/www.meydan.tv\/?p=272516"},"modified":"2023-04-10T17:22:00","modified_gmt":"2023-04-10T13:22:00","slug":"azer-pasa-nemetov-ikinci-fexri-xiyabanda-defn-olunub","status":"publish","type":"post","link":"https:\/\/www.meydan.tv\/az\/article\/azer-pasa-nemetov-ikinci-fexri-xiyabanda-defn-olunub\/","title":{"rendered":"Az\u0259r Pa\u015fa Nem\u0259tov \u0130kinci F\u0259xri xiyabanda d\u0259fn olunub"},"content":{"rendered":"\n<p><\/p>\n\n\n\n<p><strong><em>\u0130lham \u018fliyev Xalq artistinin \u00f6l\u00fcm\u00fc il\u0259 ba\u011fl\u0131 nekroloq imzalay\u0131b<\/em><\/strong><\/p>\n\n\n\n<p>Akademik Milli Dram Teatr\u0131n\u0131n b\u0259dii r\u0259hb\u0259ri, teatr\u0131n ba\u015f rejissoru v\u0259 direktoru, Xalq artisti Az\u0259r Pa\u015fa Nem\u0259tov \u0130kinci F\u0259xri xiyabanda d\u0259fn olunub.<\/p>\n\n\n\n<p>X\u0259b\u0259ri APA <a href=\"https:\/\/apa.az\/az\/medeniyyet-siyaseti\/azer-pasa-nemetov-ikinci-fexri-xiyabanda-defn-olunub-foto-yenilenib-1-758298\" target=\"_blank\" rel=\"noreferrer noopener\">yay\u0131b.<\/a><\/p>\n\n\n\n<p>Bildirilir ki, \u0259vv\u0259lc\u0259 Akademik Milli Dram Teatr\u0131nda vida m\u0259rasimi ke\u00e7irilib.<\/p>\n\n\n\n<p>M\u0259rasimind\u0259 m\u0259rhumun ail\u0259 \u00fczvl\u0259ri, yax\u0131nlar\u0131 il\u0259 yana\u015f\u0131, Prezident Administrasiyas\u0131n\u0131n Humanitar siyas\u0259t, diaspor, multikulturalizm v\u0259 dini m\u0259s\u0259l\u0259l\u0259r \u015f\u00f6b\u0259sinin m\u00fcdiri F\u0259r\u0259h \u018fliyeva, M\u0259d\u0259niyy\u0259t Nazirliyinin n\u00fcmay\u0259nd\u0259l\u0259ri, m\u0259d\u0259ni-ictimai xadiml\u0259r v\u0259 media m\u0259nsublar\u0131 i\u015ftirak edib.<\/p>\n\n\n\n<p>Daha sonra c\u0259naz\u0259 \u0130kinci F\u0259xri xiyabana apar\u0131laraq d\u0259fn olunub.<\/p>\n\n\n\n<p>Az\u0259r Pa\u015fa Nem\u0259tov aprelin 9-da 76 ya\u015f\u0131nda q\u0259fl\u0259t\u0259n \u00fcr\u0259ktutmas\u0131ndan v\u0259fat edib.<\/p>\n\n\n\n<p>Prezident \u0130lham \u018fliyev Az\u0259r Pa\u015fa Nem\u0259tovun v\u0259fat\u0131 il\u0259 ba\u011fl\u0131 nekroloq <a href=\"https:\/\/culture.gov.az\/az\/umumi-xeberler\/15096\" target=\"_blank\" rel=\"noreferrer noopener\">imzalay\u0131b.<\/a><\/p>\n\n\n\n<p>Az\u0259r Pa\u015fa Nem\u0259tov 1947-ci ild\u0259 Bak\u0131da do\u011fulub.<\/p>\n\n\n\n<p>Az\u0259rbaycan D\u00f6vl\u0259t Konservatoriyas\u0131nda b\u0259st\u0259kar Qara Qarayevin sinfind\u0259 t\u0259hsil al\u0131b.<\/p>\n\n\n\n<p>1965-ci ild\u0259 Teatr \u0130nstitutunun rejissorluq fak\u00fclt\u0259sin\u0259 q\u0259bul olub.<\/p>\n\n\n\n<p>Rejissor Mehdi M\u0259mm\u0259dovun kursunu bitir\u0259r\u0259k iki il sonra onun yan\u0131nda assistent-m\u00fc\u0259llim i\u015fl\u0259yib.<\/p>\n\n\n\n<p>1972-ci ild\u0259 G\u0259nc Tama\u015fa\u00e7\u0131lar Teatr\u0131nda \u0259vv\u0259l rejissor assistenti, sonra qurulu\u015f\u00e7u rejissor i\u015fl\u0259yib.<\/p>\n\n\n\n<p>1974-1977-ci ill\u0259rd\u0259 Sankt-Peterburq teatr\u0131nda \u00e7al\u0131\u015f\u0131b.<\/p>\n\n\n\n<p>1977-ci ild\u0259 Bak\u0131ya qay\u0131daraq G\u0259nc Tama\u015fa\u00e7\u0131lar Teatr\u0131nda rejissor v\u0259 ba\u015f rejissor i\u015fl\u0259yib.<\/p>\n\n\n\n<p>1990-c\u0131 aprel ay\u0131n\u0131n 20-d\u0259n Az\u0259rbaycan D\u00f6vl\u0259t Akademik Milli Dram Teatr\u0131n\u0131n qurulu\u015f\u00e7u rejissoru i\u015fl\u0259yib.<\/p>\n\n\n\n<p>1991 v\u0259 1996-c\u0131 ill\u0259rd\u0259 is\u0259 Teatr Xadiml\u0259ri \u0130ttifaq\u0131 \u0130dar\u0259 Hey\u0259tinin s\u0259dri se\u00e7ilib.<\/p>\n\n\n\n<p>2015-ci ild\u0259 Az\u0259rbaycan D\u00f6vl\u0259t Akademik Milli Dram Teatr\u0131n\u0131n b\u0259dii r\u0259hb\u0259ri-ba\u015f rejissoru v\u0259zif\u0259sin\u0259 t\u0259yin edilib.<\/p>\n\n\n\n<p>2016-c\u0131 ild\u0259n Az\u0259rbaycan D\u00f6vl\u0259t Akademik Milli Dram Teatr\u0131n\u0131n ba\u015f direktoru idi.<\/p>\n\n\n\n<p>1991-ci ild\u0259n Az\u0259rbaycan Teatr Xadiml\u0259ri \u0130ttifaq\u0131na da r\u0259hb\u0259rlik edib.<\/p>\n\n\n\n<p>Teatr s\u0259n\u0259ti sah\u0259sind\u0259 xidm\u0259tl\u0259rin\u0259 g\u00f6r\u0259 1987-ci ild\u0259 \u018fm\u0259kdar inc\u0259s\u0259n\u0259t xadimi, 2002-ci ild\u0259 Xalq artisti f\u0259xri adlar\u0131na, 2007-ci ild\u0259 \u201c\u015e\u00f6hr\u0259t\u201d, 2022-ci ild\u0259 \u201c\u015e\u0259r\u0259f\u201d ordenl\u0259rin\u0259 layiq g\u00f6r\u00fcl\u00fcb.<\/p>\n\n\n\n<p><\/p>\n","protected":false},"excerpt":{"rendered":"<p>\u0130lham \u018fliyev Xalq artistinin \u00f6l\u00fcm\u00fc il\u0259 ba\u011fl\u0131 nekroloq imzalay\u0131b Akademik &#8230; <\/p>\n<p class=\"read-more-container\"><a title=\"Az\u0259r Pa\u015fa Nem\u0259tov \u0130kinci F\u0259xri xiyabanda d\u0259fn olunub\" class=\"read-more button\" href=\"https:\/\/www.meydan.tv\/az\/article\/azer-pasa-nemetov-ikinci-fexri-xiyabanda-defn-olunub\/#more-272516\" aria-label=\"Read more about Az\u0259r Pa\u015fa Nem\u0259tov \u0130kinci F\u0259xri xiyabanda d\u0259fn olunub\">Davam\u0131<\/a><\/p>\n","protected":false},"author":8,"featured_media":272522,"comment_status":"closed","ping_status":"closed","sticky":false,"template":"","format":"standard","meta":{"_acf_changed":false,"_sitemap_exclude":false,"_sitemap_priority":"","_sitemap_frequency":"","footnotes":""},"categories":[52,56],"tags":[],"class_list":["post-272516","post","type-post","status-publish","format-standard","has-post-thumbnail","hentry","category-medeniyyet","category-xeberler","infinite-scroll-item","generate-columns","tablet-grid-50","mobile-grid-100","grid-parent","grid-33","no-featured-image-padding"],"acf":[],"yoast_head":"<!-- This site is optimized with the Yoast SEO plugin v27.4 - https:\/\/yoast.com\/product\/yoast-seo-wordpress\/ -->\n<title>Az\u0259r Pa\u015fa Nem\u0259tov \u0130kinci F\u0259xri xiyabanda d\u0259fn olunub - MEYDAN.TV<\/title>\n<meta name=\"robots\" content=\"index, follow, max-snippet:-1, max-image-preview:large, max-video-preview:-1\" \/>\n<link rel=\"canonical\" href=\"https:\/\/www.meydan.tv\/az\/article\/azer-pasa-nemetov-ikinci-fexri-xiyabanda-defn-olunub\/\" \/>\n<meta property=\"og:locale\" content=\"az_AZ\" \/>\n<meta property=\"og:type\" content=\"article\" \/>\n<meta property=\"og:title\" content=\"Az\u0259r Pa\u015fa Nem\u0259tov \u0130kinci F\u0259xri xiyabanda d\u0259fn olunub - MEYDAN.TV\" \/>\n<meta property=\"og:description\" content=\"\u0130lham \u018fliyev Xalq artistinin \u00f6l\u00fcm\u00fc il\u0259 ba\u011fl\u0131 nekroloq imzalay\u0131b Akademik ... Davam\u0131\" \/>\n<meta property=\"og:url\" content=\"https:\/\/www.meydan.tv\/az\/article\/azer-pasa-nemetov-ikinci-fexri-xiyabanda-defn-olunub\/\" \/>\n<meta property=\"og:site_name\" content=\"MEYDAN.TV\" \/>\n<meta property=\"article:published_time\" content=\"2023-04-10T13:14:22+00:00\" \/>\n<meta property=\"article:modified_time\" content=\"2023-04-10T13:22:00+00:00\" \/>\n<meta property=\"og:image\" content=\"https:\/\/www.meydan.tv\/wp-content\/uploads\/16811258851455340150_1000x669-e1681132906841.jpg\" \/>\n\t<meta property=\"og:image:width\" content=\"976\" \/>\n\t<meta property=\"og:image:height\" content=\"441\" \/>\n\t<meta property=\"og:image:type\" content=\"image\/jpeg\" \/>\n<meta name=\"author\" content=\"elli\" \/>\n<meta name=\"twitter:card\" content=\"summary_large_image\" \/>\n<meta name=\"twitter:creator\" content=\"@elli\" \/>\n<script type=\"application\/ld+json\" class=\"yoast-schema-graph\">{\"@context\":\"https:\\\/\\\/schema.org\",\"@graph\":[{\"@type\":\"Article\",\"@id\":\"https:\\\/\\\/www.meydan.tv\\\/az\\\/article\\\/azer-pasa-nemetov-ikinci-fexri-xiyabanda-defn-olunub\\\/#article\",\"isPartOf\":{\"@id\":\"https:\\\/\\\/www.meydan.tv\\\/az\\\/article\\\/azer-pasa-nemetov-ikinci-fexri-xiyabanda-defn-olunub\\\/\"},\"author\":{\"name\":\"elli\",\"@id\":\"https:\\\/\\\/www.meydan.tv\\\/az\\\/#\\\/schema\\\/person\\\/9cdbecf90d17180ce1dfbd95b08dcf47\"},\"headline\":\"Az\u0259r Pa\u015fa Nem\u0259tov \u0130kinci F\u0259xri xiyabanda d\u0259fn olunub\",\"datePublished\":\"2023-04-10T13:14:22+00:00\",\"dateModified\":\"2023-04-10T13:22:00+00:00\",\"mainEntityOfPage\":{\"@id\":\"https:\\\/\\\/www.meydan.tv\\\/az\\\/article\\\/azer-pasa-nemetov-ikinci-fexri-xiyabanda-defn-olunub\\\/\"},\"wordCount\":433,\"publisher\":{\"@id\":\"https:\\\/\\\/www.meydan.tv\\\/az\\\/#organization\"},\"image\":{\"@id\":\"https:\\\/\\\/www.meydan.tv\\\/az\\\/article\\\/azer-pasa-nemetov-ikinci-fexri-xiyabanda-defn-olunub\\\/#primaryimage\"},\"thumbnailUrl\":\"https:\\\/\\\/www.meydan.tv\\\/wp-content\\\/uploads\\\/16811258851455340150_1000x669-e1681132906841.jpg\",\"articleSection\":[\"M\u0259d\u0259niyy\u0259t\",\"X\u0259b\u0259rl\u0259r\"],\"inLanguage\":\"az\"},{\"@type\":\"WebPage\",\"@id\":\"https:\\\/\\\/www.meydan.tv\\\/az\\\/article\\\/azer-pasa-nemetov-ikinci-fexri-xiyabanda-defn-olunub\\\/\",\"url\":\"https:\\\/\\\/www.meydan.tv\\\/az\\\/article\\\/azer-pasa-nemetov-ikinci-fexri-xiyabanda-defn-olunub\\\/\",\"name\":\"Az\u0259r Pa\u015fa Nem\u0259tov \u0130kinci F\u0259xri xiyabanda d\u0259fn olunub - MEYDAN.TV\",\"isPartOf\":{\"@id\":\"https:\\\/\\\/www.meydan.tv\\\/az\\\/#website\"},\"primaryImageOfPage\":{\"@id\":\"https:\\\/\\\/www.meydan.tv\\\/az\\\/article\\\/azer-pasa-nemetov-ikinci-fexri-xiyabanda-defn-olunub\\\/#primaryimage\"},\"image\":{\"@id\":\"https:\\\/\\\/www.meydan.tv\\\/az\\\/article\\\/azer-pasa-nemetov-ikinci-fexri-xiyabanda-defn-olunub\\\/#primaryimage\"},\"thumbnailUrl\":\"https:\\\/\\\/www.meydan.tv\\\/wp-content\\\/uploads\\\/16811258851455340150_1000x669-e1681132906841.jpg\",\"datePublished\":\"2023-04-10T13:14:22+00:00\",\"dateModified\":\"2023-04-10T13:22:00+00:00\",\"breadcrumb\":{\"@id\":\"https:\\\/\\\/www.meydan.tv\\\/az\\\/article\\\/azer-pasa-nemetov-ikinci-fexri-xiyabanda-defn-olunub\\\/#breadcrumb\"},\"inLanguage\":\"az\",\"potentialAction\":[{\"@type\":\"ReadAction\",\"target\":[\"https:\\\/\\\/www.meydan.tv\\\/az\\\/article\\\/azer-pasa-nemetov-ikinci-fexri-xiyabanda-defn-olunub\\\/\"]}]},{\"@type\":\"ImageObject\",\"inLanguage\":\"az\",\"@id\":\"https:\\\/\\\/www.meydan.tv\\\/az\\\/article\\\/azer-pasa-nemetov-ikinci-fexri-xiyabanda-defn-olunub\\\/#primaryimage\",\"url\":\"https:\\\/\\\/www.meydan.tv\\\/wp-content\\\/uploads\\\/16811258851455340150_1000x669-e1681132906841.jpg\",\"contentUrl\":\"https:\\\/\\\/www.meydan.tv\\\/wp-content\\\/uploads\\\/16811258851455340150_1000x669-e1681132906841.jpg\",\"width\":976,\"height\":441,\"caption\":\"Az\u0131\u0259rpa\u015fa Nem\u0259tov. Foto: Azertac\"},{\"@type\":\"BreadcrumbList\",\"@id\":\"https:\\\/\\\/www.meydan.tv\\\/az\\\/article\\\/azer-pasa-nemetov-ikinci-fexri-xiyabanda-defn-olunub\\\/#breadcrumb\",\"itemListElement\":[{\"@type\":\"ListItem\",\"position\":1,\"name\":\"Ana s\u0259hif\u0259\",\"item\":\"https:\\\/\\\/www.meydan.tv\\\/az\\\/\"},{\"@type\":\"ListItem\",\"position\":2,\"name\":\"M\u0259d\u0259niyy\u0259t\",\"item\":\"https:\\\/\\\/www.meydan.tv\\\/az\\\/section\\\/medeniyyet\\\/\"},{\"@type\":\"ListItem\",\"position\":3,\"name\":\"Az\u0259r Pa\u015fa Nem\u0259tov \u0130kinci F\u0259xri xiyabanda d\u0259fn olunub\"}]},{\"@type\":\"WebSite\",\"@id\":\"https:\\\/\\\/www.meydan.tv\\\/az\\\/#website\",\"url\":\"https:\\\/\\\/www.meydan.tv\\\/az\\\/\",\"name\":\"MEYDAN.TV\",\"description\":\"Meydan TV Az\u0259rbaycan\u0131n media m\u0259kan\u0131ndak\u0131 alternativ s\u0259sidir\",\"publisher\":{\"@id\":\"https:\\\/\\\/www.meydan.tv\\\/az\\\/#organization\"},\"potentialAction\":[{\"@type\":\"SearchAction\",\"target\":{\"@type\":\"EntryPoint\",\"urlTemplate\":\"https:\\\/\\\/www.meydan.tv\\\/az\\\/?s={search_term_string}\"},\"query-input\":{\"@type\":\"PropertyValueSpecification\",\"valueRequired\":true,\"valueName\":\"search_term_string\"}}],\"inLanguage\":\"az\"},{\"@type\":\"Organization\",\"@id\":\"https:\\\/\\\/www.meydan.tv\\\/az\\\/#organization\",\"name\":\"Meydan TV\",\"url\":\"https:\\\/\\\/www.meydan.tv\\\/az\\\/\",\"logo\":{\"@type\":\"ImageObject\",\"inLanguage\":\"az\",\"@id\":\"https:\\\/\\\/www.meydan.tv\\\/az\\\/#\\\/schema\\\/logo\\\/image\\\/\",\"url\":\"https:\\\/\\\/www.meydan.tv\\\/wp-content\\\/uploads\\\/2021\\\/07\\\/meydan-logo.svg\",\"contentUrl\":\"https:\\\/\\\/www.meydan.tv\\\/wp-content\\\/uploads\\\/2021\\\/07\\\/meydan-logo.svg\",\"width\":195,\"height\":46,\"caption\":\"Meydan TV\"},\"image\":{\"@id\":\"https:\\\/\\\/www.meydan.tv\\\/az\\\/#\\\/schema\\\/logo\\\/image\\\/\"}},{\"@type\":\"Person\",\"@id\":\"https:\\\/\\\/www.meydan.tv\\\/az\\\/#\\\/schema\\\/person\\\/9cdbecf90d17180ce1dfbd95b08dcf47\",\"name\":\"elli\",\"sameAs\":[\"https:\\\/\\\/x.com\\\/elli\"]}]}<\/script>\n<!-- \/ Yoast SEO plugin. -->","yoast_head_json":{"title":"Az\u0259r Pa\u015fa Nem\u0259tov \u0130kinci F\u0259xri xiyabanda d\u0259fn olunub - MEYDAN.TV","robots":{"index":"index","follow":"follow","max-snippet":"max-snippet:-1","max-image-preview":"max-image-preview:large","max-video-preview":"max-video-preview:-1"},"canonical":"https:\/\/www.meydan.tv\/az\/article\/azer-pasa-nemetov-ikinci-fexri-xiyabanda-defn-olunub\/","og_locale":"az_AZ","og_type":"article","og_title":"Az\u0259r Pa\u015fa Nem\u0259tov \u0130kinci F\u0259xri xiyabanda d\u0259fn olunub - MEYDAN.TV","og_description":"\u0130lham \u018fliyev Xalq artistinin \u00f6l\u00fcm\u00fc il\u0259 ba\u011fl\u0131 nekroloq imzalay\u0131b Akademik ... Davam\u0131","og_url":"https:\/\/www.meydan.tv\/az\/article\/azer-pasa-nemetov-ikinci-fexri-xiyabanda-defn-olunub\/","og_site_name":"MEYDAN.TV","article_published_time":"2023-04-10T13:14:22+00:00","article_modified_time":"2023-04-10T13:22:00+00:00","og_image":[{"width":976,"height":441,"url":"https:\/\/www.meydan.tv\/wp-content\/uploads\/16811258851455340150_1000x669-e1681132906841.jpg","type":"image\/jpeg"}],"author":"elli","twitter_card":"summary_large_image","twitter_creator":"@elli","schema":{"@context":"https:\/\/schema.org","@graph":[{"@type":"Article","@id":"https:\/\/www.meydan.tv\/az\/article\/azer-pasa-nemetov-ikinci-fexri-xiyabanda-defn-olunub\/#article","isPartOf":{"@id":"https:\/\/www.meydan.tv\/az\/article\/azer-pasa-nemetov-ikinci-fexri-xiyabanda-defn-olunub\/"},"author":{"name":"elli","@id":"https:\/\/www.meydan.tv\/az\/#\/schema\/person\/9cdbecf90d17180ce1dfbd95b08dcf47"},"headline":"Az\u0259r Pa\u015fa Nem\u0259tov \u0130kinci F\u0259xri xiyabanda d\u0259fn olunub","datePublished":"2023-04-10T13:14:22+00:00","dateModified":"2023-04-10T13:22:00+00:00","mainEntityOfPage":{"@id":"https:\/\/www.meydan.tv\/az\/article\/azer-pasa-nemetov-ikinci-fexri-xiyabanda-defn-olunub\/"},"wordCount":433,"publisher":{"@id":"https:\/\/www.meydan.tv\/az\/#organization"},"image":{"@id":"https:\/\/www.meydan.tv\/az\/article\/azer-pasa-nemetov-ikinci-fexri-xiyabanda-defn-olunub\/#primaryimage"},"thumbnailUrl":"https:\/\/www.meydan.tv\/wp-content\/uploads\/16811258851455340150_1000x669-e1681132906841.jpg","articleSection":["M\u0259d\u0259niyy\u0259t","X\u0259b\u0259rl\u0259r"],"inLanguage":"az"},{"@type":"WebPage","@id":"https:\/\/www.meydan.tv\/az\/article\/azer-pasa-nemetov-ikinci-fexri-xiyabanda-defn-olunub\/","url":"https:\/\/www.meydan.tv\/az\/article\/azer-pasa-nemetov-ikinci-fexri-xiyabanda-defn-olunub\/","name":"Az\u0259r Pa\u015fa Nem\u0259tov \u0130kinci F\u0259xri xiyabanda d\u0259fn olunub - MEYDAN.TV","isPartOf":{"@id":"https:\/\/www.meydan.tv\/az\/#website"},"primaryImageOfPage":{"@id":"https:\/\/www.meydan.tv\/az\/article\/azer-pasa-nemetov-ikinci-fexri-xiyabanda-defn-olunub\/#primaryimage"},"image":{"@id":"https:\/\/www.meydan.tv\/az\/article\/azer-pasa-nemetov-ikinci-fexri-xiyabanda-defn-olunub\/#primaryimage"},"thumbnailUrl":"https:\/\/www.meydan.tv\/wp-content\/uploads\/16811258851455340150_1000x669-e1681132906841.jpg","datePublished":"2023-04-10T13:14:22+00:00","dateModified":"2023-04-10T13:22:00+00:00","breadcrumb":{"@id":"https:\/\/www.meydan.tv\/az\/article\/azer-pasa-nemetov-ikinci-fexri-xiyabanda-defn-olunub\/#breadcrumb"},"inLanguage":"az","potentialAction":[{"@type":"ReadAction","target":["https:\/\/www.meydan.tv\/az\/article\/azer-pasa-nemetov-ikinci-fexri-xiyabanda-defn-olunub\/"]}]},{"@type":"ImageObject","inLanguage":"az","@id":"https:\/\/www.meydan.tv\/az\/article\/azer-pasa-nemetov-ikinci-fexri-xiyabanda-defn-olunub\/#primaryimage","url":"https:\/\/www.meydan.tv\/wp-content\/uploads\/16811258851455340150_1000x669-e1681132906841.jpg","contentUrl":"https:\/\/www.meydan.tv\/wp-content\/uploads\/16811258851455340150_1000x669-e1681132906841.jpg","width":976,"height":441,"caption":"Az\u0131\u0259rpa\u015fa Nem\u0259tov. Foto: Azertac"},{"@type":"BreadcrumbList","@id":"https:\/\/www.meydan.tv\/az\/article\/azer-pasa-nemetov-ikinci-fexri-xiyabanda-defn-olunub\/#breadcrumb","itemListElement":[{"@type":"ListItem","position":1,"name":"Ana s\u0259hif\u0259","item":"https:\/\/www.meydan.tv\/az\/"},{"@type":"ListItem","position":2,"name":"M\u0259d\u0259niyy\u0259t","item":"https:\/\/www.meydan.tv\/az\/section\/medeniyyet\/"},{"@type":"ListItem","position":3,"name":"Az\u0259r Pa\u015fa Nem\u0259tov \u0130kinci F\u0259xri xiyabanda d\u0259fn olunub"}]},{"@type":"WebSite","@id":"https:\/\/www.meydan.tv\/az\/#website","url":"https:\/\/www.meydan.tv\/az\/","name":"MEYDAN.TV","description":"Meydan TV Az\u0259rbaycan\u0131n media m\u0259kan\u0131ndak\u0131 alternativ s\u0259sidir","publisher":{"@id":"https:\/\/www.meydan.tv\/az\/#organization"},"potentialAction":[{"@type":"SearchAction","target":{"@type":"EntryPoint","urlTemplate":"https:\/\/www.meydan.tv\/az\/?s={search_term_string}"},"query-input":{"@type":"PropertyValueSpecification","valueRequired":true,"valueName":"search_term_string"}}],"inLanguage":"az"},{"@type":"Organization","@id":"https:\/\/www.meydan.tv\/az\/#organization","name":"Meydan TV","url":"https:\/\/www.meydan.tv\/az\/","logo":{"@type":"ImageObject","inLanguage":"az","@id":"https:\/\/www.meydan.tv\/az\/#\/schema\/logo\/image\/","url":"https:\/\/www.meydan.tv\/wp-content\/uploads\/2021\/07\/meydan-logo.svg","contentUrl":"https:\/\/www.meydan.tv\/wp-content\/uploads\/2021\/07\/meydan-logo.svg","width":195,"height":46,"caption":"Meydan TV"},"image":{"@id":"https:\/\/www.meydan.tv\/az\/#\/schema\/logo\/image\/"}},{"@type":"Person","@id":"https:\/\/www.meydan.tv\/az\/#\/schema\/person\/9cdbecf90d17180ce1dfbd95b08dcf47","name":"elli","sameAs":["https:\/\/x.com\/elli"]}]}},"_links":{"self":[{"href":"https:\/\/www.meydan.tv\/az\/wp-json\/wp\/v2\/posts\/272516","targetHints":{"allow":["GET"]}}],"collection":[{"href":"https:\/\/www.meydan.tv\/az\/wp-json\/wp\/v2\/posts"}],"about":[{"href":"https:\/\/www.meydan.tv\/az\/wp-json\/wp\/v2\/types\/post"}],"author":[{"embeddable":true,"href":"https:\/\/www.meydan.tv\/az\/wp-json\/wp\/v2\/users\/8"}],"replies":[{"embeddable":true,"href":"https:\/\/www.meydan.tv\/az\/wp-json\/wp\/v2\/comments?post=272516"}],"version-history":[{"count":1,"href":"https:\/\/www.meydan.tv\/az\/wp-json\/wp\/v2\/posts\/272516\/revisions"}],"predecessor-version":[{"id":272520,"href":"https:\/\/www.meydan.tv\/az\/wp-json\/wp\/v2\/posts\/272516\/revisions\/272520"}],"wp:featuredmedia":[{"embeddable":true,"href":"https:\/\/www.meydan.tv\/az\/wp-json\/wp\/v2\/media\/272522"}],"wp:attachment":[{"href":"https:\/\/www.meydan.tv\/az\/wp-json\/wp\/v2\/media?parent=272516"}],"wp:term":[{"taxonomy":"category","embeddable":true,"href":"https:\/\/www.meydan.tv\/az\/wp-json\/wp\/v2\/categories?post=272516"},{"taxonomy":"post_tag","embeddable":true,"href":"https:\/\/www.meydan.tv\/az\/wp-json\/wp\/v2\/tags?post=272516"}],"curies":[{"name":"wp","href":"https:\/\/api.w.org\/{rel}","templated":true}]}}