{"id":272445,"date":"2023-04-10T15:50:52","date_gmt":"2023-04-10T11:50:52","guid":{"rendered":"https:\/\/www.meydan.tv\/?p=272445"},"modified":"2023-04-11T16:45:29","modified_gmt":"2023-04-11T12:45:29","slug":"gence-sakini-28-il-vicdanla-calis-evezinde-serlenib-isden-cixaril","status":"publish","type":"post","link":"https:\/\/www.meydan.tv\/az\/article\/gence-sakini-28-il-vicdanla-calis-evezinde-serlenib-isden-cixaril\/","title":{"rendered":"G\u0259nc\u0259 sakini: &#8220;28 il vicdanla \u00e7al\u0131\u015f, \u0259v\u0259zind\u0259 \u015f\u0259rl\u0259nib i\u015fd\u0259n \u00e7\u0131xar\u0131l&#8221;"},"content":{"rendered":"\n<p><\/p>\n\n\n\n<p><em><strong>V\u0259fa Ba\u011f\u0131rova direktoru ittiham edir, qar\u015f\u0131 t\u0259r\u0259f prokurorlu\u011fa \u00fcz tutaca\u011f\u0131n\u0131 deyir<\/strong><\/em><\/p>\n\n\n\n<p><em>&#8220;1995-ci ild\u0259n oxudu\u011fum m\u0259kt\u0259bd\u0259 \u0259m\u0259k m\u00fcqavil\u0259si il\u0259 texniki i\u015f\u00e7i kimi i\u015f\u0259 al\u0131nd\u0131m. \u00c7ertyoj\u00e7u kimi \u00e7al\u0131\u015fd\u0131m, h\u0259m d\u0259 oxuyaraq orta ixtisas t\u0259hsilin\u0259 dair diplom da ald\u0131m. B\u00fct\u00fcn t\u0259dbirl\u0259rin t\u0259rtibat\u0131n\u0131, sinif, \u015f\u0259hid gu\u015f\u0259l\u0259rini, \u0259l i\u015fl\u0259rini, m\u0259kt\u0259b v\u0259 sinif c\u0259dv\u0259ll\u0259ri, \u00e7ertyojlar\u0131 m\u0259n haz\u0131rlad\u0131m. \u018fv\u0259zind\u0259 15 sentyabrda t\u0259yin olunan direktor \u0259v\u0259zl\u0259yicisi m\u0259ni haqs\u0131z yer\u0259 \u015f\u0259rl\u0259yib i\u015fd\u0259n \u00e7\u0131xard\u0131. Ham\u0131 kimi r\u00fc\u015fv\u0259t verm\u0259dim, m\u0259kt\u0259bd\u0259ki n\u00f6qsanlar\u0131 a\u00e7d\u0131m dey\u0259 m\u0259ni i\u015fsiz qoydu&#8221;.<\/em><\/p>\n\n\n\n<p>Bunlar\u0131 G\u0259nc\u0259 sakini, 47 ya\u015fl\u0131 Ba\u011f\u0131rova V\u0259fa S\u0259rdar q\u0131z\u0131 Meydan TV-y\u0259 dan\u0131\u015f\u0131b.<\/p>\n\n\n\n<p>O, 28 ildir ki, \u00e7al\u0131\u015fd\u0131\u011f\u0131 G\u0259nc\u0259 \u015f\u0259h\u0259ri M.P.Vaqif ad\u0131na 8 n\u00f6mr\u0259li tam orta m\u0259kt\u0259bd\u0259n qeyri-qanuni k\u0259narla\u015fd\u0131r\u0131ld\u0131\u011f\u0131n\u0131 deyir.<\/p>\n\n\n\n<p>Onun s\u00f6zl\u0259rin\u0259 g\u00f6r\u0259, \u00f6t\u0259n ilin sentyabr\u0131nda G\u0259nc\u0259-Da\u015fk\u0259s\u0259n Regional T\u0259hsil \u0130dar\u0259si t\u0259r\u0259find\u0259n riyaziyyat f\u0259nn metodisti Aynur H\u0259s\u0259nova \u00e7al\u0131\u015fd\u0131\u011f\u0131 m\u0259kt\u0259b\u0259 direktor \u0259v\u0259zi g\u00f6nd\u0259rilib.<\/p>\n\n\n\n<figure class=\"wp-block-image size-full\"><img decoding=\"async\" width=\"1200\" height=\"800\" data-src=\"https:\/\/www.meydan.tv\/wp-content\/uploads\/untitled-design-6-33.jpg\" alt=\"\" class=\"wp-image-272450 lazyload\" src=\"data:image\/svg+xml;base64,PHN2ZyB3aWR0aD0iMSIgaGVpZ2h0PSIxIiB4bWxucz0iaHR0cDovL3d3dy53My5vcmcvMjAwMC9zdmciPjwvc3ZnPg==\" style=\"--smush-placeholder-width: 1200px; --smush-placeholder-aspect-ratio: 1200\/800;\" \/><figcaption class=\"wp-element-caption\">Aynur H\u0259s\u0259nova (soldan birinci)<\/figcaption><\/figure>\n\n\n\n<p>Dediyin\u0259 g\u00f6r\u0259, bundan \u0259vv\u0259l \u00fc\u00e7 direktor v\u0259 direktor \u0259v\u0259zl\u0259yicisi il\u0259 \u00e7al\u0131\u015f\u0131b, amma he\u00e7 bir problem ya\u015famay\u0131b. \u00c7\u0259tinlikl\u0259r v\u0259 s\u00fcni \u0259ng\u0259ll\u0259r m\u0259hz Aynur H\u0259s\u0259novan\u0131n t\u0259yinat\u0131ndan sonra ba\u015flay\u0131b.<\/p>\n\n\n\n<p><strong>&#8220;\u00d6z \u0259traf\u0131na xeyli yaltaq, m\u0259ddah i\u015f\u00e7i y\u0131\u011fd\u0131&#8221;<\/strong><\/p>\n\n\n\n<p>\u015eikay\u0259t\u00e7i deyir ki, m\u0259kt\u0259bd\u0259ki i\u015f v\u0259 vaxt b\u00f6lg\u00fcs\u00fcnd\u0259ki haqs\u0131zl\u0131\u011fa etiraz edib, n\u0259tic\u0259d\u0259 i\u015fini itirib:<\/p>\n\n\n\n<p><em>&#8220;\u018fvv\u0259lki direktorlarla problem ya\u015famam\u0131\u015fam. \u00c7\u00fcnki i\u015fimd\u0259 m\u0259suliyy\u0259tli olmu\u015fam. D\u0259rn\u0259k r\u0259hb\u0259rliyin\u0259 direktor \u00f6z g\u0259linini qoymu\u015fdu dey\u0259 ora da vaxt\u0131nda ke\u00e7\u0259 bilm\u0259dim. Ara\u015fd\u0131r\u0131lsa, m\u0259kt\u0259bd\u0259 \u00e7ox haqs\u0131zl\u0131qlar, qeyri-ixtisas m\u00fc\u0259lliml\u0259rinin f\u0259aliyy\u0259ti, saxta diplomlar \u00fcz\u0259 \u00e7\u0131xacaq. Direktor \u0259v\u0259zl\u0259yicimiz r\u0259hm\u0259t\u0259 getdiyind\u0259n G\u0259nc\u0259-Da\u015fk\u0259s\u0259n Regional T\u0259hsil \u0130dar\u0259si Aynur H\u0259s\u0259novan\u0131 g\u00f6nd\u0259rdi. Bu da \u00f6nc\u0259 dedi ki, m\u00fcvv\u0259qq\u0259ti direktoram, he\u00e7 kiml\u0259 i\u015fim yoxdur. Ancaq bir m\u00fcdd\u0259t sonra texniki i\u015f\u00e7il\u0259ri, m\u00fc\u0259lliml\u0259ri s\u0131x\u0131\u015fd\u0131rma\u011fa ba\u015flad\u0131. \u00d6z \u0259traf\u0131na xeyli yaltaq, m\u0259ddah i\u015f\u00e7i y\u0131\u011fd\u0131&#8221;.<\/em><\/p>\n\n\n\n<p>V\u0259fa Ba\u011f\u0131rovan\u0131n dediyin\u0259 g\u00f6r\u0259, direktor \u0259v\u0259zi m\u0259kt\u0259bd\u0259 \u00f6zba\u015f\u0131na bir sistem yarad\u0131b:<\/p>\n\n\n\n<figure class=\"wp-block-image size-large\"><img decoding=\"async\" width=\"1200\" height=\"675\" data-src=\"https:\/\/www.meydan.tv\/wp-content\/uploads\/a65ebbc0-f842-432b-856a-9fd986a3cc50-1200x675.jpg\" alt=\"\" class=\"wp-image-272487 lazyload\" src=\"data:image\/svg+xml;base64,PHN2ZyB3aWR0aD0iMSIgaGVpZ2h0PSIxIiB4bWxucz0iaHR0cDovL3d3dy53My5vcmcvMjAwMC9zdmciPjwvc3ZnPg==\" style=\"--smush-placeholder-width: 1200px; --smush-placeholder-aspect-ratio: 1200\/675;\" \/><\/figure>\n\n\n\n<p><em>&#8220;Kiml\u0259r h\u0259d\u0259l\u0259ndis\u0259, maa\u015f\u0131ndan 30-50 manat verdi, h\u0259diyy\u0259l\u0259r, tort g\u0259tir\u0259nl\u0259r d\u0259 oldu. Saat 9-dan 3-\u0259 q\u0259d\u0259r olan rejimi 8-d\u0259n 4-\u0259 ke\u00e7irildi. B\u0259zi m\u00fc\u0259lliml\u0259rin d\u0259rs saat\u0131n\u0131 27-28 saata, h\u0259tta 32 saata qald\u0131r\u0131b \u0259v\u0259zind\u0259 4 saat\u0131n pulunu t\u0259l\u0259b kimi qoydu. Onlar da h\u0259r ay 100-150 manat pul verir. \u018fks halda h\u0259min saatlara vakansiya \u00e7\u0131xaraca\u011f\u0131n\u0131 dedi. \u0130\u015fini, maa\u015f\u0131n\u0131 itirm\u0259kd\u0259n qorxanlar tabe oldu. M\u0259kt\u0259bin t\u0259s\u0259rr\u00fcfat i\u015fl\u0259ri \u00fczr\u0259 direktor m\u00fcavini d\u0259 texniki i\u015f\u00e7il\u0259ri h\u0259d\u0259f kimi g\u00f6st\u0259rdi. O da t\u0259hsild\u0259n Aynur adl\u0131 bir inspektor g\u0259tirib bizim i\u015f b\u00f6lg\u00fcm\u00fcz\u00fc yenil\u0259di. \u00d6nc\u0259d\u0259n \u00f6z aralar\u0131nda raz\u0131la\u015f\u0131b d\u00f6rd texniki i\u015f\u00e7il\u0259rd\u0259n ikisi qap\u0131\u00e7\u0131, biri \u00f6z do\u011fma bac\u0131s\u0131 karg\u00fczar\u0131n ota\u011f\u0131na t\u0259mizl\u0259yici qoydu&#8221;.<\/em><\/p>\n\n\n\n<p><em>&#8220;M\u0259n\u0259 \u00e7atanda dedi ki, biz\u0259 r\u0259ssam laz\u0131m deyil, m\u0259kt\u0259bin 3-c\u00fc m\u0259rt\u0259b\u0259sind\u0259 5 sinif ota\u011f\u0131n\u0131 h\u0259r g\u00fcn t\u0259mizl\u0259y\u0259c\u0259ks\u0259n. Etiraz etdim ki, o m\u0259nim i\u015fim deyil. 20 ki\u00e7ik texniki i\u015f\u00e7i var, onlar edir. \u0130ndiy\u0259 q\u0259d\u0259r b\u00fct\u00fcn t\u0259rtibat, t\u0259dbirl\u0259r m\u0259nim boynumda olub. Ya da m\u0259n\u0259 m\u00fc\u0259lliml\u0259r ota\u011f\u0131n\u0131, \u00f6z ota\u011f\u0131n\u0131z\u0131, dig\u0259r q\u0131zdak\u0131 kimi karg\u00fczar\u0131n ota\u011f\u0131n\u0131 verin. Niy\u0259 onlar yox, m\u0259n xadim\u0259 olum? H\u0259m d\u0259 astmayam, toza alergiyam var. Direktor aran\u0131 qat\u0131b onlar\u0131 da \u00fcst\u00fcm\u0259 sald\u0131 v\u0259 gizlin m\u0259n\u0259 qar\u015f\u0131 \u015f\u0259rt k\u0259sdil\u0259r ki, ya xadim\u0259 kimi \u00e7al\u0131\u015facaqsan, ya da i\u015fd\u0259n \u00e7\u0131xacaqsan&#8221;, <\/em>&#8211; \u015fikay\u0259t\u00e7i bildirib.<br><\/p>\n\n\n\n<figure class=\"wp-block-image size-large\"><img decoding=\"async\" width=\"1174\" height=\"821\" data-src=\"https:\/\/www.meydan.tv\/wp-content\/uploads\/087093bb-c12f-46e9-a3db-21011c161e96-1174x821.jpg\" alt=\"\" class=\"wp-image-272490 lazyload\" src=\"data:image\/svg+xml;base64,PHN2ZyB3aWR0aD0iMSIgaGVpZ2h0PSIxIiB4bWxucz0iaHR0cDovL3d3dy53My5vcmcvMjAwMC9zdmciPjwvc3ZnPg==\" style=\"--smush-placeholder-width: 1174px; --smush-placeholder-aspect-ratio: 1174\/821;\" \/><\/figure>\n\n\n\n<p><strong>&#8220;Xadim\u0259s\u0259n, i\u015fini g\u00f6r\u0259rdin&#8221;<\/strong><\/p>\n\n\n\n<p>V\u0259fa Ba\u011f\u0131rova deyir ki, \u00f6t\u0259n ilin 12 oktyabr\u0131nda direktor qanunla m\u00fc\u0259yy\u0259n edilmi\u015f qaydan\u0131 pozub. Bel\u0259 ki, texniki i\u015f\u00e7il\u0259rin \u0259m\u0259k funksiyas\u0131 v\u0259 v\u0259zif\u0259l\u0259rinin &#8220;Vahid Tarif \u0130xtisas Sor\u011fu&#8221; kitab\u00e7as\u0131nda f\u0259hl\u0259 v\u0259 qulluq\u00e7ular\u0131n v\u0259zif\u0259l\u0259rind\u0259n f\u0259rqli oldu\u011funu bilm\u0259d\u0259n qeyri-qanuni onun \u0259m\u0259k m\u00fcqavil\u0259sin\u0259 texniki i\u015f\u00e7i s\u00f6z\u00fcn\u00fc sil\u0259r\u0259k &#8220;xadim\u0259&#8221; s\u00f6z\u00fcn\u00fc \u0259lav\u0259 edib.<\/p>\n\n\n\n<p>H\u0259m\u00e7inin direktor V\u0259fa Ba\u011f\u0131rova bar\u0259sind\u0259 19 v\u0259 24 oktyabr 2022-ci il tarixl\u0259rind\u0259 &#8220;i\u015find\u0259 ciddi n\u00f6qsanlara yol verdiyin\u0259, \u0259m\u0259k intizam\u0131na riay\u0259t etm\u0259diyin\u0259 v\u0259 i\u015f\u0259 vaxt\u0131nda g\u0259lm\u0259diyin\u0259 g\u00f6r\u0259&#8221; yaz\u0131l\u0131 \u015f\u0259kild\u0259 x\u0259b\u0259rdarl\u0131q \u0259mri v\u0259 iki akt\u0131 imzalatd\u0131r\u0131b.<\/p>\n\n\n\n<p>25 oktyabr 2022-ci il tarixind\u0259 is\u0259 &#8220;d\u0259f\u0259l\u0259rl\u0259 x\u0259b\u0259rdarl\u0131q edilm\u0259sin\u0259 baxmayaraq, i\u015f yerin\u0259 vaxt\u0131nda g\u0259lm\u0259m\u0259si il\u0259 \u0259laq\u0259dar&#8221; \u018fm\u0259k M\u0259c\u0259ll\u0259sinin 186-c\u0131 madd\u0259sinin 2a b\u0259ndin\u0259 uy\u011fun ona t\u00f6hm\u0259t verib.<br>\u015eikay\u0259t\u00e7i \u0259lav\u0259 edir ki, 11 noyabr 2022-ci ild\u0259 is\u0259 bar\u0259sind\u0259 \u018fm\u0259k M\u0259c\u0259ll\u0259sinin 186-c\u0131 madd\u0259sinin 2-ci hiss\u0259sinin &#8220;B&#8221; b\u0259ndin\u0259 \u0259sas\u0259n, sonuncu x\u0259b\u0259rdarl\u0131qla \u015fidd\u0259tli t\u00f6hm\u0259t verilib.<\/p>\n\n\n\n<p>9 dekabr 2022-ci il tarixind\u0259 is\u0259 texniki i\u015f\u00e7i V\u0259fa Ba\u011f\u0131rovan\u0131n \u0259m\u0259k m\u00fcqavil\u0259sin\u0259 &#8220;\u018fm\u0259k M\u0259c\u0259ll\u0259sinin 70-ci madd\u0259nin &#8220;\u00c7&#8221; b\u0259ndin\u0259 uy\u011fun olaraq xitam verilib.<\/p>\n\n\n\n<figure class=\"wp-block-image size-full\"><img decoding=\"async\" width=\"1200\" height=\"800\" data-src=\"https:\/\/www.meydan.tv\/wp-content\/uploads\/untitled-design-9-22.jpg\" alt=\"\" class=\"wp-image-272459 lazyload\" src=\"data:image\/svg+xml;base64,PHN2ZyB3aWR0aD0iMSIgaGVpZ2h0PSIxIiB4bWxucz0iaHR0cDovL3d3dy53My5vcmcvMjAwMC9zdmciPjwvc3ZnPg==\" style=\"--smush-placeholder-width: 1200px; --smush-placeholder-aspect-ratio: 1200\/800;\" \/><\/figure>\n\n\n\n<p>\u015eikay\u0259t\u00e7i b\u00fct\u00fcn bunlardan 13 dekabrda, m\u0259kt\u0259b\u0259 burax\u0131lmayanda x\u0259b\u0259r tutub:<\/p>\n\n\n\n<p><em>&#8220;X\u0259b\u0259rdarl\u0131qdan, t\u00f6hm\u0259t v\u0259 \u015fidd\u0259tli t\u00f6hm\u0259td\u0259n, i\u015fd\u0259n \u00e7\u0131xar\u0131lmadan x\u0259b\u0259rsiz h\u0259r g\u00fcn i\u015f\u0259 gedib-g\u0259lirdim. H\u0259min g\u00fcn d\u0259h\u015f\u0259t\u0259 g\u0259ldim, \u00f6z\u00fcmd\u0259n getdim. Ax\u0131 he\u00e7 n\u0259d\u0259n x\u0259b\u0259rim yox idi. H\u0259min g\u00fcn oradan \u018fm\u0259k M\u00fcff\u0259ti\u015fliyi Xidm\u0259tin\u0259 getdim. Onlar \u0259riz\u0259ni oxuyanda bildirdil\u0259r ki, \u0259n a\u011f\u0131r madd\u0259 il\u0259 i\u015fd\u0259n \u00e7\u0131xar\u0131lm\u0131\u015fam. Ax\u0131 \u00f6z \u0259riz\u0259m, izahat\u0131m olmadan, bunlardan x\u0259b\u0259rsiz, nec\u0259 i\u015fd\u0259n \u00e7\u0131xar\u0131la bil\u0259r\u0259m? \u00d6z\u00fc d\u0259 bir il 2 ay \u0259rzind\u0259 g\u00f6r\u00fcl\u0259c\u0259k i\u015f bir aya nec\u0259 g\u00f6r\u00fcl\u00fcb? Direktor \u0259v\u0259zi \u0259mri, akt\u0131, x\u0259b\u0259rdarl\u0131\u011f\u0131 bel\u0259 prezidentin karg\u00fczarl\u0131q qaydalar\u0131 haqq\u0131ndak\u0131 \u0259mrin\u0259 uy\u011fun yazmay\u0131b&#8221;.<\/em><\/p>\n\n\n\n<p><em>&#8220;Elm v\u0259 T\u0259hsil Nazirliyin\u0259 d\u0259 sor\u011fu getm\u0259yib, \u0259slind\u0259 70-ci madd\u0259nin &#8220;\u00c7&#8221; b\u0259ndi il\u0259 i\u015fd\u0259n \u00e7\u0131xarma onlar\u0131n \u0259mri \u0259sas\u0131nda olmal\u0131d\u0131r. Bu ciddi \u0259m\u0259k, insan h\u00fcquqlar\u0131 pozuntusu, v\u0259zif\u0259d\u0259n sui-istifad\u0259 hal\u0131d\u0131r. G\u0259nc\u0259-Da\u015fk\u0259s\u0259n Regional T\u0259hsil \u0130dar\u0259sind\u0259 5 d\u0259f\u0259 q\u0259bulda oldum. &#8220;Xadim\u0259s\u0259n, i\u015fini g\u00f6r\u0259rdin&#8221;, &#8211; dey\u0259n r\u0259hb\u0259r Anar Q\u0259dim\u0259liyev he\u00e7 m\u0259ni q\u0259bul etm\u0259di. D\u00f6vl\u0259t \u018fm\u0259k M\u00fcff\u0259ti\u015fliyin\u0259 Xidm\u0259tin\u0259 3-4 d\u0259f\u0259 m\u00fcraci\u0259t etmi\u015f\u0259m. \u00d6nc\u0259 m\u0259n\u0259 k\u00f6m\u0259k etm\u0259y\u0259 \u00e7al\u0131\u015fsalar da, haql\u0131 oldu\u011fumu des\u0259l\u0259r d\u0259, sonradan susduruldular&#8221;,<\/em> &#8211; dey\u0259 V\u0259fa Ba\u011f\u0131rova qeyd edib.<\/p>\n\n\n\n<p>V\u0259fa Ba\u011f\u0131rova G\u0259nc\u0259-Da\u015fk\u0259s\u0259n Regional T\u0259hsil \u0130dar\u0259sinin ona g\u00f6nd\u0259rdiyi r\u0259smi m\u0259ktuba da etiraz edir, burada qeyd olunanlarla raz\u0131la\u015fm\u0131r.<\/p>\n\n\n\n<figure class=\"wp-block-image size-full\"><img decoding=\"async\" width=\"1200\" height=\"800\" data-src=\"https:\/\/www.meydan.tv\/wp-content\/uploads\/untitled-design-8-26.jpg\" alt=\"\" class=\"wp-image-272456 lazyload\" src=\"data:image\/svg+xml;base64,PHN2ZyB3aWR0aD0iMSIgaGVpZ2h0PSIxIiB4bWxucz0iaHR0cDovL3d3dy53My5vcmcvMjAwMC9zdmciPjwvc3ZnPg==\" style=\"--smush-placeholder-width: 1200px; --smush-placeholder-aspect-ratio: 1200\/800;\" \/><\/figure>\n\n\n\n<p>H\u0259min m\u0259ktubda is\u0259 bildirilir ki, Ba\u011f\u0131rova Nuran\u0259 Muzadil q\u0131z\u0131 v\u0259 Verdiyeva \u015e\u0259fa Rasim q\u0131z\u0131 texniki i\u015f\u00e7il\u0259rin v\u0259zif\u0259 b\u00f6lg\u00fcs\u00fcnd\u0259 qeyd edil\u0259n \u0259razil\u0259ri h\u0259r g\u00fcn t\u0259mizl\u0259yir, \u00f6z i\u015fl\u0259rinin \u00f6hd\u0259sind\u0259n g\u0259lir. Amma V\u0259fa Ba\u011f\u0131rova t\u0259mizl\u0259m\u0259li oldu\u011fu sinif otaqlar\u0131n\u0131 t\u0259mizl\u0259m\u0259kd\u0259n imtina edib:<\/p>\n\n\n\n<p><em>&#8220;\u00d6z \u00fcz\u0259rin\u0259 d\u00fc\u015f\u0259n i\u015fi \u00fcmumiyy\u0259tl\u0259 g\u00f6rm\u0259yib, m\u0259kt\u0259bin daxili nizam-intizam qaydalar\u0131n\u0131 pozub, d\u0259f\u0259l\u0259rl\u0259 edil\u0259n \u015fifahi v\u0259 yaz\u0131l\u0131 x\u0259b\u0259rdarl\u0131qlardan n\u0259tic\u0259 \u00e7\u0131xarmamas\u0131na g\u00f6r\u0259 239 n\u00f6mr\u0259li \u0259mrl\u0259 \u0259m\u0259k m\u00fcqavil\u0259sin\u0259 xitam verilib&#8221;.<\/em><\/p>\n\n\n\n<p>D\u00f6vl\u0259t \u018fm\u0259k M\u00fcf\u0259tti\u015fliyi Xidm\u0259ti v\u0259 qurumun G\u0259nc\u0259 Regional \u015e\u00f6b\u0259si d\u0259 V\u0259fa Ba\u011f\u0131rovan\u0131n r\u0259smi m\u00fcraci\u0259tl\u0259rin\u0259 eyni m\u0259zmunda cavab verib.<\/p>\n\n\n\n<p>Direktor Aynur H\u0259s\u0259nova v\u0259 onun m\u0259kt\u0259b\u0259 g\u0259tirdiyi t\u0259hsil m\u0259sl\u0259h\u0259t\u00e7isi Aynur \u018fliyevan\u0131n V\u0259fa Ba\u011f\u0131rovan\u0131n \u0259leyhin\u0259 verdiyi m\u0259ktublarda ittihamlar yer al\u0131b.<\/p>\n\n\n\n<figure class=\"wp-block-image size-large is-resized\"><img decoding=\"async\" data-src=\"https:\/\/www.meydan.tv\/wp-content\/uploads\/img-20230329-wa0111-577x821.jpg\" alt=\"\" class=\"wp-image-272474 lazyload\" width=\"803\" height=\"1143\" src=\"data:image\/svg+xml;base64,PHN2ZyB3aWR0aD0iMSIgaGVpZ2h0PSIxIiB4bWxucz0iaHR0cDovL3d3dy53My5vcmcvMjAwMC9zdmciPjwvc3ZnPg==\" style=\"--smush-placeholder-width: 803px; --smush-placeholder-aspect-ratio: 803\/1143;\" \/><\/figure>\n\n\n\n<p>H\u0259min m\u0259ktublarda qeyd olunur ki, Ba\u011f\u0131rova 28 il xadim\u0259 olsa da, r\u0259ssam kimi \u00e7al\u0131\u015f\u0131b, m\u0259kt\u0259bin d\u0259hlizl\u0259rind\u0259 alverl\u0259 m\u0259\u015f\u011ful olub:<\/p>\n\n\n\n<p><em>&#8220;17.10.2022-ci il tarixind\u0259n tabel\u0259 qol \u00e7\u0259km\u0259yib, \u00fcz\u00fcrs\u00fcz s\u0259b\u0259bd\u0259n i\u015f\u0259 gecikib. 3.11.2022-ci il tarixind\u0259 9:00-d\u0259 i\u015fd\u0259 olmal\u0131 idi, amma yolunun uzaq olmas\u0131n\u0131 \u0259sas g\u0259tirib v\u0259 9:50-d\u0259 i\u015f\u0259 g\u0259lib. H\u0259min g\u00fcn texniki i\u015f\u00e7il\u0259r \u00fc\u00e7\u00fcn b\u00f6l\u00fcnm\u00fc\u015f i\u015f rejimin\u0259 etiraz ed\u0259r\u0259k s\u0259n\u0259d\u0259 imza atmay\u0131b. Onun h\u0259yat yolda\u015f\u0131 buna etiraz olaraq direktor v\u0259 t\u0259hsil ekspertini t\u0259hqir edib&#8221;.<br><\/em><\/p>\n\n\n\n<p><strong>&#8220;Qad\u0131n qad\u0131na qar\u015f\u0131 bel\u0259 amans\u0131z ola bil\u0259rmi?&#8221;<\/strong><\/p>\n\n\n\n<p>V\u0259fa Ba\u011f\u0131rova b\u00fct\u00fcn bu ittiham v\u0259 s\u0259n\u0259dl\u0259rin ondan x\u0259b\u0259rsiz haz\u0131rland\u0131\u011f\u0131n\u0131 \u0259sas g\u0259tir\u0259r\u0259k aidiyy\u0259ti qurumlara m\u00fcraci\u0259t edib.<\/p>\n\n\n\n<p>O, i\u015fd\u0259n \u00e7\u0131xar\u0131lmas\u0131na s\u0259b\u0259b kimi m\u0259kt\u0259bd\u0259ki haqs\u0131zl\u0131qlara v\u0259 yeni direktorun \u00f6zba\u015f\u0131nal\u0131\u011f\u0131na etiraz etm\u0259sini \u0259sas g\u00f6st\u0259rir.<\/p>\n\n\n\n<p>Deyir ki, h\u0259tta qar\u015f\u0131 t\u0259r\u0259fin m\u0259hk\u0259m\u0259d\u0259 v\u0259 \u018fm\u0259k M\u00fcff\u0259ti\u015fliyi Xidm\u0259tind\u0259 verdiyi izahatlar da \u00fcst-\u00fcst\u0259 d\u00fc\u015fm\u00fcr.<\/p>\n\n\n\n<p>Dediyin\u0259 g\u00f6r\u0259, ona \u00f6d\u0259nil\u0259n \u0259m\u0259khaqq\u0131 da &#8220;tabel kitab\u0131na imza atmam\u0131san&#8221; b\u0259han\u0259sil\u0259 tutulub.<\/p>\n\n\n\n<p>Haz\u0131rda \u00fc\u00e7 u\u015faq anas\u0131 i\u015fsiz v\u0259 \u00e7\u0131x\u0131lmaz durumda oldu\u011funu bildirir:<\/p>\n\n\n\n<p><em>&#8220;X\u0259b\u0259rdarl\u0131q bir ay, t\u00f6hm\u0259t 6 ay \u00e7\u0259km\u0259lidir. Bunlar bir aya h\u0259r \u015feyi h\u0259ll edib. Tabel kitab\u0131n\u0131 apar\u0131b ota\u011f\u0131nda gizl\u0259dib. Ham\u0131 hans\u0131 vaxtda g\u0259lirs\u0259, kitaba qol \u00e7\u0259kir. \u0130ki g\u00fcn\u00fc bird\u0259n imza atan var. M\u0259n gedirdim, b\u0259han\u0259 edib imza atma\u011fa qoymurdu. 17 oktyabrdan he\u00e7 imkan verm\u0259di. H\u0259r g\u00fcn d\u0259hizd\u0259 g\u00f6r\u00fcrd\u00fc, yalandan qeyd edirdi ki, i\u015f\u0259 gecikir\u0259m, vaxt\u0131nda g\u0259lmir\u0259m. H\u0259tta d\u0259f\u0259l\u0259rl\u0259 \u00f6z\u00fcnd\u0259n xahi\u015f etdim ki, yolum uzaqd\u0131r, iki avtobus d\u0259yi\u015fir\u0259m, azya\u015fl\u0131 \u00f6vlad\u0131m var, s\u0259h\u0259r 8-d\u0259 g\u0259l\u0259 bilmir\u0259m. Amma h\u0259mi\u015f\u0259 9-da i\u015fd\u0259 olmu\u015fam&#8221;.<\/em><\/p>\n\n\n\n<p><em>&#8220;Alver edib biznes quranlar qal\u0131b k\u0259narda, m\u0259ni qaralay\u0131b ki, alver edir\u0259m. \u00c7\u00fcnki ona pul verm\u0259dim. C\u0259mi 274 manat maa\u015f al\u0131ram. Bunun n\u0259yini ona verim? Dig\u0259r m\u00fc\u0259lliml\u0259r dedil\u0259r ki, 30 manat ver. Dedim, indiy\u0259 q\u0259d\u0259r d\u00fcz i\u015fl\u0259mi\u015f\u0259m, kim\u0259s\u0259 pul verm\u0259mi\u015f\u0259m, azt\u0259minatl\u0131 ail\u0259y\u0259m. H\u0259yat yolda\u015f\u0131m da musiqi m\u00fc\u0259llimidir, c\u0259mi 300 manat maa\u015f al\u0131r. B\u00f6y\u00fck q\u0131z\u0131m F\u0259rid\u0259 birinci kurs t\u0259l\u0259b\u0259sidir, t\u0259hsili \u00f6d\u0259ni\u015flidir. \u0130kinci q\u0131z\u0131m Fidan 9-cu sinifd\u0259, 5 ya\u015fl\u0131 F\u00fcruz\u0259 is\u0259 m\u0259kt\u0259b\u0259haz\u0131rl\u0131qda oxuyur. Bunlar\u0131 nec\u0259 saxlay\u0131m, nec\u0259 doland\u0131r\u0131m, nec\u0259 oxudum? H\u0259r yerd\u0259: &#8220;Evini satd\u0131racam, ail\u0259sini da\u011f\u0131dacam, 28 ilin \u0259m\u0259k haqlar\u0131n\u0131 qaytars\u0131n&#8221;,<\/em> &#8211; deyir. Qad\u0131n qad\u0131na qar\u015f\u0131 bel\u0259 amans\u0131z ola bil\u0259rmi?&#8221; &#8211; V\u0259fa Ba\u011f\u0131rova bel\u0259 deyir.<br><\/p>\n\n\n\n<figure class=\"wp-block-image size-large is-resized\"><img decoding=\"async\" data-src=\"https:\/\/www.meydan.tv\/wp-content\/uploads\/sened-2-549x821.jpg\" alt=\"\" class=\"wp-image-272497 lazyload\" width=\"801\" height=\"1198\" src=\"data:image\/svg+xml;base64,PHN2ZyB3aWR0aD0iMSIgaGVpZ2h0PSIxIiB4bWxucz0iaHR0cDovL3d3dy53My5vcmcvMjAwMC9zdmciPjwvc3ZnPg==\" style=\"--smush-placeholder-width: 801px; --smush-placeholder-aspect-ratio: 801\/1198;\" \/><\/figure>\n\n\n\n<p><strong>&#8220;70-ci madd\u0259nin &#8220;\u00c7&#8221; b\u0259ndi l\u0259\u011fv edilm\u0259li, i\u015fim\u0259 b\u0259rpa olunmal\u0131yam&#8221;<\/strong><\/p>\n\n\n\n<p>Haz\u0131rda i\u015fin m\u0259hk\u0259m\u0259d\u0259 oldu\u011funu dey\u0259n Ba\u011f\u0131rova qar\u015f\u0131 t\u0259r\u0259fin ziddiyy\u0259tli izahatlar\u0131ndan da \u015fikay\u0259t\u00e7idir:<\/p>\n\n\n\n<p><em>&#8220;Direktor \u018fm\u0259k M\u00fcf\u0259tti\u015fliyind\u0259 i\u015f\u0259 vaxt\u0131nda g\u0259lm\u0259diyimi, m\u0259hk\u0259m\u0259d\u0259 is\u0259 i\u015f b\u00f6lg\u00fcs\u00fcnd\u0259 \u0259m\u0259k funksiyas\u0131n\u0131 yerin\u0259 yetirm\u0259diyimi deyir. \u0130\u015fd\u0259 olmayan i\u015f\u00e7iy\u0259 inzibati t\u0259nbehi nec\u0259 ver\u0259 bil\u0259r? \u00dc\u00e7 g\u00fcn\u00fcn maa\u015f\u0131n\u0131 tabeld\u0259 imzam olmad\u0131\u011f\u0131na g\u00f6r\u0259 k\u0259sdiyini, amma 17 oktyabrdan \u00fcmumiyy\u0259tl\u0259 imza atmad\u0131\u011f\u0131m\u0131 deyir. Tabeli ota\u011f\u0131nda gizl\u0259dir. M\u0259hk\u0259m\u0259d\u0259 v\u0259sat\u0259t yazd\u0131m ki, m\u0259kt\u0259bin kamera g\u00f6r\u00fcnt\u00fcl\u0259ri v\u0259 tabel kitab\u0131 s\u00fcbut kimi g\u00f6st\u0259rilsin. Han\u0131 h\u0259mkarlar\u0131n q\u0259rar\u0131? \u00dcst\u0259lik, \u018fm\u0259k M\u00fcf\u0259tti\u015fliyi Xidm\u0259tin\u0259 verdiyi izahatlarla m\u0259hk\u0259m\u0259d\u0259ki izahatlar\u0131 yoxlan\u0131ls\u0131n, \u00e7\u00fcnki ziddiyy\u0259t var&#8221;.<\/em><\/p>\n\n\n\n<p><em>&#8220;M\u0259kt\u0259bd\u0259 deyir ki, m\u0259hk\u0259m\u0259ni d\u0259 udaca\u011fam. Bel\u0259 haqs\u0131zl\u0131q olar? A\u011f\u0131r madd\u0259 il\u0259 i\u015fd\u0259n \u00e7\u0131xar\u0131lm\u0131\u015fam dey\u0259 i\u015fsizlikd\u0259n m\u00fcavin\u0259t d\u0259 d\u00fc\u015fm\u0259di. 28 illik f\u0259aliyy\u0259timi bir qad\u0131n \u015f\u0259rl\u0259, b\u00f6htanla m\u0259hv etdi. M\u0259n d\u0259 bu \u00f6lk\u0259nin v\u0259t\u0259nda\u015f\u0131yam, niy\u0259 kas\u0131b\u0131, arxas\u0131z\u0131 \u0259zirl\u0259r, haqq\u0131n\u0131 yeyirl\u0259r? Evimin \u0259\u015fyas\u0131n\u0131 sat\u0131b v\u0259kil tutmu\u015fam. G\u0259nc\u0259d\u0259 \u0259dal\u0259t yoxdur. Qanun, h\u00fcquq, \u0259dal\u0259t varsa, 70-ci madd\u0259nin &#8220;\u00c7&#8221; b\u0259ndi l\u0259\u011fv edilm\u0259li, i\u015fim\u0259 b\u0259rpa olunmal\u0131yam&#8221;, <\/em>&#8211; \u015fikay\u0259t\u00e7i bildirir.<\/p>\n\n\n\n<p>V\u0259fa Ba\u011f\u0131rova deyir ki, aprelin 6-da ke\u00e7iril\u0259n sonuncu m\u0259hk\u0259m\u0259 prosesind\u0259 d\u0259 direktorun xeyrin\u0259 q\u0259rar \u00e7\u0131xar\u0131l\u0131b, ona g\u00f6r\u0259 d\u0259 q\u0259rardan apelyasiya \u015fikay\u0259ti verib.<br><\/p>\n\n\n\n<p><strong>&#8220;M\u0259kt\u0259bd\u0259 &#8220;r\u0259ssam&#8221;, &#8220;\u00e7ertyoj\u00e7u&#8221; dey\u0259 \u015ftat yoxdur&#8221;<\/strong><\/p>\n\n\n\n<p>Direktor Aynur H\u0259s\u0259nova Meydan TV-y\u0259 deyib ki, V\u0259fa Ba\u011f\u0131rova g\u00fcnd\u0259lik i\u015f qrafikin\u0259 riay\u0259t etm\u0259yib, \u0259lav\u0259 i\u015fl\u0259 m\u0259\u015f\u011ful olub, ona g\u00f6r\u0259 d\u0259 i\u015fin\u0259 xitam verilib.<\/p>\n\n\n\n<p>O, haz\u0131rki t\u0259hsil i\u015f\u00e7il\u0259rinin vahid tarifl\u0259\u015fm\u0259 plan\u0131nda &#8220;\u00e7ertyoj\u00e7u&#8221; vakansiyas\u0131n\u0131n olmad\u0131\u011f\u0131n\u0131 da \u0259sas g\u0259tirib:<\/p>\n\n\n\n<p><em>&#8220;\u0130ll\u0259rl\u0259 xadim\u0259 i\u015fini g\u00f6rm\u0259yib, burada pensiya\u00e7\u0131 kimi \u00e7al\u0131\u015f\u0131b. Xan\u0131ma d\u0259f\u0259l\u0259rl\u0259 \u015fifahi v\u0259 yaz\u0131l\u0131 x\u0259b\u0259rdarl\u0131q etmi\u015f\u0259m, intizam t\u0259nbehi vermi\u015f\u0259m. T\u0259hsil \u0130dar\u0259sinin n\u00fcmay\u0259nd\u0259si g\u0259lib onunla g\u00f6r\u00fc\u015f\u00fcb, noyabrda \u00fc\u00e7 g\u00fcn \u0259m\u0259khaqq\u0131s\u0131n\u0131 tutmu\u015fam. Dekabr\u0131n 9-da da i\u015fin\u0259 xitam vermi\u015f\u0259m. Dekabr\u0131n 12-d\u0259 \u00e7a\u011f\u0131rd\u0131m, g\u0259lm\u0259di. S\u0259n\u0259di po\u00e7tla g\u00f6nd\u0259rdim. M\u0259kt\u0259bd\u0259 &#8220;r\u0259ssam&#8221;, &#8220;\u00e7ertyoj\u00e7u&#8221; dey\u0259 bir \u015ftat yoxdur. T\u0259hsil i\u015f\u00e7il\u0259rinin vahid tarifl\u0259\u015fm\u0259 plan\u0131nda karg\u00fczar, g\u00f6z\u0259t\u00e7i, dalandar v\u0259 ki\u00e7ik xidm\u0259t sah\u0259l\u0259ri var. T\u0259hsil Nazirliyinin d\u0259 x\u0259b\u0259ri var, lap monitorinq apar\u0131ls\u0131n. \u00dc\u00e7 texniki i\u015f\u00e7idir ki, biri anal\u0131q m\u0259zuniyy\u0259tind\u0259dir. Dig\u0259rinin d\u0259 g\u00f6rd\u00fcy\u00fc i\u015f var. V\u0259fa \u00e7antas\u0131 \u00e7iynind\u0259 g\u0259z\u0259n adamd\u0131r&#8221;.<\/em><\/p>\n\n\n\n<figure class=\"wp-block-image size-large\"><img decoding=\"async\" width=\"1200\" height=\"675\" data-src=\"https:\/\/www.meydan.tv\/wp-content\/uploads\/img-20230316-wa0177-1200x675.jpg\" alt=\"\" class=\"wp-image-272483 lazyload\" src=\"data:image\/svg+xml;base64,PHN2ZyB3aWR0aD0iMSIgaGVpZ2h0PSIxIiB4bWxucz0iaHR0cDovL3d3dy53My5vcmcvMjAwMC9zdmciPjwvc3ZnPg==\" style=\"--smush-placeholder-width: 1200px; --smush-placeholder-aspect-ratio: 1200\/675;\" \/><\/figure>\n\n\n\n<p><strong>&#8220;Onun prokurorlu\u011fa \u015fikay\u0259t ed\u0259c\u0259y\u0259m&#8221;<\/strong><\/p>\n\n\n\n<p>D\u0259rs saatlar\u0131n\u0131n sat\u0131lmas\u0131 ittiham\u0131na g\u0259linc\u0259, direktor bununla raz\u0131la\u015fm\u0131r:<\/p>\n\n\n\n<p><em>&#8220;Burada sistem o q\u0259d\u0259r \u015f\u0259ffafd\u0131r ki, m\u0259n d\u0259rs saatlar\u0131n\u0131 da sata bilm\u0259r\u0259m. Haz\u0131rda i\u015fimiz m\u0259hk\u0259m\u0259d\u0259dir. M\u0259n \u015f\u0259r\u0259f v\u0259 l\u0259yaq\u0259timin t\u0259hqir olunmas\u0131ndan \u015fikay\u0259t\u00e7iy\u0259m. Laz\u0131ms\u0131z, yaln\u0131\u015f informasiyalar verildiyin\u0259 g\u00f6r\u0259 onu prokurorlu\u011fa \u015fikay\u0259t ed\u0259c\u0259y\u0259m. Ara\u015fd\u0131r\u0131ls\u0131n. S\u0259n\u0259dl\u0259rim r\u0259smidir. \u0130\u015f m\u0259hk\u0259m\u0259d\u0259 oldu\u011fundan \u0259lav\u0259 m\u0259lumat verm\u0259k, s\u0259n\u0259dl\u0259ri g\u00f6st\u0259rm\u0259k ixtiyar\u0131m yoxdur&#8221;<\/em>, &#8211; dey\u0259 direktor bildirib.<br><\/p>\n\n\n\n<p><strong>&#8220;\u0130\u015f m\u0259hk\u0259m\u0259d\u0259 oldu\u011fu \u00fc\u00e7\u00fcn art\u0131q bizd\u0259n \u00e7\u0131x\u0131b&#8221;<\/strong><\/p>\n\n\n\n<p>Meydan TV-nin v\u0259t\u0259nda\u015f\u0131n m\u00fcraci\u0259ti il\u0259 ba\u011fl\u0131 Elm v\u0259 T\u0259hsil Nazirliyin\u0259 g\u00f6nd\u0259rdiyi sor\u011fuya cavab verilm\u0259yib.<br>G\u0259nc\u0259-Da\u015fk\u0259s\u0259n Regional T\u0259hsil \u0130dar\u0259sinin ictimai\u0259tl\u0259 \u0259laq\u0259l\u0259r \u00fczr\u0259 m\u0259sul \u015f\u0259xsi Ramin\u0259 M\u0259mm\u0259dova is\u0259 deyib ki, haz\u0131rda i\u015f m\u0259hk\u0259m\u0259d\u0259dir, ona g\u00f6r\u0259 d\u0259 idar\u0259 h\u0259r hans\u0131 bir m\u0259suliyy\u0259t da\u015f\u0131m\u0131r:<\/p>\n\n\n\n<p><em>&#8220;\u0130\u015f m\u0259hk\u0259m\u0259d\u0259 oldu\u011fu \u00fc\u00e7\u00fcn art\u0131q bizd\u0259n \u00e7\u0131x\u0131b. H\u0259min i\u015f\u00e7i xadim\u0259 olub v\u0259 bar\u0259sind\u0259 direktor t\u0259r\u0259find\u0259n akt t\u0259rtib olunub ki, i\u015f \u00f6hd\u0259likl\u0259rin\u0259 \u0259m\u0259l etm\u0259yib, i\u015f\u0259 g\u0259lm\u0259yib. \u018fvv\u0259lki direktorlar\u0131n d\u00f6vr\u00fcnd\u0259 bel\u0259 problem olmay\u0131b. M\u0259hk\u0259m\u0259 kimin haql\u0131 olmas\u0131na ayd\u0131nl\u0131q g\u0259tir\u0259c\u0259k&#8221;.<\/em><\/p>\n\n\n\n<p>S\u0259n\u0259dl\u0259r\u0259 bax\u0131\u015f ke\u00e7ir\u0259n h\u00fcquq\u015f\u00fcnas Rafiq Abdurrahmanov protokollar\u0131n ziddiyy\u0259tli t\u0259rtib olundu\u011funu deyir:<\/p>\n\n\n\n<p><em>&#8220;Protokolda m\u0259kt\u0259bin \u0259m\u0259k kollektivinin say\u0131, ne\u00e7\u0259 n\u0259f\u0259rin iclasda i\u015ftirak etm\u0259si, h\u0259min \u015f\u0259xsl\u0259rin q\u0259rar\u0131n lehin\u0259 s\u0259s verm\u0259si \u00f6z \u0259ksini tapm\u0131r. \u0130clasda i\u015ftirak ed\u0259n iki n\u0259f\u0259r konkret t\u0259klif ir\u0259li s\u00fcrm\u0259yib, iclas s\u0259dri g\u00fcnd\u0259likd\u0259 duran m\u0259s\u0259l\u0259y\u0259 giri\u015f verm\u0259yib, iclasa m\u00fczakir\u0259 ed\u0259c\u0259kl\u0259ri, i\u015f\u00e7inin \u0259m\u0259k qanunun and\u0131 formada pozmas\u0131, haqq\u0131nda hans\u0131 inzibati t\u0259nbehin verilm\u0259si, bu t\u0259nbehl\u0259rd\u0259n \u015f\u0259xsin n\u0259tic\u0259 \u00e7\u0131xar\u0131b \u00e7\u0131xarmamas\u0131, niy\u0259 iclasda i\u015ftirak etm\u0259m\u0259si, hans\u0131 formada iclasa d\u0259v\u0259t edildiyini t\u0259sdiql\u0259yici s\u0259n\u0259dl\u0259rin ad\u0131n\u0131 qeyd etm\u0259m\u0259si v\u0259 m\u0259kt\u0259bin h\u0259mkarlar ittifaq\u0131 t\u0259\u015fkilat\u0131n\u0131n bu bar\u0259d\u0259 iclas\u0131n\u0131n v\u0259 i\u015fd\u0259n \u00e7\u0131xar\u0131lmas\u0131na raz\u0131l\u0131q verm\u0259sin\u0259 dair iclas protokoluna istinad edilm\u0259m\u0259si g\u00f6r\u00fcn\u00fcr. H\u0259m\u00e7inin h\u0259r iki t\u0259r\u0259fin imzas\u0131 il\u0259 t\u0259sdiql\u0259nmi\u015f m\u00fcqavil\u0259d\u0259 v\u0259zif\u0259 ad\u0131 ba\u015fqad\u0131rsa, sistem\u0259 f\u0259rqli yaz\u0131lm\u0131\u015f\u0131n h\u00fcquqi q\u00fcvv\u0259si yoxdur. \u0130\u015f\u00e7i bununla m\u0259hk\u0259m\u0259d\u0259 m\u0259cbur\u0259n i\u015fd\u0259n qanunsuz \u00e7\u0131xar\u0131lmas\u0131n\u0131 m\u00fcbahis\u0259l\u0259ndirm\u0259li, \u0259m\u0259k haqq\u0131n\u0131 t\u0259l\u0259b etm\u0259lidir&#8221;.<\/em><\/p>\n\n\n<div class=\"wp-block-image\">\n<figure class=\"aligncenter size-full\"><img decoding=\"async\" width=\"1200\" height=\"800\" data-src=\"https:\/\/www.meydan.tv\/wp-content\/uploads\/untitled-design-10-16.jpg\" alt=\"\" class=\"wp-image-272480 lazyload\" src=\"data:image\/svg+xml;base64,PHN2ZyB3aWR0aD0iMSIgaGVpZ2h0PSIxIiB4bWxucz0iaHR0cDovL3d3dy53My5vcmcvMjAwMC9zdmciPjwvc3ZnPg==\" style=\"--smush-placeholder-width: 1200px; --smush-placeholder-aspect-ratio: 1200\/800;\" \/><figcaption class=\"wp-element-caption\">Emil Mirz\u0259. <\/figcaption><\/figure>\n<\/div>\n\n\n<p>H\u00fcquq\u015f\u00fcnas Emil Mirz\u0259 is\u0259 deyir ki, \u018fm\u0259k M\u0259c\u0259ll\u0259sinin 70-ci madd\u0259sinin \u201c\u00c7\u201d b\u0259ndi il\u0259 i\u015fd\u0259n \u00e7\u0131xar\u0131lma \u00e7ox risklidir v\u0259 n\u0259tic\u0259si d\u0259 olduqca a\u011f\u0131rd\u0131r: <\/p>\n\n\n\n<p><em>&#8220;\u018fm\u0259k M\u0259c\u0259ll\u0259sinin 70-ci madd\u0259sinin \u201c\u00c7\u201d b\u0259ndi il\u0259 &#8211; i\u015f\u00e7i \u00f6z\u00fcn\u00fcn \u0259m\u0259k funksiyas\u0131n\u0131 v\u0259 ya \u0259m\u0259k m\u00fcqavil\u0259si \u00fczr\u0259 \u00f6hd\u0259likl\u0259rini yerin\u0259 yetirm\u0259dikd\u0259, yaxud bu M\u0259c\u0259ll\u0259nin 72-ci madd\u0259sind\u0259 sadalanan hallarda \u0259m\u0259k v\u0259zif\u0259l\u0259rini kobud \u015f\u0259kild\u0259 pozduqda \u0259m\u0259k m\u00fcqavil\u0259sinin i\u015f\u0259g\u00f6t\u00fcr\u0259n t\u0259r\u0259find\u0259n l\u0259\u011fv edilm\u0259sidir ki, bu da i\u015f\u00e7inin s\u00f6z\u00fcn \u0259sl m\u0259nas\u0131nda \u00f6m\u00fcrl\u00fck b\u0259db\u0259xt olmas\u0131 anlam\u0131na g\u0259lir. Bu pozuntu (madd\u0259) il\u0259 i\u015fd\u0259n \u00e7\u0131xar\u0131lan \u015f\u0259xsl\u0259r \u0259ks\u0259r hallarda \u00f6z\u00fcn\u0259 yeni i\u015f tapmaqda ciddi probleml\u0259rl\u0259 qar\u015f\u0131la\u015f\u0131r v\u0259 dezavantaj ya\u015faya bilirl\u0259r. \u00c7ox t\u0259\u0259ss\u00fcf ki, bu m\u0259s\u0259l\u0259nin y\u00fcng\u00fcll\u0259\u015fdirilm\u0259si il\u0259 ba\u011fl\u0131 bizim qanunvericiliyimizd\u0259 h\u0259r hans\u0131 bir norma n\u0259z\u0259rd\u0259 tutulmay\u0131b. \u0130nsanlar \u00e7\u0131x\u0131\u015f yolunu m\u0259hk\u0259m\u0259l\u0259r\u0259 m\u00fcraci\u0259t etm\u0259kd\u0259 g\u00f6r\u00fcrl\u0259r ki, \u0259ks\u0259r hallarda da bu m\u00fcsb\u0259t n\u0259tic\u0259 vermir&#8221;.<\/em><\/p>\n\n\n\n<p>H\u00fcquq\u015f\u00fcnas Avropa \u0130ttifaq\u0131nda \u201cunudulmaq h\u00fcququ\u201d (\u015f\u0259xsi neqativ xarakteriz\u0259 ed\u0259n informasiyan\u0131n m\u00fc\u0259yy\u0259n m\u00fcdd\u0259t sonra elektron baza sisteml\u0259rind\u0259n silinm\u0259si) deyil\u0259n bir anlay\u0131\u015f\u0131n insan h\u00fcquqlar\u0131ndan biri oldu\u011fu deyir.<\/p>\n\n\n\n<p>O, bu anlay\u0131\u015f\u0131n \u018fm\u0259k M\u0259c\u0259ll\u0259sind\u0259 d\u0259 \u0259ksini tapmas\u0131n\u0131 vacib say\u0131r:<\/p>\n\n\n\n<p><em>&#8220;Az\u0259rbaycan\u0131n Avropa \u015euras\u0131 v\u0259 bir s\u0131ra dig\u0259r beyn\u0259lxalq t\u0259\u015fkilatlar\u0131n \u00fczv\u00fcd\u00fcr. Yax\u015f\u0131 olar ki, \u018fm\u0259k M\u0259c\u0259ll\u0259sinin 70-ci madd\u0259sinin \u201c\u00c7\u201d b\u0259ndi il\u0259 ba\u011fl\u0131 \u0259m\u0259k qanunvericiliyimizd\u0259 bununla ba\u011fl\u0131 konkret m\u00fcdd\u0259a \u0259ksini taps\u0131n. H\u0259min m\u00fcdd\u0259adan sonra qeyd olunan pozuntu il\u0259 i\u015fd\u0259n \u00e7\u0131xar\u0131lm\u0131\u015f \u015f\u0259xsin v\u0259ziyy\u0259ti yax\u015f\u0131la\u015fd\u0131r\u0131ls\u0131n v\u0259 h\u0259min pozuntu aradan qald\u0131r\u0131ls\u0131n&#8221;.<\/em><\/p>\n","protected":false},"excerpt":{"rendered":"<p>V\u0259fa Ba\u011f\u0131rova direktoru ittiham edir, qar\u015f\u0131 t\u0259r\u0259f prokurorlu\u011fa \u00fcz tutaca\u011f\u0131n\u0131 &#8230; <\/p>\n<p class=\"read-more-container\"><a title=\"G\u0259nc\u0259 sakini: &#8220;28 il vicdanla \u00e7al\u0131\u015f, \u0259v\u0259zind\u0259 \u015f\u0259rl\u0259nib i\u015fd\u0259n \u00e7\u0131xar\u0131l&#8221;\" class=\"read-more button\" href=\"https:\/\/www.meydan.tv\/az\/article\/gence-sakini-28-il-vicdanla-calis-evezinde-serlenib-isden-cixaril\/#more-272445\" aria-label=\"Read more about G\u0259nc\u0259 sakini: &#8220;28 il vicdanla \u00e7al\u0131\u015f, \u0259v\u0259zind\u0259 \u015f\u0259rl\u0259nib i\u015fd\u0259n \u00e7\u0131xar\u0131l&#8221;\">Davam\u0131<\/a><\/p>\n","protected":false},"author":8,"featured_media":272453,"comment_status":"closed","ping_status":"closed","sticky":false,"template":"","format":"standard","meta":{"_acf_changed":false,"_sitemap_exclude":false,"_sitemap_priority":"","_sitemap_frequency":"","footnotes":""},"categories":[60,56],"tags":[],"class_list":["post-272445","post","type-post","status-publish","format-standard","has-post-thumbnail","hentry","category-bolge","category-xeberler","infinite-scroll-item","generate-columns","tablet-grid-50","mobile-grid-100","grid-parent","grid-33","no-featured-image-padding"],"acf":[],"yoast_head":"<!-- This site is optimized with the Yoast SEO plugin v27.5 - https:\/\/yoast.com\/product\/yoast-seo-wordpress\/ -->\n<title>G\u0259nc\u0259 sakini: &quot;28 il vicdanla \u00e7al\u0131\u015f, \u0259v\u0259zind\u0259 \u015f\u0259rl\u0259nib i\u015fd\u0259n \u00e7\u0131xar\u0131l&quot; - MEYDAN.TV<\/title>\n<meta name=\"robots\" content=\"index, follow, max-snippet:-1, max-image-preview:large, max-video-preview:-1\" \/>\n<link rel=\"canonical\" href=\"https:\/\/www.meydan.tv\/az\/article\/gence-sakini-28-il-vicdanla-calis-evezinde-serlenib-isden-cixaril\/\" \/>\n<meta property=\"og:locale\" content=\"az_AZ\" \/>\n<meta property=\"og:type\" content=\"article\" \/>\n<meta property=\"og:title\" content=\"G\u0259nc\u0259 sakini: &quot;28 il vicdanla \u00e7al\u0131\u015f, \u0259v\u0259zind\u0259 \u015f\u0259rl\u0259nib i\u015fd\u0259n \u00e7\u0131xar\u0131l&quot; - MEYDAN.TV\" \/>\n<meta property=\"og:description\" content=\"V\u0259fa Ba\u011f\u0131rova direktoru ittiham edir, qar\u015f\u0131 t\u0259r\u0259f prokurorlu\u011fa \u00fcz tutaca\u011f\u0131n\u0131 ... Davam\u0131\" \/>\n<meta property=\"og:url\" content=\"https:\/\/www.meydan.tv\/az\/article\/gence-sakini-28-il-vicdanla-calis-evezinde-serlenib-isden-cixaril\/\" \/>\n<meta property=\"og:site_name\" content=\"MEYDAN.TV\" \/>\n<meta property=\"article:published_time\" content=\"2023-04-10T11:50:52+00:00\" \/>\n<meta property=\"article:modified_time\" content=\"2023-04-11T12:45:29+00:00\" \/>\n<meta property=\"og:image\" content=\"https:\/\/www.meydan.tv\/wp-content\/uploads\/untitled-design-7-31.jpg\" \/>\n\t<meta property=\"og:image:width\" content=\"1200\" \/>\n\t<meta property=\"og:image:height\" content=\"800\" \/>\n\t<meta property=\"og:image:type\" content=\"image\/jpeg\" \/>\n<meta name=\"author\" content=\"elli\" \/>\n<meta name=\"twitter:card\" content=\"summary_large_image\" \/>\n<meta name=\"twitter:creator\" content=\"@elli\" \/>\n<script type=\"application\/ld+json\" class=\"yoast-schema-graph\">{\"@context\":\"https:\\\/\\\/schema.org\",\"@graph\":[{\"@type\":\"Article\",\"@id\":\"https:\\\/\\\/www.meydan.tv\\\/az\\\/article\\\/gence-sakini-28-il-vicdanla-calis-evezinde-serlenib-isden-cixaril\\\/#article\",\"isPartOf\":{\"@id\":\"https:\\\/\\\/www.meydan.tv\\\/az\\\/article\\\/gence-sakini-28-il-vicdanla-calis-evezinde-serlenib-isden-cixaril\\\/\"},\"author\":{\"name\":\"elli\",\"@id\":\"https:\\\/\\\/www.meydan.tv\\\/az\\\/#\\\/schema\\\/person\\\/9cdbecf90d17180ce1dfbd95b08dcf47\"},\"headline\":\"G\u0259nc\u0259 sakini: &#8220;28 il vicdanla \u00e7al\u0131\u015f, \u0259v\u0259zind\u0259 \u015f\u0259rl\u0259nib i\u015fd\u0259n \u00e7\u0131xar\u0131l&#8221;\",\"datePublished\":\"2023-04-10T11:50:52+00:00\",\"dateModified\":\"2023-04-11T12:45:29+00:00\",\"mainEntityOfPage\":{\"@id\":\"https:\\\/\\\/www.meydan.tv\\\/az\\\/article\\\/gence-sakini-28-il-vicdanla-calis-evezinde-serlenib-isden-cixaril\\\/\"},\"wordCount\":3547,\"publisher\":{\"@id\":\"https:\\\/\\\/www.meydan.tv\\\/az\\\/#organization\"},\"image\":{\"@id\":\"https:\\\/\\\/www.meydan.tv\\\/az\\\/article\\\/gence-sakini-28-il-vicdanla-calis-evezinde-serlenib-isden-cixaril\\\/#primaryimage\"},\"thumbnailUrl\":\"https:\\\/\\\/www.meydan.tv\\\/wp-content\\\/uploads\\\/untitled-design-7-31.jpg\",\"articleSection\":[\"B\u00f6lg\u0259\",\"X\u0259b\u0259rl\u0259r\"],\"inLanguage\":\"az\"},{\"@type\":\"WebPage\",\"@id\":\"https:\\\/\\\/www.meydan.tv\\\/az\\\/article\\\/gence-sakini-28-il-vicdanla-calis-evezinde-serlenib-isden-cixaril\\\/\",\"url\":\"https:\\\/\\\/www.meydan.tv\\\/az\\\/article\\\/gence-sakini-28-il-vicdanla-calis-evezinde-serlenib-isden-cixaril\\\/\",\"name\":\"G\u0259nc\u0259 sakini: \\\"28 il vicdanla \u00e7al\u0131\u015f, \u0259v\u0259zind\u0259 \u015f\u0259rl\u0259nib i\u015fd\u0259n \u00e7\u0131xar\u0131l\\\" - MEYDAN.TV\",\"isPartOf\":{\"@id\":\"https:\\\/\\\/www.meydan.tv\\\/az\\\/#website\"},\"primaryImageOfPage\":{\"@id\":\"https:\\\/\\\/www.meydan.tv\\\/az\\\/article\\\/gence-sakini-28-il-vicdanla-calis-evezinde-serlenib-isden-cixaril\\\/#primaryimage\"},\"image\":{\"@id\":\"https:\\\/\\\/www.meydan.tv\\\/az\\\/article\\\/gence-sakini-28-il-vicdanla-calis-evezinde-serlenib-isden-cixaril\\\/#primaryimage\"},\"thumbnailUrl\":\"https:\\\/\\\/www.meydan.tv\\\/wp-content\\\/uploads\\\/untitled-design-7-31.jpg\",\"datePublished\":\"2023-04-10T11:50:52+00:00\",\"dateModified\":\"2023-04-11T12:45:29+00:00\",\"breadcrumb\":{\"@id\":\"https:\\\/\\\/www.meydan.tv\\\/az\\\/article\\\/gence-sakini-28-il-vicdanla-calis-evezinde-serlenib-isden-cixaril\\\/#breadcrumb\"},\"inLanguage\":\"az\",\"potentialAction\":[{\"@type\":\"ReadAction\",\"target\":[\"https:\\\/\\\/www.meydan.tv\\\/az\\\/article\\\/gence-sakini-28-il-vicdanla-calis-evezinde-serlenib-isden-cixaril\\\/\"]}]},{\"@type\":\"ImageObject\",\"inLanguage\":\"az\",\"@id\":\"https:\\\/\\\/www.meydan.tv\\\/az\\\/article\\\/gence-sakini-28-il-vicdanla-calis-evezinde-serlenib-isden-cixaril\\\/#primaryimage\",\"url\":\"https:\\\/\\\/www.meydan.tv\\\/wp-content\\\/uploads\\\/untitled-design-7-31.jpg\",\"contentUrl\":\"https:\\\/\\\/www.meydan.tv\\\/wp-content\\\/uploads\\\/untitled-design-7-31.jpg\",\"width\":1200,\"height\":800,\"caption\":\"V\u0259fa Ba\u011f\u0131rova (sa\u011fda). Fotolar: Meydan TV\"},{\"@type\":\"BreadcrumbList\",\"@id\":\"https:\\\/\\\/www.meydan.tv\\\/az\\\/article\\\/gence-sakini-28-il-vicdanla-calis-evezinde-serlenib-isden-cixaril\\\/#breadcrumb\",\"itemListElement\":[{\"@type\":\"ListItem\",\"position\":1,\"name\":\"Ana s\u0259hif\u0259\",\"item\":\"https:\\\/\\\/www.meydan.tv\\\/az\\\/\"},{\"@type\":\"ListItem\",\"position\":2,\"name\":\"B\u00f6lg\u0259\",\"item\":\"https:\\\/\\\/www.meydan.tv\\\/az\\\/section\\\/bolge\\\/\"},{\"@type\":\"ListItem\",\"position\":3,\"name\":\"G\u0259nc\u0259 sakini: &#8220;28 il vicdanla \u00e7al\u0131\u015f, \u0259v\u0259zind\u0259 \u015f\u0259rl\u0259nib i\u015fd\u0259n \u00e7\u0131xar\u0131l&#8221;\"}]},{\"@type\":\"WebSite\",\"@id\":\"https:\\\/\\\/www.meydan.tv\\\/az\\\/#website\",\"url\":\"https:\\\/\\\/www.meydan.tv\\\/az\\\/\",\"name\":\"MEYDAN.TV\",\"description\":\"Meydan TV Az\u0259rbaycan\u0131n media m\u0259kan\u0131ndak\u0131 alternativ s\u0259sidir\",\"publisher\":{\"@id\":\"https:\\\/\\\/www.meydan.tv\\\/az\\\/#organization\"},\"potentialAction\":[{\"@type\":\"SearchAction\",\"target\":{\"@type\":\"EntryPoint\",\"urlTemplate\":\"https:\\\/\\\/www.meydan.tv\\\/az\\\/?s={search_term_string}\"},\"query-input\":{\"@type\":\"PropertyValueSpecification\",\"valueRequired\":true,\"valueName\":\"search_term_string\"}}],\"inLanguage\":\"az\"},{\"@type\":\"Organization\",\"@id\":\"https:\\\/\\\/www.meydan.tv\\\/az\\\/#organization\",\"name\":\"Meydan TV\",\"url\":\"https:\\\/\\\/www.meydan.tv\\\/az\\\/\",\"logo\":{\"@type\":\"ImageObject\",\"inLanguage\":\"az\",\"@id\":\"https:\\\/\\\/www.meydan.tv\\\/az\\\/#\\\/schema\\\/logo\\\/image\\\/\",\"url\":\"https:\\\/\\\/www.meydan.tv\\\/wp-content\\\/uploads\\\/2021\\\/07\\\/meydan-logo.svg\",\"contentUrl\":\"https:\\\/\\\/www.meydan.tv\\\/wp-content\\\/uploads\\\/2021\\\/07\\\/meydan-logo.svg\",\"width\":195,\"height\":46,\"caption\":\"Meydan TV\"},\"image\":{\"@id\":\"https:\\\/\\\/www.meydan.tv\\\/az\\\/#\\\/schema\\\/logo\\\/image\\\/\"}},{\"@type\":\"Person\",\"@id\":\"https:\\\/\\\/www.meydan.tv\\\/az\\\/#\\\/schema\\\/person\\\/9cdbecf90d17180ce1dfbd95b08dcf47\",\"name\":\"elli\",\"sameAs\":[\"https:\\\/\\\/x.com\\\/elli\"]}]}<\/script>\n<!-- \/ Yoast SEO plugin. -->","yoast_head_json":{"title":"G\u0259nc\u0259 sakini: \"28 il vicdanla \u00e7al\u0131\u015f, \u0259v\u0259zind\u0259 \u015f\u0259rl\u0259nib i\u015fd\u0259n \u00e7\u0131xar\u0131l\" - MEYDAN.TV","robots":{"index":"index","follow":"follow","max-snippet":"max-snippet:-1","max-image-preview":"max-image-preview:large","max-video-preview":"max-video-preview:-1"},"canonical":"https:\/\/www.meydan.tv\/az\/article\/gence-sakini-28-il-vicdanla-calis-evezinde-serlenib-isden-cixaril\/","og_locale":"az_AZ","og_type":"article","og_title":"G\u0259nc\u0259 sakini: \"28 il vicdanla \u00e7al\u0131\u015f, \u0259v\u0259zind\u0259 \u015f\u0259rl\u0259nib i\u015fd\u0259n \u00e7\u0131xar\u0131l\" - MEYDAN.TV","og_description":"V\u0259fa Ba\u011f\u0131rova direktoru ittiham edir, qar\u015f\u0131 t\u0259r\u0259f prokurorlu\u011fa \u00fcz tutaca\u011f\u0131n\u0131 ... Davam\u0131","og_url":"https:\/\/www.meydan.tv\/az\/article\/gence-sakini-28-il-vicdanla-calis-evezinde-serlenib-isden-cixaril\/","og_site_name":"MEYDAN.TV","article_published_time":"2023-04-10T11:50:52+00:00","article_modified_time":"2023-04-11T12:45:29+00:00","og_image":[{"width":1200,"height":800,"url":"https:\/\/www.meydan.tv\/wp-content\/uploads\/untitled-design-7-31.jpg","type":"image\/jpeg"}],"author":"elli","twitter_card":"summary_large_image","twitter_creator":"@elli","schema":{"@context":"https:\/\/schema.org","@graph":[{"@type":"Article","@id":"https:\/\/www.meydan.tv\/az\/article\/gence-sakini-28-il-vicdanla-calis-evezinde-serlenib-isden-cixaril\/#article","isPartOf":{"@id":"https:\/\/www.meydan.tv\/az\/article\/gence-sakini-28-il-vicdanla-calis-evezinde-serlenib-isden-cixaril\/"},"author":{"name":"elli","@id":"https:\/\/www.meydan.tv\/az\/#\/schema\/person\/9cdbecf90d17180ce1dfbd95b08dcf47"},"headline":"G\u0259nc\u0259 sakini: &#8220;28 il vicdanla \u00e7al\u0131\u015f, \u0259v\u0259zind\u0259 \u015f\u0259rl\u0259nib i\u015fd\u0259n \u00e7\u0131xar\u0131l&#8221;","datePublished":"2023-04-10T11:50:52+00:00","dateModified":"2023-04-11T12:45:29+00:00","mainEntityOfPage":{"@id":"https:\/\/www.meydan.tv\/az\/article\/gence-sakini-28-il-vicdanla-calis-evezinde-serlenib-isden-cixaril\/"},"wordCount":3547,"publisher":{"@id":"https:\/\/www.meydan.tv\/az\/#organization"},"image":{"@id":"https:\/\/www.meydan.tv\/az\/article\/gence-sakini-28-il-vicdanla-calis-evezinde-serlenib-isden-cixaril\/#primaryimage"},"thumbnailUrl":"https:\/\/www.meydan.tv\/wp-content\/uploads\/untitled-design-7-31.jpg","articleSection":["B\u00f6lg\u0259","X\u0259b\u0259rl\u0259r"],"inLanguage":"az"},{"@type":"WebPage","@id":"https:\/\/www.meydan.tv\/az\/article\/gence-sakini-28-il-vicdanla-calis-evezinde-serlenib-isden-cixaril\/","url":"https:\/\/www.meydan.tv\/az\/article\/gence-sakini-28-il-vicdanla-calis-evezinde-serlenib-isden-cixaril\/","name":"G\u0259nc\u0259 sakini: \"28 il vicdanla \u00e7al\u0131\u015f, \u0259v\u0259zind\u0259 \u015f\u0259rl\u0259nib i\u015fd\u0259n \u00e7\u0131xar\u0131l\" - MEYDAN.TV","isPartOf":{"@id":"https:\/\/www.meydan.tv\/az\/#website"},"primaryImageOfPage":{"@id":"https:\/\/www.meydan.tv\/az\/article\/gence-sakini-28-il-vicdanla-calis-evezinde-serlenib-isden-cixaril\/#primaryimage"},"image":{"@id":"https:\/\/www.meydan.tv\/az\/article\/gence-sakini-28-il-vicdanla-calis-evezinde-serlenib-isden-cixaril\/#primaryimage"},"thumbnailUrl":"https:\/\/www.meydan.tv\/wp-content\/uploads\/untitled-design-7-31.jpg","datePublished":"2023-04-10T11:50:52+00:00","dateModified":"2023-04-11T12:45:29+00:00","breadcrumb":{"@id":"https:\/\/www.meydan.tv\/az\/article\/gence-sakini-28-il-vicdanla-calis-evezinde-serlenib-isden-cixaril\/#breadcrumb"},"inLanguage":"az","potentialAction":[{"@type":"ReadAction","target":["https:\/\/www.meydan.tv\/az\/article\/gence-sakini-28-il-vicdanla-calis-evezinde-serlenib-isden-cixaril\/"]}]},{"@type":"ImageObject","inLanguage":"az","@id":"https:\/\/www.meydan.tv\/az\/article\/gence-sakini-28-il-vicdanla-calis-evezinde-serlenib-isden-cixaril\/#primaryimage","url":"https:\/\/www.meydan.tv\/wp-content\/uploads\/untitled-design-7-31.jpg","contentUrl":"https:\/\/www.meydan.tv\/wp-content\/uploads\/untitled-design-7-31.jpg","width":1200,"height":800,"caption":"V\u0259fa Ba\u011f\u0131rova (sa\u011fda). Fotolar: Meydan TV"},{"@type":"BreadcrumbList","@id":"https:\/\/www.meydan.tv\/az\/article\/gence-sakini-28-il-vicdanla-calis-evezinde-serlenib-isden-cixaril\/#breadcrumb","itemListElement":[{"@type":"ListItem","position":1,"name":"Ana s\u0259hif\u0259","item":"https:\/\/www.meydan.tv\/az\/"},{"@type":"ListItem","position":2,"name":"B\u00f6lg\u0259","item":"https:\/\/www.meydan.tv\/az\/section\/bolge\/"},{"@type":"ListItem","position":3,"name":"G\u0259nc\u0259 sakini: &#8220;28 il vicdanla \u00e7al\u0131\u015f, \u0259v\u0259zind\u0259 \u015f\u0259rl\u0259nib i\u015fd\u0259n \u00e7\u0131xar\u0131l&#8221;"}]},{"@type":"WebSite","@id":"https:\/\/www.meydan.tv\/az\/#website","url":"https:\/\/www.meydan.tv\/az\/","name":"MEYDAN.TV","description":"Meydan TV Az\u0259rbaycan\u0131n media m\u0259kan\u0131ndak\u0131 alternativ s\u0259sidir","publisher":{"@id":"https:\/\/www.meydan.tv\/az\/#organization"},"potentialAction":[{"@type":"SearchAction","target":{"@type":"EntryPoint","urlTemplate":"https:\/\/www.meydan.tv\/az\/?s={search_term_string}"},"query-input":{"@type":"PropertyValueSpecification","valueRequired":true,"valueName":"search_term_string"}}],"inLanguage":"az"},{"@type":"Organization","@id":"https:\/\/www.meydan.tv\/az\/#organization","name":"Meydan TV","url":"https:\/\/www.meydan.tv\/az\/","logo":{"@type":"ImageObject","inLanguage":"az","@id":"https:\/\/www.meydan.tv\/az\/#\/schema\/logo\/image\/","url":"https:\/\/www.meydan.tv\/wp-content\/uploads\/2021\/07\/meydan-logo.svg","contentUrl":"https:\/\/www.meydan.tv\/wp-content\/uploads\/2021\/07\/meydan-logo.svg","width":195,"height":46,"caption":"Meydan TV"},"image":{"@id":"https:\/\/www.meydan.tv\/az\/#\/schema\/logo\/image\/"}},{"@type":"Person","@id":"https:\/\/www.meydan.tv\/az\/#\/schema\/person\/9cdbecf90d17180ce1dfbd95b08dcf47","name":"elli","sameAs":["https:\/\/x.com\/elli"]}]}},"_links":{"self":[{"href":"https:\/\/www.meydan.tv\/az\/wp-json\/wp\/v2\/posts\/272445","targetHints":{"allow":["GET"]}}],"collection":[{"href":"https:\/\/www.meydan.tv\/az\/wp-json\/wp\/v2\/posts"}],"about":[{"href":"https:\/\/www.meydan.tv\/az\/wp-json\/wp\/v2\/types\/post"}],"author":[{"embeddable":true,"href":"https:\/\/www.meydan.tv\/az\/wp-json\/wp\/v2\/users\/8"}],"replies":[{"embeddable":true,"href":"https:\/\/www.meydan.tv\/az\/wp-json\/wp\/v2\/comments?post=272445"}],"version-history":[{"count":3,"href":"https:\/\/www.meydan.tv\/az\/wp-json\/wp\/v2\/posts\/272445\/revisions"}],"predecessor-version":[{"id":272602,"href":"https:\/\/www.meydan.tv\/az\/wp-json\/wp\/v2\/posts\/272445\/revisions\/272602"}],"wp:featuredmedia":[{"embeddable":true,"href":"https:\/\/www.meydan.tv\/az\/wp-json\/wp\/v2\/media\/272453"}],"wp:attachment":[{"href":"https:\/\/www.meydan.tv\/az\/wp-json\/wp\/v2\/media?parent=272445"}],"wp:term":[{"taxonomy":"category","embeddable":true,"href":"https:\/\/www.meydan.tv\/az\/wp-json\/wp\/v2\/categories?post=272445"},{"taxonomy":"post_tag","embeddable":true,"href":"https:\/\/www.meydan.tv\/az\/wp-json\/wp\/v2\/tags?post=272445"}],"curies":[{"name":"wp","href":"https:\/\/api.w.org\/{rel}","templated":true}]}}