{"id":272434,"date":"2023-04-10T13:47:53","date_gmt":"2023-04-10T09:47:53","guid":{"rendered":"https:\/\/www.meydan.tv\/?p=272434"},"modified":"2023-04-10T13:47:55","modified_gmt":"2023-04-10T09:47:55","slug":"hangi-semte-hangi-yana","status":"publish","type":"post","link":"https:\/\/www.meydan.tv\/az\/article\/hangi-semte-hangi-yana\/","title":{"rendered":"Hangi s\u0259mt\u0259, hangi yana&#8230;"},"content":{"rendered":"\n<p><\/p>\n\n\n\n<p><strong>Z\u0259rd\u00fc\u015ft \u018flizad\u0259<\/strong><\/p>\n\n\n\n<p><strong><em>Rusiyan\u0131n quyru\u011funda s\u00fcr\u00fcn\u0259n d\u00f6vl\u0259tl\u0259rin taleyi qibt\u0259 do\u011furmur<\/em><\/strong><\/p>\n\n\n\n<p>Bizim m\u0259kt\u0259bli ill\u0259rimizd\u0259 ham\u0131n\u0131n indi \u201chans\u0131\u201d oxudu\u011fu s\u00f6z\u00fc biz \u201changi\u201d oxuyarduq. Zaman d\u0259yi\u015f\u0259nd\u0259, dil d\u0259, s\u00f6zl\u0259r d\u0259, h\u0259tta \u00e7apa getmi\u015f \u015feirl\u0259rd\u0259ki s\u00f6zl\u0259r d\u0259 d\u0259yi\u015fir.<\/p>\n\n\n\n<p>Bu s\u00f6zl\u0259r hans\u0131 \u015feird\u0259ndir, bizim \u00f6lk\u0259d\u0259 bilm\u0259y\u0259n tap\u0131lmaz.<\/p>\n\n\n\n<p>H\u0259qiq\u0259t\u0259n, bu sual \u00e7ox maraql\u0131d\u0131r: Az\u0259rbaycan hangi (hans\u0131) s\u0259mt\u0259, hans\u0131 yana gedir, getm\u0259lidir?<br>D\u00fcnya par\u00e7alan\u0131b q\u00fctbl\u0259\u015fir.<\/p>\n\n\n\n<p>D\u00fcn\u0259n\u0259 q\u0259d\u0259r biz\u0259 do\u011fma say\u0131lan Rusiyan\u0131n indiy\u0259 q\u0259d\u0259r getdiyi yol onu dalana v\u0259 u\u00e7uruma apar\u0131r. S\u0259b\u0259b g\u00fcn kimi ayd\u0131nd\u0131r: bu d\u00f6vl\u0259tin idar\u0259 qurulu\u015fu g\u00fcn\u00fcn t\u0259l\u0259bl\u0259rin\u0259, m\u00fcasir h\u0259yat\u0131n m\u00fcr\u0259kk\u0259bliyin\u0259 cavab ver\u0259 bilmir. Des\u0259l\u0259r ki, rus xalq\u0131 istedads\u0131zd\u0131r, yanl\u0131\u015f olar. Bu xalq\u0131n b\u0259\u015f\u0259riyy\u0259t\u0259 verdiyi dahil\u0259rin say\u0131 qibt\u0259 do\u011furur.<\/p>\n\n\n\n<p>\u00d6lk\u0259nin n\u0259h\u0259ng t\u0259bii s\u0259rv\u0259ti var, f\u0259q\u0259t xalq\u0131 kas\u0131b ya\u015fay\u0131r. Hakim siyasi sinif d\u00f6vl\u0259tin arams\u0131z t\u0259n\u0259zz\u00fcl\u00fcn\u00fcn qar\u015f\u0131s\u0131n\u0131 almaqda n\u0259inki acizdir, \u0259ksin\u0259, g\u00fcnd\u0259n g\u00fcn\u0259 b\u00f6hran\u0131 d\u0259rinl\u0259\u015fdirir. Rusiya t\u0259crid olunub, Q\u0259rbin s\u0259rt c\u0259za t\u0259dbirl\u0259ri onun \u0259lini-qolunu ba\u011flay\u0131r, d\u00fcnyan\u0131n m\u00fct\u0259r\u0259qqi m\u0259hsul bazar\u0131ndan m\u0259hrum olub, n\u0259 m\u0259d\u0259niyy\u0259ti, n\u0259 idman\u0131 q\u0259bul edilir. B\u0259zi \u00f6lk\u0259l\u0259rd\u0259 Rusiyaya q\u0259z\u0259bl\u0259nib zavall\u0131 Pu\u015fkinin heyk\u0259ll\u0259rini a\u015f\u0131r\u0131rlar.<\/p>\n\n\n\n<p>Rusiya Federasiyas\u0131n\u0131n Prezidenti bar\u0259sind\u0259 cinay\u0259t ittiham\u0131 ir\u0259li s\u00fcr\u00fcl\u00fcb. Bundan b\u00f6y\u00fck biab\u0131r\u00e7\u0131l\u0131q t\u0259s\u0259vv\u00fcr\u0259 g\u0259tirm\u0259k \u00e7\u0259tindir: BMT T\u0259hl\u00fck\u0259sizlik \u015euras\u0131n\u0131n be\u015f daimi \u00fczv\u00fcnd\u0259n biri olan d\u00f6vl\u0259tin ba\u015f\u00e7\u0131s\u0131 cani kimi axtar\u0131\u015fa verilib.<\/p>\n\n\n\n<p>Rusiyan\u0131n quyru\u011funda s\u00fcr\u00fcn\u0259n d\u00f6vl\u0259tl\u0259rin taleyi qibt\u0259 do\u011furmur. Belarus sanksiyalar\u0131n torunda \u00e7\u0131rp\u0131n\u0131r v\u0259 h\u0259l\u0259lik i\u015f\u0131q ucu g\u00f6rm\u00fcr. Erm\u0259nistan m\u0259\u011flub \u00f6lk\u0259dir v\u0259 \u00e7\u0259tin se\u00e7im qar\u015f\u0131s\u0131nda \u00e7a\u015fba\u015f qal\u0131b arabir d\u00fcn\u0259nki sahibin\u0259 t\u0259pik at\u0131r. Rusiyaya sadiq qalm\u0131\u015f Eritreya, Venesuela v\u0259 Nikaraqua bar\u0259sind\u0259 yazmayaca\u011fam, zira bu \u00f6lk\u0259l\u0259r biz\u0259 v\u0259 d\u00fcnyaya maraqs\u0131zd\u0131r.<\/p>\n\n\n\n<p>Burada dey\u0259 bil\u0259rik ki, b\u0259xtimiz g\u0259tirib. D\u00f6vl\u0259tin v\u0259 iqtisadiyyat\u0131n qurulu\u015fu bax\u0131m\u0131ndan Rusiya il\u0259 \u0259kiz olsaq da, siyasi hadis\u0259l\u0259rin gedi\u015finin istiqam\u0259ti Az\u0259rbaycan\u0131 ondan aral\u0131 saxlama\u011fa imkan verib. Buna \u0259sas\u0259n dey\u0259 bil\u0259rik ki, Rusiya tam batma\u011fa ba\u015flayanda Belarusu v\u0259 Erm\u0259nistan\u0131 a\u011f\u0131r s\u0131naq g\u00f6zl\u0259yirs\u0259, m\u0259hz bu siyasi b\u00f6hran\u0131n Az\u0259rbaycana ciddi z\u0259d\u0259 vurmas\u0131 lab\u00fcd deyil.<\/p>\n\n\n\n<p>Lakin z\u0259d\u0259 qa\u00e7\u0131lmazd\u0131r, m\u00fctl\u0259q olacaq. Niy\u0259? S\u0259b\u0259b sad\u0259dir, \u0259g\u0259r Az\u0259rbaycan Rusiyan\u0131 f\u0259lak\u0259t\u0259 aparan eyni siyasi qurulu\u015fdan xilas olmasa, bizi d\u0259 gec-tez eyni tale g\u00f6zl\u0259yir.<\/p>\n\n\n\n<p>Bu qurulu\u015fun \u0259sas \u00fcns\u00fcrl\u0259ri v\u0259 \u0259lam\u0259tl\u0259ri h\u0259m Rusiyada, h\u0259m Az\u0259rbaycanda sanki eyni sovet DTK q\u0259libind\u0259n \u00e7\u0131x\u0131b: bir \u015f\u0259xsin v\u0259 bir dar z\u00fcmr\u0259nin xalq\u0131 aldad\u0131b v\u0259 \u0259zib hakimiyy\u0259ti qamarlamas\u0131, milli s\u0259rv\u0259tin bu z\u00fcmr\u0259nin xeyrin\u0259 \u0259dal\u0259tsiz b\u00f6lg\u00fcs\u00fc, m\u00fcqavim\u0259t g\u00f6st\u0259rm\u0259y\u0259 c\u00fcr\u0259t ed\u0259n v\u0259t\u0259nda\u015flar\u0131n \u015f\u0259rl\u0259nm\u0259si, qanunsuz c\u0259zalarla \u0259zilm\u0259si v\u0259 susdurulmas\u0131.<\/p>\n\n\n\n<p>T\u0259m\u0259lind\u0259 \u0259dal\u0259t yatmayan qurulu\u015f m\u0259hv\u0259 m\u0259hkumdur. SSR\u0130 n\u00fcmun\u0259si bu h\u0259qiq\u0259ti t\u0259kzibedilm\u0259z t\u0259rzd\u0259 s\u00fcbut etdi.<\/p>\n\n\n\n<p>\u0130ndiy\u0259c\u0259n getdiyimiz bu s\u0259mt v\u0259 bu yan d\u00f6vl\u0259ti dalana v\u0259 u\u00e7uruma apar\u0131r. He\u00e7 bir \u015f\u00fcbh\u0259 olmas\u0131n ki, bu s\u0259m\u0259r\u0259siz qurulu\u015f, zahiri b\u0259z\u0259k-d\u00fcz\u0259yin\u0259, \u015f\u00fc\u015f\u0259 g\u00f6yd\u0259l\u0259nl\u0259rin\u0259 v\u0259 \u201cFormula-1\u201d yar\u0131\u015flar\u0131na baxmayaraq, mill\u0259t\u0259 g\u00fcn a\u011flamayacaq. Prezident g\u00fcnd\u0259 bir f\u0259rman, iki g\u00fcnd\u0259n bir yeni bir\u00a0 d\u00f6vl\u0259t agentliyinin yarad\u0131lmas\u0131 bar\u0259d\u0259 s\u0259r\u0259ncam imzalasa da, h\u0259ft\u0259d\u0259 bir d\u0259f\u0259 Qaraba\u011fa, ayda \u00fc\u00e7 d\u0259f\u0259 xarici s\u0259f\u0259rl\u0259r\u0259 \u00e7\u0131xsa da, xeyri yoxdur: bu \u0259ski sovet DTK t\u0259rzli d\u00f6vl\u0259t qurulu\u015fu xalq\u0131m\u0131z\u0131 t\u0259r\u0259qqiy\u0259 v\u0259 a\u011f g\u00fcn\u0259 apara bilm\u0259y\u0259c\u0259k.<\/p>\n\n\n\n<p>Az\u0259rbaycan\u0131n beyn\u0259lxalq ictimai-iqtisadi inki\u015faf c\u0259dv\u0259ll\u0259rind\u0259ki g\u00f6st\u0259ricil\u0259ri idar\u0259 sistemind\u0259ki islahedilm\u0259z q\u00fcsurlar\u0131n \u0259zici-bo\u011fucu t\u0259sirind\u0259n x\u0259b\u0259r verir.<\/p>\n\n\n\n<p>Yax\u015f\u0131, b\u0259lk\u0259 \u015fimal qon\u015fumuza deyil, c\u0259nub qon\u015fumuza bax\u0131b \u00f6yr\u0259n\u0259k? Odey, n\u0259 q\u0259d\u0259r insan\u0131m\u0131z ba\u015flay\u0131b \u0130slama p\u0259nah aparma\u011fa, ba\u015flay\u0131b namaz q\u0131lma\u011fa, oruc tutma\u011fa, g\u00f6z\u00fcn\u00fc m\u00fcs\u0259lman d\u00f6vl\u0259tl\u0259rin\u0259 zill\u0259m\u0259y\u0259.<\/p>\n\n\n\n<p>F\u0259q\u0259t heyhat, \u0130ran\u0131n g\u00fcn\u00fcn\u0259 diqq\u0259t edib baxsaq, g\u0259r\u0259k iri bir yayl\u0131q g\u00f6t\u00fcr\u00fcb ba\u015flayaq a\u011flama\u011fa, zira onun hal\u0259ti \u0259sla qibt\u0259 do\u011furas\u0131 deyil. \u0130ran d\u0259rin ictimai-iqtisadi-m\u0259n\u0259vi b\u00f6hran burul\u011fan\u0131nda \u00e7apalay\u0131r v\u0259 onun, bu qurulu\u015f durarsa, nicat tapaca\u011f\u0131na \u00fcmid azd\u0131r. Xeyr, Az\u0259rbaycana \u0130ran n\u00fcmun\u0259si \u0259sla yaram\u0131r v\u0259 yadd\u0131r.<\/p>\n\n\n\n<p>Dig\u0259r m\u00fcs\u0259lman d\u00f6vl\u0259tl\u0259ri d\u0259, \u0259g\u0259r x\u0259yali neft-qaz s\u0259rv\u0259tinin i\u00e7\u0259risind\u0259 \u00fcz\u0259n d\u00f6rd-be\u015fini n\u0259z\u0259r\u0259 almasaq, \u0259sla cazib\u0259dar g\u00f6r\u00fcnm\u00fcrl\u0259r.<\/p>\n\n\n\n<p>\u018f b\u0259 n\u0259 qal\u0131r? Qal\u0131r liberal d\u0259y\u0259rl\u0259r\u0259 s\u00f6yk\u0259n\u0259n Q\u0259rb n\u00fcmun\u0259si. B\u0259lk\u0259 s\u0259mtimizi Q\u0259rb\u0259 t\u0259r\u0259f tutaq? Demir\u0259m onlara siyasi c\u0259h\u0259td\u0259n qo\u015fulaq, deyir\u0259m onlardak\u0131 s\u0259m\u0259r\u0259li i\u015fl\u0259k qurumlar\u0131 \u00f6z \u00f6lk\u0259mizd\u0259 t\u0259tbiq ed\u0259k.<\/p>\n\n\n\n<p>N\u0259z\u0259riyy\u0259 bax\u0131m\u0131ndan bu t\u0259qlid a\u011flabatand\u0131r, f\u0259q\u0259t \u015f\u0259rq\u015f\u00fcnas kimi dey\u0259 bil\u0259r\u0259m ki, bu yol h\u0259dsiz uzun v\u0259 m\u0259\u015f\u0259qq\u0259tli yoldur, v\u0259 he\u00e7 d\u0259 y\u00fcz faiz u\u011fur v\u0259d etmir. Vaxtil\u0259 Q\u0259rbin istila etdiyi \u0259r\u0259b d\u00f6vl\u0259tl\u0259rinin ham\u0131s\u0131 bu yolla gedib-gedib, g\u0259lib \u00e7\u0131x\u0131blar indi olduqlar\u0131 yer\u0259. Bilmir\u0259m, indi onlara qibt\u0259 ed\u0259n kims\u0259 tap\u0131larm\u0131? Hans\u0131 a\u011fl\u0131 ba\u015f\u0131nda olan k\u0259s dey\u0259r ki, \u201cka\u015f m\u0259nim d\u0259 d\u00f6vl\u0259tim Misrin, Tunisin, Liviyan\u0131n, Suriyan\u0131n, Livan\u0131n, \u0130raq\u0131n, Sudan\u0131n, \u018flc\u0259zairin, Y\u0259m\u0259nin k\u00f6k\u00fcn\u0259 d\u00fc\u015f\u0259ydi\u201d.<\/p>\n\n\n\n<p>Bu Q\u0259rbin siyasi qurulu\u015funu t\u0259qlid ed\u0259n d\u00f6vl\u0259tl\u0259rin aqib\u0259ti niy\u0259 bel\u0259 ac\u0131nacaql\u0131 oldu? Bu t\u0259qlidin u\u011fursuzlu\u011funun g\u00fcnah\u0131 Q\u0259rbd\u0259dirmi, \u015e\u0259rqd\u0259dirmi?<\/p>\n\n\n\n<p>\u018fr\u0259b m\u00fct\u0259f\u0259kkirl\u0259ri bu sual\u0131n cavab\u0131n\u0131 tapmaq m\u0259qs\u0259dil\u0259 qalaq-qalaq kitab yaz\u0131blar. Sizin h\u0259qir b\u0259nd\u0259niz onlardan m\u00fcy\u0259ss\u0259rl\u0259rini diqq\u0259tl\u0259 oxuyub v\u0259 bu q\u0259na\u0259t\u0259 g\u0259lib ki, m\u0259s\u0259l\u0259 zahir\u0259n sad\u0259 olsa da, \u0259slind\u0259 \u00e7ox q\u0259lizdir.<\/p>\n\n\n\n<p>\u0130zah uzun da ola bil\u0259r, q\u0131sa da. Oxucumun z\u0259hl\u0259sini uzun\u00e7uluqla t\u00f6km\u0259k ist\u0259mir\u0259m v\u0259 m\u0259tl\u0259b ayd\u0131n olsun dey\u0259 arif\u0259 kifay\u0259t ed\u0259n i\u015far\u0259ni vururam: h\u0259r \u0259r\u0259b d\u00f6vl\u0259tinin tarixind\u0259 \u00f6z Xalq C\u0259bh\u0259si v\u0259 onun \u015fanl\u0131 milli-azadl\u0131q m\u00fcbariz\u0259sinin \u018fb\u00fclf\u0259z El\u00e7ib\u0259y\u0259 tay olan \u015f\u0259ksiz lideri olub dey\u0259 onlar indiki hal\u0259t\u0259 d\u00fc\u015f\u00fcbl\u0259r.<\/p>\n\n\n\n<p>Bu d\u00f6vl\u0259tl\u0259rin m\u00fcasir tarixinin siyasi-\u0259xlaqi t\u0259m\u0259li \u0259z\u0259ld\u0259n \u0259yri qoyulub dey\u0259 ucald\u0131qca d\u00f6vl\u0259tin binas\u0131 u\u00e7ulur.<br>Niy\u0259 sual\u0131n\u0131n h\u0259qiqi cavab\u0131 is\u0259 ondad\u0131r ki, h\u0259min xalqlar\u0131n siyasi m\u0259d\u0259niyy\u0259ti v\u0259 siyasi \u015f\u00fcur s\u0259viyy\u0259si bizim \u015fanl\u0131 1988-ci ild\u0259 sabiq Lenin ad\u0131na, indi is\u0259 Azadl\u0131q ad\u0131na meydanda topla\u015f\u0131b \u0259bl\u0259h \u015f\u00fcarlar ba\u011f\u0131ran k\u00fctl\u0259nin siyasi m\u0259d\u0259niyy\u0259tind\u0259n v\u0259 siyasi \u015f\u00fcur s\u0259viyy\u0259sind\u0259n \u0259sla f\u0259rql\u0259nmirdi.<\/p>\n\n\n\n<p><em>\u201cN\u0259 t\u00f6k\u0259rs\u0259n a\u015f\u0131na, o \u00e7\u0131xar qa\u015f\u0131\u011f\u0131na\u201d.<\/em><\/p>\n\n\n\n<p>Aya, \u0259r\u0259b \u00f6lk\u0259l\u0259rind\u0259 mill\u0259t\u0259 f\u0259rqli yol g\u00f6st\u0259r\u0259n insanlar var idimi? Var idi. Lakin&#8230;<\/p>\n\n\n\n<p><em>\u201cE\u015f\u015f\u0259k n\u0259 bilir z\u0259f\u0259ran-plov n\u0259dir\u201d.<\/em><\/p>\n","protected":false},"excerpt":{"rendered":"<p>Z\u0259rd\u00fc\u015ft \u018flizad\u0259 Rusiyan\u0131n quyru\u011funda s\u00fcr\u00fcn\u0259n d\u00f6vl\u0259tl\u0259rin taleyi qibt\u0259 do\u011furmur Bizim &#8230; <\/p>\n<p class=\"read-more-container\"><a title=\"Hangi s\u0259mt\u0259, hangi yana&#8230;\" class=\"read-more button\" href=\"https:\/\/www.meydan.tv\/az\/article\/hangi-semte-hangi-yana\/#more-272434\" aria-label=\"Read more about Hangi s\u0259mt\u0259, hangi yana&#8230;\">Davam\u0131<\/a><\/p>\n","protected":false},"author":8,"featured_media":126823,"comment_status":"closed","ping_status":"closed","sticky":false,"template":"","format":"standard","meta":{"_acf_changed":false,"_sitemap_exclude":false,"_sitemap_priority":"","_sitemap_frequency":"","footnotes":""},"categories":[57],"tags":[],"class_list":["post-272434","post","type-post","status-publish","format-standard","has-post-thumbnail","hentry","category-menim-fikrimce","infinite-scroll-item","generate-columns","tablet-grid-50","mobile-grid-100","grid-parent","grid-33","no-featured-image-padding"],"acf":[],"yoast_head":"<!-- This site is optimized with the Yoast SEO plugin v27.4 - https:\/\/yoast.com\/product\/yoast-seo-wordpress\/ -->\n<title>Hangi s\u0259mt\u0259, hangi yana... - MEYDAN.TV<\/title>\n<meta name=\"robots\" content=\"index, follow, max-snippet:-1, max-image-preview:large, max-video-preview:-1\" \/>\n<link rel=\"canonical\" href=\"https:\/\/www.meydan.tv\/az\/article\/hangi-semte-hangi-yana\/\" \/>\n<meta property=\"og:locale\" content=\"az_AZ\" \/>\n<meta property=\"og:type\" content=\"article\" \/>\n<meta property=\"og:title\" content=\"Hangi s\u0259mt\u0259, hangi yana... - MEYDAN.TV\" \/>\n<meta property=\"og:description\" content=\"Z\u0259rd\u00fc\u015ft \u018flizad\u0259 Rusiyan\u0131n quyru\u011funda s\u00fcr\u00fcn\u0259n d\u00f6vl\u0259tl\u0259rin taleyi qibt\u0259 do\u011furmur Bizim ... Davam\u0131\" \/>\n<meta property=\"og:url\" content=\"https:\/\/www.meydan.tv\/az\/article\/hangi-semte-hangi-yana\/\" \/>\n<meta property=\"og:site_name\" content=\"MEYDAN.TV\" \/>\n<meta property=\"article:published_time\" content=\"2023-04-10T09:47:53+00:00\" \/>\n<meta property=\"article:modified_time\" content=\"2023-04-10T09:47:55+00:00\" \/>\n<meta property=\"og:image\" content=\"https:\/\/www.meydan.tv\/wp-content\/uploads\/image_from_ios_2_p52ittc.original.original-scaled-e1645163166726.jpg\" \/>\n\t<meta property=\"og:image:width\" content=\"2560\" \/>\n\t<meta property=\"og:image:height\" content=\"1292\" \/>\n\t<meta property=\"og:image:type\" content=\"image\/jpeg\" \/>\n<meta name=\"author\" content=\"elli\" \/>\n<meta name=\"twitter:card\" content=\"summary_large_image\" \/>\n<meta name=\"twitter:creator\" content=\"@elli\" \/>\n<script type=\"application\/ld+json\" class=\"yoast-schema-graph\">{\"@context\":\"https:\\\/\\\/schema.org\",\"@graph\":[{\"@type\":\"Article\",\"@id\":\"https:\\\/\\\/www.meydan.tv\\\/az\\\/article\\\/hangi-semte-hangi-yana\\\/#article\",\"isPartOf\":{\"@id\":\"https:\\\/\\\/www.meydan.tv\\\/az\\\/article\\\/hangi-semte-hangi-yana\\\/\"},\"author\":{\"name\":\"elli\",\"@id\":\"https:\\\/\\\/www.meydan.tv\\\/az\\\/#\\\/schema\\\/person\\\/9cdbecf90d17180ce1dfbd95b08dcf47\"},\"headline\":\"Hangi s\u0259mt\u0259, hangi yana&#8230;\",\"datePublished\":\"2023-04-10T09:47:53+00:00\",\"dateModified\":\"2023-04-10T09:47:55+00:00\",\"mainEntityOfPage\":{\"@id\":\"https:\\\/\\\/www.meydan.tv\\\/az\\\/article\\\/hangi-semte-hangi-yana\\\/\"},\"wordCount\":1484,\"publisher\":{\"@id\":\"https:\\\/\\\/www.meydan.tv\\\/az\\\/#organization\"},\"image\":{\"@id\":\"https:\\\/\\\/www.meydan.tv\\\/az\\\/article\\\/hangi-semte-hangi-yana\\\/#primaryimage\"},\"thumbnailUrl\":\"https:\\\/\\\/www.meydan.tv\\\/wp-content\\\/uploads\\\/image_from_ios_2_p52ittc.original.original-scaled-e1682070233838.jpg\",\"articleSection\":[\"M\u0259nim Fikrimc\u0259\"],\"inLanguage\":\"az\"},{\"@type\":\"WebPage\",\"@id\":\"https:\\\/\\\/www.meydan.tv\\\/az\\\/article\\\/hangi-semte-hangi-yana\\\/\",\"url\":\"https:\\\/\\\/www.meydan.tv\\\/az\\\/article\\\/hangi-semte-hangi-yana\\\/\",\"name\":\"Hangi s\u0259mt\u0259, hangi yana... - MEYDAN.TV\",\"isPartOf\":{\"@id\":\"https:\\\/\\\/www.meydan.tv\\\/az\\\/#website\"},\"primaryImageOfPage\":{\"@id\":\"https:\\\/\\\/www.meydan.tv\\\/az\\\/article\\\/hangi-semte-hangi-yana\\\/#primaryimage\"},\"image\":{\"@id\":\"https:\\\/\\\/www.meydan.tv\\\/az\\\/article\\\/hangi-semte-hangi-yana\\\/#primaryimage\"},\"thumbnailUrl\":\"https:\\\/\\\/www.meydan.tv\\\/wp-content\\\/uploads\\\/image_from_ios_2_p52ittc.original.original-scaled-e1682070233838.jpg\",\"datePublished\":\"2023-04-10T09:47:53+00:00\",\"dateModified\":\"2023-04-10T09:47:55+00:00\",\"breadcrumb\":{\"@id\":\"https:\\\/\\\/www.meydan.tv\\\/az\\\/article\\\/hangi-semte-hangi-yana\\\/#breadcrumb\"},\"inLanguage\":\"az\",\"potentialAction\":[{\"@type\":\"ReadAction\",\"target\":[\"https:\\\/\\\/www.meydan.tv\\\/az\\\/article\\\/hangi-semte-hangi-yana\\\/\"]}]},{\"@type\":\"ImageObject\",\"inLanguage\":\"az\",\"@id\":\"https:\\\/\\\/www.meydan.tv\\\/az\\\/article\\\/hangi-semte-hangi-yana\\\/#primaryimage\",\"url\":\"https:\\\/\\\/www.meydan.tv\\\/wp-content\\\/uploads\\\/image_from_ios_2_p52ittc.original.original-scaled-e1682070233838.jpg\",\"contentUrl\":\"https:\\\/\\\/www.meydan.tv\\\/wp-content\\\/uploads\\\/image_from_ios_2_p52ittc.original.original-scaled-e1682070233838.jpg\",\"width\":2560,\"height\":1158,\"caption\":\"Foto: Meydan TV\"},{\"@type\":\"BreadcrumbList\",\"@id\":\"https:\\\/\\\/www.meydan.tv\\\/az\\\/article\\\/hangi-semte-hangi-yana\\\/#breadcrumb\",\"itemListElement\":[{\"@type\":\"ListItem\",\"position\":1,\"name\":\"Ana s\u0259hif\u0259\",\"item\":\"https:\\\/\\\/www.meydan.tv\\\/az\\\/\"},{\"@type\":\"ListItem\",\"position\":2,\"name\":\"M\u0259nim Fikrimc\u0259\",\"item\":\"https:\\\/\\\/www.meydan.tv\\\/az\\\/section\\\/menim-fikrimce\\\/\"},{\"@type\":\"ListItem\",\"position\":3,\"name\":\"Hangi s\u0259mt\u0259, hangi yana&#8230;\"}]},{\"@type\":\"WebSite\",\"@id\":\"https:\\\/\\\/www.meydan.tv\\\/az\\\/#website\",\"url\":\"https:\\\/\\\/www.meydan.tv\\\/az\\\/\",\"name\":\"MEYDAN.TV\",\"description\":\"Meydan TV Az\u0259rbaycan\u0131n media m\u0259kan\u0131ndak\u0131 alternativ s\u0259sidir\",\"publisher\":{\"@id\":\"https:\\\/\\\/www.meydan.tv\\\/az\\\/#organization\"},\"potentialAction\":[{\"@type\":\"SearchAction\",\"target\":{\"@type\":\"EntryPoint\",\"urlTemplate\":\"https:\\\/\\\/www.meydan.tv\\\/az\\\/?s={search_term_string}\"},\"query-input\":{\"@type\":\"PropertyValueSpecification\",\"valueRequired\":true,\"valueName\":\"search_term_string\"}}],\"inLanguage\":\"az\"},{\"@type\":\"Organization\",\"@id\":\"https:\\\/\\\/www.meydan.tv\\\/az\\\/#organization\",\"name\":\"Meydan TV\",\"url\":\"https:\\\/\\\/www.meydan.tv\\\/az\\\/\",\"logo\":{\"@type\":\"ImageObject\",\"inLanguage\":\"az\",\"@id\":\"https:\\\/\\\/www.meydan.tv\\\/az\\\/#\\\/schema\\\/logo\\\/image\\\/\",\"url\":\"https:\\\/\\\/www.meydan.tv\\\/wp-content\\\/uploads\\\/2021\\\/07\\\/meydan-logo.svg\",\"contentUrl\":\"https:\\\/\\\/www.meydan.tv\\\/wp-content\\\/uploads\\\/2021\\\/07\\\/meydan-logo.svg\",\"width\":195,\"height\":46,\"caption\":\"Meydan TV\"},\"image\":{\"@id\":\"https:\\\/\\\/www.meydan.tv\\\/az\\\/#\\\/schema\\\/logo\\\/image\\\/\"}},{\"@type\":\"Person\",\"@id\":\"https:\\\/\\\/www.meydan.tv\\\/az\\\/#\\\/schema\\\/person\\\/9cdbecf90d17180ce1dfbd95b08dcf47\",\"name\":\"elli\",\"sameAs\":[\"https:\\\/\\\/x.com\\\/elli\"]}]}<\/script>\n<!-- \/ Yoast SEO plugin. -->","yoast_head_json":{"title":"Hangi s\u0259mt\u0259, hangi yana... - MEYDAN.TV","robots":{"index":"index","follow":"follow","max-snippet":"max-snippet:-1","max-image-preview":"max-image-preview:large","max-video-preview":"max-video-preview:-1"},"canonical":"https:\/\/www.meydan.tv\/az\/article\/hangi-semte-hangi-yana\/","og_locale":"az_AZ","og_type":"article","og_title":"Hangi s\u0259mt\u0259, hangi yana... - MEYDAN.TV","og_description":"Z\u0259rd\u00fc\u015ft \u018flizad\u0259 Rusiyan\u0131n quyru\u011funda s\u00fcr\u00fcn\u0259n d\u00f6vl\u0259tl\u0259rin taleyi qibt\u0259 do\u011furmur Bizim ... Davam\u0131","og_url":"https:\/\/www.meydan.tv\/az\/article\/hangi-semte-hangi-yana\/","og_site_name":"MEYDAN.TV","article_published_time":"2023-04-10T09:47:53+00:00","article_modified_time":"2023-04-10T09:47:55+00:00","og_image":[{"width":2560,"height":1292,"url":"https:\/\/www.meydan.tv\/wp-content\/uploads\/image_from_ios_2_p52ittc.original.original-scaled-e1645163166726.jpg","type":"image\/jpeg"}],"author":"elli","twitter_card":"summary_large_image","twitter_creator":"@elli","schema":{"@context":"https:\/\/schema.org","@graph":[{"@type":"Article","@id":"https:\/\/www.meydan.tv\/az\/article\/hangi-semte-hangi-yana\/#article","isPartOf":{"@id":"https:\/\/www.meydan.tv\/az\/article\/hangi-semte-hangi-yana\/"},"author":{"name":"elli","@id":"https:\/\/www.meydan.tv\/az\/#\/schema\/person\/9cdbecf90d17180ce1dfbd95b08dcf47"},"headline":"Hangi s\u0259mt\u0259, hangi yana&#8230;","datePublished":"2023-04-10T09:47:53+00:00","dateModified":"2023-04-10T09:47:55+00:00","mainEntityOfPage":{"@id":"https:\/\/www.meydan.tv\/az\/article\/hangi-semte-hangi-yana\/"},"wordCount":1484,"publisher":{"@id":"https:\/\/www.meydan.tv\/az\/#organization"},"image":{"@id":"https:\/\/www.meydan.tv\/az\/article\/hangi-semte-hangi-yana\/#primaryimage"},"thumbnailUrl":"https:\/\/www.meydan.tv\/wp-content\/uploads\/image_from_ios_2_p52ittc.original.original-scaled-e1682070233838.jpg","articleSection":["M\u0259nim Fikrimc\u0259"],"inLanguage":"az"},{"@type":"WebPage","@id":"https:\/\/www.meydan.tv\/az\/article\/hangi-semte-hangi-yana\/","url":"https:\/\/www.meydan.tv\/az\/article\/hangi-semte-hangi-yana\/","name":"Hangi s\u0259mt\u0259, hangi yana... - MEYDAN.TV","isPartOf":{"@id":"https:\/\/www.meydan.tv\/az\/#website"},"primaryImageOfPage":{"@id":"https:\/\/www.meydan.tv\/az\/article\/hangi-semte-hangi-yana\/#primaryimage"},"image":{"@id":"https:\/\/www.meydan.tv\/az\/article\/hangi-semte-hangi-yana\/#primaryimage"},"thumbnailUrl":"https:\/\/www.meydan.tv\/wp-content\/uploads\/image_from_ios_2_p52ittc.original.original-scaled-e1682070233838.jpg","datePublished":"2023-04-10T09:47:53+00:00","dateModified":"2023-04-10T09:47:55+00:00","breadcrumb":{"@id":"https:\/\/www.meydan.tv\/az\/article\/hangi-semte-hangi-yana\/#breadcrumb"},"inLanguage":"az","potentialAction":[{"@type":"ReadAction","target":["https:\/\/www.meydan.tv\/az\/article\/hangi-semte-hangi-yana\/"]}]},{"@type":"ImageObject","inLanguage":"az","@id":"https:\/\/www.meydan.tv\/az\/article\/hangi-semte-hangi-yana\/#primaryimage","url":"https:\/\/www.meydan.tv\/wp-content\/uploads\/image_from_ios_2_p52ittc.original.original-scaled-e1682070233838.jpg","contentUrl":"https:\/\/www.meydan.tv\/wp-content\/uploads\/image_from_ios_2_p52ittc.original.original-scaled-e1682070233838.jpg","width":2560,"height":1158,"caption":"Foto: Meydan TV"},{"@type":"BreadcrumbList","@id":"https:\/\/www.meydan.tv\/az\/article\/hangi-semte-hangi-yana\/#breadcrumb","itemListElement":[{"@type":"ListItem","position":1,"name":"Ana s\u0259hif\u0259","item":"https:\/\/www.meydan.tv\/az\/"},{"@type":"ListItem","position":2,"name":"M\u0259nim Fikrimc\u0259","item":"https:\/\/www.meydan.tv\/az\/section\/menim-fikrimce\/"},{"@type":"ListItem","position":3,"name":"Hangi s\u0259mt\u0259, hangi yana&#8230;"}]},{"@type":"WebSite","@id":"https:\/\/www.meydan.tv\/az\/#website","url":"https:\/\/www.meydan.tv\/az\/","name":"MEYDAN.TV","description":"Meydan TV Az\u0259rbaycan\u0131n media m\u0259kan\u0131ndak\u0131 alternativ s\u0259sidir","publisher":{"@id":"https:\/\/www.meydan.tv\/az\/#organization"},"potentialAction":[{"@type":"SearchAction","target":{"@type":"EntryPoint","urlTemplate":"https:\/\/www.meydan.tv\/az\/?s={search_term_string}"},"query-input":{"@type":"PropertyValueSpecification","valueRequired":true,"valueName":"search_term_string"}}],"inLanguage":"az"},{"@type":"Organization","@id":"https:\/\/www.meydan.tv\/az\/#organization","name":"Meydan TV","url":"https:\/\/www.meydan.tv\/az\/","logo":{"@type":"ImageObject","inLanguage":"az","@id":"https:\/\/www.meydan.tv\/az\/#\/schema\/logo\/image\/","url":"https:\/\/www.meydan.tv\/wp-content\/uploads\/2021\/07\/meydan-logo.svg","contentUrl":"https:\/\/www.meydan.tv\/wp-content\/uploads\/2021\/07\/meydan-logo.svg","width":195,"height":46,"caption":"Meydan TV"},"image":{"@id":"https:\/\/www.meydan.tv\/az\/#\/schema\/logo\/image\/"}},{"@type":"Person","@id":"https:\/\/www.meydan.tv\/az\/#\/schema\/person\/9cdbecf90d17180ce1dfbd95b08dcf47","name":"elli","sameAs":["https:\/\/x.com\/elli"]}]}},"_links":{"self":[{"href":"https:\/\/www.meydan.tv\/az\/wp-json\/wp\/v2\/posts\/272434","targetHints":{"allow":["GET"]}}],"collection":[{"href":"https:\/\/www.meydan.tv\/az\/wp-json\/wp\/v2\/posts"}],"about":[{"href":"https:\/\/www.meydan.tv\/az\/wp-json\/wp\/v2\/types\/post"}],"author":[{"embeddable":true,"href":"https:\/\/www.meydan.tv\/az\/wp-json\/wp\/v2\/users\/8"}],"replies":[{"embeddable":true,"href":"https:\/\/www.meydan.tv\/az\/wp-json\/wp\/v2\/comments?post=272434"}],"version-history":[{"count":1,"href":"https:\/\/www.meydan.tv\/az\/wp-json\/wp\/v2\/posts\/272434\/revisions"}],"predecessor-version":[{"id":272437,"href":"https:\/\/www.meydan.tv\/az\/wp-json\/wp\/v2\/posts\/272434\/revisions\/272437"}],"wp:featuredmedia":[{"embeddable":true,"href":"https:\/\/www.meydan.tv\/az\/wp-json\/wp\/v2\/media\/126823"}],"wp:attachment":[{"href":"https:\/\/www.meydan.tv\/az\/wp-json\/wp\/v2\/media?parent=272434"}],"wp:term":[{"taxonomy":"category","embeddable":true,"href":"https:\/\/www.meydan.tv\/az\/wp-json\/wp\/v2\/categories?post=272434"},{"taxonomy":"post_tag","embeddable":true,"href":"https:\/\/www.meydan.tv\/az\/wp-json\/wp\/v2\/tags?post=272434"}],"curies":[{"name":"wp","href":"https:\/\/api.w.org\/{rel}","templated":true}]}}