{"id":272397,"date":"2023-04-09T21:40:36","date_gmt":"2023-04-09T17:40:36","guid":{"rendered":"https:\/\/www.meydan.tv\/?p=272397"},"modified":"2023-04-09T21:40:38","modified_gmt":"2023-04-09T17:40:38","slug":"meyart-perviz-bulbule-gunay-ibrahimli-uzeyir-mehdizadenin-mahnilari-qadagan-oluna-biler","status":"publish","type":"post","link":"https:\/\/www.meydan.tv\/az\/article\/meyart-perviz-bulbule-gunay-ibrahimli-uzeyir-mehdizadenin-mahnilari-qadagan-oluna-biler\/","title":{"rendered":"MeyArt &#8211; P\u0259rviz B\u00fclb\u00fcl\u0259, G\u00fcnay \u0130brahimli, \u00dczeyir Mehdizad\u0259nin mahn\u0131lar\u0131 qada\u011fan oluna bil\u0259r"},"content":{"rendered":"\n<figure class=\"wp-block-embed is-type-video is-provider-youtube wp-block-embed-youtube wp-embed-aspect-16-9 wp-has-aspect-ratio\"><div class=\"wp-block-embed__wrapper\">\n<iframe title=\"MeyArt - P\u0259rviz B\u00fclb\u00fcl\u0259, G\u00fcnay \u0130brahimli, \u00dczeyir Mehdizad\u0259nin mahn\u0131lar\u0131 qada\u011fan oluna bil\u0259r\" width=\"1200\" height=\"675\" data-src=\"https:\/\/www.youtube.com\/embed\/apVONloiPjs?feature=oembed\" frameborder=\"0\" allow=\"accelerometer; autoplay; clipboard-write; encrypted-media; gyroscope; picture-in-picture; web-share\" allowfullscreen src=\"data:image\/svg+xml;base64,PHN2ZyB3aWR0aD0iMSIgaGVpZ2h0PSIxIiB4bWxucz0iaHR0cDovL3d3dy53My5vcmcvMjAwMC9zdmciPjwvc3ZnPg==\" class=\"lazyload\" data-load-mode=\"1\"><\/iframe>\n<\/div><\/figure>\n\n\n\n<!--more-->\n\n\n\n<p>Aprelin 8-d\u0259 ssenarist Nadir B\u0259d\u0259lovun &#8220;Kino g\u00f6zl\u0259 s\u00f6z aras\u0131nda&#8221; kitab\u0131n\u0131n t\u0259qdimat\u0131 ke\u00e7irilib. Kinematoqraf\u00e7\u0131lar \u0130ttifaq\u0131n\u0131n maliyy\u0259 d\u0259st\u0259yi il\u0259 haz\u0131rlanan kitab b\u00fct\u00fcn kinosev\u0259rl\u0259rin q\u0259lbin\u0259 girm\u0259yi h\u0259d\u0259fl\u0259yir. \u201cFilmin dramaturgiyas\u0131\u201d, \u201cFilmin estetikas\u0131\u201d, \u201cFilml\u0259r\u0259 bax\u0131\u015f\u201d kimi 3 hiss\u0259d\u0259n ibar\u0259t kitab Az\u0259rbaycanda z\u0259ngin olmayan kino \u0259d\u0259biyyat\u0131na bir qatq\u0131d\u0131r.&nbsp;<\/p>\n\n\n\n<p>Az\u0259rbaycanda b\u0259zi mahn\u0131lar qada\u011fan oluna bil\u0259r. D\u00f6vl\u0259t Dil Komissiyas\u0131 yan\u0131nda Monitorinq M\u0259rk\u0259zinin direktoru, professor Sevinc \u018fliyeva deyib ki, internet resurslar\u0131nda t\u0259bli\u011f olunan b\u0259zi baya\u011f\u0131 mahn\u0131lar Az\u0259rbaycan\u0131n b\u00f6y\u00fcm\u0259kd\u0259 olan n\u0259slin\u0259 ziyan vurur. S\u00f6z\u00fcged\u0259n siyah\u0131da G\u00fcnay \u0130brahimli, P\u0259rviz B\u00fclb\u00fcl\u0259, \u00dczeyir Mehdizad\u0259, dig\u0259r ifa\u00e7\u0131lar\u0131n adlar\u0131 yer al\u0131b.<\/p>\n\n\n\n<p>Bu mahn\u0131lar\u0131n z\u0259r\u0259rli v\u0259rdi\u015fl\u0259rd\u0259n istifad\u0259ni, t\u00fcfeyli h\u0259yat t\u0259rzini, mental d\u0259y\u0259rl\u0259r\u0259 zidd olan davran\u0131\u015flar\u0131 t\u0259bli\u011f ed\u0259n, aqressiv h\u0259r\u0259k\u0259tl\u0259r\u0259 v\u0259 \u00f6z\u00fcn\u0259q\u0259sd\u0259 s\u00f6vq ed\u0259n ifalar oldu\u011fu bildirilib.<\/p>\n\n\n\n<p>Mahn\u0131larla ba\u011fl\u0131 c\u0259rim\u0259 n\u0259z\u0259rd\u0259 tutulmasa da, Sevinc \u018fliyeva deyib ki, &#8220;Bir ne\u00e7\u0259 d\u0259f\u0259 x\u0259b\u0259rdarl\u0131q olunduqdan sonra bu bar\u0259d\u0259 add\u0131m atmaq olar. Hesab edir\u0259m, bu x\u0259b\u0259rdarl\u0131qlar h\u0259min ifa\u00e7\u0131lar\u0131n efirl\u0259r\u0259, radiolara ayaq a\u00e7mas\u0131n\u0131n qar\u015f\u0131s\u0131n\u0131 alacaq&#8221;.<\/p>\n\n\n\n<p>D\u00f6vl\u0259t Dil Komissiyas\u0131n\u0131n bu t\u0259klifin\u0259 b\u0259zi s\u0259n\u0259t\u00e7il\u0259rd\u0259n etirazlar g\u0259lib. Siyah\u0131da yer alan G\u00fcnay \u0130brahimli Konstitusiyan\u0131n 51-ci madd\u0259sin\u0259 &#8211; Yarad\u0131c\u0131l\u0131q azadl\u0131\u011f\u0131na istinad ed\u0259r\u0259k bunlar\u0131 deyib.<\/p>\n\n\n\n<p>\u201cBu c\u00fcr m\u00f6t\u0259b\u0259r v\u0259 \u00f6n\u0259mli bir qurumun qeyri-pe\u015f\u0259kar v\u0259 qeyri-ciddi \u0259m\u0259kda\u015flar\u0131n\u0131n, he\u00e7 bir a\u00e7\u0131qlama g\u0259tirm\u0259d\u0259n m\u0259nim ifam\u0131n v\u0259 ad\u0131m\u0131n o siyah\u0131ya sal\u0131nmas\u0131nda, ehtimal edir\u0259m ki, q\u0259r\u0259z var. Narkotiki, pis \u0259m\u0259ll\u0259ri, cinay\u0259ti, \u00f6z\u00fcn\u0259 q\u0259sdi, t\u00fcfeyli h\u0259yat\u0131 t\u0259bli\u011f ed\u0259n \u015f\u0259xs v\u0259 ifalarla m\u0259nim ad\u0131m\u0131n bir siyah\u0131da olmas\u0131n\u0131 m\u0259n\u0259 v\u0259 yarad\u0131c\u0131l\u0131\u011f\u0131ma qar\u015f\u0131 apar\u0131lan \u00e7irkin t\u0259bli\u011fat hesab edir\u0259m. Kimis\u0259 t\u0259fti\u015f ed\u0259rk\u0259n \u0259dal\u0259t \u0259sas meyar olmal\u0131d\u0131r. Bu siyah\u0131da s\u0131rf m\u0259nim ad\u0131m\u0131n v\u0259 ifam\u0131n olmas\u0131n\u0131 \u0259sla q\u0259bul etmir\u0259m\u201d. G\u00fcnay deyib.<\/p>\n\n\n\n<p>Xalq artisti Yusif Eyvazov Az\u0259rbaycan D\u00f6vl\u0259t Akademik Opera v\u0259 Balet Teatr\u0131n\u0131n direktoru v\u0259zif\u0259sin\u0259 t\u0259yin olunub. Bununla ba\u011fl\u0131 m\u0259d\u0259niyy\u0259t nazirinin birinci m\u00fcavini, nazir s\u0259lahiyy\u0259tl\u0259rini icra ed\u0259n Adil K\u0259rimli m\u00fcvafiq \u0259mr imzalay\u0131b.<\/p>\n\n\n\n<p>Yusif Eyvazov opera m\u00fc\u011f\u0259nnisi, dramatik tenor, Xalq artistidir. Yusif Eyvazov Kapriolo, Montanyana v\u0259 Milan vokal m\u00fcsabiq\u0259l\u0259rinin final\u00e7\u0131s\u0131 v\u0259 qalibi olub. O h\u0259m\u00e7inin Milan\u0131n La Skala Operas\u0131, Vyana D\u00f6vl\u0259t Operas\u0131, Berlin D\u00f6vl\u0259t Operas\u0131&nbsp; kimi m\u0259\u015fhur s\u0259hn\u0259l\u0259rd\u0259 \u00e7\u0131x\u0131\u015f edib.<\/p>\n\n\n\n<p>Bildir\u0259k ki, teatr\u0131n direktoru Akif M\u0259likovun \u0259m\u0259k m\u00fcqavil\u0259sin\u0259 ya\u015fla \u0259laq\u0259dar xitam verildiyi deyilir.<\/p>\n\n\n\n<p>\u0130yunun 22-d\u0259 Parisd\u0259 d\u00fcnya\u015f\u00f6hr\u0259tli frans\u0131z aktyoru Alen Delona m\u0259xsus inc\u0259s\u0259n\u0259t \u0259s\u0259rl\u0259rind\u0259n ibar\u0259t kolleksiya h\u0259rraca \u00e7\u0131xar\u0131lacaq. XIX \u0259sr frans\u0131z r\u0259ssamlar\u0131 olan Delakrua, Koro, Millet v\u0259 dig\u0259r ba\u015fqa r\u0259ssamlar\u0131n r\u0259sm \u0259s\u0259rl\u0259ri, h\u0259m\u00e7inin heyk\u0259ltara\u015fl\u0131q n\u00fcmun\u0259l\u0259ri d\u0259 daxil olmaqla 80-d\u0259n \u00e7ox s\u0259n\u0259t \u0259s\u0259rinin yer ald\u0131\u011f\u0131 kolleksiyan\u0131n d\u0259y\u0259ri 4-5 milyon avro aras\u0131nda qiym\u0259tl\u0259ndirilir. H\u0259rraca q\u0259d\u0259r kolleksiya Nyu-York, Honq-Konq, Cenevr\u0259, London v\u0259 Parisd\u0259ki s\u0259rgil\u0259rd\u0259 n\u00f6vb\u0259 il\u0259 n\u00fcmayi\u015f olunacaq.<\/p>\n\n\n\n<p>A.Delonun dediyin\u0259 g\u00f6r\u0259, o, bu r\u0259sm kolleksiyas\u0131n\u0131 t\u0259xmin\u0259n 60 il \u0259rzind\u0259 toplay\u0131b. 87 ya\u015fl\u0131 aktyor deyir: &#8220;\u0130lk \u0259s\u0259ri 1964-c\u00fc ild\u0259 Londonda alm\u0131\u015fam. Bu ill\u0259r \u0259rzind\u0259 \u00e7oxlu r\u0259sml\u0259r, heyk\u0259ll\u0259r, m\u00fcxt\u0259lif inc\u0259s\u0259n\u0259t n\u00fcmun\u0259l\u0259ri \u0259ld\u0259 etmi\u015f\u0259m. Onlar uzun ill\u0259r m\u0259nim h\u0259yat\u0131m\u0131n bir par\u00e7as\u0131 olublar. B\u00fct\u00fcn h\u0259yat\u0131m boyu kolleksiya toplamaqla m\u0259\u015f\u011ful olmu\u015fam, h\u0259m\u00e7inin \u00e7oxlu h\u0259diyy\u0259l\u0259r alm\u0131\u015fam. \u0130ndi ya\u015f v\u0259 fiziki v\u0259ziyy\u0259ti n\u0259z\u0259r\u0259 alsaq, y\u0131\u011f\u0131lan bu q\u0259d\u0259r kolleksiya n\u00fcmun\u0259l\u0259ri m\u0259n\u0259 b\u00f6y\u00fck bir da\u011f kimi g\u00f6r\u00fcn\u00fcr. D\u00fc\u015f\u00fcn\u00fcr\u0259m ki, bunlar\u0131 sat\u0131b \u00f6vladlar\u0131ma pul qoymaq \u0259n yax\u015f\u0131 q\u0259rard\u0131r\u201d.<\/p>\n\n\n\n<p>2016-c\u0131 ild\u0259 o, \u015f\u0259rab, saat v\u0259 silah kolleksiyalar\u0131n\u0131n bir qismini d\u0259 sat\u0131b.<\/p>\n","protected":false},"excerpt":{"rendered":"","protected":false},"author":14,"featured_media":272398,"comment_status":"closed","ping_status":"closed","sticky":false,"template":"","format":"standard","meta":{"_acf_changed":false,"_sitemap_exclude":false,"_sitemap_priority":"","_sitemap_frequency":"","footnotes":""},"categories":[52,63],"tags":[],"class_list":["post-272397","post","type-post","status-publish","format-standard","has-post-thumbnail","hentry","category-medeniyyet","category-video-2","infinite-scroll-item","generate-columns","tablet-grid-50","mobile-grid-100","grid-parent","grid-33","no-featured-image-padding"],"acf":[],"yoast_head":"<!-- This site is optimized with the Yoast SEO plugin v27.4 - https:\/\/yoast.com\/product\/yoast-seo-wordpress\/ -->\n<title>MeyArt - P\u0259rviz B\u00fclb\u00fcl\u0259, G\u00fcnay \u0130brahimli, \u00dczeyir Mehdizad\u0259nin mahn\u0131lar\u0131 qada\u011fan oluna bil\u0259r - MEYDAN.TV<\/title>\n<meta name=\"robots\" content=\"index, follow, max-snippet:-1, max-image-preview:large, max-video-preview:-1\" \/>\n<link rel=\"canonical\" href=\"https:\/\/www.meydan.tv\/az\/article\/meyart-perviz-bulbule-gunay-ibrahimli-uzeyir-mehdizadenin-mahnilari-qadagan-oluna-biler\/\" \/>\n<meta property=\"og:locale\" content=\"az_AZ\" \/>\n<meta property=\"og:type\" content=\"article\" \/>\n<meta property=\"og:title\" content=\"MeyArt - P\u0259rviz B\u00fclb\u00fcl\u0259, G\u00fcnay \u0130brahimli, \u00dczeyir Mehdizad\u0259nin mahn\u0131lar\u0131 qada\u011fan oluna bil\u0259r - MEYDAN.TV\" \/>\n<meta property=\"og:url\" content=\"https:\/\/www.meydan.tv\/az\/article\/meyart-perviz-bulbule-gunay-ibrahimli-uzeyir-mehdizadenin-mahnilari-qadagan-oluna-biler\/\" \/>\n<meta property=\"og:site_name\" content=\"MEYDAN.TV\" \/>\n<meta property=\"article:published_time\" content=\"2023-04-09T17:40:36+00:00\" \/>\n<meta property=\"article:modified_time\" content=\"2023-04-09T17:40:38+00:00\" \/>\n<meta property=\"og:image\" content=\"https:\/\/www.meydan.tv\/wp-content\/uploads\/screenshot-2023-04-09-at-19.35.49.png\" \/>\n\t<meta property=\"og:image:width\" content=\"1546\" \/>\n\t<meta property=\"og:image:height\" content=\"874\" \/>\n\t<meta property=\"og:image:type\" content=\"image\/png\" \/>\n<meta name=\"author\" content=\"roma\" \/>\n<meta name=\"twitter:card\" content=\"summary_large_image\" \/>\n<script type=\"application\/ld+json\" class=\"yoast-schema-graph\">{\"@context\":\"https:\\\/\\\/schema.org\",\"@graph\":[{\"@type\":\"Article\",\"@id\":\"https:\\\/\\\/www.meydan.tv\\\/az\\\/article\\\/meyart-perviz-bulbule-gunay-ibrahimli-uzeyir-mehdizadenin-mahnilari-qadagan-oluna-biler\\\/#article\",\"isPartOf\":{\"@id\":\"https:\\\/\\\/www.meydan.tv\\\/az\\\/article\\\/meyart-perviz-bulbule-gunay-ibrahimli-uzeyir-mehdizadenin-mahnilari-qadagan-oluna-biler\\\/\"},\"author\":{\"name\":\"roma\",\"@id\":\"https:\\\/\\\/www.meydan.tv\\\/az\\\/#\\\/schema\\\/person\\\/8f23e01c4de63326c13c319fb65ee65d\"},\"headline\":\"MeyArt &#8211; P\u0259rviz B\u00fclb\u00fcl\u0259, G\u00fcnay \u0130brahimli, \u00dczeyir Mehdizad\u0259nin mahn\u0131lar\u0131 qada\u011fan oluna bil\u0259r\",\"datePublished\":\"2023-04-09T17:40:36+00:00\",\"dateModified\":\"2023-04-09T17:40:38+00:00\",\"mainEntityOfPage\":{\"@id\":\"https:\\\/\\\/www.meydan.tv\\\/az\\\/article\\\/meyart-perviz-bulbule-gunay-ibrahimli-uzeyir-mehdizadenin-mahnilari-qadagan-oluna-biler\\\/\"},\"wordCount\":861,\"publisher\":{\"@id\":\"https:\\\/\\\/www.meydan.tv\\\/az\\\/#organization\"},\"image\":{\"@id\":\"https:\\\/\\\/www.meydan.tv\\\/az\\\/article\\\/meyart-perviz-bulbule-gunay-ibrahimli-uzeyir-mehdizadenin-mahnilari-qadagan-oluna-biler\\\/#primaryimage\"},\"thumbnailUrl\":\"https:\\\/\\\/www.meydan.tv\\\/wp-content\\\/uploads\\\/screenshot-2023-04-09-at-19.35.49.png\",\"articleSection\":[\"M\u0259d\u0259niyy\u0259t\",\"Video\"],\"inLanguage\":\"az\"},{\"@type\":\"WebPage\",\"@id\":\"https:\\\/\\\/www.meydan.tv\\\/az\\\/article\\\/meyart-perviz-bulbule-gunay-ibrahimli-uzeyir-mehdizadenin-mahnilari-qadagan-oluna-biler\\\/\",\"url\":\"https:\\\/\\\/www.meydan.tv\\\/az\\\/article\\\/meyart-perviz-bulbule-gunay-ibrahimli-uzeyir-mehdizadenin-mahnilari-qadagan-oluna-biler\\\/\",\"name\":\"MeyArt - P\u0259rviz B\u00fclb\u00fcl\u0259, G\u00fcnay \u0130brahimli, \u00dczeyir Mehdizad\u0259nin mahn\u0131lar\u0131 qada\u011fan oluna bil\u0259r - MEYDAN.TV\",\"isPartOf\":{\"@id\":\"https:\\\/\\\/www.meydan.tv\\\/az\\\/#website\"},\"primaryImageOfPage\":{\"@id\":\"https:\\\/\\\/www.meydan.tv\\\/az\\\/article\\\/meyart-perviz-bulbule-gunay-ibrahimli-uzeyir-mehdizadenin-mahnilari-qadagan-oluna-biler\\\/#primaryimage\"},\"image\":{\"@id\":\"https:\\\/\\\/www.meydan.tv\\\/az\\\/article\\\/meyart-perviz-bulbule-gunay-ibrahimli-uzeyir-mehdizadenin-mahnilari-qadagan-oluna-biler\\\/#primaryimage\"},\"thumbnailUrl\":\"https:\\\/\\\/www.meydan.tv\\\/wp-content\\\/uploads\\\/screenshot-2023-04-09-at-19.35.49.png\",\"datePublished\":\"2023-04-09T17:40:36+00:00\",\"dateModified\":\"2023-04-09T17:40:38+00:00\",\"breadcrumb\":{\"@id\":\"https:\\\/\\\/www.meydan.tv\\\/az\\\/article\\\/meyart-perviz-bulbule-gunay-ibrahimli-uzeyir-mehdizadenin-mahnilari-qadagan-oluna-biler\\\/#breadcrumb\"},\"inLanguage\":\"az\",\"potentialAction\":[{\"@type\":\"ReadAction\",\"target\":[\"https:\\\/\\\/www.meydan.tv\\\/az\\\/article\\\/meyart-perviz-bulbule-gunay-ibrahimli-uzeyir-mehdizadenin-mahnilari-qadagan-oluna-biler\\\/\"]}]},{\"@type\":\"ImageObject\",\"inLanguage\":\"az\",\"@id\":\"https:\\\/\\\/www.meydan.tv\\\/az\\\/article\\\/meyart-perviz-bulbule-gunay-ibrahimli-uzeyir-mehdizadenin-mahnilari-qadagan-oluna-biler\\\/#primaryimage\",\"url\":\"https:\\\/\\\/www.meydan.tv\\\/wp-content\\\/uploads\\\/screenshot-2023-04-09-at-19.35.49.png\",\"contentUrl\":\"https:\\\/\\\/www.meydan.tv\\\/wp-content\\\/uploads\\\/screenshot-2023-04-09-at-19.35.49.png\",\"width\":1546,\"height\":874},{\"@type\":\"BreadcrumbList\",\"@id\":\"https:\\\/\\\/www.meydan.tv\\\/az\\\/article\\\/meyart-perviz-bulbule-gunay-ibrahimli-uzeyir-mehdizadenin-mahnilari-qadagan-oluna-biler\\\/#breadcrumb\",\"itemListElement\":[{\"@type\":\"ListItem\",\"position\":1,\"name\":\"Ana s\u0259hif\u0259\",\"item\":\"https:\\\/\\\/www.meydan.tv\\\/az\\\/\"},{\"@type\":\"ListItem\",\"position\":2,\"name\":\"Video\",\"item\":\"https:\\\/\\\/www.meydan.tv\\\/az\\\/section\\\/video-2\\\/\"},{\"@type\":\"ListItem\",\"position\":3,\"name\":\"MeyArt &#8211; P\u0259rviz B\u00fclb\u00fcl\u0259, G\u00fcnay \u0130brahimli, \u00dczeyir Mehdizad\u0259nin mahn\u0131lar\u0131 qada\u011fan oluna bil\u0259r\"}]},{\"@type\":\"WebSite\",\"@id\":\"https:\\\/\\\/www.meydan.tv\\\/az\\\/#website\",\"url\":\"https:\\\/\\\/www.meydan.tv\\\/az\\\/\",\"name\":\"MEYDAN.TV\",\"description\":\"Meydan TV Az\u0259rbaycan\u0131n media m\u0259kan\u0131ndak\u0131 alternativ s\u0259sidir\",\"publisher\":{\"@id\":\"https:\\\/\\\/www.meydan.tv\\\/az\\\/#organization\"},\"potentialAction\":[{\"@type\":\"SearchAction\",\"target\":{\"@type\":\"EntryPoint\",\"urlTemplate\":\"https:\\\/\\\/www.meydan.tv\\\/az\\\/?s={search_term_string}\"},\"query-input\":{\"@type\":\"PropertyValueSpecification\",\"valueRequired\":true,\"valueName\":\"search_term_string\"}}],\"inLanguage\":\"az\"},{\"@type\":\"Organization\",\"@id\":\"https:\\\/\\\/www.meydan.tv\\\/az\\\/#organization\",\"name\":\"Meydan TV\",\"url\":\"https:\\\/\\\/www.meydan.tv\\\/az\\\/\",\"logo\":{\"@type\":\"ImageObject\",\"inLanguage\":\"az\",\"@id\":\"https:\\\/\\\/www.meydan.tv\\\/az\\\/#\\\/schema\\\/logo\\\/image\\\/\",\"url\":\"https:\\\/\\\/www.meydan.tv\\\/wp-content\\\/uploads\\\/2021\\\/07\\\/meydan-logo.svg\",\"contentUrl\":\"https:\\\/\\\/www.meydan.tv\\\/wp-content\\\/uploads\\\/2021\\\/07\\\/meydan-logo.svg\",\"width\":195,\"height\":46,\"caption\":\"Meydan TV\"},\"image\":{\"@id\":\"https:\\\/\\\/www.meydan.tv\\\/az\\\/#\\\/schema\\\/logo\\\/image\\\/\"}},{\"@type\":\"Person\",\"@id\":\"https:\\\/\\\/www.meydan.tv\\\/az\\\/#\\\/schema\\\/person\\\/8f23e01c4de63326c13c319fb65ee65d\",\"name\":\"roma\"}]}<\/script>\n<!-- \/ Yoast SEO plugin. -->","yoast_head_json":{"title":"MeyArt - P\u0259rviz B\u00fclb\u00fcl\u0259, G\u00fcnay \u0130brahimli, \u00dczeyir Mehdizad\u0259nin mahn\u0131lar\u0131 qada\u011fan oluna bil\u0259r - MEYDAN.TV","robots":{"index":"index","follow":"follow","max-snippet":"max-snippet:-1","max-image-preview":"max-image-preview:large","max-video-preview":"max-video-preview:-1"},"canonical":"https:\/\/www.meydan.tv\/az\/article\/meyart-perviz-bulbule-gunay-ibrahimli-uzeyir-mehdizadenin-mahnilari-qadagan-oluna-biler\/","og_locale":"az_AZ","og_type":"article","og_title":"MeyArt - P\u0259rviz B\u00fclb\u00fcl\u0259, G\u00fcnay \u0130brahimli, \u00dczeyir Mehdizad\u0259nin mahn\u0131lar\u0131 qada\u011fan oluna bil\u0259r - MEYDAN.TV","og_url":"https:\/\/www.meydan.tv\/az\/article\/meyart-perviz-bulbule-gunay-ibrahimli-uzeyir-mehdizadenin-mahnilari-qadagan-oluna-biler\/","og_site_name":"MEYDAN.TV","article_published_time":"2023-04-09T17:40:36+00:00","article_modified_time":"2023-04-09T17:40:38+00:00","og_image":[{"width":1546,"height":874,"url":"https:\/\/www.meydan.tv\/wp-content\/uploads\/screenshot-2023-04-09-at-19.35.49.png","type":"image\/png"}],"author":"roma","twitter_card":"summary_large_image","schema":{"@context":"https:\/\/schema.org","@graph":[{"@type":"Article","@id":"https:\/\/www.meydan.tv\/az\/article\/meyart-perviz-bulbule-gunay-ibrahimli-uzeyir-mehdizadenin-mahnilari-qadagan-oluna-biler\/#article","isPartOf":{"@id":"https:\/\/www.meydan.tv\/az\/article\/meyart-perviz-bulbule-gunay-ibrahimli-uzeyir-mehdizadenin-mahnilari-qadagan-oluna-biler\/"},"author":{"name":"roma","@id":"https:\/\/www.meydan.tv\/az\/#\/schema\/person\/8f23e01c4de63326c13c319fb65ee65d"},"headline":"MeyArt &#8211; P\u0259rviz B\u00fclb\u00fcl\u0259, G\u00fcnay \u0130brahimli, \u00dczeyir Mehdizad\u0259nin mahn\u0131lar\u0131 qada\u011fan oluna bil\u0259r","datePublished":"2023-04-09T17:40:36+00:00","dateModified":"2023-04-09T17:40:38+00:00","mainEntityOfPage":{"@id":"https:\/\/www.meydan.tv\/az\/article\/meyart-perviz-bulbule-gunay-ibrahimli-uzeyir-mehdizadenin-mahnilari-qadagan-oluna-biler\/"},"wordCount":861,"publisher":{"@id":"https:\/\/www.meydan.tv\/az\/#organization"},"image":{"@id":"https:\/\/www.meydan.tv\/az\/article\/meyart-perviz-bulbule-gunay-ibrahimli-uzeyir-mehdizadenin-mahnilari-qadagan-oluna-biler\/#primaryimage"},"thumbnailUrl":"https:\/\/www.meydan.tv\/wp-content\/uploads\/screenshot-2023-04-09-at-19.35.49.png","articleSection":["M\u0259d\u0259niyy\u0259t","Video"],"inLanguage":"az"},{"@type":"WebPage","@id":"https:\/\/www.meydan.tv\/az\/article\/meyart-perviz-bulbule-gunay-ibrahimli-uzeyir-mehdizadenin-mahnilari-qadagan-oluna-biler\/","url":"https:\/\/www.meydan.tv\/az\/article\/meyart-perviz-bulbule-gunay-ibrahimli-uzeyir-mehdizadenin-mahnilari-qadagan-oluna-biler\/","name":"MeyArt - P\u0259rviz B\u00fclb\u00fcl\u0259, G\u00fcnay \u0130brahimli, \u00dczeyir Mehdizad\u0259nin mahn\u0131lar\u0131 qada\u011fan oluna bil\u0259r - MEYDAN.TV","isPartOf":{"@id":"https:\/\/www.meydan.tv\/az\/#website"},"primaryImageOfPage":{"@id":"https:\/\/www.meydan.tv\/az\/article\/meyart-perviz-bulbule-gunay-ibrahimli-uzeyir-mehdizadenin-mahnilari-qadagan-oluna-biler\/#primaryimage"},"image":{"@id":"https:\/\/www.meydan.tv\/az\/article\/meyart-perviz-bulbule-gunay-ibrahimli-uzeyir-mehdizadenin-mahnilari-qadagan-oluna-biler\/#primaryimage"},"thumbnailUrl":"https:\/\/www.meydan.tv\/wp-content\/uploads\/screenshot-2023-04-09-at-19.35.49.png","datePublished":"2023-04-09T17:40:36+00:00","dateModified":"2023-04-09T17:40:38+00:00","breadcrumb":{"@id":"https:\/\/www.meydan.tv\/az\/article\/meyart-perviz-bulbule-gunay-ibrahimli-uzeyir-mehdizadenin-mahnilari-qadagan-oluna-biler\/#breadcrumb"},"inLanguage":"az","potentialAction":[{"@type":"ReadAction","target":["https:\/\/www.meydan.tv\/az\/article\/meyart-perviz-bulbule-gunay-ibrahimli-uzeyir-mehdizadenin-mahnilari-qadagan-oluna-biler\/"]}]},{"@type":"ImageObject","inLanguage":"az","@id":"https:\/\/www.meydan.tv\/az\/article\/meyart-perviz-bulbule-gunay-ibrahimli-uzeyir-mehdizadenin-mahnilari-qadagan-oluna-biler\/#primaryimage","url":"https:\/\/www.meydan.tv\/wp-content\/uploads\/screenshot-2023-04-09-at-19.35.49.png","contentUrl":"https:\/\/www.meydan.tv\/wp-content\/uploads\/screenshot-2023-04-09-at-19.35.49.png","width":1546,"height":874},{"@type":"BreadcrumbList","@id":"https:\/\/www.meydan.tv\/az\/article\/meyart-perviz-bulbule-gunay-ibrahimli-uzeyir-mehdizadenin-mahnilari-qadagan-oluna-biler\/#breadcrumb","itemListElement":[{"@type":"ListItem","position":1,"name":"Ana s\u0259hif\u0259","item":"https:\/\/www.meydan.tv\/az\/"},{"@type":"ListItem","position":2,"name":"Video","item":"https:\/\/www.meydan.tv\/az\/section\/video-2\/"},{"@type":"ListItem","position":3,"name":"MeyArt &#8211; P\u0259rviz B\u00fclb\u00fcl\u0259, G\u00fcnay \u0130brahimli, \u00dczeyir Mehdizad\u0259nin mahn\u0131lar\u0131 qada\u011fan oluna bil\u0259r"}]},{"@type":"WebSite","@id":"https:\/\/www.meydan.tv\/az\/#website","url":"https:\/\/www.meydan.tv\/az\/","name":"MEYDAN.TV","description":"Meydan TV Az\u0259rbaycan\u0131n media m\u0259kan\u0131ndak\u0131 alternativ s\u0259sidir","publisher":{"@id":"https:\/\/www.meydan.tv\/az\/#organization"},"potentialAction":[{"@type":"SearchAction","target":{"@type":"EntryPoint","urlTemplate":"https:\/\/www.meydan.tv\/az\/?s={search_term_string}"},"query-input":{"@type":"PropertyValueSpecification","valueRequired":true,"valueName":"search_term_string"}}],"inLanguage":"az"},{"@type":"Organization","@id":"https:\/\/www.meydan.tv\/az\/#organization","name":"Meydan TV","url":"https:\/\/www.meydan.tv\/az\/","logo":{"@type":"ImageObject","inLanguage":"az","@id":"https:\/\/www.meydan.tv\/az\/#\/schema\/logo\/image\/","url":"https:\/\/www.meydan.tv\/wp-content\/uploads\/2021\/07\/meydan-logo.svg","contentUrl":"https:\/\/www.meydan.tv\/wp-content\/uploads\/2021\/07\/meydan-logo.svg","width":195,"height":46,"caption":"Meydan TV"},"image":{"@id":"https:\/\/www.meydan.tv\/az\/#\/schema\/logo\/image\/"}},{"@type":"Person","@id":"https:\/\/www.meydan.tv\/az\/#\/schema\/person\/8f23e01c4de63326c13c319fb65ee65d","name":"roma"}]}},"_links":{"self":[{"href":"https:\/\/www.meydan.tv\/az\/wp-json\/wp\/v2\/posts\/272397","targetHints":{"allow":["GET"]}}],"collection":[{"href":"https:\/\/www.meydan.tv\/az\/wp-json\/wp\/v2\/posts"}],"about":[{"href":"https:\/\/www.meydan.tv\/az\/wp-json\/wp\/v2\/types\/post"}],"author":[{"embeddable":true,"href":"https:\/\/www.meydan.tv\/az\/wp-json\/wp\/v2\/users\/14"}],"replies":[{"embeddable":true,"href":"https:\/\/www.meydan.tv\/az\/wp-json\/wp\/v2\/comments?post=272397"}],"version-history":[{"count":1,"href":"https:\/\/www.meydan.tv\/az\/wp-json\/wp\/v2\/posts\/272397\/revisions"}],"predecessor-version":[{"id":272401,"href":"https:\/\/www.meydan.tv\/az\/wp-json\/wp\/v2\/posts\/272397\/revisions\/272401"}],"wp:featuredmedia":[{"embeddable":true,"href":"https:\/\/www.meydan.tv\/az\/wp-json\/wp\/v2\/media\/272398"}],"wp:attachment":[{"href":"https:\/\/www.meydan.tv\/az\/wp-json\/wp\/v2\/media?parent=272397"}],"wp:term":[{"taxonomy":"category","embeddable":true,"href":"https:\/\/www.meydan.tv\/az\/wp-json\/wp\/v2\/categories?post=272397"},{"taxonomy":"post_tag","embeddable":true,"href":"https:\/\/www.meydan.tv\/az\/wp-json\/wp\/v2\/tags?post=272397"}],"curies":[{"name":"wp","href":"https:\/\/api.w.org\/{rel}","templated":true}]}}