{"id":272344,"date":"2023-04-07T15:22:07","date_gmt":"2023-04-07T11:22:07","guid":{"rendered":"https:\/\/www.meydan.tv\/?p=272344"},"modified":"2023-04-07T15:22:33","modified_gmt":"2023-04-07T11:22:33","slug":"ilkin-suleymanovun-atasi-ali-mehkemenin-sedrine-muraciet-etdi-bu-cinayete-eli-bulasmis-sexsler-tezyiq-gosterir","status":"publish","type":"post","link":"https:\/\/www.meydan.tv\/az\/article\/ilkin-suleymanovun-atasi-ali-mehkemenin-sedrine-muraciet-etdi-bu-cinayete-eli-bulasmis-sexsler-tezyiq-gosterir\/","title":{"rendered":"\u0130lkin S\u00fcleymanovun atas\u0131 Ali M\u0259hk\u0259m\u0259nin s\u0259drin\u0259 m\u00fcraci\u0259t etdi: \u201cBu cinay\u0259t\u0259 \u0259li bula\u015fm\u0131\u015f \u015f\u0259xsl\u0259r t\u0259zyiq g\u00f6st\u0259rir\u201d"},"content":{"rendered":"\n<p><\/p>\n\n\n\n<p><strong><em>\u201cHakim bir s\u0131ra vacib \u015fahidl\u0259ri \u00e7a\u011f\u0131r\u0131b dindirmir, telefon anten m\u0259lumatlar\u0131n\u0131 alm\u0131r, m\u0259hk\u0259m\u0259 prosesini t\u0259l\u0259sik yekunla\u015fd\u0131rma\u011fa \u00e7al\u0131\u015f\u0131r&#8230;\u201d<\/em><\/strong><\/p>\n\n\n\n<p>Tovuz rayonunun Dondar Qu\u015f\u00e7u k\u0259ndind\u0259 10 ya\u015fl\u0131 N\u0259rmin Quliyevan\u0131n o\u011furlanmas\u0131, 47 g\u00fcn sonra bu k\u0259ndd\u0259 yanm\u0131\u015f meyitin tap\u0131lmas\u0131yla ba\u011fl\u0131 m\u0259hk\u0259m\u0259 prosesinin h\u0259r iclas\u0131nda bu cinay\u0259t i\u015fiyl\u0259 ba\u011fl\u0131 yeni faktlar ortaya \u00e7\u0131x\u0131r. Azya\u015fl\u0131n\u0131 o\u011furlay\u0131b \u00f6ld\u00fcrm\u0259kd\u0259 ittiham olunan \u0130lkin S\u00fcleymanovun v\u0259kill\u0259rinin v\u0259sat\u0259ti \u0259sas\u0131nda m\u0259hk\u0259m\u0259y\u0259 \u00e7a\u011f\u0131r\u0131l\u0131an ekspertl\u0259rin dindirilm\u0259sil\u0259 bu i\u015fd\u0259ki ziddiyy\u0259tl\u0259r daha da artd\u0131.<\/p>\n\n\n\n<p>V\u0259kill\u0259r hesab edir ki, \u0130lkin S\u00fcleymanovun t\u0259qsirsizliyin\u0259 d\u0259lal\u0259t ed\u0259n dig\u0259r \u00e7oxsayl\u0131 m\u0259qamlar da var v\u0259 onlar\u0131n \u00fcz\u0259 \u00e7\u0131xar\u0131lmas\u0131 \u00fc\u00e7\u00fcn bir s\u0131ra ba\u015fqa \u015f\u0259xsl\u0259rin d\u0259 \u015fahid qismind\u0259 dindirilm\u0259si z\u0259ruridir. H\u0259min \u015f\u0259xsl\u0259rl\u0259 ba\u011fl\u0131 m\u0259hk\u0259m\u0259y\u0259 v\u0259sat\u0259tl\u0259r d\u0259 veribl\u0259r. Onlar\u0131n aras\u0131nda y\u00fcks\u0259k v\u0259zif\u0259d\u0259 \u00e7al\u0131\u015fan generaldan tutmu\u015f, m\u00fcst\u0259ntiq\u0259 q\u0259d\u0259r m\u00fcxt\u0259lif \u015f\u0259xsl\u0259rin adlar\u0131 var.<\/p>\n\n\n\n<p>Lakin \u0130lkin S\u00fcleymanovun atas\u0131 iddia edir ki, o\u011flunun t\u0259qsirsizliyini s\u00fcbut ed\u0259n faktlar ortaya \u00e7\u0131xd\u0131qca, hakim bu m\u0259hk\u0259m\u0259 prosesini t\u0259l\u0259sik yekunla\u015fd\u0131rma\u011fa \u00e7al\u0131\u015f\u0131r. \u0130brahim S\u00fcleymanov bu bar\u0259d\u0259 Ali M\u0259hk\u0259m\u0259nin yeni s\u0259dri \u0130nam K\u0259rimova m\u0259ktubunda yaz\u0131b.<\/p>\n\n\n\n<p>O vur\u011fulay\u0131b ki, uzun m\u00fcdd\u0259tdir G\u0259nc\u0259 A\u011f\u0131r Cinay\u0259tl\u0259r M\u0259hk\u0259m\u0259sind\u0259 ortaya \u00e7\u0131xan faktlar, cinay\u0259t i\u015find\u0259ki ziddiyy\u0259tl\u0259r o\u011flunun t\u0259qsirsiz oldu\u011funu, s\u00fcbutlar\u0131n saxtala\u015fd\u0131r\u0131ld\u0131\u011f\u0131n\u0131 v\u0259 cinay\u0259tin \u0130lkin S\u00fcleymanovun \u00fcz\u0259rin\u0259 at\u0131ld\u0131\u011f\u0131n\u0131 t\u0259sdiql\u0259yir. <\/p>\n\n\n\n<p><em>\u201c\u018fsl qatill\u0259rin \u00fcz\u0259 \u00e7\u0131xar\u0131lmas\u0131n\u0131 t\u0259min ed\u0259 bil\u0259c\u0259k b\u00fct\u00fcn faktlar prokurorluq t\u0259r\u0259find\u0259n m\u0259qs\u0259dli \u015f\u0259kild\u0259 saxtala\u015fd\u0131r\u0131l\u0131b. O\u011flum planl\u0131 \u015f\u0259kild\u0259 bu cinay\u0259tin qurban\u0131na \u00e7evrilib. \u0130lkinin bu cinay\u0259t hadis\u0259si il\u0259 he\u00e7 bir \u0259laq\u0259sinin olmad\u0131\u011f\u0131 i\u015f\u0259 baxan m\u0259hk\u0259m\u0259y\u0259 d\u0259 m\u0259lumdur. Lakin m\u0259hk\u0259m\u0259 bu i\u015f \u00fczr\u0259 qanuni v\u0259 \u0259dal\u0259tli h\u00f6km \u00e7\u0131xarmaq niyy\u0259tind\u0259 deyil. \u018fll\u0259ri bu amans\u0131z cinay\u0259t\u0259 bula\u015fm\u0131\u015f \u015f\u0259xsl\u0259r m\u0259hk\u0259m\u0259nin i\u015fin\u0259 ciddi mane\u0259l\u0259r t\u00f6r\u0259dir. \u0130nam K\u0259rimovun Ali M\u0259hk\u0259m\u0259y\u0259 yeni s\u0259dr t\u0259yin edilm\u0259si bu cinay\u0259t\u0259 \u0259ll\u0259ri bula\u015fm\u0131\u015f \u015f\u0259xsl\u0259rin narahatl\u0131\u011f\u0131n\u0131 daha da art\u0131r\u0131b. Onlar t\u0259l\u0259m-t\u0259l\u0259sik qanunsuz ittiham h\u00f6km\u00fcn\u00fcn \u00e7\u0131xar\u0131lmas\u0131na, bununla da cinay\u0259tkar f\u0259aliyy\u0259tl\u0259rini \u00f6st-basd\u0131r etm\u0259y\u0259 \u00e7al\u0131\u015f\u0131rlar. Bu, m\u0259hk\u0259m\u0259nin d\u0259 davran\u0131\u015flar\u0131ndan ayd\u0131n sezilir\u201d.<\/em><\/p>\n\n\n<div class=\"wp-block-image\">\n<figure class=\"alignright size-full is-resized\"><img decoding=\"async\" data-src=\"https:\/\/www.meydan.tv\/wp-content\/uploads\/untitled-design-15-3.jpg\" alt=\"\" class=\"wp-image-243385 lazyload\" width=\"496\" height=\"330\" src=\"data:image\/svg+xml;base64,PHN2ZyB3aWR0aD0iMSIgaGVpZ2h0PSIxIiB4bWxucz0iaHR0cDovL3d3dy53My5vcmcvMjAwMC9zdmciPjwvc3ZnPg==\" style=\"--smush-placeholder-width: 496px; --smush-placeholder-aspect-ratio: 496\/330;\" \/><figcaption class=\"wp-element-caption\">\u0130brahim S\u00fcleymanov. Foto: Meydan TV<\/figcaption><\/figure>\n<\/div>\n\n\n<p>\u0130brahim S\u00fcleymanov bildirir ki, v\u0259kill\u0259r uzun m\u00fcdd\u0259tdir m\u0259hk\u0259m\u0259y\u0259 v\u0259sat\u0259t t\u0259qdim edibl\u0259r. Onlar istintaqa t\u0259qdim etdikl\u0259ri alternativ m\u00fct\u0259x\u0259ssis r\u0259yinin m\u0259hk\u0259m\u0259d\u0259 elan olunmas\u0131n\u0131, i\u015f \u00fc\u00e7\u00fcn vacib \u0259h\u0259miyy\u0259t k\u0259sb ed\u0259n \u015fahidl\u0259rin dindirilm\u0259sini, i\u015fd\u0259 adlar\u0131 ke\u00e7\u0259n bir s\u0131ra \u015f\u0259xsl\u0259rin telefon dan\u0131\u015f\u0131qlar\u0131yla ba\u011fl\u0131 m\u0259lumatlar\u0131n al\u0131nmas\u0131n\u0131 ist\u0259yirl\u0259r:<\/p>\n\n\n\n<p><em>\u201cTelefon m\u0259lumatlar\u0131n\u0131n al\u0131nmas\u0131n\u0131 ist\u0259diyimiz adamlar aras\u0131nda meyitin evimizin qar\u015f\u0131s\u0131na at\u0131lmas\u0131nda, o\u011flumun \u015f\u0259rl\u0259nib h\u0259bs olunmas\u0131nda i\u015ftirak ed\u0259n polis i\u015f\u00e7il\u0259ri d\u0259 var. Lakin bu v\u0259sat\u0259tl\u0259r t\u0259min olunmur. T\u0259min edil\u0259n b\u0259zi v\u0259sat\u0259tl\u0259r is\u0259 icra olunmay\u0131b. Buna baxmayaraq m\u0259hk\u0259m\u0259 prosesini t\u0259l\u0259m-t\u0259l\u0259sik yekunla\u015fd\u0131rma\u011fa \u00e7al\u0131\u015f\u0131rlar. Bu m\u0259qs\u0259dl\u0259 hakim, h\u0259tta v\u0259kill\u0259rimiz\u0259 t\u0259zyiq g\u00f6st\u0259rm\u0259kd\u0259n d\u0259 \u00e7\u0259kinmir. B\u00fct\u00fcn bunlar\u0131 n\u0259z\u0259r\u0259 alaraq, m\u0259hk\u0259m\u0259y\u0259 k\u0259nardan edil\u0259n t\u0259zyiql\u0259rin, el\u0259c\u0259 d\u0259 m\u0259hk\u0259m\u0259nin \u00f6z\u00fc t\u0259r\u0259find\u0259n t\u00f6r\u0259dil\u0259n qanunsuzluqlar\u0131n qar\u015f\u0131s\u0131n\u0131n al\u0131nmas\u0131, qanuni v\u0259 \u0259dal\u0259tli h\u00f6km \u00e7\u0131xar\u0131lmas\u0131n\u0131n t\u0259min edilm\u0259si \u00fc\u00e7\u00fcn g\u00f6st\u0259ri\u015f verm\u0259yinizi, bu i\u015fi \u015f\u0259xsi n\u0259zar\u0259tiniz\u0259 g\u00f6t\u00fcrm\u0259yinizi xahi\u015f edir\u0259m\u201d.<\/em><\/p>\n\n\n\n<p>1973-c\u00fc il t\u0259v\u0259ll\u00fcdl\u00fc \u0130lkin S\u00fcleymanov Cinay\u0259t M\u0259c\u0259ll\u0259sinin 120.2.4 (x\u00fcsusi amans\u0131zl\u0131qla q\u0259sd\u0259n adam \u00f6ld\u00fcrm\u0259), 120.2.9 (t\u0259qsirkar \u015f\u0259xs \u00fc\u00e7\u00fcn a\u015fkar sur\u0259td\u0259 k\u00f6m\u0259ksiz v\u0259ziyy\u0259td\u0259 olan adam\u0131 q\u0259sd\u0259n \u00f6ld\u00fcrm\u0259), 133.2.1 (o\u011furlanm\u0131\u015f \u015f\u0259xs\u0259 \u0259zab verm\u0259), 133.2.4 (yetkinlik ya\u015f\u0131na \u00e7atmayan, k\u00f6m\u0259ksiz v\u0259ziyy\u0259td\u0259 olan \u015f\u0259xs\u0259 \u0259zab verm\u0259), 144-c\u00fc (adam o\u011furlu\u011fu) madd\u0259l\u0259ril\u0259 ittiham olunur.<\/p>\n\n\n\n<p>\u0130ttihama \u0259sas\u0259n, o, sinif yolda\u015f\u0131 \u015e\u0259rif Quliyevin ail\u0259si, u\u015faqlar\u0131 oldu\u011funa g\u00f6r\u0259 onu q\u0131sqan\u0131b, buna g\u00f6r\u0259 d\u0259 onun q\u0131z\u0131 N\u0259rmini o\u011furlayaraq, 47 g\u00fcn sonra q\u0259tl\u0259 yetirib.<\/p>\n\n\n\n<p>\u0130lkin S\u00fcleymanov is\u0259 azya\u015fl\u0131n\u0131n \u00f6l\u00fcm\u00fcn\u0259 aidiyy\u0259ti olmad\u0131\u011f\u0131n\u0131 deyir. \u0130lkin ifad\u0259sind\u0259ki etirafa g\u0259linc\u0259, o bildirib ki, 2020-ci il yanvar\u0131n 6-dan 10-na q\u0259d\u0259r Tovuz rayon Polis \u015e\u00f6b\u0259sind\u0259 i\u015fg\u0259nc\u0259y\u0259 m\u0259ruz qal\u0131b. D\u00f6rd g\u00fcn sonra i\u015fg\u0259nc\u0259l\u0259r\u0259 d\u00f6zm\u0259y\u0259r\u0259k, etiraf ifad\u0259sin\u0259 imza atma\u011fa m\u0259cbur olub.<br>Ba\u015f Prokurorluq is\u0259 i\u015fg\u0259nc\u0259 iddialar\u0131n\u0131 t\u0259kzib edib.<\/p>\n","protected":false},"excerpt":{"rendered":"<p>\u201cHakim bir s\u0131ra vacib \u015fahidl\u0259ri \u00e7a\u011f\u0131r\u0131b dindirmir, telefon anten m\u0259lumatlar\u0131n\u0131 &#8230; <\/p>\n<p class=\"read-more-container\"><a title=\"\u0130lkin S\u00fcleymanovun atas\u0131 Ali M\u0259hk\u0259m\u0259nin s\u0259drin\u0259 m\u00fcraci\u0259t etdi: \u201cBu cinay\u0259t\u0259 \u0259li bula\u015fm\u0131\u015f \u015f\u0259xsl\u0259r t\u0259zyiq g\u00f6st\u0259rir\u201d\" class=\"read-more button\" href=\"https:\/\/www.meydan.tv\/az\/article\/ilkin-suleymanovun-atasi-ali-mehkemenin-sedrine-muraciet-etdi-bu-cinayete-eli-bulasmis-sexsler-tezyiq-gosterir\/#more-272344\" aria-label=\"Read more about \u0130lkin S\u00fcleymanovun atas\u0131 Ali M\u0259hk\u0259m\u0259nin s\u0259drin\u0259 m\u00fcraci\u0259t etdi: \u201cBu cinay\u0259t\u0259 \u0259li bula\u015fm\u0131\u015f \u015f\u0259xsl\u0259r t\u0259zyiq g\u00f6st\u0259rir\u201d\">Davam\u0131<\/a><\/p>\n","protected":false},"author":8,"featured_media":241424,"comment_status":"closed","ping_status":"closed","sticky":false,"template":"","format":"standard","meta":{"_acf_changed":false,"_sitemap_exclude":false,"_sitemap_priority":"","_sitemap_frequency":"","footnotes":""},"categories":[60,88,56],"tags":[],"class_list":["post-272344","post","type-post","status-publish","format-standard","has-post-thumbnail","hentry","category-bolge","category-redaktor-secimi","category-xeberler","infinite-scroll-item","generate-columns","tablet-grid-50","mobile-grid-100","grid-parent","grid-33","no-featured-image-padding"],"acf":[],"yoast_head":"<!-- This site is optimized with the Yoast SEO plugin v27.5 - https:\/\/yoast.com\/product\/yoast-seo-wordpress\/ -->\n<title>\u0130lkin S\u00fcleymanovun atas\u0131 Ali M\u0259hk\u0259m\u0259nin s\u0259drin\u0259 m\u00fcraci\u0259t etdi: \u201cBu cinay\u0259t\u0259 \u0259li bula\u015fm\u0131\u015f \u015f\u0259xsl\u0259r t\u0259zyiq g\u00f6st\u0259rir\u201d - MEYDAN.TV<\/title>\n<meta name=\"robots\" content=\"index, follow, max-snippet:-1, max-image-preview:large, max-video-preview:-1\" \/>\n<link rel=\"canonical\" href=\"https:\/\/www.meydan.tv\/az\/article\/ilkin-suleymanovun-atasi-ali-mehkemenin-sedrine-muraciet-etdi-bu-cinayete-eli-bulasmis-sexsler-tezyiq-gosterir\/\" \/>\n<meta property=\"og:locale\" content=\"az_AZ\" \/>\n<meta property=\"og:type\" content=\"article\" \/>\n<meta property=\"og:title\" content=\"\u0130lkin S\u00fcleymanovun atas\u0131 Ali M\u0259hk\u0259m\u0259nin s\u0259drin\u0259 m\u00fcraci\u0259t etdi: \u201cBu cinay\u0259t\u0259 \u0259li bula\u015fm\u0131\u015f \u015f\u0259xsl\u0259r t\u0259zyiq g\u00f6st\u0259rir\u201d - MEYDAN.TV\" \/>\n<meta property=\"og:description\" content=\"\u201cHakim bir s\u0131ra vacib \u015fahidl\u0259ri \u00e7a\u011f\u0131r\u0131b dindirmir, telefon anten m\u0259lumatlar\u0131n\u0131 ... Davam\u0131\" \/>\n<meta property=\"og:url\" content=\"https:\/\/www.meydan.tv\/az\/article\/ilkin-suleymanovun-atasi-ali-mehkemenin-sedrine-muraciet-etdi-bu-cinayete-eli-bulasmis-sexsler-tezyiq-gosterir\/\" \/>\n<meta property=\"og:site_name\" content=\"MEYDAN.TV\" \/>\n<meta property=\"article:published_time\" content=\"2023-04-07T11:22:07+00:00\" \/>\n<meta property=\"article:modified_time\" content=\"2023-04-07T11:22:33+00:00\" \/>\n<meta property=\"og:image\" content=\"https:\/\/www.meydan.tv\/wp-content\/uploads\/photo-2022-04-11-16-04-01-e1649746574597.jpg\" \/>\n\t<meta property=\"og:image:width\" content=\"1200\" \/>\n\t<meta property=\"og:image:height\" content=\"711\" \/>\n\t<meta property=\"og:image:type\" content=\"image\/jpeg\" \/>\n<meta name=\"author\" content=\"elli\" \/>\n<meta name=\"twitter:card\" content=\"summary_large_image\" \/>\n<meta name=\"twitter:creator\" content=\"@elli\" \/>\n<script type=\"application\/ld+json\" class=\"yoast-schema-graph\">{\"@context\":\"https:\\\/\\\/schema.org\",\"@graph\":[{\"@type\":\"Article\",\"@id\":\"https:\\\/\\\/www.meydan.tv\\\/az\\\/article\\\/ilkin-suleymanovun-atasi-ali-mehkemenin-sedrine-muraciet-etdi-bu-cinayete-eli-bulasmis-sexsler-tezyiq-gosterir\\\/#article\",\"isPartOf\":{\"@id\":\"https:\\\/\\\/www.meydan.tv\\\/az\\\/article\\\/ilkin-suleymanovun-atasi-ali-mehkemenin-sedrine-muraciet-etdi-bu-cinayete-eli-bulasmis-sexsler-tezyiq-gosterir\\\/\"},\"author\":{\"name\":\"elli\",\"@id\":\"https:\\\/\\\/www.meydan.tv\\\/az\\\/#\\\/schema\\\/person\\\/9cdbecf90d17180ce1dfbd95b08dcf47\"},\"headline\":\"\u0130lkin S\u00fcleymanovun atas\u0131 Ali M\u0259hk\u0259m\u0259nin s\u0259drin\u0259 m\u00fcraci\u0259t etdi: \u201cBu cinay\u0259t\u0259 \u0259li bula\u015fm\u0131\u015f \u015f\u0259xsl\u0259r t\u0259zyiq g\u00f6st\u0259rir\u201d\",\"datePublished\":\"2023-04-07T11:22:07+00:00\",\"dateModified\":\"2023-04-07T11:22:33+00:00\",\"mainEntityOfPage\":{\"@id\":\"https:\\\/\\\/www.meydan.tv\\\/az\\\/article\\\/ilkin-suleymanovun-atasi-ali-mehkemenin-sedrine-muraciet-etdi-bu-cinayete-eli-bulasmis-sexsler-tezyiq-gosterir\\\/\"},\"wordCount\":988,\"publisher\":{\"@id\":\"https:\\\/\\\/www.meydan.tv\\\/az\\\/#organization\"},\"image\":{\"@id\":\"https:\\\/\\\/www.meydan.tv\\\/az\\\/article\\\/ilkin-suleymanovun-atasi-ali-mehkemenin-sedrine-muraciet-etdi-bu-cinayete-eli-bulasmis-sexsler-tezyiq-gosterir\\\/#primaryimage\"},\"thumbnailUrl\":\"https:\\\/\\\/www.meydan.tv\\\/wp-content\\\/uploads\\\/photo-2022-04-11-16-04-01-e1685950918665.jpg\",\"articleSection\":[\"B\u00f6lg\u0259\",\"Redaktor se\u00e7imi\",\"X\u0259b\u0259rl\u0259r\"],\"inLanguage\":\"az\"},{\"@type\":\"WebPage\",\"@id\":\"https:\\\/\\\/www.meydan.tv\\\/az\\\/article\\\/ilkin-suleymanovun-atasi-ali-mehkemenin-sedrine-muraciet-etdi-bu-cinayete-eli-bulasmis-sexsler-tezyiq-gosterir\\\/\",\"url\":\"https:\\\/\\\/www.meydan.tv\\\/az\\\/article\\\/ilkin-suleymanovun-atasi-ali-mehkemenin-sedrine-muraciet-etdi-bu-cinayete-eli-bulasmis-sexsler-tezyiq-gosterir\\\/\",\"name\":\"\u0130lkin S\u00fcleymanovun atas\u0131 Ali M\u0259hk\u0259m\u0259nin s\u0259drin\u0259 m\u00fcraci\u0259t etdi: \u201cBu cinay\u0259t\u0259 \u0259li bula\u015fm\u0131\u015f \u015f\u0259xsl\u0259r t\u0259zyiq g\u00f6st\u0259rir\u201d - MEYDAN.TV\",\"isPartOf\":{\"@id\":\"https:\\\/\\\/www.meydan.tv\\\/az\\\/#website\"},\"primaryImageOfPage\":{\"@id\":\"https:\\\/\\\/www.meydan.tv\\\/az\\\/article\\\/ilkin-suleymanovun-atasi-ali-mehkemenin-sedrine-muraciet-etdi-bu-cinayete-eli-bulasmis-sexsler-tezyiq-gosterir\\\/#primaryimage\"},\"image\":{\"@id\":\"https:\\\/\\\/www.meydan.tv\\\/az\\\/article\\\/ilkin-suleymanovun-atasi-ali-mehkemenin-sedrine-muraciet-etdi-bu-cinayete-eli-bulasmis-sexsler-tezyiq-gosterir\\\/#primaryimage\"},\"thumbnailUrl\":\"https:\\\/\\\/www.meydan.tv\\\/wp-content\\\/uploads\\\/photo-2022-04-11-16-04-01-e1685950918665.jpg\",\"datePublished\":\"2023-04-07T11:22:07+00:00\",\"dateModified\":\"2023-04-07T11:22:33+00:00\",\"breadcrumb\":{\"@id\":\"https:\\\/\\\/www.meydan.tv\\\/az\\\/article\\\/ilkin-suleymanovun-atasi-ali-mehkemenin-sedrine-muraciet-etdi-bu-cinayete-eli-bulasmis-sexsler-tezyiq-gosterir\\\/#breadcrumb\"},\"inLanguage\":\"az\",\"potentialAction\":[{\"@type\":\"ReadAction\",\"target\":[\"https:\\\/\\\/www.meydan.tv\\\/az\\\/article\\\/ilkin-suleymanovun-atasi-ali-mehkemenin-sedrine-muraciet-etdi-bu-cinayete-eli-bulasmis-sexsler-tezyiq-gosterir\\\/\"]}]},{\"@type\":\"ImageObject\",\"inLanguage\":\"az\",\"@id\":\"https:\\\/\\\/www.meydan.tv\\\/az\\\/article\\\/ilkin-suleymanovun-atasi-ali-mehkemenin-sedrine-muraciet-etdi-bu-cinayete-eli-bulasmis-sexsler-tezyiq-gosterir\\\/#primaryimage\",\"url\":\"https:\\\/\\\/www.meydan.tv\\\/wp-content\\\/uploads\\\/photo-2022-04-11-16-04-01-e1685950918665.jpg\",\"contentUrl\":\"https:\\\/\\\/www.meydan.tv\\\/wp-content\\\/uploads\\\/photo-2022-04-11-16-04-01-e1685950918665.jpg\",\"width\":1200,\"height\":450,\"caption\":\"\u0130lkin S\u00fcleymanov. Foto: Meydan TV\"},{\"@type\":\"BreadcrumbList\",\"@id\":\"https:\\\/\\\/www.meydan.tv\\\/az\\\/article\\\/ilkin-suleymanovun-atasi-ali-mehkemenin-sedrine-muraciet-etdi-bu-cinayete-eli-bulasmis-sexsler-tezyiq-gosterir\\\/#breadcrumb\",\"itemListElement\":[{\"@type\":\"ListItem\",\"position\":1,\"name\":\"Ana s\u0259hif\u0259\",\"item\":\"https:\\\/\\\/www.meydan.tv\\\/az\\\/\"},{\"@type\":\"ListItem\",\"position\":2,\"name\":\"B\u00f6lg\u0259\",\"item\":\"https:\\\/\\\/www.meydan.tv\\\/az\\\/section\\\/bolge\\\/\"},{\"@type\":\"ListItem\",\"position\":3,\"name\":\"\u0130lkin S\u00fcleymanovun atas\u0131 Ali M\u0259hk\u0259m\u0259nin s\u0259drin\u0259 m\u00fcraci\u0259t etdi: \u201cBu cinay\u0259t\u0259 \u0259li bula\u015fm\u0131\u015f \u015f\u0259xsl\u0259r t\u0259zyiq g\u00f6st\u0259rir\u201d\"}]},{\"@type\":\"WebSite\",\"@id\":\"https:\\\/\\\/www.meydan.tv\\\/az\\\/#website\",\"url\":\"https:\\\/\\\/www.meydan.tv\\\/az\\\/\",\"name\":\"MEYDAN.TV\",\"description\":\"Meydan TV Az\u0259rbaycan\u0131n media m\u0259kan\u0131ndak\u0131 alternativ s\u0259sidir\",\"publisher\":{\"@id\":\"https:\\\/\\\/www.meydan.tv\\\/az\\\/#organization\"},\"potentialAction\":[{\"@type\":\"SearchAction\",\"target\":{\"@type\":\"EntryPoint\",\"urlTemplate\":\"https:\\\/\\\/www.meydan.tv\\\/az\\\/?s={search_term_string}\"},\"query-input\":{\"@type\":\"PropertyValueSpecification\",\"valueRequired\":true,\"valueName\":\"search_term_string\"}}],\"inLanguage\":\"az\"},{\"@type\":\"Organization\",\"@id\":\"https:\\\/\\\/www.meydan.tv\\\/az\\\/#organization\",\"name\":\"Meydan TV\",\"url\":\"https:\\\/\\\/www.meydan.tv\\\/az\\\/\",\"logo\":{\"@type\":\"ImageObject\",\"inLanguage\":\"az\",\"@id\":\"https:\\\/\\\/www.meydan.tv\\\/az\\\/#\\\/schema\\\/logo\\\/image\\\/\",\"url\":\"https:\\\/\\\/www.meydan.tv\\\/wp-content\\\/uploads\\\/2021\\\/07\\\/meydan-logo.svg\",\"contentUrl\":\"https:\\\/\\\/www.meydan.tv\\\/wp-content\\\/uploads\\\/2021\\\/07\\\/meydan-logo.svg\",\"width\":195,\"height\":46,\"caption\":\"Meydan TV\"},\"image\":{\"@id\":\"https:\\\/\\\/www.meydan.tv\\\/az\\\/#\\\/schema\\\/logo\\\/image\\\/\"}},{\"@type\":\"Person\",\"@id\":\"https:\\\/\\\/www.meydan.tv\\\/az\\\/#\\\/schema\\\/person\\\/9cdbecf90d17180ce1dfbd95b08dcf47\",\"name\":\"elli\",\"sameAs\":[\"https:\\\/\\\/x.com\\\/elli\"]}]}<\/script>\n<!-- \/ Yoast SEO plugin. -->","yoast_head_json":{"title":"\u0130lkin S\u00fcleymanovun atas\u0131 Ali M\u0259hk\u0259m\u0259nin s\u0259drin\u0259 m\u00fcraci\u0259t etdi: \u201cBu cinay\u0259t\u0259 \u0259li bula\u015fm\u0131\u015f \u015f\u0259xsl\u0259r t\u0259zyiq g\u00f6st\u0259rir\u201d - MEYDAN.TV","robots":{"index":"index","follow":"follow","max-snippet":"max-snippet:-1","max-image-preview":"max-image-preview:large","max-video-preview":"max-video-preview:-1"},"canonical":"https:\/\/www.meydan.tv\/az\/article\/ilkin-suleymanovun-atasi-ali-mehkemenin-sedrine-muraciet-etdi-bu-cinayete-eli-bulasmis-sexsler-tezyiq-gosterir\/","og_locale":"az_AZ","og_type":"article","og_title":"\u0130lkin S\u00fcleymanovun atas\u0131 Ali M\u0259hk\u0259m\u0259nin s\u0259drin\u0259 m\u00fcraci\u0259t etdi: \u201cBu cinay\u0259t\u0259 \u0259li bula\u015fm\u0131\u015f \u015f\u0259xsl\u0259r t\u0259zyiq g\u00f6st\u0259rir\u201d - MEYDAN.TV","og_description":"\u201cHakim bir s\u0131ra vacib \u015fahidl\u0259ri \u00e7a\u011f\u0131r\u0131b dindirmir, telefon anten m\u0259lumatlar\u0131n\u0131 ... Davam\u0131","og_url":"https:\/\/www.meydan.tv\/az\/article\/ilkin-suleymanovun-atasi-ali-mehkemenin-sedrine-muraciet-etdi-bu-cinayete-eli-bulasmis-sexsler-tezyiq-gosterir\/","og_site_name":"MEYDAN.TV","article_published_time":"2023-04-07T11:22:07+00:00","article_modified_time":"2023-04-07T11:22:33+00:00","og_image":[{"width":1200,"height":711,"url":"https:\/\/www.meydan.tv\/wp-content\/uploads\/photo-2022-04-11-16-04-01-e1649746574597.jpg","type":"image\/jpeg"}],"author":"elli","twitter_card":"summary_large_image","twitter_creator":"@elli","schema":{"@context":"https:\/\/schema.org","@graph":[{"@type":"Article","@id":"https:\/\/www.meydan.tv\/az\/article\/ilkin-suleymanovun-atasi-ali-mehkemenin-sedrine-muraciet-etdi-bu-cinayete-eli-bulasmis-sexsler-tezyiq-gosterir\/#article","isPartOf":{"@id":"https:\/\/www.meydan.tv\/az\/article\/ilkin-suleymanovun-atasi-ali-mehkemenin-sedrine-muraciet-etdi-bu-cinayete-eli-bulasmis-sexsler-tezyiq-gosterir\/"},"author":{"name":"elli","@id":"https:\/\/www.meydan.tv\/az\/#\/schema\/person\/9cdbecf90d17180ce1dfbd95b08dcf47"},"headline":"\u0130lkin S\u00fcleymanovun atas\u0131 Ali M\u0259hk\u0259m\u0259nin s\u0259drin\u0259 m\u00fcraci\u0259t etdi: \u201cBu cinay\u0259t\u0259 \u0259li bula\u015fm\u0131\u015f \u015f\u0259xsl\u0259r t\u0259zyiq g\u00f6st\u0259rir\u201d","datePublished":"2023-04-07T11:22:07+00:00","dateModified":"2023-04-07T11:22:33+00:00","mainEntityOfPage":{"@id":"https:\/\/www.meydan.tv\/az\/article\/ilkin-suleymanovun-atasi-ali-mehkemenin-sedrine-muraciet-etdi-bu-cinayete-eli-bulasmis-sexsler-tezyiq-gosterir\/"},"wordCount":988,"publisher":{"@id":"https:\/\/www.meydan.tv\/az\/#organization"},"image":{"@id":"https:\/\/www.meydan.tv\/az\/article\/ilkin-suleymanovun-atasi-ali-mehkemenin-sedrine-muraciet-etdi-bu-cinayete-eli-bulasmis-sexsler-tezyiq-gosterir\/#primaryimage"},"thumbnailUrl":"https:\/\/www.meydan.tv\/wp-content\/uploads\/photo-2022-04-11-16-04-01-e1685950918665.jpg","articleSection":["B\u00f6lg\u0259","Redaktor se\u00e7imi","X\u0259b\u0259rl\u0259r"],"inLanguage":"az"},{"@type":"WebPage","@id":"https:\/\/www.meydan.tv\/az\/article\/ilkin-suleymanovun-atasi-ali-mehkemenin-sedrine-muraciet-etdi-bu-cinayete-eli-bulasmis-sexsler-tezyiq-gosterir\/","url":"https:\/\/www.meydan.tv\/az\/article\/ilkin-suleymanovun-atasi-ali-mehkemenin-sedrine-muraciet-etdi-bu-cinayete-eli-bulasmis-sexsler-tezyiq-gosterir\/","name":"\u0130lkin S\u00fcleymanovun atas\u0131 Ali M\u0259hk\u0259m\u0259nin s\u0259drin\u0259 m\u00fcraci\u0259t etdi: \u201cBu cinay\u0259t\u0259 \u0259li bula\u015fm\u0131\u015f \u015f\u0259xsl\u0259r t\u0259zyiq g\u00f6st\u0259rir\u201d - MEYDAN.TV","isPartOf":{"@id":"https:\/\/www.meydan.tv\/az\/#website"},"primaryImageOfPage":{"@id":"https:\/\/www.meydan.tv\/az\/article\/ilkin-suleymanovun-atasi-ali-mehkemenin-sedrine-muraciet-etdi-bu-cinayete-eli-bulasmis-sexsler-tezyiq-gosterir\/#primaryimage"},"image":{"@id":"https:\/\/www.meydan.tv\/az\/article\/ilkin-suleymanovun-atasi-ali-mehkemenin-sedrine-muraciet-etdi-bu-cinayete-eli-bulasmis-sexsler-tezyiq-gosterir\/#primaryimage"},"thumbnailUrl":"https:\/\/www.meydan.tv\/wp-content\/uploads\/photo-2022-04-11-16-04-01-e1685950918665.jpg","datePublished":"2023-04-07T11:22:07+00:00","dateModified":"2023-04-07T11:22:33+00:00","breadcrumb":{"@id":"https:\/\/www.meydan.tv\/az\/article\/ilkin-suleymanovun-atasi-ali-mehkemenin-sedrine-muraciet-etdi-bu-cinayete-eli-bulasmis-sexsler-tezyiq-gosterir\/#breadcrumb"},"inLanguage":"az","potentialAction":[{"@type":"ReadAction","target":["https:\/\/www.meydan.tv\/az\/article\/ilkin-suleymanovun-atasi-ali-mehkemenin-sedrine-muraciet-etdi-bu-cinayete-eli-bulasmis-sexsler-tezyiq-gosterir\/"]}]},{"@type":"ImageObject","inLanguage":"az","@id":"https:\/\/www.meydan.tv\/az\/article\/ilkin-suleymanovun-atasi-ali-mehkemenin-sedrine-muraciet-etdi-bu-cinayete-eli-bulasmis-sexsler-tezyiq-gosterir\/#primaryimage","url":"https:\/\/www.meydan.tv\/wp-content\/uploads\/photo-2022-04-11-16-04-01-e1685950918665.jpg","contentUrl":"https:\/\/www.meydan.tv\/wp-content\/uploads\/photo-2022-04-11-16-04-01-e1685950918665.jpg","width":1200,"height":450,"caption":"\u0130lkin S\u00fcleymanov. Foto: Meydan TV"},{"@type":"BreadcrumbList","@id":"https:\/\/www.meydan.tv\/az\/article\/ilkin-suleymanovun-atasi-ali-mehkemenin-sedrine-muraciet-etdi-bu-cinayete-eli-bulasmis-sexsler-tezyiq-gosterir\/#breadcrumb","itemListElement":[{"@type":"ListItem","position":1,"name":"Ana s\u0259hif\u0259","item":"https:\/\/www.meydan.tv\/az\/"},{"@type":"ListItem","position":2,"name":"B\u00f6lg\u0259","item":"https:\/\/www.meydan.tv\/az\/section\/bolge\/"},{"@type":"ListItem","position":3,"name":"\u0130lkin S\u00fcleymanovun atas\u0131 Ali M\u0259hk\u0259m\u0259nin s\u0259drin\u0259 m\u00fcraci\u0259t etdi: \u201cBu cinay\u0259t\u0259 \u0259li bula\u015fm\u0131\u015f \u015f\u0259xsl\u0259r t\u0259zyiq g\u00f6st\u0259rir\u201d"}]},{"@type":"WebSite","@id":"https:\/\/www.meydan.tv\/az\/#website","url":"https:\/\/www.meydan.tv\/az\/","name":"MEYDAN.TV","description":"Meydan TV Az\u0259rbaycan\u0131n media m\u0259kan\u0131ndak\u0131 alternativ s\u0259sidir","publisher":{"@id":"https:\/\/www.meydan.tv\/az\/#organization"},"potentialAction":[{"@type":"SearchAction","target":{"@type":"EntryPoint","urlTemplate":"https:\/\/www.meydan.tv\/az\/?s={search_term_string}"},"query-input":{"@type":"PropertyValueSpecification","valueRequired":true,"valueName":"search_term_string"}}],"inLanguage":"az"},{"@type":"Organization","@id":"https:\/\/www.meydan.tv\/az\/#organization","name":"Meydan TV","url":"https:\/\/www.meydan.tv\/az\/","logo":{"@type":"ImageObject","inLanguage":"az","@id":"https:\/\/www.meydan.tv\/az\/#\/schema\/logo\/image\/","url":"https:\/\/www.meydan.tv\/wp-content\/uploads\/2021\/07\/meydan-logo.svg","contentUrl":"https:\/\/www.meydan.tv\/wp-content\/uploads\/2021\/07\/meydan-logo.svg","width":195,"height":46,"caption":"Meydan TV"},"image":{"@id":"https:\/\/www.meydan.tv\/az\/#\/schema\/logo\/image\/"}},{"@type":"Person","@id":"https:\/\/www.meydan.tv\/az\/#\/schema\/person\/9cdbecf90d17180ce1dfbd95b08dcf47","name":"elli","sameAs":["https:\/\/x.com\/elli"]}]}},"_links":{"self":[{"href":"https:\/\/www.meydan.tv\/az\/wp-json\/wp\/v2\/posts\/272344","targetHints":{"allow":["GET"]}}],"collection":[{"href":"https:\/\/www.meydan.tv\/az\/wp-json\/wp\/v2\/posts"}],"about":[{"href":"https:\/\/www.meydan.tv\/az\/wp-json\/wp\/v2\/types\/post"}],"author":[{"embeddable":true,"href":"https:\/\/www.meydan.tv\/az\/wp-json\/wp\/v2\/users\/8"}],"replies":[{"embeddable":true,"href":"https:\/\/www.meydan.tv\/az\/wp-json\/wp\/v2\/comments?post=272344"}],"version-history":[{"count":1,"href":"https:\/\/www.meydan.tv\/az\/wp-json\/wp\/v2\/posts\/272344\/revisions"}],"predecessor-version":[{"id":272345,"href":"https:\/\/www.meydan.tv\/az\/wp-json\/wp\/v2\/posts\/272344\/revisions\/272345"}],"wp:featuredmedia":[{"embeddable":true,"href":"https:\/\/www.meydan.tv\/az\/wp-json\/wp\/v2\/media\/241424"}],"wp:attachment":[{"href":"https:\/\/www.meydan.tv\/az\/wp-json\/wp\/v2\/media?parent=272344"}],"wp:term":[{"taxonomy":"category","embeddable":true,"href":"https:\/\/www.meydan.tv\/az\/wp-json\/wp\/v2\/categories?post=272344"},{"taxonomy":"post_tag","embeddable":true,"href":"https:\/\/www.meydan.tv\/az\/wp-json\/wp\/v2\/tags?post=272344"}],"curies":[{"name":"wp","href":"https:\/\/api.w.org\/{rel}","templated":true}]}}