{"id":272280,"date":"2023-04-06T17:45:53","date_gmt":"2023-04-06T13:45:53","guid":{"rendered":"https:\/\/www.meydan.tv\/?p=272280"},"modified":"2023-04-06T17:45:56","modified_gmt":"2023-04-06T13:45:56","slug":"xacmaz-sakini-heyetyani-torpaq-sahesinin-menimsenildiyini-deyir","status":"publish","type":"post","link":"https:\/\/www.meydan.tv\/az\/article\/xacmaz-sakini-heyetyani-torpaq-sahesinin-menimsenildiyini-deyir\/","title":{"rendered":"Xa\u00e7maz sakini h\u0259y\u0259tyan\u0131 torpaq sah\u0259sinin m\u0259nims\u0259nildiyini deyir"},"content":{"rendered":"\n<p><\/p>\n\n\n\n<p><strong><em>&#8220;Hara m\u00fcraci\u0259t edir\u0259m, baxan yoxdur&#8221;<\/em><\/strong><\/p>\n\n\n\n<p><em>\u201cH\u0259yat yolda\u015f\u0131m 1995-ci ild\u0259 Xa\u00e7maz rayonu, Fariz B\u00fcnyadov k\u00fc\u00e7\u0259sind\u0259 m\u0259nim ad\u0131ma \u00fcmumi sah\u0259si 4 sot olan h\u0259y\u0259tyan\u0131 torpaq sah\u0259si alm\u0131\u015fd\u0131. Ev tikm\u0259k ist\u0259yirdik. Orada ya\u015fayan dig\u0259r qon\u015fular t\u0259r\u0259find\u0259n torpa\u011f\u0131m m\u0259nims\u0259nilib. Hara m\u00fcraci\u0259t edir\u0259m, baxan yoxdur\u201d.<\/em><\/p>\n\n\n\n<p>Bunu Meydan TV-y\u0259 Xa\u00e7maz rayonu, Mehdi H\u00fcseyn k\u00fc\u00e7\u0259si, 8 \u00fcnvanda ya\u015fayan F\u0259rid\u0259 Umud q\u0131z\u0131 Axundova deyir.<\/p>\n\n\n\n<p>\u015eikay\u0259t\u00e7i iddia edir ki, ona aid torpa\u011f\u0131n iki sotunu M\u0259tan\u0259t Abbasova, bir sotunu is\u0259 Emin Abbasov m\u0259nims\u0259yib:<\/p>\n\n\n\n<p>\u201c<em>Torpa\u011f\u0131m \u0259ld\u0259n gedir. Xa\u00e7mazda m\u0259nim i\u015fim\u0259 he\u00e7 kim baxm\u0131r. \u018flimizd\u0259 s\u0259n\u0259dl\u0259rd\u0259n torpa\u011f\u0131n q\u0259rar\u0131, bir d\u0259 ki kadastrd\u0131r. \u00c7\u0131xar\u0131\u015f ala bilm\u0259mi\u015f\u0259m, bunlar imkan vermir. D\u0259f\u0259l\u0259rl\u0259 polis\u0259 m\u00fcraci\u0259t etmi\u015f\u0259m. M\u0259hk\u0259m\u0259 d\u0259 bunlar\u0131n t\u0259r\u0259find\u0259dir. B\u0259l\u0259diyy\u0259 deyir ki, qorxuram, onlara g\u00fcc\u00fcm \u00e7atm\u0131r\u201d.<\/em><\/p>\n\n\n\n<p><em>\u201c1995-ci ild\u0259 torpa\u011f\u0131 alandan sonra ev tikm\u0259y\u0259 imkan\u0131m\u0131z olmad\u0131. Hasarlamaq ist\u0259mi\u015f\u0259m, h\u0259min qon\u015fular da\u011f\u0131d\u0131blar. Fundament qoymu\u015fam, onu da u\u00e7urublar. 2016-c\u0131 ild\u0259 m\u0259hk\u0259m\u0259y\u0259 m\u00fcraci\u0259t etdim, m\u0259hk\u0259m\u0259 q\u0259rar\u0131 il\u0259 torpaq m\u0259n\u0259 verildi. Yen\u0259 d\u0259 bu adamlar\u0131 \u00e7\u0131xara bilmir\u0259m. H\u0259r d\u0259f\u0259 ora ged\u0259nd\u0259 \u00fcz\u0259rim\u0259 h\u00fccum \u00e7\u0259kirl\u0259r, m\u0259ni vururlar. \u00dcst\u00fcm\u0259 it q\u0131sq\u0131rd\u0131rlar\u201d, <\/em>&#8211; dey\u0259 o bildirib.<\/p>\n\n\n\n<p>Xa\u00e7maz \u015e\u0259h\u0259r B\u0259l\u0259diyy\u0259sind\u0259n Meydan TV-y\u0259 bildirilib ki, sah\u0259 b\u0259l\u0259diyy\u0259 torpa\u011f\u0131 deyil.<\/p>\n\n\n\n<p>Da\u015f\u0131nmaz \u018fmlak\u0131n D\u00f6vl\u0259t Kadastr\u0131 v\u0259 Reyestrinin 5 sayl\u0131 Xa\u00e7maz \u018frazi \u0130dar\u0259sind\u0259n Meydan TV-nin z\u0259ngl\u0259ri cavabland\u0131r\u0131lmay\u0131b.<\/p>\n\n\n\n<p>Xa\u00e7maz Rayon M\u0259hk\u0259m\u0259sind\u0259n m\u0259s\u0259l\u0259y\u0259 m\u00fcnasib\u0259t bildirm\u0259k ist\u0259m\u0259yibl\u0259r.<\/p>\n\n\n\n<p>M\u0259tan\u0259t Abbasova Meydan TV-y\u0259 bildirib ki, F\u0259rid\u0259 Axundovan\u0131n iddialar\u0131 \u0259sass\u0131zd\u0131r.<\/p>\n\n\n\n<p>H\u0259tta m\u0259s\u0259l\u0259 m\u0259hk\u0259m\u0259 yolu il\u0259 h\u0259lli olunub:<em> \u201c\u018flimd\u0259 torpaq sah\u0259sinin \u00e7\u0131xar\u0131\u015f\u0131 var. F\u0259rid\u0259nin iddialar\u0131 \u0259sass\u0131zd\u0131r. Onun \u0259lind\u0259 s\u0259n\u0259di olmad\u0131\u011f\u0131 halda bizi m\u0259hk\u0259m\u0259y\u0259 vermi\u015fdi.<br>M\u0259hk\u0259m\u0259 prosesi d\u00fcz bir il uzand\u0131. S\u0259b\u0259b d\u0259 F\u0259rid\u0259nin da\u015f\u0131nmaz \u0259mlak\u0131n d\u00f6vl\u0259t reyestrinin apar\u0131lmas\u0131 m\u0259s\u0259l\u0259l\u0259ri il\u0259 \u0259laq\u0259dar r\u00fcsumu \u00f6d\u0259m\u0259m\u0259si idi. H\u0259tta hakim ona hirsl\u0259ndi ki, insanlar\u0131 \u0259l\u0259 salm\u0131san? Bir ildir camaat\u0131 Bak\u0131dan bura g\u0259tirirs\u0259n?\u201d<\/em><\/p>\n\n\n\n<p>M\u0259tan\u0259t Abbasovan\u0131n dediyin\u0259 g\u00f6r\u0259, h\u0259min \u0259razid\u0259n torpa\u011f\u0131 1989-cu ild\u0259 al\u0131blar.<\/p>\n\n\n\n<p>Onun s\u00f6zl\u0259rin\u0259 g\u00f6r\u0259, h\u0259min vaxt, \u0259razid\u0259 ya\u015fay\u0131\u015f olmay\u0131b:<\/p>\n\n\n\n<p><em>\u201cBiz orada yayda dinc\u0259lm\u0259k \u00fc\u00e7\u00fcn ev tikdik. Sonradan qonum-qon\u015fu g\u0259ldi. Orada quyular vard\u0131, \u00fcst\u00fcn\u00fc \u00f6rt\u00fcb, evl\u0259r tikibl\u0259r. Yolda\u015f\u0131mdan qalan torpaqd\u0131r. M\u0259n\u0259 he\u00e7 kimd\u0259n bir \u00e7\u00f6p d\u0259 laz\u0131m deyil. Kimins\u0259 torpa\u011f\u0131n\u0131 g\u00f6t\u00fcrm\u0259y\u0259 ehtiyac\u0131m da yoxdur. Deyir ki, m\u0259nim torpa\u011f\u0131m\u0131 m\u0259nims\u0259mis\u0259n. Halbuki onunla m\u0259nim evimin aras\u0131nda daha bir ev var. Ba\u015fa d\u00fc\u015f\u0259 bilmir\u0259m, h\u0259min adam\u0131n evini s\u00f6kd\u00fcr\u00fcb, m\u0259nim t\u0259r\u0259fim\u0259 ke\u00e7\u0259c\u0259k? Yax\u015f\u0131, torpa\u011f\u0131n \u00e7\u0131xar\u0131\u015f\u0131n\u0131 g\u00f6st\u0259rsin, \u0259g\u0259r torpaq onundursa, m\u0259n \u0259razini s\u00f6km\u0259y\u0259 haz\u0131ram. \u018flimd\u0259 s\u0259n\u0259dl\u0259rim var, el\u0259-bel\u0259 dan\u0131\u015fm\u0131ram\u201d.<\/em><\/p>\n\n\n\n<p>Dig\u0259r qon\u015fu Emin Abbasov Meydan TV-y\u0259 deyib ki, m\u0259s\u0259l\u0259y\u0259 iki d\u0259f\u0259 Xa\u00e7maz Rayon M\u0259hk\u0259m\u0259sind\u0259 bax\u0131l\u0131b v\u0259 h\u0259r ikisind\u0259 d\u0259 onunla M\u0259tan\u0259t Abbasovan\u0131n lehin\u0259 q\u0259rar verilib:<\/p>\n\n\n\n<p><em>\u201cM\u0259hk\u0259m\u0259nin gedi\u015fat\u0131nda reyestr idar\u0259sind\u0259n m\u0259s\u0259l\u0259 ayd\u0131nla\u015fd\u0131r\u0131l\u0131b. G\u0259lib, h\u0259min \u0259raziy\u0259 bax\u0131blar, yoxlay\u0131blar. F\u0259rid\u0259 xan\u0131m \u00f6z\u00fc d\u0259 prosesd\u0259 i\u015ftirak edib. Bizd\u0259 texniki pasport, \u00e7\u0131xar\u0131\u015f var. Onun \u0259lind\u0259 he\u00e7 bir s\u0259n\u0259di yoxdur. Sad\u0259c\u0259, bu xan\u0131m, m\u0259rdimazar adamd\u0131r, yap\u0131\u015f\u0131b, \u0259l \u00e7\u0259kmir\u201d.<\/em><\/p>\n","protected":false},"excerpt":{"rendered":"<p>&#8220;Hara m\u00fcraci\u0259t edir\u0259m, baxan yoxdur&#8221; \u201cH\u0259yat yolda\u015f\u0131m 1995-ci ild\u0259 Xa\u00e7maz &#8230; <\/p>\n<p class=\"read-more-container\"><a title=\"Xa\u00e7maz sakini h\u0259y\u0259tyan\u0131 torpaq sah\u0259sinin m\u0259nims\u0259nildiyini deyir\" class=\"read-more button\" href=\"https:\/\/www.meydan.tv\/az\/article\/xacmaz-sakini-heyetyani-torpaq-sahesinin-menimsenildiyini-deyir\/#more-272280\" aria-label=\"Read more about Xa\u00e7maz sakini h\u0259y\u0259tyan\u0131 torpaq sah\u0259sinin m\u0259nims\u0259nildiyini deyir\">Davam\u0131<\/a><\/p>\n","protected":false},"author":8,"featured_media":150536,"comment_status":"closed","ping_status":"closed","sticky":false,"template":"","format":"standard","meta":{"_acf_changed":false,"_sitemap_exclude":false,"_sitemap_priority":"","_sitemap_frequency":"","footnotes":""},"categories":[60,56],"tags":[],"class_list":["post-272280","post","type-post","status-publish","format-standard","has-post-thumbnail","hentry","category-bolge","category-xeberler","infinite-scroll-item","generate-columns","tablet-grid-50","mobile-grid-100","grid-parent","grid-33","no-featured-image-padding"],"acf":[],"yoast_head":"<!-- This site is optimized with the Yoast SEO plugin v27.5 - https:\/\/yoast.com\/product\/yoast-seo-wordpress\/ -->\n<title>Xa\u00e7maz sakini h\u0259y\u0259tyan\u0131 torpaq sah\u0259sinin m\u0259nims\u0259nildiyini deyir - MEYDAN.TV<\/title>\n<meta name=\"robots\" content=\"index, follow, max-snippet:-1, max-image-preview:large, max-video-preview:-1\" \/>\n<link rel=\"canonical\" href=\"https:\/\/www.meydan.tv\/az\/article\/xacmaz-sakini-heyetyani-torpaq-sahesinin-menimsenildiyini-deyir\/\" \/>\n<meta property=\"og:locale\" content=\"az_AZ\" \/>\n<meta property=\"og:type\" content=\"article\" \/>\n<meta property=\"og:title\" content=\"Xa\u00e7maz sakini h\u0259y\u0259tyan\u0131 torpaq sah\u0259sinin m\u0259nims\u0259nildiyini deyir - MEYDAN.TV\" \/>\n<meta property=\"og:description\" content=\"&#8220;Hara m\u00fcraci\u0259t edir\u0259m, baxan yoxdur&#8221; \u201cH\u0259yat yolda\u015f\u0131m 1995-ci ild\u0259 Xa\u00e7maz ... Davam\u0131\" \/>\n<meta property=\"og:url\" content=\"https:\/\/www.meydan.tv\/az\/article\/xacmaz-sakini-heyetyani-torpaq-sahesinin-menimsenildiyini-deyir\/\" \/>\n<meta property=\"og:site_name\" content=\"MEYDAN.TV\" \/>\n<meta property=\"article:published_time\" content=\"2023-04-06T13:45:53+00:00\" \/>\n<meta property=\"article:modified_time\" content=\"2023-04-06T13:45:56+00:00\" \/>\n<meta property=\"og:image\" content=\"https:\/\/www.meydan.tv\/wp-content\/uploads\/untitled_design_2_onea0ui.png\" \/>\n\t<meta property=\"og:image:width\" content=\"1920\" \/>\n\t<meta property=\"og:image:height\" content=\"1080\" \/>\n\t<meta property=\"og:image:type\" content=\"image\/png\" \/>\n<meta name=\"author\" content=\"elli\" \/>\n<meta name=\"twitter:card\" content=\"summary_large_image\" \/>\n<meta name=\"twitter:creator\" content=\"@elli\" \/>\n<script type=\"application\/ld+json\" class=\"yoast-schema-graph\">{\"@context\":\"https:\\\/\\\/schema.org\",\"@graph\":[{\"@type\":\"Article\",\"@id\":\"https:\\\/\\\/www.meydan.tv\\\/az\\\/article\\\/xacmaz-sakini-heyetyani-torpaq-sahesinin-menimsenildiyini-deyir\\\/#article\",\"isPartOf\":{\"@id\":\"https:\\\/\\\/www.meydan.tv\\\/az\\\/article\\\/xacmaz-sakini-heyetyani-torpaq-sahesinin-menimsenildiyini-deyir\\\/\"},\"author\":{\"name\":\"elli\",\"@id\":\"https:\\\/\\\/www.meydan.tv\\\/az\\\/#\\\/schema\\\/person\\\/9cdbecf90d17180ce1dfbd95b08dcf47\"},\"headline\":\"Xa\u00e7maz sakini h\u0259y\u0259tyan\u0131 torpaq sah\u0259sinin m\u0259nims\u0259nildiyini deyir\",\"datePublished\":\"2023-04-06T13:45:53+00:00\",\"dateModified\":\"2023-04-06T13:45:56+00:00\",\"mainEntityOfPage\":{\"@id\":\"https:\\\/\\\/www.meydan.tv\\\/az\\\/article\\\/xacmaz-sakini-heyetyani-torpaq-sahesinin-menimsenildiyini-deyir\\\/\"},\"wordCount\":727,\"publisher\":{\"@id\":\"https:\\\/\\\/www.meydan.tv\\\/az\\\/#organization\"},\"image\":{\"@id\":\"https:\\\/\\\/www.meydan.tv\\\/az\\\/article\\\/xacmaz-sakini-heyetyani-torpaq-sahesinin-menimsenildiyini-deyir\\\/#primaryimage\"},\"thumbnailUrl\":\"https:\\\/\\\/www.meydan.tv\\\/wp-content\\\/uploads\\\/untitled_design_2_onea0ui.png\",\"articleSection\":[\"B\u00f6lg\u0259\",\"X\u0259b\u0259rl\u0259r\"],\"inLanguage\":\"az\"},{\"@type\":\"WebPage\",\"@id\":\"https:\\\/\\\/www.meydan.tv\\\/az\\\/article\\\/xacmaz-sakini-heyetyani-torpaq-sahesinin-menimsenildiyini-deyir\\\/\",\"url\":\"https:\\\/\\\/www.meydan.tv\\\/az\\\/article\\\/xacmaz-sakini-heyetyani-torpaq-sahesinin-menimsenildiyini-deyir\\\/\",\"name\":\"Xa\u00e7maz sakini h\u0259y\u0259tyan\u0131 torpaq sah\u0259sinin m\u0259nims\u0259nildiyini deyir - MEYDAN.TV\",\"isPartOf\":{\"@id\":\"https:\\\/\\\/www.meydan.tv\\\/az\\\/#website\"},\"primaryImageOfPage\":{\"@id\":\"https:\\\/\\\/www.meydan.tv\\\/az\\\/article\\\/xacmaz-sakini-heyetyani-torpaq-sahesinin-menimsenildiyini-deyir\\\/#primaryimage\"},\"image\":{\"@id\":\"https:\\\/\\\/www.meydan.tv\\\/az\\\/article\\\/xacmaz-sakini-heyetyani-torpaq-sahesinin-menimsenildiyini-deyir\\\/#primaryimage\"},\"thumbnailUrl\":\"https:\\\/\\\/www.meydan.tv\\\/wp-content\\\/uploads\\\/untitled_design_2_onea0ui.png\",\"datePublished\":\"2023-04-06T13:45:53+00:00\",\"dateModified\":\"2023-04-06T13:45:56+00:00\",\"breadcrumb\":{\"@id\":\"https:\\\/\\\/www.meydan.tv\\\/az\\\/article\\\/xacmaz-sakini-heyetyani-torpaq-sahesinin-menimsenildiyini-deyir\\\/#breadcrumb\"},\"inLanguage\":\"az\",\"potentialAction\":[{\"@type\":\"ReadAction\",\"target\":[\"https:\\\/\\\/www.meydan.tv\\\/az\\\/article\\\/xacmaz-sakini-heyetyani-torpaq-sahesinin-menimsenildiyini-deyir\\\/\"]}]},{\"@type\":\"ImageObject\",\"inLanguage\":\"az\",\"@id\":\"https:\\\/\\\/www.meydan.tv\\\/az\\\/article\\\/xacmaz-sakini-heyetyani-torpaq-sahesinin-menimsenildiyini-deyir\\\/#primaryimage\",\"url\":\"https:\\\/\\\/www.meydan.tv\\\/wp-content\\\/uploads\\\/untitled_design_2_onea0ui.png\",\"contentUrl\":\"https:\\\/\\\/www.meydan.tv\\\/wp-content\\\/uploads\\\/untitled_design_2_onea0ui.png\",\"width\":1920,\"height\":1080,\"caption\":\"Foto Meydan TV\"},{\"@type\":\"BreadcrumbList\",\"@id\":\"https:\\\/\\\/www.meydan.tv\\\/az\\\/article\\\/xacmaz-sakini-heyetyani-torpaq-sahesinin-menimsenildiyini-deyir\\\/#breadcrumb\",\"itemListElement\":[{\"@type\":\"ListItem\",\"position\":1,\"name\":\"Ana s\u0259hif\u0259\",\"item\":\"https:\\\/\\\/www.meydan.tv\\\/az\\\/\"},{\"@type\":\"ListItem\",\"position\":2,\"name\":\"B\u00f6lg\u0259\",\"item\":\"https:\\\/\\\/www.meydan.tv\\\/az\\\/section\\\/bolge\\\/\"},{\"@type\":\"ListItem\",\"position\":3,\"name\":\"Xa\u00e7maz sakini h\u0259y\u0259tyan\u0131 torpaq sah\u0259sinin m\u0259nims\u0259nildiyini deyir\"}]},{\"@type\":\"WebSite\",\"@id\":\"https:\\\/\\\/www.meydan.tv\\\/az\\\/#website\",\"url\":\"https:\\\/\\\/www.meydan.tv\\\/az\\\/\",\"name\":\"MEYDAN.TV\",\"description\":\"Meydan TV Az\u0259rbaycan\u0131n media m\u0259kan\u0131ndak\u0131 alternativ s\u0259sidir\",\"publisher\":{\"@id\":\"https:\\\/\\\/www.meydan.tv\\\/az\\\/#organization\"},\"potentialAction\":[{\"@type\":\"SearchAction\",\"target\":{\"@type\":\"EntryPoint\",\"urlTemplate\":\"https:\\\/\\\/www.meydan.tv\\\/az\\\/?s={search_term_string}\"},\"query-input\":{\"@type\":\"PropertyValueSpecification\",\"valueRequired\":true,\"valueName\":\"search_term_string\"}}],\"inLanguage\":\"az\"},{\"@type\":\"Organization\",\"@id\":\"https:\\\/\\\/www.meydan.tv\\\/az\\\/#organization\",\"name\":\"Meydan TV\",\"url\":\"https:\\\/\\\/www.meydan.tv\\\/az\\\/\",\"logo\":{\"@type\":\"ImageObject\",\"inLanguage\":\"az\",\"@id\":\"https:\\\/\\\/www.meydan.tv\\\/az\\\/#\\\/schema\\\/logo\\\/image\\\/\",\"url\":\"https:\\\/\\\/www.meydan.tv\\\/wp-content\\\/uploads\\\/2021\\\/07\\\/meydan-logo.svg\",\"contentUrl\":\"https:\\\/\\\/www.meydan.tv\\\/wp-content\\\/uploads\\\/2021\\\/07\\\/meydan-logo.svg\",\"width\":195,\"height\":46,\"caption\":\"Meydan TV\"},\"image\":{\"@id\":\"https:\\\/\\\/www.meydan.tv\\\/az\\\/#\\\/schema\\\/logo\\\/image\\\/\"}},{\"@type\":\"Person\",\"@id\":\"https:\\\/\\\/www.meydan.tv\\\/az\\\/#\\\/schema\\\/person\\\/9cdbecf90d17180ce1dfbd95b08dcf47\",\"name\":\"elli\",\"sameAs\":[\"https:\\\/\\\/x.com\\\/elli\"]}]}<\/script>\n<!-- \/ Yoast SEO plugin. -->","yoast_head_json":{"title":"Xa\u00e7maz sakini h\u0259y\u0259tyan\u0131 torpaq sah\u0259sinin m\u0259nims\u0259nildiyini deyir - MEYDAN.TV","robots":{"index":"index","follow":"follow","max-snippet":"max-snippet:-1","max-image-preview":"max-image-preview:large","max-video-preview":"max-video-preview:-1"},"canonical":"https:\/\/www.meydan.tv\/az\/article\/xacmaz-sakini-heyetyani-torpaq-sahesinin-menimsenildiyini-deyir\/","og_locale":"az_AZ","og_type":"article","og_title":"Xa\u00e7maz sakini h\u0259y\u0259tyan\u0131 torpaq sah\u0259sinin m\u0259nims\u0259nildiyini deyir - MEYDAN.TV","og_description":"&#8220;Hara m\u00fcraci\u0259t edir\u0259m, baxan yoxdur&#8221; \u201cH\u0259yat yolda\u015f\u0131m 1995-ci ild\u0259 Xa\u00e7maz ... Davam\u0131","og_url":"https:\/\/www.meydan.tv\/az\/article\/xacmaz-sakini-heyetyani-torpaq-sahesinin-menimsenildiyini-deyir\/","og_site_name":"MEYDAN.TV","article_published_time":"2023-04-06T13:45:53+00:00","article_modified_time":"2023-04-06T13:45:56+00:00","og_image":[{"width":1920,"height":1080,"url":"https:\/\/www.meydan.tv\/wp-content\/uploads\/untitled_design_2_onea0ui.png","type":"image\/png"}],"author":"elli","twitter_card":"summary_large_image","twitter_creator":"@elli","schema":{"@context":"https:\/\/schema.org","@graph":[{"@type":"Article","@id":"https:\/\/www.meydan.tv\/az\/article\/xacmaz-sakini-heyetyani-torpaq-sahesinin-menimsenildiyini-deyir\/#article","isPartOf":{"@id":"https:\/\/www.meydan.tv\/az\/article\/xacmaz-sakini-heyetyani-torpaq-sahesinin-menimsenildiyini-deyir\/"},"author":{"name":"elli","@id":"https:\/\/www.meydan.tv\/az\/#\/schema\/person\/9cdbecf90d17180ce1dfbd95b08dcf47"},"headline":"Xa\u00e7maz sakini h\u0259y\u0259tyan\u0131 torpaq sah\u0259sinin m\u0259nims\u0259nildiyini deyir","datePublished":"2023-04-06T13:45:53+00:00","dateModified":"2023-04-06T13:45:56+00:00","mainEntityOfPage":{"@id":"https:\/\/www.meydan.tv\/az\/article\/xacmaz-sakini-heyetyani-torpaq-sahesinin-menimsenildiyini-deyir\/"},"wordCount":727,"publisher":{"@id":"https:\/\/www.meydan.tv\/az\/#organization"},"image":{"@id":"https:\/\/www.meydan.tv\/az\/article\/xacmaz-sakini-heyetyani-torpaq-sahesinin-menimsenildiyini-deyir\/#primaryimage"},"thumbnailUrl":"https:\/\/www.meydan.tv\/wp-content\/uploads\/untitled_design_2_onea0ui.png","articleSection":["B\u00f6lg\u0259","X\u0259b\u0259rl\u0259r"],"inLanguage":"az"},{"@type":"WebPage","@id":"https:\/\/www.meydan.tv\/az\/article\/xacmaz-sakini-heyetyani-torpaq-sahesinin-menimsenildiyini-deyir\/","url":"https:\/\/www.meydan.tv\/az\/article\/xacmaz-sakini-heyetyani-torpaq-sahesinin-menimsenildiyini-deyir\/","name":"Xa\u00e7maz sakini h\u0259y\u0259tyan\u0131 torpaq sah\u0259sinin m\u0259nims\u0259nildiyini deyir - MEYDAN.TV","isPartOf":{"@id":"https:\/\/www.meydan.tv\/az\/#website"},"primaryImageOfPage":{"@id":"https:\/\/www.meydan.tv\/az\/article\/xacmaz-sakini-heyetyani-torpaq-sahesinin-menimsenildiyini-deyir\/#primaryimage"},"image":{"@id":"https:\/\/www.meydan.tv\/az\/article\/xacmaz-sakini-heyetyani-torpaq-sahesinin-menimsenildiyini-deyir\/#primaryimage"},"thumbnailUrl":"https:\/\/www.meydan.tv\/wp-content\/uploads\/untitled_design_2_onea0ui.png","datePublished":"2023-04-06T13:45:53+00:00","dateModified":"2023-04-06T13:45:56+00:00","breadcrumb":{"@id":"https:\/\/www.meydan.tv\/az\/article\/xacmaz-sakini-heyetyani-torpaq-sahesinin-menimsenildiyini-deyir\/#breadcrumb"},"inLanguage":"az","potentialAction":[{"@type":"ReadAction","target":["https:\/\/www.meydan.tv\/az\/article\/xacmaz-sakini-heyetyani-torpaq-sahesinin-menimsenildiyini-deyir\/"]}]},{"@type":"ImageObject","inLanguage":"az","@id":"https:\/\/www.meydan.tv\/az\/article\/xacmaz-sakini-heyetyani-torpaq-sahesinin-menimsenildiyini-deyir\/#primaryimage","url":"https:\/\/www.meydan.tv\/wp-content\/uploads\/untitled_design_2_onea0ui.png","contentUrl":"https:\/\/www.meydan.tv\/wp-content\/uploads\/untitled_design_2_onea0ui.png","width":1920,"height":1080,"caption":"Foto Meydan TV"},{"@type":"BreadcrumbList","@id":"https:\/\/www.meydan.tv\/az\/article\/xacmaz-sakini-heyetyani-torpaq-sahesinin-menimsenildiyini-deyir\/#breadcrumb","itemListElement":[{"@type":"ListItem","position":1,"name":"Ana s\u0259hif\u0259","item":"https:\/\/www.meydan.tv\/az\/"},{"@type":"ListItem","position":2,"name":"B\u00f6lg\u0259","item":"https:\/\/www.meydan.tv\/az\/section\/bolge\/"},{"@type":"ListItem","position":3,"name":"Xa\u00e7maz sakini h\u0259y\u0259tyan\u0131 torpaq sah\u0259sinin m\u0259nims\u0259nildiyini deyir"}]},{"@type":"WebSite","@id":"https:\/\/www.meydan.tv\/az\/#website","url":"https:\/\/www.meydan.tv\/az\/","name":"MEYDAN.TV","description":"Meydan TV Az\u0259rbaycan\u0131n media m\u0259kan\u0131ndak\u0131 alternativ s\u0259sidir","publisher":{"@id":"https:\/\/www.meydan.tv\/az\/#organization"},"potentialAction":[{"@type":"SearchAction","target":{"@type":"EntryPoint","urlTemplate":"https:\/\/www.meydan.tv\/az\/?s={search_term_string}"},"query-input":{"@type":"PropertyValueSpecification","valueRequired":true,"valueName":"search_term_string"}}],"inLanguage":"az"},{"@type":"Organization","@id":"https:\/\/www.meydan.tv\/az\/#organization","name":"Meydan TV","url":"https:\/\/www.meydan.tv\/az\/","logo":{"@type":"ImageObject","inLanguage":"az","@id":"https:\/\/www.meydan.tv\/az\/#\/schema\/logo\/image\/","url":"https:\/\/www.meydan.tv\/wp-content\/uploads\/2021\/07\/meydan-logo.svg","contentUrl":"https:\/\/www.meydan.tv\/wp-content\/uploads\/2021\/07\/meydan-logo.svg","width":195,"height":46,"caption":"Meydan TV"},"image":{"@id":"https:\/\/www.meydan.tv\/az\/#\/schema\/logo\/image\/"}},{"@type":"Person","@id":"https:\/\/www.meydan.tv\/az\/#\/schema\/person\/9cdbecf90d17180ce1dfbd95b08dcf47","name":"elli","sameAs":["https:\/\/x.com\/elli"]}]}},"_links":{"self":[{"href":"https:\/\/www.meydan.tv\/az\/wp-json\/wp\/v2\/posts\/272280","targetHints":{"allow":["GET"]}}],"collection":[{"href":"https:\/\/www.meydan.tv\/az\/wp-json\/wp\/v2\/posts"}],"about":[{"href":"https:\/\/www.meydan.tv\/az\/wp-json\/wp\/v2\/types\/post"}],"author":[{"embeddable":true,"href":"https:\/\/www.meydan.tv\/az\/wp-json\/wp\/v2\/users\/8"}],"replies":[{"embeddable":true,"href":"https:\/\/www.meydan.tv\/az\/wp-json\/wp\/v2\/comments?post=272280"}],"version-history":[{"count":1,"href":"https:\/\/www.meydan.tv\/az\/wp-json\/wp\/v2\/posts\/272280\/revisions"}],"predecessor-version":[{"id":272290,"href":"https:\/\/www.meydan.tv\/az\/wp-json\/wp\/v2\/posts\/272280\/revisions\/272290"}],"wp:featuredmedia":[{"embeddable":true,"href":"https:\/\/www.meydan.tv\/az\/wp-json\/wp\/v2\/media\/150536"}],"wp:attachment":[{"href":"https:\/\/www.meydan.tv\/az\/wp-json\/wp\/v2\/media?parent=272280"}],"wp:term":[{"taxonomy":"category","embeddable":true,"href":"https:\/\/www.meydan.tv\/az\/wp-json\/wp\/v2\/categories?post=272280"},{"taxonomy":"post_tag","embeddable":true,"href":"https:\/\/www.meydan.tv\/az\/wp-json\/wp\/v2\/tags?post=272280"}],"curies":[{"name":"wp","href":"https:\/\/api.w.org\/{rel}","templated":true}]}}