{"id":272252,"date":"2023-04-06T17:07:22","date_gmt":"2023-04-06T13:07:22","guid":{"rendered":"https:\/\/www.meydan.tv\/?p=272252"},"modified":"2023-04-06T17:11:33","modified_gmt":"2023-04-06T13:11:33","slug":"resmi-baki-iran-sefirliyinin-4-emekdasi-48-saata-azerbaycani-terk-etmelidir","status":"publish","type":"post","link":"https:\/\/www.meydan.tv\/az\/article\/resmi-baki-iran-sefirliyinin-4-emekdasi-48-saata-azerbaycani-terk-etmelidir\/","title":{"rendered":"R\u0259smi Bak\u0131: \u0130ran s\u0259firliyinin 4 \u0259m\u0259kda\u015f\u0131 48 saata Az\u0259rbaycan\u0131 t\u0259rk etm\u0259lidir"},"content":{"rendered":"\n<p><\/p>\n\n\n\n<p><strong><em>X\u0130N h\u0259min \u0259m\u0259kda\u015flar\u0131n &#8220;persona-non-grata&#8221; elan edildiyini a\u00e7\u0131qlad\u0131<\/em><\/strong><\/p>\n\n\n\n<p>\u0130ran\u0131n Az\u0259rbaycandak\u0131 s\u0259firliyinin 4 \u0259m\u0259kda\u015f\u0131 &#8220;persona-non-grata&#8221; elan edilib.<\/p>\n\n\n\n<p>Bu bar\u0259d\u0259 aprelin 6-da Az\u0259rbaycan Xarici \u0130\u015fl\u0259r Nazirliyinin (X\u0130N) M\u0259tbuat \u0130dar\u0259si m\u0259lumat <a href=\"https:\/\/www.mfa.gov.az\/az\/news\/no19623\" target=\"_blank\" rel=\"noreferrer noopener\">yay\u0131b<\/a>.<\/p>\n\n\n\n<p>Nazirlik \u0130ran\u0131n Az\u0259rbaycandak\u0131 f\u00f6vq\u0259lad\u0259 v\u0259 s\u0259lahiyy\u0259tli s\u0259firi Seyid Abbas Mus\u0259vinin X\u0130N-\u0259 \u00e7a\u011fr\u0131ld\u0131\u011f\u0131n\u0131 \u0259lav\u0259 edib:<\/p>\n\n\n\n<p>&#8220;<em>G\u00f6r\u00fc\u015f zaman\u0131 \u0130ran s\u0259firin\u0259 son zamanlar \u00f6lk\u0259si t\u0259r\u0259find\u0259n Az\u0259rbaycana m\u00fcnasib\u0259td\u0259 n\u00fcmayi\u015f etdiril\u0259n t\u0259xribat xarakterli f\u0259aliyy\u0259t\u0259 g\u00f6r\u0259 q\u0259ti naraz\u0131l\u0131q bildirilib<\/em>&#8220;.<\/p>\n\n\n\n<p>&#8220;<em>\u0130ran S\u0259firliyinin 4 \u0259m\u0259kda\u015f\u0131n\u0131n diplomatik statusa uy\u011fun olmayan v\u0259 Diplomatik \u018flaq\u0259l\u0259r haqq\u0131nda 1961-ci il Vyana Konvensiyas\u0131 il\u0259 ziddiyy\u0259t t\u0259\u015fkil ed\u0259n f\u0259aliyy\u0259tin\u0259 g\u00f6r\u0259 Az\u0259rbaycan h\u00f6kum\u0259ti t\u0259r\u0259find\u0259n \u201cpersona-non-grata\u201d (arzuolunmaz \u015f\u0259xs) elan edildiyi \u0130ran s\u0259firinin diqq\u0259tin\u0259 \u00e7atd\u0131r\u0131l\u0131b. Onlar\u0131n 48 saat \u0259rzind\u0259 Az\u0259rbaycan \u0259razisini t\u0259rk etm\u0259si t\u0259l\u0259b edilib<\/em>&#8220;, &#8211; dey\u0259 nazirlik qeyd edib.<\/p>\n\n\n<div class=\"wp-block-image\">\n<figure class=\"aligncenter size-full\"><img decoding=\"async\" width=\"1199\" height=\"797\" data-src=\"https:\/\/www.meydan.tv\/wp-content\/uploads\/xinxariciisler_dsc0018_238.jpg\" alt=\"\" class=\"wp-image-230171 lazyload\" src=\"data:image\/svg+xml;base64,PHN2ZyB3aWR0aD0iMSIgaGVpZ2h0PSIxIiB4bWxucz0iaHR0cDovL3d3dy53My5vcmcvMjAwMC9zdmciPjwvc3ZnPg==\" style=\"--smush-placeholder-width: 1199px; --smush-placeholder-aspect-ratio: 1199\/797;\" \/><figcaption class=\"wp-element-caption\">Foto: X\u0130N<\/figcaption><\/figure>\n<\/div>\n\n\n<p>Aprelin 3-d\u0259 \u0130ran\u0131n Az\u0259rbaycandak\u0131 s\u0259firi Seyid Abbas Mus\u0259vi Xarici \u0130\u015fl\u0259r Nazirliyin\u0259 (X\u0130N) \u00e7a\u011f\u0131r\u0131lm\u0131\u015fd\u0131.<\/p>\n\n\n\n<p>Nazirliyin s\u00f6z\u00e7\u00fcs\u00fc Ayxan Hac\u0131zad\u0259 s\u0259fir\u0259 \u0130ran medias\u0131nda Az\u0259rbaycan \u0259leyhin\u0259 yay\u0131lm\u0131\u015f bir s\u0131ra m\u0259qal\u0259l\u0259rin siyah\u0131s\u0131 t\u0259qdim olundu\u011funu <a href=\"https:\/\/storage.googleapis.com\/qurium\/www.meydan.tv\/az-article-iranin-azerbaycandaki-sefiri-xin-e-cagirilib.html\" target=\"_blank\" rel=\"noreferrer noopener\">demi\u015fdi<\/a>.<\/p>\n\n\n\n<p>Aprelin 5-d\u0259 \u0130ran \u0130slam Respublikas\u0131n\u0131n parlamenti Az\u0259rbaycan\u0131n \u0130sraill\u0259 m\u00fcnasib\u0259tl\u0259rini q\u0259tiyy\u0259tl\u0259 pisl\u0259y\u0259n b\u0259yanat q\u0259bul edib.<\/p>\n\n\n\n<p>M\u0259lumat\u0131 \u0130ran\u0131n &#8220;mehrnews.com&#8221; sayt\u0131 <a href=\"https:\/\/en.mehrnews.com\/news\/199103\/Parliament-condemns-opening-of-Azeri-embassy-in-Occupied-land\" target=\"_blank\" rel=\"noreferrer noopener\">yay\u0131b<\/a>.<\/p>\n\n\n\n<p>\u201c<em>Az\u0259rbaycan h\u00f6kum\u0259ti k\u00fcfr v\u0259 \u0130slam d\u00fcnyas\u0131n\u0131n maraqlar\u0131na zidd h\u0259r\u0259k\u0259t ed\u0259r\u0259k, sionist rejim v\u0259 i\u015f\u011fal olunmu\u015f Q\u00fcds\u00fcn m\u0259rk\u0259zind\u0259 s\u0259firlik a\u00e7\u0131b v\u0259 \u00f6z s\u0259firini saxta rejim\u0259 t\u0259qdim edib<\/em>&#8220;, &#8211; b\u0259yanatda bel\u0259 deylir.<\/p>\n\n\n\n<p>\u0130ranl\u0131 deputatlar \u0130sraild\u0259 s\u0259firlik a\u00e7\u0131lmas\u0131n\u0131 F\u0259l\u0259stin\u0259 qar\u015f\u0131 h\u0259r\u0259k\u0259t kimi qiym\u0259tl\u0259ndir\u0259r\u0259k, \u0259r\u0259b v\u0259 islam d\u00fcnyas\u0131n\u0131 bunu pisl\u0259m\u0259y\u0259 \u00e7a\u011f\u0131r\u0131blar.<\/p>\n\n\n\n<p>Parlament \u00fczvl\u0259ri h\u0259m\u00e7inin \u0130ran Xarici \u0130\u015fl\u0259r Nazirliyini b\u00fct\u00fcn \u0130slam \u00f6lk\u0259l\u0259rin\u0259 b\u0259yanat g\u00f6nd\u0259r\u0259rk\u0259n laz\u0131mi diplomatik t\u0259dbirl\u0259r g\u00f6rm\u0259y\u0259 \u00e7a\u011f\u0131r\u0131blar.<\/p>\n\n\n\n<figure class=\"wp-block-image size-full\"><img decoding=\"async\" width=\"1200\" height=\"800\" data-src=\"https:\/\/www.meydan.tv\/wp-content\/uploads\/2ocvj4l6wjpctisycrhtdtxjwa.jpg\" alt=\"\" class=\"wp-image-272254 lazyload\" src=\"data:image\/svg+xml;base64,PHN2ZyB3aWR0aD0iMSIgaGVpZ2h0PSIxIiB4bWxucz0iaHR0cDovL3d3dy53My5vcmcvMjAwMC9zdmciPjwvc3ZnPg==\" style=\"--smush-placeholder-width: 1200px; --smush-placeholder-aspect-ratio: 1200\/800;\" \/><figcaption class=\"wp-element-caption\">\u0130ran parlamenti. Foto: Reuters<\/figcaption><\/figure>\n\n\n\n<p>Mart\u0131n 31-d\u0259 \u0130ran\u0131n Xarici \u0130\u015fl\u0259r Nazirliyinin s\u00f6z\u00e7\u00fcs\u00fc Nasir K\u0259nani Az\u0259rbaycandan izahat t\u0259l\u0259b etmi\u015fdi.<\/p>\n\n\n\n<p>S\u0259b\u0259b kimi \u0130srailin xarici i\u015fl\u0259r naziri Eli Kohenin az\u0259rbaycanl\u0131 h\u0259mkar\u0131 Ceyhun Bayramov m\u0259tbuat konfrans\u0131nda s\u00f6yl\u0259dikl\u0259ri idi.<\/p>\n\n\n\n<p>Nasir K\u0259nani demi\u015fdi ki, \u0130srailin xarici i\u015fl\u0259r nazirinin Az\u0259rbaycan xarici i\u015fl\u0259r naziri il\u0259 imzalad\u0131\u011f\u0131 birg\u0259 b\u0259yanat \u201c\u0130rana qar\u015f\u0131 birl\u0259\u015fmi\u015f c\u0259bh\u0259\u201ddir.<\/p>\n\n\n\n<p>\u201cSionist rejimin xarici i\u015fl\u0259r nazirinin vahid anti-\u0130ran c\u0259bh\u0259sinin yarad\u0131lmas\u0131 il\u0259 ba\u011fl\u0131 t\u0259klifi, el\u0259c\u0259 d\u0259 Az\u0259rbaycan xarici i\u015fl\u0259r nazirinin \u201cAz\u0259rbaycan v\u0259 sionist rejim aras\u0131nda strateji t\u0259r\u0259fda\u015fl\u0131\u011f\u0131n yeni m\u0259rh\u0259l\u0259si\u201d adl\u0131 b\u0259yanat\u0131 anti-\u0130ran y\u00f6n\u00fcml\u00fcl\u00fcy\u00fcn \u00fcst\u00fc\u00f6rt\u00fcl\u00fc t\u0259sdiqidir. Ona g\u00f6r\u0259 d\u0259 Az\u0259rbaycan hakimiyy\u0259tind\u0259n izahat t\u0259l\u0259b edirik\u201d.<\/p>\n","protected":false},"excerpt":{"rendered":"<p>X\u0130N h\u0259min \u0259m\u0259kda\u015flar\u0131n &#8220;persona-non-grata&#8221; elan edildiyini a\u00e7\u0131qlad\u0131 \u0130ran\u0131n Az\u0259rbaycandak\u0131 s\u0259firliyinin &#8230; <\/p>\n<p class=\"read-more-container\"><a title=\"R\u0259smi Bak\u0131: \u0130ran s\u0259firliyinin 4 \u0259m\u0259kda\u015f\u0131 48 saata Az\u0259rbaycan\u0131 t\u0259rk etm\u0259lidir\" class=\"read-more button\" href=\"https:\/\/www.meydan.tv\/az\/article\/resmi-baki-iran-sefirliyinin-4-emekdasi-48-saata-azerbaycani-terk-etmelidir\/#more-272252\" aria-label=\"Read more about R\u0259smi Bak\u0131: \u0130ran s\u0259firliyinin 4 \u0259m\u0259kda\u015f\u0131 48 saata Az\u0259rbaycan\u0131 t\u0259rk etm\u0259lidir\">Davam\u0131<\/a><\/p>\n","protected":false},"author":8,"featured_media":260840,"comment_status":"closed","ping_status":"closed","sticky":false,"template":"","format":"standard","meta":{"_acf_changed":false,"_sitemap_exclude":false,"_sitemap_priority":"","_sitemap_frequency":"","footnotes":""},"categories":[59,79,56],"tags":[],"class_list":["post-272252","post","type-post","status-publish","format-standard","has-post-thumbnail","hentry","category-siyaset","category-featured","category-xeberler","infinite-scroll-item","generate-columns","tablet-grid-50","mobile-grid-100","grid-parent","grid-33","no-featured-image-padding"],"acf":[],"yoast_head":"<!-- This site is optimized with the Yoast SEO plugin v27.4 - https:\/\/yoast.com\/product\/yoast-seo-wordpress\/ -->\n<title>R\u0259smi Bak\u0131: \u0130ran s\u0259firliyinin 4 \u0259m\u0259kda\u015f\u0131 48 saata Az\u0259rbaycan\u0131 t\u0259rk etm\u0259lidir - MEYDAN.TV<\/title>\n<meta name=\"robots\" content=\"index, follow, max-snippet:-1, max-image-preview:large, max-video-preview:-1\" \/>\n<link rel=\"canonical\" href=\"https:\/\/www.meydan.tv\/az\/article\/resmi-baki-iran-sefirliyinin-4-emekdasi-48-saata-azerbaycani-terk-etmelidir\/\" \/>\n<meta property=\"og:locale\" content=\"az_AZ\" \/>\n<meta property=\"og:type\" content=\"article\" \/>\n<meta property=\"og:title\" content=\"R\u0259smi Bak\u0131: \u0130ran s\u0259firliyinin 4 \u0259m\u0259kda\u015f\u0131 48 saata Az\u0259rbaycan\u0131 t\u0259rk etm\u0259lidir - MEYDAN.TV\" \/>\n<meta property=\"og:description\" content=\"X\u0130N h\u0259min \u0259m\u0259kda\u015flar\u0131n &#8220;persona-non-grata&#8221; elan edildiyini a\u00e7\u0131qlad\u0131 \u0130ran\u0131n Az\u0259rbaycandak\u0131 s\u0259firliyinin ... Davam\u0131\" \/>\n<meta property=\"og:url\" content=\"https:\/\/www.meydan.tv\/az\/article\/resmi-baki-iran-sefirliyinin-4-emekdasi-48-saata-azerbaycani-terk-etmelidir\/\" \/>\n<meta property=\"og:site_name\" content=\"MEYDAN.TV\" \/>\n<meta property=\"article:published_time\" content=\"2023-04-06T13:07:22+00:00\" \/>\n<meta property=\"article:modified_time\" content=\"2023-04-06T13:11:33+00:00\" \/>\n<meta property=\"og:image\" content=\"https:\/\/www.meydan.tv\/wp-content\/uploads\/img_7691-scaled.jpg\" \/>\n\t<meta property=\"og:image:width\" content=\"2560\" \/>\n\t<meta property=\"og:image:height\" content=\"1920\" \/>\n\t<meta property=\"og:image:type\" content=\"image\/jpeg\" \/>\n<meta name=\"author\" content=\"elli\" \/>\n<meta name=\"twitter:card\" content=\"summary_large_image\" \/>\n<meta name=\"twitter:creator\" content=\"@elli\" \/>\n<script type=\"application\/ld+json\" class=\"yoast-schema-graph\">{\"@context\":\"https:\\\/\\\/schema.org\",\"@graph\":[{\"@type\":\"Article\",\"@id\":\"https:\\\/\\\/www.meydan.tv\\\/az\\\/article\\\/resmi-baki-iran-sefirliyinin-4-emekdasi-48-saata-azerbaycani-terk-etmelidir\\\/#article\",\"isPartOf\":{\"@id\":\"https:\\\/\\\/www.meydan.tv\\\/az\\\/article\\\/resmi-baki-iran-sefirliyinin-4-emekdasi-48-saata-azerbaycani-terk-etmelidir\\\/\"},\"author\":{\"name\":\"elli\",\"@id\":\"https:\\\/\\\/www.meydan.tv\\\/az\\\/#\\\/schema\\\/person\\\/9cdbecf90d17180ce1dfbd95b08dcf47\"},\"headline\":\"R\u0259smi Bak\u0131: \u0130ran s\u0259firliyinin 4 \u0259m\u0259kda\u015f\u0131 48 saata Az\u0259rbaycan\u0131 t\u0259rk etm\u0259lidir\",\"datePublished\":\"2023-04-06T13:07:22+00:00\",\"dateModified\":\"2023-04-06T13:11:33+00:00\",\"mainEntityOfPage\":{\"@id\":\"https:\\\/\\\/www.meydan.tv\\\/az\\\/article\\\/resmi-baki-iran-sefirliyinin-4-emekdasi-48-saata-azerbaycani-terk-etmelidir\\\/\"},\"wordCount\":583,\"publisher\":{\"@id\":\"https:\\\/\\\/www.meydan.tv\\\/az\\\/#organization\"},\"image\":{\"@id\":\"https:\\\/\\\/www.meydan.tv\\\/az\\\/article\\\/resmi-baki-iran-sefirliyinin-4-emekdasi-48-saata-azerbaycani-terk-etmelidir\\\/#primaryimage\"},\"thumbnailUrl\":\"https:\\\/\\\/www.meydan.tv\\\/wp-content\\\/uploads\\\/img_7691-scaled.jpg\",\"articleSection\":[\"Siyas\u0259t\",\"T\u00f6vsiy\u0259\",\"X\u0259b\u0259rl\u0259r\"],\"inLanguage\":\"az\"},{\"@type\":\"WebPage\",\"@id\":\"https:\\\/\\\/www.meydan.tv\\\/az\\\/article\\\/resmi-baki-iran-sefirliyinin-4-emekdasi-48-saata-azerbaycani-terk-etmelidir\\\/\",\"url\":\"https:\\\/\\\/www.meydan.tv\\\/az\\\/article\\\/resmi-baki-iran-sefirliyinin-4-emekdasi-48-saata-azerbaycani-terk-etmelidir\\\/\",\"name\":\"R\u0259smi Bak\u0131: \u0130ran s\u0259firliyinin 4 \u0259m\u0259kda\u015f\u0131 48 saata Az\u0259rbaycan\u0131 t\u0259rk etm\u0259lidir - MEYDAN.TV\",\"isPartOf\":{\"@id\":\"https:\\\/\\\/www.meydan.tv\\\/az\\\/#website\"},\"primaryImageOfPage\":{\"@id\":\"https:\\\/\\\/www.meydan.tv\\\/az\\\/article\\\/resmi-baki-iran-sefirliyinin-4-emekdasi-48-saata-azerbaycani-terk-etmelidir\\\/#primaryimage\"},\"image\":{\"@id\":\"https:\\\/\\\/www.meydan.tv\\\/az\\\/article\\\/resmi-baki-iran-sefirliyinin-4-emekdasi-48-saata-azerbaycani-terk-etmelidir\\\/#primaryimage\"},\"thumbnailUrl\":\"https:\\\/\\\/www.meydan.tv\\\/wp-content\\\/uploads\\\/img_7691-scaled.jpg\",\"datePublished\":\"2023-04-06T13:07:22+00:00\",\"dateModified\":\"2023-04-06T13:11:33+00:00\",\"breadcrumb\":{\"@id\":\"https:\\\/\\\/www.meydan.tv\\\/az\\\/article\\\/resmi-baki-iran-sefirliyinin-4-emekdasi-48-saata-azerbaycani-terk-etmelidir\\\/#breadcrumb\"},\"inLanguage\":\"az\",\"potentialAction\":[{\"@type\":\"ReadAction\",\"target\":[\"https:\\\/\\\/www.meydan.tv\\\/az\\\/article\\\/resmi-baki-iran-sefirliyinin-4-emekdasi-48-saata-azerbaycani-terk-etmelidir\\\/\"]}]},{\"@type\":\"ImageObject\",\"inLanguage\":\"az\",\"@id\":\"https:\\\/\\\/www.meydan.tv\\\/az\\\/article\\\/resmi-baki-iran-sefirliyinin-4-emekdasi-48-saata-azerbaycani-terk-etmelidir\\\/#primaryimage\",\"url\":\"https:\\\/\\\/www.meydan.tv\\\/wp-content\\\/uploads\\\/img_7691-scaled.jpg\",\"contentUrl\":\"https:\\\/\\\/www.meydan.tv\\\/wp-content\\\/uploads\\\/img_7691-scaled.jpg\",\"width\":2560,\"height\":1920,\"caption\":\"\u0130ran \u0130slam Respublikas\u0131n\u0131n Az\u0259rbaycandak\u0131 s\u0259firliyi. Foto: Meydan TV\"},{\"@type\":\"BreadcrumbList\",\"@id\":\"https:\\\/\\\/www.meydan.tv\\\/az\\\/article\\\/resmi-baki-iran-sefirliyinin-4-emekdasi-48-saata-azerbaycani-terk-etmelidir\\\/#breadcrumb\",\"itemListElement\":[{\"@type\":\"ListItem\",\"position\":1,\"name\":\"Ana s\u0259hif\u0259\",\"item\":\"https:\\\/\\\/www.meydan.tv\\\/az\\\/\"},{\"@type\":\"ListItem\",\"position\":2,\"name\":\"Siyas\u0259t\",\"item\":\"https:\\\/\\\/www.meydan.tv\\\/az\\\/section\\\/siyaset\\\/\"},{\"@type\":\"ListItem\",\"position\":3,\"name\":\"R\u0259smi Bak\u0131: \u0130ran s\u0259firliyinin 4 \u0259m\u0259kda\u015f\u0131 48 saata Az\u0259rbaycan\u0131 t\u0259rk etm\u0259lidir\"}]},{\"@type\":\"WebSite\",\"@id\":\"https:\\\/\\\/www.meydan.tv\\\/az\\\/#website\",\"url\":\"https:\\\/\\\/www.meydan.tv\\\/az\\\/\",\"name\":\"MEYDAN.TV\",\"description\":\"Meydan TV Az\u0259rbaycan\u0131n media m\u0259kan\u0131ndak\u0131 alternativ s\u0259sidir\",\"publisher\":{\"@id\":\"https:\\\/\\\/www.meydan.tv\\\/az\\\/#organization\"},\"potentialAction\":[{\"@type\":\"SearchAction\",\"target\":{\"@type\":\"EntryPoint\",\"urlTemplate\":\"https:\\\/\\\/www.meydan.tv\\\/az\\\/?s={search_term_string}\"},\"query-input\":{\"@type\":\"PropertyValueSpecification\",\"valueRequired\":true,\"valueName\":\"search_term_string\"}}],\"inLanguage\":\"az\"},{\"@type\":\"Organization\",\"@id\":\"https:\\\/\\\/www.meydan.tv\\\/az\\\/#organization\",\"name\":\"Meydan TV\",\"url\":\"https:\\\/\\\/www.meydan.tv\\\/az\\\/\",\"logo\":{\"@type\":\"ImageObject\",\"inLanguage\":\"az\",\"@id\":\"https:\\\/\\\/www.meydan.tv\\\/az\\\/#\\\/schema\\\/logo\\\/image\\\/\",\"url\":\"https:\\\/\\\/www.meydan.tv\\\/wp-content\\\/uploads\\\/2021\\\/07\\\/meydan-logo.svg\",\"contentUrl\":\"https:\\\/\\\/www.meydan.tv\\\/wp-content\\\/uploads\\\/2021\\\/07\\\/meydan-logo.svg\",\"width\":195,\"height\":46,\"caption\":\"Meydan TV\"},\"image\":{\"@id\":\"https:\\\/\\\/www.meydan.tv\\\/az\\\/#\\\/schema\\\/logo\\\/image\\\/\"}},{\"@type\":\"Person\",\"@id\":\"https:\\\/\\\/www.meydan.tv\\\/az\\\/#\\\/schema\\\/person\\\/9cdbecf90d17180ce1dfbd95b08dcf47\",\"name\":\"elli\",\"sameAs\":[\"https:\\\/\\\/x.com\\\/elli\"]}]}<\/script>\n<!-- \/ Yoast SEO plugin. -->","yoast_head_json":{"title":"R\u0259smi Bak\u0131: \u0130ran s\u0259firliyinin 4 \u0259m\u0259kda\u015f\u0131 48 saata Az\u0259rbaycan\u0131 t\u0259rk etm\u0259lidir - MEYDAN.TV","robots":{"index":"index","follow":"follow","max-snippet":"max-snippet:-1","max-image-preview":"max-image-preview:large","max-video-preview":"max-video-preview:-1"},"canonical":"https:\/\/www.meydan.tv\/az\/article\/resmi-baki-iran-sefirliyinin-4-emekdasi-48-saata-azerbaycani-terk-etmelidir\/","og_locale":"az_AZ","og_type":"article","og_title":"R\u0259smi Bak\u0131: \u0130ran s\u0259firliyinin 4 \u0259m\u0259kda\u015f\u0131 48 saata Az\u0259rbaycan\u0131 t\u0259rk etm\u0259lidir - MEYDAN.TV","og_description":"X\u0130N h\u0259min \u0259m\u0259kda\u015flar\u0131n &#8220;persona-non-grata&#8221; elan edildiyini a\u00e7\u0131qlad\u0131 \u0130ran\u0131n Az\u0259rbaycandak\u0131 s\u0259firliyinin ... Davam\u0131","og_url":"https:\/\/www.meydan.tv\/az\/article\/resmi-baki-iran-sefirliyinin-4-emekdasi-48-saata-azerbaycani-terk-etmelidir\/","og_site_name":"MEYDAN.TV","article_published_time":"2023-04-06T13:07:22+00:00","article_modified_time":"2023-04-06T13:11:33+00:00","og_image":[{"width":2560,"height":1920,"url":"https:\/\/www.meydan.tv\/wp-content\/uploads\/img_7691-scaled.jpg","type":"image\/jpeg"}],"author":"elli","twitter_card":"summary_large_image","twitter_creator":"@elli","schema":{"@context":"https:\/\/schema.org","@graph":[{"@type":"Article","@id":"https:\/\/www.meydan.tv\/az\/article\/resmi-baki-iran-sefirliyinin-4-emekdasi-48-saata-azerbaycani-terk-etmelidir\/#article","isPartOf":{"@id":"https:\/\/www.meydan.tv\/az\/article\/resmi-baki-iran-sefirliyinin-4-emekdasi-48-saata-azerbaycani-terk-etmelidir\/"},"author":{"name":"elli","@id":"https:\/\/www.meydan.tv\/az\/#\/schema\/person\/9cdbecf90d17180ce1dfbd95b08dcf47"},"headline":"R\u0259smi Bak\u0131: \u0130ran s\u0259firliyinin 4 \u0259m\u0259kda\u015f\u0131 48 saata Az\u0259rbaycan\u0131 t\u0259rk etm\u0259lidir","datePublished":"2023-04-06T13:07:22+00:00","dateModified":"2023-04-06T13:11:33+00:00","mainEntityOfPage":{"@id":"https:\/\/www.meydan.tv\/az\/article\/resmi-baki-iran-sefirliyinin-4-emekdasi-48-saata-azerbaycani-terk-etmelidir\/"},"wordCount":583,"publisher":{"@id":"https:\/\/www.meydan.tv\/az\/#organization"},"image":{"@id":"https:\/\/www.meydan.tv\/az\/article\/resmi-baki-iran-sefirliyinin-4-emekdasi-48-saata-azerbaycani-terk-etmelidir\/#primaryimage"},"thumbnailUrl":"https:\/\/www.meydan.tv\/wp-content\/uploads\/img_7691-scaled.jpg","articleSection":["Siyas\u0259t","T\u00f6vsiy\u0259","X\u0259b\u0259rl\u0259r"],"inLanguage":"az"},{"@type":"WebPage","@id":"https:\/\/www.meydan.tv\/az\/article\/resmi-baki-iran-sefirliyinin-4-emekdasi-48-saata-azerbaycani-terk-etmelidir\/","url":"https:\/\/www.meydan.tv\/az\/article\/resmi-baki-iran-sefirliyinin-4-emekdasi-48-saata-azerbaycani-terk-etmelidir\/","name":"R\u0259smi Bak\u0131: \u0130ran s\u0259firliyinin 4 \u0259m\u0259kda\u015f\u0131 48 saata Az\u0259rbaycan\u0131 t\u0259rk etm\u0259lidir - MEYDAN.TV","isPartOf":{"@id":"https:\/\/www.meydan.tv\/az\/#website"},"primaryImageOfPage":{"@id":"https:\/\/www.meydan.tv\/az\/article\/resmi-baki-iran-sefirliyinin-4-emekdasi-48-saata-azerbaycani-terk-etmelidir\/#primaryimage"},"image":{"@id":"https:\/\/www.meydan.tv\/az\/article\/resmi-baki-iran-sefirliyinin-4-emekdasi-48-saata-azerbaycani-terk-etmelidir\/#primaryimage"},"thumbnailUrl":"https:\/\/www.meydan.tv\/wp-content\/uploads\/img_7691-scaled.jpg","datePublished":"2023-04-06T13:07:22+00:00","dateModified":"2023-04-06T13:11:33+00:00","breadcrumb":{"@id":"https:\/\/www.meydan.tv\/az\/article\/resmi-baki-iran-sefirliyinin-4-emekdasi-48-saata-azerbaycani-terk-etmelidir\/#breadcrumb"},"inLanguage":"az","potentialAction":[{"@type":"ReadAction","target":["https:\/\/www.meydan.tv\/az\/article\/resmi-baki-iran-sefirliyinin-4-emekdasi-48-saata-azerbaycani-terk-etmelidir\/"]}]},{"@type":"ImageObject","inLanguage":"az","@id":"https:\/\/www.meydan.tv\/az\/article\/resmi-baki-iran-sefirliyinin-4-emekdasi-48-saata-azerbaycani-terk-etmelidir\/#primaryimage","url":"https:\/\/www.meydan.tv\/wp-content\/uploads\/img_7691-scaled.jpg","contentUrl":"https:\/\/www.meydan.tv\/wp-content\/uploads\/img_7691-scaled.jpg","width":2560,"height":1920,"caption":"\u0130ran \u0130slam Respublikas\u0131n\u0131n Az\u0259rbaycandak\u0131 s\u0259firliyi. Foto: Meydan TV"},{"@type":"BreadcrumbList","@id":"https:\/\/www.meydan.tv\/az\/article\/resmi-baki-iran-sefirliyinin-4-emekdasi-48-saata-azerbaycani-terk-etmelidir\/#breadcrumb","itemListElement":[{"@type":"ListItem","position":1,"name":"Ana s\u0259hif\u0259","item":"https:\/\/www.meydan.tv\/az\/"},{"@type":"ListItem","position":2,"name":"Siyas\u0259t","item":"https:\/\/www.meydan.tv\/az\/section\/siyaset\/"},{"@type":"ListItem","position":3,"name":"R\u0259smi Bak\u0131: \u0130ran s\u0259firliyinin 4 \u0259m\u0259kda\u015f\u0131 48 saata Az\u0259rbaycan\u0131 t\u0259rk etm\u0259lidir"}]},{"@type":"WebSite","@id":"https:\/\/www.meydan.tv\/az\/#website","url":"https:\/\/www.meydan.tv\/az\/","name":"MEYDAN.TV","description":"Meydan TV Az\u0259rbaycan\u0131n media m\u0259kan\u0131ndak\u0131 alternativ s\u0259sidir","publisher":{"@id":"https:\/\/www.meydan.tv\/az\/#organization"},"potentialAction":[{"@type":"SearchAction","target":{"@type":"EntryPoint","urlTemplate":"https:\/\/www.meydan.tv\/az\/?s={search_term_string}"},"query-input":{"@type":"PropertyValueSpecification","valueRequired":true,"valueName":"search_term_string"}}],"inLanguage":"az"},{"@type":"Organization","@id":"https:\/\/www.meydan.tv\/az\/#organization","name":"Meydan TV","url":"https:\/\/www.meydan.tv\/az\/","logo":{"@type":"ImageObject","inLanguage":"az","@id":"https:\/\/www.meydan.tv\/az\/#\/schema\/logo\/image\/","url":"https:\/\/www.meydan.tv\/wp-content\/uploads\/2021\/07\/meydan-logo.svg","contentUrl":"https:\/\/www.meydan.tv\/wp-content\/uploads\/2021\/07\/meydan-logo.svg","width":195,"height":46,"caption":"Meydan TV"},"image":{"@id":"https:\/\/www.meydan.tv\/az\/#\/schema\/logo\/image\/"}},{"@type":"Person","@id":"https:\/\/www.meydan.tv\/az\/#\/schema\/person\/9cdbecf90d17180ce1dfbd95b08dcf47","name":"elli","sameAs":["https:\/\/x.com\/elli"]}]}},"_links":{"self":[{"href":"https:\/\/www.meydan.tv\/az\/wp-json\/wp\/v2\/posts\/272252","targetHints":{"allow":["GET"]}}],"collection":[{"href":"https:\/\/www.meydan.tv\/az\/wp-json\/wp\/v2\/posts"}],"about":[{"href":"https:\/\/www.meydan.tv\/az\/wp-json\/wp\/v2\/types\/post"}],"author":[{"embeddable":true,"href":"https:\/\/www.meydan.tv\/az\/wp-json\/wp\/v2\/users\/8"}],"replies":[{"embeddable":true,"href":"https:\/\/www.meydan.tv\/az\/wp-json\/wp\/v2\/comments?post=272252"}],"version-history":[{"count":3,"href":"https:\/\/www.meydan.tv\/az\/wp-json\/wp\/v2\/posts\/272252\/revisions"}],"predecessor-version":[{"id":272261,"href":"https:\/\/www.meydan.tv\/az\/wp-json\/wp\/v2\/posts\/272252\/revisions\/272261"}],"wp:featuredmedia":[{"embeddable":true,"href":"https:\/\/www.meydan.tv\/az\/wp-json\/wp\/v2\/media\/260840"}],"wp:attachment":[{"href":"https:\/\/www.meydan.tv\/az\/wp-json\/wp\/v2\/media?parent=272252"}],"wp:term":[{"taxonomy":"category","embeddable":true,"href":"https:\/\/www.meydan.tv\/az\/wp-json\/wp\/v2\/categories?post=272252"},{"taxonomy":"post_tag","embeddable":true,"href":"https:\/\/www.meydan.tv\/az\/wp-json\/wp\/v2\/tags?post=272252"}],"curies":[{"name":"wp","href":"https:\/\/api.w.org\/{rel}","templated":true}]}}