{"id":272236,"date":"2023-04-06T15:58:06","date_gmt":"2023-04-06T11:58:06","guid":{"rendered":"https:\/\/www.meydan.tv\/?p=272236"},"modified":"2023-04-06T15:58:11","modified_gmt":"2023-04-06T11:58:11","slug":"komite-sedri-iran-azerbaycandaki-mescidlere-adamlarini-yerlesdirmeye-calisib","status":"publish","type":"post","link":"https:\/\/www.meydan.tv\/az\/article\/komite-sedri-iran-azerbaycandaki-mescidlere-adamlarini-yerlesdirmeye-calisib\/","title":{"rendered":"Komit\u0259 s\u0259dri: &#8220;\u0130ran Az\u0259rbaycandak\u0131 m\u0259scidl\u0259r\u0259 adamlar\u0131n\u0131 yerl\u0259\u015fdirm\u0259y\u0259 \u00e7al\u0131\u015f\u0131b&#8221;"},"content":{"rendered":"\n<p><\/p>\n\n\n\n<p>&#8220;<em>118 din xadimi i\u015find\u0259n uzaqla\u015fd\u0131r\u0131l\u0131<\/em>b&#8221;<\/p>\n\n\n\n<p>Dini Qurumlarla \u0130\u015f \u00fczr\u0259 D\u00f6vl\u0259t Komit\u0259sinin s\u0259dri M\u00fcbariz Qurbanl\u0131 iddia edir ki, \u0130ran Az\u0259rbaycandak\u0131 m\u0259scidl\u0259r\u0259 \u00f6z adamlar\u0131n\u0131 yerl\u0259\u015fdirm\u0259y\u0259 \u00e7al\u0131\u015f\u0131b.<\/p>\n\n\n\n<p>M.Qurbanl\u0131 r\u0259hb\u0259rlik etdiyi komit\u0259nin bunun qar\u015f\u0131s\u0131n\u0131 almaq \u00fc\u00e7\u00fcn kifay\u0259t q\u0259d\u0259r s\u0259brl\u0259, m\u0259qs\u0259dy\u00f6nl\u00fc \u015f\u0259kild\u0259 i\u015f apard\u0131\u011f\u0131n\u0131 qeyd edib.<\/p>\n\n\n\n<p>Bu bar\u0259d\u0259 M\u00fcbariz Qurbanl\u0131 aprelin 6-da jurnalistl\u0259rin suallar\u0131na cavab ver\u0259rk\u0259n deyib.<\/p>\n\n\n\n<p>Onun s\u00f6zl\u0259rin\u0259 g\u00f6r\u0259, Tehran rejimi Az\u0259rbaycana dini ideologiya il\u0259 t\u0259zyiql\u0259r g\u00f6st\u0259rm\u0259y\u0259 \u00e7al\u0131\u015f\u0131r: <\/p>\n\n\n\n<p><em>&#8220;Az\u0259rbaycan v\u0259 dig\u0259r \u0259traf \u00f6lk\u0259l\u0259r\u0259 \u00f6z\u00fcn\u00fcn d\u00f6vl\u0259t-din modelini yaymaq ist\u0259yir. Az\u0259rbaycanda da bu t\u0259bli\u011fat\u0131 aparmaq \u00fc\u00e7\u00fcn sosial \u015f\u0259b\u0259k\u0259l\u0259r \u00fcz\u0259rind\u0259n kampaniyalar apar\u0131b. Dini Komit\u0259 bu kimi hallar\u0131n qar\u015f\u0131s\u0131n\u0131 almaq \u00fc\u00e7\u00fcn geni\u015f i\u015fl\u0259r g\u00f6r\u00fcb v\u0259 g\u00f6rm\u0259kd\u0259dir&#8221;.<\/em><\/p>\n\n\n\n<p>O, m\u0259scidl\u0259r\u0259 t\u0259yinatla ba\u011fl\u0131 da dan\u0131\u015f\u0131b:<\/p>\n\n\n\n<p><em>&#8220;Bu s\u0259lahiyy\u0259t komit\u0259y\u0259 ke\u00e7\u0259nd\u0259n sonra t\u0259hsil alm\u0131\u015f, d\u00f6vl\u0259tin maraqlar\u0131n\u0131 ifad\u0259 etm\u0259y\u0259 qadir olan 120-y\u0259 yax\u0131n \u015f\u0259xs t\u0259yinat al\u0131b. 118 din xadimi is\u0259 i\u015find\u0259n uzaqla\u015fd\u0131r\u0131l\u0131b&#8221;.<\/em><\/p>\n\n\n\n<p>M.Qurbanl\u0131 ke\u00e7mi\u015f \u018fbu B\u0259kir m\u0259scidind\u0259 t\u0259mir i\u015fl\u0259rinin ba\u015fa \u00e7atd\u0131r\u0131ld\u0131\u011f\u0131n\u0131 deyib. Bildirib ki, yax\u0131n zamanlarda m\u0259scidin a\u00e7\u0131laca\u011f\u0131 g\u00f6zl\u0259nilir.<\/p>\n\n\n\n<p>Son vaxtlar \u00f6lk\u0259d\u0259 400-\u0259 yax\u0131n dini inancl\u0131 \u015f\u0259xsin h\u0259bs olundu\u011fu bildirilir. Bu bar\u0259d\u0259 ictimai f\u0259allar, h\u00fcquq m\u00fcdafi\u0259\u00e7il\u0259ri m\u0259lumat yay\u0131b.<\/p>\n\n\n\n<p>H\u0259bs olunanlar\u0131n \u0259ks\u0259riyy\u0259tin\u0259 qar\u015f\u0131 narkotik ittiham\u0131 ir\u0259li s\u00fcr\u00fcl\u00fcb.<\/p>\n\n\n\n<p>Onlar\u0131n yax\u0131nlar\u0131 v\u0259 v\u0259kill\u0259ri bu ittihamlar\u0131n saxta oldu\u011funu bildirir.<\/p>\n\n\n\n<p>Ancaq Daxili \u0130\u015fl\u0259r Nazirliyi 400 n\u0259f\u0259rin h\u0259bsind\u0259n x\u0259b\u0259rsiz oldu\u011funu deyir.<\/p>\n\n\n\n<p>Aprelin 5-d\u0259 Daxili \u0130\u015fl\u0259r Nazirliyi, D\u00f6vl\u0259t T\u0259hl\u00fck\u0259sizliyi Xidm\u0259ti v\u0259 Ba\u015f Prokurorluq Az\u0259rbaycanda \u015f\u0259ri\u0259t qanunlar\u0131 il\u0259 idar\u0259 olunan \u201cK\u0259rim\u0259\u201d d\u00f6vl\u0259tinin qurulmas\u0131 m\u0259qs\u0259dil\u0259 d\u0259st\u0259 yarad\u0131ld\u0131\u011f\u0131n\u0131 iddia ed\u0259n a\u00e7\u0131qlama yay\u0131b.<\/p>\n\n\n\n<p>M\u0259lumatda deyilir ki, \u0130ran\u0131n x\u00fcsusi xidm\u0259t orqanlar\u0131 maddiyyat v\u0259 dini t\u0259bli\u011fatla bir qrup adam\u0131 \u0259l\u0259 al\u0131b, Az\u0259rbaycanda sabitliyin pozulmas\u0131 istiqam\u0259tind\u0259 cinay\u0259tl\u0259r <a href=\"https:\/\/storage.googleapis.com\/qurium\/www.meydan.tv\/az-article-saxlanilan-inanclilarin-kerime-dovleti-yaratmaq-istedikleri-iddia-olunur.html\" target=\"_blank\" rel=\"noreferrer noopener\">haz\u0131rlan\u0131b<\/a>.<\/p>\n\n\n\n<p>Mart\u0131n 31-d\u0259 Az\u0259rbaycan Xarici \u0130\u015fl\u0259r Nazirliyi deputat Fazil Mustafaya qar\u015f\u0131 terror akt\u0131n\u0131n ilkin izl\u0259rinin \u0130rana ba\u011fl\u0131 oldu\u011fu haqda a\u00e7\u0131qlama yaym\u0131\u015fd\u0131. Ard\u0131nca D\u0130N v\u0259 DTX silahl\u0131 h\u00fccumla ba\u011fl\u0131 6 n\u0259f\u0259rin saxlan\u0131ld\u0131\u011f\u0131 haqda m\u0259lumat yayd\u0131.<\/p>\n\n\n\n<p>Ancaq aprelin 5-d\u0259 Meydan TV-nin reportaj\u0131ndan sonra h\u0259bs edil\u0259nl\u0259rd\u0259n \u0130lkin Sleymanovun madd\u0259sinin d\u0259yi\u015fdirildiyi <a href=\"https:\/\/www.meydan.tv\/az\/article\/fazil-mustafaya-hucumun-istirakcisi-kimi-teqdim-olunan-sexse-narkotik-ittihami\/\" target=\"_blank\" rel=\"noreferrer noopener\">bildirildi.<\/a><\/p>\n\n\n\n<p>2023-c\u00fc il yanvar\u0131n 27-d\u0259 Bak\u0131 vaxt\u0131 il\u0259 s\u0259h\u0259r saat 8:30 rad\u0259l\u0259rind\u0259 Az\u0259rbaycan\u0131n \u0130randak\u0131 s\u0259firliyin\u0259 silahl\u0131 h\u00fccum olub.<\/p>\n\n\n\n<p>Hadis\u0259 n\u0259tic\u0259sind\u0259 s\u0259firliyin m\u00fchafiz\u0259 xidm\u0259tinin r\u0259isi h\u0259lak olub, iki n\u0259f\u0259r yaralan\u0131b.<\/p>\n\n\n\n<p>Bundan sonra Az\u0259rbaycan\u0131n \u0130randak\u0131 s\u0259firliyinin \u0259m\u0259kda\u015flar\u0131 Bak\u0131ya t\u0259xliy\u0259 edilib.<\/p>\n\n\n\n<p>Mart\u0131n 28-d\u0259 saat 21:51-d\u0259 is\u0259 Milli M\u0259clisinin deputat\u0131 Fazil Mustafan\u0131n ya\u015fad\u0131\u011f\u0131 evin qar\u015f\u0131s\u0131nda&nbsp; g\u00fcll\u0259l\u0259ndiyi a\u00e7\u0131qland\u0131.<\/p>\n\n\n\n<p>Bildirilirdi ki, deputat sa\u011f \u00e7iyinind\u0259n v\u0259 sa\u011f aya\u011f\u0131ndan yaralan\u0131b.<\/p>\n\n\n\n<p>El\u0259 h\u0259min g\u00fcn Ba\u015f Prokurorluq deputata siyahl\u0131 h\u00fccumla ba\u011fl\u0131 cinay\u0259t i\u015fi a\u00e7\u0131b.<\/p>\n\n\n\n<p>Bir g\u00fcn sonra D\u00f6vl\u0259t T\u0259hl\u00fck\u0259sizliyi Xidm\u0259ti (DTX) deputat Fazil Mustafaya silahl\u0131 h\u00fccumla ba\u011fl\u0131 cinay\u0259t i\u015fi a\u00e7\u0131b.<\/p>\n\n\n\n<p>Bildirilib ki, qurumun \u0130stintaq Ba\u015f \u0130dar\u0259sind\u0259 Cinay\u0259t M\u0259c\u0259ll\u0259sinin 277 (d\u00f6vl\u0259t xadiminin v\u0259 ya ictimai xadimin xidm\u0259ti v\u0259 ya siyasi f\u0259aliyy\u0259tin\u0259 son qoymaq v\u0259 ya bu f\u0259aliyy\u0259t\u0259 g\u00f6r\u0259 qisas almaq m\u0259qs\u0259dil\u0259 onun h\u0259yat\u0131na sui-q\u0259sd etm\u0259) v\u0259 228.2.1-ci (qabaqcadan \u0259lbir olan bir qrup \u015f\u0259xs t\u0259r\u0259find\u0259n qanunsuz olaraq odlu silah, onun komplekt hiss\u0259l\u0259rini, d\u00f6y\u00fc\u015f sursat\u0131 \u0259ld\u0259 etm\u0259, saxlama, da\u015f\u0131ma v\u0259 g\u0259zdirm\u0259) madd\u0259l\u0259ri il\u0259 cinay\u0259t i\u015fi ba\u015flan\u0131l\u0131b.<\/p>\n\n\n\n<p><\/p>\n\n\n\n<p><\/p>\n","protected":false},"excerpt":{"rendered":"<p>&#8220;118 din xadimi i\u015find\u0259n uzaqla\u015fd\u0131r\u0131l\u0131b&#8221; Dini Qurumlarla \u0130\u015f \u00fczr\u0259 D\u00f6vl\u0259t &#8230; <\/p>\n<p class=\"read-more-container\"><a title=\"Komit\u0259 s\u0259dri: &#8220;\u0130ran Az\u0259rbaycandak\u0131 m\u0259scidl\u0259r\u0259 adamlar\u0131n\u0131 yerl\u0259\u015fdirm\u0259y\u0259 \u00e7al\u0131\u015f\u0131b&#8221;\" class=\"read-more button\" href=\"https:\/\/www.meydan.tv\/az\/article\/komite-sedri-iran-azerbaycandaki-mescidlere-adamlarini-yerlesdirmeye-calisib\/#more-272236\" aria-label=\"Read more about Komit\u0259 s\u0259dri: &#8220;\u0130ran Az\u0259rbaycandak\u0131 m\u0259scidl\u0259r\u0259 adamlar\u0131n\u0131 yerl\u0259\u015fdirm\u0259y\u0259 \u00e7al\u0131\u015f\u0131b&#8221;\">Davam\u0131<\/a><\/p>\n","protected":false},"author":8,"featured_media":96875,"comment_status":"closed","ping_status":"closed","sticky":false,"template":"","format":"standard","meta":{"_acf_changed":false,"_sitemap_exclude":false,"_sitemap_priority":"","_sitemap_frequency":"","footnotes":""},"categories":[59,79,56],"tags":[],"class_list":["post-272236","post","type-post","status-publish","format-standard","has-post-thumbnail","hentry","category-siyaset","category-featured","category-xeberler","infinite-scroll-item","generate-columns","tablet-grid-50","mobile-grid-100","grid-parent","grid-33","no-featured-image-padding"],"acf":[],"yoast_head":"<!-- This site is optimized with the Yoast SEO plugin v27.4 - https:\/\/yoast.com\/product\/yoast-seo-wordpress\/ -->\n<title>Komit\u0259 s\u0259dri: &quot;\u0130ran Az\u0259rbaycandak\u0131 m\u0259scidl\u0259r\u0259 adamlar\u0131n\u0131 yerl\u0259\u015fdirm\u0259y\u0259 \u00e7al\u0131\u015f\u0131b&quot; - MEYDAN.TV<\/title>\n<meta name=\"robots\" content=\"index, follow, max-snippet:-1, max-image-preview:large, max-video-preview:-1\" \/>\n<link rel=\"canonical\" href=\"https:\/\/www.meydan.tv\/az\/article\/komite-sedri-iran-azerbaycandaki-mescidlere-adamlarini-yerlesdirmeye-calisib\/\" \/>\n<meta property=\"og:locale\" content=\"az_AZ\" \/>\n<meta property=\"og:type\" content=\"article\" \/>\n<meta property=\"og:title\" content=\"Komit\u0259 s\u0259dri: &quot;\u0130ran Az\u0259rbaycandak\u0131 m\u0259scidl\u0259r\u0259 adamlar\u0131n\u0131 yerl\u0259\u015fdirm\u0259y\u0259 \u00e7al\u0131\u015f\u0131b&quot; - MEYDAN.TV\" \/>\n<meta property=\"og:description\" content=\"&#8220;118 din xadimi i\u015find\u0259n uzaqla\u015fd\u0131r\u0131l\u0131b&#8221; Dini Qurumlarla \u0130\u015f \u00fczr\u0259 D\u00f6vl\u0259t ... Davam\u0131\" \/>\n<meta property=\"og:url\" content=\"https:\/\/www.meydan.tv\/az\/article\/komite-sedri-iran-azerbaycandaki-mescidlere-adamlarini-yerlesdirmeye-calisib\/\" \/>\n<meta property=\"og:site_name\" content=\"MEYDAN.TV\" \/>\n<meta property=\"article:published_time\" content=\"2023-04-06T11:58:06+00:00\" \/>\n<meta property=\"article:modified_time\" content=\"2023-04-06T11:58:11+00:00\" \/>\n<meta property=\"og:image\" content=\"https:\/\/www.meydan.tv\/wp-content\/uploads\/38257-e1680782058836.jpg\" \/>\n\t<meta property=\"og:image:width\" content=\"1500\" \/>\n\t<meta property=\"og:image:height\" content=\"787\" \/>\n\t<meta property=\"og:image:type\" content=\"image\/jpeg\" \/>\n<meta name=\"author\" content=\"elli\" \/>\n<meta name=\"twitter:card\" content=\"summary_large_image\" \/>\n<meta name=\"twitter:creator\" content=\"@elli\" \/>\n<script type=\"application\/ld+json\" class=\"yoast-schema-graph\">{\"@context\":\"https:\\\/\\\/schema.org\",\"@graph\":[{\"@type\":\"Article\",\"@id\":\"https:\\\/\\\/www.meydan.tv\\\/az\\\/article\\\/komite-sedri-iran-azerbaycandaki-mescidlere-adamlarini-yerlesdirmeye-calisib\\\/#article\",\"isPartOf\":{\"@id\":\"https:\\\/\\\/www.meydan.tv\\\/az\\\/article\\\/komite-sedri-iran-azerbaycandaki-mescidlere-adamlarini-yerlesdirmeye-calisib\\\/\"},\"author\":{\"name\":\"elli\",\"@id\":\"https:\\\/\\\/www.meydan.tv\\\/az\\\/#\\\/schema\\\/person\\\/9cdbecf90d17180ce1dfbd95b08dcf47\"},\"headline\":\"Komit\u0259 s\u0259dri: &#8220;\u0130ran Az\u0259rbaycandak\u0131 m\u0259scidl\u0259r\u0259 adamlar\u0131n\u0131 yerl\u0259\u015fdirm\u0259y\u0259 \u00e7al\u0131\u015f\u0131b&#8221;\",\"datePublished\":\"2023-04-06T11:58:06+00:00\",\"dateModified\":\"2023-04-06T11:58:11+00:00\",\"mainEntityOfPage\":{\"@id\":\"https:\\\/\\\/www.meydan.tv\\\/az\\\/article\\\/komite-sedri-iran-azerbaycandaki-mescidlere-adamlarini-yerlesdirmeye-calisib\\\/\"},\"wordCount\":749,\"publisher\":{\"@id\":\"https:\\\/\\\/www.meydan.tv\\\/az\\\/#organization\"},\"image\":{\"@id\":\"https:\\\/\\\/www.meydan.tv\\\/az\\\/article\\\/komite-sedri-iran-azerbaycandaki-mescidlere-adamlarini-yerlesdirmeye-calisib\\\/#primaryimage\"},\"thumbnailUrl\":\"https:\\\/\\\/www.meydan.tv\\\/wp-content\\\/uploads\\\/38257-e1680782058836.jpg\",\"articleSection\":[\"Siyas\u0259t\",\"T\u00f6vsiy\u0259\",\"X\u0259b\u0259rl\u0259r\"],\"inLanguage\":\"az\"},{\"@type\":\"WebPage\",\"@id\":\"https:\\\/\\\/www.meydan.tv\\\/az\\\/article\\\/komite-sedri-iran-azerbaycandaki-mescidlere-adamlarini-yerlesdirmeye-calisib\\\/\",\"url\":\"https:\\\/\\\/www.meydan.tv\\\/az\\\/article\\\/komite-sedri-iran-azerbaycandaki-mescidlere-adamlarini-yerlesdirmeye-calisib\\\/\",\"name\":\"Komit\u0259 s\u0259dri: \\\"\u0130ran Az\u0259rbaycandak\u0131 m\u0259scidl\u0259r\u0259 adamlar\u0131n\u0131 yerl\u0259\u015fdirm\u0259y\u0259 \u00e7al\u0131\u015f\u0131b\\\" - MEYDAN.TV\",\"isPartOf\":{\"@id\":\"https:\\\/\\\/www.meydan.tv\\\/az\\\/#website\"},\"primaryImageOfPage\":{\"@id\":\"https:\\\/\\\/www.meydan.tv\\\/az\\\/article\\\/komite-sedri-iran-azerbaycandaki-mescidlere-adamlarini-yerlesdirmeye-calisib\\\/#primaryimage\"},\"image\":{\"@id\":\"https:\\\/\\\/www.meydan.tv\\\/az\\\/article\\\/komite-sedri-iran-azerbaycandaki-mescidlere-adamlarini-yerlesdirmeye-calisib\\\/#primaryimage\"},\"thumbnailUrl\":\"https:\\\/\\\/www.meydan.tv\\\/wp-content\\\/uploads\\\/38257-e1680782058836.jpg\",\"datePublished\":\"2023-04-06T11:58:06+00:00\",\"dateModified\":\"2023-04-06T11:58:11+00:00\",\"breadcrumb\":{\"@id\":\"https:\\\/\\\/www.meydan.tv\\\/az\\\/article\\\/komite-sedri-iran-azerbaycandaki-mescidlere-adamlarini-yerlesdirmeye-calisib\\\/#breadcrumb\"},\"inLanguage\":\"az\",\"potentialAction\":[{\"@type\":\"ReadAction\",\"target\":[\"https:\\\/\\\/www.meydan.tv\\\/az\\\/article\\\/komite-sedri-iran-azerbaycandaki-mescidlere-adamlarini-yerlesdirmeye-calisib\\\/\"]}]},{\"@type\":\"ImageObject\",\"inLanguage\":\"az\",\"@id\":\"https:\\\/\\\/www.meydan.tv\\\/az\\\/article\\\/komite-sedri-iran-azerbaycandaki-mescidlere-adamlarini-yerlesdirmeye-calisib\\\/#primaryimage\",\"url\":\"https:\\\/\\\/www.meydan.tv\\\/wp-content\\\/uploads\\\/38257-e1680782058836.jpg\",\"contentUrl\":\"https:\\\/\\\/www.meydan.tv\\\/wp-content\\\/uploads\\\/38257-e1680782058836.jpg\",\"width\":1500,\"height\":787,\"caption\":\"M\u00fcbariz Qurbanl\u0131. Foto: \\\"Az\u0259rtac\\\"\"},{\"@type\":\"BreadcrumbList\",\"@id\":\"https:\\\/\\\/www.meydan.tv\\\/az\\\/article\\\/komite-sedri-iran-azerbaycandaki-mescidlere-adamlarini-yerlesdirmeye-calisib\\\/#breadcrumb\",\"itemListElement\":[{\"@type\":\"ListItem\",\"position\":1,\"name\":\"Ana s\u0259hif\u0259\",\"item\":\"https:\\\/\\\/www.meydan.tv\\\/az\\\/\"},{\"@type\":\"ListItem\",\"position\":2,\"name\":\"Siyas\u0259t\",\"item\":\"https:\\\/\\\/www.meydan.tv\\\/az\\\/section\\\/siyaset\\\/\"},{\"@type\":\"ListItem\",\"position\":3,\"name\":\"Komit\u0259 s\u0259dri: &#8220;\u0130ran Az\u0259rbaycandak\u0131 m\u0259scidl\u0259r\u0259 adamlar\u0131n\u0131 yerl\u0259\u015fdirm\u0259y\u0259 \u00e7al\u0131\u015f\u0131b&#8221;\"}]},{\"@type\":\"WebSite\",\"@id\":\"https:\\\/\\\/www.meydan.tv\\\/az\\\/#website\",\"url\":\"https:\\\/\\\/www.meydan.tv\\\/az\\\/\",\"name\":\"MEYDAN.TV\",\"description\":\"Meydan TV Az\u0259rbaycan\u0131n media m\u0259kan\u0131ndak\u0131 alternativ s\u0259sidir\",\"publisher\":{\"@id\":\"https:\\\/\\\/www.meydan.tv\\\/az\\\/#organization\"},\"potentialAction\":[{\"@type\":\"SearchAction\",\"target\":{\"@type\":\"EntryPoint\",\"urlTemplate\":\"https:\\\/\\\/www.meydan.tv\\\/az\\\/?s={search_term_string}\"},\"query-input\":{\"@type\":\"PropertyValueSpecification\",\"valueRequired\":true,\"valueName\":\"search_term_string\"}}],\"inLanguage\":\"az\"},{\"@type\":\"Organization\",\"@id\":\"https:\\\/\\\/www.meydan.tv\\\/az\\\/#organization\",\"name\":\"Meydan TV\",\"url\":\"https:\\\/\\\/www.meydan.tv\\\/az\\\/\",\"logo\":{\"@type\":\"ImageObject\",\"inLanguage\":\"az\",\"@id\":\"https:\\\/\\\/www.meydan.tv\\\/az\\\/#\\\/schema\\\/logo\\\/image\\\/\",\"url\":\"https:\\\/\\\/www.meydan.tv\\\/wp-content\\\/uploads\\\/2021\\\/07\\\/meydan-logo.svg\",\"contentUrl\":\"https:\\\/\\\/www.meydan.tv\\\/wp-content\\\/uploads\\\/2021\\\/07\\\/meydan-logo.svg\",\"width\":195,\"height\":46,\"caption\":\"Meydan TV\"},\"image\":{\"@id\":\"https:\\\/\\\/www.meydan.tv\\\/az\\\/#\\\/schema\\\/logo\\\/image\\\/\"}},{\"@type\":\"Person\",\"@id\":\"https:\\\/\\\/www.meydan.tv\\\/az\\\/#\\\/schema\\\/person\\\/9cdbecf90d17180ce1dfbd95b08dcf47\",\"name\":\"elli\",\"sameAs\":[\"https:\\\/\\\/x.com\\\/elli\"]}]}<\/script>\n<!-- \/ Yoast SEO plugin. -->","yoast_head_json":{"title":"Komit\u0259 s\u0259dri: \"\u0130ran Az\u0259rbaycandak\u0131 m\u0259scidl\u0259r\u0259 adamlar\u0131n\u0131 yerl\u0259\u015fdirm\u0259y\u0259 \u00e7al\u0131\u015f\u0131b\" - MEYDAN.TV","robots":{"index":"index","follow":"follow","max-snippet":"max-snippet:-1","max-image-preview":"max-image-preview:large","max-video-preview":"max-video-preview:-1"},"canonical":"https:\/\/www.meydan.tv\/az\/article\/komite-sedri-iran-azerbaycandaki-mescidlere-adamlarini-yerlesdirmeye-calisib\/","og_locale":"az_AZ","og_type":"article","og_title":"Komit\u0259 s\u0259dri: \"\u0130ran Az\u0259rbaycandak\u0131 m\u0259scidl\u0259r\u0259 adamlar\u0131n\u0131 yerl\u0259\u015fdirm\u0259y\u0259 \u00e7al\u0131\u015f\u0131b\" - MEYDAN.TV","og_description":"&#8220;118 din xadimi i\u015find\u0259n uzaqla\u015fd\u0131r\u0131l\u0131b&#8221; Dini Qurumlarla \u0130\u015f \u00fczr\u0259 D\u00f6vl\u0259t ... Davam\u0131","og_url":"https:\/\/www.meydan.tv\/az\/article\/komite-sedri-iran-azerbaycandaki-mescidlere-adamlarini-yerlesdirmeye-calisib\/","og_site_name":"MEYDAN.TV","article_published_time":"2023-04-06T11:58:06+00:00","article_modified_time":"2023-04-06T11:58:11+00:00","og_image":[{"width":1500,"height":787,"url":"https:\/\/www.meydan.tv\/wp-content\/uploads\/38257-e1680782058836.jpg","type":"image\/jpeg"}],"author":"elli","twitter_card":"summary_large_image","twitter_creator":"@elli","schema":{"@context":"https:\/\/schema.org","@graph":[{"@type":"Article","@id":"https:\/\/www.meydan.tv\/az\/article\/komite-sedri-iran-azerbaycandaki-mescidlere-adamlarini-yerlesdirmeye-calisib\/#article","isPartOf":{"@id":"https:\/\/www.meydan.tv\/az\/article\/komite-sedri-iran-azerbaycandaki-mescidlere-adamlarini-yerlesdirmeye-calisib\/"},"author":{"name":"elli","@id":"https:\/\/www.meydan.tv\/az\/#\/schema\/person\/9cdbecf90d17180ce1dfbd95b08dcf47"},"headline":"Komit\u0259 s\u0259dri: &#8220;\u0130ran Az\u0259rbaycandak\u0131 m\u0259scidl\u0259r\u0259 adamlar\u0131n\u0131 yerl\u0259\u015fdirm\u0259y\u0259 \u00e7al\u0131\u015f\u0131b&#8221;","datePublished":"2023-04-06T11:58:06+00:00","dateModified":"2023-04-06T11:58:11+00:00","mainEntityOfPage":{"@id":"https:\/\/www.meydan.tv\/az\/article\/komite-sedri-iran-azerbaycandaki-mescidlere-adamlarini-yerlesdirmeye-calisib\/"},"wordCount":749,"publisher":{"@id":"https:\/\/www.meydan.tv\/az\/#organization"},"image":{"@id":"https:\/\/www.meydan.tv\/az\/article\/komite-sedri-iran-azerbaycandaki-mescidlere-adamlarini-yerlesdirmeye-calisib\/#primaryimage"},"thumbnailUrl":"https:\/\/www.meydan.tv\/wp-content\/uploads\/38257-e1680782058836.jpg","articleSection":["Siyas\u0259t","T\u00f6vsiy\u0259","X\u0259b\u0259rl\u0259r"],"inLanguage":"az"},{"@type":"WebPage","@id":"https:\/\/www.meydan.tv\/az\/article\/komite-sedri-iran-azerbaycandaki-mescidlere-adamlarini-yerlesdirmeye-calisib\/","url":"https:\/\/www.meydan.tv\/az\/article\/komite-sedri-iran-azerbaycandaki-mescidlere-adamlarini-yerlesdirmeye-calisib\/","name":"Komit\u0259 s\u0259dri: \"\u0130ran Az\u0259rbaycandak\u0131 m\u0259scidl\u0259r\u0259 adamlar\u0131n\u0131 yerl\u0259\u015fdirm\u0259y\u0259 \u00e7al\u0131\u015f\u0131b\" - MEYDAN.TV","isPartOf":{"@id":"https:\/\/www.meydan.tv\/az\/#website"},"primaryImageOfPage":{"@id":"https:\/\/www.meydan.tv\/az\/article\/komite-sedri-iran-azerbaycandaki-mescidlere-adamlarini-yerlesdirmeye-calisib\/#primaryimage"},"image":{"@id":"https:\/\/www.meydan.tv\/az\/article\/komite-sedri-iran-azerbaycandaki-mescidlere-adamlarini-yerlesdirmeye-calisib\/#primaryimage"},"thumbnailUrl":"https:\/\/www.meydan.tv\/wp-content\/uploads\/38257-e1680782058836.jpg","datePublished":"2023-04-06T11:58:06+00:00","dateModified":"2023-04-06T11:58:11+00:00","breadcrumb":{"@id":"https:\/\/www.meydan.tv\/az\/article\/komite-sedri-iran-azerbaycandaki-mescidlere-adamlarini-yerlesdirmeye-calisib\/#breadcrumb"},"inLanguage":"az","potentialAction":[{"@type":"ReadAction","target":["https:\/\/www.meydan.tv\/az\/article\/komite-sedri-iran-azerbaycandaki-mescidlere-adamlarini-yerlesdirmeye-calisib\/"]}]},{"@type":"ImageObject","inLanguage":"az","@id":"https:\/\/www.meydan.tv\/az\/article\/komite-sedri-iran-azerbaycandaki-mescidlere-adamlarini-yerlesdirmeye-calisib\/#primaryimage","url":"https:\/\/www.meydan.tv\/wp-content\/uploads\/38257-e1680782058836.jpg","contentUrl":"https:\/\/www.meydan.tv\/wp-content\/uploads\/38257-e1680782058836.jpg","width":1500,"height":787,"caption":"M\u00fcbariz Qurbanl\u0131. Foto: \"Az\u0259rtac\""},{"@type":"BreadcrumbList","@id":"https:\/\/www.meydan.tv\/az\/article\/komite-sedri-iran-azerbaycandaki-mescidlere-adamlarini-yerlesdirmeye-calisib\/#breadcrumb","itemListElement":[{"@type":"ListItem","position":1,"name":"Ana s\u0259hif\u0259","item":"https:\/\/www.meydan.tv\/az\/"},{"@type":"ListItem","position":2,"name":"Siyas\u0259t","item":"https:\/\/www.meydan.tv\/az\/section\/siyaset\/"},{"@type":"ListItem","position":3,"name":"Komit\u0259 s\u0259dri: &#8220;\u0130ran Az\u0259rbaycandak\u0131 m\u0259scidl\u0259r\u0259 adamlar\u0131n\u0131 yerl\u0259\u015fdirm\u0259y\u0259 \u00e7al\u0131\u015f\u0131b&#8221;"}]},{"@type":"WebSite","@id":"https:\/\/www.meydan.tv\/az\/#website","url":"https:\/\/www.meydan.tv\/az\/","name":"MEYDAN.TV","description":"Meydan TV Az\u0259rbaycan\u0131n media m\u0259kan\u0131ndak\u0131 alternativ s\u0259sidir","publisher":{"@id":"https:\/\/www.meydan.tv\/az\/#organization"},"potentialAction":[{"@type":"SearchAction","target":{"@type":"EntryPoint","urlTemplate":"https:\/\/www.meydan.tv\/az\/?s={search_term_string}"},"query-input":{"@type":"PropertyValueSpecification","valueRequired":true,"valueName":"search_term_string"}}],"inLanguage":"az"},{"@type":"Organization","@id":"https:\/\/www.meydan.tv\/az\/#organization","name":"Meydan TV","url":"https:\/\/www.meydan.tv\/az\/","logo":{"@type":"ImageObject","inLanguage":"az","@id":"https:\/\/www.meydan.tv\/az\/#\/schema\/logo\/image\/","url":"https:\/\/www.meydan.tv\/wp-content\/uploads\/2021\/07\/meydan-logo.svg","contentUrl":"https:\/\/www.meydan.tv\/wp-content\/uploads\/2021\/07\/meydan-logo.svg","width":195,"height":46,"caption":"Meydan TV"},"image":{"@id":"https:\/\/www.meydan.tv\/az\/#\/schema\/logo\/image\/"}},{"@type":"Person","@id":"https:\/\/www.meydan.tv\/az\/#\/schema\/person\/9cdbecf90d17180ce1dfbd95b08dcf47","name":"elli","sameAs":["https:\/\/x.com\/elli"]}]}},"_links":{"self":[{"href":"https:\/\/www.meydan.tv\/az\/wp-json\/wp\/v2\/posts\/272236","targetHints":{"allow":["GET"]}}],"collection":[{"href":"https:\/\/www.meydan.tv\/az\/wp-json\/wp\/v2\/posts"}],"about":[{"href":"https:\/\/www.meydan.tv\/az\/wp-json\/wp\/v2\/types\/post"}],"author":[{"embeddable":true,"href":"https:\/\/www.meydan.tv\/az\/wp-json\/wp\/v2\/users\/8"}],"replies":[{"embeddable":true,"href":"https:\/\/www.meydan.tv\/az\/wp-json\/wp\/v2\/comments?post=272236"}],"version-history":[{"count":2,"href":"https:\/\/www.meydan.tv\/az\/wp-json\/wp\/v2\/posts\/272236\/revisions"}],"predecessor-version":[{"id":272239,"href":"https:\/\/www.meydan.tv\/az\/wp-json\/wp\/v2\/posts\/272236\/revisions\/272239"}],"wp:featuredmedia":[{"embeddable":true,"href":"https:\/\/www.meydan.tv\/az\/wp-json\/wp\/v2\/media\/96875"}],"wp:attachment":[{"href":"https:\/\/www.meydan.tv\/az\/wp-json\/wp\/v2\/media?parent=272236"}],"wp:term":[{"taxonomy":"category","embeddable":true,"href":"https:\/\/www.meydan.tv\/az\/wp-json\/wp\/v2\/categories?post=272236"},{"taxonomy":"post_tag","embeddable":true,"href":"https:\/\/www.meydan.tv\/az\/wp-json\/wp\/v2\/tags?post=272236"}],"curies":[{"name":"wp","href":"https:\/\/api.w.org\/{rel}","templated":true}]}}