{"id":272156,"date":"2023-04-05T16:57:46","date_gmt":"2023-04-05T12:57:46","guid":{"rendered":"https:\/\/www.meydan.tv\/?p=272156"},"modified":"2023-04-05T16:58:57","modified_gmt":"2023-04-05T12:58:57","slug":"terter-isi-cinsiyyet-orqanima-qeder-tok-veribler-dirnaqlarimi-cixariblar","status":"publish","type":"post","link":"https:\/\/www.meydan.tv\/az\/article\/terter-isi-cinsiyyet-orqanima-qeder-tok-veribler-dirnaqlarimi-cixariblar\/","title":{"rendered":"\u201cT\u0259rt\u0259r i\u015fi\u201d: \u201cCinsiyy\u0259t orqan\u0131ma q\u0259d\u0259r tok veribl\u0259r, d\u0131rnaqlar\u0131m\u0131 \u00e7\u0131xar\u0131blar\u2026\u201d"},"content":{"rendered":"\n<p><\/p>\n\n\n\n<p><strong><em>&#8220;Hikm\u0259t H\u0259s\u0259nov dedi ki, s\u0259ni kanala ataram\u201d<\/em><\/strong><\/p>\n\n\n\n<p>\u201cT\u0259rt\u0259r hadis\u0259l\u0259ri\u201d zaman\u0131 \u2013 2017-ci ilin may-iyun aylar\u0131nda erm\u0259nil\u0259r\u0259 casusluq etm\u0259kd\u0259 g\u00fcnahland\u0131r\u0131lan h\u0259rb\u00e7il\u0259rd\u0259n bir-birinin v\u0259 \u00f6zl\u0259rinin \u0259leyhin\u0259 ifad\u0259 almaq \u00fc\u00e7\u00fcn onlara i\u015fg\u0259nc\u0259 verm\u0259kd\u0259 ittiham olunanlar\u0131n i\u015fi bir ne\u00e7\u0259 qrupa b\u00f6l\u00fcn\u00fcb. Onlardan 4 n\u0259f\u0259rlik qrupun &#8211; N sayl\u0131 h\u0259rbi hiss\u0259nin komandiri olmu\u015f polkovnik V\u00fcsal \u018fl\u0259sg\u0259rov, ke\u00e7mi\u015f q\u0259rargah r\u0259isi, polkovnik-leytenant R\u0259\u015fid Nift\u0259liyev, k\u0259\u015ffiyyat\u00e7\u0131-m\u00fcdd\u0259td\u0259n art\u0131q xidm\u0259t ed\u0259n (MAXE) \u0259sg\u0259rl\u0259r Ramil Qarayev v\u0259 R\u00fcst\u0259m \u018fl\u0259sg\u0259rovun m\u0259hk\u0259m\u0259si davam edir.<\/p>\n\n\n\n<p>Bak\u0131 H\u0259rbi M\u0259hk\u0259m\u0259sinin s\u0259dri Zeynal A\u011fayevin idar\u0259 etdiyi m\u0259hk\u0259m\u0259 prosesind\u0259 haz\u0131rda z\u0259r\u0259r\u00e7\u0259k\u0259nl\u0259rin ifad\u0259l\u0259ri dinl\u0259nilir. Adlar\u0131 \u00e7\u0259kil\u0259n 4 n\u0259f\u0259r\u0259 m\u00fcnasib\u0259td\u0259 192 n\u0259f\u0259r z\u0259r\u0259r\u00e7\u0259kmi\u015f qismind\u0259 tan\u0131n\u0131b ki, onlardan da 7 n\u0259f\u0259ri i\u015fg\u0259nc\u0259 n\u0259tic\u0259sind\u0259 h\u0259yat\u0131n\u0131 itirib. H\u0259min \u015f\u0259xsl\u0259rin ail\u0259 \u00fczvl\u0259ri onlar\u0131n h\u00fcquqi varisi qismind\u0259 m\u0259hk\u0259m\u0259 prosesind\u0259 i\u015ftirak edib. Onlardan \u00fc\u00e7\u00fc bud\u0259f\u0259ki m\u0259hk\u0259m\u0259 iclas\u0131nda ifad\u0259 veribl\u0259r.<\/p>\n\n\n\n<p><strong>\u201cM\u0259n\u0259 Hikm\u0259t H\u0259s\u0259nov, \u0259mr ver\u0259nl\u0259r laz\u0131md\u0131r\u201d<\/strong><\/p>\n\n\n\n<p>&nbsp;M\u0259rhum ba\u015f leytenant T\u0259mkin Quliyevin atas\u0131 Nizami Quliyev ifad\u0259sind\u0259 bildirib ki, 2017-ci il may\u0131n 15-d\u0259 o\u011flunun meyitini g\u0259tir\u0259nl\u0259r he\u00e7 onun g\u0259lib \u00e7\u0131xmas\u0131n\u0131 g\u00f6zl\u0259m\u0259d\u0259n, t\u0259l\u0259sik d\u0259fn edibl\u0259r. Onlara is\u0259 \u00f6vlad\u0131n\u0131n pnevmaniyadan v\u0259fat etdiyini deyibl\u0259r. Onun s\u00f6zl\u0259rin\u0259 g\u00f6r\u0259, 2022-ci ild\u0259 eksqumasiya (m\u0259zar\u0131n a\u00e7\u0131lmas\u0131) n\u0259tic\u0259sind\u0259 \u00f6vlad\u0131n\u0131n i\u015fg\u0259nc\u0259d\u0259n \u00f6ld\u00fcy\u00fc ortaya \u00e7\u0131x\u0131b. Ekspertiza f\u0259q\u0259r\u0259l\u0259r, ba\u015f, \u0259l v\u0259 ayaq nahiy\u0259l\u0259rind\u0259 x\u0259sar\u0259tl\u0259r m\u00fc\u0259yy\u0259n&nbsp; edib:<\/p>\n\n\n\n<p><em>\u201cM\u0259hk\u0259m\u0259 zal\u0131nda olan bu z\u0259r\u0259r\u00e7\u0259k\u0259nl\u0259r\u0259 nec\u0259 i\u015fg\u0259nc\u0259 verilibs\u0259, o\u011fluma da el\u0259 i\u015fg\u0259nc\u0259 verilib. O\u011flumla ba\u011fl\u0131 biz\u0259 g\u00f6nd\u0259ril\u0259n m\u0259ktublar\u0131n birind\u0259 yaz\u0131lm\u0131\u015fd\u0131 ki, guya t\u0259cridxanada ke\u00e7inib, birind\u0259 d\u0259 yaz\u0131lm\u0131\u015fd\u0131 ki, x\u0259st\u0259xanan\u0131n reanimasiya \u015f\u00f6b\u0259sind\u0259\u201d.<\/em><\/p>\n\n\n\n<p>Nizami Quliyev o\u011flu da daxil olmaqla, h\u0259rb\u00e7il\u0259r\u0259 i\u015fg\u0259nc\u0259 verm\u0259kl\u0259, onlar\u0131n \u00f6l\u00fcm\u00fcn\u0259 s\u0259b\u0259b olan \u015f\u0259xsl\u0259r\u0259 q\u0259sd\u0259n adam \u00f6ld\u00fcrm\u0259, d\u00f6vl\u0259t\u0259 x\u0259yan\u0259t madd\u0259l\u0259ril\u0259 ittiham ir\u0259li s\u00fcr\u00fclm\u0259sini ist\u0259yib.<\/p>\n\n\n\n<p>T\u0259rt\u0259r hadis\u0259l\u0259ri zaman\u0131 h\u0259yat\u0131n\u0131 itirmi\u015f manqa komandiri S\u00fcleyman Kaz\u0131movun h\u0259yat yolda\u015f\u0131 Z\u00fclfiyy\u0259 Kaz\u0131mova da m\u0259hk\u0259m\u0259d\u0259 ifad\u0259 verib. O, i\u015fg\u0259nc\u0259l\u0259rd\u0259 rolu olan y\u00fcks\u0259k v\u0259zif\u0259li \u015f\u0259xsl\u0259rin cinay\u0259t m\u0259suliyy\u0259tin\u0259 c\u0259lb olunmas\u0131n\u0131 t\u0259l\u0259b edib:<\/p>\n\n\n\n<p><em>\u201cM\u0259n\u0259 Hikm\u0259t H\u0259s\u0259nov, \u0259mr ver\u0259nl\u0259r laz\u0131md\u0131r. Bir d\u0259f\u0259 Hikm\u0259t H\u0259s\u0259nov istintaqa, m\u0259hk\u0259m\u0259y\u0259 \u00e7a\u011fr\u0131lmad\u0131, niy\u0259?\u201d<\/em>.<\/p>\n\n\n\n<figure class=\"wp-block-image size-full\"><img decoding=\"async\" width=\"1200\" height=\"601\" data-src=\"https:\/\/www.meydan.tv\/wp-content\/uploads\/mehkeme-2.jpg\" alt=\"\" class=\"wp-image-248978 lazyload\" src=\"data:image\/svg+xml;base64,PHN2ZyB3aWR0aD0iMSIgaGVpZ2h0PSIxIiB4bWxucz0iaHR0cDovL3d3dy53My5vcmcvMjAwMC9zdmciPjwvc3ZnPg==\" style=\"--smush-placeholder-width: 1200px; --smush-placeholder-aspect-ratio: 1200\/601;\" \/><figcaption class=\"wp-element-caption\">Bak\u0131 H\u0259rbi M\u0259hk\u0259m\u0259si. Foto: Meydan TV<\/figcaption><\/figure>\n\n\n\n<p>H\u0259yat yolda\u015f\u0131n\u0131n \u00f6l\u00fcm x\u0259b\u0259rini may\u0131n 9-da ald\u0131qlar\u0131n\u0131 dey\u0259n Z\u00fclfiyy\u0259 Kaz\u0131movan\u0131n s\u00f6zl\u0259rin\u0259 g\u00f6r\u0259, \u00f6nc\u0259 onlara S\u00fcleyman Kaz\u0131movun \u015f\u0259hid oldu\u011funu bildiribl\u0259r. Daha sonra onun q\u0259zada \u00f6ld\u00fcy\u00fcn\u00fc deyibl\u0259r:<\/p>\n\n\n\n<p><em>\u201cMeyiti g\u0259tir\u0259nl\u0259r aras\u0131nda Bab\u0259k S\u0259midli (2020-ci ilin noyabr\u0131nda mina partlay\u0131\u015f\u0131 n\u0259tic\u0259sind\u0259 h\u0259lak olan polkovnik) d\u0259 vard\u0131. O, biz\u0259 bo\u015f ka\u011f\u0131za imza atd\u0131rmaq ist\u0259yirdi. Bu g\u00fcn ittiham olunanlar erm\u0259ni il\u0259 \u00fcz-\u00fcz\u0259 dayananlar olub. Ona c\u0259sar\u0259tiniz \u00e7at\u0131rd\u0131, amma birinizin c\u0259sar\u0259tiniz \u00e7atm\u0131r ki, \u0259mr ver\u0259nl\u0259rin ad\u0131n\u0131 dey\u0259siz? G\u00fcll\u0259d\u0259n qorxmurdunuz, Hikm\u0259t H\u0259s\u0259novdan qorxursunuz?\u201d.<\/em><\/p>\n\n\n\n<p>Z\u00fclfiyy\u0259 Kaz\u0131mova yada sal\u0131b ki, h\u0259yat yolda\u015f\u0131yla \u00f6l\u00fcm x\u0259b\u0259rind\u0259n t\u0259xmin\u0259n bir h\u0259ft\u0259 \u0259vv\u0259l dan\u0131\u015fm\u0131\u015fd\u0131. H\u0259min vaxt o, Goranboyda xidm\u0259t edirdi.<\/p>\n\n\n\n<p><em>\u201cBizim serebral iflic u\u015fa\u011f\u0131m\u0131z var, z\u0259ng edib ondan x\u0259b\u0259r bilirdi. Ondan sonra x\u0259b\u0259rim olmad\u0131. Meyiti d\u0259 biz\u0259 g\u00f6st\u0259rm\u0259dil\u0259r. Onu toka veribl\u0259r, suda bo\u011fublar, d\u00f6y\u00fcbl\u0259r. May\u0131n 4-d\u0259 apar\u0131blar, 7-d\u0259 d\u00fcnyas\u0131n\u0131 d\u0259yi\u015fib\u201d.<\/em><\/p>\n\n\n\n<p>S\u00fcleyman Kaz\u0131movun qarda\u015f\u0131 \u018fh\u0259d Kaz\u0131mov deyir ki, qarda\u015f\u0131n\u0131n meyitini onlara verm\u0259k ist\u0259mirdil\u0259r. Meyiti g\u0259tir\u0259nl\u0259r \u00f6zl\u0259ri d\u0259fn etm\u0259y\u0259 \u00e7al\u0131\u015f\u0131rd\u0131lar:<\/p>\n\n\n\n<p><strong>\u00a0\u201cMeyiti biz\u0259 \u00e7\u0259tinlikl\u0259 verdil\u0259r\u201d.<\/strong><\/p>\n\n\n\n<p><em>\u201cZakir Qaralov dedi ki, yan\u0131mda y\u00fcks\u0259k v\u0259zif\u0259li m\u0259murlar\u0131n ad\u0131n\u0131 \u00e7\u0259km\u0259\u201d<\/em><\/p>\n\n\n\n<p>\u0130\u015fg\u0259nc\u0259 n\u0259tic\u0259sind\u0259 h\u0259yat\u0131n\u0131 itir\u0259n, \u00f6nc\u0259 d\u00f6vl\u0259t\u0259 x\u0259yan\u0259td\u0259 ittiham olunub, \u201cT\u0259rt\u0259r i\u015fi\u201d \u00fczr\u0259 icraat yenil\u0259n\u0259nd\u0259n sonra b\u0259ra\u0259t alm\u0131\u015f El\u00e7in Quliyevin anas\u0131 Valid\u0259 \u018fhm\u0259dovan\u0131n s\u00f6zl\u0259rin\u0259 g\u00f6r\u0259, o\u011flu may\u0131n 3-d\u0259 sonuncu d\u0259f\u0259 telefon z\u0259ngi il\u0259 \u0259misigild\u0259n \u00e7\u0131x\u0131b. Bir d\u0259 may\u0131n 8-d\u0259 atas\u0131 v\u0259 \u0259misigili icra hakimiyy\u0259tin\u0259 \u00e7a\u011f\u0131r\u0131b, onlara El\u00e7in Quliyevin \u00f6ld\u00fcy\u00fcn\u00fc x\u0259b\u0259r veribl\u0259r. \u00dcst\u0259lik, onun \u201cv\u0259t\u0259n xaini\u201d oldu\u011funu deyibl\u0259r:<\/p>\n\n\n\n<p><em>\u201c\u0130cra hakimiyy\u0259tind\u0259 Bab\u0259k S\u0259midli, icra ba\u015f\u00e7\u0131s\u0131n\u0131n \u00f6z\u00fc, Abdulla Qurbani v\u0259 ba\u015fqalar\u0131 olub. Guya o\u011flum 2016-c\u0131 ilin aprel d\u00f6y\u00fc\u015fl\u0259rind\u0259 s\u00fcrd\u00fcy\u00fc yem\u0259k ma\u015f\u0131n\u0131na narkotik t\u00f6k\u00fcb ki, h\u0259rb\u00e7il\u0259r yats\u0131n. Qayn\u0131m deyib ki, yalan dan\u0131\u015fmay\u0131n, he\u00e7 onda El\u00e7in yem\u0259k ma\u015f\u0131n\u0131 s\u00fcrm\u00fcrd\u00fc, m\u0259zuniyy\u0259td\u0259 idi. H\u0259min g\u00fcn h\u0259yat yolda\u015f\u0131m g\u0259lib m\u0259n\u0259 dem\u0259mi\u015fdi o\u011flumun \u00f6l\u00fcm\u00fcn\u00fc. Ert\u0259si g\u00fcn s\u0259h\u0259r tezd\u0259n bir qohumun \u00f6l\u00fcm\u00fc ad\u0131yla m\u0259ni q\u0259biristanl\u0131\u011fa apard\u0131lar. Dedil\u0259r ki, meyiti g\u0259tir\u0259nl\u0259r aras\u0131nda El\u00e7in d\u0259 olacaq, onu da g\u00f6r\u0259rs\u0259n. \u00c7\u00fcnki ne\u00e7\u0259 g\u00fcn idi El\u00e7in ev\u0259 g\u0259lmirdi, nigaran idim. Orada meyiti g\u0259tir\u0259nd\u0259 yolda\u015f\u0131m yax\u0131nla\u015f\u0131b m\u0259n\u0259 dedi. Onda bildim ki, g\u0259l\u0259n o\u011flumun meyitidir&#8230;\u201d.<\/em><\/p>\n\n\n<div class=\"wp-block-image\">\n<figure class=\"aligncenter size-large\"><img decoding=\"async\" width=\"1200\" height=\"800\" data-src=\"https:\/\/www.meydan.tv\/wp-content\/uploads\/43857-1200x800.jpg\" alt=\"Zakir Qaralov\" class=\"wp-image-110228 lazyload\" src=\"data:image\/svg+xml;base64,PHN2ZyB3aWR0aD0iMSIgaGVpZ2h0PSIxIiB4bWxucz0iaHR0cDovL3d3dy53My5vcmcvMjAwMC9zdmciPjwvc3ZnPg==\" style=\"--smush-placeholder-width: 1200px; --smush-placeholder-aspect-ratio: 1200\/800;\" \/><figcaption class=\"wp-element-caption\">Zakir Qaralov. Foto: report<\/figcaption><\/figure>\n<\/div>\n\n\n<p>Valid\u0259 \u018fhm\u0259dova deyir ki, o d\u00f6vrd\u0259 o\u011flunun \u201cv\u0259t\u0259n xaini\u201d oldu\u011funu iddia ed\u0259r\u0259k, ba\u015fsa\u011fl\u0131\u011f\u0131 \u00fc\u00e7\u00fcn onun yas m\u0259rasimin\u0259 g\u0259l\u0259nl\u0259r\u0259 d\u0259 mane\u0259 yarad\u0131rlarm\u0131\u015f. Onun s\u00f6zl\u0259rin\u0259 g\u00f6r\u0259, o\u011flunu yax\u015f\u0131 tan\u0131y\u0131rd\u0131, El\u00e7in Quliyevin bel\u0259 bir h\u0259r\u0259k\u0259t etm\u0259diyin\u0259 \u0259min idi. Bu \u00fczd\u0259n h\u0259qiq\u0259tin ortaya \u00e7\u0131xmas\u0131 \u00fc\u00e7\u00fcn ara\u015fd\u0131rmalara ba\u015flay\u0131b:<\/p>\n\n\n\n<p><em>\u201cOnun axtar\u0131\u015f\u0131ndayd\u0131m ki, u\u015fa\u011f\u0131m\u0131n ba\u015f\u0131na n\u0259 g\u0259lib? B\u0259lk\u0259 Bab\u0259k S\u0259midlinin q\u0259bulunda 10 d\u0259f\u0259 olmu\u015fdum. M\u0259ni aldatd\u0131, aldatd\u0131, ax\u0131rda da u\u015fa\u011f\u0131m\u0131 \u201cv\u0259t\u0259n xaini\u201d adland\u0131rd\u0131. T\u0259rt\u0259r m\u0259hk\u0259m\u0259sinin s\u0259dri \u0130lqar Quliyev d\u0259 uzun m\u00fcdd\u0259t aldatd\u0131 ki, ara\u015fd\u0131rma gedir. H\u0259ft\u0259d\u0259 ne\u00e7\u0259 d\u0259f\u0259 teleqram, m\u0259ktub g\u00f6nd\u0259rirdim. Zakir Qaralov rayona g\u0259lmi\u015fdi, q\u0259buluna girdim. M\u0259n\u0259 dedi ki, yan\u0131mda y\u00fcks\u0259k v\u0259zif\u0259li m\u0259murlar\u0131n ad\u0131n\u0131 \u00e7\u0259km\u0259. Ba\u015flad\u0131m o hadis\u0259l\u0259rd\u0259 kiml\u0259r olubsa, onlarla g\u00f6r\u00fc\u015fm\u0259y\u0259, dan\u0131\u015fma\u011fa, m\u0259lumat toplama\u011fa\u201d.<\/em><\/p>\n\n\n\n<p>Valid\u0259 \u018fhm\u0259dova vur\u011fulay\u0131b ki, o\u011fluna birba\u015fa i\u015fg\u0259nc\u0259 ver\u0259n h\u0259rb\u00e7il\u0259r \u2013 S\u0259nan Ma\u015f\u0131yev, Ruslan Mikay\u0131lov, El\u00e7in \u018fliyev, Polad \u018fzizov, Cavid A\u011fadada\u015fov v\u0259 dig\u0259rl\u0259ril\u0259 yana\u015f\u0131, H\u0259rbi Prokurorlu\u011fun r\u0259hb\u0259rliyi d\u0259 birba\u015fa m\u0259suliyy\u0259t da\u015f\u0131y\u0131r. \u00c7\u00fcnki H\u0259rbi Prokurorluqda cinay\u0259t i\u015fi ba\u015flan\u0131b, onun \u0259sas\u0131nda etiraf ifad\u0259l\u0259ri al\u0131nmas\u0131 \u00fc\u00e7\u00fcn insanlara i\u015fg\u0259nc\u0259l\u0259r verilib:<\/p>\n\n\n\n<p><em>\u201cMay\u0131n 3-d\u0259 cinay\u0259t i\u015fi ba\u015flayandan sonra bu \u00f6l\u00fcml\u0259r ba\u015f verib. Xanlar V\u0259liyev, \u015e\u0259fah\u0259t \u0130mranov cavab verm\u0259lidir. M\u0259nim o\u011flumla ba\u011fl\u0131 q\u0259rara \u015e\u0259fah\u0259t \u0130mranov imza at\u0131b. M\u0259nim o\u011flumu \u00f6ld\u00fcr\u0259nl\u0259r icra\u00e7\u0131lardan \u0259lav\u0259 h\u0259m d\u0259 Teymur M\u0259mm\u0259dov, Hikm\u0259t H\u0259s\u0259nov olub. \u00d6ld\u00fcrtd\u00fcr\u0259n is\u0259 \u015e\u0259fah\u0259t \u0130mranov&#8230;\u201d.<\/em><\/p>\n\n\n\n<p>M\u0259hk\u0259m\u0259 qar\u015f\u0131s\u0131nda dayanan 4 n\u0259f\u0259r t\u0259qsirl\u0259ndiril\u0259n \u015f\u0259xsd\u0259n yaln\u0131z MAXE R\u00fcst\u0259m \u018fl\u0259sg\u0259rova \u00f6l\u0259n \u015f\u0259xsl\u0259rl\u0259 ba\u011fl\u0131 ittiham verilib. Valid\u0259 \u018fhm\u0259dova ondan o\u011flu il\u0259 n\u0259 \u0259laq\u0259si oldu\u011funu soru\u015fub. O bildirib ki, \u00fcmumiyy\u0259tl\u0259, El\u00e7in Quliyevi tan\u0131m\u0131r v\u0259 i\u015fg\u0259nc\u0259l\u0259rd\u0259 d\u0259 i\u015ftirak etm\u0259yib.<\/p>\n\n\n\n<p><em>\u201cM\u0259n may\u0131n 1-d\u0259 v\u0259 2-d\u0259 orada m\u00fchafiz\u0259d\u0259 olmu\u015fam. He\u00e7 i\u00e7\u0259rid\u0259 d\u0259 olmam\u0131\u015fam. \u0130\u00e7\u0259ri girm\u0259y\u0259 ixtiyar\u0131m da yox idi. Bunlar g\u00f6t\u00fcr\u00fcb \u00f6l\u0259nl\u0259rin ham\u0131s\u0131n\u0131 qoyublar m\u0259nim \u00fcst\u00fcm\u0259. Bunlar\u0131n he\u00e7 birinin m\u0259n\u0259 aidiyy\u0259ti yoxdur. Adam\u0131, \u201cbut\u0131lka\u201d il\u0259 zorlad\u0131\u011f\u0131 yerd\u0259 \u015f\u0259kli olan var, bu d\u0259qiq\u0259 \u0259li cibind\u0259 rahat g\u0259zir, onu tutmurlar, m\u0259nim bu i\u015fl\u0259r\u0259 he\u00e7 bir aidiyy\u0259tim yoxdur, m\u0259ni tuturlar. M\u0259ni \u00f6n\u0259mli fiqur el\u0259yib at\u0131blar ortaya. Burada m\u0259nim yerim\u0259 Teymur M\u0259mm\u0259dov oturmal\u0131d\u0131r\u201d, <\/em>&#8211; R\u00fcst\u0259m \u018fl\u0259sg\u0259rov Valid\u0259 \u018fhm\u0259dovaya cavab verib.<\/p>\n\n\n\n<p><strong>\u201cTikanl\u0131 m\u0259ftill\u0259rl\u0259 m\u0259ni d\u00f6y\u00fcrd\u00fcl\u0259r, di\u015fl\u0259rim\u0259, qulaqlar\u0131ma tok verirdil\u0259r\u201d<\/strong><\/p>\n\n\n\n<p>Daha sonra m\u0259hk\u0259m\u0259d\u0259 dig\u0259r z\u0259r\u0259r\u00e7\u0259kmi\u015fl\u0259r dindirilib. 26 ya\u015fl\u0131 gizir Tural M\u0259mm\u0259dov bildirib ki, o d\u00f6vrd\u0259 \u0259sg\u0259r kimi xidm\u0259t edirdi. Postda olark\u0259n maskal\u0131 \u015f\u0259xsl\u0259r g\u0259lib onlar\u0131 apar\u0131blar:<\/p>\n\n\n\n<p><em>\u201cBizi tikanl\u0131 m\u0259ftill\u0259rl\u0259 d\u00f6y\u00fcrd\u00fcl\u0259r, suda bo\u011furdular. Di\u015fl\u0259rim\u0259, qulaqlar\u0131ma tok verirdil\u0259r.\u00a0 Ya g\u0259r\u0259k, \u201cv\u0259t\u0259n xainiy\u0259m\u201d deyib boynuna g\u00f6t\u00fcr\u0259ydin, can\u0131n qurtarayd\u0131, onda da biab\u0131r olayd\u0131n, ya da&#8230;\u201d.<\/em><\/p>\n\n\n\n<p>Tural M\u0259mm\u0259dovun s\u00f6zl\u0259rin\u0259 g\u00f6r\u0259, ba\u015flar\u0131na g\u0259l\u0259nl\u0259rd\u0259n sonra pozulmu\u015f h\u00fcquqlar\u0131n\u0131 t\u0259l\u0259b etm\u0259y\u0259 d\u0259 qorxublar..<\/p>\n\n\n\n<p>Z\u0259r\u0259r\u00e7\u0259kmi\u015f R\u0259c\u0259b Teymurov korpus komandiri, general Hikm\u0259t H\u0259s\u0259nov t\u0259r\u0259find\u0259n t\u0259hqir olundu\u011funu, onun g\u00f6z\u00fc qar\u015f\u0131s\u0131nda i\u015fg\u0259nc\u0259y\u0259 m\u0259ruz qald\u0131\u011f\u0131n\u0131 bildirib:<\/p>\n\n\n\n<p>\u201cOnun g\u00f6z\u00fcn\u00fcn qaba\u011f\u0131nda d\u00f6rd n\u0259f\u0259r qald\u0131r\u0131rd\u0131, \u00e7\u0131rp\u0131rd\u0131 yer\u0259. Fuad A\u011fayev \u015fill\u0259ni el\u0259 vurdu ki, beynim silk\u0259l\u0259ndi\u201d.<\/p>\n\n\n\n<p>Z\u0259r\u0259r\u00e7\u0259kmi\u015f Zamin Yusifov da \u015f\u0259xs\u0259n general Hikm\u0259t H\u0259s\u0259nov t\u0259r\u0259find\u0259n t\u0259hqir olundu\u011funu, onun g\u00f6st\u0259ri\u015fiyl\u0259 i\u015fg\u0259nc\u0259y\u0259 m\u0259ruz qald\u0131\u011f\u0131n\u0131 bildirib:<\/p>\n\n\n\n<p><em>\u201cHikm\u0259t H\u0259s\u0259nov m\u0259ni t\u0259hqir el\u0259di. Komanda verdi ki, bunu dan\u0131\u015fd\u0131r\u0131n. And-aman el\u0259dim ki, m\u0259n he\u00e7 n\u0259 el\u0259m\u0259mi\u015f\u0259m, casusluq n\u0259di? D\u00f6y\u00fcrd\u00fcl\u0259r, \u00fcst\u00fcm\u0259 su t\u00f6k\u00fcb toka verirdil\u0259r, z\u00fclm el\u0259yirdil\u0259r. El\u0259 i\u015fg\u0259nc\u0259l\u0259r olub ki, \u00f6z\u00fcmd\u0259n getmi\u015f\u0259m. Sif\u0259timd\u0259, b\u0259d\u0259nimd\u0259 salamat yer yox idi. Mehman H\u00fcseynov (\u00f6l\u0259n \u015f\u0259xsl\u0259rd\u0259n biri) can ver\u0259nd\u0259 d\u0259 onu d\u00f6y\u00fcrd\u00fcl\u0259r\u201d.<\/em><\/p>\n\n\n\n<p><strong>\u201cHikm\u0259t H\u0259s\u0259nov dedi ki, g\u00f6nd\u0259r\u0259c\u0259yik minal\u0131 sah\u0259y\u0259&#8230;\u201d<\/strong><\/p>\n\n\n\n<p>Daha bir z\u0259r\u0259r\u00e7\u0259kmi\u015f Vaqif Abdullayev deyir ki, general Hikm\u0259t H\u0259s\u0259nov erm\u0259nil\u0259r\u0259 casuslu\u011fu \u00fcz\u0259rin\u0259 g\u00f6t\u00fcrm\u0259y\u0259nl\u0259ri minal\u0131 sah\u0259y\u0259 g\u00f6nd\u0259rm\u0259kl\u0259 h\u0259d\u0259l\u0259yirdi:<\/p>\n\n\n\n<p><em>\u201cHikm\u0259t H\u0259s\u0259nov demi\u015fdi ki, kim boynuna almasa x\u0259yan\u0259ti, minal\u0131 sah\u0259y\u0259 g\u00f6nd\u0259r\u0259c\u0259yik onu. M\u0259ni Ming\u0259\u00e7evird\u0259ki h\u0259rbi hiss\u0259y\u0259 g\u0259tir\u0259nd\u0259 Hikm\u0259t H\u0259s\u0259nov \u0259mr verdi ki, q\u0259f\u0259s\u0259 sals\u0131nlar. G\u00f6st\u0259ri\u015f verdi ki, m\u0259n s\u00f6zl\u0259rin\u0259 baxmasam, g\u00fcll\u0259l\u0259sinl\u0259r. Dedi ki, laz\u0131m olsa, s\u0259ni Qaraba\u011f kanal\u0131na ataram, iki MAXE-ni d\u0259 \u015fahid g\u00f6st\u0259rib dey\u0259r\u0259m ki, xain idi, \u00f6z\u00fcn\u00fc \u00f6ld\u00fcrd\u00fc\u201d.<\/em><\/p>\n\n\n\n<p>Sonradan m\u0259hk\u0259m\u0259d\u0259 dindiril\u0259n bir ne\u00e7\u0259 ba\u015fqa z\u0259r\u0259r\u00e7\u0259kmi\u015f d\u0259 onun kanala atmaq h\u0259d\u0259si haqda s\u00f6yl\u0259dikl\u0259rini t\u0259sdiql\u0259yib.<\/p>\n\n\n\n<p>Vaqif Abdullayev general Hikm\u0259t H\u0259s\u0259nov v\u0259 ba\u015fqa v\u0259zif\u0259li \u015f\u0259xsl\u0259rin cinay\u0259t m\u0259suliyy\u0259tin\u0259 c\u0259lb olunmas\u0131n\u0131n vacib oldu\u011funu vur\u011fulay\u0131b. O \u0259lav\u0259 edib ki, \u0259ks halda, \u201cT\u0259rt\u0259r i\u015fi\u201d \u00fczr\u0259 obyektiv ara\u015fd\u0131rmadan dan\u0131\u015fma\u011fa d\u0259ym\u0259z:<\/p>\n\n\n<div class=\"wp-block-image\">\n<figure class=\"aligncenter size-full\"><img decoding=\"async\" width=\"1200\" height=\"800\" data-src=\"https:\/\/www.meydan.tv\/wp-content\/uploads\/untitled-design-1-68.jpg\" alt=\"\" class=\"wp-image-272157 lazyload\" src=\"data:image\/svg+xml;base64,PHN2ZyB3aWR0aD0iMSIgaGVpZ2h0PSIxIiB4bWxucz0iaHR0cDovL3d3dy53My5vcmcvMjAwMC9zdmciPjwvc3ZnPg==\" style=\"--smush-placeholder-width: 1200px; --smush-placeholder-aspect-ratio: 1200\/800;\" \/><figcaption class=\"wp-element-caption\">Hikm\u0259t H\u0259s\u0259nov v\u0259 Xanlar V\u0259liyev. Foto: Meydan TV<\/figcaption><\/figure>\n<\/div>\n\n\n<p><em>\u201cM\u00fcdafi\u0259 naziri, Xanlar V\u0259liyev, Hikm\u0259t H\u0259s\u0259nov bura g\u0259lm\u0259lidir. MAXE Qarayev kimdir ki, m\u0259ni tutub apar\u0131b i\u015fg\u0259nc\u0259 ver\u0259ydi?Alt\u0131 ildir bu i\u015fl\u0259rin \u00fcst\u00fc niy\u0259 tam a\u00e7\u0131lm\u0131r? B\u0259lk\u0259 Hikm\u0259t H\u0259s\u0259nov da icra\u00e7\u0131d\u0131r. Onlar tutulana q\u0259d\u0259r bu i\u015fl\u0259r tam a\u00e7\u0131lmayacaq\u201d.<\/em><\/p>\n\n\n\n<p>Z\u0259r\u0259r\u00e7\u0259kmi\u015f M\u0259rh\u0259m\u0259t R\u0259c\u0259bli ifad\u0259sind\u0259 bildirib ki, postda olan polkovnik V\u00fcsal \u018fl\u0259sg\u0259rov g\u0259l\u0259r\u0259k, onun a\u011fz\u0131na silah dir\u0259yib, \u0259ll\u0259rini ba\u011flay\u0131b, i\u015fg\u0259nc\u0259 verm\u0259y\u0259 apar\u0131blar:<\/p>\n\n\n\n<p><em>\u201cG\u00f6zl\u0259rimi v\u0259 \u0259ll\u0259rimi ba\u011flad\u0131lar, diz\u00fcst\u0259 oturtdular. Plastik boru il\u0259 d\u00f6y\u00fcrd\u00fcl\u0259r. Cinsiyy\u0259t orqan\u0131ma q\u0259d\u0259r tok veribl\u0259r. D\u0131rnaqlar\u0131m\u0131 \u00e7\u0131xar\u0131blar. Siqareti \u00fcst\u00fcmd\u0259 s\u00f6nd\u00fcr\u00fcbl\u0259r. Bil\u0259c\u0259rid\u0259 h\u0259rbi polisd\u0259 d\u0259 d\u00f6y\u00fclm\u00fc\u015f\u0259m. Bu d\u00fcnyada da, o d\u00fcnyada da iki \u0259lim V\u00fcsal \u018fl\u0259sg\u0259rovun yaxas\u0131nda olacaq\u201d.<\/em><\/p>\n\n\n\n<p>Z\u0259r\u0259r\u00e7\u0259kmi\u015fl\u0259rin s\u0259sl\u0259ndirdiyi ittihamlara t\u0259qsirl\u0259ndiril\u0259n \u015f\u0259xsl\u0259r he\u00e7 bir m\u00fcnasib\u0259t bildirm\u0259yibl\u0259r. Z\u0259r\u0259r\u00e7\u0259kmi\u015fl\u0259r ifad\u0259l\u0259rind\u0259 daha \u00e7ox V\u00fcsal \u018fl\u0259sg\u0259rovu ittiham edir, ondan \u015fikay\u0259t\u00e7i olduqlar\u0131n\u0131 bildirirl\u0259r.<\/p>\n\n\n\n<p>Adlar\u0131 \u00e7\u0259kil\u0259n d\u00f6rd n\u0259f\u0259rin i\u015fi \u00fczr\u0259 m\u0259hk\u0259m\u0259 ara\u015fd\u0131rmalar\u0131 davam edir.<\/p>\n\n\n\n<p>2021-ci ilin dekabr\u0131nda \u201cT\u0259rt\u0259r i\u015fi\u201d \u00fczr\u0259 istintaq yenil\u0259n\u0259nd\u0259n sonra i\u015fg\u0259nc\u0259l\u0259r\u0259 g\u00f6r\u0259 cinay\u0259t m\u0259suliyy\u0259tin\u0259 c\u0259lb olunanlar\u0131n say\u0131 17 n\u0259f\u0259r\u0259 \u00e7at\u0131b. Bir n\u0259f\u0259r is\u0259 axtar\u0131\u015fdad\u0131r. Daha d\u00f6rd n\u0259f\u0259r is\u0259 icraat yenil\u0259nm\u0259mi\u015fd\u0259n \u00f6nc\u0259 h\u0259bsd\u0259 idi. Sad\u0259c\u0259, icraat yenil\u0259n\u0259nd\u0259n sonra ba\u015fqa \u015f\u0259xsl\u0259r\u0259 qar\u015f\u0131 i\u015fg\u0259nc\u0259l\u0259rd\u0259 d\u0259 i\u015ftiraklar\u0131yla ba\u011fl\u0131 m\u0259lumatlar \u00fcz\u0259 \u00e7\u0131xd\u0131\u011f\u0131na g\u00f6r\u0259 onlara yenid\u0259n ittiham verilib.<\/p>\n\n\n\n<p>\u0130craat yenil\u0259n\u0259nd\u0259n sonra z\u0259r\u0259r\u00e7\u0259kmi\u015fl\u0259rin say\u0131 da art\u0131b v\u0259 452 n\u0259f\u0259r\u0259 \u00e7at\u0131b.<\/p>\n\n\n\n<p>\u0130craat yenil\u0259n\u0259nd\u0259n sonra d\u00f6vl\u0259t\u0259 x\u0259yan\u0259t v\u0259 ba\u015fqa a\u011f\u0131r ittihamlarla 20 il\u0259 q\u0259d\u0259r h\u0259bs c\u0259zas\u0131na m\u0259hkum edilmi\u015f 19 n\u0259f\u0259rin i\u015fin\u0259 yenid\u0259n bax\u0131l\u0131b. Onlar haqq\u0131nda h\u00f6km 2022-ci ilin noyabr\u0131nda l\u0259\u011fv edilib, i\u015fl\u0259r istintaqa qaytar\u0131l\u0131b, 5 il sonra onlara b\u0259ra\u0259t verilib.<\/p>\n","protected":false},"excerpt":{"rendered":"<p>&#8220;Hikm\u0259t H\u0259s\u0259nov dedi ki, s\u0259ni kanala ataram\u201d \u201cT\u0259rt\u0259r hadis\u0259l\u0259ri\u201d zaman\u0131 &#8230; <\/p>\n<p class=\"read-more-container\"><a title=\"\u201cT\u0259rt\u0259r i\u015fi\u201d: \u201cCinsiyy\u0259t orqan\u0131ma q\u0259d\u0259r tok veribl\u0259r, d\u0131rnaqlar\u0131m\u0131 \u00e7\u0131xar\u0131blar\u2026\u201d\" class=\"read-more button\" href=\"https:\/\/www.meydan.tv\/az\/article\/terter-isi-cinsiyyet-orqanima-qeder-tok-veribler-dirnaqlarimi-cixariblar\/#more-272156\" aria-label=\"Read more about \u201cT\u0259rt\u0259r i\u015fi\u201d: \u201cCinsiyy\u0259t orqan\u0131ma q\u0259d\u0259r tok veribl\u0259r, d\u0131rnaqlar\u0131m\u0131 \u00e7\u0131xar\u0131blar\u2026\u201d\">Davam\u0131<\/a><\/p>\n","protected":false},"author":8,"featured_media":271836,"comment_status":"closed","ping_status":"closed","sticky":false,"template":"","format":"standard","meta":{"_acf_changed":false,"_sitemap_exclude":false,"_sitemap_priority":"","_sitemap_frequency":"","footnotes":""},"categories":[59,79,56],"tags":[],"class_list":["post-272156","post","type-post","status-publish","format-standard","has-post-thumbnail","hentry","category-siyaset","category-featured","category-xeberler","infinite-scroll-item","generate-columns","tablet-grid-50","mobile-grid-100","grid-parent","grid-33","no-featured-image-padding"],"acf":[],"yoast_head":"<!-- This site is optimized with the Yoast SEO plugin v27.4 - https:\/\/yoast.com\/product\/yoast-seo-wordpress\/ -->\n<title>\u201cT\u0259rt\u0259r i\u015fi\u201d: \u201cCinsiyy\u0259t orqan\u0131ma q\u0259d\u0259r tok veribl\u0259r, d\u0131rnaqlar\u0131m\u0131 \u00e7\u0131xar\u0131blar\u2026\u201d - MEYDAN.TV<\/title>\n<meta name=\"robots\" content=\"index, follow, max-snippet:-1, max-image-preview:large, max-video-preview:-1\" \/>\n<link rel=\"canonical\" href=\"https:\/\/www.meydan.tv\/az\/article\/terter-isi-cinsiyyet-orqanima-qeder-tok-veribler-dirnaqlarimi-cixariblar\/\" \/>\n<meta property=\"og:locale\" content=\"az_AZ\" \/>\n<meta property=\"og:type\" content=\"article\" \/>\n<meta property=\"og:title\" content=\"\u201cT\u0259rt\u0259r i\u015fi\u201d: \u201cCinsiyy\u0259t orqan\u0131ma q\u0259d\u0259r tok veribl\u0259r, d\u0131rnaqlar\u0131m\u0131 \u00e7\u0131xar\u0131blar\u2026\u201d - MEYDAN.TV\" \/>\n<meta property=\"og:description\" content=\"&#8220;Hikm\u0259t H\u0259s\u0259nov dedi ki, s\u0259ni kanala ataram\u201d \u201cT\u0259rt\u0259r hadis\u0259l\u0259ri\u201d zaman\u0131 ... Davam\u0131\" \/>\n<meta property=\"og:url\" content=\"https:\/\/www.meydan.tv\/az\/article\/terter-isi-cinsiyyet-orqanima-qeder-tok-veribler-dirnaqlarimi-cixariblar\/\" \/>\n<meta property=\"og:site_name\" content=\"MEYDAN.TV\" \/>\n<meta property=\"article:published_time\" content=\"2023-04-05T12:57:46+00:00\" \/>\n<meta property=\"article:modified_time\" content=\"2023-04-05T12:58:57+00:00\" \/>\n<meta property=\"og:image\" content=\"https:\/\/www.meydan.tv\/wp-content\/uploads\/img_9718_720.jpg\" \/>\n\t<meta property=\"og:image:width\" content=\"1200\" \/>\n\t<meta property=\"og:image:height\" content=\"675\" \/>\n\t<meta property=\"og:image:type\" content=\"image\/jpeg\" \/>\n<meta name=\"author\" content=\"elli\" \/>\n<meta name=\"twitter:card\" content=\"summary_large_image\" \/>\n<meta name=\"twitter:creator\" content=\"@elli\" \/>\n<script type=\"application\/ld+json\" class=\"yoast-schema-graph\">{\"@context\":\"https:\\\/\\\/schema.org\",\"@graph\":[{\"@type\":\"Article\",\"@id\":\"https:\\\/\\\/www.meydan.tv\\\/az\\\/article\\\/terter-isi-cinsiyyet-orqanima-qeder-tok-veribler-dirnaqlarimi-cixariblar\\\/#article\",\"isPartOf\":{\"@id\":\"https:\\\/\\\/www.meydan.tv\\\/az\\\/article\\\/terter-isi-cinsiyyet-orqanima-qeder-tok-veribler-dirnaqlarimi-cixariblar\\\/\"},\"author\":{\"name\":\"elli\",\"@id\":\"https:\\\/\\\/www.meydan.tv\\\/az\\\/#\\\/schema\\\/person\\\/9cdbecf90d17180ce1dfbd95b08dcf47\"},\"headline\":\"\u201cT\u0259rt\u0259r i\u015fi\u201d: \u201cCinsiyy\u0259t orqan\u0131ma q\u0259d\u0259r tok veribl\u0259r, d\u0131rnaqlar\u0131m\u0131 \u00e7\u0131xar\u0131blar\u2026\u201d\",\"datePublished\":\"2023-04-05T12:57:46+00:00\",\"dateModified\":\"2023-04-05T12:58:57+00:00\",\"mainEntityOfPage\":{\"@id\":\"https:\\\/\\\/www.meydan.tv\\\/az\\\/article\\\/terter-isi-cinsiyyet-orqanima-qeder-tok-veribler-dirnaqlarimi-cixariblar\\\/\"},\"wordCount\":2694,\"publisher\":{\"@id\":\"https:\\\/\\\/www.meydan.tv\\\/az\\\/#organization\"},\"image\":{\"@id\":\"https:\\\/\\\/www.meydan.tv\\\/az\\\/article\\\/terter-isi-cinsiyyet-orqanima-qeder-tok-veribler-dirnaqlarimi-cixariblar\\\/#primaryimage\"},\"thumbnailUrl\":\"https:\\\/\\\/www.meydan.tv\\\/wp-content\\\/uploads\\\/img_9718_720.jpg\",\"articleSection\":[\"Siyas\u0259t\",\"T\u00f6vsiy\u0259\",\"X\u0259b\u0259rl\u0259r\"],\"inLanguage\":\"az\"},{\"@type\":\"WebPage\",\"@id\":\"https:\\\/\\\/www.meydan.tv\\\/az\\\/article\\\/terter-isi-cinsiyyet-orqanima-qeder-tok-veribler-dirnaqlarimi-cixariblar\\\/\",\"url\":\"https:\\\/\\\/www.meydan.tv\\\/az\\\/article\\\/terter-isi-cinsiyyet-orqanima-qeder-tok-veribler-dirnaqlarimi-cixariblar\\\/\",\"name\":\"\u201cT\u0259rt\u0259r i\u015fi\u201d: \u201cCinsiyy\u0259t orqan\u0131ma q\u0259d\u0259r tok veribl\u0259r, d\u0131rnaqlar\u0131m\u0131 \u00e7\u0131xar\u0131blar\u2026\u201d - MEYDAN.TV\",\"isPartOf\":{\"@id\":\"https:\\\/\\\/www.meydan.tv\\\/az\\\/#website\"},\"primaryImageOfPage\":{\"@id\":\"https:\\\/\\\/www.meydan.tv\\\/az\\\/article\\\/terter-isi-cinsiyyet-orqanima-qeder-tok-veribler-dirnaqlarimi-cixariblar\\\/#primaryimage\"},\"image\":{\"@id\":\"https:\\\/\\\/www.meydan.tv\\\/az\\\/article\\\/terter-isi-cinsiyyet-orqanima-qeder-tok-veribler-dirnaqlarimi-cixariblar\\\/#primaryimage\"},\"thumbnailUrl\":\"https:\\\/\\\/www.meydan.tv\\\/wp-content\\\/uploads\\\/img_9718_720.jpg\",\"datePublished\":\"2023-04-05T12:57:46+00:00\",\"dateModified\":\"2023-04-05T12:58:57+00:00\",\"breadcrumb\":{\"@id\":\"https:\\\/\\\/www.meydan.tv\\\/az\\\/article\\\/terter-isi-cinsiyyet-orqanima-qeder-tok-veribler-dirnaqlarimi-cixariblar\\\/#breadcrumb\"},\"inLanguage\":\"az\",\"potentialAction\":[{\"@type\":\"ReadAction\",\"target\":[\"https:\\\/\\\/www.meydan.tv\\\/az\\\/article\\\/terter-isi-cinsiyyet-orqanima-qeder-tok-veribler-dirnaqlarimi-cixariblar\\\/\"]}]},{\"@type\":\"ImageObject\",\"inLanguage\":\"az\",\"@id\":\"https:\\\/\\\/www.meydan.tv\\\/az\\\/article\\\/terter-isi-cinsiyyet-orqanima-qeder-tok-veribler-dirnaqlarimi-cixariblar\\\/#primaryimage\",\"url\":\"https:\\\/\\\/www.meydan.tv\\\/wp-content\\\/uploads\\\/img_9718_720.jpg\",\"contentUrl\":\"https:\\\/\\\/www.meydan.tv\\\/wp-content\\\/uploads\\\/img_9718_720.jpg\",\"width\":1200,\"height\":675,\"caption\":\"\\\"T\u0259rt\u0259r i\u015fi\\\". Foto: Meydan TV\"},{\"@type\":\"BreadcrumbList\",\"@id\":\"https:\\\/\\\/www.meydan.tv\\\/az\\\/article\\\/terter-isi-cinsiyyet-orqanima-qeder-tok-veribler-dirnaqlarimi-cixariblar\\\/#breadcrumb\",\"itemListElement\":[{\"@type\":\"ListItem\",\"position\":1,\"name\":\"Ana s\u0259hif\u0259\",\"item\":\"https:\\\/\\\/www.meydan.tv\\\/az\\\/\"},{\"@type\":\"ListItem\",\"position\":2,\"name\":\"Siyas\u0259t\",\"item\":\"https:\\\/\\\/www.meydan.tv\\\/az\\\/section\\\/siyaset\\\/\"},{\"@type\":\"ListItem\",\"position\":3,\"name\":\"\u201cT\u0259rt\u0259r i\u015fi\u201d: \u201cCinsiyy\u0259t orqan\u0131ma q\u0259d\u0259r tok veribl\u0259r, d\u0131rnaqlar\u0131m\u0131 \u00e7\u0131xar\u0131blar\u2026\u201d\"}]},{\"@type\":\"WebSite\",\"@id\":\"https:\\\/\\\/www.meydan.tv\\\/az\\\/#website\",\"url\":\"https:\\\/\\\/www.meydan.tv\\\/az\\\/\",\"name\":\"MEYDAN.TV\",\"description\":\"Meydan TV Az\u0259rbaycan\u0131n media m\u0259kan\u0131ndak\u0131 alternativ s\u0259sidir\",\"publisher\":{\"@id\":\"https:\\\/\\\/www.meydan.tv\\\/az\\\/#organization\"},\"potentialAction\":[{\"@type\":\"SearchAction\",\"target\":{\"@type\":\"EntryPoint\",\"urlTemplate\":\"https:\\\/\\\/www.meydan.tv\\\/az\\\/?s={search_term_string}\"},\"query-input\":{\"@type\":\"PropertyValueSpecification\",\"valueRequired\":true,\"valueName\":\"search_term_string\"}}],\"inLanguage\":\"az\"},{\"@type\":\"Organization\",\"@id\":\"https:\\\/\\\/www.meydan.tv\\\/az\\\/#organization\",\"name\":\"Meydan TV\",\"url\":\"https:\\\/\\\/www.meydan.tv\\\/az\\\/\",\"logo\":{\"@type\":\"ImageObject\",\"inLanguage\":\"az\",\"@id\":\"https:\\\/\\\/www.meydan.tv\\\/az\\\/#\\\/schema\\\/logo\\\/image\\\/\",\"url\":\"https:\\\/\\\/www.meydan.tv\\\/wp-content\\\/uploads\\\/2021\\\/07\\\/meydan-logo.svg\",\"contentUrl\":\"https:\\\/\\\/www.meydan.tv\\\/wp-content\\\/uploads\\\/2021\\\/07\\\/meydan-logo.svg\",\"width\":195,\"height\":46,\"caption\":\"Meydan TV\"},\"image\":{\"@id\":\"https:\\\/\\\/www.meydan.tv\\\/az\\\/#\\\/schema\\\/logo\\\/image\\\/\"}},{\"@type\":\"Person\",\"@id\":\"https:\\\/\\\/www.meydan.tv\\\/az\\\/#\\\/schema\\\/person\\\/9cdbecf90d17180ce1dfbd95b08dcf47\",\"name\":\"elli\",\"sameAs\":[\"https:\\\/\\\/x.com\\\/elli\"]}]}<\/script>\n<!-- \/ Yoast SEO plugin. -->","yoast_head_json":{"title":"\u201cT\u0259rt\u0259r i\u015fi\u201d: \u201cCinsiyy\u0259t orqan\u0131ma q\u0259d\u0259r tok veribl\u0259r, d\u0131rnaqlar\u0131m\u0131 \u00e7\u0131xar\u0131blar\u2026\u201d - MEYDAN.TV","robots":{"index":"index","follow":"follow","max-snippet":"max-snippet:-1","max-image-preview":"max-image-preview:large","max-video-preview":"max-video-preview:-1"},"canonical":"https:\/\/www.meydan.tv\/az\/article\/terter-isi-cinsiyyet-orqanima-qeder-tok-veribler-dirnaqlarimi-cixariblar\/","og_locale":"az_AZ","og_type":"article","og_title":"\u201cT\u0259rt\u0259r i\u015fi\u201d: \u201cCinsiyy\u0259t orqan\u0131ma q\u0259d\u0259r tok veribl\u0259r, d\u0131rnaqlar\u0131m\u0131 \u00e7\u0131xar\u0131blar\u2026\u201d - MEYDAN.TV","og_description":"&#8220;Hikm\u0259t H\u0259s\u0259nov dedi ki, s\u0259ni kanala ataram\u201d \u201cT\u0259rt\u0259r hadis\u0259l\u0259ri\u201d zaman\u0131 ... Davam\u0131","og_url":"https:\/\/www.meydan.tv\/az\/article\/terter-isi-cinsiyyet-orqanima-qeder-tok-veribler-dirnaqlarimi-cixariblar\/","og_site_name":"MEYDAN.TV","article_published_time":"2023-04-05T12:57:46+00:00","article_modified_time":"2023-04-05T12:58:57+00:00","og_image":[{"width":1200,"height":675,"url":"https:\/\/www.meydan.tv\/wp-content\/uploads\/img_9718_720.jpg","type":"image\/jpeg"}],"author":"elli","twitter_card":"summary_large_image","twitter_creator":"@elli","schema":{"@context":"https:\/\/schema.org","@graph":[{"@type":"Article","@id":"https:\/\/www.meydan.tv\/az\/article\/terter-isi-cinsiyyet-orqanima-qeder-tok-veribler-dirnaqlarimi-cixariblar\/#article","isPartOf":{"@id":"https:\/\/www.meydan.tv\/az\/article\/terter-isi-cinsiyyet-orqanima-qeder-tok-veribler-dirnaqlarimi-cixariblar\/"},"author":{"name":"elli","@id":"https:\/\/www.meydan.tv\/az\/#\/schema\/person\/9cdbecf90d17180ce1dfbd95b08dcf47"},"headline":"\u201cT\u0259rt\u0259r i\u015fi\u201d: \u201cCinsiyy\u0259t orqan\u0131ma q\u0259d\u0259r tok veribl\u0259r, d\u0131rnaqlar\u0131m\u0131 \u00e7\u0131xar\u0131blar\u2026\u201d","datePublished":"2023-04-05T12:57:46+00:00","dateModified":"2023-04-05T12:58:57+00:00","mainEntityOfPage":{"@id":"https:\/\/www.meydan.tv\/az\/article\/terter-isi-cinsiyyet-orqanima-qeder-tok-veribler-dirnaqlarimi-cixariblar\/"},"wordCount":2694,"publisher":{"@id":"https:\/\/www.meydan.tv\/az\/#organization"},"image":{"@id":"https:\/\/www.meydan.tv\/az\/article\/terter-isi-cinsiyyet-orqanima-qeder-tok-veribler-dirnaqlarimi-cixariblar\/#primaryimage"},"thumbnailUrl":"https:\/\/www.meydan.tv\/wp-content\/uploads\/img_9718_720.jpg","articleSection":["Siyas\u0259t","T\u00f6vsiy\u0259","X\u0259b\u0259rl\u0259r"],"inLanguage":"az"},{"@type":"WebPage","@id":"https:\/\/www.meydan.tv\/az\/article\/terter-isi-cinsiyyet-orqanima-qeder-tok-veribler-dirnaqlarimi-cixariblar\/","url":"https:\/\/www.meydan.tv\/az\/article\/terter-isi-cinsiyyet-orqanima-qeder-tok-veribler-dirnaqlarimi-cixariblar\/","name":"\u201cT\u0259rt\u0259r i\u015fi\u201d: \u201cCinsiyy\u0259t orqan\u0131ma q\u0259d\u0259r tok veribl\u0259r, d\u0131rnaqlar\u0131m\u0131 \u00e7\u0131xar\u0131blar\u2026\u201d - MEYDAN.TV","isPartOf":{"@id":"https:\/\/www.meydan.tv\/az\/#website"},"primaryImageOfPage":{"@id":"https:\/\/www.meydan.tv\/az\/article\/terter-isi-cinsiyyet-orqanima-qeder-tok-veribler-dirnaqlarimi-cixariblar\/#primaryimage"},"image":{"@id":"https:\/\/www.meydan.tv\/az\/article\/terter-isi-cinsiyyet-orqanima-qeder-tok-veribler-dirnaqlarimi-cixariblar\/#primaryimage"},"thumbnailUrl":"https:\/\/www.meydan.tv\/wp-content\/uploads\/img_9718_720.jpg","datePublished":"2023-04-05T12:57:46+00:00","dateModified":"2023-04-05T12:58:57+00:00","breadcrumb":{"@id":"https:\/\/www.meydan.tv\/az\/article\/terter-isi-cinsiyyet-orqanima-qeder-tok-veribler-dirnaqlarimi-cixariblar\/#breadcrumb"},"inLanguage":"az","potentialAction":[{"@type":"ReadAction","target":["https:\/\/www.meydan.tv\/az\/article\/terter-isi-cinsiyyet-orqanima-qeder-tok-veribler-dirnaqlarimi-cixariblar\/"]}]},{"@type":"ImageObject","inLanguage":"az","@id":"https:\/\/www.meydan.tv\/az\/article\/terter-isi-cinsiyyet-orqanima-qeder-tok-veribler-dirnaqlarimi-cixariblar\/#primaryimage","url":"https:\/\/www.meydan.tv\/wp-content\/uploads\/img_9718_720.jpg","contentUrl":"https:\/\/www.meydan.tv\/wp-content\/uploads\/img_9718_720.jpg","width":1200,"height":675,"caption":"\"T\u0259rt\u0259r i\u015fi\". Foto: Meydan TV"},{"@type":"BreadcrumbList","@id":"https:\/\/www.meydan.tv\/az\/article\/terter-isi-cinsiyyet-orqanima-qeder-tok-veribler-dirnaqlarimi-cixariblar\/#breadcrumb","itemListElement":[{"@type":"ListItem","position":1,"name":"Ana s\u0259hif\u0259","item":"https:\/\/www.meydan.tv\/az\/"},{"@type":"ListItem","position":2,"name":"Siyas\u0259t","item":"https:\/\/www.meydan.tv\/az\/section\/siyaset\/"},{"@type":"ListItem","position":3,"name":"\u201cT\u0259rt\u0259r i\u015fi\u201d: \u201cCinsiyy\u0259t orqan\u0131ma q\u0259d\u0259r tok veribl\u0259r, d\u0131rnaqlar\u0131m\u0131 \u00e7\u0131xar\u0131blar\u2026\u201d"}]},{"@type":"WebSite","@id":"https:\/\/www.meydan.tv\/az\/#website","url":"https:\/\/www.meydan.tv\/az\/","name":"MEYDAN.TV","description":"Meydan TV Az\u0259rbaycan\u0131n media m\u0259kan\u0131ndak\u0131 alternativ s\u0259sidir","publisher":{"@id":"https:\/\/www.meydan.tv\/az\/#organization"},"potentialAction":[{"@type":"SearchAction","target":{"@type":"EntryPoint","urlTemplate":"https:\/\/www.meydan.tv\/az\/?s={search_term_string}"},"query-input":{"@type":"PropertyValueSpecification","valueRequired":true,"valueName":"search_term_string"}}],"inLanguage":"az"},{"@type":"Organization","@id":"https:\/\/www.meydan.tv\/az\/#organization","name":"Meydan TV","url":"https:\/\/www.meydan.tv\/az\/","logo":{"@type":"ImageObject","inLanguage":"az","@id":"https:\/\/www.meydan.tv\/az\/#\/schema\/logo\/image\/","url":"https:\/\/www.meydan.tv\/wp-content\/uploads\/2021\/07\/meydan-logo.svg","contentUrl":"https:\/\/www.meydan.tv\/wp-content\/uploads\/2021\/07\/meydan-logo.svg","width":195,"height":46,"caption":"Meydan TV"},"image":{"@id":"https:\/\/www.meydan.tv\/az\/#\/schema\/logo\/image\/"}},{"@type":"Person","@id":"https:\/\/www.meydan.tv\/az\/#\/schema\/person\/9cdbecf90d17180ce1dfbd95b08dcf47","name":"elli","sameAs":["https:\/\/x.com\/elli"]}]}},"_links":{"self":[{"href":"https:\/\/www.meydan.tv\/az\/wp-json\/wp\/v2\/posts\/272156","targetHints":{"allow":["GET"]}}],"collection":[{"href":"https:\/\/www.meydan.tv\/az\/wp-json\/wp\/v2\/posts"}],"about":[{"href":"https:\/\/www.meydan.tv\/az\/wp-json\/wp\/v2\/types\/post"}],"author":[{"embeddable":true,"href":"https:\/\/www.meydan.tv\/az\/wp-json\/wp\/v2\/users\/8"}],"replies":[{"embeddable":true,"href":"https:\/\/www.meydan.tv\/az\/wp-json\/wp\/v2\/comments?post=272156"}],"version-history":[{"count":2,"href":"https:\/\/www.meydan.tv\/az\/wp-json\/wp\/v2\/posts\/272156\/revisions"}],"predecessor-version":[{"id":272162,"href":"https:\/\/www.meydan.tv\/az\/wp-json\/wp\/v2\/posts\/272156\/revisions\/272162"}],"wp:featuredmedia":[{"embeddable":true,"href":"https:\/\/www.meydan.tv\/az\/wp-json\/wp\/v2\/media\/271836"}],"wp:attachment":[{"href":"https:\/\/www.meydan.tv\/az\/wp-json\/wp\/v2\/media?parent=272156"}],"wp:term":[{"taxonomy":"category","embeddable":true,"href":"https:\/\/www.meydan.tv\/az\/wp-json\/wp\/v2\/categories?post=272156"},{"taxonomy":"post_tag","embeddable":true,"href":"https:\/\/www.meydan.tv\/az\/wp-json\/wp\/v2\/tags?post=272156"}],"curies":[{"name":"wp","href":"https:\/\/api.w.org\/{rel}","templated":true}]}}