{"id":272103,"date":"2023-04-04T18:45:17","date_gmt":"2023-04-04T14:45:17","guid":{"rendered":"https:\/\/www.meydan.tv\/?p=272103"},"modified":"2023-04-04T20:32:23","modified_gmt":"2023-04-04T16:32:23","slug":"eesmn-in-muavinetlerin-kesilmesi-hesabina-qenaeti","status":"publish","type":"post","link":"https:\/\/www.meydan.tv\/az\/article\/eesmn-in-muavinetlerin-kesilmesi-hesabina-qenaeti\/","title":{"rendered":"\u018f\u018fSMN-in m\u00fcavin\u0259tl\u0259rin k\u0259silm\u0259si hesab\u0131na q\u0259na\u0259ti"},"content":{"rendered":"\n<p><\/p>\n\n\n\n<p><strong><em>Quba sakini azya\u015fl\u0131 \u00f6vlad\u0131n\u0131n m\u00fcavin\u0259tin\u0259 g\u00f6r\u0259 iki nazirlik aras\u0131nda qald\u0131\u011f\u0131n\u0131 deyir<\/em><\/strong><\/p>\n\n\n\n<p><em>\u201cBe\u015f ya\u015fl\u0131 q\u0131z\u0131m do\u011fulanda belind\u0259 \u015fi\u015fkinlik vard\u0131. Sonralar u\u015fa\u011f\u0131n yeri\u015find\u0259 v\u0259 \u0259qli inki\u015faf\u0131nda q\u00fcsur oldu\u011funu g\u00f6r\u00fcb h\u0259kim\u0259 m\u00fcraci\u0259t etdik. H\u0259kiml\u0259r onur\u011fa beyni-f\u0259q\u0259r\u0259 s\u00fctununun q\u00fcsuru oldu\u011funu bildirdil\u0259r. \u018fm\u0259liyyat olunduqdan sonra u\u015fa\u011fa sosial m\u00fcavin\u0259t t\u0259yin olundu. \u00dc\u00e7 il \u0259rzind\u0259 ald\u0131\u011f\u0131m\u0131z m\u00fcavin\u0259t bu ilin \u0259vv\u0259lind\u0259 dayand\u0131r\u0131l\u0131b\u201d.<\/em><\/p>\n\n\n\n<p>Bunu Meydan TV-y\u0259 Quban\u0131n G\u0259dikq\u0131\u015flaq sakini Qahir\u0259 Heyd\u0259r q\u0131z\u0131 \u0130brahimova deyir.<\/p>\n\n\n\n<p>Valideyn bildirir ki, m\u00fcavin\u0259tin yenid\u0259n b\u0259rpas\u0131 \u00fc\u00e7\u00fcn Quba Rayon M\u0259rk\u0259zi X\u0259st\u0259xanas\u0131 t\u0259r\u0259find\u0259n \u018fm\u0259k v\u0259 \u018fhalinin Sosial M\u00fcdafi\u0259si Nazirliyi (\u018f\u018fSMN) yan\u0131nda D\u00f6vl\u0259t Tibbi-Sosial Ekspertiza v\u0259 Reabilitasiya Agentliyinin Tibbi-Sosial Ekspert Komissiyas\u0131na (TSEK) t\u0259krar g\u00f6nd\u0259ri\u015f (Forma-88) verilib.<\/p>\n\n\n\n<p>G\u00f6nd\u0259ri\u015fin natamam doldurulmas\u0131 il\u0259 \u0259laq\u0259dar imtina cavab\u0131 g\u0259lib.<\/p>\n\n\n\n<p>Bildirilib ki, h\u0259kim r\u0259yind\u0259 diaqnoz d\u00fczg\u00fcn t\u0259rtib olunmay\u0131b. \u018flav\u0259 olunub ki, \u0259sas diaqnozun a\u011f\u0131rla\u015fmalar\u0131n\u0131 t\u0259sdiq ed\u0259n EMQ m\u00fcayin\u0259nin (Elektromioqrafiya) n\u0259tic\u0259l\u0259ri d\u0259qiql\u0259\u015fdirilsin v\u0259 \u0259trafl\u0131 qeyd edilsin.<\/p>\n\n\n\n<p><em>\u201cBundan sonra rayon x\u0259st\u0259xanas\u0131n\u0131n g\u00f6nd\u0259ri\u015fi il\u0259 U\u015faq Nevroloji X\u0259st\u0259xanas\u0131na getdim, m\u0259ni q\u0259bul etm\u0259dil\u0259r. Dedil\u0259r ki, get, \u00fc\u00e7 aydan sonra g\u0259l\u0259rs\u0259n. Bu cavabdan sonra Daxili \u0130\u015fl\u0259r Nazirliyinin qar\u015f\u0131s\u0131nda intihara c\u0259hd etdim. \u00dcst\u00fcm\u0259 benzin t\u00f6k\u00fcb, \u00f6z\u00fcm\u00fc yand\u0131rmaq ist\u0259dim ki, \u00f6vlad\u0131m g\u00f6z\u00fcm\u00fcn qaba\u011f\u0131nda \u00f6l\u00fcr, x\u0259st\u0259xana is\u0259 q\u0259bul etmir. Polisl\u0259r m\u0259ni h\u0259min x\u0259st\u0259xanaya apard\u0131lar. X\u0259st\u0259xanada u\u015fa\u011f\u0131 iki g\u00fcn saxlad\u0131lar. Sonra da bir ka\u011f\u0131z verib, yola sald\u0131lar. Yen\u0259 d\u0259 cavab g\u0259ldi ki, ka\u011f\u0131z natamam doldurulub\u201d,<\/em> &#8211; dey\u0259 o bildirib.<\/p>\n\n\n\n<p><em>\u201c280 manat sosial m\u00fcavin\u0259t al\u0131rd\u0131m. H\u0259min pulla da u\u015fa\u011f\u0131n dava-d\u0259rman\u0131, m\u00fcalic\u0259sini etdirirdim. Onur\u011fas\u0131nda \u0259yilm\u0259 var, ona g\u00fccl\u00fc m\u00fcalic\u0259 laz\u0131md\u0131r\u201d, <\/em>&#8211; valideyn bel\u0259 deyir.<\/p>\n\n\n\n<figure class=\"wp-block-image size-full\"><img decoding=\"async\" width=\"1200\" height=\"675\" data-src=\"https:\/\/www.meydan.tv\/wp-content\/uploads\/download_720.png\" alt=\"\" class=\"wp-image-272100 lazyload\" src=\"data:image\/svg+xml;base64,PHN2ZyB3aWR0aD0iMSIgaGVpZ2h0PSIxIiB4bWxucz0iaHR0cDovL3d3dy53My5vcmcvMjAwMC9zdmciPjwvc3ZnPg==\" style=\"--smush-placeholder-width: 1200px; --smush-placeholder-aspect-ratio: 1200\/675;\" \/><figcaption class=\"wp-element-caption\">Foto: \u0130brahimovlar\u0131n ail\u0259 albomundan<\/figcaption><\/figure>\n\n\n\n<p>\u018f\u018fSMN-ind\u0259n, h\u0259m\u00e7inin U\u015faq Nevroloji X\u0259st\u0259xanas\u0131ndan m\u0259s\u0259l\u0259y\u0259 m\u00fcnasib\u0259t \u00f6yr\u0259nm\u0259k m\u00fcmk\u00fcn olmay\u0131b.<\/p>\n\n\n\n<p>Sa\u011flaml\u0131q imkanlar\u0131 m\u0259hdud 18 ya\u015f\u0131nad\u0259k u\u015faqlara m\u00fcavin\u0259t 200 manatd\u0131r. Onlara qulluq ed\u0259nl\u0259r\u0259 is\u0259 100 manat m\u0259bl\u0259\u011find\u0259 t\u0259qa\u00fcd verilir.<\/p>\n\n\n\n<p>Son ill\u0259r Az\u0259rbaycanda \u0259lillik v\u0259 sosial m\u00fcavin\u0259tl\u0259rin l\u0259\u011fvi il\u0259 \u0259laq\u0259dar \u015fikay\u0259tl\u0259r var.<\/p>\n\n\n\n<p>Zaman-zaman nazirliyin k\u00fctl\u0259vi ixtisarlar\u0131 etirazlara s\u0259b\u0259b olur.<\/p>\n\n\n\n<p>\u018fm\u0259k v\u0259 \u0259halinin sosial m\u00fcdafi\u0259si naziri Sahil Babayev ixtisarlar\u0131 saxta pensiyalar\u0131n t\u0259yin edilm\u0259si il\u0259 \u0259laq\u0259l\u0259ndirmi\u015fdi.<\/p>\n\n\n\n<p>Nazir demi\u015fdi ki, saxta \u0259lillik v\u0259 dig\u0259r \u00f6d\u0259ni\u015fl\u0259rin ara\u015fd\u0131r\u0131lmas\u0131 n\u0259tic\u0259sind\u0259 il \u0259rzind\u0259 125 milyon manat q\u0259na\u0259t edilib:<\/p>\n\n\n\n<p>\u201c<em>Y\u0131\u011f\u0131mlar\u0131n artmas\u0131 n\u0259tic\u0259sind\u0259 il \u0259rzind\u0259 160 milyon manatl\u0131q q\u0259na\u0259t \u0259ld\u0259 olunub v\u0259 \u00fcmumi m\u0259bl\u0259\u011fin 250 milyon manat\u0131 d\u00f6vl\u0259t b\u00fcdc\u0259sin\u0259 \u00f6d\u0259nib, 35 milyon manat\u0131 is\u0259 Pensiya Fondunun 2021-ci il \u00fc\u00e7\u00fcn ehtiyat\u0131na <a href=\"https:\/\/kaspi.az\/az\/sahil-babayev-son-iki-il-erzinde-umumilikde-570-milyon-manat-vesait-dvlet-budcesine-qaytarilib\" target=\"_blank\" rel=\"noreferrer noopener\">y\u00f6n\u0259ldilib\u201d.<\/a><\/em><\/p>\n\n\n\n<p>\u018f\u018fSMN-nin tabeliyind\u0259 olan Dayan\u0131ql\u0131 v\u0259 Operativ Sosial T\u0259minat Agentliyinin (DOST)&nbsp; \u0130dar\u0259 Hey\u0259ti s\u0259drinin m\u00fcavini Seymur Al\u0131yev is\u0259 m\u0259tbuata bildirmi\u015fdi ki, sosial m\u00fcavin\u0259tl\u0259rin, \u0259llilliyin t\u0259yini, t\u0259krar m\u00fcraci\u0259tl\u0259rl\u0259 \u0259laq\u0259dar imtinalar\u0131n \u0259sas s\u0259b\u0259bi prosedura uy\u011funsuzluqla \u0259laq\u0259dard\u0131r:<\/p>\n\n\n\n<p>\u201c<em>\u018flilliyin verilm\u0259si \u00fc\u00e7\u00fcn prosedur var. Orada h\u0259kim protokoluna \u0259sas\u0259n m\u00fcalic\u0259nin nec\u0259 apar\u0131laca\u011f\u0131 m\u00fc\u0259yy\u0259nl\u0259\u015fib. Bizim Tibbi Sosial Ekspert Komissiyas\u0131n\u0131n (TSEK) \u0259m\u0259kda\u015flar\u0131 yaln\u0131z \u201cForma 88\u201d vasit\u0259sil\u0259 g\u0259l\u0259n m\u0259lumatlar\u0131 g\u00f6r\u00fcr, \u015f\u0259xsin \u00f6z\u00fcn\u00fc g\u00f6rm\u00fcr v\u0259 tan\u0131m\u0131r. Ona g\u00f6r\u0259 d\u0259 s\u0259n\u0259dd\u0259 n\u0259l\u0259rs\u0259 d\u00fczg\u00fcn doldurulmay\u0131b v\u0259 d\u00fczg\u00fcn qeyd edilm\u0259yibs\u0259, hans\u0131sa m\u0259lumatlar yetmirs\u0259, ona \u0259lillik veril\u0259 <a href=\"https:\/\/modern.az\/news\/289166\/\" target=\"_blank\" rel=\"noreferrer noopener\">bilm\u0259z\u201d.<\/a><\/em><\/p>\n\n\n\n<p>\u0130qtisad\u00e7\u0131 To\u011frul Ma\u015fall\u0131 Meydan TV-y\u0259 deyir ki, bu mane\u0259l\u0259r b\u00fcdc\u0259 v\u0259saitin\u0259 q\u0259na\u0259t edilm\u0259si m\u0259qs\u0259dil\u0259 yarad\u0131l\u0131r.<\/p>\n\n\n\n<p>Onun s\u00f6zl\u0259rin\u0259 g\u00f6r\u0259, \u018f\u018fSMN 2015-ci ild\u0259n q\u0259na\u0259t prinsipi il\u0259 f\u0259aliyy\u0259t g\u00f6st\u0259rir:<\/p>\n\n\n\n<p><em>\u201cQaydalar da insanlara bu v\u0259 ya dig\u0259r m\u00fcavin\u0259t \u00fc\u00e7\u00fcn m\u00fcraci\u0259ti \u00e7\u0259tinl\u0259\u015fdirm\u0259k, yaxud da m\u0259hdudla\u015fd\u0131rmaq istiqam\u0259tind\u0259 d\u0259yi\u015fdirilib. Maksumum m\u0259hdudla\u015fman\u0131 statistikada da m\u00fc\u015fahid\u0259 edirik. B\u00fct\u00fcn m\u00fcavin\u0259tl\u0259r \u00fczr\u0259 azalma var. \u018fllilliyin m\u00fc\u0259yy\u0259n olunmas\u0131n\u0131 S\u0259hiyy\u0259 Nazirliyi il\u0259 yana\u015f\u0131, \u018fm\u0259k v\u0259 \u018fhalinin Sosial M\u00fcdafi\u0259si Nazirliyi t\u0259yin edir. N\u0259y\u0259 g\u00f6r\u0259 iki sistemin oldu\u011fu m\u0259lum deyil. \u018fg\u0259r u\u015fa\u011f\u0131n tibbi c\u0259h\u0259td\u0259n probleml\u0259ri varsa, bunu m\u00fc\u0259yy\u0259n ed\u0259n s\u0259hiyy\u0259 strukturu olmal\u0131d\u0131r. Bunu he\u00e7 bir halda \u018f\u018fSMN m\u00fc\u0259yy\u0259n etm\u0259m\u0259li, qiym\u0259tl\u0259ndirm\u0259m\u0259lidir. G\u00f6r\u00fcn\u0259n odur ki, \u018f\u018fSMN korrupsiya, r\u00fc\u015fv\u0259txorluq ad\u0131 il\u0259 bu i\u015fi \u00fcz\u0259rin\u0259 g\u00f6t\u00fcr\u00fcb\u201d.<\/em><\/p>\n\n\n\n<figure class=\"wp-block-image size-full\"><img decoding=\"async\" width=\"1200\" height=\"720\" data-src=\"https:\/\/www.meydan.tv\/wp-content\/uploads\/togrul-masalli.jpg\" alt=\"To\u011frul Ma\u015fall\u0131\" class=\"wp-image-123130 lazyload\" src=\"data:image\/svg+xml;base64,PHN2ZyB3aWR0aD0iMSIgaGVpZ2h0PSIxIiB4bWxucz0iaHR0cDovL3d3dy53My5vcmcvMjAwMC9zdmciPjwvc3ZnPg==\" style=\"--smush-placeholder-width: 1200px; --smush-placeholder-aspect-ratio: 1200\/720;\" \/><figcaption class=\"wp-element-caption\">Foto: To\u011frul Ma\u015fall\u0131n\u0131n \u015f\u0259xsi arxivind\u0259n<\/figcaption><\/figure>\n\n\n\n<p><em>\u201cS\u0259hiyy\u0259 Nazirliyi d\u0259 \u018f\u018fSMN-nin onun q\u0259rar\u0131n\u0131 l\u0259\u011fv ed\u0259c\u0259yini bildiyi \u00fc\u00e7\u00fcn q\u0259rar\u0131 el\u0259 formada t\u0259qdim edir ki, doldurulan forma n\u0259tic\u0259d\u0259 uy\u011fun olmur. Bu da \u018fm\u0259k v\u0259 \u018fhalinin Sosial M\u00fcdafi\u0259si Nazirliyin\u0259 s\u0259rf edir, n\u0259tic\u0259d\u0259 g\u00f6nd\u0259ri\u015fl\u0259r dalbadal l\u0259\u011fv edilir\u201d, <\/em>\u2013 dey\u0259 ekspert bildirib.<\/p>\n\n\n\n<p>\u00dcmumd\u00fcnya S\u0259hiyy\u0259 T\u0259\u015fkilat\u0131n\u0131n m\u0259lumat\u0131na g\u00f6r\u0259, haz\u0131rda d\u00fcnya \u0259halisinin 10 faizini fiziki q\u00fcsurlu, \u0259lilliyi olan insanlar t\u0259\u015fkil edir.<\/p>\n\n\n\n<p>Az\u0259rbaycanda r\u0259smi r\u0259q\u0259ml\u0259r\u0259 g\u00f6r\u0259, \u0259lilliyi olan \u015f\u0259xsl\u0259rin say\u0131 5 faiz civar\u0131ndad\u0131r.<\/p>\n\n\n\n<p>To\u011frul Ma\u015fall\u0131 bildirib ki, bu r\u0259q\u0259m h\u0259qiq\u0259ti \u0259ks etdirmir: \u201cBir ne\u00e7\u0259 il \u00f6nc\u0259 bu r\u0259q\u0259m 6 faiz civar\u0131nda idi. Birinci Qaraba\u011f m\u00fcharib\u0259sini d\u0259 n\u0259z\u0259r\u0259 alsaq, r\u0259q\u0259m daha y\u00fcks\u0259k olmal\u0131d\u0131r\u201d.<\/p>\n","protected":false},"excerpt":{"rendered":"<p>Quba sakini azya\u015fl\u0131 \u00f6vlad\u0131n\u0131n m\u00fcavin\u0259tin\u0259 g\u00f6r\u0259 iki nazirlik aras\u0131nda qald\u0131\u011f\u0131n\u0131 &#8230; <\/p>\n<p class=\"read-more-container\"><a title=\"\u018f\u018fSMN-in m\u00fcavin\u0259tl\u0259rin k\u0259silm\u0259si hesab\u0131na q\u0259na\u0259ti\" class=\"read-more button\" href=\"https:\/\/www.meydan.tv\/az\/article\/eesmn-in-muavinetlerin-kesilmesi-hesabina-qenaeti\/#more-272103\" aria-label=\"Read more about \u018f\u018fSMN-in m\u00fcavin\u0259tl\u0259rin k\u0259silm\u0259si hesab\u0131na q\u0259na\u0259ti\">Davam\u0131<\/a><\/p>\n","protected":false},"author":8,"featured_media":129475,"comment_status":"closed","ping_status":"closed","sticky":false,"template":"","format":"standard","meta":{"_acf_changed":false,"_sitemap_exclude":false,"_sitemap_priority":"","_sitemap_frequency":"","footnotes":""},"categories":[60,88,56],"tags":[],"class_list":["post-272103","post","type-post","status-publish","format-standard","has-post-thumbnail","hentry","category-bolge","category-redaktor-secimi","category-xeberler","infinite-scroll-item","generate-columns","tablet-grid-50","mobile-grid-100","grid-parent","grid-33","no-featured-image-padding"],"acf":[],"yoast_head":"<!-- This site is optimized with the Yoast SEO plugin v27.5 - https:\/\/yoast.com\/product\/yoast-seo-wordpress\/ -->\n<title>\u018f\u018fSMN-in m\u00fcavin\u0259tl\u0259rin k\u0259silm\u0259si hesab\u0131na q\u0259na\u0259ti - MEYDAN.TV<\/title>\n<meta name=\"robots\" content=\"index, follow, max-snippet:-1, max-image-preview:large, max-video-preview:-1\" \/>\n<link rel=\"canonical\" href=\"https:\/\/www.meydan.tv\/az\/article\/eesmn-in-muavinetlerin-kesilmesi-hesabina-qenaeti\/\" \/>\n<meta property=\"og:locale\" content=\"az_AZ\" \/>\n<meta property=\"og:type\" content=\"article\" \/>\n<meta property=\"og:title\" content=\"\u018f\u018fSMN-in m\u00fcavin\u0259tl\u0259rin k\u0259silm\u0259si hesab\u0131na q\u0259na\u0259ti - MEYDAN.TV\" \/>\n<meta property=\"og:description\" content=\"Quba sakini azya\u015fl\u0131 \u00f6vlad\u0131n\u0131n m\u00fcavin\u0259tin\u0259 g\u00f6r\u0259 iki nazirlik aras\u0131nda qald\u0131\u011f\u0131n\u0131 ... Davam\u0131\" \/>\n<meta property=\"og:url\" content=\"https:\/\/www.meydan.tv\/az\/article\/eesmn-in-muavinetlerin-kesilmesi-hesabina-qenaeti\/\" \/>\n<meta property=\"og:site_name\" content=\"MEYDAN.TV\" \/>\n<meta property=\"article:published_time\" content=\"2023-04-04T14:45:17+00:00\" \/>\n<meta property=\"article:modified_time\" content=\"2023-04-04T16:32:23+00:00\" \/>\n<meta property=\"og:image\" content=\"https:\/\/www.meydan.tv\/wp-content\/uploads\/d02c4ac5-0de1-43ad-b5f6-f77d4f063c2d-1200x800.png\" \/>\n\t<meta property=\"og:image:width\" content=\"1200\" \/>\n\t<meta property=\"og:image:height\" content=\"800\" \/>\n\t<meta property=\"og:image:type\" content=\"image\/png\" \/>\n<meta name=\"author\" content=\"elli\" \/>\n<meta name=\"twitter:card\" content=\"summary_large_image\" \/>\n<meta name=\"twitter:creator\" content=\"@elli\" \/>\n<script type=\"application\/ld+json\" class=\"yoast-schema-graph\">{\"@context\":\"https:\\\/\\\/schema.org\",\"@graph\":[{\"@type\":\"Article\",\"@id\":\"https:\\\/\\\/www.meydan.tv\\\/az\\\/article\\\/eesmn-in-muavinetlerin-kesilmesi-hesabina-qenaeti\\\/#article\",\"isPartOf\":{\"@id\":\"https:\\\/\\\/www.meydan.tv\\\/az\\\/article\\\/eesmn-in-muavinetlerin-kesilmesi-hesabina-qenaeti\\\/\"},\"author\":{\"name\":\"elli\",\"@id\":\"https:\\\/\\\/www.meydan.tv\\\/az\\\/#\\\/schema\\\/person\\\/9cdbecf90d17180ce1dfbd95b08dcf47\"},\"headline\":\"\u018f\u018fSMN-in m\u00fcavin\u0259tl\u0259rin k\u0259silm\u0259si hesab\u0131na q\u0259na\u0259ti\",\"datePublished\":\"2023-04-04T14:45:17+00:00\",\"dateModified\":\"2023-04-04T16:32:23+00:00\",\"mainEntityOfPage\":{\"@id\":\"https:\\\/\\\/www.meydan.tv\\\/az\\\/article\\\/eesmn-in-muavinetlerin-kesilmesi-hesabina-qenaeti\\\/\"},\"wordCount\":1100,\"publisher\":{\"@id\":\"https:\\\/\\\/www.meydan.tv\\\/az\\\/#organization\"},\"image\":{\"@id\":\"https:\\\/\\\/www.meydan.tv\\\/az\\\/article\\\/eesmn-in-muavinetlerin-kesilmesi-hesabina-qenaeti\\\/#primaryimage\"},\"thumbnailUrl\":\"https:\\\/\\\/www.meydan.tv\\\/wp-content\\\/uploads\\\/d02c4ac5-0de1-43ad-b5f6-f77d4f063c2d.png\",\"articleSection\":[\"B\u00f6lg\u0259\",\"Redaktor se\u00e7imi\",\"X\u0259b\u0259rl\u0259r\"],\"inLanguage\":\"az\"},{\"@type\":\"WebPage\",\"@id\":\"https:\\\/\\\/www.meydan.tv\\\/az\\\/article\\\/eesmn-in-muavinetlerin-kesilmesi-hesabina-qenaeti\\\/\",\"url\":\"https:\\\/\\\/www.meydan.tv\\\/az\\\/article\\\/eesmn-in-muavinetlerin-kesilmesi-hesabina-qenaeti\\\/\",\"name\":\"\u018f\u018fSMN-in m\u00fcavin\u0259tl\u0259rin k\u0259silm\u0259si hesab\u0131na q\u0259na\u0259ti - MEYDAN.TV\",\"isPartOf\":{\"@id\":\"https:\\\/\\\/www.meydan.tv\\\/az\\\/#website\"},\"primaryImageOfPage\":{\"@id\":\"https:\\\/\\\/www.meydan.tv\\\/az\\\/article\\\/eesmn-in-muavinetlerin-kesilmesi-hesabina-qenaeti\\\/#primaryimage\"},\"image\":{\"@id\":\"https:\\\/\\\/www.meydan.tv\\\/az\\\/article\\\/eesmn-in-muavinetlerin-kesilmesi-hesabina-qenaeti\\\/#primaryimage\"},\"thumbnailUrl\":\"https:\\\/\\\/www.meydan.tv\\\/wp-content\\\/uploads\\\/d02c4ac5-0de1-43ad-b5f6-f77d4f063c2d.png\",\"datePublished\":\"2023-04-04T14:45:17+00:00\",\"dateModified\":\"2023-04-04T16:32:23+00:00\",\"breadcrumb\":{\"@id\":\"https:\\\/\\\/www.meydan.tv\\\/az\\\/article\\\/eesmn-in-muavinetlerin-kesilmesi-hesabina-qenaeti\\\/#breadcrumb\"},\"inLanguage\":\"az\",\"potentialAction\":[{\"@type\":\"ReadAction\",\"target\":[\"https:\\\/\\\/www.meydan.tv\\\/az\\\/article\\\/eesmn-in-muavinetlerin-kesilmesi-hesabina-qenaeti\\\/\"]}]},{\"@type\":\"ImageObject\",\"inLanguage\":\"az\",\"@id\":\"https:\\\/\\\/www.meydan.tv\\\/az\\\/article\\\/eesmn-in-muavinetlerin-kesilmesi-hesabina-qenaeti\\\/#primaryimage\",\"url\":\"https:\\\/\\\/www.meydan.tv\\\/wp-content\\\/uploads\\\/d02c4ac5-0de1-43ad-b5f6-f77d4f063c2d.png\",\"contentUrl\":\"https:\\\/\\\/www.meydan.tv\\\/wp-content\\\/uploads\\\/d02c4ac5-0de1-43ad-b5f6-f77d4f063c2d.png\",\"width\":1500,\"height\":1000,\"caption\":\"Foto: Meydan TV\"},{\"@type\":\"BreadcrumbList\",\"@id\":\"https:\\\/\\\/www.meydan.tv\\\/az\\\/article\\\/eesmn-in-muavinetlerin-kesilmesi-hesabina-qenaeti\\\/#breadcrumb\",\"itemListElement\":[{\"@type\":\"ListItem\",\"position\":1,\"name\":\"Ana s\u0259hif\u0259\",\"item\":\"https:\\\/\\\/www.meydan.tv\\\/az\\\/\"},{\"@type\":\"ListItem\",\"position\":2,\"name\":\"B\u00f6lg\u0259\",\"item\":\"https:\\\/\\\/www.meydan.tv\\\/az\\\/section\\\/bolge\\\/\"},{\"@type\":\"ListItem\",\"position\":3,\"name\":\"\u018f\u018fSMN-in m\u00fcavin\u0259tl\u0259rin k\u0259silm\u0259si hesab\u0131na q\u0259na\u0259ti\"}]},{\"@type\":\"WebSite\",\"@id\":\"https:\\\/\\\/www.meydan.tv\\\/az\\\/#website\",\"url\":\"https:\\\/\\\/www.meydan.tv\\\/az\\\/\",\"name\":\"MEYDAN.TV\",\"description\":\"Meydan TV Az\u0259rbaycan\u0131n media m\u0259kan\u0131ndak\u0131 alternativ s\u0259sidir\",\"publisher\":{\"@id\":\"https:\\\/\\\/www.meydan.tv\\\/az\\\/#organization\"},\"potentialAction\":[{\"@type\":\"SearchAction\",\"target\":{\"@type\":\"EntryPoint\",\"urlTemplate\":\"https:\\\/\\\/www.meydan.tv\\\/az\\\/?s={search_term_string}\"},\"query-input\":{\"@type\":\"PropertyValueSpecification\",\"valueRequired\":true,\"valueName\":\"search_term_string\"}}],\"inLanguage\":\"az\"},{\"@type\":\"Organization\",\"@id\":\"https:\\\/\\\/www.meydan.tv\\\/az\\\/#organization\",\"name\":\"Meydan TV\",\"url\":\"https:\\\/\\\/www.meydan.tv\\\/az\\\/\",\"logo\":{\"@type\":\"ImageObject\",\"inLanguage\":\"az\",\"@id\":\"https:\\\/\\\/www.meydan.tv\\\/az\\\/#\\\/schema\\\/logo\\\/image\\\/\",\"url\":\"https:\\\/\\\/www.meydan.tv\\\/wp-content\\\/uploads\\\/2021\\\/07\\\/meydan-logo.svg\",\"contentUrl\":\"https:\\\/\\\/www.meydan.tv\\\/wp-content\\\/uploads\\\/2021\\\/07\\\/meydan-logo.svg\",\"width\":195,\"height\":46,\"caption\":\"Meydan TV\"},\"image\":{\"@id\":\"https:\\\/\\\/www.meydan.tv\\\/az\\\/#\\\/schema\\\/logo\\\/image\\\/\"}},{\"@type\":\"Person\",\"@id\":\"https:\\\/\\\/www.meydan.tv\\\/az\\\/#\\\/schema\\\/person\\\/9cdbecf90d17180ce1dfbd95b08dcf47\",\"name\":\"elli\",\"sameAs\":[\"https:\\\/\\\/x.com\\\/elli\"]}]}<\/script>\n<!-- \/ Yoast SEO plugin. -->","yoast_head_json":{"title":"\u018f\u018fSMN-in m\u00fcavin\u0259tl\u0259rin k\u0259silm\u0259si hesab\u0131na q\u0259na\u0259ti - MEYDAN.TV","robots":{"index":"index","follow":"follow","max-snippet":"max-snippet:-1","max-image-preview":"max-image-preview:large","max-video-preview":"max-video-preview:-1"},"canonical":"https:\/\/www.meydan.tv\/az\/article\/eesmn-in-muavinetlerin-kesilmesi-hesabina-qenaeti\/","og_locale":"az_AZ","og_type":"article","og_title":"\u018f\u018fSMN-in m\u00fcavin\u0259tl\u0259rin k\u0259silm\u0259si hesab\u0131na q\u0259na\u0259ti - MEYDAN.TV","og_description":"Quba sakini azya\u015fl\u0131 \u00f6vlad\u0131n\u0131n m\u00fcavin\u0259tin\u0259 g\u00f6r\u0259 iki nazirlik aras\u0131nda qald\u0131\u011f\u0131n\u0131 ... Davam\u0131","og_url":"https:\/\/www.meydan.tv\/az\/article\/eesmn-in-muavinetlerin-kesilmesi-hesabina-qenaeti\/","og_site_name":"MEYDAN.TV","article_published_time":"2023-04-04T14:45:17+00:00","article_modified_time":"2023-04-04T16:32:23+00:00","og_image":[{"width":1200,"height":800,"url":"https:\/\/www.meydan.tv\/wp-content\/uploads\/d02c4ac5-0de1-43ad-b5f6-f77d4f063c2d-1200x800.png","type":"image\/png"}],"author":"elli","twitter_card":"summary_large_image","twitter_creator":"@elli","schema":{"@context":"https:\/\/schema.org","@graph":[{"@type":"Article","@id":"https:\/\/www.meydan.tv\/az\/article\/eesmn-in-muavinetlerin-kesilmesi-hesabina-qenaeti\/#article","isPartOf":{"@id":"https:\/\/www.meydan.tv\/az\/article\/eesmn-in-muavinetlerin-kesilmesi-hesabina-qenaeti\/"},"author":{"name":"elli","@id":"https:\/\/www.meydan.tv\/az\/#\/schema\/person\/9cdbecf90d17180ce1dfbd95b08dcf47"},"headline":"\u018f\u018fSMN-in m\u00fcavin\u0259tl\u0259rin k\u0259silm\u0259si hesab\u0131na q\u0259na\u0259ti","datePublished":"2023-04-04T14:45:17+00:00","dateModified":"2023-04-04T16:32:23+00:00","mainEntityOfPage":{"@id":"https:\/\/www.meydan.tv\/az\/article\/eesmn-in-muavinetlerin-kesilmesi-hesabina-qenaeti\/"},"wordCount":1100,"publisher":{"@id":"https:\/\/www.meydan.tv\/az\/#organization"},"image":{"@id":"https:\/\/www.meydan.tv\/az\/article\/eesmn-in-muavinetlerin-kesilmesi-hesabina-qenaeti\/#primaryimage"},"thumbnailUrl":"https:\/\/www.meydan.tv\/wp-content\/uploads\/d02c4ac5-0de1-43ad-b5f6-f77d4f063c2d.png","articleSection":["B\u00f6lg\u0259","Redaktor se\u00e7imi","X\u0259b\u0259rl\u0259r"],"inLanguage":"az"},{"@type":"WebPage","@id":"https:\/\/www.meydan.tv\/az\/article\/eesmn-in-muavinetlerin-kesilmesi-hesabina-qenaeti\/","url":"https:\/\/www.meydan.tv\/az\/article\/eesmn-in-muavinetlerin-kesilmesi-hesabina-qenaeti\/","name":"\u018f\u018fSMN-in m\u00fcavin\u0259tl\u0259rin k\u0259silm\u0259si hesab\u0131na q\u0259na\u0259ti - MEYDAN.TV","isPartOf":{"@id":"https:\/\/www.meydan.tv\/az\/#website"},"primaryImageOfPage":{"@id":"https:\/\/www.meydan.tv\/az\/article\/eesmn-in-muavinetlerin-kesilmesi-hesabina-qenaeti\/#primaryimage"},"image":{"@id":"https:\/\/www.meydan.tv\/az\/article\/eesmn-in-muavinetlerin-kesilmesi-hesabina-qenaeti\/#primaryimage"},"thumbnailUrl":"https:\/\/www.meydan.tv\/wp-content\/uploads\/d02c4ac5-0de1-43ad-b5f6-f77d4f063c2d.png","datePublished":"2023-04-04T14:45:17+00:00","dateModified":"2023-04-04T16:32:23+00:00","breadcrumb":{"@id":"https:\/\/www.meydan.tv\/az\/article\/eesmn-in-muavinetlerin-kesilmesi-hesabina-qenaeti\/#breadcrumb"},"inLanguage":"az","potentialAction":[{"@type":"ReadAction","target":["https:\/\/www.meydan.tv\/az\/article\/eesmn-in-muavinetlerin-kesilmesi-hesabina-qenaeti\/"]}]},{"@type":"ImageObject","inLanguage":"az","@id":"https:\/\/www.meydan.tv\/az\/article\/eesmn-in-muavinetlerin-kesilmesi-hesabina-qenaeti\/#primaryimage","url":"https:\/\/www.meydan.tv\/wp-content\/uploads\/d02c4ac5-0de1-43ad-b5f6-f77d4f063c2d.png","contentUrl":"https:\/\/www.meydan.tv\/wp-content\/uploads\/d02c4ac5-0de1-43ad-b5f6-f77d4f063c2d.png","width":1500,"height":1000,"caption":"Foto: Meydan TV"},{"@type":"BreadcrumbList","@id":"https:\/\/www.meydan.tv\/az\/article\/eesmn-in-muavinetlerin-kesilmesi-hesabina-qenaeti\/#breadcrumb","itemListElement":[{"@type":"ListItem","position":1,"name":"Ana s\u0259hif\u0259","item":"https:\/\/www.meydan.tv\/az\/"},{"@type":"ListItem","position":2,"name":"B\u00f6lg\u0259","item":"https:\/\/www.meydan.tv\/az\/section\/bolge\/"},{"@type":"ListItem","position":3,"name":"\u018f\u018fSMN-in m\u00fcavin\u0259tl\u0259rin k\u0259silm\u0259si hesab\u0131na q\u0259na\u0259ti"}]},{"@type":"WebSite","@id":"https:\/\/www.meydan.tv\/az\/#website","url":"https:\/\/www.meydan.tv\/az\/","name":"MEYDAN.TV","description":"Meydan TV Az\u0259rbaycan\u0131n media m\u0259kan\u0131ndak\u0131 alternativ s\u0259sidir","publisher":{"@id":"https:\/\/www.meydan.tv\/az\/#organization"},"potentialAction":[{"@type":"SearchAction","target":{"@type":"EntryPoint","urlTemplate":"https:\/\/www.meydan.tv\/az\/?s={search_term_string}"},"query-input":{"@type":"PropertyValueSpecification","valueRequired":true,"valueName":"search_term_string"}}],"inLanguage":"az"},{"@type":"Organization","@id":"https:\/\/www.meydan.tv\/az\/#organization","name":"Meydan TV","url":"https:\/\/www.meydan.tv\/az\/","logo":{"@type":"ImageObject","inLanguage":"az","@id":"https:\/\/www.meydan.tv\/az\/#\/schema\/logo\/image\/","url":"https:\/\/www.meydan.tv\/wp-content\/uploads\/2021\/07\/meydan-logo.svg","contentUrl":"https:\/\/www.meydan.tv\/wp-content\/uploads\/2021\/07\/meydan-logo.svg","width":195,"height":46,"caption":"Meydan TV"},"image":{"@id":"https:\/\/www.meydan.tv\/az\/#\/schema\/logo\/image\/"}},{"@type":"Person","@id":"https:\/\/www.meydan.tv\/az\/#\/schema\/person\/9cdbecf90d17180ce1dfbd95b08dcf47","name":"elli","sameAs":["https:\/\/x.com\/elli"]}]}},"_links":{"self":[{"href":"https:\/\/www.meydan.tv\/az\/wp-json\/wp\/v2\/posts\/272103","targetHints":{"allow":["GET"]}}],"collection":[{"href":"https:\/\/www.meydan.tv\/az\/wp-json\/wp\/v2\/posts"}],"about":[{"href":"https:\/\/www.meydan.tv\/az\/wp-json\/wp\/v2\/types\/post"}],"author":[{"embeddable":true,"href":"https:\/\/www.meydan.tv\/az\/wp-json\/wp\/v2\/users\/8"}],"replies":[{"embeddable":true,"href":"https:\/\/www.meydan.tv\/az\/wp-json\/wp\/v2\/comments?post=272103"}],"version-history":[{"count":2,"href":"https:\/\/www.meydan.tv\/az\/wp-json\/wp\/v2\/posts\/272103\/revisions"}],"predecessor-version":[{"id":272106,"href":"https:\/\/www.meydan.tv\/az\/wp-json\/wp\/v2\/posts\/272103\/revisions\/272106"}],"wp:featuredmedia":[{"embeddable":true,"href":"https:\/\/www.meydan.tv\/az\/wp-json\/wp\/v2\/media\/129475"}],"wp:attachment":[{"href":"https:\/\/www.meydan.tv\/az\/wp-json\/wp\/v2\/media?parent=272103"}],"wp:term":[{"taxonomy":"category","embeddable":true,"href":"https:\/\/www.meydan.tv\/az\/wp-json\/wp\/v2\/categories?post=272103"},{"taxonomy":"post_tag","embeddable":true,"href":"https:\/\/www.meydan.tv\/az\/wp-json\/wp\/v2\/tags?post=272103"}],"curies":[{"name":"wp","href":"https:\/\/api.w.org\/{rel}","templated":true}]}}