{"id":272029,"date":"2023-04-03T18:40:24","date_gmt":"2023-04-03T14:40:24","guid":{"rendered":"https:\/\/www.meydan.tv\/?p=272029"},"modified":"2023-04-03T18:40:34","modified_gmt":"2023-04-03T14:40:34","slug":"veteran-statusu-ala-bilmeyen-doyuscu-prezidente-yazmisam-cavab-yoxdur","status":"publish","type":"post","link":"https:\/\/www.meydan.tv\/az\/article\/veteran-statusu-ala-bilmeyen-doyuscu-prezidente-yazmisam-cavab-yoxdur\/","title":{"rendered":"Veteran statusu ala bilm\u0259y\u0259n d\u00f6y\u00fc\u015f\u00e7\u00fc: &#8220;Prezident\u0259 yazm\u0131\u015fam, cavab yoxdur&#8221;"},"content":{"rendered":"\n<p><\/p>\n\n\n\n<p><strong><em>Nicat Cabbarov ayr\u0131-se\u00e7kilikl\u0259 \u00fczl\u0259\u015fdiyini iddia edir<\/em><\/strong><\/p>\n\n\n\n<p>A\u011fdam\u0131n Birinci D\u00f6rdyol q\u0259s\u0259b\u0259 sakini, \u0130kinci Qaraba\u011f m\u00fcharib\u0259sind\u0259 i\u015ftirak etmi\u015f 1998-ci il t\u0259v\u0259ll\u00fcdl\u00fc Nicat \u018fli o\u011flu Cabbarov veteran statusu ala bilm\u0259diyini deyir.<\/p>\n\n\n\n<p>O, Meydan TV-y\u0259 deyir ki, 2020-ci ilinin iyununda h\u0259rbi xidm\u0259t\u0259 yollan\u0131b:<\/p>\n\n\n\n<p>\u201c<em>\u018fsg\u0259rliy\u0259 ged\u0259nd\u0259n iki ay sonra &#8211; sentyabrda m\u00fcharib\u0259 ba\u015flad\u0131. M\u0259ni d\u0259 d\u00f6y\u00fc\u015f\u0259 g\u00f6nd\u0259rdil\u0259r. F\u00fczuli, C\u0259bray\u0131l, \u015eu\u015fa u\u011frunda ged\u0259n d\u00f6y\u00fc\u015fl\u0259rd\u0259 i\u015ftirak etmi\u015f\u0259m, medallar\u0131m var. D\u00f6y\u00fc\u015fl\u0259rd\u0259 i\u015ftirak\u0131mla ba\u011fl\u0131 h\u0259rbi biletim\u0259 d\u0259 yaz\u0131l\u0131b\u201d.<\/em><\/p>\n\n\n\n<p>Ke\u00e7mi\u015f d\u00f6y\u00fc\u015f\u00e7\u00fc s\u00f6yl\u0259yir ki, ona veteranl\u0131q verilm\u0259yib v\u0259 \u0259sasl\u0131 s\u0259b\u0259b d\u0259 g\u00f6st\u0259rilm\u0259yib:<\/p>\n\n\n\n<p><em>\u201cD\u00f6y\u00fc\u015fl\u0259rd\u0259 i\u015ftirak etmi\u015f\u0259m, yaralanmasam da, \u0259n az\u0131ndan veteran statusum olmal\u0131 idi. Prezident \u0130lham \u018fliyev 2021-ci ild\u0259 \u201cM\u00fcharib\u0259 veteran\u0131\u201d statusunun verilm\u0259si il\u0259 \u0259laq\u0259dar S\u0259r\u0259ncam imzalad\u0131. M\u0259nd\u0259n ba\u015fqa az qala, ham\u0131ya veteranl\u0131q verildi\u201d.<\/em><\/p>\n\n\n\n<figure class=\"wp-block-image size-full\"><img decoding=\"async\" width=\"1200\" height=\"800\" data-src=\"https:\/\/www.meydan.tv\/wp-content\/uploads\/untitled-design-2-88.jpg\" alt=\"\" class=\"wp-image-272017 lazyload\" src=\"data:image\/svg+xml;base64,PHN2ZyB3aWR0aD0iMSIgaGVpZ2h0PSIxIiB4bWxucz0iaHR0cDovL3d3dy53My5vcmcvMjAwMC9zdmciPjwvc3ZnPg==\" style=\"--smush-placeholder-width: 1200px; --smush-placeholder-aspect-ratio: 1200\/800;\" \/><\/figure>\n\n\n\n<p><strong><em>&#8220;<\/em>Prezident v\u0259 Birinci vitse-prezident\u0259 \u00fc\u00e7 d\u0259f\u0259 yazm\u0131\u015fam, cavab almam\u0131\u015fam&#8221;<\/strong><\/p>\n\n\n\n<p>Nicat Cabbarov deyir ki, burada ayr\u0131-se\u00e7kilik var, \u00e7\u00fcnki veteranl\u0131q almas\u0131 il\u0259 \u0259laq\u0259dar b\u00fct\u00fcn aidiyy\u0259ti qurumlara m\u00fcraci\u0259tl\u0259r edib. Amma h\u0259r d\u0259f\u0259 ona g\u00f6zl\u0259m\u0259k t\u00f6vsiy\u0259 olunub:<\/p>\n\n\n\n<p>\u201c<em>Prezidientin s\u0259r\u0259ncam\u0131ndan sonra bir ne\u00e7\u0259 ay g\u00f6zl\u0259dim. S\u0259s-soraq \u00e7\u0131xmad\u0131\u011f\u0131n\u0131 g\u00f6r\u00fcb, 2022-ci ilin may\u0131ndan etibar\u0259n b\u00fct\u00fcn d\u00f6vl\u0259t qurumlar\u0131na m\u00fcraci\u0259t etm\u0259y\u0259 ba\u015flad\u0131m. \u0130lkin olaraq Ombudsman Aparat\u0131na elektron m\u00fcraci\u0259t etdim. Oradan cavab g\u0259ldi ki, m\u00fcraci\u0259tiniz M\u00fcdafi\u0259 Nazirliyin\u0259 y\u00f6nl\u0259ndirilib&#8221;.<\/em><\/p>\n\n\n\n<p><em>&#8220;M\u00fcdafi\u0259 Nazirliyind\u0259n is\u0259 cavab g\u0259ldi ki, xidm\u0259t g\u00f6st\u0259rdiyiniz h\u0259rbi hiss\u0259y\u0259 y\u00f6nl\u0259ndirilib. H\u0259rbi hiss\u0259nin d\u0259 cavab\u0131 bu oldu ki, i\u015finiz\u0259 bax\u0131lacaq. H\u0259l\u0259 d\u0259 g\u00f6zl\u0259yir\u0259m, he\u00e7 bir n\u0259tic\u0259 yoxdur. Prezident v\u0259 Birinci vitse-prezident\u0259 \u00fc\u00e7 d\u0259f\u0259 yazm\u0131\u015fam, he\u00e7 birind\u0259n cavab almam\u0131\u015fam. Respublika H\u0259rbi v\u0259 Ba\u015f Prokurorluqlar\u0131na da yazm\u0131\u015fam. M\u0259s\u0259l\u0259m\u0259 bax\u0131lm\u0131r\u201d,<\/em> &#8211; dey\u0259 o bildirib.<\/p>\n\n\n\n<p>Meydan TV-nin v\u0259t\u0259nda\u015f\u0131n m\u00fcraci\u0259ti \u0259sas\u0131nda M\u00fcdafi\u0259 Nazirliyin\u0259 sor\u011fu g\u00f6nd\u0259rilib.<\/p>\n\n\n\n<p>Sor\u011fuya cavab olaraq bildirilib ki, Nicat Cabbarovun s\u0259n\u0259dl\u0259ri M\u00fcdafi\u0259 Nazirliyinin Veteranlar komissiyas\u0131ndan ke\u00e7ib.<\/p>\n\n\n\n<p>\u201cN\u00f6vb\u0259li \u015f\u0259kild\u0259 raz\u0131la\u015fd\u0131r\u0131lmas\u0131 \u00fc\u00e7\u00fcn Nazirl\u0259r Kabinetin\u0259 gond\u0259ril\u0259c\u0259k\u201d, &#8211; qurumun m\u0259tbuat xidm\u0259tind\u0259n bildirilib.<\/p>\n\n\n\n<figure class=\"wp-block-image size-full\"><img decoding=\"async\" width=\"1200\" height=\"800\" data-src=\"https:\/\/www.meydan.tv\/wp-content\/uploads\/untitled-design-1-67.jpg\" alt=\"\" class=\"wp-image-272014 lazyload\" src=\"data:image\/svg+xml;base64,PHN2ZyB3aWR0aD0iMSIgaGVpZ2h0PSIxIiB4bWxucz0iaHR0cDovL3d3dy53My5vcmcvMjAwMC9zdmciPjwvc3ZnPg==\" style=\"--smush-placeholder-width: 1200px; --smush-placeholder-aspect-ratio: 1200\/800;\" \/><\/figure>\n\n\n\n<p><strong>Kiml\u0259r m\u00fcharib\u0259 veteran\u0131 hesab edilir?<\/strong><\/p>\n\n\n\n<p>Birinci Qaraba\u011f m\u00fcharib\u0259sind\u0259n sonra Az\u0259rbaycanda veteran statusu il\u0259 ba\u011fl\u0131 naraz\u0131l\u0131q v\u0259 \u015fikay\u0259tl\u0259r olub.<\/p>\n\n\n\n<p>\u0130ll\u0259rdir ki, m\u00fcharib\u0259d\u0259 i\u015ftirak edib, m\u00fcxt\u0259lif b\u0259d\u0259n x\u0259sar\u0259ti alan onlarla d\u00f6y\u00fc\u015f\u00e7\u00fc h\u0259l\u0259 d\u0259 veteran statusu ala bilm\u0259m\u0259kd\u0259n \u015fikay\u0259tl\u0259nirl\u0259r.<\/p>\n\n\n\n<p>\u0130kinci Qaraba\u011f m\u00fcharib\u0259sind\u0259n sonra problem yenid\u0259n g\u00fcnd\u0259m\u0259 g\u0259lib.<\/p>\n\n\n\n<p>\u201cVeteranlar haqq\u0131nda\u201d Qanunda g\u00f6st\u0259rilir ki, 1994-c\u00fc il may\u0131n 12-d\u0259k Az\u0259rbaycan\u0131n \u0259razi b\u00fct\u00f6vl\u00fcy\u00fc u\u011frunda apar\u0131lan d\u00f6y\u00fc\u015f \u0259m\u0259liyyatlar\u0131nda i\u015ftirak ed\u0259n b\u00fct\u00fcn i\u015ftirak\u00e7\u0131lar v\u0259 1994-c\u00fc il 12 may tarixind\u0259n sonra d\u00f6y\u00fc\u015f \u0259razisind\u0259 h\u0259rbi xidm\u0259t ke\u00e7\u0259rk\u0259n, yaxud d\u00f6y\u00fc\u015f tap\u015f\u0131r\u0131\u011f\u0131n\u0131n yerin\u0259 yetirilm\u0259si il\u0259 ba\u011fl\u0131 ezamiyy\u0259tl\u0259rd\u0259 olark\u0259n, bilavasit\u0259 d\u00f6y\u00fc\u015f \u0259m\u0259liyyatlar\u0131nda i\u015ftirak ed\u0259n v\u0259 h\u0259min d\u00f6y\u00fc\u015f \u0259m\u0259liyyatlar\u0131 il\u0259 \u0259laq\u0259dar x\u0259sar\u0259t (yaralanma, travma, kontuziya) alm\u0131\u015f h\u0259rbi qulluq\u00e7ular m\u00fcharib\u0259 veteran\u0131 hesab <a href=\"https:\/\/e-qanun.az\/framework\/8964\" target=\"_blank\" rel=\"noreferrer noopener\">edilirl\u0259r.<\/a><\/p>\n\n\n\n<p>Prezident \u0130lham \u018fliyev 2021-ci ild\u0259 \u201cAz\u0259rbaycan Respublikas\u0131n\u0131n \u0259razi b\u00fct\u00f6vl\u00fcy\u00fc u\u011frunda d\u00f6y\u00fc\u015f \u0259m\u0259liyyatlar\u0131nda i\u015ftirak etmi\u015f \u015f\u0259xsl\u0259r\u0259 \u201cM\u00fcharib\u0259 veteran\u0131\u201d ad\u0131n\u0131n verilm\u0259si il\u0259 ba\u011fl\u0131 t\u0259dbirl\u0259r haqq\u0131nda\u201d S\u0259r\u0259ncam <a href=\"https:\/\/e-qanun.az\/framework\/48781\" target=\"_blank\" rel=\"noreferrer noopener\">imzalay\u0131b.<\/a><\/p>\n\n\n\n<p>S\u0259r\u0259ncamda 2020-ci il sentyabr\u0131n 27-d\u0259n noyabr\u0131n 10-d\u0259k olan d\u00f6vrd\u0259 Az\u0259rbaycan\u0131n \u0259razi b\u00fct\u00f6vl\u00fcy\u00fc u\u011frunda d\u00f6y\u00fc\u015f \u0259m\u0259liyyatlar\u0131nda i\u015ftirak etmi\u015f \u015f\u0259xsl\u0259r\u0259 \u201cM\u00fcharib\u0259 veteran\u0131\u201d ad\u0131n\u0131n v\u0259 \u201cAz\u0259rbaycan Respublikas\u0131n\u0131n m\u00fcharib\u0259 veteran\u0131\u201d v\u0259siq\u0259sinin verilm\u0259si qeyd olunub.<\/p>\n\n\n\n<p>Bundan ba\u015fqa, \u201cM\u00fcharib\u0259 veteranlar\u0131na Az\u0259rbaycan Respublikas\u0131 Prezidentinin t\u0259qa\u00fcd\u00fc\u201dn\u00fcn t\u0259yin edilm\u0259si d\u0259 n\u0259z\u0259rd\u0259 tutulub.<\/p>\n\n\n\n<p>Q\u0259rar 2022-ci ilin yanvar\u0131n 1-d\u0259n q\u00fcvv\u0259y\u0259 minib.<\/p>\n\n\n\n<p>Veteranl\u0131q statusunu alanlara 80 manat m\u00fcavin\u0259t verilir.<\/p>\n\n\n\n<p><strong>&#8220;Veteran statusu d\u00f6y\u00fc\u015fl\u0259rd\u0259 birba\u015fa i\u015ftirak ed\u0259nl\u0259r\u0259 verilir&#8221;<\/strong><\/p>\n\n\n\n<p>H\u0259rbi ekspert \u0130brahim R\u00fcst\u0259mli Meydan TV-y\u0259 deyir ki, veteran statusu yaln\u0131z d\u00f6y\u00fc\u015fl\u0259rd\u0259 birba\u015fa i\u015ftirak ed\u0259nl\u0259r\u0259 verilir:<\/p>\n\n\n\n<p><em>\u201cAz\u0259rbaycan\u0131n \u0259razi b\u00fct\u00f6vl\u00fcy\u00fc u\u011frunda ged\u0259n d\u00f6y\u00fc\u015fl\u0259rd\u0259 i\u015ftirak etmi\u015f b\u00fct\u00fcn \u015f\u0259xsl\u0259r m\u00fcharib\u0259 veteran\u0131 v\u0259siq\u0259si il\u0259 t\u0259min olunurlar. M\u00fcharib\u0259 zaman\u0131 m\u00fcxt\u0259lif e\u015felonlar olub. M\u0259s\u0259l\u0259n, birinci e\u015felonlardak\u0131lar m\u00f6vqel\u0259ri azad edibl\u0259r. N\u00f6vb\u0259ti g\u0259l\u0259nl\u0259r is\u0259 m\u00fchafiz\u0259 e\u015felonu olub, \u0259raziy\u0259 n\u0259zar\u0259t edibl\u0259r. Y\u0259ni onlar top-t\u00fcf\u0259ng s\u0259si e\u015fitm\u0259yibl\u0259r. Yaxud da uzaqdan e\u015fidibl\u0259r, onlar\u0131n \u0259razil\u0259rin\u0259 m\u0259rmi d\u00fc\u015fm\u0259yib&#8221;.<\/em><\/p>\n\n\n\n<figure class=\"wp-block-image size-full\"><img decoding=\"async\" width=\"835\" height=\"479\" data-src=\"https:\/\/www.meydan.tv\/wp-content\/uploads\/ibrahim-rustem.jpg\" alt=\"\" class=\"wp-image-272031 lazyload\" src=\"data:image\/svg+xml;base64,PHN2ZyB3aWR0aD0iMSIgaGVpZ2h0PSIxIiB4bWxucz0iaHR0cDovL3d3dy53My5vcmcvMjAwMC9zdmciPjwvc3ZnPg==\" style=\"--smush-placeholder-width: 835px; --smush-placeholder-aspect-ratio: 835\/479;\" \/><figcaption class=\"wp-element-caption\">\u0130brahim R\u00fcst\u0259mli. Foto: &#8220;visiontv.az&#8221;<\/figcaption><\/figure>\n\n\n\n<p><em>&#8220;D\u00f6y\u00fc\u015fd\u0259 birba\u015fa i\u015ftirak etm\u0259y\u0259n adama m\u00fcharib\u0259 veteran\u0131 v\u0259siq\u0259si verilmir. Birm\u0259nal\u0131 \u015f\u0259kild\u0259 d\u00f6y\u00fc\u015fd\u0259 i\u015ftirak edib, amma yaralanmayan b\u00fct\u00fcn \u015f\u0259xsi hey\u0259t m\u00fcharib\u0259 veteran\u0131 v\u0259siq\u0259si almal\u0131d\u0131r\u201d, <\/em>&#8211; dey\u0259 ekspert qeyd edib.<\/p>\n\n\n\n<p><strong>&#8220;D\u00fc\u015f\u00fcn\u00fcr\u00fck ki, bu, \u0259dal\u0259tsizlikdir, haqs\u0131zl\u0131qd\u0131r&#8221;<\/strong><\/p>\n\n\n\n<p>\u201cQaraba\u011f qazil\u0259ri\u201d \u0130ctimai Birliyinin m\u0259tbuat xidm\u0259tinin r\u0259hb\u0259ri Rey K\u0259rimo\u011flu is\u0259 hesab edir ki, \u0130kinci Qaraba\u011f m\u00fcharib\u0259sind\u0259 c\u00fczi xidm\u0259tl\u0259ri olan h\u0259r bir v\u0259t\u0259nda\u015fa veteran statusu verilm\u0259lidir:<\/p>\n\n\n\n<p><em>\u201cVeteran statusunun verilm\u0259si il\u0259 \u0259laq\u0259dar yeni qaydalar \u0130kinci Qaraba\u011f m\u00fcharib\u0259sind\u0259 i\u015ftirak ed\u0259nl\u0259r\u0259 medallar veril\u0259nd\u0259n sonra m\u00fc\u0259yy\u0259nl\u0259\u015fdi. Bu qaydalara \u0259sas\u0259n d\u0259, ist\u0259r m\u00fcxt\u0259lif regionlarda, ist\u0259rs\u0259 d\u0259 m\u00fcharib\u0259 \u0259razisind\u0259 toplan\u0131\u015fda olan adamlara veteran statusu \u015famil edilmir. Adamlar Az\u0259rbaycan\u0131n m\u00fcxt\u0259lif regionlar\u0131nda \u00e7a\u011f\u0131r\u0131\u015fa g\u0259lirdil\u0259r. Toplan\u0131\u015f m\u0259nt\u0259q\u0259l\u0259rind\u0259 m\u00fcxt\u0259lif h\u0259rbi hiss\u0259l\u0259rd\u0259 t\u0259lim ke\u00e7irdil\u0259r, haz\u0131rl\u0131q g\u00f6r\u00fcrd\u00fcl\u0259r. Sonra onlar\u0131 c\u0259bh\u0259y\u0259, d\u00f6y\u00fc\u015f\u0259 apar\u0131rd\u0131lar&#8221;.<\/em><\/p>\n\n\n\n<p><em>&#8220;Adamlar var ki, \u00e7a\u011f\u0131r\u0131\u015fla g\u0259lib, toplan\u0131\u015fda i\u015ftirak edib, d\u00f6y\u00fc\u015f\u0259 burax\u0131lmay\u0131blar. Bu adamlar\u0131n \u00e7oxu naraz\u0131d\u0131r. Toplan\u0131\u015f\u0131n el\u0259si var, birba\u015fa d\u00f6y\u00fc\u015f \u0259razisi olub. Onlar da vurula, \u015f\u0259hid ola bil\u0259rdi. Bu m\u0259qam n\u0259z\u0259rd\u0259n qa\u00e7\u0131r\u0131l\u0131b. Toplan\u0131\u015fda olanlar\u0131n \u0259ks\u0259riyy\u0259ti sanitar kimi f\u0259aliyy\u0259t g\u00f6st\u0259rib. Yaral\u0131lar\u0131n v\u0259 h\u0259lak olanlar\u0131n n\u0259\u015finin \u00e7\u0131xar\u0131lmas\u0131nda i\u015ftirak edibl\u0259r. D\u00fc\u015fm\u0259nin m\u0259rmil\u0259rinin at\u0259\u015fi alt\u0131nda olub. Amma bu g\u00fcn onlar\u0131n adlar\u0131 \u0259mrd\u0259 yoxdur. Onlara veteranl\u0131q verilmir. D\u00fc\u015f\u00fcn\u00fcr\u00fck ki, bu, \u0259dal\u0259tsizlikdir, haqs\u0131zl\u0131qd\u0131r&#8221;,<\/em> &#8211; Rey K\u0259rimo\u011flu bel\u0259 deyir.<\/p>\n\n\n\n<figure class=\"wp-block-image size-large\"><img decoding=\"async\" width=\"1006\" height=\"821\" data-src=\"https:\/\/www.meydan.tv\/wp-content\/uploads\/reyjpg-1628244569-1006x821.jpg\" alt=\"\" class=\"wp-image-247251 lazyload\" src=\"data:image\/svg+xml;base64,PHN2ZyB3aWR0aD0iMSIgaGVpZ2h0PSIxIiB4bWxucz0iaHR0cDovL3d3dy53My5vcmcvMjAwMC9zdmciPjwvc3ZnPg==\" style=\"--smush-placeholder-width: 1006px; --smush-placeholder-aspect-ratio: 1006\/821;\" \/><figcaption class=\"wp-element-caption\">Rey K\u0259rimo\u011flu. Foto: &#8220;adalet.az&#8221;<\/figcaption><\/figure>\n\n\n\n<p>Rey K\u0259rimo\u011flu hesab edir ki, veteran statusunun verilm\u0259si qaydalar\u0131na yenid\u0259n bax\u0131lmal\u0131, d\u0259yi\u015fiklik edilm\u0259lidir: <em>\u201cM\u00fcvafiq qurumlara kifay\u0259t q\u0259d\u0259r m\u0259lumatlar verilib. D\u00f6vl\u0259tin h\u0259rbi strukturlar\u0131, m\u0259suliyy\u0259tli \u015f\u0259xsl\u0259ri bilirl\u0259r. T\u0259\u0259ss\u00fcf ki, h\u0259l\u0259lik m\u0259s\u0259l\u0259 h\u0259ll edilm\u0259mi\u015f olaraq qal\u0131r\u201d.<\/em><\/p>\n\n\n\n<p>\u201c<em>H\u0259rbi hiss\u0259 deyir ki, filank\u0259s d\u00f6y\u00fc\u015fd\u0259 olmay\u0131b. Amma baxrsan ki, h\u0259rbi hiss\u0259d\u0259n iki y\u00fcz adama s\u00fcca\u0259t medal\u0131 verilib. B\u0259s yax\u015f\u0131, bu nec\u0259 i\u015ftirak etm\u0259yib ki, medal\u0131 vermisiniz? \u018fvv\u0259ld\u0259n deyildiyi kimi g\u00f6r\u00fcn\u00fcr, hardasa, qanunsuzluq, saxtakarl\u0131q da olub. H\u0259qiq\u0259t\u0259n, d\u00f6y\u00fc\u015f\u0259nl\u0259rin bir qismi k\u0259narda qald\u0131. M\u00fcharib\u0259d\u0259 el\u0259 d\u0259 i\u015ftirak etm\u0259y\u0259n adamlata medal, ordenl\u0259rin qanunsuz yollarla verilm\u0259si oldu. Bunlar\u0131n ham\u0131s\u0131 aradan qald\u0131r\u0131lmal\u0131d\u0131r\u201d, <\/em>&#8211; o bildirib.<\/p>\n","protected":false},"excerpt":{"rendered":"<p>Nicat Cabbarov ayr\u0131-se\u00e7kilikl\u0259 \u00fczl\u0259\u015fdiyini iddia edir A\u011fdam\u0131n Birinci D\u00f6rdyol q\u0259s\u0259b\u0259 &#8230; <\/p>\n<p class=\"read-more-container\"><a title=\"Veteran statusu ala bilm\u0259y\u0259n d\u00f6y\u00fc\u015f\u00e7\u00fc: &#8220;Prezident\u0259 yazm\u0131\u015fam, cavab yoxdur&#8221;\" class=\"read-more button\" href=\"https:\/\/www.meydan.tv\/az\/article\/veteran-statusu-ala-bilmeyen-doyuscu-prezidente-yazmisam-cavab-yoxdur\/#more-272029\" aria-label=\"Read more about Veteran statusu ala bilm\u0259y\u0259n d\u00f6y\u00fc\u015f\u00e7\u00fc: &#8220;Prezident\u0259 yazm\u0131\u015fam, cavab yoxdur&#8221;\">Davam\u0131<\/a><\/p>\n","protected":false},"author":8,"featured_media":272020,"comment_status":"closed","ping_status":"closed","sticky":false,"template":"","format":"standard","meta":{"_acf_changed":false,"_sitemap_exclude":false,"_sitemap_priority":"","_sitemap_frequency":"","footnotes":""},"categories":[60,56],"tags":[],"class_list":["post-272029","post","type-post","status-publish","format-standard","has-post-thumbnail","hentry","category-bolge","category-xeberler","infinite-scroll-item","generate-columns","tablet-grid-50","mobile-grid-100","grid-parent","grid-33","no-featured-image-padding"],"acf":[],"yoast_head":"<!-- This site is optimized with the Yoast SEO plugin v27.5 - https:\/\/yoast.com\/product\/yoast-seo-wordpress\/ -->\n<title>Veteran statusu ala bilm\u0259y\u0259n d\u00f6y\u00fc\u015f\u00e7\u00fc: &quot;Prezident\u0259 yazm\u0131\u015fam, cavab yoxdur&quot; - MEYDAN.TV<\/title>\n<meta name=\"robots\" content=\"index, follow, max-snippet:-1, max-image-preview:large, max-video-preview:-1\" \/>\n<link rel=\"canonical\" href=\"https:\/\/www.meydan.tv\/az\/article\/veteran-statusu-ala-bilmeyen-doyuscu-prezidente-yazmisam-cavab-yoxdur\/\" \/>\n<meta property=\"og:locale\" content=\"az_AZ\" \/>\n<meta property=\"og:type\" content=\"article\" \/>\n<meta property=\"og:title\" content=\"Veteran statusu ala bilm\u0259y\u0259n d\u00f6y\u00fc\u015f\u00e7\u00fc: &quot;Prezident\u0259 yazm\u0131\u015fam, cavab yoxdur&quot; - MEYDAN.TV\" \/>\n<meta property=\"og:description\" content=\"Nicat Cabbarov ayr\u0131-se\u00e7kilikl\u0259 \u00fczl\u0259\u015fdiyini iddia edir A\u011fdam\u0131n Birinci D\u00f6rdyol q\u0259s\u0259b\u0259 ... Davam\u0131\" \/>\n<meta property=\"og:url\" content=\"https:\/\/www.meydan.tv\/az\/article\/veteran-statusu-ala-bilmeyen-doyuscu-prezidente-yazmisam-cavab-yoxdur\/\" \/>\n<meta property=\"og:site_name\" content=\"MEYDAN.TV\" \/>\n<meta property=\"article:published_time\" content=\"2023-04-03T14:40:24+00:00\" \/>\n<meta property=\"article:modified_time\" content=\"2023-04-03T14:40:34+00:00\" \/>\n<meta property=\"og:image\" content=\"https:\/\/www.meydan.tv\/wp-content\/uploads\/untitled-design-3-71.jpg\" \/>\n\t<meta property=\"og:image:width\" content=\"1200\" \/>\n\t<meta property=\"og:image:height\" content=\"800\" \/>\n\t<meta property=\"og:image:type\" content=\"image\/jpeg\" \/>\n<meta name=\"author\" content=\"elli\" \/>\n<meta name=\"twitter:card\" content=\"summary_large_image\" \/>\n<meta name=\"twitter:creator\" content=\"@elli\" \/>\n<script type=\"application\/ld+json\" class=\"yoast-schema-graph\">{\"@context\":\"https:\\\/\\\/schema.org\",\"@graph\":[{\"@type\":\"Article\",\"@id\":\"https:\\\/\\\/www.meydan.tv\\\/az\\\/article\\\/veteran-statusu-ala-bilmeyen-doyuscu-prezidente-yazmisam-cavab-yoxdur\\\/#article\",\"isPartOf\":{\"@id\":\"https:\\\/\\\/www.meydan.tv\\\/az\\\/article\\\/veteran-statusu-ala-bilmeyen-doyuscu-prezidente-yazmisam-cavab-yoxdur\\\/\"},\"author\":{\"name\":\"elli\",\"@id\":\"https:\\\/\\\/www.meydan.tv\\\/az\\\/#\\\/schema\\\/person\\\/9cdbecf90d17180ce1dfbd95b08dcf47\"},\"headline\":\"Veteran statusu ala bilm\u0259y\u0259n d\u00f6y\u00fc\u015f\u00e7\u00fc: &#8220;Prezident\u0259 yazm\u0131\u015fam, cavab yoxdur&#8221;\",\"datePublished\":\"2023-04-03T14:40:24+00:00\",\"dateModified\":\"2023-04-03T14:40:34+00:00\",\"mainEntityOfPage\":{\"@id\":\"https:\\\/\\\/www.meydan.tv\\\/az\\\/article\\\/veteran-statusu-ala-bilmeyen-doyuscu-prezidente-yazmisam-cavab-yoxdur\\\/\"},\"wordCount\":1467,\"publisher\":{\"@id\":\"https:\\\/\\\/www.meydan.tv\\\/az\\\/#organization\"},\"image\":{\"@id\":\"https:\\\/\\\/www.meydan.tv\\\/az\\\/article\\\/veteran-statusu-ala-bilmeyen-doyuscu-prezidente-yazmisam-cavab-yoxdur\\\/#primaryimage\"},\"thumbnailUrl\":\"https:\\\/\\\/www.meydan.tv\\\/wp-content\\\/uploads\\\/untitled-design-3-71.jpg\",\"articleSection\":[\"B\u00f6lg\u0259\",\"X\u0259b\u0259rl\u0259r\"],\"inLanguage\":\"az\"},{\"@type\":\"WebPage\",\"@id\":\"https:\\\/\\\/www.meydan.tv\\\/az\\\/article\\\/veteran-statusu-ala-bilmeyen-doyuscu-prezidente-yazmisam-cavab-yoxdur\\\/\",\"url\":\"https:\\\/\\\/www.meydan.tv\\\/az\\\/article\\\/veteran-statusu-ala-bilmeyen-doyuscu-prezidente-yazmisam-cavab-yoxdur\\\/\",\"name\":\"Veteran statusu ala bilm\u0259y\u0259n d\u00f6y\u00fc\u015f\u00e7\u00fc: \\\"Prezident\u0259 yazm\u0131\u015fam, cavab yoxdur\\\" - MEYDAN.TV\",\"isPartOf\":{\"@id\":\"https:\\\/\\\/www.meydan.tv\\\/az\\\/#website\"},\"primaryImageOfPage\":{\"@id\":\"https:\\\/\\\/www.meydan.tv\\\/az\\\/article\\\/veteran-statusu-ala-bilmeyen-doyuscu-prezidente-yazmisam-cavab-yoxdur\\\/#primaryimage\"},\"image\":{\"@id\":\"https:\\\/\\\/www.meydan.tv\\\/az\\\/article\\\/veteran-statusu-ala-bilmeyen-doyuscu-prezidente-yazmisam-cavab-yoxdur\\\/#primaryimage\"},\"thumbnailUrl\":\"https:\\\/\\\/www.meydan.tv\\\/wp-content\\\/uploads\\\/untitled-design-3-71.jpg\",\"datePublished\":\"2023-04-03T14:40:24+00:00\",\"dateModified\":\"2023-04-03T14:40:34+00:00\",\"breadcrumb\":{\"@id\":\"https:\\\/\\\/www.meydan.tv\\\/az\\\/article\\\/veteran-statusu-ala-bilmeyen-doyuscu-prezidente-yazmisam-cavab-yoxdur\\\/#breadcrumb\"},\"inLanguage\":\"az\",\"potentialAction\":[{\"@type\":\"ReadAction\",\"target\":[\"https:\\\/\\\/www.meydan.tv\\\/az\\\/article\\\/veteran-statusu-ala-bilmeyen-doyuscu-prezidente-yazmisam-cavab-yoxdur\\\/\"]}]},{\"@type\":\"ImageObject\",\"inLanguage\":\"az\",\"@id\":\"https:\\\/\\\/www.meydan.tv\\\/az\\\/article\\\/veteran-statusu-ala-bilmeyen-doyuscu-prezidente-yazmisam-cavab-yoxdur\\\/#primaryimage\",\"url\":\"https:\\\/\\\/www.meydan.tv\\\/wp-content\\\/uploads\\\/untitled-design-3-71.jpg\",\"contentUrl\":\"https:\\\/\\\/www.meydan.tv\\\/wp-content\\\/uploads\\\/untitled-design-3-71.jpg\",\"width\":1200,\"height\":800,\"caption\":\"Fotolar: Nicat Cabbarovun \u015f\u0259xsi arxivind\u0259n\"},{\"@type\":\"BreadcrumbList\",\"@id\":\"https:\\\/\\\/www.meydan.tv\\\/az\\\/article\\\/veteran-statusu-ala-bilmeyen-doyuscu-prezidente-yazmisam-cavab-yoxdur\\\/#breadcrumb\",\"itemListElement\":[{\"@type\":\"ListItem\",\"position\":1,\"name\":\"Ana s\u0259hif\u0259\",\"item\":\"https:\\\/\\\/www.meydan.tv\\\/az\\\/\"},{\"@type\":\"ListItem\",\"position\":2,\"name\":\"B\u00f6lg\u0259\",\"item\":\"https:\\\/\\\/www.meydan.tv\\\/az\\\/section\\\/bolge\\\/\"},{\"@type\":\"ListItem\",\"position\":3,\"name\":\"Veteran statusu ala bilm\u0259y\u0259n d\u00f6y\u00fc\u015f\u00e7\u00fc: &#8220;Prezident\u0259 yazm\u0131\u015fam, cavab yoxdur&#8221;\"}]},{\"@type\":\"WebSite\",\"@id\":\"https:\\\/\\\/www.meydan.tv\\\/az\\\/#website\",\"url\":\"https:\\\/\\\/www.meydan.tv\\\/az\\\/\",\"name\":\"MEYDAN.TV\",\"description\":\"Meydan TV Az\u0259rbaycan\u0131n media m\u0259kan\u0131ndak\u0131 alternativ s\u0259sidir\",\"publisher\":{\"@id\":\"https:\\\/\\\/www.meydan.tv\\\/az\\\/#organization\"},\"potentialAction\":[{\"@type\":\"SearchAction\",\"target\":{\"@type\":\"EntryPoint\",\"urlTemplate\":\"https:\\\/\\\/www.meydan.tv\\\/az\\\/?s={search_term_string}\"},\"query-input\":{\"@type\":\"PropertyValueSpecification\",\"valueRequired\":true,\"valueName\":\"search_term_string\"}}],\"inLanguage\":\"az\"},{\"@type\":\"Organization\",\"@id\":\"https:\\\/\\\/www.meydan.tv\\\/az\\\/#organization\",\"name\":\"Meydan TV\",\"url\":\"https:\\\/\\\/www.meydan.tv\\\/az\\\/\",\"logo\":{\"@type\":\"ImageObject\",\"inLanguage\":\"az\",\"@id\":\"https:\\\/\\\/www.meydan.tv\\\/az\\\/#\\\/schema\\\/logo\\\/image\\\/\",\"url\":\"https:\\\/\\\/www.meydan.tv\\\/wp-content\\\/uploads\\\/2021\\\/07\\\/meydan-logo.svg\",\"contentUrl\":\"https:\\\/\\\/www.meydan.tv\\\/wp-content\\\/uploads\\\/2021\\\/07\\\/meydan-logo.svg\",\"width\":195,\"height\":46,\"caption\":\"Meydan TV\"},\"image\":{\"@id\":\"https:\\\/\\\/www.meydan.tv\\\/az\\\/#\\\/schema\\\/logo\\\/image\\\/\"}},{\"@type\":\"Person\",\"@id\":\"https:\\\/\\\/www.meydan.tv\\\/az\\\/#\\\/schema\\\/person\\\/9cdbecf90d17180ce1dfbd95b08dcf47\",\"name\":\"elli\",\"sameAs\":[\"https:\\\/\\\/x.com\\\/elli\"]}]}<\/script>\n<!-- \/ Yoast SEO plugin. -->","yoast_head_json":{"title":"Veteran statusu ala bilm\u0259y\u0259n d\u00f6y\u00fc\u015f\u00e7\u00fc: \"Prezident\u0259 yazm\u0131\u015fam, cavab yoxdur\" - MEYDAN.TV","robots":{"index":"index","follow":"follow","max-snippet":"max-snippet:-1","max-image-preview":"max-image-preview:large","max-video-preview":"max-video-preview:-1"},"canonical":"https:\/\/www.meydan.tv\/az\/article\/veteran-statusu-ala-bilmeyen-doyuscu-prezidente-yazmisam-cavab-yoxdur\/","og_locale":"az_AZ","og_type":"article","og_title":"Veteran statusu ala bilm\u0259y\u0259n d\u00f6y\u00fc\u015f\u00e7\u00fc: \"Prezident\u0259 yazm\u0131\u015fam, cavab yoxdur\" - MEYDAN.TV","og_description":"Nicat Cabbarov ayr\u0131-se\u00e7kilikl\u0259 \u00fczl\u0259\u015fdiyini iddia edir A\u011fdam\u0131n Birinci D\u00f6rdyol q\u0259s\u0259b\u0259 ... Davam\u0131","og_url":"https:\/\/www.meydan.tv\/az\/article\/veteran-statusu-ala-bilmeyen-doyuscu-prezidente-yazmisam-cavab-yoxdur\/","og_site_name":"MEYDAN.TV","article_published_time":"2023-04-03T14:40:24+00:00","article_modified_time":"2023-04-03T14:40:34+00:00","og_image":[{"width":1200,"height":800,"url":"https:\/\/www.meydan.tv\/wp-content\/uploads\/untitled-design-3-71.jpg","type":"image\/jpeg"}],"author":"elli","twitter_card":"summary_large_image","twitter_creator":"@elli","schema":{"@context":"https:\/\/schema.org","@graph":[{"@type":"Article","@id":"https:\/\/www.meydan.tv\/az\/article\/veteran-statusu-ala-bilmeyen-doyuscu-prezidente-yazmisam-cavab-yoxdur\/#article","isPartOf":{"@id":"https:\/\/www.meydan.tv\/az\/article\/veteran-statusu-ala-bilmeyen-doyuscu-prezidente-yazmisam-cavab-yoxdur\/"},"author":{"name":"elli","@id":"https:\/\/www.meydan.tv\/az\/#\/schema\/person\/9cdbecf90d17180ce1dfbd95b08dcf47"},"headline":"Veteran statusu ala bilm\u0259y\u0259n d\u00f6y\u00fc\u015f\u00e7\u00fc: &#8220;Prezident\u0259 yazm\u0131\u015fam, cavab yoxdur&#8221;","datePublished":"2023-04-03T14:40:24+00:00","dateModified":"2023-04-03T14:40:34+00:00","mainEntityOfPage":{"@id":"https:\/\/www.meydan.tv\/az\/article\/veteran-statusu-ala-bilmeyen-doyuscu-prezidente-yazmisam-cavab-yoxdur\/"},"wordCount":1467,"publisher":{"@id":"https:\/\/www.meydan.tv\/az\/#organization"},"image":{"@id":"https:\/\/www.meydan.tv\/az\/article\/veteran-statusu-ala-bilmeyen-doyuscu-prezidente-yazmisam-cavab-yoxdur\/#primaryimage"},"thumbnailUrl":"https:\/\/www.meydan.tv\/wp-content\/uploads\/untitled-design-3-71.jpg","articleSection":["B\u00f6lg\u0259","X\u0259b\u0259rl\u0259r"],"inLanguage":"az"},{"@type":"WebPage","@id":"https:\/\/www.meydan.tv\/az\/article\/veteran-statusu-ala-bilmeyen-doyuscu-prezidente-yazmisam-cavab-yoxdur\/","url":"https:\/\/www.meydan.tv\/az\/article\/veteran-statusu-ala-bilmeyen-doyuscu-prezidente-yazmisam-cavab-yoxdur\/","name":"Veteran statusu ala bilm\u0259y\u0259n d\u00f6y\u00fc\u015f\u00e7\u00fc: \"Prezident\u0259 yazm\u0131\u015fam, cavab yoxdur\" - MEYDAN.TV","isPartOf":{"@id":"https:\/\/www.meydan.tv\/az\/#website"},"primaryImageOfPage":{"@id":"https:\/\/www.meydan.tv\/az\/article\/veteran-statusu-ala-bilmeyen-doyuscu-prezidente-yazmisam-cavab-yoxdur\/#primaryimage"},"image":{"@id":"https:\/\/www.meydan.tv\/az\/article\/veteran-statusu-ala-bilmeyen-doyuscu-prezidente-yazmisam-cavab-yoxdur\/#primaryimage"},"thumbnailUrl":"https:\/\/www.meydan.tv\/wp-content\/uploads\/untitled-design-3-71.jpg","datePublished":"2023-04-03T14:40:24+00:00","dateModified":"2023-04-03T14:40:34+00:00","breadcrumb":{"@id":"https:\/\/www.meydan.tv\/az\/article\/veteran-statusu-ala-bilmeyen-doyuscu-prezidente-yazmisam-cavab-yoxdur\/#breadcrumb"},"inLanguage":"az","potentialAction":[{"@type":"ReadAction","target":["https:\/\/www.meydan.tv\/az\/article\/veteran-statusu-ala-bilmeyen-doyuscu-prezidente-yazmisam-cavab-yoxdur\/"]}]},{"@type":"ImageObject","inLanguage":"az","@id":"https:\/\/www.meydan.tv\/az\/article\/veteran-statusu-ala-bilmeyen-doyuscu-prezidente-yazmisam-cavab-yoxdur\/#primaryimage","url":"https:\/\/www.meydan.tv\/wp-content\/uploads\/untitled-design-3-71.jpg","contentUrl":"https:\/\/www.meydan.tv\/wp-content\/uploads\/untitled-design-3-71.jpg","width":1200,"height":800,"caption":"Fotolar: Nicat Cabbarovun \u015f\u0259xsi arxivind\u0259n"},{"@type":"BreadcrumbList","@id":"https:\/\/www.meydan.tv\/az\/article\/veteran-statusu-ala-bilmeyen-doyuscu-prezidente-yazmisam-cavab-yoxdur\/#breadcrumb","itemListElement":[{"@type":"ListItem","position":1,"name":"Ana s\u0259hif\u0259","item":"https:\/\/www.meydan.tv\/az\/"},{"@type":"ListItem","position":2,"name":"B\u00f6lg\u0259","item":"https:\/\/www.meydan.tv\/az\/section\/bolge\/"},{"@type":"ListItem","position":3,"name":"Veteran statusu ala bilm\u0259y\u0259n d\u00f6y\u00fc\u015f\u00e7\u00fc: &#8220;Prezident\u0259 yazm\u0131\u015fam, cavab yoxdur&#8221;"}]},{"@type":"WebSite","@id":"https:\/\/www.meydan.tv\/az\/#website","url":"https:\/\/www.meydan.tv\/az\/","name":"MEYDAN.TV","description":"Meydan TV Az\u0259rbaycan\u0131n media m\u0259kan\u0131ndak\u0131 alternativ s\u0259sidir","publisher":{"@id":"https:\/\/www.meydan.tv\/az\/#organization"},"potentialAction":[{"@type":"SearchAction","target":{"@type":"EntryPoint","urlTemplate":"https:\/\/www.meydan.tv\/az\/?s={search_term_string}"},"query-input":{"@type":"PropertyValueSpecification","valueRequired":true,"valueName":"search_term_string"}}],"inLanguage":"az"},{"@type":"Organization","@id":"https:\/\/www.meydan.tv\/az\/#organization","name":"Meydan TV","url":"https:\/\/www.meydan.tv\/az\/","logo":{"@type":"ImageObject","inLanguage":"az","@id":"https:\/\/www.meydan.tv\/az\/#\/schema\/logo\/image\/","url":"https:\/\/www.meydan.tv\/wp-content\/uploads\/2021\/07\/meydan-logo.svg","contentUrl":"https:\/\/www.meydan.tv\/wp-content\/uploads\/2021\/07\/meydan-logo.svg","width":195,"height":46,"caption":"Meydan TV"},"image":{"@id":"https:\/\/www.meydan.tv\/az\/#\/schema\/logo\/image\/"}},{"@type":"Person","@id":"https:\/\/www.meydan.tv\/az\/#\/schema\/person\/9cdbecf90d17180ce1dfbd95b08dcf47","name":"elli","sameAs":["https:\/\/x.com\/elli"]}]}},"_links":{"self":[{"href":"https:\/\/www.meydan.tv\/az\/wp-json\/wp\/v2\/posts\/272029","targetHints":{"allow":["GET"]}}],"collection":[{"href":"https:\/\/www.meydan.tv\/az\/wp-json\/wp\/v2\/posts"}],"about":[{"href":"https:\/\/www.meydan.tv\/az\/wp-json\/wp\/v2\/types\/post"}],"author":[{"embeddable":true,"href":"https:\/\/www.meydan.tv\/az\/wp-json\/wp\/v2\/users\/8"}],"replies":[{"embeddable":true,"href":"https:\/\/www.meydan.tv\/az\/wp-json\/wp\/v2\/comments?post=272029"}],"version-history":[{"count":2,"href":"https:\/\/www.meydan.tv\/az\/wp-json\/wp\/v2\/posts\/272029\/revisions"}],"predecessor-version":[{"id":272042,"href":"https:\/\/www.meydan.tv\/az\/wp-json\/wp\/v2\/posts\/272029\/revisions\/272042"}],"wp:featuredmedia":[{"embeddable":true,"href":"https:\/\/www.meydan.tv\/az\/wp-json\/wp\/v2\/media\/272020"}],"wp:attachment":[{"href":"https:\/\/www.meydan.tv\/az\/wp-json\/wp\/v2\/media?parent=272029"}],"wp:term":[{"taxonomy":"category","embeddable":true,"href":"https:\/\/www.meydan.tv\/az\/wp-json\/wp\/v2\/categories?post=272029"},{"taxonomy":"post_tag","embeddable":true,"href":"https:\/\/www.meydan.tv\/az\/wp-json\/wp\/v2\/tags?post=272029"}],"curies":[{"name":"wp","href":"https:\/\/api.w.org\/{rel}","templated":true}]}}