{"id":271960,"date":"2023-04-03T11:01:06","date_gmt":"2023-04-03T07:01:06","guid":{"rendered":"https:\/\/www.meydan.tv\/?p=271960"},"modified":"2023-04-03T16:22:36","modified_gmt":"2023-04-03T12:22:36","slug":"fazil-mustafaya-qarsi-silahli-hucumla-elaqedar-4-neferin-tutuldugu-bildirilir","status":"publish","type":"post","link":"https:\/\/www.meydan.tv\/az\/article\/fazil-mustafaya-qarsi-silahli-hucumla-elaqedar-4-neferin-tutuldugu-bildirilir\/","title":{"rendered":"Fazil Mustafaya qar\u015f\u0131 silahl\u0131 h\u00fccumla \u0259laq\u0259dar 4 n\u0259f\u0259rin tutuldu\u011fu bildirilir (yenil\u0259nib)"},"content":{"rendered":"\n<p><\/p>\n\n\n\n<p><\/p>\n\n\n\n<p><\/p>\n\n\n\n<p><em>Deputat Fazil Mustafaya qar\u015f\u0131 silahl\u0131 h\u00fccumla ba\u011fl\u0131 saxlan\u0131lan daha bir \u015f\u0259xsin ad\u0131 m\u0259lum olub. H\u0259min \u015f\u0259xsin \u0130lkin S\u00fcleymanov oldu\u011fu deyilir. Report.az yaz\u0131r ki, \u0130.S\u00fcleymanov&nbsp;Xoc\u0259s\u0259nd\u0259 saxlan\u0131l\u0131b<\/em>.<\/p>\n\n\n\n<p><\/p>\n\n\n\n<hr class=\"wp-block-separator has-alpha-channel-opacity\"\/>\n\n\n\n<p><em>Deputat Fazil Mustafaya qar\u015f\u0131 t\u00f6r\u0259dilmi\u015f silahl\u0131 h\u00fccumun t\u0259\u015fkilat\u00e7\u0131s\u0131 v\u0259 i\u015ftirak\u00e7\u0131lar\u0131 m\u0259lum olub.<br>Bu bar\u0259d\u0259 \u201cReport\u201d m\u0259lumat <a href=\"https:\/\/report.az\/hadise\/fazil-mustafaya-qarsi-terrorun-teskilatcisi-ve-ates-acan-sexsin-kimliyi-melum-olub\/\" target=\"_blank\" rel=\"noreferrer noopener\">yay\u0131b<\/a>.<\/em><\/p>\n\n\n\n<p>Agentik <em>yaz\u0131r ki, ilkin m\u0259lumata g\u00f6r\u0259 h\u00fccumun t\u0259\u015fkilat\u00e7\u0131s\u0131 Az\u0259r S\u0259ricanovdur:<\/em><\/p>\n\n\n\n<p><strong>&#8220;1976-c\u0131 ild\u0259 Salyan rayonunda anadan olan Az\u0259r S\u0259ricanov \u015fi\u0259 m\u0259zh\u0259bli dindard\u0131r, 2010-2019-cu ill\u0259r aral\u0131\u011f\u0131nda 11 d\u0259f\u0259 \u0130rana s\u0259f\u0259r edib. Deputata at\u0259\u015f a\u00e7an S\u0259buhi \u015eirinov 1986-c\u0131 ild\u0259 A\u011fdam rayonunda anadan olub. \u015ei\u0259 m\u0259zh\u0259bli dindar \u015f\u0259xsdir, 2017-2022-ci ill\u0259r aral\u0131\u011f\u0131nda 15 d\u0259f\u0259 \u0130rana s\u0259f\u0259r edib&#8221;.<\/strong><\/p>\n\n\n\n<p><em>Sayt h\u0259bs olunan d\u0259st\u0259nin dig\u0259r \u00fczvl\u0259ri haqda da m\u0259lumat yay\u0131b:<\/em><\/p>\n\n\n\n<p><strong>&#8220;El\u015fad \u018fsg\u0259rov 1983-c\u00fc ild\u0259 Bak\u0131 \u015f\u0259h\u0259rind\u0259 anadan olub. \u015ei\u0259 m\u0259zh\u0259bli dindard\u0131r, 2013-2018-ci ill\u0259rd\u0259 9 d\u0259f\u0259 \u0130rana s\u0259f\u0259r edib. Emin \u018fliyarov is\u0259 1970-ci ild\u0259 Bak\u0131 \u015f\u0259h\u0259rind\u0259 anadan olub. \u015ei\u0259 m\u0259zh\u0259bli dindard\u0131r, 2004-2015-ci ill\u0259rd\u0259 3 d\u0259f\u0259 \u0130rana s\u0259f\u0259r edib&#8221;.<\/strong><\/p>\n\n\n\n<p><\/p>\n\n\n\n<hr class=\"wp-block-separator has-alpha-channel-opacity\"\/>\n\n\n\n<p><em>B\u0259zi media qurumlar\u0131 h\u0259bs olunanlar\u0131n&nbsp; 6 n\u0259f\u0259r oldu\u011funu qeyd edib. D\u0130N-in \u015f\u00f6b\u0259 r\u0259isi El\u015fad Hac\u0131yev is\u0259 Meydan TV-y\u0259 deyilib ki, onun yayd\u0131\u011f\u0131 m\u0259lumatda 4 n\u0259f\u0259rdir. Ola bilsin m\u0259tbuat m\u0259lumat\u0131 istintaqdan al\u0131b. \u0130stintaq\u0131 is\u0259 D\u00f6vl\u0259t T\u0259hl\u00fck\u0259sizlik Xidm\u0259ti apar\u0131r.<\/em><\/p>\n\n\n\n<p><\/p>\n\n\n\n<p><\/p>\n\n\n\n<hr class=\"wp-block-separator has-alpha-channel-opacity\"\/>\n\n\n\n<p><\/p>\n\n\n\n<p>&nbsp;<strong><em>Saxlan\u0131lanlar\u0131n kimliyi a\u00e7\u0131qlanm\u0131r<\/em><\/strong><\/p>\n\n\n\n<p>Milli M\u0259clisin \u00fczv\u00fc Fazil Musatafaya qar\u015f\u0131 silahl\u0131 h\u00fccumla \u0259laq\u0259dar d\u00f6rd n\u0259f\u0259rin Qarada\u011f rayonu \u0259razisind\u0259 saxlan\u0131lmas\u0131 haqda m\u0259lumat yay\u0131l\u0131b. Saxlan\u0131lan \u015f\u0259xsl\u0259rin haz\u0131rda D\u00f6vl\u0259t T\u0259hl\u00fck\u0259sizliyi Xidm\u0259tind\u0259 dindirildikl\u0259ri, onlar\u0131n ya\u015fad\u0131qlar\u0131 evl\u0259rd\u0259 axtar\u0131\u015f ke\u00e7irildiyi bildirilir.<\/p>\n\n\n\n<p>Daxili \u0130\u015fl\u0259r Nazirliyinin m\u0259tbuat xidm\u0259ti hadis\u0259d\u0259 \u015f\u00fcbh\u0259li bilin\u0259n \u015f\u0259xsl\u0259rin saxlanmas\u0131 x\u0259b\u0259rini t\u0259sdiql\u0259yib. Lakin saxlan\u0131lanlar\u0131n kimliyi v\u0259 s. haqda \u0259lav\u0259 m\u0259lumatlar a\u00e7\u0131qlanmay\u0131b.<\/p>\n\n\n\n<p>Yay\u0131lan m\u0259lumatlara g\u00f6r\u0259, \u015f\u00fcbh\u0259li \u015f\u0259xsl\u0259r saxlan\u0131lark\u0259n silah s\u0259sl\u0259ri e\u015fidilib, at\u0259\u015f a\u00e7\u0131l\u0131b. Bu bar\u0259d\u0259 r\u0259smi a\u00e7\u0131qlama verilm\u0259diyin\u0259 g\u00f6r\u0259 \u0259m\u0259liyyat\u0131n detallar\u0131 m\u0259lum deyil.<\/p>\n\n\n\n<p>Fazil Mustafaya qar\u015f\u0131 silahl\u0131 h\u00fccum mart\u0131n 28-d\u0259 saat 21:51-d\u0259 onun ya\u015fad\u0131\u011f\u0131 evin qar\u015f\u0131s\u0131nda &#8211; Sabun\u00e7u rayonu, Zabrat-1 q\u0259s\u0259b\u0259si, Bab\u0259k k\u00fc\u00e7\u0259si ev 2 \u201cZ\u201d \u00fcnvan\u0131nda ba\u015f verib. Ona \u201cKala\u015fnikov\u201d konstruksiyal\u0131 avtomat silahdan at\u0259\u015f a\u00e7\u0131ld\u0131\u011f\u0131 m\u0259lum olub. Hadis\u0259 n\u0259tic\u0259sind\u0259 Fazil Mustafan\u0131n b\u0259d\u0259nin sa\u011f \u00e7iyin qur\u015fa\u011f\u0131 v\u0259 sa\u011f budun a\u015fa\u011f\u0131 \u00fc\u00e7d\u0259 birini d\u0259lib ke\u00e7\u0259n g\u00fcll\u0259 yaras\u0131 ald\u0131\u011f\u0131 bildirilir.<\/p>\n\n\n\n<p>Faktla ba\u011fl\u0131 D\u00f6vl\u0259t T\u0259hl\u00fck\u0259sizliyi Xidm\u0259tinin \u0130stintaq ba\u015f idar\u0259sind\u0259 Cinay\u0259t M\u0259c\u0259ll\u0259sinin 277 (d\u00f6vl\u0259t xadiminin v\u0259 ya ictimai xadimin xidm\u0259ti v\u0259 ya siyasi f\u0259aliyy\u0259tin\u0259 son qoymaq v\u0259 ya bu f\u0259aliyy\u0259t\u0259 g\u00f6r\u0259 qisas almaq m\u0259qs\u0259dil\u0259 onun h\u0259yat\u0131na sui-q\u0259sd etm\u0259) v\u0259 228.2.1-ci (qabaqcadan \u0259lbir olan bir qrup \u015f\u0259xs t\u0259r\u0259find\u0259n qanunsuz olaraq odlu silah, onun komplekt hiss\u0259l\u0259rini, d\u00f6y\u00fc\u015f sursat\u0131 \u0259ld\u0259 etm\u0259, saxlama, da\u015f\u0131ma v\u0259 g\u0259zdirm\u0259) madd\u0259l\u0259ril\u0259 cinay\u0259t i\u015fi ba\u015flan\u0131b.<\/p>\n\n\n\n<p>D\u00f6vl\u0259t T\u0259hl\u00fck\u0259sizliyi Xidm\u0259ti bu hadis\u0259ni terror akt\u0131 kimi qiym\u0259tl\u0259ndirib. Xarici \u0130\u015fl\u0259r Nazirliyi \u00f6z a\u00e7\u0131qlamas\u0131nda istintaq\u0131n ilkin r\u0259yin\u0259 \u0259saslanaraq hadis\u0259d\u0259 \u0130ran izi g\u00f6r\u00fcnd\u00fcy\u00fcn\u00fc bildirib.<\/p>\n","protected":false},"excerpt":{"rendered":"<p>Deputat Fazil Mustafaya qar\u015f\u0131 silahl\u0131 h\u00fccumla ba\u011fl\u0131 saxlan\u0131lan daha bir &#8230; <\/p>\n<p class=\"read-more-container\"><a title=\"Fazil Mustafaya qar\u015f\u0131 silahl\u0131 h\u00fccumla \u0259laq\u0259dar 4 n\u0259f\u0259rin tutuldu\u011fu bildirilir (yenil\u0259nib)\" class=\"read-more button\" href=\"https:\/\/www.meydan.tv\/az\/article\/fazil-mustafaya-qarsi-silahli-hucumla-elaqedar-4-neferin-tutuldugu-bildirilir\/#more-271960\" aria-label=\"Read more about Fazil Mustafaya qar\u015f\u0131 silahl\u0131 h\u00fccumla \u0259laq\u0259dar 4 n\u0259f\u0259rin tutuldu\u011fu bildirilir (yenil\u0259nib)\">Davam\u0131<\/a><\/p>\n","protected":false},"author":8,"featured_media":131519,"comment_status":"closed","ping_status":"closed","sticky":false,"template":"","format":"standard","meta":{"_acf_changed":false,"_sitemap_exclude":false,"_sitemap_priority":"","_sitemap_frequency":"","footnotes":""},"categories":[59,79,56],"tags":[],"class_list":["post-271960","post","type-post","status-publish","format-standard","has-post-thumbnail","hentry","category-siyaset","category-featured","category-xeberler","infinite-scroll-item","generate-columns","tablet-grid-50","mobile-grid-100","grid-parent","grid-33","no-featured-image-padding"],"acf":[],"yoast_head":"<!-- This site is optimized with the Yoast SEO plugin v27.4 - https:\/\/yoast.com\/product\/yoast-seo-wordpress\/ -->\n<title>Fazil Mustafaya qar\u015f\u0131 silahl\u0131 h\u00fccumla \u0259laq\u0259dar 4 n\u0259f\u0259rin tutuldu\u011fu bildirilir (yenil\u0259nib) - MEYDAN.TV<\/title>\n<meta name=\"robots\" content=\"index, follow, max-snippet:-1, max-image-preview:large, max-video-preview:-1\" \/>\n<link rel=\"canonical\" href=\"https:\/\/www.meydan.tv\/az\/article\/fazil-mustafaya-qarsi-silahli-hucumla-elaqedar-4-neferin-tutuldugu-bildirilir\/\" \/>\n<meta property=\"og:locale\" content=\"az_AZ\" \/>\n<meta property=\"og:type\" content=\"article\" \/>\n<meta property=\"og:title\" content=\"Fazil Mustafaya qar\u015f\u0131 silahl\u0131 h\u00fccumla \u0259laq\u0259dar 4 n\u0259f\u0259rin tutuldu\u011fu bildirilir (yenil\u0259nib) - MEYDAN.TV\" \/>\n<meta property=\"og:description\" content=\"Deputat Fazil Mustafaya qar\u015f\u0131 silahl\u0131 h\u00fccumla ba\u011fl\u0131 saxlan\u0131lan daha bir ... Davam\u0131\" \/>\n<meta property=\"og:url\" content=\"https:\/\/www.meydan.tv\/az\/article\/fazil-mustafaya-qarsi-silahli-hucumla-elaqedar-4-neferin-tutuldugu-bildirilir\/\" \/>\n<meta property=\"og:site_name\" content=\"MEYDAN.TV\" \/>\n<meta property=\"article:published_time\" content=\"2023-04-03T07:01:06+00:00\" \/>\n<meta property=\"article:modified_time\" content=\"2023-04-03T12:22:36+00:00\" \/>\n<meta property=\"og:image\" content=\"https:\/\/www.meydan.tv\/wp-content\/uploads\/fazil_mustafa_2504-e1680029419145.jpg\" \/>\n\t<meta property=\"og:image:width\" content=\"1200\" \/>\n\t<meta property=\"og:image:height\" content=\"555\" \/>\n\t<meta property=\"og:image:type\" content=\"image\/jpeg\" \/>\n<meta name=\"author\" content=\"elli\" \/>\n<meta name=\"twitter:card\" content=\"summary_large_image\" \/>\n<meta name=\"twitter:creator\" content=\"@elli\" \/>\n<script type=\"application\/ld+json\" class=\"yoast-schema-graph\">{\"@context\":\"https:\\\/\\\/schema.org\",\"@graph\":[{\"@type\":\"Article\",\"@id\":\"https:\\\/\\\/www.meydan.tv\\\/az\\\/article\\\/fazil-mustafaya-qarsi-silahli-hucumla-elaqedar-4-neferin-tutuldugu-bildirilir\\\/#article\",\"isPartOf\":{\"@id\":\"https:\\\/\\\/www.meydan.tv\\\/az\\\/article\\\/fazil-mustafaya-qarsi-silahli-hucumla-elaqedar-4-neferin-tutuldugu-bildirilir\\\/\"},\"author\":{\"name\":\"elli\",\"@id\":\"https:\\\/\\\/www.meydan.tv\\\/az\\\/#\\\/schema\\\/person\\\/9cdbecf90d17180ce1dfbd95b08dcf47\"},\"headline\":\"Fazil Mustafaya qar\u015f\u0131 silahl\u0131 h\u00fccumla \u0259laq\u0259dar 4 n\u0259f\u0259rin tutuldu\u011fu bildirilir (yenil\u0259nib)\",\"datePublished\":\"2023-04-03T07:01:06+00:00\",\"dateModified\":\"2023-04-03T12:22:36+00:00\",\"mainEntityOfPage\":{\"@id\":\"https:\\\/\\\/www.meydan.tv\\\/az\\\/article\\\/fazil-mustafaya-qarsi-silahli-hucumla-elaqedar-4-neferin-tutuldugu-bildirilir\\\/\"},\"wordCount\":661,\"publisher\":{\"@id\":\"https:\\\/\\\/www.meydan.tv\\\/az\\\/#organization\"},\"image\":{\"@id\":\"https:\\\/\\\/www.meydan.tv\\\/az\\\/article\\\/fazil-mustafaya-qarsi-silahli-hucumla-elaqedar-4-neferin-tutuldugu-bildirilir\\\/#primaryimage\"},\"thumbnailUrl\":\"https:\\\/\\\/www.meydan.tv\\\/wp-content\\\/uploads\\\/fazil_mustafa_2504-e1680029419145.jpg\",\"articleSection\":[\"Siyas\u0259t\",\"T\u00f6vsiy\u0259\",\"X\u0259b\u0259rl\u0259r\"],\"inLanguage\":\"az\"},{\"@type\":\"WebPage\",\"@id\":\"https:\\\/\\\/www.meydan.tv\\\/az\\\/article\\\/fazil-mustafaya-qarsi-silahli-hucumla-elaqedar-4-neferin-tutuldugu-bildirilir\\\/\",\"url\":\"https:\\\/\\\/www.meydan.tv\\\/az\\\/article\\\/fazil-mustafaya-qarsi-silahli-hucumla-elaqedar-4-neferin-tutuldugu-bildirilir\\\/\",\"name\":\"Fazil Mustafaya qar\u015f\u0131 silahl\u0131 h\u00fccumla \u0259laq\u0259dar 4 n\u0259f\u0259rin tutuldu\u011fu bildirilir (yenil\u0259nib) - MEYDAN.TV\",\"isPartOf\":{\"@id\":\"https:\\\/\\\/www.meydan.tv\\\/az\\\/#website\"},\"primaryImageOfPage\":{\"@id\":\"https:\\\/\\\/www.meydan.tv\\\/az\\\/article\\\/fazil-mustafaya-qarsi-silahli-hucumla-elaqedar-4-neferin-tutuldugu-bildirilir\\\/#primaryimage\"},\"image\":{\"@id\":\"https:\\\/\\\/www.meydan.tv\\\/az\\\/article\\\/fazil-mustafaya-qarsi-silahli-hucumla-elaqedar-4-neferin-tutuldugu-bildirilir\\\/#primaryimage\"},\"thumbnailUrl\":\"https:\\\/\\\/www.meydan.tv\\\/wp-content\\\/uploads\\\/fazil_mustafa_2504-e1680029419145.jpg\",\"datePublished\":\"2023-04-03T07:01:06+00:00\",\"dateModified\":\"2023-04-03T12:22:36+00:00\",\"breadcrumb\":{\"@id\":\"https:\\\/\\\/www.meydan.tv\\\/az\\\/article\\\/fazil-mustafaya-qarsi-silahli-hucumla-elaqedar-4-neferin-tutuldugu-bildirilir\\\/#breadcrumb\"},\"inLanguage\":\"az\",\"potentialAction\":[{\"@type\":\"ReadAction\",\"target\":[\"https:\\\/\\\/www.meydan.tv\\\/az\\\/article\\\/fazil-mustafaya-qarsi-silahli-hucumla-elaqedar-4-neferin-tutuldugu-bildirilir\\\/\"]}]},{\"@type\":\"ImageObject\",\"inLanguage\":\"az\",\"@id\":\"https:\\\/\\\/www.meydan.tv\\\/az\\\/article\\\/fazil-mustafaya-qarsi-silahli-hucumla-elaqedar-4-neferin-tutuldugu-bildirilir\\\/#primaryimage\",\"url\":\"https:\\\/\\\/www.meydan.tv\\\/wp-content\\\/uploads\\\/fazil_mustafa_2504-e1680029419145.jpg\",\"contentUrl\":\"https:\\\/\\\/www.meydan.tv\\\/wp-content\\\/uploads\\\/fazil_mustafa_2504-e1680029419145.jpg\",\"width\":1200,\"height\":555,\"caption\":\"Fazil Mustafa. Foto: Meydan TV\"},{\"@type\":\"BreadcrumbList\",\"@id\":\"https:\\\/\\\/www.meydan.tv\\\/az\\\/article\\\/fazil-mustafaya-qarsi-silahli-hucumla-elaqedar-4-neferin-tutuldugu-bildirilir\\\/#breadcrumb\",\"itemListElement\":[{\"@type\":\"ListItem\",\"position\":1,\"name\":\"Ana s\u0259hif\u0259\",\"item\":\"https:\\\/\\\/www.meydan.tv\\\/az\\\/\"},{\"@type\":\"ListItem\",\"position\":2,\"name\":\"Siyas\u0259t\",\"item\":\"https:\\\/\\\/www.meydan.tv\\\/az\\\/section\\\/siyaset\\\/\"},{\"@type\":\"ListItem\",\"position\":3,\"name\":\"Fazil Mustafaya qar\u015f\u0131 silahl\u0131 h\u00fccumla \u0259laq\u0259dar 4 n\u0259f\u0259rin tutuldu\u011fu bildirilir (yenil\u0259nib)\"}]},{\"@type\":\"WebSite\",\"@id\":\"https:\\\/\\\/www.meydan.tv\\\/az\\\/#website\",\"url\":\"https:\\\/\\\/www.meydan.tv\\\/az\\\/\",\"name\":\"MEYDAN.TV\",\"description\":\"Meydan TV Az\u0259rbaycan\u0131n media m\u0259kan\u0131ndak\u0131 alternativ s\u0259sidir\",\"publisher\":{\"@id\":\"https:\\\/\\\/www.meydan.tv\\\/az\\\/#organization\"},\"potentialAction\":[{\"@type\":\"SearchAction\",\"target\":{\"@type\":\"EntryPoint\",\"urlTemplate\":\"https:\\\/\\\/www.meydan.tv\\\/az\\\/?s={search_term_string}\"},\"query-input\":{\"@type\":\"PropertyValueSpecification\",\"valueRequired\":true,\"valueName\":\"search_term_string\"}}],\"inLanguage\":\"az\"},{\"@type\":\"Organization\",\"@id\":\"https:\\\/\\\/www.meydan.tv\\\/az\\\/#organization\",\"name\":\"Meydan TV\",\"url\":\"https:\\\/\\\/www.meydan.tv\\\/az\\\/\",\"logo\":{\"@type\":\"ImageObject\",\"inLanguage\":\"az\",\"@id\":\"https:\\\/\\\/www.meydan.tv\\\/az\\\/#\\\/schema\\\/logo\\\/image\\\/\",\"url\":\"https:\\\/\\\/www.meydan.tv\\\/wp-content\\\/uploads\\\/2021\\\/07\\\/meydan-logo.svg\",\"contentUrl\":\"https:\\\/\\\/www.meydan.tv\\\/wp-content\\\/uploads\\\/2021\\\/07\\\/meydan-logo.svg\",\"width\":195,\"height\":46,\"caption\":\"Meydan TV\"},\"image\":{\"@id\":\"https:\\\/\\\/www.meydan.tv\\\/az\\\/#\\\/schema\\\/logo\\\/image\\\/\"}},{\"@type\":\"Person\",\"@id\":\"https:\\\/\\\/www.meydan.tv\\\/az\\\/#\\\/schema\\\/person\\\/9cdbecf90d17180ce1dfbd95b08dcf47\",\"name\":\"elli\",\"sameAs\":[\"https:\\\/\\\/x.com\\\/elli\"]}]}<\/script>\n<!-- \/ Yoast SEO plugin. -->","yoast_head_json":{"title":"Fazil Mustafaya qar\u015f\u0131 silahl\u0131 h\u00fccumla \u0259laq\u0259dar 4 n\u0259f\u0259rin tutuldu\u011fu bildirilir (yenil\u0259nib) - MEYDAN.TV","robots":{"index":"index","follow":"follow","max-snippet":"max-snippet:-1","max-image-preview":"max-image-preview:large","max-video-preview":"max-video-preview:-1"},"canonical":"https:\/\/www.meydan.tv\/az\/article\/fazil-mustafaya-qarsi-silahli-hucumla-elaqedar-4-neferin-tutuldugu-bildirilir\/","og_locale":"az_AZ","og_type":"article","og_title":"Fazil Mustafaya qar\u015f\u0131 silahl\u0131 h\u00fccumla \u0259laq\u0259dar 4 n\u0259f\u0259rin tutuldu\u011fu bildirilir (yenil\u0259nib) - MEYDAN.TV","og_description":"Deputat Fazil Mustafaya qar\u015f\u0131 silahl\u0131 h\u00fccumla ba\u011fl\u0131 saxlan\u0131lan daha bir ... Davam\u0131","og_url":"https:\/\/www.meydan.tv\/az\/article\/fazil-mustafaya-qarsi-silahli-hucumla-elaqedar-4-neferin-tutuldugu-bildirilir\/","og_site_name":"MEYDAN.TV","article_published_time":"2023-04-03T07:01:06+00:00","article_modified_time":"2023-04-03T12:22:36+00:00","og_image":[{"width":1200,"height":555,"url":"https:\/\/www.meydan.tv\/wp-content\/uploads\/fazil_mustafa_2504-e1680029419145.jpg","type":"image\/jpeg"}],"author":"elli","twitter_card":"summary_large_image","twitter_creator":"@elli","schema":{"@context":"https:\/\/schema.org","@graph":[{"@type":"Article","@id":"https:\/\/www.meydan.tv\/az\/article\/fazil-mustafaya-qarsi-silahli-hucumla-elaqedar-4-neferin-tutuldugu-bildirilir\/#article","isPartOf":{"@id":"https:\/\/www.meydan.tv\/az\/article\/fazil-mustafaya-qarsi-silahli-hucumla-elaqedar-4-neferin-tutuldugu-bildirilir\/"},"author":{"name":"elli","@id":"https:\/\/www.meydan.tv\/az\/#\/schema\/person\/9cdbecf90d17180ce1dfbd95b08dcf47"},"headline":"Fazil Mustafaya qar\u015f\u0131 silahl\u0131 h\u00fccumla \u0259laq\u0259dar 4 n\u0259f\u0259rin tutuldu\u011fu bildirilir (yenil\u0259nib)","datePublished":"2023-04-03T07:01:06+00:00","dateModified":"2023-04-03T12:22:36+00:00","mainEntityOfPage":{"@id":"https:\/\/www.meydan.tv\/az\/article\/fazil-mustafaya-qarsi-silahli-hucumla-elaqedar-4-neferin-tutuldugu-bildirilir\/"},"wordCount":661,"publisher":{"@id":"https:\/\/www.meydan.tv\/az\/#organization"},"image":{"@id":"https:\/\/www.meydan.tv\/az\/article\/fazil-mustafaya-qarsi-silahli-hucumla-elaqedar-4-neferin-tutuldugu-bildirilir\/#primaryimage"},"thumbnailUrl":"https:\/\/www.meydan.tv\/wp-content\/uploads\/fazil_mustafa_2504-e1680029419145.jpg","articleSection":["Siyas\u0259t","T\u00f6vsiy\u0259","X\u0259b\u0259rl\u0259r"],"inLanguage":"az"},{"@type":"WebPage","@id":"https:\/\/www.meydan.tv\/az\/article\/fazil-mustafaya-qarsi-silahli-hucumla-elaqedar-4-neferin-tutuldugu-bildirilir\/","url":"https:\/\/www.meydan.tv\/az\/article\/fazil-mustafaya-qarsi-silahli-hucumla-elaqedar-4-neferin-tutuldugu-bildirilir\/","name":"Fazil Mustafaya qar\u015f\u0131 silahl\u0131 h\u00fccumla \u0259laq\u0259dar 4 n\u0259f\u0259rin tutuldu\u011fu bildirilir (yenil\u0259nib) - MEYDAN.TV","isPartOf":{"@id":"https:\/\/www.meydan.tv\/az\/#website"},"primaryImageOfPage":{"@id":"https:\/\/www.meydan.tv\/az\/article\/fazil-mustafaya-qarsi-silahli-hucumla-elaqedar-4-neferin-tutuldugu-bildirilir\/#primaryimage"},"image":{"@id":"https:\/\/www.meydan.tv\/az\/article\/fazil-mustafaya-qarsi-silahli-hucumla-elaqedar-4-neferin-tutuldugu-bildirilir\/#primaryimage"},"thumbnailUrl":"https:\/\/www.meydan.tv\/wp-content\/uploads\/fazil_mustafa_2504-e1680029419145.jpg","datePublished":"2023-04-03T07:01:06+00:00","dateModified":"2023-04-03T12:22:36+00:00","breadcrumb":{"@id":"https:\/\/www.meydan.tv\/az\/article\/fazil-mustafaya-qarsi-silahli-hucumla-elaqedar-4-neferin-tutuldugu-bildirilir\/#breadcrumb"},"inLanguage":"az","potentialAction":[{"@type":"ReadAction","target":["https:\/\/www.meydan.tv\/az\/article\/fazil-mustafaya-qarsi-silahli-hucumla-elaqedar-4-neferin-tutuldugu-bildirilir\/"]}]},{"@type":"ImageObject","inLanguage":"az","@id":"https:\/\/www.meydan.tv\/az\/article\/fazil-mustafaya-qarsi-silahli-hucumla-elaqedar-4-neferin-tutuldugu-bildirilir\/#primaryimage","url":"https:\/\/www.meydan.tv\/wp-content\/uploads\/fazil_mustafa_2504-e1680029419145.jpg","contentUrl":"https:\/\/www.meydan.tv\/wp-content\/uploads\/fazil_mustafa_2504-e1680029419145.jpg","width":1200,"height":555,"caption":"Fazil Mustafa. Foto: Meydan TV"},{"@type":"BreadcrumbList","@id":"https:\/\/www.meydan.tv\/az\/article\/fazil-mustafaya-qarsi-silahli-hucumla-elaqedar-4-neferin-tutuldugu-bildirilir\/#breadcrumb","itemListElement":[{"@type":"ListItem","position":1,"name":"Ana s\u0259hif\u0259","item":"https:\/\/www.meydan.tv\/az\/"},{"@type":"ListItem","position":2,"name":"Siyas\u0259t","item":"https:\/\/www.meydan.tv\/az\/section\/siyaset\/"},{"@type":"ListItem","position":3,"name":"Fazil Mustafaya qar\u015f\u0131 silahl\u0131 h\u00fccumla \u0259laq\u0259dar 4 n\u0259f\u0259rin tutuldu\u011fu bildirilir (yenil\u0259nib)"}]},{"@type":"WebSite","@id":"https:\/\/www.meydan.tv\/az\/#website","url":"https:\/\/www.meydan.tv\/az\/","name":"MEYDAN.TV","description":"Meydan TV Az\u0259rbaycan\u0131n media m\u0259kan\u0131ndak\u0131 alternativ s\u0259sidir","publisher":{"@id":"https:\/\/www.meydan.tv\/az\/#organization"},"potentialAction":[{"@type":"SearchAction","target":{"@type":"EntryPoint","urlTemplate":"https:\/\/www.meydan.tv\/az\/?s={search_term_string}"},"query-input":{"@type":"PropertyValueSpecification","valueRequired":true,"valueName":"search_term_string"}}],"inLanguage":"az"},{"@type":"Organization","@id":"https:\/\/www.meydan.tv\/az\/#organization","name":"Meydan TV","url":"https:\/\/www.meydan.tv\/az\/","logo":{"@type":"ImageObject","inLanguage":"az","@id":"https:\/\/www.meydan.tv\/az\/#\/schema\/logo\/image\/","url":"https:\/\/www.meydan.tv\/wp-content\/uploads\/2021\/07\/meydan-logo.svg","contentUrl":"https:\/\/www.meydan.tv\/wp-content\/uploads\/2021\/07\/meydan-logo.svg","width":195,"height":46,"caption":"Meydan TV"},"image":{"@id":"https:\/\/www.meydan.tv\/az\/#\/schema\/logo\/image\/"}},{"@type":"Person","@id":"https:\/\/www.meydan.tv\/az\/#\/schema\/person\/9cdbecf90d17180ce1dfbd95b08dcf47","name":"elli","sameAs":["https:\/\/x.com\/elli"]}]}},"_links":{"self":[{"href":"https:\/\/www.meydan.tv\/az\/wp-json\/wp\/v2\/posts\/271960","targetHints":{"allow":["GET"]}}],"collection":[{"href":"https:\/\/www.meydan.tv\/az\/wp-json\/wp\/v2\/posts"}],"about":[{"href":"https:\/\/www.meydan.tv\/az\/wp-json\/wp\/v2\/types\/post"}],"author":[{"embeddable":true,"href":"https:\/\/www.meydan.tv\/az\/wp-json\/wp\/v2\/users\/8"}],"replies":[{"embeddable":true,"href":"https:\/\/www.meydan.tv\/az\/wp-json\/wp\/v2\/comments?post=271960"}],"version-history":[{"count":6,"href":"https:\/\/www.meydan.tv\/az\/wp-json\/wp\/v2\/posts\/271960\/revisions"}],"predecessor-version":[{"id":272013,"href":"https:\/\/www.meydan.tv\/az\/wp-json\/wp\/v2\/posts\/271960\/revisions\/272013"}],"wp:featuredmedia":[{"embeddable":true,"href":"https:\/\/www.meydan.tv\/az\/wp-json\/wp\/v2\/media\/131519"}],"wp:attachment":[{"href":"https:\/\/www.meydan.tv\/az\/wp-json\/wp\/v2\/media?parent=271960"}],"wp:term":[{"taxonomy":"category","embeddable":true,"href":"https:\/\/www.meydan.tv\/az\/wp-json\/wp\/v2\/categories?post=271960"},{"taxonomy":"post_tag","embeddable":true,"href":"https:\/\/www.meydan.tv\/az\/wp-json\/wp\/v2\/tags?post=271960"}],"curies":[{"name":"wp","href":"https:\/\/api.w.org\/{rel}","templated":true}]}}