{"id":271958,"date":"2023-04-03T10:58:27","date_gmt":"2023-04-03T06:58:27","guid":{"rendered":"https:\/\/www.meydan.tv\/?p=271958"},"modified":"2023-04-03T10:58:32","modified_gmt":"2023-04-03T06:58:32","slug":"yapsayagi-torpaq-islahati","status":"publish","type":"post","link":"https:\/\/www.meydan.tv\/az\/article\/yapsayagi-torpaq-islahati\/","title":{"rendered":"YAPsaya\u011f\u0131 torpaq islahat\u0131"},"content":{"rendered":"\n<p><\/p>\n\n\n\n<p><strong>R\u00f6v\u015f\u0259n Hac\u0131b\u0259yli<\/strong><\/p>\n\n\n\n<p><strong><em>Qaraba\u011fda islahat torpaqlar tam \u0259l\u0259 ke\u00e7iril\u0259nd\u0259n sonra apar\u0131lacaq<\/em><\/strong><\/p>\n\n\n\n<p>Prezident \u0130lham \u018fliyev mart\u0131n 28-d\u0259 imzalad\u0131\u011f\u0131 s\u0259r\u0259ncamla M\u0259sim \u018fhm\u0259d o\u011flu M\u0259mm\u0259dovu \u015e\u0259rqi Z\u0259ng\u0259zur iqtisadi rayonuna daxil olan La\u00e7\u0131n rayonunda Az\u0259rbaycan Respublikas\u0131 Prezidentinin x\u00fcsusi n\u00fcmay\u0259nd\u0259si t\u0259yin edib. D\u00fcz tapd\u0131z, Mikay\u0131l Cabbarovun komandas\u0131ndand\u0131r.<\/p>\n\n\n\n<p>B\u0259s n\u0259dir, kimdir x\u00fcsusi n\u00fcmay\u0259nd\u0259? Bu, 44 g\u00fcnl\u00fck sava\u015fdan, Qaraba\u011f torpaqlar\u0131n\u0131n bir hiss\u0259si erm\u0259ni i\u015f\u011fal\u0131ndan azad edildikd\u0259n sonra ortaya \u00e7\u0131x\u0131b, ikili idar\u0259\u00e7iliyin yeni n\u00f6v\u00fcd\u00fcr. Az\u0259rbaycan Respublikas\u0131 Prezidentinin x\u00fcsusi n\u00fcmay\u0259nd\u0259likl\u0259ri haqq\u0131nda \u018fsasnam\u0259 prezidentin 4 fevral 2021-ci il tarixli f\u0259rman\u0131 il\u0259 <a href=\"https:\/\/president.az\/az\/articles\/view\/50530\" target=\"_blank\" rel=\"noreferrer noopener\">t\u0259sdiql\u0259nib<\/a>. Maraql\u0131d\u0131r ki, \u0130lham \u018fliyev bu \u0259sasnam\u0259 t\u0259sdiql\u0259nm\u0259zd\u0259n \u00f6nc\u0259, y\u0259ni n\u00fcmay\u0259nd\u0259lik institutu yaranmazdan qabaq Ayd\u0131n K\u0259rimovu \u015eu\u015faya x\u00fcsusi n\u00fcmay\u0259nd\u0259 t\u0259yin <a href=\"https:\/\/president.az\/az\/articles\/view\/50398\" target=\"_blank\" rel=\"noreferrer noopener\">edib<\/a>; F\u0259rman imzalanmazdan 8 g\u00fcn qabaq &#8211; 2021-ci il yanvar\u0131n 27-d\u0259. Bundan sonra prezidentin n\u00f6vb\u0259ti x\u00fcsusi n\u00fcmay\u0259nd\u0259si A\u011fdam rayonu \u00fczr\u0259 t\u0259yin olunub. Emin Zamin o\u011flu H\u00fcseynov 24 may 2021-ci ild\u0259 bu v\u0259zif\u0259y\u0259 g\u0259tirilib. Ancaq el\u0259 h\u0259min il dekabr\u0131n 1-d\u0259 prezident A\u011fdam rayonu \u00fczr\u0259 x\u00fcsusi n\u00fcmay\u0259nd\u0259 v\u0259zif\u0259sini l\u0259\u011fv edib. Daha bir s\u0259r\u0259ncamla el\u0259 h\u0259min Emin Zamin o\u011flu H\u00fcseynov Qaraba\u011f iqtisadi rayonuna daxil olan i\u015f\u011faldan azad edilmi\u015f \u0259razil\u0259rd\u0259 (\u015eu\u015fa rayonu istisna olmaqla) Az\u0259rbaycan Respublikas\u0131 Prezidentinin x\u00fcsusi n\u00fcmay\u0259nd\u0259si t\u0259yin edilib.<\/p>\n\n\n\n<p>30 dekabr 2022-ci il <a href=\"https:\/\/president.az\/az\/articles\/view\/58487\" target=\"_blank\" rel=\"noreferrer noopener\">s\u0259r\u0259ncam<\/a>\u0131 il\u0259 \u0130lham \u018fliyev Vahid Rasim o\u011flu Hac\u0131yevi C\u0259bray\u0131l, Qubadl\u0131 v\u0259 Z\u0259ngilan \u00fczr\u0259 x\u00fcsusi n\u00fcmay\u0259d\u0259 t\u0259yin edib; y\u0259ni b\u00f6lg\u00fc apar\u0131b, 3 rayona bir n\u0259f\u0259r. H\u0259l\u0259lik son s\u0259r\u0259ncamla daha bir rayona \u2013 La\u00e7\u0131n rayonuna da x\u00fcsusi n\u00fcmay\u0259nd\u0259 t\u0259yin olunub. Yeri g\u0259lmi\u015fk\u0259n, onu da xat\u0131rladaq ki, prezidentin x\u00fcsusi n\u00fcmay\u0259d\u0259l\u0259r t\u0259yin etdiyi b\u00fct\u00fcn rayonlarda h\u0259m d\u0259 el\u0259 bu prezidentin t\u0259yin etdiyi icra ba\u015f\u00e7\u0131lar\u0131 var&#8230;<\/p>\n\n\n\n<p>X\u00fcsusi n\u00fcmay\u0259nd\u0259nin xeyli s\u0259lahiyy\u0259ti var, onlardan biri \u018fsasnam\u0259nin 3-c\u00fc b\u00f6lm\u0259sinin (3.X\u00fcsusi n\u00fcmay\u0259nd\u0259liyin v\u0259zif\u0259l\u0259ri v\u0259 h\u00fcquqlar\u0131) 3.1.7. b\u0259ndidir: \u201cm\u00fcvafiq \u0259razi h\u00fcdudlar\u0131nda d\u00f6vl\u0259t v\u0259 b\u0259l\u0259diyy\u0259 m\u00fclkiyy\u0259tind\u0259 olan torpaqlar\u0131n m\u00fclkiyy\u0259t\u0259 v\u0259 ya istifad\u0259y\u0259, icar\u0259y\u0259 verilm\u0259sinin m\u00fcvafiq \u0259razinin perspektiv inki\u015faf\u0131 il\u0259 ba\u011fl\u0131 h\u0259d\u0259fl\u0259r\u0259 uy\u011funlu\u011funu yoxlamaq, d\u00f6vl\u0259t v\u0259 b\u0259l\u0259diyy\u0259 m\u00fclkiyy\u0259tind\u0259 olan torpaqlar\u0131n s\u0259m\u0259r\u0259li istifad\u0259si v\u0259 m\u00fchafiz\u0259si \u00fc\u00e7\u00fcn z\u0259ruri t\u0259dbir g\u00f6r\u00fclm\u0259si il\u0259 ba\u011fl\u0131 aidiyy\u0259ti d\u00f6vl\u0259t orqanlar\u0131 (qurumlar\u0131), b\u0259l\u0259diyy\u0259 qar\u015f\u0131s\u0131nda m\u0259s\u0259l\u0259 qald\u0131rmaq\u201d.<\/p>\n\n\n\n<p>Prezidentin 7 iyul 2021-ci il tarixli f\u0259rman\u0131yla respublikan\u0131n iqtisadi rayonlar\u0131n\u0131n yeni b\u00f6lg\u00fcs\u00fc apar\u0131l\u0131b, Qaraba\u011f iki iqtisadi rayona ayr\u0131l\u0131b:<\/p>\n\n\n\n<p>Qaraba\u011f iqtisadi rayonu &#8211; Xank\u0259ndi \u015f\u0259h\u0259ri, A\u011fcab\u0259di, A\u011fdam, B\u0259rd\u0259, F\u00fczuli, Xocal\u0131, Xocav\u0259nd, \u015eu\u015fa v\u0259 T\u0259rt\u0259r rayonlar\u0131.<\/p>\n\n\n\n<p>\u015e\u0259rqi Z\u0259ng\u0259zur iqtisadi rayonu &#8211; C\u0259bray\u0131l, K\u0259lb\u0259c\u0259r, Qubadl\u0131, La\u00e7\u0131n v\u0259 Z\u0259ngilan rayonlar\u0131.<\/p>\n\n\n\n<p>\u00d6z\u0259ll\u0259\u015fdirm\u0259 apar\u0131lmayan, b\u0259l\u0259diyy\u0259 se\u00e7kisi ke\u00e7irilm\u0259y\u0259n bu rayonlarda b\u0259s islahatlar nec\u0259 apar\u0131lacaq? Bilm\u0259y\u0259nl\u0259r \u00fc\u00e7\u00fcn xat\u0131rlatmaqda fayda var, Az\u0259rbaycanda \u00f6z\u0259ll\u0259\u015fdirm\u0259 4 m\u0259rh\u0259l\u0259d\u0259 apar\u0131l\u0131b. I m\u0259rh\u0259l\u0259 1996-1998-ci il, II m\u0259rh\u0259l\u0259 1998-2000-ci il, III m\u0259rh\u0259l\u0259 2000-2001-ci il, IV m\u0259rh\u0259l\u0259s\u0259 2001-2005-ci ill\u0259rd\u0259 olub. Bu ill\u0259rd\u0259 Qaraba\u011f torpaqlar\u0131 erm\u0259ni i\u015f\u011fal\u0131 alt\u0131ndayd\u0131, y\u0259ni \u00f6z\u0259ll\u0259\u015fdirm\u0259d\u0259n k\u0259narda qal\u0131b. Az\u0259rbaycanda ilk b\u0259l\u0259diyy\u0259 se\u00e7kisi 1999-cu ild\u0259 ke\u00e7irilib, onda da torpaqlar\u0131m\u0131z i\u015f\u011faldayd\u0131. 44 g\u00fcnl\u00fck sava\u015fdan \u2013 2020-ci ild\u0259 torpaqlar\u0131m\u0131z\u0131n bir hiss\u0259si i\u015f\u011faldan azd edil\u0259nd\u0259n sonra da Qaraba\u011fda h\u0259r hans\u0131 torpaq islahat\u0131 apar\u0131lmay\u0131b. Bu is\u0259 o dem\u0259kdir ki, o torpaqlar\u0131n hans\u0131n\u0131n d\u00f6vl\u0259t, hans\u0131n\u0131n b\u0259l\u0259diyy\u0259 m\u00fclkiyy\u0259tind\u0259 oldu\u011fu m\u00fc\u0259yy\u0259nl\u0259\u015fm\u0259yib. \u018fn az\u0131 bu yerl\u0259rd\u0259 b\u0259l\u0259diyy\u0259 se\u00e7kisi ke\u00e7irilm\u0259diyin\u0259 g\u00f6r\u0259. Bu halda prezidentin x\u00fcsusi s\u0259lahiyy\u0259tli n\u00fcmay\u0259nd\u0259si h\u0259min torpaqlarla ba\u011fl\u0131 q\u0259rar\u0131 hans\u0131 \u0259saslarla ver\u0259c\u0259k? M\u0259s\u0259l\u0259n, \u015eu\u015fa rayonunun 44 k\u0259ndind\u0259n yaln\u0131z 2-si i\u015f\u011faldan azad edilib. Onlara da&nbsp; k\u00f6\u00e7 olmay\u0131b. Qalan k\u0259ndl\u0259r h\u0259l\u0259 d\u0259 rus-erm\u0259ni i\u015f\u011fal\u0131 alt\u0131ndad\u0131r. El\u0259c\u0259 d\u0259 A\u011fd\u0259r\u0259nin, Xocav\u0259ndin, \u018fsg\u0259ran\u0131n, Xocal\u0131n\u0131n \u00f6z\u00fc v\u0259 k\u0259ndl\u0259ri h\u0259l\u0259 d\u0259 i\u015f\u011faldad\u0131r. \u0130\u015f\u011faldan azad edil\u0259n torpaqlar\u0131nsa xeyli hiss\u0259si el\u0259 2020-ci ild\u0259n \u0259kilir. Hans\u0131 q\u0259rarla, s\u0259r\u0259ncamla, hans\u0131 d\u00f6vl\u0259t proqram\u0131yla&#8230; b\u0259lli deyil.<\/p>\n\n\n\n<p>\u00d6t\u0259n il \u2013 2022-ci ilin 16 noyabr\u0131nda \u201cAz\u0259rbaycan Respublikas\u0131n\u0131n i\u015f\u011faldan azad edilmi\u015f \u0259razil\u0259rin\u0259 b\u00f6y\u00fck qay\u0131d\u0131\u015fa dair <a href=\"https:\/\/president.az\/az\/articles\/view\/57884\" target=\"_blank\" rel=\"noreferrer noopener\">I D\u00d6VL\u018fT PROQRAMI\u201d<\/a> q\u0259bul edilib. O proqramda torpaq islahat\u0131na aid ayr\u0131ca b\u0259ndl\u0259r var, eyni zamanda rayonlar\u0131n co\u011frafi m\u00f6vqeyi n\u0259z\u0259r\u0259 al\u0131naraq b\u00f6lg\u00fc apar\u0131l\u0131b:<\/p>\n\n\n\n<p>\u201c\u0130\u015f\u011faldan azad edilmi\u015f \u0259razil\u0259rin potensial\u0131 v\u0259 co\u011frafi \u015f\u0259raiti n\u0259z\u0259r\u0259 al\u0131naraq, K\u0259lb\u0259c\u0259r rayonu hasilat v\u0259 turizm s\u0259nayesi, A\u011fdam rayonu emal s\u0259nayesi, \u015eu\u015fa rayonu m\u0259d\u0259niyy\u0259t v\u0259 turizm s\u0259nayesi, C\u0259bray\u0131l rayonu ticar\u0259t-logistika xidm\u0259ti, Qubadl\u0131, Z\u0259ngilan, La\u00e7\u0131n, F\u00fczuli v\u0259 Xocav\u0259nd rayonlar\u0131 is\u0259 k\u0259nd t\u0259s\u0259rr\u00fcfat\u0131 v\u0259 turizm sah\u0259si \u00fczr\u0259 yeni iqtisadi m\u0259rk\u0259zl\u0259r kimi qiym\u0259tl\u0259ndiril\u0259 bil\u0259r\u201d.<\/p>\n\n\n\n<p>Bu b\u00f6lg\u00fcd\u0259n g\u00f6r\u00fcnd\u00fcy\u00fc kimi, maldarl\u0131q-qoyun\u00e7uluq t\u0259cr\u00fcb\u0259si olan K\u0259lb\u0259c\u0259r v\u0259 C\u0259bray\u0131lla ba\u011fl\u0131 h\u00f6kum\u0259tin plan\u0131 ayr\u0131d\u0131r. O rayonlar k\u0259nd t\u0259s\u0259rr\u00fcfat\u0131ndan uzaq tutulacaq. Siyah\u0131ya sal\u0131nan Xocav\u0259nd rayonunun \u00e7ox hiss\u0259si (rayon m\u0259rk\u0259zi d\u0259 daxil olmaqla) is\u0259 erm\u0259nil\u0259rin n\u0259zar\u0259tind\u0259dir, bu halda h\u0259min rayonla ba\u011fl\u0131 h\u00f6kum\u0259tin b\u00f6y\u00fck qay\u0131d\u0131\u015f plan\u0131 bir q\u0259d\u0259r anla\u015f\u0131lmazd\u0131r, y\u0259ni \u0259lind\u0259 olmayan rayonda k\u0259nd t\u0259s\u0259rr\u00fcfat\u0131 v\u0259 turizm nec\u0259 inki\u015faf etdiril\u0259c\u0259k? Xank\u0259ndiy\u0259 b\u00f6y\u00fck qay\u0131d\u0131\u015f plan\u0131n\u0131 kim ger\u00e7\u0259kl\u0259\u015fdir\u0259c\u0259k?!.<\/p>\n\n\n\n<p>Yeri g\u0259lmi\u015fk\u0259n, Qaraba\u011f iqtisadi rayonuna daxil olan i\u015f\u011faldan azad edilmi\u015f \u0259razil\u0259rd\u0259 (\u015eu\u015fa rayonu istisna olmaqla) Prezidentin x\u00fcsusi n\u00fcmay\u0259nd\u0259si Emin H\u00fcseynov 16 fevral 2023-c\u00fc ild\u0259 \u015e\u0259h\u0259rsalma M\u0259s\u0259l\u0259l\u0259ri \u00fczr\u0259 \u0130\u015f\u00e7i Qrupunun A\u011fdamda ke\u00e7iril\u0259n iclas\u0131nda deyib ki, Az\u0259rbaycan h\u00f6kum\u0259ti i\u015f\u011faldan azad edilmi\u015f \u0259razil\u0259rd\u0259 torpaq islahatlar\u0131n\u0131n h\u0259yata ke\u00e7irilm\u0259si il\u0259 ba\u011fl\u0131 beyn\u0259lxalq t\u0259cr\u00fcb\u0259ni \u00f6yr\u0259n\u0259c\u0259k:<\/p>\n\n\n\n<p>&#8220;Bu ay\u0131n sonunda d\u00f6vl\u0259t qurumlar\u0131n\u0131n r\u0259smil\u0259rind\u0259n ibar\u0259t b\u00f6y\u00fck n\u00fcmay\u0259nd\u0259 hey\u0259ti T\u00fcrkiy\u0259 v\u0259 \u0130srail\u0259 s\u0259f\u0259r ed\u0259c\u0259k, bu \u00f6lk\u0259l\u0259rin torpaq islahat\u0131 sah\u0259sind\u0259 t\u0259cr\u00fcb\u0259si \u00f6yr\u0259nil\u0259c\u0259k&#8221;.<\/p>\n\n\n\n<p>El\u0259 h\u0259min I D\u00f6vl\u0259t Proqram\u0131nda a\u015fa\u011f\u0131dak\u0131 b\u0259ndl\u0259r d\u0259 var:<\/p>\n\n\n\n<p><strong>5.1.10. <\/strong><em>Torpaq islahatlar\u0131n\u0131n apar\u0131lmas\u0131 il\u0259 ba\u011fl\u0131 t\u0259klifl\u0259r verilm\u0259si &#8211; 2023\u20122025<\/em>.<\/p>\n\n\n\n<p><strong>5.1.13.<\/strong> <em>K\u0259nd t\u0259s\u0259rr\u00fcfat\u0131 t\u0259yinatl\u0131 torpaqlar\u0131n torpaq islahat\u0131na q\u0259d\u0259r m\u00fcdd\u0259tli icar\u0259y\u0259 verilm\u0259si il\u0259 ba\u011fl\u0131 t\u0259dbirl\u0259r g\u00f6r\u00fclm\u0259si &#8211; 2022\u20122026.<\/em><\/p>\n\n\n\n<p>G\u00f6r\u00fcnd\u00fcy\u00fc kimi, h\u00f6kum\u0259tin torpaq islahat\u0131nda t\u0259l\u0259s\u0259n yeri yoxdur. Bunlar h\u0259l\u0259 2026-c\u0131 il\u0259 q\u0259d\u0259r t\u0259klifl\u0259r haz\u0131rlayacaq, o t\u0259klifl\u0259r \u0259sas\u0131nda da 2026-c\u0131 ild\u0259n sonra da torpaqlar\u0131 icar\u0259y\u0259 ver\u0259c\u0259k. Yen\u0259 mina t\u0259hl\u00fck\u0259sind\u0259n dan\u0131\u015f\u0131lacaq, \u0259halinin qay\u0131tmas\u0131n\u0131n t\u0259hl\u00fck\u0259li oldu\u011fu deyil\u0259c\u0259k, \u00fcst\u0259lik, \u00f6z torpaqlar\u0131na qay\u0131d\u0131b-qay\u0131tmamaqla ba\u011fl\u0131 qa\u00e7q\u0131nlar aras\u0131nda 2020-ci ild\u0259n ba\u015flanan sor\u011fular da davam etdiril\u0259c\u0259k&#8230;<\/p>\n\n\n\n<p>Yuxar\u0131da vur\u011fulad\u0131\u011f\u0131m\u0131z kimi, min hektarlarla torpaq ne\u00e7\u0259 ildir \u0259kilir. \u201cAz\u0259rsun\u201d, \u201cPa\u015fa-Holdinq\u201d, Hac\u0131 \u0130brahim, hans\u0131sa generallar torpaqlar\u0131 \u0259l\u0259 ke\u00e7irib \u0259kir, h\u0259r il sah\u0259sini geni\u015fl\u0259ndirir, \u015f\u00fcbh\u0259 yoxdur ki, torpaq islahat\u0131nda da udan onlar olacaq. \u00d6yr\u0259nil\u0259n \u201cbeyn\u0259lxalq t\u0259cr\u00fcb\u0259\u201d onlar\u0131n daha \u00e7ox torpaq m\u0259nims\u0259m\u0259sin\u0259 g\u0259tirib \u00e7\u0131xaracaq. 30 ild\u0259n art\u0131q torpaq h\u0259sr\u0259tind\u0259 olan qa\u00e7q\u0131na \u201ca\u011f\u0131ll\u0131 k\u0259nd\u201d, ya da \u201ca\u011f\u0131ll\u0131 \u015f\u0259h\u0259r\u201dd\u0259 2-3 otaql\u0131 ev, 6 sot da torpaq verib \u201cfiravan\u201d ya\u015fama\u011fa m\u0259cbur ed\u0259c\u0259kl\u0259r&#8230;<\/p>\n\n\n\n<p>\u201cTezlikl\u0259 \u00f6z do\u011fma d\u0259d\u0259-baba torpaqlar\u0131n\u0131za qay\u0131dacaqs\u0131z\u201d \u2013 uzun ill\u0259rdir apar\u0131lan bu t\u0259bli\u011fata indi qaraba\u011fl\u0131lar\u0131n a\u015fa\u011f\u0131dak\u0131 cavab\u0131n\u0131 e\u015fits\u0259niz, he\u00e7 d\u0259 t\u0259\u0259cc\u00fcbl\u0259nm\u0259yin:<\/p>\n\n\n\n<ul class=\"wp-block-list\">\n<li>Buyur, n\u0259n\u0259, bu da s\u0259n\u0259 Yuryev g\u00fcn\u00fc&#8230;<\/li>\n<\/ul>\n","protected":false},"excerpt":{"rendered":"<p>R\u00f6v\u015f\u0259n Hac\u0131b\u0259yli Qaraba\u011fda islahat torpaqlar tam \u0259l\u0259 ke\u00e7iril\u0259nd\u0259n sonra apar\u0131lacaq &#8230; <\/p>\n<p class=\"read-more-container\"><a title=\"YAPsaya\u011f\u0131 torpaq islahat\u0131\" class=\"read-more button\" href=\"https:\/\/www.meydan.tv\/az\/article\/yapsayagi-torpaq-islahati\/#more-271958\" aria-label=\"Read more about YAPsaya\u011f\u0131 torpaq islahat\u0131\">Davam\u0131<\/a><\/p>\n","protected":false},"author":8,"featured_media":271920,"comment_status":"closed","ping_status":"closed","sticky":false,"template":"","format":"standard","meta":{"_acf_changed":false,"_sitemap_exclude":false,"_sitemap_priority":"","_sitemap_frequency":"","footnotes":""},"categories":[57,79],"tags":[],"class_list":["post-271958","post","type-post","status-publish","format-standard","has-post-thumbnail","hentry","category-menim-fikrimce","category-featured","infinite-scroll-item","generate-columns","tablet-grid-50","mobile-grid-100","grid-parent","grid-33","no-featured-image-padding"],"acf":[],"yoast_head":"<!-- This site is optimized with the Yoast SEO plugin v27.4 - https:\/\/yoast.com\/product\/yoast-seo-wordpress\/ -->\n<title>YAPsaya\u011f\u0131 torpaq islahat\u0131 - MEYDAN.TV<\/title>\n<meta name=\"robots\" content=\"index, follow, max-snippet:-1, max-image-preview:large, max-video-preview:-1\" \/>\n<link rel=\"canonical\" href=\"https:\/\/www.meydan.tv\/az\/article\/yapsayagi-torpaq-islahati\/\" \/>\n<meta property=\"og:locale\" content=\"az_AZ\" \/>\n<meta property=\"og:type\" content=\"article\" \/>\n<meta property=\"og:title\" content=\"YAPsaya\u011f\u0131 torpaq islahat\u0131 - MEYDAN.TV\" \/>\n<meta property=\"og:description\" content=\"R\u00f6v\u015f\u0259n Hac\u0131b\u0259yli Qaraba\u011fda islahat torpaqlar tam \u0259l\u0259 ke\u00e7iril\u0259nd\u0259n sonra apar\u0131lacaq ... Davam\u0131\" \/>\n<meta property=\"og:url\" content=\"https:\/\/www.meydan.tv\/az\/article\/yapsayagi-torpaq-islahati\/\" \/>\n<meta property=\"og:site_name\" content=\"MEYDAN.TV\" \/>\n<meta property=\"article:published_time\" content=\"2023-04-03T06:58:27+00:00\" \/>\n<meta property=\"article:modified_time\" content=\"2023-04-03T06:58:32+00:00\" \/>\n<meta property=\"og:image\" content=\"https:\/\/www.meydan.tv\/wp-content\/uploads\/462694-1.jpg\" \/>\n\t<meta property=\"og:image:width\" content=\"1200\" \/>\n\t<meta property=\"og:image:height\" content=\"675\" \/>\n\t<meta property=\"og:image:type\" content=\"image\/jpeg\" \/>\n<meta name=\"author\" content=\"elli\" \/>\n<meta name=\"twitter:card\" content=\"summary_large_image\" \/>\n<meta name=\"twitter:creator\" content=\"@elli\" \/>\n<script type=\"application\/ld+json\" class=\"yoast-schema-graph\">{\"@context\":\"https:\\\/\\\/schema.org\",\"@graph\":[{\"@type\":\"Article\",\"@id\":\"https:\\\/\\\/www.meydan.tv\\\/az\\\/article\\\/yapsayagi-torpaq-islahati\\\/#article\",\"isPartOf\":{\"@id\":\"https:\\\/\\\/www.meydan.tv\\\/az\\\/article\\\/yapsayagi-torpaq-islahati\\\/\"},\"author\":{\"name\":\"elli\",\"@id\":\"https:\\\/\\\/www.meydan.tv\\\/az\\\/#\\\/schema\\\/person\\\/9cdbecf90d17180ce1dfbd95b08dcf47\"},\"headline\":\"YAPsaya\u011f\u0131 torpaq islahat\u0131\",\"datePublished\":\"2023-04-03T06:58:27+00:00\",\"dateModified\":\"2023-04-03T06:58:32+00:00\",\"mainEntityOfPage\":{\"@id\":\"https:\\\/\\\/www.meydan.tv\\\/az\\\/article\\\/yapsayagi-torpaq-islahati\\\/\"},\"wordCount\":1648,\"publisher\":{\"@id\":\"https:\\\/\\\/www.meydan.tv\\\/az\\\/#organization\"},\"image\":{\"@id\":\"https:\\\/\\\/www.meydan.tv\\\/az\\\/article\\\/yapsayagi-torpaq-islahati\\\/#primaryimage\"},\"thumbnailUrl\":\"https:\\\/\\\/www.meydan.tv\\\/wp-content\\\/uploads\\\/462694-1.jpg\",\"articleSection\":[\"M\u0259nim Fikrimc\u0259\",\"T\u00f6vsiy\u0259\"],\"inLanguage\":\"az\"},{\"@type\":\"WebPage\",\"@id\":\"https:\\\/\\\/www.meydan.tv\\\/az\\\/article\\\/yapsayagi-torpaq-islahati\\\/\",\"url\":\"https:\\\/\\\/www.meydan.tv\\\/az\\\/article\\\/yapsayagi-torpaq-islahati\\\/\",\"name\":\"YAPsaya\u011f\u0131 torpaq islahat\u0131 - MEYDAN.TV\",\"isPartOf\":{\"@id\":\"https:\\\/\\\/www.meydan.tv\\\/az\\\/#website\"},\"primaryImageOfPage\":{\"@id\":\"https:\\\/\\\/www.meydan.tv\\\/az\\\/article\\\/yapsayagi-torpaq-islahati\\\/#primaryimage\"},\"image\":{\"@id\":\"https:\\\/\\\/www.meydan.tv\\\/az\\\/article\\\/yapsayagi-torpaq-islahati\\\/#primaryimage\"},\"thumbnailUrl\":\"https:\\\/\\\/www.meydan.tv\\\/wp-content\\\/uploads\\\/462694-1.jpg\",\"datePublished\":\"2023-04-03T06:58:27+00:00\",\"dateModified\":\"2023-04-03T06:58:32+00:00\",\"breadcrumb\":{\"@id\":\"https:\\\/\\\/www.meydan.tv\\\/az\\\/article\\\/yapsayagi-torpaq-islahati\\\/#breadcrumb\"},\"inLanguage\":\"az\",\"potentialAction\":[{\"@type\":\"ReadAction\",\"target\":[\"https:\\\/\\\/www.meydan.tv\\\/az\\\/article\\\/yapsayagi-torpaq-islahati\\\/\"]}]},{\"@type\":\"ImageObject\",\"inLanguage\":\"az\",\"@id\":\"https:\\\/\\\/www.meydan.tv\\\/az\\\/article\\\/yapsayagi-torpaq-islahati\\\/#primaryimage\",\"url\":\"https:\\\/\\\/www.meydan.tv\\\/wp-content\\\/uploads\\\/462694-1.jpg\",\"contentUrl\":\"https:\\\/\\\/www.meydan.tv\\\/wp-content\\\/uploads\\\/462694-1.jpg\",\"width\":1200,\"height\":675,\"caption\":\"\u0130\u015f\u011faldan azad olunmu\u015f \u0259razil\u0259r. Foto: AAYDA\"},{\"@type\":\"BreadcrumbList\",\"@id\":\"https:\\\/\\\/www.meydan.tv\\\/az\\\/article\\\/yapsayagi-torpaq-islahati\\\/#breadcrumb\",\"itemListElement\":[{\"@type\":\"ListItem\",\"position\":1,\"name\":\"Ana s\u0259hif\u0259\",\"item\":\"https:\\\/\\\/www.meydan.tv\\\/az\\\/\"},{\"@type\":\"ListItem\",\"position\":2,\"name\":\"M\u0259nim Fikrimc\u0259\",\"item\":\"https:\\\/\\\/www.meydan.tv\\\/az\\\/section\\\/menim-fikrimce\\\/\"},{\"@type\":\"ListItem\",\"position\":3,\"name\":\"YAPsaya\u011f\u0131 torpaq islahat\u0131\"}]},{\"@type\":\"WebSite\",\"@id\":\"https:\\\/\\\/www.meydan.tv\\\/az\\\/#website\",\"url\":\"https:\\\/\\\/www.meydan.tv\\\/az\\\/\",\"name\":\"MEYDAN.TV\",\"description\":\"Meydan TV Az\u0259rbaycan\u0131n media m\u0259kan\u0131ndak\u0131 alternativ s\u0259sidir\",\"publisher\":{\"@id\":\"https:\\\/\\\/www.meydan.tv\\\/az\\\/#organization\"},\"potentialAction\":[{\"@type\":\"SearchAction\",\"target\":{\"@type\":\"EntryPoint\",\"urlTemplate\":\"https:\\\/\\\/www.meydan.tv\\\/az\\\/?s={search_term_string}\"},\"query-input\":{\"@type\":\"PropertyValueSpecification\",\"valueRequired\":true,\"valueName\":\"search_term_string\"}}],\"inLanguage\":\"az\"},{\"@type\":\"Organization\",\"@id\":\"https:\\\/\\\/www.meydan.tv\\\/az\\\/#organization\",\"name\":\"Meydan TV\",\"url\":\"https:\\\/\\\/www.meydan.tv\\\/az\\\/\",\"logo\":{\"@type\":\"ImageObject\",\"inLanguage\":\"az\",\"@id\":\"https:\\\/\\\/www.meydan.tv\\\/az\\\/#\\\/schema\\\/logo\\\/image\\\/\",\"url\":\"https:\\\/\\\/www.meydan.tv\\\/wp-content\\\/uploads\\\/2021\\\/07\\\/meydan-logo.svg\",\"contentUrl\":\"https:\\\/\\\/www.meydan.tv\\\/wp-content\\\/uploads\\\/2021\\\/07\\\/meydan-logo.svg\",\"width\":195,\"height\":46,\"caption\":\"Meydan TV\"},\"image\":{\"@id\":\"https:\\\/\\\/www.meydan.tv\\\/az\\\/#\\\/schema\\\/logo\\\/image\\\/\"}},{\"@type\":\"Person\",\"@id\":\"https:\\\/\\\/www.meydan.tv\\\/az\\\/#\\\/schema\\\/person\\\/9cdbecf90d17180ce1dfbd95b08dcf47\",\"name\":\"elli\",\"sameAs\":[\"https:\\\/\\\/x.com\\\/elli\"]}]}<\/script>\n<!-- \/ Yoast SEO plugin. -->","yoast_head_json":{"title":"YAPsaya\u011f\u0131 torpaq islahat\u0131 - MEYDAN.TV","robots":{"index":"index","follow":"follow","max-snippet":"max-snippet:-1","max-image-preview":"max-image-preview:large","max-video-preview":"max-video-preview:-1"},"canonical":"https:\/\/www.meydan.tv\/az\/article\/yapsayagi-torpaq-islahati\/","og_locale":"az_AZ","og_type":"article","og_title":"YAPsaya\u011f\u0131 torpaq islahat\u0131 - MEYDAN.TV","og_description":"R\u00f6v\u015f\u0259n Hac\u0131b\u0259yli Qaraba\u011fda islahat torpaqlar tam \u0259l\u0259 ke\u00e7iril\u0259nd\u0259n sonra apar\u0131lacaq ... Davam\u0131","og_url":"https:\/\/www.meydan.tv\/az\/article\/yapsayagi-torpaq-islahati\/","og_site_name":"MEYDAN.TV","article_published_time":"2023-04-03T06:58:27+00:00","article_modified_time":"2023-04-03T06:58:32+00:00","og_image":[{"width":1200,"height":675,"url":"https:\/\/www.meydan.tv\/wp-content\/uploads\/462694-1.jpg","type":"image\/jpeg"}],"author":"elli","twitter_card":"summary_large_image","twitter_creator":"@elli","schema":{"@context":"https:\/\/schema.org","@graph":[{"@type":"Article","@id":"https:\/\/www.meydan.tv\/az\/article\/yapsayagi-torpaq-islahati\/#article","isPartOf":{"@id":"https:\/\/www.meydan.tv\/az\/article\/yapsayagi-torpaq-islahati\/"},"author":{"name":"elli","@id":"https:\/\/www.meydan.tv\/az\/#\/schema\/person\/9cdbecf90d17180ce1dfbd95b08dcf47"},"headline":"YAPsaya\u011f\u0131 torpaq islahat\u0131","datePublished":"2023-04-03T06:58:27+00:00","dateModified":"2023-04-03T06:58:32+00:00","mainEntityOfPage":{"@id":"https:\/\/www.meydan.tv\/az\/article\/yapsayagi-torpaq-islahati\/"},"wordCount":1648,"publisher":{"@id":"https:\/\/www.meydan.tv\/az\/#organization"},"image":{"@id":"https:\/\/www.meydan.tv\/az\/article\/yapsayagi-torpaq-islahati\/#primaryimage"},"thumbnailUrl":"https:\/\/www.meydan.tv\/wp-content\/uploads\/462694-1.jpg","articleSection":["M\u0259nim Fikrimc\u0259","T\u00f6vsiy\u0259"],"inLanguage":"az"},{"@type":"WebPage","@id":"https:\/\/www.meydan.tv\/az\/article\/yapsayagi-torpaq-islahati\/","url":"https:\/\/www.meydan.tv\/az\/article\/yapsayagi-torpaq-islahati\/","name":"YAPsaya\u011f\u0131 torpaq islahat\u0131 - MEYDAN.TV","isPartOf":{"@id":"https:\/\/www.meydan.tv\/az\/#website"},"primaryImageOfPage":{"@id":"https:\/\/www.meydan.tv\/az\/article\/yapsayagi-torpaq-islahati\/#primaryimage"},"image":{"@id":"https:\/\/www.meydan.tv\/az\/article\/yapsayagi-torpaq-islahati\/#primaryimage"},"thumbnailUrl":"https:\/\/www.meydan.tv\/wp-content\/uploads\/462694-1.jpg","datePublished":"2023-04-03T06:58:27+00:00","dateModified":"2023-04-03T06:58:32+00:00","breadcrumb":{"@id":"https:\/\/www.meydan.tv\/az\/article\/yapsayagi-torpaq-islahati\/#breadcrumb"},"inLanguage":"az","potentialAction":[{"@type":"ReadAction","target":["https:\/\/www.meydan.tv\/az\/article\/yapsayagi-torpaq-islahati\/"]}]},{"@type":"ImageObject","inLanguage":"az","@id":"https:\/\/www.meydan.tv\/az\/article\/yapsayagi-torpaq-islahati\/#primaryimage","url":"https:\/\/www.meydan.tv\/wp-content\/uploads\/462694-1.jpg","contentUrl":"https:\/\/www.meydan.tv\/wp-content\/uploads\/462694-1.jpg","width":1200,"height":675,"caption":"\u0130\u015f\u011faldan azad olunmu\u015f \u0259razil\u0259r. Foto: AAYDA"},{"@type":"BreadcrumbList","@id":"https:\/\/www.meydan.tv\/az\/article\/yapsayagi-torpaq-islahati\/#breadcrumb","itemListElement":[{"@type":"ListItem","position":1,"name":"Ana s\u0259hif\u0259","item":"https:\/\/www.meydan.tv\/az\/"},{"@type":"ListItem","position":2,"name":"M\u0259nim Fikrimc\u0259","item":"https:\/\/www.meydan.tv\/az\/section\/menim-fikrimce\/"},{"@type":"ListItem","position":3,"name":"YAPsaya\u011f\u0131 torpaq islahat\u0131"}]},{"@type":"WebSite","@id":"https:\/\/www.meydan.tv\/az\/#website","url":"https:\/\/www.meydan.tv\/az\/","name":"MEYDAN.TV","description":"Meydan TV Az\u0259rbaycan\u0131n media m\u0259kan\u0131ndak\u0131 alternativ s\u0259sidir","publisher":{"@id":"https:\/\/www.meydan.tv\/az\/#organization"},"potentialAction":[{"@type":"SearchAction","target":{"@type":"EntryPoint","urlTemplate":"https:\/\/www.meydan.tv\/az\/?s={search_term_string}"},"query-input":{"@type":"PropertyValueSpecification","valueRequired":true,"valueName":"search_term_string"}}],"inLanguage":"az"},{"@type":"Organization","@id":"https:\/\/www.meydan.tv\/az\/#organization","name":"Meydan TV","url":"https:\/\/www.meydan.tv\/az\/","logo":{"@type":"ImageObject","inLanguage":"az","@id":"https:\/\/www.meydan.tv\/az\/#\/schema\/logo\/image\/","url":"https:\/\/www.meydan.tv\/wp-content\/uploads\/2021\/07\/meydan-logo.svg","contentUrl":"https:\/\/www.meydan.tv\/wp-content\/uploads\/2021\/07\/meydan-logo.svg","width":195,"height":46,"caption":"Meydan TV"},"image":{"@id":"https:\/\/www.meydan.tv\/az\/#\/schema\/logo\/image\/"}},{"@type":"Person","@id":"https:\/\/www.meydan.tv\/az\/#\/schema\/person\/9cdbecf90d17180ce1dfbd95b08dcf47","name":"elli","sameAs":["https:\/\/x.com\/elli"]}]}},"_links":{"self":[{"href":"https:\/\/www.meydan.tv\/az\/wp-json\/wp\/v2\/posts\/271958","targetHints":{"allow":["GET"]}}],"collection":[{"href":"https:\/\/www.meydan.tv\/az\/wp-json\/wp\/v2\/posts"}],"about":[{"href":"https:\/\/www.meydan.tv\/az\/wp-json\/wp\/v2\/types\/post"}],"author":[{"embeddable":true,"href":"https:\/\/www.meydan.tv\/az\/wp-json\/wp\/v2\/users\/8"}],"replies":[{"embeddable":true,"href":"https:\/\/www.meydan.tv\/az\/wp-json\/wp\/v2\/comments?post=271958"}],"version-history":[{"count":1,"href":"https:\/\/www.meydan.tv\/az\/wp-json\/wp\/v2\/posts\/271958\/revisions"}],"predecessor-version":[{"id":271959,"href":"https:\/\/www.meydan.tv\/az\/wp-json\/wp\/v2\/posts\/271958\/revisions\/271959"}],"wp:featuredmedia":[{"embeddable":true,"href":"https:\/\/www.meydan.tv\/az\/wp-json\/wp\/v2\/media\/271920"}],"wp:attachment":[{"href":"https:\/\/www.meydan.tv\/az\/wp-json\/wp\/v2\/media?parent=271958"}],"wp:term":[{"taxonomy":"category","embeddable":true,"href":"https:\/\/www.meydan.tv\/az\/wp-json\/wp\/v2\/categories?post=271958"},{"taxonomy":"post_tag","embeddable":true,"href":"https:\/\/www.meydan.tv\/az\/wp-json\/wp\/v2\/tags?post=271958"}],"curies":[{"name":"wp","href":"https:\/\/api.w.org\/{rel}","templated":true}]}}