{"id":271937,"date":"2023-03-31T20:04:44","date_gmt":"2023-03-31T16:04:44","guid":{"rendered":"https:\/\/www.meydan.tv\/?p=271937"},"modified":"2023-03-31T20:04:49","modified_gmt":"2023-03-31T16:04:49","slug":"lenkeran-sakini-menim-ovladim-herbi-xidmete-bu-veziyyetde-getmemisdi-axi","status":"publish","type":"post","link":"https:\/\/www.meydan.tv\/az\/article\/lenkeran-sakini-menim-ovladim-herbi-xidmete-bu-veziyyetde-getmemisdi-axi\/","title":{"rendered":"L\u0259nk\u0259ran sakini: \u201cM\u0259nim \u00f6vlad\u0131m h\u0259rbi xidm\u0259t\u0259 bu v\u0259ziyy\u0259td\u0259 getm\u0259mi\u015fdi ax\u0131\u201d"},"content":{"rendered":"\n<p><\/p>\n\n\n\n<p><strong><em>Habil S\u0259m\u0259dov: \u201cXahi\u015f edir\u0259m, d\u00f6vl\u0259t m\u0259suliyy\u0259tini n\u0259z\u0259r\u0259 als\u0131n\u2026\u201d<\/em><\/strong><\/p>\n\n\n\n<p>L\u0259nk\u0259ran rayonunun Osak\u00fc\u00e7\u0259 k\u0259nd sakini Habil S\u0259m\u0259dovun 19 ya\u015fl\u0131 o\u011flu R\u0259van S\u0259m\u0259dov haz\u0131rda Silahl\u0131 Q\u00fcvv\u0259l\u0259rin Ba\u015f Klinik Hospital\u0131nda (\u201cPapanin\u201d hospital\u0131) m\u00fcalic\u0259 olunur. Atas\u0131 deyir ki, 2022-ci ilin oktyabr\u0131nda o\u011flunu h\u0259rbi xidm\u0259t\u0259 yola salanda s\u0259hh\u0259tind\u0259 problemi yox idi.<\/p>\n\n\n\n<p><strong>\u201cM\u0259n sa\u011flam o\u011ful yola salm\u0131\u015fd\u0131m\u201d<\/strong><\/p>\n\n\n\n<p>\u201c<em>M\u0259n h\u0259rbi xidm\u0259t\u0259 sa\u011flam o\u011ful yola salm\u0131\u015fd\u0131m. \u018fsg\u0259rlikd\u0259n \u0259vv\u0259lki videolar\u0131, \u015f\u0259kill\u0259ri var. He\u00e7 \u00fcst\u00fcnd\u0259n alt\u0131 ay ke\u00e7m\u0259yib, \u00f6vlad\u0131m n\u0259 v\u0259ziyy\u0259td\u0259dir. \u018fvv\u0259ld\u0259n x\u0259st\u0259 olsayd\u0131, onu he\u00e7 aparmazd\u0131lar&#8230;\u201d, <\/em>&#8211; Habil S\u0259m\u0259dov Meydan TV-y\u0259 dan\u0131\u015f\u0131r.<\/p>\n\n\n\n<p>Onun s\u00f6zl\u0259rin\u0259 g\u00f6r\u0259, R\u0259van\u0131n x\u0259st\u0259liyil\u0259 ba\u011fl\u0131 d\u0259qiq diaqnoz haqda m\u0259lumat\u0131 yoxdur. \u00c7\u00fcnki hospital\u0131n h\u0259kiml\u0259ri bu bar\u0259d\u0259 ona m\u0259lumat verm\u0259yib.<\/p>\n\n\n\n<p>Habil S\u0259m\u0259dov deyir ki, o\u011flunun h\u0259r\u0259k\u0259t v\u0259 nitqind\u0259 ciddi probleml\u0259r yaran\u0131b \u2013 k\u0259k\u0259l\u0259yir, tez-tez q\u0131colmalar ya\u015fan\u0131r.<\/p>\n\n\n\n<p>R\u0259van S\u0259m\u0259dov 2022-ci il oktyabr\u0131n 4-d\u0259 L\u0259nk\u0259ran H\u0259rbi Komissarl\u0131\u011f\u0131ndan G\u0259nc\u0259d\u0259ki N sayl\u0131 h\u0259rbi hiss\u0259y\u0259 xidm\u0259t g\u00f6nd\u0259rilib. Karantin d\u00f6vr\u00fcn\u00fc orada ke\u00e7ib. T\u0259xmin\u0259n ayyar\u0131m sonra ail\u0259 \u00fczvl\u0259ri onun yan\u0131na ged\u0259nd\u0259 G\u0259nc\u0259d\u0259 x\u0259st\u0259xanada oldu\u011funu bilibl\u0259r. Bir m\u00fcdd\u0259t orada m\u00fcalic\u0259 olunub. Sonradan h\u0259rbi xidm\u0259tini davam etdirm\u0259k \u00fc\u00e7\u00fcn Goranboydak\u0131 N sayl\u0131 h\u0259rbi hiss\u0259y\u0259 g\u00f6nd\u0259rilib.<\/p>\n\n\n\n<figure class=\"wp-block-image size-full\"><img decoding=\"async\" width=\"1200\" height=\"800\" data-src=\"https:\/\/www.meydan.tv\/wp-content\/uploads\/untitled-design-2-87.jpg\" alt=\"\" class=\"wp-image-271931 lazyload\" src=\"data:image\/svg+xml;base64,PHN2ZyB3aWR0aD0iMSIgaGVpZ2h0PSIxIiB4bWxucz0iaHR0cDovL3d3dy53My5vcmcvMjAwMC9zdmciPjwvc3ZnPg==\" style=\"--smush-placeholder-width: 1200px; --smush-placeholder-aspect-ratio: 1200\/800;\" \/><\/figure>\n\n\n\n<p><strong>\u201cKomandir\u0259 demi\u015fdim ki, bu adamda tutmalar var\u201d<\/strong><\/p>\n\n\n\n<p>\u201c<em>Arada 15 g\u00fcnl\u00fck ev\u0259 m\u0259zuniyy\u0259t\u0259 g\u00f6nd\u0259rdil\u0259r. G\u00f6rd\u00fcm ki, bu, m\u0259nim \u0259sg\u0259r yola sald\u0131\u011f\u0131m u\u015faq deyil. Sonra yen\u0259 Goranboya qaytar\u0131lm\u0131\u015fd\u0131. H\u0259rbi hiss\u0259d\u0259 v\u0259ziyy\u0259ti yenid\u0259n pisl\u0259\u015fdiyin\u0259 g\u00f6r\u0259 ev\u0259 g\u00f6nd\u0259rmi\u015fdil\u0259r. Bu d\u0259f\u0259 onu iki \u0259sg\u0259rl\u0259 birlikd\u0259 g\u00f6nd\u0259rmi\u015fdil\u0259r, t\u0259k buraxmam\u0131\u015fd\u0131lar. M\u0259n\u0259 d\u0259 z\u0259ng el\u0259dil\u0259r ki, qar\u015f\u0131s\u0131na \u00e7\u0131x\u0131m. 15 g\u00fcnl\u00fck m\u0259zuniyy\u0259t\u0259 g\u0259l\u0259nd\u0259 d\u0259 komandir\u0259 demi\u015fdim ki, bu adamda tutmalar var. Amma s\u00f6z\u00fcm\u0259 baxmad\u0131lar, qaytard\u0131lar h\u0259rbi hiss\u0259y\u0259. Sonra g\u00f6rd\u00fcl\u0259r ki, m\u00fcmk\u00fcn deyil, g\u0259tirdil\u0259r \u201cPapanin\u201d hospital\u0131na&#8230;\u201d,<\/em> &#8211; Habil S\u0259m\u0259dov bildirib.<\/p>\n\n\n\n<p>R\u0259van S\u0259m\u0259dov mart\u0131n 12-d\u0259n Silahl\u0131 Q\u00fcvv\u0259l\u0259rin Ba\u015f Klinik Hospital\u0131nda m\u00fcalic\u0259 olunur. Atas\u0131n\u0131n s\u00f6zl\u0259rin\u0259 g\u00f6r\u0259, onda psixi probleml\u0259r d\u0259 m\u00fc\u015fahid\u0259 olunur. Son vaxtlar temperaturu da y\u00fcks\u0259kdir:<\/p>\n\n\n\n<p><strong>\u201cNarahatam ki, m\u0259ni yubadarlar\u201d<\/strong><\/p>\n\n\n\n<p>\u201c<em>\u00c7ox narahatam ki, m\u0259ni yubadarlar, aldadarlar. Ona g\u00f6r\u0259 xahi\u015f edir\u0259m, d\u00f6vl\u0259t bu m\u0259s\u0259l\u0259d\u0259 m\u0259suliyy\u0259tini n\u0259z\u0259r\u0259 als\u0131n, t\u0259dbir g\u00f6rs\u00fcn. \u018fg\u0259r burada m\u00fcalic\u0259si m\u00fcmk\u00fcn deyils\u0259, vaxt\u0131nda xarici \u00f6lk\u0259y\u0259 g\u00f6nd\u0259rsin.T\u0259ki \u00f6vlad\u0131m sa\u011fals\u0131n. M\u0259nim \u00f6vlad\u0131m h\u0259rbi xidm\u0259t\u0259 bu v\u0259ziyy\u0259td\u0259 getm\u0259mi\u015fdi ax\u0131&#8230;\u201d.<\/em><\/p>\n\n\n\n<p>Silahl\u0131 Q\u00fcvv\u0259l\u0259rin Ba\u015f Klinik Hospital\u0131ndan R\u0259van S\u0259m\u0259dovun durumu haqda Meydan TV-y\u0259 m\u0259lumat verm\u0259kd\u0259n imtina edibl\u0259r: \u201cX\u0259st\u0259l\u0259r haqq\u0131nda m\u0259lumatlar konfidensiald\u0131r v\u0259 he\u00e7 kim\u0259 m\u0259lumat verilmir. \u00dcmumiyy\u0259tl\u0259 is\u0259 b\u00fct\u00fcn x\u0259st\u0259l\u0259r\u0259 n\u0259 laz\u0131md\u0131rsa, olunur\u201d.<\/p>\n","protected":false},"excerpt":{"rendered":"<p>Habil S\u0259m\u0259dov: \u201cXahi\u015f edir\u0259m, d\u00f6vl\u0259t m\u0259suliyy\u0259tini n\u0259z\u0259r\u0259 als\u0131n\u2026\u201d L\u0259nk\u0259ran rayonunun &#8230; <\/p>\n<p class=\"read-more-container\"><a title=\"L\u0259nk\u0259ran sakini: \u201cM\u0259nim \u00f6vlad\u0131m h\u0259rbi xidm\u0259t\u0259 bu v\u0259ziyy\u0259td\u0259 getm\u0259mi\u015fdi ax\u0131\u201d\" class=\"read-more button\" href=\"https:\/\/www.meydan.tv\/az\/article\/lenkeran-sakini-menim-ovladim-herbi-xidmete-bu-veziyyetde-getmemisdi-axi\/#more-271937\" aria-label=\"Read more about L\u0259nk\u0259ran sakini: \u201cM\u0259nim \u00f6vlad\u0131m h\u0259rbi xidm\u0259t\u0259 bu v\u0259ziyy\u0259td\u0259 getm\u0259mi\u015fdi ax\u0131\u201d\">Davam\u0131<\/a><\/p>\n","protected":false},"author":8,"featured_media":271934,"comment_status":"closed","ping_status":"closed","sticky":false,"template":"","format":"standard","meta":{"_acf_changed":false,"_sitemap_exclude":false,"_sitemap_priority":"","_sitemap_frequency":"","footnotes":""},"categories":[60,56],"tags":[],"class_list":["post-271937","post","type-post","status-publish","format-standard","has-post-thumbnail","hentry","category-bolge","category-xeberler","infinite-scroll-item","generate-columns","tablet-grid-50","mobile-grid-100","grid-parent","grid-33","no-featured-image-padding"],"acf":[],"yoast_head":"<!-- This site is optimized with the Yoast SEO plugin v27.5 - https:\/\/yoast.com\/product\/yoast-seo-wordpress\/ -->\n<title>L\u0259nk\u0259ran sakini: \u201cM\u0259nim \u00f6vlad\u0131m h\u0259rbi xidm\u0259t\u0259 bu v\u0259ziyy\u0259td\u0259 getm\u0259mi\u015fdi ax\u0131\u201d - MEYDAN.TV<\/title>\n<meta name=\"robots\" content=\"index, follow, max-snippet:-1, max-image-preview:large, max-video-preview:-1\" \/>\n<link rel=\"canonical\" href=\"https:\/\/www.meydan.tv\/az\/article\/lenkeran-sakini-menim-ovladim-herbi-xidmete-bu-veziyyetde-getmemisdi-axi\/\" \/>\n<meta property=\"og:locale\" content=\"az_AZ\" \/>\n<meta property=\"og:type\" content=\"article\" \/>\n<meta property=\"og:title\" content=\"L\u0259nk\u0259ran sakini: \u201cM\u0259nim \u00f6vlad\u0131m h\u0259rbi xidm\u0259t\u0259 bu v\u0259ziyy\u0259td\u0259 getm\u0259mi\u015fdi ax\u0131\u201d - MEYDAN.TV\" \/>\n<meta property=\"og:description\" content=\"Habil S\u0259m\u0259dov: \u201cXahi\u015f edir\u0259m, d\u00f6vl\u0259t m\u0259suliyy\u0259tini n\u0259z\u0259r\u0259 als\u0131n\u2026\u201d L\u0259nk\u0259ran rayonunun ... Davam\u0131\" \/>\n<meta property=\"og:url\" content=\"https:\/\/www.meydan.tv\/az\/article\/lenkeran-sakini-menim-ovladim-herbi-xidmete-bu-veziyyetde-getmemisdi-axi\/\" \/>\n<meta property=\"og:site_name\" content=\"MEYDAN.TV\" \/>\n<meta property=\"article:published_time\" content=\"2023-03-31T16:04:44+00:00\" \/>\n<meta property=\"article:modified_time\" content=\"2023-03-31T16:04:49+00:00\" \/>\n<meta property=\"og:image\" content=\"https:\/\/www.meydan.tv\/wp-content\/uploads\/untitled-design-3-70-e1680278674387.jpg\" \/>\n\t<meta property=\"og:image:width\" content=\"1200\" \/>\n\t<meta property=\"og:image:height\" content=\"687\" \/>\n\t<meta property=\"og:image:type\" content=\"image\/jpeg\" \/>\n<meta name=\"author\" content=\"elli\" \/>\n<meta name=\"twitter:card\" content=\"summary_large_image\" \/>\n<meta name=\"twitter:creator\" content=\"@elli\" \/>\n<script type=\"application\/ld+json\" class=\"yoast-schema-graph\">{\"@context\":\"https:\\\/\\\/schema.org\",\"@graph\":[{\"@type\":\"Article\",\"@id\":\"https:\\\/\\\/www.meydan.tv\\\/az\\\/article\\\/lenkeran-sakini-menim-ovladim-herbi-xidmete-bu-veziyyetde-getmemisdi-axi\\\/#article\",\"isPartOf\":{\"@id\":\"https:\\\/\\\/www.meydan.tv\\\/az\\\/article\\\/lenkeran-sakini-menim-ovladim-herbi-xidmete-bu-veziyyetde-getmemisdi-axi\\\/\"},\"author\":{\"name\":\"elli\",\"@id\":\"https:\\\/\\\/www.meydan.tv\\\/az\\\/#\\\/schema\\\/person\\\/9cdbecf90d17180ce1dfbd95b08dcf47\"},\"headline\":\"L\u0259nk\u0259ran sakini: \u201cM\u0259nim \u00f6vlad\u0131m h\u0259rbi xidm\u0259t\u0259 bu v\u0259ziyy\u0259td\u0259 getm\u0259mi\u015fdi ax\u0131\u201d\",\"datePublished\":\"2023-03-31T16:04:44+00:00\",\"dateModified\":\"2023-03-31T16:04:49+00:00\",\"mainEntityOfPage\":{\"@id\":\"https:\\\/\\\/www.meydan.tv\\\/az\\\/article\\\/lenkeran-sakini-menim-ovladim-herbi-xidmete-bu-veziyyetde-getmemisdi-axi\\\/\"},\"wordCount\":643,\"publisher\":{\"@id\":\"https:\\\/\\\/www.meydan.tv\\\/az\\\/#organization\"},\"image\":{\"@id\":\"https:\\\/\\\/www.meydan.tv\\\/az\\\/article\\\/lenkeran-sakini-menim-ovladim-herbi-xidmete-bu-veziyyetde-getmemisdi-axi\\\/#primaryimage\"},\"thumbnailUrl\":\"https:\\\/\\\/www.meydan.tv\\\/wp-content\\\/uploads\\\/untitled-design-3-70-e1680278674387.jpg\",\"articleSection\":[\"B\u00f6lg\u0259\",\"X\u0259b\u0259rl\u0259r\"],\"inLanguage\":\"az\"},{\"@type\":\"WebPage\",\"@id\":\"https:\\\/\\\/www.meydan.tv\\\/az\\\/article\\\/lenkeran-sakini-menim-ovladim-herbi-xidmete-bu-veziyyetde-getmemisdi-axi\\\/\",\"url\":\"https:\\\/\\\/www.meydan.tv\\\/az\\\/article\\\/lenkeran-sakini-menim-ovladim-herbi-xidmete-bu-veziyyetde-getmemisdi-axi\\\/\",\"name\":\"L\u0259nk\u0259ran sakini: \u201cM\u0259nim \u00f6vlad\u0131m h\u0259rbi xidm\u0259t\u0259 bu v\u0259ziyy\u0259td\u0259 getm\u0259mi\u015fdi ax\u0131\u201d - MEYDAN.TV\",\"isPartOf\":{\"@id\":\"https:\\\/\\\/www.meydan.tv\\\/az\\\/#website\"},\"primaryImageOfPage\":{\"@id\":\"https:\\\/\\\/www.meydan.tv\\\/az\\\/article\\\/lenkeran-sakini-menim-ovladim-herbi-xidmete-bu-veziyyetde-getmemisdi-axi\\\/#primaryimage\"},\"image\":{\"@id\":\"https:\\\/\\\/www.meydan.tv\\\/az\\\/article\\\/lenkeran-sakini-menim-ovladim-herbi-xidmete-bu-veziyyetde-getmemisdi-axi\\\/#primaryimage\"},\"thumbnailUrl\":\"https:\\\/\\\/www.meydan.tv\\\/wp-content\\\/uploads\\\/untitled-design-3-70-e1680278674387.jpg\",\"datePublished\":\"2023-03-31T16:04:44+00:00\",\"dateModified\":\"2023-03-31T16:04:49+00:00\",\"breadcrumb\":{\"@id\":\"https:\\\/\\\/www.meydan.tv\\\/az\\\/article\\\/lenkeran-sakini-menim-ovladim-herbi-xidmete-bu-veziyyetde-getmemisdi-axi\\\/#breadcrumb\"},\"inLanguage\":\"az\",\"potentialAction\":[{\"@type\":\"ReadAction\",\"target\":[\"https:\\\/\\\/www.meydan.tv\\\/az\\\/article\\\/lenkeran-sakini-menim-ovladim-herbi-xidmete-bu-veziyyetde-getmemisdi-axi\\\/\"]}]},{\"@type\":\"ImageObject\",\"inLanguage\":\"az\",\"@id\":\"https:\\\/\\\/www.meydan.tv\\\/az\\\/article\\\/lenkeran-sakini-menim-ovladim-herbi-xidmete-bu-veziyyetde-getmemisdi-axi\\\/#primaryimage\",\"url\":\"https:\\\/\\\/www.meydan.tv\\\/wp-content\\\/uploads\\\/untitled-design-3-70-e1680278674387.jpg\",\"contentUrl\":\"https:\\\/\\\/www.meydan.tv\\\/wp-content\\\/uploads\\\/untitled-design-3-70-e1680278674387.jpg\",\"width\":1200,\"height\":687,\"caption\":\"Habil S\u0259m\u0259dov v\u0259 o\u011flu R\u0259van S\u0259m\u0259dov. Fotolar: ail\u0259 albomundan\"},{\"@type\":\"BreadcrumbList\",\"@id\":\"https:\\\/\\\/www.meydan.tv\\\/az\\\/article\\\/lenkeran-sakini-menim-ovladim-herbi-xidmete-bu-veziyyetde-getmemisdi-axi\\\/#breadcrumb\",\"itemListElement\":[{\"@type\":\"ListItem\",\"position\":1,\"name\":\"Ana s\u0259hif\u0259\",\"item\":\"https:\\\/\\\/www.meydan.tv\\\/az\\\/\"},{\"@type\":\"ListItem\",\"position\":2,\"name\":\"B\u00f6lg\u0259\",\"item\":\"https:\\\/\\\/www.meydan.tv\\\/az\\\/section\\\/bolge\\\/\"},{\"@type\":\"ListItem\",\"position\":3,\"name\":\"L\u0259nk\u0259ran sakini: \u201cM\u0259nim \u00f6vlad\u0131m h\u0259rbi xidm\u0259t\u0259 bu v\u0259ziyy\u0259td\u0259 getm\u0259mi\u015fdi ax\u0131\u201d\"}]},{\"@type\":\"WebSite\",\"@id\":\"https:\\\/\\\/www.meydan.tv\\\/az\\\/#website\",\"url\":\"https:\\\/\\\/www.meydan.tv\\\/az\\\/\",\"name\":\"MEYDAN.TV\",\"description\":\"Meydan TV Az\u0259rbaycan\u0131n media m\u0259kan\u0131ndak\u0131 alternativ s\u0259sidir\",\"publisher\":{\"@id\":\"https:\\\/\\\/www.meydan.tv\\\/az\\\/#organization\"},\"potentialAction\":[{\"@type\":\"SearchAction\",\"target\":{\"@type\":\"EntryPoint\",\"urlTemplate\":\"https:\\\/\\\/www.meydan.tv\\\/az\\\/?s={search_term_string}\"},\"query-input\":{\"@type\":\"PropertyValueSpecification\",\"valueRequired\":true,\"valueName\":\"search_term_string\"}}],\"inLanguage\":\"az\"},{\"@type\":\"Organization\",\"@id\":\"https:\\\/\\\/www.meydan.tv\\\/az\\\/#organization\",\"name\":\"Meydan TV\",\"url\":\"https:\\\/\\\/www.meydan.tv\\\/az\\\/\",\"logo\":{\"@type\":\"ImageObject\",\"inLanguage\":\"az\",\"@id\":\"https:\\\/\\\/www.meydan.tv\\\/az\\\/#\\\/schema\\\/logo\\\/image\\\/\",\"url\":\"https:\\\/\\\/www.meydan.tv\\\/wp-content\\\/uploads\\\/2021\\\/07\\\/meydan-logo.svg\",\"contentUrl\":\"https:\\\/\\\/www.meydan.tv\\\/wp-content\\\/uploads\\\/2021\\\/07\\\/meydan-logo.svg\",\"width\":195,\"height\":46,\"caption\":\"Meydan TV\"},\"image\":{\"@id\":\"https:\\\/\\\/www.meydan.tv\\\/az\\\/#\\\/schema\\\/logo\\\/image\\\/\"}},{\"@type\":\"Person\",\"@id\":\"https:\\\/\\\/www.meydan.tv\\\/az\\\/#\\\/schema\\\/person\\\/9cdbecf90d17180ce1dfbd95b08dcf47\",\"name\":\"elli\",\"sameAs\":[\"https:\\\/\\\/x.com\\\/elli\"]}]}<\/script>\n<!-- \/ Yoast SEO plugin. -->","yoast_head_json":{"title":"L\u0259nk\u0259ran sakini: \u201cM\u0259nim \u00f6vlad\u0131m h\u0259rbi xidm\u0259t\u0259 bu v\u0259ziyy\u0259td\u0259 getm\u0259mi\u015fdi ax\u0131\u201d - MEYDAN.TV","robots":{"index":"index","follow":"follow","max-snippet":"max-snippet:-1","max-image-preview":"max-image-preview:large","max-video-preview":"max-video-preview:-1"},"canonical":"https:\/\/www.meydan.tv\/az\/article\/lenkeran-sakini-menim-ovladim-herbi-xidmete-bu-veziyyetde-getmemisdi-axi\/","og_locale":"az_AZ","og_type":"article","og_title":"L\u0259nk\u0259ran sakini: \u201cM\u0259nim \u00f6vlad\u0131m h\u0259rbi xidm\u0259t\u0259 bu v\u0259ziyy\u0259td\u0259 getm\u0259mi\u015fdi ax\u0131\u201d - MEYDAN.TV","og_description":"Habil S\u0259m\u0259dov: \u201cXahi\u015f edir\u0259m, d\u00f6vl\u0259t m\u0259suliyy\u0259tini n\u0259z\u0259r\u0259 als\u0131n\u2026\u201d L\u0259nk\u0259ran rayonunun ... Davam\u0131","og_url":"https:\/\/www.meydan.tv\/az\/article\/lenkeran-sakini-menim-ovladim-herbi-xidmete-bu-veziyyetde-getmemisdi-axi\/","og_site_name":"MEYDAN.TV","article_published_time":"2023-03-31T16:04:44+00:00","article_modified_time":"2023-03-31T16:04:49+00:00","og_image":[{"width":1200,"height":687,"url":"https:\/\/www.meydan.tv\/wp-content\/uploads\/untitled-design-3-70-e1680278674387.jpg","type":"image\/jpeg"}],"author":"elli","twitter_card":"summary_large_image","twitter_creator":"@elli","schema":{"@context":"https:\/\/schema.org","@graph":[{"@type":"Article","@id":"https:\/\/www.meydan.tv\/az\/article\/lenkeran-sakini-menim-ovladim-herbi-xidmete-bu-veziyyetde-getmemisdi-axi\/#article","isPartOf":{"@id":"https:\/\/www.meydan.tv\/az\/article\/lenkeran-sakini-menim-ovladim-herbi-xidmete-bu-veziyyetde-getmemisdi-axi\/"},"author":{"name":"elli","@id":"https:\/\/www.meydan.tv\/az\/#\/schema\/person\/9cdbecf90d17180ce1dfbd95b08dcf47"},"headline":"L\u0259nk\u0259ran sakini: \u201cM\u0259nim \u00f6vlad\u0131m h\u0259rbi xidm\u0259t\u0259 bu v\u0259ziyy\u0259td\u0259 getm\u0259mi\u015fdi ax\u0131\u201d","datePublished":"2023-03-31T16:04:44+00:00","dateModified":"2023-03-31T16:04:49+00:00","mainEntityOfPage":{"@id":"https:\/\/www.meydan.tv\/az\/article\/lenkeran-sakini-menim-ovladim-herbi-xidmete-bu-veziyyetde-getmemisdi-axi\/"},"wordCount":643,"publisher":{"@id":"https:\/\/www.meydan.tv\/az\/#organization"},"image":{"@id":"https:\/\/www.meydan.tv\/az\/article\/lenkeran-sakini-menim-ovladim-herbi-xidmete-bu-veziyyetde-getmemisdi-axi\/#primaryimage"},"thumbnailUrl":"https:\/\/www.meydan.tv\/wp-content\/uploads\/untitled-design-3-70-e1680278674387.jpg","articleSection":["B\u00f6lg\u0259","X\u0259b\u0259rl\u0259r"],"inLanguage":"az"},{"@type":"WebPage","@id":"https:\/\/www.meydan.tv\/az\/article\/lenkeran-sakini-menim-ovladim-herbi-xidmete-bu-veziyyetde-getmemisdi-axi\/","url":"https:\/\/www.meydan.tv\/az\/article\/lenkeran-sakini-menim-ovladim-herbi-xidmete-bu-veziyyetde-getmemisdi-axi\/","name":"L\u0259nk\u0259ran sakini: \u201cM\u0259nim \u00f6vlad\u0131m h\u0259rbi xidm\u0259t\u0259 bu v\u0259ziyy\u0259td\u0259 getm\u0259mi\u015fdi ax\u0131\u201d - MEYDAN.TV","isPartOf":{"@id":"https:\/\/www.meydan.tv\/az\/#website"},"primaryImageOfPage":{"@id":"https:\/\/www.meydan.tv\/az\/article\/lenkeran-sakini-menim-ovladim-herbi-xidmete-bu-veziyyetde-getmemisdi-axi\/#primaryimage"},"image":{"@id":"https:\/\/www.meydan.tv\/az\/article\/lenkeran-sakini-menim-ovladim-herbi-xidmete-bu-veziyyetde-getmemisdi-axi\/#primaryimage"},"thumbnailUrl":"https:\/\/www.meydan.tv\/wp-content\/uploads\/untitled-design-3-70-e1680278674387.jpg","datePublished":"2023-03-31T16:04:44+00:00","dateModified":"2023-03-31T16:04:49+00:00","breadcrumb":{"@id":"https:\/\/www.meydan.tv\/az\/article\/lenkeran-sakini-menim-ovladim-herbi-xidmete-bu-veziyyetde-getmemisdi-axi\/#breadcrumb"},"inLanguage":"az","potentialAction":[{"@type":"ReadAction","target":["https:\/\/www.meydan.tv\/az\/article\/lenkeran-sakini-menim-ovladim-herbi-xidmete-bu-veziyyetde-getmemisdi-axi\/"]}]},{"@type":"ImageObject","inLanguage":"az","@id":"https:\/\/www.meydan.tv\/az\/article\/lenkeran-sakini-menim-ovladim-herbi-xidmete-bu-veziyyetde-getmemisdi-axi\/#primaryimage","url":"https:\/\/www.meydan.tv\/wp-content\/uploads\/untitled-design-3-70-e1680278674387.jpg","contentUrl":"https:\/\/www.meydan.tv\/wp-content\/uploads\/untitled-design-3-70-e1680278674387.jpg","width":1200,"height":687,"caption":"Habil S\u0259m\u0259dov v\u0259 o\u011flu R\u0259van S\u0259m\u0259dov. Fotolar: ail\u0259 albomundan"},{"@type":"BreadcrumbList","@id":"https:\/\/www.meydan.tv\/az\/article\/lenkeran-sakini-menim-ovladim-herbi-xidmete-bu-veziyyetde-getmemisdi-axi\/#breadcrumb","itemListElement":[{"@type":"ListItem","position":1,"name":"Ana s\u0259hif\u0259","item":"https:\/\/www.meydan.tv\/az\/"},{"@type":"ListItem","position":2,"name":"B\u00f6lg\u0259","item":"https:\/\/www.meydan.tv\/az\/section\/bolge\/"},{"@type":"ListItem","position":3,"name":"L\u0259nk\u0259ran sakini: \u201cM\u0259nim \u00f6vlad\u0131m h\u0259rbi xidm\u0259t\u0259 bu v\u0259ziyy\u0259td\u0259 getm\u0259mi\u015fdi ax\u0131\u201d"}]},{"@type":"WebSite","@id":"https:\/\/www.meydan.tv\/az\/#website","url":"https:\/\/www.meydan.tv\/az\/","name":"MEYDAN.TV","description":"Meydan TV Az\u0259rbaycan\u0131n media m\u0259kan\u0131ndak\u0131 alternativ s\u0259sidir","publisher":{"@id":"https:\/\/www.meydan.tv\/az\/#organization"},"potentialAction":[{"@type":"SearchAction","target":{"@type":"EntryPoint","urlTemplate":"https:\/\/www.meydan.tv\/az\/?s={search_term_string}"},"query-input":{"@type":"PropertyValueSpecification","valueRequired":true,"valueName":"search_term_string"}}],"inLanguage":"az"},{"@type":"Organization","@id":"https:\/\/www.meydan.tv\/az\/#organization","name":"Meydan TV","url":"https:\/\/www.meydan.tv\/az\/","logo":{"@type":"ImageObject","inLanguage":"az","@id":"https:\/\/www.meydan.tv\/az\/#\/schema\/logo\/image\/","url":"https:\/\/www.meydan.tv\/wp-content\/uploads\/2021\/07\/meydan-logo.svg","contentUrl":"https:\/\/www.meydan.tv\/wp-content\/uploads\/2021\/07\/meydan-logo.svg","width":195,"height":46,"caption":"Meydan TV"},"image":{"@id":"https:\/\/www.meydan.tv\/az\/#\/schema\/logo\/image\/"}},{"@type":"Person","@id":"https:\/\/www.meydan.tv\/az\/#\/schema\/person\/9cdbecf90d17180ce1dfbd95b08dcf47","name":"elli","sameAs":["https:\/\/x.com\/elli"]}]}},"_links":{"self":[{"href":"https:\/\/www.meydan.tv\/az\/wp-json\/wp\/v2\/posts\/271937","targetHints":{"allow":["GET"]}}],"collection":[{"href":"https:\/\/www.meydan.tv\/az\/wp-json\/wp\/v2\/posts"}],"about":[{"href":"https:\/\/www.meydan.tv\/az\/wp-json\/wp\/v2\/types\/post"}],"author":[{"embeddable":true,"href":"https:\/\/www.meydan.tv\/az\/wp-json\/wp\/v2\/users\/8"}],"replies":[{"embeddable":true,"href":"https:\/\/www.meydan.tv\/az\/wp-json\/wp\/v2\/comments?post=271937"}],"version-history":[{"count":1,"href":"https:\/\/www.meydan.tv\/az\/wp-json\/wp\/v2\/posts\/271937\/revisions"}],"predecessor-version":[{"id":271938,"href":"https:\/\/www.meydan.tv\/az\/wp-json\/wp\/v2\/posts\/271937\/revisions\/271938"}],"wp:featuredmedia":[{"embeddable":true,"href":"https:\/\/www.meydan.tv\/az\/wp-json\/wp\/v2\/media\/271934"}],"wp:attachment":[{"href":"https:\/\/www.meydan.tv\/az\/wp-json\/wp\/v2\/media?parent=271937"}],"wp:term":[{"taxonomy":"category","embeddable":true,"href":"https:\/\/www.meydan.tv\/az\/wp-json\/wp\/v2\/categories?post=271937"},{"taxonomy":"post_tag","embeddable":true,"href":"https:\/\/www.meydan.tv\/az\/wp-json\/wp\/v2\/tags?post=271937"}],"curies":[{"name":"wp","href":"https:\/\/api.w.org\/{rel}","templated":true}]}}