{"id":271834,"date":"2023-03-31T12:01:56","date_gmt":"2023-03-31T08:01:56","guid":{"rendered":"https:\/\/www.meydan.tv\/?p=271834"},"modified":"2023-03-31T12:01:59","modified_gmt":"2023-03-31T08:01:59","slug":"celilabad-bazarindaki-yangindan-ziyan-cekenler-fhn-deki-istintaqdan-narazidir","status":"publish","type":"post","link":"https:\/\/www.meydan.tv\/az\/article\/celilabad-bazarindaki-yangindan-ziyan-cekenler-fhn-deki-istintaqdan-narazidir\/","title":{"rendered":"C\u0259lilabad bazar\u0131ndak\u0131 yan\u011f\u0131ndan ziyan \u00e7\u0259k\u0259nl\u0259r FHN-d\u0259ki istintaqdan naraz\u0131d\u0131r"},"content":{"rendered":"\n<p><\/p>\n\n\n\n<p><strong><em>\u201c8 ayd\u0131r ortada he\u00e7 bir n\u0259tic\u0259 yoxdur, n\u0259 m\u0259suliyy\u0259t\u0259 c\u0259lb olunan var, n\u0259 pulumuzu ver\u0259n&#8230;\u201d<\/em><\/strong><\/p>\n\n\n\n<p>2022-ci il avqustun 21-d\u0259 C\u0259lilabad rayonunun G\u00f6yt\u0259p\u0259 \u015f\u0259h\u0259r bazar\u0131nda ba\u015f vermi\u015f yan\u011f\u0131ndan z\u0259r\u0259r g\u00f6r\u0259nl\u0259r F\u00f6vq\u0259lad\u0259 Hallar Nazirliyinin (FHN) \u018fm\u0259liyyat-\u0130stintaq \u0130dar\u0259sind\u0259 ged\u0259n ara\u015fd\u0131rmalardan naraz\u0131d\u0131r. Z\u0259r\u0259r\u00e7\u0259k\u0259nl\u0259r deyir ki, hadis\u0259d\u0259n 8 ay ke\u00e7m\u0259sin\u0259 baxmayaraq, ortada n\u0259tic\u0259 yoxdur \u2013 n\u0259 t\u0259qsirkar m\u00fc\u0259yy\u0259nl\u0259\u015fdiril\u0259r\u0259k cinay\u0259t m\u0259suliyy\u0259tin\u0259 c\u0259lb olunub, n\u0259 d\u0259 onlara d\u0259y\u0259n ziyan \u00f6d\u0259nilib.<\/p>\n\n\n\n<p><strong>\u201cN\u0259 q\u0259d\u0259r mal vard\u0131sa, ham\u0131s\u0131 yand\u0131\u201d<\/strong><\/p>\n\n\n\n<p>Yan\u011f\u0131ndan ziyan g\u00f6r\u0259nl\u0259r FHN-\u0259, prokurorlu\u011fa d\u0259f\u0259l\u0259rl\u0259 m\u0259ktub g\u00f6nd\u0259ribl\u0259r, naraz\u0131l\u0131qlar\u0131n\u0131 \u00e7atd\u0131r\u0131blar. Onlar prosesin s\u00fcr\u0259tl\u0259nm\u0259sini ist\u0259yirl\u0259r.<\/p>\n\n\n\n<p>Naraz\u0131lardan biri d\u0259 C\u0259lilabad sakini, 49 ya\u015fl\u0131 S\u00fcdab\u0259 Aslanovad\u0131r. O, Meydan TV-y\u0259 dan\u0131\u015f\u0131r ki, yan\u011f\u0131n n\u0259tic\u0259sind\u0259 200 min manatdan \u00e7ox ziyana d\u00fc\u015f\u00fcb:<\/p>\n\n\n\n<figure class=\"wp-block-image size-full\"><img decoding=\"async\" width=\"1200\" height=\"589\" data-src=\"https:\/\/www.meydan.tv\/wp-content\/uploads\/photo-2023-03-31-11-33-29_720.jpg\" alt=\"\" class=\"wp-image-271825 lazyload\" src=\"data:image\/svg+xml;base64,PHN2ZyB3aWR0aD0iMSIgaGVpZ2h0PSIxIiB4bWxucz0iaHR0cDovL3d3dy53My5vcmcvMjAwMC9zdmciPjwvc3ZnPg==\" style=\"--smush-placeholder-width: 1200px; --smush-placeholder-aspect-ratio: 1200\/589;\" \/><\/figure>\n\n\n\n<p>\u201c<em>Hadis\u0259 avqustun 21-d\u0259 ba\u015f verib. M\u0259kt\u0259bl\u0259r ba\u015flayacaqd\u0131 dey\u0259, m\u0259n d\u0259 avqustun 16-da yeni mallar g\u0259tirmi\u015fdim. Biz h\u0259m pal-paltar, h\u0259m d\u0259 ba\u015fqa \u0259\u015fyalar sat\u0131rd\u0131q. M\u0259nim d\u00fckan\u0131m 260 kvadrat metrdi. T\u0259s\u0259vv\u00fcr edin, o boyda yerd\u0259 n\u0259 q\u0259d\u0259r mal olar bil\u0259rdis\u0259, ham\u0131s\u0131 yand\u0131\u201d.<\/em><\/p>\n\n\n\n<p><strong>\u201cG\u00fcnahkar da m\u0259suliyy\u0259t hiss el\u0259mir ki, pulu verm\u0259k laz\u0131md\u0131r\u201d<\/strong><\/p>\n\n\n\n<p>S\u00fcdab\u0259 Aslanovan\u0131n s\u00f6zl\u0259rin\u0259 g\u00f6r\u0259, C\u0259lilabadda ma\u011fazada satd\u0131\u011f\u0131 mallar\u0131 \u201cS\u0259d\u0259r\u0259k\u201d, \u201cBin\u0259\u201d ticar\u0259t m\u0259rk\u0259zl\u0259rind\u0259n nisy\u0259 g\u00f6t\u00fcr\u00fcb, sonradan pullar\u0131n\u0131 \u00f6d\u0259yir. Hadis\u0259 vaxt\u0131 yananlar da nisy\u0259 g\u00f6t\u00fcr\u00fcl\u0259nl\u0259r olub. Deyir ki, mal sahibl\u0259ri ondan pullar\u0131n\u0131 t\u0259l\u0259b edirl\u0259r. Bu bax\u0131mdan \u00e7\u0131x\u0131lmaz v\u0259ziyy\u0259td\u0259 qal\u0131b:<\/p>\n\n\n\n<figure class=\"wp-block-image size-full\"><img decoding=\"async\" width=\"1200\" height=\"614\" data-src=\"https:\/\/www.meydan.tv\/wp-content\/uploads\/photo-2023-03-31-11-33-32_720.jpg\" alt=\"\" class=\"wp-image-271822 lazyload\" src=\"data:image\/svg+xml;base64,PHN2ZyB3aWR0aD0iMSIgaGVpZ2h0PSIxIiB4bWxucz0iaHR0cDovL3d3dy53My5vcmcvMjAwMC9zdmciPjwvc3ZnPg==\" style=\"--smush-placeholder-width: 1200px; --smush-placeholder-aspect-ratio: 1200\/614;\" \/><\/figure>\n\n\n\n<p>\u201c<em>T\u0259kc\u0259 m\u0259n bu v\u0259ziyy\u0259td\u0259 deyil\u0259m, bazardak\u0131 ba\u015fqa yolda\u015flar da eyni g\u00fcnd\u0259dir. H\u0259r d\u0259f\u0259 deyir\u0259m ki, istintaq gedir, n\u0259tic\u0259 olsun, pulumuz verilsin, m\u0259n d\u0259 mal\u0131n pulunu \u00f6d\u0259y\u0259c\u0259m. 8 ayd\u0131r art\u0131q&#8230; M\u00fcst\u0259ntiq Zaur m\u00fc\u0259llim g\u0259lir, yaz\u0131r, \u00e7\u0131x\u0131r gedir, ortada da he\u00e7 bir n\u0259tic\u0259 yoxdur. N\u0259 bir m\u0259suliyy\u0259t\u0259 c\u0259lb olunan var, n\u0259 pulumuzu ver\u0259n. G\u00fcnahkar da bir m\u0259suliyy\u0259t hiss el\u0259mir ki, insanlara d\u0259ymi\u015f ziyan\u0131 \u00f6d\u0259m\u0259k laz\u0131md\u0131r\u201d<\/em>.<\/p>\n\n\n\n<p><strong>\u201cDeyir ki, pulu \u00f6d\u0259m\u0259k fikrind\u0259 deyil\u201d<\/strong><\/p>\n\n\n\n<p>S\u00fcdab\u0259 Aslanova deyir ki, yan\u011f\u0131n bazarda Rafiq Ab\u0131\u015fovun idar\u0259 etdiyi kafed\u0259n ba\u015flay\u0131b. El\u0259 FHN-d\u0259 apar\u0131lan ara\u015fd\u0131rmalar da bu n\u0259tic\u0259ni ortaya qoyub:<\/p>\n\n\n\n<p><em>\u201cN\u0259 \u00f6z\u00fc k\u00f6n\u00fcll\u00fc \u015f\u0259kild\u0259 ziyan\u0131 \u00f6d\u0259m\u0259k ist\u0259yir, n\u0259 d\u0259 istintaq onu m\u0259suliyy\u0259t\u0259 c\u0259lb edib, ziyan\u0131 \u00f6d\u0259m\u0259y\u0259 m\u0259cbur edir. Biz\u0259 deyir ki, he\u00e7 n\u0259 \u00f6d\u0259m\u0259k fikrind\u0259 deyil. Biz d\u0259 \u00e7\u0131x\u0131lmaz v\u0259ziyy\u0259td\u0259 qalm\u0131\u015f\u0131q. D\u0259ymi\u015f ziyan\u0131 d\u0259qiqliyil\u0259 yazm\u0131\u015fam, mallar\u0131n adlar\u0131n\u0131, qiym\u0259tl\u0259rini g\u00f6st\u0259rmi\u015f\u0259m. Demir\u0259m ki, d\u00fckan tiksinl\u0259r. Bir evim var, onu sat\u0131m camaat\u0131n pulunu verim? Kimim var ki, ondan al\u0131m \u00f6d\u0259yim? Qarda\u015f\u0131m vard\u0131, o da Qaraba\u011f d\u00f6y\u00fc\u015fl\u0259rind\u0259 \u015f\u0259hid olub&#8230;\u201d.<\/em><\/p>\n\n\n\n<figure class=\"wp-block-image size-full\"><img decoding=\"async\" width=\"1200\" height=\"598\" data-src=\"https:\/\/www.meydan.tv\/wp-content\/uploads\/photo-2023-03-31-11-33-31_720.jpg\" alt=\"\" class=\"wp-image-271831 lazyload\" src=\"data:image\/svg+xml;base64,PHN2ZyB3aWR0aD0iMSIgaGVpZ2h0PSIxIiB4bWxucz0iaHR0cDovL3d3dy53My5vcmcvMjAwMC9zdmciPjwvc3ZnPg==\" style=\"--smush-placeholder-width: 1200px; --smush-placeholder-aspect-ratio: 1200\/598;\" \/><\/figure>\n\n\n\n<p>Yan\u011f\u0131n n\u0259tic\u0259sind\u0259 ziyan g\u00f6r\u0259nl\u0259r aras\u0131nda d\u0259ft\u0259r-kitab, paltar v\u0259 ba\u015fqa avadanl\u0131qlar\u0131n sat\u0131\u015f\u0131yla m\u0259\u015f\u011ful olan \u00e7oxsayl\u0131 ma\u011fazalar olub. Ma\u011faza sahibl\u0259ri z\u0259r\u0259r\u00e7\u0259kmi\u015f statusunda tan\u0131nmaq \u00fc\u00e7\u00fcn FHN-\u0259 m\u00fcraci\u0259t ets\u0259l\u0259r d\u0259, onlara bununla ba\u011fl\u0131 r\u0259smi cavab verilm\u0259yib.<\/p>\n\n\n\n<p><strong>FHN-d\u0259 cinay\u0259t i\u015fi ba\u015flan\u0131b<\/strong><\/p>\n\n\n\n<p>Meydan TV C\u0259lilabad sakinl\u0259rinin naraz\u0131l\u0131\u011f\u0131yla ba\u011fl\u0131 FHN-in \u018fm\u0259liyyat-\u0130stintaq \u0130dar\u0259sind\u0259n, el\u0259c\u0259 d\u0259 nazirliyin m\u0259tbuat xidm\u0259tind\u0259n cavab ala bilm\u0259yib. Lakin nazirlikd\u0259ki m\u0259nb\u0259 vasit\u0259sil\u0259 \u0259ld\u0259 olunan m\u0259lumata g\u00f6r\u0259, hadis\u0259 il\u0259 \u0259laq\u0259dar ilkin olaraq, yoxlama i\u015fi ba\u015flan\u0131b, ara\u015fd\u0131rmalar apar\u0131l\u0131b: \u201cBir m\u00fcdd\u0259t \u0259vv\u0259l fakt \u00fczr\u0259 Cinay\u0259t M\u0259c\u0259ll\u0259sinin 225-ci (yan\u011f\u0131n t\u0259hl\u00fck\u0259sizliyi qaydalar\u0131n\u0131 pozma) madd\u0259sil\u0259 cinay\u0259t i\u015fi ba\u015flan\u0131b, istintaq gedir\u201d.<\/p>\n","protected":false},"excerpt":{"rendered":"<p>\u201c8 ayd\u0131r ortada he\u00e7 bir n\u0259tic\u0259 yoxdur, n\u0259 m\u0259suliyy\u0259t\u0259 c\u0259lb &#8230; <\/p>\n<p class=\"read-more-container\"><a title=\"C\u0259lilabad bazar\u0131ndak\u0131 yan\u011f\u0131ndan ziyan \u00e7\u0259k\u0259nl\u0259r FHN-d\u0259ki istintaqdan naraz\u0131d\u0131r\" class=\"read-more button\" href=\"https:\/\/www.meydan.tv\/az\/article\/celilabad-bazarindaki-yangindan-ziyan-cekenler-fhn-deki-istintaqdan-narazidir\/#more-271834\" aria-label=\"Read more about C\u0259lilabad bazar\u0131ndak\u0131 yan\u011f\u0131ndan ziyan \u00e7\u0259k\u0259nl\u0259r FHN-d\u0259ki istintaqdan naraz\u0131d\u0131r\">Davam\u0131<\/a><\/p>\n","protected":false},"author":8,"featured_media":271828,"comment_status":"closed","ping_status":"closed","sticky":false,"template":"","format":"standard","meta":{"_acf_changed":false,"_sitemap_exclude":false,"_sitemap_priority":"","_sitemap_frequency":"","footnotes":""},"categories":[60,79,56],"tags":[],"class_list":["post-271834","post","type-post","status-publish","format-standard","has-post-thumbnail","hentry","category-bolge","category-featured","category-xeberler","infinite-scroll-item","generate-columns","tablet-grid-50","mobile-grid-100","grid-parent","grid-33","no-featured-image-padding"],"acf":[],"yoast_head":"<!-- This site is optimized with the Yoast SEO plugin v27.5 - https:\/\/yoast.com\/product\/yoast-seo-wordpress\/ -->\n<title>C\u0259lilabad bazar\u0131ndak\u0131 yan\u011f\u0131ndan ziyan \u00e7\u0259k\u0259nl\u0259r FHN-d\u0259ki istintaqdan naraz\u0131d\u0131r - MEYDAN.TV<\/title>\n<meta name=\"robots\" content=\"index, follow, max-snippet:-1, max-image-preview:large, max-video-preview:-1\" \/>\n<link rel=\"canonical\" href=\"https:\/\/www.meydan.tv\/az\/article\/celilabad-bazarindaki-yangindan-ziyan-cekenler-fhn-deki-istintaqdan-narazidir\/\" \/>\n<meta property=\"og:locale\" content=\"az_AZ\" \/>\n<meta property=\"og:type\" content=\"article\" \/>\n<meta property=\"og:title\" content=\"C\u0259lilabad bazar\u0131ndak\u0131 yan\u011f\u0131ndan ziyan \u00e7\u0259k\u0259nl\u0259r FHN-d\u0259ki istintaqdan naraz\u0131d\u0131r - MEYDAN.TV\" \/>\n<meta property=\"og:description\" content=\"\u201c8 ayd\u0131r ortada he\u00e7 bir n\u0259tic\u0259 yoxdur, n\u0259 m\u0259suliyy\u0259t\u0259 c\u0259lb ... Davam\u0131\" \/>\n<meta property=\"og:url\" content=\"https:\/\/www.meydan.tv\/az\/article\/celilabad-bazarindaki-yangindan-ziyan-cekenler-fhn-deki-istintaqdan-narazidir\/\" \/>\n<meta property=\"og:site_name\" content=\"MEYDAN.TV\" \/>\n<meta property=\"article:published_time\" content=\"2023-03-31T08:01:56+00:00\" \/>\n<meta property=\"article:modified_time\" content=\"2023-03-31T08:01:59+00:00\" \/>\n<meta property=\"og:image\" content=\"https:\/\/www.meydan.tv\/wp-content\/uploads\/photo-2023-03-31-11-33-31_720-1.jpg\" \/>\n\t<meta property=\"og:image:width\" content=\"1200\" \/>\n\t<meta property=\"og:image:height\" content=\"714\" \/>\n\t<meta property=\"og:image:type\" content=\"image\/jpeg\" \/>\n<meta name=\"author\" content=\"elli\" \/>\n<meta name=\"twitter:card\" content=\"summary_large_image\" \/>\n<meta name=\"twitter:creator\" content=\"@elli\" \/>\n<script type=\"application\/ld+json\" class=\"yoast-schema-graph\">{\"@context\":\"https:\\\/\\\/schema.org\",\"@graph\":[{\"@type\":\"Article\",\"@id\":\"https:\\\/\\\/www.meydan.tv\\\/az\\\/article\\\/celilabad-bazarindaki-yangindan-ziyan-cekenler-fhn-deki-istintaqdan-narazidir\\\/#article\",\"isPartOf\":{\"@id\":\"https:\\\/\\\/www.meydan.tv\\\/az\\\/article\\\/celilabad-bazarindaki-yangindan-ziyan-cekenler-fhn-deki-istintaqdan-narazidir\\\/\"},\"author\":{\"name\":\"elli\",\"@id\":\"https:\\\/\\\/www.meydan.tv\\\/az\\\/#\\\/schema\\\/person\\\/9cdbecf90d17180ce1dfbd95b08dcf47\"},\"headline\":\"C\u0259lilabad bazar\u0131ndak\u0131 yan\u011f\u0131ndan ziyan \u00e7\u0259k\u0259nl\u0259r FHN-d\u0259ki istintaqdan naraz\u0131d\u0131r\",\"datePublished\":\"2023-03-31T08:01:56+00:00\",\"dateModified\":\"2023-03-31T08:01:59+00:00\",\"mainEntityOfPage\":{\"@id\":\"https:\\\/\\\/www.meydan.tv\\\/az\\\/article\\\/celilabad-bazarindaki-yangindan-ziyan-cekenler-fhn-deki-istintaqdan-narazidir\\\/\"},\"wordCount\":762,\"publisher\":{\"@id\":\"https:\\\/\\\/www.meydan.tv\\\/az\\\/#organization\"},\"image\":{\"@id\":\"https:\\\/\\\/www.meydan.tv\\\/az\\\/article\\\/celilabad-bazarindaki-yangindan-ziyan-cekenler-fhn-deki-istintaqdan-narazidir\\\/#primaryimage\"},\"thumbnailUrl\":\"https:\\\/\\\/www.meydan.tv\\\/wp-content\\\/uploads\\\/photo-2023-03-31-11-33-31_720-1.jpg\",\"articleSection\":[\"B\u00f6lg\u0259\",\"T\u00f6vsiy\u0259\",\"X\u0259b\u0259rl\u0259r\"],\"inLanguage\":\"az\"},{\"@type\":\"WebPage\",\"@id\":\"https:\\\/\\\/www.meydan.tv\\\/az\\\/article\\\/celilabad-bazarindaki-yangindan-ziyan-cekenler-fhn-deki-istintaqdan-narazidir\\\/\",\"url\":\"https:\\\/\\\/www.meydan.tv\\\/az\\\/article\\\/celilabad-bazarindaki-yangindan-ziyan-cekenler-fhn-deki-istintaqdan-narazidir\\\/\",\"name\":\"C\u0259lilabad bazar\u0131ndak\u0131 yan\u011f\u0131ndan ziyan \u00e7\u0259k\u0259nl\u0259r FHN-d\u0259ki istintaqdan naraz\u0131d\u0131r - MEYDAN.TV\",\"isPartOf\":{\"@id\":\"https:\\\/\\\/www.meydan.tv\\\/az\\\/#website\"},\"primaryImageOfPage\":{\"@id\":\"https:\\\/\\\/www.meydan.tv\\\/az\\\/article\\\/celilabad-bazarindaki-yangindan-ziyan-cekenler-fhn-deki-istintaqdan-narazidir\\\/#primaryimage\"},\"image\":{\"@id\":\"https:\\\/\\\/www.meydan.tv\\\/az\\\/article\\\/celilabad-bazarindaki-yangindan-ziyan-cekenler-fhn-deki-istintaqdan-narazidir\\\/#primaryimage\"},\"thumbnailUrl\":\"https:\\\/\\\/www.meydan.tv\\\/wp-content\\\/uploads\\\/photo-2023-03-31-11-33-31_720-1.jpg\",\"datePublished\":\"2023-03-31T08:01:56+00:00\",\"dateModified\":\"2023-03-31T08:01:59+00:00\",\"breadcrumb\":{\"@id\":\"https:\\\/\\\/www.meydan.tv\\\/az\\\/article\\\/celilabad-bazarindaki-yangindan-ziyan-cekenler-fhn-deki-istintaqdan-narazidir\\\/#breadcrumb\"},\"inLanguage\":\"az\",\"potentialAction\":[{\"@type\":\"ReadAction\",\"target\":[\"https:\\\/\\\/www.meydan.tv\\\/az\\\/article\\\/celilabad-bazarindaki-yangindan-ziyan-cekenler-fhn-deki-istintaqdan-narazidir\\\/\"]}]},{\"@type\":\"ImageObject\",\"inLanguage\":\"az\",\"@id\":\"https:\\\/\\\/www.meydan.tv\\\/az\\\/article\\\/celilabad-bazarindaki-yangindan-ziyan-cekenler-fhn-deki-istintaqdan-narazidir\\\/#primaryimage\",\"url\":\"https:\\\/\\\/www.meydan.tv\\\/wp-content\\\/uploads\\\/photo-2023-03-31-11-33-31_720-1.jpg\",\"contentUrl\":\"https:\\\/\\\/www.meydan.tv\\\/wp-content\\\/uploads\\\/photo-2023-03-31-11-33-31_720-1.jpg\",\"width\":1200,\"height\":714,\"caption\":\"C\u0259lilabad bazar\u0131ndak\u0131 yan\u011f\u0131n. Fotolar: Meydan TV\"},{\"@type\":\"BreadcrumbList\",\"@id\":\"https:\\\/\\\/www.meydan.tv\\\/az\\\/article\\\/celilabad-bazarindaki-yangindan-ziyan-cekenler-fhn-deki-istintaqdan-narazidir\\\/#breadcrumb\",\"itemListElement\":[{\"@type\":\"ListItem\",\"position\":1,\"name\":\"Ana s\u0259hif\u0259\",\"item\":\"https:\\\/\\\/www.meydan.tv\\\/az\\\/\"},{\"@type\":\"ListItem\",\"position\":2,\"name\":\"B\u00f6lg\u0259\",\"item\":\"https:\\\/\\\/www.meydan.tv\\\/az\\\/section\\\/bolge\\\/\"},{\"@type\":\"ListItem\",\"position\":3,\"name\":\"C\u0259lilabad bazar\u0131ndak\u0131 yan\u011f\u0131ndan ziyan \u00e7\u0259k\u0259nl\u0259r FHN-d\u0259ki istintaqdan naraz\u0131d\u0131r\"}]},{\"@type\":\"WebSite\",\"@id\":\"https:\\\/\\\/www.meydan.tv\\\/az\\\/#website\",\"url\":\"https:\\\/\\\/www.meydan.tv\\\/az\\\/\",\"name\":\"MEYDAN.TV\",\"description\":\"Meydan TV Az\u0259rbaycan\u0131n media m\u0259kan\u0131ndak\u0131 alternativ s\u0259sidir\",\"publisher\":{\"@id\":\"https:\\\/\\\/www.meydan.tv\\\/az\\\/#organization\"},\"potentialAction\":[{\"@type\":\"SearchAction\",\"target\":{\"@type\":\"EntryPoint\",\"urlTemplate\":\"https:\\\/\\\/www.meydan.tv\\\/az\\\/?s={search_term_string}\"},\"query-input\":{\"@type\":\"PropertyValueSpecification\",\"valueRequired\":true,\"valueName\":\"search_term_string\"}}],\"inLanguage\":\"az\"},{\"@type\":\"Organization\",\"@id\":\"https:\\\/\\\/www.meydan.tv\\\/az\\\/#organization\",\"name\":\"Meydan TV\",\"url\":\"https:\\\/\\\/www.meydan.tv\\\/az\\\/\",\"logo\":{\"@type\":\"ImageObject\",\"inLanguage\":\"az\",\"@id\":\"https:\\\/\\\/www.meydan.tv\\\/az\\\/#\\\/schema\\\/logo\\\/image\\\/\",\"url\":\"https:\\\/\\\/www.meydan.tv\\\/wp-content\\\/uploads\\\/2021\\\/07\\\/meydan-logo.svg\",\"contentUrl\":\"https:\\\/\\\/www.meydan.tv\\\/wp-content\\\/uploads\\\/2021\\\/07\\\/meydan-logo.svg\",\"width\":195,\"height\":46,\"caption\":\"Meydan TV\"},\"image\":{\"@id\":\"https:\\\/\\\/www.meydan.tv\\\/az\\\/#\\\/schema\\\/logo\\\/image\\\/\"}},{\"@type\":\"Person\",\"@id\":\"https:\\\/\\\/www.meydan.tv\\\/az\\\/#\\\/schema\\\/person\\\/9cdbecf90d17180ce1dfbd95b08dcf47\",\"name\":\"elli\",\"sameAs\":[\"https:\\\/\\\/x.com\\\/elli\"]}]}<\/script>\n<!-- \/ Yoast SEO plugin. -->","yoast_head_json":{"title":"C\u0259lilabad bazar\u0131ndak\u0131 yan\u011f\u0131ndan ziyan \u00e7\u0259k\u0259nl\u0259r FHN-d\u0259ki istintaqdan naraz\u0131d\u0131r - MEYDAN.TV","robots":{"index":"index","follow":"follow","max-snippet":"max-snippet:-1","max-image-preview":"max-image-preview:large","max-video-preview":"max-video-preview:-1"},"canonical":"https:\/\/www.meydan.tv\/az\/article\/celilabad-bazarindaki-yangindan-ziyan-cekenler-fhn-deki-istintaqdan-narazidir\/","og_locale":"az_AZ","og_type":"article","og_title":"C\u0259lilabad bazar\u0131ndak\u0131 yan\u011f\u0131ndan ziyan \u00e7\u0259k\u0259nl\u0259r FHN-d\u0259ki istintaqdan naraz\u0131d\u0131r - MEYDAN.TV","og_description":"\u201c8 ayd\u0131r ortada he\u00e7 bir n\u0259tic\u0259 yoxdur, n\u0259 m\u0259suliyy\u0259t\u0259 c\u0259lb ... Davam\u0131","og_url":"https:\/\/www.meydan.tv\/az\/article\/celilabad-bazarindaki-yangindan-ziyan-cekenler-fhn-deki-istintaqdan-narazidir\/","og_site_name":"MEYDAN.TV","article_published_time":"2023-03-31T08:01:56+00:00","article_modified_time":"2023-03-31T08:01:59+00:00","og_image":[{"width":1200,"height":714,"url":"https:\/\/www.meydan.tv\/wp-content\/uploads\/photo-2023-03-31-11-33-31_720-1.jpg","type":"image\/jpeg"}],"author":"elli","twitter_card":"summary_large_image","twitter_creator":"@elli","schema":{"@context":"https:\/\/schema.org","@graph":[{"@type":"Article","@id":"https:\/\/www.meydan.tv\/az\/article\/celilabad-bazarindaki-yangindan-ziyan-cekenler-fhn-deki-istintaqdan-narazidir\/#article","isPartOf":{"@id":"https:\/\/www.meydan.tv\/az\/article\/celilabad-bazarindaki-yangindan-ziyan-cekenler-fhn-deki-istintaqdan-narazidir\/"},"author":{"name":"elli","@id":"https:\/\/www.meydan.tv\/az\/#\/schema\/person\/9cdbecf90d17180ce1dfbd95b08dcf47"},"headline":"C\u0259lilabad bazar\u0131ndak\u0131 yan\u011f\u0131ndan ziyan \u00e7\u0259k\u0259nl\u0259r FHN-d\u0259ki istintaqdan naraz\u0131d\u0131r","datePublished":"2023-03-31T08:01:56+00:00","dateModified":"2023-03-31T08:01:59+00:00","mainEntityOfPage":{"@id":"https:\/\/www.meydan.tv\/az\/article\/celilabad-bazarindaki-yangindan-ziyan-cekenler-fhn-deki-istintaqdan-narazidir\/"},"wordCount":762,"publisher":{"@id":"https:\/\/www.meydan.tv\/az\/#organization"},"image":{"@id":"https:\/\/www.meydan.tv\/az\/article\/celilabad-bazarindaki-yangindan-ziyan-cekenler-fhn-deki-istintaqdan-narazidir\/#primaryimage"},"thumbnailUrl":"https:\/\/www.meydan.tv\/wp-content\/uploads\/photo-2023-03-31-11-33-31_720-1.jpg","articleSection":["B\u00f6lg\u0259","T\u00f6vsiy\u0259","X\u0259b\u0259rl\u0259r"],"inLanguage":"az"},{"@type":"WebPage","@id":"https:\/\/www.meydan.tv\/az\/article\/celilabad-bazarindaki-yangindan-ziyan-cekenler-fhn-deki-istintaqdan-narazidir\/","url":"https:\/\/www.meydan.tv\/az\/article\/celilabad-bazarindaki-yangindan-ziyan-cekenler-fhn-deki-istintaqdan-narazidir\/","name":"C\u0259lilabad bazar\u0131ndak\u0131 yan\u011f\u0131ndan ziyan \u00e7\u0259k\u0259nl\u0259r FHN-d\u0259ki istintaqdan naraz\u0131d\u0131r - MEYDAN.TV","isPartOf":{"@id":"https:\/\/www.meydan.tv\/az\/#website"},"primaryImageOfPage":{"@id":"https:\/\/www.meydan.tv\/az\/article\/celilabad-bazarindaki-yangindan-ziyan-cekenler-fhn-deki-istintaqdan-narazidir\/#primaryimage"},"image":{"@id":"https:\/\/www.meydan.tv\/az\/article\/celilabad-bazarindaki-yangindan-ziyan-cekenler-fhn-deki-istintaqdan-narazidir\/#primaryimage"},"thumbnailUrl":"https:\/\/www.meydan.tv\/wp-content\/uploads\/photo-2023-03-31-11-33-31_720-1.jpg","datePublished":"2023-03-31T08:01:56+00:00","dateModified":"2023-03-31T08:01:59+00:00","breadcrumb":{"@id":"https:\/\/www.meydan.tv\/az\/article\/celilabad-bazarindaki-yangindan-ziyan-cekenler-fhn-deki-istintaqdan-narazidir\/#breadcrumb"},"inLanguage":"az","potentialAction":[{"@type":"ReadAction","target":["https:\/\/www.meydan.tv\/az\/article\/celilabad-bazarindaki-yangindan-ziyan-cekenler-fhn-deki-istintaqdan-narazidir\/"]}]},{"@type":"ImageObject","inLanguage":"az","@id":"https:\/\/www.meydan.tv\/az\/article\/celilabad-bazarindaki-yangindan-ziyan-cekenler-fhn-deki-istintaqdan-narazidir\/#primaryimage","url":"https:\/\/www.meydan.tv\/wp-content\/uploads\/photo-2023-03-31-11-33-31_720-1.jpg","contentUrl":"https:\/\/www.meydan.tv\/wp-content\/uploads\/photo-2023-03-31-11-33-31_720-1.jpg","width":1200,"height":714,"caption":"C\u0259lilabad bazar\u0131ndak\u0131 yan\u011f\u0131n. Fotolar: Meydan TV"},{"@type":"BreadcrumbList","@id":"https:\/\/www.meydan.tv\/az\/article\/celilabad-bazarindaki-yangindan-ziyan-cekenler-fhn-deki-istintaqdan-narazidir\/#breadcrumb","itemListElement":[{"@type":"ListItem","position":1,"name":"Ana s\u0259hif\u0259","item":"https:\/\/www.meydan.tv\/az\/"},{"@type":"ListItem","position":2,"name":"B\u00f6lg\u0259","item":"https:\/\/www.meydan.tv\/az\/section\/bolge\/"},{"@type":"ListItem","position":3,"name":"C\u0259lilabad bazar\u0131ndak\u0131 yan\u011f\u0131ndan ziyan \u00e7\u0259k\u0259nl\u0259r FHN-d\u0259ki istintaqdan naraz\u0131d\u0131r"}]},{"@type":"WebSite","@id":"https:\/\/www.meydan.tv\/az\/#website","url":"https:\/\/www.meydan.tv\/az\/","name":"MEYDAN.TV","description":"Meydan TV Az\u0259rbaycan\u0131n media m\u0259kan\u0131ndak\u0131 alternativ s\u0259sidir","publisher":{"@id":"https:\/\/www.meydan.tv\/az\/#organization"},"potentialAction":[{"@type":"SearchAction","target":{"@type":"EntryPoint","urlTemplate":"https:\/\/www.meydan.tv\/az\/?s={search_term_string}"},"query-input":{"@type":"PropertyValueSpecification","valueRequired":true,"valueName":"search_term_string"}}],"inLanguage":"az"},{"@type":"Organization","@id":"https:\/\/www.meydan.tv\/az\/#organization","name":"Meydan TV","url":"https:\/\/www.meydan.tv\/az\/","logo":{"@type":"ImageObject","inLanguage":"az","@id":"https:\/\/www.meydan.tv\/az\/#\/schema\/logo\/image\/","url":"https:\/\/www.meydan.tv\/wp-content\/uploads\/2021\/07\/meydan-logo.svg","contentUrl":"https:\/\/www.meydan.tv\/wp-content\/uploads\/2021\/07\/meydan-logo.svg","width":195,"height":46,"caption":"Meydan TV"},"image":{"@id":"https:\/\/www.meydan.tv\/az\/#\/schema\/logo\/image\/"}},{"@type":"Person","@id":"https:\/\/www.meydan.tv\/az\/#\/schema\/person\/9cdbecf90d17180ce1dfbd95b08dcf47","name":"elli","sameAs":["https:\/\/x.com\/elli"]}]}},"_links":{"self":[{"href":"https:\/\/www.meydan.tv\/az\/wp-json\/wp\/v2\/posts\/271834","targetHints":{"allow":["GET"]}}],"collection":[{"href":"https:\/\/www.meydan.tv\/az\/wp-json\/wp\/v2\/posts"}],"about":[{"href":"https:\/\/www.meydan.tv\/az\/wp-json\/wp\/v2\/types\/post"}],"author":[{"embeddable":true,"href":"https:\/\/www.meydan.tv\/az\/wp-json\/wp\/v2\/users\/8"}],"replies":[{"embeddable":true,"href":"https:\/\/www.meydan.tv\/az\/wp-json\/wp\/v2\/comments?post=271834"}],"version-history":[{"count":1,"href":"https:\/\/www.meydan.tv\/az\/wp-json\/wp\/v2\/posts\/271834\/revisions"}],"predecessor-version":[{"id":271835,"href":"https:\/\/www.meydan.tv\/az\/wp-json\/wp\/v2\/posts\/271834\/revisions\/271835"}],"wp:featuredmedia":[{"embeddable":true,"href":"https:\/\/www.meydan.tv\/az\/wp-json\/wp\/v2\/media\/271828"}],"wp:attachment":[{"href":"https:\/\/www.meydan.tv\/az\/wp-json\/wp\/v2\/media?parent=271834"}],"wp:term":[{"taxonomy":"category","embeddable":true,"href":"https:\/\/www.meydan.tv\/az\/wp-json\/wp\/v2\/categories?post=271834"},{"taxonomy":"post_tag","embeddable":true,"href":"https:\/\/www.meydan.tv\/az\/wp-json\/wp\/v2\/tags?post=271834"}],"curies":[{"name":"wp","href":"https:\/\/api.w.org\/{rel}","templated":true}]}}