{"id":271805,"date":"2023-03-30T21:58:21","date_gmt":"2023-03-30T17:58:21","guid":{"rendered":"https:\/\/www.meydan.tv\/?p=271805"},"modified":"2023-03-30T21:58:27","modified_gmt":"2023-03-30T17:58:27","slug":"mingecevir-sakini-95-manat-maasla-men-nece-yasayim-bele-insafsizliq-olar","status":"publish","type":"post","link":"https:\/\/www.meydan.tv\/az\/article\/mingecevir-sakini-95-manat-maasla-men-nece-yasayim-bele-insafsizliq-olar\/","title":{"rendered":"Ming\u0259\u00e7evir sakini: \u201c95 manat maa\u015fla m\u0259n nec\u0259 ya\u015fay\u0131m, bel\u0259 insafs\u0131zl\u0131q olar?!\u201d"},"content":{"rendered":"\n<p><\/p>\n\n\n\n<p><strong><em>El\u00e7in Qarayev: \u201cProkurorlu\u011fa m\u0259ktub yazd\u0131m, bundan sonra m\u0259niml\u0259 d\u00fc\u015fm\u0259n oldular\u201d<\/em><\/strong><\/p>\n\n\n\n<p>Ming\u0259\u00e7evir sakini El\u00e7in Qarayev i\u015f yerind\u0259 t\u0259zyiq\u0259 m\u0259ruz qald\u0131\u011f\u0131n\u0131, son aylarda maa\u015f\u0131n\u0131n k\u0259sildiyini, h\u0259tta i\u015fsiz qalmaq t\u0259hl\u00fck\u0259siyl\u0259 \u00fczl\u0259\u015fdiyini deyir. Kiray\u0259 qald\u0131\u011f\u0131n\u0131, himay\u0259sind\u0259 x\u0259st\u0259 v\u0259 ya\u015fl\u0131 valideynl\u0259rinin oldu\u011funu dey\u0259n El\u00e7in Qarayevin s\u00f6zl\u0259rin\u0259 g\u00f6r\u0259, mart ay\u0131nda maa\u015f\u0131 o q\u0259d\u0259r k\u0259silib ki, ona c\u0259mi 95 manat pul verilib:<\/p>\n\n\n\n<p>\u201c<em>95 manatla m\u0259n kiray\u0259 pulu verim, kommunal x\u0259rcl\u0259ri \u00f6d\u0259yim, n\u0259qliyyat x\u0259rcl\u0259rimi qar\u015f\u0131lay\u0131m?! B\u0259s m\u0259n n\u0259 yeyim, n\u0259 i\u00e7im? H\u0259l\u0259 ba\u015fqa x\u0259rcl\u0259rimd\u0259n, ail\u0259 \u00fczvl\u0259rimd\u0259n dan\u0131\u015fm\u0131ram. Bu q\u0259d\u0259r insafs\u0131zl\u0131q olmaz ax\u0131. Ayd\u0131n m\u0259s\u0259l\u0259dir ki, b\u00fct\u00fcn bunlar m\u0259ni bezdirib uzaqla\u015fd\u0131rmaq \u00fc\u00e7\u00fcnd\u00fcr. Kadrlar \u015f\u00f6b\u0259sinin m\u00fcdiri, briqadir deyir ki, get, hara ist\u0259yirs\u0259n, \u015fikay\u0259t el\u0259. Bunlar kim\u0259 g\u00fcv\u0259nir ki, v\u0259t\u0259nda\u015fla bel\u0259 dan\u0131\u015f\u0131r?\u201d<\/em>.<\/p>\n\n\n\n<p><strong>\u201cHaqq\u0131mda \u015f\u0259r-b\u00f6htanlar yazma\u011fa ba\u015flad\u0131lar\u201d<\/strong><\/p>\n\n\n\n<p>41 ya\u015fl\u0131 El\u00e7in Qarayev xeyli vaxtd\u0131r ki, Dayan\u0131ql\u0131 v\u0259 Operativ Sosial T\u0259minat (DOST) Agentliyi vasit\u0259sil\u0259 Ming\u0259\u00e7evir \u015f\u0259h\u0259r Ya\u015f\u0131lla\u015fd\u0131rma v\u0259 Sanitar T\u0259mizlik \u0130dar\u0259sin\u0259 i\u015f\u0259 d\u00fcz\u0259lib, orada ba\u011fban kimi i\u015fl\u0259yir. Ayl\u0131q maa\u015f\u0131 326 manat olub.<\/p>\n\n\n\n<p>Son aylarda onunla idar\u0259nin kardlar \u015f\u00f6b\u0259sinin r\u0259isi v\u0259 briqadir aras\u0131nda probleml\u0259r yaran\u0131b. El\u00e7in Qarayev iddia edir ki, bu problem onun ba\u015fqa bir m\u0259s\u0259l\u0259 il\u0259 \u0259laq\u0259dar prokurorlu\u011fa m\u0259ktubundan qaynaqlan\u0131r:<\/p>\n\n\n\n<p><em>\u201c\u0130\u015fl\u0259m\u0259k \u00fc\u00e7\u00fcn m\u0259n\u0259 \u00fc\u00e7 sah\u0259 ayr\u0131l\u0131b. Sah\u0259d\u0259 a\u00e7\u0131q tok x\u0259tl\u0259ri g\u00f6rd\u00fcm. Bu, t\u0259hl\u00fck\u0259lidir. Bu haqda \u0259vv\u0259l briqada r\u0259hb\u0259rin\u0259 m\u0259lumat verdim. T\u0259dbir g\u00f6r\u00fclm\u0259di. Sonra idar\u0259 r\u0259hb\u0259rliyin\u0259 m\u0259lumat verdim. Yen\u0259 t\u0259dbir g\u00f6r\u00fclm\u0259di. Ona g\u00f6r\u0259 d\u0259 t\u0259hl\u00fck\u0259sizliyi n\u0259z\u0259r\u0259 al\u0131b, prokurorlu\u011fa m\u0259lumat verdim. Bundan sonra briqadir Vahid K\u0259rimov, kadrlar\u0131n m\u00fcdiri m\u0259niml\u0259 d\u00fc\u015fm\u0259n oldu. M\u0259nim haqq\u0131mda ard\u0131c\u0131l \u015f\u0259r-b\u00f6htan xarakterli \u0259riz\u0259l\u0259r yazma\u011fa ba\u015flad\u0131lar. T\u0259s\u0259vv\u00fcr edin, briqadir idar\u0259 r\u0259isin\u0259 m\u0259ktub yaz\u0131r ki, onu i\u015fd\u0259n \u00e7\u0131xar\u0131n, yax\u015f\u0131 i\u015f\u00e7i deyil\u201d.<\/em><\/p>\n\n\n\n<figure class=\"wp-block-image size-large is-resized\"><img decoding=\"async\" data-src=\"https:\/\/www.meydan.tv\/wp-content\/uploads\/photo-2023-03-30-17-16-56-580x821.jpg\" alt=\"\" class=\"wp-image-271806 lazyload\" width=\"797\" height=\"1128\" src=\"data:image\/svg+xml;base64,PHN2ZyB3aWR0aD0iMSIgaGVpZ2h0PSIxIiB4bWxucz0iaHR0cDovL3d3dy53My5vcmcvMjAwMC9zdmciPjwvc3ZnPg==\" style=\"--smush-placeholder-width: 797px; --smush-placeholder-aspect-ratio: 797\/1128;\" \/><\/figure>\n\n\n\n<p><strong>\u201cQalm\u0131\u015fam iki yol ayr\u0131c\u0131nda&#8230;\u201d<\/strong><\/p>\n\n\n\n<p>El\u00e7in Qarayev \u0259lav\u0259 edib ki, r\u0259smi qaydada i\u015fd\u0259n \u00e7\u0131xar\u0131lmay\u0131b, amma dig\u0259r t\u0259r\u0259fd\u0259n d\u0259 i\u015f\u0259 burax\u0131lm\u0131r: <em>\u201cDOST Agentliyind\u0259n deyirl\u0259r ki, get, i\u015fini i\u015fl\u0259. Amma Ming\u0259\u00e7evird\u0259 d\u0259 deyirl\u0259r ki, Bak\u0131dan aray\u0131\u015f g\u0259tir ki, i\u015fd\u0259n \u00e7\u0131xar\u0131lmam\u0131san. Qalm\u0131\u015fam iki yol ayr\u0131c\u0131nda&#8230;\u201d.<\/em><\/p>\n\n\n\n<p>Ming\u0259\u00e7evir \u015f\u0259h\u0259r Ya\u015f\u0131lla\u015fd\u0131rma v\u0259 Sanitar T\u0259mizlik \u0130dar\u0259sind\u0259n is\u0259 Meydan TV-y\u0259 bildirilib ki, El\u00e7in Qarayevin i\u015f\u0259 yana\u015fmas\u0131nda, davamiyy\u0259tind\u0259 ciddi probleml\u0259r var. Onun maa\u015f\u0131n\u0131n k\u0259silm\u0259si d\u0259 bir \u00e7ox hallarda i\u015fd\u0259 olmamas\u0131, \u00fcz\u0259rin\u0259 d\u00fc\u015f\u0259n v\u0259zif\u0259l\u0259ri yerin\u0259 yetirm\u0259m\u0259siyl\u0259 ba\u011fl\u0131 olub. \u0130dar\u0259d\u0259n vur\u011fulan\u0131b ki, onun i\u015fi buraxmas\u0131 \u00fc\u00e7\u00fcn g\u00f6st\u0259rdiyi s\u0259b\u0259bl\u0259r d\u0259 \u0259sasl\u0131 olmay\u0131b, \u00f6hd\u0259likl\u0259rin\u0259 m\u0259suliyy\u0259tsiz yana\u015f\u0131b.<\/p>\n\n\n\n<p>El\u00e7in Qarayev bu ittihamlarla raz\u0131la\u015fm\u0131r, i\u015fd\u0259n \u00e7\u0131xar\u0131lmas\u0131 \u00fc\u00e7\u00fcn \u015f\u0259rl\u0259ndiyini deyir.<\/p>\n","protected":false},"excerpt":{"rendered":"<p>El\u00e7in Qarayev: \u201cProkurorlu\u011fa m\u0259ktub yazd\u0131m, bundan sonra m\u0259niml\u0259 d\u00fc\u015fm\u0259n oldular\u201d &#8230; <\/p>\n<p class=\"read-more-container\"><a title=\"Ming\u0259\u00e7evir sakini: \u201c95 manat maa\u015fla m\u0259n nec\u0259 ya\u015fay\u0131m, bel\u0259 insafs\u0131zl\u0131q olar?!\u201d\" class=\"read-more button\" href=\"https:\/\/www.meydan.tv\/az\/article\/mingecevir-sakini-95-manat-maasla-men-nece-yasayim-bele-insafsizliq-olar\/#more-271805\" aria-label=\"Read more about Ming\u0259\u00e7evir sakini: \u201c95 manat maa\u015fla m\u0259n nec\u0259 ya\u015fay\u0131m, bel\u0259 insafs\u0131zl\u0131q olar?!\u201d\">Davam\u0131<\/a><\/p>\n","protected":false},"author":8,"featured_media":271809,"comment_status":"closed","ping_status":"closed","sticky":false,"template":"","format":"standard","meta":{"_acf_changed":false,"_sitemap_exclude":false,"_sitemap_priority":"","_sitemap_frequency":"","footnotes":""},"categories":[60,56],"tags":[],"class_list":["post-271805","post","type-post","status-publish","format-standard","has-post-thumbnail","hentry","category-bolge","category-xeberler","infinite-scroll-item","generate-columns","tablet-grid-50","mobile-grid-100","grid-parent","grid-33","no-featured-image-padding"],"acf":[],"yoast_head":"<!-- This site is optimized with the Yoast SEO plugin v27.5 - https:\/\/yoast.com\/product\/yoast-seo-wordpress\/ -->\n<title>Ming\u0259\u00e7evir sakini: \u201c95 manat maa\u015fla m\u0259n nec\u0259 ya\u015fay\u0131m, bel\u0259 insafs\u0131zl\u0131q olar?!\u201d - MEYDAN.TV<\/title>\n<meta name=\"robots\" content=\"index, follow, max-snippet:-1, max-image-preview:large, max-video-preview:-1\" \/>\n<link rel=\"canonical\" href=\"https:\/\/www.meydan.tv\/az\/article\/mingecevir-sakini-95-manat-maasla-men-nece-yasayim-bele-insafsizliq-olar\/\" \/>\n<meta property=\"og:locale\" content=\"az_AZ\" \/>\n<meta property=\"og:type\" content=\"article\" \/>\n<meta property=\"og:title\" content=\"Ming\u0259\u00e7evir sakini: \u201c95 manat maa\u015fla m\u0259n nec\u0259 ya\u015fay\u0131m, bel\u0259 insafs\u0131zl\u0131q olar?!\u201d - MEYDAN.TV\" \/>\n<meta property=\"og:description\" content=\"El\u00e7in Qarayev: \u201cProkurorlu\u011fa m\u0259ktub yazd\u0131m, bundan sonra m\u0259niml\u0259 d\u00fc\u015fm\u0259n oldular\u201d ... Davam\u0131\" \/>\n<meta property=\"og:url\" content=\"https:\/\/www.meydan.tv\/az\/article\/mingecevir-sakini-95-manat-maasla-men-nece-yasayim-bele-insafsizliq-olar\/\" \/>\n<meta property=\"og:site_name\" content=\"MEYDAN.TV\" \/>\n<meta property=\"article:published_time\" content=\"2023-03-30T17:58:21+00:00\" \/>\n<meta property=\"article:modified_time\" content=\"2023-03-30T17:58:27+00:00\" \/>\n<meta property=\"og:image\" content=\"https:\/\/www.meydan.tv\/wp-content\/uploads\/untitled-design-1-66-e1680199087313.jpg\" \/>\n\t<meta property=\"og:image:width\" content=\"1200\" \/>\n\t<meta property=\"og:image:height\" content=\"654\" \/>\n\t<meta property=\"og:image:type\" content=\"image\/jpeg\" \/>\n<meta name=\"author\" content=\"elli\" \/>\n<meta name=\"twitter:card\" content=\"summary_large_image\" \/>\n<meta name=\"twitter:creator\" content=\"@elli\" \/>\n<script type=\"application\/ld+json\" class=\"yoast-schema-graph\">{\"@context\":\"https:\\\/\\\/schema.org\",\"@graph\":[{\"@type\":\"Article\",\"@id\":\"https:\\\/\\\/www.meydan.tv\\\/az\\\/article\\\/mingecevir-sakini-95-manat-maasla-men-nece-yasayim-bele-insafsizliq-olar\\\/#article\",\"isPartOf\":{\"@id\":\"https:\\\/\\\/www.meydan.tv\\\/az\\\/article\\\/mingecevir-sakini-95-manat-maasla-men-nece-yasayim-bele-insafsizliq-olar\\\/\"},\"author\":{\"name\":\"elli\",\"@id\":\"https:\\\/\\\/www.meydan.tv\\\/az\\\/#\\\/schema\\\/person\\\/9cdbecf90d17180ce1dfbd95b08dcf47\"},\"headline\":\"Ming\u0259\u00e7evir sakini: \u201c95 manat maa\u015fla m\u0259n nec\u0259 ya\u015fay\u0131m, bel\u0259 insafs\u0131zl\u0131q olar?!\u201d\",\"datePublished\":\"2023-03-30T17:58:21+00:00\",\"dateModified\":\"2023-03-30T17:58:27+00:00\",\"mainEntityOfPage\":{\"@id\":\"https:\\\/\\\/www.meydan.tv\\\/az\\\/article\\\/mingecevir-sakini-95-manat-maasla-men-nece-yasayim-bele-insafsizliq-olar\\\/\"},\"wordCount\":626,\"publisher\":{\"@id\":\"https:\\\/\\\/www.meydan.tv\\\/az\\\/#organization\"},\"image\":{\"@id\":\"https:\\\/\\\/www.meydan.tv\\\/az\\\/article\\\/mingecevir-sakini-95-manat-maasla-men-nece-yasayim-bele-insafsizliq-olar\\\/#primaryimage\"},\"thumbnailUrl\":\"https:\\\/\\\/www.meydan.tv\\\/wp-content\\\/uploads\\\/untitled-design-1-66-e1680199087313.jpg\",\"articleSection\":[\"B\u00f6lg\u0259\",\"X\u0259b\u0259rl\u0259r\"],\"inLanguage\":\"az\"},{\"@type\":\"WebPage\",\"@id\":\"https:\\\/\\\/www.meydan.tv\\\/az\\\/article\\\/mingecevir-sakini-95-manat-maasla-men-nece-yasayim-bele-insafsizliq-olar\\\/\",\"url\":\"https:\\\/\\\/www.meydan.tv\\\/az\\\/article\\\/mingecevir-sakini-95-manat-maasla-men-nece-yasayim-bele-insafsizliq-olar\\\/\",\"name\":\"Ming\u0259\u00e7evir sakini: \u201c95 manat maa\u015fla m\u0259n nec\u0259 ya\u015fay\u0131m, bel\u0259 insafs\u0131zl\u0131q olar?!\u201d - MEYDAN.TV\",\"isPartOf\":{\"@id\":\"https:\\\/\\\/www.meydan.tv\\\/az\\\/#website\"},\"primaryImageOfPage\":{\"@id\":\"https:\\\/\\\/www.meydan.tv\\\/az\\\/article\\\/mingecevir-sakini-95-manat-maasla-men-nece-yasayim-bele-insafsizliq-olar\\\/#primaryimage\"},\"image\":{\"@id\":\"https:\\\/\\\/www.meydan.tv\\\/az\\\/article\\\/mingecevir-sakini-95-manat-maasla-men-nece-yasayim-bele-insafsizliq-olar\\\/#primaryimage\"},\"thumbnailUrl\":\"https:\\\/\\\/www.meydan.tv\\\/wp-content\\\/uploads\\\/untitled-design-1-66-e1680199087313.jpg\",\"datePublished\":\"2023-03-30T17:58:21+00:00\",\"dateModified\":\"2023-03-30T17:58:27+00:00\",\"breadcrumb\":{\"@id\":\"https:\\\/\\\/www.meydan.tv\\\/az\\\/article\\\/mingecevir-sakini-95-manat-maasla-men-nece-yasayim-bele-insafsizliq-olar\\\/#breadcrumb\"},\"inLanguage\":\"az\",\"potentialAction\":[{\"@type\":\"ReadAction\",\"target\":[\"https:\\\/\\\/www.meydan.tv\\\/az\\\/article\\\/mingecevir-sakini-95-manat-maasla-men-nece-yasayim-bele-insafsizliq-olar\\\/\"]}]},{\"@type\":\"ImageObject\",\"inLanguage\":\"az\",\"@id\":\"https:\\\/\\\/www.meydan.tv\\\/az\\\/article\\\/mingecevir-sakini-95-manat-maasla-men-nece-yasayim-bele-insafsizliq-olar\\\/#primaryimage\",\"url\":\"https:\\\/\\\/www.meydan.tv\\\/wp-content\\\/uploads\\\/untitled-design-1-66-e1680199087313.jpg\",\"contentUrl\":\"https:\\\/\\\/www.meydan.tv\\\/wp-content\\\/uploads\\\/untitled-design-1-66-e1680199087313.jpg\",\"width\":1200,\"height\":654,\"caption\":\"El\u00e7in qrayev. Fotolar: Meydan TV\"},{\"@type\":\"BreadcrumbList\",\"@id\":\"https:\\\/\\\/www.meydan.tv\\\/az\\\/article\\\/mingecevir-sakini-95-manat-maasla-men-nece-yasayim-bele-insafsizliq-olar\\\/#breadcrumb\",\"itemListElement\":[{\"@type\":\"ListItem\",\"position\":1,\"name\":\"Ana s\u0259hif\u0259\",\"item\":\"https:\\\/\\\/www.meydan.tv\\\/az\\\/\"},{\"@type\":\"ListItem\",\"position\":2,\"name\":\"B\u00f6lg\u0259\",\"item\":\"https:\\\/\\\/www.meydan.tv\\\/az\\\/section\\\/bolge\\\/\"},{\"@type\":\"ListItem\",\"position\":3,\"name\":\"Ming\u0259\u00e7evir sakini: \u201c95 manat maa\u015fla m\u0259n nec\u0259 ya\u015fay\u0131m, bel\u0259 insafs\u0131zl\u0131q olar?!\u201d\"}]},{\"@type\":\"WebSite\",\"@id\":\"https:\\\/\\\/www.meydan.tv\\\/az\\\/#website\",\"url\":\"https:\\\/\\\/www.meydan.tv\\\/az\\\/\",\"name\":\"MEYDAN.TV\",\"description\":\"Meydan TV Az\u0259rbaycan\u0131n media m\u0259kan\u0131ndak\u0131 alternativ s\u0259sidir\",\"publisher\":{\"@id\":\"https:\\\/\\\/www.meydan.tv\\\/az\\\/#organization\"},\"potentialAction\":[{\"@type\":\"SearchAction\",\"target\":{\"@type\":\"EntryPoint\",\"urlTemplate\":\"https:\\\/\\\/www.meydan.tv\\\/az\\\/?s={search_term_string}\"},\"query-input\":{\"@type\":\"PropertyValueSpecification\",\"valueRequired\":true,\"valueName\":\"search_term_string\"}}],\"inLanguage\":\"az\"},{\"@type\":\"Organization\",\"@id\":\"https:\\\/\\\/www.meydan.tv\\\/az\\\/#organization\",\"name\":\"Meydan TV\",\"url\":\"https:\\\/\\\/www.meydan.tv\\\/az\\\/\",\"logo\":{\"@type\":\"ImageObject\",\"inLanguage\":\"az\",\"@id\":\"https:\\\/\\\/www.meydan.tv\\\/az\\\/#\\\/schema\\\/logo\\\/image\\\/\",\"url\":\"https:\\\/\\\/www.meydan.tv\\\/wp-content\\\/uploads\\\/2021\\\/07\\\/meydan-logo.svg\",\"contentUrl\":\"https:\\\/\\\/www.meydan.tv\\\/wp-content\\\/uploads\\\/2021\\\/07\\\/meydan-logo.svg\",\"width\":195,\"height\":46,\"caption\":\"Meydan TV\"},\"image\":{\"@id\":\"https:\\\/\\\/www.meydan.tv\\\/az\\\/#\\\/schema\\\/logo\\\/image\\\/\"}},{\"@type\":\"Person\",\"@id\":\"https:\\\/\\\/www.meydan.tv\\\/az\\\/#\\\/schema\\\/person\\\/9cdbecf90d17180ce1dfbd95b08dcf47\",\"name\":\"elli\",\"sameAs\":[\"https:\\\/\\\/x.com\\\/elli\"]}]}<\/script>\n<!-- \/ Yoast SEO plugin. -->","yoast_head_json":{"title":"Ming\u0259\u00e7evir sakini: \u201c95 manat maa\u015fla m\u0259n nec\u0259 ya\u015fay\u0131m, bel\u0259 insafs\u0131zl\u0131q olar?!\u201d - MEYDAN.TV","robots":{"index":"index","follow":"follow","max-snippet":"max-snippet:-1","max-image-preview":"max-image-preview:large","max-video-preview":"max-video-preview:-1"},"canonical":"https:\/\/www.meydan.tv\/az\/article\/mingecevir-sakini-95-manat-maasla-men-nece-yasayim-bele-insafsizliq-olar\/","og_locale":"az_AZ","og_type":"article","og_title":"Ming\u0259\u00e7evir sakini: \u201c95 manat maa\u015fla m\u0259n nec\u0259 ya\u015fay\u0131m, bel\u0259 insafs\u0131zl\u0131q olar?!\u201d - MEYDAN.TV","og_description":"El\u00e7in Qarayev: \u201cProkurorlu\u011fa m\u0259ktub yazd\u0131m, bundan sonra m\u0259niml\u0259 d\u00fc\u015fm\u0259n oldular\u201d ... Davam\u0131","og_url":"https:\/\/www.meydan.tv\/az\/article\/mingecevir-sakini-95-manat-maasla-men-nece-yasayim-bele-insafsizliq-olar\/","og_site_name":"MEYDAN.TV","article_published_time":"2023-03-30T17:58:21+00:00","article_modified_time":"2023-03-30T17:58:27+00:00","og_image":[{"width":1200,"height":654,"url":"https:\/\/www.meydan.tv\/wp-content\/uploads\/untitled-design-1-66-e1680199087313.jpg","type":"image\/jpeg"}],"author":"elli","twitter_card":"summary_large_image","twitter_creator":"@elli","schema":{"@context":"https:\/\/schema.org","@graph":[{"@type":"Article","@id":"https:\/\/www.meydan.tv\/az\/article\/mingecevir-sakini-95-manat-maasla-men-nece-yasayim-bele-insafsizliq-olar\/#article","isPartOf":{"@id":"https:\/\/www.meydan.tv\/az\/article\/mingecevir-sakini-95-manat-maasla-men-nece-yasayim-bele-insafsizliq-olar\/"},"author":{"name":"elli","@id":"https:\/\/www.meydan.tv\/az\/#\/schema\/person\/9cdbecf90d17180ce1dfbd95b08dcf47"},"headline":"Ming\u0259\u00e7evir sakini: \u201c95 manat maa\u015fla m\u0259n nec\u0259 ya\u015fay\u0131m, bel\u0259 insafs\u0131zl\u0131q olar?!\u201d","datePublished":"2023-03-30T17:58:21+00:00","dateModified":"2023-03-30T17:58:27+00:00","mainEntityOfPage":{"@id":"https:\/\/www.meydan.tv\/az\/article\/mingecevir-sakini-95-manat-maasla-men-nece-yasayim-bele-insafsizliq-olar\/"},"wordCount":626,"publisher":{"@id":"https:\/\/www.meydan.tv\/az\/#organization"},"image":{"@id":"https:\/\/www.meydan.tv\/az\/article\/mingecevir-sakini-95-manat-maasla-men-nece-yasayim-bele-insafsizliq-olar\/#primaryimage"},"thumbnailUrl":"https:\/\/www.meydan.tv\/wp-content\/uploads\/untitled-design-1-66-e1680199087313.jpg","articleSection":["B\u00f6lg\u0259","X\u0259b\u0259rl\u0259r"],"inLanguage":"az"},{"@type":"WebPage","@id":"https:\/\/www.meydan.tv\/az\/article\/mingecevir-sakini-95-manat-maasla-men-nece-yasayim-bele-insafsizliq-olar\/","url":"https:\/\/www.meydan.tv\/az\/article\/mingecevir-sakini-95-manat-maasla-men-nece-yasayim-bele-insafsizliq-olar\/","name":"Ming\u0259\u00e7evir sakini: \u201c95 manat maa\u015fla m\u0259n nec\u0259 ya\u015fay\u0131m, bel\u0259 insafs\u0131zl\u0131q olar?!\u201d - MEYDAN.TV","isPartOf":{"@id":"https:\/\/www.meydan.tv\/az\/#website"},"primaryImageOfPage":{"@id":"https:\/\/www.meydan.tv\/az\/article\/mingecevir-sakini-95-manat-maasla-men-nece-yasayim-bele-insafsizliq-olar\/#primaryimage"},"image":{"@id":"https:\/\/www.meydan.tv\/az\/article\/mingecevir-sakini-95-manat-maasla-men-nece-yasayim-bele-insafsizliq-olar\/#primaryimage"},"thumbnailUrl":"https:\/\/www.meydan.tv\/wp-content\/uploads\/untitled-design-1-66-e1680199087313.jpg","datePublished":"2023-03-30T17:58:21+00:00","dateModified":"2023-03-30T17:58:27+00:00","breadcrumb":{"@id":"https:\/\/www.meydan.tv\/az\/article\/mingecevir-sakini-95-manat-maasla-men-nece-yasayim-bele-insafsizliq-olar\/#breadcrumb"},"inLanguage":"az","potentialAction":[{"@type":"ReadAction","target":["https:\/\/www.meydan.tv\/az\/article\/mingecevir-sakini-95-manat-maasla-men-nece-yasayim-bele-insafsizliq-olar\/"]}]},{"@type":"ImageObject","inLanguage":"az","@id":"https:\/\/www.meydan.tv\/az\/article\/mingecevir-sakini-95-manat-maasla-men-nece-yasayim-bele-insafsizliq-olar\/#primaryimage","url":"https:\/\/www.meydan.tv\/wp-content\/uploads\/untitled-design-1-66-e1680199087313.jpg","contentUrl":"https:\/\/www.meydan.tv\/wp-content\/uploads\/untitled-design-1-66-e1680199087313.jpg","width":1200,"height":654,"caption":"El\u00e7in qrayev. Fotolar: Meydan TV"},{"@type":"BreadcrumbList","@id":"https:\/\/www.meydan.tv\/az\/article\/mingecevir-sakini-95-manat-maasla-men-nece-yasayim-bele-insafsizliq-olar\/#breadcrumb","itemListElement":[{"@type":"ListItem","position":1,"name":"Ana s\u0259hif\u0259","item":"https:\/\/www.meydan.tv\/az\/"},{"@type":"ListItem","position":2,"name":"B\u00f6lg\u0259","item":"https:\/\/www.meydan.tv\/az\/section\/bolge\/"},{"@type":"ListItem","position":3,"name":"Ming\u0259\u00e7evir sakini: \u201c95 manat maa\u015fla m\u0259n nec\u0259 ya\u015fay\u0131m, bel\u0259 insafs\u0131zl\u0131q olar?!\u201d"}]},{"@type":"WebSite","@id":"https:\/\/www.meydan.tv\/az\/#website","url":"https:\/\/www.meydan.tv\/az\/","name":"MEYDAN.TV","description":"Meydan TV Az\u0259rbaycan\u0131n media m\u0259kan\u0131ndak\u0131 alternativ s\u0259sidir","publisher":{"@id":"https:\/\/www.meydan.tv\/az\/#organization"},"potentialAction":[{"@type":"SearchAction","target":{"@type":"EntryPoint","urlTemplate":"https:\/\/www.meydan.tv\/az\/?s={search_term_string}"},"query-input":{"@type":"PropertyValueSpecification","valueRequired":true,"valueName":"search_term_string"}}],"inLanguage":"az"},{"@type":"Organization","@id":"https:\/\/www.meydan.tv\/az\/#organization","name":"Meydan TV","url":"https:\/\/www.meydan.tv\/az\/","logo":{"@type":"ImageObject","inLanguage":"az","@id":"https:\/\/www.meydan.tv\/az\/#\/schema\/logo\/image\/","url":"https:\/\/www.meydan.tv\/wp-content\/uploads\/2021\/07\/meydan-logo.svg","contentUrl":"https:\/\/www.meydan.tv\/wp-content\/uploads\/2021\/07\/meydan-logo.svg","width":195,"height":46,"caption":"Meydan TV"},"image":{"@id":"https:\/\/www.meydan.tv\/az\/#\/schema\/logo\/image\/"}},{"@type":"Person","@id":"https:\/\/www.meydan.tv\/az\/#\/schema\/person\/9cdbecf90d17180ce1dfbd95b08dcf47","name":"elli","sameAs":["https:\/\/x.com\/elli"]}]}},"_links":{"self":[{"href":"https:\/\/www.meydan.tv\/az\/wp-json\/wp\/v2\/posts\/271805","targetHints":{"allow":["GET"]}}],"collection":[{"href":"https:\/\/www.meydan.tv\/az\/wp-json\/wp\/v2\/posts"}],"about":[{"href":"https:\/\/www.meydan.tv\/az\/wp-json\/wp\/v2\/types\/post"}],"author":[{"embeddable":true,"href":"https:\/\/www.meydan.tv\/az\/wp-json\/wp\/v2\/users\/8"}],"replies":[{"embeddable":true,"href":"https:\/\/www.meydan.tv\/az\/wp-json\/wp\/v2\/comments?post=271805"}],"version-history":[{"count":1,"href":"https:\/\/www.meydan.tv\/az\/wp-json\/wp\/v2\/posts\/271805\/revisions"}],"predecessor-version":[{"id":271812,"href":"https:\/\/www.meydan.tv\/az\/wp-json\/wp\/v2\/posts\/271805\/revisions\/271812"}],"wp:featuredmedia":[{"embeddable":true,"href":"https:\/\/www.meydan.tv\/az\/wp-json\/wp\/v2\/media\/271809"}],"wp:attachment":[{"href":"https:\/\/www.meydan.tv\/az\/wp-json\/wp\/v2\/media?parent=271805"}],"wp:term":[{"taxonomy":"category","embeddable":true,"href":"https:\/\/www.meydan.tv\/az\/wp-json\/wp\/v2\/categories?post=271805"},{"taxonomy":"post_tag","embeddable":true,"href":"https:\/\/www.meydan.tv\/az\/wp-json\/wp\/v2\/tags?post=271805"}],"curies":[{"name":"wp","href":"https:\/\/api.w.org\/{rel}","templated":true}]}}