{"id":271800,"date":"2023-03-30T21:35:57","date_gmt":"2023-03-30T17:35:57","guid":{"rendered":"https:\/\/www.meydan.tv\/?p=271800"},"modified":"2023-03-30T23:28:57","modified_gmt":"2023-03-30T19:28:57","slug":"bloger-polisle-bagli-paylasimindan-sonra-hebs-olunub","status":"publish","type":"post","link":"https:\/\/www.meydan.tv\/az\/article\/bloger-polisle-bagli-paylasimindan-sonra-hebs-olunub\/","title":{"rendered":"Bloger polisl\u0259 ba\u011fl\u0131 payla\u015f\u0131m\u0131ndan sonra h\u0259bs olunub (yenil\u0259nib)"},"content":{"rendered":"\n<p><\/p>\n\n\n\n<p><\/p>\n\n\n\n<p><strong>D\u0130N-in m\u0259tbuat xidm\u0259tinin \u0259m\u0259kda\u015f\u0131, polis leytenant\u0131 \u0130barahim \u018fmiraslanl\u0131 Nurlan C\u0259f\u0259rlinin h\u0259bsi il\u0259 ba\u011fl\u0131 a\u00e7\u0259qlama yay\u0131b. <\/strong><\/p>\n\n\n\n<p><strong>Bildirilir ki, Nurlan C\u0259f\u0259rli paytaxt\u0131n Yasamal rayonunda qanunsuz aksiyada polis \u0259m\u0259kda\u015flar\u0131n\u0131n xidm\u0259ti f\u0259aliyy\u0259tin\u0259 mane oldu\u011fu, jurnalist etikas\u0131ndan k\u0259nar h\u0259r\u0259k\u0259tl\u0259r etdiyi \u00fc\u00e7\u00fcn \u0259razid\u0259n uzaqla\u015fd\u0131r\u0131l\u0131b:<\/strong><\/p>\n\n\n\n<p>\u201c<em>Qeyd olunan \u0259razid\u0259 apar\u0131lan dig\u0259r \u00e7\u0259kili\u015fl\u0259rd\u0259 N.C\u0259f\u0259rinin polis \u0259m\u0259kda\u015flar\u0131n\u0131n xidm\u0259ti f\u0259aliyy\u0259tin\u0259 mane olmaqla kobudluq etm\u0259si v\u0259 \u0259l h\u0259r\u0259k\u0259tl\u0259ri onlar\u0131 vurma\u011fa c\u0259hd g\u00f6st\u0259rm\u0259si m\u00fc\u015fahid\u0259 edilib. O, bu \u0259m\u0259ll\u0259r\u0259 g\u00f6r\u0259 polis orqan\u0131na d\u0259v\u0259t edilm\u0259kl\u0259 etdiyi h\u0259r\u0259k\u0259tl\u0259r s\u00fcbutlarla ona \u0259yani g\u00f6st\u0259rilib. Konkret s\u00fcbutlar qar\u015f\u0131s\u0131nda etdiyi h\u0259rk\u0259tl\u0259rd\u0259n pe\u015fiman oldu\u011funu bildir\u0259n N.C\u0259f\u0259ri bar\u0259sind\u0259 toplanan materiallar bax\u0131lmas\u0131 \u00fc\u00e7\u00fcn rayon m\u0259hk\u0259m\u0259sin\u0259 g\u00f6nd\u0259rilib\u201d<\/em>.<\/p>\n\n\n\n<p><\/p>\n\n\n\n<p><\/p>\n\n\n\n<p><\/p>\n\n\n\n<hr class=\"wp-block-separator has-alpha-channel-opacity\"\/>\n\n\n\n<p><\/p>\n\n\n\n<p><strong><em>Nurlan C\u0259f\u0259rli polisin qanuni t\u0259l\u0259bin\u0259 tabe olmamaqda ittiham edilir<\/em><\/strong><\/p>\n\n\n\n<p>M\u00fcxt\u0259lif internet televiziyalar\u0131yla \u0259m\u0259kda\u015fl\u0131q ed\u0259n bloger Nurlan C\u0259f\u0259rov (C\u0259f\u0259rli) h\u0259bs olunub. Onun haqq\u0131nda Yasamal Rayon M\u0259hk\u0259m\u0259sind\u0259 15 g\u00fcnl\u00fck inzibati h\u0259bs q\u0259rar\u0131 \u00e7\u0131xar\u0131l\u0131b.<\/p>\n\n\n\n<p>Bu bar\u0259d\u0259 Meydan TV-y\u0259 m\u0259hk\u0259m\u0259d\u0259n veril\u0259n m\u0259lumatda bildirilir ki, Nurlan C\u0259f\u0259rli mart\u0131n 30-da ax\u015fam saat 19 rad\u0259l\u0259rind\u0259 hakim qar\u015f\u0131s\u0131na \u00e7\u0131xar\u0131l\u0131b. Onun i\u015fin\u0259 hakim R\u0259\u015fad Cavadzad\u0259 bax\u0131b.<\/p>\n\n\n\n<p><em>\u201cOnun haqq\u0131nda polis b\u00f6lm\u0259sind\u0259 \u0130nzibati X\u0259talar M\u0259c\u0259ll\u0259sinin 510 (x\u0259rda xuliqanl\u0131q) v\u0259 535.1 (polisin qanuni t\u0259l\u0259bin\u0259 tabe olmama) madd\u0259l\u0259ril\u0259 protokol t\u0259rtib olunub\u201d, <\/em>&#8211; m\u0259hk\u0259m\u0259d\u0259n bildirilib.<\/p>\n\n\n\n<p>Nurlan C\u0259f\u0259rli mart\u0131n 30-da g\u00fcnorta saatlar\u0131nda \u018fdliyy\u0259 Nazirliyinin qar\u015f\u0131s\u0131nda Az\u0259rbaycan Xalq C\u0259bh\u0259si Partiyas\u0131 (AXCP) \u00fczvl\u0259rinin ke\u00e7irdiyi etiraz aksiyas\u0131n\u0131 lent\u0259 alan jurnalistl\u0259r aras\u0131nda olub. O, aksiyadan sonra \u201cFacebook\u201d hesab\u0131ndan Daxili \u0130\u015fl\u0259r Nazirliyin\u0259 v\u0259 nazirliyin m\u0259tbuat xidm\u0259tinin \u015f\u00f6b\u0259 r\u0259isi El\u015fad Hac\u0131yev\u0259 m\u00fcraci\u0259t \u00fcnvanlay\u0131b. M\u00fcraci\u0259tind\u0259 g\u00f6st\u0259rib ki, etiraz aksiyas\u0131nda media n\u00fcmay\u0259nd\u0259si kimi, \u201cTime TV\u201d kanal\u0131 \u00fc\u00e7\u00fcn \u00e7\u0259kili\u015f aparark\u0259n polis zorak\u0131l\u0131\u011f\u0131na m\u0259ruz qal\u0131b, telefonu s\u0131nd\u0131r\u0131l\u0131b:<\/p>\n\n\n\n<p>\u201c<em>Bu videodak\u0131 \u00f6z\u00fcn\u0259 v\u0259 v\u0259zif\u0259sin\u0259 h\u00f6rm\u0259t qoymayan m\u00fclki geyimd\u0259 olan polis \u0259m\u0259kda\u015f\u0131 \u00f6nc\u0259 m\u0259n\u0259 z\u0259rb\u0259 vurdu, daha sonra belimd\u0259n yap\u0131\u015f\u0131b \u201cpadno\u015fka\u201d adlanan g\u00fcl\u0259\u015f f\u0259ndi il\u0259 yer\u0259 \u00e7\u0131rpd\u0131. Telefonum d\u00fc\u015f\u00fcb ekran\u0131 \u00e7atlad\u0131. Bu telefonu yeni d\u00fcz\u0259ltdirmi\u015f\u0259m dostumuz S\u0259fiyar M\u00fcz\u0259ff\u0259r b\u0259y\u0259. H\u0259l\u0259 d\u0259 75 manat\u0131n\u0131 maa\u015f alanda \u00f6d\u0259y\u0259c\u0259yimi bildirib, borclu qalm\u0131\u015fam. \u0130ndi m\u0259nim bu telefonumun pulunu \u00f6d\u0259m\u0259mi\u015f kim d\u00fcz\u0259ltdir\u0259c\u0259k?<\/em><\/p>\n\n\n\n<p><em>M\u0259ni \u0259n yuxar\u0131 s\u0259viyy\u0259d\u0259 \u0259m\u0259kda\u015flar\u0131n\u0131z \u00e7ox g\u00f6z\u0259l tan\u0131y\u0131r, m\u0259nim damar\u0131ma basma\u011f\u0131n he\u00e7 kim \u00fc\u00e7\u00fcn yax\u015f\u0131 bitm\u0259y\u0259c\u0259yini d\u0259 g\u00f6z\u0259l bilirsiz. \u015e\u0259xs\u0259n ictimaiyy\u0259t qar\u015f\u0131s\u0131nda s\u00f6z verir\u0259m, o polis n\u0259f\u0259ri ya m\u0259niml\u0259 \u0259laq\u0259y\u0259 ke\u00e7ib \u00f6z maa\u015f\u0131 il\u0259 gedib m\u0259nim telefonumu d\u00fcz\u0259ld\u0259c\u0259k, ya da onun ba\u015f\u0131na g\u0259tir\u0259c\u0259yim oyunlara g\u00f6r\u0259 \u201cpolis\u0259 qar\u015f\u0131 zorak\u0131l\u0131q\u201d madd\u0259sil\u0259 m\u0259ni h\u0259bs ed\u0259c\u0259ksiniz&#8230;\u201d.<\/em><\/p>\n\n\n\n<p>Bu m\u00fcraci\u0259td\u0259n iki saat sonra Nurlan C\u0259f\u0259rli h\u0259bs olunub.<\/p>\n","protected":false},"excerpt":{"rendered":"<p>D\u0130N-in m\u0259tbuat xidm\u0259tinin \u0259m\u0259kda\u015f\u0131, polis leytenant\u0131 \u0130barahim \u018fmiraslanl\u0131 Nurlan C\u0259f\u0259rlinin &#8230; <\/p>\n<p class=\"read-more-container\"><a title=\"Bloger polisl\u0259 ba\u011fl\u0131 payla\u015f\u0131m\u0131ndan sonra h\u0259bs olunub (yenil\u0259nib)\" class=\"read-more button\" href=\"https:\/\/www.meydan.tv\/az\/article\/bloger-polisle-bagli-paylasimindan-sonra-hebs-olunub\/#more-271800\" aria-label=\"Read more about Bloger polisl\u0259 ba\u011fl\u0131 payla\u015f\u0131m\u0131ndan sonra h\u0259bs olunub (yenil\u0259nib)\">Davam\u0131<\/a><\/p>\n","protected":false},"author":8,"featured_media":271801,"comment_status":"closed","ping_status":"closed","sticky":false,"template":"","format":"standard","meta":{"_acf_changed":false,"_sitemap_exclude":false,"_sitemap_priority":"","_sitemap_frequency":"","footnotes":""},"categories":[59,56],"tags":[],"class_list":["post-271800","post","type-post","status-publish","format-standard","has-post-thumbnail","hentry","category-siyaset","category-xeberler","infinite-scroll-item","generate-columns","tablet-grid-50","mobile-grid-100","grid-parent","grid-33","no-featured-image-padding"],"acf":[],"yoast_head":"<!-- This site is optimized with the Yoast SEO plugin v27.4 - https:\/\/yoast.com\/product\/yoast-seo-wordpress\/ -->\n<title>Bloger polisl\u0259 ba\u011fl\u0131 payla\u015f\u0131m\u0131ndan sonra h\u0259bs olunub (yenil\u0259nib) - MEYDAN.TV<\/title>\n<meta name=\"robots\" content=\"index, follow, max-snippet:-1, max-image-preview:large, max-video-preview:-1\" \/>\n<link rel=\"canonical\" href=\"https:\/\/www.meydan.tv\/az\/article\/bloger-polisle-bagli-paylasimindan-sonra-hebs-olunub\/\" \/>\n<meta property=\"og:locale\" content=\"az_AZ\" \/>\n<meta property=\"og:type\" content=\"article\" \/>\n<meta property=\"og:title\" content=\"Bloger polisl\u0259 ba\u011fl\u0131 payla\u015f\u0131m\u0131ndan sonra h\u0259bs olunub (yenil\u0259nib) - MEYDAN.TV\" \/>\n<meta property=\"og:description\" content=\"D\u0130N-in m\u0259tbuat xidm\u0259tinin \u0259m\u0259kda\u015f\u0131, polis leytenant\u0131 \u0130barahim \u018fmiraslanl\u0131 Nurlan C\u0259f\u0259rlinin ... Davam\u0131\" \/>\n<meta property=\"og:url\" content=\"https:\/\/www.meydan.tv\/az\/article\/bloger-polisle-bagli-paylasimindan-sonra-hebs-olunub\/\" \/>\n<meta property=\"og:site_name\" content=\"MEYDAN.TV\" \/>\n<meta property=\"article:published_time\" content=\"2023-03-30T17:35:57+00:00\" \/>\n<meta property=\"article:modified_time\" content=\"2023-03-30T19:28:57+00:00\" \/>\n<meta property=\"og:image\" content=\"https:\/\/www.meydan.tv\/wp-content\/uploads\/118468073_1185089281861239_4753882942805396801_n-e1680197748990.jpg\" \/>\n\t<meta property=\"og:image:width\" content=\"1200\" \/>\n\t<meta property=\"og:image:height\" content=\"705\" \/>\n\t<meta property=\"og:image:type\" content=\"image\/jpeg\" \/>\n<meta name=\"author\" content=\"elli\" \/>\n<meta name=\"twitter:card\" content=\"summary_large_image\" \/>\n<meta name=\"twitter:creator\" content=\"@elli\" \/>\n<script type=\"application\/ld+json\" class=\"yoast-schema-graph\">{\"@context\":\"https:\\\/\\\/schema.org\",\"@graph\":[{\"@type\":\"Article\",\"@id\":\"https:\\\/\\\/www.meydan.tv\\\/az\\\/article\\\/bloger-polisle-bagli-paylasimindan-sonra-hebs-olunub\\\/#article\",\"isPartOf\":{\"@id\":\"https:\\\/\\\/www.meydan.tv\\\/az\\\/article\\\/bloger-polisle-bagli-paylasimindan-sonra-hebs-olunub\\\/\"},\"author\":{\"name\":\"elli\",\"@id\":\"https:\\\/\\\/www.meydan.tv\\\/az\\\/#\\\/schema\\\/person\\\/9cdbecf90d17180ce1dfbd95b08dcf47\"},\"headline\":\"Bloger polisl\u0259 ba\u011fl\u0131 payla\u015f\u0131m\u0131ndan sonra h\u0259bs olunub (yenil\u0259nib)\",\"datePublished\":\"2023-03-30T17:35:57+00:00\",\"dateModified\":\"2023-03-30T19:28:57+00:00\",\"mainEntityOfPage\":{\"@id\":\"https:\\\/\\\/www.meydan.tv\\\/az\\\/article\\\/bloger-polisle-bagli-paylasimindan-sonra-hebs-olunub\\\/\"},\"wordCount\":647,\"publisher\":{\"@id\":\"https:\\\/\\\/www.meydan.tv\\\/az\\\/#organization\"},\"image\":{\"@id\":\"https:\\\/\\\/www.meydan.tv\\\/az\\\/article\\\/bloger-polisle-bagli-paylasimindan-sonra-hebs-olunub\\\/#primaryimage\"},\"thumbnailUrl\":\"https:\\\/\\\/www.meydan.tv\\\/wp-content\\\/uploads\\\/118468073_1185089281861239_4753882942805396801_n-e1680197748990.jpg\",\"articleSection\":[\"Siyas\u0259t\",\"X\u0259b\u0259rl\u0259r\"],\"inLanguage\":\"az\"},{\"@type\":\"WebPage\",\"@id\":\"https:\\\/\\\/www.meydan.tv\\\/az\\\/article\\\/bloger-polisle-bagli-paylasimindan-sonra-hebs-olunub\\\/\",\"url\":\"https:\\\/\\\/www.meydan.tv\\\/az\\\/article\\\/bloger-polisle-bagli-paylasimindan-sonra-hebs-olunub\\\/\",\"name\":\"Bloger polisl\u0259 ba\u011fl\u0131 payla\u015f\u0131m\u0131ndan sonra h\u0259bs olunub (yenil\u0259nib) - MEYDAN.TV\",\"isPartOf\":{\"@id\":\"https:\\\/\\\/www.meydan.tv\\\/az\\\/#website\"},\"primaryImageOfPage\":{\"@id\":\"https:\\\/\\\/www.meydan.tv\\\/az\\\/article\\\/bloger-polisle-bagli-paylasimindan-sonra-hebs-olunub\\\/#primaryimage\"},\"image\":{\"@id\":\"https:\\\/\\\/www.meydan.tv\\\/az\\\/article\\\/bloger-polisle-bagli-paylasimindan-sonra-hebs-olunub\\\/#primaryimage\"},\"thumbnailUrl\":\"https:\\\/\\\/www.meydan.tv\\\/wp-content\\\/uploads\\\/118468073_1185089281861239_4753882942805396801_n-e1680197748990.jpg\",\"datePublished\":\"2023-03-30T17:35:57+00:00\",\"dateModified\":\"2023-03-30T19:28:57+00:00\",\"breadcrumb\":{\"@id\":\"https:\\\/\\\/www.meydan.tv\\\/az\\\/article\\\/bloger-polisle-bagli-paylasimindan-sonra-hebs-olunub\\\/#breadcrumb\"},\"inLanguage\":\"az\",\"potentialAction\":[{\"@type\":\"ReadAction\",\"target\":[\"https:\\\/\\\/www.meydan.tv\\\/az\\\/article\\\/bloger-polisle-bagli-paylasimindan-sonra-hebs-olunub\\\/\"]}]},{\"@type\":\"ImageObject\",\"inLanguage\":\"az\",\"@id\":\"https:\\\/\\\/www.meydan.tv\\\/az\\\/article\\\/bloger-polisle-bagli-paylasimindan-sonra-hebs-olunub\\\/#primaryimage\",\"url\":\"https:\\\/\\\/www.meydan.tv\\\/wp-content\\\/uploads\\\/118468073_1185089281861239_4753882942805396801_n-e1680197748990.jpg\",\"contentUrl\":\"https:\\\/\\\/www.meydan.tv\\\/wp-content\\\/uploads\\\/118468073_1185089281861239_4753882942805396801_n-e1680197748990.jpg\",\"width\":1200,\"height\":705,\"caption\":\"Foto: Nurlan C\u0259f\u0259rlinin arxivind\u0259n\"},{\"@type\":\"BreadcrumbList\",\"@id\":\"https:\\\/\\\/www.meydan.tv\\\/az\\\/article\\\/bloger-polisle-bagli-paylasimindan-sonra-hebs-olunub\\\/#breadcrumb\",\"itemListElement\":[{\"@type\":\"ListItem\",\"position\":1,\"name\":\"Ana s\u0259hif\u0259\",\"item\":\"https:\\\/\\\/www.meydan.tv\\\/az\\\/\"},{\"@type\":\"ListItem\",\"position\":2,\"name\":\"Siyas\u0259t\",\"item\":\"https:\\\/\\\/www.meydan.tv\\\/az\\\/section\\\/siyaset\\\/\"},{\"@type\":\"ListItem\",\"position\":3,\"name\":\"Bloger polisl\u0259 ba\u011fl\u0131 payla\u015f\u0131m\u0131ndan sonra h\u0259bs olunub (yenil\u0259nib)\"}]},{\"@type\":\"WebSite\",\"@id\":\"https:\\\/\\\/www.meydan.tv\\\/az\\\/#website\",\"url\":\"https:\\\/\\\/www.meydan.tv\\\/az\\\/\",\"name\":\"MEYDAN.TV\",\"description\":\"Meydan TV Az\u0259rbaycan\u0131n media m\u0259kan\u0131ndak\u0131 alternativ s\u0259sidir\",\"publisher\":{\"@id\":\"https:\\\/\\\/www.meydan.tv\\\/az\\\/#organization\"},\"potentialAction\":[{\"@type\":\"SearchAction\",\"target\":{\"@type\":\"EntryPoint\",\"urlTemplate\":\"https:\\\/\\\/www.meydan.tv\\\/az\\\/?s={search_term_string}\"},\"query-input\":{\"@type\":\"PropertyValueSpecification\",\"valueRequired\":true,\"valueName\":\"search_term_string\"}}],\"inLanguage\":\"az\"},{\"@type\":\"Organization\",\"@id\":\"https:\\\/\\\/www.meydan.tv\\\/az\\\/#organization\",\"name\":\"Meydan TV\",\"url\":\"https:\\\/\\\/www.meydan.tv\\\/az\\\/\",\"logo\":{\"@type\":\"ImageObject\",\"inLanguage\":\"az\",\"@id\":\"https:\\\/\\\/www.meydan.tv\\\/az\\\/#\\\/schema\\\/logo\\\/image\\\/\",\"url\":\"https:\\\/\\\/www.meydan.tv\\\/wp-content\\\/uploads\\\/2021\\\/07\\\/meydan-logo.svg\",\"contentUrl\":\"https:\\\/\\\/www.meydan.tv\\\/wp-content\\\/uploads\\\/2021\\\/07\\\/meydan-logo.svg\",\"width\":195,\"height\":46,\"caption\":\"Meydan TV\"},\"image\":{\"@id\":\"https:\\\/\\\/www.meydan.tv\\\/az\\\/#\\\/schema\\\/logo\\\/image\\\/\"}},{\"@type\":\"Person\",\"@id\":\"https:\\\/\\\/www.meydan.tv\\\/az\\\/#\\\/schema\\\/person\\\/9cdbecf90d17180ce1dfbd95b08dcf47\",\"name\":\"elli\",\"sameAs\":[\"https:\\\/\\\/x.com\\\/elli\"]}]}<\/script>\n<!-- \/ Yoast SEO plugin. -->","yoast_head_json":{"title":"Bloger polisl\u0259 ba\u011fl\u0131 payla\u015f\u0131m\u0131ndan sonra h\u0259bs olunub (yenil\u0259nib) - MEYDAN.TV","robots":{"index":"index","follow":"follow","max-snippet":"max-snippet:-1","max-image-preview":"max-image-preview:large","max-video-preview":"max-video-preview:-1"},"canonical":"https:\/\/www.meydan.tv\/az\/article\/bloger-polisle-bagli-paylasimindan-sonra-hebs-olunub\/","og_locale":"az_AZ","og_type":"article","og_title":"Bloger polisl\u0259 ba\u011fl\u0131 payla\u015f\u0131m\u0131ndan sonra h\u0259bs olunub (yenil\u0259nib) - MEYDAN.TV","og_description":"D\u0130N-in m\u0259tbuat xidm\u0259tinin \u0259m\u0259kda\u015f\u0131, polis leytenant\u0131 \u0130barahim \u018fmiraslanl\u0131 Nurlan C\u0259f\u0259rlinin ... Davam\u0131","og_url":"https:\/\/www.meydan.tv\/az\/article\/bloger-polisle-bagli-paylasimindan-sonra-hebs-olunub\/","og_site_name":"MEYDAN.TV","article_published_time":"2023-03-30T17:35:57+00:00","article_modified_time":"2023-03-30T19:28:57+00:00","og_image":[{"width":1200,"height":705,"url":"https:\/\/www.meydan.tv\/wp-content\/uploads\/118468073_1185089281861239_4753882942805396801_n-e1680197748990.jpg","type":"image\/jpeg"}],"author":"elli","twitter_card":"summary_large_image","twitter_creator":"@elli","schema":{"@context":"https:\/\/schema.org","@graph":[{"@type":"Article","@id":"https:\/\/www.meydan.tv\/az\/article\/bloger-polisle-bagli-paylasimindan-sonra-hebs-olunub\/#article","isPartOf":{"@id":"https:\/\/www.meydan.tv\/az\/article\/bloger-polisle-bagli-paylasimindan-sonra-hebs-olunub\/"},"author":{"name":"elli","@id":"https:\/\/www.meydan.tv\/az\/#\/schema\/person\/9cdbecf90d17180ce1dfbd95b08dcf47"},"headline":"Bloger polisl\u0259 ba\u011fl\u0131 payla\u015f\u0131m\u0131ndan sonra h\u0259bs olunub (yenil\u0259nib)","datePublished":"2023-03-30T17:35:57+00:00","dateModified":"2023-03-30T19:28:57+00:00","mainEntityOfPage":{"@id":"https:\/\/www.meydan.tv\/az\/article\/bloger-polisle-bagli-paylasimindan-sonra-hebs-olunub\/"},"wordCount":647,"publisher":{"@id":"https:\/\/www.meydan.tv\/az\/#organization"},"image":{"@id":"https:\/\/www.meydan.tv\/az\/article\/bloger-polisle-bagli-paylasimindan-sonra-hebs-olunub\/#primaryimage"},"thumbnailUrl":"https:\/\/www.meydan.tv\/wp-content\/uploads\/118468073_1185089281861239_4753882942805396801_n-e1680197748990.jpg","articleSection":["Siyas\u0259t","X\u0259b\u0259rl\u0259r"],"inLanguage":"az"},{"@type":"WebPage","@id":"https:\/\/www.meydan.tv\/az\/article\/bloger-polisle-bagli-paylasimindan-sonra-hebs-olunub\/","url":"https:\/\/www.meydan.tv\/az\/article\/bloger-polisle-bagli-paylasimindan-sonra-hebs-olunub\/","name":"Bloger polisl\u0259 ba\u011fl\u0131 payla\u015f\u0131m\u0131ndan sonra h\u0259bs olunub (yenil\u0259nib) - MEYDAN.TV","isPartOf":{"@id":"https:\/\/www.meydan.tv\/az\/#website"},"primaryImageOfPage":{"@id":"https:\/\/www.meydan.tv\/az\/article\/bloger-polisle-bagli-paylasimindan-sonra-hebs-olunub\/#primaryimage"},"image":{"@id":"https:\/\/www.meydan.tv\/az\/article\/bloger-polisle-bagli-paylasimindan-sonra-hebs-olunub\/#primaryimage"},"thumbnailUrl":"https:\/\/www.meydan.tv\/wp-content\/uploads\/118468073_1185089281861239_4753882942805396801_n-e1680197748990.jpg","datePublished":"2023-03-30T17:35:57+00:00","dateModified":"2023-03-30T19:28:57+00:00","breadcrumb":{"@id":"https:\/\/www.meydan.tv\/az\/article\/bloger-polisle-bagli-paylasimindan-sonra-hebs-olunub\/#breadcrumb"},"inLanguage":"az","potentialAction":[{"@type":"ReadAction","target":["https:\/\/www.meydan.tv\/az\/article\/bloger-polisle-bagli-paylasimindan-sonra-hebs-olunub\/"]}]},{"@type":"ImageObject","inLanguage":"az","@id":"https:\/\/www.meydan.tv\/az\/article\/bloger-polisle-bagli-paylasimindan-sonra-hebs-olunub\/#primaryimage","url":"https:\/\/www.meydan.tv\/wp-content\/uploads\/118468073_1185089281861239_4753882942805396801_n-e1680197748990.jpg","contentUrl":"https:\/\/www.meydan.tv\/wp-content\/uploads\/118468073_1185089281861239_4753882942805396801_n-e1680197748990.jpg","width":1200,"height":705,"caption":"Foto: Nurlan C\u0259f\u0259rlinin arxivind\u0259n"},{"@type":"BreadcrumbList","@id":"https:\/\/www.meydan.tv\/az\/article\/bloger-polisle-bagli-paylasimindan-sonra-hebs-olunub\/#breadcrumb","itemListElement":[{"@type":"ListItem","position":1,"name":"Ana s\u0259hif\u0259","item":"https:\/\/www.meydan.tv\/az\/"},{"@type":"ListItem","position":2,"name":"Siyas\u0259t","item":"https:\/\/www.meydan.tv\/az\/section\/siyaset\/"},{"@type":"ListItem","position":3,"name":"Bloger polisl\u0259 ba\u011fl\u0131 payla\u015f\u0131m\u0131ndan sonra h\u0259bs olunub (yenil\u0259nib)"}]},{"@type":"WebSite","@id":"https:\/\/www.meydan.tv\/az\/#website","url":"https:\/\/www.meydan.tv\/az\/","name":"MEYDAN.TV","description":"Meydan TV Az\u0259rbaycan\u0131n media m\u0259kan\u0131ndak\u0131 alternativ s\u0259sidir","publisher":{"@id":"https:\/\/www.meydan.tv\/az\/#organization"},"potentialAction":[{"@type":"SearchAction","target":{"@type":"EntryPoint","urlTemplate":"https:\/\/www.meydan.tv\/az\/?s={search_term_string}"},"query-input":{"@type":"PropertyValueSpecification","valueRequired":true,"valueName":"search_term_string"}}],"inLanguage":"az"},{"@type":"Organization","@id":"https:\/\/www.meydan.tv\/az\/#organization","name":"Meydan TV","url":"https:\/\/www.meydan.tv\/az\/","logo":{"@type":"ImageObject","inLanguage":"az","@id":"https:\/\/www.meydan.tv\/az\/#\/schema\/logo\/image\/","url":"https:\/\/www.meydan.tv\/wp-content\/uploads\/2021\/07\/meydan-logo.svg","contentUrl":"https:\/\/www.meydan.tv\/wp-content\/uploads\/2021\/07\/meydan-logo.svg","width":195,"height":46,"caption":"Meydan TV"},"image":{"@id":"https:\/\/www.meydan.tv\/az\/#\/schema\/logo\/image\/"}},{"@type":"Person","@id":"https:\/\/www.meydan.tv\/az\/#\/schema\/person\/9cdbecf90d17180ce1dfbd95b08dcf47","name":"elli","sameAs":["https:\/\/x.com\/elli"]}]}},"_links":{"self":[{"href":"https:\/\/www.meydan.tv\/az\/wp-json\/wp\/v2\/posts\/271800","targetHints":{"allow":["GET"]}}],"collection":[{"href":"https:\/\/www.meydan.tv\/az\/wp-json\/wp\/v2\/posts"}],"about":[{"href":"https:\/\/www.meydan.tv\/az\/wp-json\/wp\/v2\/types\/post"}],"author":[{"embeddable":true,"href":"https:\/\/www.meydan.tv\/az\/wp-json\/wp\/v2\/users\/8"}],"replies":[{"embeddable":true,"href":"https:\/\/www.meydan.tv\/az\/wp-json\/wp\/v2\/comments?post=271800"}],"version-history":[{"count":2,"href":"https:\/\/www.meydan.tv\/az\/wp-json\/wp\/v2\/posts\/271800\/revisions"}],"predecessor-version":[{"id":271821,"href":"https:\/\/www.meydan.tv\/az\/wp-json\/wp\/v2\/posts\/271800\/revisions\/271821"}],"wp:featuredmedia":[{"embeddable":true,"href":"https:\/\/www.meydan.tv\/az\/wp-json\/wp\/v2\/media\/271801"}],"wp:attachment":[{"href":"https:\/\/www.meydan.tv\/az\/wp-json\/wp\/v2\/media?parent=271800"}],"wp:term":[{"taxonomy":"category","embeddable":true,"href":"https:\/\/www.meydan.tv\/az\/wp-json\/wp\/v2\/categories?post=271800"},{"taxonomy":"post_tag","embeddable":true,"href":"https:\/\/www.meydan.tv\/az\/wp-json\/wp\/v2\/tags?post=271800"}],"curies":[{"name":"wp","href":"https:\/\/api.w.org\/{rel}","templated":true}]}}