{"id":271780,"date":"2023-03-30T17:28:36","date_gmt":"2023-03-30T13:28:36","guid":{"rendered":"https:\/\/www.meydan.tv\/?p=271780"},"modified":"2023-03-30T17:28:42","modified_gmt":"2023-03-30T13:28:42","slug":"iranli-is-adami-azerbaycanda-aldadildigini-deyir","status":"publish","type":"post","link":"https:\/\/www.meydan.tv\/az\/article\/iranli-is-adami-azerbaycanda-aldadildigini-deyir\/","title":{"rendered":"<strong>\u0130ranl\u0131 i\u015f adam\u0131 Az\u0259rbaycanda aldad\u0131ld\u0131\u011f\u0131n\u0131 deyir<\/strong>"},"content":{"rendered":"\n<p><\/p>\n\n\n\n<p><strong><em>&#8220;Prezident \u0130lham \u018fliyev\u0259, Nax\u00e7\u0131van r\u0259hb\u0259rliyin\u0259 s\u0259sl\u0259nir\u0259m: m\u0259ni e\u015fidin&#8221;<\/em><\/strong><\/p>\n\n\n\n<p>\u0130ranl\u0131 i\u015f adam\u0131 C\u0259f\u0259r Pourassad Nax\u00e7\u0131van Ya\u015f\u0131lla\u015fd\u0131rma Xidm\u0259tinin direktoru S\u0259yah\u0259ddin \u0130manovun onu aldatd\u0131\u011f\u0131n\u0131 iddia edir.<\/p>\n\n\n\n<p>O, Meydan TV-y\u0259 deyir ki, 2022-ci ild\u0259 T\u0259brizd\u0259 Nax\u00e7\u0131van Ya\u015f\u0131lla\u015fd\u0131rma Xidm\u0259tinin \u0259m\u0259kda\u015f\u0131 Natiq H\u00fcseynovla g\u00f6r\u00fc\u015f\u00fcb.<\/p>\n\n\n\n<p>\u0130\u015f adam\u0131 bildirir ki, Natiq H\u00fcseynov ondan \u00fcmumi d\u0259y\u0259ri 61140 dollarl\u0131q &#8211; 103 min 938 manatl\u0131q \u2013 m\u00fcxt\u0259lif n\u00f6v dekorativ v\u0259 meyv\u0259 a\u011faclar\u0131 al\u0131b.<\/p>\n\n\n\n<p>Ya\u015f\u0131ll\u0131q Xidm\u0259tinin \u0259m\u0259kda\u015f\u0131 ilkin olaraq C\u0259f\u0259r Pourassada 32 min manat \u00f6d\u0259yib: <\/p>\n\n\n\n<p><em>\u201cYa\u015f\u0131ll\u0131q Xidm\u0259tinin direktoru m\u0259n\u0259 dedi ki, 73 min manat\u0131 d\u00f6vl\u0259td\u0259n pul ayr\u0131lan kimi \u00f6d\u0259y\u0259c\u0259yik. S\u0259n mallar\u0131 \u0130randan vur, g\u0259lsin. \u00dcz\u0259rind\u0259n bir ild\u0259n \u00e7ox vaxt ke\u00e7ib, pullar\u0131m\u0131 onlardan ala bilmir\u0259m\u201d.<\/em><\/p>\n\n\n\n<p>\u015eikay\u0259t\u00e7i deyir ki, d\u00f6vl\u0259t qurumu oldu\u011fu \u00fc\u00e7\u00fcn onlara etimad edib, ona g\u00f6r\u0259 d\u0259 aldad\u0131laca\u011f\u0131 a\u011fl\u0131na g\u0259lm\u0259yib.<\/p>\n\n\n\n<p><em>\u201cM\u0259n\u0259 dedil\u0259r ki, a\u011faclar Nax\u00e7\u0131vanda Z\u0259f\u0259r Abid\u0259si park\u0131n\u0131n sal\u0131nmas\u0131 \u00fc\u00e7\u00fcn al\u0131n\u0131r. Park\u0131n a\u00e7\u0131l\u0131\u015f\u0131ndan art\u0131q bir ild\u0259n \u00e7ox vaxt ke\u00e7ib, h\u0259l\u0259 d\u0259 pulumu vermirl\u0259r. Siravi v\u0259t\u0259nda\u015flar olsayd\u0131lar, bel\u0259 b\u00f6y\u00fck m\u0259bl\u0259\u011fd\u0259 mal\u0131 onlara verm\u0259zdim. \u00dcst\u0259lik, Ya\u015f\u0131lla\u015fd\u0131rma Xidm\u0259tinin direktoru m\u0259ni \u0259min etdi ki, pullar\u0131n ham\u0131s\u0131 \u00f6d\u0259nil\u0259c\u0259k. Bunlar d\u00f6vl\u0259t idar\u0259sinin ad\u0131ndan istifad\u0259 etdil\u0259r\u201d.<\/em><\/p>\n\n\n\n<figure class=\"wp-block-image size-large is-resized\"><img decoding=\"async\" data-src=\"https:\/\/www.meydan.tv\/wp-content\/uploads\/img-20230329-wa0002-462x821.jpg\" alt=\"\" class=\"wp-image-271784 lazyload\" width=\"799\" height=\"1420\" src=\"data:image\/svg+xml;base64,PHN2ZyB3aWR0aD0iMSIgaGVpZ2h0PSIxIiB4bWxucz0iaHR0cDovL3d3dy53My5vcmcvMjAwMC9zdmciPjwvc3ZnPg==\" style=\"--smush-placeholder-width: 799px; --smush-placeholder-aspect-ratio: 799\/1420;\" \/><\/figure>\n\n\n\n<p>C\u0259f\u0259r Pourassad ba\u015f ver\u0259nl\u0259ri \u00f6z\u00fcn\u0259 qar\u015f\u0131 iqtisadi terror hesab edir.<\/p>\n\n\n\n<p>O deyir ki, m\u0259s\u0259l\u0259 il\u0259 ba\u011fl\u0131 m\u00fcraci\u0259t etm\u0259diyi d\u00f6vl\u0259t qurumu, h\u00fcquq-m\u00fchafiz\u0259 oraqan\u0131 qalmay\u0131b. Bununla bel\u0259, \u015fikay\u0259tin\u0259 bax\u0131lm\u0131r: <\/p>\n\n\n\n<p><em>\u201cM\u0259n\u0259 qar\u015f\u0131 iqtisadi terror et, ya da g\u00fcll\u0259 il\u0259 vur, he\u00e7 bir f\u0259rqi yoxdur. M\u0259n d\u0259rdimi kim\u0259 deyim? \u015eikay\u0259tim\u0259 baxan yoxdur. \u0130randan Nax\u00e7\u0131vana yeddi ma\u015f\u0131n mal g\u00f6nd\u0259rmi\u015f\u0259m. Ham\u0131s\u0131n\u0131n da s\u0259n\u0259dl\u0259ri \u0259limd\u0259dir. G\u00f6mr\u00fckd\u0259n ke\u00e7m\u0259 s\u0259n\u0259dl\u0259ri, mallar hans\u0131 ma\u015f\u0131na y\u00fckl\u0259nib, ham\u0131s\u0131 il\u0259 \u0259laq\u0259dar \u0259limd\u0259 s\u00fcbutlar var. H\u0259tta Ya\u015f\u0131lla\u015fd\u0131rma Xidm\u0259tinin direktorunun s\u0259s yaz\u0131s\u0131 da var. Deyir ki, mal\u0131 g\u00f6nd\u0259rin, siz\u0259 pul g\u00f6nd\u0259r\u0259c\u0259yik. He\u00e7 kim bunlarla bacara bilmir. Hara gedir\u0259m, h\u0259min adam\u0131n bir z\u0259ngi il\u0259 i\u015f dayan\u0131r, ara\u015fd\u0131r\u0131lm\u0131r. Nax\u00e7\u0131vanda ham\u0131 bir-birind\u0259n qorxur. M\u0259n\u0259 deyir ki, get, hara, kim\u0259 \u015fikay\u0259t edirs\u0259n et, qorxmuram. Deyir ki, n\u0259 edirs\u0259n et, pulunu verm\u0259y\u0259c\u0259y\u0259m. Prezident \u0130lham \u018fliyev\u0259, Nax\u00e7\u0131van r\u0259hb\u0259rliyin\u0259 s\u0259sl\u0259nir\u0259m, m\u0259ni e\u015fidin\u201d.<\/em><\/p>\n\n\n\n<figure class=\"wp-block-image size-large is-resized\"><img decoding=\"async\" data-src=\"https:\/\/www.meydan.tv\/wp-content\/uploads\/img-20230329-wa0004-462x821.jpg\" alt=\"\" class=\"wp-image-271781 lazyload\" width=\"800\" height=\"1422\" src=\"data:image\/svg+xml;base64,PHN2ZyB3aWR0aD0iMSIgaGVpZ2h0PSIxIiB4bWxucz0iaHR0cDovL3d3dy53My5vcmcvMjAwMC9zdmciPjwvc3ZnPg==\" style=\"--smush-placeholder-width: 800px; --smush-placeholder-aspect-ratio: 800\/1422;\" \/><\/figure>\n\n\n\n<p>Nax\u00e7\u0131van Ya\u015f\u0131lla\u015fd\u0131rma Xidm\u0259tinin direktoru S\u0259yah\u0259ddin \u0130manov Meydan TV-y\u0259 bildirib ki, i\u015f adam\u0131 C\u0259f\u0259r Pourassad il\u0259 aralar\u0131nda he\u00e7 bir m\u00fcqavil\u0259 ba\u011flanmay\u0131b:<\/p>\n\n\n\n<p>\u201c<em>Biz m\u00fcqavil\u0259ni Nax\u00e7\u0131vandan olan Hikm\u0259t \u018fliyevl\u0259 ba\u011flam\u0131\u015f\u0131q. \u0130ranl\u0131 mallar\u0131n\u0131 da h\u0259min Hikm\u0259t \u018fliyev\u0259 verib. Natiq H\u00fcseynov idar\u0259mizin i\u015f\u00e7isidir v\u0259 Hikm\u0259t \u018fliyevl\u0259 yax\u0131nd\u0131r. Hikm\u0259t \u018fliyevl\u0259 m\u00fcqavil\u0259miz olub. Mallar\u0131 ondan alm\u0131\u015f\u0131q v\u0259 ham\u0131s\u0131n\u0131n pulunu q\u0259piyin\u0259 q\u0259d\u0259r \u00f6d\u0259mi\u015fik. Elektron qaim\u0259 verilib, yoxlan\u0131la bil\u0259r. M\u0259nim m\u0259s\u0259l\u0259y\u0259 he\u00e7 bir aidiyy\u0259tim yoxdur. Hikm\u0259t \u018fliyev iranl\u0131ya pulun bir hiss\u0259sni verm\u0259yib. Bundan x\u0259b\u0259rsiz olmu\u015fam. Bils\u0259m, Hikm\u0259t \u018fliyev\u0259 t\u0259sir ed\u0259rdim ki, camaat\u0131n\u0131 pulun versin. Hikm\u0259t \u018fliyev haz\u0131rda h\u0259bsd\u0259dir. \u0130ranl\u0131ya borclu oldu\u011funu da inkar etmir. Deyir ki, qaytaraca\u011fam\u201d.<\/em><\/p>\n","protected":false},"excerpt":{"rendered":"<p>&#8220;Prezident \u0130lham \u018fliyev\u0259, Nax\u00e7\u0131van r\u0259hb\u0259rliyin\u0259 s\u0259sl\u0259nir\u0259m: m\u0259ni e\u015fidin&#8221; \u0130ranl\u0131 i\u015f &#8230; <\/p>\n<p class=\"read-more-container\"><a title=\"\u0130ranl\u0131 i\u015f adam\u0131 Az\u0259rbaycanda aldad\u0131ld\u0131\u011f\u0131n\u0131 deyir\" class=\"read-more button\" href=\"https:\/\/www.meydan.tv\/az\/article\/iranli-is-adami-azerbaycanda-aldadildigini-deyir\/#more-271780\" aria-label=\"Read more about \u0130ranl\u0131 i\u015f adam\u0131 Az\u0259rbaycanda aldad\u0131ld\u0131\u011f\u0131n\u0131 deyir\">Davam\u0131<\/a><\/p>\n","protected":false},"author":8,"featured_media":271761,"comment_status":"closed","ping_status":"closed","sticky":false,"template":"","format":"standard","meta":{"_acf_changed":false,"_sitemap_exclude":false,"_sitemap_priority":"","_sitemap_frequency":"","footnotes":""},"categories":[60,56],"tags":[],"class_list":["post-271780","post","type-post","status-publish","format-standard","has-post-thumbnail","hentry","category-bolge","category-xeberler","infinite-scroll-item","generate-columns","tablet-grid-50","mobile-grid-100","grid-parent","grid-33","no-featured-image-padding"],"acf":[],"yoast_head":"<!-- This site is optimized with the Yoast SEO plugin v27.5 - https:\/\/yoast.com\/product\/yoast-seo-wordpress\/ -->\n<title>\u0130ranl\u0131 i\u015f adam\u0131 Az\u0259rbaycanda aldad\u0131ld\u0131\u011f\u0131n\u0131 deyir - MEYDAN.TV<\/title>\n<meta name=\"robots\" content=\"index, follow, max-snippet:-1, max-image-preview:large, max-video-preview:-1\" \/>\n<link rel=\"canonical\" href=\"https:\/\/www.meydan.tv\/az\/article\/iranli-is-adami-azerbaycanda-aldadildigini-deyir\/\" \/>\n<meta property=\"og:locale\" content=\"az_AZ\" \/>\n<meta property=\"og:type\" content=\"article\" \/>\n<meta property=\"og:title\" content=\"\u0130ranl\u0131 i\u015f adam\u0131 Az\u0259rbaycanda aldad\u0131ld\u0131\u011f\u0131n\u0131 deyir - MEYDAN.TV\" \/>\n<meta property=\"og:description\" content=\"&#8220;Prezident \u0130lham \u018fliyev\u0259, Nax\u00e7\u0131van r\u0259hb\u0259rliyin\u0259 s\u0259sl\u0259nir\u0259m: m\u0259ni e\u015fidin&#8221; \u0130ranl\u0131 i\u015f ... Davam\u0131\" \/>\n<meta property=\"og:url\" content=\"https:\/\/www.meydan.tv\/az\/article\/iranli-is-adami-azerbaycanda-aldadildigini-deyir\/\" \/>\n<meta property=\"og:site_name\" content=\"MEYDAN.TV\" \/>\n<meta property=\"article:published_time\" content=\"2023-03-30T13:28:36+00:00\" \/>\n<meta property=\"article:modified_time\" content=\"2023-03-30T13:28:42+00:00\" \/>\n<meta property=\"og:image\" content=\"https:\/\/www.meydan.tv\/wp-content\/uploads\/untitled-design-110.jpg\" \/>\n\t<meta property=\"og:image:width\" content=\"1200\" \/>\n\t<meta property=\"og:image:height\" content=\"800\" \/>\n\t<meta property=\"og:image:type\" content=\"image\/jpeg\" \/>\n<meta name=\"author\" content=\"elli\" \/>\n<meta name=\"twitter:card\" content=\"summary_large_image\" \/>\n<meta name=\"twitter:creator\" content=\"@elli\" \/>\n<script type=\"application\/ld+json\" class=\"yoast-schema-graph\">{\"@context\":\"https:\\\/\\\/schema.org\",\"@graph\":[{\"@type\":\"Article\",\"@id\":\"https:\\\/\\\/www.meydan.tv\\\/az\\\/article\\\/iranli-is-adami-azerbaycanda-aldadildigini-deyir\\\/#article\",\"isPartOf\":{\"@id\":\"https:\\\/\\\/www.meydan.tv\\\/az\\\/article\\\/iranli-is-adami-azerbaycanda-aldadildigini-deyir\\\/\"},\"author\":{\"name\":\"elli\",\"@id\":\"https:\\\/\\\/www.meydan.tv\\\/az\\\/#\\\/schema\\\/person\\\/9cdbecf90d17180ce1dfbd95b08dcf47\"},\"headline\":\"\u0130ranl\u0131 i\u015f adam\u0131 Az\u0259rbaycanda aldad\u0131ld\u0131\u011f\u0131n\u0131 deyir\",\"datePublished\":\"2023-03-30T13:28:36+00:00\",\"dateModified\":\"2023-03-30T13:28:42+00:00\",\"mainEntityOfPage\":{\"@id\":\"https:\\\/\\\/www.meydan.tv\\\/az\\\/article\\\/iranli-is-adami-azerbaycanda-aldadildigini-deyir\\\/\"},\"wordCount\":673,\"publisher\":{\"@id\":\"https:\\\/\\\/www.meydan.tv\\\/az\\\/#organization\"},\"image\":{\"@id\":\"https:\\\/\\\/www.meydan.tv\\\/az\\\/article\\\/iranli-is-adami-azerbaycanda-aldadildigini-deyir\\\/#primaryimage\"},\"thumbnailUrl\":\"https:\\\/\\\/www.meydan.tv\\\/wp-content\\\/uploads\\\/untitled-design-110.jpg\",\"articleSection\":[\"B\u00f6lg\u0259\",\"X\u0259b\u0259rl\u0259r\"],\"inLanguage\":\"az\"},{\"@type\":\"WebPage\",\"@id\":\"https:\\\/\\\/www.meydan.tv\\\/az\\\/article\\\/iranli-is-adami-azerbaycanda-aldadildigini-deyir\\\/\",\"url\":\"https:\\\/\\\/www.meydan.tv\\\/az\\\/article\\\/iranli-is-adami-azerbaycanda-aldadildigini-deyir\\\/\",\"name\":\"\u0130ranl\u0131 i\u015f adam\u0131 Az\u0259rbaycanda aldad\u0131ld\u0131\u011f\u0131n\u0131 deyir - MEYDAN.TV\",\"isPartOf\":{\"@id\":\"https:\\\/\\\/www.meydan.tv\\\/az\\\/#website\"},\"primaryImageOfPage\":{\"@id\":\"https:\\\/\\\/www.meydan.tv\\\/az\\\/article\\\/iranli-is-adami-azerbaycanda-aldadildigini-deyir\\\/#primaryimage\"},\"image\":{\"@id\":\"https:\\\/\\\/www.meydan.tv\\\/az\\\/article\\\/iranli-is-adami-azerbaycanda-aldadildigini-deyir\\\/#primaryimage\"},\"thumbnailUrl\":\"https:\\\/\\\/www.meydan.tv\\\/wp-content\\\/uploads\\\/untitled-design-110.jpg\",\"datePublished\":\"2023-03-30T13:28:36+00:00\",\"dateModified\":\"2023-03-30T13:28:42+00:00\",\"breadcrumb\":{\"@id\":\"https:\\\/\\\/www.meydan.tv\\\/az\\\/article\\\/iranli-is-adami-azerbaycanda-aldadildigini-deyir\\\/#breadcrumb\"},\"inLanguage\":\"az\",\"potentialAction\":[{\"@type\":\"ReadAction\",\"target\":[\"https:\\\/\\\/www.meydan.tv\\\/az\\\/article\\\/iranli-is-adami-azerbaycanda-aldadildigini-deyir\\\/\"]}]},{\"@type\":\"ImageObject\",\"inLanguage\":\"az\",\"@id\":\"https:\\\/\\\/www.meydan.tv\\\/az\\\/article\\\/iranli-is-adami-azerbaycanda-aldadildigini-deyir\\\/#primaryimage\",\"url\":\"https:\\\/\\\/www.meydan.tv\\\/wp-content\\\/uploads\\\/untitled-design-110.jpg\",\"contentUrl\":\"https:\\\/\\\/www.meydan.tv\\\/wp-content\\\/uploads\\\/untitled-design-110.jpg\",\"width\":1200,\"height\":800,\"caption\":\"C\u0259f\u0259r Pourassad. Fotolar: Meydan TV\"},{\"@type\":\"BreadcrumbList\",\"@id\":\"https:\\\/\\\/www.meydan.tv\\\/az\\\/article\\\/iranli-is-adami-azerbaycanda-aldadildigini-deyir\\\/#breadcrumb\",\"itemListElement\":[{\"@type\":\"ListItem\",\"position\":1,\"name\":\"Ana s\u0259hif\u0259\",\"item\":\"https:\\\/\\\/www.meydan.tv\\\/az\\\/\"},{\"@type\":\"ListItem\",\"position\":2,\"name\":\"B\u00f6lg\u0259\",\"item\":\"https:\\\/\\\/www.meydan.tv\\\/az\\\/section\\\/bolge\\\/\"},{\"@type\":\"ListItem\",\"position\":3,\"name\":\"\u0130ranl\u0131 i\u015f adam\u0131 Az\u0259rbaycanda aldad\u0131ld\u0131\u011f\u0131n\u0131 deyir\"}]},{\"@type\":\"WebSite\",\"@id\":\"https:\\\/\\\/www.meydan.tv\\\/az\\\/#website\",\"url\":\"https:\\\/\\\/www.meydan.tv\\\/az\\\/\",\"name\":\"MEYDAN.TV\",\"description\":\"Meydan TV Az\u0259rbaycan\u0131n media m\u0259kan\u0131ndak\u0131 alternativ s\u0259sidir\",\"publisher\":{\"@id\":\"https:\\\/\\\/www.meydan.tv\\\/az\\\/#organization\"},\"potentialAction\":[{\"@type\":\"SearchAction\",\"target\":{\"@type\":\"EntryPoint\",\"urlTemplate\":\"https:\\\/\\\/www.meydan.tv\\\/az\\\/?s={search_term_string}\"},\"query-input\":{\"@type\":\"PropertyValueSpecification\",\"valueRequired\":true,\"valueName\":\"search_term_string\"}}],\"inLanguage\":\"az\"},{\"@type\":\"Organization\",\"@id\":\"https:\\\/\\\/www.meydan.tv\\\/az\\\/#organization\",\"name\":\"Meydan TV\",\"url\":\"https:\\\/\\\/www.meydan.tv\\\/az\\\/\",\"logo\":{\"@type\":\"ImageObject\",\"inLanguage\":\"az\",\"@id\":\"https:\\\/\\\/www.meydan.tv\\\/az\\\/#\\\/schema\\\/logo\\\/image\\\/\",\"url\":\"https:\\\/\\\/www.meydan.tv\\\/wp-content\\\/uploads\\\/2021\\\/07\\\/meydan-logo.svg\",\"contentUrl\":\"https:\\\/\\\/www.meydan.tv\\\/wp-content\\\/uploads\\\/2021\\\/07\\\/meydan-logo.svg\",\"width\":195,\"height\":46,\"caption\":\"Meydan TV\"},\"image\":{\"@id\":\"https:\\\/\\\/www.meydan.tv\\\/az\\\/#\\\/schema\\\/logo\\\/image\\\/\"}},{\"@type\":\"Person\",\"@id\":\"https:\\\/\\\/www.meydan.tv\\\/az\\\/#\\\/schema\\\/person\\\/9cdbecf90d17180ce1dfbd95b08dcf47\",\"name\":\"elli\",\"sameAs\":[\"https:\\\/\\\/x.com\\\/elli\"]}]}<\/script>\n<!-- \/ Yoast SEO plugin. -->","yoast_head_json":{"title":"\u0130ranl\u0131 i\u015f adam\u0131 Az\u0259rbaycanda aldad\u0131ld\u0131\u011f\u0131n\u0131 deyir - MEYDAN.TV","robots":{"index":"index","follow":"follow","max-snippet":"max-snippet:-1","max-image-preview":"max-image-preview:large","max-video-preview":"max-video-preview:-1"},"canonical":"https:\/\/www.meydan.tv\/az\/article\/iranli-is-adami-azerbaycanda-aldadildigini-deyir\/","og_locale":"az_AZ","og_type":"article","og_title":"\u0130ranl\u0131 i\u015f adam\u0131 Az\u0259rbaycanda aldad\u0131ld\u0131\u011f\u0131n\u0131 deyir - MEYDAN.TV","og_description":"&#8220;Prezident \u0130lham \u018fliyev\u0259, Nax\u00e7\u0131van r\u0259hb\u0259rliyin\u0259 s\u0259sl\u0259nir\u0259m: m\u0259ni e\u015fidin&#8221; \u0130ranl\u0131 i\u015f ... Davam\u0131","og_url":"https:\/\/www.meydan.tv\/az\/article\/iranli-is-adami-azerbaycanda-aldadildigini-deyir\/","og_site_name":"MEYDAN.TV","article_published_time":"2023-03-30T13:28:36+00:00","article_modified_time":"2023-03-30T13:28:42+00:00","og_image":[{"width":1200,"height":800,"url":"https:\/\/www.meydan.tv\/wp-content\/uploads\/untitled-design-110.jpg","type":"image\/jpeg"}],"author":"elli","twitter_card":"summary_large_image","twitter_creator":"@elli","schema":{"@context":"https:\/\/schema.org","@graph":[{"@type":"Article","@id":"https:\/\/www.meydan.tv\/az\/article\/iranli-is-adami-azerbaycanda-aldadildigini-deyir\/#article","isPartOf":{"@id":"https:\/\/www.meydan.tv\/az\/article\/iranli-is-adami-azerbaycanda-aldadildigini-deyir\/"},"author":{"name":"elli","@id":"https:\/\/www.meydan.tv\/az\/#\/schema\/person\/9cdbecf90d17180ce1dfbd95b08dcf47"},"headline":"\u0130ranl\u0131 i\u015f adam\u0131 Az\u0259rbaycanda aldad\u0131ld\u0131\u011f\u0131n\u0131 deyir","datePublished":"2023-03-30T13:28:36+00:00","dateModified":"2023-03-30T13:28:42+00:00","mainEntityOfPage":{"@id":"https:\/\/www.meydan.tv\/az\/article\/iranli-is-adami-azerbaycanda-aldadildigini-deyir\/"},"wordCount":673,"publisher":{"@id":"https:\/\/www.meydan.tv\/az\/#organization"},"image":{"@id":"https:\/\/www.meydan.tv\/az\/article\/iranli-is-adami-azerbaycanda-aldadildigini-deyir\/#primaryimage"},"thumbnailUrl":"https:\/\/www.meydan.tv\/wp-content\/uploads\/untitled-design-110.jpg","articleSection":["B\u00f6lg\u0259","X\u0259b\u0259rl\u0259r"],"inLanguage":"az"},{"@type":"WebPage","@id":"https:\/\/www.meydan.tv\/az\/article\/iranli-is-adami-azerbaycanda-aldadildigini-deyir\/","url":"https:\/\/www.meydan.tv\/az\/article\/iranli-is-adami-azerbaycanda-aldadildigini-deyir\/","name":"\u0130ranl\u0131 i\u015f adam\u0131 Az\u0259rbaycanda aldad\u0131ld\u0131\u011f\u0131n\u0131 deyir - MEYDAN.TV","isPartOf":{"@id":"https:\/\/www.meydan.tv\/az\/#website"},"primaryImageOfPage":{"@id":"https:\/\/www.meydan.tv\/az\/article\/iranli-is-adami-azerbaycanda-aldadildigini-deyir\/#primaryimage"},"image":{"@id":"https:\/\/www.meydan.tv\/az\/article\/iranli-is-adami-azerbaycanda-aldadildigini-deyir\/#primaryimage"},"thumbnailUrl":"https:\/\/www.meydan.tv\/wp-content\/uploads\/untitled-design-110.jpg","datePublished":"2023-03-30T13:28:36+00:00","dateModified":"2023-03-30T13:28:42+00:00","breadcrumb":{"@id":"https:\/\/www.meydan.tv\/az\/article\/iranli-is-adami-azerbaycanda-aldadildigini-deyir\/#breadcrumb"},"inLanguage":"az","potentialAction":[{"@type":"ReadAction","target":["https:\/\/www.meydan.tv\/az\/article\/iranli-is-adami-azerbaycanda-aldadildigini-deyir\/"]}]},{"@type":"ImageObject","inLanguage":"az","@id":"https:\/\/www.meydan.tv\/az\/article\/iranli-is-adami-azerbaycanda-aldadildigini-deyir\/#primaryimage","url":"https:\/\/www.meydan.tv\/wp-content\/uploads\/untitled-design-110.jpg","contentUrl":"https:\/\/www.meydan.tv\/wp-content\/uploads\/untitled-design-110.jpg","width":1200,"height":800,"caption":"C\u0259f\u0259r Pourassad. Fotolar: Meydan TV"},{"@type":"BreadcrumbList","@id":"https:\/\/www.meydan.tv\/az\/article\/iranli-is-adami-azerbaycanda-aldadildigini-deyir\/#breadcrumb","itemListElement":[{"@type":"ListItem","position":1,"name":"Ana s\u0259hif\u0259","item":"https:\/\/www.meydan.tv\/az\/"},{"@type":"ListItem","position":2,"name":"B\u00f6lg\u0259","item":"https:\/\/www.meydan.tv\/az\/section\/bolge\/"},{"@type":"ListItem","position":3,"name":"\u0130ranl\u0131 i\u015f adam\u0131 Az\u0259rbaycanda aldad\u0131ld\u0131\u011f\u0131n\u0131 deyir"}]},{"@type":"WebSite","@id":"https:\/\/www.meydan.tv\/az\/#website","url":"https:\/\/www.meydan.tv\/az\/","name":"MEYDAN.TV","description":"Meydan TV Az\u0259rbaycan\u0131n media m\u0259kan\u0131ndak\u0131 alternativ s\u0259sidir","publisher":{"@id":"https:\/\/www.meydan.tv\/az\/#organization"},"potentialAction":[{"@type":"SearchAction","target":{"@type":"EntryPoint","urlTemplate":"https:\/\/www.meydan.tv\/az\/?s={search_term_string}"},"query-input":{"@type":"PropertyValueSpecification","valueRequired":true,"valueName":"search_term_string"}}],"inLanguage":"az"},{"@type":"Organization","@id":"https:\/\/www.meydan.tv\/az\/#organization","name":"Meydan TV","url":"https:\/\/www.meydan.tv\/az\/","logo":{"@type":"ImageObject","inLanguage":"az","@id":"https:\/\/www.meydan.tv\/az\/#\/schema\/logo\/image\/","url":"https:\/\/www.meydan.tv\/wp-content\/uploads\/2021\/07\/meydan-logo.svg","contentUrl":"https:\/\/www.meydan.tv\/wp-content\/uploads\/2021\/07\/meydan-logo.svg","width":195,"height":46,"caption":"Meydan TV"},"image":{"@id":"https:\/\/www.meydan.tv\/az\/#\/schema\/logo\/image\/"}},{"@type":"Person","@id":"https:\/\/www.meydan.tv\/az\/#\/schema\/person\/9cdbecf90d17180ce1dfbd95b08dcf47","name":"elli","sameAs":["https:\/\/x.com\/elli"]}]}},"_links":{"self":[{"href":"https:\/\/www.meydan.tv\/az\/wp-json\/wp\/v2\/posts\/271780","targetHints":{"allow":["GET"]}}],"collection":[{"href":"https:\/\/www.meydan.tv\/az\/wp-json\/wp\/v2\/posts"}],"about":[{"href":"https:\/\/www.meydan.tv\/az\/wp-json\/wp\/v2\/types\/post"}],"author":[{"embeddable":true,"href":"https:\/\/www.meydan.tv\/az\/wp-json\/wp\/v2\/users\/8"}],"replies":[{"embeddable":true,"href":"https:\/\/www.meydan.tv\/az\/wp-json\/wp\/v2\/comments?post=271780"}],"version-history":[{"count":2,"href":"https:\/\/www.meydan.tv\/az\/wp-json\/wp\/v2\/posts\/271780\/revisions"}],"predecessor-version":[{"id":271791,"href":"https:\/\/www.meydan.tv\/az\/wp-json\/wp\/v2\/posts\/271780\/revisions\/271791"}],"wp:featuredmedia":[{"embeddable":true,"href":"https:\/\/www.meydan.tv\/az\/wp-json\/wp\/v2\/media\/271761"}],"wp:attachment":[{"href":"https:\/\/www.meydan.tv\/az\/wp-json\/wp\/v2\/media?parent=271780"}],"wp:term":[{"taxonomy":"category","embeddable":true,"href":"https:\/\/www.meydan.tv\/az\/wp-json\/wp\/v2\/categories?post=271780"},{"taxonomy":"post_tag","embeddable":true,"href":"https:\/\/www.meydan.tv\/az\/wp-json\/wp\/v2\/tags?post=271780"}],"curies":[{"name":"wp","href":"https:\/\/api.w.org\/{rel}","templated":true}]}}